{"id":53868,"date":"2024-09-03T14:57:59","date_gmt":"2024-09-03T17:57:59","guid":{"rendered":"https:\/\/jornalfatosenoticias.com.br\/?p=53868"},"modified":"2024-09-03T14:58:43","modified_gmt":"2024-09-03T17:58:43","slug":"lula-participara-de-eleicao-em-cidades-contra-extrema-direita-pervertida-diz-ministro","status":"publish","type":"post","link":"https:\/\/jornalfatosenoticias.com.br\/index.php\/2024\/09\/03\/lula-participara-de-eleicao-em-cidades-contra-extrema-direita-pervertida-diz-ministro\/","title":{"rendered":"Lula participar\u00e1 de elei\u00e7\u00e3o em cidades contra \u201cextrema-direita pervertida\u201d, diz ministro"},"content":{"rendered":"\n<p><em><span class=\"has-inline-color has-black-color\">Alexandre Padilha diz que Lula ter\u00e1 participa\u00e7\u00e3o intensa em cidades com frente ampla do PT<\/span><\/em><\/p>\n\n\n\n<p><span class=\"has-inline-color has-black-color\">Por <strong><a href=\"https:\/\/www.gazetadopovo.com.br\/autor\/guilherme-grandi\/\">Guilherme Grandi<\/a><\/strong><\/span><\/p>\n\n\n\n<div class=\"wp-block-image\"><figure class=\"aligncenter size-large\"><a href=\"https:\/\/mizu.com.br\/\"><img loading=\"lazy\" decoding=\"async\" width=\"729\" height=\"90\" src=\"https:\/\/jornalfatosenoticias.com.br\/wp-content\/uploads\/2020\/02\/Logo_Mizu.png\" alt=\"\" class=\"wp-image-1441\" srcset=\"https:\/\/jornalfatosenoticias.com.br\/wp-content\/uploads\/2020\/02\/Logo_Mizu.png 729w, https:\/\/jornalfatosenoticias.com.br\/wp-content\/uploads\/2020\/02\/Logo_Mizu-300x37.png 300w\" sizes=\"auto, (max-width: 729px) 100vw, 729px\" \/><\/a><\/figure><\/div>\n\n\n\n<p>O ministro Alexandre Padilha, das Rela\u00e7\u00f5es Institucionais, afirmou que Luiz In\u00e1cio Lula da Silva (PT) n\u00e3o ter\u00e1 uma grande atua\u00e7\u00e3o nas elei\u00e7\u00f5es municipais deste ano como um todo, exceto em cidades que a frente ampla aliada ao PT disputar\u00e1 prefeituras contra \u201c\u00edcones da extrema-direita pervertida\u201d.<br>Lula j\u00e1 havia adiantado na semana passada que n\u00e3o ter\u00e1 como se envolver profundamente nos pleitos municipais por conta dos lan\u00e7amentos de programas que precisa fazer pelos pr\u00f3ximos 40 dias e a viagem para participar da Assembleia Geral da Organiza\u00e7\u00e3o das Na\u00e7\u00f5es Unidas (ONU) em Nova York, nos Estados Unidos, na segunda quinzena de setembro.<\/p>\n\n\n\n<div class=\"wp-block-image\"><figure class=\"aligncenter size-large is-resized\"><a href=\"https:\/\/www.controlsystems.com.br\/\"><img loading=\"lazy\" decoding=\"async\" src=\"https:\/\/jornalfatosenoticias.com.br\/wp-content\/uploads\/2020\/02\/CONTROL-CS.jpg\" alt=\"\" class=\"wp-image-44991\" width=\"265\" height=\"317\" srcset=\"https:\/\/jornalfatosenoticias.com.br\/wp-content\/uploads\/2020\/02\/CONTROL-CS.jpg 834w, https:\/\/jornalfatosenoticias.com.br\/wp-content\/uploads\/2020\/02\/CONTROL-CS-250x300.jpg 250w, https:\/\/jornalfatosenoticias.com.br\/wp-content\/uploads\/2020\/02\/CONTROL-CS-768x921.jpg 768w\" sizes=\"auto, (max-width: 265px) 100vw, 265px\" \/><\/a><\/figure><\/div>\n\n\n\n<p>\u201cVai ter uma participa\u00e7\u00e3o mais intensa nessas cidades onde t\u00eam frentes amplas que v\u00e3o derrotar \u00edcones da extrema-direita pervertida\u201d, disse o ministro em entrevista \u00e0 Folha de S. Paulo publicada na segunda (2). Alexandre Padilha diz que Lula seguir\u00e1 governando o pa\u00eds neste per\u00edodo pr\u00e9-eleitoral, mas que j\u00e1 falou com l\u00edderes de v\u00e1rios partidos e que \u201cvai gravar para v\u00e1rios candidatos do PT ou que o PT apoia\u201d.<\/p>\n\n\n\n<div class=\"wp-block-image\"><figure class=\"aligncenter size-large\"><a href=\"http:\/\/www.ferrarimaquinas.com.br\/\"><img loading=\"lazy\" decoding=\"async\" width=\"300\" height=\"250\" src=\"https:\/\/jornalfatosenoticias.com.br\/wp-content\/uploads\/2022\/02\/FERRARI_MAQUINAS-E-FERRAMENTAS2.jpg\" alt=\"\" class=\"wp-image-27860\"\/><\/a><\/figure><\/div>\n\n\n\n<p>Ele, o entanto, evitou comentar quais candidatos considera como de \u201cextrema-direita pervertida\u201d. Apenas citou uma desconfian\u00e7a sobre Pablo Mar\u00e7al (PRTB), em S\u00e3o Paulo, como um \u201ccavalo de Troia\u201d que \u201cse apresenta como candidato coach e, na verdade, pode ser o candidato amigo dos criminosos\u201d.<\/p>\n\n\n\n<div class=\"wp-block-image\"><figure class=\"aligncenter size-large is-resized\"><a href=\"https:\/\/panper.com.br\/\"><img loading=\"lazy\" decoding=\"async\" src=\"https:\/\/jornalfatosenoticias.com.br\/wp-content\/uploads\/2023\/03\/logo-Panper_portal.jpg\" alt=\"\" class=\"wp-image-40208\" width=\"308\" height=\"213\" srcset=\"https:\/\/jornalfatosenoticias.com.br\/wp-content\/uploads\/2023\/03\/logo-Panper_portal.jpg 400w, https:\/\/jornalfatosenoticias.com.br\/wp-content\/uploads\/2023\/03\/logo-Panper_portal-300x208.jpg 300w\" sizes=\"auto, (max-width: 308px) 100vw, 308px\" \/><\/a><\/figure><\/div>\n\n\n\n<p><em>\u201cA campanha vai come\u00e7ar agora. Estamos muito felizes \u00e9 com a lideran\u00e7a do Guilherme Boulos [PSOL]. Estamos felizes com a lideran\u00e7a que ele est\u00e1 expressando nas pesquisas e na cidade e com os acertos que ele vem fazendo na campanha\u201d, pontuou.<\/em><\/p>\n\n\n\n<div class=\"wp-block-image\"><figure class=\"aligncenter size-large\"><a href=\"https:\/\/cesconetto.com.br\/\"><img loading=\"lazy\" decoding=\"async\" width=\"300\" height=\"250\" src=\"https:\/\/jornalfatosenoticias.com.br\/wp-content\/uploads\/2020\/02\/Banner-2.png\" alt=\"\" class=\"wp-image-43787\"\/><\/a><\/figure><\/div>\n\n\n\n<p>O ministro ainda afirmou que n\u00e3o espera uma reforma ministerial ap\u00f3s a elei\u00e7\u00e3o de outubro e que Lula tem refor\u00e7ado que conta com os ministros da atual composi\u00e7\u00e3o da Esplanada no \u201cano da colheita\u201d. \u201cDe acelerar a execu\u00e7\u00e3o daquilo que foi criado e projetado, que n\u00e3o est\u00e1 na mesa dele um debate de reforma ministerial nesse momento\u201d, completou.<\/p>\n\n\n\n<div class=\"wp-block-image\"><figure class=\"aligncenter size-large is-resized\"><a href=\"https:\/\/www.instagram.com\/serra4x4cambioautomatico\/\"><img loading=\"lazy\" decoding=\"async\" src=\"https:\/\/jornalfatosenoticias.com.br\/wp-content\/uploads\/2024\/08\/Serra-4x4-1-886x1024.jpg\" alt=\"\" class=\"wp-image-53632\" width=\"295\" height=\"341\" srcset=\"https:\/\/jornalfatosenoticias.com.br\/wp-content\/uploads\/2024\/08\/Serra-4x4-1-886x1024.jpg 886w, https:\/\/jornalfatosenoticias.com.br\/wp-content\/uploads\/2024\/08\/Serra-4x4-1-260x300.jpg 260w, https:\/\/jornalfatosenoticias.com.br\/wp-content\/uploads\/2024\/08\/Serra-4x4-1-768x888.jpg 768w, https:\/\/jornalfatosenoticias.com.br\/wp-content\/uploads\/2024\/08\/Serra-4x4-1.jpg 1181w\" sizes=\"auto, (max-width: 295px) 100vw, 295px\" \/><\/a><\/figure><\/div>\n\n\n\n<p>No come\u00e7o do m\u00eas passado, Lula deu largada \u00e0 campanha eleitoral ao tirar fotos com cerca de 130 candidatos do PT que v\u00e3o concorrer a prefeituras nas elei\u00e7\u00f5es deste ano. Segundo fontes relataram \u00e0 Gazeta do Povo, foram selecionados postulantes das capitais e principais cidades do pa\u00eds.<\/p>\n\n\n\n<div class=\"wp-block-image\"><figure class=\"aligncenter size-large is-resized\"><a href=\"https:\/\/hotelmarquetti.com.br\/\"><img loading=\"lazy\" decoding=\"async\" src=\"https:\/\/jornalfatosenoticias.com.br\/wp-content\/uploads\/2023\/03\/nova-logo-Marquetti.jpg\" alt=\"\" class=\"wp-image-40207\" width=\"329\" height=\"221\" srcset=\"https:\/\/jornalfatosenoticias.com.br\/wp-content\/uploads\/2023\/03\/nova-logo-Marquetti.jpg 643w, https:\/\/jornalfatosenoticias.com.br\/wp-content\/uploads\/2023\/03\/nova-logo-Marquetti-300x202.jpg 300w\" sizes=\"auto, (max-width: 329px) 100vw, 329px\" \/><\/a><\/figure><\/div>\n\n\n\n<p>Al\u00e9m de candidatos filiados ao partido, candidatos de outras legendas que o PT tem apoiado tamb\u00e9m foram convidados para fazer fotos ao lado de Lula. Entre os partidos filiados, est\u00e3o os candidatos do MDB, PSOL e PSB. No entanto, o PT n\u00e3o confirmou quais nomes participaram da produ\u00e7\u00e3o e nem como foi a presen\u00e7a de Lula nas imagens.<\/p>\n\n\n\n<div class=\"wp-block-image\"><figure class=\"aligncenter size-large is-resized\"><a href=\"https:\/\/www.ithbrasil.com.br\/\"><img loading=\"lazy\" decoding=\"async\" src=\"https:\/\/jornalfatosenoticias.com.br\/wp-content\/uploads\/2023\/08\/ITH.jpeg\" alt=\"\" class=\"wp-image-44638\" width=\"319\" height=\"259\" srcset=\"https:\/\/jornalfatosenoticias.com.br\/wp-content\/uploads\/2023\/08\/ITH.jpeg 800w, https:\/\/jornalfatosenoticias.com.br\/wp-content\/uploads\/2023\/08\/ITH-300x244.jpeg 300w, https:\/\/jornalfatosenoticias.com.br\/wp-content\/uploads\/2023\/08\/ITH-768x624.jpeg 768w\" sizes=\"auto, (max-width: 319px) 100vw, 319px\" \/><\/a><\/figure><\/div>\n\n\n\n<p>A corrida eleitoral de outubro tem pesado para a legenda de Lula, que tenta recuperar a derrota do pleito de 2020 quando n\u00e3o conseguiu eleger candidatos para nenhuma capital brasileira. Em busca de um resultado melhor neste ano, o partido abriu m\u00e3o de lan\u00e7ar candidatos pr\u00f3prios em algumas capitais.<\/p>\n\n\n\n<div class=\"wp-block-image\"><figure class=\"aligncenter size-large\"><a href=\"https:\/\/www.facebook.com\/Esteio-Churrascaria-Barbecue-103643461220402\/\"><img decoding=\"async\" src=\"https:\/\/jornalfatosenoticias.com.br\/wp-content\/uploads\/2020\/02\/logo_esteio.jpg\" alt=\"\" class=\"wp-image-1214\"\/><\/a><\/figure><\/div>\n\n\n\n<p>Com 11 candidatos filiados ao partido, a legenda tamb\u00e9m tem apostado no apoio a postulantes de centro e de direita, al\u00e9m de apoiar nomes de partidos da mesma linha ideol\u00f3gica. Al\u00e9m de buscar um resultado melhor que o das elei\u00e7\u00f5es passada, a estrat\u00e9gia visa barrar aqueles que s\u00e3o apoiados pelo ex-presidente Jair Bolsonaro (PL).<\/p>\n\n\n\n<div class=\"wp-block-image\"><figure class=\"aligncenter size-large is-resized\"><a href=\"https:\/\/www.facebook.com\/vetor.vix\/\"><img loading=\"lazy\" decoding=\"async\" src=\"https:\/\/jornalfatosenoticias.com.br\/wp-content\/uploads\/2023\/09\/vetorvix1024_1.jpg\" alt=\"\" class=\"wp-image-44868\" width=\"506\" height=\"134\" srcset=\"https:\/\/jornalfatosenoticias.com.br\/wp-content\/uploads\/2023\/09\/vetorvix1024_1.jpg 1024w, https:\/\/jornalfatosenoticias.com.br\/wp-content\/uploads\/2023\/09\/vetorvix1024_1-300x80.jpg 300w, https:\/\/jornalfatosenoticias.com.br\/wp-content\/uploads\/2023\/09\/vetorvix1024_1-768x205.jpg 768w\" sizes=\"auto, (max-width: 506px) 100vw, 506px\" \/><\/a><\/figure><\/div>\n\n\n\n<p><strong><em>Fonte: <a href=\"https:\/\/www.gazetadopovo.com.br\/republica\/lula-eleicao-cidades-contra-extrema-direita-pervertida\/\">Gazeta do Povo<\/a><\/em><\/strong><\/p>\n","protected":false},"excerpt":{"rendered":"<p>Alexandre Padilha diz que Lula ter\u00e1 participa\u00e7\u00e3o intensa em cidades com frente ampla do PT Por Guilherme Grandi O ministro Alexandre Padilha, das Rela\u00e7\u00f5es Institucionais, afirmou que Luiz In\u00e1cio Lula da Silva (PT) n\u00e3o ter\u00e1 uma grande atua\u00e7\u00e3o nas elei\u00e7\u00f5es municipais deste ano como um todo, exceto em cidades que a frente ampla aliada ao [&hellip;]<\/p>\n","protected":false},"author":2,"featured_media":53869,"comment_status":"open","ping_status":"open","sticky":false,"template":"","format":"standard","meta":{"footnotes":""},"categories":[10],"tags":[23965,21964,7580,13186],"class_list":["post-53868","post","type-post","status-publish","format-standard","has-post-thumbnail","hentry","category-politica","tag-alexandre-padilha","tag-eleicoes-2024","tag-lula","tag-pt"],"yoast_head":"<!-- This site is optimized with the Yoast SEO plugin v26.5 - https:\/\/yoast.com\/wordpress\/plugins\/seo\/ -->\n<title>Lula participar\u00e1 de elei\u00e7\u00e3o em cidades contra \u201cextrema-direita pervertida\u201d, diz ministro - Jornal Fatos e Not\u00edcias<\/title>\n<meta name=\"robots\" content=\"index, follow, max-snippet:-1, max-image-preview:large, max-video-preview:-1\" \/>\n<link rel=\"canonical\" href=\"https:\/\/jornalfatosenoticias.com.br\/index.php\/2024\/09\/03\/lula-participara-de-eleicao-em-cidades-contra-extrema-direita-pervertida-diz-ministro\/\" \/>\n<meta property=\"og:locale\" content=\"pt_BR\" \/>\n<meta property=\"og:type\" content=\"article\" \/>\n<meta property=\"og:title\" content=\"Lula participar\u00e1 de elei\u00e7\u00e3o em cidades contra \u201cextrema-direita pervertida\u201d, diz ministro - Jornal Fatos e Not\u00edcias\" \/>\n<meta property=\"og:description\" content=\"Alexandre Padilha diz que Lula ter\u00e1 participa\u00e7\u00e3o intensa em cidades com frente ampla do PT Por Guilherme Grandi O ministro Alexandre Padilha, das Rela\u00e7\u00f5es Institucionais, afirmou que Luiz In\u00e1cio Lula da Silva (PT) n\u00e3o ter\u00e1 uma grande atua\u00e7\u00e3o nas elei\u00e7\u00f5es municipais deste ano como um todo, exceto em cidades que a frente ampla aliada ao [&hellip;]\" \/>\n<meta property=\"og:url\" content=\"https:\/\/jornalfatosenoticias.com.br\/index.php\/2024\/09\/03\/lula-participara-de-eleicao-em-cidades-contra-extrema-direita-pervertida-diz-ministro\/\" \/>\n<meta property=\"og:site_name\" content=\"Jornal Fatos e Not\u00edcias\" \/>\n<meta property=\"article:published_time\" content=\"2024-09-03T17:57:59+00:00\" \/>\n<meta property=\"article:modified_time\" content=\"2024-09-03T17:58:43+00:00\" \/>\n<meta property=\"og:image\" content=\"https:\/\/jornalfatosenoticias.com.br\/wp-content\/uploads\/2024\/09\/luladr4ao-e-comparsa_gettyimages.jpg\" \/>\n\t<meta property=\"og:image:width\" content=\"612\" \/>\n\t<meta property=\"og:image:height\" content=\"431\" \/>\n\t<meta property=\"og:image:type\" content=\"image\/jpeg\" \/>\n<meta name=\"author\" content=\"Luzimara Fernandes\" \/>\n<meta name=\"twitter:card\" content=\"summary_large_image\" \/>\n<meta name=\"twitter:label1\" content=\"Escrito por\" \/>\n\t<meta name=\"twitter:data1\" content=\"Luzimara Fernandes\" \/>\n\t<meta name=\"twitter:label2\" content=\"Est. tempo de leitura\" \/>\n\t<meta name=\"twitter:data2\" content=\"3 minutos\" \/>\n<script type=\"application\/ld+json\" class=\"yoast-schema-graph\">{\"@context\":\"https:\/\/schema.org\",\"@graph\":[{\"@type\":\"Article\",\"@id\":\"https:\/\/jornalfatosenoticias.com.br\/index.php\/2024\/09\/03\/lula-participara-de-eleicao-em-cidades-contra-extrema-direita-pervertida-diz-ministro\/#article\",\"isPartOf\":{\"@id\":\"https:\/\/jornalfatosenoticias.com.br\/index.php\/2024\/09\/03\/lula-participara-de-eleicao-em-cidades-contra-extrema-direita-pervertida-diz-ministro\/\"},\"author\":{\"name\":\"Luzimara Fernandes\",\"@id\":\"https:\/\/jornalfatosenoticias.com.br\/#\/schema\/person\/d63837fa13ac8666eb9e74e0985d6f81\"},\"headline\":\"Lula participar\u00e1 de elei\u00e7\u00e3o em cidades contra \u201cextrema-direita pervertida\u201d, diz ministro\",\"datePublished\":\"2024-09-03T17:57:59+00:00\",\"dateModified\":\"2024-09-03T17:58:43+00:00\",\"mainEntityOfPage\":{\"@id\":\"https:\/\/jornalfatosenoticias.com.br\/index.php\/2024\/09\/03\/lula-participara-de-eleicao-em-cidades-contra-extrema-direita-pervertida-diz-ministro\/\"},\"wordCount\":599,\"commentCount\":0,\"publisher\":{\"@id\":\"https:\/\/jornalfatosenoticias.com.br\/#organization\"},\"image\":{\"@id\":\"https:\/\/jornalfatosenoticias.com.br\/index.php\/2024\/09\/03\/lula-participara-de-eleicao-em-cidades-contra-extrema-direita-pervertida-diz-ministro\/#primaryimage\"},\"thumbnailUrl\":\"https:\/\/jornalfatosenoticias.com.br\/wp-content\/uploads\/2024\/09\/luladr4ao-e-comparsa_gettyimages.jpg\",\"keywords\":[\"Alexandre Padilha\",\"elei\u00e7\u00f5es 2024\",\"Lula\",\"PT\"],\"articleSection\":[\"Pol\u00edtica\"],\"inLanguage\":\"pt-BR\",\"potentialAction\":[{\"@type\":\"CommentAction\",\"name\":\"Comment\",\"target\":[\"https:\/\/jornalfatosenoticias.com.br\/index.php\/2024\/09\/03\/lula-participara-de-eleicao-em-cidades-contra-extrema-direita-pervertida-diz-ministro\/#respond\"]}]},{\"@type\":\"WebPage\",\"@id\":\"https:\/\/jornalfatosenoticias.com.br\/index.php\/2024\/09\/03\/lula-participara-de-eleicao-em-cidades-contra-extrema-direita-pervertida-diz-ministro\/\",\"url\":\"https:\/\/jornalfatosenoticias.com.br\/index.php\/2024\/09\/03\/lula-participara-de-eleicao-em-cidades-contra-extrema-direita-pervertida-diz-ministro\/\",\"name\":\"Lula participar\u00e1 de elei\u00e7\u00e3o em cidades contra \u201cextrema-direita pervertida\u201d, diz ministro - Jornal Fatos e Not\u00edcias\",\"isPartOf\":{\"@id\":\"https:\/\/jornalfatosenoticias.com.br\/#website\"},\"primaryImageOfPage\":{\"@id\":\"https:\/\/jornalfatosenoticias.com.br\/index.php\/2024\/09\/03\/lula-participara-de-eleicao-em-cidades-contra-extrema-direita-pervertida-diz-ministro\/#primaryimage\"},\"image\":{\"@id\":\"https:\/\/jornalfatosenoticias.com.br\/index.php\/2024\/09\/03\/lula-participara-de-eleicao-em-cidades-contra-extrema-direita-pervertida-diz-ministro\/#primaryimage\"},\"thumbnailUrl\":\"https:\/\/jornalfatosenoticias.com.br\/wp-content\/uploads\/2024\/09\/luladr4ao-e-comparsa_gettyimages.jpg\",\"datePublished\":\"2024-09-03T17:57:59+00:00\",\"dateModified\":\"2024-09-03T17:58:43+00:00\",\"breadcrumb\":{\"@id\":\"https:\/\/jornalfatosenoticias.com.br\/index.php\/2024\/09\/03\/lula-participara-de-eleicao-em-cidades-contra-extrema-direita-pervertida-diz-ministro\/#breadcrumb\"},\"inLanguage\":\"pt-BR\",\"potentialAction\":[{\"@type\":\"ReadAction\",\"target\":[\"https:\/\/jornalfatosenoticias.com.br\/index.php\/2024\/09\/03\/lula-participara-de-eleicao-em-cidades-contra-extrema-direita-pervertida-diz-ministro\/\"]}]},{\"@type\":\"ImageObject\",\"inLanguage\":\"pt-BR\",\"@id\":\"https:\/\/jornalfatosenoticias.com.br\/index.php\/2024\/09\/03\/lula-participara-de-eleicao-em-cidades-contra-extrema-direita-pervertida-diz-ministro\/#primaryimage\",\"url\":\"https:\/\/jornalfatosenoticias.com.br\/wp-content\/uploads\/2024\/09\/luladr4ao-e-comparsa_gettyimages.jpg\",\"contentUrl\":\"https:\/\/jornalfatosenoticias.com.br\/wp-content\/uploads\/2024\/09\/luladr4ao-e-comparsa_gettyimages.jpg\",\"width\":612,\"height\":431,\"caption\":\"Brazil's new President Luiz Inacio Lula da Silva (R) poses for a picture with Institutional Relations Minister Alexandre Padilha during the induction ceremony of the members of his cabinet, at Planalto Palace in Brasilia on January 1, 2023, after his inauguration ceremony. Lula da Silva, a 77-year-old leftist who already served as president of Brazil from 2003 to 2010, took office for the third time with a grand inauguration in Brasilia. (Photo by Sergio LIMA \/ AFP) (Photo by SERGIO LIMA\/AFP via Getty Images)\"},{\"@type\":\"BreadcrumbList\",\"@id\":\"https:\/\/jornalfatosenoticias.com.br\/index.php\/2024\/09\/03\/lula-participara-de-eleicao-em-cidades-contra-extrema-direita-pervertida-diz-ministro\/#breadcrumb\",\"itemListElement\":[{\"@type\":\"ListItem\",\"position\":1,\"name\":\"In\u00edcio\",\"item\":\"https:\/\/jornalfatosenoticias.com.br\/\"},{\"@type\":\"ListItem\",\"position\":2,\"name\":\"Lula participar\u00e1 de elei\u00e7\u00e3o em cidades contra \u201cextrema-direita pervertida\u201d, diz ministro\"}]},{\"@type\":\"WebSite\",\"@id\":\"https:\/\/jornalfatosenoticias.com.br\/#website\",\"url\":\"https:\/\/jornalfatosenoticias.com.br\/\",\"name\":\"Jornal Fatos e Not\u00edcias\",\"description\":\"Not\u00edcias em geral\",\"publisher\":{\"@id\":\"https:\/\/jornalfatosenoticias.com.br\/#organization\"},\"potentialAction\":[{\"@type\":\"SearchAction\",\"target\":{\"@type\":\"EntryPoint\",\"urlTemplate\":\"https:\/\/jornalfatosenoticias.com.br\/?s={search_term_string}\"},\"query-input\":{\"@type\":\"PropertyValueSpecification\",\"valueRequired\":true,\"valueName\":\"search_term_string\"}}],\"inLanguage\":\"pt-BR\"},{\"@type\":\"Organization\",\"@id\":\"https:\/\/jornalfatosenoticias.com.br\/#organization\",\"name\":\"Jornal Fatos e Not\u00edcias\",\"url\":\"https:\/\/jornalfatosenoticias.com.br\/\",\"logo\":{\"@type\":\"ImageObject\",\"inLanguage\":\"pt-BR\",\"@id\":\"https:\/\/jornalfatosenoticias.com.br\/#\/schema\/logo\/image\/\",\"url\":\"https:\/\/jornalfatosenoticias.com.br\/wp-content\/uploads\/2020\/02\/logo120.png\",\"contentUrl\":\"https:\/\/jornalfatosenoticias.com.br\/wp-content\/uploads\/2020\/02\/logo120.png\",\"width\":1227,\"height\":120,\"caption\":\"Jornal Fatos e Not\u00edcias\"},\"image\":{\"@id\":\"https:\/\/jornalfatosenoticias.com.br\/#\/schema\/logo\/image\/\"}},{\"@type\":\"Person\",\"@id\":\"https:\/\/jornalfatosenoticias.com.br\/#\/schema\/person\/d63837fa13ac8666eb9e74e0985d6f81\",\"name\":\"Luzimara Fernandes\",\"image\":{\"@type\":\"ImageObject\",\"inLanguage\":\"pt-BR\",\"@id\":\"https:\/\/jornalfatosenoticias.com.br\/#\/schema\/person\/image\/\",\"url\":\"https:\/\/jornalfatosenoticias.com.br\/wp-content\/uploads\/2025\/05\/EU_portal.jpg\",\"contentUrl\":\"https:\/\/jornalfatosenoticias.com.br\/wp-content\/uploads\/2025\/05\/EU_portal.jpg\",\"caption\":\"Luzimara Fernandes\"},\"description\":\"Jornalista MTB 2358-ES\",\"sameAs\":[\"https:\/\/jornalfatosenoticias.com.br\"],\"url\":\"https:\/\/jornalfatosenoticias.com.br\/index.php\/author\/luzimara\/\"}]}<\/script>\n<!-- \/ Yoast SEO plugin. -->","yoast_head_json":{"title":"Lula participar\u00e1 de elei\u00e7\u00e3o em cidades contra \u201cextrema-direita pervertida\u201d, diz ministro - Jornal Fatos e Not\u00edcias","robots":{"index":"index","follow":"follow","max-snippet":"max-snippet:-1","max-image-preview":"max-image-preview:large","max-video-preview":"max-video-preview:-1"},"canonical":"https:\/\/jornalfatosenoticias.com.br\/index.php\/2024\/09\/03\/lula-participara-de-eleicao-em-cidades-contra-extrema-direita-pervertida-diz-ministro\/","og_locale":"pt_BR","og_type":"article","og_title":"Lula participar\u00e1 de elei\u00e7\u00e3o em cidades contra \u201cextrema-direita pervertida\u201d, diz ministro - Jornal Fatos e Not\u00edcias","og_description":"Alexandre Padilha diz que Lula ter\u00e1 participa\u00e7\u00e3o intensa em cidades com frente ampla do PT Por Guilherme Grandi O ministro Alexandre Padilha, das Rela\u00e7\u00f5es Institucionais, afirmou que Luiz In\u00e1cio Lula da Silva (PT) n\u00e3o ter\u00e1 uma grande atua\u00e7\u00e3o nas elei\u00e7\u00f5es municipais deste ano como um todo, exceto em cidades que a frente ampla aliada ao [&hellip;]","og_url":"https:\/\/jornalfatosenoticias.com.br\/index.php\/2024\/09\/03\/lula-participara-de-eleicao-em-cidades-contra-extrema-direita-pervertida-diz-ministro\/","og_site_name":"Jornal Fatos e Not\u00edcias","article_published_time":"2024-09-03T17:57:59+00:00","article_modified_time":"2024-09-03T17:58:43+00:00","og_image":[{"width":612,"height":431,"url":"https:\/\/jornalfatosenoticias.com.br\/wp-content\/uploads\/2024\/09\/luladr4ao-e-comparsa_gettyimages.jpg","type":"image\/jpeg"}],"author":"Luzimara Fernandes","twitter_card":"summary_large_image","twitter_misc":{"Escrito por":"Luzimara Fernandes","Est. tempo de leitura":"3 minutos"},"schema":{"@context":"https:\/\/schema.org","@graph":[{"@type":"Article","@id":"https:\/\/jornalfatosenoticias.com.br\/index.php\/2024\/09\/03\/lula-participara-de-eleicao-em-cidades-contra-extrema-direita-pervertida-diz-ministro\/#article","isPartOf":{"@id":"https:\/\/jornalfatosenoticias.com.br\/index.php\/2024\/09\/03\/lula-participara-de-eleicao-em-cidades-contra-extrema-direita-pervertida-diz-ministro\/"},"author":{"name":"Luzimara Fernandes","@id":"https:\/\/jornalfatosenoticias.com.br\/#\/schema\/person\/d63837fa13ac8666eb9e74e0985d6f81"},"headline":"Lula participar\u00e1 de elei\u00e7\u00e3o em cidades contra \u201cextrema-direita pervertida\u201d, diz ministro","datePublished":"2024-09-03T17:57:59+00:00","dateModified":"2024-09-03T17:58:43+00:00","mainEntityOfPage":{"@id":"https:\/\/jornalfatosenoticias.com.br\/index.php\/2024\/09\/03\/lula-participara-de-eleicao-em-cidades-contra-extrema-direita-pervertida-diz-ministro\/"},"wordCount":599,"commentCount":0,"publisher":{"@id":"https:\/\/jornalfatosenoticias.com.br\/#organization"},"image":{"@id":"https:\/\/jornalfatosenoticias.com.br\/index.php\/2024\/09\/03\/lula-participara-de-eleicao-em-cidades-contra-extrema-direita-pervertida-diz-ministro\/#primaryimage"},"thumbnailUrl":"https:\/\/jornalfatosenoticias.com.br\/wp-content\/uploads\/2024\/09\/luladr4ao-e-comparsa_gettyimages.jpg","keywords":["Alexandre Padilha","elei\u00e7\u00f5es 2024","Lula","PT"],"articleSection":["Pol\u00edtica"],"inLanguage":"pt-BR","potentialAction":[{"@type":"CommentAction","name":"Comment","target":["https:\/\/jornalfatosenoticias.com.br\/index.php\/2024\/09\/03\/lula-participara-de-eleicao-em-cidades-contra-extrema-direita-pervertida-diz-ministro\/#respond"]}]},{"@type":"WebPage","@id":"https:\/\/jornalfatosenoticias.com.br\/index.php\/2024\/09\/03\/lula-participara-de-eleicao-em-cidades-contra-extrema-direita-pervertida-diz-ministro\/","url":"https:\/\/jornalfatosenoticias.com.br\/index.php\/2024\/09\/03\/lula-participara-de-eleicao-em-cidades-contra-extrema-direita-pervertida-diz-ministro\/","name":"Lula participar\u00e1 de elei\u00e7\u00e3o em cidades contra \u201cextrema-direita pervertida\u201d, diz ministro - Jornal Fatos e Not\u00edcias","isPartOf":{"@id":"https:\/\/jornalfatosenoticias.com.br\/#website"},"primaryImageOfPage":{"@id":"https:\/\/jornalfatosenoticias.com.br\/index.php\/2024\/09\/03\/lula-participara-de-eleicao-em-cidades-contra-extrema-direita-pervertida-diz-ministro\/#primaryimage"},"image":{"@id":"https:\/\/jornalfatosenoticias.com.br\/index.php\/2024\/09\/03\/lula-participara-de-eleicao-em-cidades-contra-extrema-direita-pervertida-diz-ministro\/#primaryimage"},"thumbnailUrl":"https:\/\/jornalfatosenoticias.com.br\/wp-content\/uploads\/2024\/09\/luladr4ao-e-comparsa_gettyimages.jpg","datePublished":"2024-09-03T17:57:59+00:00","dateModified":"2024-09-03T17:58:43+00:00","breadcrumb":{"@id":"https:\/\/jornalfatosenoticias.com.br\/index.php\/2024\/09\/03\/lula-participara-de-eleicao-em-cidades-contra-extrema-direita-pervertida-diz-ministro\/#breadcrumb"},"inLanguage":"pt-BR","potentialAction":[{"@type":"ReadAction","target":["https:\/\/jornalfatosenoticias.com.br\/index.php\/2024\/09\/03\/lula-participara-de-eleicao-em-cidades-contra-extrema-direita-pervertida-diz-ministro\/"]}]},{"@type":"ImageObject","inLanguage":"pt-BR","@id":"https:\/\/jornalfatosenoticias.com.br\/index.php\/2024\/09\/03\/lula-participara-de-eleicao-em-cidades-contra-extrema-direita-pervertida-diz-ministro\/#primaryimage","url":"https:\/\/jornalfatosenoticias.com.br\/wp-content\/uploads\/2024\/09\/luladr4ao-e-comparsa_gettyimages.jpg","contentUrl":"https:\/\/jornalfatosenoticias.com.br\/wp-content\/uploads\/2024\/09\/luladr4ao-e-comparsa_gettyimages.jpg","width":612,"height":431,"caption":"Brazil's new President Luiz Inacio Lula da Silva (R) poses for a picture with Institutional Relations Minister Alexandre Padilha during the induction ceremony of the members of his cabinet, at Planalto Palace in Brasilia on January 1, 2023, after his inauguration ceremony. Lula da Silva, a 77-year-old leftist who already served as president of Brazil from 2003 to 2010, took office for the third time with a grand inauguration in Brasilia. (Photo by Sergio LIMA \/ AFP) (Photo by SERGIO LIMA\/AFP via Getty Images)"},{"@type":"BreadcrumbList","@id":"https:\/\/jornalfatosenoticias.com.br\/index.php\/2024\/09\/03\/lula-participara-de-eleicao-em-cidades-contra-extrema-direita-pervertida-diz-ministro\/#breadcrumb","itemListElement":[{"@type":"ListItem","position":1,"name":"In\u00edcio","item":"https:\/\/jornalfatosenoticias.com.br\/"},{"@type":"ListItem","position":2,"name":"Lula participar\u00e1 de elei\u00e7\u00e3o em cidades contra \u201cextrema-direita pervertida\u201d, diz ministro"}]},{"@type":"WebSite","@id":"https:\/\/jornalfatosenoticias.com.br\/#website","url":"https:\/\/jornalfatosenoticias.com.br\/","name":"Jornal Fatos e Not\u00edcias","description":"Not\u00edcias em geral","publisher":{"@id":"https:\/\/jornalfatosenoticias.com.br\/#organization"},"potentialAction":[{"@type":"SearchAction","target":{"@type":"EntryPoint","urlTemplate":"https:\/\/jornalfatosenoticias.com.br\/?s={search_term_string}"},"query-input":{"@type":"PropertyValueSpecification","valueRequired":true,"valueName":"search_term_string"}}],"inLanguage":"pt-BR"},{"@type":"Organization","@id":"https:\/\/jornalfatosenoticias.com.br\/#organization","name":"Jornal Fatos e Not\u00edcias","url":"https:\/\/jornalfatosenoticias.com.br\/","logo":{"@type":"ImageObject","inLanguage":"pt-BR","@id":"https:\/\/jornalfatosenoticias.com.br\/#\/schema\/logo\/image\/","url":"https:\/\/jornalfatosenoticias.com.br\/wp-content\/uploads\/2020\/02\/logo120.png","contentUrl":"https:\/\/jornalfatosenoticias.com.br\/wp-content\/uploads\/2020\/02\/logo120.png","width":1227,"height":120,"caption":"Jornal Fatos e Not\u00edcias"},"image":{"@id":"https:\/\/jornalfatosenoticias.com.br\/#\/schema\/logo\/image\/"}},{"@type":"Person","@id":"https:\/\/jornalfatosenoticias.com.br\/#\/schema\/person\/d63837fa13ac8666eb9e74e0985d6f81","name":"Luzimara Fernandes","image":{"@type":"ImageObject","inLanguage":"pt-BR","@id":"https:\/\/jornalfatosenoticias.com.br\/#\/schema\/person\/image\/","url":"https:\/\/jornalfatosenoticias.com.br\/wp-content\/uploads\/2025\/05\/EU_portal.jpg","contentUrl":"https:\/\/jornalfatosenoticias.com.br\/wp-content\/uploads\/2025\/05\/EU_portal.jpg","caption":"Luzimara Fernandes"},"description":"Jornalista MTB 2358-ES","sameAs":["https:\/\/jornalfatosenoticias.com.br"],"url":"https:\/\/jornalfatosenoticias.com.br\/index.php\/author\/luzimara\/"}]}},"cc_featured_image_caption":{"caption_text":"(Foto: Getty Images) ","source_text":"","source_url":""},"jetpack_featured_media_url":"https:\/\/jornalfatosenoticias.com.br\/wp-content\/uploads\/2024\/09\/luladr4ao-e-comparsa_gettyimages.jpg","_links":{"self":[{"href":"https:\/\/jornalfatosenoticias.com.br\/index.php\/wp-json\/wp\/v2\/posts\/53868","targetHints":{"allow":["GET"]}}],"collection":[{"href":"https:\/\/jornalfatosenoticias.com.br\/index.php\/wp-json\/wp\/v2\/posts"}],"about":[{"href":"https:\/\/jornalfatosenoticias.com.br\/index.php\/wp-json\/wp\/v2\/types\/post"}],"author":[{"embeddable":true,"href":"https:\/\/jornalfatosenoticias.com.br\/index.php\/wp-json\/wp\/v2\/users\/2"}],"replies":[{"embeddable":true,"href":"https:\/\/jornalfatosenoticias.com.br\/index.php\/wp-json\/wp\/v2\/comments?post=53868"}],"version-history":[{"count":0,"href":"https:\/\/jornalfatosenoticias.com.br\/index.php\/wp-json\/wp\/v2\/posts\/53868\/revisions"}],"wp:featuredmedia":[{"embeddable":true,"href":"https:\/\/jornalfatosenoticias.com.br\/index.php\/wp-json\/wp\/v2\/media\/53869"}],"wp:attachment":[{"href":"https:\/\/jornalfatosenoticias.com.br\/index.php\/wp-json\/wp\/v2\/media?parent=53868"}],"wp:term":[{"taxonomy":"category","embeddable":true,"href":"https:\/\/jornalfatosenoticias.com.br\/index.php\/wp-json\/wp\/v2\/categories?post=53868"},{"taxonomy":"post_tag","embeddable":true,"href":"https:\/\/jornalfatosenoticias.com.br\/index.php\/wp-json\/wp\/v2\/tags?post=53868"}],"curies":[{"name":"wp","href":"https:\/\/api.w.org\/{rel}","templated":true}]}}