{"id":53910,"date":"2024-09-05T14:58:27","date_gmt":"2024-09-05T17:58:27","guid":{"rendered":"https:\/\/jornalfatosenoticias.com.br\/?p=53910"},"modified":"2024-09-05T14:58:28","modified_gmt":"2024-09-05T17:58:28","slug":"otimize-a-gestao-tributaria-da-sua-empresa-estrategias-eficazes-com-a-legis-juris-consultoria","status":"publish","type":"post","link":"https:\/\/jornalfatosenoticias.com.br\/index.php\/2024\/09\/05\/otimize-a-gestao-tributaria-da-sua-empresa-estrategias-eficazes-com-a-legis-juris-consultoria\/","title":{"rendered":"Otimize a gest\u00e3o tribut\u00e1ria da sua empresa: estrat\u00e9gias eficazes com a Legis Juris Consultoria"},"content":{"rendered":"\n<p><span class=\"has-inline-color has-black-color\">Por <strong>Rogerio Fernandes da Silva &amp; Kalyne Calais<\/strong><\/span><\/p>\n\n\n\n<div class=\"wp-block-image is-style-rounded\"><figure class=\"alignleft size-large\"><img loading=\"lazy\" decoding=\"async\" width=\"120\" height=\"60\" src=\"https:\/\/jornalfatosenoticias.com.br\/wp-content\/uploads\/2024\/09\/Legis_Juris_Consultoria_Rogerio_e_Kalyne-Portal.jpg\" alt=\"\" class=\"wp-image-53912\"\/><\/figure><\/div>\n\n\n\n<p>A gest\u00e3o tribut\u00e1ria eficiente \u00e9 fundamental para a sa\u00fade financeira das empresas. Em um cen\u00e1rio de alta carga tribut\u00e1ria, \u00e9 essencial que empres\u00e1rios adotem estrat\u00e9gias de planejamento societ\u00e1rio e tribut\u00e1rio, aproveitem incentivos fiscais e garantam o correto aproveitamento de cr\u00e9ditos tribut\u00e1rios. Isso n\u00e3o s\u00f3 reduz a carga tribut\u00e1ria de forma legal e eficaz, mas tamb\u00e9m potencializa o desempenho financeiro das empresas.<br>A Legis Juris Consultoria ser\u00e1 sua parceira nesse processo, conduzindo sua empresa para um aumento significativo de performance tribut\u00e1ria.<\/p>\n\n\n\n<div class=\"wp-block-image\"><figure class=\"aligncenter size-large is-resized\"><a href=\"https:\/\/www.legisjuris.com.br\/\"><img loading=\"lazy\" decoding=\"async\" src=\"https:\/\/jornalfatosenoticias.com.br\/wp-content\/uploads\/2024\/09\/Legis-Juris-Consultoria_logo.jpg\" alt=\"\" class=\"wp-image-53915\" width=\"439\" height=\"184\" srcset=\"https:\/\/jornalfatosenoticias.com.br\/wp-content\/uploads\/2024\/09\/Legis-Juris-Consultoria_logo.jpg 969w, https:\/\/jornalfatosenoticias.com.br\/wp-content\/uploads\/2024\/09\/Legis-Juris-Consultoria_logo-300x126.jpg 300w, https:\/\/jornalfatosenoticias.com.br\/wp-content\/uploads\/2024\/09\/Legis-Juris-Consultoria_logo-768x322.jpg 768w\" sizes=\"auto, (max-width: 439px) 100vw, 439px\" \/><\/a><\/figure><\/div>\n\n\n\n<p><strong><span class=\"has-inline-color has-black-color\">Apresenta\u00e7\u00e3o dos Colunistas<br><\/span><\/strong>Esta coluna semanal \u00e9 conduzida por especialistas da Legis Juris Consultoria, que trazem sua vasta experi\u00eancia em gest\u00e3o tribut\u00e1ria e societ\u00e1ria. Nossa equipe \u00e9 composta por profissionais altamente qualificados, dedicados a ajudar empresas a navegar no complexo ambiente tribut\u00e1rio brasileiro. A cada semana, ofereceremos orienta\u00e7\u00f5es pr\u00e1ticas e estrat\u00e9gias para otimizar a carga tribut\u00e1ria, sempre respeitando os limites legais.<\/p>\n\n\n\n<div class=\"wp-block-image\"><figure class=\"aligncenter size-large is-resized\"><a href=\"https:\/\/www.ithbrasil.com.br\/\"><img loading=\"lazy\" decoding=\"async\" src=\"https:\/\/jornalfatosenoticias.com.br\/wp-content\/uploads\/2023\/08\/ITH.jpeg\" alt=\"\" class=\"wp-image-44638\" width=\"271\" height=\"220\" srcset=\"https:\/\/jornalfatosenoticias.com.br\/wp-content\/uploads\/2023\/08\/ITH.jpeg 800w, https:\/\/jornalfatosenoticias.com.br\/wp-content\/uploads\/2023\/08\/ITH-300x244.jpeg 300w, https:\/\/jornalfatosenoticias.com.br\/wp-content\/uploads\/2023\/08\/ITH-768x624.jpeg 768w\" sizes=\"auto, (max-width: 271px) 100vw, 271px\" \/><\/a><\/figure><\/div>\n\n\n\n<p><strong><span class=\"has-inline-color has-black-color\">Tema da Primeira Edi\u00e7\u00e3o: Holding patrimonial familiar \u2014 import\u00e2ncia e estrat\u00e9gias para minimizar tributos<br><\/span><\/strong>A holding patrimonial familiar \u00e9 uma ferramenta poderosa para gest\u00e3o de patrim\u00f4nio e planejamento sucess\u00f3rio. No entanto, \u00e9 importante compreender os motivos e efeitos de sua constitui\u00e7\u00e3o para evitar armadilhas tribut\u00e1rias e garantir que sua cria\u00e7\u00e3o traga benef\u00edcios reais.<br>Devido \u00e0 complexidade do tema, abrangendo tributos como IRPF, IRPJ, ITBI, ITCD, al\u00e9m de PIS e COFINS, dividiremos a discuss\u00e3o em tr\u00eas partes. Hoje, abordaremos a motiva\u00e7\u00e3o para a cria\u00e7\u00e3o de uma holding patrimonial familiar.<\/p>\n\n\n\n<div class=\"wp-block-image\"><figure class=\"aligncenter size-large\"><img loading=\"lazy\" decoding=\"async\" width=\"692\" height=\"900\" src=\"https:\/\/jornalfatosenoticias.com.br\/wp-content\/uploads\/2024\/09\/Legis-Juris-Consultoria.jpg\" alt=\"\" class=\"wp-image-53916\" srcset=\"https:\/\/jornalfatosenoticias.com.br\/wp-content\/uploads\/2024\/09\/Legis-Juris-Consultoria.jpg 692w, https:\/\/jornalfatosenoticias.com.br\/wp-content\/uploads\/2024\/09\/Legis-Juris-Consultoria-231x300.jpg 231w\" sizes=\"auto, (max-width: 692px) 100vw, 692px\" \/><figcaption><span class=\"has-inline-color has-black-color\"><em>Rogerio Fernandes da Silva e Kalyne Calais (Foto: Arquivo Pessoal)<\/em><\/span><\/figcaption><\/figure><\/div>\n\n\n\n<p><span class=\"has-inline-color has-black-color\"><strong>Motiva\u00e7\u00e3o: por que criar uma holding patrimonial familiar?<br><\/strong><\/span>Um dos principais motivos para a constitui\u00e7\u00e3o de uma holding familiar \u00e9 a economia no Imposto de Renda sobre rendimentos de loca\u00e7\u00f5es imobili\u00e1rias. Quando os rendimentos s\u00e3o recebidos por pessoas f\u00edsicas, a tributa\u00e7\u00e3o segue a tabela progressiva do IRPF, similar \u00e0 dos sal\u00e1rios. Veja abaixo a tabela atualizada do Imposto de Renda para 2024:<\/p>\n\n\n\n<div class=\"wp-block-image\"><figure class=\"aligncenter size-large\"><img loading=\"lazy\" decoding=\"async\" width=\"1000\" height=\"201\" src=\"https:\/\/jornalfatosenoticias.com.br\/wp-content\/uploads\/2024\/09\/Tabela-Base-de-Calculo-IR.jpg\" alt=\"\" class=\"wp-image-53913\" srcset=\"https:\/\/jornalfatosenoticias.com.br\/wp-content\/uploads\/2024\/09\/Tabela-Base-de-Calculo-IR.jpg 1000w, https:\/\/jornalfatosenoticias.com.br\/wp-content\/uploads\/2024\/09\/Tabela-Base-de-Calculo-IR-300x60.jpg 300w, https:\/\/jornalfatosenoticias.com.br\/wp-content\/uploads\/2024\/09\/Tabela-Base-de-Calculo-IR-768x154.jpg 768w\" sizes=\"auto, (max-width: 1000px) 100vw, 1000px\" \/><\/figure><\/div>\n\n\n\n<div class=\"wp-block-image\"><figure class=\"aligncenter size-large is-resized\"><a href=\"https:\/\/www.facebook.com\/postobkr\/?locale=pt_BR\"><img loading=\"lazy\" decoding=\"async\" src=\"https:\/\/jornalfatosenoticias.com.br\/wp-content\/uploads\/2023\/08\/BKR-1024x1021.jpg\" alt=\"\" class=\"wp-image-44494\" width=\"256\" height=\"255\" srcset=\"https:\/\/jornalfatosenoticias.com.br\/wp-content\/uploads\/2023\/08\/BKR-1024x1021.jpg 1024w, https:\/\/jornalfatosenoticias.com.br\/wp-content\/uploads\/2023\/08\/BKR-300x300.jpg 300w, https:\/\/jornalfatosenoticias.com.br\/wp-content\/uploads\/2023\/08\/BKR-150x150.jpg 150w, https:\/\/jornalfatosenoticias.com.br\/wp-content\/uploads\/2023\/08\/BKR-768x766.jpg 768w, https:\/\/jornalfatosenoticias.com.br\/wp-content\/uploads\/2023\/08\/BKR.jpg 1080w\" sizes=\"auto, (max-width: 256px) 100vw, 256px\" \/><\/a><\/figure><\/div>\n\n\n\n<p>Se o propriet\u00e1rio constituir uma holding e integralizar os bens im\u00f3veis como capital social, optando pelo regime de tributa\u00e7\u00e3o do Lucro Presumido, a carga tribut\u00e1ria da empresa ser\u00e1 consideravelmente menor. A seguir, detalhamos as principais tributa\u00e7\u00f5es:<br><strong><span class=\"has-inline-color has-black-color\">Carga tribut\u00e1ria para holdings no Lucro Presumido<\/span><\/strong><\/p>\n\n\n\n<ol class=\"wp-block-list\"><li><strong>Imposto de Renda Pessoa Jur\u00eddica (IRPJ):<\/strong> A al\u00edquota \u00e9 de 15% sobre uma base de c\u00e1lculo de 32% da receita bruta, resultando em uma carga efetiva de 4,8%. Para lucros que excedem R$ 240.000 anuais, aplica-se um adicional de 10% sobre o excedente.<\/li><li><strong>Contribui\u00e7\u00e3o Social sobre o Lucro L\u00edquido (CSLL):<\/strong> A al\u00edquota \u00e9 de 9%, calculada sobre uma base de 32% da receita bruta, resultando em uma carga efetiva de 2,88%.<\/li><li><strong>PIS e COFINS:<\/strong> No regime de Lucro Presumido, a al\u00edquota combinada \u00e9 de 3,65% sobre a receita bruta.<\/li><\/ol>\n\n\n\n<div class=\"wp-block-image\"><figure class=\"aligncenter size-large is-resized\"><a href=\"https:\/\/www.facebook.com\/vetor.vix\/\"><img loading=\"lazy\" decoding=\"async\" src=\"https:\/\/jornalfatosenoticias.com.br\/wp-content\/uploads\/2023\/09\/vetorvix1024_1.jpg\" alt=\"\" class=\"wp-image-44868\" width=\"509\" height=\"135\" srcset=\"https:\/\/jornalfatosenoticias.com.br\/wp-content\/uploads\/2023\/09\/vetorvix1024_1.jpg 1024w, https:\/\/jornalfatosenoticias.com.br\/wp-content\/uploads\/2023\/09\/vetorvix1024_1-300x80.jpg 300w, https:\/\/jornalfatosenoticias.com.br\/wp-content\/uploads\/2023\/09\/vetorvix1024_1-768x205.jpg 768w\" sizes=\"auto, (max-width: 509px) 100vw, 509px\" \/><\/a><\/figure><\/div>\n\n\n\n<p><strong><span class=\"has-inline-color has-black-color\">Exemplo pr\u00e1tico<br><\/span><\/strong>Para uma receita bruta de R$ 1.000.000, a carga tribut\u00e1ria total seria de aproximadamente:<br><strong>\u2022<\/strong> IRPJ: R$ 48.000<br><strong>\u2022<\/strong> CSLL: R$ 28.800<br><strong>\u2022<\/strong> PIS e COFINS: R$ 36.500<\/p>\n\n\n\n<div class=\"wp-block-image\"><figure class=\"aligncenter size-large\"><a href=\"https:\/\/mizu.com.br\/\"><img loading=\"lazy\" decoding=\"async\" width=\"729\" height=\"90\" src=\"https:\/\/jornalfatosenoticias.com.br\/wp-content\/uploads\/2020\/02\/Logo_Mizu.png\" alt=\"\" class=\"wp-image-1441\" srcset=\"https:\/\/jornalfatosenoticias.com.br\/wp-content\/uploads\/2020\/02\/Logo_Mizu.png 729w, https:\/\/jornalfatosenoticias.com.br\/wp-content\/uploads\/2020\/02\/Logo_Mizu-300x37.png 300w\" sizes=\"auto, (max-width: 729px) 100vw, 729px\" \/><\/a><\/figure><\/div>\n\n\n\n<p>Totalizando R$ 113.300, o que equivale a 11,33% da receita bruta. Quando comparado \u00e0 tributa\u00e7\u00e3o da pessoa f\u00edsica, a economia tribut\u00e1ria \u00e9 evidente.<\/p>\n\n\n\n<p><strong><span class=\"has-inline-color has-black-color\">Nos pr\u00f3ximos artigos<br><\/span><\/strong>Nas pr\u00f3ximas edi\u00e7\u00f5es, abordaremos os demais tributos e contribui\u00e7\u00f5es incidentes em eventos envolvendo holdings constitu\u00eddas para sucess\u00f5es.<br>N\u00e3o perca!<\/p>\n\n\n\n<div class=\"wp-block-image\"><figure class=\"aligncenter size-large\"><img loading=\"lazy\" decoding=\"async\" width=\"880\" height=\"495\" src=\"https:\/\/jornalfatosenoticias.com.br\/wp-content\/uploads\/2024\/09\/kalyne-calais.jpg\" alt=\"\" class=\"wp-image-53914\" srcset=\"https:\/\/jornalfatosenoticias.com.br\/wp-content\/uploads\/2024\/09\/kalyne-calais.jpg 880w, https:\/\/jornalfatosenoticias.com.br\/wp-content\/uploads\/2024\/09\/kalyne-calais-300x169.jpg 300w, https:\/\/jornalfatosenoticias.com.br\/wp-content\/uploads\/2024\/09\/kalyne-calais-768x432.jpg 768w\" sizes=\"auto, (max-width: 880px) 100vw, 880px\" \/><\/figure><\/div>\n\n\n\n<p><strong><span class=\"has-inline-color has-black-color\">Rogerio Fernandes da Silva<br><\/span><\/strong><em><span class=\"has-inline-color has-black-color\">Mestrado Profissional em Ci\u00eancias Cont\u00e1beis e Adm. \u2014 Fucape, Vit\u00f3ria, ES<br>Especializa\u00e7\u00e3o em MBA Tributa\u00e7\u00e3o Empresarial \u2014 Fucape, Vit\u00f3ria, ES<br>Especializa\u00e7\u00e3o em P\u00f3s-Gradua\u00e7\u00e3o em Neg\u00f3cios Digitais Interativos para a Nova Economia \u2014<br>COOP\/UFRJ\/IPINET\/COOP \u2014 Brasil<br>Gradua\u00e7\u00e3o em Ci\u00eancias Econ\u00f4micas \u2014 Universidade Est\u00e1cio de S\u00e1 (Unesa), Rio de Janeiro, Brasil<\/span><\/em><\/p>\n","protected":false},"excerpt":{"rendered":"<p>Por Rogerio Fernandes da Silva &amp; Kalyne Calais A gest\u00e3o tribut\u00e1ria eficiente \u00e9 fundamental para a sa\u00fade financeira das empresas. Em um cen\u00e1rio de alta carga tribut\u00e1ria, \u00e9 essencial que empres\u00e1rios adotem estrat\u00e9gias de planejamento societ\u00e1rio e tribut\u00e1rio, aproveitem incentivos fiscais e garantam o correto aproveitamento de cr\u00e9ditos tribut\u00e1rios. Isso n\u00e3o s\u00f3 reduz a carga [&hellip;]<\/p>\n","protected":false},"author":2,"featured_media":53917,"comment_status":"open","ping_status":"open","sticky":false,"template":"","format":"standard","meta":{"footnotes":""},"categories":[9],"tags":[24555,24560,24557,24559,24556,24558],"class_list":["post-53910","post","type-post","status-publish","format-standard","has-post-thumbnail","hentry","category-economia","tag-creditos-tributarios","tag-desempenho-financeiro-das-empresas","tag-empresa","tag-gestao-tributaria","tag-legis-juris-consultoria","tag-otimizacao"],"yoast_head":"<!-- This site is optimized with the Yoast SEO plugin v26.5 - https:\/\/yoast.com\/wordpress\/plugins\/seo\/ -->\n<title>Otimize a gest\u00e3o tribut\u00e1ria da sua empresa: estrat\u00e9gias eficazes com a Legis Juris Consultoria - Jornal Fatos e Not\u00edcias<\/title>\n<meta name=\"robots\" content=\"index, follow, max-snippet:-1, max-image-preview:large, max-video-preview:-1\" \/>\n<link rel=\"canonical\" href=\"https:\/\/jornalfatosenoticias.com.br\/index.php\/2024\/09\/05\/otimize-a-gestao-tributaria-da-sua-empresa-estrategias-eficazes-com-a-legis-juris-consultoria\/\" \/>\n<meta property=\"og:locale\" content=\"pt_BR\" \/>\n<meta property=\"og:type\" content=\"article\" \/>\n<meta property=\"og:title\" content=\"Otimize a gest\u00e3o tribut\u00e1ria da sua empresa: estrat\u00e9gias eficazes com a Legis Juris Consultoria - Jornal Fatos e Not\u00edcias\" \/>\n<meta property=\"og:description\" content=\"Por Rogerio Fernandes da Silva &amp; Kalyne Calais A gest\u00e3o tribut\u00e1ria eficiente \u00e9 fundamental para a sa\u00fade financeira das empresas. Em um cen\u00e1rio de alta carga tribut\u00e1ria, \u00e9 essencial que empres\u00e1rios adotem estrat\u00e9gias de planejamento societ\u00e1rio e tribut\u00e1rio, aproveitem incentivos fiscais e garantam o correto aproveitamento de cr\u00e9ditos tribut\u00e1rios. Isso n\u00e3o s\u00f3 reduz a carga [&hellip;]\" \/>\n<meta property=\"og:url\" content=\"https:\/\/jornalfatosenoticias.com.br\/index.php\/2024\/09\/05\/otimize-a-gestao-tributaria-da-sua-empresa-estrategias-eficazes-com-a-legis-juris-consultoria\/\" \/>\n<meta property=\"og:site_name\" content=\"Jornal Fatos e Not\u00edcias\" \/>\n<meta property=\"article:published_time\" content=\"2024-09-05T17:58:27+00:00\" \/>\n<meta property=\"article:modified_time\" content=\"2024-09-05T17:58:28+00:00\" \/>\n<meta property=\"og:image\" content=\"https:\/\/jornalfatosenoticias.com.br\/wp-content\/uploads\/2024\/09\/Legis-Juris-Consultoria_Rogerio-e-Kalyne-e1745525180488.jpg\" \/>\n\t<meta property=\"og:image:width\" content=\"120\" \/>\n\t<meta property=\"og:image:height\" content=\"61\" \/>\n\t<meta property=\"og:image:type\" content=\"image\/jpeg\" \/>\n<meta name=\"author\" content=\"Luzimara Fernandes\" \/>\n<meta name=\"twitter:card\" content=\"summary_large_image\" \/>\n<meta name=\"twitter:label1\" content=\"Escrito por\" \/>\n\t<meta name=\"twitter:data1\" content=\"Luzimara Fernandes\" \/>\n\t<meta name=\"twitter:label2\" content=\"Est. tempo de leitura\" \/>\n\t<meta name=\"twitter:data2\" content=\"3 minutos\" \/>\n<script type=\"application\/ld+json\" class=\"yoast-schema-graph\">{\"@context\":\"https:\/\/schema.org\",\"@graph\":[{\"@type\":\"Article\",\"@id\":\"https:\/\/jornalfatosenoticias.com.br\/index.php\/2024\/09\/05\/otimize-a-gestao-tributaria-da-sua-empresa-estrategias-eficazes-com-a-legis-juris-consultoria\/#article\",\"isPartOf\":{\"@id\":\"https:\/\/jornalfatosenoticias.com.br\/index.php\/2024\/09\/05\/otimize-a-gestao-tributaria-da-sua-empresa-estrategias-eficazes-com-a-legis-juris-consultoria\/\"},\"author\":{\"name\":\"Luzimara Fernandes\",\"@id\":\"https:\/\/jornalfatosenoticias.com.br\/#\/schema\/person\/d63837fa13ac8666eb9e74e0985d6f81\"},\"headline\":\"Otimize a gest\u00e3o tribut\u00e1ria da sua empresa: estrat\u00e9gias eficazes com a Legis Juris Consultoria\",\"datePublished\":\"2024-09-05T17:58:27+00:00\",\"dateModified\":\"2024-09-05T17:58:28+00:00\",\"mainEntityOfPage\":{\"@id\":\"https:\/\/jornalfatosenoticias.com.br\/index.php\/2024\/09\/05\/otimize-a-gestao-tributaria-da-sua-empresa-estrategias-eficazes-com-a-legis-juris-consultoria\/\"},\"wordCount\":634,\"commentCount\":0,\"publisher\":{\"@id\":\"https:\/\/jornalfatosenoticias.com.br\/#organization\"},\"image\":{\"@id\":\"https:\/\/jornalfatosenoticias.com.br\/index.php\/2024\/09\/05\/otimize-a-gestao-tributaria-da-sua-empresa-estrategias-eficazes-com-a-legis-juris-consultoria\/#primaryimage\"},\"thumbnailUrl\":\"https:\/\/jornalfatosenoticias.com.br\/wp-content\/uploads\/2024\/09\/Legis-Juris-Consultoria_Rogerio-e-Kalyne-e1745525180488.jpg\",\"keywords\":[\"cr\u00e9ditos tribut\u00e1rios\",\"desempenho financeiro das empresas\",\"empresa\",\"gest\u00e3o tribut\u00e1ria\",\"Legis Juris Consultoria\",\"otimiza\u00e7\u00e3o\"],\"articleSection\":[\"Economia\"],\"inLanguage\":\"pt-BR\",\"potentialAction\":[{\"@type\":\"CommentAction\",\"name\":\"Comment\",\"target\":[\"https:\/\/jornalfatosenoticias.com.br\/index.php\/2024\/09\/05\/otimize-a-gestao-tributaria-da-sua-empresa-estrategias-eficazes-com-a-legis-juris-consultoria\/#respond\"]}]},{\"@type\":\"WebPage\",\"@id\":\"https:\/\/jornalfatosenoticias.com.br\/index.php\/2024\/09\/05\/otimize-a-gestao-tributaria-da-sua-empresa-estrategias-eficazes-com-a-legis-juris-consultoria\/\",\"url\":\"https:\/\/jornalfatosenoticias.com.br\/index.php\/2024\/09\/05\/otimize-a-gestao-tributaria-da-sua-empresa-estrategias-eficazes-com-a-legis-juris-consultoria\/\",\"name\":\"Otimize a gest\u00e3o tribut\u00e1ria da sua empresa: estrat\u00e9gias eficazes com a Legis Juris Consultoria - Jornal Fatos e Not\u00edcias\",\"isPartOf\":{\"@id\":\"https:\/\/jornalfatosenoticias.com.br\/#website\"},\"primaryImageOfPage\":{\"@id\":\"https:\/\/jornalfatosenoticias.com.br\/index.php\/2024\/09\/05\/otimize-a-gestao-tributaria-da-sua-empresa-estrategias-eficazes-com-a-legis-juris-consultoria\/#primaryimage\"},\"image\":{\"@id\":\"https:\/\/jornalfatosenoticias.com.br\/index.php\/2024\/09\/05\/otimize-a-gestao-tributaria-da-sua-empresa-estrategias-eficazes-com-a-legis-juris-consultoria\/#primaryimage\"},\"thumbnailUrl\":\"https:\/\/jornalfatosenoticias.com.br\/wp-content\/uploads\/2024\/09\/Legis-Juris-Consultoria_Rogerio-e-Kalyne-e1745525180488.jpg\",\"datePublished\":\"2024-09-05T17:58:27+00:00\",\"dateModified\":\"2024-09-05T17:58:28+00:00\",\"breadcrumb\":{\"@id\":\"https:\/\/jornalfatosenoticias.com.br\/index.php\/2024\/09\/05\/otimize-a-gestao-tributaria-da-sua-empresa-estrategias-eficazes-com-a-legis-juris-consultoria\/#breadcrumb\"},\"inLanguage\":\"pt-BR\",\"potentialAction\":[{\"@type\":\"ReadAction\",\"target\":[\"https:\/\/jornalfatosenoticias.com.br\/index.php\/2024\/09\/05\/otimize-a-gestao-tributaria-da-sua-empresa-estrategias-eficazes-com-a-legis-juris-consultoria\/\"]}]},{\"@type\":\"ImageObject\",\"inLanguage\":\"pt-BR\",\"@id\":\"https:\/\/jornalfatosenoticias.com.br\/index.php\/2024\/09\/05\/otimize-a-gestao-tributaria-da-sua-empresa-estrategias-eficazes-com-a-legis-juris-consultoria\/#primaryimage\",\"url\":\"https:\/\/jornalfatosenoticias.com.br\/wp-content\/uploads\/2024\/09\/Legis-Juris-Consultoria_Rogerio-e-Kalyne-e1745525180488.jpg\",\"contentUrl\":\"https:\/\/jornalfatosenoticias.com.br\/wp-content\/uploads\/2024\/09\/Legis-Juris-Consultoria_Rogerio-e-Kalyne-e1745525180488.jpg\",\"width\":120,\"height\":61},{\"@type\":\"BreadcrumbList\",\"@id\":\"https:\/\/jornalfatosenoticias.com.br\/index.php\/2024\/09\/05\/otimize-a-gestao-tributaria-da-sua-empresa-estrategias-eficazes-com-a-legis-juris-consultoria\/#breadcrumb\",\"itemListElement\":[{\"@type\":\"ListItem\",\"position\":1,\"name\":\"In\u00edcio\",\"item\":\"https:\/\/jornalfatosenoticias.com.br\/\"},{\"@type\":\"ListItem\",\"position\":2,\"name\":\"Otimize a gest\u00e3o tribut\u00e1ria da sua empresa: estrat\u00e9gias eficazes com a Legis Juris Consultoria\"}]},{\"@type\":\"WebSite\",\"@id\":\"https:\/\/jornalfatosenoticias.com.br\/#website\",\"url\":\"https:\/\/jornalfatosenoticias.com.br\/\",\"name\":\"Jornal Fatos e Not\u00edcias\",\"description\":\"Not\u00edcias em geral\",\"publisher\":{\"@id\":\"https:\/\/jornalfatosenoticias.com.br\/#organization\"},\"potentialAction\":[{\"@type\":\"SearchAction\",\"target\":{\"@type\":\"EntryPoint\",\"urlTemplate\":\"https:\/\/jornalfatosenoticias.com.br\/?s={search_term_string}\"},\"query-input\":{\"@type\":\"PropertyValueSpecification\",\"valueRequired\":true,\"valueName\":\"search_term_string\"}}],\"inLanguage\":\"pt-BR\"},{\"@type\":\"Organization\",\"@id\":\"https:\/\/jornalfatosenoticias.com.br\/#organization\",\"name\":\"Jornal Fatos e Not\u00edcias\",\"url\":\"https:\/\/jornalfatosenoticias.com.br\/\",\"logo\":{\"@type\":\"ImageObject\",\"inLanguage\":\"pt-BR\",\"@id\":\"https:\/\/jornalfatosenoticias.com.br\/#\/schema\/logo\/image\/\",\"url\":\"https:\/\/jornalfatosenoticias.com.br\/wp-content\/uploads\/2020\/02\/logo120.png\",\"contentUrl\":\"https:\/\/jornalfatosenoticias.com.br\/wp-content\/uploads\/2020\/02\/logo120.png\",\"width\":1227,\"height\":120,\"caption\":\"Jornal Fatos e Not\u00edcias\"},\"image\":{\"@id\":\"https:\/\/jornalfatosenoticias.com.br\/#\/schema\/logo\/image\/\"}},{\"@type\":\"Person\",\"@id\":\"https:\/\/jornalfatosenoticias.com.br\/#\/schema\/person\/d63837fa13ac8666eb9e74e0985d6f81\",\"name\":\"Luzimara Fernandes\",\"image\":{\"@type\":\"ImageObject\",\"inLanguage\":\"pt-BR\",\"@id\":\"https:\/\/jornalfatosenoticias.com.br\/#\/schema\/person\/image\/\",\"url\":\"https:\/\/jornalfatosenoticias.com.br\/wp-content\/uploads\/2025\/05\/EU_portal.jpg\",\"contentUrl\":\"https:\/\/jornalfatosenoticias.com.br\/wp-content\/uploads\/2025\/05\/EU_portal.jpg\",\"caption\":\"Luzimara Fernandes\"},\"description\":\"Jornalista MTB 2358-ES\",\"sameAs\":[\"https:\/\/jornalfatosenoticias.com.br\"],\"url\":\"https:\/\/jornalfatosenoticias.com.br\/index.php\/author\/luzimara\/\"}]}<\/script>\n<!-- \/ Yoast SEO plugin. -->","yoast_head_json":{"title":"Otimize a gest\u00e3o tribut\u00e1ria da sua empresa: estrat\u00e9gias eficazes com a Legis Juris Consultoria - Jornal Fatos e Not\u00edcias","robots":{"index":"index","follow":"follow","max-snippet":"max-snippet:-1","max-image-preview":"max-image-preview:large","max-video-preview":"max-video-preview:-1"},"canonical":"https:\/\/jornalfatosenoticias.com.br\/index.php\/2024\/09\/05\/otimize-a-gestao-tributaria-da-sua-empresa-estrategias-eficazes-com-a-legis-juris-consultoria\/","og_locale":"pt_BR","og_type":"article","og_title":"Otimize a gest\u00e3o tribut\u00e1ria da sua empresa: estrat\u00e9gias eficazes com a Legis Juris Consultoria - Jornal Fatos e Not\u00edcias","og_description":"Por Rogerio Fernandes da Silva &amp; Kalyne Calais A gest\u00e3o tribut\u00e1ria eficiente \u00e9 fundamental para a sa\u00fade financeira das empresas. Em um cen\u00e1rio de alta carga tribut\u00e1ria, \u00e9 essencial que empres\u00e1rios adotem estrat\u00e9gias de planejamento societ\u00e1rio e tribut\u00e1rio, aproveitem incentivos fiscais e garantam o correto aproveitamento de cr\u00e9ditos tribut\u00e1rios. Isso n\u00e3o s\u00f3 reduz a carga [&hellip;]","og_url":"https:\/\/jornalfatosenoticias.com.br\/index.php\/2024\/09\/05\/otimize-a-gestao-tributaria-da-sua-empresa-estrategias-eficazes-com-a-legis-juris-consultoria\/","og_site_name":"Jornal Fatos e Not\u00edcias","article_published_time":"2024-09-05T17:58:27+00:00","article_modified_time":"2024-09-05T17:58:28+00:00","og_image":[{"width":120,"height":61,"url":"https:\/\/jornalfatosenoticias.com.br\/wp-content\/uploads\/2024\/09\/Legis-Juris-Consultoria_Rogerio-e-Kalyne-e1745525180488.jpg","type":"image\/jpeg"}],"author":"Luzimara Fernandes","twitter_card":"summary_large_image","twitter_misc":{"Escrito por":"Luzimara Fernandes","Est. tempo de leitura":"3 minutos"},"schema":{"@context":"https:\/\/schema.org","@graph":[{"@type":"Article","@id":"https:\/\/jornalfatosenoticias.com.br\/index.php\/2024\/09\/05\/otimize-a-gestao-tributaria-da-sua-empresa-estrategias-eficazes-com-a-legis-juris-consultoria\/#article","isPartOf":{"@id":"https:\/\/jornalfatosenoticias.com.br\/index.php\/2024\/09\/05\/otimize-a-gestao-tributaria-da-sua-empresa-estrategias-eficazes-com-a-legis-juris-consultoria\/"},"author":{"name":"Luzimara Fernandes","@id":"https:\/\/jornalfatosenoticias.com.br\/#\/schema\/person\/d63837fa13ac8666eb9e74e0985d6f81"},"headline":"Otimize a gest\u00e3o tribut\u00e1ria da sua empresa: estrat\u00e9gias eficazes com a Legis Juris Consultoria","datePublished":"2024-09-05T17:58:27+00:00","dateModified":"2024-09-05T17:58:28+00:00","mainEntityOfPage":{"@id":"https:\/\/jornalfatosenoticias.com.br\/index.php\/2024\/09\/05\/otimize-a-gestao-tributaria-da-sua-empresa-estrategias-eficazes-com-a-legis-juris-consultoria\/"},"wordCount":634,"commentCount":0,"publisher":{"@id":"https:\/\/jornalfatosenoticias.com.br\/#organization"},"image":{"@id":"https:\/\/jornalfatosenoticias.com.br\/index.php\/2024\/09\/05\/otimize-a-gestao-tributaria-da-sua-empresa-estrategias-eficazes-com-a-legis-juris-consultoria\/#primaryimage"},"thumbnailUrl":"https:\/\/jornalfatosenoticias.com.br\/wp-content\/uploads\/2024\/09\/Legis-Juris-Consultoria_Rogerio-e-Kalyne-e1745525180488.jpg","keywords":["cr\u00e9ditos tribut\u00e1rios","desempenho financeiro das empresas","empresa","gest\u00e3o tribut\u00e1ria","Legis Juris Consultoria","otimiza\u00e7\u00e3o"],"articleSection":["Economia"],"inLanguage":"pt-BR","potentialAction":[{"@type":"CommentAction","name":"Comment","target":["https:\/\/jornalfatosenoticias.com.br\/index.php\/2024\/09\/05\/otimize-a-gestao-tributaria-da-sua-empresa-estrategias-eficazes-com-a-legis-juris-consultoria\/#respond"]}]},{"@type":"WebPage","@id":"https:\/\/jornalfatosenoticias.com.br\/index.php\/2024\/09\/05\/otimize-a-gestao-tributaria-da-sua-empresa-estrategias-eficazes-com-a-legis-juris-consultoria\/","url":"https:\/\/jornalfatosenoticias.com.br\/index.php\/2024\/09\/05\/otimize-a-gestao-tributaria-da-sua-empresa-estrategias-eficazes-com-a-legis-juris-consultoria\/","name":"Otimize a gest\u00e3o tribut\u00e1ria da sua empresa: estrat\u00e9gias eficazes com a Legis Juris Consultoria - Jornal Fatos e Not\u00edcias","isPartOf":{"@id":"https:\/\/jornalfatosenoticias.com.br\/#website"},"primaryImageOfPage":{"@id":"https:\/\/jornalfatosenoticias.com.br\/index.php\/2024\/09\/05\/otimize-a-gestao-tributaria-da-sua-empresa-estrategias-eficazes-com-a-legis-juris-consultoria\/#primaryimage"},"image":{"@id":"https:\/\/jornalfatosenoticias.com.br\/index.php\/2024\/09\/05\/otimize-a-gestao-tributaria-da-sua-empresa-estrategias-eficazes-com-a-legis-juris-consultoria\/#primaryimage"},"thumbnailUrl":"https:\/\/jornalfatosenoticias.com.br\/wp-content\/uploads\/2024\/09\/Legis-Juris-Consultoria_Rogerio-e-Kalyne-e1745525180488.jpg","datePublished":"2024-09-05T17:58:27+00:00","dateModified":"2024-09-05T17:58:28+00:00","breadcrumb":{"@id":"https:\/\/jornalfatosenoticias.com.br\/index.php\/2024\/09\/05\/otimize-a-gestao-tributaria-da-sua-empresa-estrategias-eficazes-com-a-legis-juris-consultoria\/#breadcrumb"},"inLanguage":"pt-BR","potentialAction":[{"@type":"ReadAction","target":["https:\/\/jornalfatosenoticias.com.br\/index.php\/2024\/09\/05\/otimize-a-gestao-tributaria-da-sua-empresa-estrategias-eficazes-com-a-legis-juris-consultoria\/"]}]},{"@type":"ImageObject","inLanguage":"pt-BR","@id":"https:\/\/jornalfatosenoticias.com.br\/index.php\/2024\/09\/05\/otimize-a-gestao-tributaria-da-sua-empresa-estrategias-eficazes-com-a-legis-juris-consultoria\/#primaryimage","url":"https:\/\/jornalfatosenoticias.com.br\/wp-content\/uploads\/2024\/09\/Legis-Juris-Consultoria_Rogerio-e-Kalyne-e1745525180488.jpg","contentUrl":"https:\/\/jornalfatosenoticias.com.br\/wp-content\/uploads\/2024\/09\/Legis-Juris-Consultoria_Rogerio-e-Kalyne-e1745525180488.jpg","width":120,"height":61},{"@type":"BreadcrumbList","@id":"https:\/\/jornalfatosenoticias.com.br\/index.php\/2024\/09\/05\/otimize-a-gestao-tributaria-da-sua-empresa-estrategias-eficazes-com-a-legis-juris-consultoria\/#breadcrumb","itemListElement":[{"@type":"ListItem","position":1,"name":"In\u00edcio","item":"https:\/\/jornalfatosenoticias.com.br\/"},{"@type":"ListItem","position":2,"name":"Otimize a gest\u00e3o tribut\u00e1ria da sua empresa: estrat\u00e9gias eficazes com a Legis Juris Consultoria"}]},{"@type":"WebSite","@id":"https:\/\/jornalfatosenoticias.com.br\/#website","url":"https:\/\/jornalfatosenoticias.com.br\/","name":"Jornal Fatos e Not\u00edcias","description":"Not\u00edcias em geral","publisher":{"@id":"https:\/\/jornalfatosenoticias.com.br\/#organization"},"potentialAction":[{"@type":"SearchAction","target":{"@type":"EntryPoint","urlTemplate":"https:\/\/jornalfatosenoticias.com.br\/?s={search_term_string}"},"query-input":{"@type":"PropertyValueSpecification","valueRequired":true,"valueName":"search_term_string"}}],"inLanguage":"pt-BR"},{"@type":"Organization","@id":"https:\/\/jornalfatosenoticias.com.br\/#organization","name":"Jornal Fatos e Not\u00edcias","url":"https:\/\/jornalfatosenoticias.com.br\/","logo":{"@type":"ImageObject","inLanguage":"pt-BR","@id":"https:\/\/jornalfatosenoticias.com.br\/#\/schema\/logo\/image\/","url":"https:\/\/jornalfatosenoticias.com.br\/wp-content\/uploads\/2020\/02\/logo120.png","contentUrl":"https:\/\/jornalfatosenoticias.com.br\/wp-content\/uploads\/2020\/02\/logo120.png","width":1227,"height":120,"caption":"Jornal Fatos e Not\u00edcias"},"image":{"@id":"https:\/\/jornalfatosenoticias.com.br\/#\/schema\/logo\/image\/"}},{"@type":"Person","@id":"https:\/\/jornalfatosenoticias.com.br\/#\/schema\/person\/d63837fa13ac8666eb9e74e0985d6f81","name":"Luzimara Fernandes","image":{"@type":"ImageObject","inLanguage":"pt-BR","@id":"https:\/\/jornalfatosenoticias.com.br\/#\/schema\/person\/image\/","url":"https:\/\/jornalfatosenoticias.com.br\/wp-content\/uploads\/2025\/05\/EU_portal.jpg","contentUrl":"https:\/\/jornalfatosenoticias.com.br\/wp-content\/uploads\/2025\/05\/EU_portal.jpg","caption":"Luzimara Fernandes"},"description":"Jornalista MTB 2358-ES","sameAs":["https:\/\/jornalfatosenoticias.com.br"],"url":"https:\/\/jornalfatosenoticias.com.br\/index.php\/author\/luzimara\/"}]}},"cc_featured_image_caption":{"caption_text":"(Foto: Arquivo Pessoal) ","source_text":"","source_url":""},"jetpack_featured_media_url":"https:\/\/jornalfatosenoticias.com.br\/wp-content\/uploads\/2024\/09\/Legis-Juris-Consultoria_Rogerio-e-Kalyne-e1745525180488.jpg","_links":{"self":[{"href":"https:\/\/jornalfatosenoticias.com.br\/index.php\/wp-json\/wp\/v2\/posts\/53910","targetHints":{"allow":["GET"]}}],"collection":[{"href":"https:\/\/jornalfatosenoticias.com.br\/index.php\/wp-json\/wp\/v2\/posts"}],"about":[{"href":"https:\/\/jornalfatosenoticias.com.br\/index.php\/wp-json\/wp\/v2\/types\/post"}],"author":[{"embeddable":true,"href":"https:\/\/jornalfatosenoticias.com.br\/index.php\/wp-json\/wp\/v2\/users\/2"}],"replies":[{"embeddable":true,"href":"https:\/\/jornalfatosenoticias.com.br\/index.php\/wp-json\/wp\/v2\/comments?post=53910"}],"version-history":[{"count":0,"href":"https:\/\/jornalfatosenoticias.com.br\/index.php\/wp-json\/wp\/v2\/posts\/53910\/revisions"}],"wp:featuredmedia":[{"embeddable":true,"href":"https:\/\/jornalfatosenoticias.com.br\/index.php\/wp-json\/wp\/v2\/media\/53917"}],"wp:attachment":[{"href":"https:\/\/jornalfatosenoticias.com.br\/index.php\/wp-json\/wp\/v2\/media?parent=53910"}],"wp:term":[{"taxonomy":"category","embeddable":true,"href":"https:\/\/jornalfatosenoticias.com.br\/index.php\/wp-json\/wp\/v2\/categories?post=53910"},{"taxonomy":"post_tag","embeddable":true,"href":"https:\/\/jornalfatosenoticias.com.br\/index.php\/wp-json\/wp\/v2\/tags?post=53910"}],"curies":[{"name":"wp","href":"https:\/\/api.w.org\/{rel}","templated":true}]}}