{"id":53919,"date":"2024-09-05T15:19:53","date_gmt":"2024-09-05T18:19:53","guid":{"rendered":"https:\/\/jornalfatosenoticias.com.br\/?p=53919"},"modified":"2024-09-05T15:19:55","modified_gmt":"2024-09-05T18:19:55","slug":"max-pitangui-o-preso-politico-capixaba","status":"publish","type":"post","link":"https:\/\/jornalfatosenoticias.com.br\/index.php\/2024\/09\/05\/max-pitangui-o-preso-politico-capixaba\/","title":{"rendered":"Max Pitangui, o preso pol\u00edtico capixaba"},"content":{"rendered":"\n<p><em><span class=\"has-inline-color has-black-color\">O radialista Max Pitangui de Abreu, foi preso acusado por \u2018atos antidemocr\u00e1ticos\u2019 e, hoje, usa tornozeleira a mando de Alexandre de Moraes<\/span><\/em><\/p>\n\n\n\n<div class=\"wp-block-image\"><figure class=\"aligncenter size-large\"><a href=\"https:\/\/mizu.com.br\/\"><img loading=\"lazy\" decoding=\"async\" width=\"729\" height=\"90\" src=\"https:\/\/jornalfatosenoticias.com.br\/wp-content\/uploads\/2020\/02\/Logo_Mizu.png\" alt=\"\" class=\"wp-image-1441\" srcset=\"https:\/\/jornalfatosenoticias.com.br\/wp-content\/uploads\/2020\/02\/Logo_Mizu.png 729w, https:\/\/jornalfatosenoticias.com.br\/wp-content\/uploads\/2020\/02\/Logo_Mizu-300x37.png 300w\" sizes=\"auto, (max-width: 729px) 100vw, 729px\" \/><\/a><\/figure><\/div>\n\n\n\n<p>Esta semana, o Fatos &amp; Not\u00edcias entrevistou o radialista Maxcione Pitangui de Abreu, mais conhecido como Max Pitangui, para ouvir e entender melhor os motivos que o levaram \u00e0 pris\u00e3o. Max n\u00e3o entende o porqu\u00ea foi preso e est\u00e1 usando tornozeleira, puni\u00e7\u00e3o imposta pela justi\u00e7a, uma vez que n\u00e3o houve processo legal.<br>Na ocasi\u00e3o, o radialista, que \u00e9 casado e pai de cinco filhos, foi condenado a indenizar a procuradora-geral de justi\u00e7a, Luciana Gomes Ferreira de Andrade, por danos morais, sentenciada pelo juiz Boanerges Eler Lopes, do 9\u00ba. Juizado Especial C\u00edvel de Vit\u00f3ria.<\/p>\n\n\n\n<div class=\"wp-block-image\"><figure class=\"aligncenter size-large is-resized\"><a href=\"https:\/\/www.controlsystems.com.br\/\"><img loading=\"lazy\" decoding=\"async\" src=\"https:\/\/jornalfatosenoticias.com.br\/wp-content\/uploads\/2020\/02\/CONTROL-CS.jpg\" alt=\"\" class=\"wp-image-44991\" width=\"295\" height=\"353\" srcset=\"https:\/\/jornalfatosenoticias.com.br\/wp-content\/uploads\/2020\/02\/CONTROL-CS.jpg 834w, https:\/\/jornalfatosenoticias.com.br\/wp-content\/uploads\/2020\/02\/CONTROL-CS-250x300.jpg 250w, https:\/\/jornalfatosenoticias.com.br\/wp-content\/uploads\/2020\/02\/CONTROL-CS-768x921.jpg 768w\" sizes=\"auto, (max-width: 295px) 100vw, 295px\" \/><\/a><\/figure><\/div>\n\n\n\n<p>Segundo Pitangui, sua pris\u00e3o n\u00e3o passou de interesses pol\u00edticos para acobertar atos il\u00edcitos que envolviam membros do governo Casagrande acobertados pelo Minist\u00e9rio P\u00fablico do Esp\u00edrito Santo (MPES), que tinha na presid\u00eancia a procuradora-geral Luciana Gomes.<\/p>\n\n\n\n<div class=\"wp-block-image\"><figure class=\"aligncenter size-large\"><a href=\"http:\/\/www.ferrarimaquinas.com.br\/\"><img loading=\"lazy\" decoding=\"async\" width=\"300\" height=\"250\" src=\"https:\/\/jornalfatosenoticias.com.br\/wp-content\/uploads\/2022\/02\/FERRARI_MAQUINAS-E-FERRAMENTAS2.jpg\" alt=\"\" class=\"wp-image-27860\"\/><\/a><\/figure><\/div>\n\n\n\n<blockquote class=\"wp-block-quote is-layout-flow wp-block-quote-is-layout-flow\"><p><span class=\"has-inline-color has-luminous-vivid-orange-color\">A pris\u00e3o aconteceu, acredito eu, porque em 2022, voc\u00eas da imprensa noticiavam irregularidades que estavam acontecendo no judici\u00e1rio e no Poder Executivo capixaba. Como crist\u00e3o e defensor incondicional da fam\u00edlia e dos princ\u00edpios morais, como ativista pol\u00edtico, comecei de forma an\u00f4nima e independente, a denunciar, nas minhas redes sociais, esses acontecimentos\u201d, explica Max.<\/span><\/p><\/blockquote>\n\n\n\n<div class=\"wp-block-image\"><figure class=\"aligncenter size-large is-resized\"><a href=\"https:\/\/www.instagram.com\/serra4x4cambioautomatico\/\"><img loading=\"lazy\" decoding=\"async\" src=\"https:\/\/jornalfatosenoticias.com.br\/wp-content\/uploads\/2024\/08\/Serra-4x4-1-886x1024.jpg\" alt=\"\" class=\"wp-image-53632\" width=\"292\" height=\"337\" srcset=\"https:\/\/jornalfatosenoticias.com.br\/wp-content\/uploads\/2024\/08\/Serra-4x4-1-886x1024.jpg 886w, https:\/\/jornalfatosenoticias.com.br\/wp-content\/uploads\/2024\/08\/Serra-4x4-1-260x300.jpg 260w, https:\/\/jornalfatosenoticias.com.br\/wp-content\/uploads\/2024\/08\/Serra-4x4-1-768x888.jpg 768w, https:\/\/jornalfatosenoticias.com.br\/wp-content\/uploads\/2024\/08\/Serra-4x4-1.jpg 1181w\" sizes=\"auto, (max-width: 292px) 100vw, 292px\" \/><\/a><\/figure><\/div>\n\n\n\n<p>\u201cOutra coisa que potencializou meu envolvimento foi o abuso sexual sofrido por uma filha minha. Isso me fez ver melhor o qu\u00e3o \u00e9 despreparada a nossa seguran\u00e7a p\u00fablica, o governo Casagrande num todo. Basta ver o baixo n\u00famero no contingente de policiais \u2014 militar e civil \u2014 certificado da m\u00e1 gest\u00e3o do governador Casagrande\u201d, acrescenta.<\/p>\n\n\n\n<div class=\"wp-block-image\"><figure class=\"aligncenter size-large is-resized\"><a href=\"https:\/\/panper.com.br\/\"><img loading=\"lazy\" decoding=\"async\" src=\"https:\/\/jornalfatosenoticias.com.br\/wp-content\/uploads\/2023\/03\/logo-Panper_portal.jpg\" alt=\"\" class=\"wp-image-40208\" width=\"336\" height=\"233\" srcset=\"https:\/\/jornalfatosenoticias.com.br\/wp-content\/uploads\/2023\/03\/logo-Panper_portal.jpg 400w, https:\/\/jornalfatosenoticias.com.br\/wp-content\/uploads\/2023\/03\/logo-Panper_portal-300x208.jpg 300w\" sizes=\"auto, (max-width: 336px) 100vw, 336px\" \/><\/a><\/figure><\/div>\n\n\n\n<p><em>\u201cAinda neste governo, fiz den\u00fancias contra Tyago Hoffman, hoje deputado estadual, e o advogado Munir Abud de Oliveira, na \u00e9poca presidente do Bandes, que desviou milh\u00f5es, chegando a construir uma mans\u00e3o, completamente fora da sua realidade or\u00e7ament\u00e1ria, ou seja, procurei dar mais visibilidade \u00e0 sociedade e isso era s\u00f3 a ponta do iceberg. Foram diversos crimes na \u00e9poca, ju\u00edzes vendendo senten\u00e7as junto ao MPES, coisas estranhas aconteciam sem o conhecimento da popula\u00e7\u00e3o\u201d, afirma.<\/em><\/p>\n\n\n\n<div class=\"wp-block-image\"><figure class=\"aligncenter size-large\"><a href=\"https:\/\/cesconetto.com.br\/\"><img loading=\"lazy\" decoding=\"async\" width=\"300\" height=\"250\" src=\"https:\/\/jornalfatosenoticias.com.br\/wp-content\/uploads\/2022\/02\/Banner-2.png\" alt=\"\" class=\"wp-image-27877\"\/><\/a><\/figure><\/div>\n\n\n\n<blockquote class=\"wp-block-quote is-layout-flow wp-block-quote-is-layout-flow\"><p><span class=\"has-inline-color has-luminous-vivid-orange-color\">Em 2022, minha pris\u00e3o foi imposta pelo ministro Alexandre de Moraes, certamente para me calar, j\u00e1 que eu estava expondo a realidade da c\u00fapula podre do judici\u00e1rio capixaba que estava cometendo diversos crimes contra a sociedade\u201d.<\/span><\/p><\/blockquote>\n\n\n\n<div class=\"wp-block-image\"><figure class=\"aligncenter size-large is-resized\"><a href=\"https:\/\/hotelmarquetti.com.br\/\"><img loading=\"lazy\" decoding=\"async\" src=\"https:\/\/jornalfatosenoticias.com.br\/wp-content\/uploads\/2023\/03\/nova-logo-Marquetti.jpg\" alt=\"\" class=\"wp-image-40207\" width=\"299\" height=\"201\" srcset=\"https:\/\/jornalfatosenoticias.com.br\/wp-content\/uploads\/2023\/03\/nova-logo-Marquetti.jpg 643w, https:\/\/jornalfatosenoticias.com.br\/wp-content\/uploads\/2023\/03\/nova-logo-Marquetti-300x202.jpg 300w\" sizes=\"auto, (max-width: 299px) 100vw, 299px\" \/><\/a><\/figure><\/div>\n\n\n\n<p>A pris\u00e3o de Max foi amplamente noticiada pelas grandes m\u00eddias e emissoras. \u201cA Pol\u00edcia Federal deu resultado t\u00e9cnico do meu caso sendo que n\u00e3o tinha nenhum envolvimento meu com as acusa\u00e7\u00f5es feitas a meu respeito. Fui preso sem acusa\u00e7\u00e3o a sem den\u00fancia, ou seja, fui sequestrado pelo Estado brasileiro por estar cobrando democracia e ironicamente fui acusado de praticar atos antidemocr\u00e1ticos. Isso nos d\u00e1 uma ideia clara de que estamos vivendo num estado de exce\u00e7\u00e3o, de ditadura\u201d.<\/p>\n\n\n\n<div class=\"wp-block-image\"><figure class=\"aligncenter size-large is-resized\"><a href=\"https:\/\/www.ithbrasil.com.br\/\"><img loading=\"lazy\" decoding=\"async\" src=\"https:\/\/jornalfatosenoticias.com.br\/wp-content\/uploads\/2023\/08\/ITH.jpeg\" alt=\"\" class=\"wp-image-44638\" width=\"277\" height=\"225\" srcset=\"https:\/\/jornalfatosenoticias.com.br\/wp-content\/uploads\/2023\/08\/ITH.jpeg 800w, https:\/\/jornalfatosenoticias.com.br\/wp-content\/uploads\/2023\/08\/ITH-300x244.jpeg 300w, https:\/\/jornalfatosenoticias.com.br\/wp-content\/uploads\/2023\/08\/ITH-768x624.jpeg 768w\" sizes=\"auto, (max-width: 277px) 100vw, 277px\" \/><\/a><\/figure><\/div>\n\n\n\n<p>\u201cA procuradora, que \u00e9 do Estado de S\u00e3o Paulo, pela sua aproxima\u00e7\u00e3o com o ministro Alexandre de Moraes, conseguiu essa fa\u00e7anha. Ela havia tentado me prender em outro momento, com pedido feito ao ministro Dias Toffoli, mas foi negado. Ap\u00f3s o insucesso com Toffoli, a magistrada, ent\u00e3o, procurou o Moraes, que tem uma tara muito grande em perseguir pessoas ligadas \u00e0 direita e ao Bolsonaro. Ele n\u00e3o respeita o tr\u00e2mite processual, \u00e9 o comportamento de praxe dele, que se coloca acima da Constitui\u00e7\u00e3o, da lei, enfim acima de tudo e de todos. Mandou prender-me para proteger a procuradora Luciana Gomes dos seus crimes, isso \u00e9 fato e todo mundo sabe disso\u201d, exp\u00f5e.<\/p>\n\n\n\n<div class=\"wp-block-image\"><figure class=\"aligncenter size-large is-resized\"><a href=\"https:\/\/www.instagram.com\/vmais.midias\/\"><img loading=\"lazy\" decoding=\"async\" src=\"https:\/\/jornalfatosenoticias.com.br\/wp-content\/uploads\/2020\/02\/DE-MAIS-DESTAQUE-VMAIS-800X700.png\" alt=\"\" class=\"wp-image-53112\" width=\"276\" height=\"241\" srcset=\"https:\/\/jornalfatosenoticias.com.br\/wp-content\/uploads\/2020\/02\/DE-MAIS-DESTAQUE-VMAIS-800X700.png 800w, https:\/\/jornalfatosenoticias.com.br\/wp-content\/uploads\/2020\/02\/DE-MAIS-DESTAQUE-VMAIS-800X700-300x263.png 300w, https:\/\/jornalfatosenoticias.com.br\/wp-content\/uploads\/2020\/02\/DE-MAIS-DESTAQUE-VMAIS-800X700-768x672.png 768w\" sizes=\"auto, (max-width: 276px) 100vw, 276px\" \/><\/a><\/figure><\/div>\n\n\n\n<p>\u201cFui para o Paraguai com minha fam\u00edlia por n\u00e3o aceitar ordens ilegais. Fiquei como exilado pol\u00edtico, vivendo de forma correta e legal, mas continuei denunciando as irregularidades na equipe de governo e do MPES, mostrando o porqu\u00ea da persegui\u00e7\u00e3o. Aproveito para deixar claro que, em momento algum, fui destratado pelos policiais federais, vi cidad\u00e3os por tr\u00e1s das fardas que agiram com profissionalismo e respeito. Hoje, mesmo sendo inocentado, estou usando tornozeleira. Essa situa\u00e7\u00e3o trouxe diversos preju\u00edzos tanto para mim como para minha fam\u00edlia. Acarretou problemas financeiros e sociais, de relacionamento com outras pessoas que questionavam minha honra, tudo por consequ\u00eancia de uma a\u00e7\u00e3o injusta de um ministro que se acha acima da lei, Alexandre de Moraes\u201d, critica.<\/p>\n\n\n\n<div class=\"wp-block-image\"><figure class=\"aligncenter size-large\"><a href=\"https:\/\/www.facebook.com\/Esteio-Churrascaria-Barbecue-103643461220402\/\"><img decoding=\"async\" src=\"https:\/\/jornalfatosenoticias.com.br\/wp-content\/uploads\/2020\/02\/logo_esteio.jpg\" alt=\"\" class=\"wp-image-1214\"\/><\/a><\/figure><\/div>\n\n\n\n<p>Resoluto, Pitangui diz, com um certo conformismo, que \u2018a vida \u00e9 assim\u2019. Ele faz um apelo \u00e0 popula\u00e7\u00e3o, \u201cno pr\u00f3ximo m\u00eas estaremos escolhendo prefeitos e vereadores. Moro desde crian\u00e7a no munic\u00edpio da Serra, amo minha cidade e acho que o munic\u00edpio mais populoso e segunda maior economia do Estado precisa de uma renova\u00e7\u00e3o, urgente. Chega desse chavismo que vivemos h\u00e1 quase trinta anos com apenas dois nomes, Audifax e Vidigal. O munic\u00edpio serrano precisa avan\u00e7ar, parar de viver do passado, o momento \u00e9 de renova\u00e7\u00e3o. Para lutar em melhores condi\u00e7\u00f5es, coloquei meu nome \u00e0 disposi\u00e7\u00e3o da popula\u00e7\u00e3o serrana para concorrer ao cargo de vereador, por entender que o Legislativo precisa fazer o que lhe \u00e9 devido: fiscalizar e denunciar, quando necess\u00e1rio, o Executivo e apresentar projetos de leis\u201d.<\/p>\n\n\n\n<div class=\"wp-block-image\"><figure class=\"aligncenter size-large is-resized\"><a href=\"https:\/\/www.facebook.com\/postobkr\/?locale=pt_BR\"><img loading=\"lazy\" decoding=\"async\" src=\"https:\/\/jornalfatosenoticias.com.br\/wp-content\/uploads\/2023\/08\/BKR-1024x1021.jpg\" alt=\"\" class=\"wp-image-44494\" width=\"268\" height=\"267\" srcset=\"https:\/\/jornalfatosenoticias.com.br\/wp-content\/uploads\/2023\/08\/BKR-1024x1021.jpg 1024w, https:\/\/jornalfatosenoticias.com.br\/wp-content\/uploads\/2023\/08\/BKR-300x300.jpg 300w, https:\/\/jornalfatosenoticias.com.br\/wp-content\/uploads\/2023\/08\/BKR-150x150.jpg 150w, https:\/\/jornalfatosenoticias.com.br\/wp-content\/uploads\/2023\/08\/BKR-768x766.jpg 768w, https:\/\/jornalfatosenoticias.com.br\/wp-content\/uploads\/2023\/08\/BKR.jpg 1080w\" sizes=\"auto, (max-width: 268px) 100vw, 268px\" \/><\/a><\/figure><\/div>\n\n\n\n<p>\u201cTenho um projeto muito interessante para a sa\u00fade, denominado Anjo Gabriel, que tem como norte cuidar da vida desde a sua concep\u00e7\u00e3o, colocar no exame morfol\u00f3gico a medida do colo do \u00fatero da 11\u00aa. a 12\u00aa. semana de gesta\u00e7\u00e3o. O exame j\u00e1 existe no pr\u00e9-natal, mas vou sugerir a implementa\u00e7\u00e3o da medida do colo do \u00fatero. Com isso, evitaremos interna\u00e7\u00e3o de crian\u00e7as, ecl\u00e2mpsia e pr\u00e9-ecl\u00e2mpsia, al\u00e9m de evitar nascimento de crian\u00e7as prematuras, que acabam tendo in\u00fameros problemas para o resto de sua vida, inclusive o autismo\u201d.<br>Na educa\u00e7\u00e3o, Max diz que fiscalizar\u00e1 e combater\u00e1 a ideologia de g\u00eanero, imposta pela esquerda dentro das nossas institui\u00e7\u00f5es de ensino. \u201cAcompanharei de perto todo o contexto educacional que \u00e9 oferecido para nossas crian\u00e7as\u201d, afirma.<\/p>\n\n\n\n<div class=\"wp-block-image\"><figure class=\"aligncenter size-large is-resized\"><a href=\"https:\/\/www.instagram.com\/restaurantepegoretti\/\"><img loading=\"lazy\" decoding=\"async\" src=\"https:\/\/jornalfatosenoticias.com.br\/wp-content\/uploads\/2023\/12\/pegoretti-logo-pdf-1024x389.jpg\" alt=\"\" class=\"wp-image-47536\" width=\"395\" height=\"150\" srcset=\"https:\/\/jornalfatosenoticias.com.br\/wp-content\/uploads\/2023\/12\/pegoretti-logo-pdf-1024x389.jpg 1024w, https:\/\/jornalfatosenoticias.com.br\/wp-content\/uploads\/2023\/12\/pegoretti-logo-pdf-300x114.jpg 300w, https:\/\/jornalfatosenoticias.com.br\/wp-content\/uploads\/2023\/12\/pegoretti-logo-pdf-768x291.jpg 768w, https:\/\/jornalfatosenoticias.com.br\/wp-content\/uploads\/2023\/12\/pegoretti-logo-pdf.jpg 1120w\" sizes=\"auto, (max-width: 395px) 100vw, 395px\" \/><\/a><\/figure><\/div>\n\n\n\n<p>Outra \u00e1rea importante \u00e9 o meio ambiente. \u201cNosso espelho d\u2019\u00e1gua est\u00e1 completamente polu\u00eddo, chamo aten\u00e7\u00e3o da Cesan, companhia controlada pelo governo. N\u00e3o existe nenhum projeto de preserva\u00e7\u00e3o das nossas riquezas naturais (lagoas, APAs, praias)\u201d. O turismo \u00e9 outra \u00e1rea escanteada pelas administra\u00e7\u00f5es. \u201cTemos um turismo fraco e inoperante\u201d, destaca.<\/p>\n\n\n\n<div class=\"wp-block-image\"><figure class=\"aligncenter size-large is-resized\"><a href=\"https:\/\/www.facebook.com\/vetor.vix\/\"><img loading=\"lazy\" decoding=\"async\" src=\"https:\/\/jornalfatosenoticias.com.br\/wp-content\/uploads\/2023\/09\/vetorvix1024_1.jpg\" alt=\"\" class=\"wp-image-44868\" width=\"486\" height=\"129\" srcset=\"https:\/\/jornalfatosenoticias.com.br\/wp-content\/uploads\/2023\/09\/vetorvix1024_1.jpg 1024w, https:\/\/jornalfatosenoticias.com.br\/wp-content\/uploads\/2023\/09\/vetorvix1024_1-300x80.jpg 300w, https:\/\/jornalfatosenoticias.com.br\/wp-content\/uploads\/2023\/09\/vetorvix1024_1-768x205.jpg 768w\" sizes=\"auto, (max-width: 486px) 100vw, 486px\" \/><\/a><\/figure><\/div>\n\n\n\n<blockquote class=\"wp-block-quote is-layout-flow wp-block-quote-is-layout-flow\"><p><span class=\"has-inline-color has-luminous-vivid-orange-color\">Quero, aqui, agradecer o espa\u00e7o e aproveitar para dizer que serei um combativo fiscalizador, para ajudar o nosso munic\u00edpio e a direita conservadora a eleger seu representante em 2026. Teremos bons nomes, mas que seja Jair Bolsonaro, que, na minha opini\u00e3o, foi o melhor presidente que o Brasil j\u00e1 teve. Sua miss\u00e3o ainda n\u00e3o foi conclu\u00edda. Se ele n\u00e3o fez mais, foi porque o sistema n\u00e3o permitiu\u201d, ressalta.<\/span><\/p><\/blockquote>\n\n\n\n<div class=\"wp-block-image\"><figure class=\"aligncenter size-large is-resized\"><a href=\"https:\/\/www.legisjuris.com.br\/\"><img loading=\"lazy\" decoding=\"async\" src=\"https:\/\/jornalfatosenoticias.com.br\/wp-content\/uploads\/2024\/09\/Legis-Juris-Consultoria_logo.jpg\" alt=\"\" class=\"wp-image-53915\" width=\"437\" height=\"183\" srcset=\"https:\/\/jornalfatosenoticias.com.br\/wp-content\/uploads\/2024\/09\/Legis-Juris-Consultoria_logo.jpg 969w, https:\/\/jornalfatosenoticias.com.br\/wp-content\/uploads\/2024\/09\/Legis-Juris-Consultoria_logo-300x126.jpg 300w, https:\/\/jornalfatosenoticias.com.br\/wp-content\/uploads\/2024\/09\/Legis-Juris-Consultoria_logo-768x322.jpg 768w\" sizes=\"auto, (max-width: 437px) 100vw, 437px\" \/><\/a><\/figure><\/div>\n","protected":false},"excerpt":{"rendered":"<p>O radialista Max Pitangui de Abreu, foi preso acusado por \u2018atos antidemocr\u00e1ticos\u2019 e, hoje, usa tornozeleira a mando de Alexandre de Moraes Esta semana, o Fatos &amp; Not\u00edcias entrevistou o radialista Maxcione Pitangui de Abreu, mais conhecido como Max Pitangui, para ouvir e entender melhor os motivos que o levaram \u00e0 pris\u00e3o. Max n\u00e3o entende [&hellip;]<\/p>\n","protected":false},"author":3,"featured_media":53920,"comment_status":"open","ping_status":"open","sticky":false,"template":"","format":"standard","meta":{"footnotes":""},"categories":[10],"tags":[13889,21332,21316,16295,24564,24562,24563],"class_list":["post-53919","post","type-post","status-publish","format-standard","has-post-thumbnail","hentry","category-politica","tag-alexandre-de-moraes","tag-ativismo-do-stf","tag-ativismo-judicial","tag-ditadura-da-toga","tag-ditadura-no-brasil","tag-max-pitangui","tag-preso-politico"],"yoast_head":"<!-- This site is optimized with the Yoast SEO plugin v26.5 - https:\/\/yoast.com\/wordpress\/plugins\/seo\/ -->\n<title>Max Pitangui, o preso pol\u00edtico capixaba - Jornal Fatos e Not\u00edcias<\/title>\n<meta name=\"robots\" content=\"index, follow, max-snippet:-1, max-image-preview:large, max-video-preview:-1\" \/>\n<link rel=\"canonical\" href=\"https:\/\/jornalfatosenoticias.com.br\/index.php\/2024\/09\/05\/max-pitangui-o-preso-politico-capixaba\/\" \/>\n<meta property=\"og:locale\" content=\"pt_BR\" \/>\n<meta property=\"og:type\" content=\"article\" \/>\n<meta property=\"og:title\" content=\"Max Pitangui, o preso pol\u00edtico capixaba - Jornal Fatos e Not\u00edcias\" \/>\n<meta property=\"og:description\" content=\"O radialista Max Pitangui de Abreu, foi preso acusado por \u2018atos antidemocr\u00e1ticos\u2019 e, hoje, usa tornozeleira a mando de Alexandre de Moraes Esta semana, o Fatos &amp; Not\u00edcias entrevistou o radialista Maxcione Pitangui de Abreu, mais conhecido como Max Pitangui, para ouvir e entender melhor os motivos que o levaram \u00e0 pris\u00e3o. Max n\u00e3o entende [&hellip;]\" \/>\n<meta property=\"og:url\" content=\"https:\/\/jornalfatosenoticias.com.br\/index.php\/2024\/09\/05\/max-pitangui-o-preso-politico-capixaba\/\" \/>\n<meta property=\"og:site_name\" content=\"Jornal Fatos e Not\u00edcias\" \/>\n<meta property=\"article:published_time\" content=\"2024-09-05T18:19:53+00:00\" \/>\n<meta property=\"article:modified_time\" content=\"2024-09-05T18:19:55+00:00\" \/>\n<meta property=\"og:image\" content=\"https:\/\/jornalfatosenoticias.com.br\/wp-content\/uploads\/2024\/09\/Max-Pitangui.jpg\" \/>\n\t<meta property=\"og:image:width\" content=\"1000\" \/>\n\t<meta property=\"og:image:height\" content=\"666\" \/>\n\t<meta property=\"og:image:type\" content=\"image\/jpeg\" \/>\n<meta name=\"author\" content=\"Haroldo Filho\" \/>\n<meta name=\"twitter:card\" content=\"summary_large_image\" \/>\n<meta name=\"twitter:label1\" content=\"Escrito por\" \/>\n\t<meta name=\"twitter:data1\" content=\"Haroldo Filho\" \/>\n\t<meta name=\"twitter:label2\" content=\"Est. tempo de leitura\" \/>\n\t<meta name=\"twitter:data2\" content=\"6 minutos\" \/>\n<script type=\"application\/ld+json\" class=\"yoast-schema-graph\">{\"@context\":\"https:\/\/schema.org\",\"@graph\":[{\"@type\":\"Article\",\"@id\":\"https:\/\/jornalfatosenoticias.com.br\/index.php\/2024\/09\/05\/max-pitangui-o-preso-politico-capixaba\/#article\",\"isPartOf\":{\"@id\":\"https:\/\/jornalfatosenoticias.com.br\/index.php\/2024\/09\/05\/max-pitangui-o-preso-politico-capixaba\/\"},\"author\":{\"name\":\"Haroldo Filho\",\"@id\":\"https:\/\/jornalfatosenoticias.com.br\/#\/schema\/person\/05c46cc25b42a5c27e004fb0fa6b4965\"},\"headline\":\"Max Pitangui, o preso pol\u00edtico capixaba\",\"datePublished\":\"2024-09-05T18:19:53+00:00\",\"dateModified\":\"2024-09-05T18:19:55+00:00\",\"mainEntityOfPage\":{\"@id\":\"https:\/\/jornalfatosenoticias.com.br\/index.php\/2024\/09\/05\/max-pitangui-o-preso-politico-capixaba\/\"},\"wordCount\":1141,\"commentCount\":0,\"publisher\":{\"@id\":\"https:\/\/jornalfatosenoticias.com.br\/#organization\"},\"image\":{\"@id\":\"https:\/\/jornalfatosenoticias.com.br\/index.php\/2024\/09\/05\/max-pitangui-o-preso-politico-capixaba\/#primaryimage\"},\"thumbnailUrl\":\"https:\/\/jornalfatosenoticias.com.br\/wp-content\/uploads\/2024\/09\/Max-Pitangui.jpg\",\"keywords\":[\"Alexandre de Moraes\",\"ativismo do STF\",\"ativismo judicial\",\"ditadura da toga\",\"ditadura no Brasil\",\"Max Pitangui\",\"preso pol\u00edtico\"],\"articleSection\":[\"Pol\u00edtica\"],\"inLanguage\":\"pt-BR\",\"potentialAction\":[{\"@type\":\"CommentAction\",\"name\":\"Comment\",\"target\":[\"https:\/\/jornalfatosenoticias.com.br\/index.php\/2024\/09\/05\/max-pitangui-o-preso-politico-capixaba\/#respond\"]}]},{\"@type\":\"WebPage\",\"@id\":\"https:\/\/jornalfatosenoticias.com.br\/index.php\/2024\/09\/05\/max-pitangui-o-preso-politico-capixaba\/\",\"url\":\"https:\/\/jornalfatosenoticias.com.br\/index.php\/2024\/09\/05\/max-pitangui-o-preso-politico-capixaba\/\",\"name\":\"Max Pitangui, o preso pol\u00edtico capixaba - Jornal Fatos e Not\u00edcias\",\"isPartOf\":{\"@id\":\"https:\/\/jornalfatosenoticias.com.br\/#website\"},\"primaryImageOfPage\":{\"@id\":\"https:\/\/jornalfatosenoticias.com.br\/index.php\/2024\/09\/05\/max-pitangui-o-preso-politico-capixaba\/#primaryimage\"},\"image\":{\"@id\":\"https:\/\/jornalfatosenoticias.com.br\/index.php\/2024\/09\/05\/max-pitangui-o-preso-politico-capixaba\/#primaryimage\"},\"thumbnailUrl\":\"https:\/\/jornalfatosenoticias.com.br\/wp-content\/uploads\/2024\/09\/Max-Pitangui.jpg\",\"datePublished\":\"2024-09-05T18:19:53+00:00\",\"dateModified\":\"2024-09-05T18:19:55+00:00\",\"breadcrumb\":{\"@id\":\"https:\/\/jornalfatosenoticias.com.br\/index.php\/2024\/09\/05\/max-pitangui-o-preso-politico-capixaba\/#breadcrumb\"},\"inLanguage\":\"pt-BR\",\"potentialAction\":[{\"@type\":\"ReadAction\",\"target\":[\"https:\/\/jornalfatosenoticias.com.br\/index.php\/2024\/09\/05\/max-pitangui-o-preso-politico-capixaba\/\"]}]},{\"@type\":\"ImageObject\",\"inLanguage\":\"pt-BR\",\"@id\":\"https:\/\/jornalfatosenoticias.com.br\/index.php\/2024\/09\/05\/max-pitangui-o-preso-politico-capixaba\/#primaryimage\",\"url\":\"https:\/\/jornalfatosenoticias.com.br\/wp-content\/uploads\/2024\/09\/Max-Pitangui.jpg\",\"contentUrl\":\"https:\/\/jornalfatosenoticias.com.br\/wp-content\/uploads\/2024\/09\/Max-Pitangui.jpg\",\"width\":1000,\"height\":666},{\"@type\":\"BreadcrumbList\",\"@id\":\"https:\/\/jornalfatosenoticias.com.br\/index.php\/2024\/09\/05\/max-pitangui-o-preso-politico-capixaba\/#breadcrumb\",\"itemListElement\":[{\"@type\":\"ListItem\",\"position\":1,\"name\":\"In\u00edcio\",\"item\":\"https:\/\/jornalfatosenoticias.com.br\/\"},{\"@type\":\"ListItem\",\"position\":2,\"name\":\"Max Pitangui, o preso pol\u00edtico capixaba\"}]},{\"@type\":\"WebSite\",\"@id\":\"https:\/\/jornalfatosenoticias.com.br\/#website\",\"url\":\"https:\/\/jornalfatosenoticias.com.br\/\",\"name\":\"Jornal Fatos e Not\u00edcias\",\"description\":\"Not\u00edcias em geral\",\"publisher\":{\"@id\":\"https:\/\/jornalfatosenoticias.com.br\/#organization\"},\"potentialAction\":[{\"@type\":\"SearchAction\",\"target\":{\"@type\":\"EntryPoint\",\"urlTemplate\":\"https:\/\/jornalfatosenoticias.com.br\/?s={search_term_string}\"},\"query-input\":{\"@type\":\"PropertyValueSpecification\",\"valueRequired\":true,\"valueName\":\"search_term_string\"}}],\"inLanguage\":\"pt-BR\"},{\"@type\":\"Organization\",\"@id\":\"https:\/\/jornalfatosenoticias.com.br\/#organization\",\"name\":\"Jornal Fatos e Not\u00edcias\",\"url\":\"https:\/\/jornalfatosenoticias.com.br\/\",\"logo\":{\"@type\":\"ImageObject\",\"inLanguage\":\"pt-BR\",\"@id\":\"https:\/\/jornalfatosenoticias.com.br\/#\/schema\/logo\/image\/\",\"url\":\"https:\/\/jornalfatosenoticias.com.br\/wp-content\/uploads\/2020\/02\/logo120.png\",\"contentUrl\":\"https:\/\/jornalfatosenoticias.com.br\/wp-content\/uploads\/2020\/02\/logo120.png\",\"width\":1227,\"height\":120,\"caption\":\"Jornal Fatos e Not\u00edcias\"},\"image\":{\"@id\":\"https:\/\/jornalfatosenoticias.com.br\/#\/schema\/logo\/image\/\"}},{\"@type\":\"Person\",\"@id\":\"https:\/\/jornalfatosenoticias.com.br\/#\/schema\/person\/05c46cc25b42a5c27e004fb0fa6b4965\",\"name\":\"Haroldo Filho\",\"image\":{\"@type\":\"ImageObject\",\"inLanguage\":\"pt-BR\",\"@id\":\"https:\/\/jornalfatosenoticias.com.br\/#\/schema\/person\/image\/\",\"url\":\"https:\/\/jornalfatosenoticias.com.br\/wp-content\/uploads\/2025\/08\/WhatsApp-Image-2025-08-18-at-15.30.28-150x150.jpeg\",\"contentUrl\":\"https:\/\/jornalfatosenoticias.com.br\/wp-content\/uploads\/2025\/08\/WhatsApp-Image-2025-08-18-at-15.30.28-150x150.jpeg\",\"caption\":\"Haroldo Filho\"},\"description\":\"Jornalista \u2013 DRT: 0003818\/ES Coordenador-geral da ONG Educar para Crescer\",\"url\":\"https:\/\/jornalfatosenoticias.com.br\/index.php\/author\/haroldo\/\"}]}<\/script>\n<!-- \/ Yoast SEO plugin. -->","yoast_head_json":{"title":"Max Pitangui, o preso pol\u00edtico capixaba - Jornal Fatos e Not\u00edcias","robots":{"index":"index","follow":"follow","max-snippet":"max-snippet:-1","max-image-preview":"max-image-preview:large","max-video-preview":"max-video-preview:-1"},"canonical":"https:\/\/jornalfatosenoticias.com.br\/index.php\/2024\/09\/05\/max-pitangui-o-preso-politico-capixaba\/","og_locale":"pt_BR","og_type":"article","og_title":"Max Pitangui, o preso pol\u00edtico capixaba - Jornal Fatos e Not\u00edcias","og_description":"O radialista Max Pitangui de Abreu, foi preso acusado por \u2018atos antidemocr\u00e1ticos\u2019 e, hoje, usa tornozeleira a mando de Alexandre de Moraes Esta semana, o Fatos &amp; Not\u00edcias entrevistou o radialista Maxcione Pitangui de Abreu, mais conhecido como Max Pitangui, para ouvir e entender melhor os motivos que o levaram \u00e0 pris\u00e3o. Max n\u00e3o entende [&hellip;]","og_url":"https:\/\/jornalfatosenoticias.com.br\/index.php\/2024\/09\/05\/max-pitangui-o-preso-politico-capixaba\/","og_site_name":"Jornal Fatos e Not\u00edcias","article_published_time":"2024-09-05T18:19:53+00:00","article_modified_time":"2024-09-05T18:19:55+00:00","og_image":[{"width":1000,"height":666,"url":"https:\/\/jornalfatosenoticias.com.br\/wp-content\/uploads\/2024\/09\/Max-Pitangui.jpg","type":"image\/jpeg"}],"author":"Haroldo Filho","twitter_card":"summary_large_image","twitter_misc":{"Escrito por":"Haroldo Filho","Est. tempo de leitura":"6 minutos"},"schema":{"@context":"https:\/\/schema.org","@graph":[{"@type":"Article","@id":"https:\/\/jornalfatosenoticias.com.br\/index.php\/2024\/09\/05\/max-pitangui-o-preso-politico-capixaba\/#article","isPartOf":{"@id":"https:\/\/jornalfatosenoticias.com.br\/index.php\/2024\/09\/05\/max-pitangui-o-preso-politico-capixaba\/"},"author":{"name":"Haroldo Filho","@id":"https:\/\/jornalfatosenoticias.com.br\/#\/schema\/person\/05c46cc25b42a5c27e004fb0fa6b4965"},"headline":"Max Pitangui, o preso pol\u00edtico capixaba","datePublished":"2024-09-05T18:19:53+00:00","dateModified":"2024-09-05T18:19:55+00:00","mainEntityOfPage":{"@id":"https:\/\/jornalfatosenoticias.com.br\/index.php\/2024\/09\/05\/max-pitangui-o-preso-politico-capixaba\/"},"wordCount":1141,"commentCount":0,"publisher":{"@id":"https:\/\/jornalfatosenoticias.com.br\/#organization"},"image":{"@id":"https:\/\/jornalfatosenoticias.com.br\/index.php\/2024\/09\/05\/max-pitangui-o-preso-politico-capixaba\/#primaryimage"},"thumbnailUrl":"https:\/\/jornalfatosenoticias.com.br\/wp-content\/uploads\/2024\/09\/Max-Pitangui.jpg","keywords":["Alexandre de Moraes","ativismo do STF","ativismo judicial","ditadura da toga","ditadura no Brasil","Max Pitangui","preso pol\u00edtico"],"articleSection":["Pol\u00edtica"],"inLanguage":"pt-BR","potentialAction":[{"@type":"CommentAction","name":"Comment","target":["https:\/\/jornalfatosenoticias.com.br\/index.php\/2024\/09\/05\/max-pitangui-o-preso-politico-capixaba\/#respond"]}]},{"@type":"WebPage","@id":"https:\/\/jornalfatosenoticias.com.br\/index.php\/2024\/09\/05\/max-pitangui-o-preso-politico-capixaba\/","url":"https:\/\/jornalfatosenoticias.com.br\/index.php\/2024\/09\/05\/max-pitangui-o-preso-politico-capixaba\/","name":"Max Pitangui, o preso pol\u00edtico capixaba - Jornal Fatos e Not\u00edcias","isPartOf":{"@id":"https:\/\/jornalfatosenoticias.com.br\/#website"},"primaryImageOfPage":{"@id":"https:\/\/jornalfatosenoticias.com.br\/index.php\/2024\/09\/05\/max-pitangui-o-preso-politico-capixaba\/#primaryimage"},"image":{"@id":"https:\/\/jornalfatosenoticias.com.br\/index.php\/2024\/09\/05\/max-pitangui-o-preso-politico-capixaba\/#primaryimage"},"thumbnailUrl":"https:\/\/jornalfatosenoticias.com.br\/wp-content\/uploads\/2024\/09\/Max-Pitangui.jpg","datePublished":"2024-09-05T18:19:53+00:00","dateModified":"2024-09-05T18:19:55+00:00","breadcrumb":{"@id":"https:\/\/jornalfatosenoticias.com.br\/index.php\/2024\/09\/05\/max-pitangui-o-preso-politico-capixaba\/#breadcrumb"},"inLanguage":"pt-BR","potentialAction":[{"@type":"ReadAction","target":["https:\/\/jornalfatosenoticias.com.br\/index.php\/2024\/09\/05\/max-pitangui-o-preso-politico-capixaba\/"]}]},{"@type":"ImageObject","inLanguage":"pt-BR","@id":"https:\/\/jornalfatosenoticias.com.br\/index.php\/2024\/09\/05\/max-pitangui-o-preso-politico-capixaba\/#primaryimage","url":"https:\/\/jornalfatosenoticias.com.br\/wp-content\/uploads\/2024\/09\/Max-Pitangui.jpg","contentUrl":"https:\/\/jornalfatosenoticias.com.br\/wp-content\/uploads\/2024\/09\/Max-Pitangui.jpg","width":1000,"height":666},{"@type":"BreadcrumbList","@id":"https:\/\/jornalfatosenoticias.com.br\/index.php\/2024\/09\/05\/max-pitangui-o-preso-politico-capixaba\/#breadcrumb","itemListElement":[{"@type":"ListItem","position":1,"name":"In\u00edcio","item":"https:\/\/jornalfatosenoticias.com.br\/"},{"@type":"ListItem","position":2,"name":"Max Pitangui, o preso pol\u00edtico capixaba"}]},{"@type":"WebSite","@id":"https:\/\/jornalfatosenoticias.com.br\/#website","url":"https:\/\/jornalfatosenoticias.com.br\/","name":"Jornal Fatos e Not\u00edcias","description":"Not\u00edcias em geral","publisher":{"@id":"https:\/\/jornalfatosenoticias.com.br\/#organization"},"potentialAction":[{"@type":"SearchAction","target":{"@type":"EntryPoint","urlTemplate":"https:\/\/jornalfatosenoticias.com.br\/?s={search_term_string}"},"query-input":{"@type":"PropertyValueSpecification","valueRequired":true,"valueName":"search_term_string"}}],"inLanguage":"pt-BR"},{"@type":"Organization","@id":"https:\/\/jornalfatosenoticias.com.br\/#organization","name":"Jornal Fatos e Not\u00edcias","url":"https:\/\/jornalfatosenoticias.com.br\/","logo":{"@type":"ImageObject","inLanguage":"pt-BR","@id":"https:\/\/jornalfatosenoticias.com.br\/#\/schema\/logo\/image\/","url":"https:\/\/jornalfatosenoticias.com.br\/wp-content\/uploads\/2020\/02\/logo120.png","contentUrl":"https:\/\/jornalfatosenoticias.com.br\/wp-content\/uploads\/2020\/02\/logo120.png","width":1227,"height":120,"caption":"Jornal Fatos e Not\u00edcias"},"image":{"@id":"https:\/\/jornalfatosenoticias.com.br\/#\/schema\/logo\/image\/"}},{"@type":"Person","@id":"https:\/\/jornalfatosenoticias.com.br\/#\/schema\/person\/05c46cc25b42a5c27e004fb0fa6b4965","name":"Haroldo Filho","image":{"@type":"ImageObject","inLanguage":"pt-BR","@id":"https:\/\/jornalfatosenoticias.com.br\/#\/schema\/person\/image\/","url":"https:\/\/jornalfatosenoticias.com.br\/wp-content\/uploads\/2025\/08\/WhatsApp-Image-2025-08-18-at-15.30.28-150x150.jpeg","contentUrl":"https:\/\/jornalfatosenoticias.com.br\/wp-content\/uploads\/2025\/08\/WhatsApp-Image-2025-08-18-at-15.30.28-150x150.jpeg","caption":"Haroldo Filho"},"description":"Jornalista \u2013 DRT: 0003818\/ES Coordenador-geral da ONG Educar para Crescer","url":"https:\/\/jornalfatosenoticias.com.br\/index.php\/author\/haroldo\/"}]}},"cc_featured_image_caption":{"caption_text":"(Foto: Michel Brugnoli\/F&N) ","source_text":"","source_url":""},"jetpack_featured_media_url":"https:\/\/jornalfatosenoticias.com.br\/wp-content\/uploads\/2024\/09\/Max-Pitangui.jpg","_links":{"self":[{"href":"https:\/\/jornalfatosenoticias.com.br\/index.php\/wp-json\/wp\/v2\/posts\/53919","targetHints":{"allow":["GET"]}}],"collection":[{"href":"https:\/\/jornalfatosenoticias.com.br\/index.php\/wp-json\/wp\/v2\/posts"}],"about":[{"href":"https:\/\/jornalfatosenoticias.com.br\/index.php\/wp-json\/wp\/v2\/types\/post"}],"author":[{"embeddable":true,"href":"https:\/\/jornalfatosenoticias.com.br\/index.php\/wp-json\/wp\/v2\/users\/3"}],"replies":[{"embeddable":true,"href":"https:\/\/jornalfatosenoticias.com.br\/index.php\/wp-json\/wp\/v2\/comments?post=53919"}],"version-history":[{"count":0,"href":"https:\/\/jornalfatosenoticias.com.br\/index.php\/wp-json\/wp\/v2\/posts\/53919\/revisions"}],"wp:featuredmedia":[{"embeddable":true,"href":"https:\/\/jornalfatosenoticias.com.br\/index.php\/wp-json\/wp\/v2\/media\/53920"}],"wp:attachment":[{"href":"https:\/\/jornalfatosenoticias.com.br\/index.php\/wp-json\/wp\/v2\/media?parent=53919"}],"wp:term":[{"taxonomy":"category","embeddable":true,"href":"https:\/\/jornalfatosenoticias.com.br\/index.php\/wp-json\/wp\/v2\/categories?post=53919"},{"taxonomy":"post_tag","embeddable":true,"href":"https:\/\/jornalfatosenoticias.com.br\/index.php\/wp-json\/wp\/v2\/tags?post=53919"}],"curies":[{"name":"wp","href":"https:\/\/api.w.org\/{rel}","templated":true}]}}