{"id":53933,"date":"2024-09-05T15:50:55","date_gmt":"2024-09-05T18:50:55","guid":{"rendered":"https:\/\/jornalfatosenoticias.com.br\/?p=53933"},"modified":"2024-09-05T15:50:57","modified_gmt":"2024-09-05T18:50:57","slug":"ansiedade-infantil-os-impactos-negativos-na-aprendizagem","status":"publish","type":"post","link":"https:\/\/jornalfatosenoticias.com.br\/index.php\/2024\/09\/05\/ansiedade-infantil-os-impactos-negativos-na-aprendizagem\/","title":{"rendered":"Ansiedade infantil: os impactos negativos na aprendizagem"},"content":{"rendered":"\n<div class=\"wp-block-image\"><figure class=\"aligncenter size-large\"><a href=\"https:\/\/panper.com.br\/\"><img loading=\"lazy\" decoding=\"async\" width=\"1024\" height=\"111\" src=\"https:\/\/jornalfatosenoticias.com.br\/wp-content\/uploads\/2020\/02\/WhatsApp-Image-2022-09-23-at-12.09.18-1024x111.jpeg\" alt=\"\" class=\"wp-image-34527\" srcset=\"https:\/\/jornalfatosenoticias.com.br\/wp-content\/uploads\/2020\/02\/WhatsApp-Image-2022-09-23-at-12.09.18-1024x111.jpeg 1024w, https:\/\/jornalfatosenoticias.com.br\/wp-content\/uploads\/2020\/02\/WhatsApp-Image-2022-09-23-at-12.09.18-300x32.jpeg 300w, https:\/\/jornalfatosenoticias.com.br\/wp-content\/uploads\/2020\/02\/WhatsApp-Image-2022-09-23-at-12.09.18-768x83.jpeg 768w, https:\/\/jornalfatosenoticias.com.br\/wp-content\/uploads\/2020\/02\/WhatsApp-Image-2022-09-23-at-12.09.18.jpeg 1121w\" sizes=\"auto, (max-width: 1024px) 100vw, 1024px\" \/><\/a><\/figure><\/div>\n\n\n\n<p>Sim, a ansiedade infantil pode prejudicar a aprendizagem, pois tem o potencial de causar dificuldades de concentra\u00e7\u00e3o e de assimila\u00e7\u00e3o de informa\u00e7\u00f5es. Sabendo que o desenvolvimento cognitivo depende de fatores emocionais, a ansiedade na inf\u00e2ncia pode resultar em desmotiva\u00e7\u00e3o escolar e dificuldades de aprendizagem.<br>A inf\u00e2ncia \u00e9 uma fase que todos os seres humanos ir\u00e3o vivenciar, fases essas peculiares de cada um e nas quais a crian\u00e7a desenvolve suas maiores potencialidades. De acordo com o <em>Folhateen,<\/em> em 2023, a taxa de pacientes com ansiedade entre crian\u00e7as e jovens no Brasil supera a de adultos: entre crian\u00e7as de 10 a 14 anos, a taxa \u00e9 de 125,8 a cada 100 mil; entre adolescentes, a taxa \u00e9 de 157 a cada 100 mil; entre pessoas com mais de 20 anos, a taxa \u00e9 de 112,5 a cada 100 mil.<\/p>\n\n\n\n<div class=\"wp-block-image\"><figure class=\"aligncenter size-large is-resized\"><a href=\"https:\/\/www.facebook.com\/postobkr\/?locale=pt_BR\"><img loading=\"lazy\" decoding=\"async\" src=\"https:\/\/jornalfatosenoticias.com.br\/wp-content\/uploads\/2023\/08\/BKR-1024x1021.jpg\" alt=\"\" class=\"wp-image-44494\" width=\"295\" height=\"294\" srcset=\"https:\/\/jornalfatosenoticias.com.br\/wp-content\/uploads\/2023\/08\/BKR-1024x1021.jpg 1024w, https:\/\/jornalfatosenoticias.com.br\/wp-content\/uploads\/2023\/08\/BKR-300x300.jpg 300w, https:\/\/jornalfatosenoticias.com.br\/wp-content\/uploads\/2023\/08\/BKR-150x150.jpg 150w, https:\/\/jornalfatosenoticias.com.br\/wp-content\/uploads\/2023\/08\/BKR-768x766.jpg 768w, https:\/\/jornalfatosenoticias.com.br\/wp-content\/uploads\/2023\/08\/BKR.jpg 1080w\" sizes=\"auto, (max-width: 295px) 100vw, 295px\" \/><\/a><\/figure><\/div>\n\n\n\n<p>Segundo o Manual Diagn\u00f3stico e Estat\u00edstico de Doen\u00e7as Mentais, os transtornos de ansiedade est\u00e3o associados a perturba\u00e7\u00f5es comportamentais, ansiedade e medo em excesso. Cerca de 10 a 15% das crian\u00e7as experimentam sintomas de transtorno de ansiedade durante a inf\u00e2ncia, fator que impacta negativamente em seu desenvolvimento e aprendizagem. A respeito da escolariza\u00e7\u00e3o, o processo educacional e a aprendizagem infantil, est\u00e3o profundamente arraigadas ao desenvolvimento da crian\u00e7a.<\/p>\n\n\n\n<div class=\"wp-block-image\"><figure class=\"aligncenter size-large is-resized\"><a href=\"https:\/\/www.legisjuris.com.br\/\"><img loading=\"lazy\" decoding=\"async\" src=\"https:\/\/jornalfatosenoticias.com.br\/wp-content\/uploads\/2024\/09\/Legis-Juris-Consultoria_logo.jpg\" alt=\"\" class=\"wp-image-53915\" width=\"391\" height=\"164\" srcset=\"https:\/\/jornalfatosenoticias.com.br\/wp-content\/uploads\/2024\/09\/Legis-Juris-Consultoria_logo.jpg 969w, https:\/\/jornalfatosenoticias.com.br\/wp-content\/uploads\/2024\/09\/Legis-Juris-Consultoria_logo-300x126.jpg 300w, https:\/\/jornalfatosenoticias.com.br\/wp-content\/uploads\/2024\/09\/Legis-Juris-Consultoria_logo-768x322.jpg 768w\" sizes=\"auto, (max-width: 391px) 100vw, 391px\" \/><\/a><\/figure><\/div>\n\n\n\n<p>A ansiedade infantil pode apresentar sintomas emocionais, f\u00edsicos, comportamentais e relacionados ao pensamento. Tristeza, medo, culpa, preocupa\u00e7\u00e3o e altera\u00e7\u00f5es de humor s\u00e3o alguns dos principais sintomas emocionais que podem ser apresentados na crian\u00e7a e no adolescente no ambiente escolar. A crian\u00e7a, quando apresenta o transtorno de ansiedade, demonstra um comportamento retra\u00eddo e menos motivado diante das atividades escolares e intera\u00e7\u00f5es sociais. <\/p>\n\n\n\n<div class=\"wp-block-image\"><figure class=\"aligncenter size-large\"><a href=\"https:\/\/cesconetto.com.br\/\"><img loading=\"lazy\" decoding=\"async\" width=\"300\" height=\"250\" src=\"https:\/\/jornalfatosenoticias.com.br\/wp-content\/uploads\/2022\/02\/Banner-2.png\" alt=\"\" class=\"wp-image-27877\"\/><\/a><\/figure><\/div>\n\n\n\n<p><strong>Com o seu desenvolvimento afetivo e social afetado pela ansiedade, a crian\u00e7a, geralmente, apresenta as dificuldades de aprendizagem, que se caracterizam na dificuldade de concentra\u00e7\u00e3o da crian\u00e7a, afetando a:<br><span class=\"has-inline-color has-black-color\">1.<\/span><\/strong> <strong><span class=\"has-inline-color has-black-color\">Perda do foco: <\/span><\/strong>isso quer dizer que, enquanto a nossa mente est\u00e1 ocupada com outras fun\u00e7\u00f5es que, naquele momento, julga mais importantes, ela n\u00e3o consegue se concentrar bem em outras coisas como no processo de aprendizagem, por exemplo. Quando ocorre uma rea\u00e7\u00e3o de estresse ou ansiedade no c\u00e9rebro \u00e9 porque h\u00e1 algum tipo de perigo iminente. Pode at\u00e9 n\u00e3o ser verdade, mas \u00e9 assim que a mente reage. E, \u00e9 claro, \u00e9 mais urgente cuidar dessa tal \u201csitua\u00e7\u00e3o perigosa\u201d do que estudar. Assim, boa parte da sua aten\u00e7\u00e3o ser\u00e1 voltada para resolver essa situa\u00e7\u00e3o.<\/p>\n\n\n\n<div class=\"wp-block-image\"><figure class=\"aligncenter size-large is-resized\"><img loading=\"lazy\" decoding=\"async\" src=\"https:\/\/jornalfatosenoticias.com.br\/wp-content\/uploads\/2022\/02\/Precisao-Contabilidade-1024x724.jpg\" alt=\"\" class=\"wp-image-28088\" width=\"341\" height=\"241\"\/><\/figure><\/div>\n\n\n\n<p><strong><span class=\"has-inline-color has-black-color\">2. Redu\u00e7\u00e3o da capacidade de mem\u00f3ria: <\/span><\/strong>a capacidade de armazenamento de informa\u00e7\u00f5es \u00e9 de grande import\u00e2ncia para o estudante. Afinal de contas, ele precisa aprender e lembrar de diversas coisas para aprender coisas novas, fazer provas, discutir sobre alguns assuntos e assim por diante. O estresse e a ansiedade podem promover uma significativa perda da capacidade de mem\u00f3ria. Esses sentimentos n\u00e3o s\u00f3 dificultam o armazenamento de novas mem\u00f3rias, como tamb\u00e9m a manuten\u00e7\u00e3o e recupera\u00e7\u00e3o das mem\u00f3rias antigas.<\/p>\n\n\n\n<div class=\"wp-block-image\"><figure class=\"aligncenter size-large is-resized\"><a href=\"https:\/\/www.instagram.com\/serra4x4cambioautomatico\/\"><img loading=\"lazy\" decoding=\"async\" src=\"https:\/\/jornalfatosenoticias.com.br\/wp-content\/uploads\/2024\/08\/Serra-4x4-1-886x1024.jpg\" alt=\"\" class=\"wp-image-53632\" width=\"292\" height=\"337\" srcset=\"https:\/\/jornalfatosenoticias.com.br\/wp-content\/uploads\/2024\/08\/Serra-4x4-1-886x1024.jpg 886w, https:\/\/jornalfatosenoticias.com.br\/wp-content\/uploads\/2024\/08\/Serra-4x4-1-260x300.jpg 260w, https:\/\/jornalfatosenoticias.com.br\/wp-content\/uploads\/2024\/08\/Serra-4x4-1-768x888.jpg 768w, https:\/\/jornalfatosenoticias.com.br\/wp-content\/uploads\/2024\/08\/Serra-4x4-1.jpg 1181w\" sizes=\"auto, (max-width: 292px) 100vw, 292px\" \/><\/a><\/figure><\/div>\n\n\n\n<p><strong><span class=\"has-inline-color has-black-color\">3. Desenvolvimento de baixa autoestima: <\/span><\/strong>Esse efeito de rea\u00e7\u00e3o em cadeia, estresse e a ansiedade podem gerar, indiretamente, a redu\u00e7\u00e3o da autoestima. Uma crian\u00e7a que enfrenta esses sentimentos pode demonstrar resultados ruins na escola. Isso traz uma sensa\u00e7\u00e3o de incapacidade. Ela percebe que est\u00e1 decepcionando os pais, que esperam que ela seja um aluno brilhante e, quando isso n\u00e3o acontece, vem a sensa\u00e7\u00e3o de frustra\u00e7\u00e3o.<\/p>\n\n\n\n<div class=\"wp-block-image\"><figure class=\"aligncenter size-large is-resized\"><a href=\"https:\/\/hotelmarquetti.com.br\/\"><img loading=\"lazy\" decoding=\"async\" src=\"https:\/\/jornalfatosenoticias.com.br\/wp-content\/uploads\/2023\/03\/nova-logo-Marquetti.jpg\" alt=\"\" class=\"wp-image-40207\" width=\"298\" height=\"200\" srcset=\"https:\/\/jornalfatosenoticias.com.br\/wp-content\/uploads\/2023\/03\/nova-logo-Marquetti.jpg 643w, https:\/\/jornalfatosenoticias.com.br\/wp-content\/uploads\/2023\/03\/nova-logo-Marquetti-300x202.jpg 300w\" sizes=\"auto, (max-width: 298px) 100vw, 298px\" \/><\/a><\/figure><\/div>\n\n\n\n<p>E para aqueles que acham que crian\u00e7as n\u00e3o t\u00eam estresse ou ansiedade e que isso \u00e9 s\u00f3 coisa de adulto, enganam-se. Para saber lidar com esses aspectos, \u00e9 preciso informa\u00e7\u00f5es e tratamentos. Antes de mais nada, \u00e9 importante salientar que o diagn\u00f3stico de ansiedade infantil \u00e9 fornecido por profissionais da \u00e1rea da sa\u00fade. <\/p>\n\n\n\n<div class=\"wp-block-image\"><figure class=\"aligncenter size-large is-resized\"><a href=\"https:\/\/www.ithbrasil.com.br\/\"><img loading=\"lazy\" decoding=\"async\" src=\"https:\/\/jornalfatosenoticias.com.br\/wp-content\/uploads\/2023\/08\/ITH.jpeg\" alt=\"\" class=\"wp-image-44638\" width=\"291\" height=\"236\" srcset=\"https:\/\/jornalfatosenoticias.com.br\/wp-content\/uploads\/2023\/08\/ITH.jpeg 800w, https:\/\/jornalfatosenoticias.com.br\/wp-content\/uploads\/2023\/08\/ITH-300x244.jpeg 300w, https:\/\/jornalfatosenoticias.com.br\/wp-content\/uploads\/2023\/08\/ITH-768x624.jpeg 768w\" sizes=\"auto, (max-width: 291px) 100vw, 291px\" \/><\/a><\/figure><\/div>\n\n\n\n<p>\u00c9 importante tamb\u00e9m que os pais ajudem a crian\u00e7a a se desenvolver, por isso \u00e9 importante ensinar os filhos a lidarem com os pr\u00f3prios sentimentos para que eles possam explorar habilidades essenciais para encarar situa\u00e7\u00f5es adversas. Dentro do contexto educacional \u00e9 necess\u00e1rio que exista um trabalho conjunto entre fam\u00edlia e escola para identificar quais mudan\u00e7as podem ser adotadas e os m\u00e9todos mais eficazes para dar o suporte necess\u00e1rio aos alunos. <\/p>\n\n\n\n<div class=\"wp-block-image\"><figure class=\"aligncenter size-large is-resized\"><a href=\"https:\/\/www.controlsystems.com.br\/\"><img loading=\"lazy\" decoding=\"async\" src=\"https:\/\/jornalfatosenoticias.com.br\/wp-content\/uploads\/2020\/02\/CONTROL-CS.jpg\" alt=\"\" class=\"wp-image-44991\" width=\"284\" height=\"340\" srcset=\"https:\/\/jornalfatosenoticias.com.br\/wp-content\/uploads\/2020\/02\/CONTROL-CS.jpg 834w, https:\/\/jornalfatosenoticias.com.br\/wp-content\/uploads\/2020\/02\/CONTROL-CS-250x300.jpg 250w, https:\/\/jornalfatosenoticias.com.br\/wp-content\/uploads\/2020\/02\/CONTROL-CS-768x921.jpg 768w\" sizes=\"auto, (max-width: 284px) 100vw, 284px\" \/><\/a><\/figure><\/div>\n\n\n\n<p>\u00c9 fundamental que o professor, paralelo a suas pr\u00e1xis profissionais, tenha um olhar humano para a crian\u00e7a que chega at\u00e9 sua sala de aula. Compreendemos que no espa\u00e7o escolar \u00e9 frequente encontrar crian\u00e7as com caracter\u00edsticas ansiosas. As pr\u00e1ticas docentes s\u00e3o de suma import\u00e2ncia no processo de reconhecer e acolher uma poss\u00edvel manifesta\u00e7\u00e3o da ansiedade, colaborando, assim, de forma positiva, com o especialista apto para o tratamento adequado. <\/p>\n\n\n\n<div class=\"wp-block-image\"><figure class=\"aligncenter size-large is-resized\"><a href=\"https:\/\/www.instagram.com\/vmais.midias\/\"><img loading=\"lazy\" decoding=\"async\" src=\"https:\/\/jornalfatosenoticias.com.br\/wp-content\/uploads\/2020\/02\/DE-MAIS-DESTAQUE-VMAIS-800X700.png\" alt=\"\" class=\"wp-image-53112\" width=\"294\" height=\"257\" srcset=\"https:\/\/jornalfatosenoticias.com.br\/wp-content\/uploads\/2020\/02\/DE-MAIS-DESTAQUE-VMAIS-800X700.png 800w, https:\/\/jornalfatosenoticias.com.br\/wp-content\/uploads\/2020\/02\/DE-MAIS-DESTAQUE-VMAIS-800X700-300x263.png 300w, https:\/\/jornalfatosenoticias.com.br\/wp-content\/uploads\/2020\/02\/DE-MAIS-DESTAQUE-VMAIS-800X700-768x672.png 768w\" sizes=\"auto, (max-width: 294px) 100vw, 294px\" \/><\/a><\/figure><\/div>\n\n\n\n<p>Em uma a\u00e7\u00e3o conjunta de atitudes de incentivos a influ\u00eancia familiar \u00e9 um dos fatores essenciais para a an\u00e1lise do desempenho infantil evitando a sobrecarga para as crian\u00e7as com muitas atividades; ser mais participativo no processo de aprendizagem da crian\u00e7a; conversar sobre sentimentos e situa\u00e7\u00f5es de desconforto.<\/p>\n\n\n\n<div class=\"wp-block-image\"><figure class=\"aligncenter size-large\"><a href=\"http:\/\/www.ferrarimaquinas.com.br\/\"><img loading=\"lazy\" decoding=\"async\" width=\"300\" height=\"250\" src=\"https:\/\/jornalfatosenoticias.com.br\/wp-content\/uploads\/2022\/02\/FERRARI_MAQUINAS-E-FERRAMENTAS2.jpg\" alt=\"\" class=\"wp-image-27860\"\/><\/a><\/figure><\/div>\n","protected":false},"excerpt":{"rendered":"<p>Sim, a ansiedade infantil pode prejudicar a aprendizagem, pois tem o potencial de causar dificuldades de concentra\u00e7\u00e3o e de assimila\u00e7\u00e3o de informa\u00e7\u00f5es. Sabendo que o desenvolvimento cognitivo depende de fatores emocionais, a ansiedade na inf\u00e2ncia pode resultar em desmotiva\u00e7\u00e3o escolar e dificuldades de aprendizagem.A inf\u00e2ncia \u00e9 uma fase que todos os seres humanos ir\u00e3o vivenciar, [&hellip;]<\/p>\n","protected":false},"author":35,"featured_media":53934,"comment_status":"open","ping_status":"open","sticky":false,"template":"","format":"standard","meta":{"footnotes":""},"categories":[2522,7],"tags":[2279,20141,2463,1125,24574,24575,24573],"class_list":["post-53933","post","type-post","status-publish","format-standard","has-post-thumbnail","hentry","category-comportamento","category-educacao","tag-ansiedade","tag-ansiedade-infantil","tag-aprendizagem","tag-diagnostico","tag-sintomas-comportamentais","tag-sintomas-emocionais","tag-sintomas-fisicos"],"yoast_head":"<!-- This site is optimized with the Yoast SEO plugin v26.5 - https:\/\/yoast.com\/wordpress\/plugins\/seo\/ -->\n<title>Ansiedade infantil: os impactos negativos na aprendizagem - Jornal Fatos e Not\u00edcias<\/title>\n<meta name=\"robots\" content=\"index, follow, max-snippet:-1, max-image-preview:large, max-video-preview:-1\" \/>\n<link rel=\"canonical\" href=\"https:\/\/jornalfatosenoticias.com.br\/index.php\/2024\/09\/05\/ansiedade-infantil-os-impactos-negativos-na-aprendizagem\/\" \/>\n<meta property=\"og:locale\" content=\"pt_BR\" \/>\n<meta property=\"og:type\" content=\"article\" \/>\n<meta property=\"og:title\" content=\"Ansiedade infantil: os impactos negativos na aprendizagem - Jornal Fatos e Not\u00edcias\" \/>\n<meta property=\"og:description\" content=\"Sim, a ansiedade infantil pode prejudicar a aprendizagem, pois tem o potencial de causar dificuldades de concentra\u00e7\u00e3o e de assimila\u00e7\u00e3o de informa\u00e7\u00f5es. Sabendo que o desenvolvimento cognitivo depende de fatores emocionais, a ansiedade na inf\u00e2ncia pode resultar em desmotiva\u00e7\u00e3o escolar e dificuldades de aprendizagem.A inf\u00e2ncia \u00e9 uma fase que todos os seres humanos ir\u00e3o vivenciar, [&hellip;]\" \/>\n<meta property=\"og:url\" content=\"https:\/\/jornalfatosenoticias.com.br\/index.php\/2024\/09\/05\/ansiedade-infantil-os-impactos-negativos-na-aprendizagem\/\" \/>\n<meta property=\"og:site_name\" content=\"Jornal Fatos e Not\u00edcias\" \/>\n<meta property=\"article:published_time\" content=\"2024-09-05T18:50:55+00:00\" \/>\n<meta property=\"article:modified_time\" content=\"2024-09-05T18:50:57+00:00\" \/>\n<meta property=\"og:image\" content=\"https:\/\/jornalfatosenoticias.com.br\/wp-content\/uploads\/2024\/09\/ansiedade-infantil_Depositphotos.jpg\" \/>\n\t<meta property=\"og:image:width\" content=\"1000\" \/>\n\t<meta property=\"og:image:height\" content=\"666\" \/>\n\t<meta property=\"og:image:type\" content=\"image\/jpeg\" \/>\n<meta name=\"author\" content=\"L\u00e9ia Flauzina\" \/>\n<meta name=\"twitter:card\" content=\"summary_large_image\" \/>\n<meta name=\"twitter:label1\" content=\"Escrito por\" \/>\n\t<meta name=\"twitter:data1\" content=\"L\u00e9ia Flauzina\" \/>\n\t<meta name=\"twitter:label2\" content=\"Est. tempo de leitura\" \/>\n\t<meta name=\"twitter:data2\" content=\"4 minutos\" \/>\n<script type=\"application\/ld+json\" class=\"yoast-schema-graph\">{\"@context\":\"https:\/\/schema.org\",\"@graph\":[{\"@type\":\"Article\",\"@id\":\"https:\/\/jornalfatosenoticias.com.br\/index.php\/2024\/09\/05\/ansiedade-infantil-os-impactos-negativos-na-aprendizagem\/#article\",\"isPartOf\":{\"@id\":\"https:\/\/jornalfatosenoticias.com.br\/index.php\/2024\/09\/05\/ansiedade-infantil-os-impactos-negativos-na-aprendizagem\/\"},\"author\":{\"name\":\"L\u00e9ia Flauzina\",\"@id\":\"https:\/\/jornalfatosenoticias.com.br\/#\/schema\/person\/4a992c9d5e2ea219b74162b89d96b273\"},\"headline\":\"Ansiedade infantil: os impactos negativos na aprendizagem\",\"datePublished\":\"2024-09-05T18:50:55+00:00\",\"dateModified\":\"2024-09-05T18:50:57+00:00\",\"mainEntityOfPage\":{\"@id\":\"https:\/\/jornalfatosenoticias.com.br\/index.php\/2024\/09\/05\/ansiedade-infantil-os-impactos-negativos-na-aprendizagem\/\"},\"wordCount\":828,\"commentCount\":0,\"publisher\":{\"@id\":\"https:\/\/jornalfatosenoticias.com.br\/#organization\"},\"image\":{\"@id\":\"https:\/\/jornalfatosenoticias.com.br\/index.php\/2024\/09\/05\/ansiedade-infantil-os-impactos-negativos-na-aprendizagem\/#primaryimage\"},\"thumbnailUrl\":\"https:\/\/jornalfatosenoticias.com.br\/wp-content\/uploads\/2024\/09\/ansiedade-infantil_Depositphotos.jpg\",\"keywords\":[\"ansiedade\",\"ansiedade infantil\",\"aprendizagem\",\"diagn\u00f3stico\",\"sintomas comportamentais\",\"sintomas emocionais\",\"sintomas f\u00edsicos\"],\"articleSection\":[\"Comportamento &amp; Equil\u00edbrio\",\"Educa\u00e7\u00e3o\"],\"inLanguage\":\"pt-BR\",\"potentialAction\":[{\"@type\":\"CommentAction\",\"name\":\"Comment\",\"target\":[\"https:\/\/jornalfatosenoticias.com.br\/index.php\/2024\/09\/05\/ansiedade-infantil-os-impactos-negativos-na-aprendizagem\/#respond\"]}]},{\"@type\":\"WebPage\",\"@id\":\"https:\/\/jornalfatosenoticias.com.br\/index.php\/2024\/09\/05\/ansiedade-infantil-os-impactos-negativos-na-aprendizagem\/\",\"url\":\"https:\/\/jornalfatosenoticias.com.br\/index.php\/2024\/09\/05\/ansiedade-infantil-os-impactos-negativos-na-aprendizagem\/\",\"name\":\"Ansiedade infantil: os impactos negativos na aprendizagem - Jornal Fatos e Not\u00edcias\",\"isPartOf\":{\"@id\":\"https:\/\/jornalfatosenoticias.com.br\/#website\"},\"primaryImageOfPage\":{\"@id\":\"https:\/\/jornalfatosenoticias.com.br\/index.php\/2024\/09\/05\/ansiedade-infantil-os-impactos-negativos-na-aprendizagem\/#primaryimage\"},\"image\":{\"@id\":\"https:\/\/jornalfatosenoticias.com.br\/index.php\/2024\/09\/05\/ansiedade-infantil-os-impactos-negativos-na-aprendizagem\/#primaryimage\"},\"thumbnailUrl\":\"https:\/\/jornalfatosenoticias.com.br\/wp-content\/uploads\/2024\/09\/ansiedade-infantil_Depositphotos.jpg\",\"datePublished\":\"2024-09-05T18:50:55+00:00\",\"dateModified\":\"2024-09-05T18:50:57+00:00\",\"breadcrumb\":{\"@id\":\"https:\/\/jornalfatosenoticias.com.br\/index.php\/2024\/09\/05\/ansiedade-infantil-os-impactos-negativos-na-aprendizagem\/#breadcrumb\"},\"inLanguage\":\"pt-BR\",\"potentialAction\":[{\"@type\":\"ReadAction\",\"target\":[\"https:\/\/jornalfatosenoticias.com.br\/index.php\/2024\/09\/05\/ansiedade-infantil-os-impactos-negativos-na-aprendizagem\/\"]}]},{\"@type\":\"ImageObject\",\"inLanguage\":\"pt-BR\",\"@id\":\"https:\/\/jornalfatosenoticias.com.br\/index.php\/2024\/09\/05\/ansiedade-infantil-os-impactos-negativos-na-aprendizagem\/#primaryimage\",\"url\":\"https:\/\/jornalfatosenoticias.com.br\/wp-content\/uploads\/2024\/09\/ansiedade-infantil_Depositphotos.jpg\",\"contentUrl\":\"https:\/\/jornalfatosenoticias.com.br\/wp-content\/uploads\/2024\/09\/ansiedade-infantil_Depositphotos.jpg\",\"width\":1000,\"height\":666},{\"@type\":\"BreadcrumbList\",\"@id\":\"https:\/\/jornalfatosenoticias.com.br\/index.php\/2024\/09\/05\/ansiedade-infantil-os-impactos-negativos-na-aprendizagem\/#breadcrumb\",\"itemListElement\":[{\"@type\":\"ListItem\",\"position\":1,\"name\":\"In\u00edcio\",\"item\":\"https:\/\/jornalfatosenoticias.com.br\/\"},{\"@type\":\"ListItem\",\"position\":2,\"name\":\"Ansiedade infantil: os impactos negativos na aprendizagem\"}]},{\"@type\":\"WebSite\",\"@id\":\"https:\/\/jornalfatosenoticias.com.br\/#website\",\"url\":\"https:\/\/jornalfatosenoticias.com.br\/\",\"name\":\"Jornal Fatos e Not\u00edcias\",\"description\":\"Not\u00edcias em geral\",\"publisher\":{\"@id\":\"https:\/\/jornalfatosenoticias.com.br\/#organization\"},\"potentialAction\":[{\"@type\":\"SearchAction\",\"target\":{\"@type\":\"EntryPoint\",\"urlTemplate\":\"https:\/\/jornalfatosenoticias.com.br\/?s={search_term_string}\"},\"query-input\":{\"@type\":\"PropertyValueSpecification\",\"valueRequired\":true,\"valueName\":\"search_term_string\"}}],\"inLanguage\":\"pt-BR\"},{\"@type\":\"Organization\",\"@id\":\"https:\/\/jornalfatosenoticias.com.br\/#organization\",\"name\":\"Jornal Fatos e Not\u00edcias\",\"url\":\"https:\/\/jornalfatosenoticias.com.br\/\",\"logo\":{\"@type\":\"ImageObject\",\"inLanguage\":\"pt-BR\",\"@id\":\"https:\/\/jornalfatosenoticias.com.br\/#\/schema\/logo\/image\/\",\"url\":\"https:\/\/jornalfatosenoticias.com.br\/wp-content\/uploads\/2020\/02\/logo120.png\",\"contentUrl\":\"https:\/\/jornalfatosenoticias.com.br\/wp-content\/uploads\/2020\/02\/logo120.png\",\"width\":1227,\"height\":120,\"caption\":\"Jornal Fatos e Not\u00edcias\"},\"image\":{\"@id\":\"https:\/\/jornalfatosenoticias.com.br\/#\/schema\/logo\/image\/\"}},{\"@type\":\"Person\",\"@id\":\"https:\/\/jornalfatosenoticias.com.br\/#\/schema\/person\/4a992c9d5e2ea219b74162b89d96b273\",\"name\":\"L\u00e9ia Flauzina\",\"image\":{\"@type\":\"ImageObject\",\"inLanguage\":\"pt-BR\",\"@id\":\"https:\/\/jornalfatosenoticias.com.br\/#\/schema\/person\/image\/\",\"url\":\"https:\/\/jornalfatosenoticias.com.br\/wp-content\/uploads\/2024\/02\/Leia_Flauzina-removebg-preview-150x150.png\",\"contentUrl\":\"https:\/\/jornalfatosenoticias.com.br\/wp-content\/uploads\/2024\/02\/Leia_Flauzina-removebg-preview-150x150.png\",\"caption\":\"L\u00e9ia Flauzina\"},\"description\":\"Psicopedagoga, Neuropsicopedagoga, Especialista em Autismo, Neuroci\u00eancia, Aprendizagem e Mestre em Educa\u00e7\u00e3o, Escritora, Palestrante e Neuroterapeuta\",\"url\":\"https:\/\/jornalfatosenoticias.com.br\/index.php\/author\/leia-flauzina\/\"}]}<\/script>\n<!-- \/ Yoast SEO plugin. -->","yoast_head_json":{"title":"Ansiedade infantil: os impactos negativos na aprendizagem - Jornal Fatos e Not\u00edcias","robots":{"index":"index","follow":"follow","max-snippet":"max-snippet:-1","max-image-preview":"max-image-preview:large","max-video-preview":"max-video-preview:-1"},"canonical":"https:\/\/jornalfatosenoticias.com.br\/index.php\/2024\/09\/05\/ansiedade-infantil-os-impactos-negativos-na-aprendizagem\/","og_locale":"pt_BR","og_type":"article","og_title":"Ansiedade infantil: os impactos negativos na aprendizagem - Jornal Fatos e Not\u00edcias","og_description":"Sim, a ansiedade infantil pode prejudicar a aprendizagem, pois tem o potencial de causar dificuldades de concentra\u00e7\u00e3o e de assimila\u00e7\u00e3o de informa\u00e7\u00f5es. Sabendo que o desenvolvimento cognitivo depende de fatores emocionais, a ansiedade na inf\u00e2ncia pode resultar em desmotiva\u00e7\u00e3o escolar e dificuldades de aprendizagem.A inf\u00e2ncia \u00e9 uma fase que todos os seres humanos ir\u00e3o vivenciar, [&hellip;]","og_url":"https:\/\/jornalfatosenoticias.com.br\/index.php\/2024\/09\/05\/ansiedade-infantil-os-impactos-negativos-na-aprendizagem\/","og_site_name":"Jornal Fatos e Not\u00edcias","article_published_time":"2024-09-05T18:50:55+00:00","article_modified_time":"2024-09-05T18:50:57+00:00","og_image":[{"width":1000,"height":666,"url":"https:\/\/jornalfatosenoticias.com.br\/wp-content\/uploads\/2024\/09\/ansiedade-infantil_Depositphotos.jpg","type":"image\/jpeg"}],"author":"L\u00e9ia Flauzina","twitter_card":"summary_large_image","twitter_misc":{"Escrito por":"L\u00e9ia Flauzina","Est. tempo de leitura":"4 minutos"},"schema":{"@context":"https:\/\/schema.org","@graph":[{"@type":"Article","@id":"https:\/\/jornalfatosenoticias.com.br\/index.php\/2024\/09\/05\/ansiedade-infantil-os-impactos-negativos-na-aprendizagem\/#article","isPartOf":{"@id":"https:\/\/jornalfatosenoticias.com.br\/index.php\/2024\/09\/05\/ansiedade-infantil-os-impactos-negativos-na-aprendizagem\/"},"author":{"name":"L\u00e9ia Flauzina","@id":"https:\/\/jornalfatosenoticias.com.br\/#\/schema\/person\/4a992c9d5e2ea219b74162b89d96b273"},"headline":"Ansiedade infantil: os impactos negativos na aprendizagem","datePublished":"2024-09-05T18:50:55+00:00","dateModified":"2024-09-05T18:50:57+00:00","mainEntityOfPage":{"@id":"https:\/\/jornalfatosenoticias.com.br\/index.php\/2024\/09\/05\/ansiedade-infantil-os-impactos-negativos-na-aprendizagem\/"},"wordCount":828,"commentCount":0,"publisher":{"@id":"https:\/\/jornalfatosenoticias.com.br\/#organization"},"image":{"@id":"https:\/\/jornalfatosenoticias.com.br\/index.php\/2024\/09\/05\/ansiedade-infantil-os-impactos-negativos-na-aprendizagem\/#primaryimage"},"thumbnailUrl":"https:\/\/jornalfatosenoticias.com.br\/wp-content\/uploads\/2024\/09\/ansiedade-infantil_Depositphotos.jpg","keywords":["ansiedade","ansiedade infantil","aprendizagem","diagn\u00f3stico","sintomas comportamentais","sintomas emocionais","sintomas f\u00edsicos"],"articleSection":["Comportamento &amp; Equil\u00edbrio","Educa\u00e7\u00e3o"],"inLanguage":"pt-BR","potentialAction":[{"@type":"CommentAction","name":"Comment","target":["https:\/\/jornalfatosenoticias.com.br\/index.php\/2024\/09\/05\/ansiedade-infantil-os-impactos-negativos-na-aprendizagem\/#respond"]}]},{"@type":"WebPage","@id":"https:\/\/jornalfatosenoticias.com.br\/index.php\/2024\/09\/05\/ansiedade-infantil-os-impactos-negativos-na-aprendizagem\/","url":"https:\/\/jornalfatosenoticias.com.br\/index.php\/2024\/09\/05\/ansiedade-infantil-os-impactos-negativos-na-aprendizagem\/","name":"Ansiedade infantil: os impactos negativos na aprendizagem - Jornal Fatos e Not\u00edcias","isPartOf":{"@id":"https:\/\/jornalfatosenoticias.com.br\/#website"},"primaryImageOfPage":{"@id":"https:\/\/jornalfatosenoticias.com.br\/index.php\/2024\/09\/05\/ansiedade-infantil-os-impactos-negativos-na-aprendizagem\/#primaryimage"},"image":{"@id":"https:\/\/jornalfatosenoticias.com.br\/index.php\/2024\/09\/05\/ansiedade-infantil-os-impactos-negativos-na-aprendizagem\/#primaryimage"},"thumbnailUrl":"https:\/\/jornalfatosenoticias.com.br\/wp-content\/uploads\/2024\/09\/ansiedade-infantil_Depositphotos.jpg","datePublished":"2024-09-05T18:50:55+00:00","dateModified":"2024-09-05T18:50:57+00:00","breadcrumb":{"@id":"https:\/\/jornalfatosenoticias.com.br\/index.php\/2024\/09\/05\/ansiedade-infantil-os-impactos-negativos-na-aprendizagem\/#breadcrumb"},"inLanguage":"pt-BR","potentialAction":[{"@type":"ReadAction","target":["https:\/\/jornalfatosenoticias.com.br\/index.php\/2024\/09\/05\/ansiedade-infantil-os-impactos-negativos-na-aprendizagem\/"]}]},{"@type":"ImageObject","inLanguage":"pt-BR","@id":"https:\/\/jornalfatosenoticias.com.br\/index.php\/2024\/09\/05\/ansiedade-infantil-os-impactos-negativos-na-aprendizagem\/#primaryimage","url":"https:\/\/jornalfatosenoticias.com.br\/wp-content\/uploads\/2024\/09\/ansiedade-infantil_Depositphotos.jpg","contentUrl":"https:\/\/jornalfatosenoticias.com.br\/wp-content\/uploads\/2024\/09\/ansiedade-infantil_Depositphotos.jpg","width":1000,"height":666},{"@type":"BreadcrumbList","@id":"https:\/\/jornalfatosenoticias.com.br\/index.php\/2024\/09\/05\/ansiedade-infantil-os-impactos-negativos-na-aprendizagem\/#breadcrumb","itemListElement":[{"@type":"ListItem","position":1,"name":"In\u00edcio","item":"https:\/\/jornalfatosenoticias.com.br\/"},{"@type":"ListItem","position":2,"name":"Ansiedade infantil: os impactos negativos na aprendizagem"}]},{"@type":"WebSite","@id":"https:\/\/jornalfatosenoticias.com.br\/#website","url":"https:\/\/jornalfatosenoticias.com.br\/","name":"Jornal Fatos e Not\u00edcias","description":"Not\u00edcias em geral","publisher":{"@id":"https:\/\/jornalfatosenoticias.com.br\/#organization"},"potentialAction":[{"@type":"SearchAction","target":{"@type":"EntryPoint","urlTemplate":"https:\/\/jornalfatosenoticias.com.br\/?s={search_term_string}"},"query-input":{"@type":"PropertyValueSpecification","valueRequired":true,"valueName":"search_term_string"}}],"inLanguage":"pt-BR"},{"@type":"Organization","@id":"https:\/\/jornalfatosenoticias.com.br\/#organization","name":"Jornal Fatos e Not\u00edcias","url":"https:\/\/jornalfatosenoticias.com.br\/","logo":{"@type":"ImageObject","inLanguage":"pt-BR","@id":"https:\/\/jornalfatosenoticias.com.br\/#\/schema\/logo\/image\/","url":"https:\/\/jornalfatosenoticias.com.br\/wp-content\/uploads\/2020\/02\/logo120.png","contentUrl":"https:\/\/jornalfatosenoticias.com.br\/wp-content\/uploads\/2020\/02\/logo120.png","width":1227,"height":120,"caption":"Jornal Fatos e Not\u00edcias"},"image":{"@id":"https:\/\/jornalfatosenoticias.com.br\/#\/schema\/logo\/image\/"}},{"@type":"Person","@id":"https:\/\/jornalfatosenoticias.com.br\/#\/schema\/person\/4a992c9d5e2ea219b74162b89d96b273","name":"L\u00e9ia Flauzina","image":{"@type":"ImageObject","inLanguage":"pt-BR","@id":"https:\/\/jornalfatosenoticias.com.br\/#\/schema\/person\/image\/","url":"https:\/\/jornalfatosenoticias.com.br\/wp-content\/uploads\/2024\/02\/Leia_Flauzina-removebg-preview-150x150.png","contentUrl":"https:\/\/jornalfatosenoticias.com.br\/wp-content\/uploads\/2024\/02\/Leia_Flauzina-removebg-preview-150x150.png","caption":"L\u00e9ia Flauzina"},"description":"Psicopedagoga, Neuropsicopedagoga, Especialista em Autismo, Neuroci\u00eancia, Aprendizagem e Mestre em Educa\u00e7\u00e3o, Escritora, Palestrante e Neuroterapeuta","url":"https:\/\/jornalfatosenoticias.com.br\/index.php\/author\/leia-flauzina\/"}]}},"cc_featured_image_caption":{"caption_text":"(Foto: Depositphotos) ","source_text":"","source_url":""},"jetpack_featured_media_url":"https:\/\/jornalfatosenoticias.com.br\/wp-content\/uploads\/2024\/09\/ansiedade-infantil_Depositphotos.jpg","_links":{"self":[{"href":"https:\/\/jornalfatosenoticias.com.br\/index.php\/wp-json\/wp\/v2\/posts\/53933","targetHints":{"allow":["GET"]}}],"collection":[{"href":"https:\/\/jornalfatosenoticias.com.br\/index.php\/wp-json\/wp\/v2\/posts"}],"about":[{"href":"https:\/\/jornalfatosenoticias.com.br\/index.php\/wp-json\/wp\/v2\/types\/post"}],"author":[{"embeddable":true,"href":"https:\/\/jornalfatosenoticias.com.br\/index.php\/wp-json\/wp\/v2\/users\/35"}],"replies":[{"embeddable":true,"href":"https:\/\/jornalfatosenoticias.com.br\/index.php\/wp-json\/wp\/v2\/comments?post=53933"}],"version-history":[{"count":0,"href":"https:\/\/jornalfatosenoticias.com.br\/index.php\/wp-json\/wp\/v2\/posts\/53933\/revisions"}],"wp:featuredmedia":[{"embeddable":true,"href":"https:\/\/jornalfatosenoticias.com.br\/index.php\/wp-json\/wp\/v2\/media\/53934"}],"wp:attachment":[{"href":"https:\/\/jornalfatosenoticias.com.br\/index.php\/wp-json\/wp\/v2\/media?parent=53933"}],"wp:term":[{"taxonomy":"category","embeddable":true,"href":"https:\/\/jornalfatosenoticias.com.br\/index.php\/wp-json\/wp\/v2\/categories?post=53933"},{"taxonomy":"post_tag","embeddable":true,"href":"https:\/\/jornalfatosenoticias.com.br\/index.php\/wp-json\/wp\/v2\/tags?post=53933"}],"curies":[{"name":"wp","href":"https:\/\/api.w.org\/{rel}","templated":true}]}}