{"id":53939,"date":"2024-09-05T16:18:51","date_gmt":"2024-09-05T19:18:51","guid":{"rendered":"https:\/\/jornalfatosenoticias.com.br\/?p=53939"},"modified":"2024-09-05T16:18:52","modified_gmt":"2024-09-05T19:18:52","slug":"devocional-do-dia-quem-intentara-acusacao-contra-os-escolhidos-de-deus","status":"publish","type":"post","link":"https:\/\/jornalfatosenoticias.com.br\/index.php\/2024\/09\/05\/devocional-do-dia-quem-intentara-acusacao-contra-os-escolhidos-de-deus\/","title":{"rendered":"Devocional do Dia \u2014 quem intentar\u00e1 acusa\u00e7\u00e3o contra os escolhidos de Deus?"},"content":{"rendered":"\n<p><em><span class=\"has-inline-color has-black-color\">\u2018Quem intentar\u00e1 acusa\u00e7\u00e3o contra os escolhidos de Deus? \u00c9 Deus quem os justifica&#8217;, Romanos 8:33<\/span><\/em><\/p>\n\n\n\n<p><span class=\"has-inline-color has-black-color\">Por\u00a0<\/span><strong><a href=\"https:\/\/jornalfatosenoticias.com.br\/index.php\/2024\/06\/03\/devocional-do-dia-espirito-x-carne\/\">Pastora Luciene da Silva Cordeiro<\/a><\/strong><\/p>\n\n\n\n<div class=\"wp-block-image\"><figure class=\"aligncenter size-large\"><a href=\"https:\/\/mizu.com.br\/\"><img loading=\"lazy\" decoding=\"async\" width=\"729\" height=\"90\" src=\"https:\/\/jornalfatosenoticias.com.br\/wp-content\/uploads\/2020\/02\/Logo_Mizu.png\" alt=\"\" class=\"wp-image-1441\" srcset=\"https:\/\/jornalfatosenoticias.com.br\/wp-content\/uploads\/2020\/02\/Logo_Mizu.png 729w, https:\/\/jornalfatosenoticias.com.br\/wp-content\/uploads\/2020\/02\/Logo_Mizu-300x37.png 300w\" sizes=\"auto, (max-width: 729px) 100vw, 729px\" \/><\/a><\/figure><\/div>\n\n\n\n<p>Quando Deus declara que um pecador \u00e9 justificado \u00e0 Sua vista e atribui a pr\u00f3pria justi\u00e7a de Cristo a ele, esse indiv\u00edduo nunca mais ser\u00e1 colocado em um segundo julgamento. Existe um conceito jur\u00eddico que uma vez que um indiv\u00edduo \u00e9 acusado de um crime, \u00e9 julgado e inocentado, nunca mais poder\u00e1 ser levado ao tribunal por aquele mesmo crime novamente, mesmo que sua culpa venha a ser provada posteriormente. Mas, ao justificar o perdido, Deus ignora o fato da nossa culpa ineg\u00e1vel e, por meio de sua maravilhosa gra\u00e7a, declara-nos livres de todas as acusa\u00e7\u00f5es!<\/p>\n\n\n\n<div class=\"wp-block-image\"><figure class=\"aligncenter size-large is-resized\"><a href=\"https:\/\/www.ithbrasil.com.br\/\"><img loading=\"lazy\" decoding=\"async\" src=\"https:\/\/jornalfatosenoticias.com.br\/wp-content\/uploads\/2023\/08\/ITH.jpeg\" alt=\"\" class=\"wp-image-44638\" width=\"286\" height=\"232\" srcset=\"https:\/\/jornalfatosenoticias.com.br\/wp-content\/uploads\/2023\/08\/ITH.jpeg 800w, https:\/\/jornalfatosenoticias.com.br\/wp-content\/uploads\/2023\/08\/ITH-300x244.jpeg 300w, https:\/\/jornalfatosenoticias.com.br\/wp-content\/uploads\/2023\/08\/ITH-768x624.jpeg 768w\" sizes=\"auto, (max-width: 286px) 100vw, 286px\" \/><\/a><\/figure><\/div>\n\n\n\n<p><strong>ORA\u00c7\u00c3O:<\/strong> Pai querido, bondoso Deus, e meu Senhor. Obrigado pela sua maravilhosa gra\u00e7a e pela justifica\u00e7\u00e3o atrav\u00e9s de Cristo Jesus. Eu clamo o Sangue do Cordeiro sobre a minha vida, e rejeito toda acusa\u00e7\u00e3o do inimigo, que tem feito eu me sentir culpado pelos meus pecados. Aceite novamente o perd\u00e3o pelos meus pecados, ajuda-me no caminhar di\u00e1rio para eu n\u00e3o me desviar do Seu caminho. Eu oro em nome de Jesus. Am\u00e9m!<br>Baixe voc\u00ea tamb\u00e9m a B\u00edblia Sagrada do Crist\u00e3o\u00a0<strong><a href=\"https:\/\/play.google.com\/store\/apps\/details?id=com.harpacristagratuitaportuguesbrmasterfiveapps\">https:\/\/goo.gl\/2icbB6<\/a><\/strong>.<\/p>\n\n\n\n<div class=\"wp-block-image\"><figure class=\"aligncenter size-large is-resized\"><a href=\"https:\/\/www.facebook.com\/vetor.vix\/\"><img loading=\"lazy\" decoding=\"async\" src=\"https:\/\/jornalfatosenoticias.com.br\/wp-content\/uploads\/2023\/09\/vetorvix1024_1.jpg\" alt=\"\" class=\"wp-image-44868\" width=\"486\" height=\"129\" srcset=\"https:\/\/jornalfatosenoticias.com.br\/wp-content\/uploads\/2023\/09\/vetorvix1024_1.jpg 1024w, https:\/\/jornalfatosenoticias.com.br\/wp-content\/uploads\/2023\/09\/vetorvix1024_1-300x80.jpg 300w, https:\/\/jornalfatosenoticias.com.br\/wp-content\/uploads\/2023\/09\/vetorvix1024_1-768x205.jpg 768w\" sizes=\"auto, (max-width: 486px) 100vw, 486px\" \/><\/a><\/figure><\/div>\n\n\n\n<p><strong><span class=\"has-inline-color has-black-color\">Pastora Luciene da Silva Cordeiro<br><\/span><\/strong><em><span class=\"has-inline-color has-black-color\">Igreja Minist\u00e9rio Mission\u00e1rio de Intercess\u00e3o a Servi\u00e7o do Reino de Deus<\/span><\/em><\/p>\n","protected":false},"excerpt":{"rendered":"<p>\u2018Quem intentar\u00e1 acusa\u00e7\u00e3o contra os escolhidos de Deus? \u00c9 Deus quem os justifica&#8217;, Romanos 8:33 Por\u00a0Pastora Luciene da Silva Cordeiro Quando Deus declara que um pecador \u00e9 justificado \u00e0 Sua vista e atribui a pr\u00f3pria justi\u00e7a de Cristo a ele, esse indiv\u00edduo nunca mais ser\u00e1 colocado em um segundo julgamento. Existe um conceito jur\u00eddico que [&hellip;]<\/p>\n","protected":false},"author":2,"featured_media":53940,"comment_status":"open","ping_status":"open","sticky":false,"template":"","format":"standard","meta":{"footnotes":""},"categories":[21140],"tags":[1214,7275,24582,19749,24581],"class_list":["post-53939","post","type-post","status-publish","format-standard","has-post-thumbnail","hentry","category-religiao","tag-acusacao","tag-deus","tag-escolhidos-de-deus","tag-pecados","tag-sangue-do-cordeiro"],"yoast_head":"<!-- This site is optimized with the Yoast SEO plugin v26.5 - https:\/\/yoast.com\/wordpress\/plugins\/seo\/ -->\n<title>Devocional do Dia \u2014 quem intentar\u00e1 acusa\u00e7\u00e3o contra os escolhidos de Deus? - Jornal Fatos e Not\u00edcias<\/title>\n<meta name=\"robots\" content=\"index, follow, max-snippet:-1, max-image-preview:large, max-video-preview:-1\" \/>\n<link rel=\"canonical\" href=\"https:\/\/jornalfatosenoticias.com.br\/index.php\/2024\/09\/05\/devocional-do-dia-quem-intentara-acusacao-contra-os-escolhidos-de-deus\/\" \/>\n<meta property=\"og:locale\" content=\"pt_BR\" \/>\n<meta property=\"og:type\" content=\"article\" \/>\n<meta property=\"og:title\" content=\"Devocional do Dia \u2014 quem intentar\u00e1 acusa\u00e7\u00e3o contra os escolhidos de Deus? - Jornal Fatos e Not\u00edcias\" \/>\n<meta property=\"og:description\" content=\"\u2018Quem intentar\u00e1 acusa\u00e7\u00e3o contra os escolhidos de Deus? \u00c9 Deus quem os justifica&#8217;, Romanos 8:33 Por\u00a0Pastora Luciene da Silva Cordeiro Quando Deus declara que um pecador \u00e9 justificado \u00e0 Sua vista e atribui a pr\u00f3pria justi\u00e7a de Cristo a ele, esse indiv\u00edduo nunca mais ser\u00e1 colocado em um segundo julgamento. Existe um conceito jur\u00eddico que [&hellip;]\" \/>\n<meta property=\"og:url\" content=\"https:\/\/jornalfatosenoticias.com.br\/index.php\/2024\/09\/05\/devocional-do-dia-quem-intentara-acusacao-contra-os-escolhidos-de-deus\/\" \/>\n<meta property=\"og:site_name\" content=\"Jornal Fatos e Not\u00edcias\" \/>\n<meta property=\"article:published_time\" content=\"2024-09-05T19:18:51+00:00\" \/>\n<meta property=\"article:modified_time\" content=\"2024-09-05T19:18:52+00:00\" \/>\n<meta property=\"og:image\" content=\"https:\/\/jornalfatosenoticias.com.br\/wp-content\/uploads\/2024\/09\/Quem-intentara-acusacao-contra-os-escolhidos-de-Deus_istock.jpg\" \/>\n\t<meta property=\"og:image:width\" content=\"612\" \/>\n\t<meta property=\"og:image:height\" content=\"306\" \/>\n\t<meta property=\"og:image:type\" content=\"image\/jpeg\" \/>\n<meta name=\"author\" content=\"Luzimara Fernandes\" \/>\n<meta name=\"twitter:card\" content=\"summary_large_image\" \/>\n<meta name=\"twitter:label1\" content=\"Escrito por\" \/>\n\t<meta name=\"twitter:data1\" content=\"Luzimara Fernandes\" \/>\n\t<meta name=\"twitter:label2\" content=\"Est. tempo de leitura\" \/>\n\t<meta name=\"twitter:data2\" content=\"1 minuto\" \/>\n<script type=\"application\/ld+json\" class=\"yoast-schema-graph\">{\"@context\":\"https:\/\/schema.org\",\"@graph\":[{\"@type\":\"Article\",\"@id\":\"https:\/\/jornalfatosenoticias.com.br\/index.php\/2024\/09\/05\/devocional-do-dia-quem-intentara-acusacao-contra-os-escolhidos-de-deus\/#article\",\"isPartOf\":{\"@id\":\"https:\/\/jornalfatosenoticias.com.br\/index.php\/2024\/09\/05\/devocional-do-dia-quem-intentara-acusacao-contra-os-escolhidos-de-deus\/\"},\"author\":{\"name\":\"Luzimara Fernandes\",\"@id\":\"https:\/\/jornalfatosenoticias.com.br\/#\/schema\/person\/d63837fa13ac8666eb9e74e0985d6f81\"},\"headline\":\"Devocional do Dia \u2014 quem intentar\u00e1 acusa\u00e7\u00e3o contra os escolhidos de Deus?\",\"datePublished\":\"2024-09-05T19:18:51+00:00\",\"dateModified\":\"2024-09-05T19:18:52+00:00\",\"mainEntityOfPage\":{\"@id\":\"https:\/\/jornalfatosenoticias.com.br\/index.php\/2024\/09\/05\/devocional-do-dia-quem-intentara-acusacao-contra-os-escolhidos-de-deus\/\"},\"wordCount\":248,\"commentCount\":0,\"publisher\":{\"@id\":\"https:\/\/jornalfatosenoticias.com.br\/#organization\"},\"image\":{\"@id\":\"https:\/\/jornalfatosenoticias.com.br\/index.php\/2024\/09\/05\/devocional-do-dia-quem-intentara-acusacao-contra-os-escolhidos-de-deus\/#primaryimage\"},\"thumbnailUrl\":\"https:\/\/jornalfatosenoticias.com.br\/wp-content\/uploads\/2024\/09\/Quem-intentara-acusacao-contra-os-escolhidos-de-Deus_istock.jpg\",\"keywords\":[\"acusa\u00e7\u00e3o\",\"Deus\",\"escolhidos de Deus\",\"pecados\",\"Sangue do Cordeiro\"],\"articleSection\":[\"Religi\u00e3o\"],\"inLanguage\":\"pt-BR\",\"potentialAction\":[{\"@type\":\"CommentAction\",\"name\":\"Comment\",\"target\":[\"https:\/\/jornalfatosenoticias.com.br\/index.php\/2024\/09\/05\/devocional-do-dia-quem-intentara-acusacao-contra-os-escolhidos-de-deus\/#respond\"]}]},{\"@type\":\"WebPage\",\"@id\":\"https:\/\/jornalfatosenoticias.com.br\/index.php\/2024\/09\/05\/devocional-do-dia-quem-intentara-acusacao-contra-os-escolhidos-de-deus\/\",\"url\":\"https:\/\/jornalfatosenoticias.com.br\/index.php\/2024\/09\/05\/devocional-do-dia-quem-intentara-acusacao-contra-os-escolhidos-de-deus\/\",\"name\":\"Devocional do Dia \u2014 quem intentar\u00e1 acusa\u00e7\u00e3o contra os escolhidos de Deus? - Jornal Fatos e Not\u00edcias\",\"isPartOf\":{\"@id\":\"https:\/\/jornalfatosenoticias.com.br\/#website\"},\"primaryImageOfPage\":{\"@id\":\"https:\/\/jornalfatosenoticias.com.br\/index.php\/2024\/09\/05\/devocional-do-dia-quem-intentara-acusacao-contra-os-escolhidos-de-deus\/#primaryimage\"},\"image\":{\"@id\":\"https:\/\/jornalfatosenoticias.com.br\/index.php\/2024\/09\/05\/devocional-do-dia-quem-intentara-acusacao-contra-os-escolhidos-de-deus\/#primaryimage\"},\"thumbnailUrl\":\"https:\/\/jornalfatosenoticias.com.br\/wp-content\/uploads\/2024\/09\/Quem-intentara-acusacao-contra-os-escolhidos-de-Deus_istock.jpg\",\"datePublished\":\"2024-09-05T19:18:51+00:00\",\"dateModified\":\"2024-09-05T19:18:52+00:00\",\"breadcrumb\":{\"@id\":\"https:\/\/jornalfatosenoticias.com.br\/index.php\/2024\/09\/05\/devocional-do-dia-quem-intentara-acusacao-contra-os-escolhidos-de-deus\/#breadcrumb\"},\"inLanguage\":\"pt-BR\",\"potentialAction\":[{\"@type\":\"ReadAction\",\"target\":[\"https:\/\/jornalfatosenoticias.com.br\/index.php\/2024\/09\/05\/devocional-do-dia-quem-intentara-acusacao-contra-os-escolhidos-de-deus\/\"]}]},{\"@type\":\"ImageObject\",\"inLanguage\":\"pt-BR\",\"@id\":\"https:\/\/jornalfatosenoticias.com.br\/index.php\/2024\/09\/05\/devocional-do-dia-quem-intentara-acusacao-contra-os-escolhidos-de-deus\/#primaryimage\",\"url\":\"https:\/\/jornalfatosenoticias.com.br\/wp-content\/uploads\/2024\/09\/Quem-intentara-acusacao-contra-os-escolhidos-de-Deus_istock.jpg\",\"contentUrl\":\"https:\/\/jornalfatosenoticias.com.br\/wp-content\/uploads\/2024\/09\/Quem-intentara-acusacao-contra-os-escolhidos-de-Deus_istock.jpg\",\"width\":612,\"height\":306,\"caption\":\"Concept of opposition with a man with his arms spread who symbolically repels two huge hands pointing at him to designate him as a scapegoat.\"},{\"@type\":\"BreadcrumbList\",\"@id\":\"https:\/\/jornalfatosenoticias.com.br\/index.php\/2024\/09\/05\/devocional-do-dia-quem-intentara-acusacao-contra-os-escolhidos-de-deus\/#breadcrumb\",\"itemListElement\":[{\"@type\":\"ListItem\",\"position\":1,\"name\":\"In\u00edcio\",\"item\":\"https:\/\/jornalfatosenoticias.com.br\/\"},{\"@type\":\"ListItem\",\"position\":2,\"name\":\"Devocional do Dia \u2014 quem intentar\u00e1 acusa\u00e7\u00e3o contra os escolhidos de Deus?\"}]},{\"@type\":\"WebSite\",\"@id\":\"https:\/\/jornalfatosenoticias.com.br\/#website\",\"url\":\"https:\/\/jornalfatosenoticias.com.br\/\",\"name\":\"Jornal Fatos e Not\u00edcias\",\"description\":\"Not\u00edcias em geral\",\"publisher\":{\"@id\":\"https:\/\/jornalfatosenoticias.com.br\/#organization\"},\"potentialAction\":[{\"@type\":\"SearchAction\",\"target\":{\"@type\":\"EntryPoint\",\"urlTemplate\":\"https:\/\/jornalfatosenoticias.com.br\/?s={search_term_string}\"},\"query-input\":{\"@type\":\"PropertyValueSpecification\",\"valueRequired\":true,\"valueName\":\"search_term_string\"}}],\"inLanguage\":\"pt-BR\"},{\"@type\":\"Organization\",\"@id\":\"https:\/\/jornalfatosenoticias.com.br\/#organization\",\"name\":\"Jornal Fatos e Not\u00edcias\",\"url\":\"https:\/\/jornalfatosenoticias.com.br\/\",\"logo\":{\"@type\":\"ImageObject\",\"inLanguage\":\"pt-BR\",\"@id\":\"https:\/\/jornalfatosenoticias.com.br\/#\/schema\/logo\/image\/\",\"url\":\"https:\/\/jornalfatosenoticias.com.br\/wp-content\/uploads\/2020\/02\/logo120.png\",\"contentUrl\":\"https:\/\/jornalfatosenoticias.com.br\/wp-content\/uploads\/2020\/02\/logo120.png\",\"width\":1227,\"height\":120,\"caption\":\"Jornal Fatos e Not\u00edcias\"},\"image\":{\"@id\":\"https:\/\/jornalfatosenoticias.com.br\/#\/schema\/logo\/image\/\"}},{\"@type\":\"Person\",\"@id\":\"https:\/\/jornalfatosenoticias.com.br\/#\/schema\/person\/d63837fa13ac8666eb9e74e0985d6f81\",\"name\":\"Luzimara Fernandes\",\"image\":{\"@type\":\"ImageObject\",\"inLanguage\":\"pt-BR\",\"@id\":\"https:\/\/jornalfatosenoticias.com.br\/#\/schema\/person\/image\/\",\"url\":\"https:\/\/jornalfatosenoticias.com.br\/wp-content\/uploads\/2025\/05\/EU_portal.jpg\",\"contentUrl\":\"https:\/\/jornalfatosenoticias.com.br\/wp-content\/uploads\/2025\/05\/EU_portal.jpg\",\"caption\":\"Luzimara Fernandes\"},\"description\":\"Jornalista MTB 2358-ES\",\"sameAs\":[\"https:\/\/jornalfatosenoticias.com.br\"],\"url\":\"https:\/\/jornalfatosenoticias.com.br\/index.php\/author\/luzimara\/\"}]}<\/script>\n<!-- \/ Yoast SEO plugin. -->","yoast_head_json":{"title":"Devocional do Dia \u2014 quem intentar\u00e1 acusa\u00e7\u00e3o contra os escolhidos de Deus? - Jornal Fatos e Not\u00edcias","robots":{"index":"index","follow":"follow","max-snippet":"max-snippet:-1","max-image-preview":"max-image-preview:large","max-video-preview":"max-video-preview:-1"},"canonical":"https:\/\/jornalfatosenoticias.com.br\/index.php\/2024\/09\/05\/devocional-do-dia-quem-intentara-acusacao-contra-os-escolhidos-de-deus\/","og_locale":"pt_BR","og_type":"article","og_title":"Devocional do Dia \u2014 quem intentar\u00e1 acusa\u00e7\u00e3o contra os escolhidos de Deus? - Jornal Fatos e Not\u00edcias","og_description":"\u2018Quem intentar\u00e1 acusa\u00e7\u00e3o contra os escolhidos de Deus? \u00c9 Deus quem os justifica&#8217;, Romanos 8:33 Por\u00a0Pastora Luciene da Silva Cordeiro Quando Deus declara que um pecador \u00e9 justificado \u00e0 Sua vista e atribui a pr\u00f3pria justi\u00e7a de Cristo a ele, esse indiv\u00edduo nunca mais ser\u00e1 colocado em um segundo julgamento. Existe um conceito jur\u00eddico que [&hellip;]","og_url":"https:\/\/jornalfatosenoticias.com.br\/index.php\/2024\/09\/05\/devocional-do-dia-quem-intentara-acusacao-contra-os-escolhidos-de-deus\/","og_site_name":"Jornal Fatos e Not\u00edcias","article_published_time":"2024-09-05T19:18:51+00:00","article_modified_time":"2024-09-05T19:18:52+00:00","og_image":[{"width":612,"height":306,"url":"https:\/\/jornalfatosenoticias.com.br\/wp-content\/uploads\/2024\/09\/Quem-intentara-acusacao-contra-os-escolhidos-de-Deus_istock.jpg","type":"image\/jpeg"}],"author":"Luzimara Fernandes","twitter_card":"summary_large_image","twitter_misc":{"Escrito por":"Luzimara Fernandes","Est. tempo de leitura":"1 minuto"},"schema":{"@context":"https:\/\/schema.org","@graph":[{"@type":"Article","@id":"https:\/\/jornalfatosenoticias.com.br\/index.php\/2024\/09\/05\/devocional-do-dia-quem-intentara-acusacao-contra-os-escolhidos-de-deus\/#article","isPartOf":{"@id":"https:\/\/jornalfatosenoticias.com.br\/index.php\/2024\/09\/05\/devocional-do-dia-quem-intentara-acusacao-contra-os-escolhidos-de-deus\/"},"author":{"name":"Luzimara Fernandes","@id":"https:\/\/jornalfatosenoticias.com.br\/#\/schema\/person\/d63837fa13ac8666eb9e74e0985d6f81"},"headline":"Devocional do Dia \u2014 quem intentar\u00e1 acusa\u00e7\u00e3o contra os escolhidos de Deus?","datePublished":"2024-09-05T19:18:51+00:00","dateModified":"2024-09-05T19:18:52+00:00","mainEntityOfPage":{"@id":"https:\/\/jornalfatosenoticias.com.br\/index.php\/2024\/09\/05\/devocional-do-dia-quem-intentara-acusacao-contra-os-escolhidos-de-deus\/"},"wordCount":248,"commentCount":0,"publisher":{"@id":"https:\/\/jornalfatosenoticias.com.br\/#organization"},"image":{"@id":"https:\/\/jornalfatosenoticias.com.br\/index.php\/2024\/09\/05\/devocional-do-dia-quem-intentara-acusacao-contra-os-escolhidos-de-deus\/#primaryimage"},"thumbnailUrl":"https:\/\/jornalfatosenoticias.com.br\/wp-content\/uploads\/2024\/09\/Quem-intentara-acusacao-contra-os-escolhidos-de-Deus_istock.jpg","keywords":["acusa\u00e7\u00e3o","Deus","escolhidos de Deus","pecados","Sangue do Cordeiro"],"articleSection":["Religi\u00e3o"],"inLanguage":"pt-BR","potentialAction":[{"@type":"CommentAction","name":"Comment","target":["https:\/\/jornalfatosenoticias.com.br\/index.php\/2024\/09\/05\/devocional-do-dia-quem-intentara-acusacao-contra-os-escolhidos-de-deus\/#respond"]}]},{"@type":"WebPage","@id":"https:\/\/jornalfatosenoticias.com.br\/index.php\/2024\/09\/05\/devocional-do-dia-quem-intentara-acusacao-contra-os-escolhidos-de-deus\/","url":"https:\/\/jornalfatosenoticias.com.br\/index.php\/2024\/09\/05\/devocional-do-dia-quem-intentara-acusacao-contra-os-escolhidos-de-deus\/","name":"Devocional do Dia \u2014 quem intentar\u00e1 acusa\u00e7\u00e3o contra os escolhidos de Deus? - Jornal Fatos e Not\u00edcias","isPartOf":{"@id":"https:\/\/jornalfatosenoticias.com.br\/#website"},"primaryImageOfPage":{"@id":"https:\/\/jornalfatosenoticias.com.br\/index.php\/2024\/09\/05\/devocional-do-dia-quem-intentara-acusacao-contra-os-escolhidos-de-deus\/#primaryimage"},"image":{"@id":"https:\/\/jornalfatosenoticias.com.br\/index.php\/2024\/09\/05\/devocional-do-dia-quem-intentara-acusacao-contra-os-escolhidos-de-deus\/#primaryimage"},"thumbnailUrl":"https:\/\/jornalfatosenoticias.com.br\/wp-content\/uploads\/2024\/09\/Quem-intentara-acusacao-contra-os-escolhidos-de-Deus_istock.jpg","datePublished":"2024-09-05T19:18:51+00:00","dateModified":"2024-09-05T19:18:52+00:00","breadcrumb":{"@id":"https:\/\/jornalfatosenoticias.com.br\/index.php\/2024\/09\/05\/devocional-do-dia-quem-intentara-acusacao-contra-os-escolhidos-de-deus\/#breadcrumb"},"inLanguage":"pt-BR","potentialAction":[{"@type":"ReadAction","target":["https:\/\/jornalfatosenoticias.com.br\/index.php\/2024\/09\/05\/devocional-do-dia-quem-intentara-acusacao-contra-os-escolhidos-de-deus\/"]}]},{"@type":"ImageObject","inLanguage":"pt-BR","@id":"https:\/\/jornalfatosenoticias.com.br\/index.php\/2024\/09\/05\/devocional-do-dia-quem-intentara-acusacao-contra-os-escolhidos-de-deus\/#primaryimage","url":"https:\/\/jornalfatosenoticias.com.br\/wp-content\/uploads\/2024\/09\/Quem-intentara-acusacao-contra-os-escolhidos-de-Deus_istock.jpg","contentUrl":"https:\/\/jornalfatosenoticias.com.br\/wp-content\/uploads\/2024\/09\/Quem-intentara-acusacao-contra-os-escolhidos-de-Deus_istock.jpg","width":612,"height":306,"caption":"Concept of opposition with a man with his arms spread who symbolically repels two huge hands pointing at him to designate him as a scapegoat."},{"@type":"BreadcrumbList","@id":"https:\/\/jornalfatosenoticias.com.br\/index.php\/2024\/09\/05\/devocional-do-dia-quem-intentara-acusacao-contra-os-escolhidos-de-deus\/#breadcrumb","itemListElement":[{"@type":"ListItem","position":1,"name":"In\u00edcio","item":"https:\/\/jornalfatosenoticias.com.br\/"},{"@type":"ListItem","position":2,"name":"Devocional do Dia \u2014 quem intentar\u00e1 acusa\u00e7\u00e3o contra os escolhidos de Deus?"}]},{"@type":"WebSite","@id":"https:\/\/jornalfatosenoticias.com.br\/#website","url":"https:\/\/jornalfatosenoticias.com.br\/","name":"Jornal Fatos e Not\u00edcias","description":"Not\u00edcias em geral","publisher":{"@id":"https:\/\/jornalfatosenoticias.com.br\/#organization"},"potentialAction":[{"@type":"SearchAction","target":{"@type":"EntryPoint","urlTemplate":"https:\/\/jornalfatosenoticias.com.br\/?s={search_term_string}"},"query-input":{"@type":"PropertyValueSpecification","valueRequired":true,"valueName":"search_term_string"}}],"inLanguage":"pt-BR"},{"@type":"Organization","@id":"https:\/\/jornalfatosenoticias.com.br\/#organization","name":"Jornal Fatos e Not\u00edcias","url":"https:\/\/jornalfatosenoticias.com.br\/","logo":{"@type":"ImageObject","inLanguage":"pt-BR","@id":"https:\/\/jornalfatosenoticias.com.br\/#\/schema\/logo\/image\/","url":"https:\/\/jornalfatosenoticias.com.br\/wp-content\/uploads\/2020\/02\/logo120.png","contentUrl":"https:\/\/jornalfatosenoticias.com.br\/wp-content\/uploads\/2020\/02\/logo120.png","width":1227,"height":120,"caption":"Jornal Fatos e Not\u00edcias"},"image":{"@id":"https:\/\/jornalfatosenoticias.com.br\/#\/schema\/logo\/image\/"}},{"@type":"Person","@id":"https:\/\/jornalfatosenoticias.com.br\/#\/schema\/person\/d63837fa13ac8666eb9e74e0985d6f81","name":"Luzimara Fernandes","image":{"@type":"ImageObject","inLanguage":"pt-BR","@id":"https:\/\/jornalfatosenoticias.com.br\/#\/schema\/person\/image\/","url":"https:\/\/jornalfatosenoticias.com.br\/wp-content\/uploads\/2025\/05\/EU_portal.jpg","contentUrl":"https:\/\/jornalfatosenoticias.com.br\/wp-content\/uploads\/2025\/05\/EU_portal.jpg","caption":"Luzimara Fernandes"},"description":"Jornalista MTB 2358-ES","sameAs":["https:\/\/jornalfatosenoticias.com.br"],"url":"https:\/\/jornalfatosenoticias.com.br\/index.php\/author\/luzimara\/"}]}},"cc_featured_image_caption":{"caption_text":"(Foto: iStock) ","source_text":"","source_url":""},"jetpack_featured_media_url":"https:\/\/jornalfatosenoticias.com.br\/wp-content\/uploads\/2024\/09\/Quem-intentara-acusacao-contra-os-escolhidos-de-Deus_istock.jpg","_links":{"self":[{"href":"https:\/\/jornalfatosenoticias.com.br\/index.php\/wp-json\/wp\/v2\/posts\/53939","targetHints":{"allow":["GET"]}}],"collection":[{"href":"https:\/\/jornalfatosenoticias.com.br\/index.php\/wp-json\/wp\/v2\/posts"}],"about":[{"href":"https:\/\/jornalfatosenoticias.com.br\/index.php\/wp-json\/wp\/v2\/types\/post"}],"author":[{"embeddable":true,"href":"https:\/\/jornalfatosenoticias.com.br\/index.php\/wp-json\/wp\/v2\/users\/2"}],"replies":[{"embeddable":true,"href":"https:\/\/jornalfatosenoticias.com.br\/index.php\/wp-json\/wp\/v2\/comments?post=53939"}],"version-history":[{"count":0,"href":"https:\/\/jornalfatosenoticias.com.br\/index.php\/wp-json\/wp\/v2\/posts\/53939\/revisions"}],"wp:featuredmedia":[{"embeddable":true,"href":"https:\/\/jornalfatosenoticias.com.br\/index.php\/wp-json\/wp\/v2\/media\/53940"}],"wp:attachment":[{"href":"https:\/\/jornalfatosenoticias.com.br\/index.php\/wp-json\/wp\/v2\/media?parent=53939"}],"wp:term":[{"taxonomy":"category","embeddable":true,"href":"https:\/\/jornalfatosenoticias.com.br\/index.php\/wp-json\/wp\/v2\/categories?post=53939"},{"taxonomy":"post_tag","embeddable":true,"href":"https:\/\/jornalfatosenoticias.com.br\/index.php\/wp-json\/wp\/v2\/tags?post=53939"}],"curies":[{"name":"wp","href":"https:\/\/api.w.org\/{rel}","templated":true}]}}