{"id":53954,"date":"2024-09-05T16:59:25","date_gmt":"2024-09-05T19:59:25","guid":{"rendered":"https:\/\/jornalfatosenoticias.com.br\/?p=53954"},"modified":"2024-09-05T16:59:26","modified_gmt":"2024-09-05T19:59:26","slug":"o-medo-como-socio-oculto-quem-esta-realmente-mandando-na-sua-empresa","status":"publish","type":"post","link":"https:\/\/jornalfatosenoticias.com.br\/index.php\/2024\/09\/05\/o-medo-como-socio-oculto-quem-esta-realmente-mandando-na-sua-empresa\/","title":{"rendered":"O medo como s\u00f3cio oculto: quem est\u00e1 realmente mandando na sua empresa?"},"content":{"rendered":"\n<p><span class=\"has-inline-color has-black-color\">Por <strong><strong><a href=\"https:\/\/jornalfatosenoticias.com.br\/index.php\/2023\/04\/20\/executivos-analogicos-perdem-espaco-no-mercado\/\">J\u00faliana Pr\u00e1do<\/a><\/strong><\/strong><\/span><\/p>\n\n\n\n<div class=\"wp-block-image\"><figure class=\"aligncenter size-large\"><a href=\"https:\/\/mizu.com.br\/\"><img loading=\"lazy\" decoding=\"async\" width=\"729\" height=\"90\" src=\"https:\/\/jornalfatosenoticias.com.br\/wp-content\/uploads\/2020\/02\/Logo_Mizu.png\" alt=\"\" class=\"wp-image-1441\" srcset=\"https:\/\/jornalfatosenoticias.com.br\/wp-content\/uploads\/2020\/02\/Logo_Mizu.png 729w, https:\/\/jornalfatosenoticias.com.br\/wp-content\/uploads\/2020\/02\/Logo_Mizu-300x37.png 300w\" sizes=\"auto, (max-width: 729px) 100vw, 729px\" \/><\/a><\/figure><\/div>\n\n\n\n<div class=\"wp-block-image\"><figure class=\"alignleft size-large\"><img decoding=\"async\" src=\"https:\/\/jornalfatosenoticias.com.br\/wp-content\/uploads\/2023\/04\/Juliana_Prado_JORNAL-removebg-preview-e1710940046229.png\" alt=\"\" class=\"wp-image-40385\"\/><\/figure><\/div>\n\n\n\n<p>Seguindo nossa s\u00e9rie de artigos sobre esse extraordin\u00e1rio livro, vamos ao tema dessa edi\u00e7\u00e3o. J\u00e1 tenho a expectativa de que voc\u00ea, leitor, esteja vivendo sua metanoia em busca de uma frequ\u00eancia mental mais alta e de transforma\u00e7\u00e3o! Vamos l\u00e1!<br>Imagine por um momento que sua empresa tem um s\u00f3cio que ningu\u00e9m conhece. Ele n\u00e3o aparece nas reuni\u00f5es, n\u00e3o assina contratos, mas, ainda assim, influencia cada uma das suas decis\u00f5es. Esse s\u00f3cio oculto \u00e9 o medo. Ele \u00e9 silencioso, mas altamente eficaz em paralisar a\u00e7\u00f5es e travar inova\u00e7\u00f5es. <em>&#8220;O medo \u00e9 a ferramenta principal do Diabo&#8221;, <\/em>afirma Napoleon Hill. E essa ferramenta pode ser mais devastadora do que qualquer crise econ\u00f4mica ou concorr\u00eancia feroz.<br>Quantas vezes voc\u00ea se pegou hesitando em tomar uma decis\u00e3o importante, n\u00e3o porque faltavam dados ou informa\u00e7\u00f5es, mas porque o medo do desconhecido falava mais alto? Expandir sua empresa para um novo mercado? Medo de fracassar. Lan\u00e7ar um produto inovador? Medo de ser rejeitado. Desafiar o status quo? Medo de perder o que j\u00e1 conquistou.<\/p>\n\n\n\n<div class=\"wp-block-image\"><figure class=\"aligncenter size-large is-resized\"><img loading=\"lazy\" decoding=\"async\" src=\"https:\/\/jornalfatosenoticias.com.br\/wp-content\/uploads\/2022\/02\/Precisao-Contabilidade-1024x724.jpg\" alt=\"\" class=\"wp-image-28088\" width=\"290\" height=\"205\"\/><\/figure><\/div>\n\n\n\n<p>O medo, quando n\u00e3o controlado, torna-se o verdadeiro l\u00edder da sua empresa. Ele se disfar\u00e7a de cautela, de prud\u00eancia, mas a realidade \u00e9 que ele est\u00e1 puxando as r\u00e9deas do seu potencial. E enquanto voc\u00ea hesita, o mercado avan\u00e7a, seus concorrentes inovam, e suas oportunidades evaporam.<\/p>\n\n\n\n<div class=\"wp-block-image\"><figure class=\"aligncenter size-large is-resized\"><a href=\"https:\/\/www.instagram.com\/vmais.midias\/\"><img loading=\"lazy\" decoding=\"async\" src=\"https:\/\/jornalfatosenoticias.com.br\/wp-content\/uploads\/2020\/02\/DE-MAIS-DESTAQUE-VMAIS-800X700.png\" alt=\"\" class=\"wp-image-53112\" width=\"292\" height=\"255\" srcset=\"https:\/\/jornalfatosenoticias.com.br\/wp-content\/uploads\/2020\/02\/DE-MAIS-DESTAQUE-VMAIS-800X700.png 800w, https:\/\/jornalfatosenoticias.com.br\/wp-content\/uploads\/2020\/02\/DE-MAIS-DESTAQUE-VMAIS-800X700-300x263.png 300w, https:\/\/jornalfatosenoticias.com.br\/wp-content\/uploads\/2020\/02\/DE-MAIS-DESTAQUE-VMAIS-800X700-768x672.png 768w\" sizes=\"auto, (max-width: 292px) 100vw, 292px\" \/><\/a><\/figure><\/div>\n\n\n\n<p>Mas como lidar com esse s\u00f3cio invis\u00edvel? Primeiro, \u00e9 preciso reconhec\u00ea-lo. O medo adora se esconder nas justificativas mais plaus\u00edveis. <em>&#8220;Estou aguardando o momento certo&#8221;<\/em>, voc\u00ea diz, quando na verdade est\u00e1 evitando o desconforto da mudan\u00e7a. A chave aqui \u00e9 agir apesar do medo. Entenda que o sucesso \u00e9 constru\u00eddo justamente na supera\u00e7\u00e3o dos momentos de incerteza. O medo pode estar presente, mas ele n\u00e3o pode ser o fator decisivo.<\/p>\n\n\n\n<div class=\"wp-block-image\"><figure class=\"aligncenter size-large\"><a href=\"https:\/\/www.facebook.com\/Esteio-Churrascaria-Barbecue-103643461220402\/\"><img decoding=\"async\" src=\"https:\/\/jornalfatosenoticias.com.br\/wp-content\/uploads\/2020\/02\/logo_esteio.jpg\" alt=\"\" class=\"wp-image-1214\"\/><\/a><\/figure><\/div>\n\n\n\n<p>Exemplos pr\u00e1ticos est\u00e3o por toda parte. Pense na Apple, que sob a lideran\u00e7a de Steve Jobs, arriscou tudo ao lan\u00e7ar o iPhone. O medo poderia ter paralisado essa decis\u00e3o, afinal, o mercado de celulares j\u00e1 estava saturado. Mas ao inv\u00e9s de ceder ao medo, Jobs e sua equipe transformaram a ind\u00fastria com inova\u00e7\u00e3o.<br>Portanto, pergunte a si mesmo: quem realmente est\u00e1 no comando do seu neg\u00f3cio? Se o medo estiver no banco do motorista, \u00e9 hora de assumir o volante. E lembre-se, como Hill nos ensina, &#8220;O medo \u00e9 o maior inimigo do homem&#8221;. Hora de deix\u00e1-lo para tr\u00e1s.<\/p>\n\n\n\n<div class=\"wp-block-image\"><figure class=\"aligncenter size-large is-resized\"><img loading=\"lazy\" decoding=\"async\" src=\"https:\/\/jornalfatosenoticias.com.br\/wp-content\/uploads\/2024\/08\/mais-esperto-que-o-diabo.jpg\" alt=\"\" class=\"wp-image-53818\" width=\"394\" height=\"596\" srcset=\"https:\/\/jornalfatosenoticias.com.br\/wp-content\/uploads\/2024\/08\/mais-esperto-que-o-diabo.jpg 660w, https:\/\/jornalfatosenoticias.com.br\/wp-content\/uploads\/2024\/08\/mais-esperto-que-o-diabo-198x300.jpg 198w\" sizes=\"auto, (max-width: 394px) 100vw, 394px\" \/><\/figure><\/div>\n\n\n\n<div class=\"wp-block-image\"><figure class=\"aligncenter size-large is-resized\"><img loading=\"lazy\" decoding=\"async\" src=\"https:\/\/jornalfatosenoticias.com.br\/wp-content\/uploads\/2024\/08\/QR-Code.jpeg\" alt=\"\" class=\"wp-image-53819\" width=\"311\" height=\"311\" srcset=\"https:\/\/jornalfatosenoticias.com.br\/wp-content\/uploads\/2024\/08\/QR-Code.jpeg 500w, https:\/\/jornalfatosenoticias.com.br\/wp-content\/uploads\/2024\/08\/QR-Code-300x300.jpeg 300w, https:\/\/jornalfatosenoticias.com.br\/wp-content\/uploads\/2024\/08\/QR-Code-150x150.jpeg 150w\" sizes=\"auto, (max-width: 311px) 100vw, 311px\" \/><\/figure><\/div>\n\n\n\n<p>A Funda\u00e7\u00e3o Napoleon Hill est\u00e1 presente em todo o Brasil e pa\u00edses lus\u00f3fonos com os treinamentos MasterMind cumprindo sua miss\u00e3o de formar l\u00edderes empreendedores socialmente respons\u00e1veis e livres do ritmo hipn\u00f3tico. Conhe\u00e7a @mastermindespiritosanto<\/p>\n\n\n\n<div class=\"wp-block-image\"><figure class=\"aligncenter size-large is-resized\"><a href=\"https:\/\/www.legisjuris.com.br\/\"><img loading=\"lazy\" decoding=\"async\" src=\"https:\/\/jornalfatosenoticias.com.br\/wp-content\/uploads\/2024\/09\/Legis-Juris-Consultoria_logo.jpg\" alt=\"\" class=\"wp-image-53915\" width=\"404\" height=\"169\" srcset=\"https:\/\/jornalfatosenoticias.com.br\/wp-content\/uploads\/2024\/09\/Legis-Juris-Consultoria_logo.jpg 969w, https:\/\/jornalfatosenoticias.com.br\/wp-content\/uploads\/2024\/09\/Legis-Juris-Consultoria_logo-300x126.jpg 300w, https:\/\/jornalfatosenoticias.com.br\/wp-content\/uploads\/2024\/09\/Legis-Juris-Consultoria_logo-768x322.jpg 768w\" sizes=\"auto, (max-width: 404px) 100vw, 404px\" \/><\/a><\/figure><\/div>\n\n\n\n<p><span class=\"has-inline-color has-black-color\"><strong>J\u00faliana Pr\u00e1do<br><\/strong><em>Empres\u00e1ria, instrutora da Funda\u00e7\u00e3o Napoleon Hill e especialista em desenvolvimento de l\u00edderes e estrat\u00e9gias empresariais. Com vasta experi\u00eancia na transforma\u00e7\u00e3o de neg\u00f3cios e no empoderamento de mulheres, atua como mentora executiva, ajudando l\u00edderes a superarem desafios e alcan\u00e7arem resultados extraordin\u00e1rios<\/em><br><strong>Contato:<\/strong>\u00a0<em>julianaprado@gmail.com<\/em><br><strong>LinkedIn:<\/strong>\u00a0<em>linkedin.com\/in\/julianaprado<\/em><\/span><\/p>\n","protected":false},"excerpt":{"rendered":"<p>Por J\u00faliana Pr\u00e1do Seguindo nossa s\u00e9rie de artigos sobre esse extraordin\u00e1rio livro, vamos ao tema dessa edi\u00e7\u00e3o. J\u00e1 tenho a expectativa de que voc\u00ea, leitor, esteja vivendo sua metanoia em busca de uma frequ\u00eancia mental mais alta e de transforma\u00e7\u00e3o! Vamos l\u00e1!Imagine por um momento que sua empresa tem um s\u00f3cio que ningu\u00e9m conhece. Ele [&hellip;]<\/p>\n","protected":false},"author":2,"featured_media":53955,"comment_status":"open","ping_status":"open","sticky":false,"template":"","format":"standard","meta":{"footnotes":""},"categories":[9],"tags":[2779,950,1059,11159,1557,23564,1340,24586],"class_list":["post-53954","post","type-post","status-publish","format-standard","has-post-thumbnail","hentry","category-economia","tag-conquista","tag-crise","tag-lider","tag-lideranca","tag-medo","tag-negocio","tag-sociedade","tag-socio"],"yoast_head":"<!-- This site is optimized with the Yoast SEO plugin v26.5 - https:\/\/yoast.com\/wordpress\/plugins\/seo\/ -->\n<title>O medo como s\u00f3cio oculto: quem est\u00e1 realmente mandando na sua empresa? - Jornal Fatos e Not\u00edcias<\/title>\n<meta name=\"robots\" content=\"index, follow, max-snippet:-1, max-image-preview:large, max-video-preview:-1\" \/>\n<link rel=\"canonical\" href=\"https:\/\/jornalfatosenoticias.com.br\/index.php\/2024\/09\/05\/o-medo-como-socio-oculto-quem-esta-realmente-mandando-na-sua-empresa\/\" \/>\n<meta property=\"og:locale\" content=\"pt_BR\" \/>\n<meta property=\"og:type\" content=\"article\" \/>\n<meta property=\"og:title\" content=\"O medo como s\u00f3cio oculto: quem est\u00e1 realmente mandando na sua empresa? - Jornal Fatos e Not\u00edcias\" \/>\n<meta property=\"og:description\" content=\"Por J\u00faliana Pr\u00e1do Seguindo nossa s\u00e9rie de artigos sobre esse extraordin\u00e1rio livro, vamos ao tema dessa edi\u00e7\u00e3o. J\u00e1 tenho a expectativa de que voc\u00ea, leitor, esteja vivendo sua metanoia em busca de uma frequ\u00eancia mental mais alta e de transforma\u00e7\u00e3o! Vamos l\u00e1!Imagine por um momento que sua empresa tem um s\u00f3cio que ningu\u00e9m conhece. Ele [&hellip;]\" \/>\n<meta property=\"og:url\" content=\"https:\/\/jornalfatosenoticias.com.br\/index.php\/2024\/09\/05\/o-medo-como-socio-oculto-quem-esta-realmente-mandando-na-sua-empresa\/\" \/>\n<meta property=\"og:site_name\" content=\"Jornal Fatos e Not\u00edcias\" \/>\n<meta property=\"article:published_time\" content=\"2024-09-05T19:59:25+00:00\" \/>\n<meta property=\"article:modified_time\" content=\"2024-09-05T19:59:26+00:00\" \/>\n<meta property=\"og:image\" content=\"https:\/\/jornalfatosenoticias.com.br\/wp-content\/uploads\/2024\/09\/foto-texto-Juliana.jpg\" \/>\n\t<meta property=\"og:image:width\" content=\"1000\" \/>\n\t<meta property=\"og:image:height\" content=\"1000\" \/>\n\t<meta property=\"og:image:type\" content=\"image\/jpeg\" \/>\n<meta name=\"author\" content=\"Luzimara Fernandes\" \/>\n<meta name=\"twitter:card\" content=\"summary_large_image\" \/>\n<meta name=\"twitter:label1\" content=\"Escrito por\" \/>\n\t<meta name=\"twitter:data1\" content=\"Luzimara Fernandes\" \/>\n\t<meta name=\"twitter:label2\" content=\"Est. tempo de leitura\" \/>\n\t<meta name=\"twitter:data2\" content=\"3 minutos\" \/>\n<script type=\"application\/ld+json\" class=\"yoast-schema-graph\">{\"@context\":\"https:\/\/schema.org\",\"@graph\":[{\"@type\":\"Article\",\"@id\":\"https:\/\/jornalfatosenoticias.com.br\/index.php\/2024\/09\/05\/o-medo-como-socio-oculto-quem-esta-realmente-mandando-na-sua-empresa\/#article\",\"isPartOf\":{\"@id\":\"https:\/\/jornalfatosenoticias.com.br\/index.php\/2024\/09\/05\/o-medo-como-socio-oculto-quem-esta-realmente-mandando-na-sua-empresa\/\"},\"author\":{\"name\":\"Luzimara Fernandes\",\"@id\":\"https:\/\/jornalfatosenoticias.com.br\/#\/schema\/person\/d63837fa13ac8666eb9e74e0985d6f81\"},\"headline\":\"O medo como s\u00f3cio oculto: quem est\u00e1 realmente mandando na sua empresa?\",\"datePublished\":\"2024-09-05T19:59:25+00:00\",\"dateModified\":\"2024-09-05T19:59:26+00:00\",\"mainEntityOfPage\":{\"@id\":\"https:\/\/jornalfatosenoticias.com.br\/index.php\/2024\/09\/05\/o-medo-como-socio-oculto-quem-esta-realmente-mandando-na-sua-empresa\/\"},\"wordCount\":541,\"commentCount\":0,\"publisher\":{\"@id\":\"https:\/\/jornalfatosenoticias.com.br\/#organization\"},\"image\":{\"@id\":\"https:\/\/jornalfatosenoticias.com.br\/index.php\/2024\/09\/05\/o-medo-como-socio-oculto-quem-esta-realmente-mandando-na-sua-empresa\/#primaryimage\"},\"thumbnailUrl\":\"https:\/\/jornalfatosenoticias.com.br\/wp-content\/uploads\/2024\/09\/foto-texto-Juliana.jpg\",\"keywords\":[\"conquista\",\"crise\",\"l\u00edder\",\"lideran\u00e7a\",\"medo\",\"neg\u00f3cio\",\"sociedade\",\"s\u00f3cio\"],\"articleSection\":[\"Economia\"],\"inLanguage\":\"pt-BR\",\"potentialAction\":[{\"@type\":\"CommentAction\",\"name\":\"Comment\",\"target\":[\"https:\/\/jornalfatosenoticias.com.br\/index.php\/2024\/09\/05\/o-medo-como-socio-oculto-quem-esta-realmente-mandando-na-sua-empresa\/#respond\"]}]},{\"@type\":\"WebPage\",\"@id\":\"https:\/\/jornalfatosenoticias.com.br\/index.php\/2024\/09\/05\/o-medo-como-socio-oculto-quem-esta-realmente-mandando-na-sua-empresa\/\",\"url\":\"https:\/\/jornalfatosenoticias.com.br\/index.php\/2024\/09\/05\/o-medo-como-socio-oculto-quem-esta-realmente-mandando-na-sua-empresa\/\",\"name\":\"O medo como s\u00f3cio oculto: quem est\u00e1 realmente mandando na sua empresa? - Jornal Fatos e Not\u00edcias\",\"isPartOf\":{\"@id\":\"https:\/\/jornalfatosenoticias.com.br\/#website\"},\"primaryImageOfPage\":{\"@id\":\"https:\/\/jornalfatosenoticias.com.br\/index.php\/2024\/09\/05\/o-medo-como-socio-oculto-quem-esta-realmente-mandando-na-sua-empresa\/#primaryimage\"},\"image\":{\"@id\":\"https:\/\/jornalfatosenoticias.com.br\/index.php\/2024\/09\/05\/o-medo-como-socio-oculto-quem-esta-realmente-mandando-na-sua-empresa\/#primaryimage\"},\"thumbnailUrl\":\"https:\/\/jornalfatosenoticias.com.br\/wp-content\/uploads\/2024\/09\/foto-texto-Juliana.jpg\",\"datePublished\":\"2024-09-05T19:59:25+00:00\",\"dateModified\":\"2024-09-05T19:59:26+00:00\",\"breadcrumb\":{\"@id\":\"https:\/\/jornalfatosenoticias.com.br\/index.php\/2024\/09\/05\/o-medo-como-socio-oculto-quem-esta-realmente-mandando-na-sua-empresa\/#breadcrumb\"},\"inLanguage\":\"pt-BR\",\"potentialAction\":[{\"@type\":\"ReadAction\",\"target\":[\"https:\/\/jornalfatosenoticias.com.br\/index.php\/2024\/09\/05\/o-medo-como-socio-oculto-quem-esta-realmente-mandando-na-sua-empresa\/\"]}]},{\"@type\":\"ImageObject\",\"inLanguage\":\"pt-BR\",\"@id\":\"https:\/\/jornalfatosenoticias.com.br\/index.php\/2024\/09\/05\/o-medo-como-socio-oculto-quem-esta-realmente-mandando-na-sua-empresa\/#primaryimage\",\"url\":\"https:\/\/jornalfatosenoticias.com.br\/wp-content\/uploads\/2024\/09\/foto-texto-Juliana.jpg\",\"contentUrl\":\"https:\/\/jornalfatosenoticias.com.br\/wp-content\/uploads\/2024\/09\/foto-texto-Juliana.jpg\",\"width\":1000,\"height\":1000},{\"@type\":\"BreadcrumbList\",\"@id\":\"https:\/\/jornalfatosenoticias.com.br\/index.php\/2024\/09\/05\/o-medo-como-socio-oculto-quem-esta-realmente-mandando-na-sua-empresa\/#breadcrumb\",\"itemListElement\":[{\"@type\":\"ListItem\",\"position\":1,\"name\":\"In\u00edcio\",\"item\":\"https:\/\/jornalfatosenoticias.com.br\/\"},{\"@type\":\"ListItem\",\"position\":2,\"name\":\"O medo como s\u00f3cio oculto: quem est\u00e1 realmente mandando na sua empresa?\"}]},{\"@type\":\"WebSite\",\"@id\":\"https:\/\/jornalfatosenoticias.com.br\/#website\",\"url\":\"https:\/\/jornalfatosenoticias.com.br\/\",\"name\":\"Jornal Fatos e Not\u00edcias\",\"description\":\"Not\u00edcias em geral\",\"publisher\":{\"@id\":\"https:\/\/jornalfatosenoticias.com.br\/#organization\"},\"potentialAction\":[{\"@type\":\"SearchAction\",\"target\":{\"@type\":\"EntryPoint\",\"urlTemplate\":\"https:\/\/jornalfatosenoticias.com.br\/?s={search_term_string}\"},\"query-input\":{\"@type\":\"PropertyValueSpecification\",\"valueRequired\":true,\"valueName\":\"search_term_string\"}}],\"inLanguage\":\"pt-BR\"},{\"@type\":\"Organization\",\"@id\":\"https:\/\/jornalfatosenoticias.com.br\/#organization\",\"name\":\"Jornal Fatos e Not\u00edcias\",\"url\":\"https:\/\/jornalfatosenoticias.com.br\/\",\"logo\":{\"@type\":\"ImageObject\",\"inLanguage\":\"pt-BR\",\"@id\":\"https:\/\/jornalfatosenoticias.com.br\/#\/schema\/logo\/image\/\",\"url\":\"https:\/\/jornalfatosenoticias.com.br\/wp-content\/uploads\/2020\/02\/logo120.png\",\"contentUrl\":\"https:\/\/jornalfatosenoticias.com.br\/wp-content\/uploads\/2020\/02\/logo120.png\",\"width\":1227,\"height\":120,\"caption\":\"Jornal Fatos e Not\u00edcias\"},\"image\":{\"@id\":\"https:\/\/jornalfatosenoticias.com.br\/#\/schema\/logo\/image\/\"}},{\"@type\":\"Person\",\"@id\":\"https:\/\/jornalfatosenoticias.com.br\/#\/schema\/person\/d63837fa13ac8666eb9e74e0985d6f81\",\"name\":\"Luzimara Fernandes\",\"image\":{\"@type\":\"ImageObject\",\"inLanguage\":\"pt-BR\",\"@id\":\"https:\/\/jornalfatosenoticias.com.br\/#\/schema\/person\/image\/\",\"url\":\"https:\/\/jornalfatosenoticias.com.br\/wp-content\/uploads\/2025\/05\/EU_portal.jpg\",\"contentUrl\":\"https:\/\/jornalfatosenoticias.com.br\/wp-content\/uploads\/2025\/05\/EU_portal.jpg\",\"caption\":\"Luzimara Fernandes\"},\"description\":\"Jornalista MTB 2358-ES\",\"sameAs\":[\"https:\/\/jornalfatosenoticias.com.br\"],\"url\":\"https:\/\/jornalfatosenoticias.com.br\/index.php\/author\/luzimara\/\"}]}<\/script>\n<!-- \/ Yoast SEO plugin. -->","yoast_head_json":{"title":"O medo como s\u00f3cio oculto: quem est\u00e1 realmente mandando na sua empresa? - Jornal Fatos e Not\u00edcias","robots":{"index":"index","follow":"follow","max-snippet":"max-snippet:-1","max-image-preview":"max-image-preview:large","max-video-preview":"max-video-preview:-1"},"canonical":"https:\/\/jornalfatosenoticias.com.br\/index.php\/2024\/09\/05\/o-medo-como-socio-oculto-quem-esta-realmente-mandando-na-sua-empresa\/","og_locale":"pt_BR","og_type":"article","og_title":"O medo como s\u00f3cio oculto: quem est\u00e1 realmente mandando na sua empresa? - Jornal Fatos e Not\u00edcias","og_description":"Por J\u00faliana Pr\u00e1do Seguindo nossa s\u00e9rie de artigos sobre esse extraordin\u00e1rio livro, vamos ao tema dessa edi\u00e7\u00e3o. J\u00e1 tenho a expectativa de que voc\u00ea, leitor, esteja vivendo sua metanoia em busca de uma frequ\u00eancia mental mais alta e de transforma\u00e7\u00e3o! Vamos l\u00e1!Imagine por um momento que sua empresa tem um s\u00f3cio que ningu\u00e9m conhece. Ele [&hellip;]","og_url":"https:\/\/jornalfatosenoticias.com.br\/index.php\/2024\/09\/05\/o-medo-como-socio-oculto-quem-esta-realmente-mandando-na-sua-empresa\/","og_site_name":"Jornal Fatos e Not\u00edcias","article_published_time":"2024-09-05T19:59:25+00:00","article_modified_time":"2024-09-05T19:59:26+00:00","og_image":[{"width":1000,"height":1000,"url":"https:\/\/jornalfatosenoticias.com.br\/wp-content\/uploads\/2024\/09\/foto-texto-Juliana.jpg","type":"image\/jpeg"}],"author":"Luzimara Fernandes","twitter_card":"summary_large_image","twitter_misc":{"Escrito por":"Luzimara Fernandes","Est. tempo de leitura":"3 minutos"},"schema":{"@context":"https:\/\/schema.org","@graph":[{"@type":"Article","@id":"https:\/\/jornalfatosenoticias.com.br\/index.php\/2024\/09\/05\/o-medo-como-socio-oculto-quem-esta-realmente-mandando-na-sua-empresa\/#article","isPartOf":{"@id":"https:\/\/jornalfatosenoticias.com.br\/index.php\/2024\/09\/05\/o-medo-como-socio-oculto-quem-esta-realmente-mandando-na-sua-empresa\/"},"author":{"name":"Luzimara Fernandes","@id":"https:\/\/jornalfatosenoticias.com.br\/#\/schema\/person\/d63837fa13ac8666eb9e74e0985d6f81"},"headline":"O medo como s\u00f3cio oculto: quem est\u00e1 realmente mandando na sua empresa?","datePublished":"2024-09-05T19:59:25+00:00","dateModified":"2024-09-05T19:59:26+00:00","mainEntityOfPage":{"@id":"https:\/\/jornalfatosenoticias.com.br\/index.php\/2024\/09\/05\/o-medo-como-socio-oculto-quem-esta-realmente-mandando-na-sua-empresa\/"},"wordCount":541,"commentCount":0,"publisher":{"@id":"https:\/\/jornalfatosenoticias.com.br\/#organization"},"image":{"@id":"https:\/\/jornalfatosenoticias.com.br\/index.php\/2024\/09\/05\/o-medo-como-socio-oculto-quem-esta-realmente-mandando-na-sua-empresa\/#primaryimage"},"thumbnailUrl":"https:\/\/jornalfatosenoticias.com.br\/wp-content\/uploads\/2024\/09\/foto-texto-Juliana.jpg","keywords":["conquista","crise","l\u00edder","lideran\u00e7a","medo","neg\u00f3cio","sociedade","s\u00f3cio"],"articleSection":["Economia"],"inLanguage":"pt-BR","potentialAction":[{"@type":"CommentAction","name":"Comment","target":["https:\/\/jornalfatosenoticias.com.br\/index.php\/2024\/09\/05\/o-medo-como-socio-oculto-quem-esta-realmente-mandando-na-sua-empresa\/#respond"]}]},{"@type":"WebPage","@id":"https:\/\/jornalfatosenoticias.com.br\/index.php\/2024\/09\/05\/o-medo-como-socio-oculto-quem-esta-realmente-mandando-na-sua-empresa\/","url":"https:\/\/jornalfatosenoticias.com.br\/index.php\/2024\/09\/05\/o-medo-como-socio-oculto-quem-esta-realmente-mandando-na-sua-empresa\/","name":"O medo como s\u00f3cio oculto: quem est\u00e1 realmente mandando na sua empresa? - Jornal Fatos e Not\u00edcias","isPartOf":{"@id":"https:\/\/jornalfatosenoticias.com.br\/#website"},"primaryImageOfPage":{"@id":"https:\/\/jornalfatosenoticias.com.br\/index.php\/2024\/09\/05\/o-medo-como-socio-oculto-quem-esta-realmente-mandando-na-sua-empresa\/#primaryimage"},"image":{"@id":"https:\/\/jornalfatosenoticias.com.br\/index.php\/2024\/09\/05\/o-medo-como-socio-oculto-quem-esta-realmente-mandando-na-sua-empresa\/#primaryimage"},"thumbnailUrl":"https:\/\/jornalfatosenoticias.com.br\/wp-content\/uploads\/2024\/09\/foto-texto-Juliana.jpg","datePublished":"2024-09-05T19:59:25+00:00","dateModified":"2024-09-05T19:59:26+00:00","breadcrumb":{"@id":"https:\/\/jornalfatosenoticias.com.br\/index.php\/2024\/09\/05\/o-medo-como-socio-oculto-quem-esta-realmente-mandando-na-sua-empresa\/#breadcrumb"},"inLanguage":"pt-BR","potentialAction":[{"@type":"ReadAction","target":["https:\/\/jornalfatosenoticias.com.br\/index.php\/2024\/09\/05\/o-medo-como-socio-oculto-quem-esta-realmente-mandando-na-sua-empresa\/"]}]},{"@type":"ImageObject","inLanguage":"pt-BR","@id":"https:\/\/jornalfatosenoticias.com.br\/index.php\/2024\/09\/05\/o-medo-como-socio-oculto-quem-esta-realmente-mandando-na-sua-empresa\/#primaryimage","url":"https:\/\/jornalfatosenoticias.com.br\/wp-content\/uploads\/2024\/09\/foto-texto-Juliana.jpg","contentUrl":"https:\/\/jornalfatosenoticias.com.br\/wp-content\/uploads\/2024\/09\/foto-texto-Juliana.jpg","width":1000,"height":1000},{"@type":"BreadcrumbList","@id":"https:\/\/jornalfatosenoticias.com.br\/index.php\/2024\/09\/05\/o-medo-como-socio-oculto-quem-esta-realmente-mandando-na-sua-empresa\/#breadcrumb","itemListElement":[{"@type":"ListItem","position":1,"name":"In\u00edcio","item":"https:\/\/jornalfatosenoticias.com.br\/"},{"@type":"ListItem","position":2,"name":"O medo como s\u00f3cio oculto: quem est\u00e1 realmente mandando na sua empresa?"}]},{"@type":"WebSite","@id":"https:\/\/jornalfatosenoticias.com.br\/#website","url":"https:\/\/jornalfatosenoticias.com.br\/","name":"Jornal Fatos e Not\u00edcias","description":"Not\u00edcias em geral","publisher":{"@id":"https:\/\/jornalfatosenoticias.com.br\/#organization"},"potentialAction":[{"@type":"SearchAction","target":{"@type":"EntryPoint","urlTemplate":"https:\/\/jornalfatosenoticias.com.br\/?s={search_term_string}"},"query-input":{"@type":"PropertyValueSpecification","valueRequired":true,"valueName":"search_term_string"}}],"inLanguage":"pt-BR"},{"@type":"Organization","@id":"https:\/\/jornalfatosenoticias.com.br\/#organization","name":"Jornal Fatos e Not\u00edcias","url":"https:\/\/jornalfatosenoticias.com.br\/","logo":{"@type":"ImageObject","inLanguage":"pt-BR","@id":"https:\/\/jornalfatosenoticias.com.br\/#\/schema\/logo\/image\/","url":"https:\/\/jornalfatosenoticias.com.br\/wp-content\/uploads\/2020\/02\/logo120.png","contentUrl":"https:\/\/jornalfatosenoticias.com.br\/wp-content\/uploads\/2020\/02\/logo120.png","width":1227,"height":120,"caption":"Jornal Fatos e Not\u00edcias"},"image":{"@id":"https:\/\/jornalfatosenoticias.com.br\/#\/schema\/logo\/image\/"}},{"@type":"Person","@id":"https:\/\/jornalfatosenoticias.com.br\/#\/schema\/person\/d63837fa13ac8666eb9e74e0985d6f81","name":"Luzimara Fernandes","image":{"@type":"ImageObject","inLanguage":"pt-BR","@id":"https:\/\/jornalfatosenoticias.com.br\/#\/schema\/person\/image\/","url":"https:\/\/jornalfatosenoticias.com.br\/wp-content\/uploads\/2025\/05\/EU_portal.jpg","contentUrl":"https:\/\/jornalfatosenoticias.com.br\/wp-content\/uploads\/2025\/05\/EU_portal.jpg","caption":"Luzimara Fernandes"},"description":"Jornalista MTB 2358-ES","sameAs":["https:\/\/jornalfatosenoticias.com.br"],"url":"https:\/\/jornalfatosenoticias.com.br\/index.php\/author\/luzimara\/"}]}},"cc_featured_image_caption":{"caption_text":"(Foto: ChatGPT\/J\u00faliana Pr\u00e1do) ","source_text":"","source_url":""},"jetpack_featured_media_url":"https:\/\/jornalfatosenoticias.com.br\/wp-content\/uploads\/2024\/09\/foto-texto-Juliana.jpg","_links":{"self":[{"href":"https:\/\/jornalfatosenoticias.com.br\/index.php\/wp-json\/wp\/v2\/posts\/53954","targetHints":{"allow":["GET"]}}],"collection":[{"href":"https:\/\/jornalfatosenoticias.com.br\/index.php\/wp-json\/wp\/v2\/posts"}],"about":[{"href":"https:\/\/jornalfatosenoticias.com.br\/index.php\/wp-json\/wp\/v2\/types\/post"}],"author":[{"embeddable":true,"href":"https:\/\/jornalfatosenoticias.com.br\/index.php\/wp-json\/wp\/v2\/users\/2"}],"replies":[{"embeddable":true,"href":"https:\/\/jornalfatosenoticias.com.br\/index.php\/wp-json\/wp\/v2\/comments?post=53954"}],"version-history":[{"count":0,"href":"https:\/\/jornalfatosenoticias.com.br\/index.php\/wp-json\/wp\/v2\/posts\/53954\/revisions"}],"wp:featuredmedia":[{"embeddable":true,"href":"https:\/\/jornalfatosenoticias.com.br\/index.php\/wp-json\/wp\/v2\/media\/53955"}],"wp:attachment":[{"href":"https:\/\/jornalfatosenoticias.com.br\/index.php\/wp-json\/wp\/v2\/media?parent=53954"}],"wp:term":[{"taxonomy":"category","embeddable":true,"href":"https:\/\/jornalfatosenoticias.com.br\/index.php\/wp-json\/wp\/v2\/categories?post=53954"},{"taxonomy":"post_tag","embeddable":true,"href":"https:\/\/jornalfatosenoticias.com.br\/index.php\/wp-json\/wp\/v2\/tags?post=53954"}],"curies":[{"name":"wp","href":"https:\/\/api.w.org\/{rel}","templated":true}]}}