{"id":53967,"date":"2024-09-06T13:38:18","date_gmt":"2024-09-06T16:38:18","guid":{"rendered":"https:\/\/jornalfatosenoticias.com.br\/?p=53967"},"modified":"2024-09-06T13:38:19","modified_gmt":"2024-09-06T16:38:19","slug":"16-mil-cristaos-perderam-a-vida-em-ataques-de-extremistas-na-nigeria","status":"publish","type":"post","link":"https:\/\/jornalfatosenoticias.com.br\/index.php\/2024\/09\/06\/16-mil-cristaos-perderam-a-vida-em-ataques-de-extremistas-na-nigeria\/","title":{"rendered":"16 mil crist\u00e3os perderam a vida em ataques de extremistas na Nig\u00e9ria"},"content":{"rendered":"\n<p><span class=\"has-inline-color has-black-color\">Por <strong><a href=\"https:\/\/noticias.gospelmais.com.br\/author\/tiagot83\">Tiago Chagas<\/a><\/strong><\/span><\/p>\n\n\n\n<div class=\"wp-block-image\"><figure class=\"aligncenter size-large\"><a href=\"https:\/\/panper.com.br\/\"><img loading=\"lazy\" decoding=\"async\" width=\"1024\" height=\"111\" src=\"https:\/\/jornalfatosenoticias.com.br\/wp-content\/uploads\/2020\/02\/WhatsApp-Image-2022-09-23-at-12.09.18-1024x111.jpeg\" alt=\"\" class=\"wp-image-34527\" srcset=\"https:\/\/jornalfatosenoticias.com.br\/wp-content\/uploads\/2020\/02\/WhatsApp-Image-2022-09-23-at-12.09.18-1024x111.jpeg 1024w, https:\/\/jornalfatosenoticias.com.br\/wp-content\/uploads\/2020\/02\/WhatsApp-Image-2022-09-23-at-12.09.18-300x32.jpeg 300w, https:\/\/jornalfatosenoticias.com.br\/wp-content\/uploads\/2020\/02\/WhatsApp-Image-2022-09-23-at-12.09.18-768x83.jpeg 768w, https:\/\/jornalfatosenoticias.com.br\/wp-content\/uploads\/2020\/02\/WhatsApp-Image-2022-09-23-at-12.09.18.jpeg 1121w\" sizes=\"auto, (max-width: 1024px) 100vw, 1024px\" \/><\/a><\/figure><\/div>\n\n\n\n<p>A persegui\u00e7\u00e3o feita por extremistas mu\u00e7ulmanos na Nig\u00e9ria resultou na morte de mais de 16 mil crist\u00e3os entre 2019 e 2023, diz o relat\u00f3rio do Observat\u00f3rio para a Liberdade Religiosa na \u00c1frica (ORFA). A ORFA divulgou dados coletados ao longo de quatro anos, documentando 55.910 fatalidades em 9.970 ataques, incluindo civis e combatentes, em toda a Nig\u00e9ria. Dos mortos nos diversos conflitos que existem no pa\u00eds, 30.880 eram civis.<br>As v\u00edtimas crist\u00e3s totalizaram 16.769, mais da metade dos civis mortos. O n\u00famero supera em muito o total de mu\u00e7ulmanos mortos no per\u00edodo em ataques: 6.235 fatalidades. A propor\u00e7\u00e3o \u00e9 de 6,5 crist\u00e3os mortos para cada mu\u00e7ulmano que perdeu a vida em algum conflito. Segundo a ORFA, o grupo que mais causou mortes no per\u00edodo foi a <a href=\"https:\/\/noticias.gospelmais.com.br\/radical-fulani-90-anos-aceita-jesus-ouvir-biblia-audio-167618.html\"><strong>etnia fulani<\/strong><\/a>, conhecida como pastores de gado n\u00f4mades: 55% das mortes de crist\u00e3os ocorreram em ataques feitos por esse grupo.<\/p>\n\n\n\n<div class=\"wp-block-image\"><figure class=\"aligncenter size-large is-resized\"><a href=\"https:\/\/www.ithbrasil.com.br\/\"><img loading=\"lazy\" decoding=\"async\" src=\"https:\/\/jornalfatosenoticias.com.br\/wp-content\/uploads\/2023\/08\/ITH.jpeg\" alt=\"\" class=\"wp-image-44638\" width=\"328\" height=\"267\" srcset=\"https:\/\/jornalfatosenoticias.com.br\/wp-content\/uploads\/2023\/08\/ITH.jpeg 800w, https:\/\/jornalfatosenoticias.com.br\/wp-content\/uploads\/2023\/08\/ITH-300x244.jpeg 300w, https:\/\/jornalfatosenoticias.com.br\/wp-content\/uploads\/2023\/08\/ITH-768x624.jpeg 768w\" sizes=\"auto, (max-width: 328px) 100vw, 328px\" \/><\/a><\/figure><\/div>\n\n\n\n<p>\u201cPor mais de uma d\u00e9cada, atrocidades contra civis na Nig\u00e9ria foram minimizadas ou relativizadas. Isso provou ser um grande obst\u00e1culo para aqueles que buscam entender a viol\u00eancia\u201d, escreveram os pesquisadores no relat\u00f3rio de 136 p\u00e1ginas.<br>\u201cEufemismos enganosos, como \u2018pastores armados\u2019 e \u2018pastores de gado\u2019 s\u00e3o usados para descrever ondas cont\u00ednuas de invas\u00e3o, tortura e matan\u00e7a em comunidades rurais. Descri\u00e7\u00f5es de ataques como \u2018conflitos \u00e9tnicos\u2019, \u2018conflitos entre fazendeiros e pastores\u2019 ou ataques retaliat\u00f3rios s\u00e3o seriamente enganosas\u201d, sublinha o documento.<\/p>\n\n\n\n<div class=\"wp-block-image\"><figure class=\"aligncenter size-large is-resized\"><img loading=\"lazy\" decoding=\"async\" src=\"https:\/\/jornalfatosenoticias.com.br\/wp-content\/uploads\/2022\/02\/Precisao-Contabilidade-1024x724.jpg\" alt=\"\" class=\"wp-image-28088\" width=\"358\" height=\"253\"\/><\/figure><\/div>\n\n\n\n<blockquote class=\"wp-block-quote is-layout-flow wp-block-quote-is-layout-flow\"><p><span class=\"has-inline-color has-luminous-vivid-orange-color\">O pastor Gideon Para-Mallam, parceiro da ORFA, resumiu a realidade no pa\u00eds: \u201ca mil\u00edcia \u00e9tnica fulani est\u00e1 atacando popula\u00e7\u00f5es crist\u00e3s, enquanto os mu\u00e7ulmanos tamb\u00e9m sofrem severamente em suas m\u00e3os\u201d.<\/span><\/p><\/blockquote>\n\n\n\n<div class=\"wp-block-image\"><figure class=\"aligncenter size-large is-resized\"><a href=\"https:\/\/hotelmarquetti.com.br\/\"><img loading=\"lazy\" decoding=\"async\" src=\"https:\/\/jornalfatosenoticias.com.br\/wp-content\/uploads\/2023\/03\/nova-logo-Marquetti.jpg\" alt=\"\" class=\"wp-image-40207\" width=\"329\" height=\"221\" srcset=\"https:\/\/jornalfatosenoticias.com.br\/wp-content\/uploads\/2023\/03\/nova-logo-Marquetti.jpg 643w, https:\/\/jornalfatosenoticias.com.br\/wp-content\/uploads\/2023\/03\/nova-logo-Marquetti-300x202.jpg 300w\" sizes=\"auto, (max-width: 329px) 100vw, 329px\" \/><\/a><\/figure><\/div>\n\n\n\n<p><em>\u201cMilh\u00f5es de pessoas ficam desprotegidas\u201d, acrescentou Frans Vierhout, analista s\u00eanior do Observat\u00f3rio da Liberdade Religiosa na \u00c1frica. \u201cPor anos, ouvimos falar de pedidos de ajuda sendo ignorados, enquanto terroristas atacam comunidades vulner\u00e1veis. Agora, os dados contam sua pr\u00f3pria hist\u00f3ria\u201d.<\/em><\/p>\n\n\n\n<div class=\"wp-block-image\"><figure class=\"aligncenter size-large\"><a href=\"https:\/\/www.facebook.com\/Esteio-Churrascaria-Barbecue-103643461220402\/\"><img decoding=\"async\" src=\"https:\/\/jornalfatosenoticias.com.br\/wp-content\/uploads\/2020\/02\/logo_esteio.jpg\" alt=\"\" class=\"wp-image-1214\"\/><\/a><\/figure><\/div>\n\n\n\n<p>Em toda a Nig\u00e9ria, mais de 21.621 pessoas foram sequestradas em 2.705 ataques, com alguns incidentes sobrepostos. Dos 21.532 civis sequestrados, 11.185 eram crist\u00e3os e 7.899 eram mu\u00e7ulmanos, de acordo com a ORFA.<\/p>\n\n\n\n<div class=\"wp-block-image\"><figure class=\"aligncenter size-large is-resized\"><a href=\"https:\/\/www.instagram.com\/restaurantepegoretti\/\"><img loading=\"lazy\" decoding=\"async\" src=\"https:\/\/jornalfatosenoticias.com.br\/wp-content\/uploads\/2023\/12\/pegoretti-logo-pdf-1024x389.jpg\" alt=\"\" class=\"wp-image-47536\" width=\"424\" height=\"161\" srcset=\"https:\/\/jornalfatosenoticias.com.br\/wp-content\/uploads\/2023\/12\/pegoretti-logo-pdf-1024x389.jpg 1024w, https:\/\/jornalfatosenoticias.com.br\/wp-content\/uploads\/2023\/12\/pegoretti-logo-pdf-300x114.jpg 300w, https:\/\/jornalfatosenoticias.com.br\/wp-content\/uploads\/2023\/12\/pegoretti-logo-pdf-768x291.jpg 768w, https:\/\/jornalfatosenoticias.com.br\/wp-content\/uploads\/2023\/12\/pegoretti-logo-pdf.jpg 1120w\" sizes=\"auto, (max-width: 424px) 100vw, 424px\" \/><\/a><\/figure><\/div>\n\n\n\n<p>Pesquisadores declararam que a identidade religiosa das v\u00edtimas influenciava significativamente o tratamento que recebiam dos captores, com os prisioneiros crist\u00e3os frequentemente enfrentando condi\u00e7\u00f5es mais duras e maiores riscos de execu\u00e7\u00e3o em compara\u00e7\u00e3o aos seus colegas mu\u00e7ulmanos, informou o portal <a href=\"https:\/\/www.christianpost.com\/news\/16000-christians-killed-in-4-years-in-nigeria-observatory-data.html\"><em>The Christian Post<\/em><\/a>.<\/p>\n\n\n\n<div class=\"wp-block-image\"><figure class=\"aligncenter size-large is-resized\"><a href=\"https:\/\/www.facebook.com\/postobkr\/?locale=pt_BR\"><img loading=\"lazy\" decoding=\"async\" src=\"https:\/\/jornalfatosenoticias.com.br\/wp-content\/uploads\/2023\/08\/BKR-1024x1021.jpg\" alt=\"\" class=\"wp-image-44494\" width=\"286\" height=\"285\" srcset=\"https:\/\/jornalfatosenoticias.com.br\/wp-content\/uploads\/2023\/08\/BKR-1024x1021.jpg 1024w, https:\/\/jornalfatosenoticias.com.br\/wp-content\/uploads\/2023\/08\/BKR-300x300.jpg 300w, https:\/\/jornalfatosenoticias.com.br\/wp-content\/uploads\/2023\/08\/BKR-150x150.jpg 150w, https:\/\/jornalfatosenoticias.com.br\/wp-content\/uploads\/2023\/08\/BKR-768x766.jpg 768w, https:\/\/jornalfatosenoticias.com.br\/wp-content\/uploads\/2023\/08\/BKR.jpg 1080w\" sizes=\"auto, (max-width: 286px) 100vw, 286px\" \/><\/a><\/figure><\/div>\n\n\n\n<p><strong><em>Fonte:<a href=\"https:\/\/noticias.gospelmais.com.br\/nigeria-16-mil-cristaos-morreram-ataques-extremistas-170684.html\"> Not\u00edcias Gospel+<\/a><\/em><\/strong><\/p>\n","protected":false},"excerpt":{"rendered":"<p>Por Tiago Chagas A persegui\u00e7\u00e3o feita por extremistas mu\u00e7ulmanos na Nig\u00e9ria resultou na morte de mais de 16 mil crist\u00e3os entre 2019 e 2023, diz o relat\u00f3rio do Observat\u00f3rio para a Liberdade Religiosa na \u00c1frica (ORFA). A ORFA divulgou dados coletados ao longo de quatro anos, documentando 55.910 fatalidades em 9.970 ataques, incluindo civis e [&hellip;]<\/p>\n","protected":false},"author":2,"featured_media":53968,"comment_status":"open","ping_status":"open","sticky":false,"template":"","format":"standard","meta":{"footnotes":""},"categories":[21140],"tags":[24590,24589,24591,24474,24592,24588,22567,3746,24593,14619],"class_list":["post-53967","post","type-post","status-publish","format-standard","has-post-thumbnail","hentry","category-religiao","tag-cristofobia","tag-cristofobia-no-mundo","tag-etnia-fulani","tag-extremistas-muculmanos","tag-fulani","tag-gideon-para-mallam","tag-liberdade-religiosa","tag-nigeria","tag-observatorio-para-a-liberdade-religiosa-na-africa","tag-perseguicao-religiosa"],"yoast_head":"<!-- This site is optimized with the Yoast SEO plugin v26.5 - https:\/\/yoast.com\/wordpress\/plugins\/seo\/ -->\n<title>16 mil crist\u00e3os perderam a vida em ataques de extremistas na Nig\u00e9ria - Jornal Fatos e Not\u00edcias<\/title>\n<meta name=\"robots\" content=\"index, follow, max-snippet:-1, max-image-preview:large, max-video-preview:-1\" \/>\n<link rel=\"canonical\" href=\"https:\/\/jornalfatosenoticias.com.br\/index.php\/2024\/09\/06\/16-mil-cristaos-perderam-a-vida-em-ataques-de-extremistas-na-nigeria\/\" \/>\n<meta property=\"og:locale\" content=\"pt_BR\" \/>\n<meta property=\"og:type\" content=\"article\" \/>\n<meta property=\"og:title\" content=\"16 mil crist\u00e3os perderam a vida em ataques de extremistas na Nig\u00e9ria - Jornal Fatos e Not\u00edcias\" \/>\n<meta property=\"og:description\" content=\"Por Tiago Chagas A persegui\u00e7\u00e3o feita por extremistas mu\u00e7ulmanos na Nig\u00e9ria resultou na morte de mais de 16 mil crist\u00e3os entre 2019 e 2023, diz o relat\u00f3rio do Observat\u00f3rio para a Liberdade Religiosa na \u00c1frica (ORFA). A ORFA divulgou dados coletados ao longo de quatro anos, documentando 55.910 fatalidades em 9.970 ataques, incluindo civis e [&hellip;]\" \/>\n<meta property=\"og:url\" content=\"https:\/\/jornalfatosenoticias.com.br\/index.php\/2024\/09\/06\/16-mil-cristaos-perderam-a-vida-em-ataques-de-extremistas-na-nigeria\/\" \/>\n<meta property=\"og:site_name\" content=\"Jornal Fatos e Not\u00edcias\" \/>\n<meta property=\"article:published_time\" content=\"2024-09-06T16:38:18+00:00\" \/>\n<meta property=\"article:modified_time\" content=\"2024-09-06T16:38:19+00:00\" \/>\n<meta property=\"og:image\" content=\"https:\/\/jornalfatosenoticias.com.br\/wp-content\/uploads\/2024\/09\/perseguicao-religiosa_Nigeria.jpg\" \/>\n\t<meta property=\"og:image:width\" content=\"750\" \/>\n\t<meta property=\"og:image:height\" content=\"450\" \/>\n\t<meta property=\"og:image:type\" content=\"image\/jpeg\" \/>\n<meta name=\"author\" content=\"Luzimara Fernandes\" \/>\n<meta name=\"twitter:card\" content=\"summary_large_image\" \/>\n<meta name=\"twitter:label1\" content=\"Escrito por\" \/>\n\t<meta name=\"twitter:data1\" content=\"Luzimara Fernandes\" \/>\n\t<meta name=\"twitter:label2\" content=\"Est. tempo de leitura\" \/>\n\t<meta name=\"twitter:data2\" content=\"2 minutos\" \/>\n<script type=\"application\/ld+json\" class=\"yoast-schema-graph\">{\"@context\":\"https:\/\/schema.org\",\"@graph\":[{\"@type\":\"Article\",\"@id\":\"https:\/\/jornalfatosenoticias.com.br\/index.php\/2024\/09\/06\/16-mil-cristaos-perderam-a-vida-em-ataques-de-extremistas-na-nigeria\/#article\",\"isPartOf\":{\"@id\":\"https:\/\/jornalfatosenoticias.com.br\/index.php\/2024\/09\/06\/16-mil-cristaos-perderam-a-vida-em-ataques-de-extremistas-na-nigeria\/\"},\"author\":{\"name\":\"Luzimara Fernandes\",\"@id\":\"https:\/\/jornalfatosenoticias.com.br\/#\/schema\/person\/d63837fa13ac8666eb9e74e0985d6f81\"},\"headline\":\"16 mil crist\u00e3os perderam a vida em ataques de extremistas na Nig\u00e9ria\",\"datePublished\":\"2024-09-06T16:38:18+00:00\",\"dateModified\":\"2024-09-06T16:38:19+00:00\",\"mainEntityOfPage\":{\"@id\":\"https:\/\/jornalfatosenoticias.com.br\/index.php\/2024\/09\/06\/16-mil-cristaos-perderam-a-vida-em-ataques-de-extremistas-na-nigeria\/\"},\"wordCount\":424,\"commentCount\":0,\"publisher\":{\"@id\":\"https:\/\/jornalfatosenoticias.com.br\/#organization\"},\"image\":{\"@id\":\"https:\/\/jornalfatosenoticias.com.br\/index.php\/2024\/09\/06\/16-mil-cristaos-perderam-a-vida-em-ataques-de-extremistas-na-nigeria\/#primaryimage\"},\"thumbnailUrl\":\"https:\/\/jornalfatosenoticias.com.br\/wp-content\/uploads\/2024\/09\/perseguicao-religiosa_Nigeria.jpg\",\"keywords\":[\"cristofobia\",\"cristofobia no mundo\",\"etnia fulani\",\"extremistas mu\u00e7ulmanos\",\"fulani\",\"Gideon Para-Mallam\",\"liberdade religiosa\",\"Nig\u00e9ria\",\"Observat\u00f3rio para a Liberdade Religiosa na \u00c1frica\",\"persegui\u00e7\u00e3o religiosa\"],\"articleSection\":[\"Religi\u00e3o\"],\"inLanguage\":\"pt-BR\",\"potentialAction\":[{\"@type\":\"CommentAction\",\"name\":\"Comment\",\"target\":[\"https:\/\/jornalfatosenoticias.com.br\/index.php\/2024\/09\/06\/16-mil-cristaos-perderam-a-vida-em-ataques-de-extremistas-na-nigeria\/#respond\"]}]},{\"@type\":\"WebPage\",\"@id\":\"https:\/\/jornalfatosenoticias.com.br\/index.php\/2024\/09\/06\/16-mil-cristaos-perderam-a-vida-em-ataques-de-extremistas-na-nigeria\/\",\"url\":\"https:\/\/jornalfatosenoticias.com.br\/index.php\/2024\/09\/06\/16-mil-cristaos-perderam-a-vida-em-ataques-de-extremistas-na-nigeria\/\",\"name\":\"16 mil crist\u00e3os perderam a vida em ataques de extremistas na Nig\u00e9ria - Jornal Fatos e Not\u00edcias\",\"isPartOf\":{\"@id\":\"https:\/\/jornalfatosenoticias.com.br\/#website\"},\"primaryImageOfPage\":{\"@id\":\"https:\/\/jornalfatosenoticias.com.br\/index.php\/2024\/09\/06\/16-mil-cristaos-perderam-a-vida-em-ataques-de-extremistas-na-nigeria\/#primaryimage\"},\"image\":{\"@id\":\"https:\/\/jornalfatosenoticias.com.br\/index.php\/2024\/09\/06\/16-mil-cristaos-perderam-a-vida-em-ataques-de-extremistas-na-nigeria\/#primaryimage\"},\"thumbnailUrl\":\"https:\/\/jornalfatosenoticias.com.br\/wp-content\/uploads\/2024\/09\/perseguicao-religiosa_Nigeria.jpg\",\"datePublished\":\"2024-09-06T16:38:18+00:00\",\"dateModified\":\"2024-09-06T16:38:19+00:00\",\"breadcrumb\":{\"@id\":\"https:\/\/jornalfatosenoticias.com.br\/index.php\/2024\/09\/06\/16-mil-cristaos-perderam-a-vida-em-ataques-de-extremistas-na-nigeria\/#breadcrumb\"},\"inLanguage\":\"pt-BR\",\"potentialAction\":[{\"@type\":\"ReadAction\",\"target\":[\"https:\/\/jornalfatosenoticias.com.br\/index.php\/2024\/09\/06\/16-mil-cristaos-perderam-a-vida-em-ataques-de-extremistas-na-nigeria\/\"]}]},{\"@type\":\"ImageObject\",\"inLanguage\":\"pt-BR\",\"@id\":\"https:\/\/jornalfatosenoticias.com.br\/index.php\/2024\/09\/06\/16-mil-cristaos-perderam-a-vida-em-ataques-de-extremistas-na-nigeria\/#primaryimage\",\"url\":\"https:\/\/jornalfatosenoticias.com.br\/wp-content\/uploads\/2024\/09\/perseguicao-religiosa_Nigeria.jpg\",\"contentUrl\":\"https:\/\/jornalfatosenoticias.com.br\/wp-content\/uploads\/2024\/09\/perseguicao-religiosa_Nigeria.jpg\",\"width\":750,\"height\":450},{\"@type\":\"BreadcrumbList\",\"@id\":\"https:\/\/jornalfatosenoticias.com.br\/index.php\/2024\/09\/06\/16-mil-cristaos-perderam-a-vida-em-ataques-de-extremistas-na-nigeria\/#breadcrumb\",\"itemListElement\":[{\"@type\":\"ListItem\",\"position\":1,\"name\":\"In\u00edcio\",\"item\":\"https:\/\/jornalfatosenoticias.com.br\/\"},{\"@type\":\"ListItem\",\"position\":2,\"name\":\"16 mil crist\u00e3os perderam a vida em ataques de extremistas na Nig\u00e9ria\"}]},{\"@type\":\"WebSite\",\"@id\":\"https:\/\/jornalfatosenoticias.com.br\/#website\",\"url\":\"https:\/\/jornalfatosenoticias.com.br\/\",\"name\":\"Jornal Fatos e Not\u00edcias\",\"description\":\"Not\u00edcias em geral\",\"publisher\":{\"@id\":\"https:\/\/jornalfatosenoticias.com.br\/#organization\"},\"potentialAction\":[{\"@type\":\"SearchAction\",\"target\":{\"@type\":\"EntryPoint\",\"urlTemplate\":\"https:\/\/jornalfatosenoticias.com.br\/?s={search_term_string}\"},\"query-input\":{\"@type\":\"PropertyValueSpecification\",\"valueRequired\":true,\"valueName\":\"search_term_string\"}}],\"inLanguage\":\"pt-BR\"},{\"@type\":\"Organization\",\"@id\":\"https:\/\/jornalfatosenoticias.com.br\/#organization\",\"name\":\"Jornal Fatos e Not\u00edcias\",\"url\":\"https:\/\/jornalfatosenoticias.com.br\/\",\"logo\":{\"@type\":\"ImageObject\",\"inLanguage\":\"pt-BR\",\"@id\":\"https:\/\/jornalfatosenoticias.com.br\/#\/schema\/logo\/image\/\",\"url\":\"https:\/\/jornalfatosenoticias.com.br\/wp-content\/uploads\/2020\/02\/logo120.png\",\"contentUrl\":\"https:\/\/jornalfatosenoticias.com.br\/wp-content\/uploads\/2020\/02\/logo120.png\",\"width\":1227,\"height\":120,\"caption\":\"Jornal Fatos e Not\u00edcias\"},\"image\":{\"@id\":\"https:\/\/jornalfatosenoticias.com.br\/#\/schema\/logo\/image\/\"}},{\"@type\":\"Person\",\"@id\":\"https:\/\/jornalfatosenoticias.com.br\/#\/schema\/person\/d63837fa13ac8666eb9e74e0985d6f81\",\"name\":\"Luzimara Fernandes\",\"image\":{\"@type\":\"ImageObject\",\"inLanguage\":\"pt-BR\",\"@id\":\"https:\/\/jornalfatosenoticias.com.br\/#\/schema\/person\/image\/\",\"url\":\"https:\/\/jornalfatosenoticias.com.br\/wp-content\/uploads\/2025\/05\/EU_portal.jpg\",\"contentUrl\":\"https:\/\/jornalfatosenoticias.com.br\/wp-content\/uploads\/2025\/05\/EU_portal.jpg\",\"caption\":\"Luzimara Fernandes\"},\"description\":\"Jornalista MTB 2358-ES\",\"sameAs\":[\"https:\/\/jornalfatosenoticias.com.br\"],\"url\":\"https:\/\/jornalfatosenoticias.com.br\/index.php\/author\/luzimara\/\"}]}<\/script>\n<!-- \/ Yoast SEO plugin. -->","yoast_head_json":{"title":"16 mil crist\u00e3os perderam a vida em ataques de extremistas na Nig\u00e9ria - Jornal Fatos e Not\u00edcias","robots":{"index":"index","follow":"follow","max-snippet":"max-snippet:-1","max-image-preview":"max-image-preview:large","max-video-preview":"max-video-preview:-1"},"canonical":"https:\/\/jornalfatosenoticias.com.br\/index.php\/2024\/09\/06\/16-mil-cristaos-perderam-a-vida-em-ataques-de-extremistas-na-nigeria\/","og_locale":"pt_BR","og_type":"article","og_title":"16 mil crist\u00e3os perderam a vida em ataques de extremistas na Nig\u00e9ria - Jornal Fatos e Not\u00edcias","og_description":"Por Tiago Chagas A persegui\u00e7\u00e3o feita por extremistas mu\u00e7ulmanos na Nig\u00e9ria resultou na morte de mais de 16 mil crist\u00e3os entre 2019 e 2023, diz o relat\u00f3rio do Observat\u00f3rio para a Liberdade Religiosa na \u00c1frica (ORFA). A ORFA divulgou dados coletados ao longo de quatro anos, documentando 55.910 fatalidades em 9.970 ataques, incluindo civis e [&hellip;]","og_url":"https:\/\/jornalfatosenoticias.com.br\/index.php\/2024\/09\/06\/16-mil-cristaos-perderam-a-vida-em-ataques-de-extremistas-na-nigeria\/","og_site_name":"Jornal Fatos e Not\u00edcias","article_published_time":"2024-09-06T16:38:18+00:00","article_modified_time":"2024-09-06T16:38:19+00:00","og_image":[{"width":750,"height":450,"url":"https:\/\/jornalfatosenoticias.com.br\/wp-content\/uploads\/2024\/09\/perseguicao-religiosa_Nigeria.jpg","type":"image\/jpeg"}],"author":"Luzimara Fernandes","twitter_card":"summary_large_image","twitter_misc":{"Escrito por":"Luzimara Fernandes","Est. tempo de leitura":"2 minutos"},"schema":{"@context":"https:\/\/schema.org","@graph":[{"@type":"Article","@id":"https:\/\/jornalfatosenoticias.com.br\/index.php\/2024\/09\/06\/16-mil-cristaos-perderam-a-vida-em-ataques-de-extremistas-na-nigeria\/#article","isPartOf":{"@id":"https:\/\/jornalfatosenoticias.com.br\/index.php\/2024\/09\/06\/16-mil-cristaos-perderam-a-vida-em-ataques-de-extremistas-na-nigeria\/"},"author":{"name":"Luzimara Fernandes","@id":"https:\/\/jornalfatosenoticias.com.br\/#\/schema\/person\/d63837fa13ac8666eb9e74e0985d6f81"},"headline":"16 mil crist\u00e3os perderam a vida em ataques de extremistas na Nig\u00e9ria","datePublished":"2024-09-06T16:38:18+00:00","dateModified":"2024-09-06T16:38:19+00:00","mainEntityOfPage":{"@id":"https:\/\/jornalfatosenoticias.com.br\/index.php\/2024\/09\/06\/16-mil-cristaos-perderam-a-vida-em-ataques-de-extremistas-na-nigeria\/"},"wordCount":424,"commentCount":0,"publisher":{"@id":"https:\/\/jornalfatosenoticias.com.br\/#organization"},"image":{"@id":"https:\/\/jornalfatosenoticias.com.br\/index.php\/2024\/09\/06\/16-mil-cristaos-perderam-a-vida-em-ataques-de-extremistas-na-nigeria\/#primaryimage"},"thumbnailUrl":"https:\/\/jornalfatosenoticias.com.br\/wp-content\/uploads\/2024\/09\/perseguicao-religiosa_Nigeria.jpg","keywords":["cristofobia","cristofobia no mundo","etnia fulani","extremistas mu\u00e7ulmanos","fulani","Gideon Para-Mallam","liberdade religiosa","Nig\u00e9ria","Observat\u00f3rio para a Liberdade Religiosa na \u00c1frica","persegui\u00e7\u00e3o religiosa"],"articleSection":["Religi\u00e3o"],"inLanguage":"pt-BR","potentialAction":[{"@type":"CommentAction","name":"Comment","target":["https:\/\/jornalfatosenoticias.com.br\/index.php\/2024\/09\/06\/16-mil-cristaos-perderam-a-vida-em-ataques-de-extremistas-na-nigeria\/#respond"]}]},{"@type":"WebPage","@id":"https:\/\/jornalfatosenoticias.com.br\/index.php\/2024\/09\/06\/16-mil-cristaos-perderam-a-vida-em-ataques-de-extremistas-na-nigeria\/","url":"https:\/\/jornalfatosenoticias.com.br\/index.php\/2024\/09\/06\/16-mil-cristaos-perderam-a-vida-em-ataques-de-extremistas-na-nigeria\/","name":"16 mil crist\u00e3os perderam a vida em ataques de extremistas na Nig\u00e9ria - Jornal Fatos e Not\u00edcias","isPartOf":{"@id":"https:\/\/jornalfatosenoticias.com.br\/#website"},"primaryImageOfPage":{"@id":"https:\/\/jornalfatosenoticias.com.br\/index.php\/2024\/09\/06\/16-mil-cristaos-perderam-a-vida-em-ataques-de-extremistas-na-nigeria\/#primaryimage"},"image":{"@id":"https:\/\/jornalfatosenoticias.com.br\/index.php\/2024\/09\/06\/16-mil-cristaos-perderam-a-vida-em-ataques-de-extremistas-na-nigeria\/#primaryimage"},"thumbnailUrl":"https:\/\/jornalfatosenoticias.com.br\/wp-content\/uploads\/2024\/09\/perseguicao-religiosa_Nigeria.jpg","datePublished":"2024-09-06T16:38:18+00:00","dateModified":"2024-09-06T16:38:19+00:00","breadcrumb":{"@id":"https:\/\/jornalfatosenoticias.com.br\/index.php\/2024\/09\/06\/16-mil-cristaos-perderam-a-vida-em-ataques-de-extremistas-na-nigeria\/#breadcrumb"},"inLanguage":"pt-BR","potentialAction":[{"@type":"ReadAction","target":["https:\/\/jornalfatosenoticias.com.br\/index.php\/2024\/09\/06\/16-mil-cristaos-perderam-a-vida-em-ataques-de-extremistas-na-nigeria\/"]}]},{"@type":"ImageObject","inLanguage":"pt-BR","@id":"https:\/\/jornalfatosenoticias.com.br\/index.php\/2024\/09\/06\/16-mil-cristaos-perderam-a-vida-em-ataques-de-extremistas-na-nigeria\/#primaryimage","url":"https:\/\/jornalfatosenoticias.com.br\/wp-content\/uploads\/2024\/09\/perseguicao-religiosa_Nigeria.jpg","contentUrl":"https:\/\/jornalfatosenoticias.com.br\/wp-content\/uploads\/2024\/09\/perseguicao-religiosa_Nigeria.jpg","width":750,"height":450},{"@type":"BreadcrumbList","@id":"https:\/\/jornalfatosenoticias.com.br\/index.php\/2024\/09\/06\/16-mil-cristaos-perderam-a-vida-em-ataques-de-extremistas-na-nigeria\/#breadcrumb","itemListElement":[{"@type":"ListItem","position":1,"name":"In\u00edcio","item":"https:\/\/jornalfatosenoticias.com.br\/"},{"@type":"ListItem","position":2,"name":"16 mil crist\u00e3os perderam a vida em ataques de extremistas na Nig\u00e9ria"}]},{"@type":"WebSite","@id":"https:\/\/jornalfatosenoticias.com.br\/#website","url":"https:\/\/jornalfatosenoticias.com.br\/","name":"Jornal Fatos e Not\u00edcias","description":"Not\u00edcias em geral","publisher":{"@id":"https:\/\/jornalfatosenoticias.com.br\/#organization"},"potentialAction":[{"@type":"SearchAction","target":{"@type":"EntryPoint","urlTemplate":"https:\/\/jornalfatosenoticias.com.br\/?s={search_term_string}"},"query-input":{"@type":"PropertyValueSpecification","valueRequired":true,"valueName":"search_term_string"}}],"inLanguage":"pt-BR"},{"@type":"Organization","@id":"https:\/\/jornalfatosenoticias.com.br\/#organization","name":"Jornal Fatos e Not\u00edcias","url":"https:\/\/jornalfatosenoticias.com.br\/","logo":{"@type":"ImageObject","inLanguage":"pt-BR","@id":"https:\/\/jornalfatosenoticias.com.br\/#\/schema\/logo\/image\/","url":"https:\/\/jornalfatosenoticias.com.br\/wp-content\/uploads\/2020\/02\/logo120.png","contentUrl":"https:\/\/jornalfatosenoticias.com.br\/wp-content\/uploads\/2020\/02\/logo120.png","width":1227,"height":120,"caption":"Jornal Fatos e Not\u00edcias"},"image":{"@id":"https:\/\/jornalfatosenoticias.com.br\/#\/schema\/logo\/image\/"}},{"@type":"Person","@id":"https:\/\/jornalfatosenoticias.com.br\/#\/schema\/person\/d63837fa13ac8666eb9e74e0985d6f81","name":"Luzimara Fernandes","image":{"@type":"ImageObject","inLanguage":"pt-BR","@id":"https:\/\/jornalfatosenoticias.com.br\/#\/schema\/person\/image\/","url":"https:\/\/jornalfatosenoticias.com.br\/wp-content\/uploads\/2025\/05\/EU_portal.jpg","contentUrl":"https:\/\/jornalfatosenoticias.com.br\/wp-content\/uploads\/2025\/05\/EU_portal.jpg","caption":"Luzimara Fernandes"},"description":"Jornalista MTB 2358-ES","sameAs":["https:\/\/jornalfatosenoticias.com.br"],"url":"https:\/\/jornalfatosenoticias.com.br\/index.php\/author\/luzimara\/"}]}},"cc_featured_image_caption":{"caption_text":"(Foto: Portas Abertas\/Reprodu\u00e7\u00e3o)","source_text":"","source_url":""},"jetpack_featured_media_url":"https:\/\/jornalfatosenoticias.com.br\/wp-content\/uploads\/2024\/09\/perseguicao-religiosa_Nigeria.jpg","_links":{"self":[{"href":"https:\/\/jornalfatosenoticias.com.br\/index.php\/wp-json\/wp\/v2\/posts\/53967","targetHints":{"allow":["GET"]}}],"collection":[{"href":"https:\/\/jornalfatosenoticias.com.br\/index.php\/wp-json\/wp\/v2\/posts"}],"about":[{"href":"https:\/\/jornalfatosenoticias.com.br\/index.php\/wp-json\/wp\/v2\/types\/post"}],"author":[{"embeddable":true,"href":"https:\/\/jornalfatosenoticias.com.br\/index.php\/wp-json\/wp\/v2\/users\/2"}],"replies":[{"embeddable":true,"href":"https:\/\/jornalfatosenoticias.com.br\/index.php\/wp-json\/wp\/v2\/comments?post=53967"}],"version-history":[{"count":0,"href":"https:\/\/jornalfatosenoticias.com.br\/index.php\/wp-json\/wp\/v2\/posts\/53967\/revisions"}],"wp:featuredmedia":[{"embeddable":true,"href":"https:\/\/jornalfatosenoticias.com.br\/index.php\/wp-json\/wp\/v2\/media\/53968"}],"wp:attachment":[{"href":"https:\/\/jornalfatosenoticias.com.br\/index.php\/wp-json\/wp\/v2\/media?parent=53967"}],"wp:term":[{"taxonomy":"category","embeddable":true,"href":"https:\/\/jornalfatosenoticias.com.br\/index.php\/wp-json\/wp\/v2\/categories?post=53967"},{"taxonomy":"post_tag","embeddable":true,"href":"https:\/\/jornalfatosenoticias.com.br\/index.php\/wp-json\/wp\/v2\/tags?post=53967"}],"curies":[{"name":"wp","href":"https:\/\/api.w.org\/{rel}","templated":true}]}}