{"id":5397,"date":"2020-06-12T08:22:25","date_gmt":"2020-06-12T11:22:25","guid":{"rendered":"https:\/\/jornalfatosenoticias.com.br\/?p=5397"},"modified":"2020-06-12T08:22:29","modified_gmt":"2020-06-12T11:22:29","slug":"como-congelar-carnes","status":"publish","type":"post","link":"https:\/\/jornalfatosenoticias.com.br\/index.php\/2020\/06\/12\/como-congelar-carnes\/","title":{"rendered":"Como congelar carnes"},"content":{"rendered":"\n<p>Com o congelamento adequado das carnes podemos facilitar nosso dia a dia de v\u00e1rias formas, como, evitando o consumo de comidas empacotadas ou fast food devido ao curto tempo de almo\u00e7o, ent\u00e3o, ter uma carne preparada no congelador \u00e9 um adianto para nossos dias corridos. Outra economia que podemos fazer \u00e9 diminuir nossas idas ao mercado, assim evitamos que gastamos mais sem necessidade.<br>O primeiro passo \u00e9 separar as carnes que ser\u00e3o consumidas em at\u00e9, no m\u00e1ximo, dois dias. Essas podem ficar na geladeira, sem nenhum problema. Podendo deixar temperadas ou n\u00e3o. As demais dever\u00e3o ser congeladas, podendo ser cruas ou cozidas. Mas para isso devemos nos organizar da seguinte forma:<br>Antes de congelar, separe as carnes em por\u00e7\u00f5es pequenas que ser\u00e3o feitas para a refei\u00e7\u00e3o do dia em bifes, tiras ou mo\u00eddas, pois facilita na hora do descongelamento. Coloc\u00e1-las em sacos pr\u00f3prios e tirar o m\u00e1ximo de ar que conseguir para durar mais tempo. Se for congelar as carnes cruas, \u00e9 melhor que congele sem tempero e tempere na hora do preparo.<br>Tamb\u00e9m pode-se congelar por\u00e7\u00f5es pequenas de carne mo\u00edda j\u00e1 pronta de forma &#8220;sequinha&#8221; ou para como molho em outra prepara\u00e7\u00f5es, como por cima do macarr\u00e3o. Alm\u00f4ndegas tamb\u00e9m s\u00e3o uma \u00f3tima op\u00e7\u00e3o e podem ser congeladas cruas ou prontas, com molho ou sem.<br>Em formatos de hamb\u00farguer seria outra op\u00e7\u00e3o para um almo\u00e7o ou jantar, pois \u00e9 r\u00e1pido o processo de descongelamento.<br>Essas carnes, no congelador, t\u00eam a dura\u00e7\u00e3o de seis meses ou at\u00e9 mais quando fazemos o processo de congelamento adequado.<br>N\u00e3o esque\u00e7a de etiquetar as sacolas com o nome das carnes e a data do congelamento. Al\u00e9m de ficar um freezer organizado e bonito, ajuda na identifica\u00e7\u00e3o e qual tem que ser usado primeiro.<\/p>\n","protected":false},"excerpt":{"rendered":"<p>Com o congelamento adequado das carnes podemos facilitar nosso dia a dia de v\u00e1rias formas, como, evitando o consumo de comidas empacotadas ou fast food devido ao curto tempo de almo\u00e7o, ent\u00e3o, ter uma carne preparada no congelador \u00e9 um adianto para nossos dias corridos. Outra economia que podemos fazer \u00e9 diminuir nossas idas ao [&hellip;]<\/p>\n","protected":false},"author":10,"featured_media":5398,"comment_status":"open","ping_status":"open","sticky":false,"template":"","format":"standard","meta":{"footnotes":""},"categories":[42],"tags":[1408,3232,3233,240,3234],"class_list":["post-5397","post","type-post","status-publish","format-standard","has-post-thumbnail","hentry","category-bem-estar","tag-carnes","tag-congelamento","tag-dia-a-dia","tag-economia","tag-porcoes"],"yoast_head":"<!-- This site is optimized with the Yoast SEO plugin v26.5 - https:\/\/yoast.com\/wordpress\/plugins\/seo\/ -->\n<title>Como congelar carnes - Jornal Fatos e Not\u00edcias<\/title>\n<meta name=\"robots\" content=\"index, follow, max-snippet:-1, max-image-preview:large, max-video-preview:-1\" \/>\n<link rel=\"canonical\" href=\"https:\/\/jornalfatosenoticias.com.br\/index.php\/2020\/06\/12\/como-congelar-carnes\/\" \/>\n<meta property=\"og:locale\" content=\"pt_BR\" \/>\n<meta property=\"og:type\" content=\"article\" \/>\n<meta property=\"og:title\" content=\"Como congelar carnes - Jornal Fatos e Not\u00edcias\" \/>\n<meta property=\"og:description\" content=\"Com o congelamento adequado das carnes podemos facilitar nosso dia a dia de v\u00e1rias formas, como, evitando o consumo de comidas empacotadas ou fast food devido ao curto tempo de almo\u00e7o, ent\u00e3o, ter uma carne preparada no congelador \u00e9 um adianto para nossos dias corridos. Outra economia que podemos fazer \u00e9 diminuir nossas idas ao [&hellip;]\" \/>\n<meta property=\"og:url\" content=\"https:\/\/jornalfatosenoticias.com.br\/index.php\/2020\/06\/12\/como-congelar-carnes\/\" \/>\n<meta property=\"og:site_name\" content=\"Jornal Fatos e Not\u00edcias\" \/>\n<meta property=\"article:published_time\" content=\"2020-06-12T11:22:25+00:00\" \/>\n<meta property=\"article:modified_time\" content=\"2020-06-12T11:22:29+00:00\" \/>\n<meta property=\"og:image\" content=\"https:\/\/jornalfatosenoticias.com.br\/wp-content\/uploads\/2020\/06\/carne-congelada.jpg\" \/>\n\t<meta property=\"og:image:width\" content=\"980\" \/>\n\t<meta property=\"og:image:height\" content=\"735\" \/>\n\t<meta property=\"og:image:type\" content=\"image\/jpeg\" \/>\n<meta name=\"author\" content=\"Gabriela Messner Aresi Oliveira\" \/>\n<meta name=\"twitter:card\" content=\"summary_large_image\" \/>\n<meta name=\"twitter:label1\" content=\"Escrito por\" \/>\n\t<meta name=\"twitter:data1\" content=\"Gabriela Messner Aresi Oliveira\" \/>\n\t<meta name=\"twitter:label2\" content=\"Est. tempo de leitura\" \/>\n\t<meta name=\"twitter:data2\" content=\"2 minutos\" \/>\n<script type=\"application\/ld+json\" class=\"yoast-schema-graph\">{\"@context\":\"https:\/\/schema.org\",\"@graph\":[{\"@type\":\"Article\",\"@id\":\"https:\/\/jornalfatosenoticias.com.br\/index.php\/2020\/06\/12\/como-congelar-carnes\/#article\",\"isPartOf\":{\"@id\":\"https:\/\/jornalfatosenoticias.com.br\/index.php\/2020\/06\/12\/como-congelar-carnes\/\"},\"author\":{\"name\":\"Gabriela Messner Aresi Oliveira\",\"@id\":\"https:\/\/jornalfatosenoticias.com.br\/#\/schema\/person\/8e0fe72f7a2b1f60eecd0c7d1dc4d8f1\"},\"headline\":\"Como congelar carnes\",\"datePublished\":\"2020-06-12T11:22:25+00:00\",\"dateModified\":\"2020-06-12T11:22:29+00:00\",\"mainEntityOfPage\":{\"@id\":\"https:\/\/jornalfatosenoticias.com.br\/index.php\/2020\/06\/12\/como-congelar-carnes\/\"},\"wordCount\":319,\"commentCount\":0,\"publisher\":{\"@id\":\"https:\/\/jornalfatosenoticias.com.br\/#organization\"},\"image\":{\"@id\":\"https:\/\/jornalfatosenoticias.com.br\/index.php\/2020\/06\/12\/como-congelar-carnes\/#primaryimage\"},\"thumbnailUrl\":\"https:\/\/jornalfatosenoticias.com.br\/wp-content\/uploads\/2020\/06\/carne-congelada.jpg\",\"keywords\":[\"carnes\",\"congelamento\",\"dia a dia\",\"economia\",\"por\u00e7\u00f5es\"],\"articleSection\":[\"Bem-estar\"],\"inLanguage\":\"pt-BR\",\"potentialAction\":[{\"@type\":\"CommentAction\",\"name\":\"Comment\",\"target\":[\"https:\/\/jornalfatosenoticias.com.br\/index.php\/2020\/06\/12\/como-congelar-carnes\/#respond\"]}]},{\"@type\":\"WebPage\",\"@id\":\"https:\/\/jornalfatosenoticias.com.br\/index.php\/2020\/06\/12\/como-congelar-carnes\/\",\"url\":\"https:\/\/jornalfatosenoticias.com.br\/index.php\/2020\/06\/12\/como-congelar-carnes\/\",\"name\":\"Como congelar carnes - Jornal Fatos e Not\u00edcias\",\"isPartOf\":{\"@id\":\"https:\/\/jornalfatosenoticias.com.br\/#website\"},\"primaryImageOfPage\":{\"@id\":\"https:\/\/jornalfatosenoticias.com.br\/index.php\/2020\/06\/12\/como-congelar-carnes\/#primaryimage\"},\"image\":{\"@id\":\"https:\/\/jornalfatosenoticias.com.br\/index.php\/2020\/06\/12\/como-congelar-carnes\/#primaryimage\"},\"thumbnailUrl\":\"https:\/\/jornalfatosenoticias.com.br\/wp-content\/uploads\/2020\/06\/carne-congelada.jpg\",\"datePublished\":\"2020-06-12T11:22:25+00:00\",\"dateModified\":\"2020-06-12T11:22:29+00:00\",\"breadcrumb\":{\"@id\":\"https:\/\/jornalfatosenoticias.com.br\/index.php\/2020\/06\/12\/como-congelar-carnes\/#breadcrumb\"},\"inLanguage\":\"pt-BR\",\"potentialAction\":[{\"@type\":\"ReadAction\",\"target\":[\"https:\/\/jornalfatosenoticias.com.br\/index.php\/2020\/06\/12\/como-congelar-carnes\/\"]}]},{\"@type\":\"ImageObject\",\"inLanguage\":\"pt-BR\",\"@id\":\"https:\/\/jornalfatosenoticias.com.br\/index.php\/2020\/06\/12\/como-congelar-carnes\/#primaryimage\",\"url\":\"https:\/\/jornalfatosenoticias.com.br\/wp-content\/uploads\/2020\/06\/carne-congelada.jpg\",\"contentUrl\":\"https:\/\/jornalfatosenoticias.com.br\/wp-content\/uploads\/2020\/06\/carne-congelada.jpg\",\"width\":980,\"height\":735},{\"@type\":\"BreadcrumbList\",\"@id\":\"https:\/\/jornalfatosenoticias.com.br\/index.php\/2020\/06\/12\/como-congelar-carnes\/#breadcrumb\",\"itemListElement\":[{\"@type\":\"ListItem\",\"position\":1,\"name\":\"In\u00edcio\",\"item\":\"https:\/\/jornalfatosenoticias.com.br\/\"},{\"@type\":\"ListItem\",\"position\":2,\"name\":\"Como congelar carnes\"}]},{\"@type\":\"WebSite\",\"@id\":\"https:\/\/jornalfatosenoticias.com.br\/#website\",\"url\":\"https:\/\/jornalfatosenoticias.com.br\/\",\"name\":\"Jornal Fatos e Not\u00edcias\",\"description\":\"Not\u00edcias em geral\",\"publisher\":{\"@id\":\"https:\/\/jornalfatosenoticias.com.br\/#organization\"},\"potentialAction\":[{\"@type\":\"SearchAction\",\"target\":{\"@type\":\"EntryPoint\",\"urlTemplate\":\"https:\/\/jornalfatosenoticias.com.br\/?s={search_term_string}\"},\"query-input\":{\"@type\":\"PropertyValueSpecification\",\"valueRequired\":true,\"valueName\":\"search_term_string\"}}],\"inLanguage\":\"pt-BR\"},{\"@type\":\"Organization\",\"@id\":\"https:\/\/jornalfatosenoticias.com.br\/#organization\",\"name\":\"Jornal Fatos e Not\u00edcias\",\"url\":\"https:\/\/jornalfatosenoticias.com.br\/\",\"logo\":{\"@type\":\"ImageObject\",\"inLanguage\":\"pt-BR\",\"@id\":\"https:\/\/jornalfatosenoticias.com.br\/#\/schema\/logo\/image\/\",\"url\":\"https:\/\/jornalfatosenoticias.com.br\/wp-content\/uploads\/2020\/02\/logo120.png\",\"contentUrl\":\"https:\/\/jornalfatosenoticias.com.br\/wp-content\/uploads\/2020\/02\/logo120.png\",\"width\":1227,\"height\":120,\"caption\":\"Jornal Fatos e Not\u00edcias\"},\"image\":{\"@id\":\"https:\/\/jornalfatosenoticias.com.br\/#\/schema\/logo\/image\/\"}},{\"@type\":\"Person\",\"@id\":\"https:\/\/jornalfatosenoticias.com.br\/#\/schema\/person\/8e0fe72f7a2b1f60eecd0c7d1dc4d8f1\",\"name\":\"Gabriela Messner Aresi Oliveira\",\"image\":{\"@type\":\"ImageObject\",\"inLanguage\":\"pt-BR\",\"@id\":\"https:\/\/jornalfatosenoticias.com.br\/#\/schema\/person\/image\/\",\"url\":\"https:\/\/jornalfatosenoticias.com.br\/wp-content\/uploads\/2020\/03\/Gabriela-messner-150x150.jpg\",\"contentUrl\":\"https:\/\/jornalfatosenoticias.com.br\/wp-content\/uploads\/2020\/03\/Gabriela-messner-150x150.jpg\",\"caption\":\"Gabriela Messner Aresi Oliveira\"},\"url\":\"https:\/\/jornalfatosenoticias.com.br\/index.php\/author\/gabriela\/\"}]}<\/script>\n<!-- \/ Yoast SEO plugin. -->","yoast_head_json":{"title":"Como congelar carnes - Jornal Fatos e Not\u00edcias","robots":{"index":"index","follow":"follow","max-snippet":"max-snippet:-1","max-image-preview":"max-image-preview:large","max-video-preview":"max-video-preview:-1"},"canonical":"https:\/\/jornalfatosenoticias.com.br\/index.php\/2020\/06\/12\/como-congelar-carnes\/","og_locale":"pt_BR","og_type":"article","og_title":"Como congelar carnes - Jornal Fatos e Not\u00edcias","og_description":"Com o congelamento adequado das carnes podemos facilitar nosso dia a dia de v\u00e1rias formas, como, evitando o consumo de comidas empacotadas ou fast food devido ao curto tempo de almo\u00e7o, ent\u00e3o, ter uma carne preparada no congelador \u00e9 um adianto para nossos dias corridos. Outra economia que podemos fazer \u00e9 diminuir nossas idas ao [&hellip;]","og_url":"https:\/\/jornalfatosenoticias.com.br\/index.php\/2020\/06\/12\/como-congelar-carnes\/","og_site_name":"Jornal Fatos e Not\u00edcias","article_published_time":"2020-06-12T11:22:25+00:00","article_modified_time":"2020-06-12T11:22:29+00:00","og_image":[{"width":980,"height":735,"url":"https:\/\/jornalfatosenoticias.com.br\/wp-content\/uploads\/2020\/06\/carne-congelada.jpg","type":"image\/jpeg"}],"author":"Gabriela Messner Aresi Oliveira","twitter_card":"summary_large_image","twitter_misc":{"Escrito por":"Gabriela Messner Aresi Oliveira","Est. tempo de leitura":"2 minutos"},"schema":{"@context":"https:\/\/schema.org","@graph":[{"@type":"Article","@id":"https:\/\/jornalfatosenoticias.com.br\/index.php\/2020\/06\/12\/como-congelar-carnes\/#article","isPartOf":{"@id":"https:\/\/jornalfatosenoticias.com.br\/index.php\/2020\/06\/12\/como-congelar-carnes\/"},"author":{"name":"Gabriela Messner Aresi Oliveira","@id":"https:\/\/jornalfatosenoticias.com.br\/#\/schema\/person\/8e0fe72f7a2b1f60eecd0c7d1dc4d8f1"},"headline":"Como congelar carnes","datePublished":"2020-06-12T11:22:25+00:00","dateModified":"2020-06-12T11:22:29+00:00","mainEntityOfPage":{"@id":"https:\/\/jornalfatosenoticias.com.br\/index.php\/2020\/06\/12\/como-congelar-carnes\/"},"wordCount":319,"commentCount":0,"publisher":{"@id":"https:\/\/jornalfatosenoticias.com.br\/#organization"},"image":{"@id":"https:\/\/jornalfatosenoticias.com.br\/index.php\/2020\/06\/12\/como-congelar-carnes\/#primaryimage"},"thumbnailUrl":"https:\/\/jornalfatosenoticias.com.br\/wp-content\/uploads\/2020\/06\/carne-congelada.jpg","keywords":["carnes","congelamento","dia a dia","economia","por\u00e7\u00f5es"],"articleSection":["Bem-estar"],"inLanguage":"pt-BR","potentialAction":[{"@type":"CommentAction","name":"Comment","target":["https:\/\/jornalfatosenoticias.com.br\/index.php\/2020\/06\/12\/como-congelar-carnes\/#respond"]}]},{"@type":"WebPage","@id":"https:\/\/jornalfatosenoticias.com.br\/index.php\/2020\/06\/12\/como-congelar-carnes\/","url":"https:\/\/jornalfatosenoticias.com.br\/index.php\/2020\/06\/12\/como-congelar-carnes\/","name":"Como congelar carnes - Jornal Fatos e Not\u00edcias","isPartOf":{"@id":"https:\/\/jornalfatosenoticias.com.br\/#website"},"primaryImageOfPage":{"@id":"https:\/\/jornalfatosenoticias.com.br\/index.php\/2020\/06\/12\/como-congelar-carnes\/#primaryimage"},"image":{"@id":"https:\/\/jornalfatosenoticias.com.br\/index.php\/2020\/06\/12\/como-congelar-carnes\/#primaryimage"},"thumbnailUrl":"https:\/\/jornalfatosenoticias.com.br\/wp-content\/uploads\/2020\/06\/carne-congelada.jpg","datePublished":"2020-06-12T11:22:25+00:00","dateModified":"2020-06-12T11:22:29+00:00","breadcrumb":{"@id":"https:\/\/jornalfatosenoticias.com.br\/index.php\/2020\/06\/12\/como-congelar-carnes\/#breadcrumb"},"inLanguage":"pt-BR","potentialAction":[{"@type":"ReadAction","target":["https:\/\/jornalfatosenoticias.com.br\/index.php\/2020\/06\/12\/como-congelar-carnes\/"]}]},{"@type":"ImageObject","inLanguage":"pt-BR","@id":"https:\/\/jornalfatosenoticias.com.br\/index.php\/2020\/06\/12\/como-congelar-carnes\/#primaryimage","url":"https:\/\/jornalfatosenoticias.com.br\/wp-content\/uploads\/2020\/06\/carne-congelada.jpg","contentUrl":"https:\/\/jornalfatosenoticias.com.br\/wp-content\/uploads\/2020\/06\/carne-congelada.jpg","width":980,"height":735},{"@type":"BreadcrumbList","@id":"https:\/\/jornalfatosenoticias.com.br\/index.php\/2020\/06\/12\/como-congelar-carnes\/#breadcrumb","itemListElement":[{"@type":"ListItem","position":1,"name":"In\u00edcio","item":"https:\/\/jornalfatosenoticias.com.br\/"},{"@type":"ListItem","position":2,"name":"Como congelar carnes"}]},{"@type":"WebSite","@id":"https:\/\/jornalfatosenoticias.com.br\/#website","url":"https:\/\/jornalfatosenoticias.com.br\/","name":"Jornal Fatos e Not\u00edcias","description":"Not\u00edcias em geral","publisher":{"@id":"https:\/\/jornalfatosenoticias.com.br\/#organization"},"potentialAction":[{"@type":"SearchAction","target":{"@type":"EntryPoint","urlTemplate":"https:\/\/jornalfatosenoticias.com.br\/?s={search_term_string}"},"query-input":{"@type":"PropertyValueSpecification","valueRequired":true,"valueName":"search_term_string"}}],"inLanguage":"pt-BR"},{"@type":"Organization","@id":"https:\/\/jornalfatosenoticias.com.br\/#organization","name":"Jornal Fatos e Not\u00edcias","url":"https:\/\/jornalfatosenoticias.com.br\/","logo":{"@type":"ImageObject","inLanguage":"pt-BR","@id":"https:\/\/jornalfatosenoticias.com.br\/#\/schema\/logo\/image\/","url":"https:\/\/jornalfatosenoticias.com.br\/wp-content\/uploads\/2020\/02\/logo120.png","contentUrl":"https:\/\/jornalfatosenoticias.com.br\/wp-content\/uploads\/2020\/02\/logo120.png","width":1227,"height":120,"caption":"Jornal Fatos e Not\u00edcias"},"image":{"@id":"https:\/\/jornalfatosenoticias.com.br\/#\/schema\/logo\/image\/"}},{"@type":"Person","@id":"https:\/\/jornalfatosenoticias.com.br\/#\/schema\/person\/8e0fe72f7a2b1f60eecd0c7d1dc4d8f1","name":"Gabriela Messner Aresi Oliveira","image":{"@type":"ImageObject","inLanguage":"pt-BR","@id":"https:\/\/jornalfatosenoticias.com.br\/#\/schema\/person\/image\/","url":"https:\/\/jornalfatosenoticias.com.br\/wp-content\/uploads\/2020\/03\/Gabriela-messner-150x150.jpg","contentUrl":"https:\/\/jornalfatosenoticias.com.br\/wp-content\/uploads\/2020\/03\/Gabriela-messner-150x150.jpg","caption":"Gabriela Messner Aresi Oliveira"},"url":"https:\/\/jornalfatosenoticias.com.br\/index.php\/author\/gabriela\/"}]}},"cc_featured_image_caption":{"caption_text":"(Foto: Divulga\u00e7\u00e3o)\r\n","source_text":"","source_url":""},"jetpack_featured_media_url":"https:\/\/jornalfatosenoticias.com.br\/wp-content\/uploads\/2020\/06\/carne-congelada.jpg","_links":{"self":[{"href":"https:\/\/jornalfatosenoticias.com.br\/index.php\/wp-json\/wp\/v2\/posts\/5397","targetHints":{"allow":["GET"]}}],"collection":[{"href":"https:\/\/jornalfatosenoticias.com.br\/index.php\/wp-json\/wp\/v2\/posts"}],"about":[{"href":"https:\/\/jornalfatosenoticias.com.br\/index.php\/wp-json\/wp\/v2\/types\/post"}],"author":[{"embeddable":true,"href":"https:\/\/jornalfatosenoticias.com.br\/index.php\/wp-json\/wp\/v2\/users\/10"}],"replies":[{"embeddable":true,"href":"https:\/\/jornalfatosenoticias.com.br\/index.php\/wp-json\/wp\/v2\/comments?post=5397"}],"version-history":[{"count":0,"href":"https:\/\/jornalfatosenoticias.com.br\/index.php\/wp-json\/wp\/v2\/posts\/5397\/revisions"}],"wp:featuredmedia":[{"embeddable":true,"href":"https:\/\/jornalfatosenoticias.com.br\/index.php\/wp-json\/wp\/v2\/media\/5398"}],"wp:attachment":[{"href":"https:\/\/jornalfatosenoticias.com.br\/index.php\/wp-json\/wp\/v2\/media?parent=5397"}],"wp:term":[{"taxonomy":"category","embeddable":true,"href":"https:\/\/jornalfatosenoticias.com.br\/index.php\/wp-json\/wp\/v2\/categories?post=5397"},{"taxonomy":"post_tag","embeddable":true,"href":"https:\/\/jornalfatosenoticias.com.br\/index.php\/wp-json\/wp\/v2\/tags?post=5397"}],"curies":[{"name":"wp","href":"https:\/\/api.w.org\/{rel}","templated":true}]}}