{"id":53990,"date":"2024-09-06T19:46:43","date_gmt":"2024-09-06T22:46:43","guid":{"rendered":"https:\/\/jornalfatosenoticias.com.br\/?p=53990"},"modified":"2024-09-06T19:46:44","modified_gmt":"2024-09-06T22:46:44","slug":"lula-demite-silvio-almeida-apos-denuncias-de-suposto-assedio-sexual","status":"publish","type":"post","link":"https:\/\/jornalfatosenoticias.com.br\/index.php\/2024\/09\/06\/lula-demite-silvio-almeida-apos-denuncias-de-suposto-assedio-sexual\/","title":{"rendered":"Lula demite Silvio Almeida ap\u00f3s den\u00fancias de suposto ass\u00e9dio sexual"},"content":{"rendered":"\n<p><em><span class=\"has-inline-color has-black-color\">Almeida foi acusado por ONG de cometer abusos sexuais incluindo contra a ministra Anielle Franco<\/span><\/em><\/p>\n\n\n\n<p><span class=\"has-inline-color has-black-color\">Por <strong><a href=\"https:\/\/www.gazetadopovo.com.br\/autor\/guilherme-grandi\/\">Guilherme Grandi<\/a><\/strong> e <strong><a href=\"https:\/\/www.gazetadopovo.com.br\/autor\/camila-abrao\/\">Camila Abr\u00e3o<\/a><\/strong><\/span><\/p>\n\n\n\n<div class=\"wp-block-image\"><figure class=\"aligncenter size-large is-resized\"><a href=\"https:\/\/www.facebook.com\/vetor.vix\/\"><img loading=\"lazy\" decoding=\"async\" src=\"https:\/\/jornalfatosenoticias.com.br\/wp-content\/uploads\/2023\/09\/vetorvix1024_1.jpg\" alt=\"\" class=\"wp-image-44868\" width=\"505\" height=\"134\" srcset=\"https:\/\/jornalfatosenoticias.com.br\/wp-content\/uploads\/2023\/09\/vetorvix1024_1.jpg 1024w, https:\/\/jornalfatosenoticias.com.br\/wp-content\/uploads\/2023\/09\/vetorvix1024_1-300x80.jpg 300w, https:\/\/jornalfatosenoticias.com.br\/wp-content\/uploads\/2023\/09\/vetorvix1024_1-768x205.jpg 768w\" sizes=\"auto, (max-width: 505px) 100vw, 505px\" \/><\/a><\/figure><\/div>\n\n\n\n<p>Luiz In\u00e1cio Lula da Silva (PT) demitiu, nesta sexta-feira (6), o ministro Silvio Almeida, dos Direitos Humanos, ap\u00f3s o surgimento de den\u00fancias por suposto abuso sexual cometido por ele. A decis\u00e3o de Lula ocorreu ap\u00f3s uma reuni\u00e3o com o ministro e com Anielle Franco, da Igualdade Racial, que teria sido uma das v\u00edtimas.<br>&#8220;Diante das graves den\u00fancias contra o ministro Silvio Almeida e depois de convoc\u00e1-lo para uma conversa no Pal\u00e1cio do Planalto, no in\u00edcio da noite desta sexta-feira (6), o presidente Lula decidiu pela demiss\u00e3o do titular da Pasta de Direitos Humanos e Cidadania&#8221;, disse o governo, em nota.<\/p>\n\n\n\n<div class=\"wp-block-image\"><figure class=\"aligncenter size-large is-resized\"><a href=\"https:\/\/www.controlsystems.com.br\/\"><img loading=\"lazy\" decoding=\"async\" src=\"https:\/\/jornalfatosenoticias.com.br\/wp-content\/uploads\/2020\/02\/CONTROL-CS.jpg\" alt=\"\" class=\"wp-image-44991\" width=\"280\" height=\"336\" srcset=\"https:\/\/jornalfatosenoticias.com.br\/wp-content\/uploads\/2020\/02\/CONTROL-CS.jpg 834w, https:\/\/jornalfatosenoticias.com.br\/wp-content\/uploads\/2020\/02\/CONTROL-CS-250x300.jpg 250w, https:\/\/jornalfatosenoticias.com.br\/wp-content\/uploads\/2020\/02\/CONTROL-CS-768x921.jpg 768w\" sizes=\"auto, (max-width: 280px) 100vw, 280px\" \/><\/a><\/figure><\/div>\n\n\n\n<p>Anielle teria confirmado a Lula e aos ministros presentes na reuni\u00e3o que foi assediada por Almeida. Ap\u00f3s a confirma\u00e7\u00e3o, Lula convocou o ministro dos Direitos Humanos ao Planalto. A demiss\u00e3o foi divulgada pouco depois. O petista &#8220;considera insustent\u00e1vel a manuten\u00e7\u00e3o do ministro no cargo considerando a natureza das acusa\u00e7\u00f5es de ass\u00e9dio sexual&#8221;. <\/p>\n\n\n\n<div class=\"wp-block-image\"><figure class=\"aligncenter size-large is-resized\"><a href=\"https:\/\/hotelmarquetti.com.br\/\"><img loading=\"lazy\" decoding=\"async\" src=\"https:\/\/jornalfatosenoticias.com.br\/wp-content\/uploads\/2023\/03\/nova-logo-Marquetti.jpg\" alt=\"\" class=\"wp-image-40207\" width=\"323\" height=\"217\" srcset=\"https:\/\/jornalfatosenoticias.com.br\/wp-content\/uploads\/2023\/03\/nova-logo-Marquetti.jpg 643w, https:\/\/jornalfatosenoticias.com.br\/wp-content\/uploads\/2023\/03\/nova-logo-Marquetti-300x202.jpg 300w\" sizes=\"auto, (max-width: 323px) 100vw, 323px\" \/><\/a><\/figure><\/div>\n\n\n\n<p>O governo informou que a Pol\u00edcia Federal abriu de of\u00edcio um protocolo inicial de investiga\u00e7\u00e3o sobre o caso. A Comiss\u00e3o de \u00c9tica P\u00fablica da Presid\u00eancia da Rep\u00fablica tamb\u00e9m abriu procedimento preliminar para esclarecer os fatos. &#8220;O Governo Federal reitera seu compromisso com os Direitos Humanos e reafirma que nenhuma forma de viol\u00eancia contra as mulheres ser\u00e1 tolerada&#8221;, diz o comunicado.<\/p>\n\n\n\n<div class=\"wp-block-image\"><figure class=\"aligncenter size-large is-resized\"><a href=\"https:\/\/www.instagram.com\/serra4x4cambioautomatico\/\"><img loading=\"lazy\" decoding=\"async\" src=\"https:\/\/jornalfatosenoticias.com.br\/wp-content\/uploads\/2024\/08\/Serra-4x4-1-886x1024.jpg\" alt=\"\" class=\"wp-image-53632\" width=\"285\" height=\"329\" srcset=\"https:\/\/jornalfatosenoticias.com.br\/wp-content\/uploads\/2024\/08\/Serra-4x4-1-886x1024.jpg 886w, https:\/\/jornalfatosenoticias.com.br\/wp-content\/uploads\/2024\/08\/Serra-4x4-1-260x300.jpg 260w, https:\/\/jornalfatosenoticias.com.br\/wp-content\/uploads\/2024\/08\/Serra-4x4-1-768x888.jpg 768w, https:\/\/jornalfatosenoticias.com.br\/wp-content\/uploads\/2024\/08\/Serra-4x4-1.jpg 1181w\" sizes=\"auto, (max-width: 285px) 100vw, 285px\" \/><\/a><\/figure><\/div>\n\n\n\n<p><strong><span class=\"has-inline-color has-black-color\">Lula decidiu pela demiss\u00e3o de Silvio Almeida ap\u00f3s den\u00fancias de ass\u00e9dio<br><\/span><\/strong>Almeida foi denunciado por v\u00edtimas \u00e0 ONG Me Too Brasil, que tornou o caso p\u00fablico na noite de quinta (5) com base em relatos an\u00f4nimos por meio dos canais de atendimento da organiza\u00e7\u00e3o e com consentimento delas. O Pal\u00e1cio do Planalto ainda n\u00e3o definiu quem ocupar\u00e1 a pasta na Esplanada.<\/p>\n\n\n\n<div class=\"wp-block-image\"><figure class=\"aligncenter size-large is-resized\"><a href=\"https:\/\/www.ithbrasil.com.br\/\"><img loading=\"lazy\" decoding=\"async\" src=\"https:\/\/jornalfatosenoticias.com.br\/wp-content\/uploads\/2023\/08\/ITH.jpeg\" alt=\"\" class=\"wp-image-44638\" width=\"303\" height=\"246\" srcset=\"https:\/\/jornalfatosenoticias.com.br\/wp-content\/uploads\/2023\/08\/ITH.jpeg 800w, https:\/\/jornalfatosenoticias.com.br\/wp-content\/uploads\/2023\/08\/ITH-300x244.jpeg 300w, https:\/\/jornalfatosenoticias.com.br\/wp-content\/uploads\/2023\/08\/ITH-768x624.jpeg 768w\" sizes=\"auto, (max-width: 303px) 100vw, 303px\" \/><\/a><\/figure><\/div>\n\n\n\n<p>Silvio Almeida foi anunciado para o minist\u00e9rio ainda durante a transi\u00e7\u00e3o do governo e tomou posse no come\u00e7o de 2023. Ele \u00e9 doutor em Direito e foi relator da comiss\u00e3o de juristas criada pela C\u00e2mara dos Deputados, em 2021, para propor o aperfei\u00e7oamento da legisla\u00e7\u00e3o de Combate ao Racismo Institucional.<\/p>\n\n\n\n<div class=\"wp-block-image\"><figure class=\"aligncenter size-large is-resized\"><a href=\"https:\/\/www.instagram.com\/restaurantepegoretti\/\"><img loading=\"lazy\" decoding=\"async\" src=\"https:\/\/jornalfatosenoticias.com.br\/wp-content\/uploads\/2023\/12\/pegoretti-logo-pdf-1024x389.jpg\" alt=\"\" class=\"wp-image-47536\" width=\"390\" height=\"148\" srcset=\"https:\/\/jornalfatosenoticias.com.br\/wp-content\/uploads\/2023\/12\/pegoretti-logo-pdf-1024x389.jpg 1024w, https:\/\/jornalfatosenoticias.com.br\/wp-content\/uploads\/2023\/12\/pegoretti-logo-pdf-300x114.jpg 300w, https:\/\/jornalfatosenoticias.com.br\/wp-content\/uploads\/2023\/12\/pegoretti-logo-pdf-768x291.jpg 768w, https:\/\/jornalfatosenoticias.com.br\/wp-content\/uploads\/2023\/12\/pegoretti-logo-pdf.jpg 1120w\" sizes=\"auto, (max-width: 390px) 100vw, 390px\" \/><\/a><\/figure><\/div>\n\n\n\n<p>Al\u00e9m da reuni\u00e3o com Almeida e Anielle, Lula tamb\u00e9m conversou com os ministros Ricardo Lewandowski (Justi\u00e7a e Seguran\u00e7a P\u00fablica), Jorge Messias (Advocacia-Geral da Uni\u00e3o) e Vin\u00edcius de Carvalho (Controladoria-Geral da Uni\u00e3o). No final da manh\u00e3, ele havia sinalizado a possibilidade de demitir Almeida caso as den\u00fancias fossem comprovadas e disse que conversaria com o ministro antes de tomar uma decis\u00e3o.<\/p>\n\n\n\n<div class=\"wp-block-image\"><figure class=\"aligncenter size-large is-resized\"><img loading=\"lazy\" decoding=\"async\" src=\"https:\/\/jornalfatosenoticias.com.br\/wp-content\/uploads\/2022\/02\/Precisao-Contabilidade-1024x724.jpg\" alt=\"\" class=\"wp-image-28088\" width=\"309\" height=\"218\"\/><\/figure><\/div>\n\n\n\n<p>Fontes ouvidas pelo site Metr\u00f3poles afirmam que os supostos ass\u00e9dios contra Anielle, por exemplo, inclu\u00edram toque nas pernas e beijos inapropriados ao cumpriment\u00e1-la, al\u00e9m de express\u00f5es chulas de conte\u00fado sexual. A ministra ainda n\u00e3o se pronunciou. Logo ap\u00f3s a divulga\u00e7\u00e3o das den\u00fancias, Almeida foi chamado para prestar esclarecimentos ao controlador-geral da Uni\u00e3o, Vin\u00edcius Carvalho, e ao advogado-geral da Uni\u00e3o, Jorge Messias. A CGU \u00e9 o \u00f3rg\u00e3o respons\u00e1vel por apurar casos de ass\u00e9dio no servi\u00e7o p\u00fablico federal.<\/p>\n\n\n\n<div class=\"wp-block-image\"><figure class=\"aligncenter size-large\"><a href=\"http:\/\/www.ferrarimaquinas.com.br\/\"><img loading=\"lazy\" decoding=\"async\" width=\"300\" height=\"250\" src=\"https:\/\/jornalfatosenoticias.com.br\/wp-content\/uploads\/2022\/02\/FERRARI_MAQUINAS-E-FERRAMENTAS2.jpg\" alt=\"\" class=\"wp-image-27860\"\/><\/a><\/figure><\/div>\n\n\n\n<p>O Pal\u00e1cio do Planalto classificou as den\u00fancias como graves e abriu de of\u00edcio um procedimento de apura\u00e7\u00e3o pela Comiss\u00e3o de \u00c9tica da Presid\u00eancia da Rep\u00fablica. \u201cO Governo Federal reconhece a gravidade das den\u00fancias. O caso est\u00e1 sendo tratado com o rigor e a celeridade que situa\u00e7\u00f5es que envolvem poss\u00edveis viol\u00eancias contra as mulheres exigem\u201d, disse o comunicado do governo emitido ainda \u00e0 noite.<\/p>\n\n\n\n<div class=\"wp-block-image\"><figure class=\"aligncenter size-large is-resized\"><a href=\"https:\/\/www.legisjuris.com.br\/\"><img loading=\"lazy\" decoding=\"async\" src=\"https:\/\/jornalfatosenoticias.com.br\/wp-content\/uploads\/2024\/09\/Legis-Juris-Consultoria_logo.jpg\" alt=\"\" class=\"wp-image-53915\" width=\"413\" height=\"173\" srcset=\"https:\/\/jornalfatosenoticias.com.br\/wp-content\/uploads\/2024\/09\/Legis-Juris-Consultoria_logo.jpg 969w, https:\/\/jornalfatosenoticias.com.br\/wp-content\/uploads\/2024\/09\/Legis-Juris-Consultoria_logo-300x126.jpg 300w, https:\/\/jornalfatosenoticias.com.br\/wp-content\/uploads\/2024\/09\/Legis-Juris-Consultoria_logo-768x322.jpg 768w\" sizes=\"auto, (max-width: 413px) 100vw, 413px\" \/><\/a><\/figure><\/div>\n\n\n\n<p><strong><span class=\"has-inline-color has-black-color\">Almeida classificou as den\u00fancias como &#8220;mentiras&#8221;<br><\/span><\/strong>Horas depois do surgimento das den\u00fancias, Silvio Almeida emitiu uma nota e gravou um v\u00eddeo se defendendo das acusa\u00e7\u00f5es, afirmando que s\u00e3o \u201cmentiras\u201d e \u201cila\u00e7\u00f5es absurdas\u201d sem provas, com o \u201c\u00fanico intuito de me prejudicar, apagar nossas lutas e hist\u00f3rias, e bloquear o nosso futuro\u201d. \u201cH\u00e1 um grupo querendo apagar e diminuir as nossas exist\u00eancias, imputando a mim condutas que eles praticam. Com isso, perde o Brasil, perde a pauta de direitos humanos, perde a igualdade racial e perde o povo brasileiro\u201d, afirmou.<\/p>\n\n\n\n<div class=\"wp-block-image\"><figure class=\"aligncenter size-large is-resized\"><a href=\"https:\/\/www.facebook.com\/postobkr\/?locale=pt_BR\"><img loading=\"lazy\" decoding=\"async\" src=\"https:\/\/jornalfatosenoticias.com.br\/wp-content\/uploads\/2023\/08\/BKR-1024x1021.jpg\" alt=\"\" class=\"wp-image-44494\" width=\"287\" height=\"286\" srcset=\"https:\/\/jornalfatosenoticias.com.br\/wp-content\/uploads\/2023\/08\/BKR-1024x1021.jpg 1024w, https:\/\/jornalfatosenoticias.com.br\/wp-content\/uploads\/2023\/08\/BKR-300x300.jpg 300w, https:\/\/jornalfatosenoticias.com.br\/wp-content\/uploads\/2023\/08\/BKR-150x150.jpg 150w, https:\/\/jornalfatosenoticias.com.br\/wp-content\/uploads\/2023\/08\/BKR-768x766.jpg 768w, https:\/\/jornalfatosenoticias.com.br\/wp-content\/uploads\/2023\/08\/BKR.jpg 1080w\" sizes=\"auto, (max-width: 287px) 100vw, 287px\" \/><\/a><\/figure><\/div>\n\n\n\n<p>O mesmo tom foi usado pela esposa dele, Edn\u00e9ia Carvalho, que atribuiu ao \u201cracismo\u201d as den\u00fancias feitas \u00e0 ONG Me Too. Os ataques, diz, s\u00e3o \u201cbaseados em mentiras, ressentimento e racismo\u201d contra ele e \u201csua equipe ministerial\u201d. \u201cUm homem negro uma mulher negra est\u00e3o sendo acusados de serem arrogantes e autorit\u00e1rios. \u00c9 sempre assim. A branquitude (sic) n\u00e3o aceita a negritude com poder\u201d, disparou.<\/p>\n\n\n\n<div class=\"wp-block-image\"><figure class=\"aligncenter size-large\"><a href=\"https:\/\/cesconetto.com.br\/\"><img loading=\"lazy\" decoding=\"async\" width=\"300\" height=\"250\" src=\"https:\/\/jornalfatosenoticias.com.br\/wp-content\/uploads\/2022\/02\/Banner-2.png\" alt=\"\" class=\"wp-image-27877\"\/><\/a><\/figure><\/div>\n\n\n\n<p>Na mesma noite, o Minist\u00e9rio dos Direitos Humanos tamb\u00e9m saiu em defesa de Almeida, afirmando que a den\u00fancia da ONG Me Too ocorre ap\u00f3s uma tentativa de interferir no processo licitat\u00f3rio da nova gest\u00e3o do Disque 100, que foi desmembrado do Ligue 180 ap\u00f3s a cria\u00e7\u00e3o do Minist\u00e9rio da Mulher.<\/p>\n\n\n\n<div class=\"wp-block-image\"><figure class=\"aligncenter size-large is-resized\"><a href=\"https:\/\/panper.com.br\/\"><img loading=\"lazy\" decoding=\"async\" src=\"https:\/\/jornalfatosenoticias.com.br\/wp-content\/uploads\/2023\/03\/logo-Panper_portal.jpg\" alt=\"\" class=\"wp-image-40208\" width=\"338\" height=\"234\" srcset=\"https:\/\/jornalfatosenoticias.com.br\/wp-content\/uploads\/2023\/03\/logo-Panper_portal.jpg 400w, https:\/\/jornalfatosenoticias.com.br\/wp-content\/uploads\/2023\/03\/logo-Panper_portal-300x208.jpg 300w\" sizes=\"auto, (max-width: 338px) 100vw, 338px\" \/><\/a><\/figure><\/div>\n\n\n\n<p>Na \u00e9poca, o servi\u00e7o era coordenado por duas mulheres. A primeira foi exonerada em mar\u00e7o deste ano, enquanto que a segunda pediu demiss\u00e3o no mesmo dia. A pasta aponta que uma delas teria arquitetado um plano de den\u00fancia an\u00f4nima de ass\u00e9dio contra Vin\u00edcius de Lara Ribas, ent\u00e3o coordenador-geral substituto da Ouvidoria Nacional de Direitos Humanos, que estava envolvido no monitoramento da licita\u00e7\u00e3o.<\/p>\n\n\n\n<div class=\"wp-block-image\"><figure class=\"aligncenter size-large\"><a href=\"https:\/\/www.facebook.com\/Esteio-Churrascaria-Barbecue-103643461220402\/\"><img decoding=\"async\" src=\"https:\/\/jornalfatosenoticias.com.br\/wp-content\/uploads\/2020\/02\/logo_esteio.jpg\" alt=\"\" class=\"wp-image-1214\"\/><\/a><\/figure><\/div>\n\n\n\n<p>O minist\u00e9rio ainda afirmou que identificou um poss\u00edvel superfaturamento no processo de licita\u00e7\u00e3o, o que levou a Assessoria Especial de Controle Interno a revisar o contrato e reduzir o valor anual de R$ 80 milh\u00f5es para R$ 56 milh\u00f5es. Ap\u00f3s essa altera\u00e7\u00e3o, a Me Too teria tentado novamente influenciar o processo, mas sem sucesso.<\/p>\n\n\n\n<div class=\"wp-block-image\"><figure class=\"aligncenter size-large is-resized\"><a href=\"https:\/\/www.instagram.com\/vmais.midias\/\"><img loading=\"lazy\" decoding=\"async\" src=\"https:\/\/jornalfatosenoticias.com.br\/wp-content\/uploads\/2020\/02\/DE-MAIS-DESTAQUE-VMAIS-800X700.png\" alt=\"\" class=\"wp-image-53112\" width=\"296\" height=\"258\" srcset=\"https:\/\/jornalfatosenoticias.com.br\/wp-content\/uploads\/2020\/02\/DE-MAIS-DESTAQUE-VMAIS-800X700.png 800w, https:\/\/jornalfatosenoticias.com.br\/wp-content\/uploads\/2020\/02\/DE-MAIS-DESTAQUE-VMAIS-800X700-300x263.png 300w, https:\/\/jornalfatosenoticias.com.br\/wp-content\/uploads\/2020\/02\/DE-MAIS-DESTAQUE-VMAIS-800X700-768x672.png 768w\" sizes=\"auto, (max-width: 296px) 100vw, 296px\" \/><\/a><\/figure><\/div>\n\n\n\n<p><strong><span class=\"has-inline-color has-black-color\">Veja a \u00edntegra da nota do governo sobre a demiss\u00e3o de Silvio Almeida<br><\/span><\/strong><em>&#8220;Diante das graves den\u00fancias contra o ministro Silvio Almeida e depois de convoc\u00e1-lo para uma conversa no Pal\u00e1cio do Planalto, no in\u00edcio da noite desta sexta-feira (6), o presidente Lula decidiu pela demiss\u00e3o do titular da Pasta de Direitos Humanos e Cidadania.<br>O presidente considera insustent\u00e1vel a manuten\u00e7\u00e3o do ministro no cargo considerando a natureza das acusa\u00e7\u00f5es de ass\u00e9dio sexual.<br>A Pol\u00edcia Federal abriu de of\u00edcio um protocolo inicial de investiga\u00e7\u00e3o sobre o caso. A Comiss\u00e3o de \u00c9tica P\u00fablica da Presid\u00eancia da Rep\u00fablica tamb\u00e9m abriu procedimento preliminar para esclarecer os fatos.<br>O Governo Federal reitera seu compromisso com os Direitos Humanos e reafirma que nenhuma forma de viol\u00eancia contra as mulheres ser\u00e1 tolerada&#8221;.<\/em><\/p>\n\n\n\n<div class=\"wp-block-image\"><figure class=\"aligncenter size-large\"><a href=\"https:\/\/mizu.com.br\/\"><img loading=\"lazy\" decoding=\"async\" width=\"729\" height=\"90\" src=\"https:\/\/jornalfatosenoticias.com.br\/wp-content\/uploads\/2020\/02\/Logo_Mizu.png\" alt=\"\" class=\"wp-image-1441\" srcset=\"https:\/\/jornalfatosenoticias.com.br\/wp-content\/uploads\/2020\/02\/Logo_Mizu.png 729w, https:\/\/jornalfatosenoticias.com.br\/wp-content\/uploads\/2020\/02\/Logo_Mizu-300x37.png 300w\" sizes=\"auto, (max-width: 729px) 100vw, 729px\" \/><\/a><figcaption>https:\/\/mizu.com.br\/<\/figcaption><\/figure><\/div>\n\n\n\n<p><strong><em>Fonte: <a href=\"https:\/\/www.gazetadopovo.com.br\/republica\/lula-demite-silvio-almeida-denuncias-suposto-assedio-sexual\/\">Gazeta do Povo<\/a><\/em><\/strong><\/p>\n","protected":false},"excerpt":{"rendered":"<p>Almeida foi acusado por ONG de cometer abusos sexuais incluindo contra a ministra Anielle Franco Por Guilherme Grandi e Camila Abr\u00e3o Luiz In\u00e1cio Lula da Silva (PT) demitiu, nesta sexta-feira (6), o ministro Silvio Almeida, dos Direitos Humanos, ap\u00f3s o surgimento de den\u00fancias por suposto abuso sexual cometido por ele. A decis\u00e3o de Lula ocorreu [&hellip;]<\/p>\n","protected":false},"author":2,"featured_media":53991,"comment_status":"open","ping_status":"open","sticky":false,"template":"","format":"standard","meta":{"footnotes":""},"categories":[5],"tags":[1214,22534,6444,4186,7580,1900,1147,24605],"class_list":["post-53990","post","type-post","status-publish","format-standard","has-post-thumbnail","hentry","category-geral","tag-acusacao","tag-anielle-franco","tag-assedio-sexual","tag-denuncia","tag-lula","tag-palacio-do-planalto","tag-racismo","tag-silvio-almeida-2"],"yoast_head":"<!-- This site is optimized with the Yoast SEO plugin v26.5 - https:\/\/yoast.com\/wordpress\/plugins\/seo\/ -->\n<title>Lula demite Silvio Almeida ap\u00f3s den\u00fancias de suposto ass\u00e9dio sexual - Jornal Fatos e Not\u00edcias<\/title>\n<meta name=\"robots\" content=\"index, follow, max-snippet:-1, max-image-preview:large, max-video-preview:-1\" \/>\n<link rel=\"canonical\" href=\"https:\/\/jornalfatosenoticias.com.br\/index.php\/2024\/09\/06\/lula-demite-silvio-almeida-apos-denuncias-de-suposto-assedio-sexual\/\" \/>\n<meta property=\"og:locale\" content=\"pt_BR\" \/>\n<meta property=\"og:type\" content=\"article\" \/>\n<meta property=\"og:title\" content=\"Lula demite Silvio Almeida ap\u00f3s den\u00fancias de suposto ass\u00e9dio sexual - Jornal Fatos e Not\u00edcias\" \/>\n<meta property=\"og:description\" content=\"Almeida foi acusado por ONG de cometer abusos sexuais incluindo contra a ministra Anielle Franco Por Guilherme Grandi e Camila Abr\u00e3o Luiz In\u00e1cio Lula da Silva (PT) demitiu, nesta sexta-feira (6), o ministro Silvio Almeida, dos Direitos Humanos, ap\u00f3s o surgimento de den\u00fancias por suposto abuso sexual cometido por ele. A decis\u00e3o de Lula ocorreu [&hellip;]\" \/>\n<meta property=\"og:url\" content=\"https:\/\/jornalfatosenoticias.com.br\/index.php\/2024\/09\/06\/lula-demite-silvio-almeida-apos-denuncias-de-suposto-assedio-sexual\/\" \/>\n<meta property=\"og:site_name\" content=\"Jornal Fatos e Not\u00edcias\" \/>\n<meta property=\"article:published_time\" content=\"2024-09-06T22:46:43+00:00\" \/>\n<meta property=\"article:modified_time\" content=\"2024-09-06T22:46:44+00:00\" \/>\n<meta property=\"og:image\" content=\"https:\/\/jornalfatosenoticias.com.br\/wp-content\/uploads\/2024\/09\/silvio-almeida-foto-marcelo-camargo-agencia-brasil-960x540-1.jpg\" \/>\n\t<meta property=\"og:image:width\" content=\"960\" \/>\n\t<meta property=\"og:image:height\" content=\"540\" \/>\n\t<meta property=\"og:image:type\" content=\"image\/jpeg\" \/>\n<meta name=\"author\" content=\"Luzimara Fernandes\" \/>\n<meta name=\"twitter:card\" content=\"summary_large_image\" \/>\n<meta name=\"twitter:label1\" content=\"Escrito por\" \/>\n\t<meta name=\"twitter:data1\" content=\"Luzimara Fernandes\" \/>\n\t<meta name=\"twitter:label2\" content=\"Est. tempo de leitura\" \/>\n\t<meta name=\"twitter:data2\" content=\"6 minutos\" \/>\n<script type=\"application\/ld+json\" class=\"yoast-schema-graph\">{\"@context\":\"https:\/\/schema.org\",\"@graph\":[{\"@type\":\"Article\",\"@id\":\"https:\/\/jornalfatosenoticias.com.br\/index.php\/2024\/09\/06\/lula-demite-silvio-almeida-apos-denuncias-de-suposto-assedio-sexual\/#article\",\"isPartOf\":{\"@id\":\"https:\/\/jornalfatosenoticias.com.br\/index.php\/2024\/09\/06\/lula-demite-silvio-almeida-apos-denuncias-de-suposto-assedio-sexual\/\"},\"author\":{\"name\":\"Luzimara Fernandes\",\"@id\":\"https:\/\/jornalfatosenoticias.com.br\/#\/schema\/person\/d63837fa13ac8666eb9e74e0985d6f81\"},\"headline\":\"Lula demite Silvio Almeida ap\u00f3s den\u00fancias de suposto ass\u00e9dio sexual\",\"datePublished\":\"2024-09-06T22:46:43+00:00\",\"dateModified\":\"2024-09-06T22:46:44+00:00\",\"mainEntityOfPage\":{\"@id\":\"https:\/\/jornalfatosenoticias.com.br\/index.php\/2024\/09\/06\/lula-demite-silvio-almeida-apos-denuncias-de-suposto-assedio-sexual\/\"},\"wordCount\":1139,\"commentCount\":0,\"publisher\":{\"@id\":\"https:\/\/jornalfatosenoticias.com.br\/#organization\"},\"image\":{\"@id\":\"https:\/\/jornalfatosenoticias.com.br\/index.php\/2024\/09\/06\/lula-demite-silvio-almeida-apos-denuncias-de-suposto-assedio-sexual\/#primaryimage\"},\"thumbnailUrl\":\"https:\/\/jornalfatosenoticias.com.br\/wp-content\/uploads\/2024\/09\/silvio-almeida-foto-marcelo-camargo-agencia-brasil-960x540-1.jpg\",\"keywords\":[\"acusa\u00e7\u00e3o\",\"Anielle Franco\",\"ass\u00e9dio sexual\",\"den\u00fancia\",\"Lula\",\"Pal\u00e1cio do Planalto\",\"racismo\",\"Silvio Almeida\"],\"articleSection\":[\"Geral\"],\"inLanguage\":\"pt-BR\",\"potentialAction\":[{\"@type\":\"CommentAction\",\"name\":\"Comment\",\"target\":[\"https:\/\/jornalfatosenoticias.com.br\/index.php\/2024\/09\/06\/lula-demite-silvio-almeida-apos-denuncias-de-suposto-assedio-sexual\/#respond\"]}]},{\"@type\":\"WebPage\",\"@id\":\"https:\/\/jornalfatosenoticias.com.br\/index.php\/2024\/09\/06\/lula-demite-silvio-almeida-apos-denuncias-de-suposto-assedio-sexual\/\",\"url\":\"https:\/\/jornalfatosenoticias.com.br\/index.php\/2024\/09\/06\/lula-demite-silvio-almeida-apos-denuncias-de-suposto-assedio-sexual\/\",\"name\":\"Lula demite Silvio Almeida ap\u00f3s den\u00fancias de suposto ass\u00e9dio sexual - Jornal Fatos e Not\u00edcias\",\"isPartOf\":{\"@id\":\"https:\/\/jornalfatosenoticias.com.br\/#website\"},\"primaryImageOfPage\":{\"@id\":\"https:\/\/jornalfatosenoticias.com.br\/index.php\/2024\/09\/06\/lula-demite-silvio-almeida-apos-denuncias-de-suposto-assedio-sexual\/#primaryimage\"},\"image\":{\"@id\":\"https:\/\/jornalfatosenoticias.com.br\/index.php\/2024\/09\/06\/lula-demite-silvio-almeida-apos-denuncias-de-suposto-assedio-sexual\/#primaryimage\"},\"thumbnailUrl\":\"https:\/\/jornalfatosenoticias.com.br\/wp-content\/uploads\/2024\/09\/silvio-almeida-foto-marcelo-camargo-agencia-brasil-960x540-1.jpg\",\"datePublished\":\"2024-09-06T22:46:43+00:00\",\"dateModified\":\"2024-09-06T22:46:44+00:00\",\"breadcrumb\":{\"@id\":\"https:\/\/jornalfatosenoticias.com.br\/index.php\/2024\/09\/06\/lula-demite-silvio-almeida-apos-denuncias-de-suposto-assedio-sexual\/#breadcrumb\"},\"inLanguage\":\"pt-BR\",\"potentialAction\":[{\"@type\":\"ReadAction\",\"target\":[\"https:\/\/jornalfatosenoticias.com.br\/index.php\/2024\/09\/06\/lula-demite-silvio-almeida-apos-denuncias-de-suposto-assedio-sexual\/\"]}]},{\"@type\":\"ImageObject\",\"inLanguage\":\"pt-BR\",\"@id\":\"https:\/\/jornalfatosenoticias.com.br\/index.php\/2024\/09\/06\/lula-demite-silvio-almeida-apos-denuncias-de-suposto-assedio-sexual\/#primaryimage\",\"url\":\"https:\/\/jornalfatosenoticias.com.br\/wp-content\/uploads\/2024\/09\/silvio-almeida-foto-marcelo-camargo-agencia-brasil-960x540-1.jpg\",\"contentUrl\":\"https:\/\/jornalfatosenoticias.com.br\/wp-content\/uploads\/2024\/09\/silvio-almeida-foto-marcelo-camargo-agencia-brasil-960x540-1.jpg\",\"width\":960,\"height\":540},{\"@type\":\"BreadcrumbList\",\"@id\":\"https:\/\/jornalfatosenoticias.com.br\/index.php\/2024\/09\/06\/lula-demite-silvio-almeida-apos-denuncias-de-suposto-assedio-sexual\/#breadcrumb\",\"itemListElement\":[{\"@type\":\"ListItem\",\"position\":1,\"name\":\"In\u00edcio\",\"item\":\"https:\/\/jornalfatosenoticias.com.br\/\"},{\"@type\":\"ListItem\",\"position\":2,\"name\":\"Lula demite Silvio Almeida ap\u00f3s den\u00fancias de suposto ass\u00e9dio sexual\"}]},{\"@type\":\"WebSite\",\"@id\":\"https:\/\/jornalfatosenoticias.com.br\/#website\",\"url\":\"https:\/\/jornalfatosenoticias.com.br\/\",\"name\":\"Jornal Fatos e Not\u00edcias\",\"description\":\"Not\u00edcias em geral\",\"publisher\":{\"@id\":\"https:\/\/jornalfatosenoticias.com.br\/#organization\"},\"potentialAction\":[{\"@type\":\"SearchAction\",\"target\":{\"@type\":\"EntryPoint\",\"urlTemplate\":\"https:\/\/jornalfatosenoticias.com.br\/?s={search_term_string}\"},\"query-input\":{\"@type\":\"PropertyValueSpecification\",\"valueRequired\":true,\"valueName\":\"search_term_string\"}}],\"inLanguage\":\"pt-BR\"},{\"@type\":\"Organization\",\"@id\":\"https:\/\/jornalfatosenoticias.com.br\/#organization\",\"name\":\"Jornal Fatos e Not\u00edcias\",\"url\":\"https:\/\/jornalfatosenoticias.com.br\/\",\"logo\":{\"@type\":\"ImageObject\",\"inLanguage\":\"pt-BR\",\"@id\":\"https:\/\/jornalfatosenoticias.com.br\/#\/schema\/logo\/image\/\",\"url\":\"https:\/\/jornalfatosenoticias.com.br\/wp-content\/uploads\/2020\/02\/logo120.png\",\"contentUrl\":\"https:\/\/jornalfatosenoticias.com.br\/wp-content\/uploads\/2020\/02\/logo120.png\",\"width\":1227,\"height\":120,\"caption\":\"Jornal Fatos e Not\u00edcias\"},\"image\":{\"@id\":\"https:\/\/jornalfatosenoticias.com.br\/#\/schema\/logo\/image\/\"}},{\"@type\":\"Person\",\"@id\":\"https:\/\/jornalfatosenoticias.com.br\/#\/schema\/person\/d63837fa13ac8666eb9e74e0985d6f81\",\"name\":\"Luzimara Fernandes\",\"image\":{\"@type\":\"ImageObject\",\"inLanguage\":\"pt-BR\",\"@id\":\"https:\/\/jornalfatosenoticias.com.br\/#\/schema\/person\/image\/\",\"url\":\"https:\/\/jornalfatosenoticias.com.br\/wp-content\/uploads\/2025\/05\/EU_portal.jpg\",\"contentUrl\":\"https:\/\/jornalfatosenoticias.com.br\/wp-content\/uploads\/2025\/05\/EU_portal.jpg\",\"caption\":\"Luzimara Fernandes\"},\"description\":\"Jornalista MTB 2358-ES\",\"sameAs\":[\"https:\/\/jornalfatosenoticias.com.br\"],\"url\":\"https:\/\/jornalfatosenoticias.com.br\/index.php\/author\/luzimara\/\"}]}<\/script>\n<!-- \/ Yoast SEO plugin. -->","yoast_head_json":{"title":"Lula demite Silvio Almeida ap\u00f3s den\u00fancias de suposto ass\u00e9dio sexual - Jornal Fatos e Not\u00edcias","robots":{"index":"index","follow":"follow","max-snippet":"max-snippet:-1","max-image-preview":"max-image-preview:large","max-video-preview":"max-video-preview:-1"},"canonical":"https:\/\/jornalfatosenoticias.com.br\/index.php\/2024\/09\/06\/lula-demite-silvio-almeida-apos-denuncias-de-suposto-assedio-sexual\/","og_locale":"pt_BR","og_type":"article","og_title":"Lula demite Silvio Almeida ap\u00f3s den\u00fancias de suposto ass\u00e9dio sexual - Jornal Fatos e Not\u00edcias","og_description":"Almeida foi acusado por ONG de cometer abusos sexuais incluindo contra a ministra Anielle Franco Por Guilherme Grandi e Camila Abr\u00e3o Luiz In\u00e1cio Lula da Silva (PT) demitiu, nesta sexta-feira (6), o ministro Silvio Almeida, dos Direitos Humanos, ap\u00f3s o surgimento de den\u00fancias por suposto abuso sexual cometido por ele. A decis\u00e3o de Lula ocorreu [&hellip;]","og_url":"https:\/\/jornalfatosenoticias.com.br\/index.php\/2024\/09\/06\/lula-demite-silvio-almeida-apos-denuncias-de-suposto-assedio-sexual\/","og_site_name":"Jornal Fatos e Not\u00edcias","article_published_time":"2024-09-06T22:46:43+00:00","article_modified_time":"2024-09-06T22:46:44+00:00","og_image":[{"width":960,"height":540,"url":"https:\/\/jornalfatosenoticias.com.br\/wp-content\/uploads\/2024\/09\/silvio-almeida-foto-marcelo-camargo-agencia-brasil-960x540-1.jpg","type":"image\/jpeg"}],"author":"Luzimara Fernandes","twitter_card":"summary_large_image","twitter_misc":{"Escrito por":"Luzimara Fernandes","Est. tempo de leitura":"6 minutos"},"schema":{"@context":"https:\/\/schema.org","@graph":[{"@type":"Article","@id":"https:\/\/jornalfatosenoticias.com.br\/index.php\/2024\/09\/06\/lula-demite-silvio-almeida-apos-denuncias-de-suposto-assedio-sexual\/#article","isPartOf":{"@id":"https:\/\/jornalfatosenoticias.com.br\/index.php\/2024\/09\/06\/lula-demite-silvio-almeida-apos-denuncias-de-suposto-assedio-sexual\/"},"author":{"name":"Luzimara Fernandes","@id":"https:\/\/jornalfatosenoticias.com.br\/#\/schema\/person\/d63837fa13ac8666eb9e74e0985d6f81"},"headline":"Lula demite Silvio Almeida ap\u00f3s den\u00fancias de suposto ass\u00e9dio sexual","datePublished":"2024-09-06T22:46:43+00:00","dateModified":"2024-09-06T22:46:44+00:00","mainEntityOfPage":{"@id":"https:\/\/jornalfatosenoticias.com.br\/index.php\/2024\/09\/06\/lula-demite-silvio-almeida-apos-denuncias-de-suposto-assedio-sexual\/"},"wordCount":1139,"commentCount":0,"publisher":{"@id":"https:\/\/jornalfatosenoticias.com.br\/#organization"},"image":{"@id":"https:\/\/jornalfatosenoticias.com.br\/index.php\/2024\/09\/06\/lula-demite-silvio-almeida-apos-denuncias-de-suposto-assedio-sexual\/#primaryimage"},"thumbnailUrl":"https:\/\/jornalfatosenoticias.com.br\/wp-content\/uploads\/2024\/09\/silvio-almeida-foto-marcelo-camargo-agencia-brasil-960x540-1.jpg","keywords":["acusa\u00e7\u00e3o","Anielle Franco","ass\u00e9dio sexual","den\u00fancia","Lula","Pal\u00e1cio do Planalto","racismo","Silvio Almeida"],"articleSection":["Geral"],"inLanguage":"pt-BR","potentialAction":[{"@type":"CommentAction","name":"Comment","target":["https:\/\/jornalfatosenoticias.com.br\/index.php\/2024\/09\/06\/lula-demite-silvio-almeida-apos-denuncias-de-suposto-assedio-sexual\/#respond"]}]},{"@type":"WebPage","@id":"https:\/\/jornalfatosenoticias.com.br\/index.php\/2024\/09\/06\/lula-demite-silvio-almeida-apos-denuncias-de-suposto-assedio-sexual\/","url":"https:\/\/jornalfatosenoticias.com.br\/index.php\/2024\/09\/06\/lula-demite-silvio-almeida-apos-denuncias-de-suposto-assedio-sexual\/","name":"Lula demite Silvio Almeida ap\u00f3s den\u00fancias de suposto ass\u00e9dio sexual - Jornal Fatos e Not\u00edcias","isPartOf":{"@id":"https:\/\/jornalfatosenoticias.com.br\/#website"},"primaryImageOfPage":{"@id":"https:\/\/jornalfatosenoticias.com.br\/index.php\/2024\/09\/06\/lula-demite-silvio-almeida-apos-denuncias-de-suposto-assedio-sexual\/#primaryimage"},"image":{"@id":"https:\/\/jornalfatosenoticias.com.br\/index.php\/2024\/09\/06\/lula-demite-silvio-almeida-apos-denuncias-de-suposto-assedio-sexual\/#primaryimage"},"thumbnailUrl":"https:\/\/jornalfatosenoticias.com.br\/wp-content\/uploads\/2024\/09\/silvio-almeida-foto-marcelo-camargo-agencia-brasil-960x540-1.jpg","datePublished":"2024-09-06T22:46:43+00:00","dateModified":"2024-09-06T22:46:44+00:00","breadcrumb":{"@id":"https:\/\/jornalfatosenoticias.com.br\/index.php\/2024\/09\/06\/lula-demite-silvio-almeida-apos-denuncias-de-suposto-assedio-sexual\/#breadcrumb"},"inLanguage":"pt-BR","potentialAction":[{"@type":"ReadAction","target":["https:\/\/jornalfatosenoticias.com.br\/index.php\/2024\/09\/06\/lula-demite-silvio-almeida-apos-denuncias-de-suposto-assedio-sexual\/"]}]},{"@type":"ImageObject","inLanguage":"pt-BR","@id":"https:\/\/jornalfatosenoticias.com.br\/index.php\/2024\/09\/06\/lula-demite-silvio-almeida-apos-denuncias-de-suposto-assedio-sexual\/#primaryimage","url":"https:\/\/jornalfatosenoticias.com.br\/wp-content\/uploads\/2024\/09\/silvio-almeida-foto-marcelo-camargo-agencia-brasil-960x540-1.jpg","contentUrl":"https:\/\/jornalfatosenoticias.com.br\/wp-content\/uploads\/2024\/09\/silvio-almeida-foto-marcelo-camargo-agencia-brasil-960x540-1.jpg","width":960,"height":540},{"@type":"BreadcrumbList","@id":"https:\/\/jornalfatosenoticias.com.br\/index.php\/2024\/09\/06\/lula-demite-silvio-almeida-apos-denuncias-de-suposto-assedio-sexual\/#breadcrumb","itemListElement":[{"@type":"ListItem","position":1,"name":"In\u00edcio","item":"https:\/\/jornalfatosenoticias.com.br\/"},{"@type":"ListItem","position":2,"name":"Lula demite Silvio Almeida ap\u00f3s den\u00fancias de suposto ass\u00e9dio sexual"}]},{"@type":"WebSite","@id":"https:\/\/jornalfatosenoticias.com.br\/#website","url":"https:\/\/jornalfatosenoticias.com.br\/","name":"Jornal Fatos e Not\u00edcias","description":"Not\u00edcias em geral","publisher":{"@id":"https:\/\/jornalfatosenoticias.com.br\/#organization"},"potentialAction":[{"@type":"SearchAction","target":{"@type":"EntryPoint","urlTemplate":"https:\/\/jornalfatosenoticias.com.br\/?s={search_term_string}"},"query-input":{"@type":"PropertyValueSpecification","valueRequired":true,"valueName":"search_term_string"}}],"inLanguage":"pt-BR"},{"@type":"Organization","@id":"https:\/\/jornalfatosenoticias.com.br\/#organization","name":"Jornal Fatos e Not\u00edcias","url":"https:\/\/jornalfatosenoticias.com.br\/","logo":{"@type":"ImageObject","inLanguage":"pt-BR","@id":"https:\/\/jornalfatosenoticias.com.br\/#\/schema\/logo\/image\/","url":"https:\/\/jornalfatosenoticias.com.br\/wp-content\/uploads\/2020\/02\/logo120.png","contentUrl":"https:\/\/jornalfatosenoticias.com.br\/wp-content\/uploads\/2020\/02\/logo120.png","width":1227,"height":120,"caption":"Jornal Fatos e Not\u00edcias"},"image":{"@id":"https:\/\/jornalfatosenoticias.com.br\/#\/schema\/logo\/image\/"}},{"@type":"Person","@id":"https:\/\/jornalfatosenoticias.com.br\/#\/schema\/person\/d63837fa13ac8666eb9e74e0985d6f81","name":"Luzimara Fernandes","image":{"@type":"ImageObject","inLanguage":"pt-BR","@id":"https:\/\/jornalfatosenoticias.com.br\/#\/schema\/person\/image\/","url":"https:\/\/jornalfatosenoticias.com.br\/wp-content\/uploads\/2025\/05\/EU_portal.jpg","contentUrl":"https:\/\/jornalfatosenoticias.com.br\/wp-content\/uploads\/2025\/05\/EU_portal.jpg","caption":"Luzimara Fernandes"},"description":"Jornalista MTB 2358-ES","sameAs":["https:\/\/jornalfatosenoticias.com.br"],"url":"https:\/\/jornalfatosenoticias.com.br\/index.php\/author\/luzimara\/"}]}},"cc_featured_image_caption":{"caption_text":"(Foto: Marcelo Camargo\/Ag\u00eancia Brasil) ","source_text":"","source_url":""},"jetpack_featured_media_url":"https:\/\/jornalfatosenoticias.com.br\/wp-content\/uploads\/2024\/09\/silvio-almeida-foto-marcelo-camargo-agencia-brasil-960x540-1.jpg","_links":{"self":[{"href":"https:\/\/jornalfatosenoticias.com.br\/index.php\/wp-json\/wp\/v2\/posts\/53990","targetHints":{"allow":["GET"]}}],"collection":[{"href":"https:\/\/jornalfatosenoticias.com.br\/index.php\/wp-json\/wp\/v2\/posts"}],"about":[{"href":"https:\/\/jornalfatosenoticias.com.br\/index.php\/wp-json\/wp\/v2\/types\/post"}],"author":[{"embeddable":true,"href":"https:\/\/jornalfatosenoticias.com.br\/index.php\/wp-json\/wp\/v2\/users\/2"}],"replies":[{"embeddable":true,"href":"https:\/\/jornalfatosenoticias.com.br\/index.php\/wp-json\/wp\/v2\/comments?post=53990"}],"version-history":[{"count":0,"href":"https:\/\/jornalfatosenoticias.com.br\/index.php\/wp-json\/wp\/v2\/posts\/53990\/revisions"}],"wp:featuredmedia":[{"embeddable":true,"href":"https:\/\/jornalfatosenoticias.com.br\/index.php\/wp-json\/wp\/v2\/media\/53991"}],"wp:attachment":[{"href":"https:\/\/jornalfatosenoticias.com.br\/index.php\/wp-json\/wp\/v2\/media?parent=53990"}],"wp:term":[{"taxonomy":"category","embeddable":true,"href":"https:\/\/jornalfatosenoticias.com.br\/index.php\/wp-json\/wp\/v2\/categories?post=53990"},{"taxonomy":"post_tag","embeddable":true,"href":"https:\/\/jornalfatosenoticias.com.br\/index.php\/wp-json\/wp\/v2\/tags?post=53990"}],"curies":[{"name":"wp","href":"https:\/\/api.w.org\/{rel}","templated":true}]}}