{"id":54047,"date":"2024-09-10T11:25:02","date_gmt":"2024-09-10T14:25:02","guid":{"rendered":"https:\/\/jornalfatosenoticias.com.br\/?p=54047"},"modified":"2024-09-10T11:26:41","modified_gmt":"2024-09-10T14:26:41","slug":"carros-ja-estao-conversando-com-semaforos-para-melhorarem-o-transito-nos-eua","status":"publish","type":"post","link":"https:\/\/jornalfatosenoticias.com.br\/index.php\/2024\/09\/10\/carros-ja-estao-conversando-com-semaforos-para-melhorarem-o-transito-nos-eua\/","title":{"rendered":"Carros j\u00e1 est\u00e3o conversando com sem\u00e1foros para melhorarem o tr\u00e2nsito nos EUA"},"content":{"rendered":"\n<p><em><span class=\"has-inline-color has-black-color\">Cidade dos Estados Unidos j\u00e1 usa sistema de comunica\u00e7\u00e3o entre \u00f4nibus para reduzir tempo de parada em sem\u00e1foros<\/span><\/em><\/p>\n\n\n\n<p><span class=\"has-inline-color has-black-color\">Por <strong><a href=\"https:\/\/olhardigital.com.br\/author\/lucas-soares\/\">Lucas Soares<\/a><\/strong><\/span><\/p>\n\n\n\n<div class=\"wp-block-image\"><figure class=\"aligncenter size-large is-resized\"><a href=\"https:\/\/www.facebook.com\/vetor.vix\/\"><img loading=\"lazy\" decoding=\"async\" src=\"https:\/\/jornalfatosenoticias.com.br\/wp-content\/uploads\/2023\/09\/vetorvix1024_1.jpg\" alt=\"\" class=\"wp-image-44868\" width=\"513\" height=\"136\" srcset=\"https:\/\/jornalfatosenoticias.com.br\/wp-content\/uploads\/2023\/09\/vetorvix1024_1.jpg 1024w, https:\/\/jornalfatosenoticias.com.br\/wp-content\/uploads\/2023\/09\/vetorvix1024_1-300x80.jpg 300w, https:\/\/jornalfatosenoticias.com.br\/wp-content\/uploads\/2023\/09\/vetorvix1024_1-768x205.jpg 768w\" sizes=\"auto, (max-width: 513px) 100vw, 513px\" \/><\/a><\/figure><\/div>\n\n\n\n<p>Carros inteligentes podem se comunicar para criar um tr\u00e1fego mais r\u00e1pido e seguro para todos. Voc\u00ea j\u00e1 deve ter ouvido essa frase, n\u00e9? Mas apesar de ainda <a href=\"https:\/\/olhardigital.com.br\/2024\/09\/06\/carros-e-tecnologia\/tesla-direcao-autonoma-da-empresa-pode-chegar-a-mais-paises\/\"><strong>estarmos um pouco longe<\/strong><\/a>\u00a0de carros aut\u00f4nomos sem pilotos, a parte da intelig\u00eancia pode estar muito mais perto de chegar. Um bom exemplo disso \u00e9 a cidade de Salt Lake City, no estado de Utah, nos Estados Unidos, que est\u00e1\u00a0<strong><a href=\"https:\/\/olhardigital.com.br\/2024\/09\/04\/carros-e-tecnologia\/veiculos-autonomos-que-usam-ia-podem-ser-hackeados\/\">conectando seus \u00f4nibus<\/a>.<\/strong><br>O sistema usa transmissores de r\u00e1dio dentro de \u00f4nibus de passageiros que se comunicam diretamente com os sem\u00e1foros solicitando alguns segundos extras de verde quando se aproximam. Pode parecer simples, mas o recurso envolve uma comunica\u00e7\u00e3o bastante complexa e c\u00e1lculos para que esses segundos a mais n\u00e3o causem problemas.<\/p>\n\n\n\n<div class=\"wp-block-image\"><figure class=\"aligncenter size-large is-resized\"><a href=\"https:\/\/www.instagram.com\/serra4x4cambioautomatico\/\"><img loading=\"lazy\" decoding=\"async\" src=\"https:\/\/jornalfatosenoticias.com.br\/wp-content\/uploads\/2024\/08\/Serra-4x4-1-886x1024.jpg\" alt=\"\" class=\"wp-image-53632\" width=\"319\" height=\"368\" srcset=\"https:\/\/jornalfatosenoticias.com.br\/wp-content\/uploads\/2024\/08\/Serra-4x4-1-886x1024.jpg 886w, https:\/\/jornalfatosenoticias.com.br\/wp-content\/uploads\/2024\/08\/Serra-4x4-1-260x300.jpg 260w, https:\/\/jornalfatosenoticias.com.br\/wp-content\/uploads\/2024\/08\/Serra-4x4-1-768x888.jpg 768w, https:\/\/jornalfatosenoticias.com.br\/wp-content\/uploads\/2024\/08\/Serra-4x4-1.jpg 1181w\" sizes=\"auto, (max-width: 319px) 100vw, 319px\" \/><\/a><\/figure><\/div>\n\n\n\n<p>Mas isso \u00e9 s\u00f3 o come\u00e7o, o plano inteiro, que j\u00e1 conta com US$ 20 milh\u00f5es de or\u00e7amento, \u00e9 conectar todos os ve\u00edculos em Utah, bem como nos estados vizinhos Colorado e Wyoming. Com isso, os pesquisadores esperam reduzir congestionamentos na regi\u00e3o, al\u00e9m de aumentar a seguran\u00e7a no tr\u00e2nsito.<\/p>\n\n\n\n<div class=\"wp-block-image\"><figure class=\"aligncenter size-large is-resized\"><a href=\"https:\/\/www.facebook.com\/postobkr\/?locale=pt_BR\"><img loading=\"lazy\" decoding=\"async\" src=\"https:\/\/jornalfatosenoticias.com.br\/wp-content\/uploads\/2023\/08\/BKR-1024x1021.jpg\" alt=\"\" class=\"wp-image-44494\" width=\"293\" height=\"292\" srcset=\"https:\/\/jornalfatosenoticias.com.br\/wp-content\/uploads\/2023\/08\/BKR-1024x1021.jpg 1024w, https:\/\/jornalfatosenoticias.com.br\/wp-content\/uploads\/2023\/08\/BKR-300x300.jpg 300w, https:\/\/jornalfatosenoticias.com.br\/wp-content\/uploads\/2023\/08\/BKR-150x150.jpg 150w, https:\/\/jornalfatosenoticias.com.br\/wp-content\/uploads\/2023\/08\/BKR-768x766.jpg 768w, https:\/\/jornalfatosenoticias.com.br\/wp-content\/uploads\/2023\/08\/BKR.jpg 1080w\" sizes=\"auto, (max-width: 293px) 100vw, 293px\" \/><\/a><\/figure><\/div>\n\n\n\n<blockquote class=\"wp-block-quote is-layout-flow wp-block-quote-is-layout-flow\"><p><span class=\"has-inline-color has-luminous-vivid-orange-color\">Um ve\u00edculo pode nos dizer muito sobre o que est\u00e1 acontecendo na estrada\u201d, disse Blaine Leonard, engenheiro de tecnologia de transporte do Departamento de Transporte de Utah ao <strong><a href=\"https:\/\/techxplore.com\/news\/2024-09-cars-fatal-roads.html\">Techxplore.<\/a><\/strong> \u201cTalvez ele tenha freado muito forte, ou os limpadores de para-brisa estejam ligados, ou as rodas estejam escorregando. O carro nos transmite anonimamente esse sinal de dados 10 vezes por segundo, nos dando um fluxo constante de informa\u00e7\u00f5es\u201d.<\/span><\/p><\/blockquote>\n\n\n\n<div class=\"wp-block-image\"><figure class=\"aligncenter size-large\"><a href=\"https:\/\/cesconetto.com.br\/\"><img loading=\"lazy\" decoding=\"async\" width=\"300\" height=\"250\" src=\"https:\/\/jornalfatosenoticias.com.br\/wp-content\/uploads\/2020\/02\/Banner-2.png\" alt=\"\" class=\"wp-image-43787\"\/><\/a><\/figure><\/div>\n\n\n\n<p>O conceito \u00e9 que os carros possam transmitir dados para outros carros e tamb\u00e9m para sensores na estrada e ficou conhecido como V2X. Existe, inclusive, um plano do governo dos EUA para conectar os sistemas que est\u00e3o sendo desenvolvidos por empresas diferentes. Uma previs\u00e3o de 2016 indica que a tecnologia evitaria de 439.000 a 615.000 acidentes e salvaria de 987 a 1.366 vidas.<\/p>\n\n\n\n<div class=\"wp-block-image\"><figure class=\"aligncenter size-large is-resized\"><a href=\"https:\/\/hotelmarquetti.com.br\/\"><img loading=\"lazy\" decoding=\"async\" src=\"https:\/\/jornalfatosenoticias.com.br\/wp-content\/uploads\/2023\/03\/nova-logo-Marquetti.jpg\" alt=\"\" class=\"wp-image-40207\" width=\"300\" height=\"201\" srcset=\"https:\/\/jornalfatosenoticias.com.br\/wp-content\/uploads\/2023\/03\/nova-logo-Marquetti.jpg 643w, https:\/\/jornalfatosenoticias.com.br\/wp-content\/uploads\/2023\/03\/nova-logo-Marquetti-300x202.jpg 300w\" sizes=\"auto, (max-width: 300px) 100vw, 300px\" \/><\/a><\/figure><\/div>\n\n\n\n<p><strong><span class=\"has-inline-color has-vivid-cyan-blue-color\">Pol\u00eamicas do projeto de conectar carros<br><\/span><\/strong>O projeto, entretanto, n\u00e3o est\u00e1 livre de pol\u00eamicas. A principal dela \u00e9 por conta da privacidade dos dados. Mesmo que os projetos garantam que n\u00e3o haver\u00e1 coleta de dados pessoas nas transmiss\u00f5es, quem \u00e9 contr\u00e1rio a ideia diz n\u00e3o confiar na seguran\u00e7a dessas informa\u00e7\u00f5es.<\/p>\n\n\n\n<div class=\"wp-block-image\"><figure class=\"aligncenter size-large\"><a href=\"https:\/\/www.facebook.com\/Esteio-Churrascaria-Barbecue-103643461220402\/\"><img decoding=\"async\" src=\"https:\/\/jornalfatosenoticias.com.br\/wp-content\/uploads\/2020\/02\/logo_esteio.jpg\" alt=\"\" class=\"wp-image-1214\"\/><\/a><\/figure><\/div>\n\n\n\n<blockquote class=\"wp-block-quote is-layout-flow wp-block-quote-is-layout-flow\"><p><span class=\"has-inline-color has-luminous-vivid-orange-color\">Depois de obter informa\u00e7\u00f5es exclusivas suficientes, voc\u00ea pode dizer razoavelmente que o carro que passa por esta rua neste momento e que tem esta classe de peso espec\u00edfica provavelmente pertence ao prefeito\u201d, disse Cliff Braun, diretor associado de tecnologia, pol\u00edtica e pesquisa da Electronic Frontier Foundation, que defende a privacidade digital.<\/span><\/p><\/blockquote>\n\n\n\n<div class=\"wp-block-image\"><figure class=\"aligncenter size-large is-resized\"><a href=\"https:\/\/www.controlsystems.com.br\/\"><img loading=\"lazy\" decoding=\"async\" src=\"https:\/\/jornalfatosenoticias.com.br\/wp-content\/uploads\/2020\/02\/CONTROL-CS.jpg\" alt=\"\" class=\"wp-image-44991\" width=\"283\" height=\"339\" srcset=\"https:\/\/jornalfatosenoticias.com.br\/wp-content\/uploads\/2020\/02\/CONTROL-CS.jpg 834w, https:\/\/jornalfatosenoticias.com.br\/wp-content\/uploads\/2020\/02\/CONTROL-CS-250x300.jpg 250w, https:\/\/jornalfatosenoticias.com.br\/wp-content\/uploads\/2020\/02\/CONTROL-CS-768x921.jpg 768w\" sizes=\"auto, (max-width: 283px) 100vw, 283px\" \/><\/a><\/figure><\/div>\n\n\n\n<p><strong><span class=\"has-inline-color has-vivid-cyan-blue-color\">Sistema ainda em testes<br><\/span><\/strong>De qualquer forma, o sistema ainda est\u00e1 em teste e, pelo menos por enquanto, parece estar funcionando. \u201cO que quer que eles estejam fazendo est\u00e1 funcionando\u201d, disse Jenny Duenas, diretora assistente da Panda Child Care, onde 80 crian\u00e7as entre seis semanas e 12 anos est\u00e3o matriculadas. \u201cN\u00e3o vemos tr\u00e2nsito h\u00e1 algum tempo. Temos que transportar nossos filhos para fora daqui, ent\u00e3o, quando estiver muito mais livre, ser\u00e1 muito mais f\u00e1cil sair da creche\u201d.<br>O desafio agora \u00e9 transportar o que foi feito apenas com \u00f4nibus, que possuem um trajeto definido, para carros que est\u00e3o circulando pela cidade.<\/p>\n\n\n\n<div class=\"wp-block-image\"><figure class=\"aligncenter size-large\"><a href=\"http:\/\/www.ferrarimaquinas.com.br\/\"><img loading=\"lazy\" decoding=\"async\" width=\"300\" height=\"250\" src=\"https:\/\/jornalfatosenoticias.com.br\/wp-content\/uploads\/2022\/02\/FERRARI_MAQUINAS-E-FERRAMENTAS2.jpg\" alt=\"\" class=\"wp-image-27860\"\/><\/a><\/figure><\/div>\n\n\n\n<p><strong><em>Fonte: <a href=\"https:\/\/olhardigital.com.br\/2024\/09\/08\/carros-e-tecnologia\/carros-ja-estao-conversando-com-semaforos-para-melhorarem-o-transito-nessa-cidade\/\">Olhar Digital<\/a><\/em><\/strong><\/p>\n","protected":false},"excerpt":{"rendered":"<p>Cidade dos Estados Unidos j\u00e1 usa sistema de comunica\u00e7\u00e3o entre \u00f4nibus para reduzir tempo de parada em sem\u00e1foros Por Lucas Soares Carros inteligentes podem se comunicar para criar um tr\u00e1fego mais r\u00e1pido e seguro para todos. Voc\u00ea j\u00e1 deve ter ouvido essa frase, n\u00e9? Mas apesar de ainda estarmos um pouco longe\u00a0de carros aut\u00f4nomos sem [&hellip;]<\/p>\n","protected":false},"author":2,"featured_media":54048,"comment_status":"open","ping_status":"open","sticky":false,"template":"","format":"standard","meta":{"footnotes":""},"categories":[9923],"tags":[4515,24627,1751,12307,956],"class_list":["post-54047","post","type-post","status-publish","format-standard","has-post-thumbnail","hentry","category-mobilidade","tag-carros","tag-carros-inteligentes","tag-estados-unidos","tag-onibus","tag-transito"],"yoast_head":"<!-- This site is optimized with the Yoast SEO plugin v26.5 - https:\/\/yoast.com\/wordpress\/plugins\/seo\/ -->\n<title>Carros j\u00e1 est\u00e3o conversando com sem\u00e1foros para melhorarem o tr\u00e2nsito nos EUA - Jornal Fatos e Not\u00edcias<\/title>\n<meta name=\"robots\" content=\"index, follow, max-snippet:-1, max-image-preview:large, max-video-preview:-1\" \/>\n<link rel=\"canonical\" href=\"https:\/\/jornalfatosenoticias.com.br\/index.php\/2024\/09\/10\/carros-ja-estao-conversando-com-semaforos-para-melhorarem-o-transito-nos-eua\/\" \/>\n<meta property=\"og:locale\" content=\"pt_BR\" \/>\n<meta property=\"og:type\" content=\"article\" \/>\n<meta property=\"og:title\" content=\"Carros j\u00e1 est\u00e3o conversando com sem\u00e1foros para melhorarem o tr\u00e2nsito nos EUA - Jornal Fatos e Not\u00edcias\" \/>\n<meta property=\"og:description\" content=\"Cidade dos Estados Unidos j\u00e1 usa sistema de comunica\u00e7\u00e3o entre \u00f4nibus para reduzir tempo de parada em sem\u00e1foros Por Lucas Soares Carros inteligentes podem se comunicar para criar um tr\u00e1fego mais r\u00e1pido e seguro para todos. Voc\u00ea j\u00e1 deve ter ouvido essa frase, n\u00e9? Mas apesar de ainda estarmos um pouco longe\u00a0de carros aut\u00f4nomos sem [&hellip;]\" \/>\n<meta property=\"og:url\" content=\"https:\/\/jornalfatosenoticias.com.br\/index.php\/2024\/09\/10\/carros-ja-estao-conversando-com-semaforos-para-melhorarem-o-transito-nos-eua\/\" \/>\n<meta property=\"og:site_name\" content=\"Jornal Fatos e Not\u00edcias\" \/>\n<meta property=\"article:published_time\" content=\"2024-09-10T14:25:02+00:00\" \/>\n<meta property=\"article:modified_time\" content=\"2024-09-10T14:26:41+00:00\" \/>\n<meta property=\"og:image\" content=\"https:\/\/jornalfatosenoticias.com.br\/wp-content\/uploads\/2024\/09\/carros-conectados_istock.jpg\" \/>\n\t<meta property=\"og:image:width\" content=\"612\" \/>\n\t<meta property=\"og:image:height\" content=\"323\" \/>\n\t<meta property=\"og:image:type\" content=\"image\/jpeg\" \/>\n<meta name=\"author\" content=\"Luzimara Fernandes\" \/>\n<meta name=\"twitter:card\" content=\"summary_large_image\" \/>\n<meta name=\"twitter:label1\" content=\"Escrito por\" \/>\n\t<meta name=\"twitter:data1\" content=\"Luzimara Fernandes\" \/>\n\t<meta name=\"twitter:label2\" content=\"Est. tempo de leitura\" \/>\n\t<meta name=\"twitter:data2\" content=\"3 minutos\" \/>\n<script type=\"application\/ld+json\" class=\"yoast-schema-graph\">{\"@context\":\"https:\/\/schema.org\",\"@graph\":[{\"@type\":\"Article\",\"@id\":\"https:\/\/jornalfatosenoticias.com.br\/index.php\/2024\/09\/10\/carros-ja-estao-conversando-com-semaforos-para-melhorarem-o-transito-nos-eua\/#article\",\"isPartOf\":{\"@id\":\"https:\/\/jornalfatosenoticias.com.br\/index.php\/2024\/09\/10\/carros-ja-estao-conversando-com-semaforos-para-melhorarem-o-transito-nos-eua\/\"},\"author\":{\"name\":\"Luzimara Fernandes\",\"@id\":\"https:\/\/jornalfatosenoticias.com.br\/#\/schema\/person\/d63837fa13ac8666eb9e74e0985d6f81\"},\"headline\":\"Carros j\u00e1 est\u00e3o conversando com sem\u00e1foros para melhorarem o tr\u00e2nsito nos EUA\",\"datePublished\":\"2024-09-10T14:25:02+00:00\",\"dateModified\":\"2024-09-10T14:26:41+00:00\",\"mainEntityOfPage\":{\"@id\":\"https:\/\/jornalfatosenoticias.com.br\/index.php\/2024\/09\/10\/carros-ja-estao-conversando-com-semaforos-para-melhorarem-o-transito-nos-eua\/\"},\"wordCount\":567,\"commentCount\":0,\"publisher\":{\"@id\":\"https:\/\/jornalfatosenoticias.com.br\/#organization\"},\"image\":{\"@id\":\"https:\/\/jornalfatosenoticias.com.br\/index.php\/2024\/09\/10\/carros-ja-estao-conversando-com-semaforos-para-melhorarem-o-transito-nos-eua\/#primaryimage\"},\"thumbnailUrl\":\"https:\/\/jornalfatosenoticias.com.br\/wp-content\/uploads\/2024\/09\/carros-conectados_istock.jpg\",\"keywords\":[\"carros\",\"carros inteligentes\",\"Estados Unidos\",\"\u00f4nibus\",\"tr\u00e2nsito\"],\"articleSection\":[\"Mobilidade\"],\"inLanguage\":\"pt-BR\",\"potentialAction\":[{\"@type\":\"CommentAction\",\"name\":\"Comment\",\"target\":[\"https:\/\/jornalfatosenoticias.com.br\/index.php\/2024\/09\/10\/carros-ja-estao-conversando-com-semaforos-para-melhorarem-o-transito-nos-eua\/#respond\"]}]},{\"@type\":\"WebPage\",\"@id\":\"https:\/\/jornalfatosenoticias.com.br\/index.php\/2024\/09\/10\/carros-ja-estao-conversando-com-semaforos-para-melhorarem-o-transito-nos-eua\/\",\"url\":\"https:\/\/jornalfatosenoticias.com.br\/index.php\/2024\/09\/10\/carros-ja-estao-conversando-com-semaforos-para-melhorarem-o-transito-nos-eua\/\",\"name\":\"Carros j\u00e1 est\u00e3o conversando com sem\u00e1foros para melhorarem o tr\u00e2nsito nos EUA - Jornal Fatos e Not\u00edcias\",\"isPartOf\":{\"@id\":\"https:\/\/jornalfatosenoticias.com.br\/#website\"},\"primaryImageOfPage\":{\"@id\":\"https:\/\/jornalfatosenoticias.com.br\/index.php\/2024\/09\/10\/carros-ja-estao-conversando-com-semaforos-para-melhorarem-o-transito-nos-eua\/#primaryimage\"},\"image\":{\"@id\":\"https:\/\/jornalfatosenoticias.com.br\/index.php\/2024\/09\/10\/carros-ja-estao-conversando-com-semaforos-para-melhorarem-o-transito-nos-eua\/#primaryimage\"},\"thumbnailUrl\":\"https:\/\/jornalfatosenoticias.com.br\/wp-content\/uploads\/2024\/09\/carros-conectados_istock.jpg\",\"datePublished\":\"2024-09-10T14:25:02+00:00\",\"dateModified\":\"2024-09-10T14:26:41+00:00\",\"breadcrumb\":{\"@id\":\"https:\/\/jornalfatosenoticias.com.br\/index.php\/2024\/09\/10\/carros-ja-estao-conversando-com-semaforos-para-melhorarem-o-transito-nos-eua\/#breadcrumb\"},\"inLanguage\":\"pt-BR\",\"potentialAction\":[{\"@type\":\"ReadAction\",\"target\":[\"https:\/\/jornalfatosenoticias.com.br\/index.php\/2024\/09\/10\/carros-ja-estao-conversando-com-semaforos-para-melhorarem-o-transito-nos-eua\/\"]}]},{\"@type\":\"ImageObject\",\"inLanguage\":\"pt-BR\",\"@id\":\"https:\/\/jornalfatosenoticias.com.br\/index.php\/2024\/09\/10\/carros-ja-estao-conversando-com-semaforos-para-melhorarem-o-transito-nos-eua\/#primaryimage\",\"url\":\"https:\/\/jornalfatosenoticias.com.br\/wp-content\/uploads\/2024\/09\/carros-conectados_istock.jpg\",\"contentUrl\":\"https:\/\/jornalfatosenoticias.com.br\/wp-content\/uploads\/2024\/09\/carros-conectados_istock.jpg\",\"width\":612,\"height\":323,\"caption\":\"Technology of transportation concept. Traffic control systems. Internet of Things. Mobility as a service.\"},{\"@type\":\"BreadcrumbList\",\"@id\":\"https:\/\/jornalfatosenoticias.com.br\/index.php\/2024\/09\/10\/carros-ja-estao-conversando-com-semaforos-para-melhorarem-o-transito-nos-eua\/#breadcrumb\",\"itemListElement\":[{\"@type\":\"ListItem\",\"position\":1,\"name\":\"In\u00edcio\",\"item\":\"https:\/\/jornalfatosenoticias.com.br\/\"},{\"@type\":\"ListItem\",\"position\":2,\"name\":\"Carros j\u00e1 est\u00e3o conversando com sem\u00e1foros para melhorarem o tr\u00e2nsito nos EUA\"}]},{\"@type\":\"WebSite\",\"@id\":\"https:\/\/jornalfatosenoticias.com.br\/#website\",\"url\":\"https:\/\/jornalfatosenoticias.com.br\/\",\"name\":\"Jornal Fatos e Not\u00edcias\",\"description\":\"Not\u00edcias em geral\",\"publisher\":{\"@id\":\"https:\/\/jornalfatosenoticias.com.br\/#organization\"},\"potentialAction\":[{\"@type\":\"SearchAction\",\"target\":{\"@type\":\"EntryPoint\",\"urlTemplate\":\"https:\/\/jornalfatosenoticias.com.br\/?s={search_term_string}\"},\"query-input\":{\"@type\":\"PropertyValueSpecification\",\"valueRequired\":true,\"valueName\":\"search_term_string\"}}],\"inLanguage\":\"pt-BR\"},{\"@type\":\"Organization\",\"@id\":\"https:\/\/jornalfatosenoticias.com.br\/#organization\",\"name\":\"Jornal Fatos e Not\u00edcias\",\"url\":\"https:\/\/jornalfatosenoticias.com.br\/\",\"logo\":{\"@type\":\"ImageObject\",\"inLanguage\":\"pt-BR\",\"@id\":\"https:\/\/jornalfatosenoticias.com.br\/#\/schema\/logo\/image\/\",\"url\":\"https:\/\/jornalfatosenoticias.com.br\/wp-content\/uploads\/2020\/02\/logo120.png\",\"contentUrl\":\"https:\/\/jornalfatosenoticias.com.br\/wp-content\/uploads\/2020\/02\/logo120.png\",\"width\":1227,\"height\":120,\"caption\":\"Jornal Fatos e Not\u00edcias\"},\"image\":{\"@id\":\"https:\/\/jornalfatosenoticias.com.br\/#\/schema\/logo\/image\/\"}},{\"@type\":\"Person\",\"@id\":\"https:\/\/jornalfatosenoticias.com.br\/#\/schema\/person\/d63837fa13ac8666eb9e74e0985d6f81\",\"name\":\"Luzimara Fernandes\",\"image\":{\"@type\":\"ImageObject\",\"inLanguage\":\"pt-BR\",\"@id\":\"https:\/\/jornalfatosenoticias.com.br\/#\/schema\/person\/image\/\",\"url\":\"https:\/\/jornalfatosenoticias.com.br\/wp-content\/uploads\/2025\/05\/EU_portal.jpg\",\"contentUrl\":\"https:\/\/jornalfatosenoticias.com.br\/wp-content\/uploads\/2025\/05\/EU_portal.jpg\",\"caption\":\"Luzimara Fernandes\"},\"description\":\"Jornalista MTB 2358-ES\",\"sameAs\":[\"https:\/\/jornalfatosenoticias.com.br\"],\"url\":\"https:\/\/jornalfatosenoticias.com.br\/index.php\/author\/luzimara\/\"}]}<\/script>\n<!-- \/ Yoast SEO plugin. -->","yoast_head_json":{"title":"Carros j\u00e1 est\u00e3o conversando com sem\u00e1foros para melhorarem o tr\u00e2nsito nos EUA - Jornal Fatos e Not\u00edcias","robots":{"index":"index","follow":"follow","max-snippet":"max-snippet:-1","max-image-preview":"max-image-preview:large","max-video-preview":"max-video-preview:-1"},"canonical":"https:\/\/jornalfatosenoticias.com.br\/index.php\/2024\/09\/10\/carros-ja-estao-conversando-com-semaforos-para-melhorarem-o-transito-nos-eua\/","og_locale":"pt_BR","og_type":"article","og_title":"Carros j\u00e1 est\u00e3o conversando com sem\u00e1foros para melhorarem o tr\u00e2nsito nos EUA - Jornal Fatos e Not\u00edcias","og_description":"Cidade dos Estados Unidos j\u00e1 usa sistema de comunica\u00e7\u00e3o entre \u00f4nibus para reduzir tempo de parada em sem\u00e1foros Por Lucas Soares Carros inteligentes podem se comunicar para criar um tr\u00e1fego mais r\u00e1pido e seguro para todos. Voc\u00ea j\u00e1 deve ter ouvido essa frase, n\u00e9? Mas apesar de ainda estarmos um pouco longe\u00a0de carros aut\u00f4nomos sem [&hellip;]","og_url":"https:\/\/jornalfatosenoticias.com.br\/index.php\/2024\/09\/10\/carros-ja-estao-conversando-com-semaforos-para-melhorarem-o-transito-nos-eua\/","og_site_name":"Jornal Fatos e Not\u00edcias","article_published_time":"2024-09-10T14:25:02+00:00","article_modified_time":"2024-09-10T14:26:41+00:00","og_image":[{"width":612,"height":323,"url":"https:\/\/jornalfatosenoticias.com.br\/wp-content\/uploads\/2024\/09\/carros-conectados_istock.jpg","type":"image\/jpeg"}],"author":"Luzimara Fernandes","twitter_card":"summary_large_image","twitter_misc":{"Escrito por":"Luzimara Fernandes","Est. tempo de leitura":"3 minutos"},"schema":{"@context":"https:\/\/schema.org","@graph":[{"@type":"Article","@id":"https:\/\/jornalfatosenoticias.com.br\/index.php\/2024\/09\/10\/carros-ja-estao-conversando-com-semaforos-para-melhorarem-o-transito-nos-eua\/#article","isPartOf":{"@id":"https:\/\/jornalfatosenoticias.com.br\/index.php\/2024\/09\/10\/carros-ja-estao-conversando-com-semaforos-para-melhorarem-o-transito-nos-eua\/"},"author":{"name":"Luzimara Fernandes","@id":"https:\/\/jornalfatosenoticias.com.br\/#\/schema\/person\/d63837fa13ac8666eb9e74e0985d6f81"},"headline":"Carros j\u00e1 est\u00e3o conversando com sem\u00e1foros para melhorarem o tr\u00e2nsito nos EUA","datePublished":"2024-09-10T14:25:02+00:00","dateModified":"2024-09-10T14:26:41+00:00","mainEntityOfPage":{"@id":"https:\/\/jornalfatosenoticias.com.br\/index.php\/2024\/09\/10\/carros-ja-estao-conversando-com-semaforos-para-melhorarem-o-transito-nos-eua\/"},"wordCount":567,"commentCount":0,"publisher":{"@id":"https:\/\/jornalfatosenoticias.com.br\/#organization"},"image":{"@id":"https:\/\/jornalfatosenoticias.com.br\/index.php\/2024\/09\/10\/carros-ja-estao-conversando-com-semaforos-para-melhorarem-o-transito-nos-eua\/#primaryimage"},"thumbnailUrl":"https:\/\/jornalfatosenoticias.com.br\/wp-content\/uploads\/2024\/09\/carros-conectados_istock.jpg","keywords":["carros","carros inteligentes","Estados Unidos","\u00f4nibus","tr\u00e2nsito"],"articleSection":["Mobilidade"],"inLanguage":"pt-BR","potentialAction":[{"@type":"CommentAction","name":"Comment","target":["https:\/\/jornalfatosenoticias.com.br\/index.php\/2024\/09\/10\/carros-ja-estao-conversando-com-semaforos-para-melhorarem-o-transito-nos-eua\/#respond"]}]},{"@type":"WebPage","@id":"https:\/\/jornalfatosenoticias.com.br\/index.php\/2024\/09\/10\/carros-ja-estao-conversando-com-semaforos-para-melhorarem-o-transito-nos-eua\/","url":"https:\/\/jornalfatosenoticias.com.br\/index.php\/2024\/09\/10\/carros-ja-estao-conversando-com-semaforos-para-melhorarem-o-transito-nos-eua\/","name":"Carros j\u00e1 est\u00e3o conversando com sem\u00e1foros para melhorarem o tr\u00e2nsito nos EUA - Jornal Fatos e Not\u00edcias","isPartOf":{"@id":"https:\/\/jornalfatosenoticias.com.br\/#website"},"primaryImageOfPage":{"@id":"https:\/\/jornalfatosenoticias.com.br\/index.php\/2024\/09\/10\/carros-ja-estao-conversando-com-semaforos-para-melhorarem-o-transito-nos-eua\/#primaryimage"},"image":{"@id":"https:\/\/jornalfatosenoticias.com.br\/index.php\/2024\/09\/10\/carros-ja-estao-conversando-com-semaforos-para-melhorarem-o-transito-nos-eua\/#primaryimage"},"thumbnailUrl":"https:\/\/jornalfatosenoticias.com.br\/wp-content\/uploads\/2024\/09\/carros-conectados_istock.jpg","datePublished":"2024-09-10T14:25:02+00:00","dateModified":"2024-09-10T14:26:41+00:00","breadcrumb":{"@id":"https:\/\/jornalfatosenoticias.com.br\/index.php\/2024\/09\/10\/carros-ja-estao-conversando-com-semaforos-para-melhorarem-o-transito-nos-eua\/#breadcrumb"},"inLanguage":"pt-BR","potentialAction":[{"@type":"ReadAction","target":["https:\/\/jornalfatosenoticias.com.br\/index.php\/2024\/09\/10\/carros-ja-estao-conversando-com-semaforos-para-melhorarem-o-transito-nos-eua\/"]}]},{"@type":"ImageObject","inLanguage":"pt-BR","@id":"https:\/\/jornalfatosenoticias.com.br\/index.php\/2024\/09\/10\/carros-ja-estao-conversando-com-semaforos-para-melhorarem-o-transito-nos-eua\/#primaryimage","url":"https:\/\/jornalfatosenoticias.com.br\/wp-content\/uploads\/2024\/09\/carros-conectados_istock.jpg","contentUrl":"https:\/\/jornalfatosenoticias.com.br\/wp-content\/uploads\/2024\/09\/carros-conectados_istock.jpg","width":612,"height":323,"caption":"Technology of transportation concept. Traffic control systems. Internet of Things. Mobility as a service."},{"@type":"BreadcrumbList","@id":"https:\/\/jornalfatosenoticias.com.br\/index.php\/2024\/09\/10\/carros-ja-estao-conversando-com-semaforos-para-melhorarem-o-transito-nos-eua\/#breadcrumb","itemListElement":[{"@type":"ListItem","position":1,"name":"In\u00edcio","item":"https:\/\/jornalfatosenoticias.com.br\/"},{"@type":"ListItem","position":2,"name":"Carros j\u00e1 est\u00e3o conversando com sem\u00e1foros para melhorarem o tr\u00e2nsito nos EUA"}]},{"@type":"WebSite","@id":"https:\/\/jornalfatosenoticias.com.br\/#website","url":"https:\/\/jornalfatosenoticias.com.br\/","name":"Jornal Fatos e Not\u00edcias","description":"Not\u00edcias em geral","publisher":{"@id":"https:\/\/jornalfatosenoticias.com.br\/#organization"},"potentialAction":[{"@type":"SearchAction","target":{"@type":"EntryPoint","urlTemplate":"https:\/\/jornalfatosenoticias.com.br\/?s={search_term_string}"},"query-input":{"@type":"PropertyValueSpecification","valueRequired":true,"valueName":"search_term_string"}}],"inLanguage":"pt-BR"},{"@type":"Organization","@id":"https:\/\/jornalfatosenoticias.com.br\/#organization","name":"Jornal Fatos e Not\u00edcias","url":"https:\/\/jornalfatosenoticias.com.br\/","logo":{"@type":"ImageObject","inLanguage":"pt-BR","@id":"https:\/\/jornalfatosenoticias.com.br\/#\/schema\/logo\/image\/","url":"https:\/\/jornalfatosenoticias.com.br\/wp-content\/uploads\/2020\/02\/logo120.png","contentUrl":"https:\/\/jornalfatosenoticias.com.br\/wp-content\/uploads\/2020\/02\/logo120.png","width":1227,"height":120,"caption":"Jornal Fatos e Not\u00edcias"},"image":{"@id":"https:\/\/jornalfatosenoticias.com.br\/#\/schema\/logo\/image\/"}},{"@type":"Person","@id":"https:\/\/jornalfatosenoticias.com.br\/#\/schema\/person\/d63837fa13ac8666eb9e74e0985d6f81","name":"Luzimara Fernandes","image":{"@type":"ImageObject","inLanguage":"pt-BR","@id":"https:\/\/jornalfatosenoticias.com.br\/#\/schema\/person\/image\/","url":"https:\/\/jornalfatosenoticias.com.br\/wp-content\/uploads\/2025\/05\/EU_portal.jpg","contentUrl":"https:\/\/jornalfatosenoticias.com.br\/wp-content\/uploads\/2025\/05\/EU_portal.jpg","caption":"Luzimara Fernandes"},"description":"Jornalista MTB 2358-ES","sameAs":["https:\/\/jornalfatosenoticias.com.br"],"url":"https:\/\/jornalfatosenoticias.com.br\/index.php\/author\/luzimara\/"}]}},"cc_featured_image_caption":{"caption_text":"(Foto: iStock) ","source_text":"","source_url":""},"jetpack_featured_media_url":"https:\/\/jornalfatosenoticias.com.br\/wp-content\/uploads\/2024\/09\/carros-conectados_istock.jpg","_links":{"self":[{"href":"https:\/\/jornalfatosenoticias.com.br\/index.php\/wp-json\/wp\/v2\/posts\/54047","targetHints":{"allow":["GET"]}}],"collection":[{"href":"https:\/\/jornalfatosenoticias.com.br\/index.php\/wp-json\/wp\/v2\/posts"}],"about":[{"href":"https:\/\/jornalfatosenoticias.com.br\/index.php\/wp-json\/wp\/v2\/types\/post"}],"author":[{"embeddable":true,"href":"https:\/\/jornalfatosenoticias.com.br\/index.php\/wp-json\/wp\/v2\/users\/2"}],"replies":[{"embeddable":true,"href":"https:\/\/jornalfatosenoticias.com.br\/index.php\/wp-json\/wp\/v2\/comments?post=54047"}],"version-history":[{"count":0,"href":"https:\/\/jornalfatosenoticias.com.br\/index.php\/wp-json\/wp\/v2\/posts\/54047\/revisions"}],"wp:featuredmedia":[{"embeddable":true,"href":"https:\/\/jornalfatosenoticias.com.br\/index.php\/wp-json\/wp\/v2\/media\/54048"}],"wp:attachment":[{"href":"https:\/\/jornalfatosenoticias.com.br\/index.php\/wp-json\/wp\/v2\/media?parent=54047"}],"wp:term":[{"taxonomy":"category","embeddable":true,"href":"https:\/\/jornalfatosenoticias.com.br\/index.php\/wp-json\/wp\/v2\/categories?post=54047"},{"taxonomy":"post_tag","embeddable":true,"href":"https:\/\/jornalfatosenoticias.com.br\/index.php\/wp-json\/wp\/v2\/tags?post=54047"}],"curies":[{"name":"wp","href":"https:\/\/api.w.org\/{rel}","templated":true}]}}