{"id":54062,"date":"2024-09-10T12:41:07","date_gmt":"2024-09-10T15:41:07","guid":{"rendered":"https:\/\/jornalfatosenoticias.com.br\/?p=54062"},"modified":"2024-09-10T12:41:08","modified_gmt":"2024-09-10T15:41:08","slug":"novo-ancestral-dos-japoneses-e-descoberto-em-estudo-genetico","status":"publish","type":"post","link":"https:\/\/jornalfatosenoticias.com.br\/index.php\/2024\/09\/10\/novo-ancestral-dos-japoneses-e-descoberto-em-estudo-genetico\/","title":{"rendered":"Novo ancestral dos japoneses \u00e9 descoberto em estudo gen\u00e9tico"},"content":{"rendered":"\n<p><em><span class=\"has-inline-color has-black-color\">At\u00e9 o momento, acreditava-se que os japoneses descendiam de duas linhagens ancestrais, mas parece que existe uma terceira<\/span><\/em><\/p>\n\n\n\n<p><span class=\"has-inline-color has-black-color\">Por <strong><a href=\"https:\/\/olhardigital.com.br\/author\/nayra-teles\/\">Nayra Teles<\/a><\/strong><\/span><\/p>\n\n\n\n<div class=\"wp-block-image\"><figure class=\"aligncenter size-large is-resized\"><a href=\"https:\/\/www.facebook.com\/vetor.vix\/\"><img loading=\"lazy\" decoding=\"async\" src=\"https:\/\/jornalfatosenoticias.com.br\/wp-content\/uploads\/2023\/09\/vetorvix1024_1.jpg\" alt=\"\" class=\"wp-image-44868\" width=\"479\" height=\"127\" srcset=\"https:\/\/jornalfatosenoticias.com.br\/wp-content\/uploads\/2023\/09\/vetorvix1024_1.jpg 1024w, https:\/\/jornalfatosenoticias.com.br\/wp-content\/uploads\/2023\/09\/vetorvix1024_1-300x80.jpg 300w, https:\/\/jornalfatosenoticias.com.br\/wp-content\/uploads\/2023\/09\/vetorvix1024_1-768x205.jpg 768w\" sizes=\"auto, (max-width: 479px) 100vw, 479px\" \/><\/a><\/figure><\/div>\n\n\n\n<p>A popula\u00e7\u00e3o japonesa descende de duas principais linhagens do passado, mas parece que outra estava escondida em seus genes. Uma nova pesquisa encontrou rastros de uma terceira linhagem de <strong><a href=\"https:\/\/olhardigital.com.br\/tag\/ancestrais\/\">ancestrais<\/a><\/strong> que migraram do nordeste da \u00c1sia at\u00e9 o topo do arquip\u00e9lago.<br>O estudo analisou o DNA de 3.200 pessoas de sete regi\u00f5es do <a href=\"https:\/\/olhardigital.com.br\/tag\/japao\/\"><strong>Jap\u00e3o<\/strong><\/a>\u00a0e \u00e9 uma das maiores investiga\u00e7\u00f5es sobre a origem da popula\u00e7\u00e3o. Detalhes da pesquisa foram divulgados na revista\u00a0<a href=\"https:\/\/www.science.org\/doi\/10.1126\/sciadv.adi8419\"><strong>Science Advances.<\/strong><\/a><\/p>\n\n\n\n<div class=\"wp-block-image\"><figure class=\"aligncenter size-large is-resized\"><img loading=\"lazy\" decoding=\"async\" src=\"https:\/\/jornalfatosenoticias.com.br\/wp-content\/uploads\/2022\/02\/Precisao-Contabilidade-1024x724.jpg\" alt=\"\" class=\"wp-image-28088\" width=\"356\" height=\"252\"\/><\/figure><\/div>\n\n\n\n<p><strong><span class=\"has-inline-color has-black-color\">De onde vieram os japoneses?<br><\/span><\/strong>At\u00e9 2021, as evid\u00eancias apontavam que a popula\u00e7\u00e3o japonesa descende de duas principais linhagens. A primeira \u00e9 o povo ind\u00edgena J\u014dmon, que viajou do antigo Leste Asi\u00e1tico at\u00e9 o Jap\u00e3o h\u00e1 mais de 10.000 anos. A segunda \u00e9 o povo produtor de arroz do nordeste da \u00c1sia, que migraram para a regi\u00e3o japonesa h\u00e1 2.300 anos.<\/p>\n\n\n\n<div class=\"wp-block-image\"><figure class=\"aligncenter size-large is-resized\"><a href=\"https:\/\/www.instagram.com\/restaurantepegoretti\/\"><img loading=\"lazy\" decoding=\"async\" src=\"https:\/\/jornalfatosenoticias.com.br\/wp-content\/uploads\/2023\/12\/pegoretti-logo-pdf-1024x389.jpg\" alt=\"\" class=\"wp-image-47536\" width=\"427\" height=\"162\" srcset=\"https:\/\/jornalfatosenoticias.com.br\/wp-content\/uploads\/2023\/12\/pegoretti-logo-pdf-1024x389.jpg 1024w, https:\/\/jornalfatosenoticias.com.br\/wp-content\/uploads\/2023\/12\/pegoretti-logo-pdf-300x114.jpg 300w, https:\/\/jornalfatosenoticias.com.br\/wp-content\/uploads\/2023\/12\/pegoretti-logo-pdf-768x291.jpg 768w, https:\/\/jornalfatosenoticias.com.br\/wp-content\/uploads\/2023\/12\/pegoretti-logo-pdf.jpg 1120w\" sizes=\"auto, (max-width: 427px) 100vw, 427px\" \/><\/a><\/figure><\/div>\n\n\n\n<p>No entanto, naquele ano, um <strong><a href=\"https:\/\/olhardigital.com.br\/2021\/09\/21\/ciencia-e-espaco\/ancestrais-japoneses-desconhecidos\/\">estudo<\/a><\/strong> fez a descoberta de uma terceira onda de migra\u00e7\u00e3o pela primeira vez. Desde ent\u00e3o, a comunidade cient\u00edfica investiga uma poss\u00edvel terceira linhagem que se escondeu nos genes dos japoneses.<\/p>\n\n\n\n<div class=\"wp-block-image\"><figure class=\"aligncenter size-large is-resized\"><a href=\"https:\/\/www.legisjuris.com.br\/\"><img loading=\"lazy\" decoding=\"async\" src=\"https:\/\/jornalfatosenoticias.com.br\/wp-content\/uploads\/2024\/09\/Legis-Juris-Consultoria_logo.jpg\" alt=\"\" class=\"wp-image-53915\" width=\"420\" height=\"176\" srcset=\"https:\/\/jornalfatosenoticias.com.br\/wp-content\/uploads\/2024\/09\/Legis-Juris-Consultoria_logo.jpg 969w, https:\/\/jornalfatosenoticias.com.br\/wp-content\/uploads\/2024\/09\/Legis-Juris-Consultoria_logo-300x126.jpg 300w, https:\/\/jornalfatosenoticias.com.br\/wp-content\/uploads\/2024\/09\/Legis-Juris-Consultoria_logo-768x322.jpg 768w\" sizes=\"auto, (max-width: 420px) 100vw, 420px\" \/><\/a><\/figure><\/div>\n\n\n\n<p><span class=\"has-inline-color has-black-color\"><strong>Uma nova ancestralidade<\/strong><\/span><\/p>\n\n\n\n<ul class=\"wp-block-list\"><li>O novo estudo comparou dados modernos e antigos e utilizou variantes <strong><a href=\"https:\/\/olhardigital.com.br\/tag\/genetica\/\">gen\u00e9ticas<\/a><\/strong> raras e comuns para rastrear as tr\u00eas principais linhagens japonesas.<\/li><li>Descobriu-se que a J\u014dmon \u00e9 a mais presente na popula\u00e7\u00e3o do sul do Jap\u00e3o, enquanto as pessoas do oeste t\u00eam mais liga\u00e7\u00e3o com os chineses Han \u2014 povo que pratica a agricultura do arroz.<\/li><li>No entanto, a popula\u00e7\u00e3o do nordeste do Jap\u00e3o tem uma ancestralidade dominante diferente, e ainda n\u00e3o est\u00e1 claro o motivo.<\/li><li>No s\u00e9culo V d.C., esta regi\u00e3o era habitada pelo povo Emishi, ou, em tradu\u00e7\u00e3o literal, os \u201cb\u00e1rbaros camar\u00f5es\u201d.<\/li><li>N\u00e3o se sabe de onde vieram, mas algumas teorias afirmam ter liga\u00e7\u00e3o com povos que viveram no que hoje \u00e9 a pen\u00ednsula coreana.<\/li><li>A diferen\u00e7a gen\u00e9tica da popula\u00e7\u00e3o do nordeste do Jap\u00e3o encontrada no estudo pode ser de origem Emishi ou apenas uma mistura das outras linhagens.<\/li><\/ul>\n\n\n\n<div class=\"wp-block-image\"><figure class=\"aligncenter size-large\"><a href=\"https:\/\/www.facebook.com\/Esteio-Churrascaria-Barbecue-103643461220402\/\"><img decoding=\"async\" src=\"https:\/\/jornalfatosenoticias.com.br\/wp-content\/uploads\/2020\/02\/logo_esteio.jpg\" alt=\"\" class=\"wp-image-1214\"\/><\/a><\/figure><\/div>\n\n\n\n<p><strong><span class=\"has-inline-color has-black-color\">A origem gen\u00e9tica japonesa \u00e9 complexa<br><\/span><\/strong>Os pesquisadores descobriram novas informa\u00e7\u00f5es sobre a popula\u00e7\u00e3o japonesa ao analisar dados gen\u00e9ticos antigos. Apesar das dificuldades em encontrar essas amostras, que limitam compara\u00e7\u00f5es com o passado, o estudo revelou variantes gen\u00e9ticas nunca registradas anteriormente.<\/p>\n\n\n\n<div class=\"wp-block-image\"><figure class=\"aligncenter size-large is-resized\"><a href=\"https:\/\/www.ithbrasil.com.br\/\"><img loading=\"lazy\" decoding=\"async\" src=\"https:\/\/jornalfatosenoticias.com.br\/wp-content\/uploads\/2023\/08\/ITH.jpeg\" alt=\"\" class=\"wp-image-44638\" width=\"308\" height=\"250\" srcset=\"https:\/\/jornalfatosenoticias.com.br\/wp-content\/uploads\/2023\/08\/ITH.jpeg 800w, https:\/\/jornalfatosenoticias.com.br\/wp-content\/uploads\/2023\/08\/ITH-300x244.jpeg 300w, https:\/\/jornalfatosenoticias.com.br\/wp-content\/uploads\/2023\/08\/ITH-768x624.jpeg 768w\" sizes=\"auto, (max-width: 308px) 100vw, 308px\" \/><\/a><\/figure><\/div>\n\n\n\n<p>No entanto, os cientistas alertam que ainda h\u00e1 incertezas. As descobertas apoiam a ideia de que os japoneses t\u00eam uma origem mais complexa do que se pensava, com tr\u00eas influ\u00eancias principais em vez de duas. Para entender melhor a hist\u00f3ria e a sa\u00fade humana, \u00e9 crucial incluir mais diversidade de dados em futuras pesquisas.<\/p>\n\n\n\n<div class=\"wp-block-image\"><figure class=\"aligncenter size-large is-resized\"><a href=\"https:\/\/www.facebook.com\/postobkr\/?locale=pt_BR\"><img loading=\"lazy\" decoding=\"async\" src=\"https:\/\/jornalfatosenoticias.com.br\/wp-content\/uploads\/2023\/08\/BKR-1024x1021.jpg\" alt=\"\" class=\"wp-image-44494\" width=\"283\" height=\"282\" srcset=\"https:\/\/jornalfatosenoticias.com.br\/wp-content\/uploads\/2023\/08\/BKR-1024x1021.jpg 1024w, https:\/\/jornalfatosenoticias.com.br\/wp-content\/uploads\/2023\/08\/BKR-300x300.jpg 300w, https:\/\/jornalfatosenoticias.com.br\/wp-content\/uploads\/2023\/08\/BKR-150x150.jpg 150w, https:\/\/jornalfatosenoticias.com.br\/wp-content\/uploads\/2023\/08\/BKR-768x766.jpg 768w, https:\/\/jornalfatosenoticias.com.br\/wp-content\/uploads\/2023\/08\/BKR.jpg 1080w\" sizes=\"auto, (max-width: 283px) 100vw, 283px\" \/><\/a><\/figure><\/div>\n\n\n\n<p><strong><em>Fonte: <a href=\"https:\/\/olhardigital.com.br\/2024\/09\/03\/ciencia-e-espaco\/novo-ancestral-dos-japoneses-e-descoberto-em-estudo-genetico\/\">Olhar Digital<\/a><\/em><\/strong><\/p>\n","protected":false},"excerpt":{"rendered":"<p>At\u00e9 o momento, acreditava-se que os japoneses descendiam de duas linhagens ancestrais, mas parece que existe uma terceira Por Nayra Teles A popula\u00e7\u00e3o japonesa descende de duas principais linhagens do passado, mas parece que outra estava escondida em seus genes. Uma nova pesquisa encontrou rastros de uma terceira linhagem de ancestrais que migraram do nordeste [&hellip;]<\/p>\n","protected":false},"author":2,"featured_media":54063,"comment_status":"open","ping_status":"open","sticky":false,"template":"","format":"standard","meta":{"footnotes":""},"categories":[2],"tags":[8205,2044,3204,233,24631],"class_list":["post-54062","post","type-post","status-publish","format-standard","has-post-thumbnail","hentry","category-ciencia","tag-ancestrais","tag-dna","tag-genetica","tag-japao","tag-populacao-japonesa"],"yoast_head":"<!-- This site is optimized with the Yoast SEO plugin v26.5 - https:\/\/yoast.com\/wordpress\/plugins\/seo\/ -->\n<title>Novo ancestral dos japoneses \u00e9 descoberto em estudo gen\u00e9tico - Jornal Fatos e Not\u00edcias<\/title>\n<meta name=\"robots\" content=\"index, follow, max-snippet:-1, max-image-preview:large, max-video-preview:-1\" \/>\n<link rel=\"canonical\" href=\"https:\/\/jornalfatosenoticias.com.br\/index.php\/2024\/09\/10\/novo-ancestral-dos-japoneses-e-descoberto-em-estudo-genetico\/\" \/>\n<meta property=\"og:locale\" content=\"pt_BR\" \/>\n<meta property=\"og:type\" content=\"article\" \/>\n<meta property=\"og:title\" content=\"Novo ancestral dos japoneses \u00e9 descoberto em estudo gen\u00e9tico - Jornal Fatos e Not\u00edcias\" \/>\n<meta property=\"og:description\" content=\"At\u00e9 o momento, acreditava-se que os japoneses descendiam de duas linhagens ancestrais, mas parece que existe uma terceira Por Nayra Teles A popula\u00e7\u00e3o japonesa descende de duas principais linhagens do passado, mas parece que outra estava escondida em seus genes. Uma nova pesquisa encontrou rastros de uma terceira linhagem de ancestrais que migraram do nordeste [&hellip;]\" \/>\n<meta property=\"og:url\" content=\"https:\/\/jornalfatosenoticias.com.br\/index.php\/2024\/09\/10\/novo-ancestral-dos-japoneses-e-descoberto-em-estudo-genetico\/\" \/>\n<meta property=\"og:site_name\" content=\"Jornal Fatos e Not\u00edcias\" \/>\n<meta property=\"article:published_time\" content=\"2024-09-10T15:41:07+00:00\" \/>\n<meta property=\"article:modified_time\" content=\"2024-09-10T15:41:08+00:00\" \/>\n<meta property=\"og:image\" content=\"https:\/\/jornalfatosenoticias.com.br\/wp-content\/uploads\/2024\/09\/ancestrais-japao_istock.jpg\" \/>\n\t<meta property=\"og:image:width\" content=\"612\" \/>\n\t<meta property=\"og:image:height\" content=\"408\" \/>\n\t<meta property=\"og:image:type\" content=\"image\/jpeg\" \/>\n<meta name=\"author\" content=\"Luzimara Fernandes\" \/>\n<meta name=\"twitter:card\" content=\"summary_large_image\" \/>\n<meta name=\"twitter:label1\" content=\"Escrito por\" \/>\n\t<meta name=\"twitter:data1\" content=\"Luzimara Fernandes\" \/>\n\t<meta name=\"twitter:label2\" content=\"Est. tempo de leitura\" \/>\n\t<meta name=\"twitter:data2\" content=\"2 minutos\" \/>\n<script type=\"application\/ld+json\" class=\"yoast-schema-graph\">{\"@context\":\"https:\/\/schema.org\",\"@graph\":[{\"@type\":\"Article\",\"@id\":\"https:\/\/jornalfatosenoticias.com.br\/index.php\/2024\/09\/10\/novo-ancestral-dos-japoneses-e-descoberto-em-estudo-genetico\/#article\",\"isPartOf\":{\"@id\":\"https:\/\/jornalfatosenoticias.com.br\/index.php\/2024\/09\/10\/novo-ancestral-dos-japoneses-e-descoberto-em-estudo-genetico\/\"},\"author\":{\"name\":\"Luzimara Fernandes\",\"@id\":\"https:\/\/jornalfatosenoticias.com.br\/#\/schema\/person\/d63837fa13ac8666eb9e74e0985d6f81\"},\"headline\":\"Novo ancestral dos japoneses \u00e9 descoberto em estudo gen\u00e9tico\",\"datePublished\":\"2024-09-10T15:41:07+00:00\",\"dateModified\":\"2024-09-10T15:41:08+00:00\",\"mainEntityOfPage\":{\"@id\":\"https:\/\/jornalfatosenoticias.com.br\/index.php\/2024\/09\/10\/novo-ancestral-dos-japoneses-e-descoberto-em-estudo-genetico\/\"},\"wordCount\":481,\"commentCount\":0,\"publisher\":{\"@id\":\"https:\/\/jornalfatosenoticias.com.br\/#organization\"},\"image\":{\"@id\":\"https:\/\/jornalfatosenoticias.com.br\/index.php\/2024\/09\/10\/novo-ancestral-dos-japoneses-e-descoberto-em-estudo-genetico\/#primaryimage\"},\"thumbnailUrl\":\"https:\/\/jornalfatosenoticias.com.br\/wp-content\/uploads\/2024\/09\/ancestrais-japao_istock.jpg\",\"keywords\":[\"ancestrais\",\"DNA\",\"gen\u00e9tica\",\"jap\u00e3o\",\"popula\u00e7\u00e3o japonesa\"],\"articleSection\":[\"Ci\u00eancia\"],\"inLanguage\":\"pt-BR\",\"potentialAction\":[{\"@type\":\"CommentAction\",\"name\":\"Comment\",\"target\":[\"https:\/\/jornalfatosenoticias.com.br\/index.php\/2024\/09\/10\/novo-ancestral-dos-japoneses-e-descoberto-em-estudo-genetico\/#respond\"]}]},{\"@type\":\"WebPage\",\"@id\":\"https:\/\/jornalfatosenoticias.com.br\/index.php\/2024\/09\/10\/novo-ancestral-dos-japoneses-e-descoberto-em-estudo-genetico\/\",\"url\":\"https:\/\/jornalfatosenoticias.com.br\/index.php\/2024\/09\/10\/novo-ancestral-dos-japoneses-e-descoberto-em-estudo-genetico\/\",\"name\":\"Novo ancestral dos japoneses \u00e9 descoberto em estudo gen\u00e9tico - Jornal Fatos e Not\u00edcias\",\"isPartOf\":{\"@id\":\"https:\/\/jornalfatosenoticias.com.br\/#website\"},\"primaryImageOfPage\":{\"@id\":\"https:\/\/jornalfatosenoticias.com.br\/index.php\/2024\/09\/10\/novo-ancestral-dos-japoneses-e-descoberto-em-estudo-genetico\/#primaryimage\"},\"image\":{\"@id\":\"https:\/\/jornalfatosenoticias.com.br\/index.php\/2024\/09\/10\/novo-ancestral-dos-japoneses-e-descoberto-em-estudo-genetico\/#primaryimage\"},\"thumbnailUrl\":\"https:\/\/jornalfatosenoticias.com.br\/wp-content\/uploads\/2024\/09\/ancestrais-japao_istock.jpg\",\"datePublished\":\"2024-09-10T15:41:07+00:00\",\"dateModified\":\"2024-09-10T15:41:08+00:00\",\"breadcrumb\":{\"@id\":\"https:\/\/jornalfatosenoticias.com.br\/index.php\/2024\/09\/10\/novo-ancestral-dos-japoneses-e-descoberto-em-estudo-genetico\/#breadcrumb\"},\"inLanguage\":\"pt-BR\",\"potentialAction\":[{\"@type\":\"ReadAction\",\"target\":[\"https:\/\/jornalfatosenoticias.com.br\/index.php\/2024\/09\/10\/novo-ancestral-dos-japoneses-e-descoberto-em-estudo-genetico\/\"]}]},{\"@type\":\"ImageObject\",\"inLanguage\":\"pt-BR\",\"@id\":\"https:\/\/jornalfatosenoticias.com.br\/index.php\/2024\/09\/10\/novo-ancestral-dos-japoneses-e-descoberto-em-estudo-genetico\/#primaryimage\",\"url\":\"https:\/\/jornalfatosenoticias.com.br\/wp-content\/uploads\/2024\/09\/ancestrais-japao_istock.jpg\",\"contentUrl\":\"https:\/\/jornalfatosenoticias.com.br\/wp-content\/uploads\/2024\/09\/ancestrais-japao_istock.jpg\",\"width\":612,\"height\":408,\"caption\":\"Maiko girls, Geisha apprentices, Kyoto, Japan\"},{\"@type\":\"BreadcrumbList\",\"@id\":\"https:\/\/jornalfatosenoticias.com.br\/index.php\/2024\/09\/10\/novo-ancestral-dos-japoneses-e-descoberto-em-estudo-genetico\/#breadcrumb\",\"itemListElement\":[{\"@type\":\"ListItem\",\"position\":1,\"name\":\"In\u00edcio\",\"item\":\"https:\/\/jornalfatosenoticias.com.br\/\"},{\"@type\":\"ListItem\",\"position\":2,\"name\":\"Novo ancestral dos japoneses \u00e9 descoberto em estudo gen\u00e9tico\"}]},{\"@type\":\"WebSite\",\"@id\":\"https:\/\/jornalfatosenoticias.com.br\/#website\",\"url\":\"https:\/\/jornalfatosenoticias.com.br\/\",\"name\":\"Jornal Fatos e Not\u00edcias\",\"description\":\"Not\u00edcias em geral\",\"publisher\":{\"@id\":\"https:\/\/jornalfatosenoticias.com.br\/#organization\"},\"potentialAction\":[{\"@type\":\"SearchAction\",\"target\":{\"@type\":\"EntryPoint\",\"urlTemplate\":\"https:\/\/jornalfatosenoticias.com.br\/?s={search_term_string}\"},\"query-input\":{\"@type\":\"PropertyValueSpecification\",\"valueRequired\":true,\"valueName\":\"search_term_string\"}}],\"inLanguage\":\"pt-BR\"},{\"@type\":\"Organization\",\"@id\":\"https:\/\/jornalfatosenoticias.com.br\/#organization\",\"name\":\"Jornal Fatos e Not\u00edcias\",\"url\":\"https:\/\/jornalfatosenoticias.com.br\/\",\"logo\":{\"@type\":\"ImageObject\",\"inLanguage\":\"pt-BR\",\"@id\":\"https:\/\/jornalfatosenoticias.com.br\/#\/schema\/logo\/image\/\",\"url\":\"https:\/\/jornalfatosenoticias.com.br\/wp-content\/uploads\/2020\/02\/logo120.png\",\"contentUrl\":\"https:\/\/jornalfatosenoticias.com.br\/wp-content\/uploads\/2020\/02\/logo120.png\",\"width\":1227,\"height\":120,\"caption\":\"Jornal Fatos e Not\u00edcias\"},\"image\":{\"@id\":\"https:\/\/jornalfatosenoticias.com.br\/#\/schema\/logo\/image\/\"}},{\"@type\":\"Person\",\"@id\":\"https:\/\/jornalfatosenoticias.com.br\/#\/schema\/person\/d63837fa13ac8666eb9e74e0985d6f81\",\"name\":\"Luzimara Fernandes\",\"image\":{\"@type\":\"ImageObject\",\"inLanguage\":\"pt-BR\",\"@id\":\"https:\/\/jornalfatosenoticias.com.br\/#\/schema\/person\/image\/\",\"url\":\"https:\/\/jornalfatosenoticias.com.br\/wp-content\/uploads\/2025\/05\/EU_portal.jpg\",\"contentUrl\":\"https:\/\/jornalfatosenoticias.com.br\/wp-content\/uploads\/2025\/05\/EU_portal.jpg\",\"caption\":\"Luzimara Fernandes\"},\"description\":\"Jornalista MTB 2358-ES\",\"sameAs\":[\"https:\/\/jornalfatosenoticias.com.br\"],\"url\":\"https:\/\/jornalfatosenoticias.com.br\/index.php\/author\/luzimara\/\"}]}<\/script>\n<!-- \/ Yoast SEO plugin. -->","yoast_head_json":{"title":"Novo ancestral dos japoneses \u00e9 descoberto em estudo gen\u00e9tico - Jornal Fatos e Not\u00edcias","robots":{"index":"index","follow":"follow","max-snippet":"max-snippet:-1","max-image-preview":"max-image-preview:large","max-video-preview":"max-video-preview:-1"},"canonical":"https:\/\/jornalfatosenoticias.com.br\/index.php\/2024\/09\/10\/novo-ancestral-dos-japoneses-e-descoberto-em-estudo-genetico\/","og_locale":"pt_BR","og_type":"article","og_title":"Novo ancestral dos japoneses \u00e9 descoberto em estudo gen\u00e9tico - Jornal Fatos e Not\u00edcias","og_description":"At\u00e9 o momento, acreditava-se que os japoneses descendiam de duas linhagens ancestrais, mas parece que existe uma terceira Por Nayra Teles A popula\u00e7\u00e3o japonesa descende de duas principais linhagens do passado, mas parece que outra estava escondida em seus genes. Uma nova pesquisa encontrou rastros de uma terceira linhagem de ancestrais que migraram do nordeste [&hellip;]","og_url":"https:\/\/jornalfatosenoticias.com.br\/index.php\/2024\/09\/10\/novo-ancestral-dos-japoneses-e-descoberto-em-estudo-genetico\/","og_site_name":"Jornal Fatos e Not\u00edcias","article_published_time":"2024-09-10T15:41:07+00:00","article_modified_time":"2024-09-10T15:41:08+00:00","og_image":[{"width":612,"height":408,"url":"https:\/\/jornalfatosenoticias.com.br\/wp-content\/uploads\/2024\/09\/ancestrais-japao_istock.jpg","type":"image\/jpeg"}],"author":"Luzimara Fernandes","twitter_card":"summary_large_image","twitter_misc":{"Escrito por":"Luzimara Fernandes","Est. tempo de leitura":"2 minutos"},"schema":{"@context":"https:\/\/schema.org","@graph":[{"@type":"Article","@id":"https:\/\/jornalfatosenoticias.com.br\/index.php\/2024\/09\/10\/novo-ancestral-dos-japoneses-e-descoberto-em-estudo-genetico\/#article","isPartOf":{"@id":"https:\/\/jornalfatosenoticias.com.br\/index.php\/2024\/09\/10\/novo-ancestral-dos-japoneses-e-descoberto-em-estudo-genetico\/"},"author":{"name":"Luzimara Fernandes","@id":"https:\/\/jornalfatosenoticias.com.br\/#\/schema\/person\/d63837fa13ac8666eb9e74e0985d6f81"},"headline":"Novo ancestral dos japoneses \u00e9 descoberto em estudo gen\u00e9tico","datePublished":"2024-09-10T15:41:07+00:00","dateModified":"2024-09-10T15:41:08+00:00","mainEntityOfPage":{"@id":"https:\/\/jornalfatosenoticias.com.br\/index.php\/2024\/09\/10\/novo-ancestral-dos-japoneses-e-descoberto-em-estudo-genetico\/"},"wordCount":481,"commentCount":0,"publisher":{"@id":"https:\/\/jornalfatosenoticias.com.br\/#organization"},"image":{"@id":"https:\/\/jornalfatosenoticias.com.br\/index.php\/2024\/09\/10\/novo-ancestral-dos-japoneses-e-descoberto-em-estudo-genetico\/#primaryimage"},"thumbnailUrl":"https:\/\/jornalfatosenoticias.com.br\/wp-content\/uploads\/2024\/09\/ancestrais-japao_istock.jpg","keywords":["ancestrais","DNA","gen\u00e9tica","jap\u00e3o","popula\u00e7\u00e3o japonesa"],"articleSection":["Ci\u00eancia"],"inLanguage":"pt-BR","potentialAction":[{"@type":"CommentAction","name":"Comment","target":["https:\/\/jornalfatosenoticias.com.br\/index.php\/2024\/09\/10\/novo-ancestral-dos-japoneses-e-descoberto-em-estudo-genetico\/#respond"]}]},{"@type":"WebPage","@id":"https:\/\/jornalfatosenoticias.com.br\/index.php\/2024\/09\/10\/novo-ancestral-dos-japoneses-e-descoberto-em-estudo-genetico\/","url":"https:\/\/jornalfatosenoticias.com.br\/index.php\/2024\/09\/10\/novo-ancestral-dos-japoneses-e-descoberto-em-estudo-genetico\/","name":"Novo ancestral dos japoneses \u00e9 descoberto em estudo gen\u00e9tico - Jornal Fatos e Not\u00edcias","isPartOf":{"@id":"https:\/\/jornalfatosenoticias.com.br\/#website"},"primaryImageOfPage":{"@id":"https:\/\/jornalfatosenoticias.com.br\/index.php\/2024\/09\/10\/novo-ancestral-dos-japoneses-e-descoberto-em-estudo-genetico\/#primaryimage"},"image":{"@id":"https:\/\/jornalfatosenoticias.com.br\/index.php\/2024\/09\/10\/novo-ancestral-dos-japoneses-e-descoberto-em-estudo-genetico\/#primaryimage"},"thumbnailUrl":"https:\/\/jornalfatosenoticias.com.br\/wp-content\/uploads\/2024\/09\/ancestrais-japao_istock.jpg","datePublished":"2024-09-10T15:41:07+00:00","dateModified":"2024-09-10T15:41:08+00:00","breadcrumb":{"@id":"https:\/\/jornalfatosenoticias.com.br\/index.php\/2024\/09\/10\/novo-ancestral-dos-japoneses-e-descoberto-em-estudo-genetico\/#breadcrumb"},"inLanguage":"pt-BR","potentialAction":[{"@type":"ReadAction","target":["https:\/\/jornalfatosenoticias.com.br\/index.php\/2024\/09\/10\/novo-ancestral-dos-japoneses-e-descoberto-em-estudo-genetico\/"]}]},{"@type":"ImageObject","inLanguage":"pt-BR","@id":"https:\/\/jornalfatosenoticias.com.br\/index.php\/2024\/09\/10\/novo-ancestral-dos-japoneses-e-descoberto-em-estudo-genetico\/#primaryimage","url":"https:\/\/jornalfatosenoticias.com.br\/wp-content\/uploads\/2024\/09\/ancestrais-japao_istock.jpg","contentUrl":"https:\/\/jornalfatosenoticias.com.br\/wp-content\/uploads\/2024\/09\/ancestrais-japao_istock.jpg","width":612,"height":408,"caption":"Maiko girls, Geisha apprentices, Kyoto, Japan"},{"@type":"BreadcrumbList","@id":"https:\/\/jornalfatosenoticias.com.br\/index.php\/2024\/09\/10\/novo-ancestral-dos-japoneses-e-descoberto-em-estudo-genetico\/#breadcrumb","itemListElement":[{"@type":"ListItem","position":1,"name":"In\u00edcio","item":"https:\/\/jornalfatosenoticias.com.br\/"},{"@type":"ListItem","position":2,"name":"Novo ancestral dos japoneses \u00e9 descoberto em estudo gen\u00e9tico"}]},{"@type":"WebSite","@id":"https:\/\/jornalfatosenoticias.com.br\/#website","url":"https:\/\/jornalfatosenoticias.com.br\/","name":"Jornal Fatos e Not\u00edcias","description":"Not\u00edcias em geral","publisher":{"@id":"https:\/\/jornalfatosenoticias.com.br\/#organization"},"potentialAction":[{"@type":"SearchAction","target":{"@type":"EntryPoint","urlTemplate":"https:\/\/jornalfatosenoticias.com.br\/?s={search_term_string}"},"query-input":{"@type":"PropertyValueSpecification","valueRequired":true,"valueName":"search_term_string"}}],"inLanguage":"pt-BR"},{"@type":"Organization","@id":"https:\/\/jornalfatosenoticias.com.br\/#organization","name":"Jornal Fatos e Not\u00edcias","url":"https:\/\/jornalfatosenoticias.com.br\/","logo":{"@type":"ImageObject","inLanguage":"pt-BR","@id":"https:\/\/jornalfatosenoticias.com.br\/#\/schema\/logo\/image\/","url":"https:\/\/jornalfatosenoticias.com.br\/wp-content\/uploads\/2020\/02\/logo120.png","contentUrl":"https:\/\/jornalfatosenoticias.com.br\/wp-content\/uploads\/2020\/02\/logo120.png","width":1227,"height":120,"caption":"Jornal Fatos e Not\u00edcias"},"image":{"@id":"https:\/\/jornalfatosenoticias.com.br\/#\/schema\/logo\/image\/"}},{"@type":"Person","@id":"https:\/\/jornalfatosenoticias.com.br\/#\/schema\/person\/d63837fa13ac8666eb9e74e0985d6f81","name":"Luzimara Fernandes","image":{"@type":"ImageObject","inLanguage":"pt-BR","@id":"https:\/\/jornalfatosenoticias.com.br\/#\/schema\/person\/image\/","url":"https:\/\/jornalfatosenoticias.com.br\/wp-content\/uploads\/2025\/05\/EU_portal.jpg","contentUrl":"https:\/\/jornalfatosenoticias.com.br\/wp-content\/uploads\/2025\/05\/EU_portal.jpg","caption":"Luzimara Fernandes"},"description":"Jornalista MTB 2358-ES","sameAs":["https:\/\/jornalfatosenoticias.com.br"],"url":"https:\/\/jornalfatosenoticias.com.br\/index.php\/author\/luzimara\/"}]}},"cc_featured_image_caption":{"caption_text":"(Foto: iStock) ","source_text":"","source_url":""},"jetpack_featured_media_url":"https:\/\/jornalfatosenoticias.com.br\/wp-content\/uploads\/2024\/09\/ancestrais-japao_istock.jpg","_links":{"self":[{"href":"https:\/\/jornalfatosenoticias.com.br\/index.php\/wp-json\/wp\/v2\/posts\/54062","targetHints":{"allow":["GET"]}}],"collection":[{"href":"https:\/\/jornalfatosenoticias.com.br\/index.php\/wp-json\/wp\/v2\/posts"}],"about":[{"href":"https:\/\/jornalfatosenoticias.com.br\/index.php\/wp-json\/wp\/v2\/types\/post"}],"author":[{"embeddable":true,"href":"https:\/\/jornalfatosenoticias.com.br\/index.php\/wp-json\/wp\/v2\/users\/2"}],"replies":[{"embeddable":true,"href":"https:\/\/jornalfatosenoticias.com.br\/index.php\/wp-json\/wp\/v2\/comments?post=54062"}],"version-history":[{"count":0,"href":"https:\/\/jornalfatosenoticias.com.br\/index.php\/wp-json\/wp\/v2\/posts\/54062\/revisions"}],"wp:featuredmedia":[{"embeddable":true,"href":"https:\/\/jornalfatosenoticias.com.br\/index.php\/wp-json\/wp\/v2\/media\/54063"}],"wp:attachment":[{"href":"https:\/\/jornalfatosenoticias.com.br\/index.php\/wp-json\/wp\/v2\/media?parent=54062"}],"wp:term":[{"taxonomy":"category","embeddable":true,"href":"https:\/\/jornalfatosenoticias.com.br\/index.php\/wp-json\/wp\/v2\/categories?post=54062"},{"taxonomy":"post_tag","embeddable":true,"href":"https:\/\/jornalfatosenoticias.com.br\/index.php\/wp-json\/wp\/v2\/tags?post=54062"}],"curies":[{"name":"wp","href":"https:\/\/api.w.org\/{rel}","templated":true}]}}