{"id":54065,"date":"2024-09-10T13:12:28","date_gmt":"2024-09-10T16:12:28","guid":{"rendered":"https:\/\/jornalfatosenoticias.com.br\/?p=54065"},"modified":"2024-09-10T13:12:29","modified_gmt":"2024-09-10T16:12:29","slug":"com-rombo-nas-contas-governo-mantem-foco-em-arrecadar-mais-quais-as-proximas-apostas","status":"publish","type":"post","link":"https:\/\/jornalfatosenoticias.com.br\/index.php\/2024\/09\/10\/com-rombo-nas-contas-governo-mantem-foco-em-arrecadar-mais-quais-as-proximas-apostas\/","title":{"rendered":"Com rombo nas contas, governo mant\u00e9m foco em arrecadar mais. Quais as pr\u00f3ximas apostas"},"content":{"rendered":"\n<p><em><span class=\"has-inline-color has-black-color\">Haddad e Lula: governo mant\u00e9m foco no aumento da arrecada\u00e7\u00e3o de impostos<\/span><\/em><\/p>\n\n\n\n<p><span class=\"has-inline-color has-black-color\">Por <strong><a href=\"https:\/\/www.gazetadopovo.com.br\/autor\/celio-yano\/\">C\u00e9lio Yano<\/a><\/strong><\/span><\/p>\n\n\n\n<div class=\"wp-block-image\"><figure class=\"aligncenter size-large\"><a href=\"https:\/\/mizu.com.br\/\"><img loading=\"lazy\" decoding=\"async\" width=\"729\" height=\"90\" src=\"https:\/\/jornalfatosenoticias.com.br\/wp-content\/uploads\/2020\/02\/Logo_Mizu.png\" alt=\"\" class=\"wp-image-1441\" srcset=\"https:\/\/jornalfatosenoticias.com.br\/wp-content\/uploads\/2020\/02\/Logo_Mizu.png 729w, https:\/\/jornalfatosenoticias.com.br\/wp-content\/uploads\/2020\/02\/Logo_Mizu-300x37.png 300w\" sizes=\"auto, (max-width: 729px) 100vw, 729px\" \/><\/a><\/figure><\/div>\n\n\n\n<p>Mesmo com o congelamento de R$ 15 bilh\u00f5es em despesas que o governo de Luiz In\u00e1cio Lula da Silva (PT) se viu obrigado a fazer para cumprir a meta fiscal deste ano, o Minist\u00e9rio da Fazenda ainda trabalha em medidas visando o equil\u00edbrio das contas p\u00fablicas pelo lado das receitas \u2014 essencialmente, aumentos de impostos.<br>No primeiro dia deste m\u00eas, por exemplo, entrou em vigor o aumento da al\u00edquota do Imposto sobre Produtos Industrializados (IPI) sobre cigarros. No fim de julho, teve in\u00edcio a cobran\u00e7a do Imposto de Importa\u00e7\u00e3o de 20% sobre compras do exterior de at\u00e9 US$ 50, a chamada \u201ctaxa das blusinhas\u201d.<\/p>\n\n\n\n<div class=\"wp-block-image\"><figure class=\"aligncenter size-large is-resized\"><img loading=\"lazy\" decoding=\"async\" src=\"https:\/\/jornalfatosenoticias.com.br\/wp-content\/uploads\/2022\/02\/Precisao-Contabilidade-1024x724.jpg\" alt=\"\" class=\"wp-image-28088\" width=\"332\" height=\"235\"\/><\/figure><\/div>\n\n\n\n<p>Adiante, o Executivo n\u00e3o descarta elevar, via decreto presidencial, tributos &#8220;extrafiscais&#8221; para garantir a meta fiscal de 2024, segundo fontes da equipe econ\u00f4mica informaram \u00e0 ag\u00eancia Reuters. E, com vistas \u00e0 meta de 2025, o governo prop\u00f4s aumento de dois impostos, a Contribui\u00e7\u00e3o Social sobre o Lucro L\u00edquido (CSLL) e o Imposto de Renda Retido na Fonte (IRRF) incidente nos Juros sobre Capital Pr\u00f3prio (JCP).<\/p>\n\n\n\n<div class=\"wp-block-image\"><figure class=\"aligncenter size-large\"><a href=\"https:\/\/cesconetto.com.br\/\"><img loading=\"lazy\" decoding=\"async\" width=\"300\" height=\"250\" src=\"https:\/\/jornalfatosenoticias.com.br\/wp-content\/uploads\/2022\/02\/Banner-2.png\" alt=\"\" class=\"wp-image-27877\"\/><\/a><\/figure><\/div>\n\n\n\n<p>Desde o in\u00edcio do atual mandato de Lula, empresas e pessoas f\u00edsicas j\u00e1 foram afetadas por uma s\u00e9rie de eleva\u00e7\u00f5es de al\u00edquota, extin\u00e7\u00e3o de benef\u00edcios tribut\u00e1rios e novas regras de incid\u00eancia de impostos. As medidas geraram uma onda de memes envolvendo o ministro da Fazenda, Fernando Haddad, que ganhou a alcunha de \u201cTaxad\u201d.<\/p>\n\n\n\n<div class=\"wp-block-image\"><figure class=\"aligncenter size-large is-resized\"><a href=\"https:\/\/hotelmarquetti.com.br\/\"><img loading=\"lazy\" decoding=\"async\" src=\"https:\/\/jornalfatosenoticias.com.br\/wp-content\/uploads\/2023\/03\/nova-logo-Marquetti.jpg\" alt=\"\" class=\"wp-image-40207\" width=\"303\" height=\"203\" srcset=\"https:\/\/jornalfatosenoticias.com.br\/wp-content\/uploads\/2023\/03\/nova-logo-Marquetti.jpg 643w, https:\/\/jornalfatosenoticias.com.br\/wp-content\/uploads\/2023\/03\/nova-logo-Marquetti-300x202.jpg 300w\" sizes=\"auto, (max-width: 303px) 100vw, 303px\" \/><\/a><\/figure><\/div>\n\n\n\n<p>Gra\u00e7as \u00e0s medidas arrecadat\u00f3rias e ao crescimento econ\u00f4mico, a arrecada\u00e7\u00e3o federal registra forte alta neste ano. Nos sete primeiros meses do ano, a receita l\u00edquida \u2014 ap\u00f3s as transfer\u00eancias constitucionais a estados e munic\u00edpios \u2014 aumentou quase 9% em termos reais. N\u00e3o foi o suficiente para levar as contas para o azul: no per\u00edodo, a Uni\u00e3o registrou d\u00e9ficit prim\u00e1rio de R$ 78 bilh\u00f5es.<\/p>\n\n\n\n<div class=\"wp-block-image\"><figure class=\"aligncenter size-large is-resized\"><a href=\"https:\/\/www.controlsystems.com.br\/\"><img loading=\"lazy\" decoding=\"async\" src=\"https:\/\/jornalfatosenoticias.com.br\/wp-content\/uploads\/2020\/02\/CONTROL-CS.jpg\" alt=\"\" class=\"wp-image-44991\" width=\"287\" height=\"343\" srcset=\"https:\/\/jornalfatosenoticias.com.br\/wp-content\/uploads\/2020\/02\/CONTROL-CS.jpg 834w, https:\/\/jornalfatosenoticias.com.br\/wp-content\/uploads\/2020\/02\/CONTROL-CS-250x300.jpg 250w, https:\/\/jornalfatosenoticias.com.br\/wp-content\/uploads\/2020\/02\/CONTROL-CS-768x921.jpg 768w\" sizes=\"auto, (max-width: 287px) 100vw, 287px\" \/><\/a><\/figure><\/div>\n\n\n\n<p><strong><span class=\"has-inline-color has-black-color\">Confira a seguir algumas das pr\u00f3ximas apostas do governo para aumentar a arrecada\u00e7\u00e3o:<br><\/span>Reonera\u00e7\u00e3o da folha de pagamento de munic\u00edpios e de setores econ\u00f4micos\u00a0<br><\/strong>Uma das principais frustra\u00e7\u00f5es de Haddad em seu plano para zerar o d\u00e9ficit prim\u00e1rio em 2024 foi a prorroga\u00e7\u00e3o at\u00e9 2027 da desonera\u00e7\u00e3o da folha de pagamento, aprovada pelo Congresso no fim do ano passado. Mais do que prolongar o benef\u00edcio, considerado uma\u00a0heran\u00e7a \u201cmaldita\u201d do governo de Dilma Rousseff (PT), os parlamentares ainda\u00a0o estenderam a prefeituras de munic\u00edpios com at\u00e9 156,2 mil habitantes, que tiveram al\u00edquota da contribui\u00e7\u00e3o previdenci\u00e1ria sobre a folha reduzida de 20% para 8%.<\/p>\n\n\n\n<div class=\"wp-block-image\"><figure class=\"aligncenter size-large\"><a href=\"http:\/\/www.ferrarimaquinas.com.br\/\"><img loading=\"lazy\" decoding=\"async\" width=\"300\" height=\"250\" src=\"https:\/\/jornalfatosenoticias.com.br\/wp-content\/uploads\/2022\/02\/FERRARI_MAQUINAS-E-FERRAMENTAS2.jpg\" alt=\"\" class=\"wp-image-27860\"\/><\/a><\/figure><\/div>\n\n\n\n<p>A proposta ainda foi\u00a0vetada integralmente por Lula, mas, em nova derrota do governo,\u00a0o veto foi derrubado. A\u00a0<strong>Gazeta do Povo<\/strong>, como empresa de comunica\u00e7\u00e3o, est\u00e1 entre os setores beneficiados pela prorroga\u00e7\u00e3o da desonera\u00e7\u00e3o da folha de pagamentos. No dia 28 de dezembro de 2023, em meio ao recesso legislativo, o governo decidiu editar\u00a0a controversa MP 1.202, estabelecendo a reonera\u00e7\u00e3o gradual da folha salarial tanto de empresas quanto de munic\u00edpios beneficiados at\u00e9 que o benef\u00edcio fosse extinto ao fim de 2027.<\/p>\n\n\n\n<div class=\"wp-block-image\"><figure class=\"aligncenter size-large is-resized\"><a href=\"https:\/\/www.instagram.com\/serra4x4cambioautomatico\/\"><img loading=\"lazy\" decoding=\"async\" src=\"https:\/\/jornalfatosenoticias.com.br\/wp-content\/uploads\/2024\/08\/Serra-4x4-1-886x1024.jpg\" alt=\"\" class=\"wp-image-53632\" width=\"307\" height=\"354\" srcset=\"https:\/\/jornalfatosenoticias.com.br\/wp-content\/uploads\/2024\/08\/Serra-4x4-1-886x1024.jpg 886w, https:\/\/jornalfatosenoticias.com.br\/wp-content\/uploads\/2024\/08\/Serra-4x4-1-260x300.jpg 260w, https:\/\/jornalfatosenoticias.com.br\/wp-content\/uploads\/2024\/08\/Serra-4x4-1-768x888.jpg 768w, https:\/\/jornalfatosenoticias.com.br\/wp-content\/uploads\/2024\/08\/Serra-4x4-1.jpg 1181w\" sizes=\"auto, (max-width: 307px) 100vw, 307px\" \/><\/a><\/figure><\/div>\n\n\n\n<p>Mas a rea\u00e7\u00e3o negativa dos presidentes da C\u00e2mara, Arthur Lira (PP-AL), e do Senado, Rodrigo Pacheco (PSD-MG), que amea\u00e7aram derrubar o texto, fez com que Haddad recuasse mais de uma vez\u00a0e aceitasse encaminhar as medidas por meio de projetos de lei, que dependem da an\u00e1lise de ambas as Casas legislativas.<\/p>\n\n\n\n<div class=\"wp-block-image\"><figure class=\"aligncenter size-large is-resized\"><a href=\"https:\/\/www.instagram.com\/vmais.midias\/\"><img loading=\"lazy\" decoding=\"async\" src=\"https:\/\/jornalfatosenoticias.com.br\/wp-content\/uploads\/2020\/02\/DE-MAIS-DESTAQUE-VMAIS-800X700.png\" alt=\"\" class=\"wp-image-53112\" width=\"291\" height=\"254\" srcset=\"https:\/\/jornalfatosenoticias.com.br\/wp-content\/uploads\/2020\/02\/DE-MAIS-DESTAQUE-VMAIS-800X700.png 800w, https:\/\/jornalfatosenoticias.com.br\/wp-content\/uploads\/2020\/02\/DE-MAIS-DESTAQUE-VMAIS-800X700-300x263.png 300w, https:\/\/jornalfatosenoticias.com.br\/wp-content\/uploads\/2020\/02\/DE-MAIS-DESTAQUE-VMAIS-800X700-768x672.png 768w\" sizes=\"auto, (max-width: 291px) 100vw, 291px\" \/><\/a><\/figure><\/div>\n\n\n\n<p>Em outra frente de batalha, Haddad conseguiu uma liminar no Supremo Tribunal Federal (STF) para acabar com a desonera\u00e7\u00e3o da folha de pagamento tanto dos 17 setores quanto dos munic\u00edpios beneficiados. O pr\u00f3prio governo, no entanto, pediu ao STF para suspender a a\u00e7\u00e3o ap\u00f3s acordo com o Congresso, por meio do qual se tentar\u00e1 um projeto alternativo. A primeira proposta do Minist\u00e9rio da Fazenda, apelidada de \u201cMP do Fim do Mundo\u201d e que\u00a0restringia o uso de cr\u00e9ditos de PIS e Cofins, por\u00e9m, foi rejeitada pelo Legislativo.<\/p>\n\n\n\n<div class=\"wp-block-image\"><figure class=\"aligncenter size-large is-resized\"><a href=\"https:\/\/www.legisjuris.com.br\/\"><img loading=\"lazy\" decoding=\"async\" src=\"https:\/\/jornalfatosenoticias.com.br\/wp-content\/uploads\/2024\/09\/Legis-Juris-Consultoria_logo.jpg\" alt=\"\" class=\"wp-image-53915\" width=\"432\" height=\"181\" srcset=\"https:\/\/jornalfatosenoticias.com.br\/wp-content\/uploads\/2024\/09\/Legis-Juris-Consultoria_logo.jpg 969w, https:\/\/jornalfatosenoticias.com.br\/wp-content\/uploads\/2024\/09\/Legis-Juris-Consultoria_logo-300x126.jpg 300w, https:\/\/jornalfatosenoticias.com.br\/wp-content\/uploads\/2024\/09\/Legis-Juris-Consultoria_logo-768x322.jpg 768w\" sizes=\"auto, (max-width: 432px) 100vw, 432px\" \/><\/a><\/figure><\/div>\n\n\n\n<p>Ap\u00f3s press\u00e3o de empres\u00e1rios e parlamentares de oposi\u00e7\u00e3o, apenas uma semana depois de publicada em Di\u00e1rio Oficial, a MP\u00a0foi devolvida pelo presidente do Congresso, Rodrigo Pacheco. O senador j\u00e1 havia demonstrado insatisfa\u00e7\u00e3o a Lula e Haddad com o fato de o tema ter sido tratado via medida provis\u00f3ria. Pacheco e l\u00edderes partid\u00e1rios\u00a0assumiram o compromisso\u00a0de apresentar um pacote com alternativas para a desonera\u00e7\u00e3o da folha. O projeto j\u00e1 foi aprovado no Senado e tramita em regime de urg\u00eancia na C\u00e2mara, onde pode ser votado nesta semana.<\/p>\n\n\n\n<div class=\"wp-block-image\"><figure class=\"aligncenter size-large is-resized\"><a href=\"https:\/\/www.facebook.com\/postobkr\/?locale=pt_BR\"><img loading=\"lazy\" decoding=\"async\" src=\"https:\/\/jornalfatosenoticias.com.br\/wp-content\/uploads\/2023\/08\/BKR-1024x1021.jpg\" alt=\"\" class=\"wp-image-44494\" width=\"309\" height=\"308\" srcset=\"https:\/\/jornalfatosenoticias.com.br\/wp-content\/uploads\/2023\/08\/BKR-1024x1021.jpg 1024w, https:\/\/jornalfatosenoticias.com.br\/wp-content\/uploads\/2023\/08\/BKR-300x300.jpg 300w, https:\/\/jornalfatosenoticias.com.br\/wp-content\/uploads\/2023\/08\/BKR-150x150.jpg 150w, https:\/\/jornalfatosenoticias.com.br\/wp-content\/uploads\/2023\/08\/BKR-768x766.jpg 768w, https:\/\/jornalfatosenoticias.com.br\/wp-content\/uploads\/2023\/08\/BKR.jpg 1080w\" sizes=\"auto, (max-width: 309px) 100vw, 309px\" \/><\/a><\/figure><\/div>\n\n\n\n<p><strong><span class=\"has-inline-color has-black-color\">Fim de benef\u00edcios tribut\u00e1rios para o setor de eventos\u00a0<br><\/span><\/strong>A mesma MP 1.202 que gerou tens\u00e3o entre o Minist\u00e9rio da Fazenda e o Congresso previa o fim do Programa Emergencial de Retomada do Setor de Eventos (Perse), institu\u00eddo em 2022, no governo Bolsonaro, para mitigar os impactos econ\u00f4micos da pandemia de covid-19 em empresas do ramo.\u00a0Pressionado por parlamentares e empres\u00e1rios, o governo recuou tamb\u00e9m na medida,\u00a0retirando o trecho que extinguia o programa da MP e encaminhando projeto de lei no mesmo sentido.\u00a0<\/p>\n\n\n\n<div class=\"wp-block-image\"><figure class=\"aligncenter size-large\"><a href=\"https:\/\/www.facebook.com\/Esteio-Churrascaria-Barbecue-103643461220402\/\"><img decoding=\"async\" src=\"https:\/\/jornalfatosenoticias.com.br\/wp-content\/uploads\/2020\/02\/logo_esteio.jpg\" alt=\"\" class=\"wp-image-1214\"\/><\/a><\/figure><\/div>\n\n\n\n<p>Encaminhado sob o PL 1.026\/2024, a proposta foi aprovada pelo Congresso e sancionada por Lula. Por\u00e9m, em vez de acabar com o programa at\u00e9 2025, como pretendia Haddad, a lei prev\u00ea sua dura\u00e7\u00e3o at\u00e9 o dezembro de 2026. Por outro lado, reserva um limite de R$ 15 bilh\u00f5es para a desonera\u00e7\u00e3o de empresas do setor e reduz de 44 para 30 os tipos de atividades econ\u00f4micas atendidas.<\/p>\n\n\n\n<div class=\"wp-block-image\"><figure class=\"aligncenter size-large is-resized\"><a href=\"https:\/\/panper.com.br\/\"><img loading=\"lazy\" decoding=\"async\" src=\"https:\/\/jornalfatosenoticias.com.br\/wp-content\/uploads\/2023\/03\/logo-Panper_portal.jpg\" alt=\"\" class=\"wp-image-40208\" width=\"332\" height=\"230\" srcset=\"https:\/\/jornalfatosenoticias.com.br\/wp-content\/uploads\/2023\/03\/logo-Panper_portal.jpg 400w, https:\/\/jornalfatosenoticias.com.br\/wp-content\/uploads\/2023\/03\/logo-Panper_portal-300x208.jpg 300w\" sizes=\"auto, (max-width: 332px) 100vw, 332px\" \/><\/a><\/figure><\/div>\n\n\n\n<p><strong><span class=\"has-inline-color has-black-color\">Aumento na CSLL e na taxa\u00e7\u00e3o de JCP<br><\/span><\/strong>No fim de agosto, na v\u00e9spera do envio do Or\u00e7amento de 2025, o governo mandou ao Congresso projeto para elevar al\u00edquotas da Contribui\u00e7\u00e3o Social sobre o Lucro L\u00edquido (CSLL) e do Imposto de Renda Retido na Fonte (IRRF) incidente nos Juros sobre Capital Pr\u00f3prio (JCP). No caso do JCP, o IRRF passaria de 15% para 20%, por prazo indeterminado. A alta da CSLL seria tempor\u00e1ria, valendo para o exerc\u00edcio de 2025, com aumento:<\/p>\n\n\n\n<div class=\"wp-block-image\"><figure class=\"aligncenter size-large is-resized\"><a href=\"https:\/\/www.facebook.com\/vetor.vix\/\"><img loading=\"lazy\" decoding=\"async\" src=\"https:\/\/jornalfatosenoticias.com.br\/wp-content\/uploads\/2023\/09\/vetorvix1024_1.jpg\" alt=\"\" class=\"wp-image-44868\" width=\"486\" height=\"129\" srcset=\"https:\/\/jornalfatosenoticias.com.br\/wp-content\/uploads\/2023\/09\/vetorvix1024_1.jpg 1024w, https:\/\/jornalfatosenoticias.com.br\/wp-content\/uploads\/2023\/09\/vetorvix1024_1-300x80.jpg 300w, https:\/\/jornalfatosenoticias.com.br\/wp-content\/uploads\/2023\/09\/vetorvix1024_1-768x205.jpg 768w\" sizes=\"auto, (max-width: 486px) 100vw, 486px\" \/><\/a><\/figure><\/div>\n\n\n\n<ul class=\"wp-block-list\"><li>de 20% para 22% na al\u00edquota sobre bancos;<\/li><li>de 15% para 16% na al\u00edquota sobre empresas de seguros privados, capitaliza\u00e7\u00e3o e algumas outras institui\u00e7\u00f5es financeiras; e<\/li><li>de 9% para 10% na al\u00edquota cobrada das demais pessoas jur\u00eddicas.<\/li><\/ul>\n\n\n\n<div class=\"wp-block-image\"><figure class=\"aligncenter size-large is-resized\"><a href=\"https:\/\/www.ithbrasil.com.br\/\"><img loading=\"lazy\" decoding=\"async\" src=\"https:\/\/jornalfatosenoticias.com.br\/wp-content\/uploads\/2023\/08\/ITH.jpeg\" alt=\"\" class=\"wp-image-44638\" width=\"284\" height=\"231\" srcset=\"https:\/\/jornalfatosenoticias.com.br\/wp-content\/uploads\/2023\/08\/ITH.jpeg 800w, https:\/\/jornalfatosenoticias.com.br\/wp-content\/uploads\/2023\/08\/ITH-300x244.jpeg 300w, https:\/\/jornalfatosenoticias.com.br\/wp-content\/uploads\/2023\/08\/ITH-768x624.jpeg 768w\" sizes=\"auto, (max-width: 284px) 100vw, 284px\" \/><\/a><\/figure><\/div>\n\n\n\n<p><strong><span class=\"has-inline-color has-black-color\">Aumento em tributos &#8220;extrafiscais&#8221;<br><\/span><\/strong>Segundo a ag\u00eancia Reuters, integrantes do Minist\u00e9rio da Fazenda avaliam elevar tributos de car\u00e1ter &#8220;extrafiscal&#8221; para assegurar o cumprimento do objetivo fiscal de 2024 \u2014 que \u00e9 de d\u00e9ficit zero, com toler\u00e2ncia de at\u00e9 0,25% do Produto Interno Bruto (PIB). O pr\u00f3ximo relat\u00f3rio bimestral de receitas e despesas sai no dia 20, e nele o governo vai informar se precisa de medidas adicionais como essas para bater a meta.<\/p>\n\n\n\n<div class=\"wp-block-image\"><figure class=\"aligncenter size-large is-resized\"><a href=\"https:\/\/www.instagram.com\/restaurantepegoretti\/\"><img loading=\"lazy\" decoding=\"async\" src=\"https:\/\/jornalfatosenoticias.com.br\/wp-content\/uploads\/2023\/12\/pegoretti-logo-pdf-1024x389.jpg\" alt=\"\" class=\"wp-image-47536\" width=\"393\" height=\"149\" srcset=\"https:\/\/jornalfatosenoticias.com.br\/wp-content\/uploads\/2023\/12\/pegoretti-logo-pdf-1024x389.jpg 1024w, https:\/\/jornalfatosenoticias.com.br\/wp-content\/uploads\/2023\/12\/pegoretti-logo-pdf-300x114.jpg 300w, https:\/\/jornalfatosenoticias.com.br\/wp-content\/uploads\/2023\/12\/pegoretti-logo-pdf-768x291.jpg 768w, https:\/\/jornalfatosenoticias.com.br\/wp-content\/uploads\/2023\/12\/pegoretti-logo-pdf.jpg 1120w\" sizes=\"auto, (max-width: 393px) 100vw, 393px\" \/><\/a><\/figure><\/div>\n\n\n\n<p>Tributos extrafiscais s\u00e3o aqueles que, ao menos na teoria, n\u00e3o t\u00eam como principal objetivo a arrecada\u00e7\u00e3o. A finalidade deles \u00e9 de regula\u00e7\u00e3o, para incentivar ou desincentivar determinadas atividades econ\u00f4micas ou transa\u00e7\u00f5es. Fazem parte dessa lista impostos sobre importa\u00e7\u00e3o (II), exporta\u00e7\u00e3o (IE), opera\u00e7\u00f5es financeiras (IOF) e produtos industrializados (IPI). Ao contr\u00e1rio do que ocorre com outros tributos, os extrafiscais podem ser elevados via decreto presidencial, sem necessidade de aval do Legislativo.<\/p>\n\n\n\n<div class=\"wp-block-image\"><figure class=\"aligncenter size-large is-resized\"><img loading=\"lazy\" decoding=\"async\" src=\"https:\/\/jornalfatosenoticias.com.br\/wp-content\/uploads\/2022\/02\/Precisao-Contabilidade-1024x724.jpg\" alt=\"\" class=\"wp-image-28088\" width=\"305\" height=\"215\"\/><\/figure><\/div>\n\n\n\n<p><strong><span class=\"has-inline-color has-black-color\">Imposto de Renda sobre lucros e dividendos\u00a0<br><\/span><\/strong>Na segunda etapa da reforma tribut\u00e1ria, que ser\u00e1 concentrada na tributa\u00e7\u00e3o da renda, o governo deve propor a taxa\u00e7\u00e3o de dividendos, parcela do lucro de sociedades an\u00f4nimas distribu\u00eddas a acionistas e que \u00e9 isenta de IR desde 1995.\u00a0\u201cMuito provavelmente haver\u00e1 o retorno da tributa\u00e7\u00e3o de dividendos, junto com a redu\u00e7\u00e3o da tributa\u00e7\u00e3o da empresa\u201d, disse o secret\u00e1rio especial para a reforma tribut\u00e1ria, Bernard Appy, em agosto do ano passado, durante participa\u00e7\u00e3o em evento organizado por sindicatos de auditores fiscais. Ainda n\u00e3o h\u00e1, no entanto, uma previs\u00e3o de al\u00edquota para o rendimento.\u00a0<\/p>\n\n\n\n<div class=\"wp-block-image\"><figure class=\"aligncenter size-large\"><a href=\"https:\/\/cesconetto.com.br\/\"><img loading=\"lazy\" decoding=\"async\" width=\"300\" height=\"250\" src=\"https:\/\/jornalfatosenoticias.com.br\/wp-content\/uploads\/2020\/02\/Banner-2.png\" alt=\"\" class=\"wp-image-43787\"\/><\/a><\/figure><\/div>\n\n\n\n<p>Segundo declarou Haddad no \u00faltimo dia 25, algumas propostas para a reforma do IR est\u00e3o sendo preparadas para serem levadas \u00e0 an\u00e1lise de Lula. Em 2021, o ent\u00e3o ministro da Economia, Paulo Guedes, chegou a encaminhar um projeto de lei que reformava a tributa\u00e7\u00e3o sobre renda e previa a taxa\u00e7\u00e3o de dividendos. Mas o texto, aprovado ap\u00f3s diversas modifica\u00e7\u00f5es na C\u00e2mara, n\u00e3o avan\u00e7ou no Senado.<\/p>\n\n\n\n<div class=\"wp-block-image\"><figure class=\"aligncenter size-large is-resized\"><a href=\"https:\/\/www.controlsystems.com.br\/\"><img loading=\"lazy\" decoding=\"async\" src=\"https:\/\/jornalfatosenoticias.com.br\/wp-content\/uploads\/2020\/02\/CONTROL-CS.jpg\" alt=\"\" class=\"wp-image-44991\" width=\"305\" height=\"365\" srcset=\"https:\/\/jornalfatosenoticias.com.br\/wp-content\/uploads\/2020\/02\/CONTROL-CS.jpg 834w, https:\/\/jornalfatosenoticias.com.br\/wp-content\/uploads\/2020\/02\/CONTROL-CS-250x300.jpg 250w, https:\/\/jornalfatosenoticias.com.br\/wp-content\/uploads\/2020\/02\/CONTROL-CS-768x921.jpg 768w\" sizes=\"auto, (max-width: 305px) 100vw, 305px\" \/><\/a><\/figure><\/div>\n\n\n\n<p>A proposta de Guedes era taxar dividendos em 20% e reduzir a al\u00edquota do Imposto de Renda da Pessoa Jur\u00eddica (IRPJ) em 5 pontos porcentuais, de 15% para 10%. Na C\u00e2mara, no entanto, a tributa\u00e7\u00e3o do lucro distribu\u00eddo foi reduzida para 15% e o corte no IRPJ, elevado para 7 pontos porcentuais. Al\u00e9m disso, a vers\u00e3o que foi encaminhada ao Senado previa uma redu\u00e7\u00e3o de at\u00e9 um ponto na al\u00edquota da CSLL.\u00a0<\/p>\n\n\n\n<div class=\"wp-block-image\"><figure class=\"aligncenter size-large is-resized\"><a href=\"https:\/\/hotelmarquetti.com.br\/\"><img loading=\"lazy\" decoding=\"async\" src=\"https:\/\/jornalfatosenoticias.com.br\/wp-content\/uploads\/2023\/03\/nova-logo-Marquetti.jpg\" alt=\"\" class=\"wp-image-40207\" width=\"331\" height=\"222\" srcset=\"https:\/\/jornalfatosenoticias.com.br\/wp-content\/uploads\/2023\/03\/nova-logo-Marquetti.jpg 643w, https:\/\/jornalfatosenoticias.com.br\/wp-content\/uploads\/2023\/03\/nova-logo-Marquetti-300x202.jpg 300w\" sizes=\"auto, (max-width: 331px) 100vw, 331px\" \/><\/a><\/figure><\/div>\n\n\n\n<p>Em julho do ano passado, o ministro da Fazenda, Fernando Haddad, disse que n\u00e3o deve lan\u00e7ar m\u00e3o do texto parado no Senado. \u201cN\u00e3o devemos aproveit\u00e1-la, n\u00e3o. Nesse caso \u00e9 lei ordin\u00e1ria, n\u00e3o \u00e9 PEC [proposta de emenda \u00e0 Constitui\u00e7\u00e3o]\u201d, explicou.<\/p>\n\n\n\n<div class=\"wp-block-image\"><figure class=\"aligncenter size-large is-resized\"><a href=\"https:\/\/www.facebook.com\/vetor.vix\/\"><img loading=\"lazy\" decoding=\"async\" src=\"https:\/\/jornalfatosenoticias.com.br\/wp-content\/uploads\/2023\/09\/vetorvix1024_1.jpg\" alt=\"\" class=\"wp-image-44868\" width=\"516\" height=\"137\" srcset=\"https:\/\/jornalfatosenoticias.com.br\/wp-content\/uploads\/2023\/09\/vetorvix1024_1.jpg 1024w, https:\/\/jornalfatosenoticias.com.br\/wp-content\/uploads\/2023\/09\/vetorvix1024_1-300x80.jpg 300w, https:\/\/jornalfatosenoticias.com.br\/wp-content\/uploads\/2023\/09\/vetorvix1024_1-768x205.jpg 768w\" sizes=\"auto, (max-width: 516px) 100vw, 516px\" \/><\/a><\/figure><\/div>\n\n\n\n<p><strong><span class=\"has-inline-color has-black-color\">Imposto m\u00ednimo de 15% sobre lucro de multinacionais\u00a0<br><\/span><\/strong>A nova etapa da reforma tribut\u00e1ria tamb\u00e9m pode incluir um imposto m\u00ednimo efetivo de 15% sobre o lucro de multinacionais que operam no Brasil, uma medida negociada internacionalmente sob a coordena\u00e7\u00e3o da Organiza\u00e7\u00e3o para a Coopera\u00e7\u00e3o e o Desenvolvimento Econ\u00f4mico (OCDE) e j\u00e1 adotada em pelo menos 55 pa\u00edses, incluindo os da Uni\u00e3o Europeia.<\/p>\n\n\n\n<div class=\"wp-block-image\"><figure class=\"aligncenter size-large is-resized\"><a href=\"https:\/\/www.instagram.com\/vmais.midias\/\"><img loading=\"lazy\" decoding=\"async\" src=\"https:\/\/jornalfatosenoticias.com.br\/wp-content\/uploads\/2020\/02\/DE-MAIS-DESTAQUE-VMAIS-800X700.png\" alt=\"\" class=\"wp-image-53112\" width=\"288\" height=\"251\" srcset=\"https:\/\/jornalfatosenoticias.com.br\/wp-content\/uploads\/2020\/02\/DE-MAIS-DESTAQUE-VMAIS-800X700.png 800w, https:\/\/jornalfatosenoticias.com.br\/wp-content\/uploads\/2020\/02\/DE-MAIS-DESTAQUE-VMAIS-800X700-300x263.png 300w, https:\/\/jornalfatosenoticias.com.br\/wp-content\/uploads\/2020\/02\/DE-MAIS-DESTAQUE-VMAIS-800X700-768x672.png 768w\" sizes=\"auto, (max-width: 288px) 100vw, 288px\" \/><\/a><\/figure><\/div>\n\n\n\n<p>Embora a al\u00edquota de impostos sobre lucro de empresas no Brasil (IRPJ e CSLL) chegue a 34%, parte das multinacionais conta benef\u00edcios fiscais ou dedu\u00e7\u00f5es na base de c\u00e1lculo que derrubam a al\u00edquota efetiva para menos de 15%.<\/p>\n\n\n\n<div class=\"wp-block-image\"><figure class=\"aligncenter size-large\"><a href=\"http:\/\/www.ferrarimaquinas.com.br\/\"><img loading=\"lazy\" decoding=\"async\" width=\"300\" height=\"250\" src=\"https:\/\/jornalfatosenoticias.com.br\/wp-content\/uploads\/2022\/02\/FERRARI_MAQUINAS-E-FERRAMENTAS2.jpg\" alt=\"\" class=\"wp-image-27860\"\/><\/a><\/figure><\/div>\n\n\n\n<p><strong><span class=\"has-inline-color has-black-color\">Imposto sobre as big techs<br><\/span><\/strong>Na \u00faltima quarta-feira (28), o secret\u00e1rio-executivo do Minist\u00e9rio da Fazenda, Dario Durigan, disse que o governo pretende enviar ao Congresso, ainda neste ano, uma proposta para taxar as grandes empresas de tecnologia, as chamadas big techs. Segundo as primeiras estimativas da equipe econ\u00f4mica, a taxa\u00e7\u00e3o das big techs deve render cerca de R$ 5 bilh\u00f5es por ano. O secret\u00e1rio disse que a medida \u00e9 um dos pilares de recomenda\u00e7\u00f5es da OCDE. N\u00e3o est\u00e1 claro se o imposto sobre as big techs \u00e9 o mesmo citado no item anterior, a taxa\u00e7\u00e3o m\u00ednima de multinacionais.<\/p>\n\n\n\n<div class=\"wp-block-image\"><figure class=\"aligncenter size-large is-resized\"><a href=\"https:\/\/www.instagram.com\/serra4x4cambioautomatico\/\"><img loading=\"lazy\" decoding=\"async\" src=\"https:\/\/jornalfatosenoticias.com.br\/wp-content\/uploads\/2024\/08\/Serra-4x4-1-886x1024.jpg\" alt=\"\" class=\"wp-image-53632\" width=\"311\" height=\"360\" srcset=\"https:\/\/jornalfatosenoticias.com.br\/wp-content\/uploads\/2024\/08\/Serra-4x4-1-886x1024.jpg 886w, https:\/\/jornalfatosenoticias.com.br\/wp-content\/uploads\/2024\/08\/Serra-4x4-1-260x300.jpg 260w, https:\/\/jornalfatosenoticias.com.br\/wp-content\/uploads\/2024\/08\/Serra-4x4-1-768x888.jpg 768w, https:\/\/jornalfatosenoticias.com.br\/wp-content\/uploads\/2024\/08\/Serra-4x4-1.jpg 1181w\" sizes=\"auto, (max-width: 311px) 100vw, 311px\" \/><\/a><\/figure><\/div>\n\n\n\n<p><strong><span class=\"has-inline-color has-black-color\">Imposto global sobre patrim\u00f4nio de bilion\u00e1rios\u00a0<br><\/span><\/strong>O governo Lula estuda ainda um modelo de taxa\u00e7\u00e3o de super-ricos que tamb\u00e9m precisaria ter alcance global para evitar a fuga de capital para para\u00edsos fiscais. A ideia foi apresentada por Haddad no fim de fevereiro, durante reuni\u00e3o de ministros e presidentes de bancos centrais do G20 realizada em S\u00e3o Paulo.<\/p>\n\n\n\n<div class=\"wp-block-image\"><figure class=\"aligncenter size-large is-resized\"><a href=\"https:\/\/www.legisjuris.com.br\/\"><img loading=\"lazy\" decoding=\"async\" src=\"https:\/\/jornalfatosenoticias.com.br\/wp-content\/uploads\/2024\/09\/Legis-Juris-Consultoria_logo.jpg\" alt=\"\" class=\"wp-image-53915\" width=\"370\" height=\"155\" srcset=\"https:\/\/jornalfatosenoticias.com.br\/wp-content\/uploads\/2024\/09\/Legis-Juris-Consultoria_logo.jpg 969w, https:\/\/jornalfatosenoticias.com.br\/wp-content\/uploads\/2024\/09\/Legis-Juris-Consultoria_logo-300x126.jpg 300w, https:\/\/jornalfatosenoticias.com.br\/wp-content\/uploads\/2024\/09\/Legis-Juris-Consultoria_logo-768x322.jpg 768w\" sizes=\"auto, (max-width: 370px) 100vw, 370px\" \/><\/a><\/figure><\/div>\n\n\n\n<p>Para desenhar a proposta, o governo contratou o economista franc\u00eas Gabriel Zucman, professor assistente da Universidade da Calif\u00f3rnia Berkeley que lidera o EU Tax Observatory. Segundo o think tank, um imposto m\u00ednimo global de 2% sobre bilion\u00e1rios poderia arrecadar US$ 250 bilh\u00f5es (mais de R$ 1 trilh\u00e3o) por ano em todo o mundo. Zucman reconhece, no entanto, que a ideia n\u00e3o \u00e9 f\u00e1cil de ser executada e pode levar anos para se concretizar.<\/p>\n\n\n\n<div class=\"wp-block-image\"><figure class=\"aligncenter size-large is-resized\"><img loading=\"lazy\" decoding=\"async\" src=\"https:\/\/jornalfatosenoticias.com.br\/wp-content\/uploads\/2022\/02\/Precisao-Contabilidade-1024x724.jpg\" alt=\"\" class=\"wp-image-28088\" width=\"321\" height=\"227\"\/><\/figure><\/div>\n\n\n\n<p>A necessidade de se discutir esse tipo de tributa\u00e7\u00e3o foi reconhecida em um documento divulgado na sexta-feira (26), ao fim da 3\u00aa reuni\u00e3o de Ministros de Finan\u00e7as e Presidentes de Bancos Centrais do G20, realizado no Rio de Janeiro. Atualmente sob a presid\u00eancia do Brasil, o G20 re\u00fane as 19 maiores economias do mundo, al\u00e9m da Uni\u00e3o Europeia e da Uni\u00e3o Africana.<\/p>\n\n\n\n<div class=\"wp-block-image\"><figure class=\"aligncenter size-large is-resized\"><a href=\"https:\/\/www.instagram.com\/restaurantepegoretti\/\"><img loading=\"lazy\" decoding=\"async\" src=\"https:\/\/jornalfatosenoticias.com.br\/wp-content\/uploads\/2023\/12\/pegoretti-logo-pdf-1024x389.jpg\" alt=\"\" class=\"wp-image-47536\" width=\"388\" height=\"147\" srcset=\"https:\/\/jornalfatosenoticias.com.br\/wp-content\/uploads\/2023\/12\/pegoretti-logo-pdf-1024x389.jpg 1024w, https:\/\/jornalfatosenoticias.com.br\/wp-content\/uploads\/2023\/12\/pegoretti-logo-pdf-300x114.jpg 300w, https:\/\/jornalfatosenoticias.com.br\/wp-content\/uploads\/2023\/12\/pegoretti-logo-pdf-768x291.jpg 768w, https:\/\/jornalfatosenoticias.com.br\/wp-content\/uploads\/2023\/12\/pegoretti-logo-pdf.jpg 1120w\" sizes=\"auto, (max-width: 388px) 100vw, 388px\" \/><\/a><\/figure><\/div>\n\n\n\n<p><strong><span class=\"has-inline-color has-black-color\">Nos estados: taxa\u00e7\u00e3o de previd\u00eancia privada transmitida por heran\u00e7a\u00a0\u00a0<br><\/span><\/strong>O esfor\u00e7o arrecadat\u00f3rio n\u00e3o se limita ao governo federal. Estados tamb\u00e9m buscam aumentar suas receitas. Em um dos projetos de lei complementar (PLPs) que regulamentam a reforma tribut\u00e1ria, deputados decidiram incluir a autoriza\u00e7\u00e3o a estados para a\u00a0cobran\u00e7a do Imposto sobre Transmiss\u00e3o Causa Mortis e Doa\u00e7\u00e3o (ITCMD)\u00a0sobre aplica\u00e7\u00f5es em planos de previd\u00eancia privada transmitidos por meio de heran\u00e7a.<\/p>\n\n\n\n<div class=\"wp-block-image\"><figure class=\"aligncenter size-large is-resized\"><a href=\"https:\/\/hotelmarquetti.com.br\/\"><img loading=\"lazy\" decoding=\"async\" src=\"https:\/\/jornalfatosenoticias.com.br\/wp-content\/uploads\/2023\/03\/nova-logo-Marquetti.jpg\" alt=\"\" class=\"wp-image-40207\" width=\"331\" height=\"222\" srcset=\"https:\/\/jornalfatosenoticias.com.br\/wp-content\/uploads\/2023\/03\/nova-logo-Marquetti.jpg 643w, https:\/\/jornalfatosenoticias.com.br\/wp-content\/uploads\/2023\/03\/nova-logo-Marquetti-300x202.jpg 300w\" sizes=\"auto, (max-width: 331px) 100vw, 331px\" \/><\/a><\/figure><\/div>\n\n\n\n<p>A ideia j\u00e1 constava de uma vers\u00e3o preliminar do projeto elaborado pelo Minist\u00e9rio da Fazenda, mas foi retirada do texto\u00a0ap\u00f3s vazar para ve\u00edculos de imprensa e repercutir negativamente. A inten\u00e7\u00e3o da proposta aprovada pela C\u00e2mara \u2014 que ainda ser\u00e1 avaliada pelo Senado \u2014 \u00e9 uniformizar nacionalmente a cobran\u00e7a do ITCMD sobre a transfer\u00eancia de recursos aplicados em planos de previd\u00eancia privada. Hoje, por serem considerados uma esp\u00e9cie de seguro, planos do tipo VGBL em geral n\u00e3o s\u00e3o taxados quando transferidos.<\/p>\n\n\n\n<div class=\"wp-block-image\"><figure class=\"aligncenter size-large is-resized\"><a href=\"https:\/\/www.controlsystems.com.br\/\"><img loading=\"lazy\" decoding=\"async\" src=\"https:\/\/jornalfatosenoticias.com.br\/wp-content\/uploads\/2020\/02\/CONTROL-CS.jpg\" alt=\"\" class=\"wp-image-44991\" width=\"276\" height=\"331\" srcset=\"https:\/\/jornalfatosenoticias.com.br\/wp-content\/uploads\/2020\/02\/CONTROL-CS.jpg 834w, https:\/\/jornalfatosenoticias.com.br\/wp-content\/uploads\/2020\/02\/CONTROL-CS-250x300.jpg 250w, https:\/\/jornalfatosenoticias.com.br\/wp-content\/uploads\/2020\/02\/CONTROL-CS-768x921.jpg 768w\" sizes=\"auto, (max-width: 276px) 100vw, 276px\" \/><\/a><\/figure><\/div>\n\n\n\n<p>J\u00e1 sobre a modalidade PGBL h\u00e1 regras diferentes dependendo do estado, e est\u00e1 sob an\u00e1lise do STF uma defini\u00e7\u00e3o sobre a incid\u00eancia do tributo nesse tipo de aplica\u00e7\u00e3o. O julgamento come\u00e7ou dias atr\u00e1s, no plen\u00e1rio virtual, e foi interrompido ap\u00f3s pedido de vista do ministro Gilmar Mendes. Por ora, o placar \u00e9 de tr\u00eas votos a zero contra a incid\u00eancia do ITCMD sobre os planos de previd\u00eancia privada.<\/p>\n\n\n\n<div class=\"wp-block-image\"><figure class=\"aligncenter size-large\"><a href=\"http:\/\/www.ferrarimaquinas.com.br\/\"><img loading=\"lazy\" decoding=\"async\" width=\"300\" height=\"250\" src=\"https:\/\/jornalfatosenoticias.com.br\/wp-content\/uploads\/2022\/02\/FERRARI_MAQUINAS-E-FERRAMENTAS2.jpg\" alt=\"\" class=\"wp-image-27860\"\/><\/a><\/figure><\/div>\n\n\n\n<p>Segundo o texto aprovado na C\u00e2mara, o ITCMD passar\u00e1 a incidir sobre \u201caportes financeiros capitalizados sob a forma de planos de previd\u00eancia privada ou qualquer outra forma ou denomina\u00e7\u00e3o de aplica\u00e7\u00e3o financeira ou investimento, seja qual for a modalidade de garantia\u201d.\u00a0<\/p>\n\n\n\n<div class=\"wp-block-image\"><figure class=\"aligncenter size-large\"><a href=\"https:\/\/www.facebook.com\/Esteio-Churrascaria-Barbecue-103643461220402\/\"><img decoding=\"async\" src=\"https:\/\/jornalfatosenoticias.com.br\/wp-content\/uploads\/2020\/02\/logo_esteio.jpg\" alt=\"\" class=\"wp-image-1214\"\/><\/a><\/figure><\/div>\n\n\n\n<p>Ou seja, caso a vers\u00e3o dos parlamentares seja aprovada, tanto planos PGBL quanto VGBL poder\u00e3o ser tributados. No caso dos contratos VGBL, no entanto, somente estar\u00e3o sujeitos \u00e0 taxa\u00e7\u00e3o os que tenham prazo inferior a cinco anos, contados da data do aporte at\u00e9 a ocorr\u00eancia do fato gerador (transmiss\u00e3o da heran\u00e7a). Ficam de fora os chamados contratos de risco, semelhantes a seguro de vida e nos quais a indeniza\u00e7\u00e3o paga aos benefici\u00e1rios n\u00e3o tem rela\u00e7\u00e3o com o valor aportado.<\/p>\n\n\n\n<div class=\"wp-block-image\"><figure class=\"aligncenter size-large\"><a href=\"https:\/\/panper.com.br\/\"><img loading=\"lazy\" decoding=\"async\" width=\"1024\" height=\"111\" src=\"https:\/\/jornalfatosenoticias.com.br\/wp-content\/uploads\/2020\/02\/WhatsApp-Image-2022-09-23-at-12.09.18-1024x111.jpeg\" alt=\"\" class=\"wp-image-34527\" srcset=\"https:\/\/jornalfatosenoticias.com.br\/wp-content\/uploads\/2020\/02\/WhatsApp-Image-2022-09-23-at-12.09.18-1024x111.jpeg 1024w, https:\/\/jornalfatosenoticias.com.br\/wp-content\/uploads\/2020\/02\/WhatsApp-Image-2022-09-23-at-12.09.18-300x32.jpeg 300w, https:\/\/jornalfatosenoticias.com.br\/wp-content\/uploads\/2020\/02\/WhatsApp-Image-2022-09-23-at-12.09.18-768x83.jpeg 768w, https:\/\/jornalfatosenoticias.com.br\/wp-content\/uploads\/2020\/02\/WhatsApp-Image-2022-09-23-at-12.09.18.jpeg 1121w\" sizes=\"auto, (max-width: 1024px) 100vw, 1024px\" \/><\/a><\/figure><\/div>\n\n\n\n<p><strong><em>Fonte: <a href=\"https:\/\/www.gazetadopovo.com.br\/economia\/governo-mantem-foco-em-arrecadar-mais-impostos-quais-proximas-apostas\/\">Gazeta do Povo<\/a><\/em><\/strong><\/p>\n","protected":false},"excerpt":{"rendered":"<p>Haddad e Lula: governo mant\u00e9m foco no aumento da arrecada\u00e7\u00e3o de impostos Por C\u00e9lio Yano Mesmo com o congelamento de R$ 15 bilh\u00f5es em despesas que o governo de Luiz In\u00e1cio Lula da Silva (PT) se viu obrigado a fazer para cumprir a meta fiscal deste ano, o Minist\u00e9rio da Fazenda ainda trabalha em medidas [&hellip;]<\/p>\n","protected":false},"author":2,"featured_media":54066,"comment_status":"open","ping_status":"open","sticky":false,"template":"","format":"standard","meta":{"footnotes":""},"categories":[9],"tags":[8163,18155,1402,8257,7580,18916,24015,4046,294,8611],"class_list":["post-54065","post","type-post","status-publish","format-standard","has-post-thumbnail","hentry","category-economia","tag-contas-publicas","tag-fernando-haddad","tag-imposto-de-renda","tag-impostos","tag-lula","tag-ministerio-da-fazenda","tag-previdencia-privada","tag-reforma-tributaria","tag-stf","tag-tributacao"],"yoast_head":"<!-- This site is optimized with the Yoast SEO plugin v26.5 - https:\/\/yoast.com\/wordpress\/plugins\/seo\/ -->\n<title>Com rombo nas contas, governo mant\u00e9m foco em arrecadar mais. Quais as pr\u00f3ximas apostas - Jornal Fatos e Not\u00edcias<\/title>\n<meta name=\"robots\" content=\"index, follow, max-snippet:-1, max-image-preview:large, max-video-preview:-1\" \/>\n<link rel=\"canonical\" href=\"https:\/\/jornalfatosenoticias.com.br\/index.php\/2024\/09\/10\/com-rombo-nas-contas-governo-mantem-foco-em-arrecadar-mais-quais-as-proximas-apostas\/\" \/>\n<meta property=\"og:locale\" content=\"pt_BR\" \/>\n<meta property=\"og:type\" content=\"article\" \/>\n<meta property=\"og:title\" content=\"Com rombo nas contas, governo mant\u00e9m foco em arrecadar mais. Quais as pr\u00f3ximas apostas - Jornal Fatos e Not\u00edcias\" \/>\n<meta property=\"og:description\" content=\"Haddad e Lula: governo mant\u00e9m foco no aumento da arrecada\u00e7\u00e3o de impostos Por C\u00e9lio Yano Mesmo com o congelamento de R$ 15 bilh\u00f5es em despesas que o governo de Luiz In\u00e1cio Lula da Silva (PT) se viu obrigado a fazer para cumprir a meta fiscal deste ano, o Minist\u00e9rio da Fazenda ainda trabalha em medidas [&hellip;]\" \/>\n<meta property=\"og:url\" content=\"https:\/\/jornalfatosenoticias.com.br\/index.php\/2024\/09\/10\/com-rombo-nas-contas-governo-mantem-foco-em-arrecadar-mais-quais-as-proximas-apostas\/\" \/>\n<meta property=\"og:site_name\" content=\"Jornal Fatos e Not\u00edcias\" \/>\n<meta property=\"article:published_time\" content=\"2024-09-10T16:12:28+00:00\" \/>\n<meta property=\"article:modified_time\" content=\"2024-09-10T16:12:29+00:00\" \/>\n<meta property=\"og:image\" content=\"https:\/\/jornalfatosenoticias.com.br\/wp-content\/uploads\/2024\/09\/qu4drilh4-do-imposto_gettyimages.jpg\" \/>\n\t<meta property=\"og:image:width\" content=\"612\" \/>\n\t<meta property=\"og:image:height\" content=\"407\" \/>\n\t<meta property=\"og:image:type\" content=\"image\/jpeg\" \/>\n<meta name=\"author\" content=\"Luzimara Fernandes\" \/>\n<meta name=\"twitter:card\" content=\"summary_large_image\" \/>\n<meta name=\"twitter:label1\" content=\"Escrito por\" \/>\n\t<meta name=\"twitter:data1\" content=\"Luzimara Fernandes\" \/>\n\t<meta name=\"twitter:label2\" content=\"Est. tempo de leitura\" \/>\n\t<meta name=\"twitter:data2\" content=\"12 minutos\" \/>\n<script type=\"application\/ld+json\" class=\"yoast-schema-graph\">{\"@context\":\"https:\/\/schema.org\",\"@graph\":[{\"@type\":\"Article\",\"@id\":\"https:\/\/jornalfatosenoticias.com.br\/index.php\/2024\/09\/10\/com-rombo-nas-contas-governo-mantem-foco-em-arrecadar-mais-quais-as-proximas-apostas\/#article\",\"isPartOf\":{\"@id\":\"https:\/\/jornalfatosenoticias.com.br\/index.php\/2024\/09\/10\/com-rombo-nas-contas-governo-mantem-foco-em-arrecadar-mais-quais-as-proximas-apostas\/\"},\"author\":{\"name\":\"Luzimara Fernandes\",\"@id\":\"https:\/\/jornalfatosenoticias.com.br\/#\/schema\/person\/d63837fa13ac8666eb9e74e0985d6f81\"},\"headline\":\"Com rombo nas contas, governo mant\u00e9m foco em arrecadar mais. Quais as pr\u00f3ximas apostas\",\"datePublished\":\"2024-09-10T16:12:28+00:00\",\"dateModified\":\"2024-09-10T16:12:29+00:00\",\"mainEntityOfPage\":{\"@id\":\"https:\/\/jornalfatosenoticias.com.br\/index.php\/2024\/09\/10\/com-rombo-nas-contas-governo-mantem-foco-em-arrecadar-mais-quais-as-proximas-apostas\/\"},\"wordCount\":2344,\"commentCount\":0,\"publisher\":{\"@id\":\"https:\/\/jornalfatosenoticias.com.br\/#organization\"},\"image\":{\"@id\":\"https:\/\/jornalfatosenoticias.com.br\/index.php\/2024\/09\/10\/com-rombo-nas-contas-governo-mantem-foco-em-arrecadar-mais-quais-as-proximas-apostas\/#primaryimage\"},\"thumbnailUrl\":\"https:\/\/jornalfatosenoticias.com.br\/wp-content\/uploads\/2024\/09\/qu4drilh4-do-imposto_gettyimages.jpg\",\"keywords\":[\"contas p\u00fablicas\",\"Fernando Haddad\",\"Imposto de Renda\",\"impostos\",\"Lula\",\"Minist\u00e9rio da Fazenda\",\"Previd\u00eancia Privada\",\"Reforma Tribut\u00e1ria\",\"STF\",\"tributa\u00e7\u00e3o\"],\"articleSection\":[\"Economia\"],\"inLanguage\":\"pt-BR\",\"potentialAction\":[{\"@type\":\"CommentAction\",\"name\":\"Comment\",\"target\":[\"https:\/\/jornalfatosenoticias.com.br\/index.php\/2024\/09\/10\/com-rombo-nas-contas-governo-mantem-foco-em-arrecadar-mais-quais-as-proximas-apostas\/#respond\"]}]},{\"@type\":\"WebPage\",\"@id\":\"https:\/\/jornalfatosenoticias.com.br\/index.php\/2024\/09\/10\/com-rombo-nas-contas-governo-mantem-foco-em-arrecadar-mais-quais-as-proximas-apostas\/\",\"url\":\"https:\/\/jornalfatosenoticias.com.br\/index.php\/2024\/09\/10\/com-rombo-nas-contas-governo-mantem-foco-em-arrecadar-mais-quais-as-proximas-apostas\/\",\"name\":\"Com rombo nas contas, governo mant\u00e9m foco em arrecadar mais. Quais as pr\u00f3ximas apostas - Jornal Fatos e Not\u00edcias\",\"isPartOf\":{\"@id\":\"https:\/\/jornalfatosenoticias.com.br\/#website\"},\"primaryImageOfPage\":{\"@id\":\"https:\/\/jornalfatosenoticias.com.br\/index.php\/2024\/09\/10\/com-rombo-nas-contas-governo-mantem-foco-em-arrecadar-mais-quais-as-proximas-apostas\/#primaryimage\"},\"image\":{\"@id\":\"https:\/\/jornalfatosenoticias.com.br\/index.php\/2024\/09\/10\/com-rombo-nas-contas-governo-mantem-foco-em-arrecadar-mais-quais-as-proximas-apostas\/#primaryimage\"},\"thumbnailUrl\":\"https:\/\/jornalfatosenoticias.com.br\/wp-content\/uploads\/2024\/09\/qu4drilh4-do-imposto_gettyimages.jpg\",\"datePublished\":\"2024-09-10T16:12:28+00:00\",\"dateModified\":\"2024-09-10T16:12:29+00:00\",\"breadcrumb\":{\"@id\":\"https:\/\/jornalfatosenoticias.com.br\/index.php\/2024\/09\/10\/com-rombo-nas-contas-governo-mantem-foco-em-arrecadar-mais-quais-as-proximas-apostas\/#breadcrumb\"},\"inLanguage\":\"pt-BR\",\"potentialAction\":[{\"@type\":\"ReadAction\",\"target\":[\"https:\/\/jornalfatosenoticias.com.br\/index.php\/2024\/09\/10\/com-rombo-nas-contas-governo-mantem-foco-em-arrecadar-mais-quais-as-proximas-apostas\/\"]}]},{\"@type\":\"ImageObject\",\"inLanguage\":\"pt-BR\",\"@id\":\"https:\/\/jornalfatosenoticias.com.br\/index.php\/2024\/09\/10\/com-rombo-nas-contas-governo-mantem-foco-em-arrecadar-mais-quais-as-proximas-apostas\/#primaryimage\",\"url\":\"https:\/\/jornalfatosenoticias.com.br\/wp-content\/uploads\/2024\/09\/qu4drilh4-do-imposto_gettyimages.jpg\",\"contentUrl\":\"https:\/\/jornalfatosenoticias.com.br\/wp-content\/uploads\/2024\/09\/qu4drilh4-do-imposto_gettyimages.jpg\",\"width\":612,\"height\":407,\"caption\":\"Fernando Haddad, Brazil's finance minister, from right, Luiz Inacio Lula da Silva, Brazil's president, and Geraldo Alckmin, Brazil's vice president, attend a bill signing ceremony at the Planalto Palace in Brasilia, Brazil, on Monday, Aug. 28, 2023. The provisional measure that increases the minimum wage and widens the income tax exemption band was approved by the Chamber of Deputies last week. Photographer: Ton Molina\/Bloomberg via Getty Images\"},{\"@type\":\"BreadcrumbList\",\"@id\":\"https:\/\/jornalfatosenoticias.com.br\/index.php\/2024\/09\/10\/com-rombo-nas-contas-governo-mantem-foco-em-arrecadar-mais-quais-as-proximas-apostas\/#breadcrumb\",\"itemListElement\":[{\"@type\":\"ListItem\",\"position\":1,\"name\":\"In\u00edcio\",\"item\":\"https:\/\/jornalfatosenoticias.com.br\/\"},{\"@type\":\"ListItem\",\"position\":2,\"name\":\"Com rombo nas contas, governo mant\u00e9m foco em arrecadar mais. Quais as pr\u00f3ximas apostas\"}]},{\"@type\":\"WebSite\",\"@id\":\"https:\/\/jornalfatosenoticias.com.br\/#website\",\"url\":\"https:\/\/jornalfatosenoticias.com.br\/\",\"name\":\"Jornal Fatos e Not\u00edcias\",\"description\":\"Not\u00edcias em geral\",\"publisher\":{\"@id\":\"https:\/\/jornalfatosenoticias.com.br\/#organization\"},\"potentialAction\":[{\"@type\":\"SearchAction\",\"target\":{\"@type\":\"EntryPoint\",\"urlTemplate\":\"https:\/\/jornalfatosenoticias.com.br\/?s={search_term_string}\"},\"query-input\":{\"@type\":\"PropertyValueSpecification\",\"valueRequired\":true,\"valueName\":\"search_term_string\"}}],\"inLanguage\":\"pt-BR\"},{\"@type\":\"Organization\",\"@id\":\"https:\/\/jornalfatosenoticias.com.br\/#organization\",\"name\":\"Jornal Fatos e Not\u00edcias\",\"url\":\"https:\/\/jornalfatosenoticias.com.br\/\",\"logo\":{\"@type\":\"ImageObject\",\"inLanguage\":\"pt-BR\",\"@id\":\"https:\/\/jornalfatosenoticias.com.br\/#\/schema\/logo\/image\/\",\"url\":\"https:\/\/jornalfatosenoticias.com.br\/wp-content\/uploads\/2020\/02\/logo120.png\",\"contentUrl\":\"https:\/\/jornalfatosenoticias.com.br\/wp-content\/uploads\/2020\/02\/logo120.png\",\"width\":1227,\"height\":120,\"caption\":\"Jornal Fatos e Not\u00edcias\"},\"image\":{\"@id\":\"https:\/\/jornalfatosenoticias.com.br\/#\/schema\/logo\/image\/\"}},{\"@type\":\"Person\",\"@id\":\"https:\/\/jornalfatosenoticias.com.br\/#\/schema\/person\/d63837fa13ac8666eb9e74e0985d6f81\",\"name\":\"Luzimara Fernandes\",\"image\":{\"@type\":\"ImageObject\",\"inLanguage\":\"pt-BR\",\"@id\":\"https:\/\/jornalfatosenoticias.com.br\/#\/schema\/person\/image\/\",\"url\":\"https:\/\/jornalfatosenoticias.com.br\/wp-content\/uploads\/2025\/05\/EU_portal.jpg\",\"contentUrl\":\"https:\/\/jornalfatosenoticias.com.br\/wp-content\/uploads\/2025\/05\/EU_portal.jpg\",\"caption\":\"Luzimara Fernandes\"},\"description\":\"Jornalista MTB 2358-ES\",\"sameAs\":[\"https:\/\/jornalfatosenoticias.com.br\"],\"url\":\"https:\/\/jornalfatosenoticias.com.br\/index.php\/author\/luzimara\/\"}]}<\/script>\n<!-- \/ Yoast SEO plugin. -->","yoast_head_json":{"title":"Com rombo nas contas, governo mant\u00e9m foco em arrecadar mais. Quais as pr\u00f3ximas apostas - Jornal Fatos e Not\u00edcias","robots":{"index":"index","follow":"follow","max-snippet":"max-snippet:-1","max-image-preview":"max-image-preview:large","max-video-preview":"max-video-preview:-1"},"canonical":"https:\/\/jornalfatosenoticias.com.br\/index.php\/2024\/09\/10\/com-rombo-nas-contas-governo-mantem-foco-em-arrecadar-mais-quais-as-proximas-apostas\/","og_locale":"pt_BR","og_type":"article","og_title":"Com rombo nas contas, governo mant\u00e9m foco em arrecadar mais. Quais as pr\u00f3ximas apostas - Jornal Fatos e Not\u00edcias","og_description":"Haddad e Lula: governo mant\u00e9m foco no aumento da arrecada\u00e7\u00e3o de impostos Por C\u00e9lio Yano Mesmo com o congelamento de R$ 15 bilh\u00f5es em despesas que o governo de Luiz In\u00e1cio Lula da Silva (PT) se viu obrigado a fazer para cumprir a meta fiscal deste ano, o Minist\u00e9rio da Fazenda ainda trabalha em medidas [&hellip;]","og_url":"https:\/\/jornalfatosenoticias.com.br\/index.php\/2024\/09\/10\/com-rombo-nas-contas-governo-mantem-foco-em-arrecadar-mais-quais-as-proximas-apostas\/","og_site_name":"Jornal Fatos e Not\u00edcias","article_published_time":"2024-09-10T16:12:28+00:00","article_modified_time":"2024-09-10T16:12:29+00:00","og_image":[{"width":612,"height":407,"url":"https:\/\/jornalfatosenoticias.com.br\/wp-content\/uploads\/2024\/09\/qu4drilh4-do-imposto_gettyimages.jpg","type":"image\/jpeg"}],"author":"Luzimara Fernandes","twitter_card":"summary_large_image","twitter_misc":{"Escrito por":"Luzimara Fernandes","Est. tempo de leitura":"12 minutos"},"schema":{"@context":"https:\/\/schema.org","@graph":[{"@type":"Article","@id":"https:\/\/jornalfatosenoticias.com.br\/index.php\/2024\/09\/10\/com-rombo-nas-contas-governo-mantem-foco-em-arrecadar-mais-quais-as-proximas-apostas\/#article","isPartOf":{"@id":"https:\/\/jornalfatosenoticias.com.br\/index.php\/2024\/09\/10\/com-rombo-nas-contas-governo-mantem-foco-em-arrecadar-mais-quais-as-proximas-apostas\/"},"author":{"name":"Luzimara Fernandes","@id":"https:\/\/jornalfatosenoticias.com.br\/#\/schema\/person\/d63837fa13ac8666eb9e74e0985d6f81"},"headline":"Com rombo nas contas, governo mant\u00e9m foco em arrecadar mais. Quais as pr\u00f3ximas apostas","datePublished":"2024-09-10T16:12:28+00:00","dateModified":"2024-09-10T16:12:29+00:00","mainEntityOfPage":{"@id":"https:\/\/jornalfatosenoticias.com.br\/index.php\/2024\/09\/10\/com-rombo-nas-contas-governo-mantem-foco-em-arrecadar-mais-quais-as-proximas-apostas\/"},"wordCount":2344,"commentCount":0,"publisher":{"@id":"https:\/\/jornalfatosenoticias.com.br\/#organization"},"image":{"@id":"https:\/\/jornalfatosenoticias.com.br\/index.php\/2024\/09\/10\/com-rombo-nas-contas-governo-mantem-foco-em-arrecadar-mais-quais-as-proximas-apostas\/#primaryimage"},"thumbnailUrl":"https:\/\/jornalfatosenoticias.com.br\/wp-content\/uploads\/2024\/09\/qu4drilh4-do-imposto_gettyimages.jpg","keywords":["contas p\u00fablicas","Fernando Haddad","Imposto de Renda","impostos","Lula","Minist\u00e9rio da Fazenda","Previd\u00eancia Privada","Reforma Tribut\u00e1ria","STF","tributa\u00e7\u00e3o"],"articleSection":["Economia"],"inLanguage":"pt-BR","potentialAction":[{"@type":"CommentAction","name":"Comment","target":["https:\/\/jornalfatosenoticias.com.br\/index.php\/2024\/09\/10\/com-rombo-nas-contas-governo-mantem-foco-em-arrecadar-mais-quais-as-proximas-apostas\/#respond"]}]},{"@type":"WebPage","@id":"https:\/\/jornalfatosenoticias.com.br\/index.php\/2024\/09\/10\/com-rombo-nas-contas-governo-mantem-foco-em-arrecadar-mais-quais-as-proximas-apostas\/","url":"https:\/\/jornalfatosenoticias.com.br\/index.php\/2024\/09\/10\/com-rombo-nas-contas-governo-mantem-foco-em-arrecadar-mais-quais-as-proximas-apostas\/","name":"Com rombo nas contas, governo mant\u00e9m foco em arrecadar mais. Quais as pr\u00f3ximas apostas - Jornal Fatos e Not\u00edcias","isPartOf":{"@id":"https:\/\/jornalfatosenoticias.com.br\/#website"},"primaryImageOfPage":{"@id":"https:\/\/jornalfatosenoticias.com.br\/index.php\/2024\/09\/10\/com-rombo-nas-contas-governo-mantem-foco-em-arrecadar-mais-quais-as-proximas-apostas\/#primaryimage"},"image":{"@id":"https:\/\/jornalfatosenoticias.com.br\/index.php\/2024\/09\/10\/com-rombo-nas-contas-governo-mantem-foco-em-arrecadar-mais-quais-as-proximas-apostas\/#primaryimage"},"thumbnailUrl":"https:\/\/jornalfatosenoticias.com.br\/wp-content\/uploads\/2024\/09\/qu4drilh4-do-imposto_gettyimages.jpg","datePublished":"2024-09-10T16:12:28+00:00","dateModified":"2024-09-10T16:12:29+00:00","breadcrumb":{"@id":"https:\/\/jornalfatosenoticias.com.br\/index.php\/2024\/09\/10\/com-rombo-nas-contas-governo-mantem-foco-em-arrecadar-mais-quais-as-proximas-apostas\/#breadcrumb"},"inLanguage":"pt-BR","potentialAction":[{"@type":"ReadAction","target":["https:\/\/jornalfatosenoticias.com.br\/index.php\/2024\/09\/10\/com-rombo-nas-contas-governo-mantem-foco-em-arrecadar-mais-quais-as-proximas-apostas\/"]}]},{"@type":"ImageObject","inLanguage":"pt-BR","@id":"https:\/\/jornalfatosenoticias.com.br\/index.php\/2024\/09\/10\/com-rombo-nas-contas-governo-mantem-foco-em-arrecadar-mais-quais-as-proximas-apostas\/#primaryimage","url":"https:\/\/jornalfatosenoticias.com.br\/wp-content\/uploads\/2024\/09\/qu4drilh4-do-imposto_gettyimages.jpg","contentUrl":"https:\/\/jornalfatosenoticias.com.br\/wp-content\/uploads\/2024\/09\/qu4drilh4-do-imposto_gettyimages.jpg","width":612,"height":407,"caption":"Fernando Haddad, Brazil's finance minister, from right, Luiz Inacio Lula da Silva, Brazil's president, and Geraldo Alckmin, Brazil's vice president, attend a bill signing ceremony at the Planalto Palace in Brasilia, Brazil, on Monday, Aug. 28, 2023. The provisional measure that increases the minimum wage and widens the income tax exemption band was approved by the Chamber of Deputies last week. Photographer: Ton Molina\/Bloomberg via Getty Images"},{"@type":"BreadcrumbList","@id":"https:\/\/jornalfatosenoticias.com.br\/index.php\/2024\/09\/10\/com-rombo-nas-contas-governo-mantem-foco-em-arrecadar-mais-quais-as-proximas-apostas\/#breadcrumb","itemListElement":[{"@type":"ListItem","position":1,"name":"In\u00edcio","item":"https:\/\/jornalfatosenoticias.com.br\/"},{"@type":"ListItem","position":2,"name":"Com rombo nas contas, governo mant\u00e9m foco em arrecadar mais. Quais as pr\u00f3ximas apostas"}]},{"@type":"WebSite","@id":"https:\/\/jornalfatosenoticias.com.br\/#website","url":"https:\/\/jornalfatosenoticias.com.br\/","name":"Jornal Fatos e Not\u00edcias","description":"Not\u00edcias em geral","publisher":{"@id":"https:\/\/jornalfatosenoticias.com.br\/#organization"},"potentialAction":[{"@type":"SearchAction","target":{"@type":"EntryPoint","urlTemplate":"https:\/\/jornalfatosenoticias.com.br\/?s={search_term_string}"},"query-input":{"@type":"PropertyValueSpecification","valueRequired":true,"valueName":"search_term_string"}}],"inLanguage":"pt-BR"},{"@type":"Organization","@id":"https:\/\/jornalfatosenoticias.com.br\/#organization","name":"Jornal Fatos e Not\u00edcias","url":"https:\/\/jornalfatosenoticias.com.br\/","logo":{"@type":"ImageObject","inLanguage":"pt-BR","@id":"https:\/\/jornalfatosenoticias.com.br\/#\/schema\/logo\/image\/","url":"https:\/\/jornalfatosenoticias.com.br\/wp-content\/uploads\/2020\/02\/logo120.png","contentUrl":"https:\/\/jornalfatosenoticias.com.br\/wp-content\/uploads\/2020\/02\/logo120.png","width":1227,"height":120,"caption":"Jornal Fatos e Not\u00edcias"},"image":{"@id":"https:\/\/jornalfatosenoticias.com.br\/#\/schema\/logo\/image\/"}},{"@type":"Person","@id":"https:\/\/jornalfatosenoticias.com.br\/#\/schema\/person\/d63837fa13ac8666eb9e74e0985d6f81","name":"Luzimara Fernandes","image":{"@type":"ImageObject","inLanguage":"pt-BR","@id":"https:\/\/jornalfatosenoticias.com.br\/#\/schema\/person\/image\/","url":"https:\/\/jornalfatosenoticias.com.br\/wp-content\/uploads\/2025\/05\/EU_portal.jpg","contentUrl":"https:\/\/jornalfatosenoticias.com.br\/wp-content\/uploads\/2025\/05\/EU_portal.jpg","caption":"Luzimara Fernandes"},"description":"Jornalista MTB 2358-ES","sameAs":["https:\/\/jornalfatosenoticias.com.br"],"url":"https:\/\/jornalfatosenoticias.com.br\/index.php\/author\/luzimara\/"}]}},"cc_featured_image_caption":{"caption_text":"(Foto: Getty Images) ","source_text":"","source_url":""},"jetpack_featured_media_url":"https:\/\/jornalfatosenoticias.com.br\/wp-content\/uploads\/2024\/09\/qu4drilh4-do-imposto_gettyimages.jpg","_links":{"self":[{"href":"https:\/\/jornalfatosenoticias.com.br\/index.php\/wp-json\/wp\/v2\/posts\/54065","targetHints":{"allow":["GET"]}}],"collection":[{"href":"https:\/\/jornalfatosenoticias.com.br\/index.php\/wp-json\/wp\/v2\/posts"}],"about":[{"href":"https:\/\/jornalfatosenoticias.com.br\/index.php\/wp-json\/wp\/v2\/types\/post"}],"author":[{"embeddable":true,"href":"https:\/\/jornalfatosenoticias.com.br\/index.php\/wp-json\/wp\/v2\/users\/2"}],"replies":[{"embeddable":true,"href":"https:\/\/jornalfatosenoticias.com.br\/index.php\/wp-json\/wp\/v2\/comments?post=54065"}],"version-history":[{"count":0,"href":"https:\/\/jornalfatosenoticias.com.br\/index.php\/wp-json\/wp\/v2\/posts\/54065\/revisions"}],"wp:featuredmedia":[{"embeddable":true,"href":"https:\/\/jornalfatosenoticias.com.br\/index.php\/wp-json\/wp\/v2\/media\/54066"}],"wp:attachment":[{"href":"https:\/\/jornalfatosenoticias.com.br\/index.php\/wp-json\/wp\/v2\/media?parent=54065"}],"wp:term":[{"taxonomy":"category","embeddable":true,"href":"https:\/\/jornalfatosenoticias.com.br\/index.php\/wp-json\/wp\/v2\/categories?post=54065"},{"taxonomy":"post_tag","embeddable":true,"href":"https:\/\/jornalfatosenoticias.com.br\/index.php\/wp-json\/wp\/v2\/tags?post=54065"}],"curies":[{"name":"wp","href":"https:\/\/api.w.org\/{rel}","templated":true}]}}