{"id":54068,"date":"2024-09-10T13:24:36","date_gmt":"2024-09-10T16:24:36","guid":{"rendered":"https:\/\/jornalfatosenoticias.com.br\/?p=54068"},"modified":"2024-09-10T13:32:16","modified_gmt":"2024-09-10T16:32:16","slug":"nova-ministra-de-lula-e-acusada-de-superfaturamento-milionario-de-material-escolar","status":"publish","type":"post","link":"https:\/\/jornalfatosenoticias.com.br\/index.php\/2024\/09\/10\/nova-ministra-de-lula-e-acusada-de-superfaturamento-milionario-de-material-escolar\/","title":{"rendered":"Nova ministra de Lula \u00e9 acusada de superfaturamento milion\u00e1rio de material escolar"},"content":{"rendered":"\n<p><em><span class=\"has-inline-color has-black-color\">Lula (PT) e a deputada Maca\u00e9 Evaristo (PT)<\/span><\/em><\/p>\n\n\n\n<p><span class=\"has-inline-color has-black-color\">Por <strong><a href=\"https:\/\/www.gazetadopovo.com.br\/autor\/diogenes-freire-feitosa\/\">Di\u00f3genes Freire Feitosa<\/a><\/strong><\/span><\/p>\n\n\n\n<div class=\"wp-block-image\"><figure class=\"aligncenter size-large\"><a href=\"https:\/\/mizu.com.br\/\"><img loading=\"lazy\" decoding=\"async\" width=\"729\" height=\"90\" src=\"https:\/\/jornalfatosenoticias.com.br\/wp-content\/uploads\/2020\/02\/Logo_Mizu.png\" alt=\"\" class=\"wp-image-1441\" srcset=\"https:\/\/jornalfatosenoticias.com.br\/wp-content\/uploads\/2020\/02\/Logo_Mizu.png 729w, https:\/\/jornalfatosenoticias.com.br\/wp-content\/uploads\/2020\/02\/Logo_Mizu-300x37.png 300w\" sizes=\"auto, (max-width: 729px) 100vw, 729px\" \/><\/a><\/figure><\/div>\n\n\n\n<p>Escolhida por Lula (PT) para ocupar o Minist\u00e9rio dos Direitos Humanos (MDH) ap\u00f3s as den\u00fancias de ass\u00e9dio sexual que culminaram com a queda do ex-ministro Silvio Almeida, a deputada Maca\u00e9 Evaristo (PT) \u00e9 citada em v\u00e1rios processos por suposto superfaturamento na compra de material escolar.<br>Atualmente, Maca\u00e9 \u00e9 r\u00e9 em um processo que corre na Justi\u00e7a de Minas Gerais sob acusa\u00e7\u00e3o de superfaturamento na compra de uniformes escolares. A compra aconteceu em 2011, quando Maca\u00e9 era secret\u00e1ria de Educa\u00e7\u00e3o de Belo Horizonte (MG), durante a gest\u00e3o do ex-prefeito M\u00e1rcio Lacerda, ent\u00e3o no PSB. O caso foi divulgado nesta segunda-feira (9) pelo jornal o <em>Estado de S\u00e3o Paulo (Estad\u00e3o).<\/em><\/p>\n\n\n\n<div class=\"wp-block-image\"><figure class=\"aligncenter size-large\"><a href=\"https:\/\/cesconetto.com.br\/\"><img loading=\"lazy\" decoding=\"async\" width=\"300\" height=\"250\" src=\"https:\/\/jornalfatosenoticias.com.br\/wp-content\/uploads\/2020\/02\/Banner-2.png\" alt=\"\" class=\"wp-image-43787\"\/><\/a><\/figure><\/div>\n\n\n\n<p>Segundo o Minist\u00e9rio P\u00fablico de Minas Gerais (MPMG), a Secretaria de Educa\u00e7\u00e3o teria comprado uniformes escolares com um sobrepre\u00e7o de R$ 3,1 milh\u00f5es. Al\u00e9m disso, o contrato foi celebrado com uma empresa proibida de vender para a administra\u00e7\u00e3o p\u00fablica. Em 2016, quando o MPMG fez a den\u00fancia, o montante do sobrepre\u00e7o dos uniformes foi estimado em R$ 4,4 milh\u00f5es. Atualmente, o valor corrigido chega a R$ 6,5 milh\u00f5es.<\/p>\n\n\n\n<div class=\"wp-block-image\"><figure class=\"aligncenter size-large is-resized\"><a href=\"https:\/\/www.ithbrasil.com.br\/\"><img loading=\"lazy\" decoding=\"async\" src=\"https:\/\/jornalfatosenoticias.com.br\/wp-content\/uploads\/2023\/08\/ITH.jpeg\" alt=\"\" class=\"wp-image-44638\" width=\"312\" height=\"253\" srcset=\"https:\/\/jornalfatosenoticias.com.br\/wp-content\/uploads\/2023\/08\/ITH.jpeg 800w, https:\/\/jornalfatosenoticias.com.br\/wp-content\/uploads\/2023\/08\/ITH-300x244.jpeg 300w, https:\/\/jornalfatosenoticias.com.br\/wp-content\/uploads\/2023\/08\/ITH-768x624.jpeg 768w\" sizes=\"auto, (max-width: 312px) 100vw, 312px\" \/><\/a><\/figure><\/div>\n\n\n\n<p><strong><span class=\"has-inline-color has-black-color\">Outros processos<br><\/span><\/strong>Al\u00e9m do processo pela compra dos uniformes, que est\u00e1 em andamento, Maca\u00e9 Evaristo foi alvo de outros 13 processos por improbidade administrativa envolvendo a compra de cadeiras escolares, mas as a\u00e7\u00f5es foram encerradas ap\u00f3s acordo de n\u00e3o persecu\u00e7\u00e3o c\u00edvel e pagamento de multa.<br>Os 13 processos s\u00e3o de quando Maca\u00e9 atuou como secret\u00e1ria de Educa\u00e7\u00e3o do estado de Minas Gerais, durante a gest\u00e3o do ex-governador Fernando Pimentel (PT), entre 2015 e 2018.<\/p>\n\n\n\n<div class=\"wp-block-image\"><figure class=\"aligncenter size-large is-resized\"><a href=\"https:\/\/www.instagram.com\/serra4x4cambioautomatico\/\"><img loading=\"lazy\" decoding=\"async\" src=\"https:\/\/jornalfatosenoticias.com.br\/wp-content\/uploads\/2024\/08\/Serra-4x4-1-886x1024.jpg\" alt=\"\" class=\"wp-image-53632\" width=\"321\" height=\"370\" srcset=\"https:\/\/jornalfatosenoticias.com.br\/wp-content\/uploads\/2024\/08\/Serra-4x4-1-886x1024.jpg 886w, https:\/\/jornalfatosenoticias.com.br\/wp-content\/uploads\/2024\/08\/Serra-4x4-1-260x300.jpg 260w, https:\/\/jornalfatosenoticias.com.br\/wp-content\/uploads\/2024\/08\/Serra-4x4-1-768x888.jpg 768w, https:\/\/jornalfatosenoticias.com.br\/wp-content\/uploads\/2024\/08\/Serra-4x4-1.jpg 1181w\" sizes=\"auto, (max-width: 321px) 100vw, 321px\" \/><\/a><\/figure><\/div>\n\n\n\n<p><strong><span class=\"has-inline-color has-black-color\">O que diz a nova ministra<br><\/span><\/strong>Em nota enviada ao Estad\u00e3o, Maca\u00e9 Evaristo negou qualquer irregularidade durante sua gest\u00e3o na secretaria de Educa\u00e7\u00e3o de Belo Horizonte e disse que segue \u201ctranquila e consciente do compromisso com a transpar\u00eancia e correta gest\u00e3o dos recursos p\u00fablicos\u201d.<\/p>\n\n\n\n<div class=\"wp-block-image\"><figure class=\"aligncenter size-large is-resized\"><a href=\"https:\/\/www.facebook.com\/vetor.vix\/\"><img loading=\"lazy\" decoding=\"async\" src=\"https:\/\/jornalfatosenoticias.com.br\/wp-content\/uploads\/2023\/09\/vetorvix1024_1.jpg\" alt=\"\" class=\"wp-image-44868\" width=\"531\" height=\"141\" srcset=\"https:\/\/jornalfatosenoticias.com.br\/wp-content\/uploads\/2023\/09\/vetorvix1024_1.jpg 1024w, https:\/\/jornalfatosenoticias.com.br\/wp-content\/uploads\/2023\/09\/vetorvix1024_1-300x80.jpg 300w, https:\/\/jornalfatosenoticias.com.br\/wp-content\/uploads\/2023\/09\/vetorvix1024_1-768x205.jpg 768w\" sizes=\"auto, (max-width: 531px) 100vw, 531px\" \/><\/a><\/figure><\/div>\n\n\n\n<p>De acordo com Maca\u00e9, a licita\u00e7\u00e3o dos uniformes escolares n\u00e3o foi realizada diretamente pela sua pasta, e foi validado pela Procuradoria do munic\u00edpio. Maca\u00e9 tamb\u00e9m lembrou que ainda n\u00e3o houve decis\u00e3o judicial no processo e afirmou que sempre colaborou com a Justi\u00e7a. A Gazeta do Povo entrou em contato com a deputada e futura ministra para comentar o caso e aguarda retorno.<\/p>\n\n\n\n<div class=\"wp-block-image\"><figure class=\"aligncenter size-large is-resized\"><a href=\"https:\/\/www.instagram.com\/vmais.midias\/\"><img loading=\"lazy\" decoding=\"async\" src=\"https:\/\/jornalfatosenoticias.com.br\/wp-content\/uploads\/2020\/02\/DE-MAIS-DESTAQUE-VMAIS-800X700.png\" alt=\"\" class=\"wp-image-53112\" width=\"311\" height=\"271\" srcset=\"https:\/\/jornalfatosenoticias.com.br\/wp-content\/uploads\/2020\/02\/DE-MAIS-DESTAQUE-VMAIS-800X700.png 800w, https:\/\/jornalfatosenoticias.com.br\/wp-content\/uploads\/2020\/02\/DE-MAIS-DESTAQUE-VMAIS-800X700-768x672.png 768w\" sizes=\"auto, (max-width: 311px) 100vw, 311px\" \/><\/a><\/figure><\/div>\n\n\n\n<p><strong><span class=\"has-inline-color has-black-color\">O que diz o MDH<br><\/span><\/strong>A Gazeta do Povo questionou o Minist\u00e9rio dos Direitos Humanos (MDH) sobre a eventual interfer\u00eancia do passado de Maca\u00e9 na gest\u00e3o da pasta e aguarda retorno. O Minist\u00e9rio est\u00e1 sob o comando interino da ministra da Gest\u00e3o e Inova\u00e7\u00e3o, Esther Dweck.<\/p>\n\n\n\n<div class=\"wp-block-image\"><figure class=\"aligncenter size-large is-resized\"><a href=\"https:\/\/www.facebook.com\/postobkr\/?locale=pt_BR\"><img loading=\"lazy\" decoding=\"async\" src=\"https:\/\/jornalfatosenoticias.com.br\/wp-content\/uploads\/2023\/08\/BKR-1024x1021.jpg\" alt=\"\" class=\"wp-image-44494\" width=\"326\" height=\"325\" srcset=\"https:\/\/jornalfatosenoticias.com.br\/wp-content\/uploads\/2023\/08\/BKR-1024x1021.jpg 1024w, https:\/\/jornalfatosenoticias.com.br\/wp-content\/uploads\/2023\/08\/BKR-300x300.jpg 300w, https:\/\/jornalfatosenoticias.com.br\/wp-content\/uploads\/2023\/08\/BKR-150x150.jpg 150w, https:\/\/jornalfatosenoticias.com.br\/wp-content\/uploads\/2023\/08\/BKR-768x766.jpg 768w, https:\/\/jornalfatosenoticias.com.br\/wp-content\/uploads\/2023\/08\/BKR.jpg 1080w\" sizes=\"auto, (max-width: 326px) 100vw, 326px\" \/><\/a><\/figure><\/div>\n\n\n\n<p><strong><span class=\"has-inline-color has-black-color\">Acordo com a Justi\u00e7a<br><\/span><\/strong>Em 2022, Maca\u00e9 assinou um acordo de n\u00e3o persecu\u00e7\u00e3o c\u00edvel e concordou em pagar multa de R$ 10,4 mil para encerrar os 13 processos que respondia por improbidade administrativa no \u00e2mbito do governo estadual. No acordo n\u00e3o est\u00e1 expl\u00edcito os valores superfaturados, mas de acordo com relat\u00f3rio da \u00e1rea t\u00e9cnica do MPMG houve \u201csobrepre\u00e7o\u201d na compra das cadeiras.<\/p>\n\n\n\n<div class=\"wp-block-image\"><figure class=\"aligncenter size-large is-resized\"><a href=\"https:\/\/www.legisjuris.com.br\/\"><img loading=\"lazy\" decoding=\"async\" src=\"https:\/\/jornalfatosenoticias.com.br\/wp-content\/uploads\/2024\/09\/Legis-Juris-Consultoria_logo.jpg\" alt=\"\" class=\"wp-image-53915\" width=\"422\" height=\"177\" srcset=\"https:\/\/jornalfatosenoticias.com.br\/wp-content\/uploads\/2024\/09\/Legis-Juris-Consultoria_logo.jpg 969w, https:\/\/jornalfatosenoticias.com.br\/wp-content\/uploads\/2024\/09\/Legis-Juris-Consultoria_logo-300x126.jpg 300w, https:\/\/jornalfatosenoticias.com.br\/wp-content\/uploads\/2024\/09\/Legis-Juris-Consultoria_logo-768x322.jpg 768w\" sizes=\"auto, (max-width: 422px) 100vw, 422px\" \/><\/a><\/figure><\/div>\n\n\n\n<p><em><strong>Fonte: <a href=\"https:\/\/www.gazetadopovo.com.br\/republica\/nova-ministra-de-lula-e-acusada-de-superfaturamento-milionario-de-material-escolar\/\">Gazeta do Povo<\/a><\/strong><\/em><\/p>\n","protected":false},"excerpt":{"rendered":"<p>Lula (PT) e a deputada Maca\u00e9 Evaristo (PT) Por Di\u00f3genes Freire Feitosa Escolhida por Lula (PT) para ocupar o Minist\u00e9rio dos Direitos Humanos (MDH) ap\u00f3s as den\u00fancias de ass\u00e9dio sexual que culminaram com a queda do ex-ministro Silvio Almeida, a deputada Maca\u00e9 Evaristo (PT) \u00e9 citada em v\u00e1rios processos por suposto superfaturamento na compra de [&hellip;]<\/p>\n","protected":false},"author":2,"featured_media":54069,"comment_status":"open","ping_status":"open","sticky":false,"template":"","format":"standard","meta":{"footnotes":""},"categories":[10],"tags":[10561,345,1345,7580,24632,1924,4573,18998,24605],"class_list":["post-54068","post","type-post","status-publish","format-standard","has-post-thumbnail","hentry","category-politica","tag-belo-horizonte","tag-educacao","tag-justica","tag-lula","tag-macae-evaristo","tag-minas-gerais","tag-ministerio-publico","tag-partido-dos-trabalhadores-pt","tag-silvio-almeida-2"],"yoast_head":"<!-- This site is optimized with the Yoast SEO plugin v26.5 - https:\/\/yoast.com\/wordpress\/plugins\/seo\/ -->\n<title>Nova ministra de Lula \u00e9 acusada de superfaturamento milion\u00e1rio de material escolar - Jornal Fatos e Not\u00edcias<\/title>\n<meta name=\"robots\" content=\"index, follow, max-snippet:-1, max-image-preview:large, max-video-preview:-1\" \/>\n<link rel=\"canonical\" href=\"https:\/\/jornalfatosenoticias.com.br\/index.php\/2024\/09\/10\/nova-ministra-de-lula-e-acusada-de-superfaturamento-milionario-de-material-escolar\/\" \/>\n<meta property=\"og:locale\" content=\"pt_BR\" \/>\n<meta property=\"og:type\" content=\"article\" \/>\n<meta property=\"og:title\" content=\"Nova ministra de Lula \u00e9 acusada de superfaturamento milion\u00e1rio de material escolar - Jornal Fatos e Not\u00edcias\" \/>\n<meta property=\"og:description\" content=\"Lula (PT) e a deputada Maca\u00e9 Evaristo (PT) Por Di\u00f3genes Freire Feitosa Escolhida por Lula (PT) para ocupar o Minist\u00e9rio dos Direitos Humanos (MDH) ap\u00f3s as den\u00fancias de ass\u00e9dio sexual que culminaram com a queda do ex-ministro Silvio Almeida, a deputada Maca\u00e9 Evaristo (PT) \u00e9 citada em v\u00e1rios processos por suposto superfaturamento na compra de [&hellip;]\" \/>\n<meta property=\"og:url\" content=\"https:\/\/jornalfatosenoticias.com.br\/index.php\/2024\/09\/10\/nova-ministra-de-lula-e-acusada-de-superfaturamento-milionario-de-material-escolar\/\" \/>\n<meta property=\"og:site_name\" content=\"Jornal Fatos e Not\u00edcias\" \/>\n<meta property=\"article:published_time\" content=\"2024-09-10T16:24:36+00:00\" \/>\n<meta property=\"article:modified_time\" content=\"2024-09-10T16:32:16+00:00\" \/>\n<meta property=\"og:image\" content=\"https:\/\/jornalfatosenoticias.com.br\/wp-content\/uploads\/2024\/09\/lulaladr40-macae.jpg\" \/>\n\t<meta property=\"og:image:width\" content=\"960\" \/>\n\t<meta property=\"og:image:height\" content=\"540\" \/>\n\t<meta property=\"og:image:type\" content=\"image\/jpeg\" \/>\n<meta name=\"author\" content=\"Luzimara Fernandes\" \/>\n<meta name=\"twitter:card\" content=\"summary_large_image\" \/>\n<meta name=\"twitter:label1\" content=\"Escrito por\" \/>\n\t<meta name=\"twitter:data1\" content=\"Luzimara Fernandes\" \/>\n\t<meta name=\"twitter:label2\" content=\"Est. tempo de leitura\" \/>\n\t<meta name=\"twitter:data2\" content=\"3 minutos\" \/>\n<script type=\"application\/ld+json\" class=\"yoast-schema-graph\">{\"@context\":\"https:\/\/schema.org\",\"@graph\":[{\"@type\":\"Article\",\"@id\":\"https:\/\/jornalfatosenoticias.com.br\/index.php\/2024\/09\/10\/nova-ministra-de-lula-e-acusada-de-superfaturamento-milionario-de-material-escolar\/#article\",\"isPartOf\":{\"@id\":\"https:\/\/jornalfatosenoticias.com.br\/index.php\/2024\/09\/10\/nova-ministra-de-lula-e-acusada-de-superfaturamento-milionario-de-material-escolar\/\"},\"author\":{\"name\":\"Luzimara Fernandes\",\"@id\":\"https:\/\/jornalfatosenoticias.com.br\/#\/schema\/person\/d63837fa13ac8666eb9e74e0985d6f81\"},\"headline\":\"Nova ministra de Lula \u00e9 acusada de superfaturamento milion\u00e1rio de material escolar\",\"datePublished\":\"2024-09-10T16:24:36+00:00\",\"dateModified\":\"2024-09-10T16:32:16+00:00\",\"mainEntityOfPage\":{\"@id\":\"https:\/\/jornalfatosenoticias.com.br\/index.php\/2024\/09\/10\/nova-ministra-de-lula-e-acusada-de-superfaturamento-milionario-de-material-escolar\/\"},\"wordCount\":542,\"commentCount\":0,\"publisher\":{\"@id\":\"https:\/\/jornalfatosenoticias.com.br\/#organization\"},\"image\":{\"@id\":\"https:\/\/jornalfatosenoticias.com.br\/index.php\/2024\/09\/10\/nova-ministra-de-lula-e-acusada-de-superfaturamento-milionario-de-material-escolar\/#primaryimage\"},\"thumbnailUrl\":\"https:\/\/jornalfatosenoticias.com.br\/wp-content\/uploads\/2024\/09\/lulaladr40-macae.jpg\",\"keywords\":[\"Belo Horizonte\",\"educa\u00e7\u00e3o\",\"justi\u00e7a\",\"Lula\",\"Maca\u00e9 Evaristo\",\"Minas Gerais\",\"Minist\u00e9rio P\u00fablico\",\"Partido dos Trabalhadores (PT)\",\"Silvio Almeida\"],\"articleSection\":[\"Pol\u00edtica\"],\"inLanguage\":\"pt-BR\",\"potentialAction\":[{\"@type\":\"CommentAction\",\"name\":\"Comment\",\"target\":[\"https:\/\/jornalfatosenoticias.com.br\/index.php\/2024\/09\/10\/nova-ministra-de-lula-e-acusada-de-superfaturamento-milionario-de-material-escolar\/#respond\"]}]},{\"@type\":\"WebPage\",\"@id\":\"https:\/\/jornalfatosenoticias.com.br\/index.php\/2024\/09\/10\/nova-ministra-de-lula-e-acusada-de-superfaturamento-milionario-de-material-escolar\/\",\"url\":\"https:\/\/jornalfatosenoticias.com.br\/index.php\/2024\/09\/10\/nova-ministra-de-lula-e-acusada-de-superfaturamento-milionario-de-material-escolar\/\",\"name\":\"Nova ministra de Lula \u00e9 acusada de superfaturamento milion\u00e1rio de material escolar - Jornal Fatos e Not\u00edcias\",\"isPartOf\":{\"@id\":\"https:\/\/jornalfatosenoticias.com.br\/#website\"},\"primaryImageOfPage\":{\"@id\":\"https:\/\/jornalfatosenoticias.com.br\/index.php\/2024\/09\/10\/nova-ministra-de-lula-e-acusada-de-superfaturamento-milionario-de-material-escolar\/#primaryimage\"},\"image\":{\"@id\":\"https:\/\/jornalfatosenoticias.com.br\/index.php\/2024\/09\/10\/nova-ministra-de-lula-e-acusada-de-superfaturamento-milionario-de-material-escolar\/#primaryimage\"},\"thumbnailUrl\":\"https:\/\/jornalfatosenoticias.com.br\/wp-content\/uploads\/2024\/09\/lulaladr40-macae.jpg\",\"datePublished\":\"2024-09-10T16:24:36+00:00\",\"dateModified\":\"2024-09-10T16:32:16+00:00\",\"breadcrumb\":{\"@id\":\"https:\/\/jornalfatosenoticias.com.br\/index.php\/2024\/09\/10\/nova-ministra-de-lula-e-acusada-de-superfaturamento-milionario-de-material-escolar\/#breadcrumb\"},\"inLanguage\":\"pt-BR\",\"potentialAction\":[{\"@type\":\"ReadAction\",\"target\":[\"https:\/\/jornalfatosenoticias.com.br\/index.php\/2024\/09\/10\/nova-ministra-de-lula-e-acusada-de-superfaturamento-milionario-de-material-escolar\/\"]}]},{\"@type\":\"ImageObject\",\"inLanguage\":\"pt-BR\",\"@id\":\"https:\/\/jornalfatosenoticias.com.br\/index.php\/2024\/09\/10\/nova-ministra-de-lula-e-acusada-de-superfaturamento-milionario-de-material-escolar\/#primaryimage\",\"url\":\"https:\/\/jornalfatosenoticias.com.br\/wp-content\/uploads\/2024\/09\/lulaladr40-macae.jpg\",\"contentUrl\":\"https:\/\/jornalfatosenoticias.com.br\/wp-content\/uploads\/2024\/09\/lulaladr40-macae.jpg\",\"width\":960,\"height\":540},{\"@type\":\"BreadcrumbList\",\"@id\":\"https:\/\/jornalfatosenoticias.com.br\/index.php\/2024\/09\/10\/nova-ministra-de-lula-e-acusada-de-superfaturamento-milionario-de-material-escolar\/#breadcrumb\",\"itemListElement\":[{\"@type\":\"ListItem\",\"position\":1,\"name\":\"In\u00edcio\",\"item\":\"https:\/\/jornalfatosenoticias.com.br\/\"},{\"@type\":\"ListItem\",\"position\":2,\"name\":\"Nova ministra de Lula \u00e9 acusada de superfaturamento milion\u00e1rio de material escolar\"}]},{\"@type\":\"WebSite\",\"@id\":\"https:\/\/jornalfatosenoticias.com.br\/#website\",\"url\":\"https:\/\/jornalfatosenoticias.com.br\/\",\"name\":\"Jornal Fatos e Not\u00edcias\",\"description\":\"Not\u00edcias em geral\",\"publisher\":{\"@id\":\"https:\/\/jornalfatosenoticias.com.br\/#organization\"},\"potentialAction\":[{\"@type\":\"SearchAction\",\"target\":{\"@type\":\"EntryPoint\",\"urlTemplate\":\"https:\/\/jornalfatosenoticias.com.br\/?s={search_term_string}\"},\"query-input\":{\"@type\":\"PropertyValueSpecification\",\"valueRequired\":true,\"valueName\":\"search_term_string\"}}],\"inLanguage\":\"pt-BR\"},{\"@type\":\"Organization\",\"@id\":\"https:\/\/jornalfatosenoticias.com.br\/#organization\",\"name\":\"Jornal Fatos e Not\u00edcias\",\"url\":\"https:\/\/jornalfatosenoticias.com.br\/\",\"logo\":{\"@type\":\"ImageObject\",\"inLanguage\":\"pt-BR\",\"@id\":\"https:\/\/jornalfatosenoticias.com.br\/#\/schema\/logo\/image\/\",\"url\":\"https:\/\/jornalfatosenoticias.com.br\/wp-content\/uploads\/2020\/02\/logo120.png\",\"contentUrl\":\"https:\/\/jornalfatosenoticias.com.br\/wp-content\/uploads\/2020\/02\/logo120.png\",\"width\":1227,\"height\":120,\"caption\":\"Jornal Fatos e Not\u00edcias\"},\"image\":{\"@id\":\"https:\/\/jornalfatosenoticias.com.br\/#\/schema\/logo\/image\/\"}},{\"@type\":\"Person\",\"@id\":\"https:\/\/jornalfatosenoticias.com.br\/#\/schema\/person\/d63837fa13ac8666eb9e74e0985d6f81\",\"name\":\"Luzimara Fernandes\",\"image\":{\"@type\":\"ImageObject\",\"inLanguage\":\"pt-BR\",\"@id\":\"https:\/\/jornalfatosenoticias.com.br\/#\/schema\/person\/image\/\",\"url\":\"https:\/\/jornalfatosenoticias.com.br\/wp-content\/uploads\/2025\/05\/EU_portal.jpg\",\"contentUrl\":\"https:\/\/jornalfatosenoticias.com.br\/wp-content\/uploads\/2025\/05\/EU_portal.jpg\",\"caption\":\"Luzimara Fernandes\"},\"description\":\"Jornalista MTB 2358-ES\",\"sameAs\":[\"https:\/\/jornalfatosenoticias.com.br\"],\"url\":\"https:\/\/jornalfatosenoticias.com.br\/index.php\/author\/luzimara\/\"}]}<\/script>\n<!-- \/ Yoast SEO plugin. -->","yoast_head_json":{"title":"Nova ministra de Lula \u00e9 acusada de superfaturamento milion\u00e1rio de material escolar - Jornal Fatos e Not\u00edcias","robots":{"index":"index","follow":"follow","max-snippet":"max-snippet:-1","max-image-preview":"max-image-preview:large","max-video-preview":"max-video-preview:-1"},"canonical":"https:\/\/jornalfatosenoticias.com.br\/index.php\/2024\/09\/10\/nova-ministra-de-lula-e-acusada-de-superfaturamento-milionario-de-material-escolar\/","og_locale":"pt_BR","og_type":"article","og_title":"Nova ministra de Lula \u00e9 acusada de superfaturamento milion\u00e1rio de material escolar - Jornal Fatos e Not\u00edcias","og_description":"Lula (PT) e a deputada Maca\u00e9 Evaristo (PT) Por Di\u00f3genes Freire Feitosa Escolhida por Lula (PT) para ocupar o Minist\u00e9rio dos Direitos Humanos (MDH) ap\u00f3s as den\u00fancias de ass\u00e9dio sexual que culminaram com a queda do ex-ministro Silvio Almeida, a deputada Maca\u00e9 Evaristo (PT) \u00e9 citada em v\u00e1rios processos por suposto superfaturamento na compra de [&hellip;]","og_url":"https:\/\/jornalfatosenoticias.com.br\/index.php\/2024\/09\/10\/nova-ministra-de-lula-e-acusada-de-superfaturamento-milionario-de-material-escolar\/","og_site_name":"Jornal Fatos e Not\u00edcias","article_published_time":"2024-09-10T16:24:36+00:00","article_modified_time":"2024-09-10T16:32:16+00:00","og_image":[{"width":960,"height":540,"url":"https:\/\/jornalfatosenoticias.com.br\/wp-content\/uploads\/2024\/09\/lulaladr40-macae.jpg","type":"image\/jpeg"}],"author":"Luzimara Fernandes","twitter_card":"summary_large_image","twitter_misc":{"Escrito por":"Luzimara Fernandes","Est. tempo de leitura":"3 minutos"},"schema":{"@context":"https:\/\/schema.org","@graph":[{"@type":"Article","@id":"https:\/\/jornalfatosenoticias.com.br\/index.php\/2024\/09\/10\/nova-ministra-de-lula-e-acusada-de-superfaturamento-milionario-de-material-escolar\/#article","isPartOf":{"@id":"https:\/\/jornalfatosenoticias.com.br\/index.php\/2024\/09\/10\/nova-ministra-de-lula-e-acusada-de-superfaturamento-milionario-de-material-escolar\/"},"author":{"name":"Luzimara Fernandes","@id":"https:\/\/jornalfatosenoticias.com.br\/#\/schema\/person\/d63837fa13ac8666eb9e74e0985d6f81"},"headline":"Nova ministra de Lula \u00e9 acusada de superfaturamento milion\u00e1rio de material escolar","datePublished":"2024-09-10T16:24:36+00:00","dateModified":"2024-09-10T16:32:16+00:00","mainEntityOfPage":{"@id":"https:\/\/jornalfatosenoticias.com.br\/index.php\/2024\/09\/10\/nova-ministra-de-lula-e-acusada-de-superfaturamento-milionario-de-material-escolar\/"},"wordCount":542,"commentCount":0,"publisher":{"@id":"https:\/\/jornalfatosenoticias.com.br\/#organization"},"image":{"@id":"https:\/\/jornalfatosenoticias.com.br\/index.php\/2024\/09\/10\/nova-ministra-de-lula-e-acusada-de-superfaturamento-milionario-de-material-escolar\/#primaryimage"},"thumbnailUrl":"https:\/\/jornalfatosenoticias.com.br\/wp-content\/uploads\/2024\/09\/lulaladr40-macae.jpg","keywords":["Belo Horizonte","educa\u00e7\u00e3o","justi\u00e7a","Lula","Maca\u00e9 Evaristo","Minas Gerais","Minist\u00e9rio P\u00fablico","Partido dos Trabalhadores (PT)","Silvio Almeida"],"articleSection":["Pol\u00edtica"],"inLanguage":"pt-BR","potentialAction":[{"@type":"CommentAction","name":"Comment","target":["https:\/\/jornalfatosenoticias.com.br\/index.php\/2024\/09\/10\/nova-ministra-de-lula-e-acusada-de-superfaturamento-milionario-de-material-escolar\/#respond"]}]},{"@type":"WebPage","@id":"https:\/\/jornalfatosenoticias.com.br\/index.php\/2024\/09\/10\/nova-ministra-de-lula-e-acusada-de-superfaturamento-milionario-de-material-escolar\/","url":"https:\/\/jornalfatosenoticias.com.br\/index.php\/2024\/09\/10\/nova-ministra-de-lula-e-acusada-de-superfaturamento-milionario-de-material-escolar\/","name":"Nova ministra de Lula \u00e9 acusada de superfaturamento milion\u00e1rio de material escolar - Jornal Fatos e Not\u00edcias","isPartOf":{"@id":"https:\/\/jornalfatosenoticias.com.br\/#website"},"primaryImageOfPage":{"@id":"https:\/\/jornalfatosenoticias.com.br\/index.php\/2024\/09\/10\/nova-ministra-de-lula-e-acusada-de-superfaturamento-milionario-de-material-escolar\/#primaryimage"},"image":{"@id":"https:\/\/jornalfatosenoticias.com.br\/index.php\/2024\/09\/10\/nova-ministra-de-lula-e-acusada-de-superfaturamento-milionario-de-material-escolar\/#primaryimage"},"thumbnailUrl":"https:\/\/jornalfatosenoticias.com.br\/wp-content\/uploads\/2024\/09\/lulaladr40-macae.jpg","datePublished":"2024-09-10T16:24:36+00:00","dateModified":"2024-09-10T16:32:16+00:00","breadcrumb":{"@id":"https:\/\/jornalfatosenoticias.com.br\/index.php\/2024\/09\/10\/nova-ministra-de-lula-e-acusada-de-superfaturamento-milionario-de-material-escolar\/#breadcrumb"},"inLanguage":"pt-BR","potentialAction":[{"@type":"ReadAction","target":["https:\/\/jornalfatosenoticias.com.br\/index.php\/2024\/09\/10\/nova-ministra-de-lula-e-acusada-de-superfaturamento-milionario-de-material-escolar\/"]}]},{"@type":"ImageObject","inLanguage":"pt-BR","@id":"https:\/\/jornalfatosenoticias.com.br\/index.php\/2024\/09\/10\/nova-ministra-de-lula-e-acusada-de-superfaturamento-milionario-de-material-escolar\/#primaryimage","url":"https:\/\/jornalfatosenoticias.com.br\/wp-content\/uploads\/2024\/09\/lulaladr40-macae.jpg","contentUrl":"https:\/\/jornalfatosenoticias.com.br\/wp-content\/uploads\/2024\/09\/lulaladr40-macae.jpg","width":960,"height":540},{"@type":"BreadcrumbList","@id":"https:\/\/jornalfatosenoticias.com.br\/index.php\/2024\/09\/10\/nova-ministra-de-lula-e-acusada-de-superfaturamento-milionario-de-material-escolar\/#breadcrumb","itemListElement":[{"@type":"ListItem","position":1,"name":"In\u00edcio","item":"https:\/\/jornalfatosenoticias.com.br\/"},{"@type":"ListItem","position":2,"name":"Nova ministra de Lula \u00e9 acusada de superfaturamento milion\u00e1rio de material escolar"}]},{"@type":"WebSite","@id":"https:\/\/jornalfatosenoticias.com.br\/#website","url":"https:\/\/jornalfatosenoticias.com.br\/","name":"Jornal Fatos e Not\u00edcias","description":"Not\u00edcias em geral","publisher":{"@id":"https:\/\/jornalfatosenoticias.com.br\/#organization"},"potentialAction":[{"@type":"SearchAction","target":{"@type":"EntryPoint","urlTemplate":"https:\/\/jornalfatosenoticias.com.br\/?s={search_term_string}"},"query-input":{"@type":"PropertyValueSpecification","valueRequired":true,"valueName":"search_term_string"}}],"inLanguage":"pt-BR"},{"@type":"Organization","@id":"https:\/\/jornalfatosenoticias.com.br\/#organization","name":"Jornal Fatos e Not\u00edcias","url":"https:\/\/jornalfatosenoticias.com.br\/","logo":{"@type":"ImageObject","inLanguage":"pt-BR","@id":"https:\/\/jornalfatosenoticias.com.br\/#\/schema\/logo\/image\/","url":"https:\/\/jornalfatosenoticias.com.br\/wp-content\/uploads\/2020\/02\/logo120.png","contentUrl":"https:\/\/jornalfatosenoticias.com.br\/wp-content\/uploads\/2020\/02\/logo120.png","width":1227,"height":120,"caption":"Jornal Fatos e Not\u00edcias"},"image":{"@id":"https:\/\/jornalfatosenoticias.com.br\/#\/schema\/logo\/image\/"}},{"@type":"Person","@id":"https:\/\/jornalfatosenoticias.com.br\/#\/schema\/person\/d63837fa13ac8666eb9e74e0985d6f81","name":"Luzimara Fernandes","image":{"@type":"ImageObject","inLanguage":"pt-BR","@id":"https:\/\/jornalfatosenoticias.com.br\/#\/schema\/person\/image\/","url":"https:\/\/jornalfatosenoticias.com.br\/wp-content\/uploads\/2025\/05\/EU_portal.jpg","contentUrl":"https:\/\/jornalfatosenoticias.com.br\/wp-content\/uploads\/2025\/05\/EU_portal.jpg","caption":"Luzimara Fernandes"},"description":"Jornalista MTB 2358-ES","sameAs":["https:\/\/jornalfatosenoticias.com.br"],"url":"https:\/\/jornalfatosenoticias.com.br\/index.php\/author\/luzimara\/"}]}},"cc_featured_image_caption":{"caption_text":"(Foto: Ricardo Stuckert\/PR) ","source_text":"","source_url":""},"jetpack_featured_media_url":"https:\/\/jornalfatosenoticias.com.br\/wp-content\/uploads\/2024\/09\/lulaladr40-macae.jpg","_links":{"self":[{"href":"https:\/\/jornalfatosenoticias.com.br\/index.php\/wp-json\/wp\/v2\/posts\/54068","targetHints":{"allow":["GET"]}}],"collection":[{"href":"https:\/\/jornalfatosenoticias.com.br\/index.php\/wp-json\/wp\/v2\/posts"}],"about":[{"href":"https:\/\/jornalfatosenoticias.com.br\/index.php\/wp-json\/wp\/v2\/types\/post"}],"author":[{"embeddable":true,"href":"https:\/\/jornalfatosenoticias.com.br\/index.php\/wp-json\/wp\/v2\/users\/2"}],"replies":[{"embeddable":true,"href":"https:\/\/jornalfatosenoticias.com.br\/index.php\/wp-json\/wp\/v2\/comments?post=54068"}],"version-history":[{"count":0,"href":"https:\/\/jornalfatosenoticias.com.br\/index.php\/wp-json\/wp\/v2\/posts\/54068\/revisions"}],"wp:featuredmedia":[{"embeddable":true,"href":"https:\/\/jornalfatosenoticias.com.br\/index.php\/wp-json\/wp\/v2\/media\/54069"}],"wp:attachment":[{"href":"https:\/\/jornalfatosenoticias.com.br\/index.php\/wp-json\/wp\/v2\/media?parent=54068"}],"wp:term":[{"taxonomy":"category","embeddable":true,"href":"https:\/\/jornalfatosenoticias.com.br\/index.php\/wp-json\/wp\/v2\/categories?post=54068"},{"taxonomy":"post_tag","embeddable":true,"href":"https:\/\/jornalfatosenoticias.com.br\/index.php\/wp-json\/wp\/v2\/tags?post=54068"}],"curies":[{"name":"wp","href":"https:\/\/api.w.org\/{rel}","templated":true}]}}