{"id":54109,"date":"2024-09-12T16:13:51","date_gmt":"2024-09-12T19:13:51","guid":{"rendered":"https:\/\/jornalfatosenoticias.com.br\/?p=54109"},"modified":"2024-09-12T16:13:53","modified_gmt":"2024-09-12T19:13:53","slug":"a-semana-no-brasil-e-no-mundo-nova-pesquisa-cai-como-bomba-para-boulos-e-acende-alerta-para-esquerda","status":"publish","type":"post","link":"https:\/\/jornalfatosenoticias.com.br\/index.php\/2024\/09\/12\/a-semana-no-brasil-e-no-mundo-nova-pesquisa-cai-como-bomba-para-boulos-e-acende-alerta-para-esquerda\/","title":{"rendered":"A Semana no Brasil e no Mundo \u2014 Nova pesquisa cai como bomba para Boulos e acende alerta para esquerda"},"content":{"rendered":"\n<div class=\"wp-block-image\"><figure class=\"aligncenter size-large\"><a href=\"https:\/\/mizu.com.br\/\"><img loading=\"lazy\" decoding=\"async\" width=\"729\" height=\"90\" src=\"https:\/\/jornalfatosenoticias.com.br\/wp-content\/uploads\/2020\/02\/Logo_Mizu.png\" alt=\"\" class=\"wp-image-1441\" srcset=\"https:\/\/jornalfatosenoticias.com.br\/wp-content\/uploads\/2020\/02\/Logo_Mizu.png 729w, https:\/\/jornalfatosenoticias.com.br\/wp-content\/uploads\/2020\/02\/Logo_Mizu-300x37.png 300w\" sizes=\"auto, (max-width: 729px) 100vw, 729px\" \/><\/a><\/figure><\/div>\n\n\n\n<p>A recente pesquisa Quaest divulgada para a disputa pela Prefeitura de S\u00e3o Paulo revelou uma queda significativa nas inten\u00e7\u00f5es de voto para Guilherme Boulos, do PSol. Esse resultado acendeu o alerta vermelho no Pal\u00e1cio do Planalto, onde Lula, principal aliado do candidato, acompanha a situa\u00e7\u00e3o de perto.<br>De acordo com o levantamento, Boulos passou de 22% em 28 de agosto para 19%. Nesse mesmo intervalo, o atual prefeito, Ricardo Nunes (MDB), subiu de 19% para 24%, e o ex-coach Pablo Mar\u00e7al (PRTB) foi de 19% para 23%. Os tr\u00eas candidatos est\u00e3o em empate t\u00e9cnico, considerando a margem de erro de tr\u00eas pontos percentuais.<\/p>\n\n\n\n<div class=\"wp-block-image\"><figure class=\"aligncenter size-large\"><a href=\"http:\/\/www.ferrarimaquinas.com.br\/\"><img loading=\"lazy\" decoding=\"async\" width=\"300\" height=\"250\" src=\"https:\/\/jornalfatosenoticias.com.br\/wp-content\/uploads\/2022\/02\/FERRARI_MAQUINAS-E-FERRAMENTAS2.jpg\" alt=\"\" class=\"wp-image-27860\"\/><\/a><\/figure><\/div>\n\n\n\n<p>A queda nas inten\u00e7\u00f5es de voto para Guilherme Boulos representa um risco importante, principalmente para Lula, que \u00e9 um dos principais apoiadores do psolista. A pesquisa foi realizada entre os dias 8 e 10 de setembro, ouvindo 1.200 eleitores, e possui um n\u00edvel de confian\u00e7a de 95%.<\/p>\n\n\n\n<div class=\"wp-block-image\"><figure class=\"aligncenter size-large is-resized\"><img loading=\"lazy\" decoding=\"async\" src=\"https:\/\/jornalfatosenoticias.com.br\/wp-content\/uploads\/2022\/02\/Precisao-Contabilidade-1024x724.jpg\" alt=\"\" class=\"wp-image-28088\" width=\"348\" height=\"246\"\/><\/figure><\/div>\n\n\n\n<p>A poss\u00edvel elimina\u00e7\u00e3o de Boulos ainda no primeiro turno aumentaria a press\u00e3o sobre Lula e poderia ser vista como um rev\u00e9s significativo para sua influ\u00eancia na capital paulista. O fato de Marta Suplicy, do PT, estar como vice na chapa de Boulos adiciona uma camada adicional de complexidade ao cen\u00e1rio pol\u00edtico atual. <strong>(Fonte: Terra Brasil Not\u00edcias)<\/strong><\/p>\n\n\n\n<div class=\"wp-block-image\"><figure class=\"aligncenter size-large is-resized\"><a href=\"https:\/\/www.legisjuris.com.br\/\"><img loading=\"lazy\" decoding=\"async\" src=\"https:\/\/jornalfatosenoticias.com.br\/wp-content\/uploads\/2024\/09\/Legis-Juris-Consultoria_logo.jpg\" alt=\"\" class=\"wp-image-53915\" width=\"449\" height=\"188\" srcset=\"https:\/\/jornalfatosenoticias.com.br\/wp-content\/uploads\/2024\/09\/Legis-Juris-Consultoria_logo.jpg 969w, https:\/\/jornalfatosenoticias.com.br\/wp-content\/uploads\/2024\/09\/Legis-Juris-Consultoria_logo-300x126.jpg 300w, https:\/\/jornalfatosenoticias.com.br\/wp-content\/uploads\/2024\/09\/Legis-Juris-Consultoria_logo-768x322.jpg 768w\" sizes=\"auto, (max-width: 449px) 100vw, 449px\" \/><\/a><\/figure><\/div>\n\n\n\n<hr class=\"wp-block-separator\"\/>\n\n\n\n<h3 class=\"wp-block-heading\"><span class=\"has-inline-color has-black-color\">Deputado pede \u00e0 Justi\u00e7a anula\u00e7\u00e3o de Maca\u00e9 nos Direitos Humanos<\/span><\/h3>\n\n\n\n<div class=\"wp-block-image\"><figure class=\"aligncenter size-large\"><img loading=\"lazy\" decoding=\"async\" width=\"768\" height=\"515\" src=\"https:\/\/jornalfatosenoticias.com.br\/wp-content\/uploads\/2024\/09\/molusco-e-amante.jpg\" alt=\"\" class=\"wp-image-54114\" srcset=\"https:\/\/jornalfatosenoticias.com.br\/wp-content\/uploads\/2024\/09\/molusco-e-amante.jpg 768w, https:\/\/jornalfatosenoticias.com.br\/wp-content\/uploads\/2024\/09\/molusco-e-amante-300x201.jpg 300w\" sizes=\"auto, (max-width: 768px) 100vw, 768px\" \/><figcaption><em><span class=\"has-inline-color has-black-color\">(Foto: Ricardo Stuckert\/PR)<\/span><\/em><\/figcaption><\/figure><\/div>\n\n\n\n<p>Maca\u00e9 Evaristo, nomeada por Luiz In\u00e1cio Lula da Silva (PT) como nova ministra dos Direitos Humanos e Cidadania, teve sua indica\u00e7\u00e3o contestada na Justi\u00e7a nesta quarta-feira (11), pelo deputado estadual Leonardo Siqueira (Novo-SP), que protocolou uma a\u00e7\u00e3o solicitando a anula\u00e7\u00e3o da nomea\u00e7\u00e3o. O parlamentar afirma que o fato de Maca\u00e9 responder a um processo por improbidade administrativa viola os princ\u00edpios constitucionais de moralidade, impessoalidade e probidade administrativa. Procurada, a assessoria da ministra ainda n\u00e3o se manifestou.<\/p>\n\n\n\n<div class=\"wp-block-image\"><figure class=\"aligncenter size-large\"><a href=\"https:\/\/cesconetto.com.br\/\"><img loading=\"lazy\" decoding=\"async\" width=\"300\" height=\"250\" src=\"https:\/\/jornalfatosenoticias.com.br\/wp-content\/uploads\/2020\/02\/Banner-2.png\" alt=\"\" class=\"wp-image-43787\"\/><\/a><\/figure><\/div>\n\n\n\n<p>Maca\u00e9 Evaristo \u00e9 r\u00e9 na Justi\u00e7a de Minas Gerais sob a acusa\u00e7\u00e3o de superfaturamento na compra de kits de uniformes escolares quando ela era secret\u00e1ria de Educa\u00e7\u00e3o de Belo Horizonte, em 2011, durante o governo do ex-prefeito M\u00e1rcio Lacerda, ent\u00e3o no PSB. O Minist\u00e9rio P\u00fablico de Minas Gerais (MP-MG) identificou que o pre\u00e7o pago pelos kits foi superior ao valor de mercado na \u00e9poca, o que pode ter causado um preju\u00edzo estimado de R$ 6,5 milh\u00f5es em valores atualizados. Na a\u00e7\u00e3o, protocolada na Justi\u00e7a Federal de S\u00e3o Paulo, o parlamentar destaca que Maca\u00e9 Evaristo firmou um acordo em 2022 para encerrar outros processos relacionados \u00e0 sua gest\u00e3o no governo de Minas Gerais.<\/p>\n\n\n\n<div class=\"wp-block-image\"><figure class=\"aligncenter size-large is-resized\"><a href=\"https:\/\/www.ithbrasil.com.br\/\"><img loading=\"lazy\" decoding=\"async\" src=\"https:\/\/jornalfatosenoticias.com.br\/wp-content\/uploads\/2023\/08\/ITH.jpeg\" alt=\"\" class=\"wp-image-44638\" width=\"304\" height=\"247\" srcset=\"https:\/\/jornalfatosenoticias.com.br\/wp-content\/uploads\/2023\/08\/ITH.jpeg 800w, https:\/\/jornalfatosenoticias.com.br\/wp-content\/uploads\/2023\/08\/ITH-300x244.jpeg 300w, https:\/\/jornalfatosenoticias.com.br\/wp-content\/uploads\/2023\/08\/ITH-768x624.jpeg 768w\" sizes=\"auto, (max-width: 304px) 100vw, 304px\" \/><\/a><\/figure><\/div>\n\n\n\n<p>Siqueira tamb\u00e9m alega que a nomea\u00e7\u00e3o de Maca\u00e9 por Lula configura desvio de finalidade, j\u00e1 que a indica\u00e7\u00e3o pode resultar na transfer\u00eancia do processo em curso para o Supremo Tribunal Federal (STF), o que, em sua avalia\u00e7\u00e3o, poderia benefici\u00e1-la. No processo, o parlamentar argumenta que, ao nomear algu\u00e9m com hist\u00f3rico de acusa\u00e7\u00f5es de improbidade administrativa, Lula compromete a integridade e a confian\u00e7a p\u00fablica no governo.<\/p>\n\n\n\n<div class=\"wp-block-image\"><figure class=\"aligncenter size-large is-resized\"><a href=\"https:\/\/www.facebook.com\/postobkr\/?locale=pt_BR\"><img loading=\"lazy\" decoding=\"async\" src=\"https:\/\/jornalfatosenoticias.com.br\/wp-content\/uploads\/2023\/08\/BKR-1024x1021.jpg\" alt=\"\" class=\"wp-image-44494\" width=\"338\" height=\"337\" srcset=\"https:\/\/jornalfatosenoticias.com.br\/wp-content\/uploads\/2023\/08\/BKR-1024x1021.jpg 1024w, https:\/\/jornalfatosenoticias.com.br\/wp-content\/uploads\/2023\/08\/BKR-300x300.jpg 300w, https:\/\/jornalfatosenoticias.com.br\/wp-content\/uploads\/2023\/08\/BKR-150x150.jpg 150w, https:\/\/jornalfatosenoticias.com.br\/wp-content\/uploads\/2023\/08\/BKR-768x766.jpg 768w, https:\/\/jornalfatosenoticias.com.br\/wp-content\/uploads\/2023\/08\/BKR.jpg 1080w\" sizes=\"auto, (max-width: 338px) 100vw, 338px\" \/><\/a><\/figure><\/div>\n\n\n\n<blockquote class=\"wp-block-quote is-layout-flow wp-block-quote-is-layout-flow\"><p><span class=\"has-inline-color has-luminous-vivid-orange-color\">Nomear algu\u00e9m que enfrenta investiga\u00e7\u00f5es pode gerar questionamentos sobre a transpar\u00eancia e integridade na administra\u00e7\u00e3o p\u00fablica\u201d, comentou Siqueira na a\u00e7\u00e3o proposta.<\/span><\/p><\/blockquote>\n\n\n\n<div class=\"wp-block-image\"><figure class=\"aligncenter size-large is-resized\"><a href=\"https:\/\/panper.com.br\/\"><img loading=\"lazy\" decoding=\"async\" src=\"https:\/\/jornalfatosenoticias.com.br\/wp-content\/uploads\/2023\/03\/logo-Panper_portal.jpg\" alt=\"\" class=\"wp-image-40208\" width=\"347\" height=\"240\" srcset=\"https:\/\/jornalfatosenoticias.com.br\/wp-content\/uploads\/2023\/03\/logo-Panper_portal.jpg 400w, https:\/\/jornalfatosenoticias.com.br\/wp-content\/uploads\/2023\/03\/logo-Panper_portal-300x208.jpg 300w\" sizes=\"auto, (max-width: 347px) 100vw, 347px\" \/><\/a><\/figure><\/div>\n\n\n\n<p>A a\u00e7\u00e3o cita ainda casos anteriores de a\u00e7\u00f5es populares contra nomea\u00e7\u00f5es de ministros, como a indica\u00e7\u00e3o de Alexandre Ramagem para a Pol\u00edcia Federal, feita pelo ex-presidente Jair Bolsonaro (PL), e a de Lula para a Casa Civil, realizada pela ex-presidente Dilma Rousseff (PT), ambas suspensas por decis\u00f5es judiciais. <strong>(Fonte: Pleno.News)<\/strong><\/p>\n\n\n\n<div class=\"wp-block-image\"><figure class=\"aligncenter size-large is-resized\"><a href=\"https:\/\/www.facebook.com\/vetor.vix\/\"><img loading=\"lazy\" decoding=\"async\" src=\"https:\/\/jornalfatosenoticias.com.br\/wp-content\/uploads\/2023\/09\/vetorvix1024_1.jpg\" alt=\"\" class=\"wp-image-44868\" width=\"524\" height=\"139\" srcset=\"https:\/\/jornalfatosenoticias.com.br\/wp-content\/uploads\/2023\/09\/vetorvix1024_1.jpg 1024w, https:\/\/jornalfatosenoticias.com.br\/wp-content\/uploads\/2023\/09\/vetorvix1024_1-300x80.jpg 300w, https:\/\/jornalfatosenoticias.com.br\/wp-content\/uploads\/2023\/09\/vetorvix1024_1-768x205.jpg 768w\" sizes=\"auto, (max-width: 524px) 100vw, 524px\" \/><\/a><\/figure><\/div>\n\n\n\n<hr class=\"wp-block-separator\"\/>\n\n\n\n<h3 class=\"wp-block-heading\"><span class=\"has-inline-color has-black-color\">Folha e Estad\u00e3o alertam para inc\u00eandios e in\u00e9rcia do governo<\/span><\/h3>\n\n\n\n<div class=\"wp-block-image\"><figure class=\"aligncenter size-large\"><img loading=\"lazy\" decoding=\"async\" width=\"768\" height=\"502\" src=\"https:\/\/jornalfatosenoticias.com.br\/wp-content\/uploads\/2024\/09\/incendio-florestal-bsb2_mcamgo_abr.jpg\" alt=\"\" class=\"wp-image-54113\" srcset=\"https:\/\/jornalfatosenoticias.com.br\/wp-content\/uploads\/2024\/09\/incendio-florestal-bsb2_mcamgo_abr.jpg 768w, https:\/\/jornalfatosenoticias.com.br\/wp-content\/uploads\/2024\/09\/incendio-florestal-bsb2_mcamgo_abr-300x196.jpg 300w\" sizes=\"auto, (max-width: 768px) 100vw, 768px\" \/><figcaption><em><span class=\"has-inline-color has-black-color\">(Foto: Marcelo Camargo\/Ag\u00eancia Brasil) <\/span><\/em><\/figcaption><\/figure><\/div>\n\n\n\n<p><span class=\"has-inline-color has-black-color\">Por <strong>Thamirys Andrade<\/strong><\/span><\/p>\n\n\n\n<p>Os jornais <em>O Estado de S. Paulo<\/em> e <em>Folha de S.Paulo<\/em> fizeram editoriais apontando para as graves consequ\u00eancias dos inc\u00eandios florestais que j\u00e1 encobrem 60% do Brasil em fuma\u00e7a. Nos textos, publicados na ter\u00e7a (10) e quarta-feira (11), os peri\u00f3dicos denunciam a falta de mobiliza\u00e7\u00e3o do governo federal em torno do tema.<\/p>\n\n\n\n<blockquote class=\"wp-block-quote is-layout-flow wp-block-quote-is-layout-flow\"><p><span class=\"has-inline-color has-luminous-vivid-orange-color\">O Brasil est\u00e1 pegando fogo. E antes fosse apenas no sentido figurado, como decorr\u00eancia do acirramento de \u00e2nimos t\u00edpico dos per\u00edodos eleitorais. De acordo com o Instituto Nacional de Pesquisas Espaciais (Inpe), queimadas naturais e criminosas cobrem nada menos que 60% do territ\u00f3rio nacional de fuma\u00e7a (\u2026). O resultado desse quadro aterrador pode ser sentido por todos, mas sobretudo idosos e crian\u00e7as, os mais suscet\u00edveis ao agravamento de doen\u00e7as cardiorrespirat\u00f3rias causado pelo clima des\u00e9rtico\u201d, frisou o Estad\u00e3o no texto intitulado O Brasil sufoca.<\/span><\/p><\/blockquote>\n\n\n\n<div class=\"wp-block-image\"><figure class=\"aligncenter size-large is-resized\"><img loading=\"lazy\" decoding=\"async\" src=\"https:\/\/jornalfatosenoticias.com.br\/wp-content\/uploads\/2022\/02\/Precisao-Contabilidade-1024x724.jpg\" alt=\"\" class=\"wp-image-28088\" width=\"345\" height=\"244\"\/><\/figure><\/div>\n\n\n\n<blockquote class=\"wp-block-quote is-layout-flow wp-block-quote-is-layout-flow\"><p><span class=\"has-inline-color has-luminous-vivid-orange-color\">O Brasil enfrenta uma crise ambiental n\u00e3o menos impactante que as enchentes do Rio Grande do Sul. Governos e sociedade, entretanto, reagem de forma let\u00e1rgica \u00e0 cat\u00e1strofe. Um dia vir\u00e1 o c\u00f4mputo de mortes adicionais na tempestade perfeita de fogo e seca recordes, mas isso n\u00e3o \u00e9 necess\u00e1rio para dimensionar o desastre. Rios amaz\u00f4nicos secam, isolando ribeirinhos; aeroportos e portos fecham; aulas s\u00e3o suspensas; acidentes se multiplicam nas estradas sob visibilidade reduzida\u201d, enumera a Folha, no editorial Onde h\u00e1 fuma\u00e7a h\u00e1 fogo e falta urg\u00eancia.<\/span><\/p><\/blockquote>\n\n\n\n<div class=\"wp-block-image\"><figure class=\"aligncenter size-large is-resized\"><a href=\"https:\/\/www.instagram.com\/vmais.midias\/\"><img loading=\"lazy\" decoding=\"async\" src=\"https:\/\/jornalfatosenoticias.com.br\/wp-content\/uploads\/2020\/02\/DE-MAIS-DESTAQUE-VMAIS-800X700.png\" alt=\"\" class=\"wp-image-53112\" width=\"360\" height=\"314\" srcset=\"https:\/\/jornalfatosenoticias.com.br\/wp-content\/uploads\/2020\/02\/DE-MAIS-DESTAQUE-VMAIS-800X700.png 800w, https:\/\/jornalfatosenoticias.com.br\/wp-content\/uploads\/2020\/02\/DE-MAIS-DESTAQUE-VMAIS-800X700-300x263.png 300w, https:\/\/jornalfatosenoticias.com.br\/wp-content\/uploads\/2020\/02\/DE-MAIS-DESTAQUE-VMAIS-800X700-768x672.png 768w\" sizes=\"auto, (max-width: 360px) 100vw, 360px\" \/><\/a><\/figure><\/div>\n\n\n\n<p>Para o Estad\u00e3o, o ato de respirar se tornou \u201cum ato de resist\u00eancia\u201d, e embora essa \u201cdimens\u00e3o apocal\u00edptica\u201d dos inc\u00eandios j\u00e1 tenham iniciado h\u00e1 meses, s\u00f3 agora o governo federal \u201cparece ter acordado para a gravidade da situa\u00e7\u00e3o\u201d, tendo viajado ao Amazonas junto de ministros.<\/p>\n\n\n\n<div class=\"wp-block-image\"><figure class=\"aligncenter size-large is-resized\"><a href=\"https:\/\/www.instagram.com\/serra4x4cambioautomatico\/\"><img loading=\"lazy\" decoding=\"async\" src=\"https:\/\/jornalfatosenoticias.com.br\/wp-content\/uploads\/2024\/08\/Serra-4x4-1-886x1024.jpg\" alt=\"\" class=\"wp-image-53632\" width=\"344\" height=\"397\" srcset=\"https:\/\/jornalfatosenoticias.com.br\/wp-content\/uploads\/2024\/08\/Serra-4x4-1-886x1024.jpg 886w, https:\/\/jornalfatosenoticias.com.br\/wp-content\/uploads\/2024\/08\/Serra-4x4-1-260x300.jpg 260w, https:\/\/jornalfatosenoticias.com.br\/wp-content\/uploads\/2024\/08\/Serra-4x4-1-768x888.jpg 768w, https:\/\/jornalfatosenoticias.com.br\/wp-content\/uploads\/2024\/08\/Serra-4x4-1.jpg 1181w\" sizes=\"auto, (max-width: 344px) 100vw, 344px\" \/><\/a><\/figure><\/div>\n\n\n\n<p>Na avalia\u00e7\u00e3o do jornal, o ministro do Desenvolvimento e Assist\u00eancia Social, Fam\u00edlia e Combate \u00e0 Fome, Wellington Dias, j\u00e1 dava sinais de estar \u201cperdido\u201d h\u00e1 semanas, tendo chegado a dizer que a trag\u00e9dia ambiental era uma \u201ccoisa nova\u201d.<br>\u201cNova, a rigor, n\u00e3o \u00e9 nem a prostra\u00e7\u00e3o do governo federal diante de um problema h\u00e1 muito conhecido. (\u2026) \u201cEst\u00e1 todo mundo chocado com essa situa\u00e7\u00e3o\u201d, lamentou Wellington Dias. Ora, chocada est\u00e1 a sociedade brasileira diante da incompet\u00eancia do governo Lula da Silva para lidar com as queimadas, no melhor cen\u00e1rio, ou do descaso do presidente da Rep\u00fablica pela chamada quest\u00e3o ambiental, que jamais foi uma causa que o petista carregou no peito, instrumentalizando-a na medida de suas conveni\u00eancias pol\u00edticas de ocasi\u00e3o\u201d, criticou o editorial.<\/p>\n\n\n\n<div class=\"wp-block-image\"><figure class=\"aligncenter size-large\"><a href=\"https:\/\/cesconetto.com.br\/\"><img loading=\"lazy\" decoding=\"async\" width=\"300\" height=\"250\" src=\"https:\/\/jornalfatosenoticias.com.br\/wp-content\/uploads\/2022\/02\/Banner-2.png\" alt=\"\" class=\"wp-image-27877\"\/><\/a><\/figure><\/div>\n\n\n\n<p>A Folha, por sua vez, frisou a responsabilidade do Congresso Nacional. \u201cO Congresso mal reage ao flagelo. Verdade que aprovou legisla\u00e7\u00e3o sobre manejo de fogo, por\u00e9m ap\u00f3s seis anos de tramita\u00e7\u00e3o e tr\u00eas de queimadas devastadoras. (\u2026) Cortou verbas do Ibama para combate a inc\u00eandios, depois recompostas por cr\u00e9ditos extraordin\u00e1rios. Barrou a cria\u00e7\u00e3o de uma autoridade clim\u00e1tica por Luiz In\u00e1cio Lula da Silva (PT)\u201d, escreveu o peri\u00f3dico.<\/p>\n\n\n\n<div class=\"wp-block-image\"><figure class=\"aligncenter size-large\"><a href=\"http:\/\/www.ferrarimaquinas.com.br\/\"><img loading=\"lazy\" decoding=\"async\" width=\"300\" height=\"250\" src=\"https:\/\/jornalfatosenoticias.com.br\/wp-content\/uploads\/2022\/02\/FERRARI_MAQUINAS-E-FERRAMENTAS2.jpg\" alt=\"\" class=\"wp-image-27860\"\/><\/a><\/figure><\/div>\n\n\n\n<p>\u201cO Brasil precisa, de uma vez por todas, avan\u00e7ar na adapta\u00e7\u00e3o \u00e0s mudan\u00e7as clim\u00e1ticas. Condi\u00e7\u00f5es meteorol\u00f3gicas extremas, como a seca, as ondas de calor e as enchentes j\u00e1 n\u00e3o s\u00e3o o \u201cnovo normal\u201d, mas uma realidade posta. Quando se fala em prote\u00e7\u00e3o do meio ambiente, est\u00e1-se falando de seguran\u00e7a h\u00eddrica, energ\u00e9tica e alimentar. Est\u00e1-se falando de vidas, portanto. Ou Lula da Silva acorda para isso e lidera um esfor\u00e7o nacional de adapta\u00e7\u00e3o \u00e0s mudan\u00e7as clim\u00e1ticas digno do nome \u2014 e n\u00e3o s\u00f3 para \u201cingl\u00eas ver\u201d \u2014 ou o Brasil ser\u00e1 consumido por sua incompet\u00eancia antes que as chamas possam arrasar por completo os seus biomas\u201d, completou o Estad\u00e3o.<strong> (Fonte: Pleno.News)<\/strong><\/p>\n\n\n\n<div class=\"wp-block-image\"><figure class=\"aligncenter size-large is-resized\"><a href=\"https:\/\/www.instagram.com\/restaurantepegoretti\/\"><img loading=\"lazy\" decoding=\"async\" src=\"https:\/\/jornalfatosenoticias.com.br\/wp-content\/uploads\/2023\/12\/pegoretti-logo-pdf-1024x389.jpg\" alt=\"\" class=\"wp-image-47536\" width=\"453\" height=\"172\" srcset=\"https:\/\/jornalfatosenoticias.com.br\/wp-content\/uploads\/2023\/12\/pegoretti-logo-pdf-1024x389.jpg 1024w, https:\/\/jornalfatosenoticias.com.br\/wp-content\/uploads\/2023\/12\/pegoretti-logo-pdf-300x114.jpg 300w, https:\/\/jornalfatosenoticias.com.br\/wp-content\/uploads\/2023\/12\/pegoretti-logo-pdf-768x291.jpg 768w, https:\/\/jornalfatosenoticias.com.br\/wp-content\/uploads\/2023\/12\/pegoretti-logo-pdf.jpg 1120w\" sizes=\"auto, (max-width: 453px) 100vw, 453px\" \/><\/a><\/figure><\/div>\n\n\n\n<hr class=\"wp-block-separator\"\/>\n\n\n\n<h3 class=\"wp-block-heading\"><span class=\"has-inline-color has-black-color\">Pressionado, Lula anuncia a cria\u00e7\u00e3o da Autoridade Clim\u00e1tica<\/span><\/h3>\n\n\n\n<div class=\"wp-block-image\"><figure class=\"aligncenter size-large\"><img loading=\"lazy\" decoding=\"async\" width=\"768\" height=\"474\" src=\"https:\/\/jornalfatosenoticias.com.br\/wp-content\/uploads\/2024\/09\/molusco-clima.jpg\" alt=\"\" class=\"wp-image-54112\" srcset=\"https:\/\/jornalfatosenoticias.com.br\/wp-content\/uploads\/2024\/09\/molusco-clima.jpg 768w, https:\/\/jornalfatosenoticias.com.br\/wp-content\/uploads\/2024\/09\/molusco-clima-300x185.jpg 300w\" sizes=\"auto, (max-width: 768px) 100vw, 768px\" \/><figcaption><em><span class=\"has-inline-color has-black-color\">(Foto: Divulga\u00e7\u00e3o\/Ricardo Stuckert)<\/span><\/em><\/figcaption><\/figure><\/div>\n\n\n\n<p>Luiz In\u00e1cio Lula da Silva (PT), anunciou, nesta ter\u00e7a-feira (10), a cria\u00e7\u00e3o da Autoridade Clim\u00e1tica, \u00f3rg\u00e3o concebido ainda durante a campanha eleitoral de 2022 para cobrar das demais \u00e1reas do poder p\u00fablico o cumprimento de metas ambientais, mas que ainda n\u00e3o foi implementado. A atual ministra do Meio Ambiente, Marina Silva, chegou a ser cogitada para ocupar o posto durante a transi\u00e7\u00e3o de governo, o que n\u00e3o aconteceu.<\/p>\n\n\n\n<div class=\"wp-block-image\"><figure class=\"aligncenter size-large is-resized\"><a href=\"https:\/\/www.controlsystems.com.br\/\"><img loading=\"lazy\" decoding=\"async\" src=\"https:\/\/jornalfatosenoticias.com.br\/wp-content\/uploads\/2020\/02\/CONTROL-CS.jpg\" alt=\"\" class=\"wp-image-44991\" width=\"313\" height=\"375\" srcset=\"https:\/\/jornalfatosenoticias.com.br\/wp-content\/uploads\/2020\/02\/CONTROL-CS.jpg 834w, https:\/\/jornalfatosenoticias.com.br\/wp-content\/uploads\/2020\/02\/CONTROL-CS-250x300.jpg 250w, https:\/\/jornalfatosenoticias.com.br\/wp-content\/uploads\/2020\/02\/CONTROL-CS-768x921.jpg 768w\" sizes=\"auto, (max-width: 313px) 100vw, 313px\" \/><\/a><\/figure><\/div>\n\n\n\n<p>\u201cNosso objetivo \u00e9 estabelecer as condi\u00e7\u00f5es para ampliar e acelerar as pol\u00edticas p\u00fablicas a partir de um plano nacional de enfrentamento aos riscos clim\u00e1ticos extremos. Nosso foco precisa ser a adapta\u00e7\u00e3o e prepara\u00e7\u00e3o para o enfrentamento desse fen\u00f4meno. Para isso, vamos estabelecer uma autoridade clim\u00e1tica e um comit\u00ea t\u00e9cnico-cient\u00edfico que d\u00ea suporte e articule a implementa\u00e7\u00e3o das a\u00e7\u00f5es do governo federal\u201d, disse o petista.<\/p>\n\n\n\n<div class=\"wp-block-image\"><figure class=\"aligncenter size-large is-resized\"><a href=\"https:\/\/www.ithbrasil.com.br\/\"><img loading=\"lazy\" decoding=\"async\" src=\"https:\/\/jornalfatosenoticias.com.br\/wp-content\/uploads\/2023\/08\/ITH.jpeg\" alt=\"\" class=\"wp-image-44638\" width=\"327\" height=\"265\" srcset=\"https:\/\/jornalfatosenoticias.com.br\/wp-content\/uploads\/2023\/08\/ITH.jpeg 800w, https:\/\/jornalfatosenoticias.com.br\/wp-content\/uploads\/2023\/08\/ITH-300x244.jpeg 300w, https:\/\/jornalfatosenoticias.com.br\/wp-content\/uploads\/2023\/08\/ITH-768x624.jpeg 768w\" sizes=\"auto, (max-width: 327px) 100vw, 327px\" \/><\/a><\/figure><\/div>\n\n\n\n<p>\u201cPrecisamos ter consci\u00eancia que n\u00f3s precisamos punir quem faz queimada. \u00c9 proibido fazer queimada em \u00e9poca errada. Muitas vezes o companheiro pequeno produtor tenta fazer uma queimada na terrinha dele para fazer o ro\u00e7ado, mas ele pode perder o controle e aquilo pode destruir coisa que ele nem sabe que vai destruir\u201d, apontou.<\/p>\n\n\n\n<div class=\"wp-block-image\"><figure class=\"aligncenter size-large is-resized\"><a href=\"https:\/\/www.legisjuris.com.br\/\"><img loading=\"lazy\" decoding=\"async\" src=\"https:\/\/jornalfatosenoticias.com.br\/wp-content\/uploads\/2024\/09\/Legis-Juris-Consultoria_logo.jpg\" alt=\"\" class=\"wp-image-53915\" width=\"454\" height=\"190\" srcset=\"https:\/\/jornalfatosenoticias.com.br\/wp-content\/uploads\/2024\/09\/Legis-Juris-Consultoria_logo.jpg 969w, https:\/\/jornalfatosenoticias.com.br\/wp-content\/uploads\/2024\/09\/Legis-Juris-Consultoria_logo-300x126.jpg 300w, https:\/\/jornalfatosenoticias.com.br\/wp-content\/uploads\/2024\/09\/Legis-Juris-Consultoria_logo-768x322.jpg 768w\" sizes=\"auto, (max-width: 454px) 100vw, 454px\" \/><\/a><\/figure><\/div>\n\n\n\n<p>Ele mencionou a qualidade do ar de S\u00e3o Paulo, que foi a pior entre as principais metr\u00f3poles do mundo nos \u00faltimos dias. Lula disse que o governo federal n\u00e3o pode \u201cficar brigando\u201d com prefeitos e que precisa transformar os l\u00edderes locais em parceiros. Segundo ele, os prefeitos precisam se sentir \u201cc\u00famplices\u201d da prote\u00e7\u00e3o ambiental. O presidente defendeu dar \u201cesse ganho pela prote\u00e7\u00e3o da floresta\u201d a todos os prefeitos do pa\u00eds. <strong>(Fonte: Pleno.News)<\/strong><\/p>\n\n\n\n<div class=\"wp-block-image\"><figure class=\"aligncenter size-large is-resized\"><a href=\"https:\/\/hotelmarquetti.com.br\/\"><img loading=\"lazy\" decoding=\"async\" src=\"https:\/\/jornalfatosenoticias.com.br\/wp-content\/uploads\/2020\/02\/nova-logo-Marquetti.jpg\" alt=\"\" class=\"wp-image-22331\" width=\"371\" height=\"249\" srcset=\"https:\/\/jornalfatosenoticias.com.br\/wp-content\/uploads\/2020\/02\/nova-logo-Marquetti.jpg 643w, https:\/\/jornalfatosenoticias.com.br\/wp-content\/uploads\/2020\/02\/nova-logo-Marquetti-300x202.jpg 300w\" sizes=\"auto, (max-width: 371px) 100vw, 371px\" \/><\/a><\/figure><\/div>\n\n\n\n<hr class=\"wp-block-separator\"\/>\n\n\n\n<h3 class=\"wp-block-heading\"><span class=\"has-inline-color has-black-color\">Trump alega manipula\u00e7\u00e3o em debate com Harris: \u2018debate armado\u2019<\/span><\/h3>\n\n\n\n<div class=\"wp-block-image\"><figure class=\"aligncenter size-large\"><img loading=\"lazy\" decoding=\"async\" width=\"612\" height=\"408\" src=\"https:\/\/jornalfatosenoticias.com.br\/wp-content\/uploads\/2024\/09\/trump-debate_gettyimages.jpg\" alt=\"\" class=\"wp-image-54111\" srcset=\"https:\/\/jornalfatosenoticias.com.br\/wp-content\/uploads\/2024\/09\/trump-debate_gettyimages.jpg 612w, https:\/\/jornalfatosenoticias.com.br\/wp-content\/uploads\/2024\/09\/trump-debate_gettyimages-300x200.jpg 300w\" sizes=\"auto, (max-width: 612px) 100vw, 612px\" \/><figcaption><em><span class=\"has-inline-color has-black-color\">(Foto: Getty Images)<\/span><\/em><\/figcaption><\/figure><\/div>\n\n\n\n<p>O ex-presidente Donald Trump mencionou na quarta-feira (12) que o debate televisionado na noite anterior com Kamala Harris, transmitido pela ABC News, foi tendencioso contra ele. Trump afirmou que o debate foi \u201carmado\u201d, embora n\u00e3o tenha apresentado evid\u00eancias para sustentar essa acusa\u00e7\u00e3o.<\/p>\n\n\n\n<div class=\"wp-block-image\"><figure class=\"aligncenter size-large\"><a href=\"https:\/\/www.facebook.com\/Esteio-Churrascaria-Barbecue-103643461220402\/\"><img decoding=\"async\" src=\"https:\/\/jornalfatosenoticias.com.br\/wp-content\/uploads\/2020\/02\/logo_esteio.jpg\" alt=\"\" class=\"wp-image-1214\"\/><\/a><\/figure><\/div>\n\n\n\n<blockquote class=\"wp-block-quote is-layout-flow wp-block-quote-is-layout-flow\"><p><span class=\"has-inline-color has-luminous-vivid-orange-color\">Eles arranjaram tudo, como eu suspeitava que fariam. D\u00e1 para perceber, pois corrigiam tudo para ela, mas n\u00e3o para mim\u201d, afirmou Trump durante uma entrevista \u00e0 Fox News, conhecida por seu alinhamento conservador.<\/span><\/p><\/blockquote>\n\n\n\n<div class=\"wp-block-image\"><figure class=\"aligncenter size-large\"><a href=\"https:\/\/mizu.com.br\/\"><img loading=\"lazy\" decoding=\"async\" width=\"729\" height=\"90\" src=\"https:\/\/jornalfatosenoticias.com.br\/wp-content\/uploads\/2020\/02\/Logo_Mizu.png\" alt=\"\" class=\"wp-image-1441\" srcset=\"https:\/\/jornalfatosenoticias.com.br\/wp-content\/uploads\/2020\/02\/Logo_Mizu.png 729w, https:\/\/jornalfatosenoticias.com.br\/wp-content\/uploads\/2020\/02\/Logo_Mizu-300x37.png 300w\" sizes=\"auto, (max-width: 729px) 100vw, 729px\" \/><\/a><\/figure><\/div>\n\n\n\n<p>Al\u00e9m disso, Trump criticou a cantora Taylor Swift por apoiar Harris. \u201cNunca fui f\u00e3 de Taylor Swift\u2026 Ela \u00e9 muito liberal. Parece que sempre apoia os democratas e provavelmente pagar\u00e1 por isso com suas vendas no mercado\u201d, disse Trump.<br>O confronto entre Trump e Harris foi caracterizado por diversas trocas acaloradas. Harris pressionou Trump sobre v\u00e1rias quest\u00f5es-chave, enquanto Trump a acusava de falta de a\u00e7\u00e3o durante seu mandato como vice-presidente. Taylor Swift, uma reconhecida defensora de v\u00e1rias causas liberais, explicitou seu apoio a Harris logo ap\u00f3s o debate, gerando mais discuss\u00f5es.<\/p>\n\n\n\n<div class=\"wp-block-image\"><figure class=\"aligncenter size-large is-resized\"><a href=\"https:\/\/www.instagram.com\/serra4x4cambioautomatico\/\"><img loading=\"lazy\" decoding=\"async\" src=\"https:\/\/jornalfatosenoticias.com.br\/wp-content\/uploads\/2024\/08\/Serra-4x4-1-886x1024.jpg\" alt=\"\" class=\"wp-image-53632\" width=\"325\" height=\"375\" srcset=\"https:\/\/jornalfatosenoticias.com.br\/wp-content\/uploads\/2024\/08\/Serra-4x4-1-886x1024.jpg 886w, https:\/\/jornalfatosenoticias.com.br\/wp-content\/uploads\/2024\/08\/Serra-4x4-1-260x300.jpg 260w, https:\/\/jornalfatosenoticias.com.br\/wp-content\/uploads\/2024\/08\/Serra-4x4-1-768x888.jpg 768w, https:\/\/jornalfatosenoticias.com.br\/wp-content\/uploads\/2024\/08\/Serra-4x4-1.jpg 1181w\" sizes=\"auto, (max-width: 325px) 100vw, 325px\" \/><\/a><\/figure><\/div>\n\n\n\n<p>Antes do debate, Swift havia evitado coment\u00e1rios p\u00fablicos sobre a elei\u00e7\u00e3o. No entanto, seus f\u00e3s, conhecidos como \u201cSwifties por Kamala\u201d, arrecadaram mais de 150 mil d\u00f3lares para a campanha democrata. A declara\u00e7\u00e3o de Swift ap\u00f3s o debate foi vista como uma resposta forte \u00e0s cr\u00edticas de Trump.<\/p>\n\n\n\n<div class=\"wp-block-image\"><figure class=\"aligncenter size-large is-resized\"><a href=\"https:\/\/www.facebook.com\/postobkr\/?locale=pt_BR\"><img loading=\"lazy\" decoding=\"async\" src=\"https:\/\/jornalfatosenoticias.com.br\/wp-content\/uploads\/2023\/08\/BKR-1024x1021.jpg\" alt=\"\" class=\"wp-image-44494\" width=\"293\" height=\"292\" srcset=\"https:\/\/jornalfatosenoticias.com.br\/wp-content\/uploads\/2023\/08\/BKR-1024x1021.jpg 1024w, https:\/\/jornalfatosenoticias.com.br\/wp-content\/uploads\/2023\/08\/BKR-300x300.jpg 300w, https:\/\/jornalfatosenoticias.com.br\/wp-content\/uploads\/2023\/08\/BKR-150x150.jpg 150w, https:\/\/jornalfatosenoticias.com.br\/wp-content\/uploads\/2023\/08\/BKR-768x766.jpg 768w, https:\/\/jornalfatosenoticias.com.br\/wp-content\/uploads\/2023\/08\/BKR.jpg 1080w\" sizes=\"auto, (max-width: 293px) 100vw, 293px\" \/><\/a><\/figure><\/div>\n\n\n\n<p>Ambos os candidatos afirmaram ter sa\u00eddo vencedores do debate, mas os efeitos reais sobre as pesquisas de opini\u00e3o podem demorar alguns dias para aparecer. Especialistas apontam que an\u00e1lises futuras ir\u00e3o determinar o impacto do debate sobre a corrida presidencial. <strong>(Fonte: Terra Brasil Not\u00edcias)<\/strong><\/p>\n\n\n\n<div class=\"wp-block-image\"><figure class=\"aligncenter size-large is-resized\"><a href=\"https:\/\/www.facebook.com\/vetor.vix\/\"><img loading=\"lazy\" decoding=\"async\" src=\"https:\/\/jornalfatosenoticias.com.br\/wp-content\/uploads\/2023\/09\/vetorvix1024_1.jpg\" alt=\"\" class=\"wp-image-44868\" width=\"528\" height=\"140\" srcset=\"https:\/\/jornalfatosenoticias.com.br\/wp-content\/uploads\/2023\/09\/vetorvix1024_1.jpg 1024w, https:\/\/jornalfatosenoticias.com.br\/wp-content\/uploads\/2023\/09\/vetorvix1024_1-300x80.jpg 300w, https:\/\/jornalfatosenoticias.com.br\/wp-content\/uploads\/2023\/09\/vetorvix1024_1-768x205.jpg 768w\" sizes=\"auto, (max-width: 528px) 100vw, 528px\" \/><\/a><\/figure><\/div>\n\n\n\n<hr class=\"wp-block-separator\"\/>\n\n\n\n<h3 class=\"wp-block-heading\"><span class=\"has-inline-color has-black-color\">Nicar\u00e1gua imp\u00f5e pris\u00e3o para cr\u00edticos do governo nas redes sociais<\/span><\/h3>\n\n\n\n<div class=\"wp-block-image\"><figure class=\"aligncenter size-large\"><img loading=\"lazy\" decoding=\"async\" width=\"612\" height=\"408\" src=\"https:\/\/jornalfatosenoticias.com.br\/wp-content\/uploads\/2024\/09\/ortega_gettyimages.jpg\" alt=\"\" class=\"wp-image-54110\" srcset=\"https:\/\/jornalfatosenoticias.com.br\/wp-content\/uploads\/2024\/09\/ortega_gettyimages.jpg 612w, https:\/\/jornalfatosenoticias.com.br\/wp-content\/uploads\/2024\/09\/ortega_gettyimages-300x200.jpg 300w\" sizes=\"auto, (max-width: 612px) 100vw, 612px\" \/><figcaption><em><span class=\"has-inline-color has-black-color\">(Foto: Getty Images)<\/span><\/em><\/figcaption><\/figure><\/div>\n\n\n\n<p>Atualmente, a Nicar\u00e1gua \u00e9 considerada uma das piores autocracias eleitorais do mundo. O ditador do pa\u00eds, Daniel Ortega, est\u00e1 no poder h\u00e1 17 anos. Segundo a Assembleia Nacional, pessoas que fizerem publica\u00e7\u00f5es que provoquem \u201calarme, medo, p\u00e2nico ou ansiedade\u201d poder\u00e3o ser alvos de multas e condena\u00e7\u00f5es. A medida tamb\u00e9m vale para quem fizer posts no exterior, incluindo estrangeiros.<br>A oposi\u00e7\u00e3o afirmou que a nova lei regulamenta a censura nas redes sociais. J\u00e1 o parlamento defende que o texto previne \u201ccrimes cometidos por pessoas f\u00edsicas ou jur\u00eddicas dentro ou fora do pa\u00eds\u201d na internet. A nova norma se soma \u00e0 reforma do c\u00f3digo penal aprovada na semana passada, que imp\u00f4s penas de at\u00e9 30 anos de pris\u00e3o e o confisco de bens por \u201ccrimes contra o Estado\u201d cometidos por qualquer pessoa, em qualquer pa\u00eds do mundo.<\/p>\n\n\n\n<div class=\"wp-block-image\"><figure class=\"aligncenter size-large is-resized\"><a href=\"https:\/\/panper.com.br\/\"><img loading=\"lazy\" decoding=\"async\" src=\"https:\/\/jornalfatosenoticias.com.br\/wp-content\/uploads\/2023\/03\/logo-Panper_portal.jpg\" alt=\"\" class=\"wp-image-40208\" width=\"335\" height=\"232\" srcset=\"https:\/\/jornalfatosenoticias.com.br\/wp-content\/uploads\/2023\/03\/logo-Panper_portal.jpg 400w, https:\/\/jornalfatosenoticias.com.br\/wp-content\/uploads\/2023\/03\/logo-Panper_portal-300x208.jpg 300w\" sizes=\"auto, (max-width: 335px) 100vw, 335px\" \/><\/a><\/figure><\/div>\n\n\n\n<p>Para o advogado Salvador Marenco, a lei estabelece controle total do governo nas redes sociais e amplia a pol\u00edtica de repress\u00e3o. \u201cElas [redes sociais] foram fundamentais para a den\u00fancia das viola\u00e7\u00f5es graves dos direitos humanos\u201d, disse em entrevista \u00e0 AFP. O Parlamento da Nicar\u00e1gua \u00e9 controlado pelo governo. Apesar de ser um pa\u00eds com elei\u00e7\u00f5es, os pleitos n\u00e3o s\u00e3o livres nem justos. O regime nicaraguense imp\u00f4s censura aos ve\u00edculos de imprensa e persegue politicamente cr\u00edticos ao governo. A Igreja Cat\u00f3lica foi um dos alvos de Ortega.<\/p>\n\n\n\n<div class=\"wp-block-image\"><figure class=\"aligncenter size-large is-resized\"><a href=\"https:\/\/www.instagram.com\/vmais.midias\/\"><img loading=\"lazy\" decoding=\"async\" src=\"https:\/\/jornalfatosenoticias.com.br\/wp-content\/uploads\/2020\/02\/DE-MAIS-DESTAQUE-VMAIS-800X700.png\" alt=\"\" class=\"wp-image-53112\" width=\"306\" height=\"267\" srcset=\"https:\/\/jornalfatosenoticias.com.br\/wp-content\/uploads\/2020\/02\/DE-MAIS-DESTAQUE-VMAIS-800X700.png 800w, https:\/\/jornalfatosenoticias.com.br\/wp-content\/uploads\/2020\/02\/DE-MAIS-DESTAQUE-VMAIS-800X700-300x263.png 300w, https:\/\/jornalfatosenoticias.com.br\/wp-content\/uploads\/2020\/02\/DE-MAIS-DESTAQUE-VMAIS-800X700-768x672.png 768w\" sizes=\"auto, (max-width: 306px) 100vw, 306px\" \/><\/a><\/figure><\/div>\n\n\n\n<p>Uma autocracia eleitoral \u00e9 um sistema de governo em que o l\u00edder exerce poder absoluto, embora elei\u00e7\u00f5es existam formalmente. No entanto, essas elei\u00e7\u00f5es s\u00e3o manipuladas, limitando escolhas reais para a popula\u00e7\u00e3o. A Nicar\u00e1gua, nesse contexto, apesar de realizar pleitos regulares, n\u00e3o proporciona justi\u00e7a ou liberdade nos processos eleitorais. De acordo com o \u00edndice de democracias liberais do V-DEM, a Nicar\u00e1gua est\u00e1 no 176\u00ba lugar entre 179 pa\u00edses, estando apenas \u00e0 frente de Mianmar, Eritr\u00e9ia e Coreia do Norte. A avalia\u00e7\u00e3o, inclusive, \u00e9 pior que a da Venezuela, que est\u00e1 em 164\u00ba lugar.<\/p>\n\n\n\n<div class=\"wp-block-image\"><figure class=\"aligncenter size-large is-resized\"><img loading=\"lazy\" decoding=\"async\" src=\"https:\/\/jornalfatosenoticias.com.br\/wp-content\/uploads\/2022\/02\/Precisao-Contabilidade-1024x724.jpg\" alt=\"\" class=\"wp-image-28088\" width=\"316\" height=\"223\"\/><\/figure><\/div>\n\n\n\n<p>A persegui\u00e7\u00e3o pol\u00edtica intensa \u00e9 uma estrat\u00e9gia do governo de Ortega para manter seu controle autorit\u00e1rio. O regime n\u00e3o s\u00f3 censura os meios de comunica\u00e7\u00e3o, mas tamb\u00e9m processa e intimida indiv\u00edduos cr\u00edticos ao governo, incluindo figuras religiosas. Em agosto de 2023, o governo expulsou o embaixador brasileiro ap\u00f3s o Brasil n\u00e3o ter enviado representante para o anivers\u00e1rio de 45 anos da Revolu\u00e7\u00e3o Sandinista.<\/p>\n\n\n\n<div class=\"wp-block-image\"><figure class=\"aligncenter size-large is-resized\"><a href=\"https:\/\/www.ithbrasil.com.br\/\"><img loading=\"lazy\" decoding=\"async\" src=\"https:\/\/jornalfatosenoticias.com.br\/wp-content\/uploads\/2023\/08\/ITH.jpeg\" alt=\"\" class=\"wp-image-44638\" width=\"325\" height=\"264\" srcset=\"https:\/\/jornalfatosenoticias.com.br\/wp-content\/uploads\/2023\/08\/ITH.jpeg 800w, https:\/\/jornalfatosenoticias.com.br\/wp-content\/uploads\/2023\/08\/ITH-300x244.jpeg 300w, https:\/\/jornalfatosenoticias.com.br\/wp-content\/uploads\/2023\/08\/ITH-768x624.jpeg 768w\" sizes=\"auto, (max-width: 325px) 100vw, 325px\" \/><\/a><\/figure><\/div>\n\n\n\n<p>A Revolu\u00e7\u00e3o Sandinista, que ocorreu em 1979, foi uma revolta popular contra o ditador Anastasio Somoza Debayle, na qual o atual ditador Ortega foi um dos l\u00edderes. Ironicamente, Ortega, um revolucion\u00e1rio do passado, agora perpetua uma ditadura implac\u00e1vel. <strong>(Fonte: Terra Brasil Not\u00edcias)<\/strong><\/p>\n\n\n\n<hr class=\"wp-block-separator\"\/>\n","protected":false},"excerpt":{"rendered":"<p>A recente pesquisa Quaest divulgada para a disputa pela Prefeitura de S\u00e3o Paulo revelou uma queda significativa nas inten\u00e7\u00f5es de voto para Guilherme Boulos, do PSol. Esse resultado acendeu o alerta vermelho no Pal\u00e1cio do Planalto, onde Lula, principal aliado do candidato, acompanha a situa\u00e7\u00e3o de perto.De acordo com o levantamento, Boulos passou de 22% [&hellip;]<\/p>\n","protected":false},"author":3,"featured_media":54115,"comment_status":"open","ping_status":"open","sticky":false,"template":"","format":"standard","meta":{"footnotes":""},"categories":[10],"tags":[23714,2129,16508,12884,2147,24648,24141,7580,24632,589],"class_list":["post-54109","post","type-post","status-publish","format-standard","has-post-thumbnail","hentry","category-politica","tag-boulos","tag-corrupcao","tag-daniel-ortega","tag-debate","tag-donald-trump","tag-incendios-no-brasil","tag-kamala-harris","tag-lula","tag-macae-evaristo","tag-nicaragua"],"yoast_head":"<!-- This site is optimized with the Yoast SEO plugin v26.5 - https:\/\/yoast.com\/wordpress\/plugins\/seo\/ -->\n<title>A Semana no Brasil e no Mundo \u2014 Nova pesquisa cai como bomba para Boulos e acende alerta para esquerda - Jornal Fatos e Not\u00edcias<\/title>\n<meta name=\"robots\" content=\"index, follow, max-snippet:-1, max-image-preview:large, max-video-preview:-1\" \/>\n<link rel=\"canonical\" href=\"https:\/\/jornalfatosenoticias.com.br\/index.php\/2024\/09\/12\/a-semana-no-brasil-e-no-mundo-nova-pesquisa-cai-como-bomba-para-boulos-e-acende-alerta-para-esquerda\/\" \/>\n<meta property=\"og:locale\" content=\"pt_BR\" \/>\n<meta property=\"og:type\" content=\"article\" \/>\n<meta property=\"og:title\" content=\"A Semana no Brasil e no Mundo \u2014 Nova pesquisa cai como bomba para Boulos e acende alerta para esquerda - Jornal Fatos e Not\u00edcias\" \/>\n<meta property=\"og:description\" content=\"A recente pesquisa Quaest divulgada para a disputa pela Prefeitura de S\u00e3o Paulo revelou uma queda significativa nas inten\u00e7\u00f5es de voto para Guilherme Boulos, do PSol. Esse resultado acendeu o alerta vermelho no Pal\u00e1cio do Planalto, onde Lula, principal aliado do candidato, acompanha a situa\u00e7\u00e3o de perto.De acordo com o levantamento, Boulos passou de 22% [&hellip;]\" \/>\n<meta property=\"og:url\" content=\"https:\/\/jornalfatosenoticias.com.br\/index.php\/2024\/09\/12\/a-semana-no-brasil-e-no-mundo-nova-pesquisa-cai-como-bomba-para-boulos-e-acende-alerta-para-esquerda\/\" \/>\n<meta property=\"og:site_name\" content=\"Jornal Fatos e Not\u00edcias\" \/>\n<meta property=\"article:published_time\" content=\"2024-09-12T19:13:51+00:00\" \/>\n<meta property=\"article:modified_time\" content=\"2024-09-12T19:13:53+00:00\" \/>\n<meta property=\"og:image\" content=\"https:\/\/jornalfatosenoticias.com.br\/wp-content\/uploads\/2024\/09\/invasor-de-terras_gettyimages.jpg\" \/>\n\t<meta property=\"og:image:width\" content=\"612\" \/>\n\t<meta property=\"og:image:height\" content=\"408\" \/>\n\t<meta property=\"og:image:type\" content=\"image\/jpeg\" \/>\n<meta name=\"author\" content=\"Haroldo Filho\" \/>\n<meta name=\"twitter:card\" content=\"summary_large_image\" \/>\n<meta name=\"twitter:label1\" content=\"Escrito por\" \/>\n\t<meta name=\"twitter:data1\" content=\"Haroldo Filho\" \/>\n\t<meta name=\"twitter:label2\" content=\"Est. tempo de leitura\" \/>\n\t<meta name=\"twitter:data2\" content=\"12 minutos\" \/>\n<script type=\"application\/ld+json\" class=\"yoast-schema-graph\">{\"@context\":\"https:\/\/schema.org\",\"@graph\":[{\"@type\":\"Article\",\"@id\":\"https:\/\/jornalfatosenoticias.com.br\/index.php\/2024\/09\/12\/a-semana-no-brasil-e-no-mundo-nova-pesquisa-cai-como-bomba-para-boulos-e-acende-alerta-para-esquerda\/#article\",\"isPartOf\":{\"@id\":\"https:\/\/jornalfatosenoticias.com.br\/index.php\/2024\/09\/12\/a-semana-no-brasil-e-no-mundo-nova-pesquisa-cai-como-bomba-para-boulos-e-acende-alerta-para-esquerda\/\"},\"author\":{\"name\":\"Haroldo Filho\",\"@id\":\"https:\/\/jornalfatosenoticias.com.br\/#\/schema\/person\/05c46cc25b42a5c27e004fb0fa6b4965\"},\"headline\":\"A Semana no Brasil e no Mundo \u2014 Nova pesquisa cai como bomba para Boulos e acende alerta para esquerda\",\"datePublished\":\"2024-09-12T19:13:51+00:00\",\"dateModified\":\"2024-09-12T19:13:53+00:00\",\"mainEntityOfPage\":{\"@id\":\"https:\/\/jornalfatosenoticias.com.br\/index.php\/2024\/09\/12\/a-semana-no-brasil-e-no-mundo-nova-pesquisa-cai-como-bomba-para-boulos-e-acende-alerta-para-esquerda\/\"},\"wordCount\":2337,\"commentCount\":0,\"publisher\":{\"@id\":\"https:\/\/jornalfatosenoticias.com.br\/#organization\"},\"image\":{\"@id\":\"https:\/\/jornalfatosenoticias.com.br\/index.php\/2024\/09\/12\/a-semana-no-brasil-e-no-mundo-nova-pesquisa-cai-como-bomba-para-boulos-e-acende-alerta-para-esquerda\/#primaryimage\"},\"thumbnailUrl\":\"https:\/\/jornalfatosenoticias.com.br\/wp-content\/uploads\/2024\/09\/invasor-de-terras_gettyimages.jpg\",\"keywords\":[\"Boulos\",\"corrup\u00e7\u00e3o\",\"Daniel Ortega\",\"debate\",\"Donald Trump\",\"inc\u00eandios no Brasil\",\"Kamala Harris\",\"Lula\",\"Maca\u00e9 Evaristo\",\"Nicar\u00e1gua\"],\"articleSection\":[\"Pol\u00edtica\"],\"inLanguage\":\"pt-BR\",\"potentialAction\":[{\"@type\":\"CommentAction\",\"name\":\"Comment\",\"target\":[\"https:\/\/jornalfatosenoticias.com.br\/index.php\/2024\/09\/12\/a-semana-no-brasil-e-no-mundo-nova-pesquisa-cai-como-bomba-para-boulos-e-acende-alerta-para-esquerda\/#respond\"]}]},{\"@type\":\"WebPage\",\"@id\":\"https:\/\/jornalfatosenoticias.com.br\/index.php\/2024\/09\/12\/a-semana-no-brasil-e-no-mundo-nova-pesquisa-cai-como-bomba-para-boulos-e-acende-alerta-para-esquerda\/\",\"url\":\"https:\/\/jornalfatosenoticias.com.br\/index.php\/2024\/09\/12\/a-semana-no-brasil-e-no-mundo-nova-pesquisa-cai-como-bomba-para-boulos-e-acende-alerta-para-esquerda\/\",\"name\":\"A Semana no Brasil e no Mundo \u2014 Nova pesquisa cai como bomba para Boulos e acende alerta para esquerda - Jornal Fatos e Not\u00edcias\",\"isPartOf\":{\"@id\":\"https:\/\/jornalfatosenoticias.com.br\/#website\"},\"primaryImageOfPage\":{\"@id\":\"https:\/\/jornalfatosenoticias.com.br\/index.php\/2024\/09\/12\/a-semana-no-brasil-e-no-mundo-nova-pesquisa-cai-como-bomba-para-boulos-e-acende-alerta-para-esquerda\/#primaryimage\"},\"image\":{\"@id\":\"https:\/\/jornalfatosenoticias.com.br\/index.php\/2024\/09\/12\/a-semana-no-brasil-e-no-mundo-nova-pesquisa-cai-como-bomba-para-boulos-e-acende-alerta-para-esquerda\/#primaryimage\"},\"thumbnailUrl\":\"https:\/\/jornalfatosenoticias.com.br\/wp-content\/uploads\/2024\/09\/invasor-de-terras_gettyimages.jpg\",\"datePublished\":\"2024-09-12T19:13:51+00:00\",\"dateModified\":\"2024-09-12T19:13:53+00:00\",\"breadcrumb\":{\"@id\":\"https:\/\/jornalfatosenoticias.com.br\/index.php\/2024\/09\/12\/a-semana-no-brasil-e-no-mundo-nova-pesquisa-cai-como-bomba-para-boulos-e-acende-alerta-para-esquerda\/#breadcrumb\"},\"inLanguage\":\"pt-BR\",\"potentialAction\":[{\"@type\":\"ReadAction\",\"target\":[\"https:\/\/jornalfatosenoticias.com.br\/index.php\/2024\/09\/12\/a-semana-no-brasil-e-no-mundo-nova-pesquisa-cai-como-bomba-para-boulos-e-acende-alerta-para-esquerda\/\"]}]},{\"@type\":\"ImageObject\",\"inLanguage\":\"pt-BR\",\"@id\":\"https:\/\/jornalfatosenoticias.com.br\/index.php\/2024\/09\/12\/a-semana-no-brasil-e-no-mundo-nova-pesquisa-cai-como-bomba-para-boulos-e-acende-alerta-para-esquerda\/#primaryimage\",\"url\":\"https:\/\/jornalfatosenoticias.com.br\/wp-content\/uploads\/2024\/09\/invasor-de-terras_gettyimages.jpg\",\"contentUrl\":\"https:\/\/jornalfatosenoticias.com.br\/wp-content\/uploads\/2024\/09\/invasor-de-terras_gettyimages.jpg\",\"width\":612,\"height\":408,\"caption\":\"Brazilian presidential candidate Guilherme Boulos (PSOL), takes part in the last presidential debate ahead of the October 7 general election, at Globo television network headquarters in Rio de Janeiro, Brazil on October 04, 2018. Right-wing frontrunner Jair Bolsonaro, who was stabbed on September 6 during a campaign rally in the southern state of Minas Gerais, is absent due to medical reasons. (Photo by Daniel RAMALHO \/ AFP) (Photo by DANIEL RAMALHO\/AFP via Getty Images)\"},{\"@type\":\"BreadcrumbList\",\"@id\":\"https:\/\/jornalfatosenoticias.com.br\/index.php\/2024\/09\/12\/a-semana-no-brasil-e-no-mundo-nova-pesquisa-cai-como-bomba-para-boulos-e-acende-alerta-para-esquerda\/#breadcrumb\",\"itemListElement\":[{\"@type\":\"ListItem\",\"position\":1,\"name\":\"In\u00edcio\",\"item\":\"https:\/\/jornalfatosenoticias.com.br\/\"},{\"@type\":\"ListItem\",\"position\":2,\"name\":\"A Semana no Brasil e no Mundo \u2014 Nova pesquisa cai como bomba para Boulos e acende alerta para esquerda\"}]},{\"@type\":\"WebSite\",\"@id\":\"https:\/\/jornalfatosenoticias.com.br\/#website\",\"url\":\"https:\/\/jornalfatosenoticias.com.br\/\",\"name\":\"Jornal Fatos e Not\u00edcias\",\"description\":\"Not\u00edcias em geral\",\"publisher\":{\"@id\":\"https:\/\/jornalfatosenoticias.com.br\/#organization\"},\"potentialAction\":[{\"@type\":\"SearchAction\",\"target\":{\"@type\":\"EntryPoint\",\"urlTemplate\":\"https:\/\/jornalfatosenoticias.com.br\/?s={search_term_string}\"},\"query-input\":{\"@type\":\"PropertyValueSpecification\",\"valueRequired\":true,\"valueName\":\"search_term_string\"}}],\"inLanguage\":\"pt-BR\"},{\"@type\":\"Organization\",\"@id\":\"https:\/\/jornalfatosenoticias.com.br\/#organization\",\"name\":\"Jornal Fatos e Not\u00edcias\",\"url\":\"https:\/\/jornalfatosenoticias.com.br\/\",\"logo\":{\"@type\":\"ImageObject\",\"inLanguage\":\"pt-BR\",\"@id\":\"https:\/\/jornalfatosenoticias.com.br\/#\/schema\/logo\/image\/\",\"url\":\"https:\/\/jornalfatosenoticias.com.br\/wp-content\/uploads\/2020\/02\/logo120.png\",\"contentUrl\":\"https:\/\/jornalfatosenoticias.com.br\/wp-content\/uploads\/2020\/02\/logo120.png\",\"width\":1227,\"height\":120,\"caption\":\"Jornal Fatos e Not\u00edcias\"},\"image\":{\"@id\":\"https:\/\/jornalfatosenoticias.com.br\/#\/schema\/logo\/image\/\"}},{\"@type\":\"Person\",\"@id\":\"https:\/\/jornalfatosenoticias.com.br\/#\/schema\/person\/05c46cc25b42a5c27e004fb0fa6b4965\",\"name\":\"Haroldo Filho\",\"image\":{\"@type\":\"ImageObject\",\"inLanguage\":\"pt-BR\",\"@id\":\"https:\/\/jornalfatosenoticias.com.br\/#\/schema\/person\/image\/\",\"url\":\"https:\/\/jornalfatosenoticias.com.br\/wp-content\/uploads\/2025\/08\/WhatsApp-Image-2025-08-18-at-15.30.28-150x150.jpeg\",\"contentUrl\":\"https:\/\/jornalfatosenoticias.com.br\/wp-content\/uploads\/2025\/08\/WhatsApp-Image-2025-08-18-at-15.30.28-150x150.jpeg\",\"caption\":\"Haroldo Filho\"},\"description\":\"Jornalista \u2013 DRT: 0003818\/ES Coordenador-geral da ONG Educar para Crescer\",\"url\":\"https:\/\/jornalfatosenoticias.com.br\/index.php\/author\/haroldo\/\"}]}<\/script>\n<!-- \/ Yoast SEO plugin. -->","yoast_head_json":{"title":"A Semana no Brasil e no Mundo \u2014 Nova pesquisa cai como bomba para Boulos e acende alerta para esquerda - Jornal Fatos e Not\u00edcias","robots":{"index":"index","follow":"follow","max-snippet":"max-snippet:-1","max-image-preview":"max-image-preview:large","max-video-preview":"max-video-preview:-1"},"canonical":"https:\/\/jornalfatosenoticias.com.br\/index.php\/2024\/09\/12\/a-semana-no-brasil-e-no-mundo-nova-pesquisa-cai-como-bomba-para-boulos-e-acende-alerta-para-esquerda\/","og_locale":"pt_BR","og_type":"article","og_title":"A Semana no Brasil e no Mundo \u2014 Nova pesquisa cai como bomba para Boulos e acende alerta para esquerda - Jornal Fatos e Not\u00edcias","og_description":"A recente pesquisa Quaest divulgada para a disputa pela Prefeitura de S\u00e3o Paulo revelou uma queda significativa nas inten\u00e7\u00f5es de voto para Guilherme Boulos, do PSol. Esse resultado acendeu o alerta vermelho no Pal\u00e1cio do Planalto, onde Lula, principal aliado do candidato, acompanha a situa\u00e7\u00e3o de perto.De acordo com o levantamento, Boulos passou de 22% [&hellip;]","og_url":"https:\/\/jornalfatosenoticias.com.br\/index.php\/2024\/09\/12\/a-semana-no-brasil-e-no-mundo-nova-pesquisa-cai-como-bomba-para-boulos-e-acende-alerta-para-esquerda\/","og_site_name":"Jornal Fatos e Not\u00edcias","article_published_time":"2024-09-12T19:13:51+00:00","article_modified_time":"2024-09-12T19:13:53+00:00","og_image":[{"width":612,"height":408,"url":"https:\/\/jornalfatosenoticias.com.br\/wp-content\/uploads\/2024\/09\/invasor-de-terras_gettyimages.jpg","type":"image\/jpeg"}],"author":"Haroldo Filho","twitter_card":"summary_large_image","twitter_misc":{"Escrito por":"Haroldo Filho","Est. tempo de leitura":"12 minutos"},"schema":{"@context":"https:\/\/schema.org","@graph":[{"@type":"Article","@id":"https:\/\/jornalfatosenoticias.com.br\/index.php\/2024\/09\/12\/a-semana-no-brasil-e-no-mundo-nova-pesquisa-cai-como-bomba-para-boulos-e-acende-alerta-para-esquerda\/#article","isPartOf":{"@id":"https:\/\/jornalfatosenoticias.com.br\/index.php\/2024\/09\/12\/a-semana-no-brasil-e-no-mundo-nova-pesquisa-cai-como-bomba-para-boulos-e-acende-alerta-para-esquerda\/"},"author":{"name":"Haroldo Filho","@id":"https:\/\/jornalfatosenoticias.com.br\/#\/schema\/person\/05c46cc25b42a5c27e004fb0fa6b4965"},"headline":"A Semana no Brasil e no Mundo \u2014 Nova pesquisa cai como bomba para Boulos e acende alerta para esquerda","datePublished":"2024-09-12T19:13:51+00:00","dateModified":"2024-09-12T19:13:53+00:00","mainEntityOfPage":{"@id":"https:\/\/jornalfatosenoticias.com.br\/index.php\/2024\/09\/12\/a-semana-no-brasil-e-no-mundo-nova-pesquisa-cai-como-bomba-para-boulos-e-acende-alerta-para-esquerda\/"},"wordCount":2337,"commentCount":0,"publisher":{"@id":"https:\/\/jornalfatosenoticias.com.br\/#organization"},"image":{"@id":"https:\/\/jornalfatosenoticias.com.br\/index.php\/2024\/09\/12\/a-semana-no-brasil-e-no-mundo-nova-pesquisa-cai-como-bomba-para-boulos-e-acende-alerta-para-esquerda\/#primaryimage"},"thumbnailUrl":"https:\/\/jornalfatosenoticias.com.br\/wp-content\/uploads\/2024\/09\/invasor-de-terras_gettyimages.jpg","keywords":["Boulos","corrup\u00e7\u00e3o","Daniel Ortega","debate","Donald Trump","inc\u00eandios no Brasil","Kamala Harris","Lula","Maca\u00e9 Evaristo","Nicar\u00e1gua"],"articleSection":["Pol\u00edtica"],"inLanguage":"pt-BR","potentialAction":[{"@type":"CommentAction","name":"Comment","target":["https:\/\/jornalfatosenoticias.com.br\/index.php\/2024\/09\/12\/a-semana-no-brasil-e-no-mundo-nova-pesquisa-cai-como-bomba-para-boulos-e-acende-alerta-para-esquerda\/#respond"]}]},{"@type":"WebPage","@id":"https:\/\/jornalfatosenoticias.com.br\/index.php\/2024\/09\/12\/a-semana-no-brasil-e-no-mundo-nova-pesquisa-cai-como-bomba-para-boulos-e-acende-alerta-para-esquerda\/","url":"https:\/\/jornalfatosenoticias.com.br\/index.php\/2024\/09\/12\/a-semana-no-brasil-e-no-mundo-nova-pesquisa-cai-como-bomba-para-boulos-e-acende-alerta-para-esquerda\/","name":"A Semana no Brasil e no Mundo \u2014 Nova pesquisa cai como bomba para Boulos e acende alerta para esquerda - Jornal Fatos e Not\u00edcias","isPartOf":{"@id":"https:\/\/jornalfatosenoticias.com.br\/#website"},"primaryImageOfPage":{"@id":"https:\/\/jornalfatosenoticias.com.br\/index.php\/2024\/09\/12\/a-semana-no-brasil-e-no-mundo-nova-pesquisa-cai-como-bomba-para-boulos-e-acende-alerta-para-esquerda\/#primaryimage"},"image":{"@id":"https:\/\/jornalfatosenoticias.com.br\/index.php\/2024\/09\/12\/a-semana-no-brasil-e-no-mundo-nova-pesquisa-cai-como-bomba-para-boulos-e-acende-alerta-para-esquerda\/#primaryimage"},"thumbnailUrl":"https:\/\/jornalfatosenoticias.com.br\/wp-content\/uploads\/2024\/09\/invasor-de-terras_gettyimages.jpg","datePublished":"2024-09-12T19:13:51+00:00","dateModified":"2024-09-12T19:13:53+00:00","breadcrumb":{"@id":"https:\/\/jornalfatosenoticias.com.br\/index.php\/2024\/09\/12\/a-semana-no-brasil-e-no-mundo-nova-pesquisa-cai-como-bomba-para-boulos-e-acende-alerta-para-esquerda\/#breadcrumb"},"inLanguage":"pt-BR","potentialAction":[{"@type":"ReadAction","target":["https:\/\/jornalfatosenoticias.com.br\/index.php\/2024\/09\/12\/a-semana-no-brasil-e-no-mundo-nova-pesquisa-cai-como-bomba-para-boulos-e-acende-alerta-para-esquerda\/"]}]},{"@type":"ImageObject","inLanguage":"pt-BR","@id":"https:\/\/jornalfatosenoticias.com.br\/index.php\/2024\/09\/12\/a-semana-no-brasil-e-no-mundo-nova-pesquisa-cai-como-bomba-para-boulos-e-acende-alerta-para-esquerda\/#primaryimage","url":"https:\/\/jornalfatosenoticias.com.br\/wp-content\/uploads\/2024\/09\/invasor-de-terras_gettyimages.jpg","contentUrl":"https:\/\/jornalfatosenoticias.com.br\/wp-content\/uploads\/2024\/09\/invasor-de-terras_gettyimages.jpg","width":612,"height":408,"caption":"Brazilian presidential candidate Guilherme Boulos (PSOL), takes part in the last presidential debate ahead of the October 7 general election, at Globo television network headquarters in Rio de Janeiro, Brazil on October 04, 2018. Right-wing frontrunner Jair Bolsonaro, who was stabbed on September 6 during a campaign rally in the southern state of Minas Gerais, is absent due to medical reasons. (Photo by Daniel RAMALHO \/ AFP) (Photo by DANIEL RAMALHO\/AFP via Getty Images)"},{"@type":"BreadcrumbList","@id":"https:\/\/jornalfatosenoticias.com.br\/index.php\/2024\/09\/12\/a-semana-no-brasil-e-no-mundo-nova-pesquisa-cai-como-bomba-para-boulos-e-acende-alerta-para-esquerda\/#breadcrumb","itemListElement":[{"@type":"ListItem","position":1,"name":"In\u00edcio","item":"https:\/\/jornalfatosenoticias.com.br\/"},{"@type":"ListItem","position":2,"name":"A Semana no Brasil e no Mundo \u2014 Nova pesquisa cai como bomba para Boulos e acende alerta para esquerda"}]},{"@type":"WebSite","@id":"https:\/\/jornalfatosenoticias.com.br\/#website","url":"https:\/\/jornalfatosenoticias.com.br\/","name":"Jornal Fatos e Not\u00edcias","description":"Not\u00edcias em geral","publisher":{"@id":"https:\/\/jornalfatosenoticias.com.br\/#organization"},"potentialAction":[{"@type":"SearchAction","target":{"@type":"EntryPoint","urlTemplate":"https:\/\/jornalfatosenoticias.com.br\/?s={search_term_string}"},"query-input":{"@type":"PropertyValueSpecification","valueRequired":true,"valueName":"search_term_string"}}],"inLanguage":"pt-BR"},{"@type":"Organization","@id":"https:\/\/jornalfatosenoticias.com.br\/#organization","name":"Jornal Fatos e Not\u00edcias","url":"https:\/\/jornalfatosenoticias.com.br\/","logo":{"@type":"ImageObject","inLanguage":"pt-BR","@id":"https:\/\/jornalfatosenoticias.com.br\/#\/schema\/logo\/image\/","url":"https:\/\/jornalfatosenoticias.com.br\/wp-content\/uploads\/2020\/02\/logo120.png","contentUrl":"https:\/\/jornalfatosenoticias.com.br\/wp-content\/uploads\/2020\/02\/logo120.png","width":1227,"height":120,"caption":"Jornal Fatos e Not\u00edcias"},"image":{"@id":"https:\/\/jornalfatosenoticias.com.br\/#\/schema\/logo\/image\/"}},{"@type":"Person","@id":"https:\/\/jornalfatosenoticias.com.br\/#\/schema\/person\/05c46cc25b42a5c27e004fb0fa6b4965","name":"Haroldo Filho","image":{"@type":"ImageObject","inLanguage":"pt-BR","@id":"https:\/\/jornalfatosenoticias.com.br\/#\/schema\/person\/image\/","url":"https:\/\/jornalfatosenoticias.com.br\/wp-content\/uploads\/2025\/08\/WhatsApp-Image-2025-08-18-at-15.30.28-150x150.jpeg","contentUrl":"https:\/\/jornalfatosenoticias.com.br\/wp-content\/uploads\/2025\/08\/WhatsApp-Image-2025-08-18-at-15.30.28-150x150.jpeg","caption":"Haroldo Filho"},"description":"Jornalista \u2013 DRT: 0003818\/ES Coordenador-geral da ONG Educar para Crescer","url":"https:\/\/jornalfatosenoticias.com.br\/index.php\/author\/haroldo\/"}]}},"cc_featured_image_caption":{"caption_text":"(Foto: Getty Images) ","source_text":"","source_url":""},"jetpack_featured_media_url":"https:\/\/jornalfatosenoticias.com.br\/wp-content\/uploads\/2024\/09\/invasor-de-terras_gettyimages.jpg","_links":{"self":[{"href":"https:\/\/jornalfatosenoticias.com.br\/index.php\/wp-json\/wp\/v2\/posts\/54109","targetHints":{"allow":["GET"]}}],"collection":[{"href":"https:\/\/jornalfatosenoticias.com.br\/index.php\/wp-json\/wp\/v2\/posts"}],"about":[{"href":"https:\/\/jornalfatosenoticias.com.br\/index.php\/wp-json\/wp\/v2\/types\/post"}],"author":[{"embeddable":true,"href":"https:\/\/jornalfatosenoticias.com.br\/index.php\/wp-json\/wp\/v2\/users\/3"}],"replies":[{"embeddable":true,"href":"https:\/\/jornalfatosenoticias.com.br\/index.php\/wp-json\/wp\/v2\/comments?post=54109"}],"version-history":[{"count":0,"href":"https:\/\/jornalfatosenoticias.com.br\/index.php\/wp-json\/wp\/v2\/posts\/54109\/revisions"}],"wp:featuredmedia":[{"embeddable":true,"href":"https:\/\/jornalfatosenoticias.com.br\/index.php\/wp-json\/wp\/v2\/media\/54115"}],"wp:attachment":[{"href":"https:\/\/jornalfatosenoticias.com.br\/index.php\/wp-json\/wp\/v2\/media?parent=54109"}],"wp:term":[{"taxonomy":"category","embeddable":true,"href":"https:\/\/jornalfatosenoticias.com.br\/index.php\/wp-json\/wp\/v2\/categories?post=54109"},{"taxonomy":"post_tag","embeddable":true,"href":"https:\/\/jornalfatosenoticias.com.br\/index.php\/wp-json\/wp\/v2\/tags?post=54109"}],"curies":[{"name":"wp","href":"https:\/\/api.w.org\/{rel}","templated":true}]}}