{"id":54170,"date":"2024-09-13T15:03:55","date_gmt":"2024-09-13T18:03:55","guid":{"rendered":"https:\/\/jornalfatosenoticias.com.br\/?p=54170"},"modified":"2024-09-13T15:03:57","modified_gmt":"2024-09-13T18:03:57","slug":"apos-18-anos-lula-inaugura-monumento-a-ma-gestao-que-dilapidou-ao-menos-r-40-bilhoes","status":"publish","type":"post","link":"https:\/\/jornalfatosenoticias.com.br\/index.php\/2024\/09\/13\/apos-18-anos-lula-inaugura-monumento-a-ma-gestao-que-dilapidou-ao-menos-r-40-bilhoes\/","title":{"rendered":"Ap\u00f3s 18 anos, Lula inaugura monumento \u00e0 m\u00e1 gest\u00e3o que dilapidou ao menos R$ 40 bilh\u00f5es"},"content":{"rendered":"\n<p><em><span class=\"has-inline-color has-black-color\">O Complexo de Energias Boaventura, em Itabora\u00ed (RJ): antigo Comperj foi anunciado em 2006, no primeiro governo Lula, e causou preju\u00edzo de ao menos US$ 12,5 bilh\u00f5es \u00e0 Petrobras<\/span><\/em><\/p>\n\n\n\n<p><span class=\"has-inline-color has-black-color\">Por <strong><a href=\"https:\/\/www.gazetadopovo.com.br\/autor\/raphaela-ribas\/\">Raphaela Ribas<\/a><\/strong><\/span><\/p>\n\n\n\n<div class=\"wp-block-image\"><figure class=\"aligncenter size-large\"><a href=\"https:\/\/mizu.com.br\/\"><img loading=\"lazy\" decoding=\"async\" width=\"729\" height=\"90\" src=\"https:\/\/jornalfatosenoticias.com.br\/wp-content\/uploads\/2020\/02\/Logo_Mizu.png\" alt=\"\" class=\"wp-image-1441\" srcset=\"https:\/\/jornalfatosenoticias.com.br\/wp-content\/uploads\/2020\/02\/Logo_Mizu.png 729w, https:\/\/jornalfatosenoticias.com.br\/wp-content\/uploads\/2020\/02\/Logo_Mizu-300x37.png 300w\" sizes=\"auto, (max-width: 729px) 100vw, 729px\" \/><\/a><\/figure><\/div>\n\n\n\n<p>Luiz In\u00e1cio Lula da Silva (PT) inaugura nesta sexta-feira (13) um polo industrial para escoar e processar g\u00e1s natural, o Complexo de Energias Boaventura, em Itabora\u00ed, regi\u00e3o metropolitana do Rio de Janeiro. Trata-se da vers\u00e3o repaginada de um empreendimento que o pr\u00f3prio Lula anunciou 18 anos atr\u00e1s e que acabou abandonado pela Petrobras.<br>O polo ganhou um novo nome, em homenagem ao Convento S\u00e3o Boaventura, localizado dentro da unidade. Mas \u00e9 projeto antigo, heran\u00e7a do primeiro governo petista. Passou por atrasos e paralisa\u00e7\u00f5es, foi envolvido na Opera\u00e7\u00e3o Lava Jato e causou preju\u00edzo gigantesco para a Petrobras, antes de passar por profundas transforma\u00e7\u00f5es para virar o que \u00e9 hoje. C\u00e1lculos indicam que o empreendimento dilapidou, no m\u00ednimo, R$ 40 bilh\u00f5es da estatal.<\/p>\n\n\n\n<div class=\"wp-block-image\"><figure class=\"aligncenter size-large is-resized\"><img loading=\"lazy\" decoding=\"async\" src=\"https:\/\/jornalfatosenoticias.com.br\/wp-content\/uploads\/2022\/02\/Precisao-Contabilidade-1024x724.jpg\" alt=\"\" class=\"wp-image-28088\" width=\"352\" height=\"249\"\/><\/figure><\/div>\n\n\n\n<p>Ele nasceu para ser o Complexo Petroqu\u00edmico do Rio de Janeiro (Comperj), que, embora n\u00e3o tenha sa\u00eddo do papel, gerou perdas devido a corrup\u00e7\u00e3o e ao que o Tribunal de Contas da Uni\u00e3o (TCU) chamou de gest\u00e3o &#8220;temer\u00e1ria&#8221; e &#8220;antiecon\u00f4mica&#8221;, que teria causado perdas de ao menos US$ 12,5 bilh\u00f5es. Esse foi o valor apurado por uma inspe\u00e7\u00e3o do TCU feita em 2017, equivalente a aproximadamente R$ 40 bilh\u00f5es na cota\u00e7\u00e3o m\u00e9dia daquele ano ou R$ 70 bilh\u00f5es atualmente. Antes, em 2015, uma Comiss\u00e3o Parlamentar de Inqu\u00e9rito (CPI) do Congresso calculou perdas ainda maiores, de US$ 14,3 bilh\u00f5es (quase R$ 48 bilh\u00f5es, segundo o c\u00e2mbio m\u00e9dio daquele ano, ou R$ 80 bilh\u00f5es hoje).<\/p>\n\n\n\n<div class=\"wp-block-image\"><figure class=\"aligncenter size-large is-resized\"><a href=\"https:\/\/www.legisjuris.com.br\/\"><img loading=\"lazy\" decoding=\"async\" src=\"https:\/\/jornalfatosenoticias.com.br\/wp-content\/uploads\/2024\/09\/Legis-Juris-Consultoria_logo.jpg\" alt=\"\" class=\"wp-image-53915\" width=\"461\" height=\"193\" srcset=\"https:\/\/jornalfatosenoticias.com.br\/wp-content\/uploads\/2024\/09\/Legis-Juris-Consultoria_logo.jpg 969w, https:\/\/jornalfatosenoticias.com.br\/wp-content\/uploads\/2024\/09\/Legis-Juris-Consultoria_logo-300x126.jpg 300w, https:\/\/jornalfatosenoticias.com.br\/wp-content\/uploads\/2024\/09\/Legis-Juris-Consultoria_logo-768x322.jpg 768w\" sizes=\"auto, (max-width: 461px) 100vw, 461px\" \/><\/a><\/figure><\/div>\n\n\n\n<p>Meses atr\u00e1s, o petista celebrou a amplia\u00e7\u00e3o de outra obra da Petrobras que tamb\u00e9m virou s\u00edmbolo da Lava Jato e teve seu or\u00e7amento multiplicado: a refinaria Abreu e Lima, em Pernambuco, que chegou a ser considerada a mais cara do mundo. Lula anunciou Comperj em 2006, para processar petr\u00f3leo dali a cinco anos<\/p>\n\n\n\n<div class=\"wp-block-image\"><figure class=\"aligncenter size-large is-resized\"><a href=\"https:\/\/www.instagram.com\/serra4x4cambioautomatico\/\"><img loading=\"lazy\" decoding=\"async\" src=\"https:\/\/jornalfatosenoticias.com.br\/wp-content\/uploads\/2024\/08\/Serra-4x4-1-886x1024.jpg\" alt=\"\" class=\"wp-image-53632\" width=\"312\" height=\"360\" srcset=\"https:\/\/jornalfatosenoticias.com.br\/wp-content\/uploads\/2024\/08\/Serra-4x4-1-886x1024.jpg 886w, https:\/\/jornalfatosenoticias.com.br\/wp-content\/uploads\/2024\/08\/Serra-4x4-1-260x300.jpg 260w, https:\/\/jornalfatosenoticias.com.br\/wp-content\/uploads\/2024\/08\/Serra-4x4-1-768x888.jpg 768w, https:\/\/jornalfatosenoticias.com.br\/wp-content\/uploads\/2024\/08\/Serra-4x4-1.jpg 1181w\" sizes=\"auto, (max-width: 312px) 100vw, 312px\" \/><\/a><\/figure><\/div>\n\n\n\n<p>O Comperj foi lan\u00e7ado em 2006 pelo pr\u00f3prio Lula, ent\u00e3o em primeiro mandato. Era tratado como s\u00edmbolo da pol\u00edtica desenvolvimentista do PT, que se dizia a favor das regi\u00f5es mais esquecidas pelo poder p\u00fablico. Or\u00e7ado em US$ 6,5 bilh\u00f5es, deveria estar processando petr\u00f3leo dali a cinco anos. Mas, quase duas d\u00e9cadas ap\u00f3s o lan\u00e7amento, carrega um hist\u00f3rico de desperd\u00edcio e inconsist\u00eancias de projeto, al\u00e9m de ter sido envolvido no esquema investigado pela Opera\u00e7\u00e3o Lava Jato.<\/p>\n\n\n\n<div class=\"wp-block-image\"><figure class=\"aligncenter size-large\"><a href=\"https:\/\/cesconetto.com.br\/\"><img loading=\"lazy\" decoding=\"async\" width=\"300\" height=\"250\" src=\"https:\/\/jornalfatosenoticias.com.br\/wp-content\/uploads\/2020\/02\/Banner-2.png\" alt=\"\" class=\"wp-image-43787\"\/><\/a><\/figure><\/div>\n\n\n\n<p>Em 2008, quando as obras come\u00e7aram, o projeto j\u00e1 estava mais caro, estimado em US$ 8,4 bilh\u00f5es. Em 2017, o Tribunal de Contas da Uni\u00e3o (TCU) convocou ex-gestores e ex-diretores da Petrobras para explicar o preju\u00edzo de US$ 12,5 bilh\u00f5es, dos quais US$ 9,5 bilh\u00f5es seriam de responsabilidade deles. Segundo a Corte, por ind\u00edcios de gest\u00e3o temer\u00e1ria, &#8220;caracterizada por decis\u00f5es desprovidas das cautelas necess\u00e1rias&#8221;, que &#8220;resultaram em um empreendimento invi\u00e1vel economicamente\u201d.<\/p>\n\n\n\n<div class=\"wp-block-image\"><figure class=\"aligncenter size-large is-resized\"><a href=\"https:\/\/www.controlsystems.com.br\/\"><img loading=\"lazy\" decoding=\"async\" src=\"https:\/\/jornalfatosenoticias.com.br\/wp-content\/uploads\/2020\/02\/CONTROL-CS.jpg\" alt=\"\" class=\"wp-image-44991\" width=\"338\" height=\"404\" srcset=\"https:\/\/jornalfatosenoticias.com.br\/wp-content\/uploads\/2020\/02\/CONTROL-CS.jpg 834w, https:\/\/jornalfatosenoticias.com.br\/wp-content\/uploads\/2020\/02\/CONTROL-CS-250x300.jpg 250w, https:\/\/jornalfatosenoticias.com.br\/wp-content\/uploads\/2020\/02\/CONTROL-CS-768x921.jpg 768w\" sizes=\"auto, (max-width: 338px) 100vw, 338px\" \/><\/a><\/figure><\/div>\n\n\n\n<p>Entre os ind\u00edcios, o relator listou projeto conceitual indefinido, evolu\u00e7\u00e3o inadequada do projeto, an\u00e1lise de riscos negligenciada, indefini\u00e7\u00e3o de parcerias essenciais \u00e0 viabilidade do processo, indefini\u00e7\u00e3o de estrat\u00e9gia de licenciamento ambiental e antecipa\u00e7\u00e3o de gastos incompat\u00edveis com o projeto. No ano seguinte, o tribunal constatou vulnerabilidades na governan\u00e7a do Estado em rela\u00e7\u00e3o \u00e0 Petrobras e atos de gest\u00e3o \u201cileg\u00edtimos e antiecon\u00f4micos cometidos por membros do conselho de administra\u00e7\u00e3o da estatal entre 2006 e 2015\u201d.<\/p>\n\n\n\n<div class=\"wp-block-image\"><figure class=\"aligncenter size-large\"><a href=\"http:\/\/www.ferrarimaquinas.com.br\/\"><img loading=\"lazy\" decoding=\"async\" width=\"300\" height=\"250\" src=\"https:\/\/jornalfatosenoticias.com.br\/wp-content\/uploads\/2022\/02\/FERRARI_MAQUINAS-E-FERRAMENTAS2.jpg\" alt=\"\" class=\"wp-image-27860\"\/><\/a><\/figure><\/div>\n\n\n\n<p>E em 2021, dez ex-gestores da Petrobras foram condenados pelo TCU a pagar multas individuais entre R$ 54 mil e R$ 67,8 mil. Al\u00e9m da multa,\u00a0cinco ex-dirigentes foram condenados \u00e0 pena de inabilita\u00e7\u00e3o para o exerc\u00edcio de cargo em comiss\u00e3o ou fun\u00e7\u00e3o de confian\u00e7a no \u00e2mbito da administra\u00e7\u00e3o p\u00fablica federal por seis a oito anos.<\/p>\n\n\n\n<div class=\"wp-block-image\"><figure class=\"aligncenter size-large is-resized\"><a href=\"https:\/\/hotelmarquetti.com.br\/\"><img loading=\"lazy\" decoding=\"async\" src=\"https:\/\/jornalfatosenoticias.com.br\/wp-content\/uploads\/2020\/02\/nova-logo-Marquetti.jpg\" alt=\"\" class=\"wp-image-22331\" width=\"366\" height=\"246\" srcset=\"https:\/\/jornalfatosenoticias.com.br\/wp-content\/uploads\/2020\/02\/nova-logo-Marquetti.jpg 643w, https:\/\/jornalfatosenoticias.com.br\/wp-content\/uploads\/2020\/02\/nova-logo-Marquetti-300x202.jpg 300w\" sizes=\"auto, (max-width: 366px) 100vw, 366px\" \/><\/a><\/figure><\/div>\n\n\n\n<p>Um dos respons\u00e1veis pelo projeto do Comperj era Renato Duque, ent\u00e3o diretor de servi\u00e7os da Petrobras, que foi condenado por corrup\u00e7\u00e3o, associa\u00e7\u00e3o criminosa e lavagem de dinheiro na Lava Jato. Ele foi preso no m\u00eas passado para cumprir penas por il\u00edcitos em v\u00e1rios empreendimentos \u2014 incluindo o Comperj \u2014 que somam mais de 39 anos em tr\u00eas a\u00e7\u00f5es que j\u00e1 transitaram em julgado.<\/p>\n\n\n\n<div class=\"wp-block-image\"><figure class=\"aligncenter size-large is-resized\"><a href=\"https:\/\/panper.com.br\/\"><img loading=\"lazy\" decoding=\"async\" src=\"https:\/\/jornalfatosenoticias.com.br\/wp-content\/uploads\/2023\/03\/logo-Panper_portal.jpg\" alt=\"\" class=\"wp-image-40208\" width=\"342\" height=\"237\" srcset=\"https:\/\/jornalfatosenoticias.com.br\/wp-content\/uploads\/2023\/03\/logo-Panper_portal.jpg 400w, https:\/\/jornalfatosenoticias.com.br\/wp-content\/uploads\/2023\/03\/logo-Panper_portal-300x208.jpg 300w\" sizes=\"auto, (max-width: 342px) 100vw, 342px\" \/><\/a><\/figure><\/div>\n\n\n\n<p>O complexo nunca chegou a refinar os cerca de 150 mil barris por dia previstos para 2013 em diante. No fim de 2019, ap\u00f3s estudo de viabilidade econ\u00f4mica feito com empresa chinesa CNPC, a Petrobras anunciou que desistiu de concluir as obras do Comperj. No ano seguinte, rebatizado de Polo Gaslub Itabora\u00ed, o complexo passou a concentrar esfor\u00e7os na produ\u00e7\u00e3o de g\u00e1s natural na regi\u00e3o e na constru\u00e7\u00e3o da maior unidade de processamento de g\u00e1s natural (UPGN) do pa\u00eds.<\/p>\n\n\n\n<div class=\"wp-block-image\"><figure class=\"aligncenter size-large\"><a href=\"https:\/\/www.facebook.com\/Esteio-Churrascaria-Barbecue-103643461220402\/\"><img decoding=\"async\" src=\"https:\/\/jornalfatosenoticias.com.br\/wp-content\/uploads\/2020\/02\/logo_esteio.jpg\" alt=\"\" class=\"wp-image-1214\"\/><\/a><\/figure><\/div>\n\n\n\n<p><strong><span class=\"has-inline-color has-black-color\">Complexo Boaventura vai escoar e processar g\u00e1s do pr\u00e9-sal<br><\/span><\/strong>Agora, como Complexo de Energias Boaventura, al\u00e9m da UPGN, vai receber g\u00e1s do pr\u00e9-sal da Bacia de Santos. A perspectiva \u00e9 escoar at\u00e9 18 milh\u00f5es de m\u00b3\/dia e processar at\u00e9 21 milh\u00f5es de m\u00b3\/dia de g\u00e1s natural. Segundo a Petrobras, a ideia \u00e9 \u201caumentar a oferta para o mercado nacional, reduzindo a depend\u00eancia de importa\u00e7\u00f5es\u201d.<\/p>\n\n\n\n<div class=\"wp-block-image\"><figure class=\"aligncenter size-large is-resized\"><a href=\"https:\/\/www.instagram.com\/vmais.midias\/\"><img loading=\"lazy\" decoding=\"async\" src=\"https:\/\/jornalfatosenoticias.com.br\/wp-content\/uploads\/2020\/02\/DE-MAIS-DESTAQUE-VMAIS-800X700.png\" alt=\"\" class=\"wp-image-53112\" width=\"314\" height=\"274\" srcset=\"https:\/\/jornalfatosenoticias.com.br\/wp-content\/uploads\/2020\/02\/DE-MAIS-DESTAQUE-VMAIS-800X700.png 800w, https:\/\/jornalfatosenoticias.com.br\/wp-content\/uploads\/2020\/02\/DE-MAIS-DESTAQUE-VMAIS-800X700-300x263.png 300w, https:\/\/jornalfatosenoticias.com.br\/wp-content\/uploads\/2020\/02\/DE-MAIS-DESTAQUE-VMAIS-800X700-768x672.png 768w\" sizes=\"auto, (max-width: 314px) 100vw, 314px\" \/><\/a><\/figure><\/div>\n\n\n\n<p>Fazem parte do projeto, ainda, o in\u00edcio da opera\u00e7\u00e3o do gasoduto Rota 3, duas termel\u00e9tricas a g\u00e1s, para participa\u00e7\u00e3o nos leil\u00f5es previstos pelo setor el\u00e9trico, e unidades de refino para produ\u00e7\u00e3o de combust\u00edveis e de lubrificante. O in\u00edcio das opera\u00e7\u00f5es comerciais est\u00e1 previsto para a primeira quinzena de outubro. Segundo a estatal, as obras criaram 10 mil empregos e o complexo conta com mais de 600 profissionais.<\/p>\n\n\n\n<div class=\"wp-block-image\"><figure class=\"aligncenter size-large is-resized\"><a href=\"https:\/\/www.facebook.com\/postobkr\/?locale=pt_BR\"><img loading=\"lazy\" decoding=\"async\" src=\"https:\/\/jornalfatosenoticias.com.br\/wp-content\/uploads\/2023\/08\/BKR-1024x1021.jpg\" alt=\"\" class=\"wp-image-44494\" width=\"290\" height=\"289\" srcset=\"https:\/\/jornalfatosenoticias.com.br\/wp-content\/uploads\/2023\/08\/BKR-1024x1021.jpg 1024w, https:\/\/jornalfatosenoticias.com.br\/wp-content\/uploads\/2023\/08\/BKR-300x300.jpg 300w, https:\/\/jornalfatosenoticias.com.br\/wp-content\/uploads\/2023\/08\/BKR-150x150.jpg 150w, https:\/\/jornalfatosenoticias.com.br\/wp-content\/uploads\/2023\/08\/BKR-768x766.jpg 768w, https:\/\/jornalfatosenoticias.com.br\/wp-content\/uploads\/2023\/08\/BKR.jpg 1080w\" sizes=\"auto, (max-width: 290px) 100vw, 290px\" \/><\/a><\/figure><\/div>\n\n\n\n<p>O aumento de oferta de g\u00e1s no pa\u00eds \u00e9 uma das bandeiras da gest\u00e3o de Lula e da Petrobras que, como pontuou Chambriard na sua posse, &#8220;est\u00e1 alinhada com o governo&#8221;. Em evento na Bol\u00edvia, ela disse que, com maior oferta de g\u00e1s para o mercado brasileiro e a pre\u00e7os acess\u00edveis, a expectativa \u00e9 viabilizar projetos de fertilizantes e de petroqu\u00edmica previstos no Plano Estrat\u00e9gico 2024 \u2013 2028 da estatal.<\/p>\n\n\n\n<div class=\"wp-block-image\"><figure class=\"aligncenter size-large is-resized\"><a href=\"https:\/\/www.facebook.com\/vetor.vix\/\"><img loading=\"lazy\" decoding=\"async\" src=\"https:\/\/jornalfatosenoticias.com.br\/wp-content\/uploads\/2023\/09\/vetorvix1024_1.jpg\" alt=\"\" class=\"wp-image-44868\" width=\"520\" height=\"138\" srcset=\"https:\/\/jornalfatosenoticias.com.br\/wp-content\/uploads\/2023\/09\/vetorvix1024_1.jpg 1024w, https:\/\/jornalfatosenoticias.com.br\/wp-content\/uploads\/2023\/09\/vetorvix1024_1-300x80.jpg 300w, https:\/\/jornalfatosenoticias.com.br\/wp-content\/uploads\/2023\/09\/vetorvix1024_1-768x205.jpg 768w\" sizes=\"auto, (max-width: 520px) 100vw, 520px\" \/><\/a><\/figure><\/div>\n\n\n\n<p><strong><em>Fonte: <a href=\"https:\/\/www.gazetadopovo.com.br\/energia\/comperj-apos-18-anos-lula-inaugura-monumento-ma-gestao-dilapidou-40-bilhoes\/\">Gazeta do Povo<\/a><\/em><\/strong><\/p>\n","protected":false},"excerpt":{"rendered":"<p>O Complexo de Energias Boaventura, em Itabora\u00ed (RJ): antigo Comperj foi anunciado em 2006, no primeiro governo Lula, e causou preju\u00edzo de ao menos US$ 12,5 bilh\u00f5es \u00e0 Petrobras Por Raphaela Ribas Luiz In\u00e1cio Lula da Silva (PT) inaugura nesta sexta-feira (13) um polo industrial para escoar e processar g\u00e1s natural, o Complexo de Energias [&hellip;]<\/p>\n","protected":false},"author":2,"featured_media":54171,"comment_status":"open","ping_status":"open","sticky":false,"template":"","format":"standard","meta":{"footnotes":""},"categories":[9],"tags":[2129,2539,4847,7580,19600,308,736],"class_list":["post-54170","post","type-post","status-publish","format-standard","has-post-thumbnail","hentry","category-economia","tag-corrupcao","tag-energia","tag-lava-jato","tag-lula","tag-partido-dos-trabalhadores","tag-petrobras","tag-petroleo"],"yoast_head":"<!-- This site is optimized with the Yoast SEO plugin v26.5 - https:\/\/yoast.com\/wordpress\/plugins\/seo\/ -->\n<title>Ap\u00f3s 18 anos, Lula inaugura monumento \u00e0 m\u00e1 gest\u00e3o que dilapidou ao menos R$ 40 bilh\u00f5es - Jornal Fatos e Not\u00edcias<\/title>\n<meta name=\"robots\" content=\"index, follow, max-snippet:-1, max-image-preview:large, max-video-preview:-1\" \/>\n<link rel=\"canonical\" href=\"https:\/\/jornalfatosenoticias.com.br\/index.php\/2024\/09\/13\/apos-18-anos-lula-inaugura-monumento-a-ma-gestao-que-dilapidou-ao-menos-r-40-bilhoes\/\" \/>\n<meta property=\"og:locale\" content=\"pt_BR\" \/>\n<meta property=\"og:type\" content=\"article\" \/>\n<meta property=\"og:title\" content=\"Ap\u00f3s 18 anos, Lula inaugura monumento \u00e0 m\u00e1 gest\u00e3o que dilapidou ao menos R$ 40 bilh\u00f5es - Jornal Fatos e Not\u00edcias\" \/>\n<meta property=\"og:description\" content=\"O Complexo de Energias Boaventura, em Itabora\u00ed (RJ): antigo Comperj foi anunciado em 2006, no primeiro governo Lula, e causou preju\u00edzo de ao menos US$ 12,5 bilh\u00f5es \u00e0 Petrobras Por Raphaela Ribas Luiz In\u00e1cio Lula da Silva (PT) inaugura nesta sexta-feira (13) um polo industrial para escoar e processar g\u00e1s natural, o Complexo de Energias [&hellip;]\" \/>\n<meta property=\"og:url\" content=\"https:\/\/jornalfatosenoticias.com.br\/index.php\/2024\/09\/13\/apos-18-anos-lula-inaugura-monumento-a-ma-gestao-que-dilapidou-ao-menos-r-40-bilhoes\/\" \/>\n<meta property=\"og:site_name\" content=\"Jornal Fatos e Not\u00edcias\" \/>\n<meta property=\"article:published_time\" content=\"2024-09-13T18:03:55+00:00\" \/>\n<meta property=\"article:modified_time\" content=\"2024-09-13T18:03:57+00:00\" \/>\n<meta property=\"og:image\" content=\"https:\/\/jornalfatosenoticias.com.br\/wp-content\/uploads\/2024\/09\/ode-a-corrupcao_Credito_Bruno-Castro-960x540-1.jpg\" \/>\n\t<meta property=\"og:image:width\" content=\"960\" \/>\n\t<meta property=\"og:image:height\" content=\"540\" \/>\n\t<meta property=\"og:image:type\" content=\"image\/jpeg\" \/>\n<meta name=\"author\" content=\"Luzimara Fernandes\" \/>\n<meta name=\"twitter:card\" content=\"summary_large_image\" \/>\n<meta name=\"twitter:label1\" content=\"Escrito por\" \/>\n\t<meta name=\"twitter:data1\" content=\"Luzimara Fernandes\" \/>\n\t<meta name=\"twitter:label2\" content=\"Est. tempo de leitura\" \/>\n\t<meta name=\"twitter:data2\" content=\"5 minutos\" \/>\n<script type=\"application\/ld+json\" class=\"yoast-schema-graph\">{\"@context\":\"https:\/\/schema.org\",\"@graph\":[{\"@type\":\"Article\",\"@id\":\"https:\/\/jornalfatosenoticias.com.br\/index.php\/2024\/09\/13\/apos-18-anos-lula-inaugura-monumento-a-ma-gestao-que-dilapidou-ao-menos-r-40-bilhoes\/#article\",\"isPartOf\":{\"@id\":\"https:\/\/jornalfatosenoticias.com.br\/index.php\/2024\/09\/13\/apos-18-anos-lula-inaugura-monumento-a-ma-gestao-que-dilapidou-ao-menos-r-40-bilhoes\/\"},\"author\":{\"name\":\"Luzimara Fernandes\",\"@id\":\"https:\/\/jornalfatosenoticias.com.br\/#\/schema\/person\/d63837fa13ac8666eb9e74e0985d6f81\"},\"headline\":\"Ap\u00f3s 18 anos, Lula inaugura monumento \u00e0 m\u00e1 gest\u00e3o que dilapidou ao menos R$ 40 bilh\u00f5es\",\"datePublished\":\"2024-09-13T18:03:55+00:00\",\"dateModified\":\"2024-09-13T18:03:57+00:00\",\"mainEntityOfPage\":{\"@id\":\"https:\/\/jornalfatosenoticias.com.br\/index.php\/2024\/09\/13\/apos-18-anos-lula-inaugura-monumento-a-ma-gestao-que-dilapidou-ao-menos-r-40-bilhoes\/\"},\"wordCount\":1055,\"commentCount\":0,\"publisher\":{\"@id\":\"https:\/\/jornalfatosenoticias.com.br\/#organization\"},\"image\":{\"@id\":\"https:\/\/jornalfatosenoticias.com.br\/index.php\/2024\/09\/13\/apos-18-anos-lula-inaugura-monumento-a-ma-gestao-que-dilapidou-ao-menos-r-40-bilhoes\/#primaryimage\"},\"thumbnailUrl\":\"https:\/\/jornalfatosenoticias.com.br\/wp-content\/uploads\/2024\/09\/ode-a-corrupcao_Credito_Bruno-Castro-960x540-1.jpg\",\"keywords\":[\"corrup\u00e7\u00e3o\",\"energia\",\"Lava Jato\",\"Lula\",\"Partido dos Trabalhadores\",\"Petrobras\",\"petr\u00f3leo\"],\"articleSection\":[\"Economia\"],\"inLanguage\":\"pt-BR\",\"potentialAction\":[{\"@type\":\"CommentAction\",\"name\":\"Comment\",\"target\":[\"https:\/\/jornalfatosenoticias.com.br\/index.php\/2024\/09\/13\/apos-18-anos-lula-inaugura-monumento-a-ma-gestao-que-dilapidou-ao-menos-r-40-bilhoes\/#respond\"]}]},{\"@type\":\"WebPage\",\"@id\":\"https:\/\/jornalfatosenoticias.com.br\/index.php\/2024\/09\/13\/apos-18-anos-lula-inaugura-monumento-a-ma-gestao-que-dilapidou-ao-menos-r-40-bilhoes\/\",\"url\":\"https:\/\/jornalfatosenoticias.com.br\/index.php\/2024\/09\/13\/apos-18-anos-lula-inaugura-monumento-a-ma-gestao-que-dilapidou-ao-menos-r-40-bilhoes\/\",\"name\":\"Ap\u00f3s 18 anos, Lula inaugura monumento \u00e0 m\u00e1 gest\u00e3o que dilapidou ao menos R$ 40 bilh\u00f5es - Jornal Fatos e Not\u00edcias\",\"isPartOf\":{\"@id\":\"https:\/\/jornalfatosenoticias.com.br\/#website\"},\"primaryImageOfPage\":{\"@id\":\"https:\/\/jornalfatosenoticias.com.br\/index.php\/2024\/09\/13\/apos-18-anos-lula-inaugura-monumento-a-ma-gestao-que-dilapidou-ao-menos-r-40-bilhoes\/#primaryimage\"},\"image\":{\"@id\":\"https:\/\/jornalfatosenoticias.com.br\/index.php\/2024\/09\/13\/apos-18-anos-lula-inaugura-monumento-a-ma-gestao-que-dilapidou-ao-menos-r-40-bilhoes\/#primaryimage\"},\"thumbnailUrl\":\"https:\/\/jornalfatosenoticias.com.br\/wp-content\/uploads\/2024\/09\/ode-a-corrupcao_Credito_Bruno-Castro-960x540-1.jpg\",\"datePublished\":\"2024-09-13T18:03:55+00:00\",\"dateModified\":\"2024-09-13T18:03:57+00:00\",\"breadcrumb\":{\"@id\":\"https:\/\/jornalfatosenoticias.com.br\/index.php\/2024\/09\/13\/apos-18-anos-lula-inaugura-monumento-a-ma-gestao-que-dilapidou-ao-menos-r-40-bilhoes\/#breadcrumb\"},\"inLanguage\":\"pt-BR\",\"potentialAction\":[{\"@type\":\"ReadAction\",\"target\":[\"https:\/\/jornalfatosenoticias.com.br\/index.php\/2024\/09\/13\/apos-18-anos-lula-inaugura-monumento-a-ma-gestao-que-dilapidou-ao-menos-r-40-bilhoes\/\"]}]},{\"@type\":\"ImageObject\",\"inLanguage\":\"pt-BR\",\"@id\":\"https:\/\/jornalfatosenoticias.com.br\/index.php\/2024\/09\/13\/apos-18-anos-lula-inaugura-monumento-a-ma-gestao-que-dilapidou-ao-menos-r-40-bilhoes\/#primaryimage\",\"url\":\"https:\/\/jornalfatosenoticias.com.br\/wp-content\/uploads\/2024\/09\/ode-a-corrupcao_Credito_Bruno-Castro-960x540-1.jpg\",\"contentUrl\":\"https:\/\/jornalfatosenoticias.com.br\/wp-content\/uploads\/2024\/09\/ode-a-corrupcao_Credito_Bruno-Castro-960x540-1.jpg\",\"width\":960,\"height\":540},{\"@type\":\"BreadcrumbList\",\"@id\":\"https:\/\/jornalfatosenoticias.com.br\/index.php\/2024\/09\/13\/apos-18-anos-lula-inaugura-monumento-a-ma-gestao-que-dilapidou-ao-menos-r-40-bilhoes\/#breadcrumb\",\"itemListElement\":[{\"@type\":\"ListItem\",\"position\":1,\"name\":\"In\u00edcio\",\"item\":\"https:\/\/jornalfatosenoticias.com.br\/\"},{\"@type\":\"ListItem\",\"position\":2,\"name\":\"Ap\u00f3s 18 anos, Lula inaugura monumento \u00e0 m\u00e1 gest\u00e3o que dilapidou ao menos R$ 40 bilh\u00f5es\"}]},{\"@type\":\"WebSite\",\"@id\":\"https:\/\/jornalfatosenoticias.com.br\/#website\",\"url\":\"https:\/\/jornalfatosenoticias.com.br\/\",\"name\":\"Jornal Fatos e Not\u00edcias\",\"description\":\"Not\u00edcias em geral\",\"publisher\":{\"@id\":\"https:\/\/jornalfatosenoticias.com.br\/#organization\"},\"potentialAction\":[{\"@type\":\"SearchAction\",\"target\":{\"@type\":\"EntryPoint\",\"urlTemplate\":\"https:\/\/jornalfatosenoticias.com.br\/?s={search_term_string}\"},\"query-input\":{\"@type\":\"PropertyValueSpecification\",\"valueRequired\":true,\"valueName\":\"search_term_string\"}}],\"inLanguage\":\"pt-BR\"},{\"@type\":\"Organization\",\"@id\":\"https:\/\/jornalfatosenoticias.com.br\/#organization\",\"name\":\"Jornal Fatos e Not\u00edcias\",\"url\":\"https:\/\/jornalfatosenoticias.com.br\/\",\"logo\":{\"@type\":\"ImageObject\",\"inLanguage\":\"pt-BR\",\"@id\":\"https:\/\/jornalfatosenoticias.com.br\/#\/schema\/logo\/image\/\",\"url\":\"https:\/\/jornalfatosenoticias.com.br\/wp-content\/uploads\/2020\/02\/logo120.png\",\"contentUrl\":\"https:\/\/jornalfatosenoticias.com.br\/wp-content\/uploads\/2020\/02\/logo120.png\",\"width\":1227,\"height\":120,\"caption\":\"Jornal Fatos e Not\u00edcias\"},\"image\":{\"@id\":\"https:\/\/jornalfatosenoticias.com.br\/#\/schema\/logo\/image\/\"}},{\"@type\":\"Person\",\"@id\":\"https:\/\/jornalfatosenoticias.com.br\/#\/schema\/person\/d63837fa13ac8666eb9e74e0985d6f81\",\"name\":\"Luzimara Fernandes\",\"image\":{\"@type\":\"ImageObject\",\"inLanguage\":\"pt-BR\",\"@id\":\"https:\/\/jornalfatosenoticias.com.br\/#\/schema\/person\/image\/\",\"url\":\"https:\/\/jornalfatosenoticias.com.br\/wp-content\/uploads\/2025\/05\/EU_portal.jpg\",\"contentUrl\":\"https:\/\/jornalfatosenoticias.com.br\/wp-content\/uploads\/2025\/05\/EU_portal.jpg\",\"caption\":\"Luzimara Fernandes\"},\"description\":\"Jornalista MTB 2358-ES\",\"sameAs\":[\"https:\/\/jornalfatosenoticias.com.br\"],\"url\":\"https:\/\/jornalfatosenoticias.com.br\/index.php\/author\/luzimara\/\"}]}<\/script>\n<!-- \/ Yoast SEO plugin. -->","yoast_head_json":{"title":"Ap\u00f3s 18 anos, Lula inaugura monumento \u00e0 m\u00e1 gest\u00e3o que dilapidou ao menos R$ 40 bilh\u00f5es - Jornal Fatos e Not\u00edcias","robots":{"index":"index","follow":"follow","max-snippet":"max-snippet:-1","max-image-preview":"max-image-preview:large","max-video-preview":"max-video-preview:-1"},"canonical":"https:\/\/jornalfatosenoticias.com.br\/index.php\/2024\/09\/13\/apos-18-anos-lula-inaugura-monumento-a-ma-gestao-que-dilapidou-ao-menos-r-40-bilhoes\/","og_locale":"pt_BR","og_type":"article","og_title":"Ap\u00f3s 18 anos, Lula inaugura monumento \u00e0 m\u00e1 gest\u00e3o que dilapidou ao menos R$ 40 bilh\u00f5es - Jornal Fatos e Not\u00edcias","og_description":"O Complexo de Energias Boaventura, em Itabora\u00ed (RJ): antigo Comperj foi anunciado em 2006, no primeiro governo Lula, e causou preju\u00edzo de ao menos US$ 12,5 bilh\u00f5es \u00e0 Petrobras Por Raphaela Ribas Luiz In\u00e1cio Lula da Silva (PT) inaugura nesta sexta-feira (13) um polo industrial para escoar e processar g\u00e1s natural, o Complexo de Energias [&hellip;]","og_url":"https:\/\/jornalfatosenoticias.com.br\/index.php\/2024\/09\/13\/apos-18-anos-lula-inaugura-monumento-a-ma-gestao-que-dilapidou-ao-menos-r-40-bilhoes\/","og_site_name":"Jornal Fatos e Not\u00edcias","article_published_time":"2024-09-13T18:03:55+00:00","article_modified_time":"2024-09-13T18:03:57+00:00","og_image":[{"width":960,"height":540,"url":"https:\/\/jornalfatosenoticias.com.br\/wp-content\/uploads\/2024\/09\/ode-a-corrupcao_Credito_Bruno-Castro-960x540-1.jpg","type":"image\/jpeg"}],"author":"Luzimara Fernandes","twitter_card":"summary_large_image","twitter_misc":{"Escrito por":"Luzimara Fernandes","Est. tempo de leitura":"5 minutos"},"schema":{"@context":"https:\/\/schema.org","@graph":[{"@type":"Article","@id":"https:\/\/jornalfatosenoticias.com.br\/index.php\/2024\/09\/13\/apos-18-anos-lula-inaugura-monumento-a-ma-gestao-que-dilapidou-ao-menos-r-40-bilhoes\/#article","isPartOf":{"@id":"https:\/\/jornalfatosenoticias.com.br\/index.php\/2024\/09\/13\/apos-18-anos-lula-inaugura-monumento-a-ma-gestao-que-dilapidou-ao-menos-r-40-bilhoes\/"},"author":{"name":"Luzimara Fernandes","@id":"https:\/\/jornalfatosenoticias.com.br\/#\/schema\/person\/d63837fa13ac8666eb9e74e0985d6f81"},"headline":"Ap\u00f3s 18 anos, Lula inaugura monumento \u00e0 m\u00e1 gest\u00e3o que dilapidou ao menos R$ 40 bilh\u00f5es","datePublished":"2024-09-13T18:03:55+00:00","dateModified":"2024-09-13T18:03:57+00:00","mainEntityOfPage":{"@id":"https:\/\/jornalfatosenoticias.com.br\/index.php\/2024\/09\/13\/apos-18-anos-lula-inaugura-monumento-a-ma-gestao-que-dilapidou-ao-menos-r-40-bilhoes\/"},"wordCount":1055,"commentCount":0,"publisher":{"@id":"https:\/\/jornalfatosenoticias.com.br\/#organization"},"image":{"@id":"https:\/\/jornalfatosenoticias.com.br\/index.php\/2024\/09\/13\/apos-18-anos-lula-inaugura-monumento-a-ma-gestao-que-dilapidou-ao-menos-r-40-bilhoes\/#primaryimage"},"thumbnailUrl":"https:\/\/jornalfatosenoticias.com.br\/wp-content\/uploads\/2024\/09\/ode-a-corrupcao_Credito_Bruno-Castro-960x540-1.jpg","keywords":["corrup\u00e7\u00e3o","energia","Lava Jato","Lula","Partido dos Trabalhadores","Petrobras","petr\u00f3leo"],"articleSection":["Economia"],"inLanguage":"pt-BR","potentialAction":[{"@type":"CommentAction","name":"Comment","target":["https:\/\/jornalfatosenoticias.com.br\/index.php\/2024\/09\/13\/apos-18-anos-lula-inaugura-monumento-a-ma-gestao-que-dilapidou-ao-menos-r-40-bilhoes\/#respond"]}]},{"@type":"WebPage","@id":"https:\/\/jornalfatosenoticias.com.br\/index.php\/2024\/09\/13\/apos-18-anos-lula-inaugura-monumento-a-ma-gestao-que-dilapidou-ao-menos-r-40-bilhoes\/","url":"https:\/\/jornalfatosenoticias.com.br\/index.php\/2024\/09\/13\/apos-18-anos-lula-inaugura-monumento-a-ma-gestao-que-dilapidou-ao-menos-r-40-bilhoes\/","name":"Ap\u00f3s 18 anos, Lula inaugura monumento \u00e0 m\u00e1 gest\u00e3o que dilapidou ao menos R$ 40 bilh\u00f5es - Jornal Fatos e Not\u00edcias","isPartOf":{"@id":"https:\/\/jornalfatosenoticias.com.br\/#website"},"primaryImageOfPage":{"@id":"https:\/\/jornalfatosenoticias.com.br\/index.php\/2024\/09\/13\/apos-18-anos-lula-inaugura-monumento-a-ma-gestao-que-dilapidou-ao-menos-r-40-bilhoes\/#primaryimage"},"image":{"@id":"https:\/\/jornalfatosenoticias.com.br\/index.php\/2024\/09\/13\/apos-18-anos-lula-inaugura-monumento-a-ma-gestao-que-dilapidou-ao-menos-r-40-bilhoes\/#primaryimage"},"thumbnailUrl":"https:\/\/jornalfatosenoticias.com.br\/wp-content\/uploads\/2024\/09\/ode-a-corrupcao_Credito_Bruno-Castro-960x540-1.jpg","datePublished":"2024-09-13T18:03:55+00:00","dateModified":"2024-09-13T18:03:57+00:00","breadcrumb":{"@id":"https:\/\/jornalfatosenoticias.com.br\/index.php\/2024\/09\/13\/apos-18-anos-lula-inaugura-monumento-a-ma-gestao-que-dilapidou-ao-menos-r-40-bilhoes\/#breadcrumb"},"inLanguage":"pt-BR","potentialAction":[{"@type":"ReadAction","target":["https:\/\/jornalfatosenoticias.com.br\/index.php\/2024\/09\/13\/apos-18-anos-lula-inaugura-monumento-a-ma-gestao-que-dilapidou-ao-menos-r-40-bilhoes\/"]}]},{"@type":"ImageObject","inLanguage":"pt-BR","@id":"https:\/\/jornalfatosenoticias.com.br\/index.php\/2024\/09\/13\/apos-18-anos-lula-inaugura-monumento-a-ma-gestao-que-dilapidou-ao-menos-r-40-bilhoes\/#primaryimage","url":"https:\/\/jornalfatosenoticias.com.br\/wp-content\/uploads\/2024\/09\/ode-a-corrupcao_Credito_Bruno-Castro-960x540-1.jpg","contentUrl":"https:\/\/jornalfatosenoticias.com.br\/wp-content\/uploads\/2024\/09\/ode-a-corrupcao_Credito_Bruno-Castro-960x540-1.jpg","width":960,"height":540},{"@type":"BreadcrumbList","@id":"https:\/\/jornalfatosenoticias.com.br\/index.php\/2024\/09\/13\/apos-18-anos-lula-inaugura-monumento-a-ma-gestao-que-dilapidou-ao-menos-r-40-bilhoes\/#breadcrumb","itemListElement":[{"@type":"ListItem","position":1,"name":"In\u00edcio","item":"https:\/\/jornalfatosenoticias.com.br\/"},{"@type":"ListItem","position":2,"name":"Ap\u00f3s 18 anos, Lula inaugura monumento \u00e0 m\u00e1 gest\u00e3o que dilapidou ao menos R$ 40 bilh\u00f5es"}]},{"@type":"WebSite","@id":"https:\/\/jornalfatosenoticias.com.br\/#website","url":"https:\/\/jornalfatosenoticias.com.br\/","name":"Jornal Fatos e Not\u00edcias","description":"Not\u00edcias em geral","publisher":{"@id":"https:\/\/jornalfatosenoticias.com.br\/#organization"},"potentialAction":[{"@type":"SearchAction","target":{"@type":"EntryPoint","urlTemplate":"https:\/\/jornalfatosenoticias.com.br\/?s={search_term_string}"},"query-input":{"@type":"PropertyValueSpecification","valueRequired":true,"valueName":"search_term_string"}}],"inLanguage":"pt-BR"},{"@type":"Organization","@id":"https:\/\/jornalfatosenoticias.com.br\/#organization","name":"Jornal Fatos e Not\u00edcias","url":"https:\/\/jornalfatosenoticias.com.br\/","logo":{"@type":"ImageObject","inLanguage":"pt-BR","@id":"https:\/\/jornalfatosenoticias.com.br\/#\/schema\/logo\/image\/","url":"https:\/\/jornalfatosenoticias.com.br\/wp-content\/uploads\/2020\/02\/logo120.png","contentUrl":"https:\/\/jornalfatosenoticias.com.br\/wp-content\/uploads\/2020\/02\/logo120.png","width":1227,"height":120,"caption":"Jornal Fatos e Not\u00edcias"},"image":{"@id":"https:\/\/jornalfatosenoticias.com.br\/#\/schema\/logo\/image\/"}},{"@type":"Person","@id":"https:\/\/jornalfatosenoticias.com.br\/#\/schema\/person\/d63837fa13ac8666eb9e74e0985d6f81","name":"Luzimara Fernandes","image":{"@type":"ImageObject","inLanguage":"pt-BR","@id":"https:\/\/jornalfatosenoticias.com.br\/#\/schema\/person\/image\/","url":"https:\/\/jornalfatosenoticias.com.br\/wp-content\/uploads\/2025\/05\/EU_portal.jpg","contentUrl":"https:\/\/jornalfatosenoticias.com.br\/wp-content\/uploads\/2025\/05\/EU_portal.jpg","caption":"Luzimara Fernandes"},"description":"Jornalista MTB 2358-ES","sameAs":["https:\/\/jornalfatosenoticias.com.br"],"url":"https:\/\/jornalfatosenoticias.com.br\/index.php\/author\/luzimara\/"}]}},"cc_featured_image_caption":{"caption_text":"(Foto: Bruno Castro\/Ag\u00eancia Petrobras) ","source_text":"","source_url":""},"jetpack_featured_media_url":"https:\/\/jornalfatosenoticias.com.br\/wp-content\/uploads\/2024\/09\/ode-a-corrupcao_Credito_Bruno-Castro-960x540-1.jpg","_links":{"self":[{"href":"https:\/\/jornalfatosenoticias.com.br\/index.php\/wp-json\/wp\/v2\/posts\/54170","targetHints":{"allow":["GET"]}}],"collection":[{"href":"https:\/\/jornalfatosenoticias.com.br\/index.php\/wp-json\/wp\/v2\/posts"}],"about":[{"href":"https:\/\/jornalfatosenoticias.com.br\/index.php\/wp-json\/wp\/v2\/types\/post"}],"author":[{"embeddable":true,"href":"https:\/\/jornalfatosenoticias.com.br\/index.php\/wp-json\/wp\/v2\/users\/2"}],"replies":[{"embeddable":true,"href":"https:\/\/jornalfatosenoticias.com.br\/index.php\/wp-json\/wp\/v2\/comments?post=54170"}],"version-history":[{"count":0,"href":"https:\/\/jornalfatosenoticias.com.br\/index.php\/wp-json\/wp\/v2\/posts\/54170\/revisions"}],"wp:featuredmedia":[{"embeddable":true,"href":"https:\/\/jornalfatosenoticias.com.br\/index.php\/wp-json\/wp\/v2\/media\/54171"}],"wp:attachment":[{"href":"https:\/\/jornalfatosenoticias.com.br\/index.php\/wp-json\/wp\/v2\/media?parent=54170"}],"wp:term":[{"taxonomy":"category","embeddable":true,"href":"https:\/\/jornalfatosenoticias.com.br\/index.php\/wp-json\/wp\/v2\/categories?post=54170"},{"taxonomy":"post_tag","embeddable":true,"href":"https:\/\/jornalfatosenoticias.com.br\/index.php\/wp-json\/wp\/v2\/tags?post=54170"}],"curies":[{"name":"wp","href":"https:\/\/api.w.org\/{rel}","templated":true}]}}