{"id":54176,"date":"2024-09-13T15:39:27","date_gmt":"2024-09-13T18:39:27","guid":{"rendered":"https:\/\/jornalfatosenoticias.com.br\/?p=54176"},"modified":"2024-09-13T15:39:28","modified_gmt":"2024-09-13T18:39:28","slug":"pl-da-anistia-livra-bolsonaro-de-acusacao-de-golpe-e-esvazia-poder-de-moraes","status":"publish","type":"post","link":"https:\/\/jornalfatosenoticias.com.br\/index.php\/2024\/09\/13\/pl-da-anistia-livra-bolsonaro-de-acusacao-de-golpe-e-esvazia-poder-de-moraes\/","title":{"rendered":"PL da Anistia livra Bolsonaro de acusa\u00e7\u00e3o de golpe e esvazia poder de Moraes"},"content":{"rendered":"\n<p><em><span class=\"has-inline-color has-black-color\">Jair Bolsonaro e Alexandre de Moraes se cumprimentam<\/span><\/em><\/p>\n\n\n\n<p><span class=\"has-inline-color has-black-color\">Por <strong><a href=\"https:\/\/www.gazetadopovo.com.br\/autor\/renan-ramalho\/\">Renan Ramalho<\/a><\/strong> e <strong><a href=\"https:\/\/www.gazetadopovo.com.br\/autor\/aline-rechmann\/\">Aline Rechmann<\/a><\/strong><\/span><\/p>\n\n\n\n<div class=\"wp-block-image\"><figure class=\"aligncenter size-large\"><a href=\"https:\/\/www.facebook.com\/vetor.vix\/\"><img loading=\"lazy\" decoding=\"async\" width=\"1024\" height=\"273\" src=\"https:\/\/jornalfatosenoticias.com.br\/wp-content\/uploads\/2023\/09\/vetorvix1024_1.jpg\" alt=\"\" class=\"wp-image-44868\" srcset=\"https:\/\/jornalfatosenoticias.com.br\/wp-content\/uploads\/2023\/09\/vetorvix1024_1.jpg 1024w, https:\/\/jornalfatosenoticias.com.br\/wp-content\/uploads\/2023\/09\/vetorvix1024_1-300x80.jpg 300w, https:\/\/jornalfatosenoticias.com.br\/wp-content\/uploads\/2023\/09\/vetorvix1024_1-768x205.jpg 768w\" sizes=\"auto, (max-width: 1024px) 100vw, 1024px\" \/><\/a><\/figure><\/div>\n\n\n\n<p>O projeto de lei que prop\u00f5e a anistia para os manifestantes envolvidos no 8 de janeiro poder\u00e1, se aprovado, livrar o ex-presidente Jair Bolsonaro (PL) de uma den\u00fancia e condena\u00e7\u00e3o por suposta autoria intelectual do ato, que resultou na invas\u00e3o e depreda\u00e7\u00e3o das sedes dos Tr\u00eas Poderes. Al\u00e9m disso, corta pela raiz o modo de atua\u00e7\u00e3o do ministro Alexandre de Moraes nos inqu\u00e9ritos ligados ao caso no Supremo Tribunal Federal (STF).<br>O texto da proposta, apresentado na ter\u00e7a (10) pelo deputado Rodrigo Valadares (Uni\u00e3o-SE), diz que ser\u00e1 concedido o perd\u00e3o judicial \u201ca todos que participaram de eventos subsequentes ou eventos anteriores aos fatos acontecidos em 08 de janeiro de 2023, desde que mantenham correla\u00e7\u00e3o com os eventos acima citados\u201d. Bolsonaro estava nos Estados Unidos no dia do protesto, mas passou a ser investigado por publicar no dia 10 de janeiro, e depois apagar, um v\u00eddeo que questionava a isen\u00e7\u00e3o do Tribunal Superior Eleitoral (TSE) na elei\u00e7\u00e3o de 2022.<\/p>\n\n\n\n<div class=\"wp-block-image\"><figure class=\"aligncenter size-large is-resized\"><a href=\"https:\/\/www.facebook.com\/postobkr\/?locale=pt_BR\"><img loading=\"lazy\" decoding=\"async\" src=\"https:\/\/jornalfatosenoticias.com.br\/wp-content\/uploads\/2023\/08\/BKR-1024x1021.jpg\" alt=\"\" class=\"wp-image-44494\" width=\"284\" height=\"283\" srcset=\"https:\/\/jornalfatosenoticias.com.br\/wp-content\/uploads\/2023\/08\/BKR-1024x1021.jpg 1024w, https:\/\/jornalfatosenoticias.com.br\/wp-content\/uploads\/2023\/08\/BKR-300x300.jpg 300w, https:\/\/jornalfatosenoticias.com.br\/wp-content\/uploads\/2023\/08\/BKR-150x150.jpg 150w, https:\/\/jornalfatosenoticias.com.br\/wp-content\/uploads\/2023\/08\/BKR-768x766.jpg 768w, https:\/\/jornalfatosenoticias.com.br\/wp-content\/uploads\/2023\/08\/BKR.jpg 1080w\" sizes=\"auto, (max-width: 284px) 100vw, 284px\" \/><\/a><\/figure><\/div>\n\n\n\n<p>Com isso, os policiais federais encarregados da investiga\u00e7\u00e3o, que se reportam a Moraes, passaram a ligar seus questionamentos \u00e0s urnas eletr\u00f4nicas e ao TSE a uma suposta trama para impedir a posse de Luiz In\u00e1cio Lula da Silva na Presid\u00eancia. A tese \u00e9 de que o 8 de janeiro teria sido uma \u00faltima tentativa, frustrada, de chamar as For\u00e7as Armadas para tirar Lula do poder e rever o processo eleitoral. Advogados do ex-presidente e de outros investigados consideram essas suposi\u00e7\u00f5es absurdas, uma vez que n\u00e3o havia disposi\u00e7\u00e3o da c\u00fapula militar para ruptura.<\/p>\n\n\n\n<div class=\"wp-block-image\"><figure class=\"aligncenter size-large\"><a href=\"https:\/\/cesconetto.com.br\/\"><img loading=\"lazy\" decoding=\"async\" width=\"300\" height=\"250\" src=\"https:\/\/jornalfatosenoticias.com.br\/wp-content\/uploads\/2022\/02\/Banner-2.png\" alt=\"\" class=\"wp-image-27877\"\/><\/a><\/figure><\/div>\n\n\n\n<p>A investiga\u00e7\u00e3o juntou provas de reuni\u00f5es de Bolsonaro com auxiliares para discutir o processo eleitoral, al\u00e9m da chamada \u201cminuta do golpe\u201d, documento encontrado com auxiliares de Bolsonaro no qual estava esbo\u00e7ado o texto de um decreto para instalar um estado de defesa no TSE, com o intuito de revisar a apura\u00e7\u00e3o dos votos na disputa presidencial.<\/p>\n\n\n\n<div class=\"wp-block-image\"><figure class=\"aligncenter size-large is-resized\"><a href=\"https:\/\/www.instagram.com\/restaurantepegoretti\/\"><img loading=\"lazy\" decoding=\"async\" src=\"https:\/\/jornalfatosenoticias.com.br\/wp-content\/uploads\/2023\/12\/pegoretti-logo-pdf-1024x389.jpg\" alt=\"\" class=\"wp-image-47536\" width=\"390\" height=\"148\" srcset=\"https:\/\/jornalfatosenoticias.com.br\/wp-content\/uploads\/2023\/12\/pegoretti-logo-pdf-1024x389.jpg 1024w, https:\/\/jornalfatosenoticias.com.br\/wp-content\/uploads\/2023\/12\/pegoretti-logo-pdf-300x114.jpg 300w, https:\/\/jornalfatosenoticias.com.br\/wp-content\/uploads\/2023\/12\/pegoretti-logo-pdf-768x291.jpg 768w, https:\/\/jornalfatosenoticias.com.br\/wp-content\/uploads\/2023\/12\/pegoretti-logo-pdf.jpg 1120w\" sizes=\"auto, (max-width: 390px) 100vw, 390px\" \/><\/a><\/figure><\/div>\n\n\n\n<p>A previs\u00e3o \u00e9 de que o relat\u00f3rio com o indiciamento de Bolsonaro seja finalizado neste m\u00eas pela Pol\u00edcia Federal. Depois disso, Moraes enviar\u00e1 o material para a Procuradoria-Geral da Rep\u00fablica (PGR), a quem cabe denunciar formalmente o ex-presidente junto ao STF, que abre o processo e julga a a\u00e7\u00e3o.<\/p>\n\n\n\n<div class=\"wp-block-image\"><figure class=\"aligncenter size-large is-resized\"><a href=\"https:\/\/www.ithbrasil.com.br\/\"><img loading=\"lazy\" decoding=\"async\" src=\"https:\/\/jornalfatosenoticias.com.br\/wp-content\/uploads\/2023\/08\/ITH.jpeg\" alt=\"\" class=\"wp-image-44638\" width=\"351\" height=\"285\" srcset=\"https:\/\/jornalfatosenoticias.com.br\/wp-content\/uploads\/2023\/08\/ITH.jpeg 800w, https:\/\/jornalfatosenoticias.com.br\/wp-content\/uploads\/2023\/08\/ITH-300x244.jpeg 300w, https:\/\/jornalfatosenoticias.com.br\/wp-content\/uploads\/2023\/08\/ITH-768x624.jpeg 768w\" sizes=\"auto, (max-width: 351px) 100vw, 351px\" \/><\/a><\/figure><\/div>\n\n\n\n<p>O projeto de lei acaba de vez com a possibilidade de puni\u00e7\u00e3o ao ex-presidente, pois \u201ccompreende os crimes com motiva\u00e7\u00e3o pol\u00edtica e\/ou eleitoral\u201d ligados ao caso. Al\u00e9m de imunizar Bolsonaro, tamb\u00e9m beneficiaria os manifestantes, pessoas que prestaram apoio para os acampamentos que foram montados em frente aos quart\u00e9is (como no fornecimento de comida e transporte), bem como quem ajudou a divulgar esses atos nas redes sociais.<\/p>\n\n\n\n<div class=\"wp-block-image\"><figure class=\"aligncenter size-large is-resized\"><a href=\"https:\/\/www.controlsystems.com.br\/\"><img loading=\"lazy\" decoding=\"async\" src=\"https:\/\/jornalfatosenoticias.com.br\/wp-content\/uploads\/2020\/02\/CONTROL-CS.jpg\" alt=\"\" class=\"wp-image-44991\" width=\"309\" height=\"371\" srcset=\"https:\/\/jornalfatosenoticias.com.br\/wp-content\/uploads\/2020\/02\/CONTROL-CS.jpg 834w, https:\/\/jornalfatosenoticias.com.br\/wp-content\/uploads\/2020\/02\/CONTROL-CS-250x300.jpg 250w, https:\/\/jornalfatosenoticias.com.br\/wp-content\/uploads\/2020\/02\/CONTROL-CS-768x921.jpg 768w\" sizes=\"auto, (max-width: 309px) 100vw, 309px\" \/><\/a><\/figure><\/div>\n\n\n\n<p>O perd\u00e3o, no entanto, n\u00e3o seria concedido para pessoas que, comprovadamente, tenham atentado contra a vida de outras, causado ferimentos ou causado inc\u00eandios na manifesta\u00e7\u00e3o. Aqueles que danificaram o patrim\u00f4nio p\u00fablico tamb\u00e9m seriam punidos, com pena de at\u00e9 tr\u00eas anos de pris\u00e3o.<br>Com isso, o projeto n\u00e3o isenta totalmente muitos que j\u00e1 foram condenados no STF, mas retira deles as penas mais graves, ligadas a crimes contra o Estado Democr\u00e1tico de Direito (aboli\u00e7\u00e3o violenta e tentativa de golpe), bem como associa\u00e7\u00e3o criminosa.<\/p>\n\n\n\n<div class=\"wp-block-image\"><figure class=\"aligncenter size-large is-resized\"><a href=\"https:\/\/www.instagram.com\/serra4x4cambioautomatico\/\"><img loading=\"lazy\" decoding=\"async\" src=\"https:\/\/jornalfatosenoticias.com.br\/wp-content\/uploads\/2024\/08\/Serra-4x4-1-886x1024.jpg\" alt=\"\" class=\"wp-image-53632\" width=\"309\" height=\"357\" srcset=\"https:\/\/jornalfatosenoticias.com.br\/wp-content\/uploads\/2024\/08\/Serra-4x4-1-886x1024.jpg 886w, https:\/\/jornalfatosenoticias.com.br\/wp-content\/uploads\/2024\/08\/Serra-4x4-1-260x300.jpg 260w, https:\/\/jornalfatosenoticias.com.br\/wp-content\/uploads\/2024\/08\/Serra-4x4-1-768x888.jpg 768w, https:\/\/jornalfatosenoticias.com.br\/wp-content\/uploads\/2024\/08\/Serra-4x4-1.jpg 1181w\" sizes=\"auto, (max-width: 309px) 100vw, 309px\" \/><\/a><\/figure><\/div>\n\n\n\n<p><strong><span class=\"has-inline-color has-black-color\">Nova lei poder\u00e1 deixar Moraes fora das investiga\u00e7\u00f5es<br><\/span><\/strong>Outro efeito importante da lei proposta \u00e9 a retirada dos inqu\u00e9ritos e a\u00e7\u00f5es penais do caso da al\u00e7ada do STF e, portanto, do controle de Alexandre de Moraes. As medidas que ele j\u00e1 tomou nos processos seriam extintas \u2013 tais como pris\u00f5es preventivas, reten\u00e7\u00e3o de passaportes, monitoramento com tornozeleira eletr\u00f4nica, al\u00e9m de remo\u00e7\u00e3o de postagens e bloqueio de perfis em redes sociais, \u201cque limitem a liberdade de express\u00e3o e manifesta\u00e7\u00e3o de car\u00e1ter pol\u00edtico e\/ou eleitoral\u201d.<\/p>\n\n\n\n<div class=\"wp-block-image\"><figure class=\"aligncenter size-large is-resized\"><img loading=\"lazy\" decoding=\"async\" src=\"https:\/\/jornalfatosenoticias.com.br\/wp-content\/uploads\/2022\/02\/Precisao-Contabilidade-1024x724.jpg\" alt=\"\" class=\"wp-image-28088\" width=\"351\" height=\"248\"\/><\/figure><\/div>\n\n\n\n<p>Pelo projeto de lei, os casos que ainda restassem no STF deveriam ser remetidos \u00e0 primeira inst\u00e2ncia, uma vez que seriam anistiados alguns deputados, que ainda respondem ao inqu\u00e9rito na Corte, pelo fato de terem divulgado imagens no dia das invas\u00f5es.<\/p>\n\n\n\n<div class=\"wp-block-image\"><figure class=\"aligncenter size-large\"><a href=\"http:\/\/www.ferrarimaquinas.com.br\/\"><img loading=\"lazy\" decoding=\"async\" width=\"300\" height=\"250\" src=\"https:\/\/jornalfatosenoticias.com.br\/wp-content\/uploads\/2022\/02\/FERRARI_MAQUINAS-E-FERRAMENTAS2.jpg\" alt=\"\" class=\"wp-image-27860\"\/><\/a><\/figure><\/div>\n\n\n\n<p>O projeto, al\u00e9m disso, prev\u00ea a criminaliza\u00e7\u00e3o de ju\u00edzes \u2014 Moraes ou outros que venham a conduzir os casos \u2014 por abuso de autoridade, caso iniciem ou deem sequ\u00eancia a investiga\u00e7\u00f5es sobre crimes contra a democracia envolvendo o 8 de janeiro.<\/p>\n\n\n\n<div class=\"wp-block-image\"><figure class=\"aligncenter size-large\"><a href=\"https:\/\/www.facebook.com\/Esteio-Churrascaria-Barbecue-103643461220402\/\"><img decoding=\"async\" src=\"https:\/\/jornalfatosenoticias.com.br\/wp-content\/uploads\/2020\/02\/logo_esteio.jpg\" alt=\"\" class=\"wp-image-1214\"\/><\/a><\/figure><\/div>\n\n\n\n<p>A pr\u00f3pria forma como Moraes enquadrou os manifestantes seria extinta pela lei proposta. O projeto acaba com a figura do \u201ccrime multitudin\u00e1rio\u201d, novidade criada pela PGR nos processos para punir, de forma quase indistinta, todos que foram flagrados dentro ou perto dos pr\u00e9dios invadidos, mesmo que sem prova de que queriam derrubar o governo. Eles foram enquadrados por fazer parte de uma \u201cmultid\u00e3o\u201d que, segundo o \u00f3rg\u00e3o, teria esse prop\u00f3sito.<\/p>\n\n\n\n<div class=\"wp-block-image\"><figure class=\"aligncenter size-large is-resized\"><a href=\"https:\/\/panper.com.br\/\"><img loading=\"lazy\" decoding=\"async\" src=\"https:\/\/jornalfatosenoticias.com.br\/wp-content\/uploads\/2023\/03\/logo-Panper_portal.jpg\" alt=\"\" class=\"wp-image-40208\" width=\"336\" height=\"233\" srcset=\"https:\/\/jornalfatosenoticias.com.br\/wp-content\/uploads\/2023\/03\/logo-Panper_portal.jpg 400w, https:\/\/jornalfatosenoticias.com.br\/wp-content\/uploads\/2023\/03\/logo-Panper_portal-300x208.jpg 300w\" sizes=\"auto, (max-width: 336px) 100vw, 336px\" \/><\/a><\/figure><\/div>\n\n\n\n<p>Aqueles que prestaram apoio material ou log\u00edstico s\u00f3 seriam punidos por crimes contra a democracia caso se prove a inten\u00e7\u00e3o de causar, com esse suporte, uma ruptura institucional. Os pr\u00f3prios crimes contra a democracia exigiriam que os atos contra as institui\u00e7\u00f5es se materializassem por meio de grave amea\u00e7a ou viol\u00eancia \u201ccontra a pessoa\u201d. <\/p>\n\n\n\n<div class=\"wp-block-image\"><figure class=\"aligncenter size-large is-resized\"><a href=\"https:\/\/www.facebook.com\/vetor.vix\/\"><img loading=\"lazy\" decoding=\"async\" src=\"https:\/\/jornalfatosenoticias.com.br\/wp-content\/uploads\/2023\/09\/vetorvix1024_1.jpg\" alt=\"\" class=\"wp-image-44868\" width=\"494\" height=\"131\" srcset=\"https:\/\/jornalfatosenoticias.com.br\/wp-content\/uploads\/2023\/09\/vetorvix1024_1.jpg 1024w, https:\/\/jornalfatosenoticias.com.br\/wp-content\/uploads\/2023\/09\/vetorvix1024_1-300x80.jpg 300w, https:\/\/jornalfatosenoticias.com.br\/wp-content\/uploads\/2023\/09\/vetorvix1024_1-768x205.jpg 768w\" sizes=\"auto, (max-width: 494px) 100vw, 494px\" \/><\/a><\/figure><\/div>\n\n\n\n<p>Essa express\u00e3o n\u00e3o est\u00e1 na lei atual e permitiu que os manifestantes fossem condenados mesmo alegando que estavam desarmados e que os pr\u00e9dios invadidos estavam vazios, sem autoridades presentes \u2014 deputados, senadores, ministros, etc. \u2014 que pudessem ser v\u00edtimas diretas de atentados f\u00edsicos.<\/p>\n\n\n\n<div class=\"wp-block-image\"><figure class=\"aligncenter size-large is-resized\"><a href=\"https:\/\/hotelmarquetti.com.br\/\"><img loading=\"lazy\" decoding=\"async\" src=\"https:\/\/jornalfatosenoticias.com.br\/wp-content\/uploads\/2023\/03\/nova-logo-Marquetti.jpg\" alt=\"\" class=\"wp-image-40207\" width=\"362\" height=\"243\" srcset=\"https:\/\/jornalfatosenoticias.com.br\/wp-content\/uploads\/2023\/03\/nova-logo-Marquetti.jpg 643w, https:\/\/jornalfatosenoticias.com.br\/wp-content\/uploads\/2023\/03\/nova-logo-Marquetti-300x202.jpg 300w\" sizes=\"auto, (max-width: 362px) 100vw, 362px\" \/><\/a><\/figure><\/div>\n\n\n\n<p><strong><span class=\"has-inline-color has-black-color\">Anistia ampla est\u00e1 proposta na lei<br><\/span><\/strong>Para o advogado Matheus Falivene, doutor e mestre em Direito Penal pela Faculdade de Direito da Universidade de S\u00e3o Paulo (USP), a anistia proposta seria ampla, por alcan\u00e7ar tamb\u00e9m manifestantes que acamparam em frente a quart\u00e9is espalhados pelo pa\u00eds e at\u00e9 comentaristas pol\u00edticos investigados por suposto est\u00edmulo a esses atos na imprensa e nas redes.<\/p>\n\n\n\n<div class=\"wp-block-image\"><figure class=\"aligncenter size-large is-resized\"><a href=\"https:\/\/www.instagram.com\/vmais.midias\/\"><img loading=\"lazy\" decoding=\"async\" src=\"https:\/\/jornalfatosenoticias.com.br\/wp-content\/uploads\/2020\/02\/DE-MAIS-DESTAQUE-VMAIS-800X700.png\" alt=\"\" class=\"wp-image-53112\" width=\"297\" height=\"259\" srcset=\"https:\/\/jornalfatosenoticias.com.br\/wp-content\/uploads\/2020\/02\/DE-MAIS-DESTAQUE-VMAIS-800X700.png 800w, https:\/\/jornalfatosenoticias.com.br\/wp-content\/uploads\/2020\/02\/DE-MAIS-DESTAQUE-VMAIS-800X700-300x263.png 300w, https:\/\/jornalfatosenoticias.com.br\/wp-content\/uploads\/2020\/02\/DE-MAIS-DESTAQUE-VMAIS-800X700-768x672.png 768w\" sizes=\"auto, (max-width: 297px) 100vw, 297px\" \/><\/a><\/figure><\/div>\n\n\n\n<p>Ele chama a aten\u00e7\u00e3o para a possibilidade de puni\u00e7\u00e3o, por abuso de autoridades, de magistrados que tentem driblar a anistia. \u201cTal disposi\u00e7\u00e3o tem como prov\u00e1vel finalidade evitar com que autoridades, especialmente ministros do Supremo Tribunal Federal, possam dar continuidade ou iniciar novas investiga\u00e7\u00f5es sobre esses fatos. Al\u00e9m disso, a forma como o projeto est\u00e1 redigido visa evitar que ocorram discuss\u00f5es sobre a sua constitucionalidade, como a que ocorreu com rela\u00e7\u00e3o \u00e0 gra\u00e7a concedida pelo ent\u00e3o presidente da Rep\u00fablica, Jair Bolsonaro, ao deputado Daniel Silveira\u201d, diz o advogado.<\/p>\n\n\n\n<div class=\"wp-block-image\"><figure class=\"aligncenter size-large is-resized\"><a href=\"https:\/\/www.facebook.com\/postobkr\/?locale=pt_BR\"><img loading=\"lazy\" decoding=\"async\" src=\"https:\/\/jornalfatosenoticias.com.br\/wp-content\/uploads\/2023\/08\/BKR-1024x1021.jpg\" alt=\"\" class=\"wp-image-44494\" width=\"301\" height=\"300\" srcset=\"https:\/\/jornalfatosenoticias.com.br\/wp-content\/uploads\/2023\/08\/BKR-1024x1021.jpg 1024w, https:\/\/jornalfatosenoticias.com.br\/wp-content\/uploads\/2023\/08\/BKR-300x300.jpg 300w, https:\/\/jornalfatosenoticias.com.br\/wp-content\/uploads\/2023\/08\/BKR-150x150.jpg 150w, https:\/\/jornalfatosenoticias.com.br\/wp-content\/uploads\/2023\/08\/BKR-768x766.jpg 768w, https:\/\/jornalfatosenoticias.com.br\/wp-content\/uploads\/2023\/08\/BKR.jpg 1080w\" sizes=\"auto, (max-width: 301px) 100vw, 301px\" \/><\/a><\/figure><\/div>\n\n\n\n<p>Georges Humbert, doutor e mestre em Direito pela PUC-SP, observa que \u00e9 pr\u00f3prio das leis de anistia tentar promover \u201cpacifica\u00e7\u00e3o, estabiliza\u00e7\u00e3o das rela\u00e7\u00f5es, fins de guerras e de conflitos, para a reconcilia\u00e7\u00e3o de uma na\u00e7\u00e3o, um continente, ou mesmo todo a geopol\u00edtica internacional\u201d. \u201cNo direito brasileiro e no internacional, foi incorporado \u00e0s constitui\u00e7\u00f5es democr\u00e1ticas como instrumento para a concess\u00e3o de perd\u00e3o estendido pelo governo a um grupo ou classe de pessoas, indistintamente, geralmente por terem feito parte de movimentos, grupos, partidos, embates, lutas, conflitos, enfim, daqueles que tiveram atividades consideradas ofensas, lit\u00edgios, desvios pol\u00edticos jur\u00eddicos\u201d, afirma.<\/p>\n\n\n\n<div class=\"wp-block-image\"><figure class=\"aligncenter size-large\"><a href=\"https:\/\/cesconetto.com.br\/\"><img loading=\"lazy\" decoding=\"async\" width=\"300\" height=\"250\" src=\"https:\/\/jornalfatosenoticias.com.br\/wp-content\/uploads\/2020\/02\/Banner-2.png\" alt=\"\" class=\"wp-image-43787\"\/><\/a><\/figure><\/div>\n\n\n\n<p>Humbert diz que isso vale para casos ainda n\u00e3o julgados em definitivo, como \u00e9 o caso de Bolsonaro e seus auxiliares mais pr\u00f3ximos, que ainda est\u00e3o sendo investigados. Ele ressalva, no entanto, que seria preciso descrever, de forma mais precisa, quais \u201ceventos correlatos\u201d ao 8 de janeiro seriam abarcados pela anistia.<\/p>\n\n\n\n<div class=\"wp-block-image\"><figure class=\"aligncenter size-large is-resized\"><a href=\"https:\/\/www.legisjuris.com.br\/\"><img loading=\"lazy\" decoding=\"async\" src=\"https:\/\/jornalfatosenoticias.com.br\/wp-content\/uploads\/2024\/09\/Legis-Juris-Consultoria_logo.jpg\" alt=\"\" class=\"wp-image-53915\" width=\"471\" height=\"199\"\/><\/a><\/figure><\/div>\n\n\n\n<p>Rafael Paiva, advogado criminalista, mestre e professor de Direito Penal, afirma que, em caso de aprova\u00e7\u00e3o da lei, ainda subsistiria a possibilidade de o pr\u00f3prio STF analisar sua constitucionalidade e, com isso, eventualmente derrubar a validade dela.<\/p>\n\n\n\n<div class=\"wp-block-image\"><figure class=\"aligncenter size-large is-resized\"><a href=\"https:\/\/www.ithbrasil.com.br\/\"><img loading=\"lazy\" decoding=\"async\" src=\"https:\/\/jornalfatosenoticias.com.br\/wp-content\/uploads\/2023\/08\/ITH.jpeg\" alt=\"\" class=\"wp-image-44638\" width=\"289\" height=\"235\" srcset=\"https:\/\/jornalfatosenoticias.com.br\/wp-content\/uploads\/2023\/08\/ITH.jpeg 800w, https:\/\/jornalfatosenoticias.com.br\/wp-content\/uploads\/2023\/08\/ITH-300x244.jpeg 300w, https:\/\/jornalfatosenoticias.com.br\/wp-content\/uploads\/2023\/08\/ITH-768x624.jpeg 768w\" sizes=\"auto, (max-width: 289px) 100vw, 289px\" \/><\/a><\/figure><\/div>\n\n\n\n<p>\u201cH\u00e1 que se ter, de qualquer forma, uma provoca\u00e7\u00e3o, por exemplo, atrav\u00e9s de uma A\u00e7\u00e3o Direta de Inconstitucionalidade, eis que o Judici\u00e1rio n\u00e3o pode agir de of\u00edcio nesses casos. Importante esclarecer que as leis de anistia, por mais absurdas ou pol\u00eamicas que possam parecer, s\u00e3o instrumentos legislativos v\u00e1lidos e previstos na Constitui\u00e7\u00e3o Federal. Um argumento que poderia ser usado pelo STF para declarar a Lei de Anistia Inconstitucional, como j\u00e1 vem sendo ventilado, \u00e9 o chamado desvio de finalidade, ou seja, a comprova\u00e7\u00e3o de que a aprova\u00e7\u00e3o do projeto n\u00e3o se deu como resultado do trabalho legislativo, mas sim como uma \u2018troca\u00a0de\u00a0favores\u2019\u201d, diz Paiva.<\/p>\n\n\n\n<div class=\"wp-block-image\"><figure class=\"aligncenter size-large is-resized\"><a href=\"https:\/\/www.instagram.com\/restaurantepegoretti\/\"><img loading=\"lazy\" decoding=\"async\" src=\"https:\/\/jornalfatosenoticias.com.br\/wp-content\/uploads\/2023\/12\/pegoretti-logo-pdf-1024x389.jpg\" alt=\"\" class=\"wp-image-47536\" width=\"422\" height=\"160\" srcset=\"https:\/\/jornalfatosenoticias.com.br\/wp-content\/uploads\/2023\/12\/pegoretti-logo-pdf-1024x389.jpg 1024w, https:\/\/jornalfatosenoticias.com.br\/wp-content\/uploads\/2023\/12\/pegoretti-logo-pdf-300x114.jpg 300w, https:\/\/jornalfatosenoticias.com.br\/wp-content\/uploads\/2023\/12\/pegoretti-logo-pdf-768x291.jpg 768w, https:\/\/jornalfatosenoticias.com.br\/wp-content\/uploads\/2023\/12\/pegoretti-logo-pdf.jpg 1120w\" sizes=\"auto, (max-width: 422px) 100vw, 422px\" \/><\/a><\/figure><\/div>\n\n\n\n<p>A tese do desvio de finalidade j\u00e1 come\u00e7ou a ser ensaiada dentro do pr\u00f3prio STF, a partir de declara\u00e7\u00f5es de parlamentares da direita que est\u00e3o condicionando o apoio a candidatos \u00e0 presid\u00eancia da C\u00e2mara ao avan\u00e7o do projeto.<\/p>\n\n\n\n<div class=\"wp-block-image\"><figure class=\"aligncenter size-large\"><img loading=\"lazy\" decoding=\"async\" width=\"729\" height=\"90\" src=\"https:\/\/jornalfatosenoticias.com.br\/wp-content\/uploads\/2020\/02\/Logo_Mizu.png\" alt=\"\" class=\"wp-image-1441\" srcset=\"https:\/\/jornalfatosenoticias.com.br\/wp-content\/uploads\/2020\/02\/Logo_Mizu.png 729w, https:\/\/jornalfatosenoticias.com.br\/wp-content\/uploads\/2020\/02\/Logo_Mizu-300x37.png 300w\" sizes=\"auto, (max-width: 729px) 100vw, 729px\" \/><\/figure><\/div>\n\n\n\n<p><strong><em>Fonte: <a href=\"https:\/\/www.gazetadopovo.com.br\/republica\/pl-da-anistia-livra-bolsonaro-de-acusacao-de-golpe-e-esvazia-poder-de-moraes\/?ref=mais-comentadas\">Gazeta do Povo<\/a><\/em><\/strong><\/p>\n","protected":false},"excerpt":{"rendered":"<p>Jair Bolsonaro e Alexandre de Moraes se cumprimentam Por Renan Ramalho e Aline Rechmann O projeto de lei que prop\u00f5e a anistia para os manifestantes envolvidos no 8 de janeiro poder\u00e1, se aprovado, livrar o ex-presidente Jair Bolsonaro (PL) de uma den\u00fancia e condena\u00e7\u00e3o por suposta autoria intelectual do ato, que resultou na invas\u00e3o e [&hellip;]<\/p>\n","protected":false},"author":2,"featured_media":54177,"comment_status":"open","ping_status":"open","sticky":false,"template":"","format":"standard","meta":{"footnotes":""},"categories":[10],"tags":[18055,13889,1795,17895,16935,24682,24683,1563,294,1514],"class_list":["post-54176","post","type-post","status-publish","format-standard","has-post-thumbnail","hentry","category-politica","tag-8-de-janeiro","tag-alexandre-de-moraes","tag-jair-bolsonaro","tag-judiciario","tag-liberdade-de-expressao","tag-perdao-judicial","tag-pl-da-anistia","tag-redes-sociais","tag-stf","tag-tse"],"yoast_head":"<!-- This site is optimized with the Yoast SEO plugin v26.5 - https:\/\/yoast.com\/wordpress\/plugins\/seo\/ -->\n<title>PL da Anistia livra Bolsonaro de acusa\u00e7\u00e3o de golpe e esvazia poder de Moraes - Jornal Fatos e Not\u00edcias<\/title>\n<meta name=\"robots\" content=\"index, follow, max-snippet:-1, max-image-preview:large, max-video-preview:-1\" \/>\n<link rel=\"canonical\" href=\"https:\/\/jornalfatosenoticias.com.br\/index.php\/2024\/09\/13\/pl-da-anistia-livra-bolsonaro-de-acusacao-de-golpe-e-esvazia-poder-de-moraes\/\" \/>\n<meta property=\"og:locale\" content=\"pt_BR\" \/>\n<meta property=\"og:type\" content=\"article\" \/>\n<meta property=\"og:title\" content=\"PL da Anistia livra Bolsonaro de acusa\u00e7\u00e3o de golpe e esvazia poder de Moraes - Jornal Fatos e Not\u00edcias\" \/>\n<meta property=\"og:description\" content=\"Jair Bolsonaro e Alexandre de Moraes se cumprimentam Por Renan Ramalho e Aline Rechmann O projeto de lei que prop\u00f5e a anistia para os manifestantes envolvidos no 8 de janeiro poder\u00e1, se aprovado, livrar o ex-presidente Jair Bolsonaro (PL) de uma den\u00fancia e condena\u00e7\u00e3o por suposta autoria intelectual do ato, que resultou na invas\u00e3o e [&hellip;]\" \/>\n<meta property=\"og:url\" content=\"https:\/\/jornalfatosenoticias.com.br\/index.php\/2024\/09\/13\/pl-da-anistia-livra-bolsonaro-de-acusacao-de-golpe-e-esvazia-poder-de-moraes\/\" \/>\n<meta property=\"og:site_name\" content=\"Jornal Fatos e Not\u00edcias\" \/>\n<meta property=\"article:published_time\" content=\"2024-09-13T18:39:27+00:00\" \/>\n<meta property=\"article:modified_time\" content=\"2024-09-13T18:39:28+00:00\" \/>\n<meta property=\"og:image\" content=\"https:\/\/jornalfatosenoticias.com.br\/wp-content\/uploads\/2024\/09\/bolsonaro-e-cabeca-de-ovo_gettyimages.jpg\" \/>\n\t<meta property=\"og:image:width\" content=\"612\" \/>\n\t<meta property=\"og:image:height\" content=\"403\" \/>\n\t<meta property=\"og:image:type\" content=\"image\/jpeg\" \/>\n<meta name=\"author\" content=\"Luzimara Fernandes\" \/>\n<meta name=\"twitter:card\" content=\"summary_large_image\" \/>\n<meta name=\"twitter:label1\" content=\"Escrito por\" \/>\n\t<meta name=\"twitter:data1\" content=\"Luzimara Fernandes\" \/>\n\t<meta name=\"twitter:label2\" content=\"Est. tempo de leitura\" \/>\n\t<meta name=\"twitter:data2\" content=\"7 minutos\" \/>\n<script type=\"application\/ld+json\" class=\"yoast-schema-graph\">{\"@context\":\"https:\/\/schema.org\",\"@graph\":[{\"@type\":\"Article\",\"@id\":\"https:\/\/jornalfatosenoticias.com.br\/index.php\/2024\/09\/13\/pl-da-anistia-livra-bolsonaro-de-acusacao-de-golpe-e-esvazia-poder-de-moraes\/#article\",\"isPartOf\":{\"@id\":\"https:\/\/jornalfatosenoticias.com.br\/index.php\/2024\/09\/13\/pl-da-anistia-livra-bolsonaro-de-acusacao-de-golpe-e-esvazia-poder-de-moraes\/\"},\"author\":{\"name\":\"Luzimara Fernandes\",\"@id\":\"https:\/\/jornalfatosenoticias.com.br\/#\/schema\/person\/d63837fa13ac8666eb9e74e0985d6f81\"},\"headline\":\"PL da Anistia livra Bolsonaro de acusa\u00e7\u00e3o de golpe e esvazia poder de Moraes\",\"datePublished\":\"2024-09-13T18:39:27+00:00\",\"dateModified\":\"2024-09-13T18:39:28+00:00\",\"mainEntityOfPage\":{\"@id\":\"https:\/\/jornalfatosenoticias.com.br\/index.php\/2024\/09\/13\/pl-da-anistia-livra-bolsonaro-de-acusacao-de-golpe-e-esvazia-poder-de-moraes\/\"},\"wordCount\":1472,\"commentCount\":0,\"publisher\":{\"@id\":\"https:\/\/jornalfatosenoticias.com.br\/#organization\"},\"image\":{\"@id\":\"https:\/\/jornalfatosenoticias.com.br\/index.php\/2024\/09\/13\/pl-da-anistia-livra-bolsonaro-de-acusacao-de-golpe-e-esvazia-poder-de-moraes\/#primaryimage\"},\"thumbnailUrl\":\"https:\/\/jornalfatosenoticias.com.br\/wp-content\/uploads\/2024\/09\/bolsonaro-e-cabeca-de-ovo_gettyimages.jpg\",\"keywords\":[\"8 de janeiro\",\"Alexandre de Moraes\",\"Jair Bolsonaro\",\"Judici\u00e1rio\",\"liberdade de express\u00e3o\",\"perd\u00e3o judicial\",\"PL da Anistia\",\"redes sociais\",\"STF\",\"TSE\"],\"articleSection\":[\"Pol\u00edtica\"],\"inLanguage\":\"pt-BR\",\"potentialAction\":[{\"@type\":\"CommentAction\",\"name\":\"Comment\",\"target\":[\"https:\/\/jornalfatosenoticias.com.br\/index.php\/2024\/09\/13\/pl-da-anistia-livra-bolsonaro-de-acusacao-de-golpe-e-esvazia-poder-de-moraes\/#respond\"]}]},{\"@type\":\"WebPage\",\"@id\":\"https:\/\/jornalfatosenoticias.com.br\/index.php\/2024\/09\/13\/pl-da-anistia-livra-bolsonaro-de-acusacao-de-golpe-e-esvazia-poder-de-moraes\/\",\"url\":\"https:\/\/jornalfatosenoticias.com.br\/index.php\/2024\/09\/13\/pl-da-anistia-livra-bolsonaro-de-acusacao-de-golpe-e-esvazia-poder-de-moraes\/\",\"name\":\"PL da Anistia livra Bolsonaro de acusa\u00e7\u00e3o de golpe e esvazia poder de Moraes - Jornal Fatos e Not\u00edcias\",\"isPartOf\":{\"@id\":\"https:\/\/jornalfatosenoticias.com.br\/#website\"},\"primaryImageOfPage\":{\"@id\":\"https:\/\/jornalfatosenoticias.com.br\/index.php\/2024\/09\/13\/pl-da-anistia-livra-bolsonaro-de-acusacao-de-golpe-e-esvazia-poder-de-moraes\/#primaryimage\"},\"image\":{\"@id\":\"https:\/\/jornalfatosenoticias.com.br\/index.php\/2024\/09\/13\/pl-da-anistia-livra-bolsonaro-de-acusacao-de-golpe-e-esvazia-poder-de-moraes\/#primaryimage\"},\"thumbnailUrl\":\"https:\/\/jornalfatosenoticias.com.br\/wp-content\/uploads\/2024\/09\/bolsonaro-e-cabeca-de-ovo_gettyimages.jpg\",\"datePublished\":\"2024-09-13T18:39:27+00:00\",\"dateModified\":\"2024-09-13T18:39:28+00:00\",\"breadcrumb\":{\"@id\":\"https:\/\/jornalfatosenoticias.com.br\/index.php\/2024\/09\/13\/pl-da-anistia-livra-bolsonaro-de-acusacao-de-golpe-e-esvazia-poder-de-moraes\/#breadcrumb\"},\"inLanguage\":\"pt-BR\",\"potentialAction\":[{\"@type\":\"ReadAction\",\"target\":[\"https:\/\/jornalfatosenoticias.com.br\/index.php\/2024\/09\/13\/pl-da-anistia-livra-bolsonaro-de-acusacao-de-golpe-e-esvazia-poder-de-moraes\/\"]}]},{\"@type\":\"ImageObject\",\"inLanguage\":\"pt-BR\",\"@id\":\"https:\/\/jornalfatosenoticias.com.br\/index.php\/2024\/09\/13\/pl-da-anistia-livra-bolsonaro-de-acusacao-de-golpe-e-esvazia-poder-de-moraes\/#primaryimage\",\"url\":\"https:\/\/jornalfatosenoticias.com.br\/wp-content\/uploads\/2024\/09\/bolsonaro-e-cabeca-de-ovo_gettyimages.jpg\",\"contentUrl\":\"https:\/\/jornalfatosenoticias.com.br\/wp-content\/uploads\/2024\/09\/bolsonaro-e-cabeca-de-ovo_gettyimages.jpg\",\"width\":612,\"height\":403,\"caption\":\"Brazil's President Jair Bolsonaro (L) shakes hands with Judge Alexandre de Moraes during an inauguration ceremony of new judges of the Superior Labor Court in Brasilia, on May 19, 2022. (Photo by Sergio Lima \/ AFP) (Photo by SERGIO LIMA\/AFP via Getty Images)\"},{\"@type\":\"BreadcrumbList\",\"@id\":\"https:\/\/jornalfatosenoticias.com.br\/index.php\/2024\/09\/13\/pl-da-anistia-livra-bolsonaro-de-acusacao-de-golpe-e-esvazia-poder-de-moraes\/#breadcrumb\",\"itemListElement\":[{\"@type\":\"ListItem\",\"position\":1,\"name\":\"In\u00edcio\",\"item\":\"https:\/\/jornalfatosenoticias.com.br\/\"},{\"@type\":\"ListItem\",\"position\":2,\"name\":\"PL da Anistia livra Bolsonaro de acusa\u00e7\u00e3o de golpe e esvazia poder de Moraes\"}]},{\"@type\":\"WebSite\",\"@id\":\"https:\/\/jornalfatosenoticias.com.br\/#website\",\"url\":\"https:\/\/jornalfatosenoticias.com.br\/\",\"name\":\"Jornal Fatos e Not\u00edcias\",\"description\":\"Not\u00edcias em geral\",\"publisher\":{\"@id\":\"https:\/\/jornalfatosenoticias.com.br\/#organization\"},\"potentialAction\":[{\"@type\":\"SearchAction\",\"target\":{\"@type\":\"EntryPoint\",\"urlTemplate\":\"https:\/\/jornalfatosenoticias.com.br\/?s={search_term_string}\"},\"query-input\":{\"@type\":\"PropertyValueSpecification\",\"valueRequired\":true,\"valueName\":\"search_term_string\"}}],\"inLanguage\":\"pt-BR\"},{\"@type\":\"Organization\",\"@id\":\"https:\/\/jornalfatosenoticias.com.br\/#organization\",\"name\":\"Jornal Fatos e Not\u00edcias\",\"url\":\"https:\/\/jornalfatosenoticias.com.br\/\",\"logo\":{\"@type\":\"ImageObject\",\"inLanguage\":\"pt-BR\",\"@id\":\"https:\/\/jornalfatosenoticias.com.br\/#\/schema\/logo\/image\/\",\"url\":\"https:\/\/jornalfatosenoticias.com.br\/wp-content\/uploads\/2020\/02\/logo120.png\",\"contentUrl\":\"https:\/\/jornalfatosenoticias.com.br\/wp-content\/uploads\/2020\/02\/logo120.png\",\"width\":1227,\"height\":120,\"caption\":\"Jornal Fatos e Not\u00edcias\"},\"image\":{\"@id\":\"https:\/\/jornalfatosenoticias.com.br\/#\/schema\/logo\/image\/\"}},{\"@type\":\"Person\",\"@id\":\"https:\/\/jornalfatosenoticias.com.br\/#\/schema\/person\/d63837fa13ac8666eb9e74e0985d6f81\",\"name\":\"Luzimara Fernandes\",\"image\":{\"@type\":\"ImageObject\",\"inLanguage\":\"pt-BR\",\"@id\":\"https:\/\/jornalfatosenoticias.com.br\/#\/schema\/person\/image\/\",\"url\":\"https:\/\/jornalfatosenoticias.com.br\/wp-content\/uploads\/2025\/05\/EU_portal.jpg\",\"contentUrl\":\"https:\/\/jornalfatosenoticias.com.br\/wp-content\/uploads\/2025\/05\/EU_portal.jpg\",\"caption\":\"Luzimara Fernandes\"},\"description\":\"Jornalista MTB 2358-ES\",\"sameAs\":[\"https:\/\/jornalfatosenoticias.com.br\"],\"url\":\"https:\/\/jornalfatosenoticias.com.br\/index.php\/author\/luzimara\/\"}]}<\/script>\n<!-- \/ Yoast SEO plugin. -->","yoast_head_json":{"title":"PL da Anistia livra Bolsonaro de acusa\u00e7\u00e3o de golpe e esvazia poder de Moraes - Jornal Fatos e Not\u00edcias","robots":{"index":"index","follow":"follow","max-snippet":"max-snippet:-1","max-image-preview":"max-image-preview:large","max-video-preview":"max-video-preview:-1"},"canonical":"https:\/\/jornalfatosenoticias.com.br\/index.php\/2024\/09\/13\/pl-da-anistia-livra-bolsonaro-de-acusacao-de-golpe-e-esvazia-poder-de-moraes\/","og_locale":"pt_BR","og_type":"article","og_title":"PL da Anistia livra Bolsonaro de acusa\u00e7\u00e3o de golpe e esvazia poder de Moraes - Jornal Fatos e Not\u00edcias","og_description":"Jair Bolsonaro e Alexandre de Moraes se cumprimentam Por Renan Ramalho e Aline Rechmann O projeto de lei que prop\u00f5e a anistia para os manifestantes envolvidos no 8 de janeiro poder\u00e1, se aprovado, livrar o ex-presidente Jair Bolsonaro (PL) de uma den\u00fancia e condena\u00e7\u00e3o por suposta autoria intelectual do ato, que resultou na invas\u00e3o e [&hellip;]","og_url":"https:\/\/jornalfatosenoticias.com.br\/index.php\/2024\/09\/13\/pl-da-anistia-livra-bolsonaro-de-acusacao-de-golpe-e-esvazia-poder-de-moraes\/","og_site_name":"Jornal Fatos e Not\u00edcias","article_published_time":"2024-09-13T18:39:27+00:00","article_modified_time":"2024-09-13T18:39:28+00:00","og_image":[{"width":612,"height":403,"url":"https:\/\/jornalfatosenoticias.com.br\/wp-content\/uploads\/2024\/09\/bolsonaro-e-cabeca-de-ovo_gettyimages.jpg","type":"image\/jpeg"}],"author":"Luzimara Fernandes","twitter_card":"summary_large_image","twitter_misc":{"Escrito por":"Luzimara Fernandes","Est. tempo de leitura":"7 minutos"},"schema":{"@context":"https:\/\/schema.org","@graph":[{"@type":"Article","@id":"https:\/\/jornalfatosenoticias.com.br\/index.php\/2024\/09\/13\/pl-da-anistia-livra-bolsonaro-de-acusacao-de-golpe-e-esvazia-poder-de-moraes\/#article","isPartOf":{"@id":"https:\/\/jornalfatosenoticias.com.br\/index.php\/2024\/09\/13\/pl-da-anistia-livra-bolsonaro-de-acusacao-de-golpe-e-esvazia-poder-de-moraes\/"},"author":{"name":"Luzimara Fernandes","@id":"https:\/\/jornalfatosenoticias.com.br\/#\/schema\/person\/d63837fa13ac8666eb9e74e0985d6f81"},"headline":"PL da Anistia livra Bolsonaro de acusa\u00e7\u00e3o de golpe e esvazia poder de Moraes","datePublished":"2024-09-13T18:39:27+00:00","dateModified":"2024-09-13T18:39:28+00:00","mainEntityOfPage":{"@id":"https:\/\/jornalfatosenoticias.com.br\/index.php\/2024\/09\/13\/pl-da-anistia-livra-bolsonaro-de-acusacao-de-golpe-e-esvazia-poder-de-moraes\/"},"wordCount":1472,"commentCount":0,"publisher":{"@id":"https:\/\/jornalfatosenoticias.com.br\/#organization"},"image":{"@id":"https:\/\/jornalfatosenoticias.com.br\/index.php\/2024\/09\/13\/pl-da-anistia-livra-bolsonaro-de-acusacao-de-golpe-e-esvazia-poder-de-moraes\/#primaryimage"},"thumbnailUrl":"https:\/\/jornalfatosenoticias.com.br\/wp-content\/uploads\/2024\/09\/bolsonaro-e-cabeca-de-ovo_gettyimages.jpg","keywords":["8 de janeiro","Alexandre de Moraes","Jair Bolsonaro","Judici\u00e1rio","liberdade de express\u00e3o","perd\u00e3o judicial","PL da Anistia","redes sociais","STF","TSE"],"articleSection":["Pol\u00edtica"],"inLanguage":"pt-BR","potentialAction":[{"@type":"CommentAction","name":"Comment","target":["https:\/\/jornalfatosenoticias.com.br\/index.php\/2024\/09\/13\/pl-da-anistia-livra-bolsonaro-de-acusacao-de-golpe-e-esvazia-poder-de-moraes\/#respond"]}]},{"@type":"WebPage","@id":"https:\/\/jornalfatosenoticias.com.br\/index.php\/2024\/09\/13\/pl-da-anistia-livra-bolsonaro-de-acusacao-de-golpe-e-esvazia-poder-de-moraes\/","url":"https:\/\/jornalfatosenoticias.com.br\/index.php\/2024\/09\/13\/pl-da-anistia-livra-bolsonaro-de-acusacao-de-golpe-e-esvazia-poder-de-moraes\/","name":"PL da Anistia livra Bolsonaro de acusa\u00e7\u00e3o de golpe e esvazia poder de Moraes - Jornal Fatos e Not\u00edcias","isPartOf":{"@id":"https:\/\/jornalfatosenoticias.com.br\/#website"},"primaryImageOfPage":{"@id":"https:\/\/jornalfatosenoticias.com.br\/index.php\/2024\/09\/13\/pl-da-anistia-livra-bolsonaro-de-acusacao-de-golpe-e-esvazia-poder-de-moraes\/#primaryimage"},"image":{"@id":"https:\/\/jornalfatosenoticias.com.br\/index.php\/2024\/09\/13\/pl-da-anistia-livra-bolsonaro-de-acusacao-de-golpe-e-esvazia-poder-de-moraes\/#primaryimage"},"thumbnailUrl":"https:\/\/jornalfatosenoticias.com.br\/wp-content\/uploads\/2024\/09\/bolsonaro-e-cabeca-de-ovo_gettyimages.jpg","datePublished":"2024-09-13T18:39:27+00:00","dateModified":"2024-09-13T18:39:28+00:00","breadcrumb":{"@id":"https:\/\/jornalfatosenoticias.com.br\/index.php\/2024\/09\/13\/pl-da-anistia-livra-bolsonaro-de-acusacao-de-golpe-e-esvazia-poder-de-moraes\/#breadcrumb"},"inLanguage":"pt-BR","potentialAction":[{"@type":"ReadAction","target":["https:\/\/jornalfatosenoticias.com.br\/index.php\/2024\/09\/13\/pl-da-anistia-livra-bolsonaro-de-acusacao-de-golpe-e-esvazia-poder-de-moraes\/"]}]},{"@type":"ImageObject","inLanguage":"pt-BR","@id":"https:\/\/jornalfatosenoticias.com.br\/index.php\/2024\/09\/13\/pl-da-anistia-livra-bolsonaro-de-acusacao-de-golpe-e-esvazia-poder-de-moraes\/#primaryimage","url":"https:\/\/jornalfatosenoticias.com.br\/wp-content\/uploads\/2024\/09\/bolsonaro-e-cabeca-de-ovo_gettyimages.jpg","contentUrl":"https:\/\/jornalfatosenoticias.com.br\/wp-content\/uploads\/2024\/09\/bolsonaro-e-cabeca-de-ovo_gettyimages.jpg","width":612,"height":403,"caption":"Brazil's President Jair Bolsonaro (L) shakes hands with Judge Alexandre de Moraes during an inauguration ceremony of new judges of the Superior Labor Court in Brasilia, on May 19, 2022. (Photo by Sergio Lima \/ AFP) (Photo by SERGIO LIMA\/AFP via Getty Images)"},{"@type":"BreadcrumbList","@id":"https:\/\/jornalfatosenoticias.com.br\/index.php\/2024\/09\/13\/pl-da-anistia-livra-bolsonaro-de-acusacao-de-golpe-e-esvazia-poder-de-moraes\/#breadcrumb","itemListElement":[{"@type":"ListItem","position":1,"name":"In\u00edcio","item":"https:\/\/jornalfatosenoticias.com.br\/"},{"@type":"ListItem","position":2,"name":"PL da Anistia livra Bolsonaro de acusa\u00e7\u00e3o de golpe e esvazia poder de Moraes"}]},{"@type":"WebSite","@id":"https:\/\/jornalfatosenoticias.com.br\/#website","url":"https:\/\/jornalfatosenoticias.com.br\/","name":"Jornal Fatos e Not\u00edcias","description":"Not\u00edcias em geral","publisher":{"@id":"https:\/\/jornalfatosenoticias.com.br\/#organization"},"potentialAction":[{"@type":"SearchAction","target":{"@type":"EntryPoint","urlTemplate":"https:\/\/jornalfatosenoticias.com.br\/?s={search_term_string}"},"query-input":{"@type":"PropertyValueSpecification","valueRequired":true,"valueName":"search_term_string"}}],"inLanguage":"pt-BR"},{"@type":"Organization","@id":"https:\/\/jornalfatosenoticias.com.br\/#organization","name":"Jornal Fatos e Not\u00edcias","url":"https:\/\/jornalfatosenoticias.com.br\/","logo":{"@type":"ImageObject","inLanguage":"pt-BR","@id":"https:\/\/jornalfatosenoticias.com.br\/#\/schema\/logo\/image\/","url":"https:\/\/jornalfatosenoticias.com.br\/wp-content\/uploads\/2020\/02\/logo120.png","contentUrl":"https:\/\/jornalfatosenoticias.com.br\/wp-content\/uploads\/2020\/02\/logo120.png","width":1227,"height":120,"caption":"Jornal Fatos e Not\u00edcias"},"image":{"@id":"https:\/\/jornalfatosenoticias.com.br\/#\/schema\/logo\/image\/"}},{"@type":"Person","@id":"https:\/\/jornalfatosenoticias.com.br\/#\/schema\/person\/d63837fa13ac8666eb9e74e0985d6f81","name":"Luzimara Fernandes","image":{"@type":"ImageObject","inLanguage":"pt-BR","@id":"https:\/\/jornalfatosenoticias.com.br\/#\/schema\/person\/image\/","url":"https:\/\/jornalfatosenoticias.com.br\/wp-content\/uploads\/2025\/05\/EU_portal.jpg","contentUrl":"https:\/\/jornalfatosenoticias.com.br\/wp-content\/uploads\/2025\/05\/EU_portal.jpg","caption":"Luzimara Fernandes"},"description":"Jornalista MTB 2358-ES","sameAs":["https:\/\/jornalfatosenoticias.com.br"],"url":"https:\/\/jornalfatosenoticias.com.br\/index.php\/author\/luzimara\/"}]}},"cc_featured_image_caption":{"caption_text":"","source_text":"","source_url":""},"jetpack_featured_media_url":"https:\/\/jornalfatosenoticias.com.br\/wp-content\/uploads\/2024\/09\/bolsonaro-e-cabeca-de-ovo_gettyimages.jpg","_links":{"self":[{"href":"https:\/\/jornalfatosenoticias.com.br\/index.php\/wp-json\/wp\/v2\/posts\/54176","targetHints":{"allow":["GET"]}}],"collection":[{"href":"https:\/\/jornalfatosenoticias.com.br\/index.php\/wp-json\/wp\/v2\/posts"}],"about":[{"href":"https:\/\/jornalfatosenoticias.com.br\/index.php\/wp-json\/wp\/v2\/types\/post"}],"author":[{"embeddable":true,"href":"https:\/\/jornalfatosenoticias.com.br\/index.php\/wp-json\/wp\/v2\/users\/2"}],"replies":[{"embeddable":true,"href":"https:\/\/jornalfatosenoticias.com.br\/index.php\/wp-json\/wp\/v2\/comments?post=54176"}],"version-history":[{"count":0,"href":"https:\/\/jornalfatosenoticias.com.br\/index.php\/wp-json\/wp\/v2\/posts\/54176\/revisions"}],"wp:featuredmedia":[{"embeddable":true,"href":"https:\/\/jornalfatosenoticias.com.br\/index.php\/wp-json\/wp\/v2\/media\/54177"}],"wp:attachment":[{"href":"https:\/\/jornalfatosenoticias.com.br\/index.php\/wp-json\/wp\/v2\/media?parent=54176"}],"wp:term":[{"taxonomy":"category","embeddable":true,"href":"https:\/\/jornalfatosenoticias.com.br\/index.php\/wp-json\/wp\/v2\/categories?post=54176"},{"taxonomy":"post_tag","embeddable":true,"href":"https:\/\/jornalfatosenoticias.com.br\/index.php\/wp-json\/wp\/v2\/tags?post=54176"}],"curies":[{"name":"wp","href":"https:\/\/api.w.org\/{rel}","templated":true}]}}