{"id":54183,"date":"2024-09-16T11:06:28","date_gmt":"2024-09-16T14:06:28","guid":{"rendered":"https:\/\/jornalfatosenoticias.com.br\/?p=54183"},"modified":"2024-09-16T11:06:29","modified_gmt":"2024-09-16T14:06:29","slug":"devocional-do-dia-nao-ambicioneis-coisas-altas-mas-acomodai-vos-as-humildes","status":"publish","type":"post","link":"https:\/\/jornalfatosenoticias.com.br\/index.php\/2024\/09\/16\/devocional-do-dia-nao-ambicioneis-coisas-altas-mas-acomodai-vos-as-humildes\/","title":{"rendered":"Devocional do Dia \u2014 n\u00e3o ambicioneis coisas altas, mas acomodai-vos \u00e0s humildes"},"content":{"rendered":"\n<p><em><span class=\"has-inline-color has-black-color\">&#8216;Sedes un\u00e2nimes entre v\u00f3s; n\u00e3o ambicioneis coisas altas, mas acomodai-vos \u00e0s humildes; n\u00e3o sejais s\u00e1bios em v\u00f3s mesmos&#8217;, Romanos 12:16<\/span><\/em><\/p>\n\n\n\n<p><span class=\"has-inline-color has-black-color\">Por<\/span>\u00a0<strong><a href=\"https:\/\/jornalfatosenoticias.com.br\/index.php\/2024\/06\/03\/devocional-do-dia-espirito-x-carne\/\">Pastora Luciene da Silva Cordeiro<\/a><\/strong><\/p>\n\n\n\n<div class=\"wp-block-image\"><figure class=\"aligncenter size-large\"><a href=\"https:\/\/mizu.com.br\/\"><img loading=\"lazy\" decoding=\"async\" width=\"729\" height=\"90\" src=\"https:\/\/jornalfatosenoticias.com.br\/wp-content\/uploads\/2020\/02\/Logo_Mizu.png\" alt=\"\" class=\"wp-image-1441\" srcset=\"https:\/\/jornalfatosenoticias.com.br\/wp-content\/uploads\/2020\/02\/Logo_Mizu.png 729w, https:\/\/jornalfatosenoticias.com.br\/wp-content\/uploads\/2020\/02\/Logo_Mizu-300x37.png 300w\" sizes=\"auto, (max-width: 729px) 100vw, 729px\" \/><\/a><\/figure><\/div>\n\n\n\n<p>Aquele que muito quer, nada tem. Quando desejamos coisas altas demais corremos o risco de n\u00e3o alcan\u00e7\u00e1-las e, depois, sofrer com o sentimento de incapacidade e frustra\u00e7\u00e3o. Muitas vezes buscamos gl\u00f3ria e reconhecimento para n\u00f3s mesmos, mas n\u00e3o \u00e9 essa a recomenda\u00e7\u00e3o b\u00edblica. Deus quer que estejamos satisfeitos com as coisas humildes, e caso Ele achar que conv\u00e9m, nos dar\u00e1 as coisas grandes para que Seu nome seja glorificado.<br>ORA\u00c7\u00c3O: Pai maravilhoso, ensina-me a estar satisfeito com o que possuo, com a vida que o Senhor me deu, com o lugar que o Senhor me colocou. Ensina-me a n\u00e3o buscar a gl\u00f3ria para mim mesmo. Conv\u00e9m que eu diminua e o Senhor cres\u00e7a em minha vida. Em nome de Jesus. Am\u00e9m!<br>Baixe voc\u00ea tamb\u00e9m a B\u00edblia Sagrada do Crist\u00e3o\u00a0<strong><a href=\"https:\/\/play.google.com\/store\/apps\/details?id=com.harpacristagratuitaportuguesbrmasterfiveapps\">https:\/\/goo.gl\/2icbB6<\/a><\/strong>.<\/p>\n\n\n\n<div class=\"wp-block-image\"><figure class=\"aligncenter size-large is-resized\"><img loading=\"lazy\" decoding=\"async\" src=\"https:\/\/jornalfatosenoticias.com.br\/wp-content\/uploads\/2023\/08\/ITH.jpeg\" alt=\"\" class=\"wp-image-44638\" width=\"302\" height=\"245\" srcset=\"https:\/\/jornalfatosenoticias.com.br\/wp-content\/uploads\/2023\/08\/ITH.jpeg 800w, https:\/\/jornalfatosenoticias.com.br\/wp-content\/uploads\/2023\/08\/ITH-300x244.jpeg 300w, https:\/\/jornalfatosenoticias.com.br\/wp-content\/uploads\/2023\/08\/ITH-768x624.jpeg 768w\" sizes=\"auto, (max-width: 302px) 100vw, 302px\" \/><\/figure><\/div>\n\n\n\n<p><strong><span class=\"has-inline-color has-black-color\">Pastora Luciene da Silva Cordeiro<br><\/span><\/strong><em><span class=\"has-inline-color has-black-color\">Igreja Minist\u00e9rio Mission\u00e1rio de Intercess\u00e3o a Servi\u00e7o do Reino de Deus<\/span><\/em><\/p>\n","protected":false},"excerpt":{"rendered":"<p>&#8216;Sedes un\u00e2nimes entre v\u00f3s; n\u00e3o ambicioneis coisas altas, mas acomodai-vos \u00e0s humildes; n\u00e3o sejais s\u00e1bios em v\u00f3s mesmos&#8217;, Romanos 12:16 Por\u00a0Pastora Luciene da Silva Cordeiro Aquele que muito quer, nada tem. Quando desejamos coisas altas demais corremos o risco de n\u00e3o alcan\u00e7\u00e1-las e, depois, sofrer com o sentimento de incapacidade e frustra\u00e7\u00e3o. Muitas vezes buscamos [&hellip;]<\/p>\n","protected":false},"author":2,"featured_media":54184,"comment_status":"open","ping_status":"open","sticky":false,"template":"","format":"standard","meta":{"footnotes":""},"categories":[21140],"tags":[24690,24689,8270],"class_list":["post-54183","post","type-post","status-publish","format-standard","has-post-thumbnail","hentry","category-religiao","tag-ambicao","tag-humildade","tag-sabios"],"yoast_head":"<!-- This site is optimized with the Yoast SEO plugin v26.5 - https:\/\/yoast.com\/wordpress\/plugins\/seo\/ -->\n<title>Devocional do Dia \u2014 n\u00e3o ambicioneis coisas altas, mas acomodai-vos \u00e0s humildes - Jornal Fatos e Not\u00edcias<\/title>\n<meta name=\"robots\" content=\"index, follow, max-snippet:-1, max-image-preview:large, max-video-preview:-1\" \/>\n<link rel=\"canonical\" href=\"https:\/\/jornalfatosenoticias.com.br\/index.php\/2024\/09\/16\/devocional-do-dia-nao-ambicioneis-coisas-altas-mas-acomodai-vos-as-humildes\/\" \/>\n<meta property=\"og:locale\" content=\"pt_BR\" \/>\n<meta property=\"og:type\" content=\"article\" \/>\n<meta property=\"og:title\" content=\"Devocional do Dia \u2014 n\u00e3o ambicioneis coisas altas, mas acomodai-vos \u00e0s humildes - Jornal Fatos e Not\u00edcias\" \/>\n<meta property=\"og:description\" content=\"&#8216;Sedes un\u00e2nimes entre v\u00f3s; n\u00e3o ambicioneis coisas altas, mas acomodai-vos \u00e0s humildes; n\u00e3o sejais s\u00e1bios em v\u00f3s mesmos&#8217;, Romanos 12:16 Por\u00a0Pastora Luciene da Silva Cordeiro Aquele que muito quer, nada tem. Quando desejamos coisas altas demais corremos o risco de n\u00e3o alcan\u00e7\u00e1-las e, depois, sofrer com o sentimento de incapacidade e frustra\u00e7\u00e3o. Muitas vezes buscamos [&hellip;]\" \/>\n<meta property=\"og:url\" content=\"https:\/\/jornalfatosenoticias.com.br\/index.php\/2024\/09\/16\/devocional-do-dia-nao-ambicioneis-coisas-altas-mas-acomodai-vos-as-humildes\/\" \/>\n<meta property=\"og:site_name\" content=\"Jornal Fatos e Not\u00edcias\" \/>\n<meta property=\"article:published_time\" content=\"2024-09-16T14:06:28+00:00\" \/>\n<meta property=\"article:modified_time\" content=\"2024-09-16T14:06:29+00:00\" \/>\n<meta property=\"og:image\" content=\"https:\/\/jornalfatosenoticias.com.br\/wp-content\/uploads\/2024\/09\/humildade_pinterest.jpg\" \/>\n\t<meta property=\"og:image:width\" content=\"516\" \/>\n\t<meta property=\"og:image:height\" content=\"428\" \/>\n\t<meta property=\"og:image:type\" content=\"image\/jpeg\" \/>\n<meta name=\"author\" content=\"Luzimara Fernandes\" \/>\n<meta name=\"twitter:card\" content=\"summary_large_image\" \/>\n<meta name=\"twitter:label1\" content=\"Escrito por\" \/>\n\t<meta name=\"twitter:data1\" content=\"Luzimara Fernandes\" \/>\n\t<meta name=\"twitter:label2\" content=\"Est. tempo de leitura\" \/>\n\t<meta name=\"twitter:data2\" content=\"1 minuto\" \/>\n<script type=\"application\/ld+json\" class=\"yoast-schema-graph\">{\"@context\":\"https:\/\/schema.org\",\"@graph\":[{\"@type\":\"Article\",\"@id\":\"https:\/\/jornalfatosenoticias.com.br\/index.php\/2024\/09\/16\/devocional-do-dia-nao-ambicioneis-coisas-altas-mas-acomodai-vos-as-humildes\/#article\",\"isPartOf\":{\"@id\":\"https:\/\/jornalfatosenoticias.com.br\/index.php\/2024\/09\/16\/devocional-do-dia-nao-ambicioneis-coisas-altas-mas-acomodai-vos-as-humildes\/\"},\"author\":{\"name\":\"Luzimara Fernandes\",\"@id\":\"https:\/\/jornalfatosenoticias.com.br\/#\/schema\/person\/d63837fa13ac8666eb9e74e0985d6f81\"},\"headline\":\"Devocional do Dia \u2014 n\u00e3o ambicioneis coisas altas, mas acomodai-vos \u00e0s humildes\",\"datePublished\":\"2024-09-16T14:06:28+00:00\",\"dateModified\":\"2024-09-16T14:06:29+00:00\",\"mainEntityOfPage\":{\"@id\":\"https:\/\/jornalfatosenoticias.com.br\/index.php\/2024\/09\/16\/devocional-do-dia-nao-ambicioneis-coisas-altas-mas-acomodai-vos-as-humildes\/\"},\"wordCount\":213,\"commentCount\":0,\"publisher\":{\"@id\":\"https:\/\/jornalfatosenoticias.com.br\/#organization\"},\"image\":{\"@id\":\"https:\/\/jornalfatosenoticias.com.br\/index.php\/2024\/09\/16\/devocional-do-dia-nao-ambicioneis-coisas-altas-mas-acomodai-vos-as-humildes\/#primaryimage\"},\"thumbnailUrl\":\"https:\/\/jornalfatosenoticias.com.br\/wp-content\/uploads\/2024\/09\/humildade_pinterest.jpg\",\"keywords\":[\"ambi\u00e7\u00e3o\",\"humildade\",\"s\u00e1bios\"],\"articleSection\":[\"Religi\u00e3o\"],\"inLanguage\":\"pt-BR\",\"potentialAction\":[{\"@type\":\"CommentAction\",\"name\":\"Comment\",\"target\":[\"https:\/\/jornalfatosenoticias.com.br\/index.php\/2024\/09\/16\/devocional-do-dia-nao-ambicioneis-coisas-altas-mas-acomodai-vos-as-humildes\/#respond\"]}]},{\"@type\":\"WebPage\",\"@id\":\"https:\/\/jornalfatosenoticias.com.br\/index.php\/2024\/09\/16\/devocional-do-dia-nao-ambicioneis-coisas-altas-mas-acomodai-vos-as-humildes\/\",\"url\":\"https:\/\/jornalfatosenoticias.com.br\/index.php\/2024\/09\/16\/devocional-do-dia-nao-ambicioneis-coisas-altas-mas-acomodai-vos-as-humildes\/\",\"name\":\"Devocional do Dia \u2014 n\u00e3o ambicioneis coisas altas, mas acomodai-vos \u00e0s humildes - Jornal Fatos e Not\u00edcias\",\"isPartOf\":{\"@id\":\"https:\/\/jornalfatosenoticias.com.br\/#website\"},\"primaryImageOfPage\":{\"@id\":\"https:\/\/jornalfatosenoticias.com.br\/index.php\/2024\/09\/16\/devocional-do-dia-nao-ambicioneis-coisas-altas-mas-acomodai-vos-as-humildes\/#primaryimage\"},\"image\":{\"@id\":\"https:\/\/jornalfatosenoticias.com.br\/index.php\/2024\/09\/16\/devocional-do-dia-nao-ambicioneis-coisas-altas-mas-acomodai-vos-as-humildes\/#primaryimage\"},\"thumbnailUrl\":\"https:\/\/jornalfatosenoticias.com.br\/wp-content\/uploads\/2024\/09\/humildade_pinterest.jpg\",\"datePublished\":\"2024-09-16T14:06:28+00:00\",\"dateModified\":\"2024-09-16T14:06:29+00:00\",\"breadcrumb\":{\"@id\":\"https:\/\/jornalfatosenoticias.com.br\/index.php\/2024\/09\/16\/devocional-do-dia-nao-ambicioneis-coisas-altas-mas-acomodai-vos-as-humildes\/#breadcrumb\"},\"inLanguage\":\"pt-BR\",\"potentialAction\":[{\"@type\":\"ReadAction\",\"target\":[\"https:\/\/jornalfatosenoticias.com.br\/index.php\/2024\/09\/16\/devocional-do-dia-nao-ambicioneis-coisas-altas-mas-acomodai-vos-as-humildes\/\"]}]},{\"@type\":\"ImageObject\",\"inLanguage\":\"pt-BR\",\"@id\":\"https:\/\/jornalfatosenoticias.com.br\/index.php\/2024\/09\/16\/devocional-do-dia-nao-ambicioneis-coisas-altas-mas-acomodai-vos-as-humildes\/#primaryimage\",\"url\":\"https:\/\/jornalfatosenoticias.com.br\/wp-content\/uploads\/2024\/09\/humildade_pinterest.jpg\",\"contentUrl\":\"https:\/\/jornalfatosenoticias.com.br\/wp-content\/uploads\/2024\/09\/humildade_pinterest.jpg\",\"width\":516,\"height\":428},{\"@type\":\"BreadcrumbList\",\"@id\":\"https:\/\/jornalfatosenoticias.com.br\/index.php\/2024\/09\/16\/devocional-do-dia-nao-ambicioneis-coisas-altas-mas-acomodai-vos-as-humildes\/#breadcrumb\",\"itemListElement\":[{\"@type\":\"ListItem\",\"position\":1,\"name\":\"In\u00edcio\",\"item\":\"https:\/\/jornalfatosenoticias.com.br\/\"},{\"@type\":\"ListItem\",\"position\":2,\"name\":\"Devocional do Dia \u2014 n\u00e3o ambicioneis coisas altas, mas acomodai-vos \u00e0s humildes\"}]},{\"@type\":\"WebSite\",\"@id\":\"https:\/\/jornalfatosenoticias.com.br\/#website\",\"url\":\"https:\/\/jornalfatosenoticias.com.br\/\",\"name\":\"Jornal Fatos e Not\u00edcias\",\"description\":\"Not\u00edcias em geral\",\"publisher\":{\"@id\":\"https:\/\/jornalfatosenoticias.com.br\/#organization\"},\"potentialAction\":[{\"@type\":\"SearchAction\",\"target\":{\"@type\":\"EntryPoint\",\"urlTemplate\":\"https:\/\/jornalfatosenoticias.com.br\/?s={search_term_string}\"},\"query-input\":{\"@type\":\"PropertyValueSpecification\",\"valueRequired\":true,\"valueName\":\"search_term_string\"}}],\"inLanguage\":\"pt-BR\"},{\"@type\":\"Organization\",\"@id\":\"https:\/\/jornalfatosenoticias.com.br\/#organization\",\"name\":\"Jornal Fatos e Not\u00edcias\",\"url\":\"https:\/\/jornalfatosenoticias.com.br\/\",\"logo\":{\"@type\":\"ImageObject\",\"inLanguage\":\"pt-BR\",\"@id\":\"https:\/\/jornalfatosenoticias.com.br\/#\/schema\/logo\/image\/\",\"url\":\"https:\/\/jornalfatosenoticias.com.br\/wp-content\/uploads\/2020\/02\/logo120.png\",\"contentUrl\":\"https:\/\/jornalfatosenoticias.com.br\/wp-content\/uploads\/2020\/02\/logo120.png\",\"width\":1227,\"height\":120,\"caption\":\"Jornal Fatos e Not\u00edcias\"},\"image\":{\"@id\":\"https:\/\/jornalfatosenoticias.com.br\/#\/schema\/logo\/image\/\"}},{\"@type\":\"Person\",\"@id\":\"https:\/\/jornalfatosenoticias.com.br\/#\/schema\/person\/d63837fa13ac8666eb9e74e0985d6f81\",\"name\":\"Luzimara Fernandes\",\"image\":{\"@type\":\"ImageObject\",\"inLanguage\":\"pt-BR\",\"@id\":\"https:\/\/jornalfatosenoticias.com.br\/#\/schema\/person\/image\/\",\"url\":\"https:\/\/jornalfatosenoticias.com.br\/wp-content\/uploads\/2025\/05\/EU_portal.jpg\",\"contentUrl\":\"https:\/\/jornalfatosenoticias.com.br\/wp-content\/uploads\/2025\/05\/EU_portal.jpg\",\"caption\":\"Luzimara Fernandes\"},\"description\":\"Jornalista MTB 2358-ES\",\"sameAs\":[\"https:\/\/jornalfatosenoticias.com.br\"],\"url\":\"https:\/\/jornalfatosenoticias.com.br\/index.php\/author\/luzimara\/\"}]}<\/script>\n<!-- \/ Yoast SEO plugin. -->","yoast_head_json":{"title":"Devocional do Dia \u2014 n\u00e3o ambicioneis coisas altas, mas acomodai-vos \u00e0s humildes - Jornal Fatos e Not\u00edcias","robots":{"index":"index","follow":"follow","max-snippet":"max-snippet:-1","max-image-preview":"max-image-preview:large","max-video-preview":"max-video-preview:-1"},"canonical":"https:\/\/jornalfatosenoticias.com.br\/index.php\/2024\/09\/16\/devocional-do-dia-nao-ambicioneis-coisas-altas-mas-acomodai-vos-as-humildes\/","og_locale":"pt_BR","og_type":"article","og_title":"Devocional do Dia \u2014 n\u00e3o ambicioneis coisas altas, mas acomodai-vos \u00e0s humildes - Jornal Fatos e Not\u00edcias","og_description":"&#8216;Sedes un\u00e2nimes entre v\u00f3s; n\u00e3o ambicioneis coisas altas, mas acomodai-vos \u00e0s humildes; n\u00e3o sejais s\u00e1bios em v\u00f3s mesmos&#8217;, Romanos 12:16 Por\u00a0Pastora Luciene da Silva Cordeiro Aquele que muito quer, nada tem. Quando desejamos coisas altas demais corremos o risco de n\u00e3o alcan\u00e7\u00e1-las e, depois, sofrer com o sentimento de incapacidade e frustra\u00e7\u00e3o. Muitas vezes buscamos [&hellip;]","og_url":"https:\/\/jornalfatosenoticias.com.br\/index.php\/2024\/09\/16\/devocional-do-dia-nao-ambicioneis-coisas-altas-mas-acomodai-vos-as-humildes\/","og_site_name":"Jornal Fatos e Not\u00edcias","article_published_time":"2024-09-16T14:06:28+00:00","article_modified_time":"2024-09-16T14:06:29+00:00","og_image":[{"width":516,"height":428,"url":"https:\/\/jornalfatosenoticias.com.br\/wp-content\/uploads\/2024\/09\/humildade_pinterest.jpg","type":"image\/jpeg"}],"author":"Luzimara Fernandes","twitter_card":"summary_large_image","twitter_misc":{"Escrito por":"Luzimara Fernandes","Est. tempo de leitura":"1 minuto"},"schema":{"@context":"https:\/\/schema.org","@graph":[{"@type":"Article","@id":"https:\/\/jornalfatosenoticias.com.br\/index.php\/2024\/09\/16\/devocional-do-dia-nao-ambicioneis-coisas-altas-mas-acomodai-vos-as-humildes\/#article","isPartOf":{"@id":"https:\/\/jornalfatosenoticias.com.br\/index.php\/2024\/09\/16\/devocional-do-dia-nao-ambicioneis-coisas-altas-mas-acomodai-vos-as-humildes\/"},"author":{"name":"Luzimara Fernandes","@id":"https:\/\/jornalfatosenoticias.com.br\/#\/schema\/person\/d63837fa13ac8666eb9e74e0985d6f81"},"headline":"Devocional do Dia \u2014 n\u00e3o ambicioneis coisas altas, mas acomodai-vos \u00e0s humildes","datePublished":"2024-09-16T14:06:28+00:00","dateModified":"2024-09-16T14:06:29+00:00","mainEntityOfPage":{"@id":"https:\/\/jornalfatosenoticias.com.br\/index.php\/2024\/09\/16\/devocional-do-dia-nao-ambicioneis-coisas-altas-mas-acomodai-vos-as-humildes\/"},"wordCount":213,"commentCount":0,"publisher":{"@id":"https:\/\/jornalfatosenoticias.com.br\/#organization"},"image":{"@id":"https:\/\/jornalfatosenoticias.com.br\/index.php\/2024\/09\/16\/devocional-do-dia-nao-ambicioneis-coisas-altas-mas-acomodai-vos-as-humildes\/#primaryimage"},"thumbnailUrl":"https:\/\/jornalfatosenoticias.com.br\/wp-content\/uploads\/2024\/09\/humildade_pinterest.jpg","keywords":["ambi\u00e7\u00e3o","humildade","s\u00e1bios"],"articleSection":["Religi\u00e3o"],"inLanguage":"pt-BR","potentialAction":[{"@type":"CommentAction","name":"Comment","target":["https:\/\/jornalfatosenoticias.com.br\/index.php\/2024\/09\/16\/devocional-do-dia-nao-ambicioneis-coisas-altas-mas-acomodai-vos-as-humildes\/#respond"]}]},{"@type":"WebPage","@id":"https:\/\/jornalfatosenoticias.com.br\/index.php\/2024\/09\/16\/devocional-do-dia-nao-ambicioneis-coisas-altas-mas-acomodai-vos-as-humildes\/","url":"https:\/\/jornalfatosenoticias.com.br\/index.php\/2024\/09\/16\/devocional-do-dia-nao-ambicioneis-coisas-altas-mas-acomodai-vos-as-humildes\/","name":"Devocional do Dia \u2014 n\u00e3o ambicioneis coisas altas, mas acomodai-vos \u00e0s humildes - Jornal Fatos e Not\u00edcias","isPartOf":{"@id":"https:\/\/jornalfatosenoticias.com.br\/#website"},"primaryImageOfPage":{"@id":"https:\/\/jornalfatosenoticias.com.br\/index.php\/2024\/09\/16\/devocional-do-dia-nao-ambicioneis-coisas-altas-mas-acomodai-vos-as-humildes\/#primaryimage"},"image":{"@id":"https:\/\/jornalfatosenoticias.com.br\/index.php\/2024\/09\/16\/devocional-do-dia-nao-ambicioneis-coisas-altas-mas-acomodai-vos-as-humildes\/#primaryimage"},"thumbnailUrl":"https:\/\/jornalfatosenoticias.com.br\/wp-content\/uploads\/2024\/09\/humildade_pinterest.jpg","datePublished":"2024-09-16T14:06:28+00:00","dateModified":"2024-09-16T14:06:29+00:00","breadcrumb":{"@id":"https:\/\/jornalfatosenoticias.com.br\/index.php\/2024\/09\/16\/devocional-do-dia-nao-ambicioneis-coisas-altas-mas-acomodai-vos-as-humildes\/#breadcrumb"},"inLanguage":"pt-BR","potentialAction":[{"@type":"ReadAction","target":["https:\/\/jornalfatosenoticias.com.br\/index.php\/2024\/09\/16\/devocional-do-dia-nao-ambicioneis-coisas-altas-mas-acomodai-vos-as-humildes\/"]}]},{"@type":"ImageObject","inLanguage":"pt-BR","@id":"https:\/\/jornalfatosenoticias.com.br\/index.php\/2024\/09\/16\/devocional-do-dia-nao-ambicioneis-coisas-altas-mas-acomodai-vos-as-humildes\/#primaryimage","url":"https:\/\/jornalfatosenoticias.com.br\/wp-content\/uploads\/2024\/09\/humildade_pinterest.jpg","contentUrl":"https:\/\/jornalfatosenoticias.com.br\/wp-content\/uploads\/2024\/09\/humildade_pinterest.jpg","width":516,"height":428},{"@type":"BreadcrumbList","@id":"https:\/\/jornalfatosenoticias.com.br\/index.php\/2024\/09\/16\/devocional-do-dia-nao-ambicioneis-coisas-altas-mas-acomodai-vos-as-humildes\/#breadcrumb","itemListElement":[{"@type":"ListItem","position":1,"name":"In\u00edcio","item":"https:\/\/jornalfatosenoticias.com.br\/"},{"@type":"ListItem","position":2,"name":"Devocional do Dia \u2014 n\u00e3o ambicioneis coisas altas, mas acomodai-vos \u00e0s humildes"}]},{"@type":"WebSite","@id":"https:\/\/jornalfatosenoticias.com.br\/#website","url":"https:\/\/jornalfatosenoticias.com.br\/","name":"Jornal Fatos e Not\u00edcias","description":"Not\u00edcias em geral","publisher":{"@id":"https:\/\/jornalfatosenoticias.com.br\/#organization"},"potentialAction":[{"@type":"SearchAction","target":{"@type":"EntryPoint","urlTemplate":"https:\/\/jornalfatosenoticias.com.br\/?s={search_term_string}"},"query-input":{"@type":"PropertyValueSpecification","valueRequired":true,"valueName":"search_term_string"}}],"inLanguage":"pt-BR"},{"@type":"Organization","@id":"https:\/\/jornalfatosenoticias.com.br\/#organization","name":"Jornal Fatos e Not\u00edcias","url":"https:\/\/jornalfatosenoticias.com.br\/","logo":{"@type":"ImageObject","inLanguage":"pt-BR","@id":"https:\/\/jornalfatosenoticias.com.br\/#\/schema\/logo\/image\/","url":"https:\/\/jornalfatosenoticias.com.br\/wp-content\/uploads\/2020\/02\/logo120.png","contentUrl":"https:\/\/jornalfatosenoticias.com.br\/wp-content\/uploads\/2020\/02\/logo120.png","width":1227,"height":120,"caption":"Jornal Fatos e Not\u00edcias"},"image":{"@id":"https:\/\/jornalfatosenoticias.com.br\/#\/schema\/logo\/image\/"}},{"@type":"Person","@id":"https:\/\/jornalfatosenoticias.com.br\/#\/schema\/person\/d63837fa13ac8666eb9e74e0985d6f81","name":"Luzimara Fernandes","image":{"@type":"ImageObject","inLanguage":"pt-BR","@id":"https:\/\/jornalfatosenoticias.com.br\/#\/schema\/person\/image\/","url":"https:\/\/jornalfatosenoticias.com.br\/wp-content\/uploads\/2025\/05\/EU_portal.jpg","contentUrl":"https:\/\/jornalfatosenoticias.com.br\/wp-content\/uploads\/2025\/05\/EU_portal.jpg","caption":"Luzimara Fernandes"},"description":"Jornalista MTB 2358-ES","sameAs":["https:\/\/jornalfatosenoticias.com.br"],"url":"https:\/\/jornalfatosenoticias.com.br\/index.php\/author\/luzimara\/"}]}},"cc_featured_image_caption":{"caption_text":"(Foto: Pinterest) ","source_text":"","source_url":""},"jetpack_featured_media_url":"https:\/\/jornalfatosenoticias.com.br\/wp-content\/uploads\/2024\/09\/humildade_pinterest.jpg","_links":{"self":[{"href":"https:\/\/jornalfatosenoticias.com.br\/index.php\/wp-json\/wp\/v2\/posts\/54183","targetHints":{"allow":["GET"]}}],"collection":[{"href":"https:\/\/jornalfatosenoticias.com.br\/index.php\/wp-json\/wp\/v2\/posts"}],"about":[{"href":"https:\/\/jornalfatosenoticias.com.br\/index.php\/wp-json\/wp\/v2\/types\/post"}],"author":[{"embeddable":true,"href":"https:\/\/jornalfatosenoticias.com.br\/index.php\/wp-json\/wp\/v2\/users\/2"}],"replies":[{"embeddable":true,"href":"https:\/\/jornalfatosenoticias.com.br\/index.php\/wp-json\/wp\/v2\/comments?post=54183"}],"version-history":[{"count":0,"href":"https:\/\/jornalfatosenoticias.com.br\/index.php\/wp-json\/wp\/v2\/posts\/54183\/revisions"}],"wp:featuredmedia":[{"embeddable":true,"href":"https:\/\/jornalfatosenoticias.com.br\/index.php\/wp-json\/wp\/v2\/media\/54184"}],"wp:attachment":[{"href":"https:\/\/jornalfatosenoticias.com.br\/index.php\/wp-json\/wp\/v2\/media?parent=54183"}],"wp:term":[{"taxonomy":"category","embeddable":true,"href":"https:\/\/jornalfatosenoticias.com.br\/index.php\/wp-json\/wp\/v2\/categories?post=54183"},{"taxonomy":"post_tag","embeddable":true,"href":"https:\/\/jornalfatosenoticias.com.br\/index.php\/wp-json\/wp\/v2\/tags?post=54183"}],"curies":[{"name":"wp","href":"https:\/\/api.w.org\/{rel}","templated":true}]}}