{"id":54199,"date":"2024-09-16T12:31:45","date_gmt":"2024-09-16T15:31:45","guid":{"rendered":"https:\/\/jornalfatosenoticias.com.br\/?p=54199"},"modified":"2024-09-16T12:31:46","modified_gmt":"2024-09-16T15:31:46","slug":"slow-living-o-que-e-beneficios-e-como-comecar-a-pratica-lo","status":"publish","type":"post","link":"https:\/\/jornalfatosenoticias.com.br\/index.php\/2024\/09\/16\/slow-living-o-que-e-beneficios-e-como-comecar-a-pratica-lo\/","title":{"rendered":"Slow living: o que \u00e9, benef\u00edcios e como come\u00e7ar a pratic\u00e1-lo?"},"content":{"rendered":"\n<p><em><span class=\"has-inline-color has-black-color\">Ressignificar o tempo e suas escolhas faz parte do novo conceito que promete melhor qualidade de vida e sa\u00fade<\/span><\/em><\/p>\n\n\n\n<p><span class=\"has-inline-color has-black-color\">Por <strong><a href=\"https:\/\/olhardigital.com.br\/author\/simone-cordeiro\/\">Simone Cordeiro<\/a><\/strong><\/span><\/p>\n\n\n\n<div class=\"wp-block-image\"><figure class=\"aligncenter size-large is-resized\"><a href=\"https:\/\/www.facebook.com\/vetor.vix\/\"><img loading=\"lazy\" decoding=\"async\" src=\"https:\/\/jornalfatosenoticias.com.br\/wp-content\/uploads\/2023\/09\/vetorvix1024_1.jpg\" alt=\"\" class=\"wp-image-44868\" width=\"506\" height=\"134\" srcset=\"https:\/\/jornalfatosenoticias.com.br\/wp-content\/uploads\/2023\/09\/vetorvix1024_1.jpg 1024w, https:\/\/jornalfatosenoticias.com.br\/wp-content\/uploads\/2023\/09\/vetorvix1024_1-300x80.jpg 300w, https:\/\/jornalfatosenoticias.com.br\/wp-content\/uploads\/2023\/09\/vetorvix1024_1-768x205.jpg 768w\" sizes=\"auto, (max-width: 506px) 100vw, 506px\" \/><\/a><\/figure><\/div>\n\n\n\n<p>Com o aumento do uso da tecnologia, solu\u00e7\u00f5es mais pr\u00f3ximas e r\u00e1pidas intensificam a acelera\u00e7\u00e3o no cotidiano das pessoas. Al\u00e9m disso, a busca implac\u00e1vel pelo sucesso tem sido resultado de uma gera\u00e7\u00e3o exausta, marcada pelo burnout e outros problemas de sa\u00fade. Nesse contexto, o conceito <em>slow living <\/em>aparece como uma \u201cv\u00e1lvula de escape\u201d ou um novo estilo de vida.<br>A verdade \u00e9 que diminuir o ritmo de vida nunca esteve t\u00e3o em alta. N\u00e3o \u00e9 \u00e0 toa que a hashtag #slowliving j\u00e1 foi usada mais de 6,5 milh\u00f5es de vezes s\u00f3 no Instagram. Mas o que significa esse conceito de fato, e como coloc\u00e1-lo em pr\u00e1tica no dia a dia? Resumidamente, <em>slow living<\/em> \u00e9 um estilo de vida contempor\u00e2neo que prioriza o bem-estar no dia a dia. O termo traduzido do ingl\u00eas significa \u201cvida lenta\u201d, ou seja, a ideia desse conceito \u00e9 desacelerar. Sobretudo, buscando autoconhecimento e respeitado o seu tempo de acordo com seus princ\u00edpios.<\/p>\n\n\n\n<div class=\"wp-block-image\"><figure class=\"aligncenter size-large is-resized\"><img loading=\"lazy\" decoding=\"async\" src=\"https:\/\/jornalfatosenoticias.com.br\/wp-content\/uploads\/2022\/02\/Precisao-Contabilidade-1024x724.jpg\" alt=\"\" class=\"wp-image-28088\" width=\"365\" height=\"258\"\/><\/figure><\/div>\n\n\n\n<p>Em outras palavras, <em>slow living<\/em> defende escolhas que priorizem nosso bem-estar f\u00edsico e mental, al\u00e9m de estabelecer maior esfor\u00e7o em estar no momento presente. A ideia \u00e9 se afastar da press\u00e3o por produtividade e daquela m\u00e1xima que \u201cquanto mais tarefas realizar, melhor\u201d. Segundo pesquisadores do assunto, os maiores adeptos da pr\u00e1tica do <em>slow living<\/em>, s\u00e3o pessoas da gera\u00e7\u00e3o <em>millennials<\/em> (nascidos entre 1981 e 1995). Criados para entender que o sucesso estava essencialmente no trabalho, essa gera\u00e7\u00e3o \u00e9 a campe\u00e3 em casos de burnout e adota o conceito como solu\u00e7\u00e3o para tal problema.<\/p>\n\n\n\n<div class=\"wp-block-image\"><figure class=\"aligncenter size-large\"><a href=\"https:\/\/cesconetto.com.br\/\"><img loading=\"lazy\" decoding=\"async\" width=\"300\" height=\"250\" src=\"https:\/\/jornalfatosenoticias.com.br\/wp-content\/uploads\/2022\/02\/Banner-2.png\" alt=\"\" class=\"wp-image-27877\"\/><\/a><\/figure><\/div>\n\n\n\n<p>Por outro lado, a gera\u00e7\u00e3o Z (nascidos entre 1995 e 2010) j\u00e1 aderem a esse conceito naturalmente, pois \u00e9 a gera\u00e7\u00e3o que foca sua energia em setores da vida mais significativos, como fam\u00edlia, autocuidado e lazer. Contudo, esse novo estilo de vida segue a mesma linha de mudan\u00e7a de comportamento mundial com rela\u00e7\u00e3o ao trabalho versus viver a vida. Um exemplo disso, \u00e9 a diminui\u00e7\u00e3o na carga hor\u00e1ria semanal, como reduzir um dia de trabalho por semana, muito comum no Reino Unido.<\/p>\n\n\n\n<div class=\"wp-block-image\"><figure class=\"aligncenter size-large is-resized\"><a href=\"https:\/\/hotelmarquetti.com.br\/\"><img loading=\"lazy\" decoding=\"async\" src=\"https:\/\/jornalfatosenoticias.com.br\/wp-content\/uploads\/2023\/03\/nova-logo-Marquetti.jpg\" alt=\"\" class=\"wp-image-40207\" width=\"362\" height=\"243\" srcset=\"https:\/\/jornalfatosenoticias.com.br\/wp-content\/uploads\/2023\/03\/nova-logo-Marquetti.jpg 643w, https:\/\/jornalfatosenoticias.com.br\/wp-content\/uploads\/2023\/03\/nova-logo-Marquetti-300x202.jpg 300w\" sizes=\"auto, (max-width: 362px) 100vw, 362px\" \/><\/a><\/figure><\/div>\n\n\n\n<p>Sobretudo, a sa\u00fade \u00e9 o principal elemento do <em>slow living<\/em>, principalmente, pelo fato do conceito sintetizar a ideia de autocuidado entre mente, o corpo e o esp\u00edrito. Portanto, praticar o <em>slow living<\/em> vai muito al\u00e9m de desacelerar, mas tamb\u00e9m optar por escolhas mais \u201cconscientes\u201d, como dar prioridade a comunidade local para escolher produtos e servi\u00e7os, por exemplo. Al\u00e9m disso, defende a escolha \u201cpelo fa\u00e7a voc\u00ea mesmo\u201d algumas atividades, como produzir seus pr\u00f3prios legumes ou cultivar seu jardim. E isso, por si s\u00f3, j\u00e1 gera uma vida mais saud\u00e1vel e ativa.<\/p>\n\n\n\n<div class=\"wp-block-image\"><figure class=\"aligncenter size-large is-resized\"><a href=\"https:\/\/panper.com.br\/\"><img loading=\"lazy\" decoding=\"async\" src=\"https:\/\/jornalfatosenoticias.com.br\/wp-content\/uploads\/2023\/03\/logo-Panper_portal.jpg\" alt=\"\" class=\"wp-image-40208\" width=\"321\" height=\"222\" srcset=\"https:\/\/jornalfatosenoticias.com.br\/wp-content\/uploads\/2023\/03\/logo-Panper_portal.jpg 400w, https:\/\/jornalfatosenoticias.com.br\/wp-content\/uploads\/2023\/03\/logo-Panper_portal-300x208.jpg 300w\" sizes=\"auto, (max-width: 321px) 100vw, 321px\" \/><\/a><\/figure><\/div>\n\n\n\n<p>Entre outras coisas, o estilo de vida agrega um maior acolhimento emocional sobre a rotina \u00e0 sua volta e proporciona benef\u00edcios a sa\u00fade mental. Afinal, escolher desacelerar significa ir na contram\u00e3o, da autocobran\u00e7a e do excesso de trabalho. Sem contar, que \u201cviver de uma forma mais lenta\u201d tamb\u00e9m direciona maior aten\u00e7\u00e3o aos detalhes, fazendo com que momentos simples, sejam mais bem aproveitados e valorizados.<\/p>\n\n\n\n<div class=\"wp-block-image\"><figure class=\"aligncenter size-large is-resized\"><a href=\"https:\/\/www.instagram.com\/ligadossaborespizzaria\/\"><img loading=\"lazy\" decoding=\"async\" src=\"https:\/\/jornalfatosenoticias.com.br\/wp-content\/uploads\/2024\/09\/WhatsApp-Image-2024-09-14-at-22.46.10-819x1024.jpeg\" alt=\"\" class=\"wp-image-54180\" width=\"303\" height=\"378\" srcset=\"https:\/\/jornalfatosenoticias.com.br\/wp-content\/uploads\/2024\/09\/WhatsApp-Image-2024-09-14-at-22.46.10-819x1024.jpeg 819w, https:\/\/jornalfatosenoticias.com.br\/wp-content\/uploads\/2024\/09\/WhatsApp-Image-2024-09-14-at-22.46.10-240x300.jpeg 240w, https:\/\/jornalfatosenoticias.com.br\/wp-content\/uploads\/2024\/09\/WhatsApp-Image-2024-09-14-at-22.46.10-768x960.jpeg 768w, https:\/\/jornalfatosenoticias.com.br\/wp-content\/uploads\/2024\/09\/WhatsApp-Image-2024-09-14-at-22.46.10.jpeg 1024w\" sizes=\"auto, (max-width: 303px) 100vw, 303px\" \/><\/a><\/figure><\/div>\n\n\n\n<p>Portanto, adotar o <em>slow living <\/em>significa, antes de mais nada, dizer n\u00e3o a vida com estresse. Afinal, na maioria das vezes, esse tipo de rotina est\u00e1 associado a uma dieta desequilibrada, poucas horas de sono e falta de cuidados com o corpo. Al\u00e9m disso, condiciona a maior parte das pessoas a estarem ligadas 24 horas no piloto autom\u00e1tico.<\/p>\n\n\n\n<div class=\"wp-block-image\"><figure class=\"aligncenter size-large is-resized\"><a href=\"https:\/\/www.facebook.com\/postobkr\/?locale=pt_BR\"><img loading=\"lazy\" decoding=\"async\" src=\"https:\/\/jornalfatosenoticias.com.br\/wp-content\/uploads\/2023\/08\/BKR-1024x1021.jpg\" alt=\"\" class=\"wp-image-44494\" width=\"322\" height=\"321\" srcset=\"https:\/\/jornalfatosenoticias.com.br\/wp-content\/uploads\/2023\/08\/BKR-1024x1021.jpg 1024w, https:\/\/jornalfatosenoticias.com.br\/wp-content\/uploads\/2023\/08\/BKR-300x300.jpg 300w, https:\/\/jornalfatosenoticias.com.br\/wp-content\/uploads\/2023\/08\/BKR-150x150.jpg 150w, https:\/\/jornalfatosenoticias.com.br\/wp-content\/uploads\/2023\/08\/BKR-768x766.jpg 768w, https:\/\/jornalfatosenoticias.com.br\/wp-content\/uploads\/2023\/08\/BKR.jpg 1080w\" sizes=\"auto, (max-width: 322px) 100vw, 322px\" \/><\/a><\/figure><\/div>\n\n\n\n<p>Inicialmente, evite que esse seja mais um estilo de vida inating\u00edvel para voc\u00ea na pr\u00e1tica. Comece aos poucos, tentando aproxim\u00e1-lo da sua realidade. Uma ideia para dar o pontap\u00e9 inicial, \u00e9 adotar atividades e filosofias de t\u00e9cnicas que se aproximam da proposta, como fazer ioga e <em>mindfulness<\/em>.<\/p>\n\n\n\n<div class=\"wp-block-image\"><figure class=\"aligncenter size-large\"><a href=\"https:\/\/www.instagram.com\/esteiochurrascaria\/\"><img decoding=\"async\" src=\"https:\/\/jornalfatosenoticias.com.br\/wp-content\/uploads\/2020\/02\/logo_esteio.jpg\" alt=\"\" class=\"wp-image-1214\"\/><\/a><\/figure><\/div>\n\n\n\n<p>Sobretudo, reserve um tempo e redefina suas prioridades, fazendo escolhas na sua rotina que fa\u00e7am valer sua sa\u00fade mental, f\u00edsica e espiritual. A partir disso, planeje melhor o seu tempo para tomar decis\u00f5es conscientes sobre o que realmente importa.<\/p>\n\n\n\n<div class=\"wp-block-image\"><figure class=\"aligncenter size-large is-resized\"><a href=\"https:\/\/www.ithbrasil.com.br\/\"><img loading=\"lazy\" decoding=\"async\" src=\"https:\/\/jornalfatosenoticias.com.br\/wp-content\/uploads\/2023\/08\/ITH.jpeg\" alt=\"\" class=\"wp-image-44638\" width=\"305\" height=\"248\" srcset=\"https:\/\/jornalfatosenoticias.com.br\/wp-content\/uploads\/2023\/08\/ITH.jpeg 800w, https:\/\/jornalfatosenoticias.com.br\/wp-content\/uploads\/2023\/08\/ITH-300x244.jpeg 300w, https:\/\/jornalfatosenoticias.com.br\/wp-content\/uploads\/2023\/08\/ITH-768x624.jpeg 768w\" sizes=\"auto, (max-width: 305px) 100vw, 305px\" \/><\/a><\/figure><\/div>\n\n\n\n<p>Um exemplo de como colocar isso em pr\u00e1tica, \u00e9 reduzir as horas em redes sociais para fazer uma atividade f\u00edsica, passear com seu cachorro ou passar tempo fazendo uma refei\u00e7\u00e3o em fam\u00edlia. Outro exerc\u00edcio para adotar o <em>slow living<\/em> \u00e9 evitar a correria nas atividades mais b\u00e1sicas, como o tempo das suas refei\u00e7\u00f5es, por exemplo. Al\u00e9m disso, \u00e9 v\u00e1lido se esfor\u00e7ar mentalmente para fugir de fato da correria. Uma dica \u00e9 evitar estar conectado com aparelhos tecnol\u00f3gicos e tentar criar a habilidade de observar e fazer parte do momento presente.<\/p>\n\n\n\n<div class=\"wp-block-image\"><figure class=\"aligncenter size-large is-resized\"><a href=\"https:\/\/www.instagram.com\/restaurantepegoretti\/\"><img loading=\"lazy\" decoding=\"async\" src=\"https:\/\/jornalfatosenoticias.com.br\/wp-content\/uploads\/2023\/12\/pegoretti-logo-pdf-1024x389.jpg\" alt=\"\" class=\"wp-image-47536\" width=\"385\" height=\"146\" srcset=\"https:\/\/jornalfatosenoticias.com.br\/wp-content\/uploads\/2023\/12\/pegoretti-logo-pdf-1024x389.jpg 1024w, https:\/\/jornalfatosenoticias.com.br\/wp-content\/uploads\/2023\/12\/pegoretti-logo-pdf-300x114.jpg 300w, https:\/\/jornalfatosenoticias.com.br\/wp-content\/uploads\/2023\/12\/pegoretti-logo-pdf-768x291.jpg 768w, https:\/\/jornalfatosenoticias.com.br\/wp-content\/uploads\/2023\/12\/pegoretti-logo-pdf.jpg 1120w\" sizes=\"auto, (max-width: 385px) 100vw, 385px\" \/><\/a><\/figure><\/div>\n\n\n\n<p><strong><em>Fonte: <a href=\"https:\/\/olhardigital.com.br\/2024\/09\/08\/tira-duvidas\/slow-living-o-que-e-beneficios-e-como-comecar-a-pratica-lo\/\">Olhar Digital<\/a><\/em><\/strong><\/p>\n","protected":false},"excerpt":{"rendered":"<p>Ressignificar o tempo e suas escolhas faz parte do novo conceito que promete melhor qualidade de vida e sa\u00fade Por Simone Cordeiro Com o aumento do uso da tecnologia, solu\u00e7\u00f5es mais pr\u00f3ximas e r\u00e1pidas intensificam a acelera\u00e7\u00e3o no cotidiano das pessoas. Al\u00e9m disso, a busca implac\u00e1vel pelo sucesso tem sido resultado de uma gera\u00e7\u00e3o exausta, [&hellip;]<\/p>\n","protected":false},"author":2,"featured_media":54200,"comment_status":"open","ping_status":"open","sticky":false,"template":"","format":"standard","meta":{"footnotes":""},"categories":[2522],"tags":[385,12794,5050,688,24697],"class_list":["post-54199","post","type-post","status-publish","format-standard","has-post-thumbnail","hentry","category-comportamento","tag-bem-estar","tag-burnout","tag-mindfulness","tag-saude-mental","tag-slow-living"],"yoast_head":"<!-- This site is optimized with the Yoast SEO plugin v26.5 - https:\/\/yoast.com\/wordpress\/plugins\/seo\/ -->\n<title>Slow living: o que \u00e9, benef\u00edcios e como come\u00e7ar a pratic\u00e1-lo? - Jornal Fatos e Not\u00edcias<\/title>\n<meta name=\"robots\" content=\"index, follow, max-snippet:-1, max-image-preview:large, max-video-preview:-1\" \/>\n<link rel=\"canonical\" href=\"https:\/\/jornalfatosenoticias.com.br\/index.php\/2024\/09\/16\/slow-living-o-que-e-beneficios-e-como-comecar-a-pratica-lo\/\" \/>\n<meta property=\"og:locale\" content=\"pt_BR\" \/>\n<meta property=\"og:type\" content=\"article\" \/>\n<meta property=\"og:title\" content=\"Slow living: o que \u00e9, benef\u00edcios e como come\u00e7ar a pratic\u00e1-lo? - Jornal Fatos e Not\u00edcias\" \/>\n<meta property=\"og:description\" content=\"Ressignificar o tempo e suas escolhas faz parte do novo conceito que promete melhor qualidade de vida e sa\u00fade Por Simone Cordeiro Com o aumento do uso da tecnologia, solu\u00e7\u00f5es mais pr\u00f3ximas e r\u00e1pidas intensificam a acelera\u00e7\u00e3o no cotidiano das pessoas. Al\u00e9m disso, a busca implac\u00e1vel pelo sucesso tem sido resultado de uma gera\u00e7\u00e3o exausta, [&hellip;]\" \/>\n<meta property=\"og:url\" content=\"https:\/\/jornalfatosenoticias.com.br\/index.php\/2024\/09\/16\/slow-living-o-que-e-beneficios-e-como-comecar-a-pratica-lo\/\" \/>\n<meta property=\"og:site_name\" content=\"Jornal Fatos e Not\u00edcias\" \/>\n<meta property=\"article:published_time\" content=\"2024-09-16T15:31:45+00:00\" \/>\n<meta property=\"article:modified_time\" content=\"2024-09-16T15:31:46+00:00\" \/>\n<meta property=\"og:image\" content=\"https:\/\/jornalfatosenoticias.com.br\/wp-content\/uploads\/2024\/09\/Slow-living_istock.jpg\" \/>\n\t<meta property=\"og:image:width\" content=\"612\" \/>\n\t<meta property=\"og:image:height\" content=\"397\" \/>\n\t<meta property=\"og:image:type\" content=\"image\/jpeg\" \/>\n<meta name=\"author\" content=\"Luzimara Fernandes\" \/>\n<meta name=\"twitter:card\" content=\"summary_large_image\" \/>\n<meta name=\"twitter:label1\" content=\"Escrito por\" \/>\n\t<meta name=\"twitter:data1\" content=\"Luzimara Fernandes\" \/>\n\t<meta name=\"twitter:label2\" content=\"Est. tempo de leitura\" \/>\n\t<meta name=\"twitter:data2\" content=\"4 minutos\" \/>\n<script type=\"application\/ld+json\" class=\"yoast-schema-graph\">{\"@context\":\"https:\/\/schema.org\",\"@graph\":[{\"@type\":\"Article\",\"@id\":\"https:\/\/jornalfatosenoticias.com.br\/index.php\/2024\/09\/16\/slow-living-o-que-e-beneficios-e-como-comecar-a-pratica-lo\/#article\",\"isPartOf\":{\"@id\":\"https:\/\/jornalfatosenoticias.com.br\/index.php\/2024\/09\/16\/slow-living-o-que-e-beneficios-e-como-comecar-a-pratica-lo\/\"},\"author\":{\"name\":\"Luzimara Fernandes\",\"@id\":\"https:\/\/jornalfatosenoticias.com.br\/#\/schema\/person\/d63837fa13ac8666eb9e74e0985d6f81\"},\"headline\":\"Slow living: o que \u00e9, benef\u00edcios e como come\u00e7ar a pratic\u00e1-lo?\",\"datePublished\":\"2024-09-16T15:31:45+00:00\",\"dateModified\":\"2024-09-16T15:31:46+00:00\",\"mainEntityOfPage\":{\"@id\":\"https:\/\/jornalfatosenoticias.com.br\/index.php\/2024\/09\/16\/slow-living-o-que-e-beneficios-e-como-comecar-a-pratica-lo\/\"},\"wordCount\":806,\"commentCount\":0,\"publisher\":{\"@id\":\"https:\/\/jornalfatosenoticias.com.br\/#organization\"},\"image\":{\"@id\":\"https:\/\/jornalfatosenoticias.com.br\/index.php\/2024\/09\/16\/slow-living-o-que-e-beneficios-e-como-comecar-a-pratica-lo\/#primaryimage\"},\"thumbnailUrl\":\"https:\/\/jornalfatosenoticias.com.br\/wp-content\/uploads\/2024\/09\/Slow-living_istock.jpg\",\"keywords\":[\"bem-estar\",\"Burnout\",\"mindfulness\",\"sa\u00fade mental\",\"slow living\"],\"articleSection\":[\"Comportamento &amp; Equil\u00edbrio\"],\"inLanguage\":\"pt-BR\",\"potentialAction\":[{\"@type\":\"CommentAction\",\"name\":\"Comment\",\"target\":[\"https:\/\/jornalfatosenoticias.com.br\/index.php\/2024\/09\/16\/slow-living-o-que-e-beneficios-e-como-comecar-a-pratica-lo\/#respond\"]}]},{\"@type\":\"WebPage\",\"@id\":\"https:\/\/jornalfatosenoticias.com.br\/index.php\/2024\/09\/16\/slow-living-o-que-e-beneficios-e-como-comecar-a-pratica-lo\/\",\"url\":\"https:\/\/jornalfatosenoticias.com.br\/index.php\/2024\/09\/16\/slow-living-o-que-e-beneficios-e-como-comecar-a-pratica-lo\/\",\"name\":\"Slow living: o que \u00e9, benef\u00edcios e como come\u00e7ar a pratic\u00e1-lo? - Jornal Fatos e Not\u00edcias\",\"isPartOf\":{\"@id\":\"https:\/\/jornalfatosenoticias.com.br\/#website\"},\"primaryImageOfPage\":{\"@id\":\"https:\/\/jornalfatosenoticias.com.br\/index.php\/2024\/09\/16\/slow-living-o-que-e-beneficios-e-como-comecar-a-pratica-lo\/#primaryimage\"},\"image\":{\"@id\":\"https:\/\/jornalfatosenoticias.com.br\/index.php\/2024\/09\/16\/slow-living-o-que-e-beneficios-e-como-comecar-a-pratica-lo\/#primaryimage\"},\"thumbnailUrl\":\"https:\/\/jornalfatosenoticias.com.br\/wp-content\/uploads\/2024\/09\/Slow-living_istock.jpg\",\"datePublished\":\"2024-09-16T15:31:45+00:00\",\"dateModified\":\"2024-09-16T15:31:46+00:00\",\"breadcrumb\":{\"@id\":\"https:\/\/jornalfatosenoticias.com.br\/index.php\/2024\/09\/16\/slow-living-o-que-e-beneficios-e-como-comecar-a-pratica-lo\/#breadcrumb\"},\"inLanguage\":\"pt-BR\",\"potentialAction\":[{\"@type\":\"ReadAction\",\"target\":[\"https:\/\/jornalfatosenoticias.com.br\/index.php\/2024\/09\/16\/slow-living-o-que-e-beneficios-e-como-comecar-a-pratica-lo\/\"]}]},{\"@type\":\"ImageObject\",\"inLanguage\":\"pt-BR\",\"@id\":\"https:\/\/jornalfatosenoticias.com.br\/index.php\/2024\/09\/16\/slow-living-o-que-e-beneficios-e-como-comecar-a-pratica-lo\/#primaryimage\",\"url\":\"https:\/\/jornalfatosenoticias.com.br\/wp-content\/uploads\/2024\/09\/Slow-living_istock.jpg\",\"contentUrl\":\"https:\/\/jornalfatosenoticias.com.br\/wp-content\/uploads\/2024\/09\/Slow-living_istock.jpg\",\"width\":612,\"height\":397,\"caption\":\"Beautiful autumn background. Woman in floral dress and hat with her arms wide open in a field of cosmos.\"},{\"@type\":\"BreadcrumbList\",\"@id\":\"https:\/\/jornalfatosenoticias.com.br\/index.php\/2024\/09\/16\/slow-living-o-que-e-beneficios-e-como-comecar-a-pratica-lo\/#breadcrumb\",\"itemListElement\":[{\"@type\":\"ListItem\",\"position\":1,\"name\":\"In\u00edcio\",\"item\":\"https:\/\/jornalfatosenoticias.com.br\/\"},{\"@type\":\"ListItem\",\"position\":2,\"name\":\"Slow living: o que \u00e9, benef\u00edcios e como come\u00e7ar a pratic\u00e1-lo?\"}]},{\"@type\":\"WebSite\",\"@id\":\"https:\/\/jornalfatosenoticias.com.br\/#website\",\"url\":\"https:\/\/jornalfatosenoticias.com.br\/\",\"name\":\"Jornal Fatos e Not\u00edcias\",\"description\":\"Not\u00edcias em geral\",\"publisher\":{\"@id\":\"https:\/\/jornalfatosenoticias.com.br\/#organization\"},\"potentialAction\":[{\"@type\":\"SearchAction\",\"target\":{\"@type\":\"EntryPoint\",\"urlTemplate\":\"https:\/\/jornalfatosenoticias.com.br\/?s={search_term_string}\"},\"query-input\":{\"@type\":\"PropertyValueSpecification\",\"valueRequired\":true,\"valueName\":\"search_term_string\"}}],\"inLanguage\":\"pt-BR\"},{\"@type\":\"Organization\",\"@id\":\"https:\/\/jornalfatosenoticias.com.br\/#organization\",\"name\":\"Jornal Fatos e Not\u00edcias\",\"url\":\"https:\/\/jornalfatosenoticias.com.br\/\",\"logo\":{\"@type\":\"ImageObject\",\"inLanguage\":\"pt-BR\",\"@id\":\"https:\/\/jornalfatosenoticias.com.br\/#\/schema\/logo\/image\/\",\"url\":\"https:\/\/jornalfatosenoticias.com.br\/wp-content\/uploads\/2020\/02\/logo120.png\",\"contentUrl\":\"https:\/\/jornalfatosenoticias.com.br\/wp-content\/uploads\/2020\/02\/logo120.png\",\"width\":1227,\"height\":120,\"caption\":\"Jornal Fatos e Not\u00edcias\"},\"image\":{\"@id\":\"https:\/\/jornalfatosenoticias.com.br\/#\/schema\/logo\/image\/\"}},{\"@type\":\"Person\",\"@id\":\"https:\/\/jornalfatosenoticias.com.br\/#\/schema\/person\/d63837fa13ac8666eb9e74e0985d6f81\",\"name\":\"Luzimara Fernandes\",\"image\":{\"@type\":\"ImageObject\",\"inLanguage\":\"pt-BR\",\"@id\":\"https:\/\/jornalfatosenoticias.com.br\/#\/schema\/person\/image\/\",\"url\":\"https:\/\/jornalfatosenoticias.com.br\/wp-content\/uploads\/2025\/05\/EU_portal.jpg\",\"contentUrl\":\"https:\/\/jornalfatosenoticias.com.br\/wp-content\/uploads\/2025\/05\/EU_portal.jpg\",\"caption\":\"Luzimara Fernandes\"},\"description\":\"Jornalista MTB 2358-ES\",\"sameAs\":[\"https:\/\/jornalfatosenoticias.com.br\"],\"url\":\"https:\/\/jornalfatosenoticias.com.br\/index.php\/author\/luzimara\/\"}]}<\/script>\n<!-- \/ Yoast SEO plugin. -->","yoast_head_json":{"title":"Slow living: o que \u00e9, benef\u00edcios e como come\u00e7ar a pratic\u00e1-lo? - Jornal Fatos e Not\u00edcias","robots":{"index":"index","follow":"follow","max-snippet":"max-snippet:-1","max-image-preview":"max-image-preview:large","max-video-preview":"max-video-preview:-1"},"canonical":"https:\/\/jornalfatosenoticias.com.br\/index.php\/2024\/09\/16\/slow-living-o-que-e-beneficios-e-como-comecar-a-pratica-lo\/","og_locale":"pt_BR","og_type":"article","og_title":"Slow living: o que \u00e9, benef\u00edcios e como come\u00e7ar a pratic\u00e1-lo? - Jornal Fatos e Not\u00edcias","og_description":"Ressignificar o tempo e suas escolhas faz parte do novo conceito que promete melhor qualidade de vida e sa\u00fade Por Simone Cordeiro Com o aumento do uso da tecnologia, solu\u00e7\u00f5es mais pr\u00f3ximas e r\u00e1pidas intensificam a acelera\u00e7\u00e3o no cotidiano das pessoas. Al\u00e9m disso, a busca implac\u00e1vel pelo sucesso tem sido resultado de uma gera\u00e7\u00e3o exausta, [&hellip;]","og_url":"https:\/\/jornalfatosenoticias.com.br\/index.php\/2024\/09\/16\/slow-living-o-que-e-beneficios-e-como-comecar-a-pratica-lo\/","og_site_name":"Jornal Fatos e Not\u00edcias","article_published_time":"2024-09-16T15:31:45+00:00","article_modified_time":"2024-09-16T15:31:46+00:00","og_image":[{"width":612,"height":397,"url":"https:\/\/jornalfatosenoticias.com.br\/wp-content\/uploads\/2024\/09\/Slow-living_istock.jpg","type":"image\/jpeg"}],"author":"Luzimara Fernandes","twitter_card":"summary_large_image","twitter_misc":{"Escrito por":"Luzimara Fernandes","Est. tempo de leitura":"4 minutos"},"schema":{"@context":"https:\/\/schema.org","@graph":[{"@type":"Article","@id":"https:\/\/jornalfatosenoticias.com.br\/index.php\/2024\/09\/16\/slow-living-o-que-e-beneficios-e-como-comecar-a-pratica-lo\/#article","isPartOf":{"@id":"https:\/\/jornalfatosenoticias.com.br\/index.php\/2024\/09\/16\/slow-living-o-que-e-beneficios-e-como-comecar-a-pratica-lo\/"},"author":{"name":"Luzimara Fernandes","@id":"https:\/\/jornalfatosenoticias.com.br\/#\/schema\/person\/d63837fa13ac8666eb9e74e0985d6f81"},"headline":"Slow living: o que \u00e9, benef\u00edcios e como come\u00e7ar a pratic\u00e1-lo?","datePublished":"2024-09-16T15:31:45+00:00","dateModified":"2024-09-16T15:31:46+00:00","mainEntityOfPage":{"@id":"https:\/\/jornalfatosenoticias.com.br\/index.php\/2024\/09\/16\/slow-living-o-que-e-beneficios-e-como-comecar-a-pratica-lo\/"},"wordCount":806,"commentCount":0,"publisher":{"@id":"https:\/\/jornalfatosenoticias.com.br\/#organization"},"image":{"@id":"https:\/\/jornalfatosenoticias.com.br\/index.php\/2024\/09\/16\/slow-living-o-que-e-beneficios-e-como-comecar-a-pratica-lo\/#primaryimage"},"thumbnailUrl":"https:\/\/jornalfatosenoticias.com.br\/wp-content\/uploads\/2024\/09\/Slow-living_istock.jpg","keywords":["bem-estar","Burnout","mindfulness","sa\u00fade mental","slow living"],"articleSection":["Comportamento &amp; Equil\u00edbrio"],"inLanguage":"pt-BR","potentialAction":[{"@type":"CommentAction","name":"Comment","target":["https:\/\/jornalfatosenoticias.com.br\/index.php\/2024\/09\/16\/slow-living-o-que-e-beneficios-e-como-comecar-a-pratica-lo\/#respond"]}]},{"@type":"WebPage","@id":"https:\/\/jornalfatosenoticias.com.br\/index.php\/2024\/09\/16\/slow-living-o-que-e-beneficios-e-como-comecar-a-pratica-lo\/","url":"https:\/\/jornalfatosenoticias.com.br\/index.php\/2024\/09\/16\/slow-living-o-que-e-beneficios-e-como-comecar-a-pratica-lo\/","name":"Slow living: o que \u00e9, benef\u00edcios e como come\u00e7ar a pratic\u00e1-lo? - Jornal Fatos e Not\u00edcias","isPartOf":{"@id":"https:\/\/jornalfatosenoticias.com.br\/#website"},"primaryImageOfPage":{"@id":"https:\/\/jornalfatosenoticias.com.br\/index.php\/2024\/09\/16\/slow-living-o-que-e-beneficios-e-como-comecar-a-pratica-lo\/#primaryimage"},"image":{"@id":"https:\/\/jornalfatosenoticias.com.br\/index.php\/2024\/09\/16\/slow-living-o-que-e-beneficios-e-como-comecar-a-pratica-lo\/#primaryimage"},"thumbnailUrl":"https:\/\/jornalfatosenoticias.com.br\/wp-content\/uploads\/2024\/09\/Slow-living_istock.jpg","datePublished":"2024-09-16T15:31:45+00:00","dateModified":"2024-09-16T15:31:46+00:00","breadcrumb":{"@id":"https:\/\/jornalfatosenoticias.com.br\/index.php\/2024\/09\/16\/slow-living-o-que-e-beneficios-e-como-comecar-a-pratica-lo\/#breadcrumb"},"inLanguage":"pt-BR","potentialAction":[{"@type":"ReadAction","target":["https:\/\/jornalfatosenoticias.com.br\/index.php\/2024\/09\/16\/slow-living-o-que-e-beneficios-e-como-comecar-a-pratica-lo\/"]}]},{"@type":"ImageObject","inLanguage":"pt-BR","@id":"https:\/\/jornalfatosenoticias.com.br\/index.php\/2024\/09\/16\/slow-living-o-que-e-beneficios-e-como-comecar-a-pratica-lo\/#primaryimage","url":"https:\/\/jornalfatosenoticias.com.br\/wp-content\/uploads\/2024\/09\/Slow-living_istock.jpg","contentUrl":"https:\/\/jornalfatosenoticias.com.br\/wp-content\/uploads\/2024\/09\/Slow-living_istock.jpg","width":612,"height":397,"caption":"Beautiful autumn background. Woman in floral dress and hat with her arms wide open in a field of cosmos."},{"@type":"BreadcrumbList","@id":"https:\/\/jornalfatosenoticias.com.br\/index.php\/2024\/09\/16\/slow-living-o-que-e-beneficios-e-como-comecar-a-pratica-lo\/#breadcrumb","itemListElement":[{"@type":"ListItem","position":1,"name":"In\u00edcio","item":"https:\/\/jornalfatosenoticias.com.br\/"},{"@type":"ListItem","position":2,"name":"Slow living: o que \u00e9, benef\u00edcios e como come\u00e7ar a pratic\u00e1-lo?"}]},{"@type":"WebSite","@id":"https:\/\/jornalfatosenoticias.com.br\/#website","url":"https:\/\/jornalfatosenoticias.com.br\/","name":"Jornal Fatos e Not\u00edcias","description":"Not\u00edcias em geral","publisher":{"@id":"https:\/\/jornalfatosenoticias.com.br\/#organization"},"potentialAction":[{"@type":"SearchAction","target":{"@type":"EntryPoint","urlTemplate":"https:\/\/jornalfatosenoticias.com.br\/?s={search_term_string}"},"query-input":{"@type":"PropertyValueSpecification","valueRequired":true,"valueName":"search_term_string"}}],"inLanguage":"pt-BR"},{"@type":"Organization","@id":"https:\/\/jornalfatosenoticias.com.br\/#organization","name":"Jornal Fatos e Not\u00edcias","url":"https:\/\/jornalfatosenoticias.com.br\/","logo":{"@type":"ImageObject","inLanguage":"pt-BR","@id":"https:\/\/jornalfatosenoticias.com.br\/#\/schema\/logo\/image\/","url":"https:\/\/jornalfatosenoticias.com.br\/wp-content\/uploads\/2020\/02\/logo120.png","contentUrl":"https:\/\/jornalfatosenoticias.com.br\/wp-content\/uploads\/2020\/02\/logo120.png","width":1227,"height":120,"caption":"Jornal Fatos e Not\u00edcias"},"image":{"@id":"https:\/\/jornalfatosenoticias.com.br\/#\/schema\/logo\/image\/"}},{"@type":"Person","@id":"https:\/\/jornalfatosenoticias.com.br\/#\/schema\/person\/d63837fa13ac8666eb9e74e0985d6f81","name":"Luzimara Fernandes","image":{"@type":"ImageObject","inLanguage":"pt-BR","@id":"https:\/\/jornalfatosenoticias.com.br\/#\/schema\/person\/image\/","url":"https:\/\/jornalfatosenoticias.com.br\/wp-content\/uploads\/2025\/05\/EU_portal.jpg","contentUrl":"https:\/\/jornalfatosenoticias.com.br\/wp-content\/uploads\/2025\/05\/EU_portal.jpg","caption":"Luzimara Fernandes"},"description":"Jornalista MTB 2358-ES","sameAs":["https:\/\/jornalfatosenoticias.com.br"],"url":"https:\/\/jornalfatosenoticias.com.br\/index.php\/author\/luzimara\/"}]}},"cc_featured_image_caption":{"caption_text":"(Foto: iStock) ","source_text":"","source_url":""},"jetpack_featured_media_url":"https:\/\/jornalfatosenoticias.com.br\/wp-content\/uploads\/2024\/09\/Slow-living_istock.jpg","_links":{"self":[{"href":"https:\/\/jornalfatosenoticias.com.br\/index.php\/wp-json\/wp\/v2\/posts\/54199","targetHints":{"allow":["GET"]}}],"collection":[{"href":"https:\/\/jornalfatosenoticias.com.br\/index.php\/wp-json\/wp\/v2\/posts"}],"about":[{"href":"https:\/\/jornalfatosenoticias.com.br\/index.php\/wp-json\/wp\/v2\/types\/post"}],"author":[{"embeddable":true,"href":"https:\/\/jornalfatosenoticias.com.br\/index.php\/wp-json\/wp\/v2\/users\/2"}],"replies":[{"embeddable":true,"href":"https:\/\/jornalfatosenoticias.com.br\/index.php\/wp-json\/wp\/v2\/comments?post=54199"}],"version-history":[{"count":0,"href":"https:\/\/jornalfatosenoticias.com.br\/index.php\/wp-json\/wp\/v2\/posts\/54199\/revisions"}],"wp:featuredmedia":[{"embeddable":true,"href":"https:\/\/jornalfatosenoticias.com.br\/index.php\/wp-json\/wp\/v2\/media\/54200"}],"wp:attachment":[{"href":"https:\/\/jornalfatosenoticias.com.br\/index.php\/wp-json\/wp\/v2\/media?parent=54199"}],"wp:term":[{"taxonomy":"category","embeddable":true,"href":"https:\/\/jornalfatosenoticias.com.br\/index.php\/wp-json\/wp\/v2\/categories?post=54199"},{"taxonomy":"post_tag","embeddable":true,"href":"https:\/\/jornalfatosenoticias.com.br\/index.php\/wp-json\/wp\/v2\/tags?post=54199"}],"curies":[{"name":"wp","href":"https:\/\/api.w.org\/{rel}","templated":true}]}}