{"id":54208,"date":"2024-09-16T12:57:49","date_gmt":"2024-09-16T15:57:49","guid":{"rendered":"https:\/\/jornalfatosenoticias.com.br\/?p=54208"},"modified":"2024-09-16T12:57:50","modified_gmt":"2024-09-16T15:57:50","slug":"laser-de-som-mais-potente-ja-feito","status":"publish","type":"post","link":"https:\/\/jornalfatosenoticias.com.br\/index.php\/2024\/09\/16\/laser-de-som-mais-potente-ja-feito\/","title":{"rendered":"Laser de som mais potente j\u00e1 feito"},"content":{"rendered":"\n<p><span class=\"has-inline-color has-black-color\"><em>Sistema ativo, acionado eletronicamente, produziu o laser de f\u00f4nons mais potente j\u00e1 constru\u00eddo<\/em><\/span><\/p>\n\n\n\n<div class=\"wp-block-image\"><figure class=\"aligncenter size-large is-resized\"><a href=\"https:\/\/www.facebook.com\/vetor.vix\/\"><img loading=\"lazy\" decoding=\"async\" src=\"https:\/\/jornalfatosenoticias.com.br\/wp-content\/uploads\/2023\/09\/vetorvix1024_1.jpg\" alt=\"\" class=\"wp-image-44868\" width=\"550\" height=\"146\" srcset=\"https:\/\/jornalfatosenoticias.com.br\/wp-content\/uploads\/2023\/09\/vetorvix1024_1.jpg 1024w, https:\/\/jornalfatosenoticias.com.br\/wp-content\/uploads\/2023\/09\/vetorvix1024_1-300x80.jpg 300w, https:\/\/jornalfatosenoticias.com.br\/wp-content\/uploads\/2023\/09\/vetorvix1024_1-768x205.jpg 768w\" sizes=\"auto, (max-width: 550px) 100vw, 550px\" \/><\/a><\/figure><\/div>\n\n\n\n<p>Um <a href=\"https:\/\/www.inovacaotecnologica.com.br\/noticias\/noticia.php?artigo=laser-de-som&amp;id=010115140224\">laser de som<\/a> s\u00f3 foi demonstrado inequivocamente h\u00e1 cerca de uma d\u00e9cada, mas agora esses dispositivos j\u00e1 atingem pot\u00eancias que poucos acreditavam ser poss\u00edvel, j\u00e1 no limiar para sua utiliza\u00e7\u00e3o pr\u00e1tica. Os lasers de som usam ondas sonoras (f\u00f4nons) em vez de ondas luz (f\u00f3tons). Esses lasers de f\u00f4nons prometem avan\u00e7os em imagens m\u00e9dicas, explora\u00e7\u00e3o de \u00e1guas profundas e muitas outras \u00e1reas.<br>Guangzong Xiao e colegas da Universidade Normal de Hunan, na China, desenvolveram agora uma t\u00e9cnica que d\u00e1 um empurr\u00e3ozinho eletr\u00f4nico nos f\u00f4nons, um impulso pequeno, mas suficiente para aumentar dramaticamente a pot\u00eancia e a precis\u00e3o das ondas sonoras produzidas pelo laser.<\/p>\n\n\n\n<div class=\"wp-block-image\"><figure class=\"aligncenter size-large is-resized\"><a href=\"https:\/\/www.controlsystems.com.br\/\"><img loading=\"lazy\" decoding=\"async\" src=\"https:\/\/jornalfatosenoticias.com.br\/wp-content\/uploads\/2020\/02\/CONTROL-CS.jpg\" alt=\"\" class=\"wp-image-44991\" width=\"299\" height=\"359\" srcset=\"https:\/\/jornalfatosenoticias.com.br\/wp-content\/uploads\/2020\/02\/CONTROL-CS.jpg 834w, https:\/\/jornalfatosenoticias.com.br\/wp-content\/uploads\/2020\/02\/CONTROL-CS-250x300.jpg 250w, https:\/\/jornalfatosenoticias.com.br\/wp-content\/uploads\/2020\/02\/CONTROL-CS-768x921.jpg 768w\" sizes=\"auto, (max-width: 299px) 100vw, 299px\" \/><\/a><\/figure><\/div>\n\n\n\n<p>At\u00e9 agora, os lasers de f\u00f4nons contavam apenas com ondas sonoras fracas e imprecisas, limitando sua utilidade. O novo m\u00e9todo supera essa dificuldade essencialmente &#8220;travando&#8221; as ondas sonoras em um estado mais est\u00e1vel, o que permite o uso de ondas mais fortes. Os lasers de f\u00f4nons prometem dar origem a t\u00e9cnicas de imagens m\u00e9dicas mais sens\u00edveis e menos prejudiciais aos pacientes, mas as aplica\u00e7\u00f5es poss\u00edveis incluem at\u00e9 a comunica\u00e7\u00e3o entre ve\u00edculos em alto-mar, computa\u00e7\u00e3o qu\u00e2ntica, ci\u00eancias dos materiais e mais.<\/p>\n\n\n\n<div class=\"wp-block-image\"><figure class=\"aligncenter size-large is-resized\"><a href=\"https:\/\/www.instagram.com\/vmais.midias\/\"><img loading=\"lazy\" decoding=\"async\" src=\"https:\/\/jornalfatosenoticias.com.br\/wp-content\/uploads\/2020\/02\/DE-MAIS-DESTAQUE-VMAIS-800X700.png\" alt=\"\" class=\"wp-image-53112\" width=\"296\" height=\"258\" srcset=\"https:\/\/jornalfatosenoticias.com.br\/wp-content\/uploads\/2020\/02\/DE-MAIS-DESTAQUE-VMAIS-800X700.png 800w, https:\/\/jornalfatosenoticias.com.br\/wp-content\/uploads\/2020\/02\/DE-MAIS-DESTAQUE-VMAIS-800X700-300x263.png 300w, https:\/\/jornalfatosenoticias.com.br\/wp-content\/uploads\/2020\/02\/DE-MAIS-DESTAQUE-VMAIS-800X700-768x672.png 768w\" sizes=\"auto, (max-width: 296px) 100vw, 296px\" \/><\/a><\/figure><\/div>\n\n\n\n<p><strong><span class=\"has-inline-color has-black-color\">Laser mec\u00e2nico<br><\/span><\/strong>Embora normalmente se fale que os f\u00f4nons s\u00e3o as &#8220;part\u00edculas&#8221; de som, eles n\u00e3o s\u00e3o part\u00edculas verdadeiras, mas vibra\u00e7\u00f5es coletivas dos \u00e1tomos em uma estrutura cristalina. E essas vibra\u00e7\u00f5es, que s\u00e3o ondas de press\u00e3o, podem ser quantizadas como se fossem part\u00edculas.<\/p>\n\n\n\n<div class=\"wp-block-image\"><figure class=\"aligncenter size-large\"><a href=\"http:\/\/www.ferrarimaquinas.com.br\/\"><img loading=\"lazy\" decoding=\"async\" width=\"300\" height=\"250\" src=\"https:\/\/jornalfatosenoticias.com.br\/wp-content\/uploads\/2022\/02\/FERRARI_MAQUINAS-E-FERRAMENTAS2.jpg\" alt=\"\" class=\"wp-image-27860\"\/><\/a><\/figure><\/div>\n\n\n\n<p>Assim, \u00e9 f\u00e1cil ver que um laser de som \u00e9 essencialmente um &#8220;laser mec\u00e2nico&#8221;, ou um an\u00e1logo mec\u00e2nico de um laser \u00f3ptico. A t\u00e9cnica mais eficiente para constru\u00ed-los baseia-se em microesferas mantidas em levita\u00e7\u00e3o, e ent\u00e3o agitadas sem contato para que seu movimento gere as ondas sonoras.<\/p>\n\n\n\n<div class=\"wp-block-image\"><figure class=\"aligncenter size-large is-resized\"><img loading=\"lazy\" decoding=\"async\" src=\"https:\/\/jornalfatosenoticias.com.br\/wp-content\/uploads\/2022\/02\/Precisao-Contabilidade-1024x724.jpg\" alt=\"\" class=\"wp-image-28088\" width=\"334\" height=\"236\"\/><\/figure><\/div>\n\n\n\n<blockquote class=\"wp-block-quote is-layout-flow wp-block-quote-is-layout-flow\"><p><span class=\"has-inline-color has-luminous-vivid-orange-color\">Aqui, mostramos que, aplicando uma inje\u00e7\u00e3o <a href=\"https:\/\/www.inovacaotecnologica.com.br\/noticias\/noticia.php?artigo=laser-som-mais-potente-ja-feito&amp;id=010115240910#\">eletr\u00f4nica<\/a> de cor \u00fanica a esse sistema levitado, pode-se alcan\u00e7ar uma melhoria gigantesca para todos os harm\u00f4nicos de f\u00f4nons de ordem superior, com uma melhoria de mais de tr\u00eas ordens no brilho e de cinco ordens no estreitamento da largura de linha. Esse laser de f\u00f4nons aprimorado eletronicamente tamb\u00e9m \u00e9 muito mais est\u00e1vel, com uma estabilidade de frequ\u00eancia estendida de uma d\u00fazia de minutos para mais de uma hora&#8221;, escreveu a equipe.<\/span><\/p><\/blockquote>\n\n\n\n<div class=\"wp-block-image\"><figure class=\"aligncenter size-large is-resized\"><a href=\"https:\/\/www.instagram.com\/serra4x4cambioautomatico\/\"><img loading=\"lazy\" decoding=\"async\" src=\"https:\/\/jornalfatosenoticias.com.br\/wp-content\/uploads\/2024\/08\/Serra-4x4-1-886x1024.jpg\" alt=\"\" class=\"wp-image-53632\" width=\"283\" height=\"327\" srcset=\"https:\/\/jornalfatosenoticias.com.br\/wp-content\/uploads\/2024\/08\/Serra-4x4-1-886x1024.jpg 886w, https:\/\/jornalfatosenoticias.com.br\/wp-content\/uploads\/2024\/08\/Serra-4x4-1-260x300.jpg 260w, https:\/\/jornalfatosenoticias.com.br\/wp-content\/uploads\/2024\/08\/Serra-4x4-1-768x888.jpg 768w, https:\/\/jornalfatosenoticias.com.br\/wp-content\/uploads\/2024\/08\/Serra-4x4-1.jpg 1181w\" sizes=\"auto, (max-width: 283px) 100vw, 283px\" \/><\/a><\/figure><\/div>\n\n\n\n<p>Devido \u00e0 complexidade do aparato, a pot\u00eancia do laser de som ainda fica na casa dos miliwatts (m\u00e1ximo de 50 mW), mas a equipe acredita que j\u00e1 \u00e9 o suficiente para pensar em aplica\u00e7\u00f5es pr\u00e1ticas. <\/p>\n\n\n\n<blockquote class=\"wp-block-quote is-layout-flow wp-block-quote-is-layout-flow\"><p><span class=\"has-inline-color has-luminous-vivid-orange-color\">Este trabalho, que fornece sinais muito mais fortes e de melhor qualidade de harm\u00f4nicos de f\u00f4nons coerentes, \u00e9 um passo fundamental para controlar e utilizar lasers de f\u00f4nons n\u00e3o lineares para aplica\u00e7\u00f5es como pentes de frequ\u00eancia de f\u00f4nons, sensores de f\u00f4nons de banda larga e diagn\u00f3stico biom\u00e9dico ultrass\u00f4nico&#8221;, conclu\u00edram os pesquisadores.<\/span><\/p><\/blockquote>\n\n\n\n<div class=\"wp-block-image\"><figure class=\"aligncenter size-large is-resized\"><a href=\"https:\/\/www.ithbrasil.com.br\/\"><img loading=\"lazy\" decoding=\"async\" src=\"https:\/\/jornalfatosenoticias.com.br\/wp-content\/uploads\/2023\/08\/ITH.jpeg\" alt=\"\" class=\"wp-image-44638\" width=\"291\" height=\"236\" srcset=\"https:\/\/jornalfatosenoticias.com.br\/wp-content\/uploads\/2023\/08\/ITH.jpeg 800w, https:\/\/jornalfatosenoticias.com.br\/wp-content\/uploads\/2023\/08\/ITH-300x244.jpeg 300w, https:\/\/jornalfatosenoticias.com.br\/wp-content\/uploads\/2023\/08\/ITH-768x624.jpeg 768w\" sizes=\"auto, (max-width: 291px) 100vw, 291px\" \/><\/a><\/figure><\/div>\n\n\n\n<p><span class=\"has-inline-color has-black-color\"><strong>Bibliografia<br><\/strong><\/span>Artigo: <em>Giant enhancement of nonlinear harmonics of an optical-tweezer phonon laser<\/em><br>Autores: Guangzong Xiao, Tengfang Kuang, Yutong He, Xinlin Chen, Wei Xiong, Xiang Han, Zhongqi Tan, Hui Luo, Hui Jing<br>Revista: eLight<br>Vol.: 4, Article number: 17<br>DOI: 10.1186\/s43593-024-00064-8<\/p>\n\n\n\n<div class=\"wp-block-image\"><figure class=\"aligncenter size-large is-resized\"><a href=\"https:\/\/www.instagram.com\/ligadossaborespizzaria\/\"><img loading=\"lazy\" decoding=\"async\" src=\"https:\/\/jornalfatosenoticias.com.br\/wp-content\/uploads\/2024\/09\/WhatsApp-Image-2024-09-14-at-22.46.10-819x1024.jpeg\" alt=\"\" class=\"wp-image-54180\" width=\"329\" height=\"411\" srcset=\"https:\/\/jornalfatosenoticias.com.br\/wp-content\/uploads\/2024\/09\/WhatsApp-Image-2024-09-14-at-22.46.10-819x1024.jpeg 819w, https:\/\/jornalfatosenoticias.com.br\/wp-content\/uploads\/2024\/09\/WhatsApp-Image-2024-09-14-at-22.46.10-240x300.jpeg 240w, https:\/\/jornalfatosenoticias.com.br\/wp-content\/uploads\/2024\/09\/WhatsApp-Image-2024-09-14-at-22.46.10-768x960.jpeg 768w, https:\/\/jornalfatosenoticias.com.br\/wp-content\/uploads\/2024\/09\/WhatsApp-Image-2024-09-14-at-22.46.10.jpeg 1024w\" sizes=\"auto, (max-width: 329px) 100vw, 329px\" \/><\/a><\/figure><\/div>\n\n\n\n<p><strong><em>Fonte: <a href=\"https:\/\/www.inovacaotecnologica.com.br\/noticias\/noticia.php?artigo=laser-som-mais-potente-ja-feito&amp;id=010115240910\">Inova\u00e7\u00e3o Tecnol\u00f3gica<\/a><\/em><\/strong><\/p>\n","protected":false},"excerpt":{"rendered":"<p>Sistema ativo, acionado eletronicamente, produziu o laser de f\u00f4nons mais potente j\u00e1 constru\u00eddo Um laser de som s\u00f3 foi demonstrado inequivocamente h\u00e1 cerca de uma d\u00e9cada, mas agora esses dispositivos j\u00e1 atingem pot\u00eancias que poucos acreditavam ser poss\u00edvel, j\u00e1 no limiar para sua utiliza\u00e7\u00e3o pr\u00e1tica. Os lasers de som usam ondas sonoras (f\u00f4nons) em vez [&hellip;]<\/p>\n","protected":false},"author":2,"featured_media":54209,"comment_status":"open","ping_status":"open","sticky":false,"template":"","format":"standard","meta":{"footnotes":""},"categories":[3],"tags":[5219,24703,24704,24702],"class_list":["post-54208","post","type-post","status-publish","format-standard","has-post-thumbnail","hentry","category-tecnologia","tag-laser","tag-laser-de-fonons","tag-laser-de-som","tag-som-potente"],"yoast_head":"<!-- This site is optimized with the Yoast SEO plugin v26.5 - https:\/\/yoast.com\/wordpress\/plugins\/seo\/ -->\n<title>Laser de som mais potente j\u00e1 feito - Jornal Fatos e Not\u00edcias<\/title>\n<meta name=\"robots\" content=\"index, follow, max-snippet:-1, max-image-preview:large, max-video-preview:-1\" \/>\n<link rel=\"canonical\" href=\"https:\/\/jornalfatosenoticias.com.br\/index.php\/2024\/09\/16\/laser-de-som-mais-potente-ja-feito\/\" \/>\n<meta property=\"og:locale\" content=\"pt_BR\" \/>\n<meta property=\"og:type\" content=\"article\" \/>\n<meta property=\"og:title\" content=\"Laser de som mais potente j\u00e1 feito - Jornal Fatos e Not\u00edcias\" \/>\n<meta property=\"og:description\" content=\"Sistema ativo, acionado eletronicamente, produziu o laser de f\u00f4nons mais potente j\u00e1 constru\u00eddo Um laser de som s\u00f3 foi demonstrado inequivocamente h\u00e1 cerca de uma d\u00e9cada, mas agora esses dispositivos j\u00e1 atingem pot\u00eancias que poucos acreditavam ser poss\u00edvel, j\u00e1 no limiar para sua utiliza\u00e7\u00e3o pr\u00e1tica. Os lasers de som usam ondas sonoras (f\u00f4nons) em vez [&hellip;]\" \/>\n<meta property=\"og:url\" content=\"https:\/\/jornalfatosenoticias.com.br\/index.php\/2024\/09\/16\/laser-de-som-mais-potente-ja-feito\/\" \/>\n<meta property=\"og:site_name\" content=\"Jornal Fatos e Not\u00edcias\" \/>\n<meta property=\"article:published_time\" content=\"2024-09-16T15:57:49+00:00\" \/>\n<meta property=\"article:modified_time\" content=\"2024-09-16T15:57:50+00:00\" \/>\n<meta property=\"og:image\" content=\"https:\/\/jornalfatosenoticias.com.br\/wp-content\/uploads\/2024\/09\/superlaser-de-som.jpg\" \/>\n\t<meta property=\"og:image:width\" content=\"1000\" \/>\n\t<meta property=\"og:image:height\" content=\"562\" \/>\n\t<meta property=\"og:image:type\" content=\"image\/jpeg\" \/>\n<meta name=\"author\" content=\"Luzimara Fernandes\" \/>\n<meta name=\"twitter:card\" content=\"summary_large_image\" \/>\n<meta name=\"twitter:label1\" content=\"Escrito por\" \/>\n\t<meta name=\"twitter:data1\" content=\"Luzimara Fernandes\" \/>\n\t<meta name=\"twitter:label2\" content=\"Est. tempo de leitura\" \/>\n\t<meta name=\"twitter:data2\" content=\"3 minutos\" \/>\n<script type=\"application\/ld+json\" class=\"yoast-schema-graph\">{\"@context\":\"https:\/\/schema.org\",\"@graph\":[{\"@type\":\"Article\",\"@id\":\"https:\/\/jornalfatosenoticias.com.br\/index.php\/2024\/09\/16\/laser-de-som-mais-potente-ja-feito\/#article\",\"isPartOf\":{\"@id\":\"https:\/\/jornalfatosenoticias.com.br\/index.php\/2024\/09\/16\/laser-de-som-mais-potente-ja-feito\/\"},\"author\":{\"name\":\"Luzimara Fernandes\",\"@id\":\"https:\/\/jornalfatosenoticias.com.br\/#\/schema\/person\/d63837fa13ac8666eb9e74e0985d6f81\"},\"headline\":\"Laser de som mais potente j\u00e1 feito\",\"datePublished\":\"2024-09-16T15:57:49+00:00\",\"dateModified\":\"2024-09-16T15:57:50+00:00\",\"mainEntityOfPage\":{\"@id\":\"https:\/\/jornalfatosenoticias.com.br\/index.php\/2024\/09\/16\/laser-de-som-mais-potente-ja-feito\/\"},\"wordCount\":575,\"commentCount\":0,\"publisher\":{\"@id\":\"https:\/\/jornalfatosenoticias.com.br\/#organization\"},\"image\":{\"@id\":\"https:\/\/jornalfatosenoticias.com.br\/index.php\/2024\/09\/16\/laser-de-som-mais-potente-ja-feito\/#primaryimage\"},\"thumbnailUrl\":\"https:\/\/jornalfatosenoticias.com.br\/wp-content\/uploads\/2024\/09\/superlaser-de-som.jpg\",\"keywords\":[\"laser\",\"laser de f\u00f4nons\",\"laser de som\",\"som potente\"],\"articleSection\":[\"Tecnologia &amp; Inova\u00e7\u00e3o\"],\"inLanguage\":\"pt-BR\",\"potentialAction\":[{\"@type\":\"CommentAction\",\"name\":\"Comment\",\"target\":[\"https:\/\/jornalfatosenoticias.com.br\/index.php\/2024\/09\/16\/laser-de-som-mais-potente-ja-feito\/#respond\"]}]},{\"@type\":\"WebPage\",\"@id\":\"https:\/\/jornalfatosenoticias.com.br\/index.php\/2024\/09\/16\/laser-de-som-mais-potente-ja-feito\/\",\"url\":\"https:\/\/jornalfatosenoticias.com.br\/index.php\/2024\/09\/16\/laser-de-som-mais-potente-ja-feito\/\",\"name\":\"Laser de som mais potente j\u00e1 feito - Jornal Fatos e Not\u00edcias\",\"isPartOf\":{\"@id\":\"https:\/\/jornalfatosenoticias.com.br\/#website\"},\"primaryImageOfPage\":{\"@id\":\"https:\/\/jornalfatosenoticias.com.br\/index.php\/2024\/09\/16\/laser-de-som-mais-potente-ja-feito\/#primaryimage\"},\"image\":{\"@id\":\"https:\/\/jornalfatosenoticias.com.br\/index.php\/2024\/09\/16\/laser-de-som-mais-potente-ja-feito\/#primaryimage\"},\"thumbnailUrl\":\"https:\/\/jornalfatosenoticias.com.br\/wp-content\/uploads\/2024\/09\/superlaser-de-som.jpg\",\"datePublished\":\"2024-09-16T15:57:49+00:00\",\"dateModified\":\"2024-09-16T15:57:50+00:00\",\"breadcrumb\":{\"@id\":\"https:\/\/jornalfatosenoticias.com.br\/index.php\/2024\/09\/16\/laser-de-som-mais-potente-ja-feito\/#breadcrumb\"},\"inLanguage\":\"pt-BR\",\"potentialAction\":[{\"@type\":\"ReadAction\",\"target\":[\"https:\/\/jornalfatosenoticias.com.br\/index.php\/2024\/09\/16\/laser-de-som-mais-potente-ja-feito\/\"]}]},{\"@type\":\"ImageObject\",\"inLanguage\":\"pt-BR\",\"@id\":\"https:\/\/jornalfatosenoticias.com.br\/index.php\/2024\/09\/16\/laser-de-som-mais-potente-ja-feito\/#primaryimage\",\"url\":\"https:\/\/jornalfatosenoticias.com.br\/wp-content\/uploads\/2024\/09\/superlaser-de-som.jpg\",\"contentUrl\":\"https:\/\/jornalfatosenoticias.com.br\/wp-content\/uploads\/2024\/09\/superlaser-de-som.jpg\",\"width\":1000,\"height\":562},{\"@type\":\"BreadcrumbList\",\"@id\":\"https:\/\/jornalfatosenoticias.com.br\/index.php\/2024\/09\/16\/laser-de-som-mais-potente-ja-feito\/#breadcrumb\",\"itemListElement\":[{\"@type\":\"ListItem\",\"position\":1,\"name\":\"In\u00edcio\",\"item\":\"https:\/\/jornalfatosenoticias.com.br\/\"},{\"@type\":\"ListItem\",\"position\":2,\"name\":\"Laser de som mais potente j\u00e1 feito\"}]},{\"@type\":\"WebSite\",\"@id\":\"https:\/\/jornalfatosenoticias.com.br\/#website\",\"url\":\"https:\/\/jornalfatosenoticias.com.br\/\",\"name\":\"Jornal Fatos e Not\u00edcias\",\"description\":\"Not\u00edcias em geral\",\"publisher\":{\"@id\":\"https:\/\/jornalfatosenoticias.com.br\/#organization\"},\"potentialAction\":[{\"@type\":\"SearchAction\",\"target\":{\"@type\":\"EntryPoint\",\"urlTemplate\":\"https:\/\/jornalfatosenoticias.com.br\/?s={search_term_string}\"},\"query-input\":{\"@type\":\"PropertyValueSpecification\",\"valueRequired\":true,\"valueName\":\"search_term_string\"}}],\"inLanguage\":\"pt-BR\"},{\"@type\":\"Organization\",\"@id\":\"https:\/\/jornalfatosenoticias.com.br\/#organization\",\"name\":\"Jornal Fatos e Not\u00edcias\",\"url\":\"https:\/\/jornalfatosenoticias.com.br\/\",\"logo\":{\"@type\":\"ImageObject\",\"inLanguage\":\"pt-BR\",\"@id\":\"https:\/\/jornalfatosenoticias.com.br\/#\/schema\/logo\/image\/\",\"url\":\"https:\/\/jornalfatosenoticias.com.br\/wp-content\/uploads\/2020\/02\/logo120.png\",\"contentUrl\":\"https:\/\/jornalfatosenoticias.com.br\/wp-content\/uploads\/2020\/02\/logo120.png\",\"width\":1227,\"height\":120,\"caption\":\"Jornal Fatos e Not\u00edcias\"},\"image\":{\"@id\":\"https:\/\/jornalfatosenoticias.com.br\/#\/schema\/logo\/image\/\"}},{\"@type\":\"Person\",\"@id\":\"https:\/\/jornalfatosenoticias.com.br\/#\/schema\/person\/d63837fa13ac8666eb9e74e0985d6f81\",\"name\":\"Luzimara Fernandes\",\"image\":{\"@type\":\"ImageObject\",\"inLanguage\":\"pt-BR\",\"@id\":\"https:\/\/jornalfatosenoticias.com.br\/#\/schema\/person\/image\/\",\"url\":\"https:\/\/jornalfatosenoticias.com.br\/wp-content\/uploads\/2025\/05\/EU_portal.jpg\",\"contentUrl\":\"https:\/\/jornalfatosenoticias.com.br\/wp-content\/uploads\/2025\/05\/EU_portal.jpg\",\"caption\":\"Luzimara Fernandes\"},\"description\":\"Jornalista MTB 2358-ES\",\"sameAs\":[\"https:\/\/jornalfatosenoticias.com.br\"],\"url\":\"https:\/\/jornalfatosenoticias.com.br\/index.php\/author\/luzimara\/\"}]}<\/script>\n<!-- \/ Yoast SEO plugin. -->","yoast_head_json":{"title":"Laser de som mais potente j\u00e1 feito - Jornal Fatos e Not\u00edcias","robots":{"index":"index","follow":"follow","max-snippet":"max-snippet:-1","max-image-preview":"max-image-preview:large","max-video-preview":"max-video-preview:-1"},"canonical":"https:\/\/jornalfatosenoticias.com.br\/index.php\/2024\/09\/16\/laser-de-som-mais-potente-ja-feito\/","og_locale":"pt_BR","og_type":"article","og_title":"Laser de som mais potente j\u00e1 feito - Jornal Fatos e Not\u00edcias","og_description":"Sistema ativo, acionado eletronicamente, produziu o laser de f\u00f4nons mais potente j\u00e1 constru\u00eddo Um laser de som s\u00f3 foi demonstrado inequivocamente h\u00e1 cerca de uma d\u00e9cada, mas agora esses dispositivos j\u00e1 atingem pot\u00eancias que poucos acreditavam ser poss\u00edvel, j\u00e1 no limiar para sua utiliza\u00e7\u00e3o pr\u00e1tica. Os lasers de som usam ondas sonoras (f\u00f4nons) em vez [&hellip;]","og_url":"https:\/\/jornalfatosenoticias.com.br\/index.php\/2024\/09\/16\/laser-de-som-mais-potente-ja-feito\/","og_site_name":"Jornal Fatos e Not\u00edcias","article_published_time":"2024-09-16T15:57:49+00:00","article_modified_time":"2024-09-16T15:57:50+00:00","og_image":[{"width":1000,"height":562,"url":"https:\/\/jornalfatosenoticias.com.br\/wp-content\/uploads\/2024\/09\/superlaser-de-som.jpg","type":"image\/jpeg"}],"author":"Luzimara Fernandes","twitter_card":"summary_large_image","twitter_misc":{"Escrito por":"Luzimara Fernandes","Est. tempo de leitura":"3 minutos"},"schema":{"@context":"https:\/\/schema.org","@graph":[{"@type":"Article","@id":"https:\/\/jornalfatosenoticias.com.br\/index.php\/2024\/09\/16\/laser-de-som-mais-potente-ja-feito\/#article","isPartOf":{"@id":"https:\/\/jornalfatosenoticias.com.br\/index.php\/2024\/09\/16\/laser-de-som-mais-potente-ja-feito\/"},"author":{"name":"Luzimara Fernandes","@id":"https:\/\/jornalfatosenoticias.com.br\/#\/schema\/person\/d63837fa13ac8666eb9e74e0985d6f81"},"headline":"Laser de som mais potente j\u00e1 feito","datePublished":"2024-09-16T15:57:49+00:00","dateModified":"2024-09-16T15:57:50+00:00","mainEntityOfPage":{"@id":"https:\/\/jornalfatosenoticias.com.br\/index.php\/2024\/09\/16\/laser-de-som-mais-potente-ja-feito\/"},"wordCount":575,"commentCount":0,"publisher":{"@id":"https:\/\/jornalfatosenoticias.com.br\/#organization"},"image":{"@id":"https:\/\/jornalfatosenoticias.com.br\/index.php\/2024\/09\/16\/laser-de-som-mais-potente-ja-feito\/#primaryimage"},"thumbnailUrl":"https:\/\/jornalfatosenoticias.com.br\/wp-content\/uploads\/2024\/09\/superlaser-de-som.jpg","keywords":["laser","laser de f\u00f4nons","laser de som","som potente"],"articleSection":["Tecnologia &amp; Inova\u00e7\u00e3o"],"inLanguage":"pt-BR","potentialAction":[{"@type":"CommentAction","name":"Comment","target":["https:\/\/jornalfatosenoticias.com.br\/index.php\/2024\/09\/16\/laser-de-som-mais-potente-ja-feito\/#respond"]}]},{"@type":"WebPage","@id":"https:\/\/jornalfatosenoticias.com.br\/index.php\/2024\/09\/16\/laser-de-som-mais-potente-ja-feito\/","url":"https:\/\/jornalfatosenoticias.com.br\/index.php\/2024\/09\/16\/laser-de-som-mais-potente-ja-feito\/","name":"Laser de som mais potente j\u00e1 feito - Jornal Fatos e Not\u00edcias","isPartOf":{"@id":"https:\/\/jornalfatosenoticias.com.br\/#website"},"primaryImageOfPage":{"@id":"https:\/\/jornalfatosenoticias.com.br\/index.php\/2024\/09\/16\/laser-de-som-mais-potente-ja-feito\/#primaryimage"},"image":{"@id":"https:\/\/jornalfatosenoticias.com.br\/index.php\/2024\/09\/16\/laser-de-som-mais-potente-ja-feito\/#primaryimage"},"thumbnailUrl":"https:\/\/jornalfatosenoticias.com.br\/wp-content\/uploads\/2024\/09\/superlaser-de-som.jpg","datePublished":"2024-09-16T15:57:49+00:00","dateModified":"2024-09-16T15:57:50+00:00","breadcrumb":{"@id":"https:\/\/jornalfatosenoticias.com.br\/index.php\/2024\/09\/16\/laser-de-som-mais-potente-ja-feito\/#breadcrumb"},"inLanguage":"pt-BR","potentialAction":[{"@type":"ReadAction","target":["https:\/\/jornalfatosenoticias.com.br\/index.php\/2024\/09\/16\/laser-de-som-mais-potente-ja-feito\/"]}]},{"@type":"ImageObject","inLanguage":"pt-BR","@id":"https:\/\/jornalfatosenoticias.com.br\/index.php\/2024\/09\/16\/laser-de-som-mais-potente-ja-feito\/#primaryimage","url":"https:\/\/jornalfatosenoticias.com.br\/wp-content\/uploads\/2024\/09\/superlaser-de-som.jpg","contentUrl":"https:\/\/jornalfatosenoticias.com.br\/wp-content\/uploads\/2024\/09\/superlaser-de-som.jpg","width":1000,"height":562},{"@type":"BreadcrumbList","@id":"https:\/\/jornalfatosenoticias.com.br\/index.php\/2024\/09\/16\/laser-de-som-mais-potente-ja-feito\/#breadcrumb","itemListElement":[{"@type":"ListItem","position":1,"name":"In\u00edcio","item":"https:\/\/jornalfatosenoticias.com.br\/"},{"@type":"ListItem","position":2,"name":"Laser de som mais potente j\u00e1 feito"}]},{"@type":"WebSite","@id":"https:\/\/jornalfatosenoticias.com.br\/#website","url":"https:\/\/jornalfatosenoticias.com.br\/","name":"Jornal Fatos e Not\u00edcias","description":"Not\u00edcias em geral","publisher":{"@id":"https:\/\/jornalfatosenoticias.com.br\/#organization"},"potentialAction":[{"@type":"SearchAction","target":{"@type":"EntryPoint","urlTemplate":"https:\/\/jornalfatosenoticias.com.br\/?s={search_term_string}"},"query-input":{"@type":"PropertyValueSpecification","valueRequired":true,"valueName":"search_term_string"}}],"inLanguage":"pt-BR"},{"@type":"Organization","@id":"https:\/\/jornalfatosenoticias.com.br\/#organization","name":"Jornal Fatos e Not\u00edcias","url":"https:\/\/jornalfatosenoticias.com.br\/","logo":{"@type":"ImageObject","inLanguage":"pt-BR","@id":"https:\/\/jornalfatosenoticias.com.br\/#\/schema\/logo\/image\/","url":"https:\/\/jornalfatosenoticias.com.br\/wp-content\/uploads\/2020\/02\/logo120.png","contentUrl":"https:\/\/jornalfatosenoticias.com.br\/wp-content\/uploads\/2020\/02\/logo120.png","width":1227,"height":120,"caption":"Jornal Fatos e Not\u00edcias"},"image":{"@id":"https:\/\/jornalfatosenoticias.com.br\/#\/schema\/logo\/image\/"}},{"@type":"Person","@id":"https:\/\/jornalfatosenoticias.com.br\/#\/schema\/person\/d63837fa13ac8666eb9e74e0985d6f81","name":"Luzimara Fernandes","image":{"@type":"ImageObject","inLanguage":"pt-BR","@id":"https:\/\/jornalfatosenoticias.com.br\/#\/schema\/person\/image\/","url":"https:\/\/jornalfatosenoticias.com.br\/wp-content\/uploads\/2025\/05\/EU_portal.jpg","contentUrl":"https:\/\/jornalfatosenoticias.com.br\/wp-content\/uploads\/2025\/05\/EU_portal.jpg","caption":"Luzimara Fernandes"},"description":"Jornalista MTB 2358-ES","sameAs":["https:\/\/jornalfatosenoticias.com.br"],"url":"https:\/\/jornalfatosenoticias.com.br\/index.php\/author\/luzimara\/"}]}},"cc_featured_image_caption":{"caption_text":"(Imagem: Guangzong Xiao et al.) ","source_text":"","source_url":""},"jetpack_featured_media_url":"https:\/\/jornalfatosenoticias.com.br\/wp-content\/uploads\/2024\/09\/superlaser-de-som.jpg","_links":{"self":[{"href":"https:\/\/jornalfatosenoticias.com.br\/index.php\/wp-json\/wp\/v2\/posts\/54208","targetHints":{"allow":["GET"]}}],"collection":[{"href":"https:\/\/jornalfatosenoticias.com.br\/index.php\/wp-json\/wp\/v2\/posts"}],"about":[{"href":"https:\/\/jornalfatosenoticias.com.br\/index.php\/wp-json\/wp\/v2\/types\/post"}],"author":[{"embeddable":true,"href":"https:\/\/jornalfatosenoticias.com.br\/index.php\/wp-json\/wp\/v2\/users\/2"}],"replies":[{"embeddable":true,"href":"https:\/\/jornalfatosenoticias.com.br\/index.php\/wp-json\/wp\/v2\/comments?post=54208"}],"version-history":[{"count":0,"href":"https:\/\/jornalfatosenoticias.com.br\/index.php\/wp-json\/wp\/v2\/posts\/54208\/revisions"}],"wp:featuredmedia":[{"embeddable":true,"href":"https:\/\/jornalfatosenoticias.com.br\/index.php\/wp-json\/wp\/v2\/media\/54209"}],"wp:attachment":[{"href":"https:\/\/jornalfatosenoticias.com.br\/index.php\/wp-json\/wp\/v2\/media?parent=54208"}],"wp:term":[{"taxonomy":"category","embeddable":true,"href":"https:\/\/jornalfatosenoticias.com.br\/index.php\/wp-json\/wp\/v2\/categories?post=54208"},{"taxonomy":"post_tag","embeddable":true,"href":"https:\/\/jornalfatosenoticias.com.br\/index.php\/wp-json\/wp\/v2\/tags?post=54208"}],"curies":[{"name":"wp","href":"https:\/\/api.w.org\/{rel}","templated":true}]}}