{"id":54220,"date":"2024-09-17T10:12:34","date_gmt":"2024-09-17T13:12:34","guid":{"rendered":"https:\/\/jornalfatosenoticias.com.br\/?p=54220"},"modified":"2024-09-17T10:12:35","modified_gmt":"2024-09-17T13:12:35","slug":"como-funciona-o-cerebro-dos-bebes-novo-dispositivo-revela-pistas","status":"publish","type":"post","link":"https:\/\/jornalfatosenoticias.com.br\/index.php\/2024\/09\/17\/como-funciona-o-cerebro-dos-bebes-novo-dispositivo-revela-pistas\/","title":{"rendered":"Como funciona o c\u00e9rebro dos beb\u00eas? Novo dispositivo revela pistas"},"content":{"rendered":"\n<p><em><span class=\"has-inline-color has-black-color\">Um capacete vest\u00edvel que usa luz para mapear a atividade cerebral ajudou cientistas a descobrirem mais sobre a mente dos beb\u00eas<\/span><\/em><\/p>\n\n\n\n<p><span class=\"has-inline-color has-black-color\">Por <strong><a href=\"https:\/\/olhardigital.com.br\/author\/nayra-teles\/\">Nayra Teles<\/a><\/strong><\/span><\/p>\n\n\n\n<div class=\"wp-block-image\"><figure class=\"aligncenter size-large\"><a href=\"https:\/\/mizu.com.br\/\"><img loading=\"lazy\" decoding=\"async\" width=\"729\" height=\"90\" src=\"https:\/\/jornalfatosenoticias.com.br\/wp-content\/uploads\/2020\/02\/Logo_Mizu.png\" alt=\"\" class=\"wp-image-1441\" srcset=\"https:\/\/jornalfatosenoticias.com.br\/wp-content\/uploads\/2020\/02\/Logo_Mizu.png 729w, https:\/\/jornalfatosenoticias.com.br\/wp-content\/uploads\/2020\/02\/Logo_Mizu-300x37.png 300w\" sizes=\"auto, (max-width: 729px) 100vw, 729px\" \/><\/a><\/figure><\/div>\n\n\n\n<p>A inf\u00e2ncia \u00e9 uma fase decisiva na forma\u00e7\u00e3o de qualquer pessoa. N\u00e3o \u00e0 toa, cientistas buscam entender o que acontece no c\u00e9rebro dos indiv\u00edduos quando ainda s\u00e3o\u00a0<a href=\"https:\/\/olhardigital.com.br\/tag\/bebes\/\"><strong>beb\u00eas<\/strong><\/a>. Atualmente, as tecnologias de\u00a0<a href=\"https:\/\/olhardigital.com.br\/tag\/mapeamento-cerebral\/\"><strong>mapeamento cerebral<\/strong><\/a> n\u00e3o permitem que a ci\u00eancia explore toda a extens\u00e3o da mente deles, mas um novo dispositivo pode mudar isso.<br>Um estudo conduzido por pesquisadores da University College London e da Birkbeck, em parceria com a subsidi\u00e1ria Gowerlabs, desenvolveu um capacete vest\u00edvel que mapeia o c\u00e9rebro por meio de ondas de luz, descobrindo novas informa\u00e7\u00f5es sobre como funciona a mente dos beb\u00eas. Os resultados da pesquisa foram publicados na revista <strong><a href=\"https:\/\/direct.mit.edu\/imag\/article\/doi\/10.1162\/imag_a_00244\/123636\/Whole-head-high-density-diffuse-optical-tomography\">Imaging Neuroscience.<\/a><\/strong><\/p>\n\n\n\n<div class=\"wp-block-image\"><figure class=\"aligncenter size-large is-resized\"><a href=\"https:\/\/www.facebook.com\/postobkr\/?locale=pt_BR\"><img loading=\"lazy\" decoding=\"async\" src=\"https:\/\/jornalfatosenoticias.com.br\/wp-content\/uploads\/2023\/08\/BKR-1024x1021.jpg\" alt=\"\" class=\"wp-image-44494\" width=\"301\" height=\"300\" srcset=\"https:\/\/jornalfatosenoticias.com.br\/wp-content\/uploads\/2023\/08\/BKR-1024x1021.jpg 1024w, https:\/\/jornalfatosenoticias.com.br\/wp-content\/uploads\/2023\/08\/BKR-300x300.jpg 300w, https:\/\/jornalfatosenoticias.com.br\/wp-content\/uploads\/2023\/08\/BKR-150x150.jpg 150w, https:\/\/jornalfatosenoticias.com.br\/wp-content\/uploads\/2023\/08\/BKR-768x766.jpg 768w, https:\/\/jornalfatosenoticias.com.br\/wp-content\/uploads\/2023\/08\/BKR.jpg 1080w\" sizes=\"auto, (max-width: 301px) 100vw, 301px\" \/><\/a><\/figure><\/div>\n\n\n\n<p>O capacete foi testado em dezesseis beb\u00eas entre cinco e sete meses de vida, enquanto recebiam diferentes est\u00edmulos visuais de v\u00eddeos com atores cantando can\u00e7\u00f5es de ninar e brinquedos em movimento. Esta \u00e9 a primeira vez que foi poss\u00edvel realizar um mapeamento extenso do <strong><a href=\"https:\/\/olhardigital.com.br\/tag\/cerebro\/\">c\u00e9rebro<\/a><\/strong> em um contexto em que a crian\u00e7a interage com situa\u00e7\u00f5es externas.<\/p>\n\n\n\n<div class=\"wp-block-image\"><figure class=\"aligncenter size-large is-resized\"><a href=\"https:\/\/www.instagram.com\/restaurantepegoretti\/\"><img loading=\"lazy\" decoding=\"async\" src=\"https:\/\/jornalfatosenoticias.com.br\/wp-content\/uploads\/2023\/12\/pegoretti-logo-pdf-1024x389.jpg\" alt=\"\" class=\"wp-image-47536\" width=\"398\" height=\"151\" srcset=\"https:\/\/jornalfatosenoticias.com.br\/wp-content\/uploads\/2023\/12\/pegoretti-logo-pdf-1024x389.jpg 1024w, https:\/\/jornalfatosenoticias.com.br\/wp-content\/uploads\/2023\/12\/pegoretti-logo-pdf-300x114.jpg 300w, https:\/\/jornalfatosenoticias.com.br\/wp-content\/uploads\/2023\/12\/pegoretti-logo-pdf-768x291.jpg 768w, https:\/\/jornalfatosenoticias.com.br\/wp-content\/uploads\/2023\/12\/pegoretti-logo-pdf.jpg 1120w\" sizes=\"auto, (max-width: 398px) 100vw, 398px\" \/><\/a><\/figure><\/div>\n\n\n\n<p>As informa\u00e7\u00f5es reveladas pelo <strong><a href=\"https:\/\/olhardigital.com.br\/tag\/dispositivos-medicos\/\">dispositivo<\/a><\/strong> mostraram uma atividade inesperada no c\u00f3rtex pr\u00e9-frontal dos beb\u00eas. Essa \u00e1rea, respons\u00e1vel por processar nossas emo\u00e7\u00f5es, respondeu aos cen\u00e1rios de est\u00edmulos sociais \u2014 por exemplo, quando algu\u00e9m canta para o beb\u00ea. A descoberta confirma que, a partir dos cinco meses de vida, as crian\u00e7as j\u00e1 come\u00e7am a decifrar situa\u00e7\u00f5es de intera\u00e7\u00e3o social.<\/p>\n\n\n\n<div class=\"wp-block-image\"><figure class=\"aligncenter size-large is-resized\"><a href=\"https:\/\/www.ithbrasil.com.br\/\"><img loading=\"lazy\" decoding=\"async\" src=\"https:\/\/jornalfatosenoticias.com.br\/wp-content\/uploads\/2023\/08\/ITH.jpeg\" alt=\"\" class=\"wp-image-44638\" width=\"308\" height=\"250\" srcset=\"https:\/\/jornalfatosenoticias.com.br\/wp-content\/uploads\/2023\/08\/ITH.jpeg 800w, https:\/\/jornalfatosenoticias.com.br\/wp-content\/uploads\/2023\/08\/ITH-300x244.jpeg 300w, https:\/\/jornalfatosenoticias.com.br\/wp-content\/uploads\/2023\/08\/ITH-768x624.jpeg 768w\" sizes=\"auto, (max-width: 308px) 100vw, 308px\" \/><\/a><\/figure><\/div>\n\n\n\n<p>Al\u00e9m disso, o estudo encontrou diferen\u00e7as claras na atividade cerebral entre est\u00edmulos sociais e n\u00e3o sociais. A atividade cerebral em respostas sociais, inclusive, foi mais intensa. O dispositivo \u00e9 bem menor do que uma m\u00e1quina de resson\u00e2ncia magn\u00e9tica comum e pode ser levado e utilizado em diversos cen\u00e1rios de estudo com mais praticidade, sem perder precis\u00e3o. Isso \u00e9 uma grande vantagem quando o assunto \u00e9 entender o c\u00e9rebro dos beb\u00eas. Por isso, os pesquisadores acreditam que a tecnologia permitir\u00e1 grandes avan\u00e7os no campo do desenvolvimento infantil e da neuroci\u00eancia.<\/p>\n\n\n\n<div class=\"wp-block-image\"><figure class=\"aligncenter size-large is-resized\"><a href=\"https:\/\/www.instagram.com\/vmais.midias\/\"><img loading=\"lazy\" decoding=\"async\" src=\"https:\/\/jornalfatosenoticias.com.br\/wp-content\/uploads\/2020\/02\/DE-MAIS-DESTAQUE-VMAIS-800X700.png\" alt=\"\" class=\"wp-image-53112\" width=\"284\" height=\"248\" srcset=\"https:\/\/jornalfatosenoticias.com.br\/wp-content\/uploads\/2020\/02\/DE-MAIS-DESTAQUE-VMAIS-800X700.png 800w, https:\/\/jornalfatosenoticias.com.br\/wp-content\/uploads\/2020\/02\/DE-MAIS-DESTAQUE-VMAIS-800X700-300x263.png 300w, https:\/\/jornalfatosenoticias.com.br\/wp-content\/uploads\/2020\/02\/DE-MAIS-DESTAQUE-VMAIS-800X700-768x672.png 768w\" sizes=\"auto, (max-width: 284px) 100vw, 284px\" \/><\/a><\/figure><\/div>\n\n\n\n<p>No futuro, ser\u00e1 poss\u00edvel mapear melhor as conex\u00f5es entre diferentes regi\u00f5es do c\u00e9rebro, entender o que distingue o desenvolvimento t\u00edpico do at\u00edpico e, possivelmente, identificar cedo condi\u00e7\u00f5es como autismo, dislexia e TDAH \u2014 tudo isso com menor custo financeiro e maior facilidade. <\/p>\n\n\n\n<div class=\"wp-block-image\"><figure class=\"aligncenter size-large is-resized\"><img loading=\"lazy\" decoding=\"async\" src=\"https:\/\/jornalfatosenoticias.com.br\/wp-content\/uploads\/2022\/02\/Precisao-Contabilidade-1024x724.jpg\" alt=\"\" class=\"wp-image-28088\" width=\"338\" height=\"239\"\/><\/figure><\/div>\n\n\n\n<blockquote class=\"wp-block-quote is-layout-flow wp-block-quote-is-layout-flow\"><p><span class=\"has-inline-color has-luminous-vivid-orange-color\">Poderemos ver o que acontece no c\u00e9rebro dos beb\u00eas enquanto eles brincam, aprendem e interagem com outras pessoas de uma forma muito natural&#8221;, explica Emily Jones, autora do estudo, ao <strong><a href=\"https:\/\/medicalxpress.com\/news\/2024-09-wearable-brain-imaging-device-babies.html\">Medical Xpress<\/a><\/strong>.<\/span><\/p><\/blockquote>\n\n\n\n<div class=\"wp-block-image\"><figure class=\"aligncenter size-large is-resized\"><a href=\"https:\/\/www.legisjuris.com.br\/\"><img loading=\"lazy\" decoding=\"async\" src=\"https:\/\/jornalfatosenoticias.com.br\/wp-content\/uploads\/2024\/09\/Legis-Juris-Consultoria_logo.jpg\" alt=\"\" class=\"wp-image-53915\" width=\"401\" height=\"168\" srcset=\"https:\/\/jornalfatosenoticias.com.br\/wp-content\/uploads\/2024\/09\/Legis-Juris-Consultoria_logo.jpg 969w, https:\/\/jornalfatosenoticias.com.br\/wp-content\/uploads\/2024\/09\/Legis-Juris-Consultoria_logo-300x126.jpg 300w, https:\/\/jornalfatosenoticias.com.br\/wp-content\/uploads\/2024\/09\/Legis-Juris-Consultoria_logo-768x322.jpg 768w\" sizes=\"auto, (max-width: 401px) 100vw, 401px\" \/><\/a><\/figure><\/div>\n\n\n\n<p><strong><em>Fonte: <a href=\"https:\/\/olhardigital.com.br\/2024\/09\/13\/medicina-e-saude\/como-funciona-o-cerebro-dos-bebes-novo-dispositivo-revela-pistas\/\">Olhar Digital<\/a><\/em><\/strong><\/p>\n","protected":false},"excerpt":{"rendered":"<p>Um capacete vest\u00edvel que usa luz para mapear a atividade cerebral ajudou cientistas a descobrirem mais sobre a mente dos beb\u00eas Por Nayra Teles A inf\u00e2ncia \u00e9 uma fase decisiva na forma\u00e7\u00e3o de qualquer pessoa. N\u00e3o \u00e0 toa, cientistas buscam entender o que acontece no c\u00e9rebro dos indiv\u00edduos quando ainda s\u00e3o\u00a0beb\u00eas. Atualmente, as tecnologias de\u00a0mapeamento [&hellip;]<\/p>\n","protected":false},"author":2,"featured_media":54221,"comment_status":"open","ping_status":"open","sticky":false,"template":"","format":"standard","meta":{"footnotes":""},"categories":[2522],"tags":[546,2336,24711,24712,6658],"class_list":["post-54220","post","type-post","status-publish","format-standard","has-post-thumbnail","hentry","category-comportamento","tag-bebe","tag-cerebro","tag-dispositivo-vestivel","tag-dispositivos-medicos","tag-neurociencia"],"yoast_head":"<!-- This site is optimized with the Yoast SEO plugin v26.5 - https:\/\/yoast.com\/wordpress\/plugins\/seo\/ -->\n<title>Como funciona o c\u00e9rebro dos beb\u00eas? Novo dispositivo revela pistas - Jornal Fatos e Not\u00edcias<\/title>\n<meta name=\"robots\" content=\"index, follow, max-snippet:-1, max-image-preview:large, max-video-preview:-1\" \/>\n<link rel=\"canonical\" href=\"https:\/\/jornalfatosenoticias.com.br\/index.php\/2024\/09\/17\/como-funciona-o-cerebro-dos-bebes-novo-dispositivo-revela-pistas\/\" \/>\n<meta property=\"og:locale\" content=\"pt_BR\" \/>\n<meta property=\"og:type\" content=\"article\" \/>\n<meta property=\"og:title\" content=\"Como funciona o c\u00e9rebro dos beb\u00eas? Novo dispositivo revela pistas - Jornal Fatos e Not\u00edcias\" \/>\n<meta property=\"og:description\" content=\"Um capacete vest\u00edvel que usa luz para mapear a atividade cerebral ajudou cientistas a descobrirem mais sobre a mente dos beb\u00eas Por Nayra Teles A inf\u00e2ncia \u00e9 uma fase decisiva na forma\u00e7\u00e3o de qualquer pessoa. N\u00e3o \u00e0 toa, cientistas buscam entender o que acontece no c\u00e9rebro dos indiv\u00edduos quando ainda s\u00e3o\u00a0beb\u00eas. Atualmente, as tecnologias de\u00a0mapeamento [&hellip;]\" \/>\n<meta property=\"og:url\" content=\"https:\/\/jornalfatosenoticias.com.br\/index.php\/2024\/09\/17\/como-funciona-o-cerebro-dos-bebes-novo-dispositivo-revela-pistas\/\" \/>\n<meta property=\"og:site_name\" content=\"Jornal Fatos e Not\u00edcias\" \/>\n<meta property=\"article:published_time\" content=\"2024-09-17T13:12:34+00:00\" \/>\n<meta property=\"article:modified_time\" content=\"2024-09-17T13:12:35+00:00\" \/>\n<meta property=\"og:image\" content=\"https:\/\/jornalfatosenoticias.com.br\/wp-content\/uploads\/2024\/09\/Como-funciona-o-cerebro-dos-bebes_istock.jpg\" \/>\n\t<meta property=\"og:image:width\" content=\"612\" \/>\n\t<meta property=\"og:image:height\" content=\"408\" \/>\n\t<meta property=\"og:image:type\" content=\"image\/jpeg\" \/>\n<meta name=\"author\" content=\"Luzimara Fernandes\" \/>\n<meta name=\"twitter:card\" content=\"summary_large_image\" \/>\n<meta name=\"twitter:label1\" content=\"Escrito por\" \/>\n\t<meta name=\"twitter:data1\" content=\"Luzimara Fernandes\" \/>\n\t<meta name=\"twitter:label2\" content=\"Est. tempo de leitura\" \/>\n\t<meta name=\"twitter:data2\" content=\"2 minutos\" \/>\n<script type=\"application\/ld+json\" class=\"yoast-schema-graph\">{\"@context\":\"https:\/\/schema.org\",\"@graph\":[{\"@type\":\"Article\",\"@id\":\"https:\/\/jornalfatosenoticias.com.br\/index.php\/2024\/09\/17\/como-funciona-o-cerebro-dos-bebes-novo-dispositivo-revela-pistas\/#article\",\"isPartOf\":{\"@id\":\"https:\/\/jornalfatosenoticias.com.br\/index.php\/2024\/09\/17\/como-funciona-o-cerebro-dos-bebes-novo-dispositivo-revela-pistas\/\"},\"author\":{\"name\":\"Luzimara Fernandes\",\"@id\":\"https:\/\/jornalfatosenoticias.com.br\/#\/schema\/person\/d63837fa13ac8666eb9e74e0985d6f81\"},\"headline\":\"Como funciona o c\u00e9rebro dos beb\u00eas? Novo dispositivo revela pistas\",\"datePublished\":\"2024-09-17T13:12:34+00:00\",\"dateModified\":\"2024-09-17T13:12:35+00:00\",\"mainEntityOfPage\":{\"@id\":\"https:\/\/jornalfatosenoticias.com.br\/index.php\/2024\/09\/17\/como-funciona-o-cerebro-dos-bebes-novo-dispositivo-revela-pistas\/\"},\"wordCount\":472,\"commentCount\":0,\"publisher\":{\"@id\":\"https:\/\/jornalfatosenoticias.com.br\/#organization\"},\"image\":{\"@id\":\"https:\/\/jornalfatosenoticias.com.br\/index.php\/2024\/09\/17\/como-funciona-o-cerebro-dos-bebes-novo-dispositivo-revela-pistas\/#primaryimage\"},\"thumbnailUrl\":\"https:\/\/jornalfatosenoticias.com.br\/wp-content\/uploads\/2024\/09\/Como-funciona-o-cerebro-dos-bebes_istock.jpg\",\"keywords\":[\"beb\u00ea\",\"c\u00e9rebro\",\"dispositivo vest\u00edvel\",\"dispositivos m\u00e9dicos\",\"neuroci\u00eancia\"],\"articleSection\":[\"Comportamento &amp; Equil\u00edbrio\"],\"inLanguage\":\"pt-BR\",\"potentialAction\":[{\"@type\":\"CommentAction\",\"name\":\"Comment\",\"target\":[\"https:\/\/jornalfatosenoticias.com.br\/index.php\/2024\/09\/17\/como-funciona-o-cerebro-dos-bebes-novo-dispositivo-revela-pistas\/#respond\"]}]},{\"@type\":\"WebPage\",\"@id\":\"https:\/\/jornalfatosenoticias.com.br\/index.php\/2024\/09\/17\/como-funciona-o-cerebro-dos-bebes-novo-dispositivo-revela-pistas\/\",\"url\":\"https:\/\/jornalfatosenoticias.com.br\/index.php\/2024\/09\/17\/como-funciona-o-cerebro-dos-bebes-novo-dispositivo-revela-pistas\/\",\"name\":\"Como funciona o c\u00e9rebro dos beb\u00eas? Novo dispositivo revela pistas - Jornal Fatos e Not\u00edcias\",\"isPartOf\":{\"@id\":\"https:\/\/jornalfatosenoticias.com.br\/#website\"},\"primaryImageOfPage\":{\"@id\":\"https:\/\/jornalfatosenoticias.com.br\/index.php\/2024\/09\/17\/como-funciona-o-cerebro-dos-bebes-novo-dispositivo-revela-pistas\/#primaryimage\"},\"image\":{\"@id\":\"https:\/\/jornalfatosenoticias.com.br\/index.php\/2024\/09\/17\/como-funciona-o-cerebro-dos-bebes-novo-dispositivo-revela-pistas\/#primaryimage\"},\"thumbnailUrl\":\"https:\/\/jornalfatosenoticias.com.br\/wp-content\/uploads\/2024\/09\/Como-funciona-o-cerebro-dos-bebes_istock.jpg\",\"datePublished\":\"2024-09-17T13:12:34+00:00\",\"dateModified\":\"2024-09-17T13:12:35+00:00\",\"breadcrumb\":{\"@id\":\"https:\/\/jornalfatosenoticias.com.br\/index.php\/2024\/09\/17\/como-funciona-o-cerebro-dos-bebes-novo-dispositivo-revela-pistas\/#breadcrumb\"},\"inLanguage\":\"pt-BR\",\"potentialAction\":[{\"@type\":\"ReadAction\",\"target\":[\"https:\/\/jornalfatosenoticias.com.br\/index.php\/2024\/09\/17\/como-funciona-o-cerebro-dos-bebes-novo-dispositivo-revela-pistas\/\"]}]},{\"@type\":\"ImageObject\",\"inLanguage\":\"pt-BR\",\"@id\":\"https:\/\/jornalfatosenoticias.com.br\/index.php\/2024\/09\/17\/como-funciona-o-cerebro-dos-bebes-novo-dispositivo-revela-pistas\/#primaryimage\",\"url\":\"https:\/\/jornalfatosenoticias.com.br\/wp-content\/uploads\/2024\/09\/Como-funciona-o-cerebro-dos-bebes_istock.jpg\",\"contentUrl\":\"https:\/\/jornalfatosenoticias.com.br\/wp-content\/uploads\/2024\/09\/Como-funciona-o-cerebro-dos-bebes_istock.jpg\",\"width\":612,\"height\":408,\"caption\":\"Baby playing with learning toy\"},{\"@type\":\"BreadcrumbList\",\"@id\":\"https:\/\/jornalfatosenoticias.com.br\/index.php\/2024\/09\/17\/como-funciona-o-cerebro-dos-bebes-novo-dispositivo-revela-pistas\/#breadcrumb\",\"itemListElement\":[{\"@type\":\"ListItem\",\"position\":1,\"name\":\"In\u00edcio\",\"item\":\"https:\/\/jornalfatosenoticias.com.br\/\"},{\"@type\":\"ListItem\",\"position\":2,\"name\":\"Como funciona o c\u00e9rebro dos beb\u00eas? Novo dispositivo revela pistas\"}]},{\"@type\":\"WebSite\",\"@id\":\"https:\/\/jornalfatosenoticias.com.br\/#website\",\"url\":\"https:\/\/jornalfatosenoticias.com.br\/\",\"name\":\"Jornal Fatos e Not\u00edcias\",\"description\":\"Not\u00edcias em geral\",\"publisher\":{\"@id\":\"https:\/\/jornalfatosenoticias.com.br\/#organization\"},\"potentialAction\":[{\"@type\":\"SearchAction\",\"target\":{\"@type\":\"EntryPoint\",\"urlTemplate\":\"https:\/\/jornalfatosenoticias.com.br\/?s={search_term_string}\"},\"query-input\":{\"@type\":\"PropertyValueSpecification\",\"valueRequired\":true,\"valueName\":\"search_term_string\"}}],\"inLanguage\":\"pt-BR\"},{\"@type\":\"Organization\",\"@id\":\"https:\/\/jornalfatosenoticias.com.br\/#organization\",\"name\":\"Jornal Fatos e Not\u00edcias\",\"url\":\"https:\/\/jornalfatosenoticias.com.br\/\",\"logo\":{\"@type\":\"ImageObject\",\"inLanguage\":\"pt-BR\",\"@id\":\"https:\/\/jornalfatosenoticias.com.br\/#\/schema\/logo\/image\/\",\"url\":\"https:\/\/jornalfatosenoticias.com.br\/wp-content\/uploads\/2020\/02\/logo120.png\",\"contentUrl\":\"https:\/\/jornalfatosenoticias.com.br\/wp-content\/uploads\/2020\/02\/logo120.png\",\"width\":1227,\"height\":120,\"caption\":\"Jornal Fatos e Not\u00edcias\"},\"image\":{\"@id\":\"https:\/\/jornalfatosenoticias.com.br\/#\/schema\/logo\/image\/\"}},{\"@type\":\"Person\",\"@id\":\"https:\/\/jornalfatosenoticias.com.br\/#\/schema\/person\/d63837fa13ac8666eb9e74e0985d6f81\",\"name\":\"Luzimara Fernandes\",\"image\":{\"@type\":\"ImageObject\",\"inLanguage\":\"pt-BR\",\"@id\":\"https:\/\/jornalfatosenoticias.com.br\/#\/schema\/person\/image\/\",\"url\":\"https:\/\/jornalfatosenoticias.com.br\/wp-content\/uploads\/2025\/05\/EU_portal.jpg\",\"contentUrl\":\"https:\/\/jornalfatosenoticias.com.br\/wp-content\/uploads\/2025\/05\/EU_portal.jpg\",\"caption\":\"Luzimara Fernandes\"},\"description\":\"Jornalista MTB 2358-ES\",\"sameAs\":[\"https:\/\/jornalfatosenoticias.com.br\"],\"url\":\"https:\/\/jornalfatosenoticias.com.br\/index.php\/author\/luzimara\/\"}]}<\/script>\n<!-- \/ Yoast SEO plugin. -->","yoast_head_json":{"title":"Como funciona o c\u00e9rebro dos beb\u00eas? Novo dispositivo revela pistas - Jornal Fatos e Not\u00edcias","robots":{"index":"index","follow":"follow","max-snippet":"max-snippet:-1","max-image-preview":"max-image-preview:large","max-video-preview":"max-video-preview:-1"},"canonical":"https:\/\/jornalfatosenoticias.com.br\/index.php\/2024\/09\/17\/como-funciona-o-cerebro-dos-bebes-novo-dispositivo-revela-pistas\/","og_locale":"pt_BR","og_type":"article","og_title":"Como funciona o c\u00e9rebro dos beb\u00eas? Novo dispositivo revela pistas - Jornal Fatos e Not\u00edcias","og_description":"Um capacete vest\u00edvel que usa luz para mapear a atividade cerebral ajudou cientistas a descobrirem mais sobre a mente dos beb\u00eas Por Nayra Teles A inf\u00e2ncia \u00e9 uma fase decisiva na forma\u00e7\u00e3o de qualquer pessoa. N\u00e3o \u00e0 toa, cientistas buscam entender o que acontece no c\u00e9rebro dos indiv\u00edduos quando ainda s\u00e3o\u00a0beb\u00eas. Atualmente, as tecnologias de\u00a0mapeamento [&hellip;]","og_url":"https:\/\/jornalfatosenoticias.com.br\/index.php\/2024\/09\/17\/como-funciona-o-cerebro-dos-bebes-novo-dispositivo-revela-pistas\/","og_site_name":"Jornal Fatos e Not\u00edcias","article_published_time":"2024-09-17T13:12:34+00:00","article_modified_time":"2024-09-17T13:12:35+00:00","og_image":[{"width":612,"height":408,"url":"https:\/\/jornalfatosenoticias.com.br\/wp-content\/uploads\/2024\/09\/Como-funciona-o-cerebro-dos-bebes_istock.jpg","type":"image\/jpeg"}],"author":"Luzimara Fernandes","twitter_card":"summary_large_image","twitter_misc":{"Escrito por":"Luzimara Fernandes","Est. tempo de leitura":"2 minutos"},"schema":{"@context":"https:\/\/schema.org","@graph":[{"@type":"Article","@id":"https:\/\/jornalfatosenoticias.com.br\/index.php\/2024\/09\/17\/como-funciona-o-cerebro-dos-bebes-novo-dispositivo-revela-pistas\/#article","isPartOf":{"@id":"https:\/\/jornalfatosenoticias.com.br\/index.php\/2024\/09\/17\/como-funciona-o-cerebro-dos-bebes-novo-dispositivo-revela-pistas\/"},"author":{"name":"Luzimara Fernandes","@id":"https:\/\/jornalfatosenoticias.com.br\/#\/schema\/person\/d63837fa13ac8666eb9e74e0985d6f81"},"headline":"Como funciona o c\u00e9rebro dos beb\u00eas? Novo dispositivo revela pistas","datePublished":"2024-09-17T13:12:34+00:00","dateModified":"2024-09-17T13:12:35+00:00","mainEntityOfPage":{"@id":"https:\/\/jornalfatosenoticias.com.br\/index.php\/2024\/09\/17\/como-funciona-o-cerebro-dos-bebes-novo-dispositivo-revela-pistas\/"},"wordCount":472,"commentCount":0,"publisher":{"@id":"https:\/\/jornalfatosenoticias.com.br\/#organization"},"image":{"@id":"https:\/\/jornalfatosenoticias.com.br\/index.php\/2024\/09\/17\/como-funciona-o-cerebro-dos-bebes-novo-dispositivo-revela-pistas\/#primaryimage"},"thumbnailUrl":"https:\/\/jornalfatosenoticias.com.br\/wp-content\/uploads\/2024\/09\/Como-funciona-o-cerebro-dos-bebes_istock.jpg","keywords":["beb\u00ea","c\u00e9rebro","dispositivo vest\u00edvel","dispositivos m\u00e9dicos","neuroci\u00eancia"],"articleSection":["Comportamento &amp; Equil\u00edbrio"],"inLanguage":"pt-BR","potentialAction":[{"@type":"CommentAction","name":"Comment","target":["https:\/\/jornalfatosenoticias.com.br\/index.php\/2024\/09\/17\/como-funciona-o-cerebro-dos-bebes-novo-dispositivo-revela-pistas\/#respond"]}]},{"@type":"WebPage","@id":"https:\/\/jornalfatosenoticias.com.br\/index.php\/2024\/09\/17\/como-funciona-o-cerebro-dos-bebes-novo-dispositivo-revela-pistas\/","url":"https:\/\/jornalfatosenoticias.com.br\/index.php\/2024\/09\/17\/como-funciona-o-cerebro-dos-bebes-novo-dispositivo-revela-pistas\/","name":"Como funciona o c\u00e9rebro dos beb\u00eas? Novo dispositivo revela pistas - Jornal Fatos e Not\u00edcias","isPartOf":{"@id":"https:\/\/jornalfatosenoticias.com.br\/#website"},"primaryImageOfPage":{"@id":"https:\/\/jornalfatosenoticias.com.br\/index.php\/2024\/09\/17\/como-funciona-o-cerebro-dos-bebes-novo-dispositivo-revela-pistas\/#primaryimage"},"image":{"@id":"https:\/\/jornalfatosenoticias.com.br\/index.php\/2024\/09\/17\/como-funciona-o-cerebro-dos-bebes-novo-dispositivo-revela-pistas\/#primaryimage"},"thumbnailUrl":"https:\/\/jornalfatosenoticias.com.br\/wp-content\/uploads\/2024\/09\/Como-funciona-o-cerebro-dos-bebes_istock.jpg","datePublished":"2024-09-17T13:12:34+00:00","dateModified":"2024-09-17T13:12:35+00:00","breadcrumb":{"@id":"https:\/\/jornalfatosenoticias.com.br\/index.php\/2024\/09\/17\/como-funciona-o-cerebro-dos-bebes-novo-dispositivo-revela-pistas\/#breadcrumb"},"inLanguage":"pt-BR","potentialAction":[{"@type":"ReadAction","target":["https:\/\/jornalfatosenoticias.com.br\/index.php\/2024\/09\/17\/como-funciona-o-cerebro-dos-bebes-novo-dispositivo-revela-pistas\/"]}]},{"@type":"ImageObject","inLanguage":"pt-BR","@id":"https:\/\/jornalfatosenoticias.com.br\/index.php\/2024\/09\/17\/como-funciona-o-cerebro-dos-bebes-novo-dispositivo-revela-pistas\/#primaryimage","url":"https:\/\/jornalfatosenoticias.com.br\/wp-content\/uploads\/2024\/09\/Como-funciona-o-cerebro-dos-bebes_istock.jpg","contentUrl":"https:\/\/jornalfatosenoticias.com.br\/wp-content\/uploads\/2024\/09\/Como-funciona-o-cerebro-dos-bebes_istock.jpg","width":612,"height":408,"caption":"Baby playing with learning toy"},{"@type":"BreadcrumbList","@id":"https:\/\/jornalfatosenoticias.com.br\/index.php\/2024\/09\/17\/como-funciona-o-cerebro-dos-bebes-novo-dispositivo-revela-pistas\/#breadcrumb","itemListElement":[{"@type":"ListItem","position":1,"name":"In\u00edcio","item":"https:\/\/jornalfatosenoticias.com.br\/"},{"@type":"ListItem","position":2,"name":"Como funciona o c\u00e9rebro dos beb\u00eas? Novo dispositivo revela pistas"}]},{"@type":"WebSite","@id":"https:\/\/jornalfatosenoticias.com.br\/#website","url":"https:\/\/jornalfatosenoticias.com.br\/","name":"Jornal Fatos e Not\u00edcias","description":"Not\u00edcias em geral","publisher":{"@id":"https:\/\/jornalfatosenoticias.com.br\/#organization"},"potentialAction":[{"@type":"SearchAction","target":{"@type":"EntryPoint","urlTemplate":"https:\/\/jornalfatosenoticias.com.br\/?s={search_term_string}"},"query-input":{"@type":"PropertyValueSpecification","valueRequired":true,"valueName":"search_term_string"}}],"inLanguage":"pt-BR"},{"@type":"Organization","@id":"https:\/\/jornalfatosenoticias.com.br\/#organization","name":"Jornal Fatos e Not\u00edcias","url":"https:\/\/jornalfatosenoticias.com.br\/","logo":{"@type":"ImageObject","inLanguage":"pt-BR","@id":"https:\/\/jornalfatosenoticias.com.br\/#\/schema\/logo\/image\/","url":"https:\/\/jornalfatosenoticias.com.br\/wp-content\/uploads\/2020\/02\/logo120.png","contentUrl":"https:\/\/jornalfatosenoticias.com.br\/wp-content\/uploads\/2020\/02\/logo120.png","width":1227,"height":120,"caption":"Jornal Fatos e Not\u00edcias"},"image":{"@id":"https:\/\/jornalfatosenoticias.com.br\/#\/schema\/logo\/image\/"}},{"@type":"Person","@id":"https:\/\/jornalfatosenoticias.com.br\/#\/schema\/person\/d63837fa13ac8666eb9e74e0985d6f81","name":"Luzimara Fernandes","image":{"@type":"ImageObject","inLanguage":"pt-BR","@id":"https:\/\/jornalfatosenoticias.com.br\/#\/schema\/person\/image\/","url":"https:\/\/jornalfatosenoticias.com.br\/wp-content\/uploads\/2025\/05\/EU_portal.jpg","contentUrl":"https:\/\/jornalfatosenoticias.com.br\/wp-content\/uploads\/2025\/05\/EU_portal.jpg","caption":"Luzimara Fernandes"},"description":"Jornalista MTB 2358-ES","sameAs":["https:\/\/jornalfatosenoticias.com.br"],"url":"https:\/\/jornalfatosenoticias.com.br\/index.php\/author\/luzimara\/"}]}},"cc_featured_image_caption":{"caption_text":"(Foto: iStock)","source_text":"","source_url":""},"jetpack_featured_media_url":"https:\/\/jornalfatosenoticias.com.br\/wp-content\/uploads\/2024\/09\/Como-funciona-o-cerebro-dos-bebes_istock.jpg","_links":{"self":[{"href":"https:\/\/jornalfatosenoticias.com.br\/index.php\/wp-json\/wp\/v2\/posts\/54220","targetHints":{"allow":["GET"]}}],"collection":[{"href":"https:\/\/jornalfatosenoticias.com.br\/index.php\/wp-json\/wp\/v2\/posts"}],"about":[{"href":"https:\/\/jornalfatosenoticias.com.br\/index.php\/wp-json\/wp\/v2\/types\/post"}],"author":[{"embeddable":true,"href":"https:\/\/jornalfatosenoticias.com.br\/index.php\/wp-json\/wp\/v2\/users\/2"}],"replies":[{"embeddable":true,"href":"https:\/\/jornalfatosenoticias.com.br\/index.php\/wp-json\/wp\/v2\/comments?post=54220"}],"version-history":[{"count":0,"href":"https:\/\/jornalfatosenoticias.com.br\/index.php\/wp-json\/wp\/v2\/posts\/54220\/revisions"}],"wp:featuredmedia":[{"embeddable":true,"href":"https:\/\/jornalfatosenoticias.com.br\/index.php\/wp-json\/wp\/v2\/media\/54221"}],"wp:attachment":[{"href":"https:\/\/jornalfatosenoticias.com.br\/index.php\/wp-json\/wp\/v2\/media?parent=54220"}],"wp:term":[{"taxonomy":"category","embeddable":true,"href":"https:\/\/jornalfatosenoticias.com.br\/index.php\/wp-json\/wp\/v2\/categories?post=54220"},{"taxonomy":"post_tag","embeddable":true,"href":"https:\/\/jornalfatosenoticias.com.br\/index.php\/wp-json\/wp\/v2\/tags?post=54220"}],"curies":[{"name":"wp","href":"https:\/\/api.w.org\/{rel}","templated":true}]}}