{"id":54254,"date":"2024-09-17T13:07:28","date_gmt":"2024-09-17T16:07:28","guid":{"rendered":"https:\/\/jornalfatosenoticias.com.br\/?p=54254"},"modified":"2024-09-17T13:07:31","modified_gmt":"2024-09-17T16:07:31","slug":"comparativo-com-o-agro-brasileiro-mostra-fosso-criado-pela-esquerda-na-argentina","status":"publish","type":"post","link":"https:\/\/jornalfatosenoticias.com.br\/index.php\/2024\/09\/17\/comparativo-com-o-agro-brasileiro-mostra-fosso-criado-pela-esquerda-na-argentina\/","title":{"rendered":"Comparativo com o agro brasileiro mostra fosso criado pela esquerda na Argentina"},"content":{"rendered":"\n<p><span class=\"has-inline-color has-black-color\">Por <a href=\"https:\/\/www.gazetadopovo.com.br\/autor\/marcos-tosi\/\"><strong>Marcos Tosi<\/strong><\/a><\/span><\/p>\n\n\n\n<div class=\"wp-block-image\"><figure class=\"aligncenter size-large\"><a href=\"https:\/\/mizu.com.br\/\"><img loading=\"lazy\" decoding=\"async\" width=\"729\" height=\"90\" src=\"https:\/\/jornalfatosenoticias.com.br\/wp-content\/uploads\/2020\/02\/Logo_Mizu.png\" alt=\"\" class=\"wp-image-1441\" srcset=\"https:\/\/jornalfatosenoticias.com.br\/wp-content\/uploads\/2020\/02\/Logo_Mizu.png 729w, https:\/\/jornalfatosenoticias.com.br\/wp-content\/uploads\/2020\/02\/Logo_Mizu-300x37.png 300w\" sizes=\"auto, (max-width: 729px) 100vw, 729px\" \/><\/a><\/figure><\/div>\n\n\n\n<p>O recrudescimento de pol\u00edticas comerciais intervencionistas do per\u00edodo kirschnerista na Argentina, a partir de 2003, com maior controle do c\u00e2mbio e sobretaxa\u00e7\u00e3o das exporta\u00e7\u00f5es, aprofundou o fosso que separa o desenvolvimento da agropecu\u00e1ria no pa\u00eds vizinho em rela\u00e7\u00e3o ao Brasil.<br>Um estudo comparativo da Bolsa de Com\u00e9rcio de Ros\u00e1rio busca entender por que a agricultura argentina tem ficado para tr\u00e1s da brasileira, apesar de vantagens naturais como terras f\u00e9rteis e baixos custos com log\u00edstica e transporte.<br>\u00c9 fato que, desde 1997, o pa\u00eds vizinho dobrou a produ\u00e7\u00e3o de gr\u00e3os. <\/p>\n\n\n\n<div class=\"wp-block-image\"><figure class=\"aligncenter size-large is-resized\"><img loading=\"lazy\" decoding=\"async\" src=\"https:\/\/jornalfatosenoticias.com.br\/wp-content\/uploads\/2022\/02\/Precisao-Contabilidade-1024x724.jpg\" alt=\"\" class=\"wp-image-28088\" width=\"355\" height=\"251\"\/><\/figure><\/div>\n\n\n\n<p>O Brasil, contudo, quadruplicou as colheitas no mesmo per\u00edodo. E passou a responder por 64,6% da produ\u00e7\u00e3o total sul-americana, enquanto a Argentina recuou 13,3 pontos percentuais para um patamar de 25,8%. Na d\u00e9cada de 90, a colheita m\u00e9dia de soja, milho e trigo da Argentina representava 65% da produ\u00e7\u00e3o brasileira. No ciclo 2022\/23, ap\u00f3s quebra recorde devido \u00e0 seca, esse n\u00famero recuou para 22%.<\/p>\n\n\n\n<div class=\"wp-block-image\"><figure class=\"aligncenter size-large is-resized\"><a href=\"https:\/\/www.instagram.com\/restaurantepegoretti\/\"><img loading=\"lazy\" decoding=\"async\" src=\"https:\/\/jornalfatosenoticias.com.br\/wp-content\/uploads\/2023\/12\/pegoretti-logo-pdf-1024x389.jpg\" alt=\"\" class=\"wp-image-47536\" width=\"427\" height=\"162\" srcset=\"https:\/\/jornalfatosenoticias.com.br\/wp-content\/uploads\/2023\/12\/pegoretti-logo-pdf-1024x389.jpg 1024w, https:\/\/jornalfatosenoticias.com.br\/wp-content\/uploads\/2023\/12\/pegoretti-logo-pdf-300x114.jpg 300w, https:\/\/jornalfatosenoticias.com.br\/wp-content\/uploads\/2023\/12\/pegoretti-logo-pdf-768x291.jpg 768w, https:\/\/jornalfatosenoticias.com.br\/wp-content\/uploads\/2023\/12\/pegoretti-logo-pdf.jpg 1120w\" sizes=\"auto, (max-width: 427px) 100vw, 427px\" \/><\/a><\/figure><\/div>\n\n\n\n<p><strong><span class=\"has-inline-color has-black-color\">Argentina encolheu na produ\u00e7\u00e3o total sul-americana<br><\/span><\/strong>Os dados fazem parte do artigo \u201cPor que a agricultura argentina n\u00e3o cresce no ritmo da brasileira?\u201d, publicado pela Bolsa de Ros\u00e1rio. O comparativo foi apresentado em Bras\u00edlia, no final de agosto, durante o Primeiro Congresso Latino-Americano de Di\u00e1logos: Perspectivas Econ\u00f4micas sobre o Subdesenvolvimento.<\/p>\n\n\n\n<div class=\"wp-block-image\"><figure class=\"aligncenter size-large\"><a href=\"http:\/\/www.ferrarimaquinas.com.br\/\"><img loading=\"lazy\" decoding=\"async\" width=\"300\" height=\"250\" src=\"https:\/\/jornalfatosenoticias.com.br\/wp-content\/uploads\/2022\/02\/FERRARI_MAQUINAS-E-FERRAMENTAS2.jpg\" alt=\"\" class=\"wp-image-27860\"\/><\/a><\/figure><\/div>\n\n\n\n<p>Na pr\u00e1tica, dizem os autores, \u201cse a Argentina tivesse mantido a mesma rela\u00e7\u00e3o de 20 anos atr\u00e1s com o Brasil (65,6% da produ\u00e7\u00e3o brasileira), atualmente a produ\u00e7\u00e3o argentina das tr\u00eas culturas totalizaria 165 milh\u00f5es de toneladas. Na safra 2021\/22 a colheita de soja, milho e trigo na Argentina atingiu 116 milh\u00f5es de toneladas, uma diferen\u00e7a de quase 50 milh\u00f5es\u201d. Assinam o artigo os economistas <strong>Guido D\u2019Angelo, Bruno Ferrari e Julio Calzada.<\/strong><\/p>\n\n\n\n<div class=\"wp-block-image\"><figure class=\"aligncenter size-large is-resized\"><a href=\"https:\/\/www.legisjuris.com.br\/\"><img loading=\"lazy\" decoding=\"async\" src=\"https:\/\/jornalfatosenoticias.com.br\/wp-content\/uploads\/2024\/09\/Legis-Juris-Consultoria_logo.jpg\" alt=\"\" class=\"wp-image-53915\" width=\"430\" height=\"180\" srcset=\"https:\/\/jornalfatosenoticias.com.br\/wp-content\/uploads\/2024\/09\/Legis-Juris-Consultoria_logo.jpg 969w, https:\/\/jornalfatosenoticias.com.br\/wp-content\/uploads\/2024\/09\/Legis-Juris-Consultoria_logo-300x126.jpg 300w, https:\/\/jornalfatosenoticias.com.br\/wp-content\/uploads\/2024\/09\/Legis-Juris-Consultoria_logo-768x322.jpg 768w\" sizes=\"auto, (max-width: 430px) 100vw, 430px\" \/><\/a><\/figure><\/div>\n\n\n\n<p>Considerando as duas \u00faltimas d\u00e9cadas, o recuo argentino significou a n\u00e3o produ\u00e7\u00e3o de um total acumulado de 95 milh\u00f5es de toneladas de soja, 60 milh\u00f5es de toneladas de milho e 33 milh\u00f5es de toneladas de trigo. Aos atuais pre\u00e7os FOB, o pa\u00eds deixou de faturar US$ 3,1 bilh\u00f5es a mais por ano.<\/p>\n\n\n\n<div class=\"wp-block-image\"><figure class=\"aligncenter size-large\"><img loading=\"lazy\" decoding=\"async\" width=\"1024\" height=\"682\" src=\"https:\/\/jornalfatosenoticias.com.br\/wp-content\/uploads\/2024\/09\/bolsa-de-comercio-da-argetina-1024x682.jpg\" alt=\"\" class=\"wp-image-54255\" srcset=\"https:\/\/jornalfatosenoticias.com.br\/wp-content\/uploads\/2024\/09\/bolsa-de-comercio-da-argetina-1024x682.jpg 1024w, https:\/\/jornalfatosenoticias.com.br\/wp-content\/uploads\/2024\/09\/bolsa-de-comercio-da-argetina-300x200.jpg 300w, https:\/\/jornalfatosenoticias.com.br\/wp-content\/uploads\/2024\/09\/bolsa-de-comercio-da-argetina-768x512.jpg 768w, https:\/\/jornalfatosenoticias.com.br\/wp-content\/uploads\/2024\/09\/bolsa-de-comercio-da-argetina.jpg 1280w\" sizes=\"auto, (max-width: 1024px) 100vw, 1024px\" \/><figcaption><em><span class=\"has-inline-color has-black-color\">Bolsa de Com\u00e9rcio de Ros\u00e1rio \u00e9 a principal bolsa de cereais da Argentina (Foto: Albari Rosa\/Arquivo Gazeta do Povo)<\/span><\/em><\/figcaption><\/figure><\/div>\n\n\n\n<p><strong><span class=\"has-inline-color has-black-color\">Raz\u00f5es para o atraso do agro argentino<br><\/span><\/strong>A vantagem brasileira n\u00e3o se explica apenas pelo aumento da \u00e1rea plantada, ainda que significativo. Os hectares cultivados com soja, milho e trigo no Brasil cresceram 53% entre 2012 e 2022, contra aumento de 8% na Argentina. O Brasil tamb\u00e9m agregou maior produtividade aos cultivos, liderando a implanta\u00e7\u00e3o de novas tecnologias. Enquanto por aqui cerca de 70% das sementes utilizadas s\u00e3o controladas e reconhecem o pagamento de royalties, na Argentina o percentual \u00e9 de apenas 35%.<\/p>\n\n\n\n<div class=\"wp-block-image\"><figure class=\"aligncenter size-large is-resized\"><a href=\"https:\/\/www.instagram.com\/serra4x4cambioautomatico\/\"><img loading=\"lazy\" decoding=\"async\" src=\"https:\/\/jornalfatosenoticias.com.br\/wp-content\/uploads\/2024\/08\/Serra-4x4-1-886x1024.jpg\" alt=\"\" class=\"wp-image-53632\" width=\"309\" height=\"356\" srcset=\"https:\/\/jornalfatosenoticias.com.br\/wp-content\/uploads\/2024\/08\/Serra-4x4-1-886x1024.jpg 886w, https:\/\/jornalfatosenoticias.com.br\/wp-content\/uploads\/2024\/08\/Serra-4x4-1-260x300.jpg 260w, https:\/\/jornalfatosenoticias.com.br\/wp-content\/uploads\/2024\/08\/Serra-4x4-1-768x888.jpg 768w, https:\/\/jornalfatosenoticias.com.br\/wp-content\/uploads\/2024\/08\/Serra-4x4-1.jpg 1181w\" sizes=\"auto, (max-width: 309px) 100vw, 309px\" \/><\/a><\/figure><\/div>\n\n\n\n<p>Talvez o fator mais determinante para o atraso argentino, contudo, esteja na insistente pol\u00edtica de controle do c\u00e2mbio e restri\u00e7\u00e3o \u00e0s exporta\u00e7\u00f5es por meio de cotas e taxas. A justificativa sempre foi a de fomentar o desenvolvimento industrial interno e garantir a seguran\u00e7a alimentar. Os impostos sobre exporta\u00e7\u00e3o (33% de reten\u00e7\u00f5es para a soja, por exemplo) e o c\u00e2mbio artificial do governo (at\u00e9 50% mais baixo) \u201croubam\u201d at\u00e9 65% da renda dos produtores.<\/p>\n\n\n\n<div class=\"wp-block-image\"><figure class=\"aligncenter size-large is-resized\"><a href=\"https:\/\/www.facebook.com\/postobkr\/?locale=pt_BR\"><img loading=\"lazy\" decoding=\"async\" src=\"https:\/\/jornalfatosenoticias.com.br\/wp-content\/uploads\/2023\/08\/BKR-1024x1021.jpg\" alt=\"\" class=\"wp-image-44494\" width=\"286\" height=\"285\" srcset=\"https:\/\/jornalfatosenoticias.com.br\/wp-content\/uploads\/2023\/08\/BKR-1024x1021.jpg 1024w, https:\/\/jornalfatosenoticias.com.br\/wp-content\/uploads\/2023\/08\/BKR-300x300.jpg 300w, https:\/\/jornalfatosenoticias.com.br\/wp-content\/uploads\/2023\/08\/BKR-150x150.jpg 150w, https:\/\/jornalfatosenoticias.com.br\/wp-content\/uploads\/2023\/08\/BKR-768x766.jpg 768w, https:\/\/jornalfatosenoticias.com.br\/wp-content\/uploads\/2023\/08\/BKR.jpg 1080w\" sizes=\"auto, (max-width: 286px) 100vw, 286px\" \/><\/a><\/figure><\/div>\n\n\n\n<p>O estudo dos pesquisadores de Ros\u00e1rio conclui que esse confisco oficial compromete a capacidade de investimento do agro argentino. Isso fica claro no n\u00famero de tratores nos dois pa\u00edses. Enquanto no Brasil a frota cresceu quase 50% de 2006 a 2017, totalizando 1,23 milh\u00e3o de unidades, na Argentina houve encolhimento de 20,5%, passando de 244 mil unidades para 194 mil.<\/p>\n\n\n\n<div class=\"wp-block-image\"><figure class=\"aligncenter size-large is-resized\"><a href=\"https:\/\/www.facebook.com\/vetor.vix\/\"><img loading=\"lazy\" decoding=\"async\" src=\"https:\/\/jornalfatosenoticias.com.br\/wp-content\/uploads\/2023\/09\/vetorvix1024_1.jpg\" alt=\"\" class=\"wp-image-44868\" width=\"546\" height=\"145\" srcset=\"https:\/\/jornalfatosenoticias.com.br\/wp-content\/uploads\/2023\/09\/vetorvix1024_1.jpg 1024w, https:\/\/jornalfatosenoticias.com.br\/wp-content\/uploads\/2023\/09\/vetorvix1024_1-300x80.jpg 300w, https:\/\/jornalfatosenoticias.com.br\/wp-content\/uploads\/2023\/09\/vetorvix1024_1-768x205.jpg 768w\" sizes=\"auto, (max-width: 546px) 100vw, 546px\" \/><\/a><\/figure><\/div>\n\n\n\n<p><strong><span class=\"has-inline-color has-black-color\">Milei pede paci\u00eancia aos produtores<br><\/span><\/strong>Os limites \u00e0 exporta\u00e7\u00e3o de carne, por outro lado, em vez de fazer sobrar produto no mercado interno, t\u00eam desestimulado os pecuaristas. Como resultado, a Argentina exporta apenas uma tonelada de carne para cada 40 toneladas de milho produzidas. No Brasil a rela\u00e7\u00e3o \u00e9 de uma tonelada de carne para cada cinco toneladas de milho.<\/p>\n\n\n\n<div class=\"wp-block-image\"><figure class=\"aligncenter size-large is-resized\"><a href=\"https:\/\/hotelmarquetti.com.br\/\"><img loading=\"lazy\" decoding=\"async\" src=\"https:\/\/jornalfatosenoticias.com.br\/wp-content\/uploads\/2020\/02\/nova-logo-Marquetti.jpg\" alt=\"\" class=\"wp-image-22331\" width=\"344\" height=\"231\" srcset=\"https:\/\/jornalfatosenoticias.com.br\/wp-content\/uploads\/2020\/02\/nova-logo-Marquetti.jpg 643w, https:\/\/jornalfatosenoticias.com.br\/wp-content\/uploads\/2020\/02\/nova-logo-Marquetti-300x202.jpg 300w\" sizes=\"auto, (max-width: 344px) 100vw, 344px\" \/><\/a><\/figure><\/div>\n\n\n\n<p>Durante a maior feira agropecu\u00e1ria do pa\u00eds, em Palermo, no fim de julho, o presidente Javier Milei voltou a prometer o fim do imposto sobre as exporta\u00e7\u00f5es do agro, mas pediu paci\u00eancia aos produtores.<\/p>\n\n\n\n<div class=\"wp-block-image\"><figure class=\"aligncenter size-large\"><a href=\"https:\/\/www.instagram.com\/esteiochurrascaria\/\"><img decoding=\"async\" src=\"https:\/\/jornalfatosenoticias.com.br\/wp-content\/uploads\/2020\/02\/logo_esteio.jpg\" alt=\"\" class=\"wp-image-1214\"\/><\/a><\/figure><\/div>\n\n\n\n<blockquote class=\"wp-block-quote is-layout-flow wp-block-quote-is-layout-flow\"><p><span class=\"has-inline-color has-luminous-vivid-orange-color\">Ningu\u00e9m est\u00e1 t\u00e3o ansioso como n\u00f3s para sair deste modelo desastroso em que o Estado, entre reten\u00e7\u00f5es e estoques, expropria 70% do que se produz no campo. Contudo, sabemos que retirar esses remendos representaria agravar a crise que herdamos\u201d, afirmou.<\/span><\/p><\/blockquote>\n\n\n\n<div class=\"wp-block-image\"><figure class=\"aligncenter size-large is-resized\"><a href=\"https:\/\/www.instagram.com\/vmais.midias\/\"><img loading=\"lazy\" decoding=\"async\" src=\"https:\/\/jornalfatosenoticias.com.br\/wp-content\/uploads\/2020\/02\/DE-MAIS-DESTAQUE-VMAIS-800X700.png\" alt=\"\" class=\"wp-image-53112\" width=\"285\" height=\"249\" srcset=\"https:\/\/jornalfatosenoticias.com.br\/wp-content\/uploads\/2020\/02\/DE-MAIS-DESTAQUE-VMAIS-800X700.png 800w, https:\/\/jornalfatosenoticias.com.br\/wp-content\/uploads\/2020\/02\/DE-MAIS-DESTAQUE-VMAIS-800X700-300x263.png 300w, https:\/\/jornalfatosenoticias.com.br\/wp-content\/uploads\/2020\/02\/DE-MAIS-DESTAQUE-VMAIS-800X700-768x672.png 768w\" sizes=\"auto, (max-width: 285px) 100vw, 285px\" \/><\/a><\/figure><\/div>\n\n\n\n<p>Uma publica\u00e7\u00e3o do Instituto de Pesquisa Econ\u00f4mica Aplicada (Ipea), de junho deste ano, mostra que o desempenho das exporta\u00e7\u00f5es argentinas tem se baseado apenas no crescimento do com\u00e9rcio mundial, com queda de competitividade. O Brasil, ao contr\u00e1rio, vem crescendo com expressivos ganhos de produtividade.<\/p>\n\n\n\n<div class=\"wp-block-image\"><figure class=\"aligncenter size-large is-resized\"><a href=\"https:\/\/www.ithbrasil.com.br\/\"><img loading=\"lazy\" decoding=\"async\" src=\"https:\/\/jornalfatosenoticias.com.br\/wp-content\/uploads\/2023\/08\/ITH.jpeg\" alt=\"\" class=\"wp-image-44638\" width=\"296\" height=\"240\" srcset=\"https:\/\/jornalfatosenoticias.com.br\/wp-content\/uploads\/2023\/08\/ITH.jpeg 800w, https:\/\/jornalfatosenoticias.com.br\/wp-content\/uploads\/2023\/08\/ITH-300x244.jpeg 300w, https:\/\/jornalfatosenoticias.com.br\/wp-content\/uploads\/2023\/08\/ITH-768x624.jpeg 768w\" sizes=\"auto, (max-width: 296px) 100vw, 296px\" \/><\/a><\/figure><\/div>\n\n\n\n<blockquote class=\"wp-block-quote is-layout-flow wp-block-quote-is-layout-flow\"><p><span class=\"has-inline-color has-luminous-vivid-orange-color\">O exemplo argentino \u00e9 um cl\u00e1ssico do que n\u00e3o se deve fazer, pois o pa\u00eds era, no passado, considerado rico, mas passou nas \u00faltimas d\u00e9cadas para um desenvolvimento econ\u00f4mico med\u00edocre\u201d, dizem os pesquisadores Jos\u00e9 Eust\u00e1quio Ribeiro Vieira Filho e Zenaide Rodrigues Ferreira, autores do estudo.<\/span><\/p><\/blockquote>\n\n\n\n<div class=\"wp-block-image\"><figure class=\"aligncenter size-large is-resized\"><a href=\"https:\/\/www.instagram.com\/restaurantepegoretti\/\"><img loading=\"lazy\" decoding=\"async\" src=\"https:\/\/jornalfatosenoticias.com.br\/wp-content\/uploads\/2023\/12\/pegoretti-logo-pdf-1024x389.jpg\" alt=\"\" class=\"wp-image-47536\" width=\"382\" height=\"145\" srcset=\"https:\/\/jornalfatosenoticias.com.br\/wp-content\/uploads\/2023\/12\/pegoretti-logo-pdf-1024x389.jpg 1024w, https:\/\/jornalfatosenoticias.com.br\/wp-content\/uploads\/2023\/12\/pegoretti-logo-pdf-300x114.jpg 300w, https:\/\/jornalfatosenoticias.com.br\/wp-content\/uploads\/2023\/12\/pegoretti-logo-pdf-768x291.jpg 768w, https:\/\/jornalfatosenoticias.com.br\/wp-content\/uploads\/2023\/12\/pegoretti-logo-pdf.jpg 1120w\" sizes=\"auto, (max-width: 382px) 100vw, 382px\" \/><\/a><\/figure><\/div>\n\n\n\n<p><strong><span class=\"has-inline-color has-black-color\">Brasil seguiu trajet\u00f3ria diferente, incentivando exporta\u00e7\u00f5es<br><\/span><\/strong>Em entrevista \u00e0 Gazeta do Povo, Vieira Filho recorda que os fundamentos da moderna agropecu\u00e1ria brasileira foram lan\u00e7ados na cria\u00e7\u00e3o da Embrapa no in\u00edcio dos anos 1970, e sua consequente contribui\u00e7\u00e3o para tropicalizar a agricultura e desbravar o Cerrado. Na pol\u00edtica econ\u00f4mica, um divisor de \u00e1guas teria ocorrido na virada para 2000, quando o Brasil abandonou a pol\u00edtica de controle do d\u00f3lar, passando a adotar a cota\u00e7\u00e3o flutuante.<\/p>\n\n\n\n<div class=\"wp-block-image\"><figure class=\"aligncenter size-large is-resized\"><a href=\"https:\/\/www.controlsystems.com.br\/\"><img loading=\"lazy\" decoding=\"async\" src=\"https:\/\/jornalfatosenoticias.com.br\/wp-content\/uploads\/2020\/02\/CONTROL-CS.jpg\" alt=\"\" class=\"wp-image-44991\" width=\"290\" height=\"347\" srcset=\"https:\/\/jornalfatosenoticias.com.br\/wp-content\/uploads\/2020\/02\/CONTROL-CS.jpg 834w, https:\/\/jornalfatosenoticias.com.br\/wp-content\/uploads\/2020\/02\/CONTROL-CS-250x300.jpg 250w, https:\/\/jornalfatosenoticias.com.br\/wp-content\/uploads\/2020\/02\/CONTROL-CS-768x921.jpg 768w\" sizes=\"auto, (max-width: 290px) 100vw, 290px\" \/><\/a><\/figure><\/div>\n\n\n\n<p>Junto com o ajuste fiscal e o regime de metas de infla\u00e7\u00e3o, criou-se o que ficou conhecido como trip\u00e9 macroecon\u00f4mico. Quando a China entrou na Organiza\u00e7\u00e3o Mundial do Com\u00e9rcio (OMC), em 2002, e passou a importar elevados volumes de commodities agr\u00edcolas, o Brasil estava mais preparado para atender a demanda do que os argentinos, amarrados \u00e0s taxas de exporta\u00e7\u00e3o e ao r\u00edgido controle cambial.<\/p>\n\n\n\n<div class=\"wp-block-image\"><figure class=\"aligncenter size-large\"><a href=\"https:\/\/cesconetto.com.br\/\"><img loading=\"lazy\" decoding=\"async\" width=\"300\" height=\"250\" src=\"https:\/\/jornalfatosenoticias.com.br\/wp-content\/uploads\/2020\/02\/Banner-2.png\" alt=\"\" class=\"wp-image-43787\"\/><\/a><\/figure><\/div>\n\n\n\n<p>O equ\u00edvoco argentino, segundo Vieira Filho, teria sido aderir \u00e0 vis\u00e3o te\u00f3rica estruturalista, que parte do pressuposto de que a agropecu\u00e1ria, ainda que moderna, \u00e9 sempre menos interessante para desenvolver o pa\u00eds do que a industrializa\u00e7\u00e3o.<\/p>\n\n\n\n<div class=\"wp-block-image\"><figure class=\"aligncenter size-large is-resized\"><a href=\"https:\/\/panper.com.br\/\"><img loading=\"lazy\" decoding=\"async\" src=\"https:\/\/jornalfatosenoticias.com.br\/wp-content\/uploads\/2023\/03\/logo-Panper_portal.jpg\" alt=\"\" class=\"wp-image-40208\" width=\"321\" height=\"222\" srcset=\"https:\/\/jornalfatosenoticias.com.br\/wp-content\/uploads\/2023\/03\/logo-Panper_portal.jpg 400w, https:\/\/jornalfatosenoticias.com.br\/wp-content\/uploads\/2023\/03\/logo-Panper_portal-300x208.jpg 300w\" sizes=\"auto, (max-width: 321px) 100vw, 321px\" \/><\/a><\/figure><\/div>\n\n\n\n<p>\u201cUma das hip\u00f3teses da teoria estruturalista \u00e9 que os termos de troca s\u00e3o desfavor\u00e1veis. Quando a gente observa, os termos de troca na verdade foram extremamente favor\u00e1veis ao setor agropecu\u00e1rio\u201d, sublinha o pesquisador. Como exemplo, ele faz uma compara\u00e7\u00e3o entre o pre\u00e7o de um laptop na d\u00e9cada de 1990, em torno de R$ 7 mil, e que nos anos 2000 passou a custar de R$ 2 mil a R$ 3 mil. A tonelada da soja fez caminho inverso, e mais do que dobrou de valor no mesmo per\u00edodo.<\/p>\n\n\n\n<div class=\"wp-block-image\"><figure class=\"aligncenter size-large\"><img loading=\"lazy\" decoding=\"async\" width=\"1024\" height=\"682\" src=\"https:\/\/jornalfatosenoticias.com.br\/wp-content\/uploads\/2024\/09\/caminho-do-agro_brasil-argentina-1024x682.jpg\" alt=\"\" class=\"wp-image-54256\" srcset=\"https:\/\/jornalfatosenoticias.com.br\/wp-content\/uploads\/2024\/09\/caminho-do-agro_brasil-argentina-1024x682.jpg 1024w, https:\/\/jornalfatosenoticias.com.br\/wp-content\/uploads\/2024\/09\/caminho-do-agro_brasil-argentina-300x200.jpg 300w, https:\/\/jornalfatosenoticias.com.br\/wp-content\/uploads\/2024\/09\/caminho-do-agro_brasil-argentina-768x512.jpg 768w, https:\/\/jornalfatosenoticias.com.br\/wp-content\/uploads\/2024\/09\/caminho-do-agro_brasil-argentina.jpg 1280w\" sizes=\"auto, (max-width: 1024px) 100vw, 1024px\" \/><figcaption><em><span class=\"has-inline-color has-black-color\">Nas pol\u00edticas para o agro, Brasil e Argentina seguiram caminhos diversos nas \u00faltimas d\u00e9cadas (Foto: Albari Rosa\/Arquivo Gazeta do Povo)<\/span><\/em><\/figcaption><\/figure><\/div>\n\n\n\n<p><strong><span class=\"has-inline-color has-black-color\">Caso brasileiro desmente &#8220;teoria da depend\u00eancia&#8221;, diz pesquisador<br><\/span><\/strong>\u201cOu seja, voc\u00ea teve um aumento dos pre\u00e7os das commodities, ao mesmo tempo em que houve uma deprecia\u00e7\u00e3o dos pre\u00e7os dos bens industriais. O caso brasileiro rejeita a teoria da depend\u00eancia, de que pa\u00edses que t\u00eam base econ\u00f4mica agroexportadora estariam relativamente piores do que aqueles pa\u00edses com bases industriais\u201d, diz o pesquisador do Ipea. \u00a0<\/p>\n\n\n\n<div class=\"wp-block-image\"><figure class=\"aligncenter size-large is-resized\"><a href=\"https:\/\/www.instagram.com\/ligadossaborespizzaria\/\"><img loading=\"lazy\" decoding=\"async\" src=\"https:\/\/jornalfatosenoticias.com.br\/wp-content\/uploads\/2024\/09\/WhatsApp-Image-2024-09-14-at-22.46.10-819x1024.jpeg\" alt=\"\" class=\"wp-image-54180\" width=\"299\" height=\"374\" srcset=\"https:\/\/jornalfatosenoticias.com.br\/wp-content\/uploads\/2024\/09\/WhatsApp-Image-2024-09-14-at-22.46.10-819x1024.jpeg 819w, https:\/\/jornalfatosenoticias.com.br\/wp-content\/uploads\/2024\/09\/WhatsApp-Image-2024-09-14-at-22.46.10-240x300.jpeg 240w, https:\/\/jornalfatosenoticias.com.br\/wp-content\/uploads\/2024\/09\/WhatsApp-Image-2024-09-14-at-22.46.10-768x960.jpeg 768w, https:\/\/jornalfatosenoticias.com.br\/wp-content\/uploads\/2024\/09\/WhatsApp-Image-2024-09-14-at-22.46.10.jpeg 1024w\" sizes=\"auto, (max-width: 299px) 100vw, 299px\" \/><\/a><\/figure><\/div>\n\n\n\n<p>Por outro lado, o erro argentino, e de tantos outros pa\u00edses que taxam as commodities agr\u00edcolas, \u00e9 imaginar que os setores prim\u00e1rio, industrial e de servi\u00e7os funcionam de forma separada. \u201cN\u00e3o \u00e9 o fato de eu ter um setor agropecu\u00e1rio forte que n\u00e3o posso estimular o setor comercial\u201d, assegura Vieira Filho.<\/p>\n\n\n\n<div class=\"wp-block-image\"><figure class=\"aligncenter size-large is-resized\"><img loading=\"lazy\" decoding=\"async\" src=\"https:\/\/jornalfatosenoticias.com.br\/wp-content\/uploads\/2022\/02\/Precisao-Contabilidade-1024x724.jpg\" alt=\"\" class=\"wp-image-28088\" width=\"334\" height=\"236\"\/><\/figure><\/div>\n\n\n\n<blockquote class=\"wp-block-quote is-layout-flow wp-block-quote-is-layout-flow\"><p><span class=\"has-inline-color has-luminous-vivid-orange-color\">No Brasil, a gente percebe que as cidades com setor agroindustrial mais diversificado e fortalecido s\u00e3o as que t\u00eam os melhores desempenhos de crescimento de IDH, que implicam em mais renda per capita, melhoria de sa\u00fade e de educa\u00e7\u00e3o da popula\u00e7\u00e3o\u201d, argumenta.<\/span><\/p><\/blockquote>\n\n\n\n<div class=\"wp-block-image\"><figure class=\"aligncenter size-large\"><a href=\"https:\/\/mizu.com.br\/\"><img loading=\"lazy\" decoding=\"async\" width=\"729\" height=\"90\" src=\"https:\/\/jornalfatosenoticias.com.br\/wp-content\/uploads\/2020\/02\/Logo_Mizu.png\" alt=\"\" class=\"wp-image-1441\" srcset=\"https:\/\/jornalfatosenoticias.com.br\/wp-content\/uploads\/2020\/02\/Logo_Mizu.png 729w, https:\/\/jornalfatosenoticias.com.br\/wp-content\/uploads\/2020\/02\/Logo_Mizu-300x37.png 300w\" sizes=\"auto, (max-width: 729px) 100vw, 729px\" \/><\/a><\/figure><\/div>\n\n\n\n<p><strong><span class=\"has-inline-color has-black-color\">Argentina tenta recuperar terreno perdido<br><\/span><\/strong>No estudo da Bolsa de Ros\u00e1rio, os pesquisadores argentinos veem espa\u00e7o para recuperar o terreno perdido. Para isso, seria preciso diminuir o atraso tecnol\u00f3gico e agregar at\u00e9 6,5 milh\u00f5es de hectares dispon\u00edveis para expans\u00e3o agr\u00edcola, o que permitiria crescimento entre 10% a 30% da produ\u00e7\u00e3o. Esse avan\u00e7o, contudo, depende de aumento da renda dos produtores.<\/p>\n\n\n\n<div class=\"wp-block-image\"><figure class=\"aligncenter size-large\"><a href=\"https:\/\/www.instagram.com\/esteiochurrascaria\/\"><img decoding=\"async\" src=\"https:\/\/jornalfatosenoticias.com.br\/wp-content\/uploads\/2020\/02\/logo_esteio.jpg\" alt=\"\" class=\"wp-image-1214\"\/><\/a><\/figure><\/div>\n\n\n\n<blockquote class=\"wp-block-quote is-layout-flow wp-block-quote-is-layout-flow\"><p><span class=\"has-inline-color has-luminous-vivid-orange-color\">Isto pode ser obtido com menor ou nenhum desvio cambial, um corte nas tarifas de exporta\u00e7\u00e3o e um melhor contexto macroecon\u00f4mico. Uma redu\u00e7\u00e3o do peso destes fatores permitiria ao setor agroindustrial argentino recuperar uma trajet\u00f3ria de crescimento mais sustent\u00e1vel e com uma contribui\u00e7\u00e3o ainda maior para a economia\u201d, dizem os pesquisadores.\u00a0Somente em soja, milho e trigo, a renda se expandiria em US$ 13 bilh\u00f5es por ano.<\/span><\/p><\/blockquote>\n\n\n\n<div class=\"wp-block-image\"><figure class=\"aligncenter size-large is-resized\"><a href=\"https:\/\/hotelmarquetti.com.br\/\"><img loading=\"lazy\" decoding=\"async\" src=\"https:\/\/jornalfatosenoticias.com.br\/wp-content\/uploads\/2023\/03\/nova-logo-Marquetti.jpg\" alt=\"\" class=\"wp-image-40207\" width=\"316\" height=\"212\" srcset=\"https:\/\/jornalfatosenoticias.com.br\/wp-content\/uploads\/2023\/03\/nova-logo-Marquetti.jpg 643w, https:\/\/jornalfatosenoticias.com.br\/wp-content\/uploads\/2023\/03\/nova-logo-Marquetti-300x202.jpg 300w\" sizes=\"auto, (max-width: 316px) 100vw, 316px\" \/><\/a><\/figure><\/div>\n\n\n\n<p>Se tanto Argentina como o Brasil passaram por prolongados per\u00edodos sob governos de esquerda, o que explica caminhos t\u00e3o diferentes trilhados pela agropecu\u00e1ria nos dois lados da fronteira? Para Diego de La Puente, diretor da N\u00f3vitas, uma das principais consultorias agropecu\u00e1rias de Buenos Aires, no caso brasileiro as pol\u00edticas de apoio ao setor agropecu\u00e1rio t\u00eam sido mantidas ao longo dos anos, como o Plano Safra, com regras claras e menos interfer\u00eancias ideol\u00f3gicas, apesar da frequente ret\u00f3rica anti-agro.<\/p>\n\n\n\n<div class=\"wp-block-image\"><figure class=\"aligncenter size-large\"><a href=\"http:\/\/www.ferrarimaquinas.com.br\/\"><img loading=\"lazy\" decoding=\"async\" width=\"300\" height=\"250\" src=\"https:\/\/jornalfatosenoticias.com.br\/wp-content\/uploads\/2022\/02\/FERRARI_MAQUINAS-E-FERRAMENTAS2.jpg\" alt=\"\" class=\"wp-image-27860\"\/><\/a><\/figure><\/div>\n\n\n\n<p><strong><span class=\"has-inline-color has-black-color\">Na Argentina, cada governo inventa algo diferente<br><\/span><\/strong>\u201cNa Argentina, j\u00e1 tivemos governos de direita, de esquerda, de centro, o que for, mas \u00e9 fato que cada governo inventa algo diferente. Javier Milei n\u00e3o \u00e9 exce\u00e7\u00e3o, porque, al\u00e9m de todas as possibilidades que a Argentina tem, e dos desejos do governo, que obviamente \u00e9 favor\u00e1vel ao campo, \u00e9 mais f\u00e1cil falar do que fazer\u201d, sublinha De La Puente.<\/p>\n\n\n\n<div class=\"wp-block-image\"><figure class=\"aligncenter size-large is-resized\"><a href=\"https:\/\/www.facebook.com\/postobkr\/?locale=pt_BR\"><img loading=\"lazy\" decoding=\"async\" src=\"https:\/\/jornalfatosenoticias.com.br\/wp-content\/uploads\/2023\/08\/BKR-1024x1021.jpg\" alt=\"\" class=\"wp-image-44494\" width=\"301\" height=\"300\" srcset=\"https:\/\/jornalfatosenoticias.com.br\/wp-content\/uploads\/2023\/08\/BKR-1024x1021.jpg 1024w, https:\/\/jornalfatosenoticias.com.br\/wp-content\/uploads\/2023\/08\/BKR-300x300.jpg 300w, https:\/\/jornalfatosenoticias.com.br\/wp-content\/uploads\/2023\/08\/BKR-150x150.jpg 150w, https:\/\/jornalfatosenoticias.com.br\/wp-content\/uploads\/2023\/08\/BKR-768x766.jpg 768w, https:\/\/jornalfatosenoticias.com.br\/wp-content\/uploads\/2023\/08\/BKR.jpg 1080w\" sizes=\"auto, (max-width: 301px) 100vw, 301px\" \/><\/a><\/figure><\/div>\n\n\n\n<blockquote class=\"wp-block-quote is-layout-flow wp-block-quote-is-layout-flow\"><p><span class=\"has-inline-color has-luminous-vivid-orange-color\">As tarifas de exporta\u00e7\u00e3o n\u00e3o baixaram, ainda temos a brecha cambial, ainda que menor. Faz tanto tempo que essas coisas n\u00e3o mudam, e o setor produtivo, antes de fazer investimentos, quer realmente ver mudan\u00e7as significativas e definitivas\u201d, diz o analista.<\/span><\/p><\/blockquote>\n\n\n\n<div class=\"wp-block-image\"><figure class=\"aligncenter size-large is-resized\"><a href=\"https:\/\/www.legisjuris.com.br\/\"><img loading=\"lazy\" decoding=\"async\" src=\"https:\/\/jornalfatosenoticias.com.br\/wp-content\/uploads\/2024\/09\/Legis-Juris-Consultoria_logo.jpg\" alt=\"\" class=\"wp-image-53915\" width=\"432\" height=\"181\" srcset=\"https:\/\/jornalfatosenoticias.com.br\/wp-content\/uploads\/2024\/09\/Legis-Juris-Consultoria_logo.jpg 969w, https:\/\/jornalfatosenoticias.com.br\/wp-content\/uploads\/2024\/09\/Legis-Juris-Consultoria_logo-300x126.jpg 300w, https:\/\/jornalfatosenoticias.com.br\/wp-content\/uploads\/2024\/09\/Legis-Juris-Consultoria_logo-768x322.jpg 768w\" sizes=\"auto, (max-width: 432px) 100vw, 432px\" \/><\/a><\/figure><\/div>\n\n\n\n<p>O ir\u00f4nico em todo esse cen\u00e1rio \u00e9 que, a julgar pela ret\u00f3rica do Planalto e da Casa Rosada, h\u00e1 um risco de invers\u00e3o de pap\u00e9is. Milei tentando diminuir a presen\u00e7a do Estado no agro argentino, e Lula tentando ampliar esse controle. Exemplo disso est\u00e1 na iniciativa de um grupo de 22 deputados petistas que apresentou, em 2022, um projeto para taxar a exporta\u00e7\u00e3o de gr\u00e3os e carnes no pa\u00eds. Lula, ainda candidato, chegou a afirmar que pretendia \u201cdiscutir\u201d a pol\u00edtica de exporta\u00e7\u00e3o de carnes do Brasil, a fim de diminuir os pre\u00e7os no mercado interno. \u201cVamos discutir se vai continuar s\u00f3 exportando ou se vai deixar um pouco para n\u00f3s comermos\u201d, disse Lula. Exatamente a f\u00f3rmula fracassada na Argentina. Na realidade, o Brasil exporta apenas 25% da produ\u00e7\u00e3o de carne bovina.<\/p>\n\n\n\n<div class=\"wp-block-image\"><figure class=\"aligncenter size-large\"><img loading=\"lazy\" decoding=\"async\" width=\"601\" height=\"453\" src=\"https:\/\/jornalfatosenoticias.com.br\/wp-content\/uploads\/2024\/09\/Saldo-da-balanca-comercial-argentina.png\" alt=\"\" class=\"wp-image-54257\" srcset=\"https:\/\/jornalfatosenoticias.com.br\/wp-content\/uploads\/2024\/09\/Saldo-da-balanca-comercial-argentina.png 601w, https:\/\/jornalfatosenoticias.com.br\/wp-content\/uploads\/2024\/09\/Saldo-da-balanca-comercial-argentina-300x226.png 300w\" sizes=\"auto, (max-width: 601px) 100vw, 601px\" \/><figcaption><em><span class=\"has-inline-color has-black-color\">Gr\u00e1fico mostra contribui\u00e7\u00e3o do agro e de outros setores para a balan\u00e7a comercial brasileira (Foto: Reprodu\u00e7\u00e3o\/Jos\u00e9 Eust\u00e1quio Ribeiro Vieira Filho)<\/span><\/em><\/figcaption><\/figure><\/div>\n\n\n\n<p><strong><span class=\"has-inline-color has-black-color\">\u00cdmpeto petista de controle estatal preocupa<br><\/span><\/strong>H\u00e1 quem veja que o governo Lula hoje, com maior \u00edmpeto intervencionista, oferece mais risco \u00e0 agropecu\u00e1ria do que no primeiro mandato. Ant\u00f4nio Sartori, diretor da consultoria Brasoja, de Porto Alegre, aponta falta autonomia ao Minist\u00e9rio da Agricultura. E diz que o governo se deixa pautar mais facilmente pelos conflitos geopol\u00edticos, interferindo no agro e mexendo nos pre\u00e7os.<\/p>\n\n\n\n<div class=\"wp-block-image\"><figure class=\"aligncenter size-large\"><a href=\"https:\/\/cesconetto.com.br\/\"><img loading=\"lazy\" decoding=\"async\" width=\"300\" height=\"250\" src=\"https:\/\/jornalfatosenoticias.com.br\/wp-content\/uploads\/2020\/02\/Banner-2.png\" alt=\"\" class=\"wp-image-43787\"\/><\/a><\/figure><\/div>\n\n\n\n<p>A situa\u00e7\u00e3o contrasta com a \u00e9poca do ministro Roberto Rodrigues, que atuava como um freio dentro do governo Lula. Em 2003, durante um jantar em Porto Alegre, Sartori conta que pediu a palavra para agradecer o trabalho que Rodrigues fazia pelo agro brasileiro. Rodrigues respondeu: \u201cVou te dizer s\u00f3 o seguinte. Voc\u00eas sabem o que estou fazendo, mas voc\u00eas n\u00e3o sabem o que eu n\u00e3o estou deixando eles fazerem\u201d.<\/p>\n\n\n\n<div class=\"wp-block-image\"><figure class=\"aligncenter size-large is-resized\"><a href=\"https:\/\/www.instagram.com\/serra4x4cambioautomatico\/\"><img loading=\"lazy\" decoding=\"async\" src=\"https:\/\/jornalfatosenoticias.com.br\/wp-content\/uploads\/2024\/08\/Serra-4x4-1-886x1024.jpg\" alt=\"\" class=\"wp-image-53632\" width=\"284\" height=\"329\" srcset=\"https:\/\/jornalfatosenoticias.com.br\/wp-content\/uploads\/2024\/08\/Serra-4x4-1-886x1024.jpg 886w, https:\/\/jornalfatosenoticias.com.br\/wp-content\/uploads\/2024\/08\/Serra-4x4-1-260x300.jpg 260w, https:\/\/jornalfatosenoticias.com.br\/wp-content\/uploads\/2024\/08\/Serra-4x4-1-768x888.jpg 768w, https:\/\/jornalfatosenoticias.com.br\/wp-content\/uploads\/2024\/08\/Serra-4x4-1.jpg 1181w\" sizes=\"auto, (max-width: 284px) 100vw, 284px\" \/><\/a><\/figure><\/div>\n\n\n\n<p>D\u00e9cadas de intervencionismo estatal deixaram profundas marcas no agro argentino, que s\u00f3 n\u00e3o quebrou, segundo analistas, devido aos recursos naturais extremamente favor\u00e1veis. &#8220;Os pol\u00edticos aproveitam. Sacam, sacam e sacam, e seguimos produzindo&#8221;, j\u00e1 disse anteriormente \u00e0 Gazeta do Povo Seb\u00e1stian Oliveros, analista-chefe da StoneX em Buenos Aires. Diante da tenta\u00e7\u00e3o intervencionista no setor agropecu\u00e1rio, n\u00e3o custa aprender com o exemplo argentino.<\/p>\n\n\n\n<div class=\"wp-block-image\"><figure class=\"aligncenter size-large is-resized\"><a href=\"https:\/\/www.controlsystems.com.br\/\"><img loading=\"lazy\" decoding=\"async\" src=\"https:\/\/jornalfatosenoticias.com.br\/wp-content\/uploads\/2020\/02\/CONTROL-CS.jpg\" alt=\"\" class=\"wp-image-44991\" width=\"267\" height=\"319\" srcset=\"https:\/\/jornalfatosenoticias.com.br\/wp-content\/uploads\/2020\/02\/CONTROL-CS.jpg 834w, https:\/\/jornalfatosenoticias.com.br\/wp-content\/uploads\/2020\/02\/CONTROL-CS-250x300.jpg 250w, https:\/\/jornalfatosenoticias.com.br\/wp-content\/uploads\/2020\/02\/CONTROL-CS-768x921.jpg 768w\" sizes=\"auto, (max-width: 267px) 100vw, 267px\" \/><\/a><\/figure><\/div>\n\n\n\n<blockquote class=\"wp-block-quote is-layout-flow wp-block-quote-is-layout-flow\"><p><span class=\"has-inline-color has-luminous-vivid-orange-color\">O economista no governo normalmente acha que o Estado \u00e9 capaz de gerar investimento. Na verdade, quem gera investimento \u00e9 o setor produtivo. Ent\u00e3o, todo recurso que o Estado retira da economia com a ideia de que vai fazer investimento, na verdade ele est\u00e1 retirando recurso produtivo que seria investido e que geraria emprego\u201d, conclui Vieira Filho, do Ipea.<\/span><\/p><\/blockquote>\n\n\n\n<div class=\"wp-block-image\"><figure class=\"aligncenter size-large is-resized\"><a href=\"https:\/\/panper.com.br\/\"><img loading=\"lazy\" decoding=\"async\" src=\"https:\/\/jornalfatosenoticias.com.br\/wp-content\/uploads\/2023\/03\/logo-Panper_portal.jpg\" alt=\"\" class=\"wp-image-40208\" width=\"341\" height=\"236\" srcset=\"https:\/\/jornalfatosenoticias.com.br\/wp-content\/uploads\/2023\/03\/logo-Panper_portal.jpg 400w, https:\/\/jornalfatosenoticias.com.br\/wp-content\/uploads\/2023\/03\/logo-Panper_portal-300x208.jpg 300w\" sizes=\"auto, (max-width: 341px) 100vw, 341px\" \/><\/a><\/figure><\/div>\n\n\n\n<p><strong><em>Fonte: <a href=\"https:\/\/www.gazetadopovo.com.br\/agronegocio\/intervencionismo-criou-fosso-entre-agro-da-argentina-e-do-brasil\/\">Gazeta do Povo<\/a><\/em><\/strong><\/p>\n","protected":false},"excerpt":{"rendered":"<p>Por Marcos Tosi O recrudescimento de pol\u00edticas comerciais intervencionistas do per\u00edodo kirschnerista na Argentina, a partir de 2003, com maior controle do c\u00e2mbio e sobretaxa\u00e7\u00e3o das exporta\u00e7\u00f5es, aprofundou o fosso que separa o desenvolvimento da agropecu\u00e1ria no pa\u00eds vizinho em rela\u00e7\u00e3o ao Brasil.Um estudo comparativo da Bolsa de Com\u00e9rcio de Ros\u00e1rio busca entender por que [&hellip;]<\/p>\n","protected":false},"author":2,"featured_media":54258,"comment_status":"open","ping_status":"open","sticky":false,"template":"","format":"standard","meta":{"footnotes":""},"categories":[41],"tags":[11055,5995,24725,18802,18616,7580],"class_list":["post-54254","post","type-post","status-publish","format-standard","has-post-thumbnail","hentry","category-internacional","tag-agronegocio","tag-argentina","tag-intervencionismo-estatal","tag-ipea","tag-javier-milei","tag-lula"],"yoast_head":"<!-- This site is optimized with the Yoast SEO plugin v26.5 - https:\/\/yoast.com\/wordpress\/plugins\/seo\/ -->\n<title>Comparativo com o agro brasileiro mostra fosso criado pela esquerda na Argentina - Jornal Fatos e Not\u00edcias<\/title>\n<meta name=\"robots\" content=\"index, follow, max-snippet:-1, max-image-preview:large, max-video-preview:-1\" \/>\n<link rel=\"canonical\" href=\"https:\/\/jornalfatosenoticias.com.br\/index.php\/2024\/09\/17\/comparativo-com-o-agro-brasileiro-mostra-fosso-criado-pela-esquerda-na-argentina\/\" \/>\n<meta property=\"og:locale\" content=\"pt_BR\" \/>\n<meta property=\"og:type\" content=\"article\" \/>\n<meta property=\"og:title\" content=\"Comparativo com o agro brasileiro mostra fosso criado pela esquerda na Argentina - Jornal Fatos e Not\u00edcias\" \/>\n<meta property=\"og:description\" content=\"Por Marcos Tosi O recrudescimento de pol\u00edticas comerciais intervencionistas do per\u00edodo kirschnerista na Argentina, a partir de 2003, com maior controle do c\u00e2mbio e sobretaxa\u00e7\u00e3o das exporta\u00e7\u00f5es, aprofundou o fosso que separa o desenvolvimento da agropecu\u00e1ria no pa\u00eds vizinho em rela\u00e7\u00e3o ao Brasil.Um estudo comparativo da Bolsa de Com\u00e9rcio de Ros\u00e1rio busca entender por que [&hellip;]\" \/>\n<meta property=\"og:url\" content=\"https:\/\/jornalfatosenoticias.com.br\/index.php\/2024\/09\/17\/comparativo-com-o-agro-brasileiro-mostra-fosso-criado-pela-esquerda-na-argentina\/\" \/>\n<meta property=\"og:site_name\" content=\"Jornal Fatos e Not\u00edcias\" \/>\n<meta property=\"article:published_time\" content=\"2024-09-17T16:07:28+00:00\" \/>\n<meta property=\"article:modified_time\" content=\"2024-09-17T16:07:31+00:00\" \/>\n<meta property=\"og:image\" content=\"https:\/\/jornalfatosenoticias.com.br\/wp-content\/uploads\/2024\/09\/colheita-de-soja_argentina_istock.jpg\" \/>\n\t<meta property=\"og:image:width\" content=\"612\" \/>\n\t<meta property=\"og:image:height\" content=\"408\" \/>\n\t<meta property=\"og:image:type\" content=\"image\/jpeg\" \/>\n<meta name=\"author\" content=\"Luzimara Fernandes\" \/>\n<meta name=\"twitter:card\" content=\"summary_large_image\" \/>\n<meta name=\"twitter:label1\" content=\"Escrito por\" \/>\n\t<meta name=\"twitter:data1\" content=\"Luzimara Fernandes\" \/>\n\t<meta name=\"twitter:label2\" content=\"Est. tempo de leitura\" \/>\n\t<meta name=\"twitter:data2\" content=\"10 minutos\" \/>\n<script type=\"application\/ld+json\" class=\"yoast-schema-graph\">{\"@context\":\"https:\/\/schema.org\",\"@graph\":[{\"@type\":\"Article\",\"@id\":\"https:\/\/jornalfatosenoticias.com.br\/index.php\/2024\/09\/17\/comparativo-com-o-agro-brasileiro-mostra-fosso-criado-pela-esquerda-na-argentina\/#article\",\"isPartOf\":{\"@id\":\"https:\/\/jornalfatosenoticias.com.br\/index.php\/2024\/09\/17\/comparativo-com-o-agro-brasileiro-mostra-fosso-criado-pela-esquerda-na-argentina\/\"},\"author\":{\"name\":\"Luzimara Fernandes\",\"@id\":\"https:\/\/jornalfatosenoticias.com.br\/#\/schema\/person\/d63837fa13ac8666eb9e74e0985d6f81\"},\"headline\":\"Comparativo com o agro brasileiro mostra fosso criado pela esquerda na Argentina\",\"datePublished\":\"2024-09-17T16:07:28+00:00\",\"dateModified\":\"2024-09-17T16:07:31+00:00\",\"mainEntityOfPage\":{\"@id\":\"https:\/\/jornalfatosenoticias.com.br\/index.php\/2024\/09\/17\/comparativo-com-o-agro-brasileiro-mostra-fosso-criado-pela-esquerda-na-argentina\/\"},\"wordCount\":2107,\"commentCount\":0,\"publisher\":{\"@id\":\"https:\/\/jornalfatosenoticias.com.br\/#organization\"},\"image\":{\"@id\":\"https:\/\/jornalfatosenoticias.com.br\/index.php\/2024\/09\/17\/comparativo-com-o-agro-brasileiro-mostra-fosso-criado-pela-esquerda-na-argentina\/#primaryimage\"},\"thumbnailUrl\":\"https:\/\/jornalfatosenoticias.com.br\/wp-content\/uploads\/2024\/09\/colheita-de-soja_argentina_istock.jpg\",\"keywords\":[\"agroneg\u00f3cio\",\"Argentina\",\"intervencionismo estatal\",\"Ipea\",\"Javier Milei\",\"Lula\"],\"articleSection\":[\"Internacional\"],\"inLanguage\":\"pt-BR\",\"potentialAction\":[{\"@type\":\"CommentAction\",\"name\":\"Comment\",\"target\":[\"https:\/\/jornalfatosenoticias.com.br\/index.php\/2024\/09\/17\/comparativo-com-o-agro-brasileiro-mostra-fosso-criado-pela-esquerda-na-argentina\/#respond\"]}]},{\"@type\":\"WebPage\",\"@id\":\"https:\/\/jornalfatosenoticias.com.br\/index.php\/2024\/09\/17\/comparativo-com-o-agro-brasileiro-mostra-fosso-criado-pela-esquerda-na-argentina\/\",\"url\":\"https:\/\/jornalfatosenoticias.com.br\/index.php\/2024\/09\/17\/comparativo-com-o-agro-brasileiro-mostra-fosso-criado-pela-esquerda-na-argentina\/\",\"name\":\"Comparativo com o agro brasileiro mostra fosso criado pela esquerda na Argentina - Jornal Fatos e Not\u00edcias\",\"isPartOf\":{\"@id\":\"https:\/\/jornalfatosenoticias.com.br\/#website\"},\"primaryImageOfPage\":{\"@id\":\"https:\/\/jornalfatosenoticias.com.br\/index.php\/2024\/09\/17\/comparativo-com-o-agro-brasileiro-mostra-fosso-criado-pela-esquerda-na-argentina\/#primaryimage\"},\"image\":{\"@id\":\"https:\/\/jornalfatosenoticias.com.br\/index.php\/2024\/09\/17\/comparativo-com-o-agro-brasileiro-mostra-fosso-criado-pela-esquerda-na-argentina\/#primaryimage\"},\"thumbnailUrl\":\"https:\/\/jornalfatosenoticias.com.br\/wp-content\/uploads\/2024\/09\/colheita-de-soja_argentina_istock.jpg\",\"datePublished\":\"2024-09-17T16:07:28+00:00\",\"dateModified\":\"2024-09-17T16:07:31+00:00\",\"breadcrumb\":{\"@id\":\"https:\/\/jornalfatosenoticias.com.br\/index.php\/2024\/09\/17\/comparativo-com-o-agro-brasileiro-mostra-fosso-criado-pela-esquerda-na-argentina\/#breadcrumb\"},\"inLanguage\":\"pt-BR\",\"potentialAction\":[{\"@type\":\"ReadAction\",\"target\":[\"https:\/\/jornalfatosenoticias.com.br\/index.php\/2024\/09\/17\/comparativo-com-o-agro-brasileiro-mostra-fosso-criado-pela-esquerda-na-argentina\/\"]}]},{\"@type\":\"ImageObject\",\"inLanguage\":\"pt-BR\",\"@id\":\"https:\/\/jornalfatosenoticias.com.br\/index.php\/2024\/09\/17\/comparativo-com-o-agro-brasileiro-mostra-fosso-criado-pela-esquerda-na-argentina\/#primaryimage\",\"url\":\"https:\/\/jornalfatosenoticias.com.br\/wp-content\/uploads\/2024\/09\/colheita-de-soja_argentina_istock.jpg\",\"contentUrl\":\"https:\/\/jornalfatosenoticias.com.br\/wp-content\/uploads\/2024\/09\/colheita-de-soja_argentina_istock.jpg\",\"width\":612,\"height\":408,\"caption\":\"Henry County, Ohio - September 25, 2020: A profile view of a John Deere S670 harvesting soybeans during a hazy sunset with a red and orange sky from the bean dust.\"},{\"@type\":\"BreadcrumbList\",\"@id\":\"https:\/\/jornalfatosenoticias.com.br\/index.php\/2024\/09\/17\/comparativo-com-o-agro-brasileiro-mostra-fosso-criado-pela-esquerda-na-argentina\/#breadcrumb\",\"itemListElement\":[{\"@type\":\"ListItem\",\"position\":1,\"name\":\"In\u00edcio\",\"item\":\"https:\/\/jornalfatosenoticias.com.br\/\"},{\"@type\":\"ListItem\",\"position\":2,\"name\":\"Comparativo com o agro brasileiro mostra fosso criado pela esquerda na Argentina\"}]},{\"@type\":\"WebSite\",\"@id\":\"https:\/\/jornalfatosenoticias.com.br\/#website\",\"url\":\"https:\/\/jornalfatosenoticias.com.br\/\",\"name\":\"Jornal Fatos e Not\u00edcias\",\"description\":\"Not\u00edcias em geral\",\"publisher\":{\"@id\":\"https:\/\/jornalfatosenoticias.com.br\/#organization\"},\"potentialAction\":[{\"@type\":\"SearchAction\",\"target\":{\"@type\":\"EntryPoint\",\"urlTemplate\":\"https:\/\/jornalfatosenoticias.com.br\/?s={search_term_string}\"},\"query-input\":{\"@type\":\"PropertyValueSpecification\",\"valueRequired\":true,\"valueName\":\"search_term_string\"}}],\"inLanguage\":\"pt-BR\"},{\"@type\":\"Organization\",\"@id\":\"https:\/\/jornalfatosenoticias.com.br\/#organization\",\"name\":\"Jornal Fatos e Not\u00edcias\",\"url\":\"https:\/\/jornalfatosenoticias.com.br\/\",\"logo\":{\"@type\":\"ImageObject\",\"inLanguage\":\"pt-BR\",\"@id\":\"https:\/\/jornalfatosenoticias.com.br\/#\/schema\/logo\/image\/\",\"url\":\"https:\/\/jornalfatosenoticias.com.br\/wp-content\/uploads\/2020\/02\/logo120.png\",\"contentUrl\":\"https:\/\/jornalfatosenoticias.com.br\/wp-content\/uploads\/2020\/02\/logo120.png\",\"width\":1227,\"height\":120,\"caption\":\"Jornal Fatos e Not\u00edcias\"},\"image\":{\"@id\":\"https:\/\/jornalfatosenoticias.com.br\/#\/schema\/logo\/image\/\"}},{\"@type\":\"Person\",\"@id\":\"https:\/\/jornalfatosenoticias.com.br\/#\/schema\/person\/d63837fa13ac8666eb9e74e0985d6f81\",\"name\":\"Luzimara Fernandes\",\"image\":{\"@type\":\"ImageObject\",\"inLanguage\":\"pt-BR\",\"@id\":\"https:\/\/jornalfatosenoticias.com.br\/#\/schema\/person\/image\/\",\"url\":\"https:\/\/jornalfatosenoticias.com.br\/wp-content\/uploads\/2025\/05\/EU_portal.jpg\",\"contentUrl\":\"https:\/\/jornalfatosenoticias.com.br\/wp-content\/uploads\/2025\/05\/EU_portal.jpg\",\"caption\":\"Luzimara Fernandes\"},\"description\":\"Jornalista MTB 2358-ES\",\"sameAs\":[\"https:\/\/jornalfatosenoticias.com.br\"],\"url\":\"https:\/\/jornalfatosenoticias.com.br\/index.php\/author\/luzimara\/\"}]}<\/script>\n<!-- \/ Yoast SEO plugin. -->","yoast_head_json":{"title":"Comparativo com o agro brasileiro mostra fosso criado pela esquerda na Argentina - Jornal Fatos e Not\u00edcias","robots":{"index":"index","follow":"follow","max-snippet":"max-snippet:-1","max-image-preview":"max-image-preview:large","max-video-preview":"max-video-preview:-1"},"canonical":"https:\/\/jornalfatosenoticias.com.br\/index.php\/2024\/09\/17\/comparativo-com-o-agro-brasileiro-mostra-fosso-criado-pela-esquerda-na-argentina\/","og_locale":"pt_BR","og_type":"article","og_title":"Comparativo com o agro brasileiro mostra fosso criado pela esquerda na Argentina - Jornal Fatos e Not\u00edcias","og_description":"Por Marcos Tosi O recrudescimento de pol\u00edticas comerciais intervencionistas do per\u00edodo kirschnerista na Argentina, a partir de 2003, com maior controle do c\u00e2mbio e sobretaxa\u00e7\u00e3o das exporta\u00e7\u00f5es, aprofundou o fosso que separa o desenvolvimento da agropecu\u00e1ria no pa\u00eds vizinho em rela\u00e7\u00e3o ao Brasil.Um estudo comparativo da Bolsa de Com\u00e9rcio de Ros\u00e1rio busca entender por que [&hellip;]","og_url":"https:\/\/jornalfatosenoticias.com.br\/index.php\/2024\/09\/17\/comparativo-com-o-agro-brasileiro-mostra-fosso-criado-pela-esquerda-na-argentina\/","og_site_name":"Jornal Fatos e Not\u00edcias","article_published_time":"2024-09-17T16:07:28+00:00","article_modified_time":"2024-09-17T16:07:31+00:00","og_image":[{"width":612,"height":408,"url":"https:\/\/jornalfatosenoticias.com.br\/wp-content\/uploads\/2024\/09\/colheita-de-soja_argentina_istock.jpg","type":"image\/jpeg"}],"author":"Luzimara Fernandes","twitter_card":"summary_large_image","twitter_misc":{"Escrito por":"Luzimara Fernandes","Est. tempo de leitura":"10 minutos"},"schema":{"@context":"https:\/\/schema.org","@graph":[{"@type":"Article","@id":"https:\/\/jornalfatosenoticias.com.br\/index.php\/2024\/09\/17\/comparativo-com-o-agro-brasileiro-mostra-fosso-criado-pela-esquerda-na-argentina\/#article","isPartOf":{"@id":"https:\/\/jornalfatosenoticias.com.br\/index.php\/2024\/09\/17\/comparativo-com-o-agro-brasileiro-mostra-fosso-criado-pela-esquerda-na-argentina\/"},"author":{"name":"Luzimara Fernandes","@id":"https:\/\/jornalfatosenoticias.com.br\/#\/schema\/person\/d63837fa13ac8666eb9e74e0985d6f81"},"headline":"Comparativo com o agro brasileiro mostra fosso criado pela esquerda na Argentina","datePublished":"2024-09-17T16:07:28+00:00","dateModified":"2024-09-17T16:07:31+00:00","mainEntityOfPage":{"@id":"https:\/\/jornalfatosenoticias.com.br\/index.php\/2024\/09\/17\/comparativo-com-o-agro-brasileiro-mostra-fosso-criado-pela-esquerda-na-argentina\/"},"wordCount":2107,"commentCount":0,"publisher":{"@id":"https:\/\/jornalfatosenoticias.com.br\/#organization"},"image":{"@id":"https:\/\/jornalfatosenoticias.com.br\/index.php\/2024\/09\/17\/comparativo-com-o-agro-brasileiro-mostra-fosso-criado-pela-esquerda-na-argentina\/#primaryimage"},"thumbnailUrl":"https:\/\/jornalfatosenoticias.com.br\/wp-content\/uploads\/2024\/09\/colheita-de-soja_argentina_istock.jpg","keywords":["agroneg\u00f3cio","Argentina","intervencionismo estatal","Ipea","Javier Milei","Lula"],"articleSection":["Internacional"],"inLanguage":"pt-BR","potentialAction":[{"@type":"CommentAction","name":"Comment","target":["https:\/\/jornalfatosenoticias.com.br\/index.php\/2024\/09\/17\/comparativo-com-o-agro-brasileiro-mostra-fosso-criado-pela-esquerda-na-argentina\/#respond"]}]},{"@type":"WebPage","@id":"https:\/\/jornalfatosenoticias.com.br\/index.php\/2024\/09\/17\/comparativo-com-o-agro-brasileiro-mostra-fosso-criado-pela-esquerda-na-argentina\/","url":"https:\/\/jornalfatosenoticias.com.br\/index.php\/2024\/09\/17\/comparativo-com-o-agro-brasileiro-mostra-fosso-criado-pela-esquerda-na-argentina\/","name":"Comparativo com o agro brasileiro mostra fosso criado pela esquerda na Argentina - Jornal Fatos e Not\u00edcias","isPartOf":{"@id":"https:\/\/jornalfatosenoticias.com.br\/#website"},"primaryImageOfPage":{"@id":"https:\/\/jornalfatosenoticias.com.br\/index.php\/2024\/09\/17\/comparativo-com-o-agro-brasileiro-mostra-fosso-criado-pela-esquerda-na-argentina\/#primaryimage"},"image":{"@id":"https:\/\/jornalfatosenoticias.com.br\/index.php\/2024\/09\/17\/comparativo-com-o-agro-brasileiro-mostra-fosso-criado-pela-esquerda-na-argentina\/#primaryimage"},"thumbnailUrl":"https:\/\/jornalfatosenoticias.com.br\/wp-content\/uploads\/2024\/09\/colheita-de-soja_argentina_istock.jpg","datePublished":"2024-09-17T16:07:28+00:00","dateModified":"2024-09-17T16:07:31+00:00","breadcrumb":{"@id":"https:\/\/jornalfatosenoticias.com.br\/index.php\/2024\/09\/17\/comparativo-com-o-agro-brasileiro-mostra-fosso-criado-pela-esquerda-na-argentina\/#breadcrumb"},"inLanguage":"pt-BR","potentialAction":[{"@type":"ReadAction","target":["https:\/\/jornalfatosenoticias.com.br\/index.php\/2024\/09\/17\/comparativo-com-o-agro-brasileiro-mostra-fosso-criado-pela-esquerda-na-argentina\/"]}]},{"@type":"ImageObject","inLanguage":"pt-BR","@id":"https:\/\/jornalfatosenoticias.com.br\/index.php\/2024\/09\/17\/comparativo-com-o-agro-brasileiro-mostra-fosso-criado-pela-esquerda-na-argentina\/#primaryimage","url":"https:\/\/jornalfatosenoticias.com.br\/wp-content\/uploads\/2024\/09\/colheita-de-soja_argentina_istock.jpg","contentUrl":"https:\/\/jornalfatosenoticias.com.br\/wp-content\/uploads\/2024\/09\/colheita-de-soja_argentina_istock.jpg","width":612,"height":408,"caption":"Henry County, Ohio - September 25, 2020: A profile view of a John Deere S670 harvesting soybeans during a hazy sunset with a red and orange sky from the bean dust."},{"@type":"BreadcrumbList","@id":"https:\/\/jornalfatosenoticias.com.br\/index.php\/2024\/09\/17\/comparativo-com-o-agro-brasileiro-mostra-fosso-criado-pela-esquerda-na-argentina\/#breadcrumb","itemListElement":[{"@type":"ListItem","position":1,"name":"In\u00edcio","item":"https:\/\/jornalfatosenoticias.com.br\/"},{"@type":"ListItem","position":2,"name":"Comparativo com o agro brasileiro mostra fosso criado pela esquerda na Argentina"}]},{"@type":"WebSite","@id":"https:\/\/jornalfatosenoticias.com.br\/#website","url":"https:\/\/jornalfatosenoticias.com.br\/","name":"Jornal Fatos e Not\u00edcias","description":"Not\u00edcias em geral","publisher":{"@id":"https:\/\/jornalfatosenoticias.com.br\/#organization"},"potentialAction":[{"@type":"SearchAction","target":{"@type":"EntryPoint","urlTemplate":"https:\/\/jornalfatosenoticias.com.br\/?s={search_term_string}"},"query-input":{"@type":"PropertyValueSpecification","valueRequired":true,"valueName":"search_term_string"}}],"inLanguage":"pt-BR"},{"@type":"Organization","@id":"https:\/\/jornalfatosenoticias.com.br\/#organization","name":"Jornal Fatos e Not\u00edcias","url":"https:\/\/jornalfatosenoticias.com.br\/","logo":{"@type":"ImageObject","inLanguage":"pt-BR","@id":"https:\/\/jornalfatosenoticias.com.br\/#\/schema\/logo\/image\/","url":"https:\/\/jornalfatosenoticias.com.br\/wp-content\/uploads\/2020\/02\/logo120.png","contentUrl":"https:\/\/jornalfatosenoticias.com.br\/wp-content\/uploads\/2020\/02\/logo120.png","width":1227,"height":120,"caption":"Jornal Fatos e Not\u00edcias"},"image":{"@id":"https:\/\/jornalfatosenoticias.com.br\/#\/schema\/logo\/image\/"}},{"@type":"Person","@id":"https:\/\/jornalfatosenoticias.com.br\/#\/schema\/person\/d63837fa13ac8666eb9e74e0985d6f81","name":"Luzimara Fernandes","image":{"@type":"ImageObject","inLanguage":"pt-BR","@id":"https:\/\/jornalfatosenoticias.com.br\/#\/schema\/person\/image\/","url":"https:\/\/jornalfatosenoticias.com.br\/wp-content\/uploads\/2025\/05\/EU_portal.jpg","contentUrl":"https:\/\/jornalfatosenoticias.com.br\/wp-content\/uploads\/2025\/05\/EU_portal.jpg","caption":"Luzimara Fernandes"},"description":"Jornalista MTB 2358-ES","sameAs":["https:\/\/jornalfatosenoticias.com.br"],"url":"https:\/\/jornalfatosenoticias.com.br\/index.php\/author\/luzimara\/"}]}},"cc_featured_image_caption":{"caption_text":"(Foto: iStock) ","source_text":"","source_url":""},"jetpack_featured_media_url":"https:\/\/jornalfatosenoticias.com.br\/wp-content\/uploads\/2024\/09\/colheita-de-soja_argentina_istock.jpg","_links":{"self":[{"href":"https:\/\/jornalfatosenoticias.com.br\/index.php\/wp-json\/wp\/v2\/posts\/54254","targetHints":{"allow":["GET"]}}],"collection":[{"href":"https:\/\/jornalfatosenoticias.com.br\/index.php\/wp-json\/wp\/v2\/posts"}],"about":[{"href":"https:\/\/jornalfatosenoticias.com.br\/index.php\/wp-json\/wp\/v2\/types\/post"}],"author":[{"embeddable":true,"href":"https:\/\/jornalfatosenoticias.com.br\/index.php\/wp-json\/wp\/v2\/users\/2"}],"replies":[{"embeddable":true,"href":"https:\/\/jornalfatosenoticias.com.br\/index.php\/wp-json\/wp\/v2\/comments?post=54254"}],"version-history":[{"count":0,"href":"https:\/\/jornalfatosenoticias.com.br\/index.php\/wp-json\/wp\/v2\/posts\/54254\/revisions"}],"wp:featuredmedia":[{"embeddable":true,"href":"https:\/\/jornalfatosenoticias.com.br\/index.php\/wp-json\/wp\/v2\/media\/54258"}],"wp:attachment":[{"href":"https:\/\/jornalfatosenoticias.com.br\/index.php\/wp-json\/wp\/v2\/media?parent=54254"}],"wp:term":[{"taxonomy":"category","embeddable":true,"href":"https:\/\/jornalfatosenoticias.com.br\/index.php\/wp-json\/wp\/v2\/categories?post=54254"},{"taxonomy":"post_tag","embeddable":true,"href":"https:\/\/jornalfatosenoticias.com.br\/index.php\/wp-json\/wp\/v2\/tags?post=54254"}],"curies":[{"name":"wp","href":"https:\/\/api.w.org\/{rel}","templated":true}]}}