{"id":54266,"date":"2024-09-18T10:33:35","date_gmt":"2024-09-18T13:33:35","guid":{"rendered":"https:\/\/jornalfatosenoticias.com.br\/?p=54266"},"modified":"2024-09-18T10:33:36","modified_gmt":"2024-09-18T13:33:36","slug":"fossil-revela-que-grupo-neandertal-passou-50-mil-anos-em-isolamento-completo","status":"publish","type":"post","link":"https:\/\/jornalfatosenoticias.com.br\/index.php\/2024\/09\/18\/fossil-revela-que-grupo-neandertal-passou-50-mil-anos-em-isolamento-completo\/","title":{"rendered":"F\u00f3ssil revela que grupo neandertal passou 50 mil anos em isolamento completo"},"content":{"rendered":"\n<p><em><span class=\"has-inline-color has-black-color\">Esse grupo se desmembrou da popula\u00e7\u00e3o principal de Neandertais h\u00e1 cerca de 105 mil, permanecendo geneticamente isolado por mais 50 mil anos<\/span><\/em><\/p>\n\n\n\n<p><span class=\"has-inline-color has-black-color\">Por <strong><a href=\"https:\/\/gizmodo.uol.com.br\/author\/pablo-nogueira\/\">Pablo Nogueira<\/a><\/strong><\/span><\/p>\n\n\n\n<div class=\"wp-block-image\"><figure class=\"aligncenter size-large is-resized\"><a href=\"https:\/\/www.facebook.com\/vetor.vix\/\"><img loading=\"lazy\" decoding=\"async\" src=\"https:\/\/jornalfatosenoticias.com.br\/wp-content\/uploads\/2023\/09\/vetorvix1024_1.jpg\" alt=\"\" class=\"wp-image-44868\" width=\"468\" height=\"124\" srcset=\"https:\/\/jornalfatosenoticias.com.br\/wp-content\/uploads\/2023\/09\/vetorvix1024_1.jpg 1024w, https:\/\/jornalfatosenoticias.com.br\/wp-content\/uploads\/2023\/09\/vetorvix1024_1-300x80.jpg 300w, https:\/\/jornalfatosenoticias.com.br\/wp-content\/uploads\/2023\/09\/vetorvix1024_1-768x205.jpg 768w\" sizes=\"auto, (max-width: 468px) 100vw, 468px\" \/><\/a><\/figure><\/div>\n\n\n\n<p>An\u00e1lises gen\u00e9ticas de um f\u00f3ssil de neandertal encontrado na Fran\u00e7a revelaram que ele pertencia a um grupo isolado por mais de 50 mil anos. Apelidado de Thorin, em homenagem a um personagem de <a href=\"https:\/\/gizmodo.uol.com.br\/hobbits-humanos-mediam-menos-de-1-metro-diz-nova-analise-de-ossos\/\">\u201cO Hobbit<\/a>\u201d, o f\u00f3ssil foi descoberto em 2015\u00a0<a href=\"https:\/\/gizmodo.uol.com.br\/evidencias-do-1o-homo-sapiens-da-europa-sao-achadas-em-caverna-francesa\/\">na caverna Grotte Mandrin<\/a>, sul da Fran\u00e7a. Curiosamente, o <a href=\"https:\/\/gizmodo.uol.com.br\/estudo-sugere-que-neandertais-eram-tao-inteligentes-quanto-os-homo-sapiens\/\">Homo sapiens ocupou o local antes do neandertal<\/a>, onde se encontrou a primeira evid\u00eancia do uso de arco e flecha na Europa.<br>Sobre o f\u00f3ssil, ap\u00f3s anos de escava\u00e7\u00f5es, arque\u00f3logos recuperaram 31 dentes, o maxilar, parte do cr\u00e2nio e milhares de fragmentos \u00f3sseos de Thorin. A descoberta foi surpreendente, considerando a raridade de f\u00f3sseis de Neandertais que <a href=\"https:\/\/gizmodo.uol.com.br\/mapa-da-migracao-de-neandertais-na-europa-sugere-pontos-arqueologicos-inexplorados\/\">viveram na Eur\u00e1sia at\u00e9 40 mil anos atr\u00e1s.<\/a> <\/p>\n\n\n\n<div class=\"wp-block-image\"><figure class=\"aligncenter size-large\"><a href=\"http:\/\/www.ferrarimaquinas.com.br\/\"><img loading=\"lazy\" decoding=\"async\" width=\"300\" height=\"250\" src=\"https:\/\/jornalfatosenoticias.com.br\/wp-content\/uploads\/2022\/02\/FERRARI_MAQUINAS-E-FERRAMENTAS2.jpg\" alt=\"\" class=\"wp-image-27860\"\/><\/a><\/figure><\/div>\n\n\n\n<p>Ali\u00e1s, o que intrigou os cientistas foi conseguir extrair o genoma de Thorin a partir de um fragmento de dente, algo <a href=\"https:\/\/gizmodo.uol.com.br\/dna-de-neandertais-pode-ser-responsavel-por-voce-acordar-cedo\/\">incomum em climas quentes<\/a>. Com o genoma, os pesquisadores confirmaram que o f\u00f3ssil era de um Neandertal do sexo masculino, mas a descoberta gerou um mist\u00e9rio que perdurou por nove anos.<br>Ludovic Slimak, arque\u00f3logo do Centro de Antropobiologia e Gen\u00f4mica de Toulouse, assumiu a tarefa de <a href=\"https:\/\/gizmodo.uol.com.br\/neandertais-tinham-tipos-sanguineos-semelhantes-ao-sangue-humano-moderno\/\">desvendar a origem do f\u00f3ssil<\/a>. Inicialmente, ele e seus colegas estimavam que Thorin teria vivido h\u00e1 cerca de 105 mil anos. <\/p>\n\n\n\n<div class=\"wp-block-image\"><figure class=\"aligncenter size-large is-resized\"><a href=\"https:\/\/www.controlsystems.com.br\/\"><img loading=\"lazy\" decoding=\"async\" src=\"https:\/\/jornalfatosenoticias.com.br\/wp-content\/uploads\/2020\/02\/CONTROL-CS.jpg\" alt=\"\" class=\"wp-image-44991\" width=\"310\" height=\"371\" srcset=\"https:\/\/jornalfatosenoticias.com.br\/wp-content\/uploads\/2020\/02\/CONTROL-CS.jpg 834w, https:\/\/jornalfatosenoticias.com.br\/wp-content\/uploads\/2020\/02\/CONTROL-CS-250x300.jpg 250w, https:\/\/jornalfatosenoticias.com.br\/wp-content\/uploads\/2020\/02\/CONTROL-CS-768x921.jpg 768w\" sizes=\"auto, (max-width: 310px) 100vw, 310px\" \/><\/a><\/figure><\/div>\n\n\n\n<blockquote class=\"wp-block-quote is-layout-flow wp-block-quote-is-layout-flow\"><p><span class=\"has-inline-color has-luminous-vivid-orange-color\">Por muito tempo, n\u00f3s [geneticistas] est\u00e1vamos convencidos de que Thorin era um dos primeiros Neandertais devido \u00e0 sua linhagem gen\u00e9tica, que era t\u00e3o distante dos seus contempor\u00e2neos da mesma regi\u00e3o. Por outro lado, os arque\u00f3logos afirmavam que o f\u00f3ssil era de um dos \u00faltimos dos Neandertais. Com isso, ambos os lados precisaram trabalhar muito para chegar \u00e0 resposta\u201d, afirmou Tharsika Vimala, coautora do estudo.<\/span><\/p><\/blockquote>\n\n\n\n<div class=\"wp-block-image\"><figure class=\"aligncenter size-large\"><img loading=\"lazy\" decoding=\"async\" width=\"1000\" height=\"666\" src=\"https:\/\/jornalfatosenoticias.com.br\/wp-content\/uploads\/2024\/09\/ossos-neandertal.png\" alt=\"\" class=\"wp-image-54267\" srcset=\"https:\/\/jornalfatosenoticias.com.br\/wp-content\/uploads\/2024\/09\/ossos-neandertal.png 1000w, https:\/\/jornalfatosenoticias.com.br\/wp-content\/uploads\/2024\/09\/ossos-neandertal-300x200.png 300w, https:\/\/jornalfatosenoticias.com.br\/wp-content\/uploads\/2024\/09\/ossos-neandertal-768x511.png 768w\" sizes=\"auto, (max-width: 1000px) 100vw, 1000px\" \/><figcaption><em><span class=\"has-inline-color has-black-color\">Descoberta dos ossos de Thorin, o neandertal do grupo que viveu em isolamento (Foto: Ludovic Slimak\/Divulga\u00e7\u00e3o)<\/span><\/em><\/figcaption><\/figure><\/div>\n\n\n\n<p>No entanto, um estudo <a href=\"https:\/\/www.cell.com\/cell-genomics\/fulltext\/S2666-979X(24)00177-0\" target=\"_blank\" rel=\"noreferrer noopener\">publicado<\/a> por Slimak revelou que, ap\u00f3s an\u00e1lises dos is\u00f3topos <a href=\"https:\/\/gizmodo.uol.com.br\/neandertais-ajudam-a-explicar-origem-da-dor-nas-costas\/\">dos ossos do f\u00f3ssil<\/a> e de evid\u00eancias arqueol\u00f3gicas, o Neandertal viveu h\u00e1 50 mil anos. Eventualmente, os pesquisadores perceberam que haviam descoberto uma linhagem at\u00e9 ent\u00e3o desconhecida de Neandertais.<\/p>\n\n\n\n<div class=\"wp-block-image\"><figure class=\"aligncenter size-large is-resized\"><a href=\"https:\/\/www.instagram.com\/vmais.midias\/\"><img loading=\"lazy\" decoding=\"async\" src=\"https:\/\/jornalfatosenoticias.com.br\/wp-content\/uploads\/2020\/02\/DE-MAIS-DESTAQUE-VMAIS-800X700.png\" alt=\"\" class=\"wp-image-53112\" width=\"322\" height=\"281\" srcset=\"https:\/\/jornalfatosenoticias.com.br\/wp-content\/uploads\/2020\/02\/DE-MAIS-DESTAQUE-VMAIS-800X700.png 800w, https:\/\/jornalfatosenoticias.com.br\/wp-content\/uploads\/2020\/02\/DE-MAIS-DESTAQUE-VMAIS-800X700-300x263.png 300w, https:\/\/jornalfatosenoticias.com.br\/wp-content\/uploads\/2020\/02\/DE-MAIS-DESTAQUE-VMAIS-800X700-768x672.png 768w\" sizes=\"auto, (max-width: 322px) 100vw, 322px\" \/><\/a><\/figure><\/div>\n\n\n\n<p>Thorin fazia parte de um pequeno grupo que viveu entre 42 mil e 50 mil anos atr\u00e1s. Esse grupo se desmembrou da popula\u00e7\u00e3o principal h\u00e1 cerca de 105 mil anos e permaneceu geneticamente isolado por mais 50 mil anos. Essa descoberta posiciona Thorin como um \u201cNeandertal tardio\u201d, que viveu durante a fase final da exist\u00eancia da esp\u00e9cie.<\/p>\n\n\n\n<div class=\"wp-block-image\"><figure class=\"aligncenter size-large is-resized\"><a href=\"https:\/\/www.instagram.com\/serra4x4cambioautomatico\/\"><img loading=\"lazy\" decoding=\"async\" src=\"https:\/\/jornalfatosenoticias.com.br\/wp-content\/uploads\/2024\/08\/Serra-4x4-1-886x1024.jpg\" alt=\"\" class=\"wp-image-53632\" width=\"336\" height=\"388\" srcset=\"https:\/\/jornalfatosenoticias.com.br\/wp-content\/uploads\/2024\/08\/Serra-4x4-1-886x1024.jpg 886w, https:\/\/jornalfatosenoticias.com.br\/wp-content\/uploads\/2024\/08\/Serra-4x4-1-260x300.jpg 260w, https:\/\/jornalfatosenoticias.com.br\/wp-content\/uploads\/2024\/08\/Serra-4x4-1-768x888.jpg 768w, https:\/\/jornalfatosenoticias.com.br\/wp-content\/uploads\/2024\/08\/Serra-4x4-1.jpg 1181w\" sizes=\"auto, (max-width: 336px) 100vw, 336px\" \/><\/a><\/figure><\/div>\n\n\n\n<p>O isolamento prolongado do grupo de Thorin, ou a reprodu\u00e7\u00e3o entre familiares, o tornava particularmente vulner\u00e1vel. De acordo com Vimala, esses fatores \u201creduzem a diversidade gen\u00e9tica, que, por sua vez, afeta negativamente a <a href=\"https:\/\/gizmodo.uol.com.br\/arqueogenetica-doencas-mataram-os-neandertais\/\">nossa capacidade de adapta\u00e7\u00e3o a mudan\u00e7as de ambientes<\/a>\u201d. Por isso, o Neandertal <a href=\"https:\/\/gizmodo.uol.com.br\/sim-ou-nao-os-neandertais-eram-seres-empaticos-veja-as-novas-descobertas\/\">foi batizado com o nome Thorin<\/a>. No livro e no filme, Thorin \u00e9 um dos \u00faltimos reis dos an\u00f5es e o \u00faltimo de sua linhagem. Assim como o personagem, o Neandertal tamb\u00e9m representa o fim de sua linhagem.<\/p>\n\n\n\n<div class=\"wp-block-image\"><figure class=\"aligncenter size-large is-resized\"><a href=\"https:\/\/www.ithbrasil.com.br\/\"><img loading=\"lazy\" decoding=\"async\" src=\"https:\/\/jornalfatosenoticias.com.br\/wp-content\/uploads\/2023\/08\/ITH.jpeg\" alt=\"\" class=\"wp-image-44638\" width=\"293\" height=\"238\" srcset=\"https:\/\/jornalfatosenoticias.com.br\/wp-content\/uploads\/2023\/08\/ITH.jpeg 800w, https:\/\/jornalfatosenoticias.com.br\/wp-content\/uploads\/2023\/08\/ITH-300x244.jpeg 300w, https:\/\/jornalfatosenoticias.com.br\/wp-content\/uploads\/2023\/08\/ITH-768x624.jpeg 768w\" sizes=\"auto, (max-width: 293px) 100vw, 293px\" \/><\/a><\/figure><\/div>\n\n\n\n<h3 class=\"wp-block-heading\"><span class=\"has-inline-color has-black-color\">Relembre o personagem:<\/span><\/h3>\n\n\n\n<figure class=\"wp-block-embed-youtube wp-block-embed is-type-video is-provider-youtube wp-embed-aspect-16-9 wp-has-aspect-ratio\"><div class=\"wp-block-embed__wrapper\">\n<iframe loading=\"lazy\" title=\"The Hobbit - An Unexpected Journey: Misty Mountains Song\" width=\"660\" height=\"371\" src=\"https:\/\/www.youtube.com\/embed\/m5BETb-hLgA?start=1&#038;feature=oembed\" frameborder=\"0\" allow=\"accelerometer; autoplay; clipboard-write; encrypted-media; gyroscope; picture-in-picture; web-share\" referrerpolicy=\"strict-origin-when-cross-origin\" allowfullscreen><\/iframe>\n<\/div><\/figure>\n\n\n\n<p><strong><em>Fonte: <a href=\"https:\/\/gizmodo.uol.com.br\/fossil-revela-que-grupo-neandertal-passou-50-mil-anos-em-isolamento-completo\/\">Giz Brasil<\/a><\/em><\/strong><\/p>\n","protected":false},"excerpt":{"rendered":"<p>Esse grupo se desmembrou da popula\u00e7\u00e3o principal de Neandertais h\u00e1 cerca de 105 mil, permanecendo geneticamente isolado por mais 50 mil anos Por Pablo Nogueira An\u00e1lises gen\u00e9ticas de um f\u00f3ssil de neandertal encontrado na Fran\u00e7a revelaram que ele pertencia a um grupo isolado por mais de 50 mil anos. Apelidado de Thorin, em homenagem a [&hellip;]<\/p>\n","protected":false},"author":2,"featured_media":54268,"comment_status":"open","ping_status":"open","sticky":false,"template":"","format":"standard","meta":{"footnotes":""},"categories":[9808],"tags":[1478,663,3202,11898],"class_list":["post-54266","post","type-post","status-publish","format-standard","has-post-thumbnail","hentry","category-paleo-arqueologia","tag-arqueologia","tag-fossil","tag-neandertais","tag-neandertal"],"yoast_head":"<!-- This site is optimized with the Yoast SEO plugin v26.5 - https:\/\/yoast.com\/wordpress\/plugins\/seo\/ -->\n<title>F\u00f3ssil revela que grupo neandertal passou 50 mil anos em isolamento completo - Jornal Fatos e Not\u00edcias<\/title>\n<meta name=\"robots\" content=\"index, follow, max-snippet:-1, max-image-preview:large, max-video-preview:-1\" \/>\n<link rel=\"canonical\" href=\"https:\/\/jornalfatosenoticias.com.br\/index.php\/2024\/09\/18\/fossil-revela-que-grupo-neandertal-passou-50-mil-anos-em-isolamento-completo\/\" \/>\n<meta property=\"og:locale\" content=\"pt_BR\" \/>\n<meta property=\"og:type\" content=\"article\" \/>\n<meta property=\"og:title\" content=\"F\u00f3ssil revela que grupo neandertal passou 50 mil anos em isolamento completo - Jornal Fatos e Not\u00edcias\" \/>\n<meta property=\"og:description\" content=\"Esse grupo se desmembrou da popula\u00e7\u00e3o principal de Neandertais h\u00e1 cerca de 105 mil, permanecendo geneticamente isolado por mais 50 mil anos Por Pablo Nogueira An\u00e1lises gen\u00e9ticas de um f\u00f3ssil de neandertal encontrado na Fran\u00e7a revelaram que ele pertencia a um grupo isolado por mais de 50 mil anos. Apelidado de Thorin, em homenagem a [&hellip;]\" \/>\n<meta property=\"og:url\" content=\"https:\/\/jornalfatosenoticias.com.br\/index.php\/2024\/09\/18\/fossil-revela-que-grupo-neandertal-passou-50-mil-anos-em-isolamento-completo\/\" \/>\n<meta property=\"og:site_name\" content=\"Jornal Fatos e Not\u00edcias\" \/>\n<meta property=\"article:published_time\" content=\"2024-09-18T13:33:35+00:00\" \/>\n<meta property=\"article:modified_time\" content=\"2024-09-18T13:33:36+00:00\" \/>\n<meta property=\"og:image\" content=\"https:\/\/jornalfatosenoticias.com.br\/wp-content\/uploads\/2024\/09\/homens-das-cavernas-neandertais_freepik.jpg\" \/>\n\t<meta property=\"og:image:width\" content=\"996\" \/>\n\t<meta property=\"og:image:height\" content=\"558\" \/>\n\t<meta property=\"og:image:type\" content=\"image\/jpeg\" \/>\n<meta name=\"author\" content=\"Luzimara Fernandes\" \/>\n<meta name=\"twitter:card\" content=\"summary_large_image\" \/>\n<meta name=\"twitter:label1\" content=\"Escrito por\" \/>\n\t<meta name=\"twitter:data1\" content=\"Luzimara Fernandes\" \/>\n\t<meta name=\"twitter:label2\" content=\"Est. tempo de leitura\" \/>\n\t<meta name=\"twitter:data2\" content=\"3 minutos\" \/>\n<script type=\"application\/ld+json\" class=\"yoast-schema-graph\">{\"@context\":\"https:\/\/schema.org\",\"@graph\":[{\"@type\":\"Article\",\"@id\":\"https:\/\/jornalfatosenoticias.com.br\/index.php\/2024\/09\/18\/fossil-revela-que-grupo-neandertal-passou-50-mil-anos-em-isolamento-completo\/#article\",\"isPartOf\":{\"@id\":\"https:\/\/jornalfatosenoticias.com.br\/index.php\/2024\/09\/18\/fossil-revela-que-grupo-neandertal-passou-50-mil-anos-em-isolamento-completo\/\"},\"author\":{\"name\":\"Luzimara Fernandes\",\"@id\":\"https:\/\/jornalfatosenoticias.com.br\/#\/schema\/person\/d63837fa13ac8666eb9e74e0985d6f81\"},\"headline\":\"F\u00f3ssil revela que grupo neandertal passou 50 mil anos em isolamento completo\",\"datePublished\":\"2024-09-18T13:33:35+00:00\",\"dateModified\":\"2024-09-18T13:33:36+00:00\",\"mainEntityOfPage\":{\"@id\":\"https:\/\/jornalfatosenoticias.com.br\/index.php\/2024\/09\/18\/fossil-revela-que-grupo-neandertal-passou-50-mil-anos-em-isolamento-completo\/\"},\"wordCount\":572,\"commentCount\":0,\"publisher\":{\"@id\":\"https:\/\/jornalfatosenoticias.com.br\/#organization\"},\"image\":{\"@id\":\"https:\/\/jornalfatosenoticias.com.br\/index.php\/2024\/09\/18\/fossil-revela-que-grupo-neandertal-passou-50-mil-anos-em-isolamento-completo\/#primaryimage\"},\"thumbnailUrl\":\"https:\/\/jornalfatosenoticias.com.br\/wp-content\/uploads\/2024\/09\/homens-das-cavernas-neandertais_freepik.jpg\",\"keywords\":[\"arqueologia\",\"f\u00f3ssil\",\"neandertais\",\"neandertal\"],\"articleSection\":[\"Paleo &amp; Arqueologia\"],\"inLanguage\":\"pt-BR\",\"potentialAction\":[{\"@type\":\"CommentAction\",\"name\":\"Comment\",\"target\":[\"https:\/\/jornalfatosenoticias.com.br\/index.php\/2024\/09\/18\/fossil-revela-que-grupo-neandertal-passou-50-mil-anos-em-isolamento-completo\/#respond\"]}]},{\"@type\":\"WebPage\",\"@id\":\"https:\/\/jornalfatosenoticias.com.br\/index.php\/2024\/09\/18\/fossil-revela-que-grupo-neandertal-passou-50-mil-anos-em-isolamento-completo\/\",\"url\":\"https:\/\/jornalfatosenoticias.com.br\/index.php\/2024\/09\/18\/fossil-revela-que-grupo-neandertal-passou-50-mil-anos-em-isolamento-completo\/\",\"name\":\"F\u00f3ssil revela que grupo neandertal passou 50 mil anos em isolamento completo - Jornal Fatos e Not\u00edcias\",\"isPartOf\":{\"@id\":\"https:\/\/jornalfatosenoticias.com.br\/#website\"},\"primaryImageOfPage\":{\"@id\":\"https:\/\/jornalfatosenoticias.com.br\/index.php\/2024\/09\/18\/fossil-revela-que-grupo-neandertal-passou-50-mil-anos-em-isolamento-completo\/#primaryimage\"},\"image\":{\"@id\":\"https:\/\/jornalfatosenoticias.com.br\/index.php\/2024\/09\/18\/fossil-revela-que-grupo-neandertal-passou-50-mil-anos-em-isolamento-completo\/#primaryimage\"},\"thumbnailUrl\":\"https:\/\/jornalfatosenoticias.com.br\/wp-content\/uploads\/2024\/09\/homens-das-cavernas-neandertais_freepik.jpg\",\"datePublished\":\"2024-09-18T13:33:35+00:00\",\"dateModified\":\"2024-09-18T13:33:36+00:00\",\"breadcrumb\":{\"@id\":\"https:\/\/jornalfatosenoticias.com.br\/index.php\/2024\/09\/18\/fossil-revela-que-grupo-neandertal-passou-50-mil-anos-em-isolamento-completo\/#breadcrumb\"},\"inLanguage\":\"pt-BR\",\"potentialAction\":[{\"@type\":\"ReadAction\",\"target\":[\"https:\/\/jornalfatosenoticias.com.br\/index.php\/2024\/09\/18\/fossil-revela-que-grupo-neandertal-passou-50-mil-anos-em-isolamento-completo\/\"]}]},{\"@type\":\"ImageObject\",\"inLanguage\":\"pt-BR\",\"@id\":\"https:\/\/jornalfatosenoticias.com.br\/index.php\/2024\/09\/18\/fossil-revela-que-grupo-neandertal-passou-50-mil-anos-em-isolamento-completo\/#primaryimage\",\"url\":\"https:\/\/jornalfatosenoticias.com.br\/wp-content\/uploads\/2024\/09\/homens-das-cavernas-neandertais_freepik.jpg\",\"contentUrl\":\"https:\/\/jornalfatosenoticias.com.br\/wp-content\/uploads\/2024\/09\/homens-das-cavernas-neandertais_freepik.jpg\",\"width\":996,\"height\":558},{\"@type\":\"BreadcrumbList\",\"@id\":\"https:\/\/jornalfatosenoticias.com.br\/index.php\/2024\/09\/18\/fossil-revela-que-grupo-neandertal-passou-50-mil-anos-em-isolamento-completo\/#breadcrumb\",\"itemListElement\":[{\"@type\":\"ListItem\",\"position\":1,\"name\":\"In\u00edcio\",\"item\":\"https:\/\/jornalfatosenoticias.com.br\/\"},{\"@type\":\"ListItem\",\"position\":2,\"name\":\"F\u00f3ssil revela que grupo neandertal passou 50 mil anos em isolamento completo\"}]},{\"@type\":\"WebSite\",\"@id\":\"https:\/\/jornalfatosenoticias.com.br\/#website\",\"url\":\"https:\/\/jornalfatosenoticias.com.br\/\",\"name\":\"Jornal Fatos e Not\u00edcias\",\"description\":\"Not\u00edcias em geral\",\"publisher\":{\"@id\":\"https:\/\/jornalfatosenoticias.com.br\/#organization\"},\"potentialAction\":[{\"@type\":\"SearchAction\",\"target\":{\"@type\":\"EntryPoint\",\"urlTemplate\":\"https:\/\/jornalfatosenoticias.com.br\/?s={search_term_string}\"},\"query-input\":{\"@type\":\"PropertyValueSpecification\",\"valueRequired\":true,\"valueName\":\"search_term_string\"}}],\"inLanguage\":\"pt-BR\"},{\"@type\":\"Organization\",\"@id\":\"https:\/\/jornalfatosenoticias.com.br\/#organization\",\"name\":\"Jornal Fatos e Not\u00edcias\",\"url\":\"https:\/\/jornalfatosenoticias.com.br\/\",\"logo\":{\"@type\":\"ImageObject\",\"inLanguage\":\"pt-BR\",\"@id\":\"https:\/\/jornalfatosenoticias.com.br\/#\/schema\/logo\/image\/\",\"url\":\"https:\/\/jornalfatosenoticias.com.br\/wp-content\/uploads\/2020\/02\/logo120.png\",\"contentUrl\":\"https:\/\/jornalfatosenoticias.com.br\/wp-content\/uploads\/2020\/02\/logo120.png\",\"width\":1227,\"height\":120,\"caption\":\"Jornal Fatos e Not\u00edcias\"},\"image\":{\"@id\":\"https:\/\/jornalfatosenoticias.com.br\/#\/schema\/logo\/image\/\"}},{\"@type\":\"Person\",\"@id\":\"https:\/\/jornalfatosenoticias.com.br\/#\/schema\/person\/d63837fa13ac8666eb9e74e0985d6f81\",\"name\":\"Luzimara Fernandes\",\"image\":{\"@type\":\"ImageObject\",\"inLanguage\":\"pt-BR\",\"@id\":\"https:\/\/jornalfatosenoticias.com.br\/#\/schema\/person\/image\/\",\"url\":\"https:\/\/jornalfatosenoticias.com.br\/wp-content\/uploads\/2025\/05\/EU_portal.jpg\",\"contentUrl\":\"https:\/\/jornalfatosenoticias.com.br\/wp-content\/uploads\/2025\/05\/EU_portal.jpg\",\"caption\":\"Luzimara Fernandes\"},\"description\":\"Jornalista MTB 2358-ES\",\"sameAs\":[\"https:\/\/jornalfatosenoticias.com.br\"],\"url\":\"https:\/\/jornalfatosenoticias.com.br\/index.php\/author\/luzimara\/\"}]}<\/script>\n<!-- \/ Yoast SEO plugin. -->","yoast_head_json":{"title":"F\u00f3ssil revela que grupo neandertal passou 50 mil anos em isolamento completo - Jornal Fatos e Not\u00edcias","robots":{"index":"index","follow":"follow","max-snippet":"max-snippet:-1","max-image-preview":"max-image-preview:large","max-video-preview":"max-video-preview:-1"},"canonical":"https:\/\/jornalfatosenoticias.com.br\/index.php\/2024\/09\/18\/fossil-revela-que-grupo-neandertal-passou-50-mil-anos-em-isolamento-completo\/","og_locale":"pt_BR","og_type":"article","og_title":"F\u00f3ssil revela que grupo neandertal passou 50 mil anos em isolamento completo - Jornal Fatos e Not\u00edcias","og_description":"Esse grupo se desmembrou da popula\u00e7\u00e3o principal de Neandertais h\u00e1 cerca de 105 mil, permanecendo geneticamente isolado por mais 50 mil anos Por Pablo Nogueira An\u00e1lises gen\u00e9ticas de um f\u00f3ssil de neandertal encontrado na Fran\u00e7a revelaram que ele pertencia a um grupo isolado por mais de 50 mil anos. Apelidado de Thorin, em homenagem a [&hellip;]","og_url":"https:\/\/jornalfatosenoticias.com.br\/index.php\/2024\/09\/18\/fossil-revela-que-grupo-neandertal-passou-50-mil-anos-em-isolamento-completo\/","og_site_name":"Jornal Fatos e Not\u00edcias","article_published_time":"2024-09-18T13:33:35+00:00","article_modified_time":"2024-09-18T13:33:36+00:00","og_image":[{"width":996,"height":558,"url":"https:\/\/jornalfatosenoticias.com.br\/wp-content\/uploads\/2024\/09\/homens-das-cavernas-neandertais_freepik.jpg","type":"image\/jpeg"}],"author":"Luzimara Fernandes","twitter_card":"summary_large_image","twitter_misc":{"Escrito por":"Luzimara Fernandes","Est. tempo de leitura":"3 minutos"},"schema":{"@context":"https:\/\/schema.org","@graph":[{"@type":"Article","@id":"https:\/\/jornalfatosenoticias.com.br\/index.php\/2024\/09\/18\/fossil-revela-que-grupo-neandertal-passou-50-mil-anos-em-isolamento-completo\/#article","isPartOf":{"@id":"https:\/\/jornalfatosenoticias.com.br\/index.php\/2024\/09\/18\/fossil-revela-que-grupo-neandertal-passou-50-mil-anos-em-isolamento-completo\/"},"author":{"name":"Luzimara Fernandes","@id":"https:\/\/jornalfatosenoticias.com.br\/#\/schema\/person\/d63837fa13ac8666eb9e74e0985d6f81"},"headline":"F\u00f3ssil revela que grupo neandertal passou 50 mil anos em isolamento completo","datePublished":"2024-09-18T13:33:35+00:00","dateModified":"2024-09-18T13:33:36+00:00","mainEntityOfPage":{"@id":"https:\/\/jornalfatosenoticias.com.br\/index.php\/2024\/09\/18\/fossil-revela-que-grupo-neandertal-passou-50-mil-anos-em-isolamento-completo\/"},"wordCount":572,"commentCount":0,"publisher":{"@id":"https:\/\/jornalfatosenoticias.com.br\/#organization"},"image":{"@id":"https:\/\/jornalfatosenoticias.com.br\/index.php\/2024\/09\/18\/fossil-revela-que-grupo-neandertal-passou-50-mil-anos-em-isolamento-completo\/#primaryimage"},"thumbnailUrl":"https:\/\/jornalfatosenoticias.com.br\/wp-content\/uploads\/2024\/09\/homens-das-cavernas-neandertais_freepik.jpg","keywords":["arqueologia","f\u00f3ssil","neandertais","neandertal"],"articleSection":["Paleo &amp; Arqueologia"],"inLanguage":"pt-BR","potentialAction":[{"@type":"CommentAction","name":"Comment","target":["https:\/\/jornalfatosenoticias.com.br\/index.php\/2024\/09\/18\/fossil-revela-que-grupo-neandertal-passou-50-mil-anos-em-isolamento-completo\/#respond"]}]},{"@type":"WebPage","@id":"https:\/\/jornalfatosenoticias.com.br\/index.php\/2024\/09\/18\/fossil-revela-que-grupo-neandertal-passou-50-mil-anos-em-isolamento-completo\/","url":"https:\/\/jornalfatosenoticias.com.br\/index.php\/2024\/09\/18\/fossil-revela-que-grupo-neandertal-passou-50-mil-anos-em-isolamento-completo\/","name":"F\u00f3ssil revela que grupo neandertal passou 50 mil anos em isolamento completo - Jornal Fatos e Not\u00edcias","isPartOf":{"@id":"https:\/\/jornalfatosenoticias.com.br\/#website"},"primaryImageOfPage":{"@id":"https:\/\/jornalfatosenoticias.com.br\/index.php\/2024\/09\/18\/fossil-revela-que-grupo-neandertal-passou-50-mil-anos-em-isolamento-completo\/#primaryimage"},"image":{"@id":"https:\/\/jornalfatosenoticias.com.br\/index.php\/2024\/09\/18\/fossil-revela-que-grupo-neandertal-passou-50-mil-anos-em-isolamento-completo\/#primaryimage"},"thumbnailUrl":"https:\/\/jornalfatosenoticias.com.br\/wp-content\/uploads\/2024\/09\/homens-das-cavernas-neandertais_freepik.jpg","datePublished":"2024-09-18T13:33:35+00:00","dateModified":"2024-09-18T13:33:36+00:00","breadcrumb":{"@id":"https:\/\/jornalfatosenoticias.com.br\/index.php\/2024\/09\/18\/fossil-revela-que-grupo-neandertal-passou-50-mil-anos-em-isolamento-completo\/#breadcrumb"},"inLanguage":"pt-BR","potentialAction":[{"@type":"ReadAction","target":["https:\/\/jornalfatosenoticias.com.br\/index.php\/2024\/09\/18\/fossil-revela-que-grupo-neandertal-passou-50-mil-anos-em-isolamento-completo\/"]}]},{"@type":"ImageObject","inLanguage":"pt-BR","@id":"https:\/\/jornalfatosenoticias.com.br\/index.php\/2024\/09\/18\/fossil-revela-que-grupo-neandertal-passou-50-mil-anos-em-isolamento-completo\/#primaryimage","url":"https:\/\/jornalfatosenoticias.com.br\/wp-content\/uploads\/2024\/09\/homens-das-cavernas-neandertais_freepik.jpg","contentUrl":"https:\/\/jornalfatosenoticias.com.br\/wp-content\/uploads\/2024\/09\/homens-das-cavernas-neandertais_freepik.jpg","width":996,"height":558},{"@type":"BreadcrumbList","@id":"https:\/\/jornalfatosenoticias.com.br\/index.php\/2024\/09\/18\/fossil-revela-que-grupo-neandertal-passou-50-mil-anos-em-isolamento-completo\/#breadcrumb","itemListElement":[{"@type":"ListItem","position":1,"name":"In\u00edcio","item":"https:\/\/jornalfatosenoticias.com.br\/"},{"@type":"ListItem","position":2,"name":"F\u00f3ssil revela que grupo neandertal passou 50 mil anos em isolamento completo"}]},{"@type":"WebSite","@id":"https:\/\/jornalfatosenoticias.com.br\/#website","url":"https:\/\/jornalfatosenoticias.com.br\/","name":"Jornal Fatos e Not\u00edcias","description":"Not\u00edcias em geral","publisher":{"@id":"https:\/\/jornalfatosenoticias.com.br\/#organization"},"potentialAction":[{"@type":"SearchAction","target":{"@type":"EntryPoint","urlTemplate":"https:\/\/jornalfatosenoticias.com.br\/?s={search_term_string}"},"query-input":{"@type":"PropertyValueSpecification","valueRequired":true,"valueName":"search_term_string"}}],"inLanguage":"pt-BR"},{"@type":"Organization","@id":"https:\/\/jornalfatosenoticias.com.br\/#organization","name":"Jornal Fatos e Not\u00edcias","url":"https:\/\/jornalfatosenoticias.com.br\/","logo":{"@type":"ImageObject","inLanguage":"pt-BR","@id":"https:\/\/jornalfatosenoticias.com.br\/#\/schema\/logo\/image\/","url":"https:\/\/jornalfatosenoticias.com.br\/wp-content\/uploads\/2020\/02\/logo120.png","contentUrl":"https:\/\/jornalfatosenoticias.com.br\/wp-content\/uploads\/2020\/02\/logo120.png","width":1227,"height":120,"caption":"Jornal Fatos e Not\u00edcias"},"image":{"@id":"https:\/\/jornalfatosenoticias.com.br\/#\/schema\/logo\/image\/"}},{"@type":"Person","@id":"https:\/\/jornalfatosenoticias.com.br\/#\/schema\/person\/d63837fa13ac8666eb9e74e0985d6f81","name":"Luzimara Fernandes","image":{"@type":"ImageObject","inLanguage":"pt-BR","@id":"https:\/\/jornalfatosenoticias.com.br\/#\/schema\/person\/image\/","url":"https:\/\/jornalfatosenoticias.com.br\/wp-content\/uploads\/2025\/05\/EU_portal.jpg","contentUrl":"https:\/\/jornalfatosenoticias.com.br\/wp-content\/uploads\/2025\/05\/EU_portal.jpg","caption":"Luzimara Fernandes"},"description":"Jornalista MTB 2358-ES","sameAs":["https:\/\/jornalfatosenoticias.com.br"],"url":"https:\/\/jornalfatosenoticias.com.br\/index.php\/author\/luzimara\/"}]}},"cc_featured_image_caption":{"caption_text":"(Foto: Freepik) ","source_text":"","source_url":""},"jetpack_featured_media_url":"https:\/\/jornalfatosenoticias.com.br\/wp-content\/uploads\/2024\/09\/homens-das-cavernas-neandertais_freepik.jpg","_links":{"self":[{"href":"https:\/\/jornalfatosenoticias.com.br\/index.php\/wp-json\/wp\/v2\/posts\/54266","targetHints":{"allow":["GET"]}}],"collection":[{"href":"https:\/\/jornalfatosenoticias.com.br\/index.php\/wp-json\/wp\/v2\/posts"}],"about":[{"href":"https:\/\/jornalfatosenoticias.com.br\/index.php\/wp-json\/wp\/v2\/types\/post"}],"author":[{"embeddable":true,"href":"https:\/\/jornalfatosenoticias.com.br\/index.php\/wp-json\/wp\/v2\/users\/2"}],"replies":[{"embeddable":true,"href":"https:\/\/jornalfatosenoticias.com.br\/index.php\/wp-json\/wp\/v2\/comments?post=54266"}],"version-history":[{"count":0,"href":"https:\/\/jornalfatosenoticias.com.br\/index.php\/wp-json\/wp\/v2\/posts\/54266\/revisions"}],"wp:featuredmedia":[{"embeddable":true,"href":"https:\/\/jornalfatosenoticias.com.br\/index.php\/wp-json\/wp\/v2\/media\/54268"}],"wp:attachment":[{"href":"https:\/\/jornalfatosenoticias.com.br\/index.php\/wp-json\/wp\/v2\/media?parent=54266"}],"wp:term":[{"taxonomy":"category","embeddable":true,"href":"https:\/\/jornalfatosenoticias.com.br\/index.php\/wp-json\/wp\/v2\/categories?post=54266"},{"taxonomy":"post_tag","embeddable":true,"href":"https:\/\/jornalfatosenoticias.com.br\/index.php\/wp-json\/wp\/v2\/tags?post=54266"}],"curies":[{"name":"wp","href":"https:\/\/api.w.org\/{rel}","templated":true}]}}