{"id":54281,"date":"2024-09-18T11:53:07","date_gmt":"2024-09-18T14:53:07","guid":{"rendered":"https:\/\/jornalfatosenoticias.com.br\/?p=54281"},"modified":"2024-09-18T11:53:08","modified_gmt":"2024-09-18T14:53:08","slug":"nova-especie-de-cobra-com-focinho-alongado-e-descoberta-na-india","status":"publish","type":"post","link":"https:\/\/jornalfatosenoticias.com.br\/index.php\/2024\/09\/18\/nova-especie-de-cobra-com-focinho-alongado-e-descoberta-na-india\/","title":{"rendered":"Nova esp\u00e9cie de cobra com focinho alongado \u00e9 descoberta na \u00cdndia"},"content":{"rendered":"\n<p><span class=\"has-inline-color has-black-color\"><em>A Ahaetulla longirostris pode atingir 1,2 metro de comprimento e tem corpo nas cores verde-brilhante ou marrom-alaranjado<\/em><\/span><\/p>\n\n\n\n<div class=\"wp-block-image\"><figure class=\"aligncenter size-large\"><a href=\"https:\/\/mizu.com.br\/\"><img loading=\"lazy\" decoding=\"async\" width=\"729\" height=\"90\" src=\"https:\/\/jornalfatosenoticias.com.br\/wp-content\/uploads\/2020\/02\/Logo_Mizu.png\" alt=\"\" class=\"wp-image-1441\" srcset=\"https:\/\/jornalfatosenoticias.com.br\/wp-content\/uploads\/2020\/02\/Logo_Mizu.png 729w, https:\/\/jornalfatosenoticias.com.br\/wp-content\/uploads\/2020\/02\/Logo_Mizu-300x37.png 300w\" sizes=\"auto, (max-width: 729px) 100vw, 729px\" \/><\/a><\/figure><\/div>\n\n\n\n<p>Foi descoberta na \u00cdndia uma nova esp\u00e9cie de cobra, a cobra-da-videira-de-focinho-longo (<em>Ahaetulla longirostris<\/em>), de acordo com<a class=\"\" href=\"https:\/\/www.sciencedirect.com\/science\/article\/pii\/S2287884X24000955?via%3Dihub\" target=\"_blank\" rel=\"noreferrer noopener\">\u00a0<strong>artigo<\/strong><\/a> publicado no peri\u00f3dico Journal of Asia-Pacific Biodiversity. A estranha criatura, como seu nome j\u00e1 entrega, tem um focinho excepcionalmente alongado e pode atingir at\u00e9 1,2 metro de comprimento.<br>O primeiro exemplar da esp\u00e9cie <strong><a class=\"\" href=\"https:\/\/www.miamiherald.com\/news\/nation-world\/world\/article292184970.html\" target=\"_blank\" rel=\"noreferrer noopener\">foi encontrado morto<\/a>,<\/strong> em 2021, pelos cientistas Sourabh Verma e Soham Pattekar nos arredores de uma vila no estado indiano de Bihar. Intrigados com o animal, que n\u00e3o se parecia com nenhum outro que conheciam, os especialistas, junto com outros colegas, decidiram estud\u00e1-lo.<\/p>\n\n\n\n<div class=\"wp-block-image\"><figure class=\"aligncenter size-large\"><img loading=\"lazy\" decoding=\"async\" width=\"1000\" height=\"628\" src=\"https:\/\/jornalfatosenoticias.com.br\/wp-content\/uploads\/2024\/09\/duas-cobras-focinho2.jpeg\" alt=\"\" class=\"wp-image-54282\" srcset=\"https:\/\/jornalfatosenoticias.com.br\/wp-content\/uploads\/2024\/09\/duas-cobras-focinho2.jpeg 1000w, https:\/\/jornalfatosenoticias.com.br\/wp-content\/uploads\/2024\/09\/duas-cobras-focinho2-300x188.jpeg 300w, https:\/\/jornalfatosenoticias.com.br\/wp-content\/uploads\/2024\/09\/duas-cobras-focinho2-768x482.jpeg 768w, https:\/\/jornalfatosenoticias.com.br\/wp-content\/uploads\/2024\/09\/duas-cobras-focinho2-350x220.jpeg 350w\" sizes=\"auto, (max-width: 1000px) 100vw, 1000px\" \/><figcaption><em><span class=\"has-inline-color has-black-color\">Nova esp\u00e9cie de cobra de focinho (Foto: Divulga\u00e7\u00e3o)<\/span><\/em><\/figcaption><\/figure><\/div>\n\n\n\n<blockquote class=\"wp-block-quote is-layout-flow wp-block-quote-is-layout-flow\"><p><span class=\"has-inline-color has-luminous-vivid-orange-color\">A ponta da cauda foi retirada do esp\u00e9cime morto de Bihar e preservada em etanol 95% para an\u00e1lise molecular\u201d, explicaram os autores. <\/span><\/p><\/blockquote>\n\n\n\n<div class=\"wp-block-image\"><figure class=\"aligncenter size-large is-resized\"><a href=\"https:\/\/www.instagram.com\/ligadossaborespizzaria\/\"><img loading=\"lazy\" decoding=\"async\" src=\"https:\/\/jornalfatosenoticias.com.br\/wp-content\/uploads\/2024\/09\/WhatsApp-Image-2024-09-14-at-22.46.10-819x1024.jpeg\" alt=\"\" class=\"wp-image-54180\" width=\"305\" height=\"382\" srcset=\"https:\/\/jornalfatosenoticias.com.br\/wp-content\/uploads\/2024\/09\/WhatsApp-Image-2024-09-14-at-22.46.10-819x1024.jpeg 819w, https:\/\/jornalfatosenoticias.com.br\/wp-content\/uploads\/2024\/09\/WhatsApp-Image-2024-09-14-at-22.46.10-240x300.jpeg 240w, https:\/\/jornalfatosenoticias.com.br\/wp-content\/uploads\/2024\/09\/WhatsApp-Image-2024-09-14-at-22.46.10-768x960.jpeg 768w, https:\/\/jornalfatosenoticias.com.br\/wp-content\/uploads\/2024\/09\/WhatsApp-Image-2024-09-14-at-22.46.10.jpeg 1024w\" sizes=\"auto, (max-width: 305px) 100vw, 305px\" \/><\/a><\/figure><\/div>\n\n\n\n<p>Em laborat\u00f3rio, foram realizados testes de DNA, pesquisas de acompanhamento e outras an\u00e1lises aprofundadas. A cobra-da-videira-de-focinho-longo geralmente t\u00eam barriga laranja, mas suas costas variam em cor. Algumas s\u00e3o verde-brilhante e, outras marrom-alaranjadas. Os pesquisadores disseram que a nomearam com base nas palavras latinas \u201clongus\u201d (ou \u201clongo\u201d) e \u201crostrum\u201d (ou \u201cfocinho\u201d), justamente por causa dessa sua caracter\u00edstica-chave. <\/p>\n\n\n\n<div class=\"wp-block-image\"><figure class=\"aligncenter size-large is-resized\"><a href=\"https:\/\/www.facebook.com\/postobkr\/?locale=pt_BR\"><img loading=\"lazy\" decoding=\"async\" src=\"https:\/\/jornalfatosenoticias.com.br\/wp-content\/uploads\/2023\/08\/BKR-1024x1021.jpg\" alt=\"\" class=\"wp-image-44494\" width=\"267\" height=\"266\" srcset=\"https:\/\/jornalfatosenoticias.com.br\/wp-content\/uploads\/2023\/08\/BKR-1024x1021.jpg 1024w, https:\/\/jornalfatosenoticias.com.br\/wp-content\/uploads\/2023\/08\/BKR-300x300.jpg 300w, https:\/\/jornalfatosenoticias.com.br\/wp-content\/uploads\/2023\/08\/BKR-150x150.jpg 150w, https:\/\/jornalfatosenoticias.com.br\/wp-content\/uploads\/2023\/08\/BKR-768x766.jpg 768w, https:\/\/jornalfatosenoticias.com.br\/wp-content\/uploads\/2023\/08\/BKR.jpg 1080w\" sizes=\"auto, (max-width: 267px) 100vw, 267px\" \/><\/a><\/figure><\/div>\n\n\n\n<p>A esp\u00e9cie vive tanto em florestas, bem como em \u00e1reas \u201cdominadas por humanos\u201d. Al\u00e9m de Bihar, foi encontrada no estado de Meghalaya, perto das fronteiras com Bangladesh, But\u00e3o e Nepal.<\/p>\n\n\n\n<div class=\"wp-block-image\"><figure class=\"aligncenter size-large is-resized\"><a href=\"https:\/\/www.legisjuris.com.br\/\"><img loading=\"lazy\" decoding=\"async\" src=\"https:\/\/jornalfatosenoticias.com.br\/wp-content\/uploads\/2024\/09\/Legis-Juris-Consultoria_logo.jpg\" alt=\"\" class=\"wp-image-53915\" width=\"425\" height=\"178\" srcset=\"https:\/\/jornalfatosenoticias.com.br\/wp-content\/uploads\/2024\/09\/Legis-Juris-Consultoria_logo.jpg 969w, https:\/\/jornalfatosenoticias.com.br\/wp-content\/uploads\/2024\/09\/Legis-Juris-Consultoria_logo-300x126.jpg 300w, https:\/\/jornalfatosenoticias.com.br\/wp-content\/uploads\/2024\/09\/Legis-Juris-Consultoria_logo-768x322.jpg 768w\" sizes=\"auto, (max-width: 425px) 100vw, 425px\" \/><\/a><\/figure><\/div>\n\n\n\n<p><strong><em>Fonte: <a href=\"https:\/\/umsoplaneta.globo.com\/biodiversidade\/noticia\/2024\/09\/12\/nova-especie-de-cobra-com-focinho-alongado-e-descoberta-na-india.ghtml\">Um S\u00f3 Planeta<\/a><\/em><\/strong><\/p>\n","protected":false},"excerpt":{"rendered":"<p>A Ahaetulla longirostris pode atingir 1,2 metro de comprimento e tem corpo nas cores verde-brilhante ou marrom-alaranjado Foi descoberta na \u00cdndia uma nova esp\u00e9cie de cobra, a cobra-da-videira-de-focinho-longo (Ahaetulla longirostris), de acordo com\u00a0artigo publicado no peri\u00f3dico Journal of Asia-Pacific Biodiversity. A estranha criatura, como seu nome j\u00e1 entrega, tem um focinho excepcionalmente alongado e pode [&hellip;]<\/p>\n","protected":false},"author":2,"featured_media":54283,"comment_status":"open","ping_status":"open","sticky":false,"template":"","format":"standard","meta":{"footnotes":""},"categories":[8],"tags":[24738,90,24737,24739,24740],"class_list":["post-54281","post","type-post","status-publish","format-standard","has-post-thumbnail","hentry","category-meio-ambiente","tag-cobra-com-focinho","tag-india","tag-marrom-alaranjado","tag-nova-especie-de-cobra","tag-verde-brilhante"],"yoast_head":"<!-- This site is optimized with the Yoast SEO plugin v26.5 - https:\/\/yoast.com\/wordpress\/plugins\/seo\/ -->\n<title>Nova esp\u00e9cie de cobra com focinho alongado \u00e9 descoberta na \u00cdndia - Jornal Fatos e Not\u00edcias<\/title>\n<meta name=\"robots\" content=\"index, follow, max-snippet:-1, max-image-preview:large, max-video-preview:-1\" \/>\n<link rel=\"canonical\" href=\"https:\/\/jornalfatosenoticias.com.br\/index.php\/2024\/09\/18\/nova-especie-de-cobra-com-focinho-alongado-e-descoberta-na-india\/\" \/>\n<meta property=\"og:locale\" content=\"pt_BR\" \/>\n<meta property=\"og:type\" content=\"article\" \/>\n<meta property=\"og:title\" content=\"Nova esp\u00e9cie de cobra com focinho alongado \u00e9 descoberta na \u00cdndia - Jornal Fatos e Not\u00edcias\" \/>\n<meta property=\"og:description\" content=\"A Ahaetulla longirostris pode atingir 1,2 metro de comprimento e tem corpo nas cores verde-brilhante ou marrom-alaranjado Foi descoberta na \u00cdndia uma nova esp\u00e9cie de cobra, a cobra-da-videira-de-focinho-longo (Ahaetulla longirostris), de acordo com\u00a0artigo publicado no peri\u00f3dico Journal of Asia-Pacific Biodiversity. A estranha criatura, como seu nome j\u00e1 entrega, tem um focinho excepcionalmente alongado e pode [&hellip;]\" \/>\n<meta property=\"og:url\" content=\"https:\/\/jornalfatosenoticias.com.br\/index.php\/2024\/09\/18\/nova-especie-de-cobra-com-focinho-alongado-e-descoberta-na-india\/\" \/>\n<meta property=\"og:site_name\" content=\"Jornal Fatos e Not\u00edcias\" \/>\n<meta property=\"article:published_time\" content=\"2024-09-18T14:53:07+00:00\" \/>\n<meta property=\"article:modified_time\" content=\"2024-09-18T14:53:08+00:00\" \/>\n<meta property=\"og:image\" content=\"https:\/\/jornalfatosenoticias.com.br\/wp-content\/uploads\/2024\/09\/cobra-focinho.gif\" \/>\n\t<meta property=\"og:image:width\" content=\"888\" \/>\n\t<meta property=\"og:image:height\" content=\"548\" \/>\n\t<meta property=\"og:image:type\" content=\"image\/gif\" \/>\n<meta name=\"author\" content=\"Luzimara Fernandes\" \/>\n<meta name=\"twitter:card\" content=\"summary_large_image\" \/>\n<meta name=\"twitter:label1\" content=\"Escrito por\" \/>\n\t<meta name=\"twitter:data1\" content=\"Luzimara Fernandes\" \/>\n\t<meta name=\"twitter:label2\" content=\"Est. tempo de leitura\" \/>\n\t<meta name=\"twitter:data2\" content=\"1 minuto\" \/>\n<script type=\"application\/ld+json\" class=\"yoast-schema-graph\">{\"@context\":\"https:\/\/schema.org\",\"@graph\":[{\"@type\":\"Article\",\"@id\":\"https:\/\/jornalfatosenoticias.com.br\/index.php\/2024\/09\/18\/nova-especie-de-cobra-com-focinho-alongado-e-descoberta-na-india\/#article\",\"isPartOf\":{\"@id\":\"https:\/\/jornalfatosenoticias.com.br\/index.php\/2024\/09\/18\/nova-especie-de-cobra-com-focinho-alongado-e-descoberta-na-india\/\"},\"author\":{\"name\":\"Luzimara Fernandes\",\"@id\":\"https:\/\/jornalfatosenoticias.com.br\/#\/schema\/person\/d63837fa13ac8666eb9e74e0985d6f81\"},\"headline\":\"Nova esp\u00e9cie de cobra com focinho alongado \u00e9 descoberta na \u00cdndia\",\"datePublished\":\"2024-09-18T14:53:07+00:00\",\"dateModified\":\"2024-09-18T14:53:08+00:00\",\"mainEntityOfPage\":{\"@id\":\"https:\/\/jornalfatosenoticias.com.br\/index.php\/2024\/09\/18\/nova-especie-de-cobra-com-focinho-alongado-e-descoberta-na-india\/\"},\"wordCount\":254,\"commentCount\":0,\"publisher\":{\"@id\":\"https:\/\/jornalfatosenoticias.com.br\/#organization\"},\"image\":{\"@id\":\"https:\/\/jornalfatosenoticias.com.br\/index.php\/2024\/09\/18\/nova-especie-de-cobra-com-focinho-alongado-e-descoberta-na-india\/#primaryimage\"},\"thumbnailUrl\":\"https:\/\/jornalfatosenoticias.com.br\/wp-content\/uploads\/2024\/09\/cobra-focinho.gif\",\"keywords\":[\"cobra com focinho\",\"\u00edndia\",\"marrom-alaranjado\",\"nova esp\u00e9cie de cobra\",\"verde-brilhante\"],\"articleSection\":[\"Meio ambiente\"],\"inLanguage\":\"pt-BR\",\"potentialAction\":[{\"@type\":\"CommentAction\",\"name\":\"Comment\",\"target\":[\"https:\/\/jornalfatosenoticias.com.br\/index.php\/2024\/09\/18\/nova-especie-de-cobra-com-focinho-alongado-e-descoberta-na-india\/#respond\"]}]},{\"@type\":\"WebPage\",\"@id\":\"https:\/\/jornalfatosenoticias.com.br\/index.php\/2024\/09\/18\/nova-especie-de-cobra-com-focinho-alongado-e-descoberta-na-india\/\",\"url\":\"https:\/\/jornalfatosenoticias.com.br\/index.php\/2024\/09\/18\/nova-especie-de-cobra-com-focinho-alongado-e-descoberta-na-india\/\",\"name\":\"Nova esp\u00e9cie de cobra com focinho alongado \u00e9 descoberta na \u00cdndia - Jornal Fatos e Not\u00edcias\",\"isPartOf\":{\"@id\":\"https:\/\/jornalfatosenoticias.com.br\/#website\"},\"primaryImageOfPage\":{\"@id\":\"https:\/\/jornalfatosenoticias.com.br\/index.php\/2024\/09\/18\/nova-especie-de-cobra-com-focinho-alongado-e-descoberta-na-india\/#primaryimage\"},\"image\":{\"@id\":\"https:\/\/jornalfatosenoticias.com.br\/index.php\/2024\/09\/18\/nova-especie-de-cobra-com-focinho-alongado-e-descoberta-na-india\/#primaryimage\"},\"thumbnailUrl\":\"https:\/\/jornalfatosenoticias.com.br\/wp-content\/uploads\/2024\/09\/cobra-focinho.gif\",\"datePublished\":\"2024-09-18T14:53:07+00:00\",\"dateModified\":\"2024-09-18T14:53:08+00:00\",\"breadcrumb\":{\"@id\":\"https:\/\/jornalfatosenoticias.com.br\/index.php\/2024\/09\/18\/nova-especie-de-cobra-com-focinho-alongado-e-descoberta-na-india\/#breadcrumb\"},\"inLanguage\":\"pt-BR\",\"potentialAction\":[{\"@type\":\"ReadAction\",\"target\":[\"https:\/\/jornalfatosenoticias.com.br\/index.php\/2024\/09\/18\/nova-especie-de-cobra-com-focinho-alongado-e-descoberta-na-india\/\"]}]},{\"@type\":\"ImageObject\",\"inLanguage\":\"pt-BR\",\"@id\":\"https:\/\/jornalfatosenoticias.com.br\/index.php\/2024\/09\/18\/nova-especie-de-cobra-com-focinho-alongado-e-descoberta-na-india\/#primaryimage\",\"url\":\"https:\/\/jornalfatosenoticias.com.br\/wp-content\/uploads\/2024\/09\/cobra-focinho.gif\",\"contentUrl\":\"https:\/\/jornalfatosenoticias.com.br\/wp-content\/uploads\/2024\/09\/cobra-focinho.gif\",\"width\":888,\"height\":548},{\"@type\":\"BreadcrumbList\",\"@id\":\"https:\/\/jornalfatosenoticias.com.br\/index.php\/2024\/09\/18\/nova-especie-de-cobra-com-focinho-alongado-e-descoberta-na-india\/#breadcrumb\",\"itemListElement\":[{\"@type\":\"ListItem\",\"position\":1,\"name\":\"In\u00edcio\",\"item\":\"https:\/\/jornalfatosenoticias.com.br\/\"},{\"@type\":\"ListItem\",\"position\":2,\"name\":\"Nova esp\u00e9cie de cobra com focinho alongado \u00e9 descoberta na \u00cdndia\"}]},{\"@type\":\"WebSite\",\"@id\":\"https:\/\/jornalfatosenoticias.com.br\/#website\",\"url\":\"https:\/\/jornalfatosenoticias.com.br\/\",\"name\":\"Jornal Fatos e Not\u00edcias\",\"description\":\"Not\u00edcias em geral\",\"publisher\":{\"@id\":\"https:\/\/jornalfatosenoticias.com.br\/#organization\"},\"potentialAction\":[{\"@type\":\"SearchAction\",\"target\":{\"@type\":\"EntryPoint\",\"urlTemplate\":\"https:\/\/jornalfatosenoticias.com.br\/?s={search_term_string}\"},\"query-input\":{\"@type\":\"PropertyValueSpecification\",\"valueRequired\":true,\"valueName\":\"search_term_string\"}}],\"inLanguage\":\"pt-BR\"},{\"@type\":\"Organization\",\"@id\":\"https:\/\/jornalfatosenoticias.com.br\/#organization\",\"name\":\"Jornal Fatos e Not\u00edcias\",\"url\":\"https:\/\/jornalfatosenoticias.com.br\/\",\"logo\":{\"@type\":\"ImageObject\",\"inLanguage\":\"pt-BR\",\"@id\":\"https:\/\/jornalfatosenoticias.com.br\/#\/schema\/logo\/image\/\",\"url\":\"https:\/\/jornalfatosenoticias.com.br\/wp-content\/uploads\/2020\/02\/logo120.png\",\"contentUrl\":\"https:\/\/jornalfatosenoticias.com.br\/wp-content\/uploads\/2020\/02\/logo120.png\",\"width\":1227,\"height\":120,\"caption\":\"Jornal Fatos e Not\u00edcias\"},\"image\":{\"@id\":\"https:\/\/jornalfatosenoticias.com.br\/#\/schema\/logo\/image\/\"}},{\"@type\":\"Person\",\"@id\":\"https:\/\/jornalfatosenoticias.com.br\/#\/schema\/person\/d63837fa13ac8666eb9e74e0985d6f81\",\"name\":\"Luzimara Fernandes\",\"image\":{\"@type\":\"ImageObject\",\"inLanguage\":\"pt-BR\",\"@id\":\"https:\/\/jornalfatosenoticias.com.br\/#\/schema\/person\/image\/\",\"url\":\"https:\/\/jornalfatosenoticias.com.br\/wp-content\/uploads\/2025\/05\/EU_portal.jpg\",\"contentUrl\":\"https:\/\/jornalfatosenoticias.com.br\/wp-content\/uploads\/2025\/05\/EU_portal.jpg\",\"caption\":\"Luzimara Fernandes\"},\"description\":\"Jornalista MTB 2358-ES\",\"sameAs\":[\"https:\/\/jornalfatosenoticias.com.br\"],\"url\":\"https:\/\/jornalfatosenoticias.com.br\/index.php\/author\/luzimara\/\"}]}<\/script>\n<!-- \/ Yoast SEO plugin. -->","yoast_head_json":{"title":"Nova esp\u00e9cie de cobra com focinho alongado \u00e9 descoberta na \u00cdndia - Jornal Fatos e Not\u00edcias","robots":{"index":"index","follow":"follow","max-snippet":"max-snippet:-1","max-image-preview":"max-image-preview:large","max-video-preview":"max-video-preview:-1"},"canonical":"https:\/\/jornalfatosenoticias.com.br\/index.php\/2024\/09\/18\/nova-especie-de-cobra-com-focinho-alongado-e-descoberta-na-india\/","og_locale":"pt_BR","og_type":"article","og_title":"Nova esp\u00e9cie de cobra com focinho alongado \u00e9 descoberta na \u00cdndia - Jornal Fatos e Not\u00edcias","og_description":"A Ahaetulla longirostris pode atingir 1,2 metro de comprimento e tem corpo nas cores verde-brilhante ou marrom-alaranjado Foi descoberta na \u00cdndia uma nova esp\u00e9cie de cobra, a cobra-da-videira-de-focinho-longo (Ahaetulla longirostris), de acordo com\u00a0artigo publicado no peri\u00f3dico Journal of Asia-Pacific Biodiversity. A estranha criatura, como seu nome j\u00e1 entrega, tem um focinho excepcionalmente alongado e pode [&hellip;]","og_url":"https:\/\/jornalfatosenoticias.com.br\/index.php\/2024\/09\/18\/nova-especie-de-cobra-com-focinho-alongado-e-descoberta-na-india\/","og_site_name":"Jornal Fatos e Not\u00edcias","article_published_time":"2024-09-18T14:53:07+00:00","article_modified_time":"2024-09-18T14:53:08+00:00","og_image":[{"width":888,"height":548,"url":"https:\/\/jornalfatosenoticias.com.br\/wp-content\/uploads\/2024\/09\/cobra-focinho.gif","type":"image\/gif"}],"author":"Luzimara Fernandes","twitter_card":"summary_large_image","twitter_misc":{"Escrito por":"Luzimara Fernandes","Est. tempo de leitura":"1 minuto"},"schema":{"@context":"https:\/\/schema.org","@graph":[{"@type":"Article","@id":"https:\/\/jornalfatosenoticias.com.br\/index.php\/2024\/09\/18\/nova-especie-de-cobra-com-focinho-alongado-e-descoberta-na-india\/#article","isPartOf":{"@id":"https:\/\/jornalfatosenoticias.com.br\/index.php\/2024\/09\/18\/nova-especie-de-cobra-com-focinho-alongado-e-descoberta-na-india\/"},"author":{"name":"Luzimara Fernandes","@id":"https:\/\/jornalfatosenoticias.com.br\/#\/schema\/person\/d63837fa13ac8666eb9e74e0985d6f81"},"headline":"Nova esp\u00e9cie de cobra com focinho alongado \u00e9 descoberta na \u00cdndia","datePublished":"2024-09-18T14:53:07+00:00","dateModified":"2024-09-18T14:53:08+00:00","mainEntityOfPage":{"@id":"https:\/\/jornalfatosenoticias.com.br\/index.php\/2024\/09\/18\/nova-especie-de-cobra-com-focinho-alongado-e-descoberta-na-india\/"},"wordCount":254,"commentCount":0,"publisher":{"@id":"https:\/\/jornalfatosenoticias.com.br\/#organization"},"image":{"@id":"https:\/\/jornalfatosenoticias.com.br\/index.php\/2024\/09\/18\/nova-especie-de-cobra-com-focinho-alongado-e-descoberta-na-india\/#primaryimage"},"thumbnailUrl":"https:\/\/jornalfatosenoticias.com.br\/wp-content\/uploads\/2024\/09\/cobra-focinho.gif","keywords":["cobra com focinho","\u00edndia","marrom-alaranjado","nova esp\u00e9cie de cobra","verde-brilhante"],"articleSection":["Meio ambiente"],"inLanguage":"pt-BR","potentialAction":[{"@type":"CommentAction","name":"Comment","target":["https:\/\/jornalfatosenoticias.com.br\/index.php\/2024\/09\/18\/nova-especie-de-cobra-com-focinho-alongado-e-descoberta-na-india\/#respond"]}]},{"@type":"WebPage","@id":"https:\/\/jornalfatosenoticias.com.br\/index.php\/2024\/09\/18\/nova-especie-de-cobra-com-focinho-alongado-e-descoberta-na-india\/","url":"https:\/\/jornalfatosenoticias.com.br\/index.php\/2024\/09\/18\/nova-especie-de-cobra-com-focinho-alongado-e-descoberta-na-india\/","name":"Nova esp\u00e9cie de cobra com focinho alongado \u00e9 descoberta na \u00cdndia - Jornal Fatos e Not\u00edcias","isPartOf":{"@id":"https:\/\/jornalfatosenoticias.com.br\/#website"},"primaryImageOfPage":{"@id":"https:\/\/jornalfatosenoticias.com.br\/index.php\/2024\/09\/18\/nova-especie-de-cobra-com-focinho-alongado-e-descoberta-na-india\/#primaryimage"},"image":{"@id":"https:\/\/jornalfatosenoticias.com.br\/index.php\/2024\/09\/18\/nova-especie-de-cobra-com-focinho-alongado-e-descoberta-na-india\/#primaryimage"},"thumbnailUrl":"https:\/\/jornalfatosenoticias.com.br\/wp-content\/uploads\/2024\/09\/cobra-focinho.gif","datePublished":"2024-09-18T14:53:07+00:00","dateModified":"2024-09-18T14:53:08+00:00","breadcrumb":{"@id":"https:\/\/jornalfatosenoticias.com.br\/index.php\/2024\/09\/18\/nova-especie-de-cobra-com-focinho-alongado-e-descoberta-na-india\/#breadcrumb"},"inLanguage":"pt-BR","potentialAction":[{"@type":"ReadAction","target":["https:\/\/jornalfatosenoticias.com.br\/index.php\/2024\/09\/18\/nova-especie-de-cobra-com-focinho-alongado-e-descoberta-na-india\/"]}]},{"@type":"ImageObject","inLanguage":"pt-BR","@id":"https:\/\/jornalfatosenoticias.com.br\/index.php\/2024\/09\/18\/nova-especie-de-cobra-com-focinho-alongado-e-descoberta-na-india\/#primaryimage","url":"https:\/\/jornalfatosenoticias.com.br\/wp-content\/uploads\/2024\/09\/cobra-focinho.gif","contentUrl":"https:\/\/jornalfatosenoticias.com.br\/wp-content\/uploads\/2024\/09\/cobra-focinho.gif","width":888,"height":548},{"@type":"BreadcrumbList","@id":"https:\/\/jornalfatosenoticias.com.br\/index.php\/2024\/09\/18\/nova-especie-de-cobra-com-focinho-alongado-e-descoberta-na-india\/#breadcrumb","itemListElement":[{"@type":"ListItem","position":1,"name":"In\u00edcio","item":"https:\/\/jornalfatosenoticias.com.br\/"},{"@type":"ListItem","position":2,"name":"Nova esp\u00e9cie de cobra com focinho alongado \u00e9 descoberta na \u00cdndia"}]},{"@type":"WebSite","@id":"https:\/\/jornalfatosenoticias.com.br\/#website","url":"https:\/\/jornalfatosenoticias.com.br\/","name":"Jornal Fatos e Not\u00edcias","description":"Not\u00edcias em geral","publisher":{"@id":"https:\/\/jornalfatosenoticias.com.br\/#organization"},"potentialAction":[{"@type":"SearchAction","target":{"@type":"EntryPoint","urlTemplate":"https:\/\/jornalfatosenoticias.com.br\/?s={search_term_string}"},"query-input":{"@type":"PropertyValueSpecification","valueRequired":true,"valueName":"search_term_string"}}],"inLanguage":"pt-BR"},{"@type":"Organization","@id":"https:\/\/jornalfatosenoticias.com.br\/#organization","name":"Jornal Fatos e Not\u00edcias","url":"https:\/\/jornalfatosenoticias.com.br\/","logo":{"@type":"ImageObject","inLanguage":"pt-BR","@id":"https:\/\/jornalfatosenoticias.com.br\/#\/schema\/logo\/image\/","url":"https:\/\/jornalfatosenoticias.com.br\/wp-content\/uploads\/2020\/02\/logo120.png","contentUrl":"https:\/\/jornalfatosenoticias.com.br\/wp-content\/uploads\/2020\/02\/logo120.png","width":1227,"height":120,"caption":"Jornal Fatos e Not\u00edcias"},"image":{"@id":"https:\/\/jornalfatosenoticias.com.br\/#\/schema\/logo\/image\/"}},{"@type":"Person","@id":"https:\/\/jornalfatosenoticias.com.br\/#\/schema\/person\/d63837fa13ac8666eb9e74e0985d6f81","name":"Luzimara Fernandes","image":{"@type":"ImageObject","inLanguage":"pt-BR","@id":"https:\/\/jornalfatosenoticias.com.br\/#\/schema\/person\/image\/","url":"https:\/\/jornalfatosenoticias.com.br\/wp-content\/uploads\/2025\/05\/EU_portal.jpg","contentUrl":"https:\/\/jornalfatosenoticias.com.br\/wp-content\/uploads\/2025\/05\/EU_portal.jpg","caption":"Luzimara Fernandes"},"description":"Jornalista MTB 2358-ES","sameAs":["https:\/\/jornalfatosenoticias.com.br"],"url":"https:\/\/jornalfatosenoticias.com.br\/index.php\/author\/luzimara\/"}]}},"cc_featured_image_caption":{"caption_text":"(Foto: Divulga\u00e7\u00e3o) ","source_text":"","source_url":""},"jetpack_featured_media_url":"https:\/\/jornalfatosenoticias.com.br\/wp-content\/uploads\/2024\/09\/cobra-focinho.gif","_links":{"self":[{"href":"https:\/\/jornalfatosenoticias.com.br\/index.php\/wp-json\/wp\/v2\/posts\/54281","targetHints":{"allow":["GET"]}}],"collection":[{"href":"https:\/\/jornalfatosenoticias.com.br\/index.php\/wp-json\/wp\/v2\/posts"}],"about":[{"href":"https:\/\/jornalfatosenoticias.com.br\/index.php\/wp-json\/wp\/v2\/types\/post"}],"author":[{"embeddable":true,"href":"https:\/\/jornalfatosenoticias.com.br\/index.php\/wp-json\/wp\/v2\/users\/2"}],"replies":[{"embeddable":true,"href":"https:\/\/jornalfatosenoticias.com.br\/index.php\/wp-json\/wp\/v2\/comments?post=54281"}],"version-history":[{"count":0,"href":"https:\/\/jornalfatosenoticias.com.br\/index.php\/wp-json\/wp\/v2\/posts\/54281\/revisions"}],"wp:featuredmedia":[{"embeddable":true,"href":"https:\/\/jornalfatosenoticias.com.br\/index.php\/wp-json\/wp\/v2\/media\/54283"}],"wp:attachment":[{"href":"https:\/\/jornalfatosenoticias.com.br\/index.php\/wp-json\/wp\/v2\/media?parent=54281"}],"wp:term":[{"taxonomy":"category","embeddable":true,"href":"https:\/\/jornalfatosenoticias.com.br\/index.php\/wp-json\/wp\/v2\/categories?post=54281"},{"taxonomy":"post_tag","embeddable":true,"href":"https:\/\/jornalfatosenoticias.com.br\/index.php\/wp-json\/wp\/v2\/tags?post=54281"}],"curies":[{"name":"wp","href":"https:\/\/api.w.org\/{rel}","templated":true}]}}