{"id":54322,"date":"2024-09-19T15:29:39","date_gmt":"2024-09-19T18:29:39","guid":{"rendered":"https:\/\/jornalfatosenoticias.com.br\/?p=54322"},"modified":"2024-09-19T15:29:40","modified_gmt":"2024-09-19T18:29:40","slug":"flavio-dino-suspende-lei-do-mt-que-penaliza-invasores-de-propriedades-privadas","status":"publish","type":"post","link":"https:\/\/jornalfatosenoticias.com.br\/index.php\/2024\/09\/19\/flavio-dino-suspende-lei-do-mt-que-penaliza-invasores-de-propriedades-privadas\/","title":{"rendered":"Fl\u00e1vio Dino suspende lei do MT que penaliza invasores de propriedades privadas"},"content":{"rendered":"\n<div class=\"wp-block-image\"><figure class=\"aligncenter size-large\"><a href=\"https:\/\/panper.com.br\/\"><img loading=\"lazy\" decoding=\"async\" width=\"1024\" height=\"111\" src=\"https:\/\/jornalfatosenoticias.com.br\/wp-content\/uploads\/2020\/02\/WhatsApp-Image-2022-09-23-at-12.09.18-1024x111.jpeg\" alt=\"\" class=\"wp-image-34527\" srcset=\"https:\/\/jornalfatosenoticias.com.br\/wp-content\/uploads\/2020\/02\/WhatsApp-Image-2022-09-23-at-12.09.18-1024x111.jpeg 1024w, https:\/\/jornalfatosenoticias.com.br\/wp-content\/uploads\/2020\/02\/WhatsApp-Image-2022-09-23-at-12.09.18-300x32.jpeg 300w, https:\/\/jornalfatosenoticias.com.br\/wp-content\/uploads\/2020\/02\/WhatsApp-Image-2022-09-23-at-12.09.18-768x83.jpeg 768w, https:\/\/jornalfatosenoticias.com.br\/wp-content\/uploads\/2020\/02\/WhatsApp-Image-2022-09-23-at-12.09.18.jpeg 1121w\" sizes=\"auto, (max-width: 1024px) 100vw, 1024px\" \/><\/a><\/figure><\/div>\n\n\n\n<p>O ministro <a href=\"https:\/\/www.epochtimes.com.br\/focus\/flavio-dino\" target=\"_blank\" rel=\"noreferrer noopener\">Fl\u00e1vio Dino<\/a>, do Supremo Tribunal Federal (<a href=\"https:\/\/www.epochtimes.com.br\/focus\/stf\" target=\"_blank\" rel=\"noreferrer noopener\">STF<\/a>), suspendeu a aplica\u00e7\u00e3o de uma lei do Mato Grosso que estipulava san\u00e7\u00f5es para invasores de propriedades privadas, tanto em \u00e1reas urbanas quanto rurais. A norma, aprovada em 2024, determinava penalidades como a suspens\u00e3o de <a href=\"https:\/\/www.epochtimes.com.br\/focus\/beneficios-sociais\" target=\"_blank\" rel=\"noreferrer noopener\">benef\u00edcios sociais<\/a>, impedimento para ocupar cargos p\u00fablicos e na contrata\u00e7\u00e3o com o governo estadual.<br>A decis\u00e3o foi tomada em car\u00e1ter provis\u00f3rio atrav\u00e9s de uma liminar concedida na <a href=\"https:\/\/www.epochtimes.com.br\/focus\/acao-direta-de-inconstitucionalidade\" target=\"_blank\" rel=\"noreferrer noopener\">A\u00e7\u00e3o Direta de Inconstitucionalidade<\/a>\u00a0(ADI) 7715, movida pela Procuradoria-Geral da Rep\u00fablica (<a href=\"https:\/\/www.epochtimes.com.br\/focus\/pgr\" target=\"_blank\" rel=\"noreferrer noopener\">PGR<\/a>). O \u00f3rg\u00e3o questionou a constitucionalidade da Lei Estadual 12.430\/2024, argumentando que ela extrapolava as compet\u00eancias legislativas do estado.<\/p>\n\n\n\n<div class=\"wp-block-image\"><figure class=\"aligncenter size-large is-resized\"><a href=\"https:\/\/www.facebook.com\/postobkr\/?locale=pt_BR\"><img loading=\"lazy\" decoding=\"async\" src=\"https:\/\/jornalfatosenoticias.com.br\/wp-content\/uploads\/2023\/08\/BKR-1024x1021.jpg\" alt=\"\" class=\"wp-image-44494\" width=\"259\" height=\"258\" srcset=\"https:\/\/jornalfatosenoticias.com.br\/wp-content\/uploads\/2023\/08\/BKR-1024x1021.jpg 1024w, https:\/\/jornalfatosenoticias.com.br\/wp-content\/uploads\/2023\/08\/BKR-300x300.jpg 300w, https:\/\/jornalfatosenoticias.com.br\/wp-content\/uploads\/2023\/08\/BKR-150x150.jpg 150w, https:\/\/jornalfatosenoticias.com.br\/wp-content\/uploads\/2023\/08\/BKR-768x766.jpg 768w, https:\/\/jornalfatosenoticias.com.br\/wp-content\/uploads\/2023\/08\/BKR.jpg 1080w\" sizes=\"auto, (max-width: 259px) 100vw, 259px\" \/><\/a><\/figure><\/div>\n\n\n\n<p>Dino concluiu que a legisla\u00e7\u00e3o mato-grossense impunha san\u00e7\u00f5es adicionais para crimes j\u00e1 previstos no C\u00f3digo Penal, como invas\u00e3o de domic\u00edlio e <a href=\"https:\/\/www.epochtimes.com.br\/focus\/esbulho-possessorio\" target=\"_blank\" rel=\"noreferrer noopener\">esbulho possess\u00f3rio<\/a>, \u00e1reas que s\u00e3o de compet\u00eancia exclusiva da Uni\u00e3o. Ele destacou que ao interferir nessas quest\u00f5es, a lei estadual ultrapassa os limites de sua autoridade legislativa. <\/p>\n\n\n\n<div class=\"wp-block-image\"><figure class=\"aligncenter size-large is-resized\"><a href=\"https:\/\/www.ithbrasil.com.br\/\"><img loading=\"lazy\" decoding=\"async\" src=\"https:\/\/jornalfatosenoticias.com.br\/wp-content\/uploads\/2023\/08\/ITH.jpeg\" alt=\"\" class=\"wp-image-44638\" width=\"276\" height=\"224\" srcset=\"https:\/\/jornalfatosenoticias.com.br\/wp-content\/uploads\/2023\/08\/ITH.jpeg 800w, https:\/\/jornalfatosenoticias.com.br\/wp-content\/uploads\/2023\/08\/ITH-300x244.jpeg 300w, https:\/\/jornalfatosenoticias.com.br\/wp-content\/uploads\/2023\/08\/ITH-768x624.jpeg 768w\" sizes=\"auto, (max-width: 276px) 100vw, 276px\" \/><\/a><\/figure><\/div>\n\n\n\n<p>Al\u00e9m disso, Dino alegou a possibilidade de \u201cpreju\u00edzos irrepar\u00e1veis\u201d, para invasores que dependem de programas sociais e poderiam ser impactados pela nova regra. A suspens\u00e3o da lei ser\u00e1 analisada pelo Plen\u00e1rio do STF, em sess\u00e3o virtual agendada entre 4 e 11 de outubro, onde a decis\u00e3o provis\u00f3ria poder\u00e1 ser confirmada ou revertida.<\/p>\n\n\n\n<div class=\"wp-block-image\"><figure class=\"aligncenter size-large is-resized\"><a href=\"https:\/\/www.instagram.com\/ligadossaborespizzaria\/\"><img loading=\"lazy\" decoding=\"async\" src=\"https:\/\/jornalfatosenoticias.com.br\/wp-content\/uploads\/2024\/09\/WhatsApp-Image-2024-09-14-at-22.46.10-819x1024.jpeg\" alt=\"\" class=\"wp-image-54180\" width=\"292\" height=\"364\" srcset=\"https:\/\/jornalfatosenoticias.com.br\/wp-content\/uploads\/2024\/09\/WhatsApp-Image-2024-09-14-at-22.46.10-819x1024.jpeg 819w, https:\/\/jornalfatosenoticias.com.br\/wp-content\/uploads\/2024\/09\/WhatsApp-Image-2024-09-14-at-22.46.10-240x300.jpeg 240w, https:\/\/jornalfatosenoticias.com.br\/wp-content\/uploads\/2024\/09\/WhatsApp-Image-2024-09-14-at-22.46.10-768x960.jpeg 768w, https:\/\/jornalfatosenoticias.com.br\/wp-content\/uploads\/2024\/09\/WhatsApp-Image-2024-09-14-at-22.46.10.jpeg 1024w\" sizes=\"auto, (max-width: 292px) 100vw, 292px\" \/><\/a><\/figure><\/div>\n\n\n\n<p>Em uma das \u00faltimas invas\u00f5es de grandes propor\u00e7\u00f5es, o Movimento dos Trabalhadores Sem Terra (MST) ocupou a Fazenda Santa Cruz do Kurata, em Mirante do Paranapanema, interior de S\u00e3o Paulo. A invas\u00e3o aconteceu no dia 7 de setembro e, de acordo com os pr\u00f3prios invasores, contou com a participa\u00e7\u00e3o de cerca de 138 fam\u00edlias. Essa foi a 13\u00aa. vez que a fazenda de 1,4 hectare foi invadida pelo movimento comunista. De acordo com o MST, a a\u00e7\u00e3o tem como objetivo \u201cpressionar o Estado para a arrecada\u00e7\u00e3o de terras para a reforma agr\u00e1ria\u201d.<\/p>\n\n\n\n<div class=\"wp-block-image\"><figure class=\"aligncenter size-large\"><a href=\"https:\/\/www.instagram.com\/esteiochurrascaria\/\"><img decoding=\"async\" src=\"https:\/\/jornalfatosenoticias.com.br\/wp-content\/uploads\/2020\/02\/logo_esteio.jpg\" alt=\"\" class=\"wp-image-1214\"\/><\/a><\/figure><\/div>\n\n\n\n<p><strong><em>Fonte: <a href=\"https:\/\/www.epochtimes.com.br\/brasil\/ministro-flavio-dino-suspende-lei-do-mt-que-penaliza-invasores-de-propriedades-privadas-204016.html\">Epoch Times Brasil<\/a><\/em><\/strong><\/p>\n","protected":false},"excerpt":{"rendered":"<p>O ministro Fl\u00e1vio Dino, do Supremo Tribunal Federal (STF), suspendeu a aplica\u00e7\u00e3o de uma lei do Mato Grosso que estipulava san\u00e7\u00f5es para invasores de propriedades privadas, tanto em \u00e1reas urbanas quanto rurais. A norma, aprovada em 2024, determinava penalidades como a suspens\u00e3o de benef\u00edcios sociais, impedimento para ocupar cargos p\u00fablicos e na contrata\u00e7\u00e3o com o [&hellip;]<\/p>\n","protected":false},"author":3,"featured_media":54323,"comment_status":"open","ping_status":"open","sticky":false,"template":"","format":"standard","meta":{"footnotes":""},"categories":[5],"tags":[18622,24761,464,1733,294],"class_list":["post-54322","post","type-post","status-publish","format-standard","has-post-thumbnail","hentry","category-geral","tag-flavio-dino","tag-invasores-de-propriedades-privadas","tag-lei","tag-mato-grosso","tag-stf"],"yoast_head":"<!-- This site is optimized with the Yoast SEO plugin v26.5 - https:\/\/yoast.com\/wordpress\/plugins\/seo\/ -->\n<title>Fl\u00e1vio Dino suspende lei do MT que penaliza invasores de propriedades privadas - Jornal Fatos e Not\u00edcias<\/title>\n<meta name=\"robots\" content=\"index, follow, max-snippet:-1, max-image-preview:large, max-video-preview:-1\" \/>\n<link rel=\"canonical\" href=\"https:\/\/jornalfatosenoticias.com.br\/index.php\/2024\/09\/19\/flavio-dino-suspende-lei-do-mt-que-penaliza-invasores-de-propriedades-privadas\/\" \/>\n<meta property=\"og:locale\" content=\"pt_BR\" \/>\n<meta property=\"og:type\" content=\"article\" \/>\n<meta property=\"og:title\" content=\"Fl\u00e1vio Dino suspende lei do MT que penaliza invasores de propriedades privadas - Jornal Fatos e Not\u00edcias\" \/>\n<meta property=\"og:description\" content=\"O ministro Fl\u00e1vio Dino, do Supremo Tribunal Federal (STF), suspendeu a aplica\u00e7\u00e3o de uma lei do Mato Grosso que estipulava san\u00e7\u00f5es para invasores de propriedades privadas, tanto em \u00e1reas urbanas quanto rurais. A norma, aprovada em 2024, determinava penalidades como a suspens\u00e3o de benef\u00edcios sociais, impedimento para ocupar cargos p\u00fablicos e na contrata\u00e7\u00e3o com o [&hellip;]\" \/>\n<meta property=\"og:url\" content=\"https:\/\/jornalfatosenoticias.com.br\/index.php\/2024\/09\/19\/flavio-dino-suspende-lei-do-mt-que-penaliza-invasores-de-propriedades-privadas\/\" \/>\n<meta property=\"og:site_name\" content=\"Jornal Fatos e Not\u00edcias\" \/>\n<meta property=\"article:published_time\" content=\"2024-09-19T18:29:39+00:00\" \/>\n<meta property=\"article:modified_time\" content=\"2024-09-19T18:29:40+00:00\" \/>\n<meta property=\"og:image\" content=\"https:\/\/jornalfatosenoticias.com.br\/wp-content\/uploads\/2024\/09\/dinossapo_lei-MT.jpeg\" \/>\n\t<meta property=\"og:image:width\" content=\"640\" \/>\n\t<meta property=\"og:image:height\" content=\"427\" \/>\n\t<meta property=\"og:image:type\" content=\"image\/jpeg\" \/>\n<meta name=\"author\" content=\"Haroldo Filho\" \/>\n<meta name=\"twitter:card\" content=\"summary_large_image\" \/>\n<meta name=\"twitter:label1\" content=\"Escrito por\" \/>\n\t<meta name=\"twitter:data1\" content=\"Haroldo Filho\" \/>\n\t<meta name=\"twitter:label2\" content=\"Est. tempo de leitura\" \/>\n\t<meta name=\"twitter:data2\" content=\"2 minutos\" \/>\n<script type=\"application\/ld+json\" class=\"yoast-schema-graph\">{\"@context\":\"https:\/\/schema.org\",\"@graph\":[{\"@type\":\"Article\",\"@id\":\"https:\/\/jornalfatosenoticias.com.br\/index.php\/2024\/09\/19\/flavio-dino-suspende-lei-do-mt-que-penaliza-invasores-de-propriedades-privadas\/#article\",\"isPartOf\":{\"@id\":\"https:\/\/jornalfatosenoticias.com.br\/index.php\/2024\/09\/19\/flavio-dino-suspende-lei-do-mt-que-penaliza-invasores-de-propriedades-privadas\/\"},\"author\":{\"name\":\"Haroldo Filho\",\"@id\":\"https:\/\/jornalfatosenoticias.com.br\/#\/schema\/person\/05c46cc25b42a5c27e004fb0fa6b4965\"},\"headline\":\"Fl\u00e1vio Dino suspende lei do MT que penaliza invasores de propriedades privadas\",\"datePublished\":\"2024-09-19T18:29:39+00:00\",\"dateModified\":\"2024-09-19T18:29:40+00:00\",\"mainEntityOfPage\":{\"@id\":\"https:\/\/jornalfatosenoticias.com.br\/index.php\/2024\/09\/19\/flavio-dino-suspende-lei-do-mt-que-penaliza-invasores-de-propriedades-privadas\/\"},\"wordCount\":343,\"commentCount\":0,\"publisher\":{\"@id\":\"https:\/\/jornalfatosenoticias.com.br\/#organization\"},\"image\":{\"@id\":\"https:\/\/jornalfatosenoticias.com.br\/index.php\/2024\/09\/19\/flavio-dino-suspende-lei-do-mt-que-penaliza-invasores-de-propriedades-privadas\/#primaryimage\"},\"thumbnailUrl\":\"https:\/\/jornalfatosenoticias.com.br\/wp-content\/uploads\/2024\/09\/dinossapo_lei-MT.jpeg\",\"keywords\":[\"Fl\u00e1vio Dino\",\"invasores de propriedades privadas\",\"lei\",\"Mato Grosso\",\"STF\"],\"articleSection\":[\"Geral\"],\"inLanguage\":\"pt-BR\",\"potentialAction\":[{\"@type\":\"CommentAction\",\"name\":\"Comment\",\"target\":[\"https:\/\/jornalfatosenoticias.com.br\/index.php\/2024\/09\/19\/flavio-dino-suspende-lei-do-mt-que-penaliza-invasores-de-propriedades-privadas\/#respond\"]}]},{\"@type\":\"WebPage\",\"@id\":\"https:\/\/jornalfatosenoticias.com.br\/index.php\/2024\/09\/19\/flavio-dino-suspende-lei-do-mt-que-penaliza-invasores-de-propriedades-privadas\/\",\"url\":\"https:\/\/jornalfatosenoticias.com.br\/index.php\/2024\/09\/19\/flavio-dino-suspende-lei-do-mt-que-penaliza-invasores-de-propriedades-privadas\/\",\"name\":\"Fl\u00e1vio Dino suspende lei do MT que penaliza invasores de propriedades privadas - Jornal Fatos e Not\u00edcias\",\"isPartOf\":{\"@id\":\"https:\/\/jornalfatosenoticias.com.br\/#website\"},\"primaryImageOfPage\":{\"@id\":\"https:\/\/jornalfatosenoticias.com.br\/index.php\/2024\/09\/19\/flavio-dino-suspende-lei-do-mt-que-penaliza-invasores-de-propriedades-privadas\/#primaryimage\"},\"image\":{\"@id\":\"https:\/\/jornalfatosenoticias.com.br\/index.php\/2024\/09\/19\/flavio-dino-suspende-lei-do-mt-que-penaliza-invasores-de-propriedades-privadas\/#primaryimage\"},\"thumbnailUrl\":\"https:\/\/jornalfatosenoticias.com.br\/wp-content\/uploads\/2024\/09\/dinossapo_lei-MT.jpeg\",\"datePublished\":\"2024-09-19T18:29:39+00:00\",\"dateModified\":\"2024-09-19T18:29:40+00:00\",\"breadcrumb\":{\"@id\":\"https:\/\/jornalfatosenoticias.com.br\/index.php\/2024\/09\/19\/flavio-dino-suspende-lei-do-mt-que-penaliza-invasores-de-propriedades-privadas\/#breadcrumb\"},\"inLanguage\":\"pt-BR\",\"potentialAction\":[{\"@type\":\"ReadAction\",\"target\":[\"https:\/\/jornalfatosenoticias.com.br\/index.php\/2024\/09\/19\/flavio-dino-suspende-lei-do-mt-que-penaliza-invasores-de-propriedades-privadas\/\"]}]},{\"@type\":\"ImageObject\",\"inLanguage\":\"pt-BR\",\"@id\":\"https:\/\/jornalfatosenoticias.com.br\/index.php\/2024\/09\/19\/flavio-dino-suspende-lei-do-mt-que-penaliza-invasores-de-propriedades-privadas\/#primaryimage\",\"url\":\"https:\/\/jornalfatosenoticias.com.br\/wp-content\/uploads\/2024\/09\/dinossapo_lei-MT.jpeg\",\"contentUrl\":\"https:\/\/jornalfatosenoticias.com.br\/wp-content\/uploads\/2024\/09\/dinossapo_lei-MT.jpeg\",\"width\":640,\"height\":427},{\"@type\":\"BreadcrumbList\",\"@id\":\"https:\/\/jornalfatosenoticias.com.br\/index.php\/2024\/09\/19\/flavio-dino-suspende-lei-do-mt-que-penaliza-invasores-de-propriedades-privadas\/#breadcrumb\",\"itemListElement\":[{\"@type\":\"ListItem\",\"position\":1,\"name\":\"In\u00edcio\",\"item\":\"https:\/\/jornalfatosenoticias.com.br\/\"},{\"@type\":\"ListItem\",\"position\":2,\"name\":\"Fl\u00e1vio Dino suspende lei do MT que penaliza invasores de propriedades privadas\"}]},{\"@type\":\"WebSite\",\"@id\":\"https:\/\/jornalfatosenoticias.com.br\/#website\",\"url\":\"https:\/\/jornalfatosenoticias.com.br\/\",\"name\":\"Jornal Fatos e Not\u00edcias\",\"description\":\"Not\u00edcias em geral\",\"publisher\":{\"@id\":\"https:\/\/jornalfatosenoticias.com.br\/#organization\"},\"potentialAction\":[{\"@type\":\"SearchAction\",\"target\":{\"@type\":\"EntryPoint\",\"urlTemplate\":\"https:\/\/jornalfatosenoticias.com.br\/?s={search_term_string}\"},\"query-input\":{\"@type\":\"PropertyValueSpecification\",\"valueRequired\":true,\"valueName\":\"search_term_string\"}}],\"inLanguage\":\"pt-BR\"},{\"@type\":\"Organization\",\"@id\":\"https:\/\/jornalfatosenoticias.com.br\/#organization\",\"name\":\"Jornal Fatos e Not\u00edcias\",\"url\":\"https:\/\/jornalfatosenoticias.com.br\/\",\"logo\":{\"@type\":\"ImageObject\",\"inLanguage\":\"pt-BR\",\"@id\":\"https:\/\/jornalfatosenoticias.com.br\/#\/schema\/logo\/image\/\",\"url\":\"https:\/\/jornalfatosenoticias.com.br\/wp-content\/uploads\/2020\/02\/logo120.png\",\"contentUrl\":\"https:\/\/jornalfatosenoticias.com.br\/wp-content\/uploads\/2020\/02\/logo120.png\",\"width\":1227,\"height\":120,\"caption\":\"Jornal Fatos e Not\u00edcias\"},\"image\":{\"@id\":\"https:\/\/jornalfatosenoticias.com.br\/#\/schema\/logo\/image\/\"}},{\"@type\":\"Person\",\"@id\":\"https:\/\/jornalfatosenoticias.com.br\/#\/schema\/person\/05c46cc25b42a5c27e004fb0fa6b4965\",\"name\":\"Haroldo Filho\",\"image\":{\"@type\":\"ImageObject\",\"inLanguage\":\"pt-BR\",\"@id\":\"https:\/\/jornalfatosenoticias.com.br\/#\/schema\/person\/image\/\",\"url\":\"https:\/\/jornalfatosenoticias.com.br\/wp-content\/uploads\/2025\/08\/WhatsApp-Image-2025-08-18-at-15.30.28-150x150.jpeg\",\"contentUrl\":\"https:\/\/jornalfatosenoticias.com.br\/wp-content\/uploads\/2025\/08\/WhatsApp-Image-2025-08-18-at-15.30.28-150x150.jpeg\",\"caption\":\"Haroldo Filho\"},\"description\":\"Jornalista \u2013 DRT: 0003818\/ES Coordenador-geral da ONG Educar para Crescer\",\"url\":\"https:\/\/jornalfatosenoticias.com.br\/index.php\/author\/haroldo\/\"}]}<\/script>\n<!-- \/ Yoast SEO plugin. -->","yoast_head_json":{"title":"Fl\u00e1vio Dino suspende lei do MT que penaliza invasores de propriedades privadas - Jornal Fatos e Not\u00edcias","robots":{"index":"index","follow":"follow","max-snippet":"max-snippet:-1","max-image-preview":"max-image-preview:large","max-video-preview":"max-video-preview:-1"},"canonical":"https:\/\/jornalfatosenoticias.com.br\/index.php\/2024\/09\/19\/flavio-dino-suspende-lei-do-mt-que-penaliza-invasores-de-propriedades-privadas\/","og_locale":"pt_BR","og_type":"article","og_title":"Fl\u00e1vio Dino suspende lei do MT que penaliza invasores de propriedades privadas - Jornal Fatos e Not\u00edcias","og_description":"O ministro Fl\u00e1vio Dino, do Supremo Tribunal Federal (STF), suspendeu a aplica\u00e7\u00e3o de uma lei do Mato Grosso que estipulava san\u00e7\u00f5es para invasores de propriedades privadas, tanto em \u00e1reas urbanas quanto rurais. A norma, aprovada em 2024, determinava penalidades como a suspens\u00e3o de benef\u00edcios sociais, impedimento para ocupar cargos p\u00fablicos e na contrata\u00e7\u00e3o com o [&hellip;]","og_url":"https:\/\/jornalfatosenoticias.com.br\/index.php\/2024\/09\/19\/flavio-dino-suspende-lei-do-mt-que-penaliza-invasores-de-propriedades-privadas\/","og_site_name":"Jornal Fatos e Not\u00edcias","article_published_time":"2024-09-19T18:29:39+00:00","article_modified_time":"2024-09-19T18:29:40+00:00","og_image":[{"width":640,"height":427,"url":"https:\/\/jornalfatosenoticias.com.br\/wp-content\/uploads\/2024\/09\/dinossapo_lei-MT.jpeg","type":"image\/jpeg"}],"author":"Haroldo Filho","twitter_card":"summary_large_image","twitter_misc":{"Escrito por":"Haroldo Filho","Est. tempo de leitura":"2 minutos"},"schema":{"@context":"https:\/\/schema.org","@graph":[{"@type":"Article","@id":"https:\/\/jornalfatosenoticias.com.br\/index.php\/2024\/09\/19\/flavio-dino-suspende-lei-do-mt-que-penaliza-invasores-de-propriedades-privadas\/#article","isPartOf":{"@id":"https:\/\/jornalfatosenoticias.com.br\/index.php\/2024\/09\/19\/flavio-dino-suspende-lei-do-mt-que-penaliza-invasores-de-propriedades-privadas\/"},"author":{"name":"Haroldo Filho","@id":"https:\/\/jornalfatosenoticias.com.br\/#\/schema\/person\/05c46cc25b42a5c27e004fb0fa6b4965"},"headline":"Fl\u00e1vio Dino suspende lei do MT que penaliza invasores de propriedades privadas","datePublished":"2024-09-19T18:29:39+00:00","dateModified":"2024-09-19T18:29:40+00:00","mainEntityOfPage":{"@id":"https:\/\/jornalfatosenoticias.com.br\/index.php\/2024\/09\/19\/flavio-dino-suspende-lei-do-mt-que-penaliza-invasores-de-propriedades-privadas\/"},"wordCount":343,"commentCount":0,"publisher":{"@id":"https:\/\/jornalfatosenoticias.com.br\/#organization"},"image":{"@id":"https:\/\/jornalfatosenoticias.com.br\/index.php\/2024\/09\/19\/flavio-dino-suspende-lei-do-mt-que-penaliza-invasores-de-propriedades-privadas\/#primaryimage"},"thumbnailUrl":"https:\/\/jornalfatosenoticias.com.br\/wp-content\/uploads\/2024\/09\/dinossapo_lei-MT.jpeg","keywords":["Fl\u00e1vio Dino","invasores de propriedades privadas","lei","Mato Grosso","STF"],"articleSection":["Geral"],"inLanguage":"pt-BR","potentialAction":[{"@type":"CommentAction","name":"Comment","target":["https:\/\/jornalfatosenoticias.com.br\/index.php\/2024\/09\/19\/flavio-dino-suspende-lei-do-mt-que-penaliza-invasores-de-propriedades-privadas\/#respond"]}]},{"@type":"WebPage","@id":"https:\/\/jornalfatosenoticias.com.br\/index.php\/2024\/09\/19\/flavio-dino-suspende-lei-do-mt-que-penaliza-invasores-de-propriedades-privadas\/","url":"https:\/\/jornalfatosenoticias.com.br\/index.php\/2024\/09\/19\/flavio-dino-suspende-lei-do-mt-que-penaliza-invasores-de-propriedades-privadas\/","name":"Fl\u00e1vio Dino suspende lei do MT que penaliza invasores de propriedades privadas - Jornal Fatos e Not\u00edcias","isPartOf":{"@id":"https:\/\/jornalfatosenoticias.com.br\/#website"},"primaryImageOfPage":{"@id":"https:\/\/jornalfatosenoticias.com.br\/index.php\/2024\/09\/19\/flavio-dino-suspende-lei-do-mt-que-penaliza-invasores-de-propriedades-privadas\/#primaryimage"},"image":{"@id":"https:\/\/jornalfatosenoticias.com.br\/index.php\/2024\/09\/19\/flavio-dino-suspende-lei-do-mt-que-penaliza-invasores-de-propriedades-privadas\/#primaryimage"},"thumbnailUrl":"https:\/\/jornalfatosenoticias.com.br\/wp-content\/uploads\/2024\/09\/dinossapo_lei-MT.jpeg","datePublished":"2024-09-19T18:29:39+00:00","dateModified":"2024-09-19T18:29:40+00:00","breadcrumb":{"@id":"https:\/\/jornalfatosenoticias.com.br\/index.php\/2024\/09\/19\/flavio-dino-suspende-lei-do-mt-que-penaliza-invasores-de-propriedades-privadas\/#breadcrumb"},"inLanguage":"pt-BR","potentialAction":[{"@type":"ReadAction","target":["https:\/\/jornalfatosenoticias.com.br\/index.php\/2024\/09\/19\/flavio-dino-suspende-lei-do-mt-que-penaliza-invasores-de-propriedades-privadas\/"]}]},{"@type":"ImageObject","inLanguage":"pt-BR","@id":"https:\/\/jornalfatosenoticias.com.br\/index.php\/2024\/09\/19\/flavio-dino-suspende-lei-do-mt-que-penaliza-invasores-de-propriedades-privadas\/#primaryimage","url":"https:\/\/jornalfatosenoticias.com.br\/wp-content\/uploads\/2024\/09\/dinossapo_lei-MT.jpeg","contentUrl":"https:\/\/jornalfatosenoticias.com.br\/wp-content\/uploads\/2024\/09\/dinossapo_lei-MT.jpeg","width":640,"height":427},{"@type":"BreadcrumbList","@id":"https:\/\/jornalfatosenoticias.com.br\/index.php\/2024\/09\/19\/flavio-dino-suspende-lei-do-mt-que-penaliza-invasores-de-propriedades-privadas\/#breadcrumb","itemListElement":[{"@type":"ListItem","position":1,"name":"In\u00edcio","item":"https:\/\/jornalfatosenoticias.com.br\/"},{"@type":"ListItem","position":2,"name":"Fl\u00e1vio Dino suspende lei do MT que penaliza invasores de propriedades privadas"}]},{"@type":"WebSite","@id":"https:\/\/jornalfatosenoticias.com.br\/#website","url":"https:\/\/jornalfatosenoticias.com.br\/","name":"Jornal Fatos e Not\u00edcias","description":"Not\u00edcias em geral","publisher":{"@id":"https:\/\/jornalfatosenoticias.com.br\/#organization"},"potentialAction":[{"@type":"SearchAction","target":{"@type":"EntryPoint","urlTemplate":"https:\/\/jornalfatosenoticias.com.br\/?s={search_term_string}"},"query-input":{"@type":"PropertyValueSpecification","valueRequired":true,"valueName":"search_term_string"}}],"inLanguage":"pt-BR"},{"@type":"Organization","@id":"https:\/\/jornalfatosenoticias.com.br\/#organization","name":"Jornal Fatos e Not\u00edcias","url":"https:\/\/jornalfatosenoticias.com.br\/","logo":{"@type":"ImageObject","inLanguage":"pt-BR","@id":"https:\/\/jornalfatosenoticias.com.br\/#\/schema\/logo\/image\/","url":"https:\/\/jornalfatosenoticias.com.br\/wp-content\/uploads\/2020\/02\/logo120.png","contentUrl":"https:\/\/jornalfatosenoticias.com.br\/wp-content\/uploads\/2020\/02\/logo120.png","width":1227,"height":120,"caption":"Jornal Fatos e Not\u00edcias"},"image":{"@id":"https:\/\/jornalfatosenoticias.com.br\/#\/schema\/logo\/image\/"}},{"@type":"Person","@id":"https:\/\/jornalfatosenoticias.com.br\/#\/schema\/person\/05c46cc25b42a5c27e004fb0fa6b4965","name":"Haroldo Filho","image":{"@type":"ImageObject","inLanguage":"pt-BR","@id":"https:\/\/jornalfatosenoticias.com.br\/#\/schema\/person\/image\/","url":"https:\/\/jornalfatosenoticias.com.br\/wp-content\/uploads\/2025\/08\/WhatsApp-Image-2025-08-18-at-15.30.28-150x150.jpeg","contentUrl":"https:\/\/jornalfatosenoticias.com.br\/wp-content\/uploads\/2025\/08\/WhatsApp-Image-2025-08-18-at-15.30.28-150x150.jpeg","caption":"Haroldo Filho"},"description":"Jornalista \u2013 DRT: 0003818\/ES Coordenador-geral da ONG Educar para Crescer","url":"https:\/\/jornalfatosenoticias.com.br\/index.php\/author\/haroldo\/"}]}},"cc_featured_image_caption":{"caption_text":"(Foto: Fellipe Sampaio\/SCO\/STF)","source_text":"","source_url":""},"jetpack_featured_media_url":"https:\/\/jornalfatosenoticias.com.br\/wp-content\/uploads\/2024\/09\/dinossapo_lei-MT.jpeg","_links":{"self":[{"href":"https:\/\/jornalfatosenoticias.com.br\/index.php\/wp-json\/wp\/v2\/posts\/54322","targetHints":{"allow":["GET"]}}],"collection":[{"href":"https:\/\/jornalfatosenoticias.com.br\/index.php\/wp-json\/wp\/v2\/posts"}],"about":[{"href":"https:\/\/jornalfatosenoticias.com.br\/index.php\/wp-json\/wp\/v2\/types\/post"}],"author":[{"embeddable":true,"href":"https:\/\/jornalfatosenoticias.com.br\/index.php\/wp-json\/wp\/v2\/users\/3"}],"replies":[{"embeddable":true,"href":"https:\/\/jornalfatosenoticias.com.br\/index.php\/wp-json\/wp\/v2\/comments?post=54322"}],"version-history":[{"count":0,"href":"https:\/\/jornalfatosenoticias.com.br\/index.php\/wp-json\/wp\/v2\/posts\/54322\/revisions"}],"wp:featuredmedia":[{"embeddable":true,"href":"https:\/\/jornalfatosenoticias.com.br\/index.php\/wp-json\/wp\/v2\/media\/54323"}],"wp:attachment":[{"href":"https:\/\/jornalfatosenoticias.com.br\/index.php\/wp-json\/wp\/v2\/media?parent=54322"}],"wp:term":[{"taxonomy":"category","embeddable":true,"href":"https:\/\/jornalfatosenoticias.com.br\/index.php\/wp-json\/wp\/v2\/categories?post=54322"},{"taxonomy":"post_tag","embeddable":true,"href":"https:\/\/jornalfatosenoticias.com.br\/index.php\/wp-json\/wp\/v2\/tags?post=54322"}],"curies":[{"name":"wp","href":"https:\/\/api.w.org\/{rel}","templated":true}]}}