{"id":54340,"date":"2024-09-19T16:20:07","date_gmt":"2024-09-19T19:20:07","guid":{"rendered":"https:\/\/jornalfatosenoticias.com.br\/?p=54340"},"modified":"2024-09-19T16:20:42","modified_gmt":"2024-09-19T19:20:42","slug":"coluna-universo-artes-e-letras-novidade-para-escritores-e-artistas-plasticos","status":"publish","type":"post","link":"https:\/\/jornalfatosenoticias.com.br\/index.php\/2024\/09\/19\/coluna-universo-artes-e-letras-novidade-para-escritores-e-artistas-plasticos\/","title":{"rendered":"Coluna &#8216;Universo Artes e Letras&#8217; \u2014 Novidade para escritores e artistas pl\u00e1sticos"},"content":{"rendered":"\n<p><span class=\"has-inline-color has-black-color\">Por <strong>Buana Lima<\/strong><\/span><strong><span class=\"has-inline-color has-black-color\">*<\/span><\/strong><\/p>\n\n\n\n<div class=\"wp-block-image is-style-rounded\"><figure class=\"alignleft size-large\"><img loading=\"lazy\" decoding=\"async\" width=\"181\" height=\"202\" src=\"https:\/\/jornalfatosenoticias.com.br\/wp-content\/uploads\/2024\/09\/Buana_Lima-removebg-preview.png\" alt=\"\" class=\"wp-image-54341\"\/><\/figure><\/div>\n\n\n\n<p>Sou Buana Lima, gestora cultural internacional. Para facilitar a sua jornada profissional, criei o Universo Artes e Letras, que faz parte de um conglomerado que vem beneficiando e mudando a vida de artistas pl\u00e1sticos e escritores de muitos pa\u00edses. Junto a Marcoz Oz\u00e1n, em 2016, em Buenos Aires, criamos o Universo Art Kids, em seguida o Universo de las Artes.<br>Somos pioneiros em internacionalizar o curriculum de artistas e escritores sem que os mesmos tenham que sair de suas casas, sem que tenham que enviar obras originais para participarem de exposi\u00e7\u00f5es internacionais, sejam elas artes pl\u00e1sticas ou exposi\u00e7\u00f5es gr\u00e1ficas liter\u00e1rias.<br>O processo para participar de nossos eventos \u00e9 simples, basta querer expandir sua carreira e tomar a decis\u00e3o. Feito isso, o pr\u00f3ximo passo \u00e9 abrir sua cabe\u00e7a para as mudan\u00e7as e evolu\u00e7\u00f5es do mundo da arte, n\u00e3o se prendam ao tradicionalismo.<\/p>\n\n\n\n<div class=\"wp-block-image\"><figure class=\"aligncenter size-large\"><a href=\"https:\/\/cesconetto.com.br\/\"><img loading=\"lazy\" decoding=\"async\" width=\"300\" height=\"250\" src=\"https:\/\/jornalfatosenoticias.com.br\/wp-content\/uploads\/2022\/02\/Banner-2.png\" alt=\"\" class=\"wp-image-27877\"\/><\/a><\/figure><\/div>\n\n\n\n<p>Para criar um curriculum internacional de peso, que te abrir\u00e1 portas, voc\u00ea deve entrar em contato e ver em qual de nossos eventos voc\u00ea se encaixa. Temos exposi\u00e7\u00f5es individuais, coletivas, assessoria personalizada e muito conhecimento na \u00e1rea, sabemos o que fazemos para que voc\u00ea seja reconhecido.<br>Se quer come\u00e7ar a se tornar um escritor ou artista pl\u00e1stico internacional pagando pouco, envie mensagens para nosso WhatsApp e n\u00e3o espere terminar o ano, mude sua vis\u00e3o, gire a chave e alavanque sua carreira j\u00e1! Agregue valor ao teu curriculum e fa\u00e7a com que galerias e curadores te vejam com outros olhos e respeitem a sua trajet\u00f3ria.<\/p>\n\n\n\n<div class=\"wp-block-jetpack-slideshow aligncenter\" data-effect=\"slide\"><div class=\"wp-block-jetpack-slideshow_container swiper-container\"><ul class=\"wp-block-jetpack-slideshow_swiper-wrapper swiper-wrapper\"><li class=\"wp-block-jetpack-slideshow_slide swiper-slide\"><figure><img loading=\"lazy\" decoding=\"async\" width=\"999\" height=\"844\" alt=\"\" class=\"wp-block-jetpack-slideshow_image wp-image-54342\" data-id=\"54342\" src=\"https:\/\/jornalfatosenoticias.com.br\/wp-content\/uploads\/2024\/09\/buana2.jpeg\" srcset=\"https:\/\/jornalfatosenoticias.com.br\/wp-content\/uploads\/2024\/09\/buana2.jpeg 999w, https:\/\/jornalfatosenoticias.com.br\/wp-content\/uploads\/2024\/09\/buana2-300x253.jpeg 300w, https:\/\/jornalfatosenoticias.com.br\/wp-content\/uploads\/2024\/09\/buana2-768x649.jpeg 768w\" sizes=\"auto, (max-width: 999px) 100vw, 999px\" \/><figcaption class=\"wp-block-jetpack-slideshow_caption gallery-caption\">(Foto: Arquivo Pessoal) <\/figcaption><\/figure><\/li><li class=\"wp-block-jetpack-slideshow_slide swiper-slide\"><figure><img loading=\"lazy\" decoding=\"async\" width=\"1000\" height=\"955\" alt=\"\" class=\"wp-block-jetpack-slideshow_image wp-image-54343\" data-id=\"54343\" src=\"https:\/\/jornalfatosenoticias.com.br\/wp-content\/uploads\/2024\/09\/buana3.jpeg\" srcset=\"https:\/\/jornalfatosenoticias.com.br\/wp-content\/uploads\/2024\/09\/buana3.jpeg 1000w, https:\/\/jornalfatosenoticias.com.br\/wp-content\/uploads\/2024\/09\/buana3-300x287.jpeg 300w, https:\/\/jornalfatosenoticias.com.br\/wp-content\/uploads\/2024\/09\/buana3-768x733.jpeg 768w\" sizes=\"auto, (max-width: 1000px) 100vw, 1000px\" \/><figcaption class=\"wp-block-jetpack-slideshow_caption gallery-caption\">(Foto: Arquivo Pessoal) <\/figcaption><\/figure><\/li><\/ul><a class=\"wp-block-jetpack-slideshow_button-prev swiper-button-prev swiper-button-white\" role=\"button\"><\/a><a class=\"wp-block-jetpack-slideshow_button-next swiper-button-next swiper-button-white\" role=\"button\"><\/a><a aria-label=\"Pause Slideshow\" class=\"wp-block-jetpack-slideshow_button-pause\" role=\"button\"><\/a><div class=\"wp-block-jetpack-slideshow_pagination swiper-pagination swiper-pagination-white\"><\/div><\/div><\/div>\n\n\n\n<p>Gostaria de um relan\u00e7amento de seu livro aqui na Livraria Novos Escritores, uma tarde de aut\u00f3grafos, tert\u00falias? Gostaria de participar de feiras internacionais de livros, na Argentina, Col\u00f4mbia ou Espanha? Podemos direcionar sua carreira. Gostaria de uma exposi\u00e7\u00e3o individual, ou participar de nossa pr\u00f3xima convocat\u00f3ria coletiva internacional? \u00c9 simples, voc\u00ea far\u00e1 sua inscri\u00e7\u00e3o diretamente comigo pelo WhatsApp, depois enviar\u00e1 a foto de sua obra de arte, ou de seu livro e\/ou biografia por e-mail, e n\u00f3s vamos reproduzir para que possa participar. Tudo poder\u00e1 ser visto atrav\u00e9s de v\u00eddeos, fotos e <em>lives<\/em>, voc\u00ea receber\u00e1 o certificado de participa\u00e7\u00e3o internacional do evento por e-mail. E, desta forma, vai fortalecer teu curriculum.<\/p>\n\n\n\n<div class=\"wp-block-image\"><figure class=\"aligncenter size-large is-resized\"><a href=\"https:\/\/www.legisjuris.com.br\/\"><img loading=\"lazy\" decoding=\"async\" src=\"https:\/\/jornalfatosenoticias.com.br\/wp-content\/uploads\/2024\/09\/Legis-Juris-Consultoria_logo.jpg\" alt=\"\" class=\"wp-image-53915\" width=\"463\" height=\"194\" srcset=\"https:\/\/jornalfatosenoticias.com.br\/wp-content\/uploads\/2024\/09\/Legis-Juris-Consultoria_logo.jpg 969w, https:\/\/jornalfatosenoticias.com.br\/wp-content\/uploads\/2024\/09\/Legis-Juris-Consultoria_logo-300x126.jpg 300w, https:\/\/jornalfatosenoticias.com.br\/wp-content\/uploads\/2024\/09\/Legis-Juris-Consultoria_logo-768x322.jpg 768w\" sizes=\"auto, (max-width: 463px) 100vw, 463px\" \/><\/a><\/figure><\/div>\n\n\n\n<p>Neste momento, temos poucas vagas para exposi\u00e7\u00f5es individuais, al\u00e9m da minha assessoria gratuita durante tr\u00eas meses. Tamb\u00e9m estamos convocando para a Mostra Internacional Outubro Rosa, sobre a preven\u00e7\u00e3o do c\u00e2ncer de mama. J\u00e1 h\u00e1 inscritos de v\u00e1rios pa\u00edses, homens e mulheres. N\u00e3o fique de fora. D\u00ea o primeiro passo, que poder\u00e1 ser o mais importante de sua carreira.<br>Converse com a gente e conhe\u00e7a nossos servi\u00e7os!<\/p>\n\n\n\n<div class=\"wp-block-image\"><figure class=\"aligncenter size-large is-resized\"><a href=\"https:\/\/panper.com.br\/\"><img loading=\"lazy\" decoding=\"async\" src=\"https:\/\/jornalfatosenoticias.com.br\/wp-content\/uploads\/2023\/03\/logo-Panper_portal.jpg\" alt=\"\" class=\"wp-image-40208\" width=\"352\" height=\"244\" srcset=\"https:\/\/jornalfatosenoticias.com.br\/wp-content\/uploads\/2023\/03\/logo-Panper_portal.jpg 400w, https:\/\/jornalfatosenoticias.com.br\/wp-content\/uploads\/2023\/03\/logo-Panper_portal-300x208.jpg 300w\" sizes=\"auto, (max-width: 352px) 100vw, 352px\" \/><\/a><\/figure><\/div>\n\n\n\n<p><em><span class=\"has-inline-color has-black-color\"><strong>Buana Lima<br><\/strong>Gestora cultural internacional<br>WhatsApp (+21) 97616-3304 ou (+21) 99982-6280<\/span><\/em><\/p>\n","protected":false},"excerpt":{"rendered":"<p>Por Buana Lima* Sou Buana Lima, gestora cultural internacional. Para facilitar a sua jornada profissional, criei o Universo Artes e Letras, que faz parte de um conglomerado que vem beneficiando e mudando a vida de artistas pl\u00e1sticos e escritores de muitos pa\u00edses. Junto a Marcoz Oz\u00e1n, em 2016, em Buenos Aires, criamos o Universo Art [&hellip;]<\/p>\n","protected":false},"author":2,"featured_media":54345,"comment_status":"open","ping_status":"open","sticky":false,"template":"","format":"standard","meta":{"footnotes":""},"categories":[4],"tags":[1431,9667,24769,24665,11559,914],"class_list":["post-54340","post","type-post","status-publish","format-standard","has-post-thumbnail","hentry","category-cultura","tag-artes","tag-artes-plasticas","tag-artistas-plasticos","tag-buana-lima","tag-escritores","tag-literatura"],"yoast_head":"<!-- This site is optimized with the Yoast SEO plugin v26.5 - https:\/\/yoast.com\/wordpress\/plugins\/seo\/ -->\n<title>Coluna &#039;Universo Artes e Letras&#039; \u2014 Novidade para escritores e artistas pl\u00e1sticos - Jornal Fatos e Not\u00edcias<\/title>\n<meta name=\"robots\" content=\"index, follow, max-snippet:-1, max-image-preview:large, max-video-preview:-1\" \/>\n<link rel=\"canonical\" href=\"https:\/\/jornalfatosenoticias.com.br\/index.php\/2024\/09\/19\/coluna-universo-artes-e-letras-novidade-para-escritores-e-artistas-plasticos\/\" \/>\n<meta property=\"og:locale\" content=\"pt_BR\" \/>\n<meta property=\"og:type\" content=\"article\" \/>\n<meta property=\"og:title\" content=\"Coluna &#039;Universo Artes e Letras&#039; \u2014 Novidade para escritores e artistas pl\u00e1sticos - Jornal Fatos e Not\u00edcias\" \/>\n<meta property=\"og:description\" content=\"Por Buana Lima* Sou Buana Lima, gestora cultural internacional. Para facilitar a sua jornada profissional, criei o Universo Artes e Letras, que faz parte de um conglomerado que vem beneficiando e mudando a vida de artistas pl\u00e1sticos e escritores de muitos pa\u00edses. Junto a Marcoz Oz\u00e1n, em 2016, em Buenos Aires, criamos o Universo Art [&hellip;]\" \/>\n<meta property=\"og:url\" content=\"https:\/\/jornalfatosenoticias.com.br\/index.php\/2024\/09\/19\/coluna-universo-artes-e-letras-novidade-para-escritores-e-artistas-plasticos\/\" \/>\n<meta property=\"og:site_name\" content=\"Jornal Fatos e Not\u00edcias\" \/>\n<meta property=\"article:published_time\" content=\"2024-09-19T19:20:07+00:00\" \/>\n<meta property=\"article:modified_time\" content=\"2024-09-19T19:20:42+00:00\" \/>\n<meta property=\"og:image\" content=\"https:\/\/jornalfatosenoticias.com.br\/wp-content\/uploads\/2024\/09\/buana1.jpeg\" \/>\n\t<meta property=\"og:image:width\" content=\"1000\" \/>\n\t<meta property=\"og:image:height\" content=\"915\" \/>\n\t<meta property=\"og:image:type\" content=\"image\/jpeg\" \/>\n<meta name=\"author\" content=\"Luzimara Fernandes\" \/>\n<meta name=\"twitter:card\" content=\"summary_large_image\" \/>\n<meta name=\"twitter:label1\" content=\"Escrito por\" \/>\n\t<meta name=\"twitter:data1\" content=\"Luzimara Fernandes\" \/>\n\t<meta name=\"twitter:label2\" content=\"Est. tempo de leitura\" \/>\n\t<meta name=\"twitter:data2\" content=\"2 minutos\" \/>\n<script type=\"application\/ld+json\" class=\"yoast-schema-graph\">{\"@context\":\"https:\/\/schema.org\",\"@graph\":[{\"@type\":\"Article\",\"@id\":\"https:\/\/jornalfatosenoticias.com.br\/index.php\/2024\/09\/19\/coluna-universo-artes-e-letras-novidade-para-escritores-e-artistas-plasticos\/#article\",\"isPartOf\":{\"@id\":\"https:\/\/jornalfatosenoticias.com.br\/index.php\/2024\/09\/19\/coluna-universo-artes-e-letras-novidade-para-escritores-e-artistas-plasticos\/\"},\"author\":{\"name\":\"Luzimara Fernandes\",\"@id\":\"https:\/\/jornalfatosenoticias.com.br\/#\/schema\/person\/d63837fa13ac8666eb9e74e0985d6f81\"},\"headline\":\"Coluna &#8216;Universo Artes e Letras&#8217; \u2014 Novidade para escritores e artistas pl\u00e1sticos\",\"datePublished\":\"2024-09-19T19:20:07+00:00\",\"dateModified\":\"2024-09-19T19:20:42+00:00\",\"mainEntityOfPage\":{\"@id\":\"https:\/\/jornalfatosenoticias.com.br\/index.php\/2024\/09\/19\/coluna-universo-artes-e-letras-novidade-para-escritores-e-artistas-plasticos\/\"},\"wordCount\":491,\"commentCount\":0,\"publisher\":{\"@id\":\"https:\/\/jornalfatosenoticias.com.br\/#organization\"},\"image\":{\"@id\":\"https:\/\/jornalfatosenoticias.com.br\/index.php\/2024\/09\/19\/coluna-universo-artes-e-letras-novidade-para-escritores-e-artistas-plasticos\/#primaryimage\"},\"thumbnailUrl\":\"https:\/\/jornalfatosenoticias.com.br\/wp-content\/uploads\/2024\/09\/buana1.jpeg\",\"keywords\":[\"artes\",\"artes pl\u00e1sticas\",\"artistas pl\u00e1sticos\",\"Buana Lima\",\"escritores\",\"literatura\"],\"articleSection\":[\"Cultura\"],\"inLanguage\":\"pt-BR\",\"potentialAction\":[{\"@type\":\"CommentAction\",\"name\":\"Comment\",\"target\":[\"https:\/\/jornalfatosenoticias.com.br\/index.php\/2024\/09\/19\/coluna-universo-artes-e-letras-novidade-para-escritores-e-artistas-plasticos\/#respond\"]}]},{\"@type\":\"WebPage\",\"@id\":\"https:\/\/jornalfatosenoticias.com.br\/index.php\/2024\/09\/19\/coluna-universo-artes-e-letras-novidade-para-escritores-e-artistas-plasticos\/\",\"url\":\"https:\/\/jornalfatosenoticias.com.br\/index.php\/2024\/09\/19\/coluna-universo-artes-e-letras-novidade-para-escritores-e-artistas-plasticos\/\",\"name\":\"Coluna 'Universo Artes e Letras' \u2014 Novidade para escritores e artistas pl\u00e1sticos - Jornal Fatos e Not\u00edcias\",\"isPartOf\":{\"@id\":\"https:\/\/jornalfatosenoticias.com.br\/#website\"},\"primaryImageOfPage\":{\"@id\":\"https:\/\/jornalfatosenoticias.com.br\/index.php\/2024\/09\/19\/coluna-universo-artes-e-letras-novidade-para-escritores-e-artistas-plasticos\/#primaryimage\"},\"image\":{\"@id\":\"https:\/\/jornalfatosenoticias.com.br\/index.php\/2024\/09\/19\/coluna-universo-artes-e-letras-novidade-para-escritores-e-artistas-plasticos\/#primaryimage\"},\"thumbnailUrl\":\"https:\/\/jornalfatosenoticias.com.br\/wp-content\/uploads\/2024\/09\/buana1.jpeg\",\"datePublished\":\"2024-09-19T19:20:07+00:00\",\"dateModified\":\"2024-09-19T19:20:42+00:00\",\"breadcrumb\":{\"@id\":\"https:\/\/jornalfatosenoticias.com.br\/index.php\/2024\/09\/19\/coluna-universo-artes-e-letras-novidade-para-escritores-e-artistas-plasticos\/#breadcrumb\"},\"inLanguage\":\"pt-BR\",\"potentialAction\":[{\"@type\":\"ReadAction\",\"target\":[\"https:\/\/jornalfatosenoticias.com.br\/index.php\/2024\/09\/19\/coluna-universo-artes-e-letras-novidade-para-escritores-e-artistas-plasticos\/\"]}]},{\"@type\":\"ImageObject\",\"inLanguage\":\"pt-BR\",\"@id\":\"https:\/\/jornalfatosenoticias.com.br\/index.php\/2024\/09\/19\/coluna-universo-artes-e-letras-novidade-para-escritores-e-artistas-plasticos\/#primaryimage\",\"url\":\"https:\/\/jornalfatosenoticias.com.br\/wp-content\/uploads\/2024\/09\/buana1.jpeg\",\"contentUrl\":\"https:\/\/jornalfatosenoticias.com.br\/wp-content\/uploads\/2024\/09\/buana1.jpeg\",\"width\":1000,\"height\":915},{\"@type\":\"BreadcrumbList\",\"@id\":\"https:\/\/jornalfatosenoticias.com.br\/index.php\/2024\/09\/19\/coluna-universo-artes-e-letras-novidade-para-escritores-e-artistas-plasticos\/#breadcrumb\",\"itemListElement\":[{\"@type\":\"ListItem\",\"position\":1,\"name\":\"In\u00edcio\",\"item\":\"https:\/\/jornalfatosenoticias.com.br\/\"},{\"@type\":\"ListItem\",\"position\":2,\"name\":\"Coluna &#8216;Universo Artes e Letras&#8217; \u2014 Novidade para escritores e artistas pl\u00e1sticos\"}]},{\"@type\":\"WebSite\",\"@id\":\"https:\/\/jornalfatosenoticias.com.br\/#website\",\"url\":\"https:\/\/jornalfatosenoticias.com.br\/\",\"name\":\"Jornal Fatos e Not\u00edcias\",\"description\":\"Not\u00edcias em geral\",\"publisher\":{\"@id\":\"https:\/\/jornalfatosenoticias.com.br\/#organization\"},\"potentialAction\":[{\"@type\":\"SearchAction\",\"target\":{\"@type\":\"EntryPoint\",\"urlTemplate\":\"https:\/\/jornalfatosenoticias.com.br\/?s={search_term_string}\"},\"query-input\":{\"@type\":\"PropertyValueSpecification\",\"valueRequired\":true,\"valueName\":\"search_term_string\"}}],\"inLanguage\":\"pt-BR\"},{\"@type\":\"Organization\",\"@id\":\"https:\/\/jornalfatosenoticias.com.br\/#organization\",\"name\":\"Jornal Fatos e Not\u00edcias\",\"url\":\"https:\/\/jornalfatosenoticias.com.br\/\",\"logo\":{\"@type\":\"ImageObject\",\"inLanguage\":\"pt-BR\",\"@id\":\"https:\/\/jornalfatosenoticias.com.br\/#\/schema\/logo\/image\/\",\"url\":\"https:\/\/jornalfatosenoticias.com.br\/wp-content\/uploads\/2020\/02\/logo120.png\",\"contentUrl\":\"https:\/\/jornalfatosenoticias.com.br\/wp-content\/uploads\/2020\/02\/logo120.png\",\"width\":1227,\"height\":120,\"caption\":\"Jornal Fatos e Not\u00edcias\"},\"image\":{\"@id\":\"https:\/\/jornalfatosenoticias.com.br\/#\/schema\/logo\/image\/\"}},{\"@type\":\"Person\",\"@id\":\"https:\/\/jornalfatosenoticias.com.br\/#\/schema\/person\/d63837fa13ac8666eb9e74e0985d6f81\",\"name\":\"Luzimara Fernandes\",\"image\":{\"@type\":\"ImageObject\",\"inLanguage\":\"pt-BR\",\"@id\":\"https:\/\/jornalfatosenoticias.com.br\/#\/schema\/person\/image\/\",\"url\":\"https:\/\/jornalfatosenoticias.com.br\/wp-content\/uploads\/2025\/05\/EU_portal.jpg\",\"contentUrl\":\"https:\/\/jornalfatosenoticias.com.br\/wp-content\/uploads\/2025\/05\/EU_portal.jpg\",\"caption\":\"Luzimara Fernandes\"},\"description\":\"Jornalista MTB 2358-ES\",\"sameAs\":[\"https:\/\/jornalfatosenoticias.com.br\"],\"url\":\"https:\/\/jornalfatosenoticias.com.br\/index.php\/author\/luzimara\/\"}]}<\/script>\n<!-- \/ Yoast SEO plugin. -->","yoast_head_json":{"title":"Coluna 'Universo Artes e Letras' \u2014 Novidade para escritores e artistas pl\u00e1sticos - Jornal Fatos e Not\u00edcias","robots":{"index":"index","follow":"follow","max-snippet":"max-snippet:-1","max-image-preview":"max-image-preview:large","max-video-preview":"max-video-preview:-1"},"canonical":"https:\/\/jornalfatosenoticias.com.br\/index.php\/2024\/09\/19\/coluna-universo-artes-e-letras-novidade-para-escritores-e-artistas-plasticos\/","og_locale":"pt_BR","og_type":"article","og_title":"Coluna 'Universo Artes e Letras' \u2014 Novidade para escritores e artistas pl\u00e1sticos - Jornal Fatos e Not\u00edcias","og_description":"Por Buana Lima* Sou Buana Lima, gestora cultural internacional. Para facilitar a sua jornada profissional, criei o Universo Artes e Letras, que faz parte de um conglomerado que vem beneficiando e mudando a vida de artistas pl\u00e1sticos e escritores de muitos pa\u00edses. Junto a Marcoz Oz\u00e1n, em 2016, em Buenos Aires, criamos o Universo Art [&hellip;]","og_url":"https:\/\/jornalfatosenoticias.com.br\/index.php\/2024\/09\/19\/coluna-universo-artes-e-letras-novidade-para-escritores-e-artistas-plasticos\/","og_site_name":"Jornal Fatos e Not\u00edcias","article_published_time":"2024-09-19T19:20:07+00:00","article_modified_time":"2024-09-19T19:20:42+00:00","og_image":[{"width":1000,"height":915,"url":"https:\/\/jornalfatosenoticias.com.br\/wp-content\/uploads\/2024\/09\/buana1.jpeg","type":"image\/jpeg"}],"author":"Luzimara Fernandes","twitter_card":"summary_large_image","twitter_misc":{"Escrito por":"Luzimara Fernandes","Est. tempo de leitura":"2 minutos"},"schema":{"@context":"https:\/\/schema.org","@graph":[{"@type":"Article","@id":"https:\/\/jornalfatosenoticias.com.br\/index.php\/2024\/09\/19\/coluna-universo-artes-e-letras-novidade-para-escritores-e-artistas-plasticos\/#article","isPartOf":{"@id":"https:\/\/jornalfatosenoticias.com.br\/index.php\/2024\/09\/19\/coluna-universo-artes-e-letras-novidade-para-escritores-e-artistas-plasticos\/"},"author":{"name":"Luzimara Fernandes","@id":"https:\/\/jornalfatosenoticias.com.br\/#\/schema\/person\/d63837fa13ac8666eb9e74e0985d6f81"},"headline":"Coluna &#8216;Universo Artes e Letras&#8217; \u2014 Novidade para escritores e artistas pl\u00e1sticos","datePublished":"2024-09-19T19:20:07+00:00","dateModified":"2024-09-19T19:20:42+00:00","mainEntityOfPage":{"@id":"https:\/\/jornalfatosenoticias.com.br\/index.php\/2024\/09\/19\/coluna-universo-artes-e-letras-novidade-para-escritores-e-artistas-plasticos\/"},"wordCount":491,"commentCount":0,"publisher":{"@id":"https:\/\/jornalfatosenoticias.com.br\/#organization"},"image":{"@id":"https:\/\/jornalfatosenoticias.com.br\/index.php\/2024\/09\/19\/coluna-universo-artes-e-letras-novidade-para-escritores-e-artistas-plasticos\/#primaryimage"},"thumbnailUrl":"https:\/\/jornalfatosenoticias.com.br\/wp-content\/uploads\/2024\/09\/buana1.jpeg","keywords":["artes","artes pl\u00e1sticas","artistas pl\u00e1sticos","Buana Lima","escritores","literatura"],"articleSection":["Cultura"],"inLanguage":"pt-BR","potentialAction":[{"@type":"CommentAction","name":"Comment","target":["https:\/\/jornalfatosenoticias.com.br\/index.php\/2024\/09\/19\/coluna-universo-artes-e-letras-novidade-para-escritores-e-artistas-plasticos\/#respond"]}]},{"@type":"WebPage","@id":"https:\/\/jornalfatosenoticias.com.br\/index.php\/2024\/09\/19\/coluna-universo-artes-e-letras-novidade-para-escritores-e-artistas-plasticos\/","url":"https:\/\/jornalfatosenoticias.com.br\/index.php\/2024\/09\/19\/coluna-universo-artes-e-letras-novidade-para-escritores-e-artistas-plasticos\/","name":"Coluna 'Universo Artes e Letras' \u2014 Novidade para escritores e artistas pl\u00e1sticos - Jornal Fatos e Not\u00edcias","isPartOf":{"@id":"https:\/\/jornalfatosenoticias.com.br\/#website"},"primaryImageOfPage":{"@id":"https:\/\/jornalfatosenoticias.com.br\/index.php\/2024\/09\/19\/coluna-universo-artes-e-letras-novidade-para-escritores-e-artistas-plasticos\/#primaryimage"},"image":{"@id":"https:\/\/jornalfatosenoticias.com.br\/index.php\/2024\/09\/19\/coluna-universo-artes-e-letras-novidade-para-escritores-e-artistas-plasticos\/#primaryimage"},"thumbnailUrl":"https:\/\/jornalfatosenoticias.com.br\/wp-content\/uploads\/2024\/09\/buana1.jpeg","datePublished":"2024-09-19T19:20:07+00:00","dateModified":"2024-09-19T19:20:42+00:00","breadcrumb":{"@id":"https:\/\/jornalfatosenoticias.com.br\/index.php\/2024\/09\/19\/coluna-universo-artes-e-letras-novidade-para-escritores-e-artistas-plasticos\/#breadcrumb"},"inLanguage":"pt-BR","potentialAction":[{"@type":"ReadAction","target":["https:\/\/jornalfatosenoticias.com.br\/index.php\/2024\/09\/19\/coluna-universo-artes-e-letras-novidade-para-escritores-e-artistas-plasticos\/"]}]},{"@type":"ImageObject","inLanguage":"pt-BR","@id":"https:\/\/jornalfatosenoticias.com.br\/index.php\/2024\/09\/19\/coluna-universo-artes-e-letras-novidade-para-escritores-e-artistas-plasticos\/#primaryimage","url":"https:\/\/jornalfatosenoticias.com.br\/wp-content\/uploads\/2024\/09\/buana1.jpeg","contentUrl":"https:\/\/jornalfatosenoticias.com.br\/wp-content\/uploads\/2024\/09\/buana1.jpeg","width":1000,"height":915},{"@type":"BreadcrumbList","@id":"https:\/\/jornalfatosenoticias.com.br\/index.php\/2024\/09\/19\/coluna-universo-artes-e-letras-novidade-para-escritores-e-artistas-plasticos\/#breadcrumb","itemListElement":[{"@type":"ListItem","position":1,"name":"In\u00edcio","item":"https:\/\/jornalfatosenoticias.com.br\/"},{"@type":"ListItem","position":2,"name":"Coluna &#8216;Universo Artes e Letras&#8217; \u2014 Novidade para escritores e artistas pl\u00e1sticos"}]},{"@type":"WebSite","@id":"https:\/\/jornalfatosenoticias.com.br\/#website","url":"https:\/\/jornalfatosenoticias.com.br\/","name":"Jornal Fatos e Not\u00edcias","description":"Not\u00edcias em geral","publisher":{"@id":"https:\/\/jornalfatosenoticias.com.br\/#organization"},"potentialAction":[{"@type":"SearchAction","target":{"@type":"EntryPoint","urlTemplate":"https:\/\/jornalfatosenoticias.com.br\/?s={search_term_string}"},"query-input":{"@type":"PropertyValueSpecification","valueRequired":true,"valueName":"search_term_string"}}],"inLanguage":"pt-BR"},{"@type":"Organization","@id":"https:\/\/jornalfatosenoticias.com.br\/#organization","name":"Jornal Fatos e Not\u00edcias","url":"https:\/\/jornalfatosenoticias.com.br\/","logo":{"@type":"ImageObject","inLanguage":"pt-BR","@id":"https:\/\/jornalfatosenoticias.com.br\/#\/schema\/logo\/image\/","url":"https:\/\/jornalfatosenoticias.com.br\/wp-content\/uploads\/2020\/02\/logo120.png","contentUrl":"https:\/\/jornalfatosenoticias.com.br\/wp-content\/uploads\/2020\/02\/logo120.png","width":1227,"height":120,"caption":"Jornal Fatos e Not\u00edcias"},"image":{"@id":"https:\/\/jornalfatosenoticias.com.br\/#\/schema\/logo\/image\/"}},{"@type":"Person","@id":"https:\/\/jornalfatosenoticias.com.br\/#\/schema\/person\/d63837fa13ac8666eb9e74e0985d6f81","name":"Luzimara Fernandes","image":{"@type":"ImageObject","inLanguage":"pt-BR","@id":"https:\/\/jornalfatosenoticias.com.br\/#\/schema\/person\/image\/","url":"https:\/\/jornalfatosenoticias.com.br\/wp-content\/uploads\/2025\/05\/EU_portal.jpg","contentUrl":"https:\/\/jornalfatosenoticias.com.br\/wp-content\/uploads\/2025\/05\/EU_portal.jpg","caption":"Luzimara Fernandes"},"description":"Jornalista MTB 2358-ES","sameAs":["https:\/\/jornalfatosenoticias.com.br"],"url":"https:\/\/jornalfatosenoticias.com.br\/index.php\/author\/luzimara\/"}]}},"cc_featured_image_caption":{"caption_text":"(Foto: Arquivo Pessoal) ","source_text":"","source_url":""},"jetpack_featured_media_url":"https:\/\/jornalfatosenoticias.com.br\/wp-content\/uploads\/2024\/09\/buana1.jpeg","_links":{"self":[{"href":"https:\/\/jornalfatosenoticias.com.br\/index.php\/wp-json\/wp\/v2\/posts\/54340","targetHints":{"allow":["GET"]}}],"collection":[{"href":"https:\/\/jornalfatosenoticias.com.br\/index.php\/wp-json\/wp\/v2\/posts"}],"about":[{"href":"https:\/\/jornalfatosenoticias.com.br\/index.php\/wp-json\/wp\/v2\/types\/post"}],"author":[{"embeddable":true,"href":"https:\/\/jornalfatosenoticias.com.br\/index.php\/wp-json\/wp\/v2\/users\/2"}],"replies":[{"embeddable":true,"href":"https:\/\/jornalfatosenoticias.com.br\/index.php\/wp-json\/wp\/v2\/comments?post=54340"}],"version-history":[{"count":0,"href":"https:\/\/jornalfatosenoticias.com.br\/index.php\/wp-json\/wp\/v2\/posts\/54340\/revisions"}],"wp:featuredmedia":[{"embeddable":true,"href":"https:\/\/jornalfatosenoticias.com.br\/index.php\/wp-json\/wp\/v2\/media\/54345"}],"wp:attachment":[{"href":"https:\/\/jornalfatosenoticias.com.br\/index.php\/wp-json\/wp\/v2\/media?parent=54340"}],"wp:term":[{"taxonomy":"category","embeddable":true,"href":"https:\/\/jornalfatosenoticias.com.br\/index.php\/wp-json\/wp\/v2\/categories?post=54340"},{"taxonomy":"post_tag","embeddable":true,"href":"https:\/\/jornalfatosenoticias.com.br\/index.php\/wp-json\/wp\/v2\/tags?post=54340"}],"curies":[{"name":"wp","href":"https:\/\/api.w.org\/{rel}","templated":true}]}}