{"id":54387,"date":"2024-09-24T09:23:14","date_gmt":"2024-09-24T12:23:14","guid":{"rendered":"https:\/\/jornalfatosenoticias.com.br\/?p=54387"},"modified":"2024-09-24T09:23:16","modified_gmt":"2024-09-24T12:23:16","slug":"traumas-de-infancia-alteram-o-cerebro-e-impactam-o-desenvolvimento-da-crianca","status":"publish","type":"post","link":"https:\/\/jornalfatosenoticias.com.br\/index.php\/2024\/09\/24\/traumas-de-infancia-alteram-o-cerebro-e-impactam-o-desenvolvimento-da-crianca\/","title":{"rendered":"Traumas de inf\u00e2ncia alteram o c\u00e9rebro e impactam o desenvolvimento da crian\u00e7a"},"content":{"rendered":"\n<p><span class=\"has-inline-color has-black-color\"><em>Segundo estudo, crian\u00e7as que sofrem maus-tratos podem enfrentar dificuldades em lidar com as emo\u00e7\u00f5es<\/em><\/span><\/p>\n\n\n\n<div class=\"wp-block-image\"><figure class=\"aligncenter size-large\"><a href=\"https:\/\/mizu.com.br\/\"><img loading=\"lazy\" decoding=\"async\" width=\"729\" height=\"90\" src=\"https:\/\/jornalfatosenoticias.com.br\/wp-content\/uploads\/2020\/02\/Logo_Mizu.png\" alt=\"\" class=\"wp-image-1441\" srcset=\"https:\/\/jornalfatosenoticias.com.br\/wp-content\/uploads\/2020\/02\/Logo_Mizu.png 729w, https:\/\/jornalfatosenoticias.com.br\/wp-content\/uploads\/2020\/02\/Logo_Mizu-300x37.png 300w\" sizes=\"auto, (max-width: 729px) 100vw, 729px\" \/><\/a><\/figure><\/div>\n\n\n\n<p>Um dos <a href=\"https:\/\/www.sciencedirect.com\/science\/article\/pii\/S2451902224000223?via%3Dihub\" target=\"_blank\" rel=\"noreferrer noopener\">principais estudos j\u00e1 feitos<\/a> sobre o impacto do trauma infantil no c\u00e9rebro, realizado pela Universidade de Essex, no Reino Unido, revelou como os abuso f\u00edsico, sexual e neglig\u00eancia na inf\u00e2ncia podem alterar o desenvolvimento cerebral, reconfigurando importantes vias neurais envolvidas em aspectos como foco em si mesmo e resolu\u00e7\u00e3o de problemas. Tais altera\u00e7\u00f5es podem levar a dificuldades emocionais, de empatia e na autopercep\u00e7\u00e3o do corpo em crian\u00e7as que sofreram abuso, aponta a psic\u00f3loga norte-americana <a href=\"https:\/\/yerun.eu\/2024\/04\/worlds-largest-brain-study-of-child-trauma-uncovers-rewiring\/\">Megan Klabunde<\/a> que coordenou a pesquisa.<\/p>\n\n\n\n<blockquote class=\"wp-block-quote is-layout-flow wp-block-quote-is-layout-flow\"><p><span class=\"has-inline-color has-luminous-vivid-orange-color\">Os resultados desse estudo s\u00e3o alarmantes, pois mostram que as crian\u00e7as que passaram por experi\u00eancias traum\u00e1ticas n\u00e3o apenas enfrentam dificuldades emocionais, mas tamb\u00e9m lutam para compreender e processar as sensa\u00e7\u00f5es dentro de seus corpos. Isso afeta profundamente a forma como elas se relacionam consigo mesmas e com os outros, principalmente na vida adulta, nos ambientes familiares e corporativos\u201d, afirma a biom\u00e9dica Telma Abrah\u00e3o, especialista em neuroci\u00eancia, traumas e inf\u00e2ncia.<\/span><\/p><\/blockquote>\n\n\n\n<div class=\"wp-block-image\"><figure class=\"aligncenter size-large is-resized\"><a href=\"https:\/\/hotelmarquetti.com.br\/\"><img loading=\"lazy\" decoding=\"async\" src=\"https:\/\/jornalfatosenoticias.com.br\/wp-content\/uploads\/2023\/03\/nova-logo-Marquetti.jpg\" alt=\"\" class=\"wp-image-40207\" width=\"307\" height=\"206\" srcset=\"https:\/\/jornalfatosenoticias.com.br\/wp-content\/uploads\/2023\/03\/nova-logo-Marquetti.jpg 643w, https:\/\/jornalfatosenoticias.com.br\/wp-content\/uploads\/2023\/03\/nova-logo-Marquetti-300x202.jpg 300w\" sizes=\"auto, (max-width: 307px) 100vw, 307px\" \/><\/a><\/figure><\/div>\n\n\n\n<p>Ela explica que identificar essas altera\u00e7\u00f5es nas redes neurais permite direcionar melhor os tratamentos para crian\u00e7as que sofreram maus-tratos. \u201c\u00c9 fundamental que as terapias de trauma infantil n\u00e3o se concentrem apenas em evitar situa\u00e7\u00f5es de medo e em abordar pensamentos traum\u00e1ticos, mas tamb\u00e9m em tratar os impactos do trauma no corpo, na percep\u00e7\u00e3o de si mesmo, no processamento emocional e na empatia\u201d, alerta Telma, autora dos best-sellers \u201cPais que evoluem\u201d e \u201cEducar \u00e9 um ato de amor, mas tamb\u00e9m \u00e9 ci\u00eancia\u201d.<\/p>\n\n\n\n<div class=\"wp-block-image\"><figure class=\"aligncenter size-large is-resized\"><a href=\"https:\/\/panper.com.br\/\"><img loading=\"lazy\" decoding=\"async\" src=\"https:\/\/jornalfatosenoticias.com.br\/wp-content\/uploads\/2023\/03\/logo-Panper_portal.jpg\" alt=\"\" class=\"wp-image-40208\" width=\"339\" height=\"235\" srcset=\"https:\/\/jornalfatosenoticias.com.br\/wp-content\/uploads\/2023\/03\/logo-Panper_portal.jpg 400w, https:\/\/jornalfatosenoticias.com.br\/wp-content\/uploads\/2023\/03\/logo-Panper_portal-300x208.jpg 300w\" sizes=\"auto, (max-width: 339px) 100vw, 339px\" \/><\/a><\/figure><\/div>\n\n\n\n<p>O estudo revisou 14 pesquisas envolvendo mais de 580 crian\u00e7as, destacando como o trauma infantil pode influenciar a atividade neurol\u00f3gica e a sa\u00fade mental ao longo da vida. \u201cCompreender como o trauma impacta o desenvolvimento infantil \u00e9 essencial para expandir interven\u00e7\u00f5es eficazes que possam ajudar essas crian\u00e7as a reconstruir seu senso de identidade e melhorar suas habilidades de relacionamento que reflete at\u00e9 na vida adulta\u201d, ressalta a especialista. Segundo Telma, pais e cuidadores desempenham um papel fundamental na forma\u00e7\u00e3o ou preven\u00e7\u00e3o de traumas na inf\u00e2ncia.<\/p>\n\n\n\n<div class=\"wp-block-image\"><figure class=\"aligncenter size-large is-resized\"><a href=\"https:\/\/www.instagram.com\/esteiochurrascaria\/\"><img loading=\"lazy\" decoding=\"async\" src=\"https:\/\/jornalfatosenoticias.com.br\/wp-content\/uploads\/2020\/02\/logo_esteio.jpg\" alt=\"\" class=\"wp-image-1214\" width=\"300\" height=\"250\"\/><\/a><\/figure><\/div>\n\n\n\n<blockquote class=\"wp-block-quote is-layout-flow wp-block-quote-is-layout-flow\"><p><span class=\"has-inline-color has-luminous-vivid-orange-color\">O abuso f\u00edsico e emocional, bem como a neglig\u00eancia, s\u00e3o fatores que podem causar danos duradouros no desenvolvimento cerebral das crian\u00e7as. A viol\u00eancia e a falta de cuidados b\u00e1sicos criam um ambiente de medo e inseguran\u00e7a, prejudicando a capacidade das crian\u00e7as de confiar nos outros e desenvolver um senso saud\u00e1vel de identidade\u201d, relata.<\/span><\/p><\/blockquote>\n\n\n\n<div class=\"wp-block-image\"><figure class=\"aligncenter size-large is-resized\"><a href=\"https:\/\/www.instagram.com\/restaurantepegoretti\/\"><img loading=\"lazy\" decoding=\"async\" src=\"https:\/\/jornalfatosenoticias.com.br\/wp-content\/uploads\/2023\/12\/pegoretti-logo-pdf-1024x389.jpg\" alt=\"\" class=\"wp-image-47536\" width=\"398\" height=\"151\" srcset=\"https:\/\/jornalfatosenoticias.com.br\/wp-content\/uploads\/2023\/12\/pegoretti-logo-pdf-1024x389.jpg 1024w, https:\/\/jornalfatosenoticias.com.br\/wp-content\/uploads\/2023\/12\/pegoretti-logo-pdf-300x114.jpg 300w, https:\/\/jornalfatosenoticias.com.br\/wp-content\/uploads\/2023\/12\/pegoretti-logo-pdf-768x291.jpg 768w, https:\/\/jornalfatosenoticias.com.br\/wp-content\/uploads\/2023\/12\/pegoretti-logo-pdf.jpg 1120w\" sizes=\"auto, (max-width: 398px) 100vw, 398px\" \/><\/a><\/figure><\/div>\n\n\n\n<p>De acordo com a especialista, ambientes inst\u00e1veis, marcados por conflitos constantes e inseguran\u00e7a financeira, tamb\u00e9m geram estresse cr\u00f4nico nas crian\u00e7as, afetando seu desenvolvimento neurol\u00f3gico. A aus\u00eancia de amor, carinho e valida\u00e7\u00e3o emocional pode resultar em sentimentos de rejei\u00e7\u00e3o e solid\u00e3o, fazendo com que as crian\u00e7as internalizem uma vis\u00e3o negativa de si mesmas.<\/p>\n\n\n\n<div class=\"wp-block-image\"><figure class=\"aligncenter size-large is-resized\"><img loading=\"lazy\" decoding=\"async\" src=\"https:\/\/jornalfatosenoticias.com.br\/wp-content\/uploads\/2022\/02\/Precisao-Contabilidade-1024x724.jpg\" alt=\"\" class=\"wp-image-28088\" width=\"332\" height=\"235\"\/><\/figure><\/div>\n\n\n\n<blockquote class=\"wp-block-quote is-layout-flow wp-block-quote-is-layout-flow\"><p><span class=\"has-inline-color has-luminous-vivid-orange-color\">A exposi\u00e7\u00e3o a traumas secund\u00e1rios, como testemunhar viol\u00eancia dom\u00e9stica ou abuso de subst\u00e2ncias t\u00f3xicas, tamb\u00e9m afeta profundamente o bem-estar emocional das crian\u00e7as, mesmo que n\u00e3o sejam v\u00edtimas diretas. Por isso, pais e cuidadores devem promover ambientes seguros, amorosos e est\u00e1veis para garantir o desenvolvimento saud\u00e1vel dos filhos. A conscientiza\u00e7\u00e3o sobre o impacto de suas a\u00e7\u00f5es \u00e9 essencial para prevenir traumas e fomentar um crescimento equilibrado e positivo\u201d, finaliza Telma.<\/span><\/p><\/blockquote>\n\n\n\n<div class=\"wp-block-image\"><figure class=\"aligncenter size-large is-resized\"><a href=\"https:\/\/www.instagram.com\/ligadossaborespizzaria\/\"><img loading=\"lazy\" decoding=\"async\" src=\"https:\/\/jornalfatosenoticias.com.br\/wp-content\/uploads\/2024\/09\/WhatsApp-Image-2024-09-14-at-22.46.10-819x1024.jpeg\" alt=\"\" class=\"wp-image-54180\" width=\"261\" height=\"326\" srcset=\"https:\/\/jornalfatosenoticias.com.br\/wp-content\/uploads\/2024\/09\/WhatsApp-Image-2024-09-14-at-22.46.10-819x1024.jpeg 819w, https:\/\/jornalfatosenoticias.com.br\/wp-content\/uploads\/2024\/09\/WhatsApp-Image-2024-09-14-at-22.46.10-240x300.jpeg 240w, https:\/\/jornalfatosenoticias.com.br\/wp-content\/uploads\/2024\/09\/WhatsApp-Image-2024-09-14-at-22.46.10-768x960.jpeg 768w, https:\/\/jornalfatosenoticias.com.br\/wp-content\/uploads\/2024\/09\/WhatsApp-Image-2024-09-14-at-22.46.10.jpeg 1024w\" sizes=\"auto, (max-width: 261px) 100vw, 261px\" \/><\/a><\/figure><\/div>\n\n\n\n<p><strong><em>Fonte: <a href=\"https:\/\/cangurunews.com.br\/traumas-de-infancia-alteram-o-cerebro-e-impactam-o-desenvolvimento-da-crianca\/\">Canguru News<\/a><\/em><\/strong><\/p>\n","protected":false},"excerpt":{"rendered":"<p>Segundo estudo, crian\u00e7as que sofrem maus-tratos podem enfrentar dificuldades em lidar com as emo\u00e7\u00f5es Um dos principais estudos j\u00e1 feitos sobre o impacto do trauma infantil no c\u00e9rebro, realizado pela Universidade de Essex, no Reino Unido, revelou como os abuso f\u00edsico, sexual e neglig\u00eancia na inf\u00e2ncia podem alterar o desenvolvimento cerebral, reconfigurando importantes vias neurais [&hellip;]<\/p>\n","protected":false},"author":2,"featured_media":54388,"comment_status":"open","ping_status":"open","sticky":false,"template":"","format":"standard","meta":{"footnotes":""},"categories":[2522],"tags":[1040,24791,5096,714,52,24792],"class_list":["post-54387","post","type-post","status-publish","format-standard","has-post-thumbnail","hentry","category-comportamento","tag-abuso-infantil","tag-desenvolvimento-da-crianca","tag-emocoes","tag-estudo","tag-maus-tratos","tag-negligencia-na-infancia"],"yoast_head":"<!-- This site is optimized with the Yoast SEO plugin v26.5 - https:\/\/yoast.com\/wordpress\/plugins\/seo\/ -->\n<title>Traumas de inf\u00e2ncia alteram o c\u00e9rebro e impactam o desenvolvimento da crian\u00e7a - Jornal Fatos e Not\u00edcias<\/title>\n<meta name=\"robots\" content=\"index, follow, max-snippet:-1, max-image-preview:large, max-video-preview:-1\" \/>\n<link rel=\"canonical\" href=\"https:\/\/jornalfatosenoticias.com.br\/index.php\/2024\/09\/24\/traumas-de-infancia-alteram-o-cerebro-e-impactam-o-desenvolvimento-da-crianca\/\" \/>\n<meta property=\"og:locale\" content=\"pt_BR\" \/>\n<meta property=\"og:type\" content=\"article\" \/>\n<meta property=\"og:title\" content=\"Traumas de inf\u00e2ncia alteram o c\u00e9rebro e impactam o desenvolvimento da crian\u00e7a - Jornal Fatos e Not\u00edcias\" \/>\n<meta property=\"og:description\" content=\"Segundo estudo, crian\u00e7as que sofrem maus-tratos podem enfrentar dificuldades em lidar com as emo\u00e7\u00f5es Um dos principais estudos j\u00e1 feitos sobre o impacto do trauma infantil no c\u00e9rebro, realizado pela Universidade de Essex, no Reino Unido, revelou como os abuso f\u00edsico, sexual e neglig\u00eancia na inf\u00e2ncia podem alterar o desenvolvimento cerebral, reconfigurando importantes vias neurais [&hellip;]\" \/>\n<meta property=\"og:url\" content=\"https:\/\/jornalfatosenoticias.com.br\/index.php\/2024\/09\/24\/traumas-de-infancia-alteram-o-cerebro-e-impactam-o-desenvolvimento-da-crianca\/\" \/>\n<meta property=\"og:site_name\" content=\"Jornal Fatos e Not\u00edcias\" \/>\n<meta property=\"article:published_time\" content=\"2024-09-24T12:23:14+00:00\" \/>\n<meta property=\"article:modified_time\" content=\"2024-09-24T12:23:16+00:00\" \/>\n<meta property=\"og:image\" content=\"https:\/\/jornalfatosenoticias.com.br\/wp-content\/uploads\/2024\/09\/trauma-de-infancia.jpg\" \/>\n\t<meta property=\"og:image:width\" content=\"612\" \/>\n\t<meta property=\"og:image:height\" content=\"408\" \/>\n\t<meta property=\"og:image:type\" content=\"image\/jpeg\" \/>\n<meta name=\"author\" content=\"Luzimara Fernandes\" \/>\n<meta name=\"twitter:card\" content=\"summary_large_image\" \/>\n<meta name=\"twitter:label1\" content=\"Escrito por\" \/>\n\t<meta name=\"twitter:data1\" content=\"Luzimara Fernandes\" \/>\n\t<meta name=\"twitter:label2\" content=\"Est. tempo de leitura\" \/>\n\t<meta name=\"twitter:data2\" content=\"3 minutos\" \/>\n<script type=\"application\/ld+json\" class=\"yoast-schema-graph\">{\"@context\":\"https:\/\/schema.org\",\"@graph\":[{\"@type\":\"Article\",\"@id\":\"https:\/\/jornalfatosenoticias.com.br\/index.php\/2024\/09\/24\/traumas-de-infancia-alteram-o-cerebro-e-impactam-o-desenvolvimento-da-crianca\/#article\",\"isPartOf\":{\"@id\":\"https:\/\/jornalfatosenoticias.com.br\/index.php\/2024\/09\/24\/traumas-de-infancia-alteram-o-cerebro-e-impactam-o-desenvolvimento-da-crianca\/\"},\"author\":{\"name\":\"Luzimara Fernandes\",\"@id\":\"https:\/\/jornalfatosenoticias.com.br\/#\/schema\/person\/d63837fa13ac8666eb9e74e0985d6f81\"},\"headline\":\"Traumas de inf\u00e2ncia alteram o c\u00e9rebro e impactam o desenvolvimento da crian\u00e7a\",\"datePublished\":\"2024-09-24T12:23:14+00:00\",\"dateModified\":\"2024-09-24T12:23:16+00:00\",\"mainEntityOfPage\":{\"@id\":\"https:\/\/jornalfatosenoticias.com.br\/index.php\/2024\/09\/24\/traumas-de-infancia-alteram-o-cerebro-e-impactam-o-desenvolvimento-da-crianca\/\"},\"wordCount\":590,\"commentCount\":0,\"publisher\":{\"@id\":\"https:\/\/jornalfatosenoticias.com.br\/#organization\"},\"image\":{\"@id\":\"https:\/\/jornalfatosenoticias.com.br\/index.php\/2024\/09\/24\/traumas-de-infancia-alteram-o-cerebro-e-impactam-o-desenvolvimento-da-crianca\/#primaryimage\"},\"thumbnailUrl\":\"https:\/\/jornalfatosenoticias.com.br\/wp-content\/uploads\/2024\/09\/trauma-de-infancia.jpg\",\"keywords\":[\"abuso infantil\",\"desenvolvimento da crian\u00e7a\",\"emo\u00e7\u00f5es\",\"Estudo\",\"maus-tratos\",\"neglig\u00eancia na inf\u00e2ncia\"],\"articleSection\":[\"Comportamento &amp; Equil\u00edbrio\"],\"inLanguage\":\"pt-BR\",\"potentialAction\":[{\"@type\":\"CommentAction\",\"name\":\"Comment\",\"target\":[\"https:\/\/jornalfatosenoticias.com.br\/index.php\/2024\/09\/24\/traumas-de-infancia-alteram-o-cerebro-e-impactam-o-desenvolvimento-da-crianca\/#respond\"]}]},{\"@type\":\"WebPage\",\"@id\":\"https:\/\/jornalfatosenoticias.com.br\/index.php\/2024\/09\/24\/traumas-de-infancia-alteram-o-cerebro-e-impactam-o-desenvolvimento-da-crianca\/\",\"url\":\"https:\/\/jornalfatosenoticias.com.br\/index.php\/2024\/09\/24\/traumas-de-infancia-alteram-o-cerebro-e-impactam-o-desenvolvimento-da-crianca\/\",\"name\":\"Traumas de inf\u00e2ncia alteram o c\u00e9rebro e impactam o desenvolvimento da crian\u00e7a - Jornal Fatos e Not\u00edcias\",\"isPartOf\":{\"@id\":\"https:\/\/jornalfatosenoticias.com.br\/#website\"},\"primaryImageOfPage\":{\"@id\":\"https:\/\/jornalfatosenoticias.com.br\/index.php\/2024\/09\/24\/traumas-de-infancia-alteram-o-cerebro-e-impactam-o-desenvolvimento-da-crianca\/#primaryimage\"},\"image\":{\"@id\":\"https:\/\/jornalfatosenoticias.com.br\/index.php\/2024\/09\/24\/traumas-de-infancia-alteram-o-cerebro-e-impactam-o-desenvolvimento-da-crianca\/#primaryimage\"},\"thumbnailUrl\":\"https:\/\/jornalfatosenoticias.com.br\/wp-content\/uploads\/2024\/09\/trauma-de-infancia.jpg\",\"datePublished\":\"2024-09-24T12:23:14+00:00\",\"dateModified\":\"2024-09-24T12:23:16+00:00\",\"breadcrumb\":{\"@id\":\"https:\/\/jornalfatosenoticias.com.br\/index.php\/2024\/09\/24\/traumas-de-infancia-alteram-o-cerebro-e-impactam-o-desenvolvimento-da-crianca\/#breadcrumb\"},\"inLanguage\":\"pt-BR\",\"potentialAction\":[{\"@type\":\"ReadAction\",\"target\":[\"https:\/\/jornalfatosenoticias.com.br\/index.php\/2024\/09\/24\/traumas-de-infancia-alteram-o-cerebro-e-impactam-o-desenvolvimento-da-crianca\/\"]}]},{\"@type\":\"ImageObject\",\"inLanguage\":\"pt-BR\",\"@id\":\"https:\/\/jornalfatosenoticias.com.br\/index.php\/2024\/09\/24\/traumas-de-infancia-alteram-o-cerebro-e-impactam-o-desenvolvimento-da-crianca\/#primaryimage\",\"url\":\"https:\/\/jornalfatosenoticias.com.br\/wp-content\/uploads\/2024\/09\/trauma-de-infancia.jpg\",\"contentUrl\":\"https:\/\/jornalfatosenoticias.com.br\/wp-content\/uploads\/2024\/09\/trauma-de-infancia.jpg\",\"width\":612,\"height\":408,\"caption\":\"Black mother consoling her small daughter while embracing her at home.\"},{\"@type\":\"BreadcrumbList\",\"@id\":\"https:\/\/jornalfatosenoticias.com.br\/index.php\/2024\/09\/24\/traumas-de-infancia-alteram-o-cerebro-e-impactam-o-desenvolvimento-da-crianca\/#breadcrumb\",\"itemListElement\":[{\"@type\":\"ListItem\",\"position\":1,\"name\":\"In\u00edcio\",\"item\":\"https:\/\/jornalfatosenoticias.com.br\/\"},{\"@type\":\"ListItem\",\"position\":2,\"name\":\"Traumas de inf\u00e2ncia alteram o c\u00e9rebro e impactam o desenvolvimento da crian\u00e7a\"}]},{\"@type\":\"WebSite\",\"@id\":\"https:\/\/jornalfatosenoticias.com.br\/#website\",\"url\":\"https:\/\/jornalfatosenoticias.com.br\/\",\"name\":\"Jornal Fatos e Not\u00edcias\",\"description\":\"Not\u00edcias em geral\",\"publisher\":{\"@id\":\"https:\/\/jornalfatosenoticias.com.br\/#organization\"},\"potentialAction\":[{\"@type\":\"SearchAction\",\"target\":{\"@type\":\"EntryPoint\",\"urlTemplate\":\"https:\/\/jornalfatosenoticias.com.br\/?s={search_term_string}\"},\"query-input\":{\"@type\":\"PropertyValueSpecification\",\"valueRequired\":true,\"valueName\":\"search_term_string\"}}],\"inLanguage\":\"pt-BR\"},{\"@type\":\"Organization\",\"@id\":\"https:\/\/jornalfatosenoticias.com.br\/#organization\",\"name\":\"Jornal Fatos e Not\u00edcias\",\"url\":\"https:\/\/jornalfatosenoticias.com.br\/\",\"logo\":{\"@type\":\"ImageObject\",\"inLanguage\":\"pt-BR\",\"@id\":\"https:\/\/jornalfatosenoticias.com.br\/#\/schema\/logo\/image\/\",\"url\":\"https:\/\/jornalfatosenoticias.com.br\/wp-content\/uploads\/2020\/02\/logo120.png\",\"contentUrl\":\"https:\/\/jornalfatosenoticias.com.br\/wp-content\/uploads\/2020\/02\/logo120.png\",\"width\":1227,\"height\":120,\"caption\":\"Jornal Fatos e Not\u00edcias\"},\"image\":{\"@id\":\"https:\/\/jornalfatosenoticias.com.br\/#\/schema\/logo\/image\/\"}},{\"@type\":\"Person\",\"@id\":\"https:\/\/jornalfatosenoticias.com.br\/#\/schema\/person\/d63837fa13ac8666eb9e74e0985d6f81\",\"name\":\"Luzimara Fernandes\",\"image\":{\"@type\":\"ImageObject\",\"inLanguage\":\"pt-BR\",\"@id\":\"https:\/\/jornalfatosenoticias.com.br\/#\/schema\/person\/image\/\",\"url\":\"https:\/\/jornalfatosenoticias.com.br\/wp-content\/uploads\/2025\/05\/EU_portal.jpg\",\"contentUrl\":\"https:\/\/jornalfatosenoticias.com.br\/wp-content\/uploads\/2025\/05\/EU_portal.jpg\",\"caption\":\"Luzimara Fernandes\"},\"description\":\"Jornalista MTB 2358-ES\",\"sameAs\":[\"https:\/\/jornalfatosenoticias.com.br\"],\"url\":\"https:\/\/jornalfatosenoticias.com.br\/index.php\/author\/luzimara\/\"}]}<\/script>\n<!-- \/ Yoast SEO plugin. -->","yoast_head_json":{"title":"Traumas de inf\u00e2ncia alteram o c\u00e9rebro e impactam o desenvolvimento da crian\u00e7a - Jornal Fatos e Not\u00edcias","robots":{"index":"index","follow":"follow","max-snippet":"max-snippet:-1","max-image-preview":"max-image-preview:large","max-video-preview":"max-video-preview:-1"},"canonical":"https:\/\/jornalfatosenoticias.com.br\/index.php\/2024\/09\/24\/traumas-de-infancia-alteram-o-cerebro-e-impactam-o-desenvolvimento-da-crianca\/","og_locale":"pt_BR","og_type":"article","og_title":"Traumas de inf\u00e2ncia alteram o c\u00e9rebro e impactam o desenvolvimento da crian\u00e7a - Jornal Fatos e Not\u00edcias","og_description":"Segundo estudo, crian\u00e7as que sofrem maus-tratos podem enfrentar dificuldades em lidar com as emo\u00e7\u00f5es Um dos principais estudos j\u00e1 feitos sobre o impacto do trauma infantil no c\u00e9rebro, realizado pela Universidade de Essex, no Reino Unido, revelou como os abuso f\u00edsico, sexual e neglig\u00eancia na inf\u00e2ncia podem alterar o desenvolvimento cerebral, reconfigurando importantes vias neurais [&hellip;]","og_url":"https:\/\/jornalfatosenoticias.com.br\/index.php\/2024\/09\/24\/traumas-de-infancia-alteram-o-cerebro-e-impactam-o-desenvolvimento-da-crianca\/","og_site_name":"Jornal Fatos e Not\u00edcias","article_published_time":"2024-09-24T12:23:14+00:00","article_modified_time":"2024-09-24T12:23:16+00:00","og_image":[{"width":612,"height":408,"url":"https:\/\/jornalfatosenoticias.com.br\/wp-content\/uploads\/2024\/09\/trauma-de-infancia.jpg","type":"image\/jpeg"}],"author":"Luzimara Fernandes","twitter_card":"summary_large_image","twitter_misc":{"Escrito por":"Luzimara Fernandes","Est. tempo de leitura":"3 minutos"},"schema":{"@context":"https:\/\/schema.org","@graph":[{"@type":"Article","@id":"https:\/\/jornalfatosenoticias.com.br\/index.php\/2024\/09\/24\/traumas-de-infancia-alteram-o-cerebro-e-impactam-o-desenvolvimento-da-crianca\/#article","isPartOf":{"@id":"https:\/\/jornalfatosenoticias.com.br\/index.php\/2024\/09\/24\/traumas-de-infancia-alteram-o-cerebro-e-impactam-o-desenvolvimento-da-crianca\/"},"author":{"name":"Luzimara Fernandes","@id":"https:\/\/jornalfatosenoticias.com.br\/#\/schema\/person\/d63837fa13ac8666eb9e74e0985d6f81"},"headline":"Traumas de inf\u00e2ncia alteram o c\u00e9rebro e impactam o desenvolvimento da crian\u00e7a","datePublished":"2024-09-24T12:23:14+00:00","dateModified":"2024-09-24T12:23:16+00:00","mainEntityOfPage":{"@id":"https:\/\/jornalfatosenoticias.com.br\/index.php\/2024\/09\/24\/traumas-de-infancia-alteram-o-cerebro-e-impactam-o-desenvolvimento-da-crianca\/"},"wordCount":590,"commentCount":0,"publisher":{"@id":"https:\/\/jornalfatosenoticias.com.br\/#organization"},"image":{"@id":"https:\/\/jornalfatosenoticias.com.br\/index.php\/2024\/09\/24\/traumas-de-infancia-alteram-o-cerebro-e-impactam-o-desenvolvimento-da-crianca\/#primaryimage"},"thumbnailUrl":"https:\/\/jornalfatosenoticias.com.br\/wp-content\/uploads\/2024\/09\/trauma-de-infancia.jpg","keywords":["abuso infantil","desenvolvimento da crian\u00e7a","emo\u00e7\u00f5es","Estudo","maus-tratos","neglig\u00eancia na inf\u00e2ncia"],"articleSection":["Comportamento &amp; Equil\u00edbrio"],"inLanguage":"pt-BR","potentialAction":[{"@type":"CommentAction","name":"Comment","target":["https:\/\/jornalfatosenoticias.com.br\/index.php\/2024\/09\/24\/traumas-de-infancia-alteram-o-cerebro-e-impactam-o-desenvolvimento-da-crianca\/#respond"]}]},{"@type":"WebPage","@id":"https:\/\/jornalfatosenoticias.com.br\/index.php\/2024\/09\/24\/traumas-de-infancia-alteram-o-cerebro-e-impactam-o-desenvolvimento-da-crianca\/","url":"https:\/\/jornalfatosenoticias.com.br\/index.php\/2024\/09\/24\/traumas-de-infancia-alteram-o-cerebro-e-impactam-o-desenvolvimento-da-crianca\/","name":"Traumas de inf\u00e2ncia alteram o c\u00e9rebro e impactam o desenvolvimento da crian\u00e7a - Jornal Fatos e Not\u00edcias","isPartOf":{"@id":"https:\/\/jornalfatosenoticias.com.br\/#website"},"primaryImageOfPage":{"@id":"https:\/\/jornalfatosenoticias.com.br\/index.php\/2024\/09\/24\/traumas-de-infancia-alteram-o-cerebro-e-impactam-o-desenvolvimento-da-crianca\/#primaryimage"},"image":{"@id":"https:\/\/jornalfatosenoticias.com.br\/index.php\/2024\/09\/24\/traumas-de-infancia-alteram-o-cerebro-e-impactam-o-desenvolvimento-da-crianca\/#primaryimage"},"thumbnailUrl":"https:\/\/jornalfatosenoticias.com.br\/wp-content\/uploads\/2024\/09\/trauma-de-infancia.jpg","datePublished":"2024-09-24T12:23:14+00:00","dateModified":"2024-09-24T12:23:16+00:00","breadcrumb":{"@id":"https:\/\/jornalfatosenoticias.com.br\/index.php\/2024\/09\/24\/traumas-de-infancia-alteram-o-cerebro-e-impactam-o-desenvolvimento-da-crianca\/#breadcrumb"},"inLanguage":"pt-BR","potentialAction":[{"@type":"ReadAction","target":["https:\/\/jornalfatosenoticias.com.br\/index.php\/2024\/09\/24\/traumas-de-infancia-alteram-o-cerebro-e-impactam-o-desenvolvimento-da-crianca\/"]}]},{"@type":"ImageObject","inLanguage":"pt-BR","@id":"https:\/\/jornalfatosenoticias.com.br\/index.php\/2024\/09\/24\/traumas-de-infancia-alteram-o-cerebro-e-impactam-o-desenvolvimento-da-crianca\/#primaryimage","url":"https:\/\/jornalfatosenoticias.com.br\/wp-content\/uploads\/2024\/09\/trauma-de-infancia.jpg","contentUrl":"https:\/\/jornalfatosenoticias.com.br\/wp-content\/uploads\/2024\/09\/trauma-de-infancia.jpg","width":612,"height":408,"caption":"Black mother consoling her small daughter while embracing her at home."},{"@type":"BreadcrumbList","@id":"https:\/\/jornalfatosenoticias.com.br\/index.php\/2024\/09\/24\/traumas-de-infancia-alteram-o-cerebro-e-impactam-o-desenvolvimento-da-crianca\/#breadcrumb","itemListElement":[{"@type":"ListItem","position":1,"name":"In\u00edcio","item":"https:\/\/jornalfatosenoticias.com.br\/"},{"@type":"ListItem","position":2,"name":"Traumas de inf\u00e2ncia alteram o c\u00e9rebro e impactam o desenvolvimento da crian\u00e7a"}]},{"@type":"WebSite","@id":"https:\/\/jornalfatosenoticias.com.br\/#website","url":"https:\/\/jornalfatosenoticias.com.br\/","name":"Jornal Fatos e Not\u00edcias","description":"Not\u00edcias em geral","publisher":{"@id":"https:\/\/jornalfatosenoticias.com.br\/#organization"},"potentialAction":[{"@type":"SearchAction","target":{"@type":"EntryPoint","urlTemplate":"https:\/\/jornalfatosenoticias.com.br\/?s={search_term_string}"},"query-input":{"@type":"PropertyValueSpecification","valueRequired":true,"valueName":"search_term_string"}}],"inLanguage":"pt-BR"},{"@type":"Organization","@id":"https:\/\/jornalfatosenoticias.com.br\/#organization","name":"Jornal Fatos e Not\u00edcias","url":"https:\/\/jornalfatosenoticias.com.br\/","logo":{"@type":"ImageObject","inLanguage":"pt-BR","@id":"https:\/\/jornalfatosenoticias.com.br\/#\/schema\/logo\/image\/","url":"https:\/\/jornalfatosenoticias.com.br\/wp-content\/uploads\/2020\/02\/logo120.png","contentUrl":"https:\/\/jornalfatosenoticias.com.br\/wp-content\/uploads\/2020\/02\/logo120.png","width":1227,"height":120,"caption":"Jornal Fatos e Not\u00edcias"},"image":{"@id":"https:\/\/jornalfatosenoticias.com.br\/#\/schema\/logo\/image\/"}},{"@type":"Person","@id":"https:\/\/jornalfatosenoticias.com.br\/#\/schema\/person\/d63837fa13ac8666eb9e74e0985d6f81","name":"Luzimara Fernandes","image":{"@type":"ImageObject","inLanguage":"pt-BR","@id":"https:\/\/jornalfatosenoticias.com.br\/#\/schema\/person\/image\/","url":"https:\/\/jornalfatosenoticias.com.br\/wp-content\/uploads\/2025\/05\/EU_portal.jpg","contentUrl":"https:\/\/jornalfatosenoticias.com.br\/wp-content\/uploads\/2025\/05\/EU_portal.jpg","caption":"Luzimara Fernandes"},"description":"Jornalista MTB 2358-ES","sameAs":["https:\/\/jornalfatosenoticias.com.br"],"url":"https:\/\/jornalfatosenoticias.com.br\/index.php\/author\/luzimara\/"}]}},"cc_featured_image_caption":{"caption_text":"(Foto: iStock) ","source_text":"","source_url":""},"jetpack_featured_media_url":"https:\/\/jornalfatosenoticias.com.br\/wp-content\/uploads\/2024\/09\/trauma-de-infancia.jpg","_links":{"self":[{"href":"https:\/\/jornalfatosenoticias.com.br\/index.php\/wp-json\/wp\/v2\/posts\/54387","targetHints":{"allow":["GET"]}}],"collection":[{"href":"https:\/\/jornalfatosenoticias.com.br\/index.php\/wp-json\/wp\/v2\/posts"}],"about":[{"href":"https:\/\/jornalfatosenoticias.com.br\/index.php\/wp-json\/wp\/v2\/types\/post"}],"author":[{"embeddable":true,"href":"https:\/\/jornalfatosenoticias.com.br\/index.php\/wp-json\/wp\/v2\/users\/2"}],"replies":[{"embeddable":true,"href":"https:\/\/jornalfatosenoticias.com.br\/index.php\/wp-json\/wp\/v2\/comments?post=54387"}],"version-history":[{"count":0,"href":"https:\/\/jornalfatosenoticias.com.br\/index.php\/wp-json\/wp\/v2\/posts\/54387\/revisions"}],"wp:featuredmedia":[{"embeddable":true,"href":"https:\/\/jornalfatosenoticias.com.br\/index.php\/wp-json\/wp\/v2\/media\/54388"}],"wp:attachment":[{"href":"https:\/\/jornalfatosenoticias.com.br\/index.php\/wp-json\/wp\/v2\/media?parent=54387"}],"wp:term":[{"taxonomy":"category","embeddable":true,"href":"https:\/\/jornalfatosenoticias.com.br\/index.php\/wp-json\/wp\/v2\/categories?post=54387"},{"taxonomy":"post_tag","embeddable":true,"href":"https:\/\/jornalfatosenoticias.com.br\/index.php\/wp-json\/wp\/v2\/tags?post=54387"}],"curies":[{"name":"wp","href":"https:\/\/api.w.org\/{rel}","templated":true}]}}