{"id":54390,"date":"2024-09-24T09:42:11","date_gmt":"2024-09-24T12:42:11","guid":{"rendered":"https:\/\/jornalfatosenoticias.com.br\/?p=54390"},"modified":"2024-09-24T09:42:14","modified_gmt":"2024-09-24T12:42:14","slug":"coletor-de-energia-gera-eletricidade-a-partir-da-agua-do-mar","status":"publish","type":"post","link":"https:\/\/jornalfatosenoticias.com.br\/index.php\/2024\/09\/24\/coletor-de-energia-gera-eletricidade-a-partir-da-agua-do-mar\/","title":{"rendered":"Coletor de energia gera eletricidade a partir da \u00e1gua do mar"},"content":{"rendered":"\n<p><em><span class=\"has-inline-color has-black-color\">Basta mergulhar o nanogerador na \u00e1gua do mar para que ele comece a produzir eletricidade<\/span><\/em><\/p>\n\n\n\n<div class=\"wp-block-image\"><figure class=\"aligncenter size-large is-resized\"><a href=\"https:\/\/www.facebook.com\/vetor.vix\/\"><img loading=\"lazy\" decoding=\"async\" src=\"https:\/\/jornalfatosenoticias.com.br\/wp-content\/uploads\/2023\/09\/vetorvix1024_1.jpg\" alt=\"\" class=\"wp-image-44868\" width=\"550\" height=\"146\" srcset=\"https:\/\/jornalfatosenoticias.com.br\/wp-content\/uploads\/2023\/09\/vetorvix1024_1.jpg 1024w, https:\/\/jornalfatosenoticias.com.br\/wp-content\/uploads\/2023\/09\/vetorvix1024_1-300x80.jpg 300w, https:\/\/jornalfatosenoticias.com.br\/wp-content\/uploads\/2023\/09\/vetorvix1024_1-768x205.jpg 768w\" sizes=\"auto, (max-width: 550px) 100vw, 550px\" \/><\/a><\/figure><\/div>\n\n\n\n<p>Um &#8220;colhedor de energia&#8221; inovador produz energia el\u00e9trica continuamente utilizando o movimento dos \u00edons de s\u00f3dio contidos na \u00e1gua do mar de modo totalmente passivo, sem a necessidade de qualquer componente externo.<br>A <a href=\"https:\/\/www.inovacaotecnologica.com.br\/pesquisar.php?keyword=%22colheita%20de%20energia%22\">colheita de energia<\/a>\u00a0envolve dispositivos, comumente chamados\u00a0<a href=\"https:\/\/www.inovacaotecnologica.com.br\/pesquisar.php?keyword=nanogeradores\">nanogeradores<\/a>, que produzem eletricidade explorando fontes de energia presentes no ambiente, mas que n\u00e3o s\u00e3o normalmente utilizadas, o que inclui das gotas de chuva \u00e0s vibra\u00e7\u00f5es de carros passando na rua.<\/p>\n\n\n\n<div class=\"wp-block-image\"><figure class=\"aligncenter size-large is-resized\"><a href=\"https:\/\/www.controlsystems.com.br\/\"><img loading=\"lazy\" decoding=\"async\" src=\"https:\/\/jornalfatosenoticias.com.br\/wp-content\/uploads\/2020\/02\/CONTROL-CS.jpg\" alt=\"\" class=\"wp-image-44991\" width=\"292\" height=\"350\" srcset=\"https:\/\/jornalfatosenoticias.com.br\/wp-content\/uploads\/2020\/02\/CONTROL-CS.jpg 834w, https:\/\/jornalfatosenoticias.com.br\/wp-content\/uploads\/2020\/02\/CONTROL-CS-250x300.jpg 250w, https:\/\/jornalfatosenoticias.com.br\/wp-content\/uploads\/2020\/02\/CONTROL-CS-768x921.jpg 768w\" sizes=\"auto, (max-width: 292px) 100vw, 292px\" \/><\/a><\/figure><\/div>\n\n\n\n<p>Hyunho Ha e colegas do Instituto Coreano de M\u00e1quinas e Materiais (KIMM) conseguiram desenvolver um coletor de energia autocarreg\u00e1vel que pode ser usado para gerar energia el\u00e9trica atrav\u00e9s do movimento dos \u00edons naturalmente presentes na \u00e1gua do mar.<\/p>\n\n\n\n<div class=\"wp-block-image\"><figure class=\"aligncenter size-large\"><a href=\"http:\/\/www.ferrarimaquinas.com.br\/\"><img loading=\"lazy\" decoding=\"async\" width=\"300\" height=\"250\" src=\"https:\/\/jornalfatosenoticias.com.br\/wp-content\/uploads\/2022\/02\/FERRARI_MAQUINAS-E-FERRAMENTAS2.jpg\" alt=\"\" class=\"wp-image-27860\"\/><\/a><\/figure><\/div>\n\n\n\n<p>O coletor de energia utiliza <a href=\"https:\/\/www.inovacaotecnologica.com.br\/noticias\/meta.php?meta=nanotubos\">nanotubos de carbono<\/a>\u00a0de paredes m\u00faltiplas e filmes de \u00f3xido de\u00a0<a href=\"https:\/\/www.inovacaotecnologica.com.br\/noticias\/meta.php?meta=grafeno\">grafeno<\/a> com diferentes conte\u00fados de grupos funcionais de oxig\u00eanio como c\u00e1todo e \u00e2nodo, respectivamente. A \u00e1gua do mar funciona como eletr\u00f3lito. A gera\u00e7\u00e3o de energia se d\u00e1 porque um n\u00famero maior de c\u00e1tions do eletr\u00f3lito se re\u00fanem do \u00e2nodo, que tem um conte\u00fado de grupo funcional de oxig\u00eanio relativamente maior, criando uma diferen\u00e7a de potencial devido ao rearranjo dos \u00edons entre os dois eletrodos.<\/p>\n\n\n\n<div class=\"wp-block-image\"><figure class=\"aligncenter size-large is-resized\"><a href=\"https:\/\/www.instagram.com\/serra4x4cambioautomatico\/\"><img loading=\"lazy\" decoding=\"async\" src=\"https:\/\/jornalfatosenoticias.com.br\/wp-content\/uploads\/2024\/08\/Serra-4x4-1-886x1024.jpg\" alt=\"\" class=\"wp-image-53632\" width=\"274\" height=\"316\" srcset=\"https:\/\/jornalfatosenoticias.com.br\/wp-content\/uploads\/2024\/08\/Serra-4x4-1-886x1024.jpg 886w, https:\/\/jornalfatosenoticias.com.br\/wp-content\/uploads\/2024\/08\/Serra-4x4-1-260x300.jpg 260w, https:\/\/jornalfatosenoticias.com.br\/wp-content\/uploads\/2024\/08\/Serra-4x4-1-768x888.jpg 768w, https:\/\/jornalfatosenoticias.com.br\/wp-content\/uploads\/2024\/08\/Serra-4x4-1.jpg 1181w\" sizes=\"auto, (max-width: 274px) 100vw, 274px\" \/><\/a><\/figure><\/div>\n\n\n\n<p>Os coletores de energia convencionais \u00e0 base de \u00e1gua t\u00eam baixa efici\u00eancia de convers\u00e3o de energia e dependem de que fontes externas de energia gerem continuamente o movimento da \u00e1gua, o torna pouco pr\u00e1tico utiliz\u00e1-los continuamente, ou mesmo impede seu uso em ambientes onde fontes externas de energia n\u00e3o est\u00e3o dispon\u00edveis.<\/p>\n\n\n\n<div class=\"wp-block-image\"><figure class=\"aligncenter size-large is-resized\"><a href=\"https:\/\/www.ithbrasil.com.br\/\"><img loading=\"lazy\" decoding=\"async\" src=\"https:\/\/jornalfatosenoticias.com.br\/wp-content\/uploads\/2023\/08\/ITH.jpeg\" alt=\"\" class=\"wp-image-44638\" width=\"308\" height=\"250\" srcset=\"https:\/\/jornalfatosenoticias.com.br\/wp-content\/uploads\/2023\/08\/ITH.jpeg 800w, https:\/\/jornalfatosenoticias.com.br\/wp-content\/uploads\/2023\/08\/ITH-300x244.jpeg 300w, https:\/\/jornalfatosenoticias.com.br\/wp-content\/uploads\/2023\/08\/ITH-768x624.jpeg 768w\" sizes=\"auto, (max-width: 308px) 100vw, 308px\" \/><\/a><\/figure><\/div>\n\n\n\n<p>J\u00e1 o novo coletor de energia \u00e9, por assim dizer, uma bateria que se recarrega em tempo real. Ele pode ser reutilizado continuamente, mesmo ap\u00f3s ser descarregado, por meio da restaura\u00e7\u00e3o de sua tens\u00e3o inicial de circuito aberto, o que \u00e9 feito sem energia externa. Consequentemente, ele pode ser usado constantemente como um dispositivo de fornecimento de energia para <a href=\"https:\/\/www.inovacaotecnologica.com.br\/noticias\/meta.php?meta=sensores\">sensores<\/a>\u00a0e dispositivos da\u00a0<a href=\"https:\/\/www.inovacaotecnologica.com.br\/noticias\/meta.php?meta=internet-das-coisas\">internet das coisas<\/a>, mesmo em ambientes como o mar aberto, onde \u00e9 dif\u00edcil dar manuten\u00e7\u00e3o em dispositivos de coleta de dados.<\/p>\n\n\n\n<div class=\"wp-block-image\"><figure class=\"aligncenter size-large\"><img loading=\"lazy\" decoding=\"async\" width=\"980\" height=\"400\" src=\"https:\/\/jornalfatosenoticias.com.br\/wp-content\/uploads\/2024\/09\/nanogerador-agua-do-mar-1.jpg\" alt=\"\" class=\"wp-image-54391\" srcset=\"https:\/\/jornalfatosenoticias.com.br\/wp-content\/uploads\/2024\/09\/nanogerador-agua-do-mar-1.jpg 980w, https:\/\/jornalfatosenoticias.com.br\/wp-content\/uploads\/2024\/09\/nanogerador-agua-do-mar-1-300x122.jpg 300w, https:\/\/jornalfatosenoticias.com.br\/wp-content\/uploads\/2024\/09\/nanogerador-agua-do-mar-1-768x313.jpg 768w\" sizes=\"auto, (max-width: 980px) 100vw, 980px\" \/><figcaption><em><span class=\"has-inline-color has-black-color\">Basta mergulhar o nanogerador na \u00e1gua do mar para que ele comece a produzir eletricidade (Foto: Hyunho Ha et al.)<\/span><\/em><\/figcaption><\/figure><\/div>\n\n\n\n<p><strong><span class=\"has-inline-color has-vivid-cyan-blue-color\">Gerador de eletricidade da \u00e1gua do mar<br><\/span><\/strong>O coletor de energia apresentou uma densidade de pot\u00eancia de 24,6 mW\/cm\u00b3, o que \u00e9 aproximadamente 4,2 vezes maior do que a tecnologia similar mais pr\u00f3xima, representada pelos nanogeradores \u00e0 base de \u00e1gua feitos de hidrogel i\u00f4nico, que t\u00eam uma densidade de pot\u00eancia de 5,9 mW\/cm\u00b3.<\/p>\n\n\n\n<div class=\"wp-block-image\"><figure class=\"aligncenter size-large is-resized\"><a href=\"https:\/\/www.instagram.com\/vmais.midias\/\"><img loading=\"lazy\" decoding=\"async\" src=\"https:\/\/jornalfatosenoticias.com.br\/wp-content\/uploads\/2020\/02\/DE-MAIS-DESTAQUE-VMAIS-800X700.png\" alt=\"\" class=\"wp-image-53112\" width=\"309\" height=\"270\" srcset=\"https:\/\/jornalfatosenoticias.com.br\/wp-content\/uploads\/2020\/02\/DE-MAIS-DESTAQUE-VMAIS-800X700.png 800w, https:\/\/jornalfatosenoticias.com.br\/wp-content\/uploads\/2020\/02\/DE-MAIS-DESTAQUE-VMAIS-800X700-300x263.png 300w, https:\/\/jornalfatosenoticias.com.br\/wp-content\/uploads\/2020\/02\/DE-MAIS-DESTAQUE-VMAIS-800X700-768x672.png 768w\" sizes=\"auto, (max-width: 309px) 100vw, 309px\" \/><\/a><\/figure><\/div>\n\n\n\n<p>Isto significa que um \u00fanico nanogerador destes \u00e9 capaz de alimentar pequenos dispositivos como calculadoras, rel\u00f3gios e sensores. Al\u00e9m disso, ainda mais energia el\u00e9trica pode ser produzida conectando v\u00e1rios coletores em s\u00e9rie (tens\u00e3o mais elevada) ou em paralelo (maior pot\u00eancia).<\/p>\n\n\n\n<div class=\"wp-block-image\"><figure class=\"aligncenter size-large is-resized\"><a href=\"https:\/\/www.facebook.com\/postobkr\/?locale=pt_BR\"><img loading=\"lazy\" decoding=\"async\" src=\"https:\/\/jornalfatosenoticias.com.br\/wp-content\/uploads\/2023\/08\/BKR-1024x1021.jpg\" alt=\"\" class=\"wp-image-44494\" width=\"306\" height=\"305\" srcset=\"https:\/\/jornalfatosenoticias.com.br\/wp-content\/uploads\/2023\/08\/BKR-1024x1021.jpg 1024w, https:\/\/jornalfatosenoticias.com.br\/wp-content\/uploads\/2023\/08\/BKR-300x300.jpg 300w, https:\/\/jornalfatosenoticias.com.br\/wp-content\/uploads\/2023\/08\/BKR-150x150.jpg 150w, https:\/\/jornalfatosenoticias.com.br\/wp-content\/uploads\/2023\/08\/BKR-768x766.jpg 768w, https:\/\/jornalfatosenoticias.com.br\/wp-content\/uploads\/2023\/08\/BKR.jpg 1080w\" sizes=\"auto, (max-width: 306px) 100vw, 306px\" \/><\/a><\/figure><\/div>\n\n\n\n<blockquote class=\"wp-block-quote is-layout-flow wp-block-quote-is-layout-flow\"><p><span class=\"has-inline-color has-luminous-vivid-orange-color\">A expectativa \u00e9 que [nosso coletor de eletricidade da \u00e1gua do mar] seja usado como uma fonte de energia para operar sensores e dispositivos em ambientes onde o monitoramento de fatores ambientais (como temperatura, oxig\u00eanio dissolvido, nitrog\u00eanio inorg\u00e2nico no oceano) \u00e9 necess\u00e1rio&#8221;, disse o professor Seungmin Hyun.<\/span><\/p><\/blockquote>\n\n\n\n<div class=\"wp-block-image\"><figure class=\"aligncenter size-large is-resized\"><a href=\"https:\/\/www.legisjuris.com.br\/\"><img loading=\"lazy\" decoding=\"async\" src=\"https:\/\/jornalfatosenoticias.com.br\/wp-content\/uploads\/2024\/09\/Legis-Juris-Consultoria_logo.jpg\" alt=\"\" class=\"wp-image-53915\" width=\"422\" height=\"177\" srcset=\"https:\/\/jornalfatosenoticias.com.br\/wp-content\/uploads\/2024\/09\/Legis-Juris-Consultoria_logo.jpg 969w, https:\/\/jornalfatosenoticias.com.br\/wp-content\/uploads\/2024\/09\/Legis-Juris-Consultoria_logo-300x126.jpg 300w, https:\/\/jornalfatosenoticias.com.br\/wp-content\/uploads\/2024\/09\/Legis-Juris-Consultoria_logo-768x322.jpg 768w\" sizes=\"auto, (max-width: 422px) 100vw, 422px\" \/><\/a><\/figure><\/div>\n\n\n\n<p><strong><span class=\"has-inline-color has-black-color\">Bibliografia<br><\/span><\/strong>Artigo: <em>Continuous and self-charging electricity generator based on saltwater<\/em><br>Autores: Hyunho Ha, Yunseon Jang, Joohwan Sung, Jiyeon Lee, Hye-Mi So, Jin Young Lee, Hye Min Lee, Soo-Hwan Jeong, Seungmin Hyun<br>Revista: Chemical Engineering Journal<br>Vol.: 488, 151054<br>DOI: 10.1016\/j.cej.2024.151054<\/p>\n\n\n\n<div class=\"wp-block-image\"><figure class=\"aligncenter size-large\"><a href=\"https:\/\/cesconetto.com.br\/\"><img loading=\"lazy\" decoding=\"async\" width=\"300\" height=\"250\" src=\"https:\/\/jornalfatosenoticias.com.br\/wp-content\/uploads\/2022\/02\/Banner-2.png\" alt=\"\" class=\"wp-image-27877\"\/><\/a><\/figure><\/div>\n\n\n\n<p><strong><em>Fonte: <a href=\"https:\/\/www.inovacaotecnologica.com.br\/noticias\/noticia.php?artigo=coletor-energia-gera-eletricidade-partir-agua-mar&amp;id=010115240923\">Inova\u00e7\u00e3o Tecnol\u00f3gica<\/a><\/em><\/strong><\/p>\n","protected":false},"excerpt":{"rendered":"<p>Basta mergulhar o nanogerador na \u00e1gua do mar para que ele comece a produzir eletricidade Um &#8220;colhedor de energia&#8221; inovador produz energia el\u00e9trica continuamente utilizando o movimento dos \u00edons de s\u00f3dio contidos na \u00e1gua do mar de modo totalmente passivo, sem a necessidade de qualquer componente externo.A colheita de energia\u00a0envolve dispositivos, comumente chamados\u00a0nanogeradores, que produzem [&hellip;]<\/p>\n","protected":false},"author":2,"featured_media":54392,"comment_status":"open","ping_status":"open","sticky":false,"template":"","format":"standard","meta":{"footnotes":""},"categories":[3],"tags":[8226,24793,2539,24794,11069],"class_list":["post-54390","post","type-post","status-publish","format-standard","has-post-thumbnail","hentry","category-tecnologia","tag-agua-do-mar","tag-coletor-de-energia","tag-energia","tag-gerador-de-eletricidade","tag-nanogerador"],"yoast_head":"<!-- This site is optimized with the Yoast SEO plugin v26.5 - https:\/\/yoast.com\/wordpress\/plugins\/seo\/ -->\n<title>Coletor de energia gera eletricidade a partir da \u00e1gua do mar - Jornal Fatos e Not\u00edcias<\/title>\n<meta name=\"robots\" content=\"index, follow, max-snippet:-1, max-image-preview:large, max-video-preview:-1\" \/>\n<link rel=\"canonical\" href=\"https:\/\/jornalfatosenoticias.com.br\/index.php\/2024\/09\/24\/coletor-de-energia-gera-eletricidade-a-partir-da-agua-do-mar\/\" \/>\n<meta property=\"og:locale\" content=\"pt_BR\" \/>\n<meta property=\"og:type\" content=\"article\" \/>\n<meta property=\"og:title\" content=\"Coletor de energia gera eletricidade a partir da \u00e1gua do mar - Jornal Fatos e Not\u00edcias\" \/>\n<meta property=\"og:description\" content=\"Basta mergulhar o nanogerador na \u00e1gua do mar para que ele comece a produzir eletricidade Um &#8220;colhedor de energia&#8221; inovador produz energia el\u00e9trica continuamente utilizando o movimento dos \u00edons de s\u00f3dio contidos na \u00e1gua do mar de modo totalmente passivo, sem a necessidade de qualquer componente externo.A colheita de energia\u00a0envolve dispositivos, comumente chamados\u00a0nanogeradores, que produzem [&hellip;]\" \/>\n<meta property=\"og:url\" content=\"https:\/\/jornalfatosenoticias.com.br\/index.php\/2024\/09\/24\/coletor-de-energia-gera-eletricidade-a-partir-da-agua-do-mar\/\" \/>\n<meta property=\"og:site_name\" content=\"Jornal Fatos e Not\u00edcias\" \/>\n<meta property=\"article:published_time\" content=\"2024-09-24T12:42:11+00:00\" \/>\n<meta property=\"article:modified_time\" content=\"2024-09-24T12:42:14+00:00\" \/>\n<meta property=\"og:image\" content=\"https:\/\/jornalfatosenoticias.com.br\/wp-content\/uploads\/2024\/09\/nanogerador-agua-do-mar-2.jpg\" \/>\n\t<meta property=\"og:image:width\" content=\"980\" \/>\n\t<meta property=\"og:image:height\" content=\"773\" \/>\n\t<meta property=\"og:image:type\" content=\"image\/jpeg\" \/>\n<meta name=\"author\" content=\"Luzimara Fernandes\" \/>\n<meta name=\"twitter:card\" content=\"summary_large_image\" \/>\n<meta name=\"twitter:label1\" content=\"Escrito por\" \/>\n\t<meta name=\"twitter:data1\" content=\"Luzimara Fernandes\" \/>\n\t<meta name=\"twitter:label2\" content=\"Est. tempo de leitura\" \/>\n\t<meta name=\"twitter:data2\" content=\"3 minutos\" \/>\n<script type=\"application\/ld+json\" class=\"yoast-schema-graph\">{\"@context\":\"https:\/\/schema.org\",\"@graph\":[{\"@type\":\"Article\",\"@id\":\"https:\/\/jornalfatosenoticias.com.br\/index.php\/2024\/09\/24\/coletor-de-energia-gera-eletricidade-a-partir-da-agua-do-mar\/#article\",\"isPartOf\":{\"@id\":\"https:\/\/jornalfatosenoticias.com.br\/index.php\/2024\/09\/24\/coletor-de-energia-gera-eletricidade-a-partir-da-agua-do-mar\/\"},\"author\":{\"name\":\"Luzimara Fernandes\",\"@id\":\"https:\/\/jornalfatosenoticias.com.br\/#\/schema\/person\/d63837fa13ac8666eb9e74e0985d6f81\"},\"headline\":\"Coletor de energia gera eletricidade a partir da \u00e1gua do mar\",\"datePublished\":\"2024-09-24T12:42:11+00:00\",\"dateModified\":\"2024-09-24T12:42:14+00:00\",\"mainEntityOfPage\":{\"@id\":\"https:\/\/jornalfatosenoticias.com.br\/index.php\/2024\/09\/24\/coletor-de-energia-gera-eletricidade-a-partir-da-agua-do-mar\/\"},\"wordCount\":593,\"commentCount\":0,\"publisher\":{\"@id\":\"https:\/\/jornalfatosenoticias.com.br\/#organization\"},\"image\":{\"@id\":\"https:\/\/jornalfatosenoticias.com.br\/index.php\/2024\/09\/24\/coletor-de-energia-gera-eletricidade-a-partir-da-agua-do-mar\/#primaryimage\"},\"thumbnailUrl\":\"https:\/\/jornalfatosenoticias.com.br\/wp-content\/uploads\/2024\/09\/nanogerador-agua-do-mar-2.jpg\",\"keywords\":[\"\u00e1gua do mar\",\"coletor de energia\",\"energia\",\"gerador de eletricidade\",\"nanogerador\"],\"articleSection\":[\"Tecnologia &amp; Inova\u00e7\u00e3o\"],\"inLanguage\":\"pt-BR\",\"potentialAction\":[{\"@type\":\"CommentAction\",\"name\":\"Comment\",\"target\":[\"https:\/\/jornalfatosenoticias.com.br\/index.php\/2024\/09\/24\/coletor-de-energia-gera-eletricidade-a-partir-da-agua-do-mar\/#respond\"]}]},{\"@type\":\"WebPage\",\"@id\":\"https:\/\/jornalfatosenoticias.com.br\/index.php\/2024\/09\/24\/coletor-de-energia-gera-eletricidade-a-partir-da-agua-do-mar\/\",\"url\":\"https:\/\/jornalfatosenoticias.com.br\/index.php\/2024\/09\/24\/coletor-de-energia-gera-eletricidade-a-partir-da-agua-do-mar\/\",\"name\":\"Coletor de energia gera eletricidade a partir da \u00e1gua do mar - Jornal Fatos e Not\u00edcias\",\"isPartOf\":{\"@id\":\"https:\/\/jornalfatosenoticias.com.br\/#website\"},\"primaryImageOfPage\":{\"@id\":\"https:\/\/jornalfatosenoticias.com.br\/index.php\/2024\/09\/24\/coletor-de-energia-gera-eletricidade-a-partir-da-agua-do-mar\/#primaryimage\"},\"image\":{\"@id\":\"https:\/\/jornalfatosenoticias.com.br\/index.php\/2024\/09\/24\/coletor-de-energia-gera-eletricidade-a-partir-da-agua-do-mar\/#primaryimage\"},\"thumbnailUrl\":\"https:\/\/jornalfatosenoticias.com.br\/wp-content\/uploads\/2024\/09\/nanogerador-agua-do-mar-2.jpg\",\"datePublished\":\"2024-09-24T12:42:11+00:00\",\"dateModified\":\"2024-09-24T12:42:14+00:00\",\"breadcrumb\":{\"@id\":\"https:\/\/jornalfatosenoticias.com.br\/index.php\/2024\/09\/24\/coletor-de-energia-gera-eletricidade-a-partir-da-agua-do-mar\/#breadcrumb\"},\"inLanguage\":\"pt-BR\",\"potentialAction\":[{\"@type\":\"ReadAction\",\"target\":[\"https:\/\/jornalfatosenoticias.com.br\/index.php\/2024\/09\/24\/coletor-de-energia-gera-eletricidade-a-partir-da-agua-do-mar\/\"]}]},{\"@type\":\"ImageObject\",\"inLanguage\":\"pt-BR\",\"@id\":\"https:\/\/jornalfatosenoticias.com.br\/index.php\/2024\/09\/24\/coletor-de-energia-gera-eletricidade-a-partir-da-agua-do-mar\/#primaryimage\",\"url\":\"https:\/\/jornalfatosenoticias.com.br\/wp-content\/uploads\/2024\/09\/nanogerador-agua-do-mar-2.jpg\",\"contentUrl\":\"https:\/\/jornalfatosenoticias.com.br\/wp-content\/uploads\/2024\/09\/nanogerador-agua-do-mar-2.jpg\",\"width\":980,\"height\":773},{\"@type\":\"BreadcrumbList\",\"@id\":\"https:\/\/jornalfatosenoticias.com.br\/index.php\/2024\/09\/24\/coletor-de-energia-gera-eletricidade-a-partir-da-agua-do-mar\/#breadcrumb\",\"itemListElement\":[{\"@type\":\"ListItem\",\"position\":1,\"name\":\"In\u00edcio\",\"item\":\"https:\/\/jornalfatosenoticias.com.br\/\"},{\"@type\":\"ListItem\",\"position\":2,\"name\":\"Coletor de energia gera eletricidade a partir da \u00e1gua do mar\"}]},{\"@type\":\"WebSite\",\"@id\":\"https:\/\/jornalfatosenoticias.com.br\/#website\",\"url\":\"https:\/\/jornalfatosenoticias.com.br\/\",\"name\":\"Jornal Fatos e Not\u00edcias\",\"description\":\"Not\u00edcias em geral\",\"publisher\":{\"@id\":\"https:\/\/jornalfatosenoticias.com.br\/#organization\"},\"potentialAction\":[{\"@type\":\"SearchAction\",\"target\":{\"@type\":\"EntryPoint\",\"urlTemplate\":\"https:\/\/jornalfatosenoticias.com.br\/?s={search_term_string}\"},\"query-input\":{\"@type\":\"PropertyValueSpecification\",\"valueRequired\":true,\"valueName\":\"search_term_string\"}}],\"inLanguage\":\"pt-BR\"},{\"@type\":\"Organization\",\"@id\":\"https:\/\/jornalfatosenoticias.com.br\/#organization\",\"name\":\"Jornal Fatos e Not\u00edcias\",\"url\":\"https:\/\/jornalfatosenoticias.com.br\/\",\"logo\":{\"@type\":\"ImageObject\",\"inLanguage\":\"pt-BR\",\"@id\":\"https:\/\/jornalfatosenoticias.com.br\/#\/schema\/logo\/image\/\",\"url\":\"https:\/\/jornalfatosenoticias.com.br\/wp-content\/uploads\/2020\/02\/logo120.png\",\"contentUrl\":\"https:\/\/jornalfatosenoticias.com.br\/wp-content\/uploads\/2020\/02\/logo120.png\",\"width\":1227,\"height\":120,\"caption\":\"Jornal Fatos e Not\u00edcias\"},\"image\":{\"@id\":\"https:\/\/jornalfatosenoticias.com.br\/#\/schema\/logo\/image\/\"}},{\"@type\":\"Person\",\"@id\":\"https:\/\/jornalfatosenoticias.com.br\/#\/schema\/person\/d63837fa13ac8666eb9e74e0985d6f81\",\"name\":\"Luzimara Fernandes\",\"image\":{\"@type\":\"ImageObject\",\"inLanguage\":\"pt-BR\",\"@id\":\"https:\/\/jornalfatosenoticias.com.br\/#\/schema\/person\/image\/\",\"url\":\"https:\/\/jornalfatosenoticias.com.br\/wp-content\/uploads\/2025\/05\/EU_portal.jpg\",\"contentUrl\":\"https:\/\/jornalfatosenoticias.com.br\/wp-content\/uploads\/2025\/05\/EU_portal.jpg\",\"caption\":\"Luzimara Fernandes\"},\"description\":\"Jornalista MTB 2358-ES\",\"sameAs\":[\"https:\/\/jornalfatosenoticias.com.br\"],\"url\":\"https:\/\/jornalfatosenoticias.com.br\/index.php\/author\/luzimara\/\"}]}<\/script>\n<!-- \/ Yoast SEO plugin. -->","yoast_head_json":{"title":"Coletor de energia gera eletricidade a partir da \u00e1gua do mar - Jornal Fatos e Not\u00edcias","robots":{"index":"index","follow":"follow","max-snippet":"max-snippet:-1","max-image-preview":"max-image-preview:large","max-video-preview":"max-video-preview:-1"},"canonical":"https:\/\/jornalfatosenoticias.com.br\/index.php\/2024\/09\/24\/coletor-de-energia-gera-eletricidade-a-partir-da-agua-do-mar\/","og_locale":"pt_BR","og_type":"article","og_title":"Coletor de energia gera eletricidade a partir da \u00e1gua do mar - Jornal Fatos e Not\u00edcias","og_description":"Basta mergulhar o nanogerador na \u00e1gua do mar para que ele comece a produzir eletricidade Um &#8220;colhedor de energia&#8221; inovador produz energia el\u00e9trica continuamente utilizando o movimento dos \u00edons de s\u00f3dio contidos na \u00e1gua do mar de modo totalmente passivo, sem a necessidade de qualquer componente externo.A colheita de energia\u00a0envolve dispositivos, comumente chamados\u00a0nanogeradores, que produzem [&hellip;]","og_url":"https:\/\/jornalfatosenoticias.com.br\/index.php\/2024\/09\/24\/coletor-de-energia-gera-eletricidade-a-partir-da-agua-do-mar\/","og_site_name":"Jornal Fatos e Not\u00edcias","article_published_time":"2024-09-24T12:42:11+00:00","article_modified_time":"2024-09-24T12:42:14+00:00","og_image":[{"width":980,"height":773,"url":"https:\/\/jornalfatosenoticias.com.br\/wp-content\/uploads\/2024\/09\/nanogerador-agua-do-mar-2.jpg","type":"image\/jpeg"}],"author":"Luzimara Fernandes","twitter_card":"summary_large_image","twitter_misc":{"Escrito por":"Luzimara Fernandes","Est. tempo de leitura":"3 minutos"},"schema":{"@context":"https:\/\/schema.org","@graph":[{"@type":"Article","@id":"https:\/\/jornalfatosenoticias.com.br\/index.php\/2024\/09\/24\/coletor-de-energia-gera-eletricidade-a-partir-da-agua-do-mar\/#article","isPartOf":{"@id":"https:\/\/jornalfatosenoticias.com.br\/index.php\/2024\/09\/24\/coletor-de-energia-gera-eletricidade-a-partir-da-agua-do-mar\/"},"author":{"name":"Luzimara Fernandes","@id":"https:\/\/jornalfatosenoticias.com.br\/#\/schema\/person\/d63837fa13ac8666eb9e74e0985d6f81"},"headline":"Coletor de energia gera eletricidade a partir da \u00e1gua do mar","datePublished":"2024-09-24T12:42:11+00:00","dateModified":"2024-09-24T12:42:14+00:00","mainEntityOfPage":{"@id":"https:\/\/jornalfatosenoticias.com.br\/index.php\/2024\/09\/24\/coletor-de-energia-gera-eletricidade-a-partir-da-agua-do-mar\/"},"wordCount":593,"commentCount":0,"publisher":{"@id":"https:\/\/jornalfatosenoticias.com.br\/#organization"},"image":{"@id":"https:\/\/jornalfatosenoticias.com.br\/index.php\/2024\/09\/24\/coletor-de-energia-gera-eletricidade-a-partir-da-agua-do-mar\/#primaryimage"},"thumbnailUrl":"https:\/\/jornalfatosenoticias.com.br\/wp-content\/uploads\/2024\/09\/nanogerador-agua-do-mar-2.jpg","keywords":["\u00e1gua do mar","coletor de energia","energia","gerador de eletricidade","nanogerador"],"articleSection":["Tecnologia &amp; Inova\u00e7\u00e3o"],"inLanguage":"pt-BR","potentialAction":[{"@type":"CommentAction","name":"Comment","target":["https:\/\/jornalfatosenoticias.com.br\/index.php\/2024\/09\/24\/coletor-de-energia-gera-eletricidade-a-partir-da-agua-do-mar\/#respond"]}]},{"@type":"WebPage","@id":"https:\/\/jornalfatosenoticias.com.br\/index.php\/2024\/09\/24\/coletor-de-energia-gera-eletricidade-a-partir-da-agua-do-mar\/","url":"https:\/\/jornalfatosenoticias.com.br\/index.php\/2024\/09\/24\/coletor-de-energia-gera-eletricidade-a-partir-da-agua-do-mar\/","name":"Coletor de energia gera eletricidade a partir da \u00e1gua do mar - Jornal Fatos e Not\u00edcias","isPartOf":{"@id":"https:\/\/jornalfatosenoticias.com.br\/#website"},"primaryImageOfPage":{"@id":"https:\/\/jornalfatosenoticias.com.br\/index.php\/2024\/09\/24\/coletor-de-energia-gera-eletricidade-a-partir-da-agua-do-mar\/#primaryimage"},"image":{"@id":"https:\/\/jornalfatosenoticias.com.br\/index.php\/2024\/09\/24\/coletor-de-energia-gera-eletricidade-a-partir-da-agua-do-mar\/#primaryimage"},"thumbnailUrl":"https:\/\/jornalfatosenoticias.com.br\/wp-content\/uploads\/2024\/09\/nanogerador-agua-do-mar-2.jpg","datePublished":"2024-09-24T12:42:11+00:00","dateModified":"2024-09-24T12:42:14+00:00","breadcrumb":{"@id":"https:\/\/jornalfatosenoticias.com.br\/index.php\/2024\/09\/24\/coletor-de-energia-gera-eletricidade-a-partir-da-agua-do-mar\/#breadcrumb"},"inLanguage":"pt-BR","potentialAction":[{"@type":"ReadAction","target":["https:\/\/jornalfatosenoticias.com.br\/index.php\/2024\/09\/24\/coletor-de-energia-gera-eletricidade-a-partir-da-agua-do-mar\/"]}]},{"@type":"ImageObject","inLanguage":"pt-BR","@id":"https:\/\/jornalfatosenoticias.com.br\/index.php\/2024\/09\/24\/coletor-de-energia-gera-eletricidade-a-partir-da-agua-do-mar\/#primaryimage","url":"https:\/\/jornalfatosenoticias.com.br\/wp-content\/uploads\/2024\/09\/nanogerador-agua-do-mar-2.jpg","contentUrl":"https:\/\/jornalfatosenoticias.com.br\/wp-content\/uploads\/2024\/09\/nanogerador-agua-do-mar-2.jpg","width":980,"height":773},{"@type":"BreadcrumbList","@id":"https:\/\/jornalfatosenoticias.com.br\/index.php\/2024\/09\/24\/coletor-de-energia-gera-eletricidade-a-partir-da-agua-do-mar\/#breadcrumb","itemListElement":[{"@type":"ListItem","position":1,"name":"In\u00edcio","item":"https:\/\/jornalfatosenoticias.com.br\/"},{"@type":"ListItem","position":2,"name":"Coletor de energia gera eletricidade a partir da \u00e1gua do mar"}]},{"@type":"WebSite","@id":"https:\/\/jornalfatosenoticias.com.br\/#website","url":"https:\/\/jornalfatosenoticias.com.br\/","name":"Jornal Fatos e Not\u00edcias","description":"Not\u00edcias em geral","publisher":{"@id":"https:\/\/jornalfatosenoticias.com.br\/#organization"},"potentialAction":[{"@type":"SearchAction","target":{"@type":"EntryPoint","urlTemplate":"https:\/\/jornalfatosenoticias.com.br\/?s={search_term_string}"},"query-input":{"@type":"PropertyValueSpecification","valueRequired":true,"valueName":"search_term_string"}}],"inLanguage":"pt-BR"},{"@type":"Organization","@id":"https:\/\/jornalfatosenoticias.com.br\/#organization","name":"Jornal Fatos e Not\u00edcias","url":"https:\/\/jornalfatosenoticias.com.br\/","logo":{"@type":"ImageObject","inLanguage":"pt-BR","@id":"https:\/\/jornalfatosenoticias.com.br\/#\/schema\/logo\/image\/","url":"https:\/\/jornalfatosenoticias.com.br\/wp-content\/uploads\/2020\/02\/logo120.png","contentUrl":"https:\/\/jornalfatosenoticias.com.br\/wp-content\/uploads\/2020\/02\/logo120.png","width":1227,"height":120,"caption":"Jornal Fatos e Not\u00edcias"},"image":{"@id":"https:\/\/jornalfatosenoticias.com.br\/#\/schema\/logo\/image\/"}},{"@type":"Person","@id":"https:\/\/jornalfatosenoticias.com.br\/#\/schema\/person\/d63837fa13ac8666eb9e74e0985d6f81","name":"Luzimara Fernandes","image":{"@type":"ImageObject","inLanguage":"pt-BR","@id":"https:\/\/jornalfatosenoticias.com.br\/#\/schema\/person\/image\/","url":"https:\/\/jornalfatosenoticias.com.br\/wp-content\/uploads\/2025\/05\/EU_portal.jpg","contentUrl":"https:\/\/jornalfatosenoticias.com.br\/wp-content\/uploads\/2025\/05\/EU_portal.jpg","caption":"Luzimara Fernandes"},"description":"Jornalista MTB 2358-ES","sameAs":["https:\/\/jornalfatosenoticias.com.br"],"url":"https:\/\/jornalfatosenoticias.com.br\/index.php\/author\/luzimara\/"}]}},"cc_featured_image_caption":{"caption_text":"(Foto: KIMM)","source_text":"","source_url":""},"jetpack_featured_media_url":"https:\/\/jornalfatosenoticias.com.br\/wp-content\/uploads\/2024\/09\/nanogerador-agua-do-mar-2.jpg","_links":{"self":[{"href":"https:\/\/jornalfatosenoticias.com.br\/index.php\/wp-json\/wp\/v2\/posts\/54390","targetHints":{"allow":["GET"]}}],"collection":[{"href":"https:\/\/jornalfatosenoticias.com.br\/index.php\/wp-json\/wp\/v2\/posts"}],"about":[{"href":"https:\/\/jornalfatosenoticias.com.br\/index.php\/wp-json\/wp\/v2\/types\/post"}],"author":[{"embeddable":true,"href":"https:\/\/jornalfatosenoticias.com.br\/index.php\/wp-json\/wp\/v2\/users\/2"}],"replies":[{"embeddable":true,"href":"https:\/\/jornalfatosenoticias.com.br\/index.php\/wp-json\/wp\/v2\/comments?post=54390"}],"version-history":[{"count":0,"href":"https:\/\/jornalfatosenoticias.com.br\/index.php\/wp-json\/wp\/v2\/posts\/54390\/revisions"}],"wp:featuredmedia":[{"embeddable":true,"href":"https:\/\/jornalfatosenoticias.com.br\/index.php\/wp-json\/wp\/v2\/media\/54392"}],"wp:attachment":[{"href":"https:\/\/jornalfatosenoticias.com.br\/index.php\/wp-json\/wp\/v2\/media?parent=54390"}],"wp:term":[{"taxonomy":"category","embeddable":true,"href":"https:\/\/jornalfatosenoticias.com.br\/index.php\/wp-json\/wp\/v2\/categories?post=54390"},{"taxonomy":"post_tag","embeddable":true,"href":"https:\/\/jornalfatosenoticias.com.br\/index.php\/wp-json\/wp\/v2\/tags?post=54390"}],"curies":[{"name":"wp","href":"https:\/\/api.w.org\/{rel}","templated":true}]}}