{"id":54394,"date":"2024-09-24T10:01:32","date_gmt":"2024-09-24T13:01:32","guid":{"rendered":"https:\/\/jornalfatosenoticias.com.br\/?p=54394"},"modified":"2024-09-24T10:01:33","modified_gmt":"2024-09-24T13:01:33","slug":"devocional-do-dia-dai-e-vos-sera-dado","status":"publish","type":"post","link":"https:\/\/jornalfatosenoticias.com.br\/index.php\/2024\/09\/24\/devocional-do-dia-dai-e-vos-sera-dado\/","title":{"rendered":"Devocional do Dia \u2014 dai e vos ser\u00e1 dado"},"content":{"rendered":"\n<p><span class=\"has-inline-color has-black-color\"><em>&#8216;Dai, e dar-se-vos-\u00e1; boa medida, recalcada, sacudida, transbordante, generosamente vos dar\u00e3o; porque com a medida com que tiverdes medido vos medir\u00e3o tamb\u00e9m&#8217;, Lucas 6:38<\/em><\/span><\/p>\n\n\n\n<p><span class=\"has-inline-color has-black-color\">Por<\/span>\u00a0<strong><a href=\"https:\/\/jornalfatosenoticias.com.br\/index.php\/2024\/06\/03\/devocional-do-dia-espirito-x-carne\/\">Pastora Luciene da Silva Cordeiro<\/a><\/strong><\/p>\n\n\n\n<div class=\"wp-block-image\"><figure class=\"aligncenter size-large\"><a href=\"https:\/\/panper.com.br\/\"><img loading=\"lazy\" decoding=\"async\" width=\"1024\" height=\"111\" src=\"https:\/\/jornalfatosenoticias.com.br\/wp-content\/uploads\/2020\/02\/WhatsApp-Image-2022-09-23-at-12.09.18-1024x111.jpeg\" alt=\"\" class=\"wp-image-34527\" srcset=\"https:\/\/jornalfatosenoticias.com.br\/wp-content\/uploads\/2020\/02\/WhatsApp-Image-2022-09-23-at-12.09.18-1024x111.jpeg 1024w, https:\/\/jornalfatosenoticias.com.br\/wp-content\/uploads\/2020\/02\/WhatsApp-Image-2022-09-23-at-12.09.18-300x32.jpeg 300w, https:\/\/jornalfatosenoticias.com.br\/wp-content\/uploads\/2020\/02\/WhatsApp-Image-2022-09-23-at-12.09.18-768x83.jpeg 768w, https:\/\/jornalfatosenoticias.com.br\/wp-content\/uploads\/2020\/02\/WhatsApp-Image-2022-09-23-at-12.09.18.jpeg 1121w\" sizes=\"auto, (max-width: 1024px) 100vw, 1024px\" \/><\/a><\/figure><\/div>\n\n\n\n<p>Deus estabeleceu o princ\u00edpio de plantio e colheita em todos os sentidos da vida, na natureza \u00e9 muito evidente, podemos ver o plantio de uma semente e o modo como ela nasce e se multiplica dando seu fruto. O mesmo princ\u00edpio vale para os recursos que o Senhor nos deu para administrar e tamb\u00e9m para compartilhar. A generosidade \u00e9 um dom de Deus, quando aben\u00e7oamos algu\u00e9m estamos praticando o amor, Deus se alegra disso e derrama sobre n\u00f3s uma boa medida, sacudida, recalcada e transbordante!<\/p>\n\n\n\n<div class=\"wp-block-image\"><figure class=\"aligncenter size-large\"><a href=\"https:\/\/www.instagram.com\/esteiochurrascaria\/\"><img decoding=\"async\" src=\"https:\/\/jornalfatosenoticias.com.br\/wp-content\/uploads\/2020\/02\/logo_esteio.jpg\" alt=\"\" class=\"wp-image-1214\"\/><\/a><\/figure><\/div>\n\n\n\n<p><strong>ORA\u00c7\u00c3O:<\/strong> Pai querido, ensina-me a aben\u00e7oar a vida das pessoas ao meu redor, mostra-me como devo aben\u00e7oar estas pessoas, derrama sobre mim o Esp\u00edrito Santo para que eu tenha o dom para compartilhar e o dom para amar. Perdoa-me pelo apego que muitas vezes eu tenho tido pelas coisas materiais, que pertencem a este mundo, e n\u00e3o t\u00eam significado eterno e verdadeiro. Quero, a partir de hoje, ser um aben\u00e7oador do Senhor, um instrumento nas Suas m\u00e3os, quero ser usado por Ti, para alcan\u00e7ar outras vidas atrav\u00e9s do Seu amor. Eu oro em nome de Jesus. Am\u00e9m!<br>Baixe voc\u00ea tamb\u00e9m a B\u00edblia Sagrada do Crist\u00e3o\u00a0<strong><a href=\"https:\/\/play.google.com\/store\/apps\/details?id=com.harpacristagratuitaportuguesbrmasterfiveapps\">https:\/\/goo.gl\/2icbB6<\/a><\/strong>.<\/p>\n\n\n\n<div class=\"wp-block-image\"><figure class=\"aligncenter size-large is-resized\"><a href=\"https:\/\/www.ithbrasil.com.br\/\"><img loading=\"lazy\" decoding=\"async\" src=\"https:\/\/jornalfatosenoticias.com.br\/wp-content\/uploads\/2023\/08\/ITH.jpeg\" alt=\"\" class=\"wp-image-44638\" width=\"301\" height=\"244\" srcset=\"https:\/\/jornalfatosenoticias.com.br\/wp-content\/uploads\/2023\/08\/ITH.jpeg 800w, https:\/\/jornalfatosenoticias.com.br\/wp-content\/uploads\/2023\/08\/ITH-300x244.jpeg 300w, https:\/\/jornalfatosenoticias.com.br\/wp-content\/uploads\/2023\/08\/ITH-768x624.jpeg 768w\" sizes=\"auto, (max-width: 301px) 100vw, 301px\" \/><\/a><\/figure><\/div>\n\n\n\n<p><strong><span class=\"has-inline-color has-black-color\">Pastora Luciene da Silva Cordeiro<br><\/span><\/strong><em><span class=\"has-inline-color has-black-color\">Igreja Minist\u00e9rio Mission\u00e1rio de Intercess\u00e3o a Servi\u00e7o do Reino de Deus<\/span><\/em><\/p>\n","protected":false},"excerpt":{"rendered":"<p>&#8216;Dai, e dar-se-vos-\u00e1; boa medida, recalcada, sacudida, transbordante, generosamente vos dar\u00e3o; porque com a medida com que tiverdes medido vos medir\u00e3o tamb\u00e9m&#8217;, Lucas 6:38 Por\u00a0Pastora Luciene da Silva Cordeiro Deus estabeleceu o princ\u00edpio de plantio e colheita em todos os sentidos da vida, na natureza \u00e9 muito evidente, podemos ver o plantio de uma semente [&hellip;]<\/p>\n","protected":false},"author":2,"featured_media":54395,"comment_status":"open","ping_status":"open","sticky":false,"template":"","format":"standard","meta":{"footnotes":""},"categories":[21140],"tags":[24796,2233,8096,8121,24795],"class_list":["post-54394","post","type-post","status-publish","format-standard","has-post-thumbnail","hentry","category-religiao","tag-abencoar-pessoas","tag-amor","tag-doar","tag-generosidade","tag-reciprocidade"],"yoast_head":"<!-- This site is optimized with the Yoast SEO plugin v26.5 - https:\/\/yoast.com\/wordpress\/plugins\/seo\/ -->\n<title>Devocional do Dia \u2014 dai e vos ser\u00e1 dado - Jornal Fatos e Not\u00edcias<\/title>\n<meta name=\"robots\" content=\"index, follow, max-snippet:-1, max-image-preview:large, max-video-preview:-1\" \/>\n<link rel=\"canonical\" href=\"https:\/\/jornalfatosenoticias.com.br\/index.php\/2024\/09\/24\/devocional-do-dia-dai-e-vos-sera-dado\/\" \/>\n<meta property=\"og:locale\" content=\"pt_BR\" \/>\n<meta property=\"og:type\" content=\"article\" \/>\n<meta property=\"og:title\" content=\"Devocional do Dia \u2014 dai e vos ser\u00e1 dado - Jornal Fatos e Not\u00edcias\" \/>\n<meta property=\"og:description\" content=\"&#8216;Dai, e dar-se-vos-\u00e1; boa medida, recalcada, sacudida, transbordante, generosamente vos dar\u00e3o; porque com a medida com que tiverdes medido vos medir\u00e3o tamb\u00e9m&#8217;, Lucas 6:38 Por\u00a0Pastora Luciene da Silva Cordeiro Deus estabeleceu o princ\u00edpio de plantio e colheita em todos os sentidos da vida, na natureza \u00e9 muito evidente, podemos ver o plantio de uma semente [&hellip;]\" \/>\n<meta property=\"og:url\" content=\"https:\/\/jornalfatosenoticias.com.br\/index.php\/2024\/09\/24\/devocional-do-dia-dai-e-vos-sera-dado\/\" \/>\n<meta property=\"og:site_name\" content=\"Jornal Fatos e Not\u00edcias\" \/>\n<meta property=\"article:published_time\" content=\"2024-09-24T13:01:32+00:00\" \/>\n<meta property=\"article:modified_time\" content=\"2024-09-24T13:01:33+00:00\" \/>\n<meta property=\"og:image\" content=\"https:\/\/jornalfatosenoticias.com.br\/wp-content\/uploads\/2024\/09\/generosidade-e-reciprocidade_istock.jpg\" \/>\n\t<meta property=\"og:image:width\" content=\"612\" \/>\n\t<meta property=\"og:image:height\" content=\"407\" \/>\n\t<meta property=\"og:image:type\" content=\"image\/jpeg\" \/>\n<meta name=\"author\" content=\"Luzimara Fernandes\" \/>\n<meta name=\"twitter:card\" content=\"summary_large_image\" \/>\n<meta name=\"twitter:label1\" content=\"Escrito por\" \/>\n\t<meta name=\"twitter:data1\" content=\"Luzimara Fernandes\" \/>\n\t<meta name=\"twitter:label2\" content=\"Est. tempo de leitura\" \/>\n\t<meta name=\"twitter:data2\" content=\"1 minuto\" \/>\n<script type=\"application\/ld+json\" class=\"yoast-schema-graph\">{\"@context\":\"https:\/\/schema.org\",\"@graph\":[{\"@type\":\"Article\",\"@id\":\"https:\/\/jornalfatosenoticias.com.br\/index.php\/2024\/09\/24\/devocional-do-dia-dai-e-vos-sera-dado\/#article\",\"isPartOf\":{\"@id\":\"https:\/\/jornalfatosenoticias.com.br\/index.php\/2024\/09\/24\/devocional-do-dia-dai-e-vos-sera-dado\/\"},\"author\":{\"name\":\"Luzimara Fernandes\",\"@id\":\"https:\/\/jornalfatosenoticias.com.br\/#\/schema\/person\/d63837fa13ac8666eb9e74e0985d6f81\"},\"headline\":\"Devocional do Dia \u2014 dai e vos ser\u00e1 dado\",\"datePublished\":\"2024-09-24T13:01:32+00:00\",\"dateModified\":\"2024-09-24T13:01:33+00:00\",\"mainEntityOfPage\":{\"@id\":\"https:\/\/jornalfatosenoticias.com.br\/index.php\/2024\/09\/24\/devocional-do-dia-dai-e-vos-sera-dado\/\"},\"wordCount\":272,\"commentCount\":0,\"publisher\":{\"@id\":\"https:\/\/jornalfatosenoticias.com.br\/#organization\"},\"image\":{\"@id\":\"https:\/\/jornalfatosenoticias.com.br\/index.php\/2024\/09\/24\/devocional-do-dia-dai-e-vos-sera-dado\/#primaryimage\"},\"thumbnailUrl\":\"https:\/\/jornalfatosenoticias.com.br\/wp-content\/uploads\/2024\/09\/generosidade-e-reciprocidade_istock.jpg\",\"keywords\":[\"aben\u00e7oar pessoas\",\"amor\",\"doar\",\"generosidade\",\"reciprocidade\"],\"articleSection\":[\"Religi\u00e3o\"],\"inLanguage\":\"pt-BR\",\"potentialAction\":[{\"@type\":\"CommentAction\",\"name\":\"Comment\",\"target\":[\"https:\/\/jornalfatosenoticias.com.br\/index.php\/2024\/09\/24\/devocional-do-dia-dai-e-vos-sera-dado\/#respond\"]}]},{\"@type\":\"WebPage\",\"@id\":\"https:\/\/jornalfatosenoticias.com.br\/index.php\/2024\/09\/24\/devocional-do-dia-dai-e-vos-sera-dado\/\",\"url\":\"https:\/\/jornalfatosenoticias.com.br\/index.php\/2024\/09\/24\/devocional-do-dia-dai-e-vos-sera-dado\/\",\"name\":\"Devocional do Dia \u2014 dai e vos ser\u00e1 dado - Jornal Fatos e Not\u00edcias\",\"isPartOf\":{\"@id\":\"https:\/\/jornalfatosenoticias.com.br\/#website\"},\"primaryImageOfPage\":{\"@id\":\"https:\/\/jornalfatosenoticias.com.br\/index.php\/2024\/09\/24\/devocional-do-dia-dai-e-vos-sera-dado\/#primaryimage\"},\"image\":{\"@id\":\"https:\/\/jornalfatosenoticias.com.br\/index.php\/2024\/09\/24\/devocional-do-dia-dai-e-vos-sera-dado\/#primaryimage\"},\"thumbnailUrl\":\"https:\/\/jornalfatosenoticias.com.br\/wp-content\/uploads\/2024\/09\/generosidade-e-reciprocidade_istock.jpg\",\"datePublished\":\"2024-09-24T13:01:32+00:00\",\"dateModified\":\"2024-09-24T13:01:33+00:00\",\"breadcrumb\":{\"@id\":\"https:\/\/jornalfatosenoticias.com.br\/index.php\/2024\/09\/24\/devocional-do-dia-dai-e-vos-sera-dado\/#breadcrumb\"},\"inLanguage\":\"pt-BR\",\"potentialAction\":[{\"@type\":\"ReadAction\",\"target\":[\"https:\/\/jornalfatosenoticias.com.br\/index.php\/2024\/09\/24\/devocional-do-dia-dai-e-vos-sera-dado\/\"]}]},{\"@type\":\"ImageObject\",\"inLanguage\":\"pt-BR\",\"@id\":\"https:\/\/jornalfatosenoticias.com.br\/index.php\/2024\/09\/24\/devocional-do-dia-dai-e-vos-sera-dado\/#primaryimage\",\"url\":\"https:\/\/jornalfatosenoticias.com.br\/wp-content\/uploads\/2024\/09\/generosidade-e-reciprocidade_istock.jpg\",\"contentUrl\":\"https:\/\/jornalfatosenoticias.com.br\/wp-content\/uploads\/2024\/09\/generosidade-e-reciprocidade_istock.jpg\",\"width\":612,\"height\":407,\"caption\":\"Beautiful cupped hands of young woman - cut out\"},{\"@type\":\"BreadcrumbList\",\"@id\":\"https:\/\/jornalfatosenoticias.com.br\/index.php\/2024\/09\/24\/devocional-do-dia-dai-e-vos-sera-dado\/#breadcrumb\",\"itemListElement\":[{\"@type\":\"ListItem\",\"position\":1,\"name\":\"In\u00edcio\",\"item\":\"https:\/\/jornalfatosenoticias.com.br\/\"},{\"@type\":\"ListItem\",\"position\":2,\"name\":\"Devocional do Dia \u2014 dai e vos ser\u00e1 dado\"}]},{\"@type\":\"WebSite\",\"@id\":\"https:\/\/jornalfatosenoticias.com.br\/#website\",\"url\":\"https:\/\/jornalfatosenoticias.com.br\/\",\"name\":\"Jornal Fatos e Not\u00edcias\",\"description\":\"Not\u00edcias em geral\",\"publisher\":{\"@id\":\"https:\/\/jornalfatosenoticias.com.br\/#organization\"},\"potentialAction\":[{\"@type\":\"SearchAction\",\"target\":{\"@type\":\"EntryPoint\",\"urlTemplate\":\"https:\/\/jornalfatosenoticias.com.br\/?s={search_term_string}\"},\"query-input\":{\"@type\":\"PropertyValueSpecification\",\"valueRequired\":true,\"valueName\":\"search_term_string\"}}],\"inLanguage\":\"pt-BR\"},{\"@type\":\"Organization\",\"@id\":\"https:\/\/jornalfatosenoticias.com.br\/#organization\",\"name\":\"Jornal Fatos e Not\u00edcias\",\"url\":\"https:\/\/jornalfatosenoticias.com.br\/\",\"logo\":{\"@type\":\"ImageObject\",\"inLanguage\":\"pt-BR\",\"@id\":\"https:\/\/jornalfatosenoticias.com.br\/#\/schema\/logo\/image\/\",\"url\":\"https:\/\/jornalfatosenoticias.com.br\/wp-content\/uploads\/2020\/02\/logo120.png\",\"contentUrl\":\"https:\/\/jornalfatosenoticias.com.br\/wp-content\/uploads\/2020\/02\/logo120.png\",\"width\":1227,\"height\":120,\"caption\":\"Jornal Fatos e Not\u00edcias\"},\"image\":{\"@id\":\"https:\/\/jornalfatosenoticias.com.br\/#\/schema\/logo\/image\/\"}},{\"@type\":\"Person\",\"@id\":\"https:\/\/jornalfatosenoticias.com.br\/#\/schema\/person\/d63837fa13ac8666eb9e74e0985d6f81\",\"name\":\"Luzimara Fernandes\",\"image\":{\"@type\":\"ImageObject\",\"inLanguage\":\"pt-BR\",\"@id\":\"https:\/\/jornalfatosenoticias.com.br\/#\/schema\/person\/image\/\",\"url\":\"https:\/\/jornalfatosenoticias.com.br\/wp-content\/uploads\/2025\/05\/EU_portal.jpg\",\"contentUrl\":\"https:\/\/jornalfatosenoticias.com.br\/wp-content\/uploads\/2025\/05\/EU_portal.jpg\",\"caption\":\"Luzimara Fernandes\"},\"description\":\"Jornalista MTB 2358-ES\",\"sameAs\":[\"https:\/\/jornalfatosenoticias.com.br\"],\"url\":\"https:\/\/jornalfatosenoticias.com.br\/index.php\/author\/luzimara\/\"}]}<\/script>\n<!-- \/ Yoast SEO plugin. -->","yoast_head_json":{"title":"Devocional do Dia \u2014 dai e vos ser\u00e1 dado - Jornal Fatos e Not\u00edcias","robots":{"index":"index","follow":"follow","max-snippet":"max-snippet:-1","max-image-preview":"max-image-preview:large","max-video-preview":"max-video-preview:-1"},"canonical":"https:\/\/jornalfatosenoticias.com.br\/index.php\/2024\/09\/24\/devocional-do-dia-dai-e-vos-sera-dado\/","og_locale":"pt_BR","og_type":"article","og_title":"Devocional do Dia \u2014 dai e vos ser\u00e1 dado - Jornal Fatos e Not\u00edcias","og_description":"&#8216;Dai, e dar-se-vos-\u00e1; boa medida, recalcada, sacudida, transbordante, generosamente vos dar\u00e3o; porque com a medida com que tiverdes medido vos medir\u00e3o tamb\u00e9m&#8217;, Lucas 6:38 Por\u00a0Pastora Luciene da Silva Cordeiro Deus estabeleceu o princ\u00edpio de plantio e colheita em todos os sentidos da vida, na natureza \u00e9 muito evidente, podemos ver o plantio de uma semente [&hellip;]","og_url":"https:\/\/jornalfatosenoticias.com.br\/index.php\/2024\/09\/24\/devocional-do-dia-dai-e-vos-sera-dado\/","og_site_name":"Jornal Fatos e Not\u00edcias","article_published_time":"2024-09-24T13:01:32+00:00","article_modified_time":"2024-09-24T13:01:33+00:00","og_image":[{"width":612,"height":407,"url":"https:\/\/jornalfatosenoticias.com.br\/wp-content\/uploads\/2024\/09\/generosidade-e-reciprocidade_istock.jpg","type":"image\/jpeg"}],"author":"Luzimara Fernandes","twitter_card":"summary_large_image","twitter_misc":{"Escrito por":"Luzimara Fernandes","Est. tempo de leitura":"1 minuto"},"schema":{"@context":"https:\/\/schema.org","@graph":[{"@type":"Article","@id":"https:\/\/jornalfatosenoticias.com.br\/index.php\/2024\/09\/24\/devocional-do-dia-dai-e-vos-sera-dado\/#article","isPartOf":{"@id":"https:\/\/jornalfatosenoticias.com.br\/index.php\/2024\/09\/24\/devocional-do-dia-dai-e-vos-sera-dado\/"},"author":{"name":"Luzimara Fernandes","@id":"https:\/\/jornalfatosenoticias.com.br\/#\/schema\/person\/d63837fa13ac8666eb9e74e0985d6f81"},"headline":"Devocional do Dia \u2014 dai e vos ser\u00e1 dado","datePublished":"2024-09-24T13:01:32+00:00","dateModified":"2024-09-24T13:01:33+00:00","mainEntityOfPage":{"@id":"https:\/\/jornalfatosenoticias.com.br\/index.php\/2024\/09\/24\/devocional-do-dia-dai-e-vos-sera-dado\/"},"wordCount":272,"commentCount":0,"publisher":{"@id":"https:\/\/jornalfatosenoticias.com.br\/#organization"},"image":{"@id":"https:\/\/jornalfatosenoticias.com.br\/index.php\/2024\/09\/24\/devocional-do-dia-dai-e-vos-sera-dado\/#primaryimage"},"thumbnailUrl":"https:\/\/jornalfatosenoticias.com.br\/wp-content\/uploads\/2024\/09\/generosidade-e-reciprocidade_istock.jpg","keywords":["aben\u00e7oar pessoas","amor","doar","generosidade","reciprocidade"],"articleSection":["Religi\u00e3o"],"inLanguage":"pt-BR","potentialAction":[{"@type":"CommentAction","name":"Comment","target":["https:\/\/jornalfatosenoticias.com.br\/index.php\/2024\/09\/24\/devocional-do-dia-dai-e-vos-sera-dado\/#respond"]}]},{"@type":"WebPage","@id":"https:\/\/jornalfatosenoticias.com.br\/index.php\/2024\/09\/24\/devocional-do-dia-dai-e-vos-sera-dado\/","url":"https:\/\/jornalfatosenoticias.com.br\/index.php\/2024\/09\/24\/devocional-do-dia-dai-e-vos-sera-dado\/","name":"Devocional do Dia \u2014 dai e vos ser\u00e1 dado - Jornal Fatos e Not\u00edcias","isPartOf":{"@id":"https:\/\/jornalfatosenoticias.com.br\/#website"},"primaryImageOfPage":{"@id":"https:\/\/jornalfatosenoticias.com.br\/index.php\/2024\/09\/24\/devocional-do-dia-dai-e-vos-sera-dado\/#primaryimage"},"image":{"@id":"https:\/\/jornalfatosenoticias.com.br\/index.php\/2024\/09\/24\/devocional-do-dia-dai-e-vos-sera-dado\/#primaryimage"},"thumbnailUrl":"https:\/\/jornalfatosenoticias.com.br\/wp-content\/uploads\/2024\/09\/generosidade-e-reciprocidade_istock.jpg","datePublished":"2024-09-24T13:01:32+00:00","dateModified":"2024-09-24T13:01:33+00:00","breadcrumb":{"@id":"https:\/\/jornalfatosenoticias.com.br\/index.php\/2024\/09\/24\/devocional-do-dia-dai-e-vos-sera-dado\/#breadcrumb"},"inLanguage":"pt-BR","potentialAction":[{"@type":"ReadAction","target":["https:\/\/jornalfatosenoticias.com.br\/index.php\/2024\/09\/24\/devocional-do-dia-dai-e-vos-sera-dado\/"]}]},{"@type":"ImageObject","inLanguage":"pt-BR","@id":"https:\/\/jornalfatosenoticias.com.br\/index.php\/2024\/09\/24\/devocional-do-dia-dai-e-vos-sera-dado\/#primaryimage","url":"https:\/\/jornalfatosenoticias.com.br\/wp-content\/uploads\/2024\/09\/generosidade-e-reciprocidade_istock.jpg","contentUrl":"https:\/\/jornalfatosenoticias.com.br\/wp-content\/uploads\/2024\/09\/generosidade-e-reciprocidade_istock.jpg","width":612,"height":407,"caption":"Beautiful cupped hands of young woman - cut out"},{"@type":"BreadcrumbList","@id":"https:\/\/jornalfatosenoticias.com.br\/index.php\/2024\/09\/24\/devocional-do-dia-dai-e-vos-sera-dado\/#breadcrumb","itemListElement":[{"@type":"ListItem","position":1,"name":"In\u00edcio","item":"https:\/\/jornalfatosenoticias.com.br\/"},{"@type":"ListItem","position":2,"name":"Devocional do Dia \u2014 dai e vos ser\u00e1 dado"}]},{"@type":"WebSite","@id":"https:\/\/jornalfatosenoticias.com.br\/#website","url":"https:\/\/jornalfatosenoticias.com.br\/","name":"Jornal Fatos e Not\u00edcias","description":"Not\u00edcias em geral","publisher":{"@id":"https:\/\/jornalfatosenoticias.com.br\/#organization"},"potentialAction":[{"@type":"SearchAction","target":{"@type":"EntryPoint","urlTemplate":"https:\/\/jornalfatosenoticias.com.br\/?s={search_term_string}"},"query-input":{"@type":"PropertyValueSpecification","valueRequired":true,"valueName":"search_term_string"}}],"inLanguage":"pt-BR"},{"@type":"Organization","@id":"https:\/\/jornalfatosenoticias.com.br\/#organization","name":"Jornal Fatos e Not\u00edcias","url":"https:\/\/jornalfatosenoticias.com.br\/","logo":{"@type":"ImageObject","inLanguage":"pt-BR","@id":"https:\/\/jornalfatosenoticias.com.br\/#\/schema\/logo\/image\/","url":"https:\/\/jornalfatosenoticias.com.br\/wp-content\/uploads\/2020\/02\/logo120.png","contentUrl":"https:\/\/jornalfatosenoticias.com.br\/wp-content\/uploads\/2020\/02\/logo120.png","width":1227,"height":120,"caption":"Jornal Fatos e Not\u00edcias"},"image":{"@id":"https:\/\/jornalfatosenoticias.com.br\/#\/schema\/logo\/image\/"}},{"@type":"Person","@id":"https:\/\/jornalfatosenoticias.com.br\/#\/schema\/person\/d63837fa13ac8666eb9e74e0985d6f81","name":"Luzimara Fernandes","image":{"@type":"ImageObject","inLanguage":"pt-BR","@id":"https:\/\/jornalfatosenoticias.com.br\/#\/schema\/person\/image\/","url":"https:\/\/jornalfatosenoticias.com.br\/wp-content\/uploads\/2025\/05\/EU_portal.jpg","contentUrl":"https:\/\/jornalfatosenoticias.com.br\/wp-content\/uploads\/2025\/05\/EU_portal.jpg","caption":"Luzimara Fernandes"},"description":"Jornalista MTB 2358-ES","sameAs":["https:\/\/jornalfatosenoticias.com.br"],"url":"https:\/\/jornalfatosenoticias.com.br\/index.php\/author\/luzimara\/"}]}},"cc_featured_image_caption":{"caption_text":"(Foto: iStock)","source_text":"","source_url":""},"jetpack_featured_media_url":"https:\/\/jornalfatosenoticias.com.br\/wp-content\/uploads\/2024\/09\/generosidade-e-reciprocidade_istock.jpg","_links":{"self":[{"href":"https:\/\/jornalfatosenoticias.com.br\/index.php\/wp-json\/wp\/v2\/posts\/54394","targetHints":{"allow":["GET"]}}],"collection":[{"href":"https:\/\/jornalfatosenoticias.com.br\/index.php\/wp-json\/wp\/v2\/posts"}],"about":[{"href":"https:\/\/jornalfatosenoticias.com.br\/index.php\/wp-json\/wp\/v2\/types\/post"}],"author":[{"embeddable":true,"href":"https:\/\/jornalfatosenoticias.com.br\/index.php\/wp-json\/wp\/v2\/users\/2"}],"replies":[{"embeddable":true,"href":"https:\/\/jornalfatosenoticias.com.br\/index.php\/wp-json\/wp\/v2\/comments?post=54394"}],"version-history":[{"count":0,"href":"https:\/\/jornalfatosenoticias.com.br\/index.php\/wp-json\/wp\/v2\/posts\/54394\/revisions"}],"wp:featuredmedia":[{"embeddable":true,"href":"https:\/\/jornalfatosenoticias.com.br\/index.php\/wp-json\/wp\/v2\/media\/54395"}],"wp:attachment":[{"href":"https:\/\/jornalfatosenoticias.com.br\/index.php\/wp-json\/wp\/v2\/media?parent=54394"}],"wp:term":[{"taxonomy":"category","embeddable":true,"href":"https:\/\/jornalfatosenoticias.com.br\/index.php\/wp-json\/wp\/v2\/categories?post=54394"},{"taxonomy":"post_tag","embeddable":true,"href":"https:\/\/jornalfatosenoticias.com.br\/index.php\/wp-json\/wp\/v2\/tags?post=54394"}],"curies":[{"name":"wp","href":"https:\/\/api.w.org\/{rel}","templated":true}]}}