{"id":54443,"date":"2024-09-25T10:55:25","date_gmt":"2024-09-25T13:55:25","guid":{"rendered":"https:\/\/jornalfatosenoticias.com.br\/?p=54443"},"modified":"2024-09-25T10:55:27","modified_gmt":"2024-09-25T13:55:27","slug":"tesla-anuncia-venda-de-seu-projeto-inovador-de-energia-virtual","status":"publish","type":"post","link":"https:\/\/jornalfatosenoticias.com.br\/index.php\/2024\/09\/25\/tesla-anuncia-venda-de-seu-projeto-inovador-de-energia-virtual\/","title":{"rendered":"Tesla anuncia venda de seu projeto inovador de energia virtual"},"content":{"rendered":"\n<p><em><span class=\"has-inline-color has-black-color\">Projeto inovador com sete mil baterias residenciais visa estabilizar a rede de energias renov\u00e1veis e atender demanda por armazenamento<\/span><\/em><\/p>\n\n\n\n<p><span class=\"has-inline-color has-black-color\">Por <strong><a href=\"https:\/\/olhardigital.com.br\/author\/leandro-costa\/\">Leandro Costa Criscuolo<\/a><\/strong><\/span><\/p>\n\n\n\n<div class=\"wp-block-image\"><figure class=\"aligncenter size-large is-resized\"><a href=\"https:\/\/www.facebook.com\/vetor.vix\/\"><img loading=\"lazy\" decoding=\"async\" src=\"https:\/\/jornalfatosenoticias.com.br\/wp-content\/uploads\/2023\/09\/vetorvix1024_1.jpg\" alt=\"\" class=\"wp-image-44868\" width=\"535\" height=\"142\" srcset=\"https:\/\/jornalfatosenoticias.com.br\/wp-content\/uploads\/2023\/09\/vetorvix1024_1.jpg 1024w, https:\/\/jornalfatosenoticias.com.br\/wp-content\/uploads\/2023\/09\/vetorvix1024_1-300x80.jpg 300w, https:\/\/jornalfatosenoticias.com.br\/wp-content\/uploads\/2023\/09\/vetorvix1024_1-768x205.jpg 768w\" sizes=\"auto, (max-width: 535px) 100vw, 535px\" \/><\/a><\/figure><\/div>\n\n\n\n<p>A <strong><a href=\"https:\/\/olhardigital.com.br\/tag\/tesla\/\" target=\"_blank\" rel=\"noreferrer noopener\">Tesla<\/a><\/strong> lan\u00e7ou uma solicita\u00e7\u00e3o de propostas para sua inovadora usina de energia virtual (VPP, na sigla em ingl\u00eas) no sul da Austr\u00e1lia, que consiste em cerca de sete mil baterias residenciais. As informa\u00e7\u00f5es s\u00e3o do <strong><a href=\"https:\/\/electrek.co\/2024\/09\/13\/tesla-is-looking-to-sell-its-first-virtual-power-plant\/\" target=\"_blank\" rel=\"noreferrer noopener\">Electrek<\/a><\/strong>. Esse sistema, similar \u00e0 grande bateria de Hornsdale, \u00e9 projetado para estabilizar a rede de energias renov\u00e1veis, atendendo picos de demanda e oferecendo servi\u00e7os essenciais.<br>O VPP possui uma capacidade de 35 megawatts, com 70% dessa energia combinada com pain\u00e9is solares residenciais. Os sistemas est\u00e3o sendo instalados em habita\u00e7\u00f5es p\u00fablicas em parceria com o governo estadual, e a Tesla busca expandir o projeto, mantendo o fornecimento das baterias Powerwall e do software Autobidder.<\/p>\n\n\n\n<div class=\"wp-block-image\"><figure class=\"aligncenter size-large is-resized\"><a href=\"https:\/\/www.controlsystems.com.br\/\"><img loading=\"lazy\" decoding=\"async\" src=\"https:\/\/jornalfatosenoticias.com.br\/wp-content\/uploads\/2020\/02\/CONTROL-CS.jpg\" alt=\"\" class=\"wp-image-44991\" width=\"323\" height=\"387\" srcset=\"https:\/\/jornalfatosenoticias.com.br\/wp-content\/uploads\/2020\/02\/CONTROL-CS.jpg 834w, https:\/\/jornalfatosenoticias.com.br\/wp-content\/uploads\/2020\/02\/CONTROL-CS-250x300.jpg 250w, https:\/\/jornalfatosenoticias.com.br\/wp-content\/uploads\/2020\/02\/CONTROL-CS-768x921.jpg 768w\" sizes=\"auto, (max-width: 323px) 100vw, 323px\" \/><\/a><\/figure><\/div>\n\n\n\n<p>Energia virtual \u00e9 um conceito utilizado para descrever um sistema em que m\u00faltiplas unidades de armazenamento de energia, como baterias em resid\u00eancias, s\u00e3o conectadas e geridas como se fossem uma \u00fanica central de energia. Este sistema \u00e9 conhecido como \u201cvirtual power plant\u201d (VPP) ou usina virtual. Os grandes varejistas de energia tamb\u00e9m est\u00e3o investindo em VPPs, buscando novas formas de se conectar com os consumidores e adaptar seus modelos de neg\u00f3cios em uma rede cada vez mais distribu\u00edda.<\/p>\n\n\n\n<div class=\"wp-block-image\"><figure class=\"aligncenter size-large\"><a href=\"http:\/\/www.ferrarimaquinas.com.br\/\"><img loading=\"lazy\" decoding=\"async\" width=\"300\" height=\"250\" src=\"https:\/\/jornalfatosenoticias.com.br\/wp-content\/uploads\/2022\/02\/FERRARI_MAQUINAS-E-FERRAMENTAS2.jpg\" alt=\"\" class=\"wp-image-27860\"\/><\/a><\/figure><\/div>\n\n\n\n<p><strong><em>Fonte: <a href=\"https:\/\/olhardigital.com.br\/2024\/09\/19\/carros-e-tecnologia\/tesla-anuncia-venda-de-seu-projeto-inovador-de-energia-virtual\/\">Olhar Digital<\/a><\/em><\/strong><\/p>\n","protected":false},"excerpt":{"rendered":"<p>Projeto inovador com sete mil baterias residenciais visa estabilizar a rede de energias renov\u00e1veis e atender demanda por armazenamento Por Leandro Costa Criscuolo A Tesla lan\u00e7ou uma solicita\u00e7\u00e3o de propostas para sua inovadora usina de energia virtual (VPP, na sigla em ingl\u00eas) no sul da Austr\u00e1lia, que consiste em cerca de sete mil baterias residenciais. [&hellip;]<\/p>\n","protected":false},"author":2,"featured_media":54444,"comment_status":"open","ping_status":"open","sticky":false,"template":"","format":"standard","meta":{"footnotes":""},"categories":[3],"tags":[1375,2938,24823,1632],"class_list":["post-54443","post","type-post","status-publish","format-standard","has-post-thumbnail","hentry","category-tecnologia","tag-australia","tag-energia-renovavel","tag-energia-virtual","tag-tesla"],"yoast_head":"<!-- This site is optimized with the Yoast SEO plugin v26.5 - https:\/\/yoast.com\/wordpress\/plugins\/seo\/ -->\n<title>Tesla anuncia venda de seu projeto inovador de energia virtual - Jornal Fatos e Not\u00edcias<\/title>\n<meta name=\"robots\" content=\"index, follow, max-snippet:-1, max-image-preview:large, max-video-preview:-1\" \/>\n<link rel=\"canonical\" href=\"https:\/\/jornalfatosenoticias.com.br\/index.php\/2024\/09\/25\/tesla-anuncia-venda-de-seu-projeto-inovador-de-energia-virtual\/\" \/>\n<meta property=\"og:locale\" content=\"pt_BR\" \/>\n<meta property=\"og:type\" content=\"article\" \/>\n<meta property=\"og:title\" content=\"Tesla anuncia venda de seu projeto inovador de energia virtual - Jornal Fatos e Not\u00edcias\" \/>\n<meta property=\"og:description\" content=\"Projeto inovador com sete mil baterias residenciais visa estabilizar a rede de energias renov\u00e1veis e atender demanda por armazenamento Por Leandro Costa Criscuolo A Tesla lan\u00e7ou uma solicita\u00e7\u00e3o de propostas para sua inovadora usina de energia virtual (VPP, na sigla em ingl\u00eas) no sul da Austr\u00e1lia, que consiste em cerca de sete mil baterias residenciais. [&hellip;]\" \/>\n<meta property=\"og:url\" content=\"https:\/\/jornalfatosenoticias.com.br\/index.php\/2024\/09\/25\/tesla-anuncia-venda-de-seu-projeto-inovador-de-energia-virtual\/\" \/>\n<meta property=\"og:site_name\" content=\"Jornal Fatos e Not\u00edcias\" \/>\n<meta property=\"article:published_time\" content=\"2024-09-25T13:55:25+00:00\" \/>\n<meta property=\"article:modified_time\" content=\"2024-09-25T13:55:27+00:00\" \/>\n<meta property=\"og:image\" content=\"https:\/\/jornalfatosenoticias.com.br\/wp-content\/uploads\/2024\/09\/Tesla-energia-virtual.jpg\" \/>\n\t<meta property=\"og:image:width\" content=\"1000\" \/>\n\t<meta property=\"og:image:height\" content=\"562\" \/>\n\t<meta property=\"og:image:type\" content=\"image\/jpeg\" \/>\n<meta name=\"author\" content=\"Luzimara Fernandes\" \/>\n<meta name=\"twitter:card\" content=\"summary_large_image\" \/>\n<meta name=\"twitter:label1\" content=\"Escrito por\" \/>\n\t<meta name=\"twitter:data1\" content=\"Luzimara Fernandes\" \/>\n\t<meta name=\"twitter:label2\" content=\"Est. tempo de leitura\" \/>\n\t<meta name=\"twitter:data2\" content=\"1 minuto\" \/>\n<script type=\"application\/ld+json\" class=\"yoast-schema-graph\">{\"@context\":\"https:\/\/schema.org\",\"@graph\":[{\"@type\":\"Article\",\"@id\":\"https:\/\/jornalfatosenoticias.com.br\/index.php\/2024\/09\/25\/tesla-anuncia-venda-de-seu-projeto-inovador-de-energia-virtual\/#article\",\"isPartOf\":{\"@id\":\"https:\/\/jornalfatosenoticias.com.br\/index.php\/2024\/09\/25\/tesla-anuncia-venda-de-seu-projeto-inovador-de-energia-virtual\/\"},\"author\":{\"name\":\"Luzimara Fernandes\",\"@id\":\"https:\/\/jornalfatosenoticias.com.br\/#\/schema\/person\/d63837fa13ac8666eb9e74e0985d6f81\"},\"headline\":\"Tesla anuncia venda de seu projeto inovador de energia virtual\",\"datePublished\":\"2024-09-25T13:55:25+00:00\",\"dateModified\":\"2024-09-25T13:55:27+00:00\",\"mainEntityOfPage\":{\"@id\":\"https:\/\/jornalfatosenoticias.com.br\/index.php\/2024\/09\/25\/tesla-anuncia-venda-de-seu-projeto-inovador-de-energia-virtual\/\"},\"wordCount\":238,\"commentCount\":0,\"publisher\":{\"@id\":\"https:\/\/jornalfatosenoticias.com.br\/#organization\"},\"image\":{\"@id\":\"https:\/\/jornalfatosenoticias.com.br\/index.php\/2024\/09\/25\/tesla-anuncia-venda-de-seu-projeto-inovador-de-energia-virtual\/#primaryimage\"},\"thumbnailUrl\":\"https:\/\/jornalfatosenoticias.com.br\/wp-content\/uploads\/2024\/09\/Tesla-energia-virtual.jpg\",\"keywords\":[\"Austr\u00e1lia\",\"energia renov\u00e1vel\",\"energia virtual\",\"Tesla\"],\"articleSection\":[\"Tecnologia &amp; Inova\u00e7\u00e3o\"],\"inLanguage\":\"pt-BR\",\"potentialAction\":[{\"@type\":\"CommentAction\",\"name\":\"Comment\",\"target\":[\"https:\/\/jornalfatosenoticias.com.br\/index.php\/2024\/09\/25\/tesla-anuncia-venda-de-seu-projeto-inovador-de-energia-virtual\/#respond\"]}]},{\"@type\":\"WebPage\",\"@id\":\"https:\/\/jornalfatosenoticias.com.br\/index.php\/2024\/09\/25\/tesla-anuncia-venda-de-seu-projeto-inovador-de-energia-virtual\/\",\"url\":\"https:\/\/jornalfatosenoticias.com.br\/index.php\/2024\/09\/25\/tesla-anuncia-venda-de-seu-projeto-inovador-de-energia-virtual\/\",\"name\":\"Tesla anuncia venda de seu projeto inovador de energia virtual - Jornal Fatos e Not\u00edcias\",\"isPartOf\":{\"@id\":\"https:\/\/jornalfatosenoticias.com.br\/#website\"},\"primaryImageOfPage\":{\"@id\":\"https:\/\/jornalfatosenoticias.com.br\/index.php\/2024\/09\/25\/tesla-anuncia-venda-de-seu-projeto-inovador-de-energia-virtual\/#primaryimage\"},\"image\":{\"@id\":\"https:\/\/jornalfatosenoticias.com.br\/index.php\/2024\/09\/25\/tesla-anuncia-venda-de-seu-projeto-inovador-de-energia-virtual\/#primaryimage\"},\"thumbnailUrl\":\"https:\/\/jornalfatosenoticias.com.br\/wp-content\/uploads\/2024\/09\/Tesla-energia-virtual.jpg\",\"datePublished\":\"2024-09-25T13:55:25+00:00\",\"dateModified\":\"2024-09-25T13:55:27+00:00\",\"breadcrumb\":{\"@id\":\"https:\/\/jornalfatosenoticias.com.br\/index.php\/2024\/09\/25\/tesla-anuncia-venda-de-seu-projeto-inovador-de-energia-virtual\/#breadcrumb\"},\"inLanguage\":\"pt-BR\",\"potentialAction\":[{\"@type\":\"ReadAction\",\"target\":[\"https:\/\/jornalfatosenoticias.com.br\/index.php\/2024\/09\/25\/tesla-anuncia-venda-de-seu-projeto-inovador-de-energia-virtual\/\"]}]},{\"@type\":\"ImageObject\",\"inLanguage\":\"pt-BR\",\"@id\":\"https:\/\/jornalfatosenoticias.com.br\/index.php\/2024\/09\/25\/tesla-anuncia-venda-de-seu-projeto-inovador-de-energia-virtual\/#primaryimage\",\"url\":\"https:\/\/jornalfatosenoticias.com.br\/wp-content\/uploads\/2024\/09\/Tesla-energia-virtual.jpg\",\"contentUrl\":\"https:\/\/jornalfatosenoticias.com.br\/wp-content\/uploads\/2024\/09\/Tesla-energia-virtual.jpg\",\"width\":1000,\"height\":562},{\"@type\":\"BreadcrumbList\",\"@id\":\"https:\/\/jornalfatosenoticias.com.br\/index.php\/2024\/09\/25\/tesla-anuncia-venda-de-seu-projeto-inovador-de-energia-virtual\/#breadcrumb\",\"itemListElement\":[{\"@type\":\"ListItem\",\"position\":1,\"name\":\"In\u00edcio\",\"item\":\"https:\/\/jornalfatosenoticias.com.br\/\"},{\"@type\":\"ListItem\",\"position\":2,\"name\":\"Tesla anuncia venda de seu projeto inovador de energia virtual\"}]},{\"@type\":\"WebSite\",\"@id\":\"https:\/\/jornalfatosenoticias.com.br\/#website\",\"url\":\"https:\/\/jornalfatosenoticias.com.br\/\",\"name\":\"Jornal Fatos e Not\u00edcias\",\"description\":\"Not\u00edcias em geral\",\"publisher\":{\"@id\":\"https:\/\/jornalfatosenoticias.com.br\/#organization\"},\"potentialAction\":[{\"@type\":\"SearchAction\",\"target\":{\"@type\":\"EntryPoint\",\"urlTemplate\":\"https:\/\/jornalfatosenoticias.com.br\/?s={search_term_string}\"},\"query-input\":{\"@type\":\"PropertyValueSpecification\",\"valueRequired\":true,\"valueName\":\"search_term_string\"}}],\"inLanguage\":\"pt-BR\"},{\"@type\":\"Organization\",\"@id\":\"https:\/\/jornalfatosenoticias.com.br\/#organization\",\"name\":\"Jornal Fatos e Not\u00edcias\",\"url\":\"https:\/\/jornalfatosenoticias.com.br\/\",\"logo\":{\"@type\":\"ImageObject\",\"inLanguage\":\"pt-BR\",\"@id\":\"https:\/\/jornalfatosenoticias.com.br\/#\/schema\/logo\/image\/\",\"url\":\"https:\/\/jornalfatosenoticias.com.br\/wp-content\/uploads\/2020\/02\/logo120.png\",\"contentUrl\":\"https:\/\/jornalfatosenoticias.com.br\/wp-content\/uploads\/2020\/02\/logo120.png\",\"width\":1227,\"height\":120,\"caption\":\"Jornal Fatos e Not\u00edcias\"},\"image\":{\"@id\":\"https:\/\/jornalfatosenoticias.com.br\/#\/schema\/logo\/image\/\"}},{\"@type\":\"Person\",\"@id\":\"https:\/\/jornalfatosenoticias.com.br\/#\/schema\/person\/d63837fa13ac8666eb9e74e0985d6f81\",\"name\":\"Luzimara Fernandes\",\"image\":{\"@type\":\"ImageObject\",\"inLanguage\":\"pt-BR\",\"@id\":\"https:\/\/jornalfatosenoticias.com.br\/#\/schema\/person\/image\/\",\"url\":\"https:\/\/jornalfatosenoticias.com.br\/wp-content\/uploads\/2025\/05\/EU_portal.jpg\",\"contentUrl\":\"https:\/\/jornalfatosenoticias.com.br\/wp-content\/uploads\/2025\/05\/EU_portal.jpg\",\"caption\":\"Luzimara Fernandes\"},\"description\":\"Jornalista MTB 2358-ES\",\"sameAs\":[\"https:\/\/jornalfatosenoticias.com.br\"],\"url\":\"https:\/\/jornalfatosenoticias.com.br\/index.php\/author\/luzimara\/\"}]}<\/script>\n<!-- \/ Yoast SEO plugin. -->","yoast_head_json":{"title":"Tesla anuncia venda de seu projeto inovador de energia virtual - Jornal Fatos e Not\u00edcias","robots":{"index":"index","follow":"follow","max-snippet":"max-snippet:-1","max-image-preview":"max-image-preview:large","max-video-preview":"max-video-preview:-1"},"canonical":"https:\/\/jornalfatosenoticias.com.br\/index.php\/2024\/09\/25\/tesla-anuncia-venda-de-seu-projeto-inovador-de-energia-virtual\/","og_locale":"pt_BR","og_type":"article","og_title":"Tesla anuncia venda de seu projeto inovador de energia virtual - Jornal Fatos e Not\u00edcias","og_description":"Projeto inovador com sete mil baterias residenciais visa estabilizar a rede de energias renov\u00e1veis e atender demanda por armazenamento Por Leandro Costa Criscuolo A Tesla lan\u00e7ou uma solicita\u00e7\u00e3o de propostas para sua inovadora usina de energia virtual (VPP, na sigla em ingl\u00eas) no sul da Austr\u00e1lia, que consiste em cerca de sete mil baterias residenciais. [&hellip;]","og_url":"https:\/\/jornalfatosenoticias.com.br\/index.php\/2024\/09\/25\/tesla-anuncia-venda-de-seu-projeto-inovador-de-energia-virtual\/","og_site_name":"Jornal Fatos e Not\u00edcias","article_published_time":"2024-09-25T13:55:25+00:00","article_modified_time":"2024-09-25T13:55:27+00:00","og_image":[{"width":1000,"height":562,"url":"https:\/\/jornalfatosenoticias.com.br\/wp-content\/uploads\/2024\/09\/Tesla-energia-virtual.jpg","type":"image\/jpeg"}],"author":"Luzimara Fernandes","twitter_card":"summary_large_image","twitter_misc":{"Escrito por":"Luzimara Fernandes","Est. tempo de leitura":"1 minuto"},"schema":{"@context":"https:\/\/schema.org","@graph":[{"@type":"Article","@id":"https:\/\/jornalfatosenoticias.com.br\/index.php\/2024\/09\/25\/tesla-anuncia-venda-de-seu-projeto-inovador-de-energia-virtual\/#article","isPartOf":{"@id":"https:\/\/jornalfatosenoticias.com.br\/index.php\/2024\/09\/25\/tesla-anuncia-venda-de-seu-projeto-inovador-de-energia-virtual\/"},"author":{"name":"Luzimara Fernandes","@id":"https:\/\/jornalfatosenoticias.com.br\/#\/schema\/person\/d63837fa13ac8666eb9e74e0985d6f81"},"headline":"Tesla anuncia venda de seu projeto inovador de energia virtual","datePublished":"2024-09-25T13:55:25+00:00","dateModified":"2024-09-25T13:55:27+00:00","mainEntityOfPage":{"@id":"https:\/\/jornalfatosenoticias.com.br\/index.php\/2024\/09\/25\/tesla-anuncia-venda-de-seu-projeto-inovador-de-energia-virtual\/"},"wordCount":238,"commentCount":0,"publisher":{"@id":"https:\/\/jornalfatosenoticias.com.br\/#organization"},"image":{"@id":"https:\/\/jornalfatosenoticias.com.br\/index.php\/2024\/09\/25\/tesla-anuncia-venda-de-seu-projeto-inovador-de-energia-virtual\/#primaryimage"},"thumbnailUrl":"https:\/\/jornalfatosenoticias.com.br\/wp-content\/uploads\/2024\/09\/Tesla-energia-virtual.jpg","keywords":["Austr\u00e1lia","energia renov\u00e1vel","energia virtual","Tesla"],"articleSection":["Tecnologia &amp; Inova\u00e7\u00e3o"],"inLanguage":"pt-BR","potentialAction":[{"@type":"CommentAction","name":"Comment","target":["https:\/\/jornalfatosenoticias.com.br\/index.php\/2024\/09\/25\/tesla-anuncia-venda-de-seu-projeto-inovador-de-energia-virtual\/#respond"]}]},{"@type":"WebPage","@id":"https:\/\/jornalfatosenoticias.com.br\/index.php\/2024\/09\/25\/tesla-anuncia-venda-de-seu-projeto-inovador-de-energia-virtual\/","url":"https:\/\/jornalfatosenoticias.com.br\/index.php\/2024\/09\/25\/tesla-anuncia-venda-de-seu-projeto-inovador-de-energia-virtual\/","name":"Tesla anuncia venda de seu projeto inovador de energia virtual - Jornal Fatos e Not\u00edcias","isPartOf":{"@id":"https:\/\/jornalfatosenoticias.com.br\/#website"},"primaryImageOfPage":{"@id":"https:\/\/jornalfatosenoticias.com.br\/index.php\/2024\/09\/25\/tesla-anuncia-venda-de-seu-projeto-inovador-de-energia-virtual\/#primaryimage"},"image":{"@id":"https:\/\/jornalfatosenoticias.com.br\/index.php\/2024\/09\/25\/tesla-anuncia-venda-de-seu-projeto-inovador-de-energia-virtual\/#primaryimage"},"thumbnailUrl":"https:\/\/jornalfatosenoticias.com.br\/wp-content\/uploads\/2024\/09\/Tesla-energia-virtual.jpg","datePublished":"2024-09-25T13:55:25+00:00","dateModified":"2024-09-25T13:55:27+00:00","breadcrumb":{"@id":"https:\/\/jornalfatosenoticias.com.br\/index.php\/2024\/09\/25\/tesla-anuncia-venda-de-seu-projeto-inovador-de-energia-virtual\/#breadcrumb"},"inLanguage":"pt-BR","potentialAction":[{"@type":"ReadAction","target":["https:\/\/jornalfatosenoticias.com.br\/index.php\/2024\/09\/25\/tesla-anuncia-venda-de-seu-projeto-inovador-de-energia-virtual\/"]}]},{"@type":"ImageObject","inLanguage":"pt-BR","@id":"https:\/\/jornalfatosenoticias.com.br\/index.php\/2024\/09\/25\/tesla-anuncia-venda-de-seu-projeto-inovador-de-energia-virtual\/#primaryimage","url":"https:\/\/jornalfatosenoticias.com.br\/wp-content\/uploads\/2024\/09\/Tesla-energia-virtual.jpg","contentUrl":"https:\/\/jornalfatosenoticias.com.br\/wp-content\/uploads\/2024\/09\/Tesla-energia-virtual.jpg","width":1000,"height":562},{"@type":"BreadcrumbList","@id":"https:\/\/jornalfatosenoticias.com.br\/index.php\/2024\/09\/25\/tesla-anuncia-venda-de-seu-projeto-inovador-de-energia-virtual\/#breadcrumb","itemListElement":[{"@type":"ListItem","position":1,"name":"In\u00edcio","item":"https:\/\/jornalfatosenoticias.com.br\/"},{"@type":"ListItem","position":2,"name":"Tesla anuncia venda de seu projeto inovador de energia virtual"}]},{"@type":"WebSite","@id":"https:\/\/jornalfatosenoticias.com.br\/#website","url":"https:\/\/jornalfatosenoticias.com.br\/","name":"Jornal Fatos e Not\u00edcias","description":"Not\u00edcias em geral","publisher":{"@id":"https:\/\/jornalfatosenoticias.com.br\/#organization"},"potentialAction":[{"@type":"SearchAction","target":{"@type":"EntryPoint","urlTemplate":"https:\/\/jornalfatosenoticias.com.br\/?s={search_term_string}"},"query-input":{"@type":"PropertyValueSpecification","valueRequired":true,"valueName":"search_term_string"}}],"inLanguage":"pt-BR"},{"@type":"Organization","@id":"https:\/\/jornalfatosenoticias.com.br\/#organization","name":"Jornal Fatos e Not\u00edcias","url":"https:\/\/jornalfatosenoticias.com.br\/","logo":{"@type":"ImageObject","inLanguage":"pt-BR","@id":"https:\/\/jornalfatosenoticias.com.br\/#\/schema\/logo\/image\/","url":"https:\/\/jornalfatosenoticias.com.br\/wp-content\/uploads\/2020\/02\/logo120.png","contentUrl":"https:\/\/jornalfatosenoticias.com.br\/wp-content\/uploads\/2020\/02\/logo120.png","width":1227,"height":120,"caption":"Jornal Fatos e Not\u00edcias"},"image":{"@id":"https:\/\/jornalfatosenoticias.com.br\/#\/schema\/logo\/image\/"}},{"@type":"Person","@id":"https:\/\/jornalfatosenoticias.com.br\/#\/schema\/person\/d63837fa13ac8666eb9e74e0985d6f81","name":"Luzimara Fernandes","image":{"@type":"ImageObject","inLanguage":"pt-BR","@id":"https:\/\/jornalfatosenoticias.com.br\/#\/schema\/person\/image\/","url":"https:\/\/jornalfatosenoticias.com.br\/wp-content\/uploads\/2025\/05\/EU_portal.jpg","contentUrl":"https:\/\/jornalfatosenoticias.com.br\/wp-content\/uploads\/2025\/05\/EU_portal.jpg","caption":"Luzimara Fernandes"},"description":"Jornalista MTB 2358-ES","sameAs":["https:\/\/jornalfatosenoticias.com.br"],"url":"https:\/\/jornalfatosenoticias.com.br\/index.php\/author\/luzimara\/"}]}},"cc_featured_image_caption":{"caption_text":"(Foto: Divulga\u00e7\u00e3o\/Tesla)","source_text":"","source_url":""},"jetpack_featured_media_url":"https:\/\/jornalfatosenoticias.com.br\/wp-content\/uploads\/2024\/09\/Tesla-energia-virtual.jpg","_links":{"self":[{"href":"https:\/\/jornalfatosenoticias.com.br\/index.php\/wp-json\/wp\/v2\/posts\/54443","targetHints":{"allow":["GET"]}}],"collection":[{"href":"https:\/\/jornalfatosenoticias.com.br\/index.php\/wp-json\/wp\/v2\/posts"}],"about":[{"href":"https:\/\/jornalfatosenoticias.com.br\/index.php\/wp-json\/wp\/v2\/types\/post"}],"author":[{"embeddable":true,"href":"https:\/\/jornalfatosenoticias.com.br\/index.php\/wp-json\/wp\/v2\/users\/2"}],"replies":[{"embeddable":true,"href":"https:\/\/jornalfatosenoticias.com.br\/index.php\/wp-json\/wp\/v2\/comments?post=54443"}],"version-history":[{"count":0,"href":"https:\/\/jornalfatosenoticias.com.br\/index.php\/wp-json\/wp\/v2\/posts\/54443\/revisions"}],"wp:featuredmedia":[{"embeddable":true,"href":"https:\/\/jornalfatosenoticias.com.br\/index.php\/wp-json\/wp\/v2\/media\/54444"}],"wp:attachment":[{"href":"https:\/\/jornalfatosenoticias.com.br\/index.php\/wp-json\/wp\/v2\/media?parent=54443"}],"wp:term":[{"taxonomy":"category","embeddable":true,"href":"https:\/\/jornalfatosenoticias.com.br\/index.php\/wp-json\/wp\/v2\/categories?post=54443"},{"taxonomy":"post_tag","embeddable":true,"href":"https:\/\/jornalfatosenoticias.com.br\/index.php\/wp-json\/wp\/v2\/tags?post=54443"}],"curies":[{"name":"wp","href":"https:\/\/api.w.org\/{rel}","templated":true}]}}