{"id":54460,"date":"2024-09-25T15:00:49","date_gmt":"2024-09-25T18:00:49","guid":{"rendered":"https:\/\/jornalfatosenoticias.com.br\/?p=54460"},"modified":"2024-09-25T15:00:51","modified_gmt":"2024-09-25T18:00:51","slug":"milei-ganha-destaque-por-discurso-na-onu-enquanto-lula-e-ignorado-pela-imprensa-internacional","status":"publish","type":"post","link":"https:\/\/jornalfatosenoticias.com.br\/index.php\/2024\/09\/25\/milei-ganha-destaque-por-discurso-na-onu-enquanto-lula-e-ignorado-pela-imprensa-internacional\/","title":{"rendered":"Milei ganha destaque por discurso na ONU enquanto Lula \u00e9 ignorado pela imprensa internacional"},"content":{"rendered":"\n<p><em><span class=\"has-inline-color has-black-color\">Lula e Milei discursaram nesta ter\u00e7a-feira (24), na Assembleia Geral da ONU<\/span><\/em><\/p>\n\n\n\n<p><span class=\"has-inline-color has-black-color\">Por <strong><a href=\"https:\/\/www.gazetadopovo.com.br\/autor\/isabella-de-paula\/\">Isabella de Paula<\/a><\/strong><\/span><\/p>\n\n\n\n<div class=\"wp-block-image\"><figure class=\"aligncenter size-large\"><a href=\"https:\/\/www.controlsystems.com.br\/\"><img loading=\"lazy\" decoding=\"async\" width=\"1024\" height=\"109\" src=\"https:\/\/jornalfatosenoticias.com.br\/wp-content\/uploads\/2020\/02\/CONTROL-CS2-1024x109.jpg\" alt=\"\" class=\"wp-image-44989\" srcset=\"https:\/\/jornalfatosenoticias.com.br\/wp-content\/uploads\/2020\/02\/CONTROL-CS2-1024x109.jpg 1024w, https:\/\/jornalfatosenoticias.com.br\/wp-content\/uploads\/2020\/02\/CONTROL-CS2-300x32.jpg 300w, https:\/\/jornalfatosenoticias.com.br\/wp-content\/uploads\/2020\/02\/CONTROL-CS2-768x82.jpg 768w, https:\/\/jornalfatosenoticias.com.br\/wp-content\/uploads\/2020\/02\/CONTROL-CS2.jpg 1120w\" sizes=\"auto, (max-width: 1024px) 100vw, 1024px\" \/><\/a><\/figure><\/div>\n\n\n\n<p>A Assembleia Geral da ONU, um dos eventos mais importantes que re\u00fane lideran\u00e7as globais, teve in\u00edcio nesta ter\u00e7a-feira (24) com Luiz In\u00e1cio Lula da Silva, fazendo o tradicional discurso de abertura ap\u00f3s o secret\u00e1rio-geral das Na\u00e7\u00f5es Unidas. Sua participa\u00e7\u00e3o, no entanto, foi ignorada ou minimizada por boa parte da imprensa internacional, inclusive pelos principais jornal americanos, como o <em>New York Times<\/em> e <em>Wall Street Journal, <\/em>que n\u00e3o mencionaram o discurso do petista.<br>O Times, por exemplo, fez a cobertura do evento em tempo real, mas, logo ap\u00f3s a fala de Ant\u00f3nio Guterres, secret\u00e1rio-geral da ONU, que antecedeu Lula, foi citado o discurso do presidente dos EUA, Joe Biden.<\/p>\n\n\n\n<div class=\"wp-block-image\"><figure class=\"aligncenter size-large is-resized\"><a href=\"https:\/\/www.instagram.com\/serra4x4cambioautomatico\/\"><img loading=\"lazy\" decoding=\"async\" src=\"https:\/\/jornalfatosenoticias.com.br\/wp-content\/uploads\/2024\/08\/Serra-4x4-1-886x1024.jpg\" alt=\"\" class=\"wp-image-53632\" width=\"352\" height=\"407\" srcset=\"https:\/\/jornalfatosenoticias.com.br\/wp-content\/uploads\/2024\/08\/Serra-4x4-1-886x1024.jpg 886w, https:\/\/jornalfatosenoticias.com.br\/wp-content\/uploads\/2024\/08\/Serra-4x4-1-260x300.jpg 260w, https:\/\/jornalfatosenoticias.com.br\/wp-content\/uploads\/2024\/08\/Serra-4x4-1-768x888.jpg 768w, https:\/\/jornalfatosenoticias.com.br\/wp-content\/uploads\/2024\/08\/Serra-4x4-1.jpg 1181w\" sizes=\"auto, (max-width: 352px) 100vw, 352px\" \/><\/a><\/figure><\/div>\n\n\n\n<p>J\u00e1 o <em>Washington Post<\/em> chegou a escrever uma reportagem que citou um trecho das declara\u00e7\u00f5es de Lula, mas em tom cr\u00edtico para apontar as falhas do governo brasileiro em rela\u00e7\u00e3o \u00e0s queimadas que se espalham pelo pa\u00eds.<\/p>\n\n\n\n<div class=\"wp-block-image\"><figure class=\"aligncenter size-large is-resized\"><a href=\"https:\/\/www.legisjuris.com.br\/\"><img loading=\"lazy\" decoding=\"async\" src=\"https:\/\/jornalfatosenoticias.com.br\/wp-content\/uploads\/2024\/09\/Legis-Juris-Consultoria_logo.jpg\" alt=\"\" class=\"wp-image-53915\" width=\"468\" height=\"196\" srcset=\"https:\/\/jornalfatosenoticias.com.br\/wp-content\/uploads\/2024\/09\/Legis-Juris-Consultoria_logo.jpg 969w, https:\/\/jornalfatosenoticias.com.br\/wp-content\/uploads\/2024\/09\/Legis-Juris-Consultoria_logo-300x126.jpg 300w, https:\/\/jornalfatosenoticias.com.br\/wp-content\/uploads\/2024\/09\/Legis-Juris-Consultoria_logo-768x322.jpg 768w\" sizes=\"auto, (max-width: 468px) 100vw, 468px\" \/><\/a><\/figure><\/div>\n\n\n\n<p>O discurso de Lula contou com uma sauda\u00e7\u00e3o \u00e0 delega\u00e7\u00e3o palestina, que participou pela primeira vez da Assembleia Geral da ONU, e duras cr\u00edticas a Israel, que n\u00e3o aplaudiu a participa\u00e7\u00e3o do petista.<\/p>\n\n\n\n<div class=\"wp-block-image\"><figure class=\"aligncenter size-large\"><a href=\"http:\/\/www.ferrarimaquinas.com.br\/\"><img loading=\"lazy\" decoding=\"async\" width=\"300\" height=\"250\" src=\"https:\/\/jornalfatosenoticias.com.br\/wp-content\/uploads\/2022\/02\/FERRARI_MAQUINAS-E-FERRAMENTAS2.jpg\" alt=\"\" class=\"wp-image-27860\"\/><\/a><\/figure><\/div>\n\n\n\n<blockquote class=\"wp-block-quote is-layout-flow wp-block-quote-is-layout-flow\"><p><span class=\"has-inline-color has-luminous-vivid-orange-color\">Em contrapartida, uma das lideran\u00e7as globais que mais ganhou destaque no evento neste primeiro dia foi Javier Milei, mandat\u00e1rio argentino. Em sua primeira participa\u00e7\u00e3o na Assembleia Geral da ONU, Milei fez duras cr\u00edticas \u00e0s Na\u00e7\u00f5es Unidas, a quem acusou de ter virado um &#8220;Leviat\u00e3&#8221; e ter tomado um \u201crumo tr\u00e1gico\u201d ao adotar a Agenda 2030 para \u201cimpor uma agenda ideol\u00f3gica\u201d aos seus pa\u00edses-membros. O presidente ainda criticou a ONU por &#8220;n\u00e3o ser mais capaz de resolver os grandes problemas do mundo&#8221;.<\/span><\/p><\/blockquote>\n\n\n\n<div class=\"wp-block-image\"><figure class=\"aligncenter size-large is-resized\"><a href=\"https:\/\/www.instagram.com\/vmais.midias\/\"><img loading=\"lazy\" decoding=\"async\" src=\"https:\/\/jornalfatosenoticias.com.br\/wp-content\/uploads\/2020\/02\/DE-MAIS-DESTAQUE-VMAIS-800X700.png\" alt=\"\" class=\"wp-image-53112\" width=\"337\" height=\"295\" srcset=\"https:\/\/jornalfatosenoticias.com.br\/wp-content\/uploads\/2020\/02\/DE-MAIS-DESTAQUE-VMAIS-800X700.png 800w, https:\/\/jornalfatosenoticias.com.br\/wp-content\/uploads\/2020\/02\/DE-MAIS-DESTAQUE-VMAIS-800X700-300x263.png 300w, https:\/\/jornalfatosenoticias.com.br\/wp-content\/uploads\/2020\/02\/DE-MAIS-DESTAQUE-VMAIS-800X700-768x672.png 768w\" sizes=\"auto, (max-width: 337px) 100vw, 337px\" \/><\/a><\/figure><\/div>\n\n\n\n<p>A participa\u00e7\u00e3o in\u00e9dita na Assembleia Geral da ONU rendeu a <strong>Milei,<\/strong> antes mesmo do discurso, destaque na capa do <em>Wall Street Journal,<\/em> um dos principais jornais de neg\u00f3cios dos EUA. A publica\u00e7\u00e3o dedicou ao chefe de Estado argentino a foto de capa nesta ter\u00e7a-feira (24). O jornal brit\u00e2nico <em>Financial Times<\/em> e o argentino <em>Clar\u00edn<\/em> tamb\u00e9m dedicaram reportagens mencionando as declara\u00e7\u00f5es do libert\u00e1rio.<\/p>\n\n\n\n<div class=\"wp-block-image\"><figure class=\"aligncenter size-large\"><a href=\"https:\/\/www.facebook.com\/vetor.vix\/\"><img loading=\"lazy\" decoding=\"async\" width=\"1024\" height=\"273\" src=\"https:\/\/jornalfatosenoticias.com.br\/wp-content\/uploads\/2023\/09\/vetorvix1024_1.jpg\" alt=\"\" class=\"wp-image-44868\" srcset=\"https:\/\/jornalfatosenoticias.com.br\/wp-content\/uploads\/2023\/09\/vetorvix1024_1.jpg 1024w, https:\/\/jornalfatosenoticias.com.br\/wp-content\/uploads\/2023\/09\/vetorvix1024_1-300x80.jpg 300w, https:\/\/jornalfatosenoticias.com.br\/wp-content\/uploads\/2023\/09\/vetorvix1024_1-768x205.jpg 768w\" sizes=\"auto, (max-width: 1024px) 100vw, 1024px\" \/><\/a><\/figure><\/div>\n\n\n\n<p><strong><em>Fonte: <a href=\"https:\/\/www.gazetadopovo.com.br\/mundo\/milei-ganha-destaque-na-imprensa-internacional-por-discurso-na-onu-enquanto-lula-e-ignorado\/\">Gazeta do Povo<\/a><\/em><\/strong><\/p>\n","protected":false},"excerpt":{"rendered":"<p>Lula e Milei discursaram nesta ter\u00e7a-feira (24), na Assembleia Geral da ONU Por Isabella de Paula A Assembleia Geral da ONU, um dos eventos mais importantes que re\u00fane lideran\u00e7as globais, teve in\u00edcio nesta ter\u00e7a-feira (24) com Luiz In\u00e1cio Lula da Silva, fazendo o tradicional discurso de abertura ap\u00f3s o secret\u00e1rio-geral das Na\u00e7\u00f5es Unidas. Sua participa\u00e7\u00e3o, [&hellip;]<\/p>\n","protected":false},"author":2,"featured_media":54461,"comment_status":"open","ping_status":"open","sticky":false,"template":"","format":"standard","meta":{"footnotes":""},"categories":[10],"tags":[24833,18616,7580,648],"class_list":["post-54460","post","type-post","status-publish","format-standard","has-post-thumbnail","hentry","category-politica","tag-assembleia-geral-da-onu","tag-javier-milei","tag-lula","tag-onu"],"yoast_head":"<!-- This site is optimized with the Yoast SEO plugin v26.5 - https:\/\/yoast.com\/wordpress\/plugins\/seo\/ -->\n<title>Milei ganha destaque por discurso na ONU enquanto Lula \u00e9 ignorado pela imprensa internacional - Jornal Fatos e Not\u00edcias<\/title>\n<meta name=\"robots\" content=\"index, follow, max-snippet:-1, max-image-preview:large, max-video-preview:-1\" \/>\n<link rel=\"canonical\" href=\"https:\/\/jornalfatosenoticias.com.br\/index.php\/2024\/09\/25\/milei-ganha-destaque-por-discurso-na-onu-enquanto-lula-e-ignorado-pela-imprensa-internacional\/\" \/>\n<meta property=\"og:locale\" content=\"pt_BR\" \/>\n<meta property=\"og:type\" content=\"article\" \/>\n<meta property=\"og:title\" content=\"Milei ganha destaque por discurso na ONU enquanto Lula \u00e9 ignorado pela imprensa internacional - Jornal Fatos e Not\u00edcias\" \/>\n<meta property=\"og:description\" content=\"Lula e Milei discursaram nesta ter\u00e7a-feira (24), na Assembleia Geral da ONU Por Isabella de Paula A Assembleia Geral da ONU, um dos eventos mais importantes que re\u00fane lideran\u00e7as globais, teve in\u00edcio nesta ter\u00e7a-feira (24) com Luiz In\u00e1cio Lula da Silva, fazendo o tradicional discurso de abertura ap\u00f3s o secret\u00e1rio-geral das Na\u00e7\u00f5es Unidas. Sua participa\u00e7\u00e3o, [&hellip;]\" \/>\n<meta property=\"og:url\" content=\"https:\/\/jornalfatosenoticias.com.br\/index.php\/2024\/09\/25\/milei-ganha-destaque-por-discurso-na-onu-enquanto-lula-e-ignorado-pela-imprensa-internacional\/\" \/>\n<meta property=\"og:site_name\" content=\"Jornal Fatos e Not\u00edcias\" \/>\n<meta property=\"article:published_time\" content=\"2024-09-25T18:00:49+00:00\" \/>\n<meta property=\"article:modified_time\" content=\"2024-09-25T18:00:51+00:00\" \/>\n<meta property=\"og:image\" content=\"https:\/\/jornalfatosenoticias.com.br\/wp-content\/uploads\/2024\/09\/MOLUSCO_MILEI.jpg\" \/>\n\t<meta property=\"og:image:width\" content=\"960\" \/>\n\t<meta property=\"og:image:height\" content=\"540\" \/>\n\t<meta property=\"og:image:type\" content=\"image\/jpeg\" \/>\n<meta name=\"author\" content=\"Luzimara Fernandes\" \/>\n<meta name=\"twitter:card\" content=\"summary_large_image\" \/>\n<meta name=\"twitter:label1\" content=\"Escrito por\" \/>\n\t<meta name=\"twitter:data1\" content=\"Luzimara Fernandes\" \/>\n\t<meta name=\"twitter:label2\" content=\"Est. tempo de leitura\" \/>\n\t<meta name=\"twitter:data2\" content=\"2 minutos\" \/>\n<script type=\"application\/ld+json\" class=\"yoast-schema-graph\">{\"@context\":\"https:\/\/schema.org\",\"@graph\":[{\"@type\":\"Article\",\"@id\":\"https:\/\/jornalfatosenoticias.com.br\/index.php\/2024\/09\/25\/milei-ganha-destaque-por-discurso-na-onu-enquanto-lula-e-ignorado-pela-imprensa-internacional\/#article\",\"isPartOf\":{\"@id\":\"https:\/\/jornalfatosenoticias.com.br\/index.php\/2024\/09\/25\/milei-ganha-destaque-por-discurso-na-onu-enquanto-lula-e-ignorado-pela-imprensa-internacional\/\"},\"author\":{\"name\":\"Luzimara Fernandes\",\"@id\":\"https:\/\/jornalfatosenoticias.com.br\/#\/schema\/person\/d63837fa13ac8666eb9e74e0985d6f81\"},\"headline\":\"Milei ganha destaque por discurso na ONU enquanto Lula \u00e9 ignorado pela imprensa internacional\",\"datePublished\":\"2024-09-25T18:00:49+00:00\",\"dateModified\":\"2024-09-25T18:00:51+00:00\",\"mainEntityOfPage\":{\"@id\":\"https:\/\/jornalfatosenoticias.com.br\/index.php\/2024\/09\/25\/milei-ganha-destaque-por-discurso-na-onu-enquanto-lula-e-ignorado-pela-imprensa-internacional\/\"},\"wordCount\":391,\"commentCount\":0,\"publisher\":{\"@id\":\"https:\/\/jornalfatosenoticias.com.br\/#organization\"},\"image\":{\"@id\":\"https:\/\/jornalfatosenoticias.com.br\/index.php\/2024\/09\/25\/milei-ganha-destaque-por-discurso-na-onu-enquanto-lula-e-ignorado-pela-imprensa-internacional\/#primaryimage\"},\"thumbnailUrl\":\"https:\/\/jornalfatosenoticias.com.br\/wp-content\/uploads\/2024\/09\/MOLUSCO_MILEI.jpg\",\"keywords\":[\"Assembleia Geral da ONU\",\"Javier Milei\",\"Lula\",\"ONU\"],\"articleSection\":[\"Pol\u00edtica\"],\"inLanguage\":\"pt-BR\",\"potentialAction\":[{\"@type\":\"CommentAction\",\"name\":\"Comment\",\"target\":[\"https:\/\/jornalfatosenoticias.com.br\/index.php\/2024\/09\/25\/milei-ganha-destaque-por-discurso-na-onu-enquanto-lula-e-ignorado-pela-imprensa-internacional\/#respond\"]}]},{\"@type\":\"WebPage\",\"@id\":\"https:\/\/jornalfatosenoticias.com.br\/index.php\/2024\/09\/25\/milei-ganha-destaque-por-discurso-na-onu-enquanto-lula-e-ignorado-pela-imprensa-internacional\/\",\"url\":\"https:\/\/jornalfatosenoticias.com.br\/index.php\/2024\/09\/25\/milei-ganha-destaque-por-discurso-na-onu-enquanto-lula-e-ignorado-pela-imprensa-internacional\/\",\"name\":\"Milei ganha destaque por discurso na ONU enquanto Lula \u00e9 ignorado pela imprensa internacional - Jornal Fatos e Not\u00edcias\",\"isPartOf\":{\"@id\":\"https:\/\/jornalfatosenoticias.com.br\/#website\"},\"primaryImageOfPage\":{\"@id\":\"https:\/\/jornalfatosenoticias.com.br\/index.php\/2024\/09\/25\/milei-ganha-destaque-por-discurso-na-onu-enquanto-lula-e-ignorado-pela-imprensa-internacional\/#primaryimage\"},\"image\":{\"@id\":\"https:\/\/jornalfatosenoticias.com.br\/index.php\/2024\/09\/25\/milei-ganha-destaque-por-discurso-na-onu-enquanto-lula-e-ignorado-pela-imprensa-internacional\/#primaryimage\"},\"thumbnailUrl\":\"https:\/\/jornalfatosenoticias.com.br\/wp-content\/uploads\/2024\/09\/MOLUSCO_MILEI.jpg\",\"datePublished\":\"2024-09-25T18:00:49+00:00\",\"dateModified\":\"2024-09-25T18:00:51+00:00\",\"breadcrumb\":{\"@id\":\"https:\/\/jornalfatosenoticias.com.br\/index.php\/2024\/09\/25\/milei-ganha-destaque-por-discurso-na-onu-enquanto-lula-e-ignorado-pela-imprensa-internacional\/#breadcrumb\"},\"inLanguage\":\"pt-BR\",\"potentialAction\":[{\"@type\":\"ReadAction\",\"target\":[\"https:\/\/jornalfatosenoticias.com.br\/index.php\/2024\/09\/25\/milei-ganha-destaque-por-discurso-na-onu-enquanto-lula-e-ignorado-pela-imprensa-internacional\/\"]}]},{\"@type\":\"ImageObject\",\"inLanguage\":\"pt-BR\",\"@id\":\"https:\/\/jornalfatosenoticias.com.br\/index.php\/2024\/09\/25\/milei-ganha-destaque-por-discurso-na-onu-enquanto-lula-e-ignorado-pela-imprensa-internacional\/#primaryimage\",\"url\":\"https:\/\/jornalfatosenoticias.com.br\/wp-content\/uploads\/2024\/09\/MOLUSCO_MILEI.jpg\",\"contentUrl\":\"https:\/\/jornalfatosenoticias.com.br\/wp-content\/uploads\/2024\/09\/MOLUSCO_MILEI.jpg\",\"width\":960,\"height\":540},{\"@type\":\"BreadcrumbList\",\"@id\":\"https:\/\/jornalfatosenoticias.com.br\/index.php\/2024\/09\/25\/milei-ganha-destaque-por-discurso-na-onu-enquanto-lula-e-ignorado-pela-imprensa-internacional\/#breadcrumb\",\"itemListElement\":[{\"@type\":\"ListItem\",\"position\":1,\"name\":\"In\u00edcio\",\"item\":\"https:\/\/jornalfatosenoticias.com.br\/\"},{\"@type\":\"ListItem\",\"position\":2,\"name\":\"Milei ganha destaque por discurso na ONU enquanto Lula \u00e9 ignorado pela imprensa internacional\"}]},{\"@type\":\"WebSite\",\"@id\":\"https:\/\/jornalfatosenoticias.com.br\/#website\",\"url\":\"https:\/\/jornalfatosenoticias.com.br\/\",\"name\":\"Jornal Fatos e Not\u00edcias\",\"description\":\"Not\u00edcias em geral\",\"publisher\":{\"@id\":\"https:\/\/jornalfatosenoticias.com.br\/#organization\"},\"potentialAction\":[{\"@type\":\"SearchAction\",\"target\":{\"@type\":\"EntryPoint\",\"urlTemplate\":\"https:\/\/jornalfatosenoticias.com.br\/?s={search_term_string}\"},\"query-input\":{\"@type\":\"PropertyValueSpecification\",\"valueRequired\":true,\"valueName\":\"search_term_string\"}}],\"inLanguage\":\"pt-BR\"},{\"@type\":\"Organization\",\"@id\":\"https:\/\/jornalfatosenoticias.com.br\/#organization\",\"name\":\"Jornal Fatos e Not\u00edcias\",\"url\":\"https:\/\/jornalfatosenoticias.com.br\/\",\"logo\":{\"@type\":\"ImageObject\",\"inLanguage\":\"pt-BR\",\"@id\":\"https:\/\/jornalfatosenoticias.com.br\/#\/schema\/logo\/image\/\",\"url\":\"https:\/\/jornalfatosenoticias.com.br\/wp-content\/uploads\/2020\/02\/logo120.png\",\"contentUrl\":\"https:\/\/jornalfatosenoticias.com.br\/wp-content\/uploads\/2020\/02\/logo120.png\",\"width\":1227,\"height\":120,\"caption\":\"Jornal Fatos e Not\u00edcias\"},\"image\":{\"@id\":\"https:\/\/jornalfatosenoticias.com.br\/#\/schema\/logo\/image\/\"}},{\"@type\":\"Person\",\"@id\":\"https:\/\/jornalfatosenoticias.com.br\/#\/schema\/person\/d63837fa13ac8666eb9e74e0985d6f81\",\"name\":\"Luzimara Fernandes\",\"image\":{\"@type\":\"ImageObject\",\"inLanguage\":\"pt-BR\",\"@id\":\"https:\/\/jornalfatosenoticias.com.br\/#\/schema\/person\/image\/\",\"url\":\"https:\/\/jornalfatosenoticias.com.br\/wp-content\/uploads\/2025\/05\/EU_portal.jpg\",\"contentUrl\":\"https:\/\/jornalfatosenoticias.com.br\/wp-content\/uploads\/2025\/05\/EU_portal.jpg\",\"caption\":\"Luzimara Fernandes\"},\"description\":\"Jornalista MTB 2358-ES\",\"sameAs\":[\"https:\/\/jornalfatosenoticias.com.br\"],\"url\":\"https:\/\/jornalfatosenoticias.com.br\/index.php\/author\/luzimara\/\"}]}<\/script>\n<!-- \/ Yoast SEO plugin. -->","yoast_head_json":{"title":"Milei ganha destaque por discurso na ONU enquanto Lula \u00e9 ignorado pela imprensa internacional - Jornal Fatos e Not\u00edcias","robots":{"index":"index","follow":"follow","max-snippet":"max-snippet:-1","max-image-preview":"max-image-preview:large","max-video-preview":"max-video-preview:-1"},"canonical":"https:\/\/jornalfatosenoticias.com.br\/index.php\/2024\/09\/25\/milei-ganha-destaque-por-discurso-na-onu-enquanto-lula-e-ignorado-pela-imprensa-internacional\/","og_locale":"pt_BR","og_type":"article","og_title":"Milei ganha destaque por discurso na ONU enquanto Lula \u00e9 ignorado pela imprensa internacional - Jornal Fatos e Not\u00edcias","og_description":"Lula e Milei discursaram nesta ter\u00e7a-feira (24), na Assembleia Geral da ONU Por Isabella de Paula A Assembleia Geral da ONU, um dos eventos mais importantes que re\u00fane lideran\u00e7as globais, teve in\u00edcio nesta ter\u00e7a-feira (24) com Luiz In\u00e1cio Lula da Silva, fazendo o tradicional discurso de abertura ap\u00f3s o secret\u00e1rio-geral das Na\u00e7\u00f5es Unidas. Sua participa\u00e7\u00e3o, [&hellip;]","og_url":"https:\/\/jornalfatosenoticias.com.br\/index.php\/2024\/09\/25\/milei-ganha-destaque-por-discurso-na-onu-enquanto-lula-e-ignorado-pela-imprensa-internacional\/","og_site_name":"Jornal Fatos e Not\u00edcias","article_published_time":"2024-09-25T18:00:49+00:00","article_modified_time":"2024-09-25T18:00:51+00:00","og_image":[{"width":960,"height":540,"url":"https:\/\/jornalfatosenoticias.com.br\/wp-content\/uploads\/2024\/09\/MOLUSCO_MILEI.jpg","type":"image\/jpeg"}],"author":"Luzimara Fernandes","twitter_card":"summary_large_image","twitter_misc":{"Escrito por":"Luzimara Fernandes","Est. tempo de leitura":"2 minutos"},"schema":{"@context":"https:\/\/schema.org","@graph":[{"@type":"Article","@id":"https:\/\/jornalfatosenoticias.com.br\/index.php\/2024\/09\/25\/milei-ganha-destaque-por-discurso-na-onu-enquanto-lula-e-ignorado-pela-imprensa-internacional\/#article","isPartOf":{"@id":"https:\/\/jornalfatosenoticias.com.br\/index.php\/2024\/09\/25\/milei-ganha-destaque-por-discurso-na-onu-enquanto-lula-e-ignorado-pela-imprensa-internacional\/"},"author":{"name":"Luzimara Fernandes","@id":"https:\/\/jornalfatosenoticias.com.br\/#\/schema\/person\/d63837fa13ac8666eb9e74e0985d6f81"},"headline":"Milei ganha destaque por discurso na ONU enquanto Lula \u00e9 ignorado pela imprensa internacional","datePublished":"2024-09-25T18:00:49+00:00","dateModified":"2024-09-25T18:00:51+00:00","mainEntityOfPage":{"@id":"https:\/\/jornalfatosenoticias.com.br\/index.php\/2024\/09\/25\/milei-ganha-destaque-por-discurso-na-onu-enquanto-lula-e-ignorado-pela-imprensa-internacional\/"},"wordCount":391,"commentCount":0,"publisher":{"@id":"https:\/\/jornalfatosenoticias.com.br\/#organization"},"image":{"@id":"https:\/\/jornalfatosenoticias.com.br\/index.php\/2024\/09\/25\/milei-ganha-destaque-por-discurso-na-onu-enquanto-lula-e-ignorado-pela-imprensa-internacional\/#primaryimage"},"thumbnailUrl":"https:\/\/jornalfatosenoticias.com.br\/wp-content\/uploads\/2024\/09\/MOLUSCO_MILEI.jpg","keywords":["Assembleia Geral da ONU","Javier Milei","Lula","ONU"],"articleSection":["Pol\u00edtica"],"inLanguage":"pt-BR","potentialAction":[{"@type":"CommentAction","name":"Comment","target":["https:\/\/jornalfatosenoticias.com.br\/index.php\/2024\/09\/25\/milei-ganha-destaque-por-discurso-na-onu-enquanto-lula-e-ignorado-pela-imprensa-internacional\/#respond"]}]},{"@type":"WebPage","@id":"https:\/\/jornalfatosenoticias.com.br\/index.php\/2024\/09\/25\/milei-ganha-destaque-por-discurso-na-onu-enquanto-lula-e-ignorado-pela-imprensa-internacional\/","url":"https:\/\/jornalfatosenoticias.com.br\/index.php\/2024\/09\/25\/milei-ganha-destaque-por-discurso-na-onu-enquanto-lula-e-ignorado-pela-imprensa-internacional\/","name":"Milei ganha destaque por discurso na ONU enquanto Lula \u00e9 ignorado pela imprensa internacional - Jornal Fatos e Not\u00edcias","isPartOf":{"@id":"https:\/\/jornalfatosenoticias.com.br\/#website"},"primaryImageOfPage":{"@id":"https:\/\/jornalfatosenoticias.com.br\/index.php\/2024\/09\/25\/milei-ganha-destaque-por-discurso-na-onu-enquanto-lula-e-ignorado-pela-imprensa-internacional\/#primaryimage"},"image":{"@id":"https:\/\/jornalfatosenoticias.com.br\/index.php\/2024\/09\/25\/milei-ganha-destaque-por-discurso-na-onu-enquanto-lula-e-ignorado-pela-imprensa-internacional\/#primaryimage"},"thumbnailUrl":"https:\/\/jornalfatosenoticias.com.br\/wp-content\/uploads\/2024\/09\/MOLUSCO_MILEI.jpg","datePublished":"2024-09-25T18:00:49+00:00","dateModified":"2024-09-25T18:00:51+00:00","breadcrumb":{"@id":"https:\/\/jornalfatosenoticias.com.br\/index.php\/2024\/09\/25\/milei-ganha-destaque-por-discurso-na-onu-enquanto-lula-e-ignorado-pela-imprensa-internacional\/#breadcrumb"},"inLanguage":"pt-BR","potentialAction":[{"@type":"ReadAction","target":["https:\/\/jornalfatosenoticias.com.br\/index.php\/2024\/09\/25\/milei-ganha-destaque-por-discurso-na-onu-enquanto-lula-e-ignorado-pela-imprensa-internacional\/"]}]},{"@type":"ImageObject","inLanguage":"pt-BR","@id":"https:\/\/jornalfatosenoticias.com.br\/index.php\/2024\/09\/25\/milei-ganha-destaque-por-discurso-na-onu-enquanto-lula-e-ignorado-pela-imprensa-internacional\/#primaryimage","url":"https:\/\/jornalfatosenoticias.com.br\/wp-content\/uploads\/2024\/09\/MOLUSCO_MILEI.jpg","contentUrl":"https:\/\/jornalfatosenoticias.com.br\/wp-content\/uploads\/2024\/09\/MOLUSCO_MILEI.jpg","width":960,"height":540},{"@type":"BreadcrumbList","@id":"https:\/\/jornalfatosenoticias.com.br\/index.php\/2024\/09\/25\/milei-ganha-destaque-por-discurso-na-onu-enquanto-lula-e-ignorado-pela-imprensa-internacional\/#breadcrumb","itemListElement":[{"@type":"ListItem","position":1,"name":"In\u00edcio","item":"https:\/\/jornalfatosenoticias.com.br\/"},{"@type":"ListItem","position":2,"name":"Milei ganha destaque por discurso na ONU enquanto Lula \u00e9 ignorado pela imprensa internacional"}]},{"@type":"WebSite","@id":"https:\/\/jornalfatosenoticias.com.br\/#website","url":"https:\/\/jornalfatosenoticias.com.br\/","name":"Jornal Fatos e Not\u00edcias","description":"Not\u00edcias em geral","publisher":{"@id":"https:\/\/jornalfatosenoticias.com.br\/#organization"},"potentialAction":[{"@type":"SearchAction","target":{"@type":"EntryPoint","urlTemplate":"https:\/\/jornalfatosenoticias.com.br\/?s={search_term_string}"},"query-input":{"@type":"PropertyValueSpecification","valueRequired":true,"valueName":"search_term_string"}}],"inLanguage":"pt-BR"},{"@type":"Organization","@id":"https:\/\/jornalfatosenoticias.com.br\/#organization","name":"Jornal Fatos e Not\u00edcias","url":"https:\/\/jornalfatosenoticias.com.br\/","logo":{"@type":"ImageObject","inLanguage":"pt-BR","@id":"https:\/\/jornalfatosenoticias.com.br\/#\/schema\/logo\/image\/","url":"https:\/\/jornalfatosenoticias.com.br\/wp-content\/uploads\/2020\/02\/logo120.png","contentUrl":"https:\/\/jornalfatosenoticias.com.br\/wp-content\/uploads\/2020\/02\/logo120.png","width":1227,"height":120,"caption":"Jornal Fatos e Not\u00edcias"},"image":{"@id":"https:\/\/jornalfatosenoticias.com.br\/#\/schema\/logo\/image\/"}},{"@type":"Person","@id":"https:\/\/jornalfatosenoticias.com.br\/#\/schema\/person\/d63837fa13ac8666eb9e74e0985d6f81","name":"Luzimara Fernandes","image":{"@type":"ImageObject","inLanguage":"pt-BR","@id":"https:\/\/jornalfatosenoticias.com.br\/#\/schema\/person\/image\/","url":"https:\/\/jornalfatosenoticias.com.br\/wp-content\/uploads\/2025\/05\/EU_portal.jpg","contentUrl":"https:\/\/jornalfatosenoticias.com.br\/wp-content\/uploads\/2025\/05\/EU_portal.jpg","caption":"Luzimara Fernandes"},"description":"Jornalista MTB 2358-ES","sameAs":["https:\/\/jornalfatosenoticias.com.br"],"url":"https:\/\/jornalfatosenoticias.com.br\/index.php\/author\/luzimara\/"}]}},"cc_featured_image_caption":{"caption_text":"(Foto: Gazeta do Povo) ","source_text":"","source_url":""},"jetpack_featured_media_url":"https:\/\/jornalfatosenoticias.com.br\/wp-content\/uploads\/2024\/09\/MOLUSCO_MILEI.jpg","_links":{"self":[{"href":"https:\/\/jornalfatosenoticias.com.br\/index.php\/wp-json\/wp\/v2\/posts\/54460","targetHints":{"allow":["GET"]}}],"collection":[{"href":"https:\/\/jornalfatosenoticias.com.br\/index.php\/wp-json\/wp\/v2\/posts"}],"about":[{"href":"https:\/\/jornalfatosenoticias.com.br\/index.php\/wp-json\/wp\/v2\/types\/post"}],"author":[{"embeddable":true,"href":"https:\/\/jornalfatosenoticias.com.br\/index.php\/wp-json\/wp\/v2\/users\/2"}],"replies":[{"embeddable":true,"href":"https:\/\/jornalfatosenoticias.com.br\/index.php\/wp-json\/wp\/v2\/comments?post=54460"}],"version-history":[{"count":0,"href":"https:\/\/jornalfatosenoticias.com.br\/index.php\/wp-json\/wp\/v2\/posts\/54460\/revisions"}],"wp:featuredmedia":[{"embeddable":true,"href":"https:\/\/jornalfatosenoticias.com.br\/index.php\/wp-json\/wp\/v2\/media\/54461"}],"wp:attachment":[{"href":"https:\/\/jornalfatosenoticias.com.br\/index.php\/wp-json\/wp\/v2\/media?parent=54460"}],"wp:term":[{"taxonomy":"category","embeddable":true,"href":"https:\/\/jornalfatosenoticias.com.br\/index.php\/wp-json\/wp\/v2\/categories?post=54460"},{"taxonomy":"post_tag","embeddable":true,"href":"https:\/\/jornalfatosenoticias.com.br\/index.php\/wp-json\/wp\/v2\/tags?post=54460"}],"curies":[{"name":"wp","href":"https:\/\/api.w.org\/{rel}","templated":true}]}}