{"id":54503,"date":"2024-09-26T19:06:55","date_gmt":"2024-09-26T22:06:55","guid":{"rendered":"https:\/\/jornalfatosenoticias.com.br\/?p=54503"},"modified":"2024-09-26T19:06:56","modified_gmt":"2024-09-26T22:06:56","slug":"artista-terezinha-bilia-e-a-atracao-no-centro-cultural-da-embaixada-do-brasil-na-republica-dominicana","status":"publish","type":"post","link":"https:\/\/jornalfatosenoticias.com.br\/index.php\/2024\/09\/26\/artista-terezinha-bilia-e-a-atracao-no-centro-cultural-da-embaixada-do-brasil-na-republica-dominicana\/","title":{"rendered":"Artista Terezinha Bilia \u00e9 a atra\u00e7\u00e3o no Centro Cultural da Embaixada do Brasil na Rep\u00fablica Dominicana"},"content":{"rendered":"\n<p><span class=\"has-inline-color has-black-color\">Por <strong><a href=\"https:\/\/jornalfatosenoticias.com.br\/index.php\/2024\/09\/19\/coluna-universo-artes-e-letras-novidade-para-escritores-e-artistas-plasticos\/\">Buana Lima*<\/a><\/strong><\/span><\/p>\n\n\n\n<div class=\"wp-block-image\"><figure class=\"aligncenter size-large\"><a href=\"https:\/\/mizu.com.br\/\"><img loading=\"lazy\" decoding=\"async\" width=\"729\" height=\"90\" src=\"https:\/\/jornalfatosenoticias.com.br\/wp-content\/uploads\/2020\/02\/Logo_Mizu.png\" alt=\"\" class=\"wp-image-1441\" srcset=\"https:\/\/jornalfatosenoticias.com.br\/wp-content\/uploads\/2020\/02\/Logo_Mizu.png 729w, https:\/\/jornalfatosenoticias.com.br\/wp-content\/uploads\/2020\/02\/Logo_Mizu-300x37.png 300w\" sizes=\"auto, (max-width: 729px) 100vw, 729px\" \/><\/a><\/figure><\/div>\n\n\n\n<div class=\"wp-block-image is-style-rounded\"><figure class=\"alignleft size-large\"><img loading=\"lazy\" decoding=\"async\" width=\"181\" height=\"202\" src=\"https:\/\/jornalfatosenoticias.com.br\/wp-content\/uploads\/2024\/09\/Buana_Lima-removebg-preview.png\" alt=\"\" class=\"wp-image-54341\"\/><\/figure><\/div>\n\n\n\n<p>Terezinha Bilia, artista pl\u00e1stica que tem a carreira assessorada por Buana Lima, \u00e9 a atra\u00e7\u00e3o na Semana da Cultura Brasileira no Instituto Guimar\u00e3es Rosa, centro cultural da Embaixada do Brasil na Rep\u00fablica Dominicana.<br>Terezinha Bilia \u00e9 de S\u00e3o Jos\u00e9 do Rio Preto, mas j\u00e1 levou a exposi\u00e7\u00e3o Brasil em Sonhos e Lendas para It\u00e1lia; Col\u00f4mbia; Embaixada do Brasil em Georgetown, Guiana; Rep\u00fablica Dominicana e logo ser\u00e1 no Centro Cultural da Embaixada do Brasil em Man\u00e1gua, na Nicar\u00e1gua. A maioria de suas exposi\u00e7\u00f5es tem sido individuais.<\/p>\n\n\n\n<div class=\"wp-block-image\"><figure class=\"aligncenter size-large\"><a href=\"http:\/\/www.ferrarimaquinas.com.br\/\"><img loading=\"lazy\" decoding=\"async\" width=\"300\" height=\"250\" src=\"https:\/\/jornalfatosenoticias.com.br\/wp-content\/uploads\/2022\/02\/FERRARI_MAQUINAS-E-FERRAMENTAS2.jpg\" alt=\"\" class=\"wp-image-27860\"\/><\/a><\/figure><\/div>\n\n\n\n<blockquote class=\"wp-block-quote is-layout-flow wp-block-quote-is-layout-flow\"><p><span class=\"has-inline-color has-luminous-vivid-orange-color\">\u00c9 muito f\u00e1cil representar essa artista, o seu talento abre todas as portas, o amor que ela tem por suas obras se transmite na tela. Mais que criatividade privilegiada, a artista tem muitas habilidades, suas telas s\u00e3o compostas de muitos materiais que v\u00e3o al\u00e9m da tinta\u201d, elogia Buana Lima.<\/span><\/p><\/blockquote>\n\n\n\n<div class=\"wp-block-image\"><figure class=\"aligncenter size-large is-resized\"><a href=\"https:\/\/www.controlsystems.com.br\/\"><img loading=\"lazy\" decoding=\"async\" src=\"https:\/\/jornalfatosenoticias.com.br\/wp-content\/uploads\/2020\/02\/CONTROL-CS.jpg\" alt=\"\" class=\"wp-image-44991\" width=\"278\" height=\"334\" srcset=\"https:\/\/jornalfatosenoticias.com.br\/wp-content\/uploads\/2020\/02\/CONTROL-CS.jpg 834w, https:\/\/jornalfatosenoticias.com.br\/wp-content\/uploads\/2020\/02\/CONTROL-CS-250x300.jpg 250w, https:\/\/jornalfatosenoticias.com.br\/wp-content\/uploads\/2020\/02\/CONTROL-CS-768x921.jpg 768w\" sizes=\"auto, (max-width: 278px) 100vw, 278px\" \/><\/a><\/figure><\/div>\n\n\n\n<p>Terezinha tamb\u00e9m \u00e9 magistrada e professora de ingl\u00eas. \u201cEla n\u00e3o vende suas obras e a inten\u00e7\u00e3o \u00e9 come\u00e7ar a do\u00e1-las para grandes museus e institui\u00e7\u00f5es. Lugares que realmente valorizem seu trabalho e que tenham muita visita\u00e7\u00e3o. \u00c9 uma pessoa linda, de cora\u00e7\u00e3o aberto, f\u00e1cil acesso e sorriso sincero. Amo trabalhar com ela\u201d, acrescenta Buana.<\/p>\n\n\n\n<div class=\"wp-block-image\"><figure class=\"aligncenter size-large is-resized\"><a href=\"https:\/\/www.facebook.com\/vetor.vix\/\"><img loading=\"lazy\" decoding=\"async\" src=\"https:\/\/jornalfatosenoticias.com.br\/wp-content\/uploads\/2023\/09\/vetorvix1024_1.jpg\" alt=\"\" class=\"wp-image-44868\" width=\"498\" height=\"132\" srcset=\"https:\/\/jornalfatosenoticias.com.br\/wp-content\/uploads\/2023\/09\/vetorvix1024_1.jpg 1024w, https:\/\/jornalfatosenoticias.com.br\/wp-content\/uploads\/2023\/09\/vetorvix1024_1-300x80.jpg 300w, https:\/\/jornalfatosenoticias.com.br\/wp-content\/uploads\/2023\/09\/vetorvix1024_1-768x205.jpg 768w\" sizes=\"auto, (max-width: 498px) 100vw, 498px\" \/><\/a><\/figure><\/div>\n\n\n\n<p><em><span class=\"has-inline-color has-black-color\"><strong>Buana Lima<br><\/strong>Gestora cultural internacional<br>WhatsApp (+21) 97616-3304 ou (+21) 99982-6280<\/span><\/em><\/p>\n","protected":false},"excerpt":{"rendered":"<p>Por Buana Lima* Terezinha Bilia, artista pl\u00e1stica que tem a carreira assessorada por Buana Lima, \u00e9 a atra\u00e7\u00e3o na Semana da Cultura Brasileira no Instituto Guimar\u00e3es Rosa, centro cultural da Embaixada do Brasil na Rep\u00fablica Dominicana.Terezinha Bilia \u00e9 de S\u00e3o Jos\u00e9 do Rio Preto, mas j\u00e1 levou a exposi\u00e7\u00e3o Brasil em Sonhos e Lendas para [&hellip;]<\/p>\n","protected":false},"author":2,"featured_media":54504,"comment_status":"open","ping_status":"open","sticky":false,"template":"","format":"standard","meta":{"footnotes":""},"categories":[4],"tags":[9667,24855,11560,24857,24856],"class_list":["post-54503","post","type-post","status-publish","format-standard","has-post-thumbnail","hentry","category-cultura","tag-artes-plasticas","tag-artista-plastica","tag-republica-dominicana","tag-semana-da-cultura-brasileira-no-instituto-guimaraes-rosa","tag-terezinha-bilia"],"yoast_head":"<!-- This site is optimized with the Yoast SEO plugin v26.5 - https:\/\/yoast.com\/wordpress\/plugins\/seo\/ -->\n<title>Artista Terezinha Bilia \u00e9 a atra\u00e7\u00e3o no Centro Cultural da Embaixada do Brasil na Rep\u00fablica Dominicana - Jornal Fatos e Not\u00edcias<\/title>\n<meta name=\"robots\" content=\"index, follow, max-snippet:-1, max-image-preview:large, max-video-preview:-1\" \/>\n<link rel=\"canonical\" href=\"https:\/\/jornalfatosenoticias.com.br\/index.php\/2024\/09\/26\/artista-terezinha-bilia-e-a-atracao-no-centro-cultural-da-embaixada-do-brasil-na-republica-dominicana\/\" \/>\n<meta property=\"og:locale\" content=\"pt_BR\" \/>\n<meta property=\"og:type\" content=\"article\" \/>\n<meta property=\"og:title\" content=\"Artista Terezinha Bilia \u00e9 a atra\u00e7\u00e3o no Centro Cultural da Embaixada do Brasil na Rep\u00fablica Dominicana - Jornal Fatos e Not\u00edcias\" \/>\n<meta property=\"og:description\" content=\"Por Buana Lima* Terezinha Bilia, artista pl\u00e1stica que tem a carreira assessorada por Buana Lima, \u00e9 a atra\u00e7\u00e3o na Semana da Cultura Brasileira no Instituto Guimar\u00e3es Rosa, centro cultural da Embaixada do Brasil na Rep\u00fablica Dominicana.Terezinha Bilia \u00e9 de S\u00e3o Jos\u00e9 do Rio Preto, mas j\u00e1 levou a exposi\u00e7\u00e3o Brasil em Sonhos e Lendas para [&hellip;]\" \/>\n<meta property=\"og:url\" content=\"https:\/\/jornalfatosenoticias.com.br\/index.php\/2024\/09\/26\/artista-terezinha-bilia-e-a-atracao-no-centro-cultural-da-embaixada-do-brasil-na-republica-dominicana\/\" \/>\n<meta property=\"og:site_name\" content=\"Jornal Fatos e Not\u00edcias\" \/>\n<meta property=\"article:published_time\" content=\"2024-09-26T22:06:55+00:00\" \/>\n<meta property=\"article:modified_time\" content=\"2024-09-26T22:06:56+00:00\" \/>\n<meta property=\"og:image\" content=\"https:\/\/jornalfatosenoticias.com.br\/wp-content\/uploads\/2024\/09\/Terezinha-Bilia.jpg\" \/>\n\t<meta property=\"og:image:width\" content=\"1000\" \/>\n\t<meta property=\"og:image:height\" content=\"1000\" \/>\n\t<meta property=\"og:image:type\" content=\"image\/jpeg\" \/>\n<meta name=\"author\" content=\"Luzimara Fernandes\" \/>\n<meta name=\"twitter:card\" content=\"summary_large_image\" \/>\n<meta name=\"twitter:label1\" content=\"Escrito por\" \/>\n\t<meta name=\"twitter:data1\" content=\"Luzimara Fernandes\" \/>\n\t<meta name=\"twitter:label2\" content=\"Est. tempo de leitura\" \/>\n\t<meta name=\"twitter:data2\" content=\"1 minuto\" \/>\n<script type=\"application\/ld+json\" class=\"yoast-schema-graph\">{\"@context\":\"https:\/\/schema.org\",\"@graph\":[{\"@type\":\"Article\",\"@id\":\"https:\/\/jornalfatosenoticias.com.br\/index.php\/2024\/09\/26\/artista-terezinha-bilia-e-a-atracao-no-centro-cultural-da-embaixada-do-brasil-na-republica-dominicana\/#article\",\"isPartOf\":{\"@id\":\"https:\/\/jornalfatosenoticias.com.br\/index.php\/2024\/09\/26\/artista-terezinha-bilia-e-a-atracao-no-centro-cultural-da-embaixada-do-brasil-na-republica-dominicana\/\"},\"author\":{\"name\":\"Luzimara Fernandes\",\"@id\":\"https:\/\/jornalfatosenoticias.com.br\/#\/schema\/person\/d63837fa13ac8666eb9e74e0985d6f81\"},\"headline\":\"Artista Terezinha Bilia \u00e9 a atra\u00e7\u00e3o no Centro Cultural da Embaixada do Brasil na Rep\u00fablica Dominicana\",\"datePublished\":\"2024-09-26T22:06:55+00:00\",\"dateModified\":\"2024-09-26T22:06:56+00:00\",\"mainEntityOfPage\":{\"@id\":\"https:\/\/jornalfatosenoticias.com.br\/index.php\/2024\/09\/26\/artista-terezinha-bilia-e-a-atracao-no-centro-cultural-da-embaixada-do-brasil-na-republica-dominicana\/\"},\"wordCount\":236,\"commentCount\":0,\"publisher\":{\"@id\":\"https:\/\/jornalfatosenoticias.com.br\/#organization\"},\"image\":{\"@id\":\"https:\/\/jornalfatosenoticias.com.br\/index.php\/2024\/09\/26\/artista-terezinha-bilia-e-a-atracao-no-centro-cultural-da-embaixada-do-brasil-na-republica-dominicana\/#primaryimage\"},\"thumbnailUrl\":\"https:\/\/jornalfatosenoticias.com.br\/wp-content\/uploads\/2024\/09\/Terezinha-Bilia.jpg\",\"keywords\":[\"artes pl\u00e1sticas\",\"artista pl\u00e1stica\",\"Rep\u00fablica Dominicana\",\"Semana da Cultura Brasileira no Instituto Guimar\u00e3es Rosa\",\"Terezinha Bilia\"],\"articleSection\":[\"Cultura\"],\"inLanguage\":\"pt-BR\",\"potentialAction\":[{\"@type\":\"CommentAction\",\"name\":\"Comment\",\"target\":[\"https:\/\/jornalfatosenoticias.com.br\/index.php\/2024\/09\/26\/artista-terezinha-bilia-e-a-atracao-no-centro-cultural-da-embaixada-do-brasil-na-republica-dominicana\/#respond\"]}]},{\"@type\":\"WebPage\",\"@id\":\"https:\/\/jornalfatosenoticias.com.br\/index.php\/2024\/09\/26\/artista-terezinha-bilia-e-a-atracao-no-centro-cultural-da-embaixada-do-brasil-na-republica-dominicana\/\",\"url\":\"https:\/\/jornalfatosenoticias.com.br\/index.php\/2024\/09\/26\/artista-terezinha-bilia-e-a-atracao-no-centro-cultural-da-embaixada-do-brasil-na-republica-dominicana\/\",\"name\":\"Artista Terezinha Bilia \u00e9 a atra\u00e7\u00e3o no Centro Cultural da Embaixada do Brasil na Rep\u00fablica Dominicana - Jornal Fatos e Not\u00edcias\",\"isPartOf\":{\"@id\":\"https:\/\/jornalfatosenoticias.com.br\/#website\"},\"primaryImageOfPage\":{\"@id\":\"https:\/\/jornalfatosenoticias.com.br\/index.php\/2024\/09\/26\/artista-terezinha-bilia-e-a-atracao-no-centro-cultural-da-embaixada-do-brasil-na-republica-dominicana\/#primaryimage\"},\"image\":{\"@id\":\"https:\/\/jornalfatosenoticias.com.br\/index.php\/2024\/09\/26\/artista-terezinha-bilia-e-a-atracao-no-centro-cultural-da-embaixada-do-brasil-na-republica-dominicana\/#primaryimage\"},\"thumbnailUrl\":\"https:\/\/jornalfatosenoticias.com.br\/wp-content\/uploads\/2024\/09\/Terezinha-Bilia.jpg\",\"datePublished\":\"2024-09-26T22:06:55+00:00\",\"dateModified\":\"2024-09-26T22:06:56+00:00\",\"breadcrumb\":{\"@id\":\"https:\/\/jornalfatosenoticias.com.br\/index.php\/2024\/09\/26\/artista-terezinha-bilia-e-a-atracao-no-centro-cultural-da-embaixada-do-brasil-na-republica-dominicana\/#breadcrumb\"},\"inLanguage\":\"pt-BR\",\"potentialAction\":[{\"@type\":\"ReadAction\",\"target\":[\"https:\/\/jornalfatosenoticias.com.br\/index.php\/2024\/09\/26\/artista-terezinha-bilia-e-a-atracao-no-centro-cultural-da-embaixada-do-brasil-na-republica-dominicana\/\"]}]},{\"@type\":\"ImageObject\",\"inLanguage\":\"pt-BR\",\"@id\":\"https:\/\/jornalfatosenoticias.com.br\/index.php\/2024\/09\/26\/artista-terezinha-bilia-e-a-atracao-no-centro-cultural-da-embaixada-do-brasil-na-republica-dominicana\/#primaryimage\",\"url\":\"https:\/\/jornalfatosenoticias.com.br\/wp-content\/uploads\/2024\/09\/Terezinha-Bilia.jpg\",\"contentUrl\":\"https:\/\/jornalfatosenoticias.com.br\/wp-content\/uploads\/2024\/09\/Terezinha-Bilia.jpg\",\"width\":1000,\"height\":1000},{\"@type\":\"BreadcrumbList\",\"@id\":\"https:\/\/jornalfatosenoticias.com.br\/index.php\/2024\/09\/26\/artista-terezinha-bilia-e-a-atracao-no-centro-cultural-da-embaixada-do-brasil-na-republica-dominicana\/#breadcrumb\",\"itemListElement\":[{\"@type\":\"ListItem\",\"position\":1,\"name\":\"In\u00edcio\",\"item\":\"https:\/\/jornalfatosenoticias.com.br\/\"},{\"@type\":\"ListItem\",\"position\":2,\"name\":\"Artista Terezinha Bilia \u00e9 a atra\u00e7\u00e3o no Centro Cultural da Embaixada do Brasil na Rep\u00fablica Dominicana\"}]},{\"@type\":\"WebSite\",\"@id\":\"https:\/\/jornalfatosenoticias.com.br\/#website\",\"url\":\"https:\/\/jornalfatosenoticias.com.br\/\",\"name\":\"Jornal Fatos e Not\u00edcias\",\"description\":\"Not\u00edcias em geral\",\"publisher\":{\"@id\":\"https:\/\/jornalfatosenoticias.com.br\/#organization\"},\"potentialAction\":[{\"@type\":\"SearchAction\",\"target\":{\"@type\":\"EntryPoint\",\"urlTemplate\":\"https:\/\/jornalfatosenoticias.com.br\/?s={search_term_string}\"},\"query-input\":{\"@type\":\"PropertyValueSpecification\",\"valueRequired\":true,\"valueName\":\"search_term_string\"}}],\"inLanguage\":\"pt-BR\"},{\"@type\":\"Organization\",\"@id\":\"https:\/\/jornalfatosenoticias.com.br\/#organization\",\"name\":\"Jornal Fatos e Not\u00edcias\",\"url\":\"https:\/\/jornalfatosenoticias.com.br\/\",\"logo\":{\"@type\":\"ImageObject\",\"inLanguage\":\"pt-BR\",\"@id\":\"https:\/\/jornalfatosenoticias.com.br\/#\/schema\/logo\/image\/\",\"url\":\"https:\/\/jornalfatosenoticias.com.br\/wp-content\/uploads\/2020\/02\/logo120.png\",\"contentUrl\":\"https:\/\/jornalfatosenoticias.com.br\/wp-content\/uploads\/2020\/02\/logo120.png\",\"width\":1227,\"height\":120,\"caption\":\"Jornal Fatos e Not\u00edcias\"},\"image\":{\"@id\":\"https:\/\/jornalfatosenoticias.com.br\/#\/schema\/logo\/image\/\"}},{\"@type\":\"Person\",\"@id\":\"https:\/\/jornalfatosenoticias.com.br\/#\/schema\/person\/d63837fa13ac8666eb9e74e0985d6f81\",\"name\":\"Luzimara Fernandes\",\"image\":{\"@type\":\"ImageObject\",\"inLanguage\":\"pt-BR\",\"@id\":\"https:\/\/jornalfatosenoticias.com.br\/#\/schema\/person\/image\/\",\"url\":\"https:\/\/jornalfatosenoticias.com.br\/wp-content\/uploads\/2025\/05\/EU_portal.jpg\",\"contentUrl\":\"https:\/\/jornalfatosenoticias.com.br\/wp-content\/uploads\/2025\/05\/EU_portal.jpg\",\"caption\":\"Luzimara Fernandes\"},\"description\":\"Jornalista MTB 2358-ES\",\"sameAs\":[\"https:\/\/jornalfatosenoticias.com.br\"],\"url\":\"https:\/\/jornalfatosenoticias.com.br\/index.php\/author\/luzimara\/\"}]}<\/script>\n<!-- \/ Yoast SEO plugin. -->","yoast_head_json":{"title":"Artista Terezinha Bilia \u00e9 a atra\u00e7\u00e3o no Centro Cultural da Embaixada do Brasil na Rep\u00fablica Dominicana - Jornal Fatos e Not\u00edcias","robots":{"index":"index","follow":"follow","max-snippet":"max-snippet:-1","max-image-preview":"max-image-preview:large","max-video-preview":"max-video-preview:-1"},"canonical":"https:\/\/jornalfatosenoticias.com.br\/index.php\/2024\/09\/26\/artista-terezinha-bilia-e-a-atracao-no-centro-cultural-da-embaixada-do-brasil-na-republica-dominicana\/","og_locale":"pt_BR","og_type":"article","og_title":"Artista Terezinha Bilia \u00e9 a atra\u00e7\u00e3o no Centro Cultural da Embaixada do Brasil na Rep\u00fablica Dominicana - Jornal Fatos e Not\u00edcias","og_description":"Por Buana Lima* Terezinha Bilia, artista pl\u00e1stica que tem a carreira assessorada por Buana Lima, \u00e9 a atra\u00e7\u00e3o na Semana da Cultura Brasileira no Instituto Guimar\u00e3es Rosa, centro cultural da Embaixada do Brasil na Rep\u00fablica Dominicana.Terezinha Bilia \u00e9 de S\u00e3o Jos\u00e9 do Rio Preto, mas j\u00e1 levou a exposi\u00e7\u00e3o Brasil em Sonhos e Lendas para [&hellip;]","og_url":"https:\/\/jornalfatosenoticias.com.br\/index.php\/2024\/09\/26\/artista-terezinha-bilia-e-a-atracao-no-centro-cultural-da-embaixada-do-brasil-na-republica-dominicana\/","og_site_name":"Jornal Fatos e Not\u00edcias","article_published_time":"2024-09-26T22:06:55+00:00","article_modified_time":"2024-09-26T22:06:56+00:00","og_image":[{"width":1000,"height":1000,"url":"https:\/\/jornalfatosenoticias.com.br\/wp-content\/uploads\/2024\/09\/Terezinha-Bilia.jpg","type":"image\/jpeg"}],"author":"Luzimara Fernandes","twitter_card":"summary_large_image","twitter_misc":{"Escrito por":"Luzimara Fernandes","Est. tempo de leitura":"1 minuto"},"schema":{"@context":"https:\/\/schema.org","@graph":[{"@type":"Article","@id":"https:\/\/jornalfatosenoticias.com.br\/index.php\/2024\/09\/26\/artista-terezinha-bilia-e-a-atracao-no-centro-cultural-da-embaixada-do-brasil-na-republica-dominicana\/#article","isPartOf":{"@id":"https:\/\/jornalfatosenoticias.com.br\/index.php\/2024\/09\/26\/artista-terezinha-bilia-e-a-atracao-no-centro-cultural-da-embaixada-do-brasil-na-republica-dominicana\/"},"author":{"name":"Luzimara Fernandes","@id":"https:\/\/jornalfatosenoticias.com.br\/#\/schema\/person\/d63837fa13ac8666eb9e74e0985d6f81"},"headline":"Artista Terezinha Bilia \u00e9 a atra\u00e7\u00e3o no Centro Cultural da Embaixada do Brasil na Rep\u00fablica Dominicana","datePublished":"2024-09-26T22:06:55+00:00","dateModified":"2024-09-26T22:06:56+00:00","mainEntityOfPage":{"@id":"https:\/\/jornalfatosenoticias.com.br\/index.php\/2024\/09\/26\/artista-terezinha-bilia-e-a-atracao-no-centro-cultural-da-embaixada-do-brasil-na-republica-dominicana\/"},"wordCount":236,"commentCount":0,"publisher":{"@id":"https:\/\/jornalfatosenoticias.com.br\/#organization"},"image":{"@id":"https:\/\/jornalfatosenoticias.com.br\/index.php\/2024\/09\/26\/artista-terezinha-bilia-e-a-atracao-no-centro-cultural-da-embaixada-do-brasil-na-republica-dominicana\/#primaryimage"},"thumbnailUrl":"https:\/\/jornalfatosenoticias.com.br\/wp-content\/uploads\/2024\/09\/Terezinha-Bilia.jpg","keywords":["artes pl\u00e1sticas","artista pl\u00e1stica","Rep\u00fablica Dominicana","Semana da Cultura Brasileira no Instituto Guimar\u00e3es Rosa","Terezinha Bilia"],"articleSection":["Cultura"],"inLanguage":"pt-BR","potentialAction":[{"@type":"CommentAction","name":"Comment","target":["https:\/\/jornalfatosenoticias.com.br\/index.php\/2024\/09\/26\/artista-terezinha-bilia-e-a-atracao-no-centro-cultural-da-embaixada-do-brasil-na-republica-dominicana\/#respond"]}]},{"@type":"WebPage","@id":"https:\/\/jornalfatosenoticias.com.br\/index.php\/2024\/09\/26\/artista-terezinha-bilia-e-a-atracao-no-centro-cultural-da-embaixada-do-brasil-na-republica-dominicana\/","url":"https:\/\/jornalfatosenoticias.com.br\/index.php\/2024\/09\/26\/artista-terezinha-bilia-e-a-atracao-no-centro-cultural-da-embaixada-do-brasil-na-republica-dominicana\/","name":"Artista Terezinha Bilia \u00e9 a atra\u00e7\u00e3o no Centro Cultural da Embaixada do Brasil na Rep\u00fablica Dominicana - Jornal Fatos e Not\u00edcias","isPartOf":{"@id":"https:\/\/jornalfatosenoticias.com.br\/#website"},"primaryImageOfPage":{"@id":"https:\/\/jornalfatosenoticias.com.br\/index.php\/2024\/09\/26\/artista-terezinha-bilia-e-a-atracao-no-centro-cultural-da-embaixada-do-brasil-na-republica-dominicana\/#primaryimage"},"image":{"@id":"https:\/\/jornalfatosenoticias.com.br\/index.php\/2024\/09\/26\/artista-terezinha-bilia-e-a-atracao-no-centro-cultural-da-embaixada-do-brasil-na-republica-dominicana\/#primaryimage"},"thumbnailUrl":"https:\/\/jornalfatosenoticias.com.br\/wp-content\/uploads\/2024\/09\/Terezinha-Bilia.jpg","datePublished":"2024-09-26T22:06:55+00:00","dateModified":"2024-09-26T22:06:56+00:00","breadcrumb":{"@id":"https:\/\/jornalfatosenoticias.com.br\/index.php\/2024\/09\/26\/artista-terezinha-bilia-e-a-atracao-no-centro-cultural-da-embaixada-do-brasil-na-republica-dominicana\/#breadcrumb"},"inLanguage":"pt-BR","potentialAction":[{"@type":"ReadAction","target":["https:\/\/jornalfatosenoticias.com.br\/index.php\/2024\/09\/26\/artista-terezinha-bilia-e-a-atracao-no-centro-cultural-da-embaixada-do-brasil-na-republica-dominicana\/"]}]},{"@type":"ImageObject","inLanguage":"pt-BR","@id":"https:\/\/jornalfatosenoticias.com.br\/index.php\/2024\/09\/26\/artista-terezinha-bilia-e-a-atracao-no-centro-cultural-da-embaixada-do-brasil-na-republica-dominicana\/#primaryimage","url":"https:\/\/jornalfatosenoticias.com.br\/wp-content\/uploads\/2024\/09\/Terezinha-Bilia.jpg","contentUrl":"https:\/\/jornalfatosenoticias.com.br\/wp-content\/uploads\/2024\/09\/Terezinha-Bilia.jpg","width":1000,"height":1000},{"@type":"BreadcrumbList","@id":"https:\/\/jornalfatosenoticias.com.br\/index.php\/2024\/09\/26\/artista-terezinha-bilia-e-a-atracao-no-centro-cultural-da-embaixada-do-brasil-na-republica-dominicana\/#breadcrumb","itemListElement":[{"@type":"ListItem","position":1,"name":"In\u00edcio","item":"https:\/\/jornalfatosenoticias.com.br\/"},{"@type":"ListItem","position":2,"name":"Artista Terezinha Bilia \u00e9 a atra\u00e7\u00e3o no Centro Cultural da Embaixada do Brasil na Rep\u00fablica Dominicana"}]},{"@type":"WebSite","@id":"https:\/\/jornalfatosenoticias.com.br\/#website","url":"https:\/\/jornalfatosenoticias.com.br\/","name":"Jornal Fatos e Not\u00edcias","description":"Not\u00edcias em geral","publisher":{"@id":"https:\/\/jornalfatosenoticias.com.br\/#organization"},"potentialAction":[{"@type":"SearchAction","target":{"@type":"EntryPoint","urlTemplate":"https:\/\/jornalfatosenoticias.com.br\/?s={search_term_string}"},"query-input":{"@type":"PropertyValueSpecification","valueRequired":true,"valueName":"search_term_string"}}],"inLanguage":"pt-BR"},{"@type":"Organization","@id":"https:\/\/jornalfatosenoticias.com.br\/#organization","name":"Jornal Fatos e Not\u00edcias","url":"https:\/\/jornalfatosenoticias.com.br\/","logo":{"@type":"ImageObject","inLanguage":"pt-BR","@id":"https:\/\/jornalfatosenoticias.com.br\/#\/schema\/logo\/image\/","url":"https:\/\/jornalfatosenoticias.com.br\/wp-content\/uploads\/2020\/02\/logo120.png","contentUrl":"https:\/\/jornalfatosenoticias.com.br\/wp-content\/uploads\/2020\/02\/logo120.png","width":1227,"height":120,"caption":"Jornal Fatos e Not\u00edcias"},"image":{"@id":"https:\/\/jornalfatosenoticias.com.br\/#\/schema\/logo\/image\/"}},{"@type":"Person","@id":"https:\/\/jornalfatosenoticias.com.br\/#\/schema\/person\/d63837fa13ac8666eb9e74e0985d6f81","name":"Luzimara Fernandes","image":{"@type":"ImageObject","inLanguage":"pt-BR","@id":"https:\/\/jornalfatosenoticias.com.br\/#\/schema\/person\/image\/","url":"https:\/\/jornalfatosenoticias.com.br\/wp-content\/uploads\/2025\/05\/EU_portal.jpg","contentUrl":"https:\/\/jornalfatosenoticias.com.br\/wp-content\/uploads\/2025\/05\/EU_portal.jpg","caption":"Luzimara Fernandes"},"description":"Jornalista MTB 2358-ES","sameAs":["https:\/\/jornalfatosenoticias.com.br"],"url":"https:\/\/jornalfatosenoticias.com.br\/index.php\/author\/luzimara\/"}]}},"cc_featured_image_caption":{"caption_text":"(Foto: Divulga\u00e7\u00e3o)","source_text":"","source_url":""},"jetpack_featured_media_url":"https:\/\/jornalfatosenoticias.com.br\/wp-content\/uploads\/2024\/09\/Terezinha-Bilia.jpg","_links":{"self":[{"href":"https:\/\/jornalfatosenoticias.com.br\/index.php\/wp-json\/wp\/v2\/posts\/54503","targetHints":{"allow":["GET"]}}],"collection":[{"href":"https:\/\/jornalfatosenoticias.com.br\/index.php\/wp-json\/wp\/v2\/posts"}],"about":[{"href":"https:\/\/jornalfatosenoticias.com.br\/index.php\/wp-json\/wp\/v2\/types\/post"}],"author":[{"embeddable":true,"href":"https:\/\/jornalfatosenoticias.com.br\/index.php\/wp-json\/wp\/v2\/users\/2"}],"replies":[{"embeddable":true,"href":"https:\/\/jornalfatosenoticias.com.br\/index.php\/wp-json\/wp\/v2\/comments?post=54503"}],"version-history":[{"count":0,"href":"https:\/\/jornalfatosenoticias.com.br\/index.php\/wp-json\/wp\/v2\/posts\/54503\/revisions"}],"wp:featuredmedia":[{"embeddable":true,"href":"https:\/\/jornalfatosenoticias.com.br\/index.php\/wp-json\/wp\/v2\/media\/54504"}],"wp:attachment":[{"href":"https:\/\/jornalfatosenoticias.com.br\/index.php\/wp-json\/wp\/v2\/media?parent=54503"}],"wp:term":[{"taxonomy":"category","embeddable":true,"href":"https:\/\/jornalfatosenoticias.com.br\/index.php\/wp-json\/wp\/v2\/categories?post=54503"},{"taxonomy":"post_tag","embeddable":true,"href":"https:\/\/jornalfatosenoticias.com.br\/index.php\/wp-json\/wp\/v2\/tags?post=54503"}],"curies":[{"name":"wp","href":"https:\/\/api.w.org\/{rel}","templated":true}]}}