{"id":54539,"date":"2024-09-30T09:38:50","date_gmt":"2024-09-30T12:38:50","guid":{"rendered":"https:\/\/jornalfatosenoticias.com.br\/?p=54539"},"modified":"2024-09-30T09:38:51","modified_gmt":"2024-09-30T12:38:51","slug":"ate-2045-seu-cerebro-tera-conexao-com-a-internet-diz-cientista-futurista","status":"publish","type":"post","link":"https:\/\/jornalfatosenoticias.com.br\/index.php\/2024\/09\/30\/ate-2045-seu-cerebro-tera-conexao-com-a-internet-diz-cientista-futurista\/","title":{"rendered":"At\u00e9 2045, seu c\u00e9rebro ter\u00e1 conex\u00e3o com a internet, diz cientista futurista"},"content":{"rendered":"\n<p><em><span class=\"has-inline-color has-black-color\">Cientista da computa\u00e7\u00e3o acredita que o c\u00e9rebro humano poder\u00e1 atingir outro patamar com a nanotecnologia<\/span><\/em><\/p>\n\n\n\n<p><span class=\"has-inline-color has-black-color\">Por <strong><a href=\"https:\/\/gizmodo.uol.com.br\/author\/vinicius-silva\/\">Vinicius Marques<\/a><\/strong><\/span><\/p>\n\n\n\n<div class=\"wp-block-image\"><figure class=\"aligncenter size-large is-resized\"><a href=\"https:\/\/www.facebook.com\/vetor.vix\/\"><img loading=\"lazy\" decoding=\"async\" src=\"https:\/\/jornalfatosenoticias.com.br\/wp-content\/uploads\/2023\/09\/vetorvix1024_1.jpg\" alt=\"\" class=\"wp-image-44868\" width=\"592\" height=\"157\" srcset=\"https:\/\/jornalfatosenoticias.com.br\/wp-content\/uploads\/2023\/09\/vetorvix1024_1.jpg 1024w, https:\/\/jornalfatosenoticias.com.br\/wp-content\/uploads\/2023\/09\/vetorvix1024_1-300x80.jpg 300w, https:\/\/jornalfatosenoticias.com.br\/wp-content\/uploads\/2023\/09\/vetorvix1024_1-768x205.jpg 768w\" sizes=\"auto, (max-width: 592px) 100vw, 592px\" \/><\/a><\/figure><\/div>\n\n\n\n<p>Muitos pesquisadores ao redor do mundo se concentram em desvendar os segredos do c\u00e9rebro humano. Al\u00e9m de estudos a respeito do funcionamento do \u00f3rg\u00e3o, alguns cientistas buscam maneiras de expandir suas capacidades para, dessa forma, levar a humanidade a um n\u00edvel completamente novo.<br>O centro do nosso sistema nervoso funciona de maneira extremamente complexa e conta com 86 bilh\u00f5es de neur\u00f4nios ligados por mais de mil conex\u00f5es sin\u00e1pticas. No entanto, para o cientista da computa\u00e7\u00e3o, Ray Kurzweil, o c\u00e9rebro ainda n\u00e3o atingiu todo o seu potencial.<\/p>\n\n\n\n<div class=\"wp-block-image\"><figure class=\"aligncenter size-large is-resized\"><a href=\"https:\/\/www.facebook.com\/postobkr\/?locale=pt_BR\"><img loading=\"lazy\" decoding=\"async\" src=\"https:\/\/jornalfatosenoticias.com.br\/wp-content\/uploads\/2023\/08\/BKR-1024x1021.jpg\" alt=\"\" class=\"wp-image-44494\" width=\"325\" height=\"324\" srcset=\"https:\/\/jornalfatosenoticias.com.br\/wp-content\/uploads\/2023\/08\/BKR-1024x1021.jpg 1024w, https:\/\/jornalfatosenoticias.com.br\/wp-content\/uploads\/2023\/08\/BKR-300x300.jpg 300w, https:\/\/jornalfatosenoticias.com.br\/wp-content\/uploads\/2023\/08\/BKR-150x150.jpg 150w, https:\/\/jornalfatosenoticias.com.br\/wp-content\/uploads\/2023\/08\/BKR-768x766.jpg 768w, https:\/\/jornalfatosenoticias.com.br\/wp-content\/uploads\/2023\/08\/BKR.jpg 1080w\" sizes=\"auto, (max-width: 325px) 100vw, 325px\" \/><\/a><\/figure><\/div>\n\n\n\n<p>Segundo o pesquisador, o \u00f3rg\u00e3o pode atingir um novo n\u00edvel evolutivo atrav\u00e9s do poder da tecnologia: com a implementa\u00e7\u00e3o de uma interface artificial. A t\u00e9cnica, que mais parece ter sa\u00eddo de filmes de fic\u00e7\u00e3o cient\u00edfica, consiste em implantes de dispositivos tecnol\u00f3gicos para tornar o \u00f3rg\u00e3o apto a acessar os 147 zettabytes de dados dispon\u00edveis na internet.<\/p>\n\n\n\n<div class=\"wp-block-image\"><figure class=\"aligncenter size-large is-resized\"><a href=\"https:\/\/www.controlsystems.com.br\/\"><img loading=\"lazy\" decoding=\"async\" src=\"https:\/\/jornalfatosenoticias.com.br\/wp-content\/uploads\/2020\/02\/CONTROL-CS.jpg\" alt=\"\" class=\"wp-image-44991\" width=\"308\" height=\"369\" srcset=\"https:\/\/jornalfatosenoticias.com.br\/wp-content\/uploads\/2020\/02\/CONTROL-CS.jpg 834w, https:\/\/jornalfatosenoticias.com.br\/wp-content\/uploads\/2020\/02\/CONTROL-CS-250x300.jpg 250w, https:\/\/jornalfatosenoticias.com.br\/wp-content\/uploads\/2020\/02\/CONTROL-CS-768x921.jpg 768w\" sizes=\"auto, (max-width: 308px) 100vw, 308px\" \/><\/a><\/figure><\/div>\n\n\n\n<p>Kurzweil acredita que a integra\u00e7\u00e3o do c\u00e9rebro com a tecnologia poderia ser muito ben\u00e9fica para a humanidade. Um dos principais ganhos s\u00e9ria o acesso \u00e0s informa\u00e7\u00f5es dispon\u00edveis na internet de maneira instant\u00e2nea. Isso poderia transformar completamente a forma como as pessoas adquirem e s\u00e3o expostas ao conhecimento.<\/p>\n\n\n\n<div class=\"wp-block-image\"><figure class=\"aligncenter size-large is-resized\"><a href=\"https:\/\/www.ithbrasil.com.br\/\"><img loading=\"lazy\" decoding=\"async\" src=\"https:\/\/jornalfatosenoticias.com.br\/wp-content\/uploads\/2023\/08\/ITH.jpeg\" alt=\"\" class=\"wp-image-44638\" width=\"309\" height=\"251\" srcset=\"https:\/\/jornalfatosenoticias.com.br\/wp-content\/uploads\/2023\/08\/ITH.jpeg 800w, https:\/\/jornalfatosenoticias.com.br\/wp-content\/uploads\/2023\/08\/ITH-300x244.jpeg 300w, https:\/\/jornalfatosenoticias.com.br\/wp-content\/uploads\/2023\/08\/ITH-768x624.jpeg 768w\" sizes=\"auto, (max-width: 309px) 100vw, 309px\" \/><\/a><\/figure><\/div>\n\n\n\n<p>O cientista ainda projeta que apenas uma polegada de nanotubos \u00e9 capaz de tornar a mente humana \u201ccem milh\u00f5es de vezes mais poderosa\u201d. Ele ainda acredita que a humanidade pode chegar em um est\u00e1gio, onde todas as pessoas estar\u00e3o, de certa forma, interconectadas em um tipo de \u201csuperc\u00e9rebro\u201d. Neste ponto, a esp\u00e9cie poderia eliminar todas as diferen\u00e7as e, finalmente, passar a se entender melhor.<\/p>\n\n\n\n<div class=\"wp-block-image\"><figure class=\"aligncenter size-large is-resized\"><a href=\"https:\/\/hotelmarquetti.com.br\/\"><img loading=\"lazy\" decoding=\"async\" src=\"https:\/\/jornalfatosenoticias.com.br\/wp-content\/uploads\/2023\/03\/nova-logo-Marquetti.jpg\" alt=\"\" class=\"wp-image-40207\" width=\"360\" height=\"242\" srcset=\"https:\/\/jornalfatosenoticias.com.br\/wp-content\/uploads\/2023\/03\/nova-logo-Marquetti.jpg 643w, https:\/\/jornalfatosenoticias.com.br\/wp-content\/uploads\/2023\/03\/nova-logo-Marquetti-300x202.jpg 300w\" sizes=\"auto, (max-width: 360px) 100vw, 360px\" \/><\/a><\/figure><\/div>\n\n\n\n<p><strong><span class=\"has-inline-color has-black-color\">Nanotecnologia<br><\/span><\/strong>Para atingir este est\u00e1gio, os pesquisadores querem usar nanorrob\u00f4s para construir esta interface artificial conectada ao c\u00e9rebro. Sua utiliza\u00e7\u00e3o, no entanto, pode esbarrar em obst\u00e1culos regulat\u00f3rios e preocupa\u00e7\u00f5es com rela\u00e7\u00e3o ao impacto na sa\u00fade das pessoas.<\/p>\n\n\n\n<div class=\"wp-block-image\"><figure class=\"aligncenter size-large is-resized\"><a href=\"https:\/\/www.instagram.com\/serra4x4cambioautomatico\/\"><img loading=\"lazy\" decoding=\"async\" src=\"https:\/\/jornalfatosenoticias.com.br\/wp-content\/uploads\/2024\/08\/Serra-4x4-1-886x1024.jpg\" alt=\"\" class=\"wp-image-53632\" width=\"294\" height=\"340\" srcset=\"https:\/\/jornalfatosenoticias.com.br\/wp-content\/uploads\/2024\/08\/Serra-4x4-1-886x1024.jpg 886w, https:\/\/jornalfatosenoticias.com.br\/wp-content\/uploads\/2024\/08\/Serra-4x4-1-260x300.jpg 260w, https:\/\/jornalfatosenoticias.com.br\/wp-content\/uploads\/2024\/08\/Serra-4x4-1-768x888.jpg 768w, https:\/\/jornalfatosenoticias.com.br\/wp-content\/uploads\/2024\/08\/Serra-4x4-1.jpg 1181w\" sizes=\"auto, (max-width: 294px) 100vw, 294px\" \/><\/a><\/figure><\/div>\n\n\n\n<p>Assim como acontece com os implantes cerebrais de empresas como Neuralink, por exemplo, mesmo com os potenciais benef\u00edcios da tecnologia, as autoridades de sanit\u00e1rias fazem jogo duro para liberar a ampla utiliza\u00e7\u00e3o. O uso dos nanorrob\u00f4s no c\u00e9rebro vem sendo objeto de estudos de muitos especialistas. No entanto, a implementa\u00e7\u00e3o \u00e9 muito mais complexa que o uso de microchips, pois consiste em uma unidade dentro de cada c\u00e9lula.<\/p>\n\n\n\n<div class=\"wp-block-image\"><figure class=\"aligncenter size-large\"><a href=\"http:\/\/www.ferrarimaquinas.com.br\/\"><img loading=\"lazy\" decoding=\"async\" width=\"300\" height=\"250\" src=\"https:\/\/jornalfatosenoticias.com.br\/wp-content\/uploads\/2022\/02\/FERRARI_MAQUINAS-E-FERRAMENTAS2.jpg\" alt=\"\" class=\"wp-image-27860\"\/><\/a><\/figure><\/div>\n\n\n\n<p>Nuno Martins, pesquisador com um dos trabalhos mais reconhecidos no campo, sustenta que, considerando o r\u00e1pido desenvolvimento tecnol\u00f3gico dos \u00faltimos anos, a integra\u00e7\u00e3o de nanotecnologia ao c\u00e9rebro est\u00e1 seguindo um caminho bastante promissor. Por sua vez, Kurzweil acredita que, dado ao ritmo de evolu\u00e7\u00e3o das tecnologias, ser\u00e1 poss\u00edvel colocar a t\u00e9cnica em pr\u00e1tica para expandir os limites do c\u00e9rebro humano j\u00e1 em 2045.<\/p>\n\n\n\n<div class=\"wp-block-image\"><figure class=\"aligncenter size-large is-resized\"><a href=\"https:\/\/www.instagram.com\/ligadossaborespizzaria\/\"><img loading=\"lazy\" decoding=\"async\" src=\"https:\/\/jornalfatosenoticias.com.br\/wp-content\/uploads\/2024\/09\/WhatsApp-Image-2024-09-14-at-22.46.10-819x1024.jpeg\" alt=\"\" class=\"wp-image-54180\" width=\"309\" height=\"387\" srcset=\"https:\/\/jornalfatosenoticias.com.br\/wp-content\/uploads\/2024\/09\/WhatsApp-Image-2024-09-14-at-22.46.10-819x1024.jpeg 819w, https:\/\/jornalfatosenoticias.com.br\/wp-content\/uploads\/2024\/09\/WhatsApp-Image-2024-09-14-at-22.46.10-240x300.jpeg 240w, https:\/\/jornalfatosenoticias.com.br\/wp-content\/uploads\/2024\/09\/WhatsApp-Image-2024-09-14-at-22.46.10-768x960.jpeg 768w, https:\/\/jornalfatosenoticias.com.br\/wp-content\/uploads\/2024\/09\/WhatsApp-Image-2024-09-14-at-22.46.10.jpeg 1024w\" sizes=\"auto, (max-width: 309px) 100vw, 309px\" \/><\/a><\/figure><\/div>\n\n\n\n<p><strong><span class=\"has-inline-color has-black-color\"><em>Fonte: <a href=\"https:\/\/gizmodo.uol.com.br\/ate-2045-seu-cerebro-tera-conexao-com-a-internet-diz-cientista-futurista\/\">Giz Brasil<\/a><\/em><\/span><\/strong><\/p>\n","protected":false},"excerpt":{"rendered":"<p>Cientista da computa\u00e7\u00e3o acredita que o c\u00e9rebro humano poder\u00e1 atingir outro patamar com a nanotecnologia Por Vinicius Marques Muitos pesquisadores ao redor do mundo se concentram em desvendar os segredos do c\u00e9rebro humano. Al\u00e9m de estudos a respeito do funcionamento do \u00f3rg\u00e3o, alguns cientistas buscam maneiras de expandir suas capacidades para, dessa forma, levar a [&hellip;]<\/p>\n","protected":false},"author":2,"featured_media":54540,"comment_status":"open","ping_status":"open","sticky":false,"template":"","format":"standard","meta":{"footnotes":""},"categories":[3],"tags":[2336,2059,3387,18755,4926,22130],"class_list":["post-54539","post","type-post","status-publish","format-standard","has-post-thumbnail","hentry","category-tecnologia","tag-cerebro","tag-cerebro-humano","tag-comunicacao","tag-nanorrobos","tag-nanotecnologia","tag-neurologia"],"yoast_head":"<!-- This site is optimized with the Yoast SEO plugin v26.5 - https:\/\/yoast.com\/wordpress\/plugins\/seo\/ -->\n<title>At\u00e9 2045, seu c\u00e9rebro ter\u00e1 conex\u00e3o com a internet, diz cientista futurista - Jornal Fatos e Not\u00edcias<\/title>\n<meta name=\"robots\" content=\"index, follow, max-snippet:-1, max-image-preview:large, max-video-preview:-1\" \/>\n<link rel=\"canonical\" href=\"https:\/\/jornalfatosenoticias.com.br\/index.php\/2024\/09\/30\/ate-2045-seu-cerebro-tera-conexao-com-a-internet-diz-cientista-futurista\/\" \/>\n<meta property=\"og:locale\" content=\"pt_BR\" \/>\n<meta property=\"og:type\" content=\"article\" \/>\n<meta property=\"og:title\" content=\"At\u00e9 2045, seu c\u00e9rebro ter\u00e1 conex\u00e3o com a internet, diz cientista futurista - Jornal Fatos e Not\u00edcias\" \/>\n<meta property=\"og:description\" content=\"Cientista da computa\u00e7\u00e3o acredita que o c\u00e9rebro humano poder\u00e1 atingir outro patamar com a nanotecnologia Por Vinicius Marques Muitos pesquisadores ao redor do mundo se concentram em desvendar os segredos do c\u00e9rebro humano. Al\u00e9m de estudos a respeito do funcionamento do \u00f3rg\u00e3o, alguns cientistas buscam maneiras de expandir suas capacidades para, dessa forma, levar a [&hellip;]\" \/>\n<meta property=\"og:url\" content=\"https:\/\/jornalfatosenoticias.com.br\/index.php\/2024\/09\/30\/ate-2045-seu-cerebro-tera-conexao-com-a-internet-diz-cientista-futurista\/\" \/>\n<meta property=\"og:site_name\" content=\"Jornal Fatos e Not\u00edcias\" \/>\n<meta property=\"article:published_time\" content=\"2024-09-30T12:38:50+00:00\" \/>\n<meta property=\"article:modified_time\" content=\"2024-09-30T12:38:51+00:00\" \/>\n<meta property=\"og:image\" content=\"https:\/\/jornalfatosenoticias.com.br\/wp-content\/uploads\/2024\/09\/cerebro-conexao-internet_istock.jpg\" \/>\n\t<meta property=\"og:image:width\" content=\"612\" \/>\n\t<meta property=\"og:image:height\" content=\"350\" \/>\n\t<meta property=\"og:image:type\" content=\"image\/jpeg\" \/>\n<meta name=\"author\" content=\"Luzimara Fernandes\" \/>\n<meta name=\"twitter:card\" content=\"summary_large_image\" \/>\n<meta name=\"twitter:label1\" content=\"Escrito por\" \/>\n\t<meta name=\"twitter:data1\" content=\"Luzimara Fernandes\" \/>\n\t<meta name=\"twitter:label2\" content=\"Est. tempo de leitura\" \/>\n\t<meta name=\"twitter:data2\" content=\"2 minutos\" \/>\n<script type=\"application\/ld+json\" class=\"yoast-schema-graph\">{\"@context\":\"https:\/\/schema.org\",\"@graph\":[{\"@type\":\"Article\",\"@id\":\"https:\/\/jornalfatosenoticias.com.br\/index.php\/2024\/09\/30\/ate-2045-seu-cerebro-tera-conexao-com-a-internet-diz-cientista-futurista\/#article\",\"isPartOf\":{\"@id\":\"https:\/\/jornalfatosenoticias.com.br\/index.php\/2024\/09\/30\/ate-2045-seu-cerebro-tera-conexao-com-a-internet-diz-cientista-futurista\/\"},\"author\":{\"name\":\"Luzimara Fernandes\",\"@id\":\"https:\/\/jornalfatosenoticias.com.br\/#\/schema\/person\/d63837fa13ac8666eb9e74e0985d6f81\"},\"headline\":\"At\u00e9 2045, seu c\u00e9rebro ter\u00e1 conex\u00e3o com a internet, diz cientista futurista\",\"datePublished\":\"2024-09-30T12:38:50+00:00\",\"dateModified\":\"2024-09-30T12:38:51+00:00\",\"mainEntityOfPage\":{\"@id\":\"https:\/\/jornalfatosenoticias.com.br\/index.php\/2024\/09\/30\/ate-2045-seu-cerebro-tera-conexao-com-a-internet-diz-cientista-futurista\/\"},\"wordCount\":513,\"commentCount\":0,\"publisher\":{\"@id\":\"https:\/\/jornalfatosenoticias.com.br\/#organization\"},\"image\":{\"@id\":\"https:\/\/jornalfatosenoticias.com.br\/index.php\/2024\/09\/30\/ate-2045-seu-cerebro-tera-conexao-com-a-internet-diz-cientista-futurista\/#primaryimage\"},\"thumbnailUrl\":\"https:\/\/jornalfatosenoticias.com.br\/wp-content\/uploads\/2024\/09\/cerebro-conexao-internet_istock.jpg\",\"keywords\":[\"c\u00e9rebro\",\"c\u00e9rebro humano\",\"comunica\u00e7\u00e3o\",\"nanorrob\u00f4s\",\"nanotecnologia\",\"neurologia\"],\"articleSection\":[\"Tecnologia &amp; Inova\u00e7\u00e3o\"],\"inLanguage\":\"pt-BR\",\"potentialAction\":[{\"@type\":\"CommentAction\",\"name\":\"Comment\",\"target\":[\"https:\/\/jornalfatosenoticias.com.br\/index.php\/2024\/09\/30\/ate-2045-seu-cerebro-tera-conexao-com-a-internet-diz-cientista-futurista\/#respond\"]}]},{\"@type\":\"WebPage\",\"@id\":\"https:\/\/jornalfatosenoticias.com.br\/index.php\/2024\/09\/30\/ate-2045-seu-cerebro-tera-conexao-com-a-internet-diz-cientista-futurista\/\",\"url\":\"https:\/\/jornalfatosenoticias.com.br\/index.php\/2024\/09\/30\/ate-2045-seu-cerebro-tera-conexao-com-a-internet-diz-cientista-futurista\/\",\"name\":\"At\u00e9 2045, seu c\u00e9rebro ter\u00e1 conex\u00e3o com a internet, diz cientista futurista - Jornal Fatos e Not\u00edcias\",\"isPartOf\":{\"@id\":\"https:\/\/jornalfatosenoticias.com.br\/#website\"},\"primaryImageOfPage\":{\"@id\":\"https:\/\/jornalfatosenoticias.com.br\/index.php\/2024\/09\/30\/ate-2045-seu-cerebro-tera-conexao-com-a-internet-diz-cientista-futurista\/#primaryimage\"},\"image\":{\"@id\":\"https:\/\/jornalfatosenoticias.com.br\/index.php\/2024\/09\/30\/ate-2045-seu-cerebro-tera-conexao-com-a-internet-diz-cientista-futurista\/#primaryimage\"},\"thumbnailUrl\":\"https:\/\/jornalfatosenoticias.com.br\/wp-content\/uploads\/2024\/09\/cerebro-conexao-internet_istock.jpg\",\"datePublished\":\"2024-09-30T12:38:50+00:00\",\"dateModified\":\"2024-09-30T12:38:51+00:00\",\"breadcrumb\":{\"@id\":\"https:\/\/jornalfatosenoticias.com.br\/index.php\/2024\/09\/30\/ate-2045-seu-cerebro-tera-conexao-com-a-internet-diz-cientista-futurista\/#breadcrumb\"},\"inLanguage\":\"pt-BR\",\"potentialAction\":[{\"@type\":\"ReadAction\",\"target\":[\"https:\/\/jornalfatosenoticias.com.br\/index.php\/2024\/09\/30\/ate-2045-seu-cerebro-tera-conexao-com-a-internet-diz-cientista-futurista\/\"]}]},{\"@type\":\"ImageObject\",\"inLanguage\":\"pt-BR\",\"@id\":\"https:\/\/jornalfatosenoticias.com.br\/index.php\/2024\/09\/30\/ate-2045-seu-cerebro-tera-conexao-com-a-internet-diz-cientista-futurista\/#primaryimage\",\"url\":\"https:\/\/jornalfatosenoticias.com.br\/wp-content\/uploads\/2024\/09\/cerebro-conexao-internet_istock.jpg\",\"contentUrl\":\"https:\/\/jornalfatosenoticias.com.br\/wp-content\/uploads\/2024\/09\/cerebro-conexao-internet_istock.jpg\",\"width\":612,\"height\":350,\"caption\":\"AI concept. 3D render\"},{\"@type\":\"BreadcrumbList\",\"@id\":\"https:\/\/jornalfatosenoticias.com.br\/index.php\/2024\/09\/30\/ate-2045-seu-cerebro-tera-conexao-com-a-internet-diz-cientista-futurista\/#breadcrumb\",\"itemListElement\":[{\"@type\":\"ListItem\",\"position\":1,\"name\":\"In\u00edcio\",\"item\":\"https:\/\/jornalfatosenoticias.com.br\/\"},{\"@type\":\"ListItem\",\"position\":2,\"name\":\"At\u00e9 2045, seu c\u00e9rebro ter\u00e1 conex\u00e3o com a internet, diz cientista futurista\"}]},{\"@type\":\"WebSite\",\"@id\":\"https:\/\/jornalfatosenoticias.com.br\/#website\",\"url\":\"https:\/\/jornalfatosenoticias.com.br\/\",\"name\":\"Jornal Fatos e Not\u00edcias\",\"description\":\"Not\u00edcias em geral\",\"publisher\":{\"@id\":\"https:\/\/jornalfatosenoticias.com.br\/#organization\"},\"potentialAction\":[{\"@type\":\"SearchAction\",\"target\":{\"@type\":\"EntryPoint\",\"urlTemplate\":\"https:\/\/jornalfatosenoticias.com.br\/?s={search_term_string}\"},\"query-input\":{\"@type\":\"PropertyValueSpecification\",\"valueRequired\":true,\"valueName\":\"search_term_string\"}}],\"inLanguage\":\"pt-BR\"},{\"@type\":\"Organization\",\"@id\":\"https:\/\/jornalfatosenoticias.com.br\/#organization\",\"name\":\"Jornal Fatos e Not\u00edcias\",\"url\":\"https:\/\/jornalfatosenoticias.com.br\/\",\"logo\":{\"@type\":\"ImageObject\",\"inLanguage\":\"pt-BR\",\"@id\":\"https:\/\/jornalfatosenoticias.com.br\/#\/schema\/logo\/image\/\",\"url\":\"https:\/\/jornalfatosenoticias.com.br\/wp-content\/uploads\/2020\/02\/logo120.png\",\"contentUrl\":\"https:\/\/jornalfatosenoticias.com.br\/wp-content\/uploads\/2020\/02\/logo120.png\",\"width\":1227,\"height\":120,\"caption\":\"Jornal Fatos e Not\u00edcias\"},\"image\":{\"@id\":\"https:\/\/jornalfatosenoticias.com.br\/#\/schema\/logo\/image\/\"}},{\"@type\":\"Person\",\"@id\":\"https:\/\/jornalfatosenoticias.com.br\/#\/schema\/person\/d63837fa13ac8666eb9e74e0985d6f81\",\"name\":\"Luzimara Fernandes\",\"image\":{\"@type\":\"ImageObject\",\"inLanguage\":\"pt-BR\",\"@id\":\"https:\/\/jornalfatosenoticias.com.br\/#\/schema\/person\/image\/\",\"url\":\"https:\/\/jornalfatosenoticias.com.br\/wp-content\/uploads\/2025\/05\/EU_portal.jpg\",\"contentUrl\":\"https:\/\/jornalfatosenoticias.com.br\/wp-content\/uploads\/2025\/05\/EU_portal.jpg\",\"caption\":\"Luzimara Fernandes\"},\"description\":\"Jornalista MTB 2358-ES\",\"sameAs\":[\"https:\/\/jornalfatosenoticias.com.br\"],\"url\":\"https:\/\/jornalfatosenoticias.com.br\/index.php\/author\/luzimara\/\"}]}<\/script>\n<!-- \/ Yoast SEO plugin. -->","yoast_head_json":{"title":"At\u00e9 2045, seu c\u00e9rebro ter\u00e1 conex\u00e3o com a internet, diz cientista futurista - Jornal Fatos e Not\u00edcias","robots":{"index":"index","follow":"follow","max-snippet":"max-snippet:-1","max-image-preview":"max-image-preview:large","max-video-preview":"max-video-preview:-1"},"canonical":"https:\/\/jornalfatosenoticias.com.br\/index.php\/2024\/09\/30\/ate-2045-seu-cerebro-tera-conexao-com-a-internet-diz-cientista-futurista\/","og_locale":"pt_BR","og_type":"article","og_title":"At\u00e9 2045, seu c\u00e9rebro ter\u00e1 conex\u00e3o com a internet, diz cientista futurista - Jornal Fatos e Not\u00edcias","og_description":"Cientista da computa\u00e7\u00e3o acredita que o c\u00e9rebro humano poder\u00e1 atingir outro patamar com a nanotecnologia Por Vinicius Marques Muitos pesquisadores ao redor do mundo se concentram em desvendar os segredos do c\u00e9rebro humano. Al\u00e9m de estudos a respeito do funcionamento do \u00f3rg\u00e3o, alguns cientistas buscam maneiras de expandir suas capacidades para, dessa forma, levar a [&hellip;]","og_url":"https:\/\/jornalfatosenoticias.com.br\/index.php\/2024\/09\/30\/ate-2045-seu-cerebro-tera-conexao-com-a-internet-diz-cientista-futurista\/","og_site_name":"Jornal Fatos e Not\u00edcias","article_published_time":"2024-09-30T12:38:50+00:00","article_modified_time":"2024-09-30T12:38:51+00:00","og_image":[{"width":612,"height":350,"url":"https:\/\/jornalfatosenoticias.com.br\/wp-content\/uploads\/2024\/09\/cerebro-conexao-internet_istock.jpg","type":"image\/jpeg"}],"author":"Luzimara Fernandes","twitter_card":"summary_large_image","twitter_misc":{"Escrito por":"Luzimara Fernandes","Est. tempo de leitura":"2 minutos"},"schema":{"@context":"https:\/\/schema.org","@graph":[{"@type":"Article","@id":"https:\/\/jornalfatosenoticias.com.br\/index.php\/2024\/09\/30\/ate-2045-seu-cerebro-tera-conexao-com-a-internet-diz-cientista-futurista\/#article","isPartOf":{"@id":"https:\/\/jornalfatosenoticias.com.br\/index.php\/2024\/09\/30\/ate-2045-seu-cerebro-tera-conexao-com-a-internet-diz-cientista-futurista\/"},"author":{"name":"Luzimara Fernandes","@id":"https:\/\/jornalfatosenoticias.com.br\/#\/schema\/person\/d63837fa13ac8666eb9e74e0985d6f81"},"headline":"At\u00e9 2045, seu c\u00e9rebro ter\u00e1 conex\u00e3o com a internet, diz cientista futurista","datePublished":"2024-09-30T12:38:50+00:00","dateModified":"2024-09-30T12:38:51+00:00","mainEntityOfPage":{"@id":"https:\/\/jornalfatosenoticias.com.br\/index.php\/2024\/09\/30\/ate-2045-seu-cerebro-tera-conexao-com-a-internet-diz-cientista-futurista\/"},"wordCount":513,"commentCount":0,"publisher":{"@id":"https:\/\/jornalfatosenoticias.com.br\/#organization"},"image":{"@id":"https:\/\/jornalfatosenoticias.com.br\/index.php\/2024\/09\/30\/ate-2045-seu-cerebro-tera-conexao-com-a-internet-diz-cientista-futurista\/#primaryimage"},"thumbnailUrl":"https:\/\/jornalfatosenoticias.com.br\/wp-content\/uploads\/2024\/09\/cerebro-conexao-internet_istock.jpg","keywords":["c\u00e9rebro","c\u00e9rebro humano","comunica\u00e7\u00e3o","nanorrob\u00f4s","nanotecnologia","neurologia"],"articleSection":["Tecnologia &amp; Inova\u00e7\u00e3o"],"inLanguage":"pt-BR","potentialAction":[{"@type":"CommentAction","name":"Comment","target":["https:\/\/jornalfatosenoticias.com.br\/index.php\/2024\/09\/30\/ate-2045-seu-cerebro-tera-conexao-com-a-internet-diz-cientista-futurista\/#respond"]}]},{"@type":"WebPage","@id":"https:\/\/jornalfatosenoticias.com.br\/index.php\/2024\/09\/30\/ate-2045-seu-cerebro-tera-conexao-com-a-internet-diz-cientista-futurista\/","url":"https:\/\/jornalfatosenoticias.com.br\/index.php\/2024\/09\/30\/ate-2045-seu-cerebro-tera-conexao-com-a-internet-diz-cientista-futurista\/","name":"At\u00e9 2045, seu c\u00e9rebro ter\u00e1 conex\u00e3o com a internet, diz cientista futurista - Jornal Fatos e Not\u00edcias","isPartOf":{"@id":"https:\/\/jornalfatosenoticias.com.br\/#website"},"primaryImageOfPage":{"@id":"https:\/\/jornalfatosenoticias.com.br\/index.php\/2024\/09\/30\/ate-2045-seu-cerebro-tera-conexao-com-a-internet-diz-cientista-futurista\/#primaryimage"},"image":{"@id":"https:\/\/jornalfatosenoticias.com.br\/index.php\/2024\/09\/30\/ate-2045-seu-cerebro-tera-conexao-com-a-internet-diz-cientista-futurista\/#primaryimage"},"thumbnailUrl":"https:\/\/jornalfatosenoticias.com.br\/wp-content\/uploads\/2024\/09\/cerebro-conexao-internet_istock.jpg","datePublished":"2024-09-30T12:38:50+00:00","dateModified":"2024-09-30T12:38:51+00:00","breadcrumb":{"@id":"https:\/\/jornalfatosenoticias.com.br\/index.php\/2024\/09\/30\/ate-2045-seu-cerebro-tera-conexao-com-a-internet-diz-cientista-futurista\/#breadcrumb"},"inLanguage":"pt-BR","potentialAction":[{"@type":"ReadAction","target":["https:\/\/jornalfatosenoticias.com.br\/index.php\/2024\/09\/30\/ate-2045-seu-cerebro-tera-conexao-com-a-internet-diz-cientista-futurista\/"]}]},{"@type":"ImageObject","inLanguage":"pt-BR","@id":"https:\/\/jornalfatosenoticias.com.br\/index.php\/2024\/09\/30\/ate-2045-seu-cerebro-tera-conexao-com-a-internet-diz-cientista-futurista\/#primaryimage","url":"https:\/\/jornalfatosenoticias.com.br\/wp-content\/uploads\/2024\/09\/cerebro-conexao-internet_istock.jpg","contentUrl":"https:\/\/jornalfatosenoticias.com.br\/wp-content\/uploads\/2024\/09\/cerebro-conexao-internet_istock.jpg","width":612,"height":350,"caption":"AI concept. 3D render"},{"@type":"BreadcrumbList","@id":"https:\/\/jornalfatosenoticias.com.br\/index.php\/2024\/09\/30\/ate-2045-seu-cerebro-tera-conexao-com-a-internet-diz-cientista-futurista\/#breadcrumb","itemListElement":[{"@type":"ListItem","position":1,"name":"In\u00edcio","item":"https:\/\/jornalfatosenoticias.com.br\/"},{"@type":"ListItem","position":2,"name":"At\u00e9 2045, seu c\u00e9rebro ter\u00e1 conex\u00e3o com a internet, diz cientista futurista"}]},{"@type":"WebSite","@id":"https:\/\/jornalfatosenoticias.com.br\/#website","url":"https:\/\/jornalfatosenoticias.com.br\/","name":"Jornal Fatos e Not\u00edcias","description":"Not\u00edcias em geral","publisher":{"@id":"https:\/\/jornalfatosenoticias.com.br\/#organization"},"potentialAction":[{"@type":"SearchAction","target":{"@type":"EntryPoint","urlTemplate":"https:\/\/jornalfatosenoticias.com.br\/?s={search_term_string}"},"query-input":{"@type":"PropertyValueSpecification","valueRequired":true,"valueName":"search_term_string"}}],"inLanguage":"pt-BR"},{"@type":"Organization","@id":"https:\/\/jornalfatosenoticias.com.br\/#organization","name":"Jornal Fatos e Not\u00edcias","url":"https:\/\/jornalfatosenoticias.com.br\/","logo":{"@type":"ImageObject","inLanguage":"pt-BR","@id":"https:\/\/jornalfatosenoticias.com.br\/#\/schema\/logo\/image\/","url":"https:\/\/jornalfatosenoticias.com.br\/wp-content\/uploads\/2020\/02\/logo120.png","contentUrl":"https:\/\/jornalfatosenoticias.com.br\/wp-content\/uploads\/2020\/02\/logo120.png","width":1227,"height":120,"caption":"Jornal Fatos e Not\u00edcias"},"image":{"@id":"https:\/\/jornalfatosenoticias.com.br\/#\/schema\/logo\/image\/"}},{"@type":"Person","@id":"https:\/\/jornalfatosenoticias.com.br\/#\/schema\/person\/d63837fa13ac8666eb9e74e0985d6f81","name":"Luzimara Fernandes","image":{"@type":"ImageObject","inLanguage":"pt-BR","@id":"https:\/\/jornalfatosenoticias.com.br\/#\/schema\/person\/image\/","url":"https:\/\/jornalfatosenoticias.com.br\/wp-content\/uploads\/2025\/05\/EU_portal.jpg","contentUrl":"https:\/\/jornalfatosenoticias.com.br\/wp-content\/uploads\/2025\/05\/EU_portal.jpg","caption":"Luzimara Fernandes"},"description":"Jornalista MTB 2358-ES","sameAs":["https:\/\/jornalfatosenoticias.com.br"],"url":"https:\/\/jornalfatosenoticias.com.br\/index.php\/author\/luzimara\/"}]}},"cc_featured_image_caption":{"caption_text":"(Foto: iStock) ","source_text":"","source_url":""},"jetpack_featured_media_url":"https:\/\/jornalfatosenoticias.com.br\/wp-content\/uploads\/2024\/09\/cerebro-conexao-internet_istock.jpg","_links":{"self":[{"href":"https:\/\/jornalfatosenoticias.com.br\/index.php\/wp-json\/wp\/v2\/posts\/54539","targetHints":{"allow":["GET"]}}],"collection":[{"href":"https:\/\/jornalfatosenoticias.com.br\/index.php\/wp-json\/wp\/v2\/posts"}],"about":[{"href":"https:\/\/jornalfatosenoticias.com.br\/index.php\/wp-json\/wp\/v2\/types\/post"}],"author":[{"embeddable":true,"href":"https:\/\/jornalfatosenoticias.com.br\/index.php\/wp-json\/wp\/v2\/users\/2"}],"replies":[{"embeddable":true,"href":"https:\/\/jornalfatosenoticias.com.br\/index.php\/wp-json\/wp\/v2\/comments?post=54539"}],"version-history":[{"count":0,"href":"https:\/\/jornalfatosenoticias.com.br\/index.php\/wp-json\/wp\/v2\/posts\/54539\/revisions"}],"wp:featuredmedia":[{"embeddable":true,"href":"https:\/\/jornalfatosenoticias.com.br\/index.php\/wp-json\/wp\/v2\/media\/54540"}],"wp:attachment":[{"href":"https:\/\/jornalfatosenoticias.com.br\/index.php\/wp-json\/wp\/v2\/media?parent=54539"}],"wp:term":[{"taxonomy":"category","embeddable":true,"href":"https:\/\/jornalfatosenoticias.com.br\/index.php\/wp-json\/wp\/v2\/categories?post=54539"},{"taxonomy":"post_tag","embeddable":true,"href":"https:\/\/jornalfatosenoticias.com.br\/index.php\/wp-json\/wp\/v2\/tags?post=54539"}],"curies":[{"name":"wp","href":"https:\/\/api.w.org\/{rel}","templated":true}]}}