{"id":54556,"date":"2024-09-30T11:08:16","date_gmt":"2024-09-30T14:08:16","guid":{"rendered":"https:\/\/jornalfatosenoticias.com.br\/?p=54556"},"modified":"2024-09-30T11:08:17","modified_gmt":"2024-09-30T14:08:17","slug":"apos-cinco-anos-em-queda-numero-de-servidores-volta-a-crescer-com-lula","status":"publish","type":"post","link":"https:\/\/jornalfatosenoticias.com.br\/index.php\/2024\/09\/30\/apos-cinco-anos-em-queda-numero-de-servidores-volta-a-crescer-com-lula\/","title":{"rendered":"Ap\u00f3s cinco anos em queda, n\u00famero de servidores volta a crescer com Lula"},"content":{"rendered":"\n<p><span class=\"has-inline-color has-black-color\"><em>Quadro de servidores civis do governo federal aumentou a partir da posse de Lula, e deve crescer com chegada de aprovados em concursos<\/em><\/span><\/p>\n\n\n\n<p><span class=\"has-inline-color has-black-color\">Por <strong><a href=\"https:\/\/www.gazetadopovo.com.br\/autor\/roberta-ribeiro\/\">Roberta Ribeiro<\/a><\/strong><\/span><\/p>\n\n\n\n<div class=\"wp-block-image\"><figure class=\"aligncenter size-large is-resized\"><a href=\"https:\/\/www.facebook.com\/vetor.vix\/\"><img loading=\"lazy\" decoding=\"async\" src=\"https:\/\/jornalfatosenoticias.com.br\/wp-content\/uploads\/2023\/09\/vetorvix1024_1.jpg\" alt=\"\" class=\"wp-image-44868\" width=\"516\" height=\"137\" srcset=\"https:\/\/jornalfatosenoticias.com.br\/wp-content\/uploads\/2023\/09\/vetorvix1024_1.jpg 1024w, https:\/\/jornalfatosenoticias.com.br\/wp-content\/uploads\/2023\/09\/vetorvix1024_1-300x80.jpg 300w, https:\/\/jornalfatosenoticias.com.br\/wp-content\/uploads\/2023\/09\/vetorvix1024_1-768x205.jpg 768w\" sizes=\"auto, (max-width: 516px) 100vw, 516px\" \/><\/a><\/figure><\/div>\n\n\n\n<p>Ap\u00f3s cinco anos em queda, o n\u00famero de servidores civis do governo federal voltou a crescer ap\u00f3s a posse de Luiz In\u00e1cio Lula da Silva (PT). O contingente, que era de 565 mil servidores ao fim do governo de Jair Bolsonaro (PL), em dezembro de 2022, passou a 572 mil um ano depois e agora chegou a 573 mil, segundo dados de agosto do Painel Estat\u00edstico de Pessoal da Uni\u00e3o.<br>A alta \u00e9 discreta, e houve meses em que o n\u00famero total at\u00e9 baixou um pouco, devido a aposentadorias. A tend\u00eancia \u00e9 de que o quadro de pessoal aumente conforme o Executivo for incorporando funcion\u00e1rios aprovados em concursos j\u00e1 realizados e outros que est\u00e3o por vir. Como nas gest\u00f5es anteriores, Lula segue a receita de expandir o funcionalismo, com base na ideia de um Estado forte e centralizador.<\/p>\n\n\n\n<div class=\"wp-block-image\"><figure class=\"aligncenter size-large is-resized\"><img loading=\"lazy\" decoding=\"async\" src=\"https:\/\/jornalfatosenoticias.com.br\/wp-content\/uploads\/2022\/02\/Precisao-Contabilidade-1024x724.jpg\" alt=\"\" class=\"wp-image-28088\" width=\"334\" height=\"236\"\/><\/figure><\/div>\n\n\n\n<p>\u00c9 caminho oposto ao adotado na gest\u00e3o de Jair Bolsonaro (PL), quando o ministro da Economia, Paulo Guedes, conduziu uma estrat\u00e9gia de redu\u00e7\u00e3o de gastos de pessoal que batizou de &#8220;reforma administrativa silenciosa&#8221;. Ela envolveu o congelamento de sal\u00e1rios, em parte por for\u00e7a da legisla\u00e7\u00e3o de combate \u00e0 pandemia de covid-19; a n\u00e3o reposi\u00e7\u00e3o de servidores aposentados; e a digitaliza\u00e7\u00e3o de servi\u00e7os do governo federal.<\/p>\n\n\n\n<div class=\"wp-block-image\"><figure class=\"aligncenter size-large is-resized\"><a href=\"https:\/\/www.legisjuris.com.br\/\"><img loading=\"lazy\" decoding=\"async\" src=\"https:\/\/jornalfatosenoticias.com.br\/wp-content\/uploads\/2024\/09\/Legis-Juris-Consultoria_logo.jpg\" alt=\"\" class=\"wp-image-53915\" width=\"456\" height=\"191\" srcset=\"https:\/\/jornalfatosenoticias.com.br\/wp-content\/uploads\/2024\/09\/Legis-Juris-Consultoria_logo.jpg 969w, https:\/\/jornalfatosenoticias.com.br\/wp-content\/uploads\/2024\/09\/Legis-Juris-Consultoria_logo-300x126.jpg 300w, https:\/\/jornalfatosenoticias.com.br\/wp-content\/uploads\/2024\/09\/Legis-Juris-Consultoria_logo-768x322.jpg 768w\" sizes=\"auto, (max-width: 456px) 100vw, 456px\" \/><\/a><\/figure><\/div>\n\n\n\n<p>A redu\u00e7\u00e3o no quadro de pessoal havia come\u00e7ado ainda no governo de Michel Temer (MDB), que entre 2017 e 2018 reduziu o contingente em pouco mais de 3,5 mil pessoas. Quando Bolsonaro assumiu, em janeiro de 2019, o Executivo federal contava com pouco menos de 631 mil servidores civis. At\u00e9 o fim de seu mandato, esse n\u00famero diminuiu em quase 66 mil, uma queda de aproximadamente 10%.<\/p>\n\n\n\n<div class=\"wp-block-image\"><figure class=\"aligncenter size-large is-resized\"><a href=\"https:\/\/www.ithbrasil.com.br\/\"><img loading=\"lazy\" decoding=\"async\" src=\"https:\/\/jornalfatosenoticias.com.br\/wp-content\/uploads\/2023\/08\/ITH.jpeg\" alt=\"\" class=\"wp-image-44638\" width=\"303\" height=\"246\" srcset=\"https:\/\/jornalfatosenoticias.com.br\/wp-content\/uploads\/2023\/08\/ITH.jpeg 800w, https:\/\/jornalfatosenoticias.com.br\/wp-content\/uploads\/2023\/08\/ITH-300x244.jpeg 300w, https:\/\/jornalfatosenoticias.com.br\/wp-content\/uploads\/2023\/08\/ITH-768x624.jpeg 768w\" sizes=\"auto, (max-width: 303px) 100vw, 303px\" \/><\/a><\/figure><\/div>\n\n\n\n<p>Nas gest\u00f5es petistas de 2003 a 2016, o quadro havia aumentado em 28%, passando de 493 mil para 632 mil servidores. Ou seja, em 13 anos foram preenchidas quase 140 mil vagas. O aumento no n\u00famero de servidores p\u00fablicos implica aumento das despesas do governo, o que tem acontecido desde o in\u00edcio do terceiro mandato de Lula. E a tend\u00eancia \u00e9 que os gastos cres\u00e7am ainda mais, com contrata\u00e7\u00f5es, reajustes salariais, planos de progress\u00e3o de carreira e acesso a benef\u00edcios. <br>Lucas Constantino, diretor da GCB Capital, afirma que a din\u00e2mica fiscal segue muito desafiadora ao governo.<\/p>\n\n\n\n<div class=\"wp-block-image\"><figure class=\"aligncenter size-large\"><a href=\"https:\/\/www.instagram.com\/esteiochurrascaria\/\"><img decoding=\"async\" src=\"https:\/\/jornalfatosenoticias.com.br\/wp-content\/uploads\/2020\/02\/logo_esteio.jpg\" alt=\"\" class=\"wp-image-1214\"\/><\/a><\/figure><\/div>\n\n\n\n<blockquote class=\"wp-block-quote is-layout-flow wp-block-quote-is-layout-flow\"><p><span class=\"has-inline-color has-luminous-vivid-orange-color\">Mesmo com o forte n\u00edvel de arrecada\u00e7\u00e3o federal observado recentemente, as contas p\u00fablicas e a d\u00edvida brasileira continuam se deteriorando, o que tem ampliado a desconfian\u00e7a do mercado quanto ao quadro fiscal. Ent\u00e3o, logo de imediato o governo precisaria lidar com o impacto desses aumentos das despesas prim\u00e1rias sobre o d\u00e9ficit fiscal, que j\u00e1 se encontra em estado cr\u00edtico&#8221;, afirmou.<\/span><\/p><\/blockquote>\n\n\n\n<div class=\"wp-block-image\"><figure class=\"aligncenter size-large is-resized\"><a href=\"https:\/\/www.instagram.com\/restaurantepegoretti\/\"><img loading=\"lazy\" decoding=\"async\" src=\"https:\/\/jornalfatosenoticias.com.br\/wp-content\/uploads\/2023\/12\/pegoretti-logo-pdf-1024x389.jpg\" alt=\"\" class=\"wp-image-47536\" width=\"395\" height=\"150\" srcset=\"https:\/\/jornalfatosenoticias.com.br\/wp-content\/uploads\/2023\/12\/pegoretti-logo-pdf-1024x389.jpg 1024w, https:\/\/jornalfatosenoticias.com.br\/wp-content\/uploads\/2023\/12\/pegoretti-logo-pdf-300x114.jpg 300w, https:\/\/jornalfatosenoticias.com.br\/wp-content\/uploads\/2023\/12\/pegoretti-logo-pdf-768x291.jpg 768w, https:\/\/jornalfatosenoticias.com.br\/wp-content\/uploads\/2023\/12\/pegoretti-logo-pdf.jpg 1120w\" sizes=\"auto, (max-width: 395px) 100vw, 395px\" \/><\/a><\/figure><\/div>\n\n\n\n<p><strong><span class=\"has-inline-color has-black-color\">Governo Lula prev\u00ea R$ 49,5 bilh\u00f5es a mais em despesas com pessoal em 2025<br><\/span><\/strong>Segundo o informativo da Consultoria de Or\u00e7amentos, Fiscaliza\u00e7\u00e3o e Controle do Congresso Nacional de setembro deste ano, a previs\u00e3o de gastos com pessoal aprovada no Or\u00e7amento federal reprogramado de 2024 \u00e9 de R$ 373,8 bilh\u00f5es. O valor representa uma alta de R$ 10,1 bilh\u00f5es em rela\u00e7\u00e3o a 2023.<\/p>\n\n\n\n<div class=\"wp-block-image\"><figure class=\"aligncenter size-large is-resized\"><a href=\"https:\/\/www.facebook.com\/postobkr\/?locale=pt_BR\"><img loading=\"lazy\" decoding=\"async\" src=\"https:\/\/jornalfatosenoticias.com.br\/wp-content\/uploads\/2023\/08\/BKR-1024x1021.jpg\" alt=\"\" class=\"wp-image-44494\" width=\"277\" height=\"276\" srcset=\"https:\/\/jornalfatosenoticias.com.br\/wp-content\/uploads\/2023\/08\/BKR-1024x1021.jpg 1024w, https:\/\/jornalfatosenoticias.com.br\/wp-content\/uploads\/2023\/08\/BKR-300x300.jpg 300w, https:\/\/jornalfatosenoticias.com.br\/wp-content\/uploads\/2023\/08\/BKR-150x150.jpg 150w, https:\/\/jornalfatosenoticias.com.br\/wp-content\/uploads\/2023\/08\/BKR-768x766.jpg 768w, https:\/\/jornalfatosenoticias.com.br\/wp-content\/uploads\/2023\/08\/BKR.jpg 1080w\" sizes=\"auto, (max-width: 277px) 100vw, 277px\" \/><\/a><\/figure><\/div>\n\n\n\n<p>Para o pr\u00f3ximo ano, o Or\u00e7amento enviado pelo governo ao Congresso prev\u00ea R$ 49,5 bilh\u00f5es adicionais em gastos com servidores, para um total de R$ 413,2 bilh\u00f5es, o que corresponde a um aumento de 10,5% em rela\u00e7\u00e3o ao montante deste ano. O acr\u00e9scimo no valor destinado aos gastos com pessoal tem duas justificativas: a cria\u00e7\u00e3o de novas vagas, com a realiza\u00e7\u00e3o de concursos p\u00fablicos neste ano e no pr\u00f3ximo, e reajustes salariais que t\u00eam sido negociados com cada categoria. At\u00e9 o momento, 45 delas j\u00e1 entraram em acordo com o governo federal.<\/p>\n\n\n\n<div class=\"wp-block-image\"><figure class=\"aligncenter size-large is-resized\"><a href=\"https:\/\/www.controlsystems.com.br\/\"><img loading=\"lazy\" decoding=\"async\" src=\"https:\/\/jornalfatosenoticias.com.br\/wp-content\/uploads\/2020\/02\/CONTROL-CS.jpg\" alt=\"\" class=\"wp-image-44991\" width=\"283\" height=\"339\" srcset=\"https:\/\/jornalfatosenoticias.com.br\/wp-content\/uploads\/2020\/02\/CONTROL-CS.jpg 834w, https:\/\/jornalfatosenoticias.com.br\/wp-content\/uploads\/2020\/02\/CONTROL-CS-250x300.jpg 250w, https:\/\/jornalfatosenoticias.com.br\/wp-content\/uploads\/2020\/02\/CONTROL-CS-768x921.jpg 768w\" sizes=\"auto, (max-width: 283px) 100vw, 283px\" \/><\/a><\/figure><\/div>\n\n\n\n<p>Parte do aumento de gastos era tida como inevit\u00e1vel do ponto de vista pol\u00edtico, j\u00e1 que a maioria das categorias estavam com sal\u00e1rios defasados desde 2019. Naquele ano, foi aplicada a \u00faltima parcela de um reajuste que havia sido negociado ainda durante o governo de Dilma Rousseff (PT).<\/p>\n\n\n\n<div class=\"wp-block-image\"><figure class=\"aligncenter size-large is-resized\"><a href=\"https:\/\/panper.com.br\/\"><img loading=\"lazy\" decoding=\"async\" src=\"https:\/\/jornalfatosenoticias.com.br\/wp-content\/uploads\/2023\/03\/logo-Panper_portal.jpg\" alt=\"\" class=\"wp-image-40208\" width=\"347\" height=\"240\" srcset=\"https:\/\/jornalfatosenoticias.com.br\/wp-content\/uploads\/2023\/03\/logo-Panper_portal.jpg 400w, https:\/\/jornalfatosenoticias.com.br\/wp-content\/uploads\/2023\/03\/logo-Panper_portal-300x208.jpg 300w\" sizes=\"auto, (max-width: 347px) 100vw, 347px\" \/><\/a><\/figure><\/div>\n\n\n\n<p>Nos sete primeiros meses do ano, o governo acumulou d\u00e9ficit prim\u00e1rio de quase R$ 78 bilh\u00f5es. A receita cresceu 9% em termos reais, pouco mais que a despesa (8%), o que n\u00e3o foi suficiente para tirar as contas do vermelho. O governo estima que vai fechar o ano com um saldo negativo de aproximadamente R$ 28 bilh\u00f5es, no limite inferior da meta fiscal \u2014 que \u00e9 de d\u00e9ficit zero, mas com toler\u00e2ncia de at\u00e9 0,25% do PIB.<\/p>\n\n\n\n<div class=\"wp-block-image\"><figure class=\"aligncenter size-large is-resized\"><a href=\"https:\/\/www.instagram.com\/serra4x4cambioautomatico\/\"><img loading=\"lazy\" decoding=\"async\" src=\"https:\/\/jornalfatosenoticias.com.br\/wp-content\/uploads\/2024\/08\/Serra-4x4-1-886x1024.jpg\" alt=\"\" class=\"wp-image-53632\" width=\"287\" height=\"331\" srcset=\"https:\/\/jornalfatosenoticias.com.br\/wp-content\/uploads\/2024\/08\/Serra-4x4-1-886x1024.jpg 886w, https:\/\/jornalfatosenoticias.com.br\/wp-content\/uploads\/2024\/08\/Serra-4x4-1-260x300.jpg 260w, https:\/\/jornalfatosenoticias.com.br\/wp-content\/uploads\/2024\/08\/Serra-4x4-1-768x888.jpg 768w, https:\/\/jornalfatosenoticias.com.br\/wp-content\/uploads\/2024\/08\/Serra-4x4-1.jpg 1181w\" sizes=\"auto, (max-width: 287px) 100vw, 287px\" \/><\/a><\/figure><\/div>\n\n\n\n<p>Nessa conta n\u00e3o entram gastos com as enchentes no Rio Grande no Sul nem com o combate a queimadas. Mas eles v\u00e3o afetar a d\u00edvida p\u00fablica, que cresce em ritmo acelerado desde o in\u00edcio do governo. Ela j\u00e1 chegou a 78,5% do PIB, com alta de quase sete pontos porcentuais desde janeiro de 2023. Constantino ressalta que os gastos obrigat\u00f3rios do governo representam mais de 90% do or\u00e7amento, com a maior parte destinada ao pagamento de benef\u00edcios da Previd\u00eancia e sal\u00e1rios.<\/p>\n\n\n\n<div class=\"wp-block-image\"><figure class=\"aligncenter size-large is-resized\"><img loading=\"lazy\" decoding=\"async\" src=\"https:\/\/jornalfatosenoticias.com.br\/wp-content\/uploads\/2022\/02\/Precisao-Contabilidade-1024x724.jpg\" alt=\"\" class=\"wp-image-28088\" width=\"317\" height=\"224\"\/><\/figure><\/div>\n\n\n\n<blockquote class=\"wp-block-quote is-layout-flow wp-block-quote-is-layout-flow\"><p><span class=\"has-inline-color has-luminous-vivid-orange-color\">Ou seja, qualquer aumento de despesas obrigat\u00f3rias significa menos espa\u00e7o para investimentos em \u00e1reas importantes como a sa\u00fade, educa\u00e7\u00e3o e infraestrutura&#8221;, diz o gestor. &#8220;Sem um ajuste fiscal estrutural e robusto, h\u00e1 um risco relevante de que o crescimento dessas despesas transforme as contas p\u00fablicas em um problema ainda mais insustent\u00e1vel, com gastos e ajustes crescentes e recorrentes&#8221;, acrescenta.<\/span><\/p><\/blockquote>\n\n\n\n<div class=\"wp-block-image\"><figure class=\"aligncenter size-large\"><a href=\"http:\/\/www.ferrarimaquinas.com.br\/\"><img loading=\"lazy\" decoding=\"async\" width=\"300\" height=\"250\" src=\"https:\/\/jornalfatosenoticias.com.br\/wp-content\/uploads\/2022\/02\/FERRARI_MAQUINAS-E-FERRAMENTAS2.jpg\" alt=\"\" class=\"wp-image-27860\"\/><\/a><\/figure><\/div>\n\n\n\n<p>Ele defende que o caminho para o equil\u00edbrio das contas p\u00fablicas envolve reformas estruturais, cortes de gastos e reavalia\u00e7\u00e3o de investimentos e programas do governo.<\/p>\n\n\n\n<p><strong><span class=\"has-inline-color has-black-color\">&#8220;Reforma silenciosa&#8221; de Guedes baixou despesa ao menor n\u00edvel da s\u00e9rie hist\u00f3rica<br><\/span><\/strong>A &#8220;reforma silenciosa&#8221; levada a cabo pelo ministro Paulo Guedes teve impacto relevante sobre as contas do governo. Entre o in\u00edcio e o fim do mandato de Bolsonaro, o gasto da Uni\u00e3o com pessoal e encargos baixou do equivalente a 4,3% do PIB para 3,4% do PIB, o menor n\u00edvel da s\u00e9rie hist\u00f3rica do Tesouro, iniciada em 2017. A queda foi interrompida em 2023, quando o \u00edndice se manteve em 3,4% do PIB.<\/p>\n\n\n\n<div class=\"wp-block-image\"><figure class=\"aligncenter size-large is-resized\"><a href=\"https:\/\/www.instagram.com\/ligadossaborespizzaria\/\"><img loading=\"lazy\" decoding=\"async\" src=\"https:\/\/jornalfatosenoticias.com.br\/wp-content\/uploads\/2024\/09\/WhatsApp-Image-2024-09-14-at-22.46.10-819x1024.jpeg\" alt=\"\" class=\"wp-image-54180\" width=\"304\" height=\"380\" srcset=\"https:\/\/jornalfatosenoticias.com.br\/wp-content\/uploads\/2024\/09\/WhatsApp-Image-2024-09-14-at-22.46.10-819x1024.jpeg 819w, https:\/\/jornalfatosenoticias.com.br\/wp-content\/uploads\/2024\/09\/WhatsApp-Image-2024-09-14-at-22.46.10-240x300.jpeg 240w, https:\/\/jornalfatosenoticias.com.br\/wp-content\/uploads\/2024\/09\/WhatsApp-Image-2024-09-14-at-22.46.10-768x960.jpeg 768w, https:\/\/jornalfatosenoticias.com.br\/wp-content\/uploads\/2024\/09\/WhatsApp-Image-2024-09-14-at-22.46.10.jpeg 1024w\" sizes=\"auto, (max-width: 304px) 100vw, 304px\" \/><\/a><\/figure><\/div>\n\n\n\n<p>Em raz\u00e3o da pandemia de Covid-19 e do aumento de repasses federais para estados e munic\u00edpios, os reajustes para os funcion\u00e1rios p\u00fablicos em 2020 e 2021 foram suspensos pela Lei Complementar 173\/2020. Paulo Guedes chegou a afirmar que \u201co congelamento de sal\u00e1rios nos deu mais do que qualquer reforma administrativa daria\u201d. \u00c0 \u00e9poca, foram projetados R$ 43 bilh\u00f5es em economia.<\/p>\n\n\n\n<div class=\"wp-block-image\"><figure class=\"aligncenter size-large is-resized\"><a href=\"https:\/\/hotelmarquetti.com.br\/\"><img loading=\"lazy\" decoding=\"async\" src=\"https:\/\/jornalfatosenoticias.com.br\/wp-content\/uploads\/2020\/02\/nova-logo-Marquetti.jpg\" alt=\"\" class=\"wp-image-22331\" width=\"311\" height=\"209\" srcset=\"https:\/\/jornalfatosenoticias.com.br\/wp-content\/uploads\/2020\/02\/nova-logo-Marquetti.jpg 643w, https:\/\/jornalfatosenoticias.com.br\/wp-content\/uploads\/2020\/02\/nova-logo-Marquetti-300x202.jpg 300w\" sizes=\"auto, (max-width: 311px) 100vw, 311px\" \/><\/a><\/figure><\/div>\n\n\n\n<p>A legisla\u00e7\u00e3o pro\u00edbe a demiss\u00e3o de servidores, a n\u00e3o ser em casos muito espec\u00edficos, como decis\u00e3o judicial transitada em julgado ou processo administrativo disciplinar. Uma redu\u00e7\u00e3o no quadro de pessoal ocorre, portanto, pela n\u00e3o substitui\u00e7\u00e3o de funcion\u00e1rios que se aposentam ou morrem. Assim, a forma encontrada por Guedes para restringir o aumento das despesas com os funcion\u00e1rios p\u00fablicos foi justamente conter reajustes e, gradativamente, optar pela n\u00e3o reposi\u00e7\u00e3o dos quadros. Mesmo assim, diante do descontentamento dos servidores, em 2022 Bolsonaro chegou a anunciar em mais de uma ocasi\u00e3o que daria um aumento de 1% para todos. Depois, chegou a falar em reajuste de 5%. No entanto, nenhum reajuste foi aplicado.<\/p>\n\n\n\n<div class=\"wp-block-image\"><figure class=\"aligncenter size-large\"><a href=\"https:\/\/cesconetto.com.br\/\"><img loading=\"lazy\" decoding=\"async\" width=\"300\" height=\"250\" src=\"https:\/\/jornalfatosenoticias.com.br\/wp-content\/uploads\/2020\/02\/Banner-2.png\" alt=\"\" class=\"wp-image-43787\"\/><\/a><\/figure><\/div>\n\n\n\n<p><strong><span class=\"has-inline-color has-black-color\">Lula deu reajuste geral aos servidores em 2023, seguido por negocia\u00e7\u00f5es com cada categoria<br><\/span><\/strong>Em fevereiro do ano passado, o governo Lula prop\u00f4s aos servidores um reajuste linear de 7,8% a partir de mar\u00e7o daquele ano, al\u00e9m de um aumento de 46,6%, ou cerca de R$ 200, no vale-alimenta\u00e7\u00e3o. O \u00edndice salarial, no entanto, foi considerado insuficiente para algumas centrais sindicais, que calculavam que as perdas do poder de compra para os funcion\u00e1rios p\u00fablicos nos anos anteriores chegaram a 27%. Ainda em fevereiro, um f\u00f3rum de servidores respondeu \u00e0 proposta do governo pedindo reajuste de 13,5%.<\/p>\n\n\n\n<div class=\"wp-block-image\"><figure class=\"aligncenter size-large\"><a href=\"https:\/\/mizu.com.br\/\"><img loading=\"lazy\" decoding=\"async\" width=\"729\" height=\"90\" src=\"https:\/\/jornalfatosenoticias.com.br\/wp-content\/uploads\/2020\/02\/Logo_Mizu.png\" alt=\"\" class=\"wp-image-1441\" srcset=\"https:\/\/jornalfatosenoticias.com.br\/wp-content\/uploads\/2020\/02\/Logo_Mizu.png 729w, https:\/\/jornalfatosenoticias.com.br\/wp-content\/uploads\/2020\/02\/Logo_Mizu-300x37.png 300w\" sizes=\"auto, (max-width: 729px) 100vw, 729px\" \/><\/a><\/figure><\/div>\n\n\n\n<p>Em mar\u00e7o, Lula acordou um aumento geral de 9% para todos os servidores, por meio de um acr\u00e9scimo de R$ 11,6 bilh\u00f5es nessa rubrica aprovado para o Or\u00e7amento daquele ano. Al\u00e9m disso, tamb\u00e9m promoveu um aumento 43,6% no\u00a0aux\u00edlio-alimenta\u00e7\u00e3o, que era de R$ 458 e foi para R$ 658. Em 2024, o governo promoveu novo aumento no t\u00edquete alimenta\u00e7\u00e3o, de 52%, fazendo com que o valor chegasse a R$ 1 mil. Al\u00e9m disso, promoveu um incremento de 51,1% no aux\u00edlio-sa\u00fade e tamb\u00e9m no aux\u00edlio-creche, que passou de R$ 321 para R$\u00a0485.<\/p>\n\n\n\n<div class=\"wp-block-image\"><figure class=\"aligncenter size-large is-resized\"><a href=\"https:\/\/www.instagram.com\/vmais.midias\/\"><img loading=\"lazy\" decoding=\"async\" src=\"https:\/\/jornalfatosenoticias.com.br\/wp-content\/uploads\/2020\/02\/DE-MAIS-DESTAQUE-VMAIS-800X700.png\" alt=\"\" class=\"wp-image-53112\" width=\"299\" height=\"261\" srcset=\"https:\/\/jornalfatosenoticias.com.br\/wp-content\/uploads\/2020\/02\/DE-MAIS-DESTAQUE-VMAIS-800X700.png 800w, https:\/\/jornalfatosenoticias.com.br\/wp-content\/uploads\/2020\/02\/DE-MAIS-DESTAQUE-VMAIS-800X700-300x263.png 300w, https:\/\/jornalfatosenoticias.com.br\/wp-content\/uploads\/2020\/02\/DE-MAIS-DESTAQUE-VMAIS-800X700-768x672.png 768w\" sizes=\"auto, (max-width: 299px) 100vw, 299px\" \/><\/a><\/figure><\/div>\n\n\n\n<p>Em 2024 n\u00e3o houve aumento geral, e sim negocia\u00e7\u00f5es com diversas categorias para fechar acordos de reajuste salarial para 2025 e 2026. De acordo com o Minist\u00e9rio da Gest\u00e3o e Inova\u00e7\u00e3o, os reajustes e reestrutura\u00e7\u00f5es de carreiras acordadas com os funcion\u00e1rios do governo federal aprovadas ou em negocia\u00e7\u00f5es contemplaram 98,2% dos servidores do Executivo.<\/p>\n\n\n\n<div class=\"wp-block-image\"><figure class=\"aligncenter size-large is-resized\"><a href=\"https:\/\/www.legisjuris.com.br\/\"><img loading=\"lazy\" decoding=\"async\" src=\"https:\/\/jornalfatosenoticias.com.br\/wp-content\/uploads\/2024\/09\/Legis-Juris-Consultoria_logo.jpg\" alt=\"\" class=\"wp-image-53915\" width=\"463\" height=\"194\" srcset=\"https:\/\/jornalfatosenoticias.com.br\/wp-content\/uploads\/2024\/09\/Legis-Juris-Consultoria_logo.jpg 969w, https:\/\/jornalfatosenoticias.com.br\/wp-content\/uploads\/2024\/09\/Legis-Juris-Consultoria_logo-300x126.jpg 300w, https:\/\/jornalfatosenoticias.com.br\/wp-content\/uploads\/2024\/09\/Legis-Juris-Consultoria_logo-768x322.jpg 768w\" sizes=\"auto, (max-width: 463px) 100vw, 463px\" \/><\/a><\/figure><\/div>\n\n\n\n<p>A pasta ainda afirmou que, somados aos 9% de aumento concedidos em 2023, algumas categorias poder\u00e3o ter reajustes que chegam a 28% at\u00e9 2026. Ainda de acordo com o minist\u00e9rio, para 2025 o Or\u00e7amento proposto pelo governo reserva R$ 2,1 bilh\u00f5es para as novas vagas da administra\u00e7\u00e3o p\u00fablica federal.<\/p>\n\n\n\n<div class=\"wp-block-image\"><figure class=\"aligncenter size-large is-resized\"><a href=\"https:\/\/www.ithbrasil.com.br\/\"><img loading=\"lazy\" decoding=\"async\" src=\"https:\/\/jornalfatosenoticias.com.br\/wp-content\/uploads\/2023\/08\/ITH.jpeg\" alt=\"\" class=\"wp-image-44638\" width=\"304\" height=\"247\" srcset=\"https:\/\/jornalfatosenoticias.com.br\/wp-content\/uploads\/2023\/08\/ITH.jpeg 800w, https:\/\/jornalfatosenoticias.com.br\/wp-content\/uploads\/2023\/08\/ITH-300x244.jpeg 300w, https:\/\/jornalfatosenoticias.com.br\/wp-content\/uploads\/2023\/08\/ITH-768x624.jpeg 768w\" sizes=\"auto, (max-width: 304px) 100vw, 304px\" \/><\/a><\/figure><\/div>\n\n\n\n<p>Al\u00e9m disso, prev\u00ea que o impacto or\u00e7ament\u00e1rio dos acordos firmados em 2024 no or\u00e7amento do pr\u00f3ximo ano ser\u00e1 de R$ 16 bilh\u00f5es, totalizando R$ 18,1 bilh\u00f5es. Questionado, o minist\u00e9rio n\u00e3o explicou o motivo da diferen\u00e7a entre esses R$ 18,1 bilh\u00f5es e os R$ 49,5 bilh\u00f5es em gastos adicionais com servidores previstos no Or\u00e7amento de 2025. Mesmo que j\u00e1 tenham sido firmados, os acordos precisam ser aprovados por meio de projetos de lei no Legislativo para entrarem em vigor.<\/p>\n\n\n\n<div class=\"wp-block-image\"><figure class=\"aligncenter size-large is-resized\"><a href=\"https:\/\/www.instagram.com\/restaurantepegoretti\/\"><img loading=\"lazy\" decoding=\"async\" src=\"https:\/\/jornalfatosenoticias.com.br\/wp-content\/uploads\/2023\/12\/pegoretti-logo-pdf-1024x389.jpg\" alt=\"\" class=\"wp-image-47536\" width=\"395\" height=\"150\" srcset=\"https:\/\/jornalfatosenoticias.com.br\/wp-content\/uploads\/2023\/12\/pegoretti-logo-pdf-1024x389.jpg 1024w, https:\/\/jornalfatosenoticias.com.br\/wp-content\/uploads\/2023\/12\/pegoretti-logo-pdf-300x114.jpg 300w, https:\/\/jornalfatosenoticias.com.br\/wp-content\/uploads\/2023\/12\/pegoretti-logo-pdf-768x291.jpg 768w, https:\/\/jornalfatosenoticias.com.br\/wp-content\/uploads\/2023\/12\/pegoretti-logo-pdf.jpg 1120w\" sizes=\"auto, (max-width: 395px) 100vw, 395px\" \/><\/a><\/figure><\/div>\n\n\n\n<p>Virg\u00ednia Machado, professora de Direito P\u00fablico da Uniarnaldo Centro Universit\u00e1rio, de Belo Horizonte, v\u00ea com bons olhos as novas contrata\u00e7\u00f5es. Ela afirma que as &#8220;novas vindas de servidores para a administra\u00e7\u00e3o p\u00fablica geram um efeito positivo no servi\u00e7o p\u00fablico que \u00e9 prestado&#8221;.<\/p>\n\n\n\n<div class=\"wp-block-image\"><figure class=\"aligncenter size-large\"><a href=\"https:\/\/www.instagram.com\/esteiochurrascaria\/\"><img decoding=\"async\" src=\"https:\/\/jornalfatosenoticias.com.br\/wp-content\/uploads\/2020\/02\/logo_esteio.jpg\" alt=\"\" class=\"wp-image-1214\"\/><\/a><\/figure><\/div>\n\n\n\n<p>Ainda assim, ela defende que o governo deve ter em mente que \u00e9 preciso fazer uma an\u00e1lise para al\u00e9m da contrata\u00e7\u00e3o, que considere os impactos dentro do sistema de equil\u00edbrio financeiro e atuarial do pr\u00f3prio sistema, considerando, inclusive, a futura previd\u00eancia desses servidores.<\/p>\n\n\n\n<div class=\"wp-block-image\"><figure class=\"aligncenter size-large is-resized\"><a href=\"https:\/\/www.facebook.com\/postobkr\/?locale=pt_BR\"><img loading=\"lazy\" decoding=\"async\" src=\"https:\/\/jornalfatosenoticias.com.br\/wp-content\/uploads\/2023\/08\/BKR-1024x1021.jpg\" alt=\"\" class=\"wp-image-44494\" width=\"302\" height=\"301\" srcset=\"https:\/\/jornalfatosenoticias.com.br\/wp-content\/uploads\/2023\/08\/BKR-1024x1021.jpg 1024w, https:\/\/jornalfatosenoticias.com.br\/wp-content\/uploads\/2023\/08\/BKR-300x300.jpg 300w, https:\/\/jornalfatosenoticias.com.br\/wp-content\/uploads\/2023\/08\/BKR-150x150.jpg 150w, https:\/\/jornalfatosenoticias.com.br\/wp-content\/uploads\/2023\/08\/BKR-768x766.jpg 768w, https:\/\/jornalfatosenoticias.com.br\/wp-content\/uploads\/2023\/08\/BKR.jpg 1080w\" sizes=\"auto, (max-width: 302px) 100vw, 302px\" \/><\/a><\/figure><\/div>\n\n\n\n<p><strong><em>Fonte: <a href=\"https:\/\/www.gazetadopovo.com.br\/economia\/apos-cinco-anos-em-queda-numero-de-servidores-volta-a-crescer-com-lula\/\">Gazeta do Povo<\/a><\/em><\/strong><\/p>\n","protected":false},"excerpt":{"rendered":"<p>Quadro de servidores civis do governo federal aumentou a partir da posse de Lula, e deve crescer com chegada de aprovados em concursos Por Roberta Ribeiro Ap\u00f3s cinco anos em queda, o n\u00famero de servidores civis do governo federal voltou a crescer ap\u00f3s a posse de Luiz In\u00e1cio Lula da Silva (PT). O contingente, que [&hellip;]<\/p>\n","protected":false},"author":2,"featured_media":54557,"comment_status":"open","ping_status":"open","sticky":false,"template":"","format":"standard","meta":{"footnotes":""},"categories":[9],"tags":[13991,860,1795,7580,22711,1502,4830,14353],"class_list":["post-54556","post","type-post","status-publish","format-standard","has-post-thumbnail","hentry","category-economia","tag-dilma-rousseff","tag-governo-federal","tag-jair-bolsonaro","tag-lula","tag-michel-temer","tag-paulo-guedes","tag-reforma-administrativa","tag-servidores-publicos"],"yoast_head":"<!-- This site is optimized with the Yoast SEO plugin v26.5 - https:\/\/yoast.com\/wordpress\/plugins\/seo\/ -->\n<title>Ap\u00f3s cinco anos em queda, n\u00famero de servidores volta a crescer com Lula - Jornal Fatos e Not\u00edcias<\/title>\n<meta name=\"robots\" content=\"index, follow, max-snippet:-1, max-image-preview:large, max-video-preview:-1\" \/>\n<link rel=\"canonical\" href=\"https:\/\/jornalfatosenoticias.com.br\/index.php\/2024\/09\/30\/apos-cinco-anos-em-queda-numero-de-servidores-volta-a-crescer-com-lula\/\" \/>\n<meta property=\"og:locale\" content=\"pt_BR\" \/>\n<meta property=\"og:type\" content=\"article\" \/>\n<meta property=\"og:title\" content=\"Ap\u00f3s cinco anos em queda, n\u00famero de servidores volta a crescer com Lula - Jornal Fatos e Not\u00edcias\" \/>\n<meta property=\"og:description\" content=\"Quadro de servidores civis do governo federal aumentou a partir da posse de Lula, e deve crescer com chegada de aprovados em concursos Por Roberta Ribeiro Ap\u00f3s cinco anos em queda, o n\u00famero de servidores civis do governo federal voltou a crescer ap\u00f3s a posse de Luiz In\u00e1cio Lula da Silva (PT). O contingente, que [&hellip;]\" \/>\n<meta property=\"og:url\" content=\"https:\/\/jornalfatosenoticias.com.br\/index.php\/2024\/09\/30\/apos-cinco-anos-em-queda-numero-de-servidores-volta-a-crescer-com-lula\/\" \/>\n<meta property=\"og:site_name\" content=\"Jornal Fatos e Not\u00edcias\" \/>\n<meta property=\"article:published_time\" content=\"2024-09-30T14:08:16+00:00\" \/>\n<meta property=\"article:modified_time\" content=\"2024-09-30T14:08:17+00:00\" \/>\n<meta property=\"og:image\" content=\"https:\/\/jornalfatosenoticias.com.br\/wp-content\/uploads\/2024\/09\/molusco_gettyimages.jpg\" \/>\n\t<meta property=\"og:image:width\" content=\"612\" \/>\n\t<meta property=\"og:image:height\" content=\"408\" \/>\n\t<meta property=\"og:image:type\" content=\"image\/jpeg\" \/>\n<meta name=\"author\" content=\"Luzimara Fernandes\" \/>\n<meta name=\"twitter:card\" content=\"summary_large_image\" \/>\n<meta name=\"twitter:label1\" content=\"Escrito por\" \/>\n\t<meta name=\"twitter:data1\" content=\"Luzimara Fernandes\" \/>\n\t<meta name=\"twitter:label2\" content=\"Est. tempo de leitura\" \/>\n\t<meta name=\"twitter:data2\" content=\"8 minutos\" \/>\n<script type=\"application\/ld+json\" class=\"yoast-schema-graph\">{\"@context\":\"https:\/\/schema.org\",\"@graph\":[{\"@type\":\"Article\",\"@id\":\"https:\/\/jornalfatosenoticias.com.br\/index.php\/2024\/09\/30\/apos-cinco-anos-em-queda-numero-de-servidores-volta-a-crescer-com-lula\/#article\",\"isPartOf\":{\"@id\":\"https:\/\/jornalfatosenoticias.com.br\/index.php\/2024\/09\/30\/apos-cinco-anos-em-queda-numero-de-servidores-volta-a-crescer-com-lula\/\"},\"author\":{\"name\":\"Luzimara Fernandes\",\"@id\":\"https:\/\/jornalfatosenoticias.com.br\/#\/schema\/person\/d63837fa13ac8666eb9e74e0985d6f81\"},\"headline\":\"Ap\u00f3s cinco anos em queda, n\u00famero de servidores volta a crescer com Lula\",\"datePublished\":\"2024-09-30T14:08:16+00:00\",\"dateModified\":\"2024-09-30T14:08:17+00:00\",\"mainEntityOfPage\":{\"@id\":\"https:\/\/jornalfatosenoticias.com.br\/index.php\/2024\/09\/30\/apos-cinco-anos-em-queda-numero-de-servidores-volta-a-crescer-com-lula\/\"},\"wordCount\":1714,\"commentCount\":0,\"publisher\":{\"@id\":\"https:\/\/jornalfatosenoticias.com.br\/#organization\"},\"image\":{\"@id\":\"https:\/\/jornalfatosenoticias.com.br\/index.php\/2024\/09\/30\/apos-cinco-anos-em-queda-numero-de-servidores-volta-a-crescer-com-lula\/#primaryimage\"},\"thumbnailUrl\":\"https:\/\/jornalfatosenoticias.com.br\/wp-content\/uploads\/2024\/09\/molusco_gettyimages.jpg\",\"keywords\":[\"Dilma Rousseff\",\"governo federal\",\"Jair Bolsonaro\",\"Lula\",\"Michel Temer\",\"Paulo Guedes\",\"reforma administrativa\",\"servidores p\u00fablicos\"],\"articleSection\":[\"Economia\"],\"inLanguage\":\"pt-BR\",\"potentialAction\":[{\"@type\":\"CommentAction\",\"name\":\"Comment\",\"target\":[\"https:\/\/jornalfatosenoticias.com.br\/index.php\/2024\/09\/30\/apos-cinco-anos-em-queda-numero-de-servidores-volta-a-crescer-com-lula\/#respond\"]}]},{\"@type\":\"WebPage\",\"@id\":\"https:\/\/jornalfatosenoticias.com.br\/index.php\/2024\/09\/30\/apos-cinco-anos-em-queda-numero-de-servidores-volta-a-crescer-com-lula\/\",\"url\":\"https:\/\/jornalfatosenoticias.com.br\/index.php\/2024\/09\/30\/apos-cinco-anos-em-queda-numero-de-servidores-volta-a-crescer-com-lula\/\",\"name\":\"Ap\u00f3s cinco anos em queda, n\u00famero de servidores volta a crescer com Lula - Jornal Fatos e Not\u00edcias\",\"isPartOf\":{\"@id\":\"https:\/\/jornalfatosenoticias.com.br\/#website\"},\"primaryImageOfPage\":{\"@id\":\"https:\/\/jornalfatosenoticias.com.br\/index.php\/2024\/09\/30\/apos-cinco-anos-em-queda-numero-de-servidores-volta-a-crescer-com-lula\/#primaryimage\"},\"image\":{\"@id\":\"https:\/\/jornalfatosenoticias.com.br\/index.php\/2024\/09\/30\/apos-cinco-anos-em-queda-numero-de-servidores-volta-a-crescer-com-lula\/#primaryimage\"},\"thumbnailUrl\":\"https:\/\/jornalfatosenoticias.com.br\/wp-content\/uploads\/2024\/09\/molusco_gettyimages.jpg\",\"datePublished\":\"2024-09-30T14:08:16+00:00\",\"dateModified\":\"2024-09-30T14:08:17+00:00\",\"breadcrumb\":{\"@id\":\"https:\/\/jornalfatosenoticias.com.br\/index.php\/2024\/09\/30\/apos-cinco-anos-em-queda-numero-de-servidores-volta-a-crescer-com-lula\/#breadcrumb\"},\"inLanguage\":\"pt-BR\",\"potentialAction\":[{\"@type\":\"ReadAction\",\"target\":[\"https:\/\/jornalfatosenoticias.com.br\/index.php\/2024\/09\/30\/apos-cinco-anos-em-queda-numero-de-servidores-volta-a-crescer-com-lula\/\"]}]},{\"@type\":\"ImageObject\",\"inLanguage\":\"pt-BR\",\"@id\":\"https:\/\/jornalfatosenoticias.com.br\/index.php\/2024\/09\/30\/apos-cinco-anos-em-queda-numero-de-servidores-volta-a-crescer-com-lula\/#primaryimage\",\"url\":\"https:\/\/jornalfatosenoticias.com.br\/wp-content\/uploads\/2024\/09\/molusco_gettyimages.jpg\",\"contentUrl\":\"https:\/\/jornalfatosenoticias.com.br\/wp-content\/uploads\/2024\/09\/molusco_gettyimages.jpg\",\"width\":612,\"height\":408,\"caption\":\"RIO DE JANEIRO, BRAZIL - JUNE 11: President of Brazil Luis In\u00e1cio Lula Da Silva gestures during the award ceremony of the 18th Brazilian Mathematic Olympic of public schools on June 11, 2024 in Rio de Janeiro, Brazil. (Photo by Buda Mendes\/Getty Images)\"},{\"@type\":\"BreadcrumbList\",\"@id\":\"https:\/\/jornalfatosenoticias.com.br\/index.php\/2024\/09\/30\/apos-cinco-anos-em-queda-numero-de-servidores-volta-a-crescer-com-lula\/#breadcrumb\",\"itemListElement\":[{\"@type\":\"ListItem\",\"position\":1,\"name\":\"In\u00edcio\",\"item\":\"https:\/\/jornalfatosenoticias.com.br\/\"},{\"@type\":\"ListItem\",\"position\":2,\"name\":\"Ap\u00f3s cinco anos em queda, n\u00famero de servidores volta a crescer com Lula\"}]},{\"@type\":\"WebSite\",\"@id\":\"https:\/\/jornalfatosenoticias.com.br\/#website\",\"url\":\"https:\/\/jornalfatosenoticias.com.br\/\",\"name\":\"Jornal Fatos e Not\u00edcias\",\"description\":\"Not\u00edcias em geral\",\"publisher\":{\"@id\":\"https:\/\/jornalfatosenoticias.com.br\/#organization\"},\"potentialAction\":[{\"@type\":\"SearchAction\",\"target\":{\"@type\":\"EntryPoint\",\"urlTemplate\":\"https:\/\/jornalfatosenoticias.com.br\/?s={search_term_string}\"},\"query-input\":{\"@type\":\"PropertyValueSpecification\",\"valueRequired\":true,\"valueName\":\"search_term_string\"}}],\"inLanguage\":\"pt-BR\"},{\"@type\":\"Organization\",\"@id\":\"https:\/\/jornalfatosenoticias.com.br\/#organization\",\"name\":\"Jornal Fatos e Not\u00edcias\",\"url\":\"https:\/\/jornalfatosenoticias.com.br\/\",\"logo\":{\"@type\":\"ImageObject\",\"inLanguage\":\"pt-BR\",\"@id\":\"https:\/\/jornalfatosenoticias.com.br\/#\/schema\/logo\/image\/\",\"url\":\"https:\/\/jornalfatosenoticias.com.br\/wp-content\/uploads\/2020\/02\/logo120.png\",\"contentUrl\":\"https:\/\/jornalfatosenoticias.com.br\/wp-content\/uploads\/2020\/02\/logo120.png\",\"width\":1227,\"height\":120,\"caption\":\"Jornal Fatos e Not\u00edcias\"},\"image\":{\"@id\":\"https:\/\/jornalfatosenoticias.com.br\/#\/schema\/logo\/image\/\"}},{\"@type\":\"Person\",\"@id\":\"https:\/\/jornalfatosenoticias.com.br\/#\/schema\/person\/d63837fa13ac8666eb9e74e0985d6f81\",\"name\":\"Luzimara Fernandes\",\"image\":{\"@type\":\"ImageObject\",\"inLanguage\":\"pt-BR\",\"@id\":\"https:\/\/jornalfatosenoticias.com.br\/#\/schema\/person\/image\/\",\"url\":\"https:\/\/jornalfatosenoticias.com.br\/wp-content\/uploads\/2025\/05\/EU_portal.jpg\",\"contentUrl\":\"https:\/\/jornalfatosenoticias.com.br\/wp-content\/uploads\/2025\/05\/EU_portal.jpg\",\"caption\":\"Luzimara Fernandes\"},\"description\":\"Jornalista MTB 2358-ES\",\"sameAs\":[\"https:\/\/jornalfatosenoticias.com.br\"],\"url\":\"https:\/\/jornalfatosenoticias.com.br\/index.php\/author\/luzimara\/\"}]}<\/script>\n<!-- \/ Yoast SEO plugin. -->","yoast_head_json":{"title":"Ap\u00f3s cinco anos em queda, n\u00famero de servidores volta a crescer com Lula - Jornal Fatos e Not\u00edcias","robots":{"index":"index","follow":"follow","max-snippet":"max-snippet:-1","max-image-preview":"max-image-preview:large","max-video-preview":"max-video-preview:-1"},"canonical":"https:\/\/jornalfatosenoticias.com.br\/index.php\/2024\/09\/30\/apos-cinco-anos-em-queda-numero-de-servidores-volta-a-crescer-com-lula\/","og_locale":"pt_BR","og_type":"article","og_title":"Ap\u00f3s cinco anos em queda, n\u00famero de servidores volta a crescer com Lula - Jornal Fatos e Not\u00edcias","og_description":"Quadro de servidores civis do governo federal aumentou a partir da posse de Lula, e deve crescer com chegada de aprovados em concursos Por Roberta Ribeiro Ap\u00f3s cinco anos em queda, o n\u00famero de servidores civis do governo federal voltou a crescer ap\u00f3s a posse de Luiz In\u00e1cio Lula da Silva (PT). O contingente, que [&hellip;]","og_url":"https:\/\/jornalfatosenoticias.com.br\/index.php\/2024\/09\/30\/apos-cinco-anos-em-queda-numero-de-servidores-volta-a-crescer-com-lula\/","og_site_name":"Jornal Fatos e Not\u00edcias","article_published_time":"2024-09-30T14:08:16+00:00","article_modified_time":"2024-09-30T14:08:17+00:00","og_image":[{"width":612,"height":408,"url":"https:\/\/jornalfatosenoticias.com.br\/wp-content\/uploads\/2024\/09\/molusco_gettyimages.jpg","type":"image\/jpeg"}],"author":"Luzimara Fernandes","twitter_card":"summary_large_image","twitter_misc":{"Escrito por":"Luzimara Fernandes","Est. tempo de leitura":"8 minutos"},"schema":{"@context":"https:\/\/schema.org","@graph":[{"@type":"Article","@id":"https:\/\/jornalfatosenoticias.com.br\/index.php\/2024\/09\/30\/apos-cinco-anos-em-queda-numero-de-servidores-volta-a-crescer-com-lula\/#article","isPartOf":{"@id":"https:\/\/jornalfatosenoticias.com.br\/index.php\/2024\/09\/30\/apos-cinco-anos-em-queda-numero-de-servidores-volta-a-crescer-com-lula\/"},"author":{"name":"Luzimara Fernandes","@id":"https:\/\/jornalfatosenoticias.com.br\/#\/schema\/person\/d63837fa13ac8666eb9e74e0985d6f81"},"headline":"Ap\u00f3s cinco anos em queda, n\u00famero de servidores volta a crescer com Lula","datePublished":"2024-09-30T14:08:16+00:00","dateModified":"2024-09-30T14:08:17+00:00","mainEntityOfPage":{"@id":"https:\/\/jornalfatosenoticias.com.br\/index.php\/2024\/09\/30\/apos-cinco-anos-em-queda-numero-de-servidores-volta-a-crescer-com-lula\/"},"wordCount":1714,"commentCount":0,"publisher":{"@id":"https:\/\/jornalfatosenoticias.com.br\/#organization"},"image":{"@id":"https:\/\/jornalfatosenoticias.com.br\/index.php\/2024\/09\/30\/apos-cinco-anos-em-queda-numero-de-servidores-volta-a-crescer-com-lula\/#primaryimage"},"thumbnailUrl":"https:\/\/jornalfatosenoticias.com.br\/wp-content\/uploads\/2024\/09\/molusco_gettyimages.jpg","keywords":["Dilma Rousseff","governo federal","Jair Bolsonaro","Lula","Michel Temer","Paulo Guedes","reforma administrativa","servidores p\u00fablicos"],"articleSection":["Economia"],"inLanguage":"pt-BR","potentialAction":[{"@type":"CommentAction","name":"Comment","target":["https:\/\/jornalfatosenoticias.com.br\/index.php\/2024\/09\/30\/apos-cinco-anos-em-queda-numero-de-servidores-volta-a-crescer-com-lula\/#respond"]}]},{"@type":"WebPage","@id":"https:\/\/jornalfatosenoticias.com.br\/index.php\/2024\/09\/30\/apos-cinco-anos-em-queda-numero-de-servidores-volta-a-crescer-com-lula\/","url":"https:\/\/jornalfatosenoticias.com.br\/index.php\/2024\/09\/30\/apos-cinco-anos-em-queda-numero-de-servidores-volta-a-crescer-com-lula\/","name":"Ap\u00f3s cinco anos em queda, n\u00famero de servidores volta a crescer com Lula - Jornal Fatos e Not\u00edcias","isPartOf":{"@id":"https:\/\/jornalfatosenoticias.com.br\/#website"},"primaryImageOfPage":{"@id":"https:\/\/jornalfatosenoticias.com.br\/index.php\/2024\/09\/30\/apos-cinco-anos-em-queda-numero-de-servidores-volta-a-crescer-com-lula\/#primaryimage"},"image":{"@id":"https:\/\/jornalfatosenoticias.com.br\/index.php\/2024\/09\/30\/apos-cinco-anos-em-queda-numero-de-servidores-volta-a-crescer-com-lula\/#primaryimage"},"thumbnailUrl":"https:\/\/jornalfatosenoticias.com.br\/wp-content\/uploads\/2024\/09\/molusco_gettyimages.jpg","datePublished":"2024-09-30T14:08:16+00:00","dateModified":"2024-09-30T14:08:17+00:00","breadcrumb":{"@id":"https:\/\/jornalfatosenoticias.com.br\/index.php\/2024\/09\/30\/apos-cinco-anos-em-queda-numero-de-servidores-volta-a-crescer-com-lula\/#breadcrumb"},"inLanguage":"pt-BR","potentialAction":[{"@type":"ReadAction","target":["https:\/\/jornalfatosenoticias.com.br\/index.php\/2024\/09\/30\/apos-cinco-anos-em-queda-numero-de-servidores-volta-a-crescer-com-lula\/"]}]},{"@type":"ImageObject","inLanguage":"pt-BR","@id":"https:\/\/jornalfatosenoticias.com.br\/index.php\/2024\/09\/30\/apos-cinco-anos-em-queda-numero-de-servidores-volta-a-crescer-com-lula\/#primaryimage","url":"https:\/\/jornalfatosenoticias.com.br\/wp-content\/uploads\/2024\/09\/molusco_gettyimages.jpg","contentUrl":"https:\/\/jornalfatosenoticias.com.br\/wp-content\/uploads\/2024\/09\/molusco_gettyimages.jpg","width":612,"height":408,"caption":"RIO DE JANEIRO, BRAZIL - JUNE 11: President of Brazil Luis In\u00e1cio Lula Da Silva gestures during the award ceremony of the 18th Brazilian Mathematic Olympic of public schools on June 11, 2024 in Rio de Janeiro, Brazil. (Photo by Buda Mendes\/Getty Images)"},{"@type":"BreadcrumbList","@id":"https:\/\/jornalfatosenoticias.com.br\/index.php\/2024\/09\/30\/apos-cinco-anos-em-queda-numero-de-servidores-volta-a-crescer-com-lula\/#breadcrumb","itemListElement":[{"@type":"ListItem","position":1,"name":"In\u00edcio","item":"https:\/\/jornalfatosenoticias.com.br\/"},{"@type":"ListItem","position":2,"name":"Ap\u00f3s cinco anos em queda, n\u00famero de servidores volta a crescer com Lula"}]},{"@type":"WebSite","@id":"https:\/\/jornalfatosenoticias.com.br\/#website","url":"https:\/\/jornalfatosenoticias.com.br\/","name":"Jornal Fatos e Not\u00edcias","description":"Not\u00edcias em geral","publisher":{"@id":"https:\/\/jornalfatosenoticias.com.br\/#organization"},"potentialAction":[{"@type":"SearchAction","target":{"@type":"EntryPoint","urlTemplate":"https:\/\/jornalfatosenoticias.com.br\/?s={search_term_string}"},"query-input":{"@type":"PropertyValueSpecification","valueRequired":true,"valueName":"search_term_string"}}],"inLanguage":"pt-BR"},{"@type":"Organization","@id":"https:\/\/jornalfatosenoticias.com.br\/#organization","name":"Jornal Fatos e Not\u00edcias","url":"https:\/\/jornalfatosenoticias.com.br\/","logo":{"@type":"ImageObject","inLanguage":"pt-BR","@id":"https:\/\/jornalfatosenoticias.com.br\/#\/schema\/logo\/image\/","url":"https:\/\/jornalfatosenoticias.com.br\/wp-content\/uploads\/2020\/02\/logo120.png","contentUrl":"https:\/\/jornalfatosenoticias.com.br\/wp-content\/uploads\/2020\/02\/logo120.png","width":1227,"height":120,"caption":"Jornal Fatos e Not\u00edcias"},"image":{"@id":"https:\/\/jornalfatosenoticias.com.br\/#\/schema\/logo\/image\/"}},{"@type":"Person","@id":"https:\/\/jornalfatosenoticias.com.br\/#\/schema\/person\/d63837fa13ac8666eb9e74e0985d6f81","name":"Luzimara Fernandes","image":{"@type":"ImageObject","inLanguage":"pt-BR","@id":"https:\/\/jornalfatosenoticias.com.br\/#\/schema\/person\/image\/","url":"https:\/\/jornalfatosenoticias.com.br\/wp-content\/uploads\/2025\/05\/EU_portal.jpg","contentUrl":"https:\/\/jornalfatosenoticias.com.br\/wp-content\/uploads\/2025\/05\/EU_portal.jpg","caption":"Luzimara Fernandes"},"description":"Jornalista MTB 2358-ES","sameAs":["https:\/\/jornalfatosenoticias.com.br"],"url":"https:\/\/jornalfatosenoticias.com.br\/index.php\/author\/luzimara\/"}]}},"cc_featured_image_caption":{"caption_text":"(Foto: Getty Images)","source_text":"","source_url":""},"jetpack_featured_media_url":"https:\/\/jornalfatosenoticias.com.br\/wp-content\/uploads\/2024\/09\/molusco_gettyimages.jpg","_links":{"self":[{"href":"https:\/\/jornalfatosenoticias.com.br\/index.php\/wp-json\/wp\/v2\/posts\/54556","targetHints":{"allow":["GET"]}}],"collection":[{"href":"https:\/\/jornalfatosenoticias.com.br\/index.php\/wp-json\/wp\/v2\/posts"}],"about":[{"href":"https:\/\/jornalfatosenoticias.com.br\/index.php\/wp-json\/wp\/v2\/types\/post"}],"author":[{"embeddable":true,"href":"https:\/\/jornalfatosenoticias.com.br\/index.php\/wp-json\/wp\/v2\/users\/2"}],"replies":[{"embeddable":true,"href":"https:\/\/jornalfatosenoticias.com.br\/index.php\/wp-json\/wp\/v2\/comments?post=54556"}],"version-history":[{"count":0,"href":"https:\/\/jornalfatosenoticias.com.br\/index.php\/wp-json\/wp\/v2\/posts\/54556\/revisions"}],"wp:featuredmedia":[{"embeddable":true,"href":"https:\/\/jornalfatosenoticias.com.br\/index.php\/wp-json\/wp\/v2\/media\/54557"}],"wp:attachment":[{"href":"https:\/\/jornalfatosenoticias.com.br\/index.php\/wp-json\/wp\/v2\/media?parent=54556"}],"wp:term":[{"taxonomy":"category","embeddable":true,"href":"https:\/\/jornalfatosenoticias.com.br\/index.php\/wp-json\/wp\/v2\/categories?post=54556"},{"taxonomy":"post_tag","embeddable":true,"href":"https:\/\/jornalfatosenoticias.com.br\/index.php\/wp-json\/wp\/v2\/tags?post=54556"}],"curies":[{"name":"wp","href":"https:\/\/api.w.org\/{rel}","templated":true}]}}