{"id":54562,"date":"2024-09-30T14:08:54","date_gmt":"2024-09-30T17:08:54","guid":{"rendered":"https:\/\/jornalfatosenoticias.com.br\/?p=54562"},"modified":"2024-09-30T14:08:55","modified_gmt":"2024-09-30T17:08:55","slug":"mais-um-terremoto-e-registrado-no-agreste-de-pernambuco","status":"publish","type":"post","link":"https:\/\/jornalfatosenoticias.com.br\/index.php\/2024\/09\/30\/mais-um-terremoto-e-registrado-no-agreste-de-pernambuco\/","title":{"rendered":"Mais um terremoto \u00e9 registrado no agreste de Pernambuco"},"content":{"rendered":"\n<div class=\"wp-block-image\"><figure class=\"aligncenter size-large\"><a href=\"https:\/\/panper.com.br\/\"><img loading=\"lazy\" decoding=\"async\" width=\"1024\" height=\"111\" src=\"https:\/\/jornalfatosenoticias.com.br\/wp-content\/uploads\/2020\/02\/WhatsApp-Image-2022-09-23-at-12.09.18-1024x111.jpeg\" alt=\"\" class=\"wp-image-34527\" srcset=\"https:\/\/jornalfatosenoticias.com.br\/wp-content\/uploads\/2020\/02\/WhatsApp-Image-2022-09-23-at-12.09.18-1024x111.jpeg 1024w, https:\/\/jornalfatosenoticias.com.br\/wp-content\/uploads\/2020\/02\/WhatsApp-Image-2022-09-23-at-12.09.18-300x32.jpeg 300w, https:\/\/jornalfatosenoticias.com.br\/wp-content\/uploads\/2020\/02\/WhatsApp-Image-2022-09-23-at-12.09.18-768x83.jpeg 768w, https:\/\/jornalfatosenoticias.com.br\/wp-content\/uploads\/2020\/02\/WhatsApp-Image-2022-09-23-at-12.09.18.jpeg 1121w\" sizes=\"auto, (max-width: 1024px) 100vw, 1024px\" \/><\/a><\/figure><\/div>\n\n\n\n<p>Mais um tremor de terra foi registrado em Caruaru, no Agreste de Pernambuco, no \u00faltimo fim de semana. De acordo com o Laborat\u00f3rio Sismol\u00f3gico da Universidade Federal do Rio Grande do Norte (UFRN), o fen\u00f4meno ocorreu no s\u00e1bado (28), \u00e0s 00h46 (hor\u00e1rio de Bras\u00edlia), com magnitude preliminar de 1.6 na escala Richter. Esse foi o terceiro tremor na regi\u00e3o durante o m\u00eas de setembro. O abalo anterior ocorreu no dia 22, \u00e0s 14h38, com magnitude de 1.5, e outro foi registrado no dia 16, \u00e0s 21h44.<\/p>\n\n\n\n<div class=\"wp-block-image\"><figure class=\"aligncenter size-large is-resized\"><a href=\"https:\/\/www.instagram.com\/ligadossaborespizzaria\/\"><img loading=\"lazy\" decoding=\"async\" src=\"https:\/\/jornalfatosenoticias.com.br\/wp-content\/uploads\/2024\/09\/WhatsApp-Image-2024-09-14-at-22.46.10-819x1024.jpeg\" alt=\"\" class=\"wp-image-54180\" width=\"276\" height=\"344\" srcset=\"https:\/\/jornalfatosenoticias.com.br\/wp-content\/uploads\/2024\/09\/WhatsApp-Image-2024-09-14-at-22.46.10-819x1024.jpeg 819w, https:\/\/jornalfatosenoticias.com.br\/wp-content\/uploads\/2024\/09\/WhatsApp-Image-2024-09-14-at-22.46.10-240x300.jpeg 240w, https:\/\/jornalfatosenoticias.com.br\/wp-content\/uploads\/2024\/09\/WhatsApp-Image-2024-09-14-at-22.46.10-768x960.jpeg 768w, https:\/\/jornalfatosenoticias.com.br\/wp-content\/uploads\/2024\/09\/WhatsApp-Image-2024-09-14-at-22.46.10.jpeg 1024w\" sizes=\"auto, (max-width: 276px) 100vw, 276px\" \/><\/a><\/figure><\/div>\n\n\n\n<p>A esta\u00e7\u00e3o sismol\u00f3gica NBCA, instalada na \u00e1rea, acompanha a atividade s\u00edsmica devido \u00e0 recorr\u00eancia desses eventos. Caruaru est\u00e1 localizada sobre a zona de cisalhamento Pernambuco-Leste, uma falha geol\u00f3gica respons\u00e1vel por movimenta\u00e7\u00f5es sismol\u00f3gicas frequentes na regi\u00e3o. Apesar disso, o Brasil, por estar em uma zona intraplaca, raramente registra terremotos de grande magnitude.<\/p>\n\n\n\n<div class=\"wp-block-image\"><figure class=\"aligncenter size-large is-resized\"><a href=\"https:\/\/hotelmarquetti.com.br\/\"><img loading=\"lazy\" decoding=\"async\" src=\"https:\/\/jornalfatosenoticias.com.br\/wp-content\/uploads\/2020\/02\/nova-logo-Marquetti.jpg\" alt=\"\" class=\"wp-image-22331\" width=\"316\" height=\"212\" srcset=\"https:\/\/jornalfatosenoticias.com.br\/wp-content\/uploads\/2020\/02\/nova-logo-Marquetti.jpg 643w, https:\/\/jornalfatosenoticias.com.br\/wp-content\/uploads\/2020\/02\/nova-logo-Marquetti-300x202.jpg 300w\" sizes=\"auto, (max-width: 316px) 100vw, 316px\" \/><\/a><\/figure><\/div>\n\n\n\n<p><strong><em>Fonte: <a href=\"https:\/\/gazetabrasil.com.br\/brasil\/2024\/09\/30\/mais-um-terremoto-e-registrado-no-agreste-de-pernambuco\/\">Gazeta Brasil<\/a><\/em><\/strong><\/p>\n","protected":false},"excerpt":{"rendered":"<p>Mais um tremor de terra foi registrado em Caruaru, no Agreste de Pernambuco, no \u00faltimo fim de semana. De acordo com o Laborat\u00f3rio Sismol\u00f3gico da Universidade Federal do Rio Grande do Norte (UFRN), o fen\u00f4meno ocorreu no s\u00e1bado (28), \u00e0s 00h46 (hor\u00e1rio de Bras\u00edlia), com magnitude preliminar de 1.6 na escala Richter. Esse foi o [&hellip;]<\/p>\n","protected":false},"author":2,"featured_media":54563,"comment_status":"open","ping_status":"open","sticky":false,"template":"","format":"standard","meta":{"footnotes":""},"categories":[5],"tags":[24880,24879,639,495,24881],"class_list":["post-54562","post","type-post","status-publish","format-standard","has-post-thumbnail","hentry","category-geral","tag-abalo-sismico","tag-agreste","tag-pernambuco","tag-terremoto","tag-tremor-de-terra"],"yoast_head":"<!-- This site is optimized with the Yoast SEO plugin v26.5 - https:\/\/yoast.com\/wordpress\/plugins\/seo\/ -->\n<title>Mais um terremoto \u00e9 registrado no agreste de Pernambuco - Jornal Fatos e Not\u00edcias<\/title>\n<meta name=\"robots\" content=\"index, follow, max-snippet:-1, max-image-preview:large, max-video-preview:-1\" \/>\n<link rel=\"canonical\" href=\"https:\/\/jornalfatosenoticias.com.br\/index.php\/2024\/09\/30\/mais-um-terremoto-e-registrado-no-agreste-de-pernambuco\/\" \/>\n<meta property=\"og:locale\" content=\"pt_BR\" \/>\n<meta property=\"og:type\" content=\"article\" \/>\n<meta property=\"og:title\" content=\"Mais um terremoto \u00e9 registrado no agreste de Pernambuco - Jornal Fatos e Not\u00edcias\" \/>\n<meta property=\"og:description\" content=\"Mais um tremor de terra foi registrado em Caruaru, no Agreste de Pernambuco, no \u00faltimo fim de semana. De acordo com o Laborat\u00f3rio Sismol\u00f3gico da Universidade Federal do Rio Grande do Norte (UFRN), o fen\u00f4meno ocorreu no s\u00e1bado (28), \u00e0s 00h46 (hor\u00e1rio de Bras\u00edlia), com magnitude preliminar de 1.6 na escala Richter. Esse foi o [&hellip;]\" \/>\n<meta property=\"og:url\" content=\"https:\/\/jornalfatosenoticias.com.br\/index.php\/2024\/09\/30\/mais-um-terremoto-e-registrado-no-agreste-de-pernambuco\/\" \/>\n<meta property=\"og:site_name\" content=\"Jornal Fatos e Not\u00edcias\" \/>\n<meta property=\"article:published_time\" content=\"2024-09-30T17:08:54+00:00\" \/>\n<meta property=\"article:modified_time\" content=\"2024-09-30T17:08:55+00:00\" \/>\n<meta property=\"og:image\" content=\"https:\/\/jornalfatosenoticias.com.br\/wp-content\/uploads\/2024\/09\/terremoto_Pernambuco_istock.jpg\" \/>\n\t<meta property=\"og:image:width\" content=\"612\" \/>\n\t<meta property=\"og:image:height\" content=\"335\" \/>\n\t<meta property=\"og:image:type\" content=\"image\/jpeg\" \/>\n<meta name=\"author\" content=\"Luzimara Fernandes\" \/>\n<meta name=\"twitter:card\" content=\"summary_large_image\" \/>\n<meta name=\"twitter:label1\" content=\"Escrito por\" \/>\n\t<meta name=\"twitter:data1\" content=\"Luzimara Fernandes\" \/>\n\t<meta name=\"twitter:label2\" content=\"Est. tempo de leitura\" \/>\n\t<meta name=\"twitter:data2\" content=\"1 minuto\" \/>\n<script type=\"application\/ld+json\" class=\"yoast-schema-graph\">{\"@context\":\"https:\/\/schema.org\",\"@graph\":[{\"@type\":\"Article\",\"@id\":\"https:\/\/jornalfatosenoticias.com.br\/index.php\/2024\/09\/30\/mais-um-terremoto-e-registrado-no-agreste-de-pernambuco\/#article\",\"isPartOf\":{\"@id\":\"https:\/\/jornalfatosenoticias.com.br\/index.php\/2024\/09\/30\/mais-um-terremoto-e-registrado-no-agreste-de-pernambuco\/\"},\"author\":{\"name\":\"Luzimara Fernandes\",\"@id\":\"https:\/\/jornalfatosenoticias.com.br\/#\/schema\/person\/d63837fa13ac8666eb9e74e0985d6f81\"},\"headline\":\"Mais um terremoto \u00e9 registrado no agreste de Pernambuco\",\"datePublished\":\"2024-09-30T17:08:54+00:00\",\"dateModified\":\"2024-09-30T17:08:55+00:00\",\"mainEntityOfPage\":{\"@id\":\"https:\/\/jornalfatosenoticias.com.br\/index.php\/2024\/09\/30\/mais-um-terremoto-e-registrado-no-agreste-de-pernambuco\/\"},\"wordCount\":159,\"commentCount\":0,\"publisher\":{\"@id\":\"https:\/\/jornalfatosenoticias.com.br\/#organization\"},\"image\":{\"@id\":\"https:\/\/jornalfatosenoticias.com.br\/index.php\/2024\/09\/30\/mais-um-terremoto-e-registrado-no-agreste-de-pernambuco\/#primaryimage\"},\"thumbnailUrl\":\"https:\/\/jornalfatosenoticias.com.br\/wp-content\/uploads\/2024\/09\/terremoto_Pernambuco_istock.jpg\",\"keywords\":[\"abalo s\u00edsmico\",\"agreste\",\"Pernambuco\",\"terremoto\",\"tremor de terra\"],\"articleSection\":[\"Geral\"],\"inLanguage\":\"pt-BR\",\"potentialAction\":[{\"@type\":\"CommentAction\",\"name\":\"Comment\",\"target\":[\"https:\/\/jornalfatosenoticias.com.br\/index.php\/2024\/09\/30\/mais-um-terremoto-e-registrado-no-agreste-de-pernambuco\/#respond\"]}]},{\"@type\":\"WebPage\",\"@id\":\"https:\/\/jornalfatosenoticias.com.br\/index.php\/2024\/09\/30\/mais-um-terremoto-e-registrado-no-agreste-de-pernambuco\/\",\"url\":\"https:\/\/jornalfatosenoticias.com.br\/index.php\/2024\/09\/30\/mais-um-terremoto-e-registrado-no-agreste-de-pernambuco\/\",\"name\":\"Mais um terremoto \u00e9 registrado no agreste de Pernambuco - Jornal Fatos e Not\u00edcias\",\"isPartOf\":{\"@id\":\"https:\/\/jornalfatosenoticias.com.br\/#website\"},\"primaryImageOfPage\":{\"@id\":\"https:\/\/jornalfatosenoticias.com.br\/index.php\/2024\/09\/30\/mais-um-terremoto-e-registrado-no-agreste-de-pernambuco\/#primaryimage\"},\"image\":{\"@id\":\"https:\/\/jornalfatosenoticias.com.br\/index.php\/2024\/09\/30\/mais-um-terremoto-e-registrado-no-agreste-de-pernambuco\/#primaryimage\"},\"thumbnailUrl\":\"https:\/\/jornalfatosenoticias.com.br\/wp-content\/uploads\/2024\/09\/terremoto_Pernambuco_istock.jpg\",\"datePublished\":\"2024-09-30T17:08:54+00:00\",\"dateModified\":\"2024-09-30T17:08:55+00:00\",\"breadcrumb\":{\"@id\":\"https:\/\/jornalfatosenoticias.com.br\/index.php\/2024\/09\/30\/mais-um-terremoto-e-registrado-no-agreste-de-pernambuco\/#breadcrumb\"},\"inLanguage\":\"pt-BR\",\"potentialAction\":[{\"@type\":\"ReadAction\",\"target\":[\"https:\/\/jornalfatosenoticias.com.br\/index.php\/2024\/09\/30\/mais-um-terremoto-e-registrado-no-agreste-de-pernambuco\/\"]}]},{\"@type\":\"ImageObject\",\"inLanguage\":\"pt-BR\",\"@id\":\"https:\/\/jornalfatosenoticias.com.br\/index.php\/2024\/09\/30\/mais-um-terremoto-e-registrado-no-agreste-de-pernambuco\/#primaryimage\",\"url\":\"https:\/\/jornalfatosenoticias.com.br\/wp-content\/uploads\/2024\/09\/terremoto_Pernambuco_istock.jpg\",\"contentUrl\":\"https:\/\/jornalfatosenoticias.com.br\/wp-content\/uploads\/2024\/09\/terremoto_Pernambuco_istock.jpg\",\"width\":612,\"height\":335,\"caption\":\"salvador, bahia \/ brazil - november 16, 2017: cracked earth is seen in place of a dry lake in the city of Salvador.\"},{\"@type\":\"BreadcrumbList\",\"@id\":\"https:\/\/jornalfatosenoticias.com.br\/index.php\/2024\/09\/30\/mais-um-terremoto-e-registrado-no-agreste-de-pernambuco\/#breadcrumb\",\"itemListElement\":[{\"@type\":\"ListItem\",\"position\":1,\"name\":\"In\u00edcio\",\"item\":\"https:\/\/jornalfatosenoticias.com.br\/\"},{\"@type\":\"ListItem\",\"position\":2,\"name\":\"Mais um terremoto \u00e9 registrado no agreste de Pernambuco\"}]},{\"@type\":\"WebSite\",\"@id\":\"https:\/\/jornalfatosenoticias.com.br\/#website\",\"url\":\"https:\/\/jornalfatosenoticias.com.br\/\",\"name\":\"Jornal Fatos e Not\u00edcias\",\"description\":\"Not\u00edcias em geral\",\"publisher\":{\"@id\":\"https:\/\/jornalfatosenoticias.com.br\/#organization\"},\"potentialAction\":[{\"@type\":\"SearchAction\",\"target\":{\"@type\":\"EntryPoint\",\"urlTemplate\":\"https:\/\/jornalfatosenoticias.com.br\/?s={search_term_string}\"},\"query-input\":{\"@type\":\"PropertyValueSpecification\",\"valueRequired\":true,\"valueName\":\"search_term_string\"}}],\"inLanguage\":\"pt-BR\"},{\"@type\":\"Organization\",\"@id\":\"https:\/\/jornalfatosenoticias.com.br\/#organization\",\"name\":\"Jornal Fatos e Not\u00edcias\",\"url\":\"https:\/\/jornalfatosenoticias.com.br\/\",\"logo\":{\"@type\":\"ImageObject\",\"inLanguage\":\"pt-BR\",\"@id\":\"https:\/\/jornalfatosenoticias.com.br\/#\/schema\/logo\/image\/\",\"url\":\"https:\/\/jornalfatosenoticias.com.br\/wp-content\/uploads\/2020\/02\/logo120.png\",\"contentUrl\":\"https:\/\/jornalfatosenoticias.com.br\/wp-content\/uploads\/2020\/02\/logo120.png\",\"width\":1227,\"height\":120,\"caption\":\"Jornal Fatos e Not\u00edcias\"},\"image\":{\"@id\":\"https:\/\/jornalfatosenoticias.com.br\/#\/schema\/logo\/image\/\"}},{\"@type\":\"Person\",\"@id\":\"https:\/\/jornalfatosenoticias.com.br\/#\/schema\/person\/d63837fa13ac8666eb9e74e0985d6f81\",\"name\":\"Luzimara Fernandes\",\"image\":{\"@type\":\"ImageObject\",\"inLanguage\":\"pt-BR\",\"@id\":\"https:\/\/jornalfatosenoticias.com.br\/#\/schema\/person\/image\/\",\"url\":\"https:\/\/jornalfatosenoticias.com.br\/wp-content\/uploads\/2025\/05\/EU_portal.jpg\",\"contentUrl\":\"https:\/\/jornalfatosenoticias.com.br\/wp-content\/uploads\/2025\/05\/EU_portal.jpg\",\"caption\":\"Luzimara Fernandes\"},\"description\":\"Jornalista MTB 2358-ES\",\"sameAs\":[\"https:\/\/jornalfatosenoticias.com.br\"],\"url\":\"https:\/\/jornalfatosenoticias.com.br\/index.php\/author\/luzimara\/\"}]}<\/script>\n<!-- \/ Yoast SEO plugin. -->","yoast_head_json":{"title":"Mais um terremoto \u00e9 registrado no agreste de Pernambuco - Jornal Fatos e Not\u00edcias","robots":{"index":"index","follow":"follow","max-snippet":"max-snippet:-1","max-image-preview":"max-image-preview:large","max-video-preview":"max-video-preview:-1"},"canonical":"https:\/\/jornalfatosenoticias.com.br\/index.php\/2024\/09\/30\/mais-um-terremoto-e-registrado-no-agreste-de-pernambuco\/","og_locale":"pt_BR","og_type":"article","og_title":"Mais um terremoto \u00e9 registrado no agreste de Pernambuco - Jornal Fatos e Not\u00edcias","og_description":"Mais um tremor de terra foi registrado em Caruaru, no Agreste de Pernambuco, no \u00faltimo fim de semana. De acordo com o Laborat\u00f3rio Sismol\u00f3gico da Universidade Federal do Rio Grande do Norte (UFRN), o fen\u00f4meno ocorreu no s\u00e1bado (28), \u00e0s 00h46 (hor\u00e1rio de Bras\u00edlia), com magnitude preliminar de 1.6 na escala Richter. Esse foi o [&hellip;]","og_url":"https:\/\/jornalfatosenoticias.com.br\/index.php\/2024\/09\/30\/mais-um-terremoto-e-registrado-no-agreste-de-pernambuco\/","og_site_name":"Jornal Fatos e Not\u00edcias","article_published_time":"2024-09-30T17:08:54+00:00","article_modified_time":"2024-09-30T17:08:55+00:00","og_image":[{"width":612,"height":335,"url":"https:\/\/jornalfatosenoticias.com.br\/wp-content\/uploads\/2024\/09\/terremoto_Pernambuco_istock.jpg","type":"image\/jpeg"}],"author":"Luzimara Fernandes","twitter_card":"summary_large_image","twitter_misc":{"Escrito por":"Luzimara Fernandes","Est. tempo de leitura":"1 minuto"},"schema":{"@context":"https:\/\/schema.org","@graph":[{"@type":"Article","@id":"https:\/\/jornalfatosenoticias.com.br\/index.php\/2024\/09\/30\/mais-um-terremoto-e-registrado-no-agreste-de-pernambuco\/#article","isPartOf":{"@id":"https:\/\/jornalfatosenoticias.com.br\/index.php\/2024\/09\/30\/mais-um-terremoto-e-registrado-no-agreste-de-pernambuco\/"},"author":{"name":"Luzimara Fernandes","@id":"https:\/\/jornalfatosenoticias.com.br\/#\/schema\/person\/d63837fa13ac8666eb9e74e0985d6f81"},"headline":"Mais um terremoto \u00e9 registrado no agreste de Pernambuco","datePublished":"2024-09-30T17:08:54+00:00","dateModified":"2024-09-30T17:08:55+00:00","mainEntityOfPage":{"@id":"https:\/\/jornalfatosenoticias.com.br\/index.php\/2024\/09\/30\/mais-um-terremoto-e-registrado-no-agreste-de-pernambuco\/"},"wordCount":159,"commentCount":0,"publisher":{"@id":"https:\/\/jornalfatosenoticias.com.br\/#organization"},"image":{"@id":"https:\/\/jornalfatosenoticias.com.br\/index.php\/2024\/09\/30\/mais-um-terremoto-e-registrado-no-agreste-de-pernambuco\/#primaryimage"},"thumbnailUrl":"https:\/\/jornalfatosenoticias.com.br\/wp-content\/uploads\/2024\/09\/terremoto_Pernambuco_istock.jpg","keywords":["abalo s\u00edsmico","agreste","Pernambuco","terremoto","tremor de terra"],"articleSection":["Geral"],"inLanguage":"pt-BR","potentialAction":[{"@type":"CommentAction","name":"Comment","target":["https:\/\/jornalfatosenoticias.com.br\/index.php\/2024\/09\/30\/mais-um-terremoto-e-registrado-no-agreste-de-pernambuco\/#respond"]}]},{"@type":"WebPage","@id":"https:\/\/jornalfatosenoticias.com.br\/index.php\/2024\/09\/30\/mais-um-terremoto-e-registrado-no-agreste-de-pernambuco\/","url":"https:\/\/jornalfatosenoticias.com.br\/index.php\/2024\/09\/30\/mais-um-terremoto-e-registrado-no-agreste-de-pernambuco\/","name":"Mais um terremoto \u00e9 registrado no agreste de Pernambuco - Jornal Fatos e Not\u00edcias","isPartOf":{"@id":"https:\/\/jornalfatosenoticias.com.br\/#website"},"primaryImageOfPage":{"@id":"https:\/\/jornalfatosenoticias.com.br\/index.php\/2024\/09\/30\/mais-um-terremoto-e-registrado-no-agreste-de-pernambuco\/#primaryimage"},"image":{"@id":"https:\/\/jornalfatosenoticias.com.br\/index.php\/2024\/09\/30\/mais-um-terremoto-e-registrado-no-agreste-de-pernambuco\/#primaryimage"},"thumbnailUrl":"https:\/\/jornalfatosenoticias.com.br\/wp-content\/uploads\/2024\/09\/terremoto_Pernambuco_istock.jpg","datePublished":"2024-09-30T17:08:54+00:00","dateModified":"2024-09-30T17:08:55+00:00","breadcrumb":{"@id":"https:\/\/jornalfatosenoticias.com.br\/index.php\/2024\/09\/30\/mais-um-terremoto-e-registrado-no-agreste-de-pernambuco\/#breadcrumb"},"inLanguage":"pt-BR","potentialAction":[{"@type":"ReadAction","target":["https:\/\/jornalfatosenoticias.com.br\/index.php\/2024\/09\/30\/mais-um-terremoto-e-registrado-no-agreste-de-pernambuco\/"]}]},{"@type":"ImageObject","inLanguage":"pt-BR","@id":"https:\/\/jornalfatosenoticias.com.br\/index.php\/2024\/09\/30\/mais-um-terremoto-e-registrado-no-agreste-de-pernambuco\/#primaryimage","url":"https:\/\/jornalfatosenoticias.com.br\/wp-content\/uploads\/2024\/09\/terremoto_Pernambuco_istock.jpg","contentUrl":"https:\/\/jornalfatosenoticias.com.br\/wp-content\/uploads\/2024\/09\/terremoto_Pernambuco_istock.jpg","width":612,"height":335,"caption":"salvador, bahia \/ brazil - november 16, 2017: cracked earth is seen in place of a dry lake in the city of Salvador."},{"@type":"BreadcrumbList","@id":"https:\/\/jornalfatosenoticias.com.br\/index.php\/2024\/09\/30\/mais-um-terremoto-e-registrado-no-agreste-de-pernambuco\/#breadcrumb","itemListElement":[{"@type":"ListItem","position":1,"name":"In\u00edcio","item":"https:\/\/jornalfatosenoticias.com.br\/"},{"@type":"ListItem","position":2,"name":"Mais um terremoto \u00e9 registrado no agreste de Pernambuco"}]},{"@type":"WebSite","@id":"https:\/\/jornalfatosenoticias.com.br\/#website","url":"https:\/\/jornalfatosenoticias.com.br\/","name":"Jornal Fatos e Not\u00edcias","description":"Not\u00edcias em geral","publisher":{"@id":"https:\/\/jornalfatosenoticias.com.br\/#organization"},"potentialAction":[{"@type":"SearchAction","target":{"@type":"EntryPoint","urlTemplate":"https:\/\/jornalfatosenoticias.com.br\/?s={search_term_string}"},"query-input":{"@type":"PropertyValueSpecification","valueRequired":true,"valueName":"search_term_string"}}],"inLanguage":"pt-BR"},{"@type":"Organization","@id":"https:\/\/jornalfatosenoticias.com.br\/#organization","name":"Jornal Fatos e Not\u00edcias","url":"https:\/\/jornalfatosenoticias.com.br\/","logo":{"@type":"ImageObject","inLanguage":"pt-BR","@id":"https:\/\/jornalfatosenoticias.com.br\/#\/schema\/logo\/image\/","url":"https:\/\/jornalfatosenoticias.com.br\/wp-content\/uploads\/2020\/02\/logo120.png","contentUrl":"https:\/\/jornalfatosenoticias.com.br\/wp-content\/uploads\/2020\/02\/logo120.png","width":1227,"height":120,"caption":"Jornal Fatos e Not\u00edcias"},"image":{"@id":"https:\/\/jornalfatosenoticias.com.br\/#\/schema\/logo\/image\/"}},{"@type":"Person","@id":"https:\/\/jornalfatosenoticias.com.br\/#\/schema\/person\/d63837fa13ac8666eb9e74e0985d6f81","name":"Luzimara Fernandes","image":{"@type":"ImageObject","inLanguage":"pt-BR","@id":"https:\/\/jornalfatosenoticias.com.br\/#\/schema\/person\/image\/","url":"https:\/\/jornalfatosenoticias.com.br\/wp-content\/uploads\/2025\/05\/EU_portal.jpg","contentUrl":"https:\/\/jornalfatosenoticias.com.br\/wp-content\/uploads\/2025\/05\/EU_portal.jpg","caption":"Luzimara Fernandes"},"description":"Jornalista MTB 2358-ES","sameAs":["https:\/\/jornalfatosenoticias.com.br"],"url":"https:\/\/jornalfatosenoticias.com.br\/index.php\/author\/luzimara\/"}]}},"cc_featured_image_caption":{"caption_text":"(Foto: iStock)","source_text":"","source_url":""},"jetpack_featured_media_url":"https:\/\/jornalfatosenoticias.com.br\/wp-content\/uploads\/2024\/09\/terremoto_Pernambuco_istock.jpg","_links":{"self":[{"href":"https:\/\/jornalfatosenoticias.com.br\/index.php\/wp-json\/wp\/v2\/posts\/54562","targetHints":{"allow":["GET"]}}],"collection":[{"href":"https:\/\/jornalfatosenoticias.com.br\/index.php\/wp-json\/wp\/v2\/posts"}],"about":[{"href":"https:\/\/jornalfatosenoticias.com.br\/index.php\/wp-json\/wp\/v2\/types\/post"}],"author":[{"embeddable":true,"href":"https:\/\/jornalfatosenoticias.com.br\/index.php\/wp-json\/wp\/v2\/users\/2"}],"replies":[{"embeddable":true,"href":"https:\/\/jornalfatosenoticias.com.br\/index.php\/wp-json\/wp\/v2\/comments?post=54562"}],"version-history":[{"count":0,"href":"https:\/\/jornalfatosenoticias.com.br\/index.php\/wp-json\/wp\/v2\/posts\/54562\/revisions"}],"wp:featuredmedia":[{"embeddable":true,"href":"https:\/\/jornalfatosenoticias.com.br\/index.php\/wp-json\/wp\/v2\/media\/54563"}],"wp:attachment":[{"href":"https:\/\/jornalfatosenoticias.com.br\/index.php\/wp-json\/wp\/v2\/media?parent=54562"}],"wp:term":[{"taxonomy":"category","embeddable":true,"href":"https:\/\/jornalfatosenoticias.com.br\/index.php\/wp-json\/wp\/v2\/categories?post=54562"},{"taxonomy":"post_tag","embeddable":true,"href":"https:\/\/jornalfatosenoticias.com.br\/index.php\/wp-json\/wp\/v2\/tags?post=54562"}],"curies":[{"name":"wp","href":"https:\/\/api.w.org\/{rel}","templated":true}]}}