{"id":54575,"date":"2024-10-01T14:07:17","date_gmt":"2024-10-01T17:07:17","guid":{"rendered":"https:\/\/jornalfatosenoticias.com.br\/?p=54575"},"modified":"2024-10-01T14:07:18","modified_gmt":"2024-10-01T17:07:18","slug":"colegio-publico-de-sp-fica-no-top-3-das-melhores-escolas-do-mundo","status":"publish","type":"post","link":"https:\/\/jornalfatosenoticias.com.br\/index.php\/2024\/10\/01\/colegio-publico-de-sp-fica-no-top-3-das-melhores-escolas-do-mundo\/","title":{"rendered":"Col\u00e9gio p\u00fablico de SP fica no Top 3 das melhores escolas do mundo"},"content":{"rendered":"\n<p><span class=\"has-inline-color has-black-color\">Por <strong>Renata Dias<\/strong><\/span><\/p>\n\n\n\n<div class=\"wp-block-image\"><figure class=\"aligncenter size-large\"><a href=\"https:\/\/mizu.com.br\/\"><img loading=\"lazy\" decoding=\"async\" width=\"729\" height=\"90\" src=\"https:\/\/jornalfatosenoticias.com.br\/wp-content\/uploads\/2020\/02\/Logo_Mizu.png\" alt=\"\" class=\"wp-image-1441\" srcset=\"https:\/\/jornalfatosenoticias.com.br\/wp-content\/uploads\/2020\/02\/Logo_Mizu.png 729w, https:\/\/jornalfatosenoticias.com.br\/wp-content\/uploads\/2020\/02\/Logo_Mizu-300x37.png 300w\" sizes=\"auto, (max-width: 729px) 100vw, 729px\" \/><\/a><\/figure><\/div>\n\n\n\n<p>Um col\u00e9gio p\u00fablico de SP est\u00e1 no Top 3 das melhores escolas do mundo numa disputa com, pelo menos, 100. Tem aula de xadrez, atletismo e a gest\u00e3o \u00e9 comunit\u00e1ria. Essas s\u00e3o s\u00f3 algumas inova\u00e7\u00f5es da escola. A Escola Estadual Deputado Pedro Costa, na Vila Isolina Mazzei, zona norte de S\u00e3o Paulo, est\u00e1 entre as tr\u00eas finalistas no pr\u00eamio <em>World\u2019s Best School Prizes 2024<\/em>.<br>A escola atendeu todos os crit\u00e9rios exigidos pelo pr\u00eamio: lideran\u00e7a, engajamento, colabora\u00e7\u00e3o e aprendizagem diferenciada. Os mais de 300 alunos, do 1\u00ba ao 5\u00ba ano do ensino fundamental, t\u00eam aula pela manh\u00e3 e \u00e0 tarde. A categoria \u2018Colabora\u00e7\u00e3o Comunit\u00e1ria\u2019, em que a escola disputa o pr\u00eamio, foi criada para reconhecer o esfor\u00e7o do coletivo na educa\u00e7\u00e3o.<\/p>\n\n\n\n<div class=\"wp-block-image\"><figure class=\"aligncenter size-large\"><a href=\"https:\/\/cesconetto.com.br\/\"><img loading=\"lazy\" decoding=\"async\" width=\"300\" height=\"250\" src=\"https:\/\/jornalfatosenoticias.com.br\/wp-content\/uploads\/2020\/02\/Banner-2.png\" alt=\"\" class=\"wp-image-43787\"\/><\/a><\/figure><\/div>\n\n\n\n<p>A premia\u00e7\u00e3o \u00e9 oferecida, todo ano, por uma entidade educacional sediada no Reino Unido, a <em>T4 Education<\/em>. Em 24 de outubro, quando ser\u00e1 reconhecido o vitorioso, vai ser revelado o p\u00f3dio do <em>Community Choice Award<\/em>. A escolha \u00e9 feita por vota\u00e7\u00e3o p\u00fablica.<\/p>\n\n\n\n<div class=\"wp-block-image\"><figure class=\"aligncenter size-large is-resized\"><a href=\"https:\/\/www.legisjuris.com.br\/\"><img loading=\"lazy\" decoding=\"async\" src=\"https:\/\/jornalfatosenoticias.com.br\/wp-content\/uploads\/2024\/09\/Legis-Juris-Consultoria_logo.jpg\" alt=\"\" class=\"wp-image-53915\" width=\"437\" height=\"183\" srcset=\"https:\/\/jornalfatosenoticias.com.br\/wp-content\/uploads\/2024\/09\/Legis-Juris-Consultoria_logo.jpg 969w, https:\/\/jornalfatosenoticias.com.br\/wp-content\/uploads\/2024\/09\/Legis-Juris-Consultoria_logo-300x126.jpg 300w, https:\/\/jornalfatosenoticias.com.br\/wp-content\/uploads\/2024\/09\/Legis-Juris-Consultoria_logo-768x322.jpg 768w\" sizes=\"auto, (max-width: 437px) 100vw, 437px\" \/><\/a><\/figure><\/div>\n\n\n\n<p>Nos \u00faltimos anos, a escola tem se dedicado para estar entre as melhores do mundo. Pelo \u00faltimo \u00cdndice de Desenvolvimento da Educa\u00e7\u00e3o B\u00e1sica (Ideb), a escola subiu 422 posi\u00e7\u00f5es no ranking entre os 2211 col\u00e9gios de SP que oferecem os anos iniciais do ensino fundamental. Em 2019, a nota foi de 6,8 e, em 2023, o resultado subiu para 7,2. <\/p>\n\n\n\n<div class=\"wp-block-image\"><figure class=\"aligncenter size-large is-resized\"><a href=\"https:\/\/www.facebook.com\/postobkr\/?locale=pt_BR\"><img loading=\"lazy\" decoding=\"async\" src=\"https:\/\/jornalfatosenoticias.com.br\/wp-content\/uploads\/2023\/08\/BKR-1024x1021.jpg\" alt=\"\" class=\"wp-image-44494\" width=\"293\" height=\"292\" srcset=\"https:\/\/jornalfatosenoticias.com.br\/wp-content\/uploads\/2023\/08\/BKR-1024x1021.jpg 1024w, https:\/\/jornalfatosenoticias.com.br\/wp-content\/uploads\/2023\/08\/BKR-300x300.jpg 300w, https:\/\/jornalfatosenoticias.com.br\/wp-content\/uploads\/2023\/08\/BKR-150x150.jpg 150w, https:\/\/jornalfatosenoticias.com.br\/wp-content\/uploads\/2023\/08\/BKR-768x766.jpg 768w, https:\/\/jornalfatosenoticias.com.br\/wp-content\/uploads\/2023\/08\/BKR.jpg 1080w\" sizes=\"auto, (max-width: 293px) 100vw, 293px\" \/><\/a><\/figure><\/div>\n\n\n\n<blockquote class=\"wp-block-quote is-layout-flow wp-block-quote-is-layout-flow\"><p><span class=\"has-inline-color has-luminous-vivid-orange-color\">Estamos muito orgulhosos de mais uma etapa vencida\u201d, afirma secret\u00e1rio da Educa\u00e7\u00e3o do Estado, Renato Feder, segundo a <a href=\"https:\/\/istoedinheiro.com.br\/colegio-publico-de-sp-esta-no-top-3-de-premio-de-melhores-escolas-do-mundo\/\">Isto\u00e9Dinheiro<\/a>.<\/span><\/p><\/blockquote>\n\n\n\n<div class=\"wp-block-image\"><figure class=\"aligncenter size-large is-resized\"><a href=\"https:\/\/www.instagram.com\/ligadossaborespizzaria\/\"><img loading=\"lazy\" decoding=\"async\" src=\"https:\/\/jornalfatosenoticias.com.br\/wp-content\/uploads\/2024\/09\/WhatsApp-Image-2024-09-14-at-22.46.10-819x1024.jpeg\" alt=\"\" class=\"wp-image-54180\" width=\"283\" height=\"353\" srcset=\"https:\/\/jornalfatosenoticias.com.br\/wp-content\/uploads\/2024\/09\/WhatsApp-Image-2024-09-14-at-22.46.10-819x1024.jpeg 819w, https:\/\/jornalfatosenoticias.com.br\/wp-content\/uploads\/2024\/09\/WhatsApp-Image-2024-09-14-at-22.46.10-240x300.jpeg 240w, https:\/\/jornalfatosenoticias.com.br\/wp-content\/uploads\/2024\/09\/WhatsApp-Image-2024-09-14-at-22.46.10-768x960.jpeg 768w, https:\/\/jornalfatosenoticias.com.br\/wp-content\/uploads\/2024\/09\/WhatsApp-Image-2024-09-14-at-22.46.10.jpeg 1024w\" sizes=\"auto, (max-width: 283px) 100vw, 283px\" \/><\/a><\/figure><\/div>\n\n\n\n<p><span class=\"has-inline-color has-black-color\"><em>(<strong>Foto: <\/strong>Escola Estadual Pedro Costa\/Divulga\u00e7\u00e3o)<\/em><\/span><\/p>\n\n\n\n<p><strong><em>Fonte: <a href=\"https:\/\/www.sonoticiaboa.com.br\/2024\/09\/19\/colegio-publico-de-sp-fica-no-top-3-das-melhores-escolas-do-mundo\">S\u00f3 Not\u00edcia Boa<\/a><\/em><\/strong><\/p>\n","protected":false},"excerpt":{"rendered":"<p>Por Renata Dias Um col\u00e9gio p\u00fablico de SP est\u00e1 no Top 3 das melhores escolas do mundo numa disputa com, pelo menos, 100. Tem aula de xadrez, atletismo e a gest\u00e3o \u00e9 comunit\u00e1ria. Essas s\u00e3o s\u00f3 algumas inova\u00e7\u00f5es da escola. A Escola Estadual Deputado Pedro Costa, na Vila Isolina Mazzei, zona norte de S\u00e3o Paulo, [&hellip;]<\/p>\n","protected":false},"author":2,"featured_media":54576,"comment_status":"open","ping_status":"open","sticky":false,"template":"","format":"standard","meta":{"footnotes":""},"categories":[7],"tags":[24886,24885,3288,24884,2834,305],"class_list":["post-54575","post","type-post","status-publish","format-standard","has-post-thumbnail","hentry","category-educacao","tag-colegio-publico","tag-community-choice-award","tag-escola-publica","tag-premio-worlds-best-school-prizes-2024","tag-reino-unido","tag-sao-paulo"],"yoast_head":"<!-- This site is optimized with the Yoast SEO plugin v26.5 - https:\/\/yoast.com\/wordpress\/plugins\/seo\/ -->\n<title>Col\u00e9gio p\u00fablico de SP fica no Top 3 das melhores escolas do mundo - Jornal Fatos e Not\u00edcias<\/title>\n<meta name=\"robots\" content=\"index, follow, max-snippet:-1, max-image-preview:large, max-video-preview:-1\" \/>\n<link rel=\"canonical\" href=\"https:\/\/jornalfatosenoticias.com.br\/index.php\/2024\/10\/01\/colegio-publico-de-sp-fica-no-top-3-das-melhores-escolas-do-mundo\/\" \/>\n<meta property=\"og:locale\" content=\"pt_BR\" \/>\n<meta property=\"og:type\" content=\"article\" \/>\n<meta property=\"og:title\" content=\"Col\u00e9gio p\u00fablico de SP fica no Top 3 das melhores escolas do mundo - Jornal Fatos e Not\u00edcias\" \/>\n<meta property=\"og:description\" content=\"Por Renata Dias Um col\u00e9gio p\u00fablico de SP est\u00e1 no Top 3 das melhores escolas do mundo numa disputa com, pelo menos, 100. Tem aula de xadrez, atletismo e a gest\u00e3o \u00e9 comunit\u00e1ria. Essas s\u00e3o s\u00f3 algumas inova\u00e7\u00f5es da escola. A Escola Estadual Deputado Pedro Costa, na Vila Isolina Mazzei, zona norte de S\u00e3o Paulo, [&hellip;]\" \/>\n<meta property=\"og:url\" content=\"https:\/\/jornalfatosenoticias.com.br\/index.php\/2024\/10\/01\/colegio-publico-de-sp-fica-no-top-3-das-melhores-escolas-do-mundo\/\" \/>\n<meta property=\"og:site_name\" content=\"Jornal Fatos e Not\u00edcias\" \/>\n<meta property=\"article:published_time\" content=\"2024-10-01T17:07:17+00:00\" \/>\n<meta property=\"article:modified_time\" content=\"2024-10-01T17:07:18+00:00\" \/>\n<meta property=\"og:image\" content=\"https:\/\/jornalfatosenoticias.com.br\/wp-content\/uploads\/2024\/10\/escola-publica_SP.png\" \/>\n\t<meta property=\"og:image:width\" content=\"800\" \/>\n\t<meta property=\"og:image:height\" content=\"500\" \/>\n\t<meta property=\"og:image:type\" content=\"image\/png\" \/>\n<meta name=\"author\" content=\"Luzimara Fernandes\" \/>\n<meta name=\"twitter:card\" content=\"summary_large_image\" \/>\n<meta name=\"twitter:label1\" content=\"Escrito por\" \/>\n\t<meta name=\"twitter:data1\" content=\"Luzimara Fernandes\" \/>\n\t<meta name=\"twitter:label2\" content=\"Est. tempo de leitura\" \/>\n\t<meta name=\"twitter:data2\" content=\"1 minuto\" \/>\n<script type=\"application\/ld+json\" class=\"yoast-schema-graph\">{\"@context\":\"https:\/\/schema.org\",\"@graph\":[{\"@type\":\"Article\",\"@id\":\"https:\/\/jornalfatosenoticias.com.br\/index.php\/2024\/10\/01\/colegio-publico-de-sp-fica-no-top-3-das-melhores-escolas-do-mundo\/#article\",\"isPartOf\":{\"@id\":\"https:\/\/jornalfatosenoticias.com.br\/index.php\/2024\/10\/01\/colegio-publico-de-sp-fica-no-top-3-das-melhores-escolas-do-mundo\/\"},\"author\":{\"name\":\"Luzimara Fernandes\",\"@id\":\"https:\/\/jornalfatosenoticias.com.br\/#\/schema\/person\/d63837fa13ac8666eb9e74e0985d6f81\"},\"headline\":\"Col\u00e9gio p\u00fablico de SP fica no Top 3 das melhores escolas do mundo\",\"datePublished\":\"2024-10-01T17:07:17+00:00\",\"dateModified\":\"2024-10-01T17:07:18+00:00\",\"mainEntityOfPage\":{\"@id\":\"https:\/\/jornalfatosenoticias.com.br\/index.php\/2024\/10\/01\/colegio-publico-de-sp-fica-no-top-3-das-melhores-escolas-do-mundo\/\"},\"wordCount\":284,\"commentCount\":0,\"publisher\":{\"@id\":\"https:\/\/jornalfatosenoticias.com.br\/#organization\"},\"image\":{\"@id\":\"https:\/\/jornalfatosenoticias.com.br\/index.php\/2024\/10\/01\/colegio-publico-de-sp-fica-no-top-3-das-melhores-escolas-do-mundo\/#primaryimage\"},\"thumbnailUrl\":\"https:\/\/jornalfatosenoticias.com.br\/wp-content\/uploads\/2024\/10\/escola-publica_SP.png\",\"keywords\":[\"col\u00e9gio p\u00fablico\",\"Community Choice Award\",\"escola p\u00fablica\",\"pr\u00eamio World\u2019s Best School Prizes 2024\",\"Reino Unido\",\"S\u00e3o Paulo\"],\"articleSection\":[\"Educa\u00e7\u00e3o\"],\"inLanguage\":\"pt-BR\",\"potentialAction\":[{\"@type\":\"CommentAction\",\"name\":\"Comment\",\"target\":[\"https:\/\/jornalfatosenoticias.com.br\/index.php\/2024\/10\/01\/colegio-publico-de-sp-fica-no-top-3-das-melhores-escolas-do-mundo\/#respond\"]}]},{\"@type\":\"WebPage\",\"@id\":\"https:\/\/jornalfatosenoticias.com.br\/index.php\/2024\/10\/01\/colegio-publico-de-sp-fica-no-top-3-das-melhores-escolas-do-mundo\/\",\"url\":\"https:\/\/jornalfatosenoticias.com.br\/index.php\/2024\/10\/01\/colegio-publico-de-sp-fica-no-top-3-das-melhores-escolas-do-mundo\/\",\"name\":\"Col\u00e9gio p\u00fablico de SP fica no Top 3 das melhores escolas do mundo - Jornal Fatos e Not\u00edcias\",\"isPartOf\":{\"@id\":\"https:\/\/jornalfatosenoticias.com.br\/#website\"},\"primaryImageOfPage\":{\"@id\":\"https:\/\/jornalfatosenoticias.com.br\/index.php\/2024\/10\/01\/colegio-publico-de-sp-fica-no-top-3-das-melhores-escolas-do-mundo\/#primaryimage\"},\"image\":{\"@id\":\"https:\/\/jornalfatosenoticias.com.br\/index.php\/2024\/10\/01\/colegio-publico-de-sp-fica-no-top-3-das-melhores-escolas-do-mundo\/#primaryimage\"},\"thumbnailUrl\":\"https:\/\/jornalfatosenoticias.com.br\/wp-content\/uploads\/2024\/10\/escola-publica_SP.png\",\"datePublished\":\"2024-10-01T17:07:17+00:00\",\"dateModified\":\"2024-10-01T17:07:18+00:00\",\"breadcrumb\":{\"@id\":\"https:\/\/jornalfatosenoticias.com.br\/index.php\/2024\/10\/01\/colegio-publico-de-sp-fica-no-top-3-das-melhores-escolas-do-mundo\/#breadcrumb\"},\"inLanguage\":\"pt-BR\",\"potentialAction\":[{\"@type\":\"ReadAction\",\"target\":[\"https:\/\/jornalfatosenoticias.com.br\/index.php\/2024\/10\/01\/colegio-publico-de-sp-fica-no-top-3-das-melhores-escolas-do-mundo\/\"]}]},{\"@type\":\"ImageObject\",\"inLanguage\":\"pt-BR\",\"@id\":\"https:\/\/jornalfatosenoticias.com.br\/index.php\/2024\/10\/01\/colegio-publico-de-sp-fica-no-top-3-das-melhores-escolas-do-mundo\/#primaryimage\",\"url\":\"https:\/\/jornalfatosenoticias.com.br\/wp-content\/uploads\/2024\/10\/escola-publica_SP.png\",\"contentUrl\":\"https:\/\/jornalfatosenoticias.com.br\/wp-content\/uploads\/2024\/10\/escola-publica_SP.png\",\"width\":800,\"height\":500},{\"@type\":\"BreadcrumbList\",\"@id\":\"https:\/\/jornalfatosenoticias.com.br\/index.php\/2024\/10\/01\/colegio-publico-de-sp-fica-no-top-3-das-melhores-escolas-do-mundo\/#breadcrumb\",\"itemListElement\":[{\"@type\":\"ListItem\",\"position\":1,\"name\":\"In\u00edcio\",\"item\":\"https:\/\/jornalfatosenoticias.com.br\/\"},{\"@type\":\"ListItem\",\"position\":2,\"name\":\"Col\u00e9gio p\u00fablico de SP fica no Top 3 das melhores escolas do mundo\"}]},{\"@type\":\"WebSite\",\"@id\":\"https:\/\/jornalfatosenoticias.com.br\/#website\",\"url\":\"https:\/\/jornalfatosenoticias.com.br\/\",\"name\":\"Jornal Fatos e Not\u00edcias\",\"description\":\"Not\u00edcias em geral\",\"publisher\":{\"@id\":\"https:\/\/jornalfatosenoticias.com.br\/#organization\"},\"potentialAction\":[{\"@type\":\"SearchAction\",\"target\":{\"@type\":\"EntryPoint\",\"urlTemplate\":\"https:\/\/jornalfatosenoticias.com.br\/?s={search_term_string}\"},\"query-input\":{\"@type\":\"PropertyValueSpecification\",\"valueRequired\":true,\"valueName\":\"search_term_string\"}}],\"inLanguage\":\"pt-BR\"},{\"@type\":\"Organization\",\"@id\":\"https:\/\/jornalfatosenoticias.com.br\/#organization\",\"name\":\"Jornal Fatos e Not\u00edcias\",\"url\":\"https:\/\/jornalfatosenoticias.com.br\/\",\"logo\":{\"@type\":\"ImageObject\",\"inLanguage\":\"pt-BR\",\"@id\":\"https:\/\/jornalfatosenoticias.com.br\/#\/schema\/logo\/image\/\",\"url\":\"https:\/\/jornalfatosenoticias.com.br\/wp-content\/uploads\/2020\/02\/logo120.png\",\"contentUrl\":\"https:\/\/jornalfatosenoticias.com.br\/wp-content\/uploads\/2020\/02\/logo120.png\",\"width\":1227,\"height\":120,\"caption\":\"Jornal Fatos e Not\u00edcias\"},\"image\":{\"@id\":\"https:\/\/jornalfatosenoticias.com.br\/#\/schema\/logo\/image\/\"}},{\"@type\":\"Person\",\"@id\":\"https:\/\/jornalfatosenoticias.com.br\/#\/schema\/person\/d63837fa13ac8666eb9e74e0985d6f81\",\"name\":\"Luzimara Fernandes\",\"image\":{\"@type\":\"ImageObject\",\"inLanguage\":\"pt-BR\",\"@id\":\"https:\/\/jornalfatosenoticias.com.br\/#\/schema\/person\/image\/\",\"url\":\"https:\/\/jornalfatosenoticias.com.br\/wp-content\/uploads\/2025\/05\/EU_portal.jpg\",\"contentUrl\":\"https:\/\/jornalfatosenoticias.com.br\/wp-content\/uploads\/2025\/05\/EU_portal.jpg\",\"caption\":\"Luzimara Fernandes\"},\"description\":\"Jornalista MTB 2358-ES\",\"sameAs\":[\"https:\/\/jornalfatosenoticias.com.br\"],\"url\":\"https:\/\/jornalfatosenoticias.com.br\/index.php\/author\/luzimara\/\"}]}<\/script>\n<!-- \/ Yoast SEO plugin. -->","yoast_head_json":{"title":"Col\u00e9gio p\u00fablico de SP fica no Top 3 das melhores escolas do mundo - Jornal Fatos e Not\u00edcias","robots":{"index":"index","follow":"follow","max-snippet":"max-snippet:-1","max-image-preview":"max-image-preview:large","max-video-preview":"max-video-preview:-1"},"canonical":"https:\/\/jornalfatosenoticias.com.br\/index.php\/2024\/10\/01\/colegio-publico-de-sp-fica-no-top-3-das-melhores-escolas-do-mundo\/","og_locale":"pt_BR","og_type":"article","og_title":"Col\u00e9gio p\u00fablico de SP fica no Top 3 das melhores escolas do mundo - Jornal Fatos e Not\u00edcias","og_description":"Por Renata Dias Um col\u00e9gio p\u00fablico de SP est\u00e1 no Top 3 das melhores escolas do mundo numa disputa com, pelo menos, 100. Tem aula de xadrez, atletismo e a gest\u00e3o \u00e9 comunit\u00e1ria. Essas s\u00e3o s\u00f3 algumas inova\u00e7\u00f5es da escola. A Escola Estadual Deputado Pedro Costa, na Vila Isolina Mazzei, zona norte de S\u00e3o Paulo, [&hellip;]","og_url":"https:\/\/jornalfatosenoticias.com.br\/index.php\/2024\/10\/01\/colegio-publico-de-sp-fica-no-top-3-das-melhores-escolas-do-mundo\/","og_site_name":"Jornal Fatos e Not\u00edcias","article_published_time":"2024-10-01T17:07:17+00:00","article_modified_time":"2024-10-01T17:07:18+00:00","og_image":[{"width":800,"height":500,"url":"https:\/\/jornalfatosenoticias.com.br\/wp-content\/uploads\/2024\/10\/escola-publica_SP.png","type":"image\/png"}],"author":"Luzimara Fernandes","twitter_card":"summary_large_image","twitter_misc":{"Escrito por":"Luzimara Fernandes","Est. tempo de leitura":"1 minuto"},"schema":{"@context":"https:\/\/schema.org","@graph":[{"@type":"Article","@id":"https:\/\/jornalfatosenoticias.com.br\/index.php\/2024\/10\/01\/colegio-publico-de-sp-fica-no-top-3-das-melhores-escolas-do-mundo\/#article","isPartOf":{"@id":"https:\/\/jornalfatosenoticias.com.br\/index.php\/2024\/10\/01\/colegio-publico-de-sp-fica-no-top-3-das-melhores-escolas-do-mundo\/"},"author":{"name":"Luzimara Fernandes","@id":"https:\/\/jornalfatosenoticias.com.br\/#\/schema\/person\/d63837fa13ac8666eb9e74e0985d6f81"},"headline":"Col\u00e9gio p\u00fablico de SP fica no Top 3 das melhores escolas do mundo","datePublished":"2024-10-01T17:07:17+00:00","dateModified":"2024-10-01T17:07:18+00:00","mainEntityOfPage":{"@id":"https:\/\/jornalfatosenoticias.com.br\/index.php\/2024\/10\/01\/colegio-publico-de-sp-fica-no-top-3-das-melhores-escolas-do-mundo\/"},"wordCount":284,"commentCount":0,"publisher":{"@id":"https:\/\/jornalfatosenoticias.com.br\/#organization"},"image":{"@id":"https:\/\/jornalfatosenoticias.com.br\/index.php\/2024\/10\/01\/colegio-publico-de-sp-fica-no-top-3-das-melhores-escolas-do-mundo\/#primaryimage"},"thumbnailUrl":"https:\/\/jornalfatosenoticias.com.br\/wp-content\/uploads\/2024\/10\/escola-publica_SP.png","keywords":["col\u00e9gio p\u00fablico","Community Choice Award","escola p\u00fablica","pr\u00eamio World\u2019s Best School Prizes 2024","Reino Unido","S\u00e3o Paulo"],"articleSection":["Educa\u00e7\u00e3o"],"inLanguage":"pt-BR","potentialAction":[{"@type":"CommentAction","name":"Comment","target":["https:\/\/jornalfatosenoticias.com.br\/index.php\/2024\/10\/01\/colegio-publico-de-sp-fica-no-top-3-das-melhores-escolas-do-mundo\/#respond"]}]},{"@type":"WebPage","@id":"https:\/\/jornalfatosenoticias.com.br\/index.php\/2024\/10\/01\/colegio-publico-de-sp-fica-no-top-3-das-melhores-escolas-do-mundo\/","url":"https:\/\/jornalfatosenoticias.com.br\/index.php\/2024\/10\/01\/colegio-publico-de-sp-fica-no-top-3-das-melhores-escolas-do-mundo\/","name":"Col\u00e9gio p\u00fablico de SP fica no Top 3 das melhores escolas do mundo - Jornal Fatos e Not\u00edcias","isPartOf":{"@id":"https:\/\/jornalfatosenoticias.com.br\/#website"},"primaryImageOfPage":{"@id":"https:\/\/jornalfatosenoticias.com.br\/index.php\/2024\/10\/01\/colegio-publico-de-sp-fica-no-top-3-das-melhores-escolas-do-mundo\/#primaryimage"},"image":{"@id":"https:\/\/jornalfatosenoticias.com.br\/index.php\/2024\/10\/01\/colegio-publico-de-sp-fica-no-top-3-das-melhores-escolas-do-mundo\/#primaryimage"},"thumbnailUrl":"https:\/\/jornalfatosenoticias.com.br\/wp-content\/uploads\/2024\/10\/escola-publica_SP.png","datePublished":"2024-10-01T17:07:17+00:00","dateModified":"2024-10-01T17:07:18+00:00","breadcrumb":{"@id":"https:\/\/jornalfatosenoticias.com.br\/index.php\/2024\/10\/01\/colegio-publico-de-sp-fica-no-top-3-das-melhores-escolas-do-mundo\/#breadcrumb"},"inLanguage":"pt-BR","potentialAction":[{"@type":"ReadAction","target":["https:\/\/jornalfatosenoticias.com.br\/index.php\/2024\/10\/01\/colegio-publico-de-sp-fica-no-top-3-das-melhores-escolas-do-mundo\/"]}]},{"@type":"ImageObject","inLanguage":"pt-BR","@id":"https:\/\/jornalfatosenoticias.com.br\/index.php\/2024\/10\/01\/colegio-publico-de-sp-fica-no-top-3-das-melhores-escolas-do-mundo\/#primaryimage","url":"https:\/\/jornalfatosenoticias.com.br\/wp-content\/uploads\/2024\/10\/escola-publica_SP.png","contentUrl":"https:\/\/jornalfatosenoticias.com.br\/wp-content\/uploads\/2024\/10\/escola-publica_SP.png","width":800,"height":500},{"@type":"BreadcrumbList","@id":"https:\/\/jornalfatosenoticias.com.br\/index.php\/2024\/10\/01\/colegio-publico-de-sp-fica-no-top-3-das-melhores-escolas-do-mundo\/#breadcrumb","itemListElement":[{"@type":"ListItem","position":1,"name":"In\u00edcio","item":"https:\/\/jornalfatosenoticias.com.br\/"},{"@type":"ListItem","position":2,"name":"Col\u00e9gio p\u00fablico de SP fica no Top 3 das melhores escolas do mundo"}]},{"@type":"WebSite","@id":"https:\/\/jornalfatosenoticias.com.br\/#website","url":"https:\/\/jornalfatosenoticias.com.br\/","name":"Jornal Fatos e Not\u00edcias","description":"Not\u00edcias em geral","publisher":{"@id":"https:\/\/jornalfatosenoticias.com.br\/#organization"},"potentialAction":[{"@type":"SearchAction","target":{"@type":"EntryPoint","urlTemplate":"https:\/\/jornalfatosenoticias.com.br\/?s={search_term_string}"},"query-input":{"@type":"PropertyValueSpecification","valueRequired":true,"valueName":"search_term_string"}}],"inLanguage":"pt-BR"},{"@type":"Organization","@id":"https:\/\/jornalfatosenoticias.com.br\/#organization","name":"Jornal Fatos e Not\u00edcias","url":"https:\/\/jornalfatosenoticias.com.br\/","logo":{"@type":"ImageObject","inLanguage":"pt-BR","@id":"https:\/\/jornalfatosenoticias.com.br\/#\/schema\/logo\/image\/","url":"https:\/\/jornalfatosenoticias.com.br\/wp-content\/uploads\/2020\/02\/logo120.png","contentUrl":"https:\/\/jornalfatosenoticias.com.br\/wp-content\/uploads\/2020\/02\/logo120.png","width":1227,"height":120,"caption":"Jornal Fatos e Not\u00edcias"},"image":{"@id":"https:\/\/jornalfatosenoticias.com.br\/#\/schema\/logo\/image\/"}},{"@type":"Person","@id":"https:\/\/jornalfatosenoticias.com.br\/#\/schema\/person\/d63837fa13ac8666eb9e74e0985d6f81","name":"Luzimara Fernandes","image":{"@type":"ImageObject","inLanguage":"pt-BR","@id":"https:\/\/jornalfatosenoticias.com.br\/#\/schema\/person\/image\/","url":"https:\/\/jornalfatosenoticias.com.br\/wp-content\/uploads\/2025\/05\/EU_portal.jpg","contentUrl":"https:\/\/jornalfatosenoticias.com.br\/wp-content\/uploads\/2025\/05\/EU_portal.jpg","caption":"Luzimara Fernandes"},"description":"Jornalista MTB 2358-ES","sameAs":["https:\/\/jornalfatosenoticias.com.br"],"url":"https:\/\/jornalfatosenoticias.com.br\/index.php\/author\/luzimara\/"}]}},"cc_featured_image_caption":{"caption_text":"","source_text":"","source_url":""},"jetpack_featured_media_url":"https:\/\/jornalfatosenoticias.com.br\/wp-content\/uploads\/2024\/10\/escola-publica_SP.png","_links":{"self":[{"href":"https:\/\/jornalfatosenoticias.com.br\/index.php\/wp-json\/wp\/v2\/posts\/54575","targetHints":{"allow":["GET"]}}],"collection":[{"href":"https:\/\/jornalfatosenoticias.com.br\/index.php\/wp-json\/wp\/v2\/posts"}],"about":[{"href":"https:\/\/jornalfatosenoticias.com.br\/index.php\/wp-json\/wp\/v2\/types\/post"}],"author":[{"embeddable":true,"href":"https:\/\/jornalfatosenoticias.com.br\/index.php\/wp-json\/wp\/v2\/users\/2"}],"replies":[{"embeddable":true,"href":"https:\/\/jornalfatosenoticias.com.br\/index.php\/wp-json\/wp\/v2\/comments?post=54575"}],"version-history":[{"count":0,"href":"https:\/\/jornalfatosenoticias.com.br\/index.php\/wp-json\/wp\/v2\/posts\/54575\/revisions"}],"wp:featuredmedia":[{"embeddable":true,"href":"https:\/\/jornalfatosenoticias.com.br\/index.php\/wp-json\/wp\/v2\/media\/54576"}],"wp:attachment":[{"href":"https:\/\/jornalfatosenoticias.com.br\/index.php\/wp-json\/wp\/v2\/media?parent=54575"}],"wp:term":[{"taxonomy":"category","embeddable":true,"href":"https:\/\/jornalfatosenoticias.com.br\/index.php\/wp-json\/wp\/v2\/categories?post=54575"},{"taxonomy":"post_tag","embeddable":true,"href":"https:\/\/jornalfatosenoticias.com.br\/index.php\/wp-json\/wp\/v2\/tags?post=54575"}],"curies":[{"name":"wp","href":"https:\/\/api.w.org\/{rel}","templated":true}]}}