{"id":54585,"date":"2024-10-01T14:43:43","date_gmt":"2024-10-01T17:43:43","guid":{"rendered":"https:\/\/jornalfatosenoticias.com.br\/?p=54585"},"modified":"2024-10-01T14:43:45","modified_gmt":"2024-10-01T17:43:45","slug":"descoberto-por-brasileiro-maior-cometa-ja-observado-tem-tamanho-confirmado-pela-nasa","status":"publish","type":"post","link":"https:\/\/jornalfatosenoticias.com.br\/index.php\/2024\/10\/01\/descoberto-por-brasileiro-maior-cometa-ja-observado-tem-tamanho-confirmado-pela-nasa\/","title":{"rendered":"Descoberto por brasileiro, maior cometa j\u00e1 observado tem tamanho confirmado pela Nasa"},"content":{"rendered":"\n<p><em><span class=\"has-inline-color has-black-color\">Segundo os pesquisadores, o n\u00facleo do Bernardinelli-Bernstein mede 128 quil\u00f4metros de di\u00e2metro<\/span><\/em><\/p>\n\n\n\n<div class=\"wp-block-image\"><figure class=\"aligncenter size-large\"><a href=\"https:\/\/www.instagram.com\/vmais.midias\/\"><img loading=\"lazy\" decoding=\"async\" width=\"1024\" height=\"110\" src=\"https:\/\/jornalfatosenoticias.com.br\/wp-content\/uploads\/2020\/02\/DE-MAIS-DESTAQUE-VMAIS-1120X120-1024x110.png\" alt=\"\" class=\"wp-image-53110\" srcset=\"https:\/\/jornalfatosenoticias.com.br\/wp-content\/uploads\/2020\/02\/DE-MAIS-DESTAQUE-VMAIS-1120X120-1024x110.png 1024w, https:\/\/jornalfatosenoticias.com.br\/wp-content\/uploads\/2020\/02\/DE-MAIS-DESTAQUE-VMAIS-1120X120-300x32.png 300w, https:\/\/jornalfatosenoticias.com.br\/wp-content\/uploads\/2020\/02\/DE-MAIS-DESTAQUE-VMAIS-1120X120-768x82.png 768w, https:\/\/jornalfatosenoticias.com.br\/wp-content\/uploads\/2020\/02\/DE-MAIS-DESTAQUE-VMAIS-1120X120.png 1120w\" sizes=\"auto, (max-width: 1024px) 100vw, 1024px\" \/><\/a><\/figure><\/div>\n\n\n\n<p>A Nasa confirmou o tamanho do cometa C\/2014 UN271, o maior j\u00e1 observado por astr\u00f4nomos. De acordo com dados do telesc\u00f3pio espacial Hubble, o n\u00facleo do objeto espacial (tamb\u00e9m conhecido como Bernardinelli-Bernstein) mede 128 quil\u00f4metros de di\u00e2metro. Ele leva esse nome porque um de seus descobridores \u00e9 o brasileiro Pedro Bernardinelli, pesquisador da Universidade da Pensilv\u00e2nia.<br>O Bernardinelli-Bernstein se originou na Nuvem de Oort, a vasta regi\u00e3o na borda do Sistema Solar que concentra uma grande quantidade de cometas. O objeto espacial viaja pelo espa\u00e7o a 32 mil quil\u00f4metros por hora. Segundo c\u00e1lculos astron\u00f4micos, ele far\u00e1 sua aproxima\u00e7\u00e3o m\u00e1xima do nosso Sol em 2031, quando ficar\u00e1 a 1,6 bilh\u00e3o de quil\u00f4metros de dist\u00e2ncia da estrela.<\/p>\n\n\n\n<figure class=\"wp-block-embed-youtube wp-block-embed is-type-video is-provider-youtube wp-embed-aspect-16-9 wp-has-aspect-ratio\"><div class=\"wp-block-embed__wrapper\">\n<iframe loading=\"lazy\" title=\"Materiais de cometa | O UNIVERSO: MIST\u00c9RIOS REVELADOS | HISTORY\" width=\"660\" height=\"371\" src=\"https:\/\/www.youtube.com\/embed\/PKOoJR3hciU?feature=oembed\" frameborder=\"0\" allow=\"accelerometer; autoplay; clipboard-write; encrypted-media; gyroscope; picture-in-picture; web-share\" referrerpolicy=\"strict-origin-when-cross-origin\" allowfullscreen><\/iframe>\n<\/div><\/figure>\n\n\n\n<p>O novo estudo sobre as dimens\u00f5es do cometa foi publicado no peri\u00f3dico cient\u00edfico The Astrophysical Journal Letters. <\/p>\n\n\n\n<blockquote class=\"wp-block-quote is-layout-flow wp-block-quote-is-layout-flow\"><p><span class=\"has-inline-color has-luminous-vivid-orange-color\">Este \u00e9 um objeto incr\u00edvel, levando-se em conta o quanto ele \u00e9 ativo enquanto ainda est\u00e1 t\u00e3o longe do Sol&#8221;, disse o principal autor do artigo, Man-To Hui, da Universidade de Ci\u00eancia e Tecnologia de Macau. &#8220;Achamos que o cometa poderia ser bem grande, mas precis\u00e1vamos dos melhores dados para confirmar isso&#8221;, completou.<\/span><\/p><\/blockquote>\n\n\n\n<div class=\"wp-block-image\"><figure class=\"aligncenter size-large\"><a href=\"http:\/\/www.ferrarimaquinas.com.br\/\"><img loading=\"lazy\" decoding=\"async\" width=\"300\" height=\"250\" src=\"https:\/\/jornalfatosenoticias.com.br\/wp-content\/uploads\/2022\/02\/FERRARI_MAQUINAS-E-FERRAMENTAS2.jpg\" alt=\"\" class=\"wp-image-27860\"\/><\/a><\/figure><\/div>\n\n\n\n<p>Usando cinco fotos que o Hubble tirou do cometa em 8 de janeiro de 2022, a equipe de Hui conseguiu calcular seu tamanho. Com isso, foi poss\u00edvel verificar que o n\u00facleo do Bernardinelli-Bernstein \u00e9 cerca de 50 vezes maior do que os de outros cometas conhecidos. De acordo com a Nasa, ele tamb\u00e9m possui uma massa de 500 trilh\u00f5es de toneladas, ou seja, \u00e9 cem mil vezes mais pesado que a m\u00e9dia desses objetos.<\/p>\n\n\n\n<div class=\"wp-block-image\"><figure class=\"aligncenter size-large is-resized\"><a href=\"https:\/\/panper.com.br\/\"><img loading=\"lazy\" decoding=\"async\" src=\"https:\/\/jornalfatosenoticias.com.br\/wp-content\/uploads\/2023\/03\/logo-Panper_portal.jpg\" alt=\"\" class=\"wp-image-40208\" width=\"323\" height=\"224\" srcset=\"https:\/\/jornalfatosenoticias.com.br\/wp-content\/uploads\/2023\/03\/logo-Panper_portal.jpg 400w, https:\/\/jornalfatosenoticias.com.br\/wp-content\/uploads\/2023\/03\/logo-Panper_portal-300x208.jpg 300w\" sizes=\"auto, (max-width: 323px) 100vw, 323px\" \/><\/a><\/figure><\/div>\n\n\n\n<p><em><strong>Fonte: <a href=\"https:\/\/www.canalhistory.com.br\/ciencia-e-tecnologia\/descoberto-por-brasileiro-maior-cometa-ja-observado-tem-tamanho-confirmado\">History Channel Brasil<\/a><\/strong><\/em><\/p>\n","protected":false},"excerpt":{"rendered":"<p>Segundo os pesquisadores, o n\u00facleo do Bernardinelli-Bernstein mede 128 quil\u00f4metros de di\u00e2metro A Nasa confirmou o tamanho do cometa C\/2014 UN271, o maior j\u00e1 observado por astr\u00f4nomos. De acordo com dados do telesc\u00f3pio espacial Hubble, o n\u00facleo do objeto espacial (tamb\u00e9m conhecido como Bernardinelli-Bernstein) mede 128 quil\u00f4metros de di\u00e2metro. Ele leva esse nome porque um [&hellip;]<\/p>\n","protected":false},"author":2,"featured_media":54586,"comment_status":"open","ping_status":"open","sticky":false,"template":"","format":"standard","meta":{"footnotes":""},"categories":[2],"tags":[472,3854,86,164,466],"class_list":["post-54585","post","type-post","status-publish","format-standard","has-post-thumbnail","hentry","category-ciencia","tag-astronomia","tag-cometas","tag-espaco","tag-nasa","tag-sol"],"yoast_head":"<!-- This site is optimized with the Yoast SEO plugin v26.5 - https:\/\/yoast.com\/wordpress\/plugins\/seo\/ -->\n<title>Descoberto por brasileiro, maior cometa j\u00e1 observado tem tamanho confirmado pela Nasa - Jornal Fatos e Not\u00edcias<\/title>\n<meta name=\"robots\" content=\"index, follow, max-snippet:-1, max-image-preview:large, max-video-preview:-1\" \/>\n<link rel=\"canonical\" href=\"https:\/\/jornalfatosenoticias.com.br\/index.php\/2024\/10\/01\/descoberto-por-brasileiro-maior-cometa-ja-observado-tem-tamanho-confirmado-pela-nasa\/\" \/>\n<meta property=\"og:locale\" content=\"pt_BR\" \/>\n<meta property=\"og:type\" content=\"article\" \/>\n<meta property=\"og:title\" content=\"Descoberto por brasileiro, maior cometa j\u00e1 observado tem tamanho confirmado pela Nasa - Jornal Fatos e Not\u00edcias\" \/>\n<meta property=\"og:description\" content=\"Segundo os pesquisadores, o n\u00facleo do Bernardinelli-Bernstein mede 128 quil\u00f4metros de di\u00e2metro A Nasa confirmou o tamanho do cometa C\/2014 UN271, o maior j\u00e1 observado por astr\u00f4nomos. De acordo com dados do telesc\u00f3pio espacial Hubble, o n\u00facleo do objeto espacial (tamb\u00e9m conhecido como Bernardinelli-Bernstein) mede 128 quil\u00f4metros de di\u00e2metro. Ele leva esse nome porque um [&hellip;]\" \/>\n<meta property=\"og:url\" content=\"https:\/\/jornalfatosenoticias.com.br\/index.php\/2024\/10\/01\/descoberto-por-brasileiro-maior-cometa-ja-observado-tem-tamanho-confirmado-pela-nasa\/\" \/>\n<meta property=\"og:site_name\" content=\"Jornal Fatos e Not\u00edcias\" \/>\n<meta property=\"article:published_time\" content=\"2024-10-01T17:43:43+00:00\" \/>\n<meta property=\"article:modified_time\" content=\"2024-10-01T17:43:45+00:00\" \/>\n<meta property=\"og:image\" content=\"https:\/\/jornalfatosenoticias.com.br\/wp-content\/uploads\/2024\/10\/Cometa-Espaco-iStock.jpg\" \/>\n\t<meta property=\"og:image:width\" content=\"1000\" \/>\n\t<meta property=\"og:image:height\" content=\"583\" \/>\n\t<meta property=\"og:image:type\" content=\"image\/jpeg\" \/>\n<meta name=\"author\" content=\"Luzimara Fernandes\" \/>\n<meta name=\"twitter:card\" content=\"summary_large_image\" \/>\n<meta name=\"twitter:label1\" content=\"Escrito por\" \/>\n\t<meta name=\"twitter:data1\" content=\"Luzimara Fernandes\" \/>\n\t<meta name=\"twitter:label2\" content=\"Est. tempo de leitura\" \/>\n\t<meta name=\"twitter:data2\" content=\"2 minutos\" \/>\n<script type=\"application\/ld+json\" class=\"yoast-schema-graph\">{\"@context\":\"https:\/\/schema.org\",\"@graph\":[{\"@type\":\"Article\",\"@id\":\"https:\/\/jornalfatosenoticias.com.br\/index.php\/2024\/10\/01\/descoberto-por-brasileiro-maior-cometa-ja-observado-tem-tamanho-confirmado-pela-nasa\/#article\",\"isPartOf\":{\"@id\":\"https:\/\/jornalfatosenoticias.com.br\/index.php\/2024\/10\/01\/descoberto-por-brasileiro-maior-cometa-ja-observado-tem-tamanho-confirmado-pela-nasa\/\"},\"author\":{\"name\":\"Luzimara Fernandes\",\"@id\":\"https:\/\/jornalfatosenoticias.com.br\/#\/schema\/person\/d63837fa13ac8666eb9e74e0985d6f81\"},\"headline\":\"Descoberto por brasileiro, maior cometa j\u00e1 observado tem tamanho confirmado pela Nasa\",\"datePublished\":\"2024-10-01T17:43:43+00:00\",\"dateModified\":\"2024-10-01T17:43:45+00:00\",\"mainEntityOfPage\":{\"@id\":\"https:\/\/jornalfatosenoticias.com.br\/index.php\/2024\/10\/01\/descoberto-por-brasileiro-maior-cometa-ja-observado-tem-tamanho-confirmado-pela-nasa\/\"},\"wordCount\":331,\"commentCount\":0,\"publisher\":{\"@id\":\"https:\/\/jornalfatosenoticias.com.br\/#organization\"},\"image\":{\"@id\":\"https:\/\/jornalfatosenoticias.com.br\/index.php\/2024\/10\/01\/descoberto-por-brasileiro-maior-cometa-ja-observado-tem-tamanho-confirmado-pela-nasa\/#primaryimage\"},\"thumbnailUrl\":\"https:\/\/jornalfatosenoticias.com.br\/wp-content\/uploads\/2024\/10\/Cometa-Espaco-iStock.jpg\",\"keywords\":[\"Astronomia\",\"cometas\",\"espa\u00e7o\",\"Nasa\",\"Sol\"],\"articleSection\":[\"Ci\u00eancia\"],\"inLanguage\":\"pt-BR\",\"potentialAction\":[{\"@type\":\"CommentAction\",\"name\":\"Comment\",\"target\":[\"https:\/\/jornalfatosenoticias.com.br\/index.php\/2024\/10\/01\/descoberto-por-brasileiro-maior-cometa-ja-observado-tem-tamanho-confirmado-pela-nasa\/#respond\"]}]},{\"@type\":\"WebPage\",\"@id\":\"https:\/\/jornalfatosenoticias.com.br\/index.php\/2024\/10\/01\/descoberto-por-brasileiro-maior-cometa-ja-observado-tem-tamanho-confirmado-pela-nasa\/\",\"url\":\"https:\/\/jornalfatosenoticias.com.br\/index.php\/2024\/10\/01\/descoberto-por-brasileiro-maior-cometa-ja-observado-tem-tamanho-confirmado-pela-nasa\/\",\"name\":\"Descoberto por brasileiro, maior cometa j\u00e1 observado tem tamanho confirmado pela Nasa - Jornal Fatos e Not\u00edcias\",\"isPartOf\":{\"@id\":\"https:\/\/jornalfatosenoticias.com.br\/#website\"},\"primaryImageOfPage\":{\"@id\":\"https:\/\/jornalfatosenoticias.com.br\/index.php\/2024\/10\/01\/descoberto-por-brasileiro-maior-cometa-ja-observado-tem-tamanho-confirmado-pela-nasa\/#primaryimage\"},\"image\":{\"@id\":\"https:\/\/jornalfatosenoticias.com.br\/index.php\/2024\/10\/01\/descoberto-por-brasileiro-maior-cometa-ja-observado-tem-tamanho-confirmado-pela-nasa\/#primaryimage\"},\"thumbnailUrl\":\"https:\/\/jornalfatosenoticias.com.br\/wp-content\/uploads\/2024\/10\/Cometa-Espaco-iStock.jpg\",\"datePublished\":\"2024-10-01T17:43:43+00:00\",\"dateModified\":\"2024-10-01T17:43:45+00:00\",\"breadcrumb\":{\"@id\":\"https:\/\/jornalfatosenoticias.com.br\/index.php\/2024\/10\/01\/descoberto-por-brasileiro-maior-cometa-ja-observado-tem-tamanho-confirmado-pela-nasa\/#breadcrumb\"},\"inLanguage\":\"pt-BR\",\"potentialAction\":[{\"@type\":\"ReadAction\",\"target\":[\"https:\/\/jornalfatosenoticias.com.br\/index.php\/2024\/10\/01\/descoberto-por-brasileiro-maior-cometa-ja-observado-tem-tamanho-confirmado-pela-nasa\/\"]}]},{\"@type\":\"ImageObject\",\"inLanguage\":\"pt-BR\",\"@id\":\"https:\/\/jornalfatosenoticias.com.br\/index.php\/2024\/10\/01\/descoberto-por-brasileiro-maior-cometa-ja-observado-tem-tamanho-confirmado-pela-nasa\/#primaryimage\",\"url\":\"https:\/\/jornalfatosenoticias.com.br\/wp-content\/uploads\/2024\/10\/Cometa-Espaco-iStock.jpg\",\"contentUrl\":\"https:\/\/jornalfatosenoticias.com.br\/wp-content\/uploads\/2024\/10\/Cometa-Espaco-iStock.jpg\",\"width\":1000,\"height\":583},{\"@type\":\"BreadcrumbList\",\"@id\":\"https:\/\/jornalfatosenoticias.com.br\/index.php\/2024\/10\/01\/descoberto-por-brasileiro-maior-cometa-ja-observado-tem-tamanho-confirmado-pela-nasa\/#breadcrumb\",\"itemListElement\":[{\"@type\":\"ListItem\",\"position\":1,\"name\":\"In\u00edcio\",\"item\":\"https:\/\/jornalfatosenoticias.com.br\/\"},{\"@type\":\"ListItem\",\"position\":2,\"name\":\"Descoberto por brasileiro, maior cometa j\u00e1 observado tem tamanho confirmado pela Nasa\"}]},{\"@type\":\"WebSite\",\"@id\":\"https:\/\/jornalfatosenoticias.com.br\/#website\",\"url\":\"https:\/\/jornalfatosenoticias.com.br\/\",\"name\":\"Jornal Fatos e Not\u00edcias\",\"description\":\"Not\u00edcias em geral\",\"publisher\":{\"@id\":\"https:\/\/jornalfatosenoticias.com.br\/#organization\"},\"potentialAction\":[{\"@type\":\"SearchAction\",\"target\":{\"@type\":\"EntryPoint\",\"urlTemplate\":\"https:\/\/jornalfatosenoticias.com.br\/?s={search_term_string}\"},\"query-input\":{\"@type\":\"PropertyValueSpecification\",\"valueRequired\":true,\"valueName\":\"search_term_string\"}}],\"inLanguage\":\"pt-BR\"},{\"@type\":\"Organization\",\"@id\":\"https:\/\/jornalfatosenoticias.com.br\/#organization\",\"name\":\"Jornal Fatos e Not\u00edcias\",\"url\":\"https:\/\/jornalfatosenoticias.com.br\/\",\"logo\":{\"@type\":\"ImageObject\",\"inLanguage\":\"pt-BR\",\"@id\":\"https:\/\/jornalfatosenoticias.com.br\/#\/schema\/logo\/image\/\",\"url\":\"https:\/\/jornalfatosenoticias.com.br\/wp-content\/uploads\/2020\/02\/logo120.png\",\"contentUrl\":\"https:\/\/jornalfatosenoticias.com.br\/wp-content\/uploads\/2020\/02\/logo120.png\",\"width\":1227,\"height\":120,\"caption\":\"Jornal Fatos e Not\u00edcias\"},\"image\":{\"@id\":\"https:\/\/jornalfatosenoticias.com.br\/#\/schema\/logo\/image\/\"}},{\"@type\":\"Person\",\"@id\":\"https:\/\/jornalfatosenoticias.com.br\/#\/schema\/person\/d63837fa13ac8666eb9e74e0985d6f81\",\"name\":\"Luzimara Fernandes\",\"image\":{\"@type\":\"ImageObject\",\"inLanguage\":\"pt-BR\",\"@id\":\"https:\/\/jornalfatosenoticias.com.br\/#\/schema\/person\/image\/\",\"url\":\"https:\/\/jornalfatosenoticias.com.br\/wp-content\/uploads\/2025\/05\/EU_portal.jpg\",\"contentUrl\":\"https:\/\/jornalfatosenoticias.com.br\/wp-content\/uploads\/2025\/05\/EU_portal.jpg\",\"caption\":\"Luzimara Fernandes\"},\"description\":\"Jornalista MTB 2358-ES\",\"sameAs\":[\"https:\/\/jornalfatosenoticias.com.br\"],\"url\":\"https:\/\/jornalfatosenoticias.com.br\/index.php\/author\/luzimara\/\"}]}<\/script>\n<!-- \/ Yoast SEO plugin. -->","yoast_head_json":{"title":"Descoberto por brasileiro, maior cometa j\u00e1 observado tem tamanho confirmado pela Nasa - Jornal Fatos e Not\u00edcias","robots":{"index":"index","follow":"follow","max-snippet":"max-snippet:-1","max-image-preview":"max-image-preview:large","max-video-preview":"max-video-preview:-1"},"canonical":"https:\/\/jornalfatosenoticias.com.br\/index.php\/2024\/10\/01\/descoberto-por-brasileiro-maior-cometa-ja-observado-tem-tamanho-confirmado-pela-nasa\/","og_locale":"pt_BR","og_type":"article","og_title":"Descoberto por brasileiro, maior cometa j\u00e1 observado tem tamanho confirmado pela Nasa - Jornal Fatos e Not\u00edcias","og_description":"Segundo os pesquisadores, o n\u00facleo do Bernardinelli-Bernstein mede 128 quil\u00f4metros de di\u00e2metro A Nasa confirmou o tamanho do cometa C\/2014 UN271, o maior j\u00e1 observado por astr\u00f4nomos. De acordo com dados do telesc\u00f3pio espacial Hubble, o n\u00facleo do objeto espacial (tamb\u00e9m conhecido como Bernardinelli-Bernstein) mede 128 quil\u00f4metros de di\u00e2metro. Ele leva esse nome porque um [&hellip;]","og_url":"https:\/\/jornalfatosenoticias.com.br\/index.php\/2024\/10\/01\/descoberto-por-brasileiro-maior-cometa-ja-observado-tem-tamanho-confirmado-pela-nasa\/","og_site_name":"Jornal Fatos e Not\u00edcias","article_published_time":"2024-10-01T17:43:43+00:00","article_modified_time":"2024-10-01T17:43:45+00:00","og_image":[{"width":1000,"height":583,"url":"https:\/\/jornalfatosenoticias.com.br\/wp-content\/uploads\/2024\/10\/Cometa-Espaco-iStock.jpg","type":"image\/jpeg"}],"author":"Luzimara Fernandes","twitter_card":"summary_large_image","twitter_misc":{"Escrito por":"Luzimara Fernandes","Est. tempo de leitura":"2 minutos"},"schema":{"@context":"https:\/\/schema.org","@graph":[{"@type":"Article","@id":"https:\/\/jornalfatosenoticias.com.br\/index.php\/2024\/10\/01\/descoberto-por-brasileiro-maior-cometa-ja-observado-tem-tamanho-confirmado-pela-nasa\/#article","isPartOf":{"@id":"https:\/\/jornalfatosenoticias.com.br\/index.php\/2024\/10\/01\/descoberto-por-brasileiro-maior-cometa-ja-observado-tem-tamanho-confirmado-pela-nasa\/"},"author":{"name":"Luzimara Fernandes","@id":"https:\/\/jornalfatosenoticias.com.br\/#\/schema\/person\/d63837fa13ac8666eb9e74e0985d6f81"},"headline":"Descoberto por brasileiro, maior cometa j\u00e1 observado tem tamanho confirmado pela Nasa","datePublished":"2024-10-01T17:43:43+00:00","dateModified":"2024-10-01T17:43:45+00:00","mainEntityOfPage":{"@id":"https:\/\/jornalfatosenoticias.com.br\/index.php\/2024\/10\/01\/descoberto-por-brasileiro-maior-cometa-ja-observado-tem-tamanho-confirmado-pela-nasa\/"},"wordCount":331,"commentCount":0,"publisher":{"@id":"https:\/\/jornalfatosenoticias.com.br\/#organization"},"image":{"@id":"https:\/\/jornalfatosenoticias.com.br\/index.php\/2024\/10\/01\/descoberto-por-brasileiro-maior-cometa-ja-observado-tem-tamanho-confirmado-pela-nasa\/#primaryimage"},"thumbnailUrl":"https:\/\/jornalfatosenoticias.com.br\/wp-content\/uploads\/2024\/10\/Cometa-Espaco-iStock.jpg","keywords":["Astronomia","cometas","espa\u00e7o","Nasa","Sol"],"articleSection":["Ci\u00eancia"],"inLanguage":"pt-BR","potentialAction":[{"@type":"CommentAction","name":"Comment","target":["https:\/\/jornalfatosenoticias.com.br\/index.php\/2024\/10\/01\/descoberto-por-brasileiro-maior-cometa-ja-observado-tem-tamanho-confirmado-pela-nasa\/#respond"]}]},{"@type":"WebPage","@id":"https:\/\/jornalfatosenoticias.com.br\/index.php\/2024\/10\/01\/descoberto-por-brasileiro-maior-cometa-ja-observado-tem-tamanho-confirmado-pela-nasa\/","url":"https:\/\/jornalfatosenoticias.com.br\/index.php\/2024\/10\/01\/descoberto-por-brasileiro-maior-cometa-ja-observado-tem-tamanho-confirmado-pela-nasa\/","name":"Descoberto por brasileiro, maior cometa j\u00e1 observado tem tamanho confirmado pela Nasa - Jornal Fatos e Not\u00edcias","isPartOf":{"@id":"https:\/\/jornalfatosenoticias.com.br\/#website"},"primaryImageOfPage":{"@id":"https:\/\/jornalfatosenoticias.com.br\/index.php\/2024\/10\/01\/descoberto-por-brasileiro-maior-cometa-ja-observado-tem-tamanho-confirmado-pela-nasa\/#primaryimage"},"image":{"@id":"https:\/\/jornalfatosenoticias.com.br\/index.php\/2024\/10\/01\/descoberto-por-brasileiro-maior-cometa-ja-observado-tem-tamanho-confirmado-pela-nasa\/#primaryimage"},"thumbnailUrl":"https:\/\/jornalfatosenoticias.com.br\/wp-content\/uploads\/2024\/10\/Cometa-Espaco-iStock.jpg","datePublished":"2024-10-01T17:43:43+00:00","dateModified":"2024-10-01T17:43:45+00:00","breadcrumb":{"@id":"https:\/\/jornalfatosenoticias.com.br\/index.php\/2024\/10\/01\/descoberto-por-brasileiro-maior-cometa-ja-observado-tem-tamanho-confirmado-pela-nasa\/#breadcrumb"},"inLanguage":"pt-BR","potentialAction":[{"@type":"ReadAction","target":["https:\/\/jornalfatosenoticias.com.br\/index.php\/2024\/10\/01\/descoberto-por-brasileiro-maior-cometa-ja-observado-tem-tamanho-confirmado-pela-nasa\/"]}]},{"@type":"ImageObject","inLanguage":"pt-BR","@id":"https:\/\/jornalfatosenoticias.com.br\/index.php\/2024\/10\/01\/descoberto-por-brasileiro-maior-cometa-ja-observado-tem-tamanho-confirmado-pela-nasa\/#primaryimage","url":"https:\/\/jornalfatosenoticias.com.br\/wp-content\/uploads\/2024\/10\/Cometa-Espaco-iStock.jpg","contentUrl":"https:\/\/jornalfatosenoticias.com.br\/wp-content\/uploads\/2024\/10\/Cometa-Espaco-iStock.jpg","width":1000,"height":583},{"@type":"BreadcrumbList","@id":"https:\/\/jornalfatosenoticias.com.br\/index.php\/2024\/10\/01\/descoberto-por-brasileiro-maior-cometa-ja-observado-tem-tamanho-confirmado-pela-nasa\/#breadcrumb","itemListElement":[{"@type":"ListItem","position":1,"name":"In\u00edcio","item":"https:\/\/jornalfatosenoticias.com.br\/"},{"@type":"ListItem","position":2,"name":"Descoberto por brasileiro, maior cometa j\u00e1 observado tem tamanho confirmado pela Nasa"}]},{"@type":"WebSite","@id":"https:\/\/jornalfatosenoticias.com.br\/#website","url":"https:\/\/jornalfatosenoticias.com.br\/","name":"Jornal Fatos e Not\u00edcias","description":"Not\u00edcias em geral","publisher":{"@id":"https:\/\/jornalfatosenoticias.com.br\/#organization"},"potentialAction":[{"@type":"SearchAction","target":{"@type":"EntryPoint","urlTemplate":"https:\/\/jornalfatosenoticias.com.br\/?s={search_term_string}"},"query-input":{"@type":"PropertyValueSpecification","valueRequired":true,"valueName":"search_term_string"}}],"inLanguage":"pt-BR"},{"@type":"Organization","@id":"https:\/\/jornalfatosenoticias.com.br\/#organization","name":"Jornal Fatos e Not\u00edcias","url":"https:\/\/jornalfatosenoticias.com.br\/","logo":{"@type":"ImageObject","inLanguage":"pt-BR","@id":"https:\/\/jornalfatosenoticias.com.br\/#\/schema\/logo\/image\/","url":"https:\/\/jornalfatosenoticias.com.br\/wp-content\/uploads\/2020\/02\/logo120.png","contentUrl":"https:\/\/jornalfatosenoticias.com.br\/wp-content\/uploads\/2020\/02\/logo120.png","width":1227,"height":120,"caption":"Jornal Fatos e Not\u00edcias"},"image":{"@id":"https:\/\/jornalfatosenoticias.com.br\/#\/schema\/logo\/image\/"}},{"@type":"Person","@id":"https:\/\/jornalfatosenoticias.com.br\/#\/schema\/person\/d63837fa13ac8666eb9e74e0985d6f81","name":"Luzimara Fernandes","image":{"@type":"ImageObject","inLanguage":"pt-BR","@id":"https:\/\/jornalfatosenoticias.com.br\/#\/schema\/person\/image\/","url":"https:\/\/jornalfatosenoticias.com.br\/wp-content\/uploads\/2025\/05\/EU_portal.jpg","contentUrl":"https:\/\/jornalfatosenoticias.com.br\/wp-content\/uploads\/2025\/05\/EU_portal.jpg","caption":"Luzimara Fernandes"},"description":"Jornalista MTB 2358-ES","sameAs":["https:\/\/jornalfatosenoticias.com.br"],"url":"https:\/\/jornalfatosenoticias.com.br\/index.php\/author\/luzimara\/"}]}},"cc_featured_image_caption":{"caption_text":"(Foto: iStock) ","source_text":"","source_url":""},"jetpack_featured_media_url":"https:\/\/jornalfatosenoticias.com.br\/wp-content\/uploads\/2024\/10\/Cometa-Espaco-iStock.jpg","_links":{"self":[{"href":"https:\/\/jornalfatosenoticias.com.br\/index.php\/wp-json\/wp\/v2\/posts\/54585","targetHints":{"allow":["GET"]}}],"collection":[{"href":"https:\/\/jornalfatosenoticias.com.br\/index.php\/wp-json\/wp\/v2\/posts"}],"about":[{"href":"https:\/\/jornalfatosenoticias.com.br\/index.php\/wp-json\/wp\/v2\/types\/post"}],"author":[{"embeddable":true,"href":"https:\/\/jornalfatosenoticias.com.br\/index.php\/wp-json\/wp\/v2\/users\/2"}],"replies":[{"embeddable":true,"href":"https:\/\/jornalfatosenoticias.com.br\/index.php\/wp-json\/wp\/v2\/comments?post=54585"}],"version-history":[{"count":0,"href":"https:\/\/jornalfatosenoticias.com.br\/index.php\/wp-json\/wp\/v2\/posts\/54585\/revisions"}],"wp:featuredmedia":[{"embeddable":true,"href":"https:\/\/jornalfatosenoticias.com.br\/index.php\/wp-json\/wp\/v2\/media\/54586"}],"wp:attachment":[{"href":"https:\/\/jornalfatosenoticias.com.br\/index.php\/wp-json\/wp\/v2\/media?parent=54585"}],"wp:term":[{"taxonomy":"category","embeddable":true,"href":"https:\/\/jornalfatosenoticias.com.br\/index.php\/wp-json\/wp\/v2\/categories?post=54585"},{"taxonomy":"post_tag","embeddable":true,"href":"https:\/\/jornalfatosenoticias.com.br\/index.php\/wp-json\/wp\/v2\/tags?post=54585"}],"curies":[{"name":"wp","href":"https:\/\/api.w.org\/{rel}","templated":true}]}}