{"id":54607,"date":"2024-10-01T16:52:18","date_gmt":"2024-10-01T19:52:18","guid":{"rendered":"https:\/\/jornalfatosenoticias.com.br\/?p=54607"},"modified":"2024-10-01T16:52:20","modified_gmt":"2024-10-01T19:52:20","slug":"mst-reforca-lacos-com-ditaduras-na-venezuela-cuba-e-china","status":"publish","type":"post","link":"https:\/\/jornalfatosenoticias.com.br\/index.php\/2024\/10\/01\/mst-reforca-lacos-com-ditaduras-na-venezuela-cuba-e-china\/","title":{"rendered":"MST refor\u00e7a la\u00e7os com ditaduras na Venezuela, Cuba e China"},"content":{"rendered":"\n<p><em><span class=\"has-inline-color has-black-color\">MST vem estreitando la\u00e7os com ditaduras como a China. Ao centro, Xi Jinping, nas pontas, Lula e o l\u00edder e fundador do MST, Jo\u00e3o Pedro St\u00e9dile, durante visita \u00e0 China em abril de 2023<\/span><\/em><\/p>\n\n\n\n<p><span class=\"has-inline-color has-black-color\">Por <strong><a href=\"https:\/\/www.gazetadopovo.com.br\/autor\/aline-rechmann\/\">Aline Rechmann<\/a><\/strong><\/span><\/p>\n\n\n\n<div class=\"wp-block-image\"><figure class=\"aligncenter size-large\"><a href=\"https:\/\/mizu.com.br\/\"><img loading=\"lazy\" decoding=\"async\" width=\"729\" height=\"90\" src=\"https:\/\/jornalfatosenoticias.com.br\/wp-content\/uploads\/2020\/02\/Logo_Mizu.png\" alt=\"\" class=\"wp-image-1441\" srcset=\"https:\/\/jornalfatosenoticias.com.br\/wp-content\/uploads\/2020\/02\/Logo_Mizu.png 729w, https:\/\/jornalfatosenoticias.com.br\/wp-content\/uploads\/2020\/02\/Logo_Mizu-300x37.png 300w\" sizes=\"auto, (max-width: 729px) 100vw, 729px\" \/><\/a><\/figure><\/div>\n\n\n\n<p>Nos \u00faltimos dois anos, o Movimento dos Trabalhadores Rurais Sem Terra (MST) tem intensificado as agendas e refor\u00e7ado os la\u00e7os com ditaduras como Venezuela, Cuba e China. A mais recente parceria envolve o envio de militantes para produzir milho, feij\u00e3o e soja na Venezuela. O MST ser\u00e1 respons\u00e1vel por contribuir com um projeto do ditador Nicol\u00e1s Maduro, que abranger\u00e1 mais de 10 mil hectares no estado de Bol\u00edvar.<br>A liga\u00e7\u00e3o entre o movimento e as ditaduras se d\u00e1 por interesses ligados ao socialismo. As rela\u00e7\u00f5es internacionais do MST podem ser observadas desde a sua cria\u00e7\u00e3o, h\u00e1 40 anos, como \u00e9 o caso das colabora\u00e7\u00f5es com Cuba. Por meio das chamadas brigadas internacionalistas, por exemplo, o movimento tamb\u00e9m tem rela\u00e7\u00f5es com a Palestina, a Venezuela, o Haiti e a Z\u00e2mbia. Nesses pa\u00edses, sob o pretexto de promover a reforma agr\u00e1ria e a agroecologia, o movimento fortalece a forma\u00e7\u00e3o pol\u00edtica de seus militantes, sempre ligada a movimentos &#8220;revolucion\u00e1rios&#8221; e de \u201cresist\u00eancia\u201d.\u00a0<\/p>\n\n\n\n<div class=\"wp-block-image\"><figure class=\"aligncenter size-large is-resized\"><a href=\"https:\/\/www.ithbrasil.com.br\/\"><img loading=\"lazy\" decoding=\"async\" src=\"https:\/\/jornalfatosenoticias.com.br\/wp-content\/uploads\/2023\/08\/ITH.jpeg\" alt=\"\" class=\"wp-image-44638\" width=\"319\" height=\"259\" srcset=\"https:\/\/jornalfatosenoticias.com.br\/wp-content\/uploads\/2023\/08\/ITH.jpeg 800w, https:\/\/jornalfatosenoticias.com.br\/wp-content\/uploads\/2023\/08\/ITH-300x244.jpeg 300w, https:\/\/jornalfatosenoticias.com.br\/wp-content\/uploads\/2023\/08\/ITH-768x624.jpeg 768w\" sizes=\"auto, (max-width: 319px) 100vw, 319px\" \/><\/a><\/figure><\/div>\n\n\n\n<p>O termo agroecologia usado pelo MST faz refer\u00eancia a uma alegada agricultura que tenta preservar ao m\u00e1ximo o meio ambiente, com foco na sustentabilidade de suas a\u00e7\u00f5es. Cuba, China e Venezuela s\u00e3o os pa\u00edses com quem mais recente e frequentemente o MST tem se relacionado. <\/p>\n\n\n\n<div class=\"wp-block-image\"><figure class=\"aligncenter size-large is-resized\"><a href=\"https:\/\/www.instagram.com\/restaurantepegoretti\/\"><img loading=\"lazy\" decoding=\"async\" src=\"https:\/\/jornalfatosenoticias.com.br\/wp-content\/uploads\/2023\/12\/pegoretti-logo-pdf-1024x389.jpg\" alt=\"\" class=\"wp-image-47536\" width=\"443\" height=\"168\" srcset=\"https:\/\/jornalfatosenoticias.com.br\/wp-content\/uploads\/2023\/12\/pegoretti-logo-pdf-1024x389.jpg 1024w, https:\/\/jornalfatosenoticias.com.br\/wp-content\/uploads\/2023\/12\/pegoretti-logo-pdf-300x114.jpg 300w, https:\/\/jornalfatosenoticias.com.br\/wp-content\/uploads\/2023\/12\/pegoretti-logo-pdf-768x291.jpg 768w, https:\/\/jornalfatosenoticias.com.br\/wp-content\/uploads\/2023\/12\/pegoretti-logo-pdf.jpg 1120w\" sizes=\"auto, (max-width: 443px) 100vw, 443px\" \/><\/a><\/figure><\/div>\n\n\n\n<p>O movimento leva estudantes para Havana, recebe implementos agr\u00edcolas de Pequim e disponibiliza apoio \u00e0 &#8220;revolu\u00e7\u00e3o bolivariana&#8221; de Nicol\u00e1s Maduro. O l\u00edder e fundador do MST, Jo\u00e3o Paulo St\u00e9dile, esteve na Venezuela e na China nos dois \u00faltimos anos. A proximidade entre grupos pol\u00edticos e pa\u00edses que buscam o socialismo \u00e9 observada pela ci\u00eancia pol\u00edtica.\u00a0O coordenador de Rela\u00e7\u00f5es Internacionais e professor de Ci\u00eancia Pol\u00edtica no Ibmec-BH, Adriano Gianturco, explica que o socialismo tem ra\u00edzes no internacionalismo.<\/p>\n\n\n\n<div class=\"wp-block-image\"><figure class=\"aligncenter size-large is-resized\"><img loading=\"lazy\" decoding=\"async\" src=\"https:\/\/jornalfatosenoticias.com.br\/wp-content\/uploads\/2022\/02\/Precisao-Contabilidade-1024x724.jpg\" alt=\"\" class=\"wp-image-28088\" width=\"326\" height=\"231\"\/><\/figure><\/div>\n\n\n\n<blockquote class=\"wp-block-quote is-layout-flow wp-block-quote-is-layout-flow\"><p><span class=\"has-inline-color has-luminous-vivid-orange-color\">O socialismo, por defini\u00e7\u00e3o, nasceu com grandes liga\u00e7\u00f5es internacionais. Desde sempre, a ideia era essa. Os jovens socialistas se opunham, entre outras coisas, \u00e0 direita e ao nacionalismo\u201d, afirma Gianturco.<\/span><\/p><\/blockquote>\n\n\n\n<div class=\"wp-block-image\"><figure class=\"aligncenter size-large is-resized\"><a href=\"https:\/\/www.facebook.com\/vetor.vix\/\"><img loading=\"lazy\" decoding=\"async\" src=\"https:\/\/jornalfatosenoticias.com.br\/wp-content\/uploads\/2023\/09\/vetorvix1024_1.jpg\" alt=\"\" class=\"wp-image-44868\" width=\"520\" height=\"138\" srcset=\"https:\/\/jornalfatosenoticias.com.br\/wp-content\/uploads\/2023\/09\/vetorvix1024_1.jpg 1024w, https:\/\/jornalfatosenoticias.com.br\/wp-content\/uploads\/2023\/09\/vetorvix1024_1-300x80.jpg 300w, https:\/\/jornalfatosenoticias.com.br\/wp-content\/uploads\/2023\/09\/vetorvix1024_1-768x205.jpg 768w\" sizes=\"auto, (max-width: 520px) 100vw, 520px\" \/><\/a><\/figure><\/div>\n\n\n\n<p>Para Anne Dias, advogada e diretora do Ladies of Liberty Alliance (Lola), organiza\u00e7\u00e3o que promove a liberdade em 40 pa\u00edses, as rela\u00e7\u00f5es internacionais do MST \u2014 expressas por suas &#8220;brigadas internacionalistas&#8221; e alian\u00e7as com pa\u00edses ditatoriais \u2014 demonstram um \u201calinhamento ideol\u00f3gico com regimes autorit\u00e1rios e economias fracassadas\u201d.<\/p>\n\n\n\n<div class=\"wp-block-image\"><figure class=\"aligncenter size-large\"><a href=\"https:\/\/www.instagram.com\/esteiochurrascaria\/\"><img decoding=\"async\" src=\"https:\/\/jornalfatosenoticias.com.br\/wp-content\/uploads\/2020\/02\/logo_esteio.jpg\" alt=\"\" class=\"wp-image-1214\"\/><\/a><\/figure><\/div>\n\n\n\n<blockquote class=\"wp-block-quote is-layout-flow wp-block-quote-is-layout-flow\"><p><span class=\"has-inline-color has-luminous-vivid-orange-color\">Esses pa\u00edses enfrentam crises profundas, tanto econ\u00f4micas quanto sociais e de direitos humanos, o que questiona seriamente o modelo que o MST defende e promove. Sob o pretexto de lutar contra a explora\u00e7\u00e3o imperialista e interven\u00e7\u00f5es estrangeiras, o movimento na verdade endossa regimes que sufocam liberdades individuais e mant\u00eam suas popula\u00e7\u00f5es na pobreza\u201d, afirma Anne.<\/span><\/p><\/blockquote>\n\n\n\n<div class=\"wp-block-image\"><figure class=\"aligncenter size-large is-resized\"><a href=\"https:\/\/www.facebook.com\/postobkr\/?locale=pt_BR\"><img loading=\"lazy\" decoding=\"async\" src=\"https:\/\/jornalfatosenoticias.com.br\/wp-content\/uploads\/2023\/08\/BKR-1024x1021.jpg\" alt=\"\" class=\"wp-image-44494\" width=\"302\" height=\"301\" srcset=\"https:\/\/jornalfatosenoticias.com.br\/wp-content\/uploads\/2023\/08\/BKR-1024x1021.jpg 1024w, https:\/\/jornalfatosenoticias.com.br\/wp-content\/uploads\/2023\/08\/BKR-300x300.jpg 300w, https:\/\/jornalfatosenoticias.com.br\/wp-content\/uploads\/2023\/08\/BKR-150x150.jpg 150w, https:\/\/jornalfatosenoticias.com.br\/wp-content\/uploads\/2023\/08\/BKR-768x766.jpg 768w, https:\/\/jornalfatosenoticias.com.br\/wp-content\/uploads\/2023\/08\/BKR.jpg 1080w\" sizes=\"auto, (max-width: 302px) 100vw, 302px\" \/><\/a><\/figure><\/div>\n\n\n\n<p><strong><span class=\"has-inline-color has-black-color\">Militantes do MST trabalhar\u00e3o em 10 mil hectares na Venezuela \u00a0<br><\/span><\/strong>H\u00e1 cerca de 20 anos, uma brigada internacionalista do MST leva militantes para &#8220;contribuir&#8221; com a Revolu\u00e7\u00e3o Bolivariana na Venezuela.\u00a0\u00a0A iniciativa teve in\u00edcio em 2006, ap\u00f3s a visita do ex-presidente Hugo Ch\u00e1vez (1954-2013) a um assentamento do MST em Tapes, no Rio Grande do Sul, durante o F\u00f3rum Social Mundial de Porto Alegre, no ano anterior. O movimento deixa claro, em sua p\u00e1gina oficial, que al\u00e9m da produ\u00e7\u00e3o agroecol\u00f3gica e do interc\u00e2mbio de estudantes, a brigada tamb\u00e9m serve para estabelecer \u201carticula\u00e7\u00f5es pol\u00edticas com v\u00e1rios setores da sociedade venezuelana e do governo, na capital, Caracas\u201d.<\/p>\n\n\n\n<div class=\"wp-block-image\"><figure class=\"aligncenter size-large is-resized\"><a href=\"https:\/\/www.instagram.com\/ligadossaborespizzaria\/\"><img loading=\"lazy\" decoding=\"async\" src=\"https:\/\/jornalfatosenoticias.com.br\/wp-content\/uploads\/2024\/09\/WhatsApp-Image-2024-09-14-at-22.46.10-819x1024.jpeg\" alt=\"\" class=\"wp-image-54180\" width=\"309\" height=\"386\" srcset=\"https:\/\/jornalfatosenoticias.com.br\/wp-content\/uploads\/2024\/09\/WhatsApp-Image-2024-09-14-at-22.46.10-819x1024.jpeg 819w, https:\/\/jornalfatosenoticias.com.br\/wp-content\/uploads\/2024\/09\/WhatsApp-Image-2024-09-14-at-22.46.10-240x300.jpeg 240w, https:\/\/jornalfatosenoticias.com.br\/wp-content\/uploads\/2024\/09\/WhatsApp-Image-2024-09-14-at-22.46.10-768x960.jpeg 768w, https:\/\/jornalfatosenoticias.com.br\/wp-content\/uploads\/2024\/09\/WhatsApp-Image-2024-09-14-at-22.46.10.jpeg 1024w\" sizes=\"auto, (max-width: 309px) 100vw, 309px\" \/><\/a><\/figure><\/div>\n\n\n\n<p>A iniciativa da brigada, no entanto, \u00e9 diferente do convite feito por Nicolas Maduro ao movimento no come\u00e7o de setembro. O ditador sugeriu que mil militantes fossem ao pa\u00eds para contribuir com a produ\u00e7\u00e3o agr\u00edcola em uma \u00e1rea de 10 mil hectares (100 quil\u00f4metros quadrados) no estado de\u00a0Bol\u00edvar.<\/p>\n\n\n\n<div class=\"wp-block-image\"><figure class=\"aligncenter size-large is-resized\"><a href=\"https:\/\/www.legisjuris.com.br\/\"><img loading=\"lazy\" decoding=\"async\" src=\"https:\/\/jornalfatosenoticias.com.br\/wp-content\/uploads\/2024\/09\/Legis-Juris-Consultoria_logo.jpg\" alt=\"\" class=\"wp-image-53915\" width=\"449\" height=\"188\" srcset=\"https:\/\/jornalfatosenoticias.com.br\/wp-content\/uploads\/2024\/09\/Legis-Juris-Consultoria_logo.jpg 969w, https:\/\/jornalfatosenoticias.com.br\/wp-content\/uploads\/2024\/09\/Legis-Juris-Consultoria_logo-300x126.jpg 300w, https:\/\/jornalfatosenoticias.com.br\/wp-content\/uploads\/2024\/09\/Legis-Juris-Consultoria_logo-768x322.jpg 768w\" sizes=\"auto, (max-width: 449px) 100vw, 449px\" \/><\/a><\/figure><\/div>\n\n\n\n<p>O estado venezuelano, localizado no sul do pa\u00eds, faz fronteira com o Brasil e com a Guiana. Na fronteira com a Guiana est\u00e1 a regi\u00e3o de Essequibo, por onde as tropas venezuelanas teriam que passar caso decidissem invadir a Guiana, como Maduro amea\u00e7a recorrentemente. No estado de Bol\u00edvar tamb\u00e9m est\u00e1 a regi\u00e3o por onde entram no Brasil milhares de venezuelanos que fogem da ditadura de Nicol\u00e1s Maduro.<\/p>\n\n\n\n<div class=\"wp-block-image\"><figure class=\"aligncenter size-large is-resized\"><a href=\"https:\/\/www.controlsystems.com.br\/\"><img loading=\"lazy\" decoding=\"async\" src=\"https:\/\/jornalfatosenoticias.com.br\/wp-content\/uploads\/2020\/02\/CONTROL-CS.jpg\" alt=\"\" class=\"wp-image-44991\" width=\"283\" height=\"339\" srcset=\"https:\/\/jornalfatosenoticias.com.br\/wp-content\/uploads\/2020\/02\/CONTROL-CS.jpg 834w, https:\/\/jornalfatosenoticias.com.br\/wp-content\/uploads\/2020\/02\/CONTROL-CS-250x300.jpg 250w, https:\/\/jornalfatosenoticias.com.br\/wp-content\/uploads\/2020\/02\/CONTROL-CS-768x921.jpg 768w\" sizes=\"auto, (max-width: 283px) 100vw, 283px\" \/><\/a><\/figure><\/div>\n\n\n\n<p>\u00c0 Gazeta do Povo, a assessoria do MST informou que os militantes \u201ccontribuir\u00e3o para a constru\u00e7\u00e3o agroflorestal da regi\u00e3o\u201d, no entanto, ainda n\u00e3o h\u00e1 mais detalhes sobre a parceria. \u201cA partir do convite o tema est\u00e1 sendo debatido internamente, para que possamos apontar futuros desdobramentos da a\u00e7\u00e3o, que pretende levar para a Venezuela experi\u00eancias das quais o movimento j\u00e1 tem experi\u00eancia no Brasil\u201d, explicou a assessoria do MST.<\/p>\n\n\n\n<div class=\"wp-block-image\"><figure class=\"aligncenter size-large\"><a href=\"http:\/\/www.ferrarimaquinas.com.br\/\"><img loading=\"lazy\" decoding=\"async\" width=\"300\" height=\"250\" src=\"https:\/\/jornalfatosenoticias.com.br\/wp-content\/uploads\/2022\/02\/FERRARI_MAQUINAS-E-FERRAMENTAS2.jpg\" alt=\"\" class=\"wp-image-27860\"\/><\/a><\/figure><\/div>\n\n\n\n<p>Ap\u00f3s o convite, o l\u00edder e fundador do MST, Jo\u00e3o Pedro St\u00e9dile, se reuniu pessoalmente com Maduro, em Caracas, a capital da Venezuela, em 23 de setembro. O encontro foi registrado pelo ditador nas redes sociais. Nas publica\u00e7\u00f5es, Maduro chamou o MST de \u201cpoderoso movimento do campo\u201d e associou as a\u00e7\u00f5es do grupo ao \u201csocialismo do s\u00e9culo 21\u201d.\u00a0No v\u00eddeo divulgado, Maduro afirmou que h\u00e1 30 anos ele e o MST esperam por transforma\u00e7\u00f5es que abram caminho para uma \u00e9poca de transi\u00e7\u00e3o para o socialismo. <\/p>\n\n\n\n<div class=\"wp-block-image\"><figure class=\"aligncenter size-large is-resized\"><a href=\"https:\/\/www.instagram.com\/serra4x4cambioautomatico\/\"><img loading=\"lazy\" decoding=\"async\" src=\"https:\/\/jornalfatosenoticias.com.br\/wp-content\/uploads\/2024\/08\/Serra-4x4-1-886x1024.jpg\" alt=\"\" class=\"wp-image-53632\" width=\"287\" height=\"332\" srcset=\"https:\/\/jornalfatosenoticias.com.br\/wp-content\/uploads\/2024\/08\/Serra-4x4-1-886x1024.jpg 886w, https:\/\/jornalfatosenoticias.com.br\/wp-content\/uploads\/2024\/08\/Serra-4x4-1-260x300.jpg 260w, https:\/\/jornalfatosenoticias.com.br\/wp-content\/uploads\/2024\/08\/Serra-4x4-1-768x888.jpg 768w, https:\/\/jornalfatosenoticias.com.br\/wp-content\/uploads\/2024\/08\/Serra-4x4-1.jpg 1181w\" sizes=\"auto, (max-width: 287px) 100vw, 287px\" \/><\/a><\/figure><\/div>\n\n\n\n<p>Para analistas ouvidos pela Gazeta do Povo, o aceno do movimento ao convite de Maduro \u00e9 ainda um recado para o petista Lula, que tem implementado a reforma agr\u00e1ria de forma \u201clenta\u201d, na avalia\u00e7\u00e3o dos dirigentes do MST. No entanto, a avalia\u00e7\u00e3o \u00e9 de que, com o tempo, esse aceno isole ainda mais o movimento.<\/p>\n\n\n\n<div class=\"wp-block-image\"><figure class=\"aligncenter size-large is-resized\"><img loading=\"lazy\" decoding=\"async\" src=\"https:\/\/jornalfatosenoticias.com.br\/wp-content\/uploads\/2022\/02\/Precisao-Contabilidade-1024x724.jpg\" alt=\"\" class=\"wp-image-28088\" width=\"326\" height=\"231\"\/><\/figure><\/div>\n\n\n\n<blockquote class=\"wp-block-quote is-layout-flow wp-block-quote-is-layout-flow\"><p><span class=\"has-inline-color has-luminous-vivid-orange-color\">A aceita\u00e7\u00e3o desse convite, vindo de um pa\u00eds afundado em uma profunda crise humanit\u00e1ria e econ\u00f4mica, promovida por uma das ditaduras mais brutais da Am\u00e9rica Latina, n\u00e3o apenas isola o MST politicamente, mas tamb\u00e9m mancha ainda mais sua imagem. Ao se aliar a um regime falido, o movimento revela sua disposi\u00e7\u00e3o em sustentar ideias ultrapassadas e autorit\u00e1rias, ignorando o sofrimento do povo venezuelano e perpetuando um modelo que leva \u00e0 estagna\u00e7\u00e3o e \u00e0 mis\u00e9ria\u201d, avalia Anne Dias, do Ladies of Liberty Alliance.\u00a0<\/span><\/p><\/blockquote>\n\n\n\n<div class=\"wp-block-image\"><figure class=\"aligncenter size-large is-resized\"><a href=\"https:\/\/www.instagram.com\/vmais.midias\/\"><img loading=\"lazy\" decoding=\"async\" src=\"https:\/\/jornalfatosenoticias.com.br\/wp-content\/uploads\/2020\/02\/DE-MAIS-DESTAQUE-VMAIS-800X700.png\" alt=\"\" class=\"wp-image-53112\" width=\"300\" height=\"262\" srcset=\"https:\/\/jornalfatosenoticias.com.br\/wp-content\/uploads\/2020\/02\/DE-MAIS-DESTAQUE-VMAIS-800X700.png 800w, https:\/\/jornalfatosenoticias.com.br\/wp-content\/uploads\/2020\/02\/DE-MAIS-DESTAQUE-VMAIS-800X700-300x263.png 300w, https:\/\/jornalfatosenoticias.com.br\/wp-content\/uploads\/2020\/02\/DE-MAIS-DESTAQUE-VMAIS-800X700-768x672.png 768w\" sizes=\"auto, (max-width: 300px) 100vw, 300px\" \/><\/a><\/figure><\/div>\n\n\n\n<p>O deputado Luciano Zucco (PL-RS), que foi presidente da Comiss\u00e3o Parlamentar de Inqu\u00e9rito (CPI) do MST em 2023, v\u00ea a rela\u00e7\u00e3o do movimento com os regimes autorit\u00e1rios com desconfian\u00e7a.<\/p>\n\n\n\n<blockquote class=\"wp-block-quote is-layout-flow wp-block-quote-is-layout-flow\"><p><span class=\"has-inline-color has-luminous-vivid-orange-color\">Em se tratando de MST, esse tipo de aproxima\u00e7\u00e3o gera muita desconfian\u00e7a. No passado, j\u00e1 tivemos den\u00fancias do envolvimento de integrantes do movimento com guerrilhas armadas, como as FARCs.\u00a0Tenho minhas d\u00favidas que essa alian\u00e7a t\u00e9cnica para a produ\u00e7\u00e3o de alimentos seja uma fachada para acobertar treinamentos paramilitares com a ditadura de Maduro. Nenhuma entidade s\u00e9ria se aproximaria da Venezuela no momento em que o mundo inteiro repudia a persegui\u00e7\u00e3o imposta aos opositores, com pris\u00f5es, mortes e tortura\u201d, afirma o deputado.\u00a0<\/span><\/p><\/blockquote>\n\n\n\n<div class=\"wp-block-image\"><figure class=\"aligncenter size-large is-resized\"><a href=\"https:\/\/hotelmarquetti.com.br\/\"><img loading=\"lazy\" decoding=\"async\" src=\"https:\/\/jornalfatosenoticias.com.br\/wp-content\/uploads\/2023\/03\/nova-logo-Marquetti.jpg\" alt=\"\" class=\"wp-image-40207\" width=\"341\" height=\"229\" srcset=\"https:\/\/jornalfatosenoticias.com.br\/wp-content\/uploads\/2023\/03\/nova-logo-Marquetti.jpg 643w, https:\/\/jornalfatosenoticias.com.br\/wp-content\/uploads\/2023\/03\/nova-logo-Marquetti-300x202.jpg 300w\" sizes=\"auto, (max-width: 341px) 100vw, 341px\" \/><\/a><\/figure><\/div>\n\n\n\n<p><strong><span class=\"has-inline-color has-black-color\">MST mant\u00e9m apoio ao ditador da Venezuela ap\u00f3s den\u00fancias sobre fraude em processo eleitoral\u00a0<br><\/span><\/strong>A rela\u00e7\u00e3o entre Nicolas Maduro e o MST n\u00e3o foi abalada nem mesmo ap\u00f3s o processo eleitoral da Venezuela ser questionado pela comunidade internacional. A alian\u00e7a pol\u00edtica e ideol\u00f3gica entre o movimento e o ditador desafia, inclusive, a posi\u00e7\u00e3o adotada pelo presidente Lula. O governo brasileiro n\u00e3o reconheceu oficialmente a vit\u00f3ria do ditador ou da oposi\u00e7\u00e3o e caminha para um poss\u00edvel &#8220;reconhecimento t\u00e1cito&#8221; para manter o apoio a Maduro sem gerar mais desgaste pol\u00edtico.<\/p>\n\n\n\n<div class=\"wp-block-image\"><figure class=\"aligncenter size-large\"><a href=\"https:\/\/cesconetto.com.br\/\"><img loading=\"lazy\" decoding=\"async\" width=\"300\" height=\"250\" src=\"https:\/\/jornalfatosenoticias.com.br\/wp-content\/uploads\/2020\/02\/Banner-2.png\" alt=\"\" class=\"wp-image-43787\"\/><\/a><\/figure><\/div>\n\n\n\n<p>O MST lamentou que o presidente Lula n\u00e3o tenha reconhecido formalmente Maduro como vencedor da elei\u00e7\u00e3o. &#8220;Para n\u00f3s, \u00e9 triste a posi\u00e7\u00e3o do governo Lula. Para n\u00f3s do MST seria muito mais proveitoso e importante se ele estivesse ao lado do Maduro. Mas o Lula \u00e9 uma coisa, o PT \u00e9 outra, e o MST \u00e9 outra. Ent\u00e3o, a gente nem sempre vai estar alinhado nas mesmas ideias&#8221;, disse Milena Polini, do setor internacional do MST em entrevista para a R\u00e1dio Fran\u00e7a Internacional.\u00a0<\/p>\n\n\n\n<div class=\"wp-block-image\"><figure class=\"aligncenter size-large is-resized\"><a href=\"https:\/\/panper.com.br\/\"><img loading=\"lazy\" decoding=\"async\" src=\"https:\/\/jornalfatosenoticias.com.br\/wp-content\/uploads\/2023\/03\/logo-Panper_portal.jpg\" alt=\"\" class=\"wp-image-40208\" width=\"316\" height=\"219\" srcset=\"https:\/\/jornalfatosenoticias.com.br\/wp-content\/uploads\/2023\/03\/logo-Panper_portal.jpg 400w, https:\/\/jornalfatosenoticias.com.br\/wp-content\/uploads\/2023\/03\/logo-Panper_portal-300x208.jpg 300w\" sizes=\"auto, (max-width: 316px) 100vw, 316px\" \/><\/a><\/figure><\/div>\n\n\n\n<p>Aliado hist\u00f3rico de Lula, St\u00e9dile, l\u00edder do MST, tamb\u00e9m criticou o governo do petista por \u201cse meter\u201d na soberania da Venezuela. \u201c\u00c9 muito s\u00e1bia a posi\u00e7\u00e3o do presidente do M\u00e9xico, Lopez Obrador, sobre a situa\u00e7\u00e3o da Venezuela. O Itamaraty [Minist\u00e9rio das Rela\u00e7\u00f5es Exteriores brasileiro] deveria aprender com ele, em vez que querer se meter em assuntos de soberania de outros pa\u00edses\u201d, disse St\u00e9dile, ap\u00f3s o l\u00edder mexicano suspender as conversas com o Brasil e a Col\u00f4mbia, que queriam pressionar o ditador a comprovar o resultado da elei\u00e7\u00e3o de 28 de julho.<\/p>\n\n\n\n<div class=\"wp-block-image\"><figure class=\"aligncenter size-large is-resized\"><a href=\"https:\/\/www.facebook.com\/postobkr\/?locale=pt_BR\"><img loading=\"lazy\" decoding=\"async\" src=\"https:\/\/jornalfatosenoticias.com.br\/wp-content\/uploads\/2023\/08\/BKR-1024x1021.jpg\" alt=\"\" class=\"wp-image-44494\" width=\"285\" height=\"284\" srcset=\"https:\/\/jornalfatosenoticias.com.br\/wp-content\/uploads\/2023\/08\/BKR-1024x1021.jpg 1024w, https:\/\/jornalfatosenoticias.com.br\/wp-content\/uploads\/2023\/08\/BKR-300x300.jpg 300w, https:\/\/jornalfatosenoticias.com.br\/wp-content\/uploads\/2023\/08\/BKR-150x150.jpg 150w, https:\/\/jornalfatosenoticias.com.br\/wp-content\/uploads\/2023\/08\/BKR-768x766.jpg 768w, https:\/\/jornalfatosenoticias.com.br\/wp-content\/uploads\/2023\/08\/BKR.jpg 1080w\" sizes=\"auto, (max-width: 285px) 100vw, 285px\" \/><\/a><\/figure><\/div>\n\n\n\n<p><strong><span class=\"has-inline-color has-black-color\">Rela\u00e7\u00e3o do MST com a China deve ser \u201camadurecida\u201d\u00a0<br><\/span><\/strong>Focado em projetos agr\u00edcolas e de mecaniza\u00e7\u00e3o da agricultura, o MST tamb\u00e9m tem estabelecido colabora\u00e7\u00f5es com a China. Em abril de 2023, St\u00e9dile fez parte da comitiva de Luiz In\u00e1cio da Silva (PT) que foi \u00e0 China. Na aproxima\u00e7\u00e3o com o pa\u00eds comandado por Xi Jinping, o MST vem buscando \u201camadurecer\u201d parcerias para o interc\u00e2mbio de tecnologias para produ\u00e7\u00e3o de agricultores familiares. \u201cH\u00e1 alguns anos vem sendo amadurecidas parcerias entre o MST e representantes chineses em prol do interc\u00e2mbio de tecnologias da China especializadas na produ\u00e7\u00e3o da agricultura familiar\u201d, afirmou o movimento em nota \u00e0 Gazeta do Povo. \u00a0<\/p>\n\n\n\n<div class=\"wp-block-image\"><figure class=\"aligncenter size-large is-resized\"><a href=\"https:\/\/www.instagram.com\/ligadossaborespizzaria\/\"><img loading=\"lazy\" decoding=\"async\" src=\"https:\/\/jornalfatosenoticias.com.br\/wp-content\/uploads\/2024\/09\/WhatsApp-Image-2024-09-14-at-22.46.10-819x1024.jpeg\" alt=\"\" class=\"wp-image-54180\" width=\"307\" height=\"384\" srcset=\"https:\/\/jornalfatosenoticias.com.br\/wp-content\/uploads\/2024\/09\/WhatsApp-Image-2024-09-14-at-22.46.10-819x1024.jpeg 819w, https:\/\/jornalfatosenoticias.com.br\/wp-content\/uploads\/2024\/09\/WhatsApp-Image-2024-09-14-at-22.46.10-240x300.jpeg 240w, https:\/\/jornalfatosenoticias.com.br\/wp-content\/uploads\/2024\/09\/WhatsApp-Image-2024-09-14-at-22.46.10-768x960.jpeg 768w, https:\/\/jornalfatosenoticias.com.br\/wp-content\/uploads\/2024\/09\/WhatsApp-Image-2024-09-14-at-22.46.10.jpeg 1024w\" sizes=\"auto, (max-width: 307px) 100vw, 307px\" \/><\/a><\/figure><\/div>\n\n\n\n<p>Como resultado da aproxima\u00e7\u00e3o com a China, o MST j\u00e1 recebeu\u00a033 m\u00e1quinas agr\u00edcolas, como microtratores e semeadeiras, para que sejam testadas em \u00e1reas de assentamentos na regi\u00e3o Nordeste do Brasil. \u201cA regi\u00e3o foi escolhida, porque \u00e9 onde existe o maior n\u00famero de fam\u00edlias camponesas do pa\u00eds. S\u00e3o cerca de 50%. [O Nordeste] \u00e9\u00a0onde esse n\u00famero de acesso das fam\u00edlias aos maquin\u00e1rios agr\u00edcolas n\u00e3o chega a 3%\u201d, afirmou o MST em nota.<\/p>\n\n\n\n<div class=\"wp-block-image\"><figure class=\"aligncenter size-large is-resized\"><a href=\"https:\/\/www.ithbrasil.com.br\/\"><img loading=\"lazy\" decoding=\"async\" src=\"https:\/\/jornalfatosenoticias.com.br\/wp-content\/uploads\/2023\/08\/ITH.jpeg\" alt=\"\" class=\"wp-image-44638\" width=\"304\" height=\"247\" srcset=\"https:\/\/jornalfatosenoticias.com.br\/wp-content\/uploads\/2023\/08\/ITH.jpeg 800w, https:\/\/jornalfatosenoticias.com.br\/wp-content\/uploads\/2023\/08\/ITH-300x244.jpeg 300w, https:\/\/jornalfatosenoticias.com.br\/wp-content\/uploads\/2023\/08\/ITH-768x624.jpeg 768w\" sizes=\"auto, (max-width: 304px) 100vw, 304px\" \/><\/a><\/figure><\/div>\n\n\n\n<p>A parceria entre a China e o MST, no entanto, levanta s\u00e9rias preocupa\u00e7\u00f5es sobre as motiva\u00e7\u00f5es desse acordo.<\/p>\n\n\n\n<blockquote class=\"wp-block-quote is-layout-flow wp-block-quote-is-layout-flow\"><p><span class=\"has-inline-color has-luminous-vivid-orange-color\">Ao enviar m\u00e1quinas agr\u00edcolas, a China n\u00e3o est\u00e1 apenas promovendo seus produtos, mas tamb\u00e9m garantindo que o MST e seus apoiadores fiquem dependentes de seu apoio, o que pode comprometer a autonomia do movimento e facilitar a entrada da agenda chinesa no Brasil\u201d, afirma Anne Dias.\u00a0<\/span><\/p><\/blockquote>\n\n\n\n<div class=\"wp-block-image\"><figure class=\"aligncenter size-large is-resized\"><a href=\"https:\/\/www.instagram.com\/restaurantepegoretti\/\"><img loading=\"lazy\" decoding=\"async\" src=\"https:\/\/jornalfatosenoticias.com.br\/wp-content\/uploads\/2023\/12\/pegoretti-logo-pdf-1024x389.jpg\" alt=\"\" class=\"wp-image-47536\" width=\"432\" height=\"164\" srcset=\"https:\/\/jornalfatosenoticias.com.br\/wp-content\/uploads\/2023\/12\/pegoretti-logo-pdf-1024x389.jpg 1024w, https:\/\/jornalfatosenoticias.com.br\/wp-content\/uploads\/2023\/12\/pegoretti-logo-pdf-300x114.jpg 300w, https:\/\/jornalfatosenoticias.com.br\/wp-content\/uploads\/2023\/12\/pegoretti-logo-pdf-768x291.jpg 768w, https:\/\/jornalfatosenoticias.com.br\/wp-content\/uploads\/2023\/12\/pegoretti-logo-pdf.jpg 1120w\" sizes=\"auto, (max-width: 432px) 100vw, 432px\" \/><\/a><\/figure><\/div>\n\n\n\n<p>De acordo com o MST, esse per\u00edodo de testagem do maquin\u00e1rio deve durar aproximadamente dois anos. No entanto, o movimento afirma que j\u00e1 foi poss\u00edvel observar \u201cavan\u00e7os significativos na produ\u00e7\u00e3o das fam\u00edlias assentadas\u201d. Ao que tudo indica, a parceria deve ser refor\u00e7ada, j\u00e1 que o movimento esbo\u00e7a perspectivas de avan\u00e7os. \u201cFuturamente, se projeta a expectativa de interc\u00e2mbio com a China para que se construa no Brasil f\u00e1bricas de m\u00e1quinas agr\u00edcolas para a produ\u00e7\u00e3o da agricultura familiar\u201d, afirmou o movimento em nota para a Gazeta do Povo.<\/p>\n\n\n\n<div class=\"wp-block-image\"><figure class=\"aligncenter size-large\"><a href=\"https:\/\/www.instagram.com\/esteiochurrascaria\/\"><img decoding=\"async\" src=\"https:\/\/jornalfatosenoticias.com.br\/wp-content\/uploads\/2020\/02\/logo_esteio.jpg\" alt=\"\" class=\"wp-image-1214\"\/><\/a><\/figure><\/div>\n\n\n\n<p><strong><span class=\"has-inline-color has-black-color\">M\u00e9dicos ligados ao MST j\u00e1 se formaram em Cuba\u00a0<br><\/span><\/strong>Em geral, as parcerias do MST com Cuba s\u00e3o relacionadas \u00e0 agroecologia e \u00e0 forma\u00e7\u00e3o de m\u00e9dicos em universidades cubanas. O MST tamb\u00e9m tem apoiado Cuba contra o bloqueio econ\u00f4mico imposto pelos Estados Unidos.\u00a0Ao longo dos anos, por meio de interc\u00e2mbios educacionais com Cuba, o movimento brasileiro afirma ter alfabetizado mais de 100 mil pessoas por meio do m\u00e9todo cubano\u00a0Yo s\u00ed puedo\u00a0(Sim, eu posso, em tradu\u00e7\u00e3o livre). Ao mesmo tempo, dezenas de sem-terra foram formados m\u00e9dicos na Escola Latino-Americana de Medicina (Elam), em Havana, por meio de um sistema de bolsas de estudo.\u00a0<\/p>\n\n\n\n<div class=\"wp-block-image\"><figure class=\"aligncenter size-large is-resized\"><a href=\"https:\/\/www.facebook.com\/vetor.vix\/\"><img loading=\"lazy\" decoding=\"async\" src=\"https:\/\/jornalfatosenoticias.com.br\/wp-content\/uploads\/2023\/09\/vetorvix1024_1.jpg\" alt=\"\" class=\"wp-image-44868\" width=\"550\" height=\"146\" srcset=\"https:\/\/jornalfatosenoticias.com.br\/wp-content\/uploads\/2023\/09\/vetorvix1024_1.jpg 1024w, https:\/\/jornalfatosenoticias.com.br\/wp-content\/uploads\/2023\/09\/vetorvix1024_1-300x80.jpg 300w, https:\/\/jornalfatosenoticias.com.br\/wp-content\/uploads\/2023\/09\/vetorvix1024_1-768x205.jpg 768w\" sizes=\"auto, (max-width: 550px) 100vw, 550px\" \/><\/a><\/figure><\/div>\n\n\n\n<p>Recentemente, 15 jovens do MST\u00a0embarcaram para Cuba para estudar \u201cmedicina humanista\u201d. Eles ser\u00e3o somados a outros milhares de brasileiros que j\u00e1 se formaram em Cuba.\u00a0A Elam foi concebida ap\u00f3s uma crise humanit\u00e1ria causada pelos furac\u00f5es George e Mitch, dois ciclones tropicais que devastaram toda a regi\u00e3o, causando a morte de aproximadamente 10 mil pessoas. Desde 1999, quando come\u00e7ou a funcionar, pelo menos 30 mil estudantes de diversos pa\u00edses se formaram na universidade cubana. \u00a0<\/p>\n\n\n\n<div class=\"wp-block-image\"><figure class=\"aligncenter size-large\"><a href=\"https:\/\/mizu.com.br\/\"><img loading=\"lazy\" decoding=\"async\" width=\"1024\" height=\"99\" src=\"https:\/\/jornalfatosenoticias.com.br\/wp-content\/uploads\/2020\/02\/Logo-Mizu-segunda-2-1024x99.png\" alt=\"\" class=\"wp-image-2353\" srcset=\"https:\/\/jornalfatosenoticias.com.br\/wp-content\/uploads\/2020\/02\/Logo-Mizu-segunda-2-1024x99.png 1024w, https:\/\/jornalfatosenoticias.com.br\/wp-content\/uploads\/2020\/02\/Logo-Mizu-segunda-2-300x29.png 300w, https:\/\/jornalfatosenoticias.com.br\/wp-content\/uploads\/2020\/02\/Logo-Mizu-segunda-2-768x74.png 768w, https:\/\/jornalfatosenoticias.com.br\/wp-content\/uploads\/2020\/02\/Logo-Mizu-segunda-2.png 1240w\" sizes=\"auto, (max-width: 1024px) 100vw, 1024px\" \/><\/a><\/figure><\/div>\n\n\n\n<p>Atualmente, a maioria dos alunos vem da Col\u00f4mbia, como parte dos acordos de paz assinados entre o governo colombiano e as For\u00e7as Armadas Revolucion\u00e1rias da Col\u00f4mbia (Farc). Nesses acordos, ficou estabelecido que a Elam receberia jovens de \u00e1reas afetadas pela viol\u00eancia, com o objetivo de lhes oferecer treinamento vocacional para sua reintegra\u00e7\u00e3o social.<\/p>\n\n\n\n<div class=\"wp-block-image\"><figure class=\"aligncenter size-large is-resized\"><a href=\"https:\/\/www.controlsystems.com.br\/\"><img loading=\"lazy\" decoding=\"async\" src=\"https:\/\/jornalfatosenoticias.com.br\/wp-content\/uploads\/2020\/02\/CONTROL-CS.jpg\" alt=\"\" class=\"wp-image-44991\" width=\"281\" height=\"337\" srcset=\"https:\/\/jornalfatosenoticias.com.br\/wp-content\/uploads\/2020\/02\/CONTROL-CS.jpg 834w, https:\/\/jornalfatosenoticias.com.br\/wp-content\/uploads\/2020\/02\/CONTROL-CS-250x300.jpg 250w, https:\/\/jornalfatosenoticias.com.br\/wp-content\/uploads\/2020\/02\/CONTROL-CS-768x921.jpg 768w\" sizes=\"auto, (max-width: 281px) 100vw, 281px\" \/><\/a><\/figure><\/div>\n\n\n\n<p><strong><span class=\"has-inline-color has-black-color\">&#8220;Origens&#8221; do movimento s\u00e3o pretexto para conex\u00f5es com ditaduras<br><\/span><\/strong>Ao se conectar com as ditaduras, o MST usa pretextos ligados \u00e0 origem do movimento. Enfatizando a luta pela reforma agr\u00e1ria, pela produ\u00e7\u00e3o de alimentos e preserva\u00e7\u00e3o do meio ambiente e a forma\u00e7\u00e3o acad\u00eamica de jovens pobres, o MST ganha apoios.\u00a0<\/p>\n\n\n\n<div class=\"wp-block-image\"><figure class=\"aligncenter size-large is-resized\"><a href=\"https:\/\/hotelmarquetti.com.br\/\"><img loading=\"lazy\" decoding=\"async\" src=\"https:\/\/jornalfatosenoticias.com.br\/wp-content\/uploads\/2020\/02\/nova-logo-Marquetti.jpg\" alt=\"\" class=\"wp-image-22331\" width=\"323\" height=\"217\" srcset=\"https:\/\/jornalfatosenoticias.com.br\/wp-content\/uploads\/2020\/02\/nova-logo-Marquetti.jpg 643w, https:\/\/jornalfatosenoticias.com.br\/wp-content\/uploads\/2020\/02\/nova-logo-Marquetti-300x202.jpg 300w\" sizes=\"auto, (max-width: 323px) 100vw, 323px\" \/><\/a><\/figure><\/div>\n\n\n\n<p>Os movimentos pol\u00edticos t\u00eam liga\u00e7\u00f5es internacionais. No entanto, quando se trata do MST, que \u00e9 sabidamente um movimento socialista, j\u00e1 h\u00e1 premissa\u00a0internacionalista desde a sua origem, que indica a quest\u00e3o ideol\u00f3gica, segundo analistas. O cientista pol\u00edtico Adriano Gianturco explica que, diferente de outras vertentes ideol\u00f3gicas que evidenciam o nacionalismo e opunham uma na\u00e7\u00e3o contra a outra, o socialismo prega a oposi\u00e7\u00e3o de classes.<\/p>\n\n\n\n<div class=\"wp-block-image\"><figure class=\"aligncenter size-large is-resized\"><img loading=\"lazy\" decoding=\"async\" src=\"https:\/\/jornalfatosenoticias.com.br\/wp-content\/uploads\/2022\/02\/Precisao-Contabilidade-1024x724.jpg\" alt=\"\" class=\"wp-image-28088\" width=\"330\" height=\"233\"\/><\/figure><\/div>\n\n\n\n<blockquote class=\"wp-block-quote is-layout-flow wp-block-quote-is-layout-flow\"><p><span class=\"has-inline-color has-luminous-vivid-orange-color\">Vale lembrar que na Primeira Guerra Mundial, a Internacional Socialista [organiza\u00e7\u00e3o internacional de partidos socialistas]\u00a0sugeriu participar da guerra porque para eles podia ser a ocasi\u00e3o para derrubar as monarquias e colocar o povo no poder de forma internacional. N\u00e3o por acaso, os jovens socialistas de v\u00e1rios pa\u00edses participaram tanto da Guerra Civil Espanhola quanto da Revolu\u00e7\u00e3o Bolchevique, na R\u00fassia\u201d, explica Gianturco.<\/span><\/p><\/blockquote>\n\n\n\n<div class=\"wp-block-image\"><figure class=\"aligncenter size-large is-resized\"><a href=\"https:\/\/www.legisjuris.com.br\/\"><img loading=\"lazy\" decoding=\"async\" src=\"https:\/\/jornalfatosenoticias.com.br\/wp-content\/uploads\/2024\/09\/Legis-Juris-Consultoria_logo.jpg\" alt=\"\" class=\"wp-image-53915\" width=\"384\" height=\"161\" srcset=\"https:\/\/jornalfatosenoticias.com.br\/wp-content\/uploads\/2024\/09\/Legis-Juris-Consultoria_logo.jpg 969w, https:\/\/jornalfatosenoticias.com.br\/wp-content\/uploads\/2024\/09\/Legis-Juris-Consultoria_logo-300x126.jpg 300w, https:\/\/jornalfatosenoticias.com.br\/wp-content\/uploads\/2024\/09\/Legis-Juris-Consultoria_logo-768x322.jpg 768w\" sizes=\"auto, (max-width: 384px) 100vw, 384px\" \/><\/a><\/figure><\/div>\n\n\n\n<p>O cientista pol\u00edtico&nbsp;lembra ainda que uma das figuras centrais do socialismo, Ernesto Che Guevara foi um argentino que lutou em v\u00e1rias guerras de independ\u00eancia e revolu\u00e7\u00f5es em toda a Am\u00e9rica Latina. Che Guevara&nbsp;participou da Revolu\u00e7\u00e3o Cubana, mesmo sem ter nascido no pa\u00eds caribenho.&nbsp;<\/p>\n\n\n\n<div class=\"wp-block-image\"><figure class=\"aligncenter size-large\"><a href=\"http:\/\/www.ferrarimaquinas.com.br\/\"><img loading=\"lazy\" decoding=\"async\" width=\"300\" height=\"250\" src=\"https:\/\/jornalfatosenoticias.com.br\/wp-content\/uploads\/2022\/02\/FERRARI_MAQUINAS-E-FERRAMENTAS2.jpg\" alt=\"\" class=\"wp-image-27860\"\/><\/a><\/figure><\/div>\n\n\n\n<p><strong><span class=\"has-inline-color has-black-color\">Rela\u00e7\u00f5es do MST com ditaduras preocupam pol\u00edticos e analistas\u00a0<br><\/span><\/strong>&#8220;A liga\u00e7\u00e3o do MST com ditaduras como \u2014 as da Venezuela, China e Cuba \u2014 \u00e9 extremamente preocupante. Essas na\u00e7\u00f5es, marcadas pela repress\u00e3o e a falta de liberdades individuais, servem de inspira\u00e7\u00e3o para um movimento que, em vez de defender a reforma agr\u00e1ria justa e pac\u00edfica, opta por t\u00e1ticas de invas\u00e3o de terras e confronto direto com o setor produtivo&#8221;, afirma o deputado Rodolfo Nogueira (PL-MS).\u00a0<\/p>\n\n\n\n<div class=\"wp-block-image\"><figure class=\"aligncenter size-large is-resized\"><a href=\"https:\/\/www.instagram.com\/serra4x4cambioautomatico\/\"><img loading=\"lazy\" decoding=\"async\" src=\"https:\/\/jornalfatosenoticias.com.br\/wp-content\/uploads\/2024\/08\/Serra-4x4-1-886x1024.jpg\" alt=\"\" class=\"wp-image-53632\" width=\"330\" height=\"382\" srcset=\"https:\/\/jornalfatosenoticias.com.br\/wp-content\/uploads\/2024\/08\/Serra-4x4-1-886x1024.jpg 886w, https:\/\/jornalfatosenoticias.com.br\/wp-content\/uploads\/2024\/08\/Serra-4x4-1-260x300.jpg 260w, https:\/\/jornalfatosenoticias.com.br\/wp-content\/uploads\/2024\/08\/Serra-4x4-1-768x888.jpg 768w, https:\/\/jornalfatosenoticias.com.br\/wp-content\/uploads\/2024\/08\/Serra-4x4-1.jpg 1181w\" sizes=\"auto, (max-width: 330px) 100vw, 330px\" \/><\/a><\/figure><\/div>\n\n\n\n<p>Anne Dias, diretora do Ladies of Liberty Alliance, refor\u00e7a a preocupa\u00e7\u00e3o e aponta que a rela\u00e7\u00e3o com regimes autorit\u00e1rios contradiz as premissas que o movimento diz adotar.<\/p>\n\n\n\n<blockquote class=\"wp-block-quote is-layout-flow wp-block-quote-is-layout-flow\"><p><span class=\"has-inline-color has-luminous-vivid-orange-color\">Ao se aliar a regimes autorit\u00e1rios, como os de Venezuela, Cuba e China, o MST exp\u00f5e sua prefer\u00eancia por governos centralizadores e repressivos que violam sistematicamente direitos humanos e cerceiam as liberdades individuais\u201d, afirma Anne. \u00a0<\/span><\/p><\/blockquote>\n\n\n\n<div class=\"wp-block-image\"><figure class=\"aligncenter size-large is-resized\"><a href=\"https:\/\/www.facebook.com\/vetor.vix\/\"><img loading=\"lazy\" decoding=\"async\" src=\"https:\/\/jornalfatosenoticias.com.br\/wp-content\/uploads\/2023\/09\/vetorvix1024_1.jpg\" alt=\"\" class=\"wp-image-44868\" width=\"554\" height=\"147\" srcset=\"https:\/\/jornalfatosenoticias.com.br\/wp-content\/uploads\/2023\/09\/vetorvix1024_1.jpg 1024w, https:\/\/jornalfatosenoticias.com.br\/wp-content\/uploads\/2023\/09\/vetorvix1024_1-300x80.jpg 300w, https:\/\/jornalfatosenoticias.com.br\/wp-content\/uploads\/2023\/09\/vetorvix1024_1-768x205.jpg 768w\" sizes=\"auto, (max-width: 554px) 100vw, 554px\" \/><\/a><\/figure><\/div>\n\n\n\n<p>Al\u00e9m disso, ela aponta que, ao abra\u00e7ar ideologias autorit\u00e1rias, o MST perpetua a \u201cestagna\u00e7\u00e3o e o controle estatal, em vez de buscar solu\u00e7\u00f5es que promovam a autonomia e o progresso dos agricultores\u201d. \u201cNo final das contas, essa aproxima\u00e7\u00e3o evidencia uma vis\u00e3o ultrapassada e destrutiva, que prioriza o poder pol\u00edtico em detrimento do bem-estar e da liberdade das pessoas que o movimento afirma representar\u201d, critica.&nbsp;<\/p>\n\n\n\n<div class=\"wp-block-image\"><figure class=\"aligncenter size-large is-resized\"><a href=\"https:\/\/www.instagram.com\/vmais.midias\/\"><img loading=\"lazy\" decoding=\"async\" src=\"https:\/\/jornalfatosenoticias.com.br\/wp-content\/uploads\/2020\/02\/DE-MAIS-DESTAQUE-VMAIS-800X700.png\" alt=\"\" class=\"wp-image-53112\" width=\"287\" height=\"251\" srcset=\"https:\/\/jornalfatosenoticias.com.br\/wp-content\/uploads\/2020\/02\/DE-MAIS-DESTAQUE-VMAIS-800X700.png 800w, https:\/\/jornalfatosenoticias.com.br\/wp-content\/uploads\/2020\/02\/DE-MAIS-DESTAQUE-VMAIS-800X700-300x263.png 300w, https:\/\/jornalfatosenoticias.com.br\/wp-content\/uploads\/2020\/02\/DE-MAIS-DESTAQUE-VMAIS-800X700-768x672.png 768w\" sizes=\"auto, (max-width: 287px) 100vw, 287px\" \/><\/a><\/figure><\/div>\n\n\n\n<p><strong><em>Fonte: <a href=\"https:\/\/www.gazetadopovo.com.br\/republica\/mst-reforca-lacos-com-ditaduras-na-venezuela-cuba-e-china\/?ref=escolhas-do-editor\">Gazeta do Povo<\/a><\/em><\/strong><\/p>\n","protected":false},"excerpt":{"rendered":"<p>MST vem estreitando la\u00e7os com ditaduras como a China. Ao centro, Xi Jinping, nas pontas, Lula e o l\u00edder e fundador do MST, Jo\u00e3o Pedro St\u00e9dile, durante visita \u00e0 China em abril de 2023 Por Aline Rechmann Nos \u00faltimos dois anos, o Movimento dos Trabalhadores Rurais Sem Terra (MST) tem intensificado as agendas e refor\u00e7ado [&hellip;]<\/p>\n","protected":false},"author":2,"featured_media":54608,"comment_status":"open","ping_status":"open","sticky":false,"template":"","format":"standard","meta":{"footnotes":""},"categories":[5],"tags":[1990,85,5043,24891,19097,4493,8605,9243],"class_list":["post-54607","post","type-post","status-publish","format-standard","has-post-thumbnail","hentry","category-geral","tag-agricultura-familiar","tag-china","tag-cuba","tag-lula-mst","tag-nicolas-maduro","tag-socialismo","tag-venezuela","tag-xi-jinping"],"yoast_head":"<!-- This site is optimized with the Yoast SEO plugin v26.5 - https:\/\/yoast.com\/wordpress\/plugins\/seo\/ -->\n<title>MST refor\u00e7a la\u00e7os com ditaduras na Venezuela, Cuba e China - Jornal Fatos e Not\u00edcias<\/title>\n<meta name=\"robots\" content=\"index, follow, max-snippet:-1, max-image-preview:large, max-video-preview:-1\" \/>\n<link rel=\"canonical\" href=\"https:\/\/jornalfatosenoticias.com.br\/index.php\/2024\/10\/01\/mst-reforca-lacos-com-ditaduras-na-venezuela-cuba-e-china\/\" \/>\n<meta property=\"og:locale\" content=\"pt_BR\" \/>\n<meta property=\"og:type\" content=\"article\" \/>\n<meta property=\"og:title\" content=\"MST refor\u00e7a la\u00e7os com ditaduras na Venezuela, Cuba e China - Jornal Fatos e Not\u00edcias\" \/>\n<meta property=\"og:description\" content=\"MST vem estreitando la\u00e7os com ditaduras como a China. Ao centro, Xi Jinping, nas pontas, Lula e o l\u00edder e fundador do MST, Jo\u00e3o Pedro St\u00e9dile, durante visita \u00e0 China em abril de 2023 Por Aline Rechmann Nos \u00faltimos dois anos, o Movimento dos Trabalhadores Rurais Sem Terra (MST) tem intensificado as agendas e refor\u00e7ado [&hellip;]\" \/>\n<meta property=\"og:url\" content=\"https:\/\/jornalfatosenoticias.com.br\/index.php\/2024\/10\/01\/mst-reforca-lacos-com-ditaduras-na-venezuela-cuba-e-china\/\" \/>\n<meta property=\"og:site_name\" content=\"Jornal Fatos e Not\u00edcias\" \/>\n<meta property=\"article:published_time\" content=\"2024-10-01T19:52:18+00:00\" \/>\n<meta property=\"article:modified_time\" content=\"2024-10-01T19:52:20+00:00\" \/>\n<meta property=\"og:image\" content=\"https:\/\/jornalfatosenoticias.com.br\/wp-content\/uploads\/2024\/10\/Lula-china-stedile-xi-jinping-qu4adrilh40.jpg\" \/>\n\t<meta property=\"og:image:width\" content=\"960\" \/>\n\t<meta property=\"og:image:height\" content=\"540\" \/>\n\t<meta property=\"og:image:type\" content=\"image\/jpeg\" \/>\n<meta name=\"author\" content=\"Luzimara Fernandes\" \/>\n<meta name=\"twitter:card\" content=\"summary_large_image\" \/>\n<meta name=\"twitter:label1\" content=\"Escrito por\" \/>\n\t<meta name=\"twitter:data1\" content=\"Luzimara Fernandes\" \/>\n\t<meta name=\"twitter:label2\" content=\"Est. tempo de leitura\" \/>\n\t<meta name=\"twitter:data2\" content=\"13 minutos\" \/>\n<script type=\"application\/ld+json\" class=\"yoast-schema-graph\">{\"@context\":\"https:\/\/schema.org\",\"@graph\":[{\"@type\":\"Article\",\"@id\":\"https:\/\/jornalfatosenoticias.com.br\/index.php\/2024\/10\/01\/mst-reforca-lacos-com-ditaduras-na-venezuela-cuba-e-china\/#article\",\"isPartOf\":{\"@id\":\"https:\/\/jornalfatosenoticias.com.br\/index.php\/2024\/10\/01\/mst-reforca-lacos-com-ditaduras-na-venezuela-cuba-e-china\/\"},\"author\":{\"name\":\"Luzimara Fernandes\",\"@id\":\"https:\/\/jornalfatosenoticias.com.br\/#\/schema\/person\/d63837fa13ac8666eb9e74e0985d6f81\"},\"headline\":\"MST refor\u00e7a la\u00e7os com ditaduras na Venezuela, Cuba e China\",\"datePublished\":\"2024-10-01T19:52:18+00:00\",\"dateModified\":\"2024-10-01T19:52:20+00:00\",\"mainEntityOfPage\":{\"@id\":\"https:\/\/jornalfatosenoticias.com.br\/index.php\/2024\/10\/01\/mst-reforca-lacos-com-ditaduras-na-venezuela-cuba-e-china\/\"},\"wordCount\":2583,\"commentCount\":0,\"publisher\":{\"@id\":\"https:\/\/jornalfatosenoticias.com.br\/#organization\"},\"image\":{\"@id\":\"https:\/\/jornalfatosenoticias.com.br\/index.php\/2024\/10\/01\/mst-reforca-lacos-com-ditaduras-na-venezuela-cuba-e-china\/#primaryimage\"},\"thumbnailUrl\":\"https:\/\/jornalfatosenoticias.com.br\/wp-content\/uploads\/2024\/10\/Lula-china-stedile-xi-jinping-qu4adrilh40.jpg\",\"keywords\":[\"agricultura familiar\",\"china\",\"Cuba\",\"Lula MST\",\"Nicol\u00e1s Maduro\",\"Socialismo\",\"Venezuela\",\"Xi Jinping\"],\"articleSection\":[\"Geral\"],\"inLanguage\":\"pt-BR\",\"potentialAction\":[{\"@type\":\"CommentAction\",\"name\":\"Comment\",\"target\":[\"https:\/\/jornalfatosenoticias.com.br\/index.php\/2024\/10\/01\/mst-reforca-lacos-com-ditaduras-na-venezuela-cuba-e-china\/#respond\"]}]},{\"@type\":\"WebPage\",\"@id\":\"https:\/\/jornalfatosenoticias.com.br\/index.php\/2024\/10\/01\/mst-reforca-lacos-com-ditaduras-na-venezuela-cuba-e-china\/\",\"url\":\"https:\/\/jornalfatosenoticias.com.br\/index.php\/2024\/10\/01\/mst-reforca-lacos-com-ditaduras-na-venezuela-cuba-e-china\/\",\"name\":\"MST refor\u00e7a la\u00e7os com ditaduras na Venezuela, Cuba e China - Jornal Fatos e Not\u00edcias\",\"isPartOf\":{\"@id\":\"https:\/\/jornalfatosenoticias.com.br\/#website\"},\"primaryImageOfPage\":{\"@id\":\"https:\/\/jornalfatosenoticias.com.br\/index.php\/2024\/10\/01\/mst-reforca-lacos-com-ditaduras-na-venezuela-cuba-e-china\/#primaryimage\"},\"image\":{\"@id\":\"https:\/\/jornalfatosenoticias.com.br\/index.php\/2024\/10\/01\/mst-reforca-lacos-com-ditaduras-na-venezuela-cuba-e-china\/#primaryimage\"},\"thumbnailUrl\":\"https:\/\/jornalfatosenoticias.com.br\/wp-content\/uploads\/2024\/10\/Lula-china-stedile-xi-jinping-qu4adrilh40.jpg\",\"datePublished\":\"2024-10-01T19:52:18+00:00\",\"dateModified\":\"2024-10-01T19:52:20+00:00\",\"breadcrumb\":{\"@id\":\"https:\/\/jornalfatosenoticias.com.br\/index.php\/2024\/10\/01\/mst-reforca-lacos-com-ditaduras-na-venezuela-cuba-e-china\/#breadcrumb\"},\"inLanguage\":\"pt-BR\",\"potentialAction\":[{\"@type\":\"ReadAction\",\"target\":[\"https:\/\/jornalfatosenoticias.com.br\/index.php\/2024\/10\/01\/mst-reforca-lacos-com-ditaduras-na-venezuela-cuba-e-china\/\"]}]},{\"@type\":\"ImageObject\",\"inLanguage\":\"pt-BR\",\"@id\":\"https:\/\/jornalfatosenoticias.com.br\/index.php\/2024\/10\/01\/mst-reforca-lacos-com-ditaduras-na-venezuela-cuba-e-china\/#primaryimage\",\"url\":\"https:\/\/jornalfatosenoticias.com.br\/wp-content\/uploads\/2024\/10\/Lula-china-stedile-xi-jinping-qu4adrilh40.jpg\",\"contentUrl\":\"https:\/\/jornalfatosenoticias.com.br\/wp-content\/uploads\/2024\/10\/Lula-china-stedile-xi-jinping-qu4adrilh40.jpg\",\"width\":960,\"height\":540},{\"@type\":\"BreadcrumbList\",\"@id\":\"https:\/\/jornalfatosenoticias.com.br\/index.php\/2024\/10\/01\/mst-reforca-lacos-com-ditaduras-na-venezuela-cuba-e-china\/#breadcrumb\",\"itemListElement\":[{\"@type\":\"ListItem\",\"position\":1,\"name\":\"In\u00edcio\",\"item\":\"https:\/\/jornalfatosenoticias.com.br\/\"},{\"@type\":\"ListItem\",\"position\":2,\"name\":\"MST refor\u00e7a la\u00e7os com ditaduras na Venezuela, Cuba e China\"}]},{\"@type\":\"WebSite\",\"@id\":\"https:\/\/jornalfatosenoticias.com.br\/#website\",\"url\":\"https:\/\/jornalfatosenoticias.com.br\/\",\"name\":\"Jornal Fatos e Not\u00edcias\",\"description\":\"Not\u00edcias em geral\",\"publisher\":{\"@id\":\"https:\/\/jornalfatosenoticias.com.br\/#organization\"},\"potentialAction\":[{\"@type\":\"SearchAction\",\"target\":{\"@type\":\"EntryPoint\",\"urlTemplate\":\"https:\/\/jornalfatosenoticias.com.br\/?s={search_term_string}\"},\"query-input\":{\"@type\":\"PropertyValueSpecification\",\"valueRequired\":true,\"valueName\":\"search_term_string\"}}],\"inLanguage\":\"pt-BR\"},{\"@type\":\"Organization\",\"@id\":\"https:\/\/jornalfatosenoticias.com.br\/#organization\",\"name\":\"Jornal Fatos e Not\u00edcias\",\"url\":\"https:\/\/jornalfatosenoticias.com.br\/\",\"logo\":{\"@type\":\"ImageObject\",\"inLanguage\":\"pt-BR\",\"@id\":\"https:\/\/jornalfatosenoticias.com.br\/#\/schema\/logo\/image\/\",\"url\":\"https:\/\/jornalfatosenoticias.com.br\/wp-content\/uploads\/2020\/02\/logo120.png\",\"contentUrl\":\"https:\/\/jornalfatosenoticias.com.br\/wp-content\/uploads\/2020\/02\/logo120.png\",\"width\":1227,\"height\":120,\"caption\":\"Jornal Fatos e Not\u00edcias\"},\"image\":{\"@id\":\"https:\/\/jornalfatosenoticias.com.br\/#\/schema\/logo\/image\/\"}},{\"@type\":\"Person\",\"@id\":\"https:\/\/jornalfatosenoticias.com.br\/#\/schema\/person\/d63837fa13ac8666eb9e74e0985d6f81\",\"name\":\"Luzimara Fernandes\",\"image\":{\"@type\":\"ImageObject\",\"inLanguage\":\"pt-BR\",\"@id\":\"https:\/\/jornalfatosenoticias.com.br\/#\/schema\/person\/image\/\",\"url\":\"https:\/\/jornalfatosenoticias.com.br\/wp-content\/uploads\/2025\/05\/EU_portal.jpg\",\"contentUrl\":\"https:\/\/jornalfatosenoticias.com.br\/wp-content\/uploads\/2025\/05\/EU_portal.jpg\",\"caption\":\"Luzimara Fernandes\"},\"description\":\"Jornalista MTB 2358-ES\",\"sameAs\":[\"https:\/\/jornalfatosenoticias.com.br\"],\"url\":\"https:\/\/jornalfatosenoticias.com.br\/index.php\/author\/luzimara\/\"}]}<\/script>\n<!-- \/ Yoast SEO plugin. -->","yoast_head_json":{"title":"MST refor\u00e7a la\u00e7os com ditaduras na Venezuela, Cuba e China - Jornal Fatos e Not\u00edcias","robots":{"index":"index","follow":"follow","max-snippet":"max-snippet:-1","max-image-preview":"max-image-preview:large","max-video-preview":"max-video-preview:-1"},"canonical":"https:\/\/jornalfatosenoticias.com.br\/index.php\/2024\/10\/01\/mst-reforca-lacos-com-ditaduras-na-venezuela-cuba-e-china\/","og_locale":"pt_BR","og_type":"article","og_title":"MST refor\u00e7a la\u00e7os com ditaduras na Venezuela, Cuba e China - Jornal Fatos e Not\u00edcias","og_description":"MST vem estreitando la\u00e7os com ditaduras como a China. Ao centro, Xi Jinping, nas pontas, Lula e o l\u00edder e fundador do MST, Jo\u00e3o Pedro St\u00e9dile, durante visita \u00e0 China em abril de 2023 Por Aline Rechmann Nos \u00faltimos dois anos, o Movimento dos Trabalhadores Rurais Sem Terra (MST) tem intensificado as agendas e refor\u00e7ado [&hellip;]","og_url":"https:\/\/jornalfatosenoticias.com.br\/index.php\/2024\/10\/01\/mst-reforca-lacos-com-ditaduras-na-venezuela-cuba-e-china\/","og_site_name":"Jornal Fatos e Not\u00edcias","article_published_time":"2024-10-01T19:52:18+00:00","article_modified_time":"2024-10-01T19:52:20+00:00","og_image":[{"width":960,"height":540,"url":"https:\/\/jornalfatosenoticias.com.br\/wp-content\/uploads\/2024\/10\/Lula-china-stedile-xi-jinping-qu4adrilh40.jpg","type":"image\/jpeg"}],"author":"Luzimara Fernandes","twitter_card":"summary_large_image","twitter_misc":{"Escrito por":"Luzimara Fernandes","Est. tempo de leitura":"13 minutos"},"schema":{"@context":"https:\/\/schema.org","@graph":[{"@type":"Article","@id":"https:\/\/jornalfatosenoticias.com.br\/index.php\/2024\/10\/01\/mst-reforca-lacos-com-ditaduras-na-venezuela-cuba-e-china\/#article","isPartOf":{"@id":"https:\/\/jornalfatosenoticias.com.br\/index.php\/2024\/10\/01\/mst-reforca-lacos-com-ditaduras-na-venezuela-cuba-e-china\/"},"author":{"name":"Luzimara Fernandes","@id":"https:\/\/jornalfatosenoticias.com.br\/#\/schema\/person\/d63837fa13ac8666eb9e74e0985d6f81"},"headline":"MST refor\u00e7a la\u00e7os com ditaduras na Venezuela, Cuba e China","datePublished":"2024-10-01T19:52:18+00:00","dateModified":"2024-10-01T19:52:20+00:00","mainEntityOfPage":{"@id":"https:\/\/jornalfatosenoticias.com.br\/index.php\/2024\/10\/01\/mst-reforca-lacos-com-ditaduras-na-venezuela-cuba-e-china\/"},"wordCount":2583,"commentCount":0,"publisher":{"@id":"https:\/\/jornalfatosenoticias.com.br\/#organization"},"image":{"@id":"https:\/\/jornalfatosenoticias.com.br\/index.php\/2024\/10\/01\/mst-reforca-lacos-com-ditaduras-na-venezuela-cuba-e-china\/#primaryimage"},"thumbnailUrl":"https:\/\/jornalfatosenoticias.com.br\/wp-content\/uploads\/2024\/10\/Lula-china-stedile-xi-jinping-qu4adrilh40.jpg","keywords":["agricultura familiar","china","Cuba","Lula MST","Nicol\u00e1s Maduro","Socialismo","Venezuela","Xi Jinping"],"articleSection":["Geral"],"inLanguage":"pt-BR","potentialAction":[{"@type":"CommentAction","name":"Comment","target":["https:\/\/jornalfatosenoticias.com.br\/index.php\/2024\/10\/01\/mst-reforca-lacos-com-ditaduras-na-venezuela-cuba-e-china\/#respond"]}]},{"@type":"WebPage","@id":"https:\/\/jornalfatosenoticias.com.br\/index.php\/2024\/10\/01\/mst-reforca-lacos-com-ditaduras-na-venezuela-cuba-e-china\/","url":"https:\/\/jornalfatosenoticias.com.br\/index.php\/2024\/10\/01\/mst-reforca-lacos-com-ditaduras-na-venezuela-cuba-e-china\/","name":"MST refor\u00e7a la\u00e7os com ditaduras na Venezuela, Cuba e China - Jornal Fatos e Not\u00edcias","isPartOf":{"@id":"https:\/\/jornalfatosenoticias.com.br\/#website"},"primaryImageOfPage":{"@id":"https:\/\/jornalfatosenoticias.com.br\/index.php\/2024\/10\/01\/mst-reforca-lacos-com-ditaduras-na-venezuela-cuba-e-china\/#primaryimage"},"image":{"@id":"https:\/\/jornalfatosenoticias.com.br\/index.php\/2024\/10\/01\/mst-reforca-lacos-com-ditaduras-na-venezuela-cuba-e-china\/#primaryimage"},"thumbnailUrl":"https:\/\/jornalfatosenoticias.com.br\/wp-content\/uploads\/2024\/10\/Lula-china-stedile-xi-jinping-qu4adrilh40.jpg","datePublished":"2024-10-01T19:52:18+00:00","dateModified":"2024-10-01T19:52:20+00:00","breadcrumb":{"@id":"https:\/\/jornalfatosenoticias.com.br\/index.php\/2024\/10\/01\/mst-reforca-lacos-com-ditaduras-na-venezuela-cuba-e-china\/#breadcrumb"},"inLanguage":"pt-BR","potentialAction":[{"@type":"ReadAction","target":["https:\/\/jornalfatosenoticias.com.br\/index.php\/2024\/10\/01\/mst-reforca-lacos-com-ditaduras-na-venezuela-cuba-e-china\/"]}]},{"@type":"ImageObject","inLanguage":"pt-BR","@id":"https:\/\/jornalfatosenoticias.com.br\/index.php\/2024\/10\/01\/mst-reforca-lacos-com-ditaduras-na-venezuela-cuba-e-china\/#primaryimage","url":"https:\/\/jornalfatosenoticias.com.br\/wp-content\/uploads\/2024\/10\/Lula-china-stedile-xi-jinping-qu4adrilh40.jpg","contentUrl":"https:\/\/jornalfatosenoticias.com.br\/wp-content\/uploads\/2024\/10\/Lula-china-stedile-xi-jinping-qu4adrilh40.jpg","width":960,"height":540},{"@type":"BreadcrumbList","@id":"https:\/\/jornalfatosenoticias.com.br\/index.php\/2024\/10\/01\/mst-reforca-lacos-com-ditaduras-na-venezuela-cuba-e-china\/#breadcrumb","itemListElement":[{"@type":"ListItem","position":1,"name":"In\u00edcio","item":"https:\/\/jornalfatosenoticias.com.br\/"},{"@type":"ListItem","position":2,"name":"MST refor\u00e7a la\u00e7os com ditaduras na Venezuela, Cuba e China"}]},{"@type":"WebSite","@id":"https:\/\/jornalfatosenoticias.com.br\/#website","url":"https:\/\/jornalfatosenoticias.com.br\/","name":"Jornal Fatos e Not\u00edcias","description":"Not\u00edcias em geral","publisher":{"@id":"https:\/\/jornalfatosenoticias.com.br\/#organization"},"potentialAction":[{"@type":"SearchAction","target":{"@type":"EntryPoint","urlTemplate":"https:\/\/jornalfatosenoticias.com.br\/?s={search_term_string}"},"query-input":{"@type":"PropertyValueSpecification","valueRequired":true,"valueName":"search_term_string"}}],"inLanguage":"pt-BR"},{"@type":"Organization","@id":"https:\/\/jornalfatosenoticias.com.br\/#organization","name":"Jornal Fatos e Not\u00edcias","url":"https:\/\/jornalfatosenoticias.com.br\/","logo":{"@type":"ImageObject","inLanguage":"pt-BR","@id":"https:\/\/jornalfatosenoticias.com.br\/#\/schema\/logo\/image\/","url":"https:\/\/jornalfatosenoticias.com.br\/wp-content\/uploads\/2020\/02\/logo120.png","contentUrl":"https:\/\/jornalfatosenoticias.com.br\/wp-content\/uploads\/2020\/02\/logo120.png","width":1227,"height":120,"caption":"Jornal Fatos e Not\u00edcias"},"image":{"@id":"https:\/\/jornalfatosenoticias.com.br\/#\/schema\/logo\/image\/"}},{"@type":"Person","@id":"https:\/\/jornalfatosenoticias.com.br\/#\/schema\/person\/d63837fa13ac8666eb9e74e0985d6f81","name":"Luzimara Fernandes","image":{"@type":"ImageObject","inLanguage":"pt-BR","@id":"https:\/\/jornalfatosenoticias.com.br\/#\/schema\/person\/image\/","url":"https:\/\/jornalfatosenoticias.com.br\/wp-content\/uploads\/2025\/05\/EU_portal.jpg","contentUrl":"https:\/\/jornalfatosenoticias.com.br\/wp-content\/uploads\/2025\/05\/EU_portal.jpg","caption":"Luzimara Fernandes"},"description":"Jornalista MTB 2358-ES","sameAs":["https:\/\/jornalfatosenoticias.com.br"],"url":"https:\/\/jornalfatosenoticias.com.br\/index.php\/author\/luzimara\/"}]}},"cc_featured_image_caption":{"caption_text":"","source_text":"","source_url":""},"jetpack_featured_media_url":"https:\/\/jornalfatosenoticias.com.br\/wp-content\/uploads\/2024\/10\/Lula-china-stedile-xi-jinping-qu4adrilh40.jpg","_links":{"self":[{"href":"https:\/\/jornalfatosenoticias.com.br\/index.php\/wp-json\/wp\/v2\/posts\/54607","targetHints":{"allow":["GET"]}}],"collection":[{"href":"https:\/\/jornalfatosenoticias.com.br\/index.php\/wp-json\/wp\/v2\/posts"}],"about":[{"href":"https:\/\/jornalfatosenoticias.com.br\/index.php\/wp-json\/wp\/v2\/types\/post"}],"author":[{"embeddable":true,"href":"https:\/\/jornalfatosenoticias.com.br\/index.php\/wp-json\/wp\/v2\/users\/2"}],"replies":[{"embeddable":true,"href":"https:\/\/jornalfatosenoticias.com.br\/index.php\/wp-json\/wp\/v2\/comments?post=54607"}],"version-history":[{"count":0,"href":"https:\/\/jornalfatosenoticias.com.br\/index.php\/wp-json\/wp\/v2\/posts\/54607\/revisions"}],"wp:featuredmedia":[{"embeddable":true,"href":"https:\/\/jornalfatosenoticias.com.br\/index.php\/wp-json\/wp\/v2\/media\/54608"}],"wp:attachment":[{"href":"https:\/\/jornalfatosenoticias.com.br\/index.php\/wp-json\/wp\/v2\/media?parent=54607"}],"wp:term":[{"taxonomy":"category","embeddable":true,"href":"https:\/\/jornalfatosenoticias.com.br\/index.php\/wp-json\/wp\/v2\/categories?post=54607"},{"taxonomy":"post_tag","embeddable":true,"href":"https:\/\/jornalfatosenoticias.com.br\/index.php\/wp-json\/wp\/v2\/tags?post=54607"}],"curies":[{"name":"wp","href":"https:\/\/api.w.org\/{rel}","templated":true}]}}