{"id":54634,"date":"2024-10-02T14:31:19","date_gmt":"2024-10-02T17:31:19","guid":{"rendered":"https:\/\/jornalfatosenoticias.com.br\/?p=54634"},"modified":"2024-10-02T14:31:20","modified_gmt":"2024-10-02T17:31:20","slug":"genoma-humano-e-armazenado-em-cristal-eterno-para-preservar-nossa-especie","status":"publish","type":"post","link":"https:\/\/jornalfatosenoticias.com.br\/index.php\/2024\/10\/02\/genoma-humano-e-armazenado-em-cristal-eterno-para-preservar-nossa-especie\/","title":{"rendered":"Genoma humano \u00e9 armazenado em &#8220;cristal eterno&#8221; para preservar nossa esp\u00e9cie"},"content":{"rendered":"\n<p><em><span class=\"has-inline-color has-black-color\">A ideia \u00e9 que futuras intelig\u00eancias possam recuperar os dados e recriar a humanidade em caso de extin\u00e7\u00e3o<\/span><\/em><\/p>\n\n\n\n<div class=\"wp-block-image\"><figure class=\"aligncenter size-large\"><a href=\"https:\/\/mizu.com.br\/\"><img loading=\"lazy\" decoding=\"async\" width=\"729\" height=\"90\" src=\"https:\/\/jornalfatosenoticias.com.br\/wp-content\/uploads\/2020\/02\/Logo_Mizu.png\" alt=\"\" class=\"wp-image-1441\" srcset=\"https:\/\/jornalfatosenoticias.com.br\/wp-content\/uploads\/2020\/02\/Logo_Mizu.png 729w, https:\/\/jornalfatosenoticias.com.br\/wp-content\/uploads\/2020\/02\/Logo_Mizu-300x37.png 300w\" sizes=\"auto, (max-width: 729px) 100vw, 729px\" \/><\/a><\/figure><\/div>\n\n\n\n<p>Cientistas da Universidade de Southampton, na Inglaterra, conseguiram armazenar o genoma humano completo em um &#8220;cristal eterno&#8221; de mem\u00f3ria 5D. O novo formato de armazenamento de dados tem potencial para durar bilh\u00f5es de anos. O objetivo dos pesquisadores \u00e9 que, no futuro, a tecnologia permita a recupera\u00e7\u00e3o da humanidade ou de outras esp\u00e9cies caso ocorra extin\u00e7\u00e3o, dependendo das evolu\u00e7\u00f5es cient\u00edficas.<br>Al\u00e9m de preservar o genoma humano, o cristal poderia servir para guardar informa\u00e7\u00f5es gen\u00e9ticas de plantas e animais amea\u00e7ados de extin\u00e7\u00e3o. O material, desenvolvido pelo Centro de Pesquisa em Optoeletr\u00f4nica (ORC) da universidade, \u00e9 extremamente resistente, suportando altas temperaturas e impactos intensos, mantendo sua integridade por um tempo inimagin\u00e1vel.<\/p>\n\n\n\n<div class=\"wp-block-image\"><figure class=\"aligncenter size-large is-resized\"><a href=\"https:\/\/www.facebook.com\/postobkr\/?locale=pt_BR\"><img loading=\"lazy\" decoding=\"async\" src=\"https:\/\/jornalfatosenoticias.com.br\/wp-content\/uploads\/2023\/08\/BKR-1024x1021.jpg\" alt=\"\" class=\"wp-image-44494\" width=\"284\" height=\"283\" srcset=\"https:\/\/jornalfatosenoticias.com.br\/wp-content\/uploads\/2023\/08\/BKR-1024x1021.jpg 1024w, https:\/\/jornalfatosenoticias.com.br\/wp-content\/uploads\/2023\/08\/BKR-300x300.jpg 300w, https:\/\/jornalfatosenoticias.com.br\/wp-content\/uploads\/2023\/08\/BKR-150x150.jpg 150w, https:\/\/jornalfatosenoticias.com.br\/wp-content\/uploads\/2023\/08\/BKR-768x766.jpg 768w, https:\/\/jornalfatosenoticias.com.br\/wp-content\/uploads\/2023\/08\/BKR.jpg 1080w\" sizes=\"auto, (max-width: 284px) 100vw, 284px\" \/><\/a><\/figure><\/div>\n\n\n\n<p>O cristal de mem\u00f3ria 5D \u00e9 feito de quartzo fundido, um dos materiais mais dur\u00e1veis tanto quimicamente quanto termicamente. Ele pode armazenar at\u00e9 360 terabytes de dados sem degrada\u00e7\u00e3o e det\u00e9m o recorde mundial como o meio de armazenamento de dados mais dur\u00e1vel, registrado no Guinness World Records em 2014.<\/p>\n\n\n\n<div class=\"wp-block-image\"><figure class=\"aligncenter size-large\"><img loading=\"lazy\" decoding=\"async\" width=\"788\" height=\"443\" src=\"https:\/\/jornalfatosenoticias.com.br\/wp-content\/uploads\/2024\/10\/DNA-Genoma-Genenetica-History-Channel-Brasil2.jpg\" alt=\"\" class=\"wp-image-54635\" srcset=\"https:\/\/jornalfatosenoticias.com.br\/wp-content\/uploads\/2024\/10\/DNA-Genoma-Genenetica-History-Channel-Brasil2.jpg 788w, https:\/\/jornalfatosenoticias.com.br\/wp-content\/uploads\/2024\/10\/DNA-Genoma-Genenetica-History-Channel-Brasil2-300x169.jpg 300w, https:\/\/jornalfatosenoticias.com.br\/wp-content\/uploads\/2024\/10\/DNA-Genoma-Genenetica-History-Channel-Brasil2-768x432.jpg 768w\" sizes=\"auto, (max-width: 788px) 100vw, 788px\" \/><figcaption><em><span class=\"has-inline-color has-black-color\">(Foto: iStock)<\/span><\/em><\/figcaption><\/figure><\/div>\n\n\n\n<p>Utilizando lasers ultrarr\u00e1pidos, a equipe liderada pelo professor Peter Kazansky grava informa\u00e7\u00f5es em nanovazios dentro do material, criando um padr\u00e3o em cinco dimens\u00f5es. Isso proporciona uma maneira de preservar dados geneticamente importantes de organismos que poder\u00e3o ser recriados, se houver avan\u00e7os tecnol\u00f3gicos. <\/p>\n\n\n\n<div class=\"wp-block-image\"><figure class=\"aligncenter size-large is-resized\"><img loading=\"lazy\" decoding=\"async\" src=\"https:\/\/jornalfatosenoticias.com.br\/wp-content\/uploads\/2022\/02\/Precisao-Contabilidade-1024x724.jpg\" alt=\"\" class=\"wp-image-28088\" width=\"343\" height=\"242\"\/><\/figure><\/div>\n\n\n\n<p>Atualmente, n\u00e3o \u00e9 poss\u00edvel criar humanos, plantas e animais sinteticamente utilizando apenas informa\u00e7\u00f5es gen\u00e9ticas, mas houve grandes avan\u00e7os na biologia sint\u00e9tica nos \u00faltimos anos, especialmente com a cria\u00e7\u00e3o de uma bact\u00e9ria sint\u00e9tica pela equipe do Dr. Craig Venter em 2010.<\/p>\n\n\n\n<div class=\"wp-block-image\"><figure class=\"aligncenter size-large is-resized\"><a href=\"https:\/\/www.instagram.com\/ligadossaborespizzaria\/\"><img loading=\"lazy\" decoding=\"async\" src=\"https:\/\/jornalfatosenoticias.com.br\/wp-content\/uploads\/2020\/02\/WhatsApp-Image-2024-10-02-at-08.18.14-819x1024.jpeg\" alt=\"\" class=\"wp-image-54612\" width=\"292\" height=\"366\" srcset=\"https:\/\/jornalfatosenoticias.com.br\/wp-content\/uploads\/2020\/02\/WhatsApp-Image-2024-10-02-at-08.18.14-819x1024.jpeg 819w, https:\/\/jornalfatosenoticias.com.br\/wp-content\/uploads\/2020\/02\/WhatsApp-Image-2024-10-02-at-08.18.14-240x300.jpeg 240w, https:\/\/jornalfatosenoticias.com.br\/wp-content\/uploads\/2020\/02\/WhatsApp-Image-2024-10-02-at-08.18.14-768x960.jpeg 768w, https:\/\/jornalfatosenoticias.com.br\/wp-content\/uploads\/2020\/02\/WhatsApp-Image-2024-10-02-at-08.18.14.jpeg 1024w\" sizes=\"auto, (max-width: 292px) 100vw, 292px\" \/><\/a><\/figure><\/div>\n\n\n\n<p>Para testar a ideia, o grupo armazenou o genoma humano completo em um desses cristais, com a sequ\u00eancia de DNA verificada mais de 150 vezes. A pe\u00e7a foi depositada no Arquivo da Mem\u00f3ria da Humanidade (MOM), na \u00c1ustria, garantindo que esse conhecimento possa ser acessado por futuras intelig\u00eancias, sejam humanas ou artificiais.<\/p>\n\n\n\n<div class=\"wp-block-image\"><figure class=\"aligncenter size-large\"><a href=\"https:\/\/www.instagram.com\/esteiochurrascaria\/\"><img decoding=\"async\" src=\"https:\/\/jornalfatosenoticias.com.br\/wp-content\/uploads\/2020\/02\/logo_esteio.jpg\" alt=\"\" class=\"wp-image-1214\"\/><\/a><\/figure><\/div>\n\n\n\n<blockquote class=\"wp-block-quote is-layout-flow wp-block-quote-is-layout-flow\"><p><span class=\"has-inline-color has-luminous-vivid-orange-color\">O cristal de mem\u00f3ria 5D abre possibilidades para que outros pesquisadores construam um reposit\u00f3rio eterno de informa\u00e7\u00f5es gen\u00f4micas a partir do qual organismos complexos, como plantas e animais, possam ser restaurados, caso a ci\u00eancia no futuro permita&#8221;, afirmou Kazansky.<\/span><\/p><\/blockquote>\n\n\n\n<div class=\"wp-block-image\"><figure class=\"aligncenter size-large is-resized\"><a href=\"https:\/\/www.instagram.com\/restaurantepegoretti\/\"><img loading=\"lazy\" decoding=\"async\" src=\"https:\/\/jornalfatosenoticias.com.br\/wp-content\/uploads\/2023\/12\/pegoretti-logo-pdf-1024x389.jpg\" alt=\"\" class=\"wp-image-47536\" width=\"366\" height=\"139\" srcset=\"https:\/\/jornalfatosenoticias.com.br\/wp-content\/uploads\/2023\/12\/pegoretti-logo-pdf-1024x389.jpg 1024w, https:\/\/jornalfatosenoticias.com.br\/wp-content\/uploads\/2023\/12\/pegoretti-logo-pdf-300x114.jpg 300w, https:\/\/jornalfatosenoticias.com.br\/wp-content\/uploads\/2023\/12\/pegoretti-logo-pdf-768x291.jpg 768w, https:\/\/jornalfatosenoticias.com.br\/wp-content\/uploads\/2023\/12\/pegoretti-logo-pdf.jpg 1120w\" sizes=\"auto, (max-width: 366px) 100vw, 366px\" \/><\/a><\/figure><\/div>\n\n\n\n<p><strong><em>Fonte: <a href=\"https:\/\/www.canalhistory.com.br\/ciencia-e-tecnologia\/genoma-humano-e-armazenado-em-cristal-eterno-para-preservar-nossa-especie\">History Channel Brasil<\/a><\/em><\/strong><\/p>\n","protected":false},"excerpt":{"rendered":"<p>A ideia \u00e9 que futuras intelig\u00eancias possam recuperar os dados e recriar a humanidade em caso de extin\u00e7\u00e3o Cientistas da Universidade de Southampton, na Inglaterra, conseguiram armazenar o genoma humano completo em um &#8220;cristal eterno&#8221; de mem\u00f3ria 5D. O novo formato de armazenamento de dados tem potencial para durar bilh\u00f5es de anos. O objetivo dos [&hellip;]<\/p>\n","protected":false},"author":2,"featured_media":54636,"comment_status":"open","ping_status":"open","sticky":false,"template":"","format":"standard","meta":{"footnotes":""},"categories":[2],"tags":[2044,3204,19439,383,22787,12041],"class_list":["post-54634","post","type-post","status-publish","format-standard","has-post-thumbnail","hentry","category-ciencia","tag-dna","tag-genetica","tag-genoma-humano","tag-humanidade","tag-inteligencias-artificiais","tag-novas-tecnologias"],"yoast_head":"<!-- This site is optimized with the Yoast SEO plugin v26.5 - https:\/\/yoast.com\/wordpress\/plugins\/seo\/ -->\n<title>Genoma humano \u00e9 armazenado em &quot;cristal eterno&quot; para preservar nossa esp\u00e9cie - Jornal Fatos e Not\u00edcias<\/title>\n<meta name=\"robots\" content=\"index, follow, max-snippet:-1, max-image-preview:large, max-video-preview:-1\" \/>\n<link rel=\"canonical\" href=\"https:\/\/jornalfatosenoticias.com.br\/index.php\/2024\/10\/02\/genoma-humano-e-armazenado-em-cristal-eterno-para-preservar-nossa-especie\/\" \/>\n<meta property=\"og:locale\" content=\"pt_BR\" \/>\n<meta property=\"og:type\" content=\"article\" \/>\n<meta property=\"og:title\" content=\"Genoma humano \u00e9 armazenado em &quot;cristal eterno&quot; para preservar nossa esp\u00e9cie - Jornal Fatos e Not\u00edcias\" \/>\n<meta property=\"og:description\" content=\"A ideia \u00e9 que futuras intelig\u00eancias possam recuperar os dados e recriar a humanidade em caso de extin\u00e7\u00e3o Cientistas da Universidade de Southampton, na Inglaterra, conseguiram armazenar o genoma humano completo em um &#8220;cristal eterno&#8221; de mem\u00f3ria 5D. O novo formato de armazenamento de dados tem potencial para durar bilh\u00f5es de anos. O objetivo dos [&hellip;]\" \/>\n<meta property=\"og:url\" content=\"https:\/\/jornalfatosenoticias.com.br\/index.php\/2024\/10\/02\/genoma-humano-e-armazenado-em-cristal-eterno-para-preservar-nossa-especie\/\" \/>\n<meta property=\"og:site_name\" content=\"Jornal Fatos e Not\u00edcias\" \/>\n<meta property=\"article:published_time\" content=\"2024-10-02T17:31:19+00:00\" \/>\n<meta property=\"article:modified_time\" content=\"2024-10-02T17:31:20+00:00\" \/>\n<meta property=\"og:image\" content=\"https:\/\/jornalfatosenoticias.com.br\/wp-content\/uploads\/2024\/10\/Cristal-da-eternidade-DNA-humano1-History-Channel-Brasil.jpg\" \/>\n\t<meta property=\"og:image:width\" content=\"1000\" \/>\n\t<meta property=\"og:image:height\" content=\"583\" \/>\n\t<meta property=\"og:image:type\" content=\"image\/jpeg\" \/>\n<meta name=\"author\" content=\"Luzimara Fernandes\" \/>\n<meta name=\"twitter:card\" content=\"summary_large_image\" \/>\n<meta name=\"twitter:label1\" content=\"Escrito por\" \/>\n\t<meta name=\"twitter:data1\" content=\"Luzimara Fernandes\" \/>\n\t<meta name=\"twitter:label2\" content=\"Est. tempo de leitura\" \/>\n\t<meta name=\"twitter:data2\" content=\"2 minutos\" \/>\n<script type=\"application\/ld+json\" class=\"yoast-schema-graph\">{\"@context\":\"https:\/\/schema.org\",\"@graph\":[{\"@type\":\"Article\",\"@id\":\"https:\/\/jornalfatosenoticias.com.br\/index.php\/2024\/10\/02\/genoma-humano-e-armazenado-em-cristal-eterno-para-preservar-nossa-especie\/#article\",\"isPartOf\":{\"@id\":\"https:\/\/jornalfatosenoticias.com.br\/index.php\/2024\/10\/02\/genoma-humano-e-armazenado-em-cristal-eterno-para-preservar-nossa-especie\/\"},\"author\":{\"name\":\"Luzimara Fernandes\",\"@id\":\"https:\/\/jornalfatosenoticias.com.br\/#\/schema\/person\/d63837fa13ac8666eb9e74e0985d6f81\"},\"headline\":\"Genoma humano \u00e9 armazenado em &#8220;cristal eterno&#8221; para preservar nossa esp\u00e9cie\",\"datePublished\":\"2024-10-02T17:31:19+00:00\",\"dateModified\":\"2024-10-02T17:31:20+00:00\",\"mainEntityOfPage\":{\"@id\":\"https:\/\/jornalfatosenoticias.com.br\/index.php\/2024\/10\/02\/genoma-humano-e-armazenado-em-cristal-eterno-para-preservar-nossa-especie\/\"},\"wordCount\":404,\"commentCount\":0,\"publisher\":{\"@id\":\"https:\/\/jornalfatosenoticias.com.br\/#organization\"},\"image\":{\"@id\":\"https:\/\/jornalfatosenoticias.com.br\/index.php\/2024\/10\/02\/genoma-humano-e-armazenado-em-cristal-eterno-para-preservar-nossa-especie\/#primaryimage\"},\"thumbnailUrl\":\"https:\/\/jornalfatosenoticias.com.br\/wp-content\/uploads\/2024\/10\/Cristal-da-eternidade-DNA-humano1-History-Channel-Brasil.jpg\",\"keywords\":[\"DNA\",\"gen\u00e9tica\",\"genoma humano\",\"humanidade\",\"intelig\u00eancias artificiais\",\"novas tecnologias\"],\"articleSection\":[\"Ci\u00eancia\"],\"inLanguage\":\"pt-BR\",\"potentialAction\":[{\"@type\":\"CommentAction\",\"name\":\"Comment\",\"target\":[\"https:\/\/jornalfatosenoticias.com.br\/index.php\/2024\/10\/02\/genoma-humano-e-armazenado-em-cristal-eterno-para-preservar-nossa-especie\/#respond\"]}]},{\"@type\":\"WebPage\",\"@id\":\"https:\/\/jornalfatosenoticias.com.br\/index.php\/2024\/10\/02\/genoma-humano-e-armazenado-em-cristal-eterno-para-preservar-nossa-especie\/\",\"url\":\"https:\/\/jornalfatosenoticias.com.br\/index.php\/2024\/10\/02\/genoma-humano-e-armazenado-em-cristal-eterno-para-preservar-nossa-especie\/\",\"name\":\"Genoma humano \u00e9 armazenado em \\\"cristal eterno\\\" para preservar nossa esp\u00e9cie - Jornal Fatos e Not\u00edcias\",\"isPartOf\":{\"@id\":\"https:\/\/jornalfatosenoticias.com.br\/#website\"},\"primaryImageOfPage\":{\"@id\":\"https:\/\/jornalfatosenoticias.com.br\/index.php\/2024\/10\/02\/genoma-humano-e-armazenado-em-cristal-eterno-para-preservar-nossa-especie\/#primaryimage\"},\"image\":{\"@id\":\"https:\/\/jornalfatosenoticias.com.br\/index.php\/2024\/10\/02\/genoma-humano-e-armazenado-em-cristal-eterno-para-preservar-nossa-especie\/#primaryimage\"},\"thumbnailUrl\":\"https:\/\/jornalfatosenoticias.com.br\/wp-content\/uploads\/2024\/10\/Cristal-da-eternidade-DNA-humano1-History-Channel-Brasil.jpg\",\"datePublished\":\"2024-10-02T17:31:19+00:00\",\"dateModified\":\"2024-10-02T17:31:20+00:00\",\"breadcrumb\":{\"@id\":\"https:\/\/jornalfatosenoticias.com.br\/index.php\/2024\/10\/02\/genoma-humano-e-armazenado-em-cristal-eterno-para-preservar-nossa-especie\/#breadcrumb\"},\"inLanguage\":\"pt-BR\",\"potentialAction\":[{\"@type\":\"ReadAction\",\"target\":[\"https:\/\/jornalfatosenoticias.com.br\/index.php\/2024\/10\/02\/genoma-humano-e-armazenado-em-cristal-eterno-para-preservar-nossa-especie\/\"]}]},{\"@type\":\"ImageObject\",\"inLanguage\":\"pt-BR\",\"@id\":\"https:\/\/jornalfatosenoticias.com.br\/index.php\/2024\/10\/02\/genoma-humano-e-armazenado-em-cristal-eterno-para-preservar-nossa-especie\/#primaryimage\",\"url\":\"https:\/\/jornalfatosenoticias.com.br\/wp-content\/uploads\/2024\/10\/Cristal-da-eternidade-DNA-humano1-History-Channel-Brasil.jpg\",\"contentUrl\":\"https:\/\/jornalfatosenoticias.com.br\/wp-content\/uploads\/2024\/10\/Cristal-da-eternidade-DNA-humano1-History-Channel-Brasil.jpg\",\"width\":1000,\"height\":583},{\"@type\":\"BreadcrumbList\",\"@id\":\"https:\/\/jornalfatosenoticias.com.br\/index.php\/2024\/10\/02\/genoma-humano-e-armazenado-em-cristal-eterno-para-preservar-nossa-especie\/#breadcrumb\",\"itemListElement\":[{\"@type\":\"ListItem\",\"position\":1,\"name\":\"In\u00edcio\",\"item\":\"https:\/\/jornalfatosenoticias.com.br\/\"},{\"@type\":\"ListItem\",\"position\":2,\"name\":\"Genoma humano \u00e9 armazenado em &#8220;cristal eterno&#8221; para preservar nossa esp\u00e9cie\"}]},{\"@type\":\"WebSite\",\"@id\":\"https:\/\/jornalfatosenoticias.com.br\/#website\",\"url\":\"https:\/\/jornalfatosenoticias.com.br\/\",\"name\":\"Jornal Fatos e Not\u00edcias\",\"description\":\"Not\u00edcias em geral\",\"publisher\":{\"@id\":\"https:\/\/jornalfatosenoticias.com.br\/#organization\"},\"potentialAction\":[{\"@type\":\"SearchAction\",\"target\":{\"@type\":\"EntryPoint\",\"urlTemplate\":\"https:\/\/jornalfatosenoticias.com.br\/?s={search_term_string}\"},\"query-input\":{\"@type\":\"PropertyValueSpecification\",\"valueRequired\":true,\"valueName\":\"search_term_string\"}}],\"inLanguage\":\"pt-BR\"},{\"@type\":\"Organization\",\"@id\":\"https:\/\/jornalfatosenoticias.com.br\/#organization\",\"name\":\"Jornal Fatos e Not\u00edcias\",\"url\":\"https:\/\/jornalfatosenoticias.com.br\/\",\"logo\":{\"@type\":\"ImageObject\",\"inLanguage\":\"pt-BR\",\"@id\":\"https:\/\/jornalfatosenoticias.com.br\/#\/schema\/logo\/image\/\",\"url\":\"https:\/\/jornalfatosenoticias.com.br\/wp-content\/uploads\/2020\/02\/logo120.png\",\"contentUrl\":\"https:\/\/jornalfatosenoticias.com.br\/wp-content\/uploads\/2020\/02\/logo120.png\",\"width\":1227,\"height\":120,\"caption\":\"Jornal Fatos e Not\u00edcias\"},\"image\":{\"@id\":\"https:\/\/jornalfatosenoticias.com.br\/#\/schema\/logo\/image\/\"}},{\"@type\":\"Person\",\"@id\":\"https:\/\/jornalfatosenoticias.com.br\/#\/schema\/person\/d63837fa13ac8666eb9e74e0985d6f81\",\"name\":\"Luzimara Fernandes\",\"image\":{\"@type\":\"ImageObject\",\"inLanguage\":\"pt-BR\",\"@id\":\"https:\/\/jornalfatosenoticias.com.br\/#\/schema\/person\/image\/\",\"url\":\"https:\/\/jornalfatosenoticias.com.br\/wp-content\/uploads\/2025\/05\/EU_portal.jpg\",\"contentUrl\":\"https:\/\/jornalfatosenoticias.com.br\/wp-content\/uploads\/2025\/05\/EU_portal.jpg\",\"caption\":\"Luzimara Fernandes\"},\"description\":\"Jornalista MTB 2358-ES\",\"sameAs\":[\"https:\/\/jornalfatosenoticias.com.br\"],\"url\":\"https:\/\/jornalfatosenoticias.com.br\/index.php\/author\/luzimara\/\"}]}<\/script>\n<!-- \/ Yoast SEO plugin. -->","yoast_head_json":{"title":"Genoma humano \u00e9 armazenado em \"cristal eterno\" para preservar nossa esp\u00e9cie - Jornal Fatos e Not\u00edcias","robots":{"index":"index","follow":"follow","max-snippet":"max-snippet:-1","max-image-preview":"max-image-preview:large","max-video-preview":"max-video-preview:-1"},"canonical":"https:\/\/jornalfatosenoticias.com.br\/index.php\/2024\/10\/02\/genoma-humano-e-armazenado-em-cristal-eterno-para-preservar-nossa-especie\/","og_locale":"pt_BR","og_type":"article","og_title":"Genoma humano \u00e9 armazenado em \"cristal eterno\" para preservar nossa esp\u00e9cie - Jornal Fatos e Not\u00edcias","og_description":"A ideia \u00e9 que futuras intelig\u00eancias possam recuperar os dados e recriar a humanidade em caso de extin\u00e7\u00e3o Cientistas da Universidade de Southampton, na Inglaterra, conseguiram armazenar o genoma humano completo em um &#8220;cristal eterno&#8221; de mem\u00f3ria 5D. O novo formato de armazenamento de dados tem potencial para durar bilh\u00f5es de anos. O objetivo dos [&hellip;]","og_url":"https:\/\/jornalfatosenoticias.com.br\/index.php\/2024\/10\/02\/genoma-humano-e-armazenado-em-cristal-eterno-para-preservar-nossa-especie\/","og_site_name":"Jornal Fatos e Not\u00edcias","article_published_time":"2024-10-02T17:31:19+00:00","article_modified_time":"2024-10-02T17:31:20+00:00","og_image":[{"width":1000,"height":583,"url":"https:\/\/jornalfatosenoticias.com.br\/wp-content\/uploads\/2024\/10\/Cristal-da-eternidade-DNA-humano1-History-Channel-Brasil.jpg","type":"image\/jpeg"}],"author":"Luzimara Fernandes","twitter_card":"summary_large_image","twitter_misc":{"Escrito por":"Luzimara Fernandes","Est. tempo de leitura":"2 minutos"},"schema":{"@context":"https:\/\/schema.org","@graph":[{"@type":"Article","@id":"https:\/\/jornalfatosenoticias.com.br\/index.php\/2024\/10\/02\/genoma-humano-e-armazenado-em-cristal-eterno-para-preservar-nossa-especie\/#article","isPartOf":{"@id":"https:\/\/jornalfatosenoticias.com.br\/index.php\/2024\/10\/02\/genoma-humano-e-armazenado-em-cristal-eterno-para-preservar-nossa-especie\/"},"author":{"name":"Luzimara Fernandes","@id":"https:\/\/jornalfatosenoticias.com.br\/#\/schema\/person\/d63837fa13ac8666eb9e74e0985d6f81"},"headline":"Genoma humano \u00e9 armazenado em &#8220;cristal eterno&#8221; para preservar nossa esp\u00e9cie","datePublished":"2024-10-02T17:31:19+00:00","dateModified":"2024-10-02T17:31:20+00:00","mainEntityOfPage":{"@id":"https:\/\/jornalfatosenoticias.com.br\/index.php\/2024\/10\/02\/genoma-humano-e-armazenado-em-cristal-eterno-para-preservar-nossa-especie\/"},"wordCount":404,"commentCount":0,"publisher":{"@id":"https:\/\/jornalfatosenoticias.com.br\/#organization"},"image":{"@id":"https:\/\/jornalfatosenoticias.com.br\/index.php\/2024\/10\/02\/genoma-humano-e-armazenado-em-cristal-eterno-para-preservar-nossa-especie\/#primaryimage"},"thumbnailUrl":"https:\/\/jornalfatosenoticias.com.br\/wp-content\/uploads\/2024\/10\/Cristal-da-eternidade-DNA-humano1-History-Channel-Brasil.jpg","keywords":["DNA","gen\u00e9tica","genoma humano","humanidade","intelig\u00eancias artificiais","novas tecnologias"],"articleSection":["Ci\u00eancia"],"inLanguage":"pt-BR","potentialAction":[{"@type":"CommentAction","name":"Comment","target":["https:\/\/jornalfatosenoticias.com.br\/index.php\/2024\/10\/02\/genoma-humano-e-armazenado-em-cristal-eterno-para-preservar-nossa-especie\/#respond"]}]},{"@type":"WebPage","@id":"https:\/\/jornalfatosenoticias.com.br\/index.php\/2024\/10\/02\/genoma-humano-e-armazenado-em-cristal-eterno-para-preservar-nossa-especie\/","url":"https:\/\/jornalfatosenoticias.com.br\/index.php\/2024\/10\/02\/genoma-humano-e-armazenado-em-cristal-eterno-para-preservar-nossa-especie\/","name":"Genoma humano \u00e9 armazenado em \"cristal eterno\" para preservar nossa esp\u00e9cie - Jornal Fatos e Not\u00edcias","isPartOf":{"@id":"https:\/\/jornalfatosenoticias.com.br\/#website"},"primaryImageOfPage":{"@id":"https:\/\/jornalfatosenoticias.com.br\/index.php\/2024\/10\/02\/genoma-humano-e-armazenado-em-cristal-eterno-para-preservar-nossa-especie\/#primaryimage"},"image":{"@id":"https:\/\/jornalfatosenoticias.com.br\/index.php\/2024\/10\/02\/genoma-humano-e-armazenado-em-cristal-eterno-para-preservar-nossa-especie\/#primaryimage"},"thumbnailUrl":"https:\/\/jornalfatosenoticias.com.br\/wp-content\/uploads\/2024\/10\/Cristal-da-eternidade-DNA-humano1-History-Channel-Brasil.jpg","datePublished":"2024-10-02T17:31:19+00:00","dateModified":"2024-10-02T17:31:20+00:00","breadcrumb":{"@id":"https:\/\/jornalfatosenoticias.com.br\/index.php\/2024\/10\/02\/genoma-humano-e-armazenado-em-cristal-eterno-para-preservar-nossa-especie\/#breadcrumb"},"inLanguage":"pt-BR","potentialAction":[{"@type":"ReadAction","target":["https:\/\/jornalfatosenoticias.com.br\/index.php\/2024\/10\/02\/genoma-humano-e-armazenado-em-cristal-eterno-para-preservar-nossa-especie\/"]}]},{"@type":"ImageObject","inLanguage":"pt-BR","@id":"https:\/\/jornalfatosenoticias.com.br\/index.php\/2024\/10\/02\/genoma-humano-e-armazenado-em-cristal-eterno-para-preservar-nossa-especie\/#primaryimage","url":"https:\/\/jornalfatosenoticias.com.br\/wp-content\/uploads\/2024\/10\/Cristal-da-eternidade-DNA-humano1-History-Channel-Brasil.jpg","contentUrl":"https:\/\/jornalfatosenoticias.com.br\/wp-content\/uploads\/2024\/10\/Cristal-da-eternidade-DNA-humano1-History-Channel-Brasil.jpg","width":1000,"height":583},{"@type":"BreadcrumbList","@id":"https:\/\/jornalfatosenoticias.com.br\/index.php\/2024\/10\/02\/genoma-humano-e-armazenado-em-cristal-eterno-para-preservar-nossa-especie\/#breadcrumb","itemListElement":[{"@type":"ListItem","position":1,"name":"In\u00edcio","item":"https:\/\/jornalfatosenoticias.com.br\/"},{"@type":"ListItem","position":2,"name":"Genoma humano \u00e9 armazenado em &#8220;cristal eterno&#8221; para preservar nossa esp\u00e9cie"}]},{"@type":"WebSite","@id":"https:\/\/jornalfatosenoticias.com.br\/#website","url":"https:\/\/jornalfatosenoticias.com.br\/","name":"Jornal Fatos e Not\u00edcias","description":"Not\u00edcias em geral","publisher":{"@id":"https:\/\/jornalfatosenoticias.com.br\/#organization"},"potentialAction":[{"@type":"SearchAction","target":{"@type":"EntryPoint","urlTemplate":"https:\/\/jornalfatosenoticias.com.br\/?s={search_term_string}"},"query-input":{"@type":"PropertyValueSpecification","valueRequired":true,"valueName":"search_term_string"}}],"inLanguage":"pt-BR"},{"@type":"Organization","@id":"https:\/\/jornalfatosenoticias.com.br\/#organization","name":"Jornal Fatos e Not\u00edcias","url":"https:\/\/jornalfatosenoticias.com.br\/","logo":{"@type":"ImageObject","inLanguage":"pt-BR","@id":"https:\/\/jornalfatosenoticias.com.br\/#\/schema\/logo\/image\/","url":"https:\/\/jornalfatosenoticias.com.br\/wp-content\/uploads\/2020\/02\/logo120.png","contentUrl":"https:\/\/jornalfatosenoticias.com.br\/wp-content\/uploads\/2020\/02\/logo120.png","width":1227,"height":120,"caption":"Jornal Fatos e Not\u00edcias"},"image":{"@id":"https:\/\/jornalfatosenoticias.com.br\/#\/schema\/logo\/image\/"}},{"@type":"Person","@id":"https:\/\/jornalfatosenoticias.com.br\/#\/schema\/person\/d63837fa13ac8666eb9e74e0985d6f81","name":"Luzimara Fernandes","image":{"@type":"ImageObject","inLanguage":"pt-BR","@id":"https:\/\/jornalfatosenoticias.com.br\/#\/schema\/person\/image\/","url":"https:\/\/jornalfatosenoticias.com.br\/wp-content\/uploads\/2025\/05\/EU_portal.jpg","contentUrl":"https:\/\/jornalfatosenoticias.com.br\/wp-content\/uploads\/2025\/05\/EU_portal.jpg","caption":"Luzimara Fernandes"},"description":"Jornalista MTB 2358-ES","sameAs":["https:\/\/jornalfatosenoticias.com.br"],"url":"https:\/\/jornalfatosenoticias.com.br\/index.php\/author\/luzimara\/"}]}},"cc_featured_image_caption":{"caption_text":"(Foto: iStock) ","source_text":"","source_url":""},"jetpack_featured_media_url":"https:\/\/jornalfatosenoticias.com.br\/wp-content\/uploads\/2024\/10\/Cristal-da-eternidade-DNA-humano1-History-Channel-Brasil.jpg","_links":{"self":[{"href":"https:\/\/jornalfatosenoticias.com.br\/index.php\/wp-json\/wp\/v2\/posts\/54634","targetHints":{"allow":["GET"]}}],"collection":[{"href":"https:\/\/jornalfatosenoticias.com.br\/index.php\/wp-json\/wp\/v2\/posts"}],"about":[{"href":"https:\/\/jornalfatosenoticias.com.br\/index.php\/wp-json\/wp\/v2\/types\/post"}],"author":[{"embeddable":true,"href":"https:\/\/jornalfatosenoticias.com.br\/index.php\/wp-json\/wp\/v2\/users\/2"}],"replies":[{"embeddable":true,"href":"https:\/\/jornalfatosenoticias.com.br\/index.php\/wp-json\/wp\/v2\/comments?post=54634"}],"version-history":[{"count":0,"href":"https:\/\/jornalfatosenoticias.com.br\/index.php\/wp-json\/wp\/v2\/posts\/54634\/revisions"}],"wp:featuredmedia":[{"embeddable":true,"href":"https:\/\/jornalfatosenoticias.com.br\/index.php\/wp-json\/wp\/v2\/media\/54636"}],"wp:attachment":[{"href":"https:\/\/jornalfatosenoticias.com.br\/index.php\/wp-json\/wp\/v2\/media?parent=54634"}],"wp:term":[{"taxonomy":"category","embeddable":true,"href":"https:\/\/jornalfatosenoticias.com.br\/index.php\/wp-json\/wp\/v2\/categories?post=54634"},{"taxonomy":"post_tag","embeddable":true,"href":"https:\/\/jornalfatosenoticias.com.br\/index.php\/wp-json\/wp\/v2\/tags?post=54634"}],"curies":[{"name":"wp","href":"https:\/\/api.w.org\/{rel}","templated":true}]}}