{"id":5464,"date":"2020-06-15T16:13:54","date_gmt":"2020-06-15T19:13:54","guid":{"rendered":"https:\/\/jornalfatosenoticias.com.br\/?p=5464"},"modified":"2020-06-15T16:13:58","modified_gmt":"2020-06-15T19:13:58","slug":"estudo-associa-personalidade-ao-ato-de-estocar-papel-higienico-na-pandemia","status":"publish","type":"post","link":"https:\/\/jornalfatosenoticias.com.br\/index.php\/2020\/06\/15\/estudo-associa-personalidade-ao-ato-de-estocar-papel-higienico-na-pandemia\/","title":{"rendered":"Estudo associa personalidade ao ato de estocar papel higi\u00eanico na pandemia"},"content":{"rendered":"\n<h6 class=\"wp-block-heading\"><em>Pesquisa feita com pessoas de diversos pa\u00edses mostra que o desejo de acumular rolos do item de higiene est\u00e1 associado ao medo da Covid-19 e a alguns tra\u00e7os de personalidade<\/em><\/h6>\n\n\n\n<p>No in\u00edcio da pandemia de Covid-19, um comportamento visto mundo afora intrigou a humanidade: pessoas acabando com os estoques de papel higi\u00eanico nos supermercados. Por qu\u00ea? Foi o que se perguntaram pesquisadores do Instituto Max Planck de Antropologia Evolutiva, na Alemanha, que decidiram fazer um estudo para descobrir a resposta.<br>No total, 1.029 adultos de 35 pa\u00edses foram recrutados por meio de redes sociais. Entre os dias 23 e 29 de mar\u00e7o, os participantes realizaram um teste chamado Brief HEXACO Inventory, que classifica seis dom\u00ednios amplos de personalidade. Os volunt\u00e1rios tamb\u00e9m compartilharam com os cientistas seus dados demogr\u00e1ficos, o n\u00edvel de amea\u00e7a percebido da Covid-19, seus comportamentos durante a quarentena e o consumo de papel higi\u00eanico nas semanas anteriores ao estudo.<br>Os pesquisadores conclu\u00edram que a sensa\u00e7\u00e3o de amea\u00e7a causada pela pandemia foi o principal fator que fez as pessoas estocarem papel higi\u00eanico: aqueles que se sentiram mais amea\u00e7ados eram mais propensos a encher a casa com esse item de higiene.<br>Mas a personalidade tamb\u00e9m influencia: em cerca de 20% dos casos, essa atitude se deu em pessoas que tendem a se preocupar muito e se sentir ansiosas. Indiv\u00edduos extremamente organizados, diligentes, perfeccionistas e prudentes tamb\u00e9m se destacaram entre os estocadores.<br>O estudo identificou ainda que idosos estocaram uma maior quantidade de papel higi\u00eanico do que os mais jovens. Em termos geogr\u00e1ficos, norte-americanos estocaram mais do que europeus.<br>Mas, segundo os autores, outras vari\u00e1veis n\u00e3o analisadas na pesquisa tamb\u00e9m podem explicar essa atitude. &#8220;A amea\u00e7a subjetiva da Covid-19 parece ser um gatilho importante para o armazenamento de papel higi\u00eanico. No entanto, ainda estamos longe de compreender esse fen\u00f4meno de maneira abrangente&#8221;, conclui Theo Toppe, coautor do estudo, em nota. Vai entender, n\u00e9?<\/p>\n\n\n\n<p><em><strong>Fonte: <a href=\"https:\/\/revistagalileu.globo.com\/Sociedade\/Comportamento\/noticia\/2020\/06\/estudo-associa-personalidade-ao-ato-de-estocar-papel-higienico-na-pandemia.html\">Revista Galileu<\/a><\/strong><\/em><\/p>\n","protected":false},"excerpt":{"rendered":"<p>Pesquisa feita com pessoas de diversos pa\u00edses mostra que o desejo de acumular rolos do item de higiene est\u00e1 associado ao medo da Covid-19 e a alguns tra\u00e7os de personalidade No in\u00edcio da pandemia de Covid-19, um comportamento visto mundo afora intrigou a humanidade: pessoas acabando com os estoques de papel higi\u00eanico nos supermercados. Por [&hellip;]<\/p>\n","protected":false},"author":2,"featured_media":5465,"comment_status":"open","ping_status":"open","sticky":false,"template":"","format":"standard","meta":{"footnotes":""},"categories":[2522],"tags":[1400,1540,3280,115],"class_list":["post-5464","post","type-post","status-publish","format-standard","has-post-thumbnail","hentry","category-comportamento","tag-comportamento","tag-pandemia-coronavirus","tag-papel-higienico","tag-pesquisa"],"yoast_head":"<!-- This site is optimized with the Yoast SEO plugin v26.5 - https:\/\/yoast.com\/wordpress\/plugins\/seo\/ -->\n<title>Estudo associa personalidade ao ato de estocar papel higi\u00eanico na pandemia - Jornal Fatos e Not\u00edcias<\/title>\n<meta name=\"robots\" content=\"index, follow, max-snippet:-1, max-image-preview:large, max-video-preview:-1\" \/>\n<link rel=\"canonical\" href=\"https:\/\/jornalfatosenoticias.com.br\/index.php\/2020\/06\/15\/estudo-associa-personalidade-ao-ato-de-estocar-papel-higienico-na-pandemia\/\" \/>\n<meta property=\"og:locale\" content=\"pt_BR\" \/>\n<meta property=\"og:type\" content=\"article\" \/>\n<meta property=\"og:title\" content=\"Estudo associa personalidade ao ato de estocar papel higi\u00eanico na pandemia - Jornal Fatos e Not\u00edcias\" \/>\n<meta property=\"og:description\" content=\"Pesquisa feita com pessoas de diversos pa\u00edses mostra que o desejo de acumular rolos do item de higiene est\u00e1 associado ao medo da Covid-19 e a alguns tra\u00e7os de personalidade No in\u00edcio da pandemia de Covid-19, um comportamento visto mundo afora intrigou a humanidade: pessoas acabando com os estoques de papel higi\u00eanico nos supermercados. Por [&hellip;]\" \/>\n<meta property=\"og:url\" content=\"https:\/\/jornalfatosenoticias.com.br\/index.php\/2020\/06\/15\/estudo-associa-personalidade-ao-ato-de-estocar-papel-higienico-na-pandemia\/\" \/>\n<meta property=\"og:site_name\" content=\"Jornal Fatos e Not\u00edcias\" \/>\n<meta property=\"article:published_time\" content=\"2020-06-15T19:13:54+00:00\" \/>\n<meta property=\"article:modified_time\" content=\"2020-06-15T19:13:58+00:00\" \/>\n<meta property=\"og:image\" content=\"https:\/\/jornalfatosenoticias.com.br\/wp-content\/uploads\/2020\/06\/papel-higienico.jpg\" \/>\n\t<meta property=\"og:image:width\" content=\"1000\" \/>\n\t<meta property=\"og:image:height\" content=\"667\" \/>\n\t<meta property=\"og:image:type\" content=\"image\/jpeg\" \/>\n<meta name=\"author\" content=\"Luzimara Fernandes\" \/>\n<meta name=\"twitter:card\" content=\"summary_large_image\" \/>\n<meta name=\"twitter:label1\" content=\"Escrito por\" \/>\n\t<meta name=\"twitter:data1\" content=\"Luzimara Fernandes\" \/>\n\t<meta name=\"twitter:label2\" content=\"Est. tempo de leitura\" \/>\n\t<meta name=\"twitter:data2\" content=\"2 minutos\" \/>\n<script type=\"application\/ld+json\" class=\"yoast-schema-graph\">{\"@context\":\"https:\/\/schema.org\",\"@graph\":[{\"@type\":\"Article\",\"@id\":\"https:\/\/jornalfatosenoticias.com.br\/index.php\/2020\/06\/15\/estudo-associa-personalidade-ao-ato-de-estocar-papel-higienico-na-pandemia\/#article\",\"isPartOf\":{\"@id\":\"https:\/\/jornalfatosenoticias.com.br\/index.php\/2020\/06\/15\/estudo-associa-personalidade-ao-ato-de-estocar-papel-higienico-na-pandemia\/\"},\"author\":{\"name\":\"Luzimara Fernandes\",\"@id\":\"https:\/\/jornalfatosenoticias.com.br\/#\/schema\/person\/d63837fa13ac8666eb9e74e0985d6f81\"},\"headline\":\"Estudo associa personalidade ao ato de estocar papel higi\u00eanico na pandemia\",\"datePublished\":\"2020-06-15T19:13:54+00:00\",\"dateModified\":\"2020-06-15T19:13:58+00:00\",\"mainEntityOfPage\":{\"@id\":\"https:\/\/jornalfatosenoticias.com.br\/index.php\/2020\/06\/15\/estudo-associa-personalidade-ao-ato-de-estocar-papel-higienico-na-pandemia\/\"},\"wordCount\":351,\"commentCount\":0,\"publisher\":{\"@id\":\"https:\/\/jornalfatosenoticias.com.br\/#organization\"},\"image\":{\"@id\":\"https:\/\/jornalfatosenoticias.com.br\/index.php\/2020\/06\/15\/estudo-associa-personalidade-ao-ato-de-estocar-papel-higienico-na-pandemia\/#primaryimage\"},\"thumbnailUrl\":\"https:\/\/jornalfatosenoticias.com.br\/wp-content\/uploads\/2020\/06\/papel-higienico.jpg\",\"keywords\":[\"comportamento\",\"pandemia coronav\u00edrus\",\"papel higi\u00eanico\",\"pesquisa\"],\"articleSection\":[\"Comportamento &amp; Equil\u00edbrio\"],\"inLanguage\":\"pt-BR\",\"potentialAction\":[{\"@type\":\"CommentAction\",\"name\":\"Comment\",\"target\":[\"https:\/\/jornalfatosenoticias.com.br\/index.php\/2020\/06\/15\/estudo-associa-personalidade-ao-ato-de-estocar-papel-higienico-na-pandemia\/#respond\"]}]},{\"@type\":\"WebPage\",\"@id\":\"https:\/\/jornalfatosenoticias.com.br\/index.php\/2020\/06\/15\/estudo-associa-personalidade-ao-ato-de-estocar-papel-higienico-na-pandemia\/\",\"url\":\"https:\/\/jornalfatosenoticias.com.br\/index.php\/2020\/06\/15\/estudo-associa-personalidade-ao-ato-de-estocar-papel-higienico-na-pandemia\/\",\"name\":\"Estudo associa personalidade ao ato de estocar papel higi\u00eanico na pandemia - Jornal Fatos e Not\u00edcias\",\"isPartOf\":{\"@id\":\"https:\/\/jornalfatosenoticias.com.br\/#website\"},\"primaryImageOfPage\":{\"@id\":\"https:\/\/jornalfatosenoticias.com.br\/index.php\/2020\/06\/15\/estudo-associa-personalidade-ao-ato-de-estocar-papel-higienico-na-pandemia\/#primaryimage\"},\"image\":{\"@id\":\"https:\/\/jornalfatosenoticias.com.br\/index.php\/2020\/06\/15\/estudo-associa-personalidade-ao-ato-de-estocar-papel-higienico-na-pandemia\/#primaryimage\"},\"thumbnailUrl\":\"https:\/\/jornalfatosenoticias.com.br\/wp-content\/uploads\/2020\/06\/papel-higienico.jpg\",\"datePublished\":\"2020-06-15T19:13:54+00:00\",\"dateModified\":\"2020-06-15T19:13:58+00:00\",\"breadcrumb\":{\"@id\":\"https:\/\/jornalfatosenoticias.com.br\/index.php\/2020\/06\/15\/estudo-associa-personalidade-ao-ato-de-estocar-papel-higienico-na-pandemia\/#breadcrumb\"},\"inLanguage\":\"pt-BR\",\"potentialAction\":[{\"@type\":\"ReadAction\",\"target\":[\"https:\/\/jornalfatosenoticias.com.br\/index.php\/2020\/06\/15\/estudo-associa-personalidade-ao-ato-de-estocar-papel-higienico-na-pandemia\/\"]}]},{\"@type\":\"ImageObject\",\"inLanguage\":\"pt-BR\",\"@id\":\"https:\/\/jornalfatosenoticias.com.br\/index.php\/2020\/06\/15\/estudo-associa-personalidade-ao-ato-de-estocar-papel-higienico-na-pandemia\/#primaryimage\",\"url\":\"https:\/\/jornalfatosenoticias.com.br\/wp-content\/uploads\/2020\/06\/papel-higienico.jpg\",\"contentUrl\":\"https:\/\/jornalfatosenoticias.com.br\/wp-content\/uploads\/2020\/06\/papel-higienico.jpg\",\"width\":1000,\"height\":667},{\"@type\":\"BreadcrumbList\",\"@id\":\"https:\/\/jornalfatosenoticias.com.br\/index.php\/2020\/06\/15\/estudo-associa-personalidade-ao-ato-de-estocar-papel-higienico-na-pandemia\/#breadcrumb\",\"itemListElement\":[{\"@type\":\"ListItem\",\"position\":1,\"name\":\"In\u00edcio\",\"item\":\"https:\/\/jornalfatosenoticias.com.br\/\"},{\"@type\":\"ListItem\",\"position\":2,\"name\":\"Estudo associa personalidade ao ato de estocar papel higi\u00eanico na pandemia\"}]},{\"@type\":\"WebSite\",\"@id\":\"https:\/\/jornalfatosenoticias.com.br\/#website\",\"url\":\"https:\/\/jornalfatosenoticias.com.br\/\",\"name\":\"Jornal Fatos e Not\u00edcias\",\"description\":\"Not\u00edcias em geral\",\"publisher\":{\"@id\":\"https:\/\/jornalfatosenoticias.com.br\/#organization\"},\"potentialAction\":[{\"@type\":\"SearchAction\",\"target\":{\"@type\":\"EntryPoint\",\"urlTemplate\":\"https:\/\/jornalfatosenoticias.com.br\/?s={search_term_string}\"},\"query-input\":{\"@type\":\"PropertyValueSpecification\",\"valueRequired\":true,\"valueName\":\"search_term_string\"}}],\"inLanguage\":\"pt-BR\"},{\"@type\":\"Organization\",\"@id\":\"https:\/\/jornalfatosenoticias.com.br\/#organization\",\"name\":\"Jornal Fatos e Not\u00edcias\",\"url\":\"https:\/\/jornalfatosenoticias.com.br\/\",\"logo\":{\"@type\":\"ImageObject\",\"inLanguage\":\"pt-BR\",\"@id\":\"https:\/\/jornalfatosenoticias.com.br\/#\/schema\/logo\/image\/\",\"url\":\"https:\/\/jornalfatosenoticias.com.br\/wp-content\/uploads\/2020\/02\/logo120.png\",\"contentUrl\":\"https:\/\/jornalfatosenoticias.com.br\/wp-content\/uploads\/2020\/02\/logo120.png\",\"width\":1227,\"height\":120,\"caption\":\"Jornal Fatos e Not\u00edcias\"},\"image\":{\"@id\":\"https:\/\/jornalfatosenoticias.com.br\/#\/schema\/logo\/image\/\"}},{\"@type\":\"Person\",\"@id\":\"https:\/\/jornalfatosenoticias.com.br\/#\/schema\/person\/d63837fa13ac8666eb9e74e0985d6f81\",\"name\":\"Luzimara Fernandes\",\"image\":{\"@type\":\"ImageObject\",\"inLanguage\":\"pt-BR\",\"@id\":\"https:\/\/jornalfatosenoticias.com.br\/#\/schema\/person\/image\/\",\"url\":\"https:\/\/jornalfatosenoticias.com.br\/wp-content\/uploads\/2025\/05\/EU_portal.jpg\",\"contentUrl\":\"https:\/\/jornalfatosenoticias.com.br\/wp-content\/uploads\/2025\/05\/EU_portal.jpg\",\"caption\":\"Luzimara Fernandes\"},\"description\":\"Jornalista MTB 2358-ES\",\"sameAs\":[\"https:\/\/jornalfatosenoticias.com.br\"],\"url\":\"https:\/\/jornalfatosenoticias.com.br\/index.php\/author\/luzimara\/\"}]}<\/script>\n<!-- \/ Yoast SEO plugin. -->","yoast_head_json":{"title":"Estudo associa personalidade ao ato de estocar papel higi\u00eanico na pandemia - Jornal Fatos e Not\u00edcias","robots":{"index":"index","follow":"follow","max-snippet":"max-snippet:-1","max-image-preview":"max-image-preview:large","max-video-preview":"max-video-preview:-1"},"canonical":"https:\/\/jornalfatosenoticias.com.br\/index.php\/2020\/06\/15\/estudo-associa-personalidade-ao-ato-de-estocar-papel-higienico-na-pandemia\/","og_locale":"pt_BR","og_type":"article","og_title":"Estudo associa personalidade ao ato de estocar papel higi\u00eanico na pandemia - Jornal Fatos e Not\u00edcias","og_description":"Pesquisa feita com pessoas de diversos pa\u00edses mostra que o desejo de acumular rolos do item de higiene est\u00e1 associado ao medo da Covid-19 e a alguns tra\u00e7os de personalidade No in\u00edcio da pandemia de Covid-19, um comportamento visto mundo afora intrigou a humanidade: pessoas acabando com os estoques de papel higi\u00eanico nos supermercados. Por [&hellip;]","og_url":"https:\/\/jornalfatosenoticias.com.br\/index.php\/2020\/06\/15\/estudo-associa-personalidade-ao-ato-de-estocar-papel-higienico-na-pandemia\/","og_site_name":"Jornal Fatos e Not\u00edcias","article_published_time":"2020-06-15T19:13:54+00:00","article_modified_time":"2020-06-15T19:13:58+00:00","og_image":[{"width":1000,"height":667,"url":"https:\/\/jornalfatosenoticias.com.br\/wp-content\/uploads\/2020\/06\/papel-higienico.jpg","type":"image\/jpeg"}],"author":"Luzimara Fernandes","twitter_card":"summary_large_image","twitter_misc":{"Escrito por":"Luzimara Fernandes","Est. tempo de leitura":"2 minutos"},"schema":{"@context":"https:\/\/schema.org","@graph":[{"@type":"Article","@id":"https:\/\/jornalfatosenoticias.com.br\/index.php\/2020\/06\/15\/estudo-associa-personalidade-ao-ato-de-estocar-papel-higienico-na-pandemia\/#article","isPartOf":{"@id":"https:\/\/jornalfatosenoticias.com.br\/index.php\/2020\/06\/15\/estudo-associa-personalidade-ao-ato-de-estocar-papel-higienico-na-pandemia\/"},"author":{"name":"Luzimara Fernandes","@id":"https:\/\/jornalfatosenoticias.com.br\/#\/schema\/person\/d63837fa13ac8666eb9e74e0985d6f81"},"headline":"Estudo associa personalidade ao ato de estocar papel higi\u00eanico na pandemia","datePublished":"2020-06-15T19:13:54+00:00","dateModified":"2020-06-15T19:13:58+00:00","mainEntityOfPage":{"@id":"https:\/\/jornalfatosenoticias.com.br\/index.php\/2020\/06\/15\/estudo-associa-personalidade-ao-ato-de-estocar-papel-higienico-na-pandemia\/"},"wordCount":351,"commentCount":0,"publisher":{"@id":"https:\/\/jornalfatosenoticias.com.br\/#organization"},"image":{"@id":"https:\/\/jornalfatosenoticias.com.br\/index.php\/2020\/06\/15\/estudo-associa-personalidade-ao-ato-de-estocar-papel-higienico-na-pandemia\/#primaryimage"},"thumbnailUrl":"https:\/\/jornalfatosenoticias.com.br\/wp-content\/uploads\/2020\/06\/papel-higienico.jpg","keywords":["comportamento","pandemia coronav\u00edrus","papel higi\u00eanico","pesquisa"],"articleSection":["Comportamento &amp; Equil\u00edbrio"],"inLanguage":"pt-BR","potentialAction":[{"@type":"CommentAction","name":"Comment","target":["https:\/\/jornalfatosenoticias.com.br\/index.php\/2020\/06\/15\/estudo-associa-personalidade-ao-ato-de-estocar-papel-higienico-na-pandemia\/#respond"]}]},{"@type":"WebPage","@id":"https:\/\/jornalfatosenoticias.com.br\/index.php\/2020\/06\/15\/estudo-associa-personalidade-ao-ato-de-estocar-papel-higienico-na-pandemia\/","url":"https:\/\/jornalfatosenoticias.com.br\/index.php\/2020\/06\/15\/estudo-associa-personalidade-ao-ato-de-estocar-papel-higienico-na-pandemia\/","name":"Estudo associa personalidade ao ato de estocar papel higi\u00eanico na pandemia - Jornal Fatos e Not\u00edcias","isPartOf":{"@id":"https:\/\/jornalfatosenoticias.com.br\/#website"},"primaryImageOfPage":{"@id":"https:\/\/jornalfatosenoticias.com.br\/index.php\/2020\/06\/15\/estudo-associa-personalidade-ao-ato-de-estocar-papel-higienico-na-pandemia\/#primaryimage"},"image":{"@id":"https:\/\/jornalfatosenoticias.com.br\/index.php\/2020\/06\/15\/estudo-associa-personalidade-ao-ato-de-estocar-papel-higienico-na-pandemia\/#primaryimage"},"thumbnailUrl":"https:\/\/jornalfatosenoticias.com.br\/wp-content\/uploads\/2020\/06\/papel-higienico.jpg","datePublished":"2020-06-15T19:13:54+00:00","dateModified":"2020-06-15T19:13:58+00:00","breadcrumb":{"@id":"https:\/\/jornalfatosenoticias.com.br\/index.php\/2020\/06\/15\/estudo-associa-personalidade-ao-ato-de-estocar-papel-higienico-na-pandemia\/#breadcrumb"},"inLanguage":"pt-BR","potentialAction":[{"@type":"ReadAction","target":["https:\/\/jornalfatosenoticias.com.br\/index.php\/2020\/06\/15\/estudo-associa-personalidade-ao-ato-de-estocar-papel-higienico-na-pandemia\/"]}]},{"@type":"ImageObject","inLanguage":"pt-BR","@id":"https:\/\/jornalfatosenoticias.com.br\/index.php\/2020\/06\/15\/estudo-associa-personalidade-ao-ato-de-estocar-papel-higienico-na-pandemia\/#primaryimage","url":"https:\/\/jornalfatosenoticias.com.br\/wp-content\/uploads\/2020\/06\/papel-higienico.jpg","contentUrl":"https:\/\/jornalfatosenoticias.com.br\/wp-content\/uploads\/2020\/06\/papel-higienico.jpg","width":1000,"height":667},{"@type":"BreadcrumbList","@id":"https:\/\/jornalfatosenoticias.com.br\/index.php\/2020\/06\/15\/estudo-associa-personalidade-ao-ato-de-estocar-papel-higienico-na-pandemia\/#breadcrumb","itemListElement":[{"@type":"ListItem","position":1,"name":"In\u00edcio","item":"https:\/\/jornalfatosenoticias.com.br\/"},{"@type":"ListItem","position":2,"name":"Estudo associa personalidade ao ato de estocar papel higi\u00eanico na pandemia"}]},{"@type":"WebSite","@id":"https:\/\/jornalfatosenoticias.com.br\/#website","url":"https:\/\/jornalfatosenoticias.com.br\/","name":"Jornal Fatos e Not\u00edcias","description":"Not\u00edcias em geral","publisher":{"@id":"https:\/\/jornalfatosenoticias.com.br\/#organization"},"potentialAction":[{"@type":"SearchAction","target":{"@type":"EntryPoint","urlTemplate":"https:\/\/jornalfatosenoticias.com.br\/?s={search_term_string}"},"query-input":{"@type":"PropertyValueSpecification","valueRequired":true,"valueName":"search_term_string"}}],"inLanguage":"pt-BR"},{"@type":"Organization","@id":"https:\/\/jornalfatosenoticias.com.br\/#organization","name":"Jornal Fatos e Not\u00edcias","url":"https:\/\/jornalfatosenoticias.com.br\/","logo":{"@type":"ImageObject","inLanguage":"pt-BR","@id":"https:\/\/jornalfatosenoticias.com.br\/#\/schema\/logo\/image\/","url":"https:\/\/jornalfatosenoticias.com.br\/wp-content\/uploads\/2020\/02\/logo120.png","contentUrl":"https:\/\/jornalfatosenoticias.com.br\/wp-content\/uploads\/2020\/02\/logo120.png","width":1227,"height":120,"caption":"Jornal Fatos e Not\u00edcias"},"image":{"@id":"https:\/\/jornalfatosenoticias.com.br\/#\/schema\/logo\/image\/"}},{"@type":"Person","@id":"https:\/\/jornalfatosenoticias.com.br\/#\/schema\/person\/d63837fa13ac8666eb9e74e0985d6f81","name":"Luzimara Fernandes","image":{"@type":"ImageObject","inLanguage":"pt-BR","@id":"https:\/\/jornalfatosenoticias.com.br\/#\/schema\/person\/image\/","url":"https:\/\/jornalfatosenoticias.com.br\/wp-content\/uploads\/2025\/05\/EU_portal.jpg","contentUrl":"https:\/\/jornalfatosenoticias.com.br\/wp-content\/uploads\/2025\/05\/EU_portal.jpg","caption":"Luzimara Fernandes"},"description":"Jornalista MTB 2358-ES","sameAs":["https:\/\/jornalfatosenoticias.com.br"],"url":"https:\/\/jornalfatosenoticias.com.br\/index.php\/author\/luzimara\/"}]}},"cc_featured_image_caption":{"caption_text":"(Foto: Creative Commons)","source_text":"","source_url":""},"jetpack_featured_media_url":"https:\/\/jornalfatosenoticias.com.br\/wp-content\/uploads\/2020\/06\/papel-higienico.jpg","_links":{"self":[{"href":"https:\/\/jornalfatosenoticias.com.br\/index.php\/wp-json\/wp\/v2\/posts\/5464","targetHints":{"allow":["GET"]}}],"collection":[{"href":"https:\/\/jornalfatosenoticias.com.br\/index.php\/wp-json\/wp\/v2\/posts"}],"about":[{"href":"https:\/\/jornalfatosenoticias.com.br\/index.php\/wp-json\/wp\/v2\/types\/post"}],"author":[{"embeddable":true,"href":"https:\/\/jornalfatosenoticias.com.br\/index.php\/wp-json\/wp\/v2\/users\/2"}],"replies":[{"embeddable":true,"href":"https:\/\/jornalfatosenoticias.com.br\/index.php\/wp-json\/wp\/v2\/comments?post=5464"}],"version-history":[{"count":0,"href":"https:\/\/jornalfatosenoticias.com.br\/index.php\/wp-json\/wp\/v2\/posts\/5464\/revisions"}],"wp:featuredmedia":[{"embeddable":true,"href":"https:\/\/jornalfatosenoticias.com.br\/index.php\/wp-json\/wp\/v2\/media\/5465"}],"wp:attachment":[{"href":"https:\/\/jornalfatosenoticias.com.br\/index.php\/wp-json\/wp\/v2\/media?parent=5464"}],"wp:term":[{"taxonomy":"category","embeddable":true,"href":"https:\/\/jornalfatosenoticias.com.br\/index.php\/wp-json\/wp\/v2\/categories?post=5464"},{"taxonomy":"post_tag","embeddable":true,"href":"https:\/\/jornalfatosenoticias.com.br\/index.php\/wp-json\/wp\/v2\/tags?post=5464"}],"curies":[{"name":"wp","href":"https:\/\/api.w.org\/{rel}","templated":true}]}}