{"id":54641,"date":"2024-10-02T14:56:39","date_gmt":"2024-10-02T17:56:39","guid":{"rendered":"https:\/\/jornalfatosenoticias.com.br\/?p=54641"},"modified":"2024-10-02T14:56:41","modified_gmt":"2024-10-02T17:56:41","slug":"estamos-em-guerra-contra-o-eixo-do-mal-do-ira-diz-netanyahu-apos-morte-de-militares-no-libano","status":"publish","type":"post","link":"https:\/\/jornalfatosenoticias.com.br\/index.php\/2024\/10\/02\/estamos-em-guerra-contra-o-eixo-do-mal-do-ira-diz-netanyahu-apos-morte-de-militares-no-libano\/","title":{"rendered":"\u201cEstamos em guerra contra o eixo do mal do Ir\u00e3\u201d, diz Netanyahu ap\u00f3s morte de militares no L\u00edbano"},"content":{"rendered":"\n<p><span class=\"has-inline-color has-black-color\"><em>Em declara\u00e7\u00e3o por v\u00eddeo, o premi\u00ea garantiu a volta para casa dos deslocados nas regi\u00f5es de fronteira com Gaza e com o L\u00edbano e \u201ca eternidade de Israel\u201d<\/em><\/span><\/p>\n\n\n\n<div class=\"wp-block-image\"><figure class=\"aligncenter size-large\"><a href=\"https:\/\/mizu.com.br\/\"><img loading=\"lazy\" decoding=\"async\" width=\"729\" height=\"90\" src=\"https:\/\/jornalfatosenoticias.com.br\/wp-content\/uploads\/2020\/02\/Logo_Mizu.png\" alt=\"\" class=\"wp-image-1441\" srcset=\"https:\/\/jornalfatosenoticias.com.br\/wp-content\/uploads\/2020\/02\/Logo_Mizu.png 729w, https:\/\/jornalfatosenoticias.com.br\/wp-content\/uploads\/2020\/02\/Logo_Mizu-300x37.png 300w\" sizes=\"auto, (max-width: 729px) 100vw, 729px\" \/><\/a><\/figure><\/div>\n\n\n\n<p>O primeiro-ministro de Israel, Benjamin Netanyahu, afirmou que o pa\u00eds est\u00e1 \u201cem meio a uma dura guerra contra o eixo do mal do Ir\u00e3\u201d, em comunicado no qual prestou condol\u00eancias pela morte de oito militares no L\u00edbano na incurs\u00e3o terrestre iniciada na madrugada de ter\u00e7a-feira (1\u00ba).<\/p>\n\n\n\n<blockquote class=\"wp-block-quote is-layout-flow wp-block-quote-is-layout-flow\"><p><span class=\"has-inline-color has-luminous-vivid-orange-color\">Deus salve seu sangue. Que sua mem\u00f3ria seja aben\u00e7oada\u201d, disse o premi\u00ea em uma declara\u00e7\u00e3o em v\u00eddeo divulgada por seu gabinete.<\/span><\/p><\/blockquote>\n\n\n\n<p>Netanyahu terminou sua apresenta\u00e7\u00e3o assegurando que garantir\u00e1 a volta para casa dos deslocados do sul do pa\u00eds \u2014 que residiam ao longo da fronteira com a Faixa de Gaza \u2014 e os do norte \u2014 na fronteira com o L\u00edbano \u2014 e disse que ser\u00e1 assegurada \u201ca eternidade de Israel\u201d.<\/p>\n\n\n\n<div class=\"wp-block-image\"><figure class=\"aligncenter size-large is-resized\"><a href=\"https:\/\/www.facebook.com\/postobkr\/?locale=pt_BR\"><img loading=\"lazy\" decoding=\"async\" src=\"https:\/\/jornalfatosenoticias.com.br\/wp-content\/uploads\/2023\/08\/BKR-1024x1021.jpg\" alt=\"\" class=\"wp-image-44494\" width=\"319\" height=\"318\" srcset=\"https:\/\/jornalfatosenoticias.com.br\/wp-content\/uploads\/2023\/08\/BKR-1024x1021.jpg 1024w, https:\/\/jornalfatosenoticias.com.br\/wp-content\/uploads\/2023\/08\/BKR-300x300.jpg 300w, https:\/\/jornalfatosenoticias.com.br\/wp-content\/uploads\/2023\/08\/BKR-150x150.jpg 150w, https:\/\/jornalfatosenoticias.com.br\/wp-content\/uploads\/2023\/08\/BKR-768x766.jpg 768w, https:\/\/jornalfatosenoticias.com.br\/wp-content\/uploads\/2023\/08\/BKR.jpg 1080w\" sizes=\"auto, (max-width: 319px) 100vw, 319px\" \/><\/a><\/figure><\/div>\n\n\n\n<p>Nos quase dois dias desde que Israel anunciou a entrada de suas tropas no territ\u00f3rio liban\u00eas, oito militares \u2014 todos na faixa dos 20 anos \u2014 foram mortos, os primeiros a cair no pa\u00eds vizinho desde a guerra de 2006.<\/p>\n\n\n\n<div class=\"wp-block-image\"><figure class=\"aligncenter size-large is-resized\"><a href=\"https:\/\/hotelmarquetti.com.br\/\"><img loading=\"lazy\" decoding=\"async\" src=\"https:\/\/jornalfatosenoticias.com.br\/wp-content\/uploads\/2023\/03\/nova-logo-Marquetti.jpg\" alt=\"\" class=\"wp-image-40207\" width=\"307\" height=\"206\" srcset=\"https:\/\/jornalfatosenoticias.com.br\/wp-content\/uploads\/2023\/03\/nova-logo-Marquetti.jpg 643w, https:\/\/jornalfatosenoticias.com.br\/wp-content\/uploads\/2023\/03\/nova-logo-Marquetti-300x202.jpg 300w\" sizes=\"auto, (max-width: 307px) 100vw, 307px\" \/><\/a><\/figure><\/div>\n\n\n\n<p>Os mortos at\u00e9 o momento s\u00e3o os capit\u00e3es Harel Etinger e Itai Ariel Giat, ambos com 23 anos; os sargentos Noam Barzilay, de 22; Or Mantzur, Nazar Itkin, Ido Broyer e Almken Terefe, de 21; e o comandante Eitan Itzhak Oster, de 22. De acordo com o jornal <em>The Times of Israel, <\/em>Ettinger, Giat, Barzilai, Mantzur, Itkin e Oster foram mortos em combate corpo a corpo com combatentes do grupo terrorista Hezbollah em uma cidade do sul do L\u00edbano, enquanto outros quatro militares ficaram feridos.<\/p>\n\n\n\n<div class=\"wp-block-image\"><figure class=\"aligncenter size-large is-resized\"><a href=\"https:\/\/www.instagram.com\/ligadossaborespizzaria\/\"><img loading=\"lazy\" decoding=\"async\" src=\"https:\/\/jornalfatosenoticias.com.br\/wp-content\/uploads\/2020\/02\/WhatsApp-Image-2024-10-02-at-08.18.14-819x1024.jpeg\" alt=\"\" class=\"wp-image-54612\" width=\"291\" height=\"364\" srcset=\"https:\/\/jornalfatosenoticias.com.br\/wp-content\/uploads\/2020\/02\/WhatsApp-Image-2024-10-02-at-08.18.14-819x1024.jpeg 819w, https:\/\/jornalfatosenoticias.com.br\/wp-content\/uploads\/2020\/02\/WhatsApp-Image-2024-10-02-at-08.18.14-240x300.jpeg 240w, https:\/\/jornalfatosenoticias.com.br\/wp-content\/uploads\/2020\/02\/WhatsApp-Image-2024-10-02-at-08.18.14-768x960.jpeg 768w, https:\/\/jornalfatosenoticias.com.br\/wp-content\/uploads\/2020\/02\/WhatsApp-Image-2024-10-02-at-08.18.14.jpeg 1024w\" sizes=\"auto, (max-width: 291px) 100vw, 291px\" \/><\/a><\/figure><\/div>\n\n\n\n<p>O outro confronto, sobre o qual as fontes oficiais n\u00e3o forneceram mais detalhes, matou Terefe e Broyer e feriu um militar da brigada de infantaria de elite Golani, da qual outro oficial foi ferido em um quarto incidente.<\/p>\n\n\n\n<div class=\"wp-block-image\"><figure class=\"aligncenter size-large is-resized\"><a href=\"https:\/\/www.legisjuris.com.br\/\"><img loading=\"lazy\" decoding=\"async\" src=\"https:\/\/jornalfatosenoticias.com.br\/wp-content\/uploads\/2024\/09\/Legis-Juris-Consultoria_logo.jpg\" alt=\"\" class=\"wp-image-53915\" width=\"394\" height=\"165\" srcset=\"https:\/\/jornalfatosenoticias.com.br\/wp-content\/uploads\/2024\/09\/Legis-Juris-Consultoria_logo.jpg 969w, https:\/\/jornalfatosenoticias.com.br\/wp-content\/uploads\/2024\/09\/Legis-Juris-Consultoria_logo-300x126.jpg 300w, https:\/\/jornalfatosenoticias.com.br\/wp-content\/uploads\/2024\/09\/Legis-Juris-Consultoria_logo-768x322.jpg 768w\" sizes=\"auto, (max-width: 394px) 100vw, 394px\" \/><\/a><\/figure><\/div>\n\n\n\n<p>O jornal israelense Haaretz informou que cinco dos militares feridos est\u00e3o sendo tratados no hospital Beilinson, na regi\u00e3o central de Israel, de acordo com fontes hospitalares.<\/p>\n\n\n\n<div class=\"wp-block-image\"><figure class=\"aligncenter size-large is-resized\"><img loading=\"lazy\" decoding=\"async\" src=\"https:\/\/jornalfatosenoticias.com.br\/wp-content\/uploads\/2022\/02\/Precisao-Contabilidade-1024x724.jpg\" alt=\"\" class=\"wp-image-28088\" width=\"323\" height=\"228\"\/><\/figure><\/div>\n\n\n\n<p>Israel tem mobilizado cada vez mais militares ao longo da fronteira com o L\u00edbano, onde na ter\u00e7a-feira criou uma nova \u201czona militar fechada\u201d em tr\u00eas locais a apenas um quil\u00f4metro da fronteira, como a que foi criada na noite de segunda-feira, pouco antes de lan\u00e7ar sua incurs\u00e3o terrestre.<\/p>\n\n\n\n<p><strong><em>Fonte: <a href=\"https:\/\/www.gazetadopovo.com.br\/mundo\/guerra-eixo-do-mal-ira-netanyahu-morte-militares-libano\/\">Gazeta do Povo<\/a><\/em><\/strong><\/p>\n","protected":false},"excerpt":{"rendered":"<p>Em declara\u00e7\u00e3o por v\u00eddeo, o premi\u00ea garantiu a volta para casa dos deslocados nas regi\u00f5es de fronteira com Gaza e com o L\u00edbano e \u201ca eternidade de Israel\u201d O primeiro-ministro de Israel, Benjamin Netanyahu, afirmou que o pa\u00eds est\u00e1 \u201cem meio a uma dura guerra contra o eixo do mal do Ir\u00e3\u201d, em comunicado no [&hellip;]<\/p>\n","protected":false},"author":2,"featured_media":54642,"comment_status":"open","ping_status":"open","sticky":false,"template":"","format":"standard","meta":{"footnotes":""},"categories":[41],"tags":[22480,21785,5107,162],"class_list":["post-54641","post","type-post","status-publish","format-standard","has-post-thumbnail","hentry","category-internacional","tag-benjamin-netanyahu","tag-hezbollah","tag-ira","tag-israel"],"yoast_head":"<!-- This site is optimized with the Yoast SEO plugin v26.5 - https:\/\/yoast.com\/wordpress\/plugins\/seo\/ -->\n<title>\u201cEstamos em guerra contra o eixo do mal do Ir\u00e3\u201d, diz Netanyahu ap\u00f3s morte de militares no L\u00edbano - Jornal Fatos e Not\u00edcias<\/title>\n<meta name=\"robots\" content=\"index, follow, max-snippet:-1, max-image-preview:large, max-video-preview:-1\" \/>\n<link rel=\"canonical\" href=\"https:\/\/jornalfatosenoticias.com.br\/index.php\/2024\/10\/02\/estamos-em-guerra-contra-o-eixo-do-mal-do-ira-diz-netanyahu-apos-morte-de-militares-no-libano\/\" \/>\n<meta property=\"og:locale\" content=\"pt_BR\" \/>\n<meta property=\"og:type\" content=\"article\" \/>\n<meta property=\"og:title\" content=\"\u201cEstamos em guerra contra o eixo do mal do Ir\u00e3\u201d, diz Netanyahu ap\u00f3s morte de militares no L\u00edbano - Jornal Fatos e Not\u00edcias\" \/>\n<meta property=\"og:description\" content=\"Em declara\u00e7\u00e3o por v\u00eddeo, o premi\u00ea garantiu a volta para casa dos deslocados nas regi\u00f5es de fronteira com Gaza e com o L\u00edbano e \u201ca eternidade de Israel\u201d O primeiro-ministro de Israel, Benjamin Netanyahu, afirmou que o pa\u00eds est\u00e1 \u201cem meio a uma dura guerra contra o eixo do mal do Ir\u00e3\u201d, em comunicado no [&hellip;]\" \/>\n<meta property=\"og:url\" content=\"https:\/\/jornalfatosenoticias.com.br\/index.php\/2024\/10\/02\/estamos-em-guerra-contra-o-eixo-do-mal-do-ira-diz-netanyahu-apos-morte-de-militares-no-libano\/\" \/>\n<meta property=\"og:site_name\" content=\"Jornal Fatos e Not\u00edcias\" \/>\n<meta property=\"article:published_time\" content=\"2024-10-02T17:56:39+00:00\" \/>\n<meta property=\"article:modified_time\" content=\"2024-10-02T17:56:41+00:00\" \/>\n<meta property=\"og:image\" content=\"https:\/\/jornalfatosenoticias.com.br\/wp-content\/uploads\/2024\/10\/NETANYAHU_gettyimages.jpg\" \/>\n\t<meta property=\"og:image:width\" content=\"612\" \/>\n\t<meta property=\"og:image:height\" content=\"408\" \/>\n\t<meta property=\"og:image:type\" content=\"image\/jpeg\" \/>\n<meta name=\"author\" content=\"Luzimara Fernandes\" \/>\n<meta name=\"twitter:card\" content=\"summary_large_image\" \/>\n<meta name=\"twitter:label1\" content=\"Escrito por\" \/>\n\t<meta name=\"twitter:data1\" content=\"Luzimara Fernandes\" \/>\n\t<meta name=\"twitter:label2\" content=\"Est. tempo de leitura\" \/>\n\t<meta name=\"twitter:data2\" content=\"2 minutos\" \/>\n<script type=\"application\/ld+json\" class=\"yoast-schema-graph\">{\"@context\":\"https:\/\/schema.org\",\"@graph\":[{\"@type\":\"Article\",\"@id\":\"https:\/\/jornalfatosenoticias.com.br\/index.php\/2024\/10\/02\/estamos-em-guerra-contra-o-eixo-do-mal-do-ira-diz-netanyahu-apos-morte-de-militares-no-libano\/#article\",\"isPartOf\":{\"@id\":\"https:\/\/jornalfatosenoticias.com.br\/index.php\/2024\/10\/02\/estamos-em-guerra-contra-o-eixo-do-mal-do-ira-diz-netanyahu-apos-morte-de-militares-no-libano\/\"},\"author\":{\"name\":\"Luzimara Fernandes\",\"@id\":\"https:\/\/jornalfatosenoticias.com.br\/#\/schema\/person\/d63837fa13ac8666eb9e74e0985d6f81\"},\"headline\":\"\u201cEstamos em guerra contra o eixo do mal do Ir\u00e3\u201d, diz Netanyahu ap\u00f3s morte de militares no L\u00edbano\",\"datePublished\":\"2024-10-02T17:56:39+00:00\",\"dateModified\":\"2024-10-02T17:56:41+00:00\",\"mainEntityOfPage\":{\"@id\":\"https:\/\/jornalfatosenoticias.com.br\/index.php\/2024\/10\/02\/estamos-em-guerra-contra-o-eixo-do-mal-do-ira-diz-netanyahu-apos-morte-de-militares-no-libano\/\"},\"wordCount\":424,\"commentCount\":0,\"publisher\":{\"@id\":\"https:\/\/jornalfatosenoticias.com.br\/#organization\"},\"image\":{\"@id\":\"https:\/\/jornalfatosenoticias.com.br\/index.php\/2024\/10\/02\/estamos-em-guerra-contra-o-eixo-do-mal-do-ira-diz-netanyahu-apos-morte-de-militares-no-libano\/#primaryimage\"},\"thumbnailUrl\":\"https:\/\/jornalfatosenoticias.com.br\/wp-content\/uploads\/2024\/10\/NETANYAHU_gettyimages.jpg\",\"keywords\":[\"Benjamin Netanyahu\",\"Hezbollah\",\"Ir\u00e3\",\"Israel\"],\"articleSection\":[\"Internacional\"],\"inLanguage\":\"pt-BR\",\"potentialAction\":[{\"@type\":\"CommentAction\",\"name\":\"Comment\",\"target\":[\"https:\/\/jornalfatosenoticias.com.br\/index.php\/2024\/10\/02\/estamos-em-guerra-contra-o-eixo-do-mal-do-ira-diz-netanyahu-apos-morte-de-militares-no-libano\/#respond\"]}]},{\"@type\":\"WebPage\",\"@id\":\"https:\/\/jornalfatosenoticias.com.br\/index.php\/2024\/10\/02\/estamos-em-guerra-contra-o-eixo-do-mal-do-ira-diz-netanyahu-apos-morte-de-militares-no-libano\/\",\"url\":\"https:\/\/jornalfatosenoticias.com.br\/index.php\/2024\/10\/02\/estamos-em-guerra-contra-o-eixo-do-mal-do-ira-diz-netanyahu-apos-morte-de-militares-no-libano\/\",\"name\":\"\u201cEstamos em guerra contra o eixo do mal do Ir\u00e3\u201d, diz Netanyahu ap\u00f3s morte de militares no L\u00edbano - Jornal Fatos e Not\u00edcias\",\"isPartOf\":{\"@id\":\"https:\/\/jornalfatosenoticias.com.br\/#website\"},\"primaryImageOfPage\":{\"@id\":\"https:\/\/jornalfatosenoticias.com.br\/index.php\/2024\/10\/02\/estamos-em-guerra-contra-o-eixo-do-mal-do-ira-diz-netanyahu-apos-morte-de-militares-no-libano\/#primaryimage\"},\"image\":{\"@id\":\"https:\/\/jornalfatosenoticias.com.br\/index.php\/2024\/10\/02\/estamos-em-guerra-contra-o-eixo-do-mal-do-ira-diz-netanyahu-apos-morte-de-militares-no-libano\/#primaryimage\"},\"thumbnailUrl\":\"https:\/\/jornalfatosenoticias.com.br\/wp-content\/uploads\/2024\/10\/NETANYAHU_gettyimages.jpg\",\"datePublished\":\"2024-10-02T17:56:39+00:00\",\"dateModified\":\"2024-10-02T17:56:41+00:00\",\"breadcrumb\":{\"@id\":\"https:\/\/jornalfatosenoticias.com.br\/index.php\/2024\/10\/02\/estamos-em-guerra-contra-o-eixo-do-mal-do-ira-diz-netanyahu-apos-morte-de-militares-no-libano\/#breadcrumb\"},\"inLanguage\":\"pt-BR\",\"potentialAction\":[{\"@type\":\"ReadAction\",\"target\":[\"https:\/\/jornalfatosenoticias.com.br\/index.php\/2024\/10\/02\/estamos-em-guerra-contra-o-eixo-do-mal-do-ira-diz-netanyahu-apos-morte-de-militares-no-libano\/\"]}]},{\"@type\":\"ImageObject\",\"inLanguage\":\"pt-BR\",\"@id\":\"https:\/\/jornalfatosenoticias.com.br\/index.php\/2024\/10\/02\/estamos-em-guerra-contra-o-eixo-do-mal-do-ira-diz-netanyahu-apos-morte-de-militares-no-libano\/#primaryimage\",\"url\":\"https:\/\/jornalfatosenoticias.com.br\/wp-content\/uploads\/2024\/10\/NETANYAHU_gettyimages.jpg\",\"contentUrl\":\"https:\/\/jornalfatosenoticias.com.br\/wp-content\/uploads\/2024\/10\/NETANYAHU_gettyimages.jpg\",\"width\":612,\"height\":408,\"caption\":\"dpatop - 27 September 2024, USA, New York: Benjamin Netanyahu, Prime Minister of Israel, speaks in the 79th General Debate of the UN General Assembly and shows maps of the Middle East. Photo: Michael Kappeler\/dpa (Photo by Michael Kappeler\/picture alliance via Getty Images)\"},{\"@type\":\"BreadcrumbList\",\"@id\":\"https:\/\/jornalfatosenoticias.com.br\/index.php\/2024\/10\/02\/estamos-em-guerra-contra-o-eixo-do-mal-do-ira-diz-netanyahu-apos-morte-de-militares-no-libano\/#breadcrumb\",\"itemListElement\":[{\"@type\":\"ListItem\",\"position\":1,\"name\":\"In\u00edcio\",\"item\":\"https:\/\/jornalfatosenoticias.com.br\/\"},{\"@type\":\"ListItem\",\"position\":2,\"name\":\"\u201cEstamos em guerra contra o eixo do mal do Ir\u00e3\u201d, diz Netanyahu ap\u00f3s morte de militares no L\u00edbano\"}]},{\"@type\":\"WebSite\",\"@id\":\"https:\/\/jornalfatosenoticias.com.br\/#website\",\"url\":\"https:\/\/jornalfatosenoticias.com.br\/\",\"name\":\"Jornal Fatos e Not\u00edcias\",\"description\":\"Not\u00edcias em geral\",\"publisher\":{\"@id\":\"https:\/\/jornalfatosenoticias.com.br\/#organization\"},\"potentialAction\":[{\"@type\":\"SearchAction\",\"target\":{\"@type\":\"EntryPoint\",\"urlTemplate\":\"https:\/\/jornalfatosenoticias.com.br\/?s={search_term_string}\"},\"query-input\":{\"@type\":\"PropertyValueSpecification\",\"valueRequired\":true,\"valueName\":\"search_term_string\"}}],\"inLanguage\":\"pt-BR\"},{\"@type\":\"Organization\",\"@id\":\"https:\/\/jornalfatosenoticias.com.br\/#organization\",\"name\":\"Jornal Fatos e Not\u00edcias\",\"url\":\"https:\/\/jornalfatosenoticias.com.br\/\",\"logo\":{\"@type\":\"ImageObject\",\"inLanguage\":\"pt-BR\",\"@id\":\"https:\/\/jornalfatosenoticias.com.br\/#\/schema\/logo\/image\/\",\"url\":\"https:\/\/jornalfatosenoticias.com.br\/wp-content\/uploads\/2020\/02\/logo120.png\",\"contentUrl\":\"https:\/\/jornalfatosenoticias.com.br\/wp-content\/uploads\/2020\/02\/logo120.png\",\"width\":1227,\"height\":120,\"caption\":\"Jornal Fatos e Not\u00edcias\"},\"image\":{\"@id\":\"https:\/\/jornalfatosenoticias.com.br\/#\/schema\/logo\/image\/\"}},{\"@type\":\"Person\",\"@id\":\"https:\/\/jornalfatosenoticias.com.br\/#\/schema\/person\/d63837fa13ac8666eb9e74e0985d6f81\",\"name\":\"Luzimara Fernandes\",\"image\":{\"@type\":\"ImageObject\",\"inLanguage\":\"pt-BR\",\"@id\":\"https:\/\/jornalfatosenoticias.com.br\/#\/schema\/person\/image\/\",\"url\":\"https:\/\/jornalfatosenoticias.com.br\/wp-content\/uploads\/2025\/05\/EU_portal.jpg\",\"contentUrl\":\"https:\/\/jornalfatosenoticias.com.br\/wp-content\/uploads\/2025\/05\/EU_portal.jpg\",\"caption\":\"Luzimara Fernandes\"},\"description\":\"Jornalista MTB 2358-ES\",\"sameAs\":[\"https:\/\/jornalfatosenoticias.com.br\"],\"url\":\"https:\/\/jornalfatosenoticias.com.br\/index.php\/author\/luzimara\/\"}]}<\/script>\n<!-- \/ Yoast SEO plugin. -->","yoast_head_json":{"title":"\u201cEstamos em guerra contra o eixo do mal do Ir\u00e3\u201d, diz Netanyahu ap\u00f3s morte de militares no L\u00edbano - Jornal Fatos e Not\u00edcias","robots":{"index":"index","follow":"follow","max-snippet":"max-snippet:-1","max-image-preview":"max-image-preview:large","max-video-preview":"max-video-preview:-1"},"canonical":"https:\/\/jornalfatosenoticias.com.br\/index.php\/2024\/10\/02\/estamos-em-guerra-contra-o-eixo-do-mal-do-ira-diz-netanyahu-apos-morte-de-militares-no-libano\/","og_locale":"pt_BR","og_type":"article","og_title":"\u201cEstamos em guerra contra o eixo do mal do Ir\u00e3\u201d, diz Netanyahu ap\u00f3s morte de militares no L\u00edbano - Jornal Fatos e Not\u00edcias","og_description":"Em declara\u00e7\u00e3o por v\u00eddeo, o premi\u00ea garantiu a volta para casa dos deslocados nas regi\u00f5es de fronteira com Gaza e com o L\u00edbano e \u201ca eternidade de Israel\u201d O primeiro-ministro de Israel, Benjamin Netanyahu, afirmou que o pa\u00eds est\u00e1 \u201cem meio a uma dura guerra contra o eixo do mal do Ir\u00e3\u201d, em comunicado no [&hellip;]","og_url":"https:\/\/jornalfatosenoticias.com.br\/index.php\/2024\/10\/02\/estamos-em-guerra-contra-o-eixo-do-mal-do-ira-diz-netanyahu-apos-morte-de-militares-no-libano\/","og_site_name":"Jornal Fatos e Not\u00edcias","article_published_time":"2024-10-02T17:56:39+00:00","article_modified_time":"2024-10-02T17:56:41+00:00","og_image":[{"width":612,"height":408,"url":"https:\/\/jornalfatosenoticias.com.br\/wp-content\/uploads\/2024\/10\/NETANYAHU_gettyimages.jpg","type":"image\/jpeg"}],"author":"Luzimara Fernandes","twitter_card":"summary_large_image","twitter_misc":{"Escrito por":"Luzimara Fernandes","Est. tempo de leitura":"2 minutos"},"schema":{"@context":"https:\/\/schema.org","@graph":[{"@type":"Article","@id":"https:\/\/jornalfatosenoticias.com.br\/index.php\/2024\/10\/02\/estamos-em-guerra-contra-o-eixo-do-mal-do-ira-diz-netanyahu-apos-morte-de-militares-no-libano\/#article","isPartOf":{"@id":"https:\/\/jornalfatosenoticias.com.br\/index.php\/2024\/10\/02\/estamos-em-guerra-contra-o-eixo-do-mal-do-ira-diz-netanyahu-apos-morte-de-militares-no-libano\/"},"author":{"name":"Luzimara Fernandes","@id":"https:\/\/jornalfatosenoticias.com.br\/#\/schema\/person\/d63837fa13ac8666eb9e74e0985d6f81"},"headline":"\u201cEstamos em guerra contra o eixo do mal do Ir\u00e3\u201d, diz Netanyahu ap\u00f3s morte de militares no L\u00edbano","datePublished":"2024-10-02T17:56:39+00:00","dateModified":"2024-10-02T17:56:41+00:00","mainEntityOfPage":{"@id":"https:\/\/jornalfatosenoticias.com.br\/index.php\/2024\/10\/02\/estamos-em-guerra-contra-o-eixo-do-mal-do-ira-diz-netanyahu-apos-morte-de-militares-no-libano\/"},"wordCount":424,"commentCount":0,"publisher":{"@id":"https:\/\/jornalfatosenoticias.com.br\/#organization"},"image":{"@id":"https:\/\/jornalfatosenoticias.com.br\/index.php\/2024\/10\/02\/estamos-em-guerra-contra-o-eixo-do-mal-do-ira-diz-netanyahu-apos-morte-de-militares-no-libano\/#primaryimage"},"thumbnailUrl":"https:\/\/jornalfatosenoticias.com.br\/wp-content\/uploads\/2024\/10\/NETANYAHU_gettyimages.jpg","keywords":["Benjamin Netanyahu","Hezbollah","Ir\u00e3","Israel"],"articleSection":["Internacional"],"inLanguage":"pt-BR","potentialAction":[{"@type":"CommentAction","name":"Comment","target":["https:\/\/jornalfatosenoticias.com.br\/index.php\/2024\/10\/02\/estamos-em-guerra-contra-o-eixo-do-mal-do-ira-diz-netanyahu-apos-morte-de-militares-no-libano\/#respond"]}]},{"@type":"WebPage","@id":"https:\/\/jornalfatosenoticias.com.br\/index.php\/2024\/10\/02\/estamos-em-guerra-contra-o-eixo-do-mal-do-ira-diz-netanyahu-apos-morte-de-militares-no-libano\/","url":"https:\/\/jornalfatosenoticias.com.br\/index.php\/2024\/10\/02\/estamos-em-guerra-contra-o-eixo-do-mal-do-ira-diz-netanyahu-apos-morte-de-militares-no-libano\/","name":"\u201cEstamos em guerra contra o eixo do mal do Ir\u00e3\u201d, diz Netanyahu ap\u00f3s morte de militares no L\u00edbano - Jornal Fatos e Not\u00edcias","isPartOf":{"@id":"https:\/\/jornalfatosenoticias.com.br\/#website"},"primaryImageOfPage":{"@id":"https:\/\/jornalfatosenoticias.com.br\/index.php\/2024\/10\/02\/estamos-em-guerra-contra-o-eixo-do-mal-do-ira-diz-netanyahu-apos-morte-de-militares-no-libano\/#primaryimage"},"image":{"@id":"https:\/\/jornalfatosenoticias.com.br\/index.php\/2024\/10\/02\/estamos-em-guerra-contra-o-eixo-do-mal-do-ira-diz-netanyahu-apos-morte-de-militares-no-libano\/#primaryimage"},"thumbnailUrl":"https:\/\/jornalfatosenoticias.com.br\/wp-content\/uploads\/2024\/10\/NETANYAHU_gettyimages.jpg","datePublished":"2024-10-02T17:56:39+00:00","dateModified":"2024-10-02T17:56:41+00:00","breadcrumb":{"@id":"https:\/\/jornalfatosenoticias.com.br\/index.php\/2024\/10\/02\/estamos-em-guerra-contra-o-eixo-do-mal-do-ira-diz-netanyahu-apos-morte-de-militares-no-libano\/#breadcrumb"},"inLanguage":"pt-BR","potentialAction":[{"@type":"ReadAction","target":["https:\/\/jornalfatosenoticias.com.br\/index.php\/2024\/10\/02\/estamos-em-guerra-contra-o-eixo-do-mal-do-ira-diz-netanyahu-apos-morte-de-militares-no-libano\/"]}]},{"@type":"ImageObject","inLanguage":"pt-BR","@id":"https:\/\/jornalfatosenoticias.com.br\/index.php\/2024\/10\/02\/estamos-em-guerra-contra-o-eixo-do-mal-do-ira-diz-netanyahu-apos-morte-de-militares-no-libano\/#primaryimage","url":"https:\/\/jornalfatosenoticias.com.br\/wp-content\/uploads\/2024\/10\/NETANYAHU_gettyimages.jpg","contentUrl":"https:\/\/jornalfatosenoticias.com.br\/wp-content\/uploads\/2024\/10\/NETANYAHU_gettyimages.jpg","width":612,"height":408,"caption":"dpatop - 27 September 2024, USA, New York: Benjamin Netanyahu, Prime Minister of Israel, speaks in the 79th General Debate of the UN General Assembly and shows maps of the Middle East. Photo: Michael Kappeler\/dpa (Photo by Michael Kappeler\/picture alliance via Getty Images)"},{"@type":"BreadcrumbList","@id":"https:\/\/jornalfatosenoticias.com.br\/index.php\/2024\/10\/02\/estamos-em-guerra-contra-o-eixo-do-mal-do-ira-diz-netanyahu-apos-morte-de-militares-no-libano\/#breadcrumb","itemListElement":[{"@type":"ListItem","position":1,"name":"In\u00edcio","item":"https:\/\/jornalfatosenoticias.com.br\/"},{"@type":"ListItem","position":2,"name":"\u201cEstamos em guerra contra o eixo do mal do Ir\u00e3\u201d, diz Netanyahu ap\u00f3s morte de militares no L\u00edbano"}]},{"@type":"WebSite","@id":"https:\/\/jornalfatosenoticias.com.br\/#website","url":"https:\/\/jornalfatosenoticias.com.br\/","name":"Jornal Fatos e Not\u00edcias","description":"Not\u00edcias em geral","publisher":{"@id":"https:\/\/jornalfatosenoticias.com.br\/#organization"},"potentialAction":[{"@type":"SearchAction","target":{"@type":"EntryPoint","urlTemplate":"https:\/\/jornalfatosenoticias.com.br\/?s={search_term_string}"},"query-input":{"@type":"PropertyValueSpecification","valueRequired":true,"valueName":"search_term_string"}}],"inLanguage":"pt-BR"},{"@type":"Organization","@id":"https:\/\/jornalfatosenoticias.com.br\/#organization","name":"Jornal Fatos e Not\u00edcias","url":"https:\/\/jornalfatosenoticias.com.br\/","logo":{"@type":"ImageObject","inLanguage":"pt-BR","@id":"https:\/\/jornalfatosenoticias.com.br\/#\/schema\/logo\/image\/","url":"https:\/\/jornalfatosenoticias.com.br\/wp-content\/uploads\/2020\/02\/logo120.png","contentUrl":"https:\/\/jornalfatosenoticias.com.br\/wp-content\/uploads\/2020\/02\/logo120.png","width":1227,"height":120,"caption":"Jornal Fatos e Not\u00edcias"},"image":{"@id":"https:\/\/jornalfatosenoticias.com.br\/#\/schema\/logo\/image\/"}},{"@type":"Person","@id":"https:\/\/jornalfatosenoticias.com.br\/#\/schema\/person\/d63837fa13ac8666eb9e74e0985d6f81","name":"Luzimara Fernandes","image":{"@type":"ImageObject","inLanguage":"pt-BR","@id":"https:\/\/jornalfatosenoticias.com.br\/#\/schema\/person\/image\/","url":"https:\/\/jornalfatosenoticias.com.br\/wp-content\/uploads\/2025\/05\/EU_portal.jpg","contentUrl":"https:\/\/jornalfatosenoticias.com.br\/wp-content\/uploads\/2025\/05\/EU_portal.jpg","caption":"Luzimara Fernandes"},"description":"Jornalista MTB 2358-ES","sameAs":["https:\/\/jornalfatosenoticias.com.br"],"url":"https:\/\/jornalfatosenoticias.com.br\/index.php\/author\/luzimara\/"}]}},"cc_featured_image_caption":{"caption_text":"(Foto: Getty Images) ","source_text":"","source_url":""},"jetpack_featured_media_url":"https:\/\/jornalfatosenoticias.com.br\/wp-content\/uploads\/2024\/10\/NETANYAHU_gettyimages.jpg","_links":{"self":[{"href":"https:\/\/jornalfatosenoticias.com.br\/index.php\/wp-json\/wp\/v2\/posts\/54641","targetHints":{"allow":["GET"]}}],"collection":[{"href":"https:\/\/jornalfatosenoticias.com.br\/index.php\/wp-json\/wp\/v2\/posts"}],"about":[{"href":"https:\/\/jornalfatosenoticias.com.br\/index.php\/wp-json\/wp\/v2\/types\/post"}],"author":[{"embeddable":true,"href":"https:\/\/jornalfatosenoticias.com.br\/index.php\/wp-json\/wp\/v2\/users\/2"}],"replies":[{"embeddable":true,"href":"https:\/\/jornalfatosenoticias.com.br\/index.php\/wp-json\/wp\/v2\/comments?post=54641"}],"version-history":[{"count":0,"href":"https:\/\/jornalfatosenoticias.com.br\/index.php\/wp-json\/wp\/v2\/posts\/54641\/revisions"}],"wp:featuredmedia":[{"embeddable":true,"href":"https:\/\/jornalfatosenoticias.com.br\/index.php\/wp-json\/wp\/v2\/media\/54642"}],"wp:attachment":[{"href":"https:\/\/jornalfatosenoticias.com.br\/index.php\/wp-json\/wp\/v2\/media?parent=54641"}],"wp:term":[{"taxonomy":"category","embeddable":true,"href":"https:\/\/jornalfatosenoticias.com.br\/index.php\/wp-json\/wp\/v2\/categories?post=54641"},{"taxonomy":"post_tag","embeddable":true,"href":"https:\/\/jornalfatosenoticias.com.br\/index.php\/wp-json\/wp\/v2\/tags?post=54641"}],"curies":[{"name":"wp","href":"https:\/\/api.w.org\/{rel}","templated":true}]}}