{"id":54644,"date":"2024-10-02T15:12:21","date_gmt":"2024-10-02T18:12:21","guid":{"rendered":"https:\/\/jornalfatosenoticias.com.br\/?p=54644"},"modified":"2024-10-02T15:12:23","modified_gmt":"2024-10-02T18:12:23","slug":"desaprovacao-a-lula-aumenta-puxada-por-preocupacao-com-economia-e-corrupcao","status":"publish","type":"post","link":"https:\/\/jornalfatosenoticias.com.br\/index.php\/2024\/10\/02\/desaprovacao-a-lula-aumenta-puxada-por-preocupacao-com-economia-e-corrupcao\/","title":{"rendered":"Desaprova\u00e7\u00e3o a Lula aumenta puxada por preocupa\u00e7\u00e3o com economia e corrup\u00e7\u00e3o"},"content":{"rendered":"\n<p><em><span class=\"has-inline-color has-black-color\">Avalia\u00e7\u00e3o negativa de Lula passou de 43% em julho para 45% em setembro, enquanto que aprova\u00e7\u00e3o caiu para 51%<\/span><\/em><\/p>\n\n\n\n<p><span class=\"has-inline-color has-black-color\">Por <strong><a href=\"https:\/\/www.gazetadopovo.com.br\/autor\/guilherme-grandi\/\">Guilherme Grandi<\/a><\/strong><\/span><\/p>\n\n\n\n<div class=\"wp-block-image\"><figure class=\"aligncenter size-large\"><a href=\"https:\/\/mizu.com.br\/\"><img loading=\"lazy\" decoding=\"async\" width=\"729\" height=\"90\" src=\"https:\/\/jornalfatosenoticias.com.br\/wp-content\/uploads\/2020\/02\/Logo_Mizu.png\" alt=\"\" class=\"wp-image-1441\" srcset=\"https:\/\/jornalfatosenoticias.com.br\/wp-content\/uploads\/2020\/02\/Logo_Mizu.png 729w, https:\/\/jornalfatosenoticias.com.br\/wp-content\/uploads\/2020\/02\/Logo_Mizu-300x37.png 300w\" sizes=\"auto, (max-width: 729px) 100vw, 729px\" \/><\/a><\/figure><\/div>\n\n\n\n<p>A desaprova\u00e7\u00e3o ao de Luiz In\u00e1cio Lula da Silva (PT) subiu de 43% em julho para 45% em setembro de acordo com a nova rodada da pesquisa Quaest de avalia\u00e7\u00e3o divulgada nesta quarta (2). Embora o avan\u00e7o tenha ocorrido dentro da margem de erro de 2 pontos para mais ou para menos, a aprova\u00e7\u00e3o caiu 3 pontos, de 54% para 51%.<br>Segundo o levantamento, entre as poss\u00edveis causas para isso est\u00e3o o aumento da preocupa\u00e7\u00e3o dos brasileiros com a economia \u2014 de 21% em julho para 24% em setembro \u2014 e com a corrup\u00e7\u00e3o \u2014 de 12% para 13%. A Quaest ouviu duas mil pessoas maiores de 16 anos nas quatro regi\u00f5es do pa\u00eds (Centro-Oeste e Norte s\u00e3o agregados) entre os dias 25 e 29 de setembro, com um n\u00edvel de confian\u00e7a de 95%.<\/p>\n\n\n\n<div class=\"wp-block-image\"><figure class=\"aligncenter size-large is-resized\"><a href=\"https:\/\/www.controlsystems.com.br\/\"><img loading=\"lazy\" decoding=\"async\" src=\"https:\/\/jornalfatosenoticias.com.br\/wp-content\/uploads\/2020\/02\/CONTROL-CS.jpg\" alt=\"\" class=\"wp-image-44991\" width=\"343\" height=\"411\" srcset=\"https:\/\/jornalfatosenoticias.com.br\/wp-content\/uploads\/2020\/02\/CONTROL-CS.jpg 834w, https:\/\/jornalfatosenoticias.com.br\/wp-content\/uploads\/2020\/02\/CONTROL-CS-250x300.jpg 250w, https:\/\/jornalfatosenoticias.com.br\/wp-content\/uploads\/2020\/02\/CONTROL-CS-768x921.jpg 768w\" sizes=\"auto, (max-width: 343px) 100vw, 343px\" \/><\/a><\/figure><\/div>\n\n\n\n<p>A maior desaprova\u00e7\u00e3o a Lula segue na regi\u00e3o Sudeste, em que passou de 48% em julho para 53% em setembro, enquanto que a aprova\u00e7\u00e3o caiu de 48% para 45%. O mesmo foi registrado no Centro-Oeste\/Norte, em que a desaprova\u00e7\u00e3o passou de 42% para 46% e a aprova\u00e7\u00e3o de 53% para 49%.<\/p>\n\n\n\n<div class=\"wp-block-image\"><figure class=\"aligncenter size-large\"><a href=\"http:\/\/www.ferrarimaquinas.com.br\/\"><img loading=\"lazy\" decoding=\"async\" width=\"300\" height=\"250\" src=\"https:\/\/jornalfatosenoticias.com.br\/wp-content\/uploads\/2022\/02\/FERRARI_MAQUINAS-E-FERRAMENTAS2.jpg\" alt=\"\" class=\"wp-image-27860\"\/><\/a><\/figure><\/div>\n\n\n\n<p>No Sul do pa\u00eds, a avalia\u00e7\u00e3o est\u00e1 empatada tecnicamente, em 53% de desaprova\u00e7\u00e3o e 42% de aprova\u00e7\u00e3o. Uma opini\u00e3o mais favor\u00e1vel ocorre apenas no Nordeste, onde Lula \u00e9 aprovado por 69% dos eleitores, enquanto que 26% desaprovam. Para o diretor da Quaest, Felipe Nunes, o terceiro governo de Lula n\u00e3o est\u00e1 conseguindo emplacar uma marca pr\u00f3pria e est\u00e1 vivendo de uma esp\u00e9cie de &#8220;recall&#8221;.<\/p>\n\n\n\n<div class=\"wp-block-image\"><figure class=\"aligncenter size-large is-resized\"><a href=\"https:\/\/www.instagram.com\/vmais.midias\/\"><img loading=\"lazy\" decoding=\"async\" src=\"https:\/\/jornalfatosenoticias.com.br\/wp-content\/uploads\/2020\/02\/DE-MAIS-DESTAQUE-VMAIS-800X700.png\" alt=\"\" class=\"wp-image-53112\" width=\"298\" height=\"260\" srcset=\"https:\/\/jornalfatosenoticias.com.br\/wp-content\/uploads\/2020\/02\/DE-MAIS-DESTAQUE-VMAIS-800X700.png 800w, https:\/\/jornalfatosenoticias.com.br\/wp-content\/uploads\/2020\/02\/DE-MAIS-DESTAQUE-VMAIS-800X700-300x263.png 300w, https:\/\/jornalfatosenoticias.com.br\/wp-content\/uploads\/2020\/02\/DE-MAIS-DESTAQUE-VMAIS-800X700-768x672.png 768w\" sizes=\"auto, (max-width: 298px) 100vw, 298px\" \/><\/a><\/figure><\/div>\n\n\n\n<blockquote class=\"wp-block-quote is-layout-flow wp-block-quote-is-layout-flow\"><p><span class=\"has-inline-color has-luminous-vivid-orange-color\">O governo n\u00e3o est\u00e1 conseguindo se diferenciar do governo anterior e com isso vai perdendo identidade. Se n\u00e3o fosse o Nordeste e os mais pobres, que votaram no Lula em 2022, a situa\u00e7\u00e3o seria pior. Ou seja, o que segura o governo \u00e9 seu recall, n\u00e3o a conquista do novo governo&#8221;, disse em entrevista \u00e0 GloboNews.<\/span><\/p><\/blockquote>\n\n\n\n<div class=\"wp-block-image\"><figure class=\"aligncenter size-large is-resized\"><a href=\"https:\/\/www.instagram.com\/serra4x4cambioautomatico\/\"><img loading=\"lazy\" decoding=\"async\" src=\"https:\/\/jornalfatosenoticias.com.br\/wp-content\/uploads\/2024\/08\/Serra-4x4-1-886x1024.jpg\" alt=\"\" class=\"wp-image-53632\" width=\"310\" height=\"358\" srcset=\"https:\/\/jornalfatosenoticias.com.br\/wp-content\/uploads\/2024\/08\/Serra-4x4-1-886x1024.jpg 886w, https:\/\/jornalfatosenoticias.com.br\/wp-content\/uploads\/2024\/08\/Serra-4x4-1-260x300.jpg 260w, https:\/\/jornalfatosenoticias.com.br\/wp-content\/uploads\/2024\/08\/Serra-4x4-1-768x888.jpg 768w, https:\/\/jornalfatosenoticias.com.br\/wp-content\/uploads\/2024\/08\/Serra-4x4-1.jpg 1181w\" sizes=\"auto, (max-width: 310px) 100vw, 310px\" \/><\/a><\/figure><\/div>\n\n\n\n<p><span class=\"has-inline-color has-black-color\"><strong>A avalia\u00e7\u00e3o positiva e negativa de Lula tamb\u00e9m varia de acordo com a renda familiar dos entrevistados:<\/strong><\/span><\/p>\n\n\n\n<ul class=\"wp-block-list\"><li>At\u00e9 2 sal\u00e1rios m\u00ednimos: 62% aprovam (eram 69% em julho) e 32% desaprovam (eram 26%);<\/li><li>De 2 a 5 sal\u00e1rios m\u00ednimos: 51% aprovam (eram 50%) e 46% desaprovam (eram 47%);<\/li><li>Acima de 5 sal\u00e1rios m\u00ednimos: 57% desaprovam (eram 54%) e 40% aprovam (eram 42%).<\/li><\/ul>\n\n\n\n<div class=\"wp-block-image\"><figure class=\"aligncenter size-large is-resized\"><a href=\"https:\/\/www.facebook.com\/vetor.vix\/\"><img loading=\"lazy\" decoding=\"async\" src=\"https:\/\/jornalfatosenoticias.com.br\/wp-content\/uploads\/2023\/09\/vetorvix1024_1.jpg\" alt=\"\" class=\"wp-image-44868\" width=\"535\" height=\"142\" srcset=\"https:\/\/jornalfatosenoticias.com.br\/wp-content\/uploads\/2023\/09\/vetorvix1024_1.jpg 1024w, https:\/\/jornalfatosenoticias.com.br\/wp-content\/uploads\/2023\/09\/vetorvix1024_1-300x80.jpg 300w, https:\/\/jornalfatosenoticias.com.br\/wp-content\/uploads\/2023\/09\/vetorvix1024_1-768x205.jpg 768w\" sizes=\"auto, (max-width: 535px) 100vw, 535px\" \/><\/a><\/figure><\/div>\n\n\n\n<p>Os n\u00fameros apurados pela Quaest tamb\u00e9m apontam um aumento da reprova\u00e7\u00e3o entre os dois maiores grupos religiosos do pa\u00eds: os cat\u00f3licos, que tinham uma alta aprova\u00e7\u00e3o, e os evang\u00e9licos, que j\u00e1 indicavam uma reprova\u00e7\u00e3o desde o in\u00edcio deste terceiro mandato lulista.<\/p>\n\n\n\n<div class=\"wp-block-image\"><figure class=\"aligncenter size-large\"><a href=\"https:\/\/cesconetto.com.br\/\"><img loading=\"lazy\" decoding=\"async\" width=\"300\" height=\"250\" src=\"https:\/\/jornalfatosenoticias.com.br\/wp-content\/uploads\/2020\/02\/Banner-2.png\" alt=\"\" class=\"wp-image-43787\"\/><\/a><\/figure><\/div>\n\n\n\n<p>A desaprova\u00e7\u00e3o entre os evang\u00e9licos subiu de 52% em julho para 55% em setembro, enquanto que, entre os cat\u00f3licos, disparou de 37% para 42%. A aprova\u00e7\u00e3o \u00e9 de 41% e 54%, respectivamente. Entre os outros pontos de preocupa\u00e7\u00e3o dos brasileiros \u2014 e que influenciam na avalia\u00e7\u00e3o de Lula \u2014 tiveram uma leve queda a viol\u00eancia (de 19% para 17%), as quest\u00f5es sociais (de 18% para 16%), a sa\u00fade (de 15% para 12%) e a educa\u00e7\u00e3o (de 8% para7%).<\/p>\n\n\n\n<div class=\"wp-block-image\"><figure class=\"aligncenter size-large is-resized\"><a href=\"https:\/\/panper.com.br\/\"><img loading=\"lazy\" decoding=\"async\" src=\"https:\/\/jornalfatosenoticias.com.br\/wp-content\/uploads\/2023\/03\/logo-Panper_portal.jpg\" alt=\"\" class=\"wp-image-40208\" width=\"302\" height=\"209\" srcset=\"https:\/\/jornalfatosenoticias.com.br\/wp-content\/uploads\/2023\/03\/logo-Panper_portal.jpg 400w, https:\/\/jornalfatosenoticias.com.br\/wp-content\/uploads\/2023\/03\/logo-Panper_portal-300x208.jpg 300w\" sizes=\"auto, (max-width: 302px) 100vw, 302px\" \/><\/a><\/figure><\/div>\n\n\n\n<p>Na avalia\u00e7\u00e3o geral do governo Lula 3, os entrevistados tamb\u00e9m se mostraram mais pessimistas, com um aumento de 30% para 33% de regular, de 30% para 31% de negativa, e redu\u00e7\u00e3o de 36% para 32% de negativa. <strong>Tamb\u00e9m se mostraram mais pessimistas na compara\u00e7\u00e3o com o governo do ex-presidente Jair Bolsonaro (PL):<\/strong><\/p>\n\n\n\n<ul class=\"wp-block-list\"><li>Igual: 22% (eram 8% em julho)<\/li><li>Melhor: 38% (eram 51%);<\/li><li>Pior: 33% (eram 36%).<\/li><\/ul>\n\n\n\n<div class=\"wp-block-image\"><figure class=\"aligncenter size-large is-resized\"><a href=\"https:\/\/hotelmarquetti.com.br\/\"><img loading=\"lazy\" decoding=\"async\" src=\"https:\/\/jornalfatosenoticias.com.br\/wp-content\/uploads\/2023\/03\/nova-logo-Marquetti.jpg\" alt=\"\" class=\"wp-image-40207\" width=\"334\" height=\"224\" srcset=\"https:\/\/jornalfatosenoticias.com.br\/wp-content\/uploads\/2023\/03\/nova-logo-Marquetti.jpg 643w, https:\/\/jornalfatosenoticias.com.br\/wp-content\/uploads\/2023\/03\/nova-logo-Marquetti-300x202.jpg 300w\" sizes=\"auto, (max-width: 334px) 100vw, 334px\" \/><\/a><\/figure><\/div>\n\n\n\n<p>As maiores reprova\u00e7\u00f5es a Lula tamb\u00e9m est\u00e3o entre os brasileiros com ensino superior incompleto ou mais (59%) e brancos (55%). J\u00e1 a aprova\u00e7\u00e3o \u00e9 maior entre as pessoas com ensino fundamental (62%), pardos (60%) e pretos (59). Entre os que t\u00eam o ensino m\u00e9dio completo ou incompleto, a varia\u00e7\u00e3o \u00e9 estreita \u2014 50% de aprova\u00e7\u00e3o e 46% de desaprova\u00e7\u00e3o.<\/p>\n\n\n\n<div class=\"wp-block-image\"><figure class=\"aligncenter size-large is-resized\"><a href=\"https:\/\/www.ithbrasil.com.br\/\"><img loading=\"lazy\" decoding=\"async\" src=\"https:\/\/jornalfatosenoticias.com.br\/wp-content\/uploads\/2023\/08\/ITH.jpeg\" alt=\"\" class=\"wp-image-44638\" width=\"293\" height=\"238\" srcset=\"https:\/\/jornalfatosenoticias.com.br\/wp-content\/uploads\/2023\/08\/ITH.jpeg 800w, https:\/\/jornalfatosenoticias.com.br\/wp-content\/uploads\/2023\/08\/ITH-300x244.jpeg 300w, https:\/\/jornalfatosenoticias.com.br\/wp-content\/uploads\/2023\/08\/ITH-768x624.jpeg 768w\" sizes=\"auto, (max-width: 293px) 100vw, 293px\" \/><\/a><\/figure><\/div>\n\n\n\n<p>J\u00e1 na quest\u00e3o da idade, a nova rodada da Quaest mostra um aumento da dist\u00e2ncia entre a aprova\u00e7\u00e3o e a desaprova\u00e7\u00e3o entre os jovens de 16 a 34 anos (53% e 43% respectivamente), e uma aprova\u00e7\u00e3o entre os brasileiros acima de 35 anos (51% a 45%) e acima dos 60 anos (49% e 48%).<\/p>\n\n\n\n<div class=\"wp-block-image\"><figure class=\"aligncenter size-large is-resized\"><a href=\"https:\/\/www.legisjuris.com.br\/\"><img loading=\"lazy\" decoding=\"async\" src=\"https:\/\/jornalfatosenoticias.com.br\/wp-content\/uploads\/2024\/09\/Legis-Juris-Consultoria_logo.jpg\" alt=\"\" class=\"wp-image-53915\" width=\"432\" height=\"181\" srcset=\"https:\/\/jornalfatosenoticias.com.br\/wp-content\/uploads\/2024\/09\/Legis-Juris-Consultoria_logo.jpg 969w, https:\/\/jornalfatosenoticias.com.br\/wp-content\/uploads\/2024\/09\/Legis-Juris-Consultoria_logo-300x126.jpg 300w, https:\/\/jornalfatosenoticias.com.br\/wp-content\/uploads\/2024\/09\/Legis-Juris-Consultoria_logo-768x322.jpg 768w\" sizes=\"auto, (max-width: 432px) 100vw, 432px\" \/><\/a><\/figure><\/div>\n\n\n\n<p><strong><em>Fonte: <a href=\"https:\/\/www.gazetadopovo.com.br\/republica\/desaprovacao-lula-aumenta-preocupacao-economia-corrupcao\/\">Gazeta do Povo<\/a><\/em><\/strong><\/p>\n","protected":false},"excerpt":{"rendered":"<p>Avalia\u00e7\u00e3o negativa de Lula passou de 43% em julho para 45% em setembro, enquanto que aprova\u00e7\u00e3o caiu para 51% Por Guilherme Grandi A desaprova\u00e7\u00e3o ao de Luiz In\u00e1cio Lula da Silva (PT) subiu de 43% em julho para 45% em setembro de acordo com a nova rodada da pesquisa Quaest de avalia\u00e7\u00e3o divulgada nesta quarta [&hellip;]<\/p>\n","protected":false},"author":2,"featured_media":54645,"comment_status":"open","ping_status":"open","sticky":false,"template":"","format":"standard","meta":{"footnotes":""},"categories":[5],"tags":[2129,7580,24906],"class_list":["post-54644","post","type-post","status-publish","format-standard","has-post-thumbnail","hentry","category-geral","tag-corrupcao","tag-lula","tag-quaest"],"yoast_head":"<!-- This site is optimized with the Yoast SEO plugin v26.5 - https:\/\/yoast.com\/wordpress\/plugins\/seo\/ -->\n<title>Desaprova\u00e7\u00e3o a Lula aumenta puxada por preocupa\u00e7\u00e3o com economia e corrup\u00e7\u00e3o - Jornal Fatos e Not\u00edcias<\/title>\n<meta name=\"robots\" content=\"index, follow, max-snippet:-1, max-image-preview:large, max-video-preview:-1\" \/>\n<link rel=\"canonical\" href=\"https:\/\/jornalfatosenoticias.com.br\/index.php\/2024\/10\/02\/desaprovacao-a-lula-aumenta-puxada-por-preocupacao-com-economia-e-corrupcao\/\" \/>\n<meta property=\"og:locale\" content=\"pt_BR\" \/>\n<meta property=\"og:type\" content=\"article\" \/>\n<meta property=\"og:title\" content=\"Desaprova\u00e7\u00e3o a Lula aumenta puxada por preocupa\u00e7\u00e3o com economia e corrup\u00e7\u00e3o - Jornal Fatos e Not\u00edcias\" \/>\n<meta property=\"og:description\" content=\"Avalia\u00e7\u00e3o negativa de Lula passou de 43% em julho para 45% em setembro, enquanto que aprova\u00e7\u00e3o caiu para 51% Por Guilherme Grandi A desaprova\u00e7\u00e3o ao de Luiz In\u00e1cio Lula da Silva (PT) subiu de 43% em julho para 45% em setembro de acordo com a nova rodada da pesquisa Quaest de avalia\u00e7\u00e3o divulgada nesta quarta [&hellip;]\" \/>\n<meta property=\"og:url\" content=\"https:\/\/jornalfatosenoticias.com.br\/index.php\/2024\/10\/02\/desaprovacao-a-lula-aumenta-puxada-por-preocupacao-com-economia-e-corrupcao\/\" \/>\n<meta property=\"og:site_name\" content=\"Jornal Fatos e Not\u00edcias\" \/>\n<meta property=\"article:published_time\" content=\"2024-10-02T18:12:21+00:00\" \/>\n<meta property=\"article:modified_time\" content=\"2024-10-02T18:12:23+00:00\" \/>\n<meta property=\"og:image\" content=\"https:\/\/jornalfatosenoticias.com.br\/wp-content\/uploads\/2024\/10\/lulac0rrupt0.jpg\" \/>\n\t<meta property=\"og:image:width\" content=\"960\" \/>\n\t<meta property=\"og:image:height\" content=\"540\" \/>\n\t<meta property=\"og:image:type\" content=\"image\/jpeg\" \/>\n<meta name=\"author\" content=\"Luzimara Fernandes\" \/>\n<meta name=\"twitter:card\" content=\"summary_large_image\" \/>\n<meta name=\"twitter:label1\" content=\"Escrito por\" \/>\n\t<meta name=\"twitter:data1\" content=\"Luzimara Fernandes\" \/>\n\t<meta name=\"twitter:label2\" content=\"Est. tempo de leitura\" \/>\n\t<meta name=\"twitter:data2\" content=\"3 minutos\" \/>\n<script type=\"application\/ld+json\" class=\"yoast-schema-graph\">{\"@context\":\"https:\/\/schema.org\",\"@graph\":[{\"@type\":\"Article\",\"@id\":\"https:\/\/jornalfatosenoticias.com.br\/index.php\/2024\/10\/02\/desaprovacao-a-lula-aumenta-puxada-por-preocupacao-com-economia-e-corrupcao\/#article\",\"isPartOf\":{\"@id\":\"https:\/\/jornalfatosenoticias.com.br\/index.php\/2024\/10\/02\/desaprovacao-a-lula-aumenta-puxada-por-preocupacao-com-economia-e-corrupcao\/\"},\"author\":{\"name\":\"Luzimara Fernandes\",\"@id\":\"https:\/\/jornalfatosenoticias.com.br\/#\/schema\/person\/d63837fa13ac8666eb9e74e0985d6f81\"},\"headline\":\"Desaprova\u00e7\u00e3o a Lula aumenta puxada por preocupa\u00e7\u00e3o com economia e corrup\u00e7\u00e3o\",\"datePublished\":\"2024-10-02T18:12:21+00:00\",\"dateModified\":\"2024-10-02T18:12:23+00:00\",\"mainEntityOfPage\":{\"@id\":\"https:\/\/jornalfatosenoticias.com.br\/index.php\/2024\/10\/02\/desaprovacao-a-lula-aumenta-puxada-por-preocupacao-com-economia-e-corrupcao\/\"},\"wordCount\":683,\"commentCount\":0,\"publisher\":{\"@id\":\"https:\/\/jornalfatosenoticias.com.br\/#organization\"},\"image\":{\"@id\":\"https:\/\/jornalfatosenoticias.com.br\/index.php\/2024\/10\/02\/desaprovacao-a-lula-aumenta-puxada-por-preocupacao-com-economia-e-corrupcao\/#primaryimage\"},\"thumbnailUrl\":\"https:\/\/jornalfatosenoticias.com.br\/wp-content\/uploads\/2024\/10\/lulac0rrupt0.jpg\",\"keywords\":[\"corrup\u00e7\u00e3o\",\"Lula\",\"Quaest\"],\"articleSection\":[\"Geral\"],\"inLanguage\":\"pt-BR\",\"potentialAction\":[{\"@type\":\"CommentAction\",\"name\":\"Comment\",\"target\":[\"https:\/\/jornalfatosenoticias.com.br\/index.php\/2024\/10\/02\/desaprovacao-a-lula-aumenta-puxada-por-preocupacao-com-economia-e-corrupcao\/#respond\"]}]},{\"@type\":\"WebPage\",\"@id\":\"https:\/\/jornalfatosenoticias.com.br\/index.php\/2024\/10\/02\/desaprovacao-a-lula-aumenta-puxada-por-preocupacao-com-economia-e-corrupcao\/\",\"url\":\"https:\/\/jornalfatosenoticias.com.br\/index.php\/2024\/10\/02\/desaprovacao-a-lula-aumenta-puxada-por-preocupacao-com-economia-e-corrupcao\/\",\"name\":\"Desaprova\u00e7\u00e3o a Lula aumenta puxada por preocupa\u00e7\u00e3o com economia e corrup\u00e7\u00e3o - Jornal Fatos e Not\u00edcias\",\"isPartOf\":{\"@id\":\"https:\/\/jornalfatosenoticias.com.br\/#website\"},\"primaryImageOfPage\":{\"@id\":\"https:\/\/jornalfatosenoticias.com.br\/index.php\/2024\/10\/02\/desaprovacao-a-lula-aumenta-puxada-por-preocupacao-com-economia-e-corrupcao\/#primaryimage\"},\"image\":{\"@id\":\"https:\/\/jornalfatosenoticias.com.br\/index.php\/2024\/10\/02\/desaprovacao-a-lula-aumenta-puxada-por-preocupacao-com-economia-e-corrupcao\/#primaryimage\"},\"thumbnailUrl\":\"https:\/\/jornalfatosenoticias.com.br\/wp-content\/uploads\/2024\/10\/lulac0rrupt0.jpg\",\"datePublished\":\"2024-10-02T18:12:21+00:00\",\"dateModified\":\"2024-10-02T18:12:23+00:00\",\"breadcrumb\":{\"@id\":\"https:\/\/jornalfatosenoticias.com.br\/index.php\/2024\/10\/02\/desaprovacao-a-lula-aumenta-puxada-por-preocupacao-com-economia-e-corrupcao\/#breadcrumb\"},\"inLanguage\":\"pt-BR\",\"potentialAction\":[{\"@type\":\"ReadAction\",\"target\":[\"https:\/\/jornalfatosenoticias.com.br\/index.php\/2024\/10\/02\/desaprovacao-a-lula-aumenta-puxada-por-preocupacao-com-economia-e-corrupcao\/\"]}]},{\"@type\":\"ImageObject\",\"inLanguage\":\"pt-BR\",\"@id\":\"https:\/\/jornalfatosenoticias.com.br\/index.php\/2024\/10\/02\/desaprovacao-a-lula-aumenta-puxada-por-preocupacao-com-economia-e-corrupcao\/#primaryimage\",\"url\":\"https:\/\/jornalfatosenoticias.com.br\/wp-content\/uploads\/2024\/10\/lulac0rrupt0.jpg\",\"contentUrl\":\"https:\/\/jornalfatosenoticias.com.br\/wp-content\/uploads\/2024\/10\/lulac0rrupt0.jpg\",\"width\":960,\"height\":540},{\"@type\":\"BreadcrumbList\",\"@id\":\"https:\/\/jornalfatosenoticias.com.br\/index.php\/2024\/10\/02\/desaprovacao-a-lula-aumenta-puxada-por-preocupacao-com-economia-e-corrupcao\/#breadcrumb\",\"itemListElement\":[{\"@type\":\"ListItem\",\"position\":1,\"name\":\"In\u00edcio\",\"item\":\"https:\/\/jornalfatosenoticias.com.br\/\"},{\"@type\":\"ListItem\",\"position\":2,\"name\":\"Desaprova\u00e7\u00e3o a Lula aumenta puxada por preocupa\u00e7\u00e3o com economia e corrup\u00e7\u00e3o\"}]},{\"@type\":\"WebSite\",\"@id\":\"https:\/\/jornalfatosenoticias.com.br\/#website\",\"url\":\"https:\/\/jornalfatosenoticias.com.br\/\",\"name\":\"Jornal Fatos e Not\u00edcias\",\"description\":\"Not\u00edcias em geral\",\"publisher\":{\"@id\":\"https:\/\/jornalfatosenoticias.com.br\/#organization\"},\"potentialAction\":[{\"@type\":\"SearchAction\",\"target\":{\"@type\":\"EntryPoint\",\"urlTemplate\":\"https:\/\/jornalfatosenoticias.com.br\/?s={search_term_string}\"},\"query-input\":{\"@type\":\"PropertyValueSpecification\",\"valueRequired\":true,\"valueName\":\"search_term_string\"}}],\"inLanguage\":\"pt-BR\"},{\"@type\":\"Organization\",\"@id\":\"https:\/\/jornalfatosenoticias.com.br\/#organization\",\"name\":\"Jornal Fatos e Not\u00edcias\",\"url\":\"https:\/\/jornalfatosenoticias.com.br\/\",\"logo\":{\"@type\":\"ImageObject\",\"inLanguage\":\"pt-BR\",\"@id\":\"https:\/\/jornalfatosenoticias.com.br\/#\/schema\/logo\/image\/\",\"url\":\"https:\/\/jornalfatosenoticias.com.br\/wp-content\/uploads\/2020\/02\/logo120.png\",\"contentUrl\":\"https:\/\/jornalfatosenoticias.com.br\/wp-content\/uploads\/2020\/02\/logo120.png\",\"width\":1227,\"height\":120,\"caption\":\"Jornal Fatos e Not\u00edcias\"},\"image\":{\"@id\":\"https:\/\/jornalfatosenoticias.com.br\/#\/schema\/logo\/image\/\"}},{\"@type\":\"Person\",\"@id\":\"https:\/\/jornalfatosenoticias.com.br\/#\/schema\/person\/d63837fa13ac8666eb9e74e0985d6f81\",\"name\":\"Luzimara Fernandes\",\"image\":{\"@type\":\"ImageObject\",\"inLanguage\":\"pt-BR\",\"@id\":\"https:\/\/jornalfatosenoticias.com.br\/#\/schema\/person\/image\/\",\"url\":\"https:\/\/jornalfatosenoticias.com.br\/wp-content\/uploads\/2025\/05\/EU_portal.jpg\",\"contentUrl\":\"https:\/\/jornalfatosenoticias.com.br\/wp-content\/uploads\/2025\/05\/EU_portal.jpg\",\"caption\":\"Luzimara Fernandes\"},\"description\":\"Jornalista MTB 2358-ES\",\"sameAs\":[\"https:\/\/jornalfatosenoticias.com.br\"],\"url\":\"https:\/\/jornalfatosenoticias.com.br\/index.php\/author\/luzimara\/\"}]}<\/script>\n<!-- \/ Yoast SEO plugin. -->","yoast_head_json":{"title":"Desaprova\u00e7\u00e3o a Lula aumenta puxada por preocupa\u00e7\u00e3o com economia e corrup\u00e7\u00e3o - Jornal Fatos e Not\u00edcias","robots":{"index":"index","follow":"follow","max-snippet":"max-snippet:-1","max-image-preview":"max-image-preview:large","max-video-preview":"max-video-preview:-1"},"canonical":"https:\/\/jornalfatosenoticias.com.br\/index.php\/2024\/10\/02\/desaprovacao-a-lula-aumenta-puxada-por-preocupacao-com-economia-e-corrupcao\/","og_locale":"pt_BR","og_type":"article","og_title":"Desaprova\u00e7\u00e3o a Lula aumenta puxada por preocupa\u00e7\u00e3o com economia e corrup\u00e7\u00e3o - Jornal Fatos e Not\u00edcias","og_description":"Avalia\u00e7\u00e3o negativa de Lula passou de 43% em julho para 45% em setembro, enquanto que aprova\u00e7\u00e3o caiu para 51% Por Guilherme Grandi A desaprova\u00e7\u00e3o ao de Luiz In\u00e1cio Lula da Silva (PT) subiu de 43% em julho para 45% em setembro de acordo com a nova rodada da pesquisa Quaest de avalia\u00e7\u00e3o divulgada nesta quarta [&hellip;]","og_url":"https:\/\/jornalfatosenoticias.com.br\/index.php\/2024\/10\/02\/desaprovacao-a-lula-aumenta-puxada-por-preocupacao-com-economia-e-corrupcao\/","og_site_name":"Jornal Fatos e Not\u00edcias","article_published_time":"2024-10-02T18:12:21+00:00","article_modified_time":"2024-10-02T18:12:23+00:00","og_image":[{"width":960,"height":540,"url":"https:\/\/jornalfatosenoticias.com.br\/wp-content\/uploads\/2024\/10\/lulac0rrupt0.jpg","type":"image\/jpeg"}],"author":"Luzimara Fernandes","twitter_card":"summary_large_image","twitter_misc":{"Escrito por":"Luzimara Fernandes","Est. tempo de leitura":"3 minutos"},"schema":{"@context":"https:\/\/schema.org","@graph":[{"@type":"Article","@id":"https:\/\/jornalfatosenoticias.com.br\/index.php\/2024\/10\/02\/desaprovacao-a-lula-aumenta-puxada-por-preocupacao-com-economia-e-corrupcao\/#article","isPartOf":{"@id":"https:\/\/jornalfatosenoticias.com.br\/index.php\/2024\/10\/02\/desaprovacao-a-lula-aumenta-puxada-por-preocupacao-com-economia-e-corrupcao\/"},"author":{"name":"Luzimara Fernandes","@id":"https:\/\/jornalfatosenoticias.com.br\/#\/schema\/person\/d63837fa13ac8666eb9e74e0985d6f81"},"headline":"Desaprova\u00e7\u00e3o a Lula aumenta puxada por preocupa\u00e7\u00e3o com economia e corrup\u00e7\u00e3o","datePublished":"2024-10-02T18:12:21+00:00","dateModified":"2024-10-02T18:12:23+00:00","mainEntityOfPage":{"@id":"https:\/\/jornalfatosenoticias.com.br\/index.php\/2024\/10\/02\/desaprovacao-a-lula-aumenta-puxada-por-preocupacao-com-economia-e-corrupcao\/"},"wordCount":683,"commentCount":0,"publisher":{"@id":"https:\/\/jornalfatosenoticias.com.br\/#organization"},"image":{"@id":"https:\/\/jornalfatosenoticias.com.br\/index.php\/2024\/10\/02\/desaprovacao-a-lula-aumenta-puxada-por-preocupacao-com-economia-e-corrupcao\/#primaryimage"},"thumbnailUrl":"https:\/\/jornalfatosenoticias.com.br\/wp-content\/uploads\/2024\/10\/lulac0rrupt0.jpg","keywords":["corrup\u00e7\u00e3o","Lula","Quaest"],"articleSection":["Geral"],"inLanguage":"pt-BR","potentialAction":[{"@type":"CommentAction","name":"Comment","target":["https:\/\/jornalfatosenoticias.com.br\/index.php\/2024\/10\/02\/desaprovacao-a-lula-aumenta-puxada-por-preocupacao-com-economia-e-corrupcao\/#respond"]}]},{"@type":"WebPage","@id":"https:\/\/jornalfatosenoticias.com.br\/index.php\/2024\/10\/02\/desaprovacao-a-lula-aumenta-puxada-por-preocupacao-com-economia-e-corrupcao\/","url":"https:\/\/jornalfatosenoticias.com.br\/index.php\/2024\/10\/02\/desaprovacao-a-lula-aumenta-puxada-por-preocupacao-com-economia-e-corrupcao\/","name":"Desaprova\u00e7\u00e3o a Lula aumenta puxada por preocupa\u00e7\u00e3o com economia e corrup\u00e7\u00e3o - Jornal Fatos e Not\u00edcias","isPartOf":{"@id":"https:\/\/jornalfatosenoticias.com.br\/#website"},"primaryImageOfPage":{"@id":"https:\/\/jornalfatosenoticias.com.br\/index.php\/2024\/10\/02\/desaprovacao-a-lula-aumenta-puxada-por-preocupacao-com-economia-e-corrupcao\/#primaryimage"},"image":{"@id":"https:\/\/jornalfatosenoticias.com.br\/index.php\/2024\/10\/02\/desaprovacao-a-lula-aumenta-puxada-por-preocupacao-com-economia-e-corrupcao\/#primaryimage"},"thumbnailUrl":"https:\/\/jornalfatosenoticias.com.br\/wp-content\/uploads\/2024\/10\/lulac0rrupt0.jpg","datePublished":"2024-10-02T18:12:21+00:00","dateModified":"2024-10-02T18:12:23+00:00","breadcrumb":{"@id":"https:\/\/jornalfatosenoticias.com.br\/index.php\/2024\/10\/02\/desaprovacao-a-lula-aumenta-puxada-por-preocupacao-com-economia-e-corrupcao\/#breadcrumb"},"inLanguage":"pt-BR","potentialAction":[{"@type":"ReadAction","target":["https:\/\/jornalfatosenoticias.com.br\/index.php\/2024\/10\/02\/desaprovacao-a-lula-aumenta-puxada-por-preocupacao-com-economia-e-corrupcao\/"]}]},{"@type":"ImageObject","inLanguage":"pt-BR","@id":"https:\/\/jornalfatosenoticias.com.br\/index.php\/2024\/10\/02\/desaprovacao-a-lula-aumenta-puxada-por-preocupacao-com-economia-e-corrupcao\/#primaryimage","url":"https:\/\/jornalfatosenoticias.com.br\/wp-content\/uploads\/2024\/10\/lulac0rrupt0.jpg","contentUrl":"https:\/\/jornalfatosenoticias.com.br\/wp-content\/uploads\/2024\/10\/lulac0rrupt0.jpg","width":960,"height":540},{"@type":"BreadcrumbList","@id":"https:\/\/jornalfatosenoticias.com.br\/index.php\/2024\/10\/02\/desaprovacao-a-lula-aumenta-puxada-por-preocupacao-com-economia-e-corrupcao\/#breadcrumb","itemListElement":[{"@type":"ListItem","position":1,"name":"In\u00edcio","item":"https:\/\/jornalfatosenoticias.com.br\/"},{"@type":"ListItem","position":2,"name":"Desaprova\u00e7\u00e3o a Lula aumenta puxada por preocupa\u00e7\u00e3o com economia e corrup\u00e7\u00e3o"}]},{"@type":"WebSite","@id":"https:\/\/jornalfatosenoticias.com.br\/#website","url":"https:\/\/jornalfatosenoticias.com.br\/","name":"Jornal Fatos e Not\u00edcias","description":"Not\u00edcias em geral","publisher":{"@id":"https:\/\/jornalfatosenoticias.com.br\/#organization"},"potentialAction":[{"@type":"SearchAction","target":{"@type":"EntryPoint","urlTemplate":"https:\/\/jornalfatosenoticias.com.br\/?s={search_term_string}"},"query-input":{"@type":"PropertyValueSpecification","valueRequired":true,"valueName":"search_term_string"}}],"inLanguage":"pt-BR"},{"@type":"Organization","@id":"https:\/\/jornalfatosenoticias.com.br\/#organization","name":"Jornal Fatos e Not\u00edcias","url":"https:\/\/jornalfatosenoticias.com.br\/","logo":{"@type":"ImageObject","inLanguage":"pt-BR","@id":"https:\/\/jornalfatosenoticias.com.br\/#\/schema\/logo\/image\/","url":"https:\/\/jornalfatosenoticias.com.br\/wp-content\/uploads\/2020\/02\/logo120.png","contentUrl":"https:\/\/jornalfatosenoticias.com.br\/wp-content\/uploads\/2020\/02\/logo120.png","width":1227,"height":120,"caption":"Jornal Fatos e Not\u00edcias"},"image":{"@id":"https:\/\/jornalfatosenoticias.com.br\/#\/schema\/logo\/image\/"}},{"@type":"Person","@id":"https:\/\/jornalfatosenoticias.com.br\/#\/schema\/person\/d63837fa13ac8666eb9e74e0985d6f81","name":"Luzimara Fernandes","image":{"@type":"ImageObject","inLanguage":"pt-BR","@id":"https:\/\/jornalfatosenoticias.com.br\/#\/schema\/person\/image\/","url":"https:\/\/jornalfatosenoticias.com.br\/wp-content\/uploads\/2025\/05\/EU_portal.jpg","contentUrl":"https:\/\/jornalfatosenoticias.com.br\/wp-content\/uploads\/2025\/05\/EU_portal.jpg","caption":"Luzimara Fernandes"},"description":"Jornalista MTB 2358-ES","sameAs":["https:\/\/jornalfatosenoticias.com.br"],"url":"https:\/\/jornalfatosenoticias.com.br\/index.php\/author\/luzimara\/"}]}},"cc_featured_image_caption":{"caption_text":"(Foto: Reprodu\u00e7\u00e3o\/Canal Gov) ","source_text":"","source_url":""},"jetpack_featured_media_url":"https:\/\/jornalfatosenoticias.com.br\/wp-content\/uploads\/2024\/10\/lulac0rrupt0.jpg","_links":{"self":[{"href":"https:\/\/jornalfatosenoticias.com.br\/index.php\/wp-json\/wp\/v2\/posts\/54644","targetHints":{"allow":["GET"]}}],"collection":[{"href":"https:\/\/jornalfatosenoticias.com.br\/index.php\/wp-json\/wp\/v2\/posts"}],"about":[{"href":"https:\/\/jornalfatosenoticias.com.br\/index.php\/wp-json\/wp\/v2\/types\/post"}],"author":[{"embeddable":true,"href":"https:\/\/jornalfatosenoticias.com.br\/index.php\/wp-json\/wp\/v2\/users\/2"}],"replies":[{"embeddable":true,"href":"https:\/\/jornalfatosenoticias.com.br\/index.php\/wp-json\/wp\/v2\/comments?post=54644"}],"version-history":[{"count":0,"href":"https:\/\/jornalfatosenoticias.com.br\/index.php\/wp-json\/wp\/v2\/posts\/54644\/revisions"}],"wp:featuredmedia":[{"embeddable":true,"href":"https:\/\/jornalfatosenoticias.com.br\/index.php\/wp-json\/wp\/v2\/media\/54645"}],"wp:attachment":[{"href":"https:\/\/jornalfatosenoticias.com.br\/index.php\/wp-json\/wp\/v2\/media?parent=54644"}],"wp:term":[{"taxonomy":"category","embeddable":true,"href":"https:\/\/jornalfatosenoticias.com.br\/index.php\/wp-json\/wp\/v2\/categories?post=54644"},{"taxonomy":"post_tag","embeddable":true,"href":"https:\/\/jornalfatosenoticias.com.br\/index.php\/wp-json\/wp\/v2\/tags?post=54644"}],"curies":[{"name":"wp","href":"https:\/\/api.w.org\/{rel}","templated":true}]}}