{"id":54651,"date":"2024-10-03T18:08:39","date_gmt":"2024-10-03T21:08:39","guid":{"rendered":"https:\/\/jornalfatosenoticias.com.br\/?p=54651"},"modified":"2024-10-03T18:08:40","modified_gmt":"2024-10-03T21:08:40","slug":"a-semana-no-brasil-e-no-mundo-ministros-do-stf-acreditam-que-moraes-pode-manter-bloqueio-do-x-ate-o-primeiro-turno-das-eleicoes","status":"publish","type":"post","link":"https:\/\/jornalfatosenoticias.com.br\/index.php\/2024\/10\/03\/a-semana-no-brasil-e-no-mundo-ministros-do-stf-acreditam-que-moraes-pode-manter-bloqueio-do-x-ate-o-primeiro-turno-das-eleicoes\/","title":{"rendered":"A Semana no Brasil e no Mundo \u2014 Ministros do STF acreditam que Moraes pode manter bloqueio do X at\u00e9 o primeiro turno das elei\u00e7\u00f5es"},"content":{"rendered":"\n<div class=\"wp-block-image\"><figure class=\"aligncenter size-large\"><a href=\"https:\/\/mizu.com.br\/\"><img loading=\"lazy\" decoding=\"async\" width=\"729\" height=\"90\" src=\"https:\/\/jornalfatosenoticias.com.br\/wp-content\/uploads\/2020\/02\/Logo_Mizu.png\" alt=\"\" class=\"wp-image-1441\" srcset=\"https:\/\/jornalfatosenoticias.com.br\/wp-content\/uploads\/2020\/02\/Logo_Mizu.png 729w, https:\/\/jornalfatosenoticias.com.br\/wp-content\/uploads\/2020\/02\/Logo_Mizu-300x37.png 300w\" sizes=\"auto, (max-width: 729px) 100vw, 729px\" \/><\/a><\/figure><\/div>\n\n\n\n<p>Elon Musk j\u00e1 ordenou o pagamento das multas impostas pelo magistrado<br>Nos bastidores do Supremo Tribunal Federal (STF), cresce a expectativa de que o ministro Alexandre de Moraes pode optar por manter o bloqueio da plataforma X, de Elon Musk, mesmo que a empresa quite as multas impostas por descumprimento de decis\u00e3o judicial, a informa\u00e7\u00e3o \u00e9 do site O Antagonista. A multa, que totaliza R$ 28,6 milh\u00f5es, deve ser paga at\u00e9 esta quinta-feira (3), mas ministros avaliam que Moraes pode aguardar o desfecho do primeiro turno das elei\u00e7\u00f5es municipais, marcado para domingo (6) antes de liberar o funcionamento pleno da rede social no Brasil.<br>A decis\u00e3o de Moraes sobre a plataforma, anteriormente conhecida como Twitter, \u00e9 vista como uma \u2018medida estrat\u00e9gica\u2019, principalmente por seu papel na dissemina\u00e7\u00e3o de informa\u00e7\u00f5es durante o per\u00edodo eleitoral. Embora a plataforma j\u00e1 tenha atendido a outras exig\u00eancias impostas pelo ministro, como a nomea\u00e7\u00e3o de um representante legal no pa\u00eds e o bloqueio de perfis considerados antidemocr\u00e1ticos, o pagamento das multas pode n\u00e3o ser suficiente para garantir a libera\u00e7\u00e3o imediata.<\/p>\n\n\n\n<div class=\"wp-block-image\"><figure class=\"aligncenter size-large\"><a href=\"http:\/\/www.ferrarimaquinas.com.br\/\"><img loading=\"lazy\" decoding=\"async\" width=\"300\" height=\"250\" src=\"https:\/\/jornalfatosenoticias.com.br\/wp-content\/uploads\/2022\/02\/FERRARI_MAQUINAS-E-FERRAMENTAS2.jpg\" alt=\"\" class=\"wp-image-27860\"\/><\/a><\/figure><\/div>\n\n\n\n<p>Fontes pr\u00f3ximas ao STF indicam que Moraes deseja assegurar um ambiente eleitoral controlado, livre de influ\u00eancias digitais que possam interferir no pleito. \u201cMesmo com a quita\u00e7\u00e3o das multas, \u00e9 poss\u00edvel que Moraes espere passar o primeiro turno das elei\u00e7\u00f5es antes de tomar qualquer decis\u00e3o definitiva\u201d, comentou uma fonte ligada ao tribunal.<\/p>\n\n\n\n<div class=\"wp-block-image\"><figure class=\"aligncenter size-large is-resized\"><a href=\"https:\/\/www.legisjuris.com.br\/\"><img loading=\"lazy\" decoding=\"async\" src=\"https:\/\/jornalfatosenoticias.com.br\/wp-content\/uploads\/2024\/09\/Legis-Juris-Consultoria_logo.jpg\" alt=\"\" class=\"wp-image-53915\" width=\"456\" height=\"191\" srcset=\"https:\/\/jornalfatosenoticias.com.br\/wp-content\/uploads\/2024\/09\/Legis-Juris-Consultoria_logo.jpg 969w, https:\/\/jornalfatosenoticias.com.br\/wp-content\/uploads\/2024\/09\/Legis-Juris-Consultoria_logo-300x126.jpg 300w, https:\/\/jornalfatosenoticias.com.br\/wp-content\/uploads\/2024\/09\/Legis-Juris-Consultoria_logo-768x322.jpg 768w\" sizes=\"auto, (max-width: 456px) 100vw, 456px\" \/><\/a><\/figure><\/div>\n\n\n\n<p>Al\u00e9m das multas, que incluem R$ 18,3 milh\u00f5es cobrados da Starlink, R$ 10 milh\u00f5es por descumprimento judicial e R$ 300 mil aplicados \u00e0 advogada Rachel Villa, representante do X no Brasil, o imbr\u00f3glio com a rede social tem mobilizado debates internos no STF. Alguns ministros acreditam que a libera\u00e7\u00e3o do X antes do primeiro turno poderia criar um ambiente favor\u00e1vel \u00e0 dissemina\u00e7\u00e3o de \u201cconte\u00fados que comprometam o equil\u00edbrio da disputa eleitoral\u201d.<\/p>\n\n\n\n<div class=\"wp-block-image\"><figure class=\"aligncenter size-large is-resized\"><a href=\"https:\/\/www.ithbrasil.com.br\/\"><img loading=\"lazy\" decoding=\"async\" src=\"https:\/\/jornalfatosenoticias.com.br\/wp-content\/uploads\/2023\/08\/ITH.jpeg\" alt=\"\" class=\"wp-image-44638\" width=\"300\" height=\"244\" srcset=\"https:\/\/jornalfatosenoticias.com.br\/wp-content\/uploads\/2023\/08\/ITH.jpeg 800w, https:\/\/jornalfatosenoticias.com.br\/wp-content\/uploads\/2023\/08\/ITH-300x244.jpeg 300w, https:\/\/jornalfatosenoticias.com.br\/wp-content\/uploads\/2023\/08\/ITH-768x624.jpeg 768w\" sizes=\"auto, (max-width: 300px) 100vw, 300px\" \/><\/a><\/figure><\/div>\n\n\n\n<p>Apesar das incertezas, o desbloqueio das contas banc\u00e1rias da plataforma foi autorizado na \u00faltima ter\u00e7a-feira (1\u00ba), uma medida que visou destravar parte das opera\u00e7\u00f5es da empresa no Brasil. Contudo, a expectativa de um retorno pleno da rede social segue condicionada a fatores al\u00e9m das quest\u00f5es financeiras, incluindo as tens\u00f5es pol\u00edticas em torno da regulamenta\u00e7\u00e3o das redes sociais no contexto eleitoral. <strong>(Fonte: Hora Bras\u00edlia)<\/strong><\/p>\n\n\n\n<div class=\"wp-block-image\"><figure class=\"aligncenter size-large\"><a href=\"https:\/\/www.instagram.com\/esteiochurrascaria\/\"><img decoding=\"async\" src=\"https:\/\/jornalfatosenoticias.com.br\/wp-content\/uploads\/2020\/02\/logo_esteio.jpg\" alt=\"\" class=\"wp-image-1214\"\/><\/a><\/figure><\/div>\n\n\n\n<hr class=\"wp-block-separator\"\/>\n\n\n\n<h3 class=\"wp-block-heading\"><span class=\"has-inline-color has-black-color\">Ricardo Salles entra na campanha de Pablo Mar\u00e7al na reta final<\/span><\/h3>\n\n\n\n<div class=\"wp-block-image\"><figure class=\"aligncenter size-large\"><img loading=\"lazy\" decoding=\"async\" width=\"780\" height=\"470\" src=\"https:\/\/jornalfatosenoticias.com.br\/wp-content\/uploads\/2024\/10\/salles-e-marcal.jpg\" alt=\"\" class=\"wp-image-54656\" srcset=\"https:\/\/jornalfatosenoticias.com.br\/wp-content\/uploads\/2024\/10\/salles-e-marcal.jpg 780w, https:\/\/jornalfatosenoticias.com.br\/wp-content\/uploads\/2024\/10\/salles-e-marcal-300x181.jpg 300w, https:\/\/jornalfatosenoticias.com.br\/wp-content\/uploads\/2024\/10\/salles-e-marcal-768x463.jpg 768w\" sizes=\"auto, (max-width: 780px) 100vw, 780px\" \/><figcaption><em><span class=\"has-inline-color has-black-color\">(Foto: Reprodu\u00e7\u00e3o Instagram)<\/span><\/em><\/figcaption><\/figure><\/div>\n\n\n\n<p>Em um jantar que marcou a reta final da campanha de Pablo Mar\u00e7al (PRTB) \u00e0 Prefeitura de S\u00e3o Paulo, o deputado federal Ricardo Salles (Novo-SP), ex-ministro do Meio Ambiente do governo Jair Bolsonaro, oficializou sua participa\u00e7\u00e3o como articulador estrat\u00e9gico. O jantar de arrecada\u00e7\u00e3o, realizado na ter\u00e7a-feira (1\u00ba) em S\u00e3o Paulo, reuniu nomes influentes do setor financeiro e parlamentares conservadores, refor\u00e7ando o v\u00ednculo de Mar\u00e7al com a base conservadora.<\/p>\n\n\n\n<div class=\"wp-block-image\"><figure class=\"aligncenter size-large is-resized\"><a href=\"https:\/\/hotelmarquetti.com.br\/\"><img loading=\"lazy\" decoding=\"async\" src=\"https:\/\/jornalfatosenoticias.com.br\/wp-content\/uploads\/2023\/03\/nova-logo-Marquetti.jpg\" alt=\"\" class=\"wp-image-40207\" width=\"306\" height=\"205\" srcset=\"https:\/\/jornalfatosenoticias.com.br\/wp-content\/uploads\/2023\/03\/nova-logo-Marquetti.jpg 643w, https:\/\/jornalfatosenoticias.com.br\/wp-content\/uploads\/2023\/03\/nova-logo-Marquetti-300x202.jpg 300w\" sizes=\"auto, (max-width: 306px) 100vw, 306px\" \/><\/a><\/figure><\/div>\n\n\n\n<p>O evento aconteceu na resid\u00eancia de Salles, que se torna uma pe\u00e7a-chave na coordena\u00e7\u00e3o do plano de governo do ex-coach. Junto a Felipe Sabar\u00e1, ex-aliado de Bolsonaro e respons\u00e1vel pela elabora\u00e7\u00e3o das diretrizes pol\u00edticas de Mar\u00e7al, Salles assume a responsabilidade de estruturar estrat\u00e9gias para mobilizar o eleitorado conservador.<\/p>\n\n\n\n<div class=\"wp-block-image\"><figure class=\"aligncenter size-large is-resized\"><a href=\"https:\/\/www.controlsystems.com.br\/\"><img loading=\"lazy\" decoding=\"async\" src=\"https:\/\/jornalfatosenoticias.com.br\/wp-content\/uploads\/2020\/02\/CONTROL-CS.jpg\" alt=\"\" class=\"wp-image-44991\" width=\"270\" height=\"323\" srcset=\"https:\/\/jornalfatosenoticias.com.br\/wp-content\/uploads\/2020\/02\/CONTROL-CS.jpg 834w, https:\/\/jornalfatosenoticias.com.br\/wp-content\/uploads\/2020\/02\/CONTROL-CS-250x300.jpg 250w, https:\/\/jornalfatosenoticias.com.br\/wp-content\/uploads\/2020\/02\/CONTROL-CS-768x921.jpg 768w\" sizes=\"auto, (max-width: 270px) 100vw, 270px\" \/><\/a><\/figure><\/div>\n\n\n\n<p>Al\u00e9m de Salles, outros bolsonaristas de peso marcaram presen\u00e7a, como Luiz Phillipe de Bragan\u00e7a (PL-SP) e Nelson Santini, ligado ao governador Tarc\u00edsio de Freitas. O evento contou ainda com a presen\u00e7a de Alexandre Ostrowiecki, CEO da Multilaser, refor\u00e7ando a alian\u00e7a entre a candidatura de Mar\u00e7al e o setor empresarial.<\/p>\n\n\n\n<div class=\"wp-block-image\"><figure class=\"aligncenter size-large is-resized\"><img loading=\"lazy\" decoding=\"async\" src=\"https:\/\/jornalfatosenoticias.com.br\/wp-content\/uploads\/2022\/02\/Precisao-Contabilidade-1024x724.jpg\" alt=\"\" class=\"wp-image-28088\" width=\"303\" height=\"214\"\/><\/figure><\/div>\n\n\n\n<p>Salles espera capitalizar sua influ\u00eancia entre os eleitores de direita, especialmente os que veem Mar\u00e7al como uma nova op\u00e7\u00e3o para a continuidade de pol\u00edticas conservadoras na capital paulista. <strong>(Fonte: Hora Bras\u00edlia)<\/strong><\/p>\n\n\n\n<div class=\"wp-block-image\"><figure class=\"aligncenter size-large is-resized\"><a href=\"https:\/\/www.instagram.com\/restaurantepegoretti\/\"><img loading=\"lazy\" decoding=\"async\" src=\"https:\/\/jornalfatosenoticias.com.br\/wp-content\/uploads\/2023\/12\/pegoretti-logo-pdf-1024x389.jpg\" alt=\"\" class=\"wp-image-47536\" width=\"409\" height=\"155\" srcset=\"https:\/\/jornalfatosenoticias.com.br\/wp-content\/uploads\/2023\/12\/pegoretti-logo-pdf-1024x389.jpg 1024w, https:\/\/jornalfatosenoticias.com.br\/wp-content\/uploads\/2023\/12\/pegoretti-logo-pdf-300x114.jpg 300w, https:\/\/jornalfatosenoticias.com.br\/wp-content\/uploads\/2023\/12\/pegoretti-logo-pdf-768x291.jpg 768w, https:\/\/jornalfatosenoticias.com.br\/wp-content\/uploads\/2023\/12\/pegoretti-logo-pdf.jpg 1120w\" sizes=\"auto, (max-width: 409px) 100vw, 409px\" \/><\/a><\/figure><\/div>\n\n\n\n<hr class=\"wp-block-separator\"\/>\n\n\n\n<h3 class=\"wp-block-heading\"><span class=\"has-inline-color has-black-color\">Bolsonaro envia mensagem de ano novo judaico a Israel e clama por paz<\/span><\/h3>\n\n\n\n<div class=\"wp-block-image\"><figure class=\"aligncenter size-large\"><img loading=\"lazy\" decoding=\"async\" width=\"1000\" height=\"663\" src=\"https:\/\/jornalfatosenoticias.com.br\/wp-content\/uploads\/2024\/10\/Bolsonaro_Israel.jpg\" alt=\"\" class=\"wp-image-54655\" srcset=\"https:\/\/jornalfatosenoticias.com.br\/wp-content\/uploads\/2024\/10\/Bolsonaro_Israel.jpg 1000w, https:\/\/jornalfatosenoticias.com.br\/wp-content\/uploads\/2024\/10\/Bolsonaro_Israel-300x199.jpg 300w, https:\/\/jornalfatosenoticias.com.br\/wp-content\/uploads\/2024\/10\/Bolsonaro_Israel-768x509.jpg 768w\" sizes=\"auto, (max-width: 1000px) 100vw, 1000px\" \/><figcaption><em><span class=\"has-inline-color has-black-color\">(Foto: Reprodu\u00e7\u00e3o Instagram)<\/span><\/em><\/figcaption><\/figure><\/div>\n\n\n\n<p>O ex-presidente Jair Bolsonaro (PL) compartilhou uma mensagem especial em celebra\u00e7\u00e3o ao Rosh Hashan\u00e1, ano novo judaico, que ocorre entre os dias 2 e 4 de outubro de 2024. Em uma demonstra\u00e7\u00e3o de solidariedade, ele aparece ao lado de seu filho, o senador Fl\u00e1vio Bolsonaro (PL-RJ), e do advogado Fabio Wajngarten.<\/p>\n\n\n\n<div class=\"wp-block-image\"><figure class=\"aligncenter size-large is-resized\"><a href=\"https:\/\/www.instagram.com\/serra4x4cambioautomatico\/\"><img loading=\"lazy\" decoding=\"async\" src=\"https:\/\/jornalfatosenoticias.com.br\/wp-content\/uploads\/2024\/08\/Serra-4x4-1-886x1024.jpg\" alt=\"\" class=\"wp-image-53632\" width=\"290\" height=\"336\" srcset=\"https:\/\/jornalfatosenoticias.com.br\/wp-content\/uploads\/2024\/08\/Serra-4x4-1-886x1024.jpg 886w, https:\/\/jornalfatosenoticias.com.br\/wp-content\/uploads\/2024\/08\/Serra-4x4-1-260x300.jpg 260w, https:\/\/jornalfatosenoticias.com.br\/wp-content\/uploads\/2024\/08\/Serra-4x4-1-768x888.jpg 768w, https:\/\/jornalfatosenoticias.com.br\/wp-content\/uploads\/2024\/08\/Serra-4x4-1.jpg 1181w\" sizes=\"auto, (max-width: 290px) 100vw, 290px\" \/><\/a><\/figure><\/div>\n\n\n\n<p>Bolsonaro destacou os votos de \u201cpaz para o mundo\u201d em meio ao cen\u00e1rio conturbado entre Israel e Ir\u00e3, refor\u00e7ando seu apoio ao povo israelense. Al\u00e9m disso, expressou felicidade ao povo judaico, reconhecendo a import\u00e2ncia cultural e religiosa deste marco no calend\u00e1rio hebraico: o in\u00edcio do ano 5.785. O Rosh Hashan\u00e1 \u00e9 uma das celebra\u00e7\u00f5es mais importantes para o povo judaico. Marca o in\u00edcio do ano novo no calend\u00e1rio judaico, que \u00e9 diferente do calend\u00e1rio gregoriano que seguimos no ocidente. Para os judeus, este feriado \u00e9 um tempo de reflex\u00e3o, arrependimento e renova\u00e7\u00e3o espiritual.<\/p>\n\n\n\n<div class=\"wp-block-image\"><figure class=\"aligncenter size-large is-resized\"><a href=\"https:\/\/panper.com.br\/\"><img loading=\"lazy\" decoding=\"async\" src=\"https:\/\/jornalfatosenoticias.com.br\/wp-content\/uploads\/2023\/03\/logo-Panper_portal.jpg\" alt=\"\" class=\"wp-image-40208\" width=\"305\" height=\"211\" srcset=\"https:\/\/jornalfatosenoticias.com.br\/wp-content\/uploads\/2023\/03\/logo-Panper_portal.jpg 400w, https:\/\/jornalfatosenoticias.com.br\/wp-content\/uploads\/2023\/03\/logo-Panper_portal-300x208.jpg 300w\" sizes=\"auto, (max-width: 305px) 100vw, 305px\" \/><\/a><\/figure><\/div>\n\n\n\n<p>A rela\u00e7\u00e3o de Bolsonaro com o estado de Israel \u00e9 ressaltada por diversas visitas e atos simb\u00f3licos durante seu mandato presidencial. Bolsonaro foi o primeiro presidente brasileiro a visitar o Muro das Lamenta\u00e7\u00f5es e a ser batizado no Rio Jord\u00e3o, a\u00e7\u00f5es que foram interpretadas como um forte gesto de apoio e proximidade com a comunidade judaica.<\/p>\n\n\n\n<div class=\"wp-block-image\"><figure class=\"aligncenter size-large\"><a href=\"https:\/\/cesconetto.com.br\/\"><img loading=\"lazy\" decoding=\"async\" width=\"300\" height=\"250\" src=\"https:\/\/jornalfatosenoticias.com.br\/wp-content\/uploads\/2020\/02\/Banner-2.png\" alt=\"\" class=\"wp-image-43787\"\/><\/a><\/figure><\/div>\n\n\n\n<p>Em seu v\u00eddeo de sauda\u00e7\u00e3o, Bolsonaro e seus acompanhantes desejaram \u201cshan\u00e1 tov\u00e1\u201d, uma sauda\u00e7\u00e3o hebraica que significa \u201cbom ano\u201d. Isso destaca n\u00e3o apenas seu carinho, mas tamb\u00e9m o respeito pelas tradi\u00e7\u00f5es culturais diversas, express\u00e3o de uma diplomacia mais personalizada durante seu governo. O cen\u00e1rio internacional atual, especialmente a tens\u00e3o entre Israel e Ir\u00e3, deu um contexto mais profundo aos votos de paz desejados por Bolsonaro. A express\u00e3o de \u201cpaz para o mundo\u201d ressoa em um momento em que conflitos e disputas territoriais escalam e afetam in\u00fameras vidas inocentes. <strong>(Fonte: Terra Brasil Not\u00edcias)<\/strong><\/p>\n\n\n\n<div class=\"wp-block-image\"><figure class=\"aligncenter size-large is-resized\"><a href=\"https:\/\/www.facebook.com\/vetor.vix\/\"><img loading=\"lazy\" decoding=\"async\" src=\"https:\/\/jornalfatosenoticias.com.br\/wp-content\/uploads\/2023\/09\/vetorvix1024_1.jpg\" alt=\"\" class=\"wp-image-44868\" width=\"543\" height=\"144\" srcset=\"https:\/\/jornalfatosenoticias.com.br\/wp-content\/uploads\/2023\/09\/vetorvix1024_1.jpg 1024w, https:\/\/jornalfatosenoticias.com.br\/wp-content\/uploads\/2023\/09\/vetorvix1024_1-300x80.jpg 300w, https:\/\/jornalfatosenoticias.com.br\/wp-content\/uploads\/2023\/09\/vetorvix1024_1-768x205.jpg 768w\" sizes=\"auto, (max-width: 543px) 100vw, 543px\" \/><\/a><\/figure><\/div>\n\n\n\n<hr class=\"wp-block-separator\"\/>\n\n\n\n<h3 class=\"wp-block-heading\"><span class=\"has-inline-color has-black-color\">Israel declara secret\u00e1rio-geral da ONU persona non grata por sil\u00eancio sobre ataque do Ir\u00e3<\/span><\/h3>\n\n\n\n<div class=\"wp-block-image\"><figure class=\"aligncenter size-large\"><img loading=\"lazy\" decoding=\"async\" width=\"612\" height=\"408\" src=\"https:\/\/jornalfatosenoticias.com.br\/wp-content\/uploads\/2024\/10\/Antonio-Guterres-e-Natanyahu_gettyimages.jpg\" alt=\"\" class=\"wp-image-54654\" srcset=\"https:\/\/jornalfatosenoticias.com.br\/wp-content\/uploads\/2024\/10\/Antonio-Guterres-e-Natanyahu_gettyimages.jpg 612w, https:\/\/jornalfatosenoticias.com.br\/wp-content\/uploads\/2024\/10\/Antonio-Guterres-e-Natanyahu_gettyimages-300x200.jpg 300w\" sizes=\"auto, (max-width: 612px) 100vw, 612px\" \/><figcaption><em><span class=\"has-inline-color has-black-color\">(Foto: Getty Images)<\/span><\/em><\/figcaption><\/figure><\/div>\n\n\n\n<p>O governo de Israel declarou o secret\u00e1rio-geral da ONU, Ant\u00f3nio Guterres, \u201cpersona non grata\u201d e proibiu sua entrada no pa\u00eds, conforme anunciou o ministro das Rela\u00e7\u00f5es Exteriores de Israel, Israel Katz. A decis\u00e3o veio ap\u00f3s Guterres ter feito declara\u00e7\u00f5es sobre os ataques do Hamas em outubro de 2023, afirmando que esses atos \u201cn\u00e3o ocorreram no v\u00e1cuo\u201d e mencionando o impacto da ocupa\u00e7\u00e3o israelense de territ\u00f3rios palestinos nos \u00faltimos 56 anos. Katz acusou Guterres de n\u00e3o condenar suficientemente os ataques do Hamas e de apoiar \u201cterroristas\u201d como o Hamas e o Hezbollah.<\/p>\n\n\n\n<div class=\"wp-block-image\"><figure class=\"aligncenter size-large is-resized\"><a href=\"https:\/\/www.instagram.com\/ligadossaborespizzaria\/\"><img loading=\"lazy\" decoding=\"async\" src=\"https:\/\/jornalfatosenoticias.com.br\/wp-content\/uploads\/2024\/09\/WhatsApp-Image-2024-09-14-at-22.46.10-819x1024.jpeg\" alt=\"\" class=\"wp-image-54180\" width=\"309\" height=\"386\" srcset=\"https:\/\/jornalfatosenoticias.com.br\/wp-content\/uploads\/2024\/09\/WhatsApp-Image-2024-09-14-at-22.46.10-819x1024.jpeg 819w, https:\/\/jornalfatosenoticias.com.br\/wp-content\/uploads\/2024\/09\/WhatsApp-Image-2024-09-14-at-22.46.10-240x300.jpeg 240w, https:\/\/jornalfatosenoticias.com.br\/wp-content\/uploads\/2024\/09\/WhatsApp-Image-2024-09-14-at-22.46.10-768x960.jpeg 768w, https:\/\/jornalfatosenoticias.com.br\/wp-content\/uploads\/2024\/09\/WhatsApp-Image-2024-09-14-at-22.46.10.jpeg 1024w\" sizes=\"auto, (max-width: 309px) 100vw, 309px\" \/><\/a><\/figure><\/div>\n\n\n\n<p>A posi\u00e7\u00e3o de Guterres, que tamb\u00e9m enfatizou que as queixas palestinas n\u00e3o justificam os ataques do Hamas nem a \u201cpuni\u00e7\u00e3o coletiva\u201d dos palestinos, gerou intensa rea\u00e7\u00e3o do governo israelense, que o considerou uma \u201cmancha na hist\u00f3ria da ONU\u201d. O epis\u00f3dio destaca as tens\u00f5es crescentes entre Israel e a ONU em meio ao conflito em Gaza.<\/p>\n\n\n\n<div class=\"wp-block-image\"><figure class=\"aligncenter size-large is-resized\"><a href=\"https:\/\/www.facebook.com\/postobkr\/?locale=pt_BR\"><img loading=\"lazy\" decoding=\"async\" src=\"https:\/\/jornalfatosenoticias.com.br\/wp-content\/uploads\/2023\/08\/BKR-1024x1021.jpg\" alt=\"\" class=\"wp-image-44494\" width=\"274\" height=\"273\" srcset=\"https:\/\/jornalfatosenoticias.com.br\/wp-content\/uploads\/2023\/08\/BKR-1024x1021.jpg 1024w, https:\/\/jornalfatosenoticias.com.br\/wp-content\/uploads\/2023\/08\/BKR-300x300.jpg 300w, https:\/\/jornalfatosenoticias.com.br\/wp-content\/uploads\/2023\/08\/BKR-150x150.jpg 150w, https:\/\/jornalfatosenoticias.com.br\/wp-content\/uploads\/2023\/08\/BKR-768x766.jpg 768w, https:\/\/jornalfatosenoticias.com.br\/wp-content\/uploads\/2023\/08\/BKR.jpg 1080w\" sizes=\"auto, (max-width: 274px) 100vw, 274px\" \/><\/a><\/figure><\/div>\n\n\n\n<p>Em fevereiro de 2024, Luiz In\u00e1cio Lula da Silva foi igualmente considerado \u201cpersona non grata\u201d por Israel ap\u00f3s comparar os ataques de Israel \u00e0 Faixa de Gaza ao genoc\u00eddio promovido por Adolf Hitler contra os judeus na Segunda Guerra Mundial. As declara\u00e7\u00f5es de Lula geraram uma resposta imediata de Benjamin Netanyahu, primeiro-ministro de Israel, que convocou o embaixador brasileiro para uma reuni\u00e3o e criticou duramente as declara\u00e7\u00f5es.<strong> (Fonte: Hora Bras\u00edlia)<\/strong><\/p>\n\n\n\n<div class=\"wp-block-image\"><figure class=\"aligncenter size-large is-resized\"><a href=\"https:\/\/www.instagram.com\/vmais.midias\/\"><img loading=\"lazy\" decoding=\"async\" src=\"https:\/\/jornalfatosenoticias.com.br\/wp-content\/uploads\/2020\/02\/DE-MAIS-DESTAQUE-VMAIS-800X700.png\" alt=\"\" class=\"wp-image-53112\" width=\"301\" height=\"263\" srcset=\"https:\/\/jornalfatosenoticias.com.br\/wp-content\/uploads\/2020\/02\/DE-MAIS-DESTAQUE-VMAIS-800X700.png 800w, https:\/\/jornalfatosenoticias.com.br\/wp-content\/uploads\/2020\/02\/DE-MAIS-DESTAQUE-VMAIS-800X700-300x263.png 300w, https:\/\/jornalfatosenoticias.com.br\/wp-content\/uploads\/2020\/02\/DE-MAIS-DESTAQUE-VMAIS-800X700-768x672.png 768w\" sizes=\"auto, (max-width: 301px) 100vw, 301px\" \/><\/a><\/figure><\/div>\n\n\n\n<hr class=\"wp-block-separator\"\/>\n\n\n\n<h3 class=\"wp-block-heading\"><span class=\"has-inline-color has-black-color\">Lula critica opera\u00e7\u00f5es de Israel no L\u00edbano e mas decide silenciar sobre ataque de m\u00edsseis do Ir\u00e3<\/span><\/h3>\n\n\n\n<div class=\"wp-block-image\"><figure class=\"aligncenter size-large\"><img loading=\"lazy\" decoding=\"async\" width=\"612\" height=\"407\" src=\"https:\/\/jornalfatosenoticias.com.br\/wp-content\/uploads\/2024\/10\/molusco-critica-a-Israel_gettyimages.jpg\" alt=\"\" class=\"wp-image-54653\" srcset=\"https:\/\/jornalfatosenoticias.com.br\/wp-content\/uploads\/2024\/10\/molusco-critica-a-Israel_gettyimages.jpg 612w, https:\/\/jornalfatosenoticias.com.br\/wp-content\/uploads\/2024\/10\/molusco-critica-a-Israel_gettyimages-300x200.jpg 300w\" sizes=\"auto, (max-width: 612px) 100vw, 612px\" \/><figcaption><em><span class=\"has-inline-color has-black-color\">(Foto: Getty Images)<\/span><\/em><\/figcaption><\/figure><\/div>\n\n\n\n<p>Na \u00faltima ter\u00e7a-feira (1\u00ba), o governo de Luiz In\u00e1cio Lula da Silva expressou publicamente sua preocupa\u00e7\u00e3o em rela\u00e7\u00e3o \u00e0s opera\u00e7\u00f5es militares de Israel no sul do L\u00edbano. Em um comunicado oficial, o Minist\u00e9rio das Rela\u00e7\u00f5es Exteriores do Brasil acusou Israel de viola\u00e7\u00e3o do Direito Internacional. O Itamaraty, no entanto, n\u00e3o mencionou os ataques de m\u00edsseis do Ir\u00e3 contra Israel.<\/p>\n\n\n\n<div class=\"wp-block-image\"><figure class=\"aligncenter size-large is-resized\"><a href=\"https:\/\/www.legisjuris.com.br\/\"><img loading=\"lazy\" decoding=\"async\" src=\"https:\/\/jornalfatosenoticias.com.br\/wp-content\/uploads\/2024\/09\/Legis-Juris-Consultoria_logo.jpg\" alt=\"\" class=\"wp-image-53915\" width=\"468\" height=\"196\" srcset=\"https:\/\/jornalfatosenoticias.com.br\/wp-content\/uploads\/2024\/09\/Legis-Juris-Consultoria_logo.jpg 969w, https:\/\/jornalfatosenoticias.com.br\/wp-content\/uploads\/2024\/09\/Legis-Juris-Consultoria_logo-300x126.jpg 300w, https:\/\/jornalfatosenoticias.com.br\/wp-content\/uploads\/2024\/09\/Legis-Juris-Consultoria_logo-768x322.jpg 768w\" sizes=\"auto, (max-width: 468px) 100vw, 468px\" \/><\/a><\/figure><\/div>\n\n\n\n<p>O comunicado declara que \u201co governo brasileiro acompanha, com grave preocupa\u00e7\u00e3o, as opera\u00e7\u00f5es militares terrestres do Ex\u00e9rcito de Israel no Sul do L\u00edbano, em viola\u00e7\u00e3o ao Direito Internacional, \u00e0 Carta da ONU e a resolu\u00e7\u00f5es do Conselho de Seguran\u00e7a\u201d. Al\u00e9m disso, o Brasil insta Israel a interromper imediatamente as incurs\u00f5es terrestres e os ataques a\u00e9reos a zonas civis densamente povoadas naquele pa\u00eds.<\/p>\n\n\n\n<div class=\"wp-block-image\"><figure class=\"aligncenter size-large is-resized\"><img loading=\"lazy\" decoding=\"async\" src=\"https:\/\/jornalfatosenoticias.com.br\/wp-content\/uploads\/2022\/02\/Precisao-Contabilidade-1024x724.jpg\" alt=\"\" class=\"wp-image-28088\" width=\"338\" height=\"239\"\/><\/figure><\/div>\n\n\n\n<p>O comunicado do governo brasileiro destaca a import\u00e2ncia de um cessar-fogo r\u00e1pido e abrangente. O Brasil conclama a comunidade internacional a usar todos os recursos diplom\u00e1ticos dispon\u00edveis para conter esta crise no Oriente M\u00e9dio. A embaixada brasileira em Beirute est\u00e1 monitorando a situa\u00e7\u00e3o dos cidad\u00e3os brasileiros na regi\u00e3o e providenciando assist\u00eancia consular.<\/p>\n\n\n\n<div class=\"wp-block-image\"><figure class=\"aligncenter size-large is-resized\"><a href=\"https:\/\/www.instagram.com\/restaurantepegoretti\/\"><img loading=\"lazy\" decoding=\"async\" src=\"https:\/\/jornalfatosenoticias.com.br\/wp-content\/uploads\/2023\/12\/pegoretti-logo-pdf-1024x389.jpg\" alt=\"\" class=\"wp-image-47536\" width=\"462\" height=\"175\" srcset=\"https:\/\/jornalfatosenoticias.com.br\/wp-content\/uploads\/2023\/12\/pegoretti-logo-pdf-1024x389.jpg 1024w, https:\/\/jornalfatosenoticias.com.br\/wp-content\/uploads\/2023\/12\/pegoretti-logo-pdf-300x114.jpg 300w, https:\/\/jornalfatosenoticias.com.br\/wp-content\/uploads\/2023\/12\/pegoretti-logo-pdf-768x291.jpg 768w, https:\/\/jornalfatosenoticias.com.br\/wp-content\/uploads\/2023\/12\/pegoretti-logo-pdf.jpg 1120w\" sizes=\"auto, (max-width: 462px) 100vw, 462px\" \/><\/a><\/figure><\/div>\n\n\n\n<p>Nesta quarta-feira (2), um avi\u00e3o da For\u00e7a A\u00e9rea Brasileira (FAB) decolou da Base A\u00e9rea do Aeroporto do Gale\u00e3o, no Rio de Janeiro, com destino ao L\u00edbano. O objetivo \u00e9 repatriar aproximadamente 220 brasileiros que se encontram em \u00e1reas de conflito no L\u00edbano. O Itamaraty tem reiterado o apelo para que todos deixem as \u00e1reas afetadas e sigam as orienta\u00e7\u00f5es de seguran\u00e7a das autoridades locais. Quem puder, deve buscar deixar o territ\u00f3rio liban\u00eas por meios pr\u00f3prios. <strong>(Fonte: Terra Brasil Not\u00edcias)<\/strong><\/p>\n\n\n\n<div class=\"wp-block-image\"><figure class=\"aligncenter size-large\"><a href=\"http:\/\/www.ferrarimaquinas.com.br\/\"><img loading=\"lazy\" decoding=\"async\" width=\"300\" height=\"250\" src=\"https:\/\/jornalfatosenoticias.com.br\/wp-content\/uploads\/2022\/02\/FERRARI_MAQUINAS-E-FERRAMENTAS2.jpg\" alt=\"\" class=\"wp-image-27860\"\/><\/a><\/figure><\/div>\n\n\n\n<hr class=\"wp-block-separator\"\/>\n\n\n\n<h3 class=\"wp-block-heading\"><span class=\"has-inline-color has-black-color\">Portugueses fazem protesto contra imigrantes<\/span><\/h3>\n\n\n\n<div class=\"wp-block-image\"><figure class=\"aligncenter size-large\"><img loading=\"lazy\" decoding=\"async\" width=\"700\" height=\"467\" src=\"https:\/\/jornalfatosenoticias.com.br\/wp-content\/uploads\/2024\/10\/Portugueses-fazem-protesto-contra-imigrantes.jpeg\" alt=\"\" class=\"wp-image-54652\" srcset=\"https:\/\/jornalfatosenoticias.com.br\/wp-content\/uploads\/2024\/10\/Portugueses-fazem-protesto-contra-imigrantes.jpeg 700w, https:\/\/jornalfatosenoticias.com.br\/wp-content\/uploads\/2024\/10\/Portugueses-fazem-protesto-contra-imigrantes-300x200.jpeg 300w\" sizes=\"auto, (max-width: 700px) 100vw, 700px\" \/><figcaption><em><span class=\"has-inline-color has-black-color\">(Foto: Getty Images)<\/span><\/em><\/figcaption><\/figure><\/div>\n\n\n\n<p>No \u00faltimo domingo (29), um vasto protesto contra a imigra\u00e7\u00e3o convocado pelo partido de direita Chega tomou as ruas de Lisboa. A multid\u00e3o, empunhando bandeiras de Portugal e entoando o hino nacional, demonstrava sua oposi\u00e7\u00e3o \u00e0 entrada de estrangeiros que consideram \u201cilegal\u201d e \u201cdescontrolada\u201d. Os manifestantes exigiam o fim da imigra\u00e7\u00e3o em massa e a deporta\u00e7\u00e3o de imigrantes que cometem crimes.<\/p>\n\n\n\n<div class=\"wp-block-image\"><figure class=\"aligncenter size-large is-resized\"><a href=\"https:\/\/www.ithbrasil.com.br\/\"><img loading=\"lazy\" decoding=\"async\" src=\"https:\/\/jornalfatosenoticias.com.br\/wp-content\/uploads\/2023\/08\/ITH.jpeg\" alt=\"\" class=\"wp-image-44638\" width=\"315\" height=\"256\" srcset=\"https:\/\/jornalfatosenoticias.com.br\/wp-content\/uploads\/2023\/08\/ITH.jpeg 800w, https:\/\/jornalfatosenoticias.com.br\/wp-content\/uploads\/2023\/08\/ITH-300x244.jpeg 300w, https:\/\/jornalfatosenoticias.com.br\/wp-content\/uploads\/2023\/08\/ITH-768x624.jpeg 768w\" sizes=\"auto, (max-width: 315px) 100vw, 315px\" \/><\/a><\/figure><\/div>\n\n\n\n<p>O l\u00edder do Chega, Andr\u00e9 Ventura, esteve presente no evento. Em seu discurso, Ventura criticou o aumento da imigra\u00e7\u00e3o, destacando que entre 10% a 15% da popula\u00e7\u00e3o de Portugal \u00e9 composta por imigrantes. <\/p>\n\n\n\n<blockquote class=\"wp-block-quote is-layout-flow wp-block-quote-is-layout-flow\"><p><span class=\"has-inline-color has-luminous-vivid-orange-color\">Estamos enfrentando uma imigra\u00e7\u00e3o descontrolada. Aqueles que v\u00eam de Marrocos, S\u00edria, Nepal e \u00cdndia n\u00e3o est\u00e3o fugindo de guerras atuais. Se n\u00e3o agirmos, um dia n\u00e3o haver\u00e1 pa\u00eds que sobreviva\u201d, disse ele.<\/span><\/p><\/blockquote>\n\n\n\n<div class=\"wp-block-image\"><figure class=\"aligncenter size-large is-resized\"><a href=\"https:\/\/hotelmarquetti.com.br\/\"><img loading=\"lazy\" decoding=\"async\" src=\"https:\/\/jornalfatosenoticias.com.br\/wp-content\/uploads\/2023\/03\/nova-logo-Marquetti.jpg\" alt=\"\" class=\"wp-image-40207\" width=\"349\" height=\"234\" srcset=\"https:\/\/jornalfatosenoticias.com.br\/wp-content\/uploads\/2023\/03\/nova-logo-Marquetti.jpg 643w, https:\/\/jornalfatosenoticias.com.br\/wp-content\/uploads\/2023\/03\/nova-logo-Marquetti-300x202.jpg 300w\" sizes=\"auto, (max-width: 349px) 100vw, 349px\" \/><\/a><\/figure><\/div>\n\n\n\n<p>Enquanto isso, uma manifesta\u00e7\u00e3o paralela em defesa dos imigrantes ocorria no mesmo dia. A presen\u00e7a policial foi refor\u00e7ada para prevenir poss\u00edveis conflitos, mas a tens\u00e3o aumentou \u00e0 medida que os dois grupos se aproximavam. Gritos de \u201creconquista\u201d ecoaram do grupo do Chega, resultando na deten\u00e7\u00e3o de duas pessoas.<\/p>\n\n\n\n<div class=\"wp-block-image\"><figure class=\"aligncenter size-large is-resized\"><a href=\"https:\/\/www.facebook.com\/postobkr\/?locale=pt_BR\"><img loading=\"lazy\" decoding=\"async\" src=\"https:\/\/jornalfatosenoticias.com.br\/wp-content\/uploads\/2023\/08\/BKR-1024x1021.jpg\" alt=\"\" class=\"wp-image-44494\" width=\"301\" height=\"300\" srcset=\"https:\/\/jornalfatosenoticias.com.br\/wp-content\/uploads\/2023\/08\/BKR-1024x1021.jpg 1024w, https:\/\/jornalfatosenoticias.com.br\/wp-content\/uploads\/2023\/08\/BKR-300x300.jpg 300w, https:\/\/jornalfatosenoticias.com.br\/wp-content\/uploads\/2023\/08\/BKR-150x150.jpg 150w, https:\/\/jornalfatosenoticias.com.br\/wp-content\/uploads\/2023\/08\/BKR-768x766.jpg 768w, https:\/\/jornalfatosenoticias.com.br\/wp-content\/uploads\/2023\/08\/BKR.jpg 1080w\" sizes=\"auto, (max-width: 301px) 100vw, 301px\" \/><\/a><\/figure><\/div>\n\n\n\n<p>Dados recentes da Ag\u00eancia para a Integra\u00e7\u00e3o, Migra\u00e7\u00e3o e Asilo (AIMA) indicam que a imigra\u00e7\u00e3o em Portugal aumentou 33,6% no \u00faltimo ano. Aproximadamente um d\u00e9cimo da popula\u00e7\u00e3o total \u00e9 composta por imigrantes. A comunidade brasileira lidera esses n\u00fameros, com cerca de 368.500 pessoas residindo no pa\u00eds, seguidos por angolanos e cabo-verdianos.<\/p>\n\n\n\n<div class=\"wp-block-image\"><figure class=\"aligncenter size-large is-resized\"><a href=\"https:\/\/panper.com.br\/\"><img loading=\"lazy\" decoding=\"async\" src=\"https:\/\/jornalfatosenoticias.com.br\/wp-content\/uploads\/2023\/03\/logo-Panper_portal.jpg\" alt=\"\" class=\"wp-image-40208\" width=\"325\" height=\"225\" srcset=\"https:\/\/jornalfatosenoticias.com.br\/wp-content\/uploads\/2023\/03\/logo-Panper_portal.jpg 400w, https:\/\/jornalfatosenoticias.com.br\/wp-content\/uploads\/2023\/03\/logo-Panper_portal-300x208.jpg 300w\" sizes=\"auto, (max-width: 325px) 100vw, 325px\" \/><\/a><\/figure><\/div>\n\n\n\n<p>Em resposta ao crescimento da imigra\u00e7\u00e3o, o governo moderado de direita decidiu, em junho, endurecer suas pol\u00edticas. Uma norma, de 2018, que permitia a regulariza\u00e7\u00e3o de imigrantes que conseguissem provar trabalho cont\u00ednuo por um ano, foi revogada. Atualmente, Portugal enfrenta cerca de 400 mil pedidos de regulariza\u00e7\u00e3o n\u00e3o processados, que foram submetidos antes da mudan\u00e7a na lei.<\/p>\n\n\n\n<div class=\"wp-block-image\"><figure class=\"aligncenter size-large\"><a href=\"https:\/\/mizu.com.br\/\"><img loading=\"lazy\" decoding=\"async\" width=\"729\" height=\"90\" src=\"https:\/\/jornalfatosenoticias.com.br\/wp-content\/uploads\/2020\/02\/Logo_Mizu.png\" alt=\"\" class=\"wp-image-1441\" srcset=\"https:\/\/jornalfatosenoticias.com.br\/wp-content\/uploads\/2020\/02\/Logo_Mizu.png 729w, https:\/\/jornalfatosenoticias.com.br\/wp-content\/uploads\/2020\/02\/Logo_Mizu-300x37.png 300w\" sizes=\"auto, (max-width: 729px) 100vw, 729px\" \/><\/a><\/figure><\/div>\n\n\n\n<p>Embora o aumento na imigra\u00e7\u00e3o venha enchendo manchetes, \u00e9 poss\u00edvel observar que a presen\u00e7a de diversas nacionalidades tamb\u00e9m traz benef\u00edcios econ\u00f4micos e culturais. No entanto, a falta de pol\u00edticas de integra\u00e7\u00e3o eficazes e a burocracia t\u00eam sido barreiras significativas para muitos imigrantes.<strong> (Fonte: Terra Brasil Not\u00edcias)<\/strong><\/p>\n\n\n\n<div class=\"wp-block-image\"><figure class=\"aligncenter size-large\"><a href=\"https:\/\/www.instagram.com\/esteiochurrascaria\/\"><img decoding=\"async\" src=\"https:\/\/jornalfatosenoticias.com.br\/wp-content\/uploads\/2020\/02\/logo_esteio.jpg\" alt=\"\" class=\"wp-image-1214\"\/><\/a><\/figure><\/div>\n\n\n\n<hr class=\"wp-block-separator\"\/>\n","protected":false},"excerpt":{"rendered":"<p>Elon Musk j\u00e1 ordenou o pagamento das multas impostas pelo magistradoNos bastidores do Supremo Tribunal Federal (STF), cresce a expectativa de que o ministro Alexandre de Moraes pode optar por manter o bloqueio da plataforma X, de Elon Musk, mesmo que a empresa quite as multas impostas por descumprimento de decis\u00e3o judicial, a informa\u00e7\u00e3o \u00e9 [&hellip;]<\/p>\n","protected":false},"author":3,"featured_media":54657,"comment_status":"open","ping_status":"open","sticky":false,"template":"","format":"standard","meta":{"footnotes":""},"categories":[10],"tags":[13889,24909,239,24908,21964,1634,5107,162,7580,20784,24883],"class_list":["post-54651","post","type-post","status-publish","format-standard","has-post-thumbnail","hentry","category-politica","tag-alexandre-de-moraes","tag-bloqueio-do-x","tag-bolsonaro","tag-conflito-no-oriente-medio","tag-eleicoes-2024","tag-elon-musk","tag-ira","tag-israel","tag-lula","tag-ministros-do-stf","tag-rede-social-x"],"yoast_head":"<!-- This site is optimized with the Yoast SEO plugin v26.5 - https:\/\/yoast.com\/wordpress\/plugins\/seo\/ -->\n<title>A Semana no Brasil e no Mundo \u2014 Ministros do STF acreditam que Moraes pode manter bloqueio do X at\u00e9 o primeiro turno das elei\u00e7\u00f5es - Jornal Fatos e Not\u00edcias<\/title>\n<meta name=\"robots\" content=\"index, follow, max-snippet:-1, max-image-preview:large, max-video-preview:-1\" \/>\n<link rel=\"canonical\" href=\"https:\/\/jornalfatosenoticias.com.br\/index.php\/2024\/10\/03\/a-semana-no-brasil-e-no-mundo-ministros-do-stf-acreditam-que-moraes-pode-manter-bloqueio-do-x-ate-o-primeiro-turno-das-eleicoes\/\" \/>\n<meta property=\"og:locale\" content=\"pt_BR\" \/>\n<meta property=\"og:type\" content=\"article\" \/>\n<meta property=\"og:title\" content=\"A Semana no Brasil e no Mundo \u2014 Ministros do STF acreditam que Moraes pode manter bloqueio do X at\u00e9 o primeiro turno das elei\u00e7\u00f5es - Jornal Fatos e Not\u00edcias\" \/>\n<meta property=\"og:description\" content=\"Elon Musk j\u00e1 ordenou o pagamento das multas impostas pelo magistradoNos bastidores do Supremo Tribunal Federal (STF), cresce a expectativa de que o ministro Alexandre de Moraes pode optar por manter o bloqueio da plataforma X, de Elon Musk, mesmo que a empresa quite as multas impostas por descumprimento de decis\u00e3o judicial, a informa\u00e7\u00e3o \u00e9 [&hellip;]\" \/>\n<meta property=\"og:url\" content=\"https:\/\/jornalfatosenoticias.com.br\/index.php\/2024\/10\/03\/a-semana-no-brasil-e-no-mundo-ministros-do-stf-acreditam-que-moraes-pode-manter-bloqueio-do-x-ate-o-primeiro-turno-das-eleicoes\/\" \/>\n<meta property=\"og:site_name\" content=\"Jornal Fatos e Not\u00edcias\" \/>\n<meta property=\"article:published_time\" content=\"2024-10-03T21:08:39+00:00\" \/>\n<meta property=\"article:modified_time\" content=\"2024-10-03T21:08:40+00:00\" \/>\n<meta property=\"og:image\" content=\"https:\/\/jornalfatosenoticias.com.br\/wp-content\/uploads\/2024\/10\/musk-X-brazil-cabeca-de-ovo.jpg\" \/>\n\t<meta property=\"og:image:width\" content=\"780\" \/>\n\t<meta property=\"og:image:height\" content=\"470\" \/>\n\t<meta property=\"og:image:type\" content=\"image\/jpeg\" \/>\n<meta name=\"author\" content=\"Haroldo Filho\" \/>\n<meta name=\"twitter:card\" content=\"summary_large_image\" \/>\n<meta name=\"twitter:label1\" content=\"Escrito por\" \/>\n\t<meta name=\"twitter:data1\" content=\"Haroldo Filho\" \/>\n\t<meta name=\"twitter:label2\" content=\"Est. tempo de leitura\" \/>\n\t<meta name=\"twitter:data2\" content=\"10 minutos\" \/>\n<script type=\"application\/ld+json\" class=\"yoast-schema-graph\">{\"@context\":\"https:\/\/schema.org\",\"@graph\":[{\"@type\":\"Article\",\"@id\":\"https:\/\/jornalfatosenoticias.com.br\/index.php\/2024\/10\/03\/a-semana-no-brasil-e-no-mundo-ministros-do-stf-acreditam-que-moraes-pode-manter-bloqueio-do-x-ate-o-primeiro-turno-das-eleicoes\/#article\",\"isPartOf\":{\"@id\":\"https:\/\/jornalfatosenoticias.com.br\/index.php\/2024\/10\/03\/a-semana-no-brasil-e-no-mundo-ministros-do-stf-acreditam-que-moraes-pode-manter-bloqueio-do-x-ate-o-primeiro-turno-das-eleicoes\/\"},\"author\":{\"name\":\"Haroldo Filho\",\"@id\":\"https:\/\/jornalfatosenoticias.com.br\/#\/schema\/person\/05c46cc25b42a5c27e004fb0fa6b4965\"},\"headline\":\"A Semana no Brasil e no Mundo \u2014 Ministros do STF acreditam que Moraes pode manter bloqueio do X at\u00e9 o primeiro turno das elei\u00e7\u00f5es\",\"datePublished\":\"2024-10-03T21:08:39+00:00\",\"dateModified\":\"2024-10-03T21:08:40+00:00\",\"mainEntityOfPage\":{\"@id\":\"https:\/\/jornalfatosenoticias.com.br\/index.php\/2024\/10\/03\/a-semana-no-brasil-e-no-mundo-ministros-do-stf-acreditam-que-moraes-pode-manter-bloqueio-do-x-ate-o-primeiro-turno-das-eleicoes\/\"},\"wordCount\":1927,\"commentCount\":0,\"publisher\":{\"@id\":\"https:\/\/jornalfatosenoticias.com.br\/#organization\"},\"image\":{\"@id\":\"https:\/\/jornalfatosenoticias.com.br\/index.php\/2024\/10\/03\/a-semana-no-brasil-e-no-mundo-ministros-do-stf-acreditam-que-moraes-pode-manter-bloqueio-do-x-ate-o-primeiro-turno-das-eleicoes\/#primaryimage\"},\"thumbnailUrl\":\"https:\/\/jornalfatosenoticias.com.br\/wp-content\/uploads\/2024\/10\/musk-X-brazil-cabeca-de-ovo.jpg\",\"keywords\":[\"Alexandre de Moraes\",\"bloqueio do X\",\"Bolsonaro\",\"conflito no Oriente M\u00e9dio\",\"elei\u00e7\u00f5es 2024\",\"Elon Musk\",\"Ir\u00e3\",\"Israel\",\"Lula\",\"ministros do STF\",\"rede social X\"],\"articleSection\":[\"Pol\u00edtica\"],\"inLanguage\":\"pt-BR\",\"potentialAction\":[{\"@type\":\"CommentAction\",\"name\":\"Comment\",\"target\":[\"https:\/\/jornalfatosenoticias.com.br\/index.php\/2024\/10\/03\/a-semana-no-brasil-e-no-mundo-ministros-do-stf-acreditam-que-moraes-pode-manter-bloqueio-do-x-ate-o-primeiro-turno-das-eleicoes\/#respond\"]}]},{\"@type\":\"WebPage\",\"@id\":\"https:\/\/jornalfatosenoticias.com.br\/index.php\/2024\/10\/03\/a-semana-no-brasil-e-no-mundo-ministros-do-stf-acreditam-que-moraes-pode-manter-bloqueio-do-x-ate-o-primeiro-turno-das-eleicoes\/\",\"url\":\"https:\/\/jornalfatosenoticias.com.br\/index.php\/2024\/10\/03\/a-semana-no-brasil-e-no-mundo-ministros-do-stf-acreditam-que-moraes-pode-manter-bloqueio-do-x-ate-o-primeiro-turno-das-eleicoes\/\",\"name\":\"A Semana no Brasil e no Mundo \u2014 Ministros do STF acreditam que Moraes pode manter bloqueio do X at\u00e9 o primeiro turno das elei\u00e7\u00f5es - Jornal Fatos e Not\u00edcias\",\"isPartOf\":{\"@id\":\"https:\/\/jornalfatosenoticias.com.br\/#website\"},\"primaryImageOfPage\":{\"@id\":\"https:\/\/jornalfatosenoticias.com.br\/index.php\/2024\/10\/03\/a-semana-no-brasil-e-no-mundo-ministros-do-stf-acreditam-que-moraes-pode-manter-bloqueio-do-x-ate-o-primeiro-turno-das-eleicoes\/#primaryimage\"},\"image\":{\"@id\":\"https:\/\/jornalfatosenoticias.com.br\/index.php\/2024\/10\/03\/a-semana-no-brasil-e-no-mundo-ministros-do-stf-acreditam-que-moraes-pode-manter-bloqueio-do-x-ate-o-primeiro-turno-das-eleicoes\/#primaryimage\"},\"thumbnailUrl\":\"https:\/\/jornalfatosenoticias.com.br\/wp-content\/uploads\/2024\/10\/musk-X-brazil-cabeca-de-ovo.jpg\",\"datePublished\":\"2024-10-03T21:08:39+00:00\",\"dateModified\":\"2024-10-03T21:08:40+00:00\",\"breadcrumb\":{\"@id\":\"https:\/\/jornalfatosenoticias.com.br\/index.php\/2024\/10\/03\/a-semana-no-brasil-e-no-mundo-ministros-do-stf-acreditam-que-moraes-pode-manter-bloqueio-do-x-ate-o-primeiro-turno-das-eleicoes\/#breadcrumb\"},\"inLanguage\":\"pt-BR\",\"potentialAction\":[{\"@type\":\"ReadAction\",\"target\":[\"https:\/\/jornalfatosenoticias.com.br\/index.php\/2024\/10\/03\/a-semana-no-brasil-e-no-mundo-ministros-do-stf-acreditam-que-moraes-pode-manter-bloqueio-do-x-ate-o-primeiro-turno-das-eleicoes\/\"]}]},{\"@type\":\"ImageObject\",\"inLanguage\":\"pt-BR\",\"@id\":\"https:\/\/jornalfatosenoticias.com.br\/index.php\/2024\/10\/03\/a-semana-no-brasil-e-no-mundo-ministros-do-stf-acreditam-que-moraes-pode-manter-bloqueio-do-x-ate-o-primeiro-turno-das-eleicoes\/#primaryimage\",\"url\":\"https:\/\/jornalfatosenoticias.com.br\/wp-content\/uploads\/2024\/10\/musk-X-brazil-cabeca-de-ovo.jpg\",\"contentUrl\":\"https:\/\/jornalfatosenoticias.com.br\/wp-content\/uploads\/2024\/10\/musk-X-brazil-cabeca-de-ovo.jpg\",\"width\":780,\"height\":470},{\"@type\":\"BreadcrumbList\",\"@id\":\"https:\/\/jornalfatosenoticias.com.br\/index.php\/2024\/10\/03\/a-semana-no-brasil-e-no-mundo-ministros-do-stf-acreditam-que-moraes-pode-manter-bloqueio-do-x-ate-o-primeiro-turno-das-eleicoes\/#breadcrumb\",\"itemListElement\":[{\"@type\":\"ListItem\",\"position\":1,\"name\":\"In\u00edcio\",\"item\":\"https:\/\/jornalfatosenoticias.com.br\/\"},{\"@type\":\"ListItem\",\"position\":2,\"name\":\"A Semana no Brasil e no Mundo \u2014 Ministros do STF acreditam que Moraes pode manter bloqueio do X at\u00e9 o primeiro turno das elei\u00e7\u00f5es\"}]},{\"@type\":\"WebSite\",\"@id\":\"https:\/\/jornalfatosenoticias.com.br\/#website\",\"url\":\"https:\/\/jornalfatosenoticias.com.br\/\",\"name\":\"Jornal Fatos e Not\u00edcias\",\"description\":\"Not\u00edcias em geral\",\"publisher\":{\"@id\":\"https:\/\/jornalfatosenoticias.com.br\/#organization\"},\"potentialAction\":[{\"@type\":\"SearchAction\",\"target\":{\"@type\":\"EntryPoint\",\"urlTemplate\":\"https:\/\/jornalfatosenoticias.com.br\/?s={search_term_string}\"},\"query-input\":{\"@type\":\"PropertyValueSpecification\",\"valueRequired\":true,\"valueName\":\"search_term_string\"}}],\"inLanguage\":\"pt-BR\"},{\"@type\":\"Organization\",\"@id\":\"https:\/\/jornalfatosenoticias.com.br\/#organization\",\"name\":\"Jornal Fatos e Not\u00edcias\",\"url\":\"https:\/\/jornalfatosenoticias.com.br\/\",\"logo\":{\"@type\":\"ImageObject\",\"inLanguage\":\"pt-BR\",\"@id\":\"https:\/\/jornalfatosenoticias.com.br\/#\/schema\/logo\/image\/\",\"url\":\"https:\/\/jornalfatosenoticias.com.br\/wp-content\/uploads\/2020\/02\/logo120.png\",\"contentUrl\":\"https:\/\/jornalfatosenoticias.com.br\/wp-content\/uploads\/2020\/02\/logo120.png\",\"width\":1227,\"height\":120,\"caption\":\"Jornal Fatos e Not\u00edcias\"},\"image\":{\"@id\":\"https:\/\/jornalfatosenoticias.com.br\/#\/schema\/logo\/image\/\"}},{\"@type\":\"Person\",\"@id\":\"https:\/\/jornalfatosenoticias.com.br\/#\/schema\/person\/05c46cc25b42a5c27e004fb0fa6b4965\",\"name\":\"Haroldo Filho\",\"image\":{\"@type\":\"ImageObject\",\"inLanguage\":\"pt-BR\",\"@id\":\"https:\/\/jornalfatosenoticias.com.br\/#\/schema\/person\/image\/\",\"url\":\"https:\/\/jornalfatosenoticias.com.br\/wp-content\/uploads\/2025\/08\/WhatsApp-Image-2025-08-18-at-15.30.28-150x150.jpeg\",\"contentUrl\":\"https:\/\/jornalfatosenoticias.com.br\/wp-content\/uploads\/2025\/08\/WhatsApp-Image-2025-08-18-at-15.30.28-150x150.jpeg\",\"caption\":\"Haroldo Filho\"},\"description\":\"Jornalista \u2013 DRT: 0003818\/ES Coordenador-geral da ONG Educar para Crescer\",\"url\":\"https:\/\/jornalfatosenoticias.com.br\/index.php\/author\/haroldo\/\"}]}<\/script>\n<!-- \/ Yoast SEO plugin. -->","yoast_head_json":{"title":"A Semana no Brasil e no Mundo \u2014 Ministros do STF acreditam que Moraes pode manter bloqueio do X at\u00e9 o primeiro turno das elei\u00e7\u00f5es - Jornal Fatos e Not\u00edcias","robots":{"index":"index","follow":"follow","max-snippet":"max-snippet:-1","max-image-preview":"max-image-preview:large","max-video-preview":"max-video-preview:-1"},"canonical":"https:\/\/jornalfatosenoticias.com.br\/index.php\/2024\/10\/03\/a-semana-no-brasil-e-no-mundo-ministros-do-stf-acreditam-que-moraes-pode-manter-bloqueio-do-x-ate-o-primeiro-turno-das-eleicoes\/","og_locale":"pt_BR","og_type":"article","og_title":"A Semana no Brasil e no Mundo \u2014 Ministros do STF acreditam que Moraes pode manter bloqueio do X at\u00e9 o primeiro turno das elei\u00e7\u00f5es - Jornal Fatos e Not\u00edcias","og_description":"Elon Musk j\u00e1 ordenou o pagamento das multas impostas pelo magistradoNos bastidores do Supremo Tribunal Federal (STF), cresce a expectativa de que o ministro Alexandre de Moraes pode optar por manter o bloqueio da plataforma X, de Elon Musk, mesmo que a empresa quite as multas impostas por descumprimento de decis\u00e3o judicial, a informa\u00e7\u00e3o \u00e9 [&hellip;]","og_url":"https:\/\/jornalfatosenoticias.com.br\/index.php\/2024\/10\/03\/a-semana-no-brasil-e-no-mundo-ministros-do-stf-acreditam-que-moraes-pode-manter-bloqueio-do-x-ate-o-primeiro-turno-das-eleicoes\/","og_site_name":"Jornal Fatos e Not\u00edcias","article_published_time":"2024-10-03T21:08:39+00:00","article_modified_time":"2024-10-03T21:08:40+00:00","og_image":[{"width":780,"height":470,"url":"https:\/\/jornalfatosenoticias.com.br\/wp-content\/uploads\/2024\/10\/musk-X-brazil-cabeca-de-ovo.jpg","type":"image\/jpeg"}],"author":"Haroldo Filho","twitter_card":"summary_large_image","twitter_misc":{"Escrito por":"Haroldo Filho","Est. tempo de leitura":"10 minutos"},"schema":{"@context":"https:\/\/schema.org","@graph":[{"@type":"Article","@id":"https:\/\/jornalfatosenoticias.com.br\/index.php\/2024\/10\/03\/a-semana-no-brasil-e-no-mundo-ministros-do-stf-acreditam-que-moraes-pode-manter-bloqueio-do-x-ate-o-primeiro-turno-das-eleicoes\/#article","isPartOf":{"@id":"https:\/\/jornalfatosenoticias.com.br\/index.php\/2024\/10\/03\/a-semana-no-brasil-e-no-mundo-ministros-do-stf-acreditam-que-moraes-pode-manter-bloqueio-do-x-ate-o-primeiro-turno-das-eleicoes\/"},"author":{"name":"Haroldo Filho","@id":"https:\/\/jornalfatosenoticias.com.br\/#\/schema\/person\/05c46cc25b42a5c27e004fb0fa6b4965"},"headline":"A Semana no Brasil e no Mundo \u2014 Ministros do STF acreditam que Moraes pode manter bloqueio do X at\u00e9 o primeiro turno das elei\u00e7\u00f5es","datePublished":"2024-10-03T21:08:39+00:00","dateModified":"2024-10-03T21:08:40+00:00","mainEntityOfPage":{"@id":"https:\/\/jornalfatosenoticias.com.br\/index.php\/2024\/10\/03\/a-semana-no-brasil-e-no-mundo-ministros-do-stf-acreditam-que-moraes-pode-manter-bloqueio-do-x-ate-o-primeiro-turno-das-eleicoes\/"},"wordCount":1927,"commentCount":0,"publisher":{"@id":"https:\/\/jornalfatosenoticias.com.br\/#organization"},"image":{"@id":"https:\/\/jornalfatosenoticias.com.br\/index.php\/2024\/10\/03\/a-semana-no-brasil-e-no-mundo-ministros-do-stf-acreditam-que-moraes-pode-manter-bloqueio-do-x-ate-o-primeiro-turno-das-eleicoes\/#primaryimage"},"thumbnailUrl":"https:\/\/jornalfatosenoticias.com.br\/wp-content\/uploads\/2024\/10\/musk-X-brazil-cabeca-de-ovo.jpg","keywords":["Alexandre de Moraes","bloqueio do X","Bolsonaro","conflito no Oriente M\u00e9dio","elei\u00e7\u00f5es 2024","Elon Musk","Ir\u00e3","Israel","Lula","ministros do STF","rede social X"],"articleSection":["Pol\u00edtica"],"inLanguage":"pt-BR","potentialAction":[{"@type":"CommentAction","name":"Comment","target":["https:\/\/jornalfatosenoticias.com.br\/index.php\/2024\/10\/03\/a-semana-no-brasil-e-no-mundo-ministros-do-stf-acreditam-que-moraes-pode-manter-bloqueio-do-x-ate-o-primeiro-turno-das-eleicoes\/#respond"]}]},{"@type":"WebPage","@id":"https:\/\/jornalfatosenoticias.com.br\/index.php\/2024\/10\/03\/a-semana-no-brasil-e-no-mundo-ministros-do-stf-acreditam-que-moraes-pode-manter-bloqueio-do-x-ate-o-primeiro-turno-das-eleicoes\/","url":"https:\/\/jornalfatosenoticias.com.br\/index.php\/2024\/10\/03\/a-semana-no-brasil-e-no-mundo-ministros-do-stf-acreditam-que-moraes-pode-manter-bloqueio-do-x-ate-o-primeiro-turno-das-eleicoes\/","name":"A Semana no Brasil e no Mundo \u2014 Ministros do STF acreditam que Moraes pode manter bloqueio do X at\u00e9 o primeiro turno das elei\u00e7\u00f5es - Jornal Fatos e Not\u00edcias","isPartOf":{"@id":"https:\/\/jornalfatosenoticias.com.br\/#website"},"primaryImageOfPage":{"@id":"https:\/\/jornalfatosenoticias.com.br\/index.php\/2024\/10\/03\/a-semana-no-brasil-e-no-mundo-ministros-do-stf-acreditam-que-moraes-pode-manter-bloqueio-do-x-ate-o-primeiro-turno-das-eleicoes\/#primaryimage"},"image":{"@id":"https:\/\/jornalfatosenoticias.com.br\/index.php\/2024\/10\/03\/a-semana-no-brasil-e-no-mundo-ministros-do-stf-acreditam-que-moraes-pode-manter-bloqueio-do-x-ate-o-primeiro-turno-das-eleicoes\/#primaryimage"},"thumbnailUrl":"https:\/\/jornalfatosenoticias.com.br\/wp-content\/uploads\/2024\/10\/musk-X-brazil-cabeca-de-ovo.jpg","datePublished":"2024-10-03T21:08:39+00:00","dateModified":"2024-10-03T21:08:40+00:00","breadcrumb":{"@id":"https:\/\/jornalfatosenoticias.com.br\/index.php\/2024\/10\/03\/a-semana-no-brasil-e-no-mundo-ministros-do-stf-acreditam-que-moraes-pode-manter-bloqueio-do-x-ate-o-primeiro-turno-das-eleicoes\/#breadcrumb"},"inLanguage":"pt-BR","potentialAction":[{"@type":"ReadAction","target":["https:\/\/jornalfatosenoticias.com.br\/index.php\/2024\/10\/03\/a-semana-no-brasil-e-no-mundo-ministros-do-stf-acreditam-que-moraes-pode-manter-bloqueio-do-x-ate-o-primeiro-turno-das-eleicoes\/"]}]},{"@type":"ImageObject","inLanguage":"pt-BR","@id":"https:\/\/jornalfatosenoticias.com.br\/index.php\/2024\/10\/03\/a-semana-no-brasil-e-no-mundo-ministros-do-stf-acreditam-que-moraes-pode-manter-bloqueio-do-x-ate-o-primeiro-turno-das-eleicoes\/#primaryimage","url":"https:\/\/jornalfatosenoticias.com.br\/wp-content\/uploads\/2024\/10\/musk-X-brazil-cabeca-de-ovo.jpg","contentUrl":"https:\/\/jornalfatosenoticias.com.br\/wp-content\/uploads\/2024\/10\/musk-X-brazil-cabeca-de-ovo.jpg","width":780,"height":470},{"@type":"BreadcrumbList","@id":"https:\/\/jornalfatosenoticias.com.br\/index.php\/2024\/10\/03\/a-semana-no-brasil-e-no-mundo-ministros-do-stf-acreditam-que-moraes-pode-manter-bloqueio-do-x-ate-o-primeiro-turno-das-eleicoes\/#breadcrumb","itemListElement":[{"@type":"ListItem","position":1,"name":"In\u00edcio","item":"https:\/\/jornalfatosenoticias.com.br\/"},{"@type":"ListItem","position":2,"name":"A Semana no Brasil e no Mundo \u2014 Ministros do STF acreditam que Moraes pode manter bloqueio do X at\u00e9 o primeiro turno das elei\u00e7\u00f5es"}]},{"@type":"WebSite","@id":"https:\/\/jornalfatosenoticias.com.br\/#website","url":"https:\/\/jornalfatosenoticias.com.br\/","name":"Jornal Fatos e Not\u00edcias","description":"Not\u00edcias em geral","publisher":{"@id":"https:\/\/jornalfatosenoticias.com.br\/#organization"},"potentialAction":[{"@type":"SearchAction","target":{"@type":"EntryPoint","urlTemplate":"https:\/\/jornalfatosenoticias.com.br\/?s={search_term_string}"},"query-input":{"@type":"PropertyValueSpecification","valueRequired":true,"valueName":"search_term_string"}}],"inLanguage":"pt-BR"},{"@type":"Organization","@id":"https:\/\/jornalfatosenoticias.com.br\/#organization","name":"Jornal Fatos e Not\u00edcias","url":"https:\/\/jornalfatosenoticias.com.br\/","logo":{"@type":"ImageObject","inLanguage":"pt-BR","@id":"https:\/\/jornalfatosenoticias.com.br\/#\/schema\/logo\/image\/","url":"https:\/\/jornalfatosenoticias.com.br\/wp-content\/uploads\/2020\/02\/logo120.png","contentUrl":"https:\/\/jornalfatosenoticias.com.br\/wp-content\/uploads\/2020\/02\/logo120.png","width":1227,"height":120,"caption":"Jornal Fatos e Not\u00edcias"},"image":{"@id":"https:\/\/jornalfatosenoticias.com.br\/#\/schema\/logo\/image\/"}},{"@type":"Person","@id":"https:\/\/jornalfatosenoticias.com.br\/#\/schema\/person\/05c46cc25b42a5c27e004fb0fa6b4965","name":"Haroldo Filho","image":{"@type":"ImageObject","inLanguage":"pt-BR","@id":"https:\/\/jornalfatosenoticias.com.br\/#\/schema\/person\/image\/","url":"https:\/\/jornalfatosenoticias.com.br\/wp-content\/uploads\/2025\/08\/WhatsApp-Image-2025-08-18-at-15.30.28-150x150.jpeg","contentUrl":"https:\/\/jornalfatosenoticias.com.br\/wp-content\/uploads\/2025\/08\/WhatsApp-Image-2025-08-18-at-15.30.28-150x150.jpeg","caption":"Haroldo Filho"},"description":"Jornalista \u2013 DRT: 0003818\/ES Coordenador-geral da ONG Educar para Crescer","url":"https:\/\/jornalfatosenoticias.com.br\/index.php\/author\/haroldo\/"}]}},"cc_featured_image_caption":{"caption_text":"(Foto: FoxNews) ","source_text":"","source_url":""},"jetpack_featured_media_url":"https:\/\/jornalfatosenoticias.com.br\/wp-content\/uploads\/2024\/10\/musk-X-brazil-cabeca-de-ovo.jpg","_links":{"self":[{"href":"https:\/\/jornalfatosenoticias.com.br\/index.php\/wp-json\/wp\/v2\/posts\/54651","targetHints":{"allow":["GET"]}}],"collection":[{"href":"https:\/\/jornalfatosenoticias.com.br\/index.php\/wp-json\/wp\/v2\/posts"}],"about":[{"href":"https:\/\/jornalfatosenoticias.com.br\/index.php\/wp-json\/wp\/v2\/types\/post"}],"author":[{"embeddable":true,"href":"https:\/\/jornalfatosenoticias.com.br\/index.php\/wp-json\/wp\/v2\/users\/3"}],"replies":[{"embeddable":true,"href":"https:\/\/jornalfatosenoticias.com.br\/index.php\/wp-json\/wp\/v2\/comments?post=54651"}],"version-history":[{"count":0,"href":"https:\/\/jornalfatosenoticias.com.br\/index.php\/wp-json\/wp\/v2\/posts\/54651\/revisions"}],"wp:featuredmedia":[{"embeddable":true,"href":"https:\/\/jornalfatosenoticias.com.br\/index.php\/wp-json\/wp\/v2\/media\/54657"}],"wp:attachment":[{"href":"https:\/\/jornalfatosenoticias.com.br\/index.php\/wp-json\/wp\/v2\/media?parent=54651"}],"wp:term":[{"taxonomy":"category","embeddable":true,"href":"https:\/\/jornalfatosenoticias.com.br\/index.php\/wp-json\/wp\/v2\/categories?post=54651"},{"taxonomy":"post_tag","embeddable":true,"href":"https:\/\/jornalfatosenoticias.com.br\/index.php\/wp-json\/wp\/v2\/tags?post=54651"}],"curies":[{"name":"wp","href":"https:\/\/api.w.org\/{rel}","templated":true}]}}