{"id":54659,"date":"2024-10-03T18:14:10","date_gmt":"2024-10-03T21:14:10","guid":{"rendered":"https:\/\/jornalfatosenoticias.com.br\/?p=54659"},"modified":"2024-10-03T18:14:11","modified_gmt":"2024-10-03T21:14:11","slug":"alma-viajora","status":"publish","type":"post","link":"https:\/\/jornalfatosenoticias.com.br\/index.php\/2024\/10\/03\/alma-viajora\/","title":{"rendered":"Alma viajora"},"content":{"rendered":"\n<div class=\"wp-block-image\"><figure class=\"aligncenter size-large is-resized\"><a href=\"https:\/\/www.facebook.com\/vetor.vix\/\"><img loading=\"lazy\" decoding=\"async\" src=\"https:\/\/jornalfatosenoticias.com.br\/wp-content\/uploads\/2023\/09\/vetorvix1024_1.jpg\" alt=\"\" class=\"wp-image-44868\" width=\"486\" height=\"129\" srcset=\"https:\/\/jornalfatosenoticias.com.br\/wp-content\/uploads\/2023\/09\/vetorvix1024_1.jpg 1024w, https:\/\/jornalfatosenoticias.com.br\/wp-content\/uploads\/2023\/09\/vetorvix1024_1-300x80.jpg 300w, https:\/\/jornalfatosenoticias.com.br\/wp-content\/uploads\/2023\/09\/vetorvix1024_1-768x205.jpg 768w\" sizes=\"auto, (max-width: 486px) 100vw, 486px\" \/><\/a><\/figure><\/div>\n\n\n\n<p>S\u00f3crates dizia,<br>Com propriedade,<br>Que o homem<br>\u00c9 a sua alma<\/p>\n\n\n\n<p>Ele afirmava,<br>Com coragem<br>E veem\u00eancia,<br>Que o homem<br>N\u00e3o \u00e9 o seu corpo,<br>Nem tampouco<br>As suas medalhas,<br>Vestes ou posses<\/p>\n\n\n\n<div class=\"wp-block-image\"><figure class=\"aligncenter size-large\"><a href=\"https:\/\/cesconetto.com.br\/\"><img loading=\"lazy\" decoding=\"async\" width=\"300\" height=\"250\" src=\"https:\/\/jornalfatosenoticias.com.br\/wp-content\/uploads\/2020\/02\/Banner-2.png\" alt=\"\" class=\"wp-image-43787\"\/><\/a><\/figure><\/div>\n\n\n\n<p>Dizia, ainda,<br>O c\u00e9lebre fil\u00f3sofo<br>Da antiguidade,<br>Que o homem n\u00e3o<br>\u00c9 o seu bra\u00e7o ou<br>A sua perna, tamb\u00e9m<br>N\u00e3o o seu peito,<br>O seu cora\u00e7\u00e3o ou<br>O seu cr\u00e2nio<\/p>\n\n\n\n<p>E arrematava:<br>\u201cO intelecto, bem<br>Como a moral e<br>A consci\u00eancia, est\u00e3o<br>Localizados na alma<br>Do homem, ou seja,<br>Na sua ess\u00eancia<\/p>\n\n\n\n<div class=\"wp-block-image\"><figure class=\"aligncenter size-large is-resized\"><a href=\"https:\/\/www.instagram.com\/vmais.midias\/\"><img loading=\"lazy\" decoding=\"async\" src=\"https:\/\/jornalfatosenoticias.com.br\/wp-content\/uploads\/2020\/02\/DE-MAIS-DESTAQUE-VMAIS-800X700.png\" alt=\"\" class=\"wp-image-53112\" width=\"288\" height=\"251\" srcset=\"https:\/\/jornalfatosenoticias.com.br\/wp-content\/uploads\/2020\/02\/DE-MAIS-DESTAQUE-VMAIS-800X700.png 800w, https:\/\/jornalfatosenoticias.com.br\/wp-content\/uploads\/2020\/02\/DE-MAIS-DESTAQUE-VMAIS-800X700-300x263.png 300w, https:\/\/jornalfatosenoticias.com.br\/wp-content\/uploads\/2020\/02\/DE-MAIS-DESTAQUE-VMAIS-800X700-768x672.png 768w\" sizes=\"auto, (max-width: 288px) 100vw, 288px\" \/><\/a><\/figure><\/div>\n\n\n\n<p>Por isto, repetia<br>Sempre o que j\u00e1<br>Estava escrito<br>Pelos sete s\u00e1bios<br>Da Gr\u00e9cia:<br>\u201cConhece-te a ti<br>Mesmo\u201d<\/p>\n\n\n\n<p>Eu, sei que nada<br>Sei, mas, neste<br>Ponto, concordo<br>Com S\u00f3crates e<br>Ouso pedir v\u00eania<br>Para acrescentar,<\/p>\n\n\n\n<div class=\"wp-block-image\"><figure class=\"aligncenter size-large\"><a href=\"https:\/\/www.controlsystems.com.br\/\"><img loading=\"lazy\" decoding=\"async\" width=\"1024\" height=\"109\" src=\"https:\/\/jornalfatosenoticias.com.br\/wp-content\/uploads\/2020\/02\/CONTROL-CS2-1024x109.jpg\" alt=\"\" class=\"wp-image-44989\" srcset=\"https:\/\/jornalfatosenoticias.com.br\/wp-content\/uploads\/2020\/02\/CONTROL-CS2-1024x109.jpg 1024w, https:\/\/jornalfatosenoticias.com.br\/wp-content\/uploads\/2020\/02\/CONTROL-CS2-300x32.jpg 300w, https:\/\/jornalfatosenoticias.com.br\/wp-content\/uploads\/2020\/02\/CONTROL-CS2-768x82.jpg 768w, https:\/\/jornalfatosenoticias.com.br\/wp-content\/uploads\/2020\/02\/CONTROL-CS2.jpg 1120w\" sizes=\"auto, (max-width: 1024px) 100vw, 1024px\" \/><\/a><\/figure><\/div>\n\n\n\n<p>Eu n\u00e3o sou o meu<br>Corpo, nem o meu<br>T\u00edtulo, eu n\u00e3o sou<br>O meu anel o meu<br>Nome ou o meu esp\u00f3lio<\/p>\n\n\n\n<p>Eu sou apenas<br>A minha alma,<br>A mesma velha<br>Alma, longeva<br>Imortal e viajora<\/p>\n\n\n\n<div class=\"wp-block-image\"><figure class=\"aligncenter size-large is-resized\"><a href=\"https:\/\/www.instagram.com\/serra4x4cambioautomatico\/\"><img loading=\"lazy\" decoding=\"async\" src=\"https:\/\/jornalfatosenoticias.com.br\/wp-content\/uploads\/2024\/08\/Serra-4x4-1-886x1024.jpg\" alt=\"\" class=\"wp-image-53632\" width=\"275\" height=\"318\" srcset=\"https:\/\/jornalfatosenoticias.com.br\/wp-content\/uploads\/2024\/08\/Serra-4x4-1-886x1024.jpg 886w, https:\/\/jornalfatosenoticias.com.br\/wp-content\/uploads\/2024\/08\/Serra-4x4-1-260x300.jpg 260w, https:\/\/jornalfatosenoticias.com.br\/wp-content\/uploads\/2024\/08\/Serra-4x4-1-768x888.jpg 768w, https:\/\/jornalfatosenoticias.com.br\/wp-content\/uploads\/2024\/08\/Serra-4x4-1.jpg 1181w\" sizes=\"auto, (max-width: 275px) 100vw, 275px\" \/><\/a><\/figure><\/div>\n","protected":false},"excerpt":{"rendered":"<p>S\u00f3crates dizia,Com propriedade,Que o homem\u00c9 a sua alma Ele afirmava,Com coragemE veem\u00eancia,Que o homemN\u00e3o \u00e9 o seu corpo,Nem tampoucoAs suas medalhas,Vestes ou posses Dizia, ainda,O c\u00e9lebre fil\u00f3sofoDa antiguidade,Que o homem n\u00e3o\u00c9 o seu bra\u00e7o ouA sua perna, tamb\u00e9mN\u00e3o o seu peito,O seu cora\u00e7\u00e3o ouO seu cr\u00e2nio E arrematava:\u201cO intelecto, bemComo a moral eA consci\u00eancia, est\u00e3oLocalizados [&hellip;]<\/p>\n","protected":false},"author":20,"featured_media":54660,"comment_status":"open","ping_status":"open","sticky":false,"template":"","format":"standard","meta":{"footnotes":""},"categories":[4],"tags":[24913,1221,24911,668,5639,24912,24910],"class_list":["post-54659","post","type-post","status-publish","format-standard","has-post-thumbnail","hentry","category-cultura","tag-alma-imortal","tag-coracao","tag-filosofo","tag-grecia","tag-intelecto","tag-socrates","tag-viajante"],"yoast_head":"<!-- This site is optimized with the Yoast SEO plugin v26.5 - https:\/\/yoast.com\/wordpress\/plugins\/seo\/ -->\n<title>Alma viajora - Jornal Fatos e Not\u00edcias<\/title>\n<meta name=\"robots\" content=\"index, follow, max-snippet:-1, max-image-preview:large, max-video-preview:-1\" \/>\n<link rel=\"canonical\" href=\"https:\/\/jornalfatosenoticias.com.br\/index.php\/2024\/10\/03\/alma-viajora\/\" \/>\n<meta property=\"og:locale\" content=\"pt_BR\" \/>\n<meta property=\"og:type\" content=\"article\" \/>\n<meta property=\"og:title\" content=\"Alma viajora - Jornal Fatos e Not\u00edcias\" \/>\n<meta property=\"og:description\" content=\"S\u00f3crates dizia,Com propriedade,Que o homem\u00c9 a sua alma Ele afirmava,Com coragemE veem\u00eancia,Que o homemN\u00e3o \u00e9 o seu corpo,Nem tampoucoAs suas medalhas,Vestes ou posses Dizia, ainda,O c\u00e9lebre fil\u00f3sofoDa antiguidade,Que o homem n\u00e3o\u00c9 o seu bra\u00e7o ouA sua perna, tamb\u00e9mN\u00e3o o seu peito,O seu cora\u00e7\u00e3o ouO seu cr\u00e2nio E arrematava:\u201cO intelecto, bemComo a moral eA consci\u00eancia, est\u00e3oLocalizados [&hellip;]\" \/>\n<meta property=\"og:url\" content=\"https:\/\/jornalfatosenoticias.com.br\/index.php\/2024\/10\/03\/alma-viajora\/\" \/>\n<meta property=\"og:site_name\" content=\"Jornal Fatos e Not\u00edcias\" \/>\n<meta property=\"article:published_time\" content=\"2024-10-03T21:14:10+00:00\" \/>\n<meta property=\"article:modified_time\" content=\"2024-10-03T21:14:11+00:00\" \/>\n<meta property=\"og:image\" content=\"https:\/\/jornalfatosenoticias.com.br\/wp-content\/uploads\/2024\/10\/ALMA-VIAJORA_FREEPIK.jpg\" \/>\n\t<meta property=\"og:image:width\" content=\"740\" \/>\n\t<meta property=\"og:image:height\" content=\"493\" \/>\n\t<meta property=\"og:image:type\" content=\"image\/jpeg\" \/>\n<meta name=\"author\" content=\"M\u00e1rio Vieira\" \/>\n<meta name=\"twitter:card\" content=\"summary_large_image\" \/>\n<meta name=\"twitter:label1\" content=\"Escrito por\" \/>\n\t<meta name=\"twitter:data1\" content=\"M\u00e1rio Vieira\" \/>\n\t<meta name=\"twitter:label2\" content=\"Est. tempo de leitura\" \/>\n\t<meta name=\"twitter:data2\" content=\"1 minuto\" \/>\n<script type=\"application\/ld+json\" class=\"yoast-schema-graph\">{\"@context\":\"https:\/\/schema.org\",\"@graph\":[{\"@type\":\"Article\",\"@id\":\"https:\/\/jornalfatosenoticias.com.br\/index.php\/2024\/10\/03\/alma-viajora\/#article\",\"isPartOf\":{\"@id\":\"https:\/\/jornalfatosenoticias.com.br\/index.php\/2024\/10\/03\/alma-viajora\/\"},\"author\":{\"name\":\"M\u00e1rio Vieira\",\"@id\":\"https:\/\/jornalfatosenoticias.com.br\/#\/schema\/person\/30ad7100d3327eb592fff379e3c2a827\"},\"headline\":\"Alma viajora\",\"datePublished\":\"2024-10-03T21:14:10+00:00\",\"dateModified\":\"2024-10-03T21:14:11+00:00\",\"mainEntityOfPage\":{\"@id\":\"https:\/\/jornalfatosenoticias.com.br\/index.php\/2024\/10\/03\/alma-viajora\/\"},\"wordCount\":152,\"commentCount\":0,\"publisher\":{\"@id\":\"https:\/\/jornalfatosenoticias.com.br\/#organization\"},\"image\":{\"@id\":\"https:\/\/jornalfatosenoticias.com.br\/index.php\/2024\/10\/03\/alma-viajora\/#primaryimage\"},\"thumbnailUrl\":\"https:\/\/jornalfatosenoticias.com.br\/wp-content\/uploads\/2024\/10\/ALMA-VIAJORA_FREEPIK.jpg\",\"keywords\":[\"alma imortal\",\"cora\u00e7\u00e3o\",\"fil\u00f3sofo\",\"Gr\u00e9cia\",\"intelecto\",\"S\u00f3crates\",\"viajante\"],\"articleSection\":[\"Cultura\"],\"inLanguage\":\"pt-BR\",\"potentialAction\":[{\"@type\":\"CommentAction\",\"name\":\"Comment\",\"target\":[\"https:\/\/jornalfatosenoticias.com.br\/index.php\/2024\/10\/03\/alma-viajora\/#respond\"]}]},{\"@type\":\"WebPage\",\"@id\":\"https:\/\/jornalfatosenoticias.com.br\/index.php\/2024\/10\/03\/alma-viajora\/\",\"url\":\"https:\/\/jornalfatosenoticias.com.br\/index.php\/2024\/10\/03\/alma-viajora\/\",\"name\":\"Alma viajora - Jornal Fatos e Not\u00edcias\",\"isPartOf\":{\"@id\":\"https:\/\/jornalfatosenoticias.com.br\/#website\"},\"primaryImageOfPage\":{\"@id\":\"https:\/\/jornalfatosenoticias.com.br\/index.php\/2024\/10\/03\/alma-viajora\/#primaryimage\"},\"image\":{\"@id\":\"https:\/\/jornalfatosenoticias.com.br\/index.php\/2024\/10\/03\/alma-viajora\/#primaryimage\"},\"thumbnailUrl\":\"https:\/\/jornalfatosenoticias.com.br\/wp-content\/uploads\/2024\/10\/ALMA-VIAJORA_FREEPIK.jpg\",\"datePublished\":\"2024-10-03T21:14:10+00:00\",\"dateModified\":\"2024-10-03T21:14:11+00:00\",\"breadcrumb\":{\"@id\":\"https:\/\/jornalfatosenoticias.com.br\/index.php\/2024\/10\/03\/alma-viajora\/#breadcrumb\"},\"inLanguage\":\"pt-BR\",\"potentialAction\":[{\"@type\":\"ReadAction\",\"target\":[\"https:\/\/jornalfatosenoticias.com.br\/index.php\/2024\/10\/03\/alma-viajora\/\"]}]},{\"@type\":\"ImageObject\",\"inLanguage\":\"pt-BR\",\"@id\":\"https:\/\/jornalfatosenoticias.com.br\/index.php\/2024\/10\/03\/alma-viajora\/#primaryimage\",\"url\":\"https:\/\/jornalfatosenoticias.com.br\/wp-content\/uploads\/2024\/10\/ALMA-VIAJORA_FREEPIK.jpg\",\"contentUrl\":\"https:\/\/jornalfatosenoticias.com.br\/wp-content\/uploads\/2024\/10\/ALMA-VIAJORA_FREEPIK.jpg\",\"width\":740,\"height\":493},{\"@type\":\"BreadcrumbList\",\"@id\":\"https:\/\/jornalfatosenoticias.com.br\/index.php\/2024\/10\/03\/alma-viajora\/#breadcrumb\",\"itemListElement\":[{\"@type\":\"ListItem\",\"position\":1,\"name\":\"In\u00edcio\",\"item\":\"https:\/\/jornalfatosenoticias.com.br\/\"},{\"@type\":\"ListItem\",\"position\":2,\"name\":\"Alma viajora\"}]},{\"@type\":\"WebSite\",\"@id\":\"https:\/\/jornalfatosenoticias.com.br\/#website\",\"url\":\"https:\/\/jornalfatosenoticias.com.br\/\",\"name\":\"Jornal Fatos e Not\u00edcias\",\"description\":\"Not\u00edcias em geral\",\"publisher\":{\"@id\":\"https:\/\/jornalfatosenoticias.com.br\/#organization\"},\"potentialAction\":[{\"@type\":\"SearchAction\",\"target\":{\"@type\":\"EntryPoint\",\"urlTemplate\":\"https:\/\/jornalfatosenoticias.com.br\/?s={search_term_string}\"},\"query-input\":{\"@type\":\"PropertyValueSpecification\",\"valueRequired\":true,\"valueName\":\"search_term_string\"}}],\"inLanguage\":\"pt-BR\"},{\"@type\":\"Organization\",\"@id\":\"https:\/\/jornalfatosenoticias.com.br\/#organization\",\"name\":\"Jornal Fatos e Not\u00edcias\",\"url\":\"https:\/\/jornalfatosenoticias.com.br\/\",\"logo\":{\"@type\":\"ImageObject\",\"inLanguage\":\"pt-BR\",\"@id\":\"https:\/\/jornalfatosenoticias.com.br\/#\/schema\/logo\/image\/\",\"url\":\"https:\/\/jornalfatosenoticias.com.br\/wp-content\/uploads\/2020\/02\/logo120.png\",\"contentUrl\":\"https:\/\/jornalfatosenoticias.com.br\/wp-content\/uploads\/2020\/02\/logo120.png\",\"width\":1227,\"height\":120,\"caption\":\"Jornal Fatos e Not\u00edcias\"},\"image\":{\"@id\":\"https:\/\/jornalfatosenoticias.com.br\/#\/schema\/logo\/image\/\"}},{\"@type\":\"Person\",\"@id\":\"https:\/\/jornalfatosenoticias.com.br\/#\/schema\/person\/30ad7100d3327eb592fff379e3c2a827\",\"name\":\"M\u00e1rio Vieira\",\"image\":{\"@type\":\"ImageObject\",\"inLanguage\":\"pt-BR\",\"@id\":\"https:\/\/jornalfatosenoticias.com.br\/#\/schema\/person\/image\/\",\"url\":\"https:\/\/jornalfatosenoticias.com.br\/wp-content\/uploads\/2023\/06\/MARIO-removebg-preview-150x150.png\",\"contentUrl\":\"https:\/\/jornalfatosenoticias.com.br\/wp-content\/uploads\/2023\/06\/MARIO-removebg-preview-150x150.png\",\"caption\":\"M\u00e1rio Vieira\"},\"description\":\"Capixaba, casado, autor e advogado\",\"url\":\"https:\/\/jornalfatosenoticias.com.br\/index.php\/author\/mario\/\"}]}<\/script>\n<!-- \/ Yoast SEO plugin. -->","yoast_head_json":{"title":"Alma viajora - Jornal Fatos e Not\u00edcias","robots":{"index":"index","follow":"follow","max-snippet":"max-snippet:-1","max-image-preview":"max-image-preview:large","max-video-preview":"max-video-preview:-1"},"canonical":"https:\/\/jornalfatosenoticias.com.br\/index.php\/2024\/10\/03\/alma-viajora\/","og_locale":"pt_BR","og_type":"article","og_title":"Alma viajora - Jornal Fatos e Not\u00edcias","og_description":"S\u00f3crates dizia,Com propriedade,Que o homem\u00c9 a sua alma Ele afirmava,Com coragemE veem\u00eancia,Que o homemN\u00e3o \u00e9 o seu corpo,Nem tampoucoAs suas medalhas,Vestes ou posses Dizia, ainda,O c\u00e9lebre fil\u00f3sofoDa antiguidade,Que o homem n\u00e3o\u00c9 o seu bra\u00e7o ouA sua perna, tamb\u00e9mN\u00e3o o seu peito,O seu cora\u00e7\u00e3o ouO seu cr\u00e2nio E arrematava:\u201cO intelecto, bemComo a moral eA consci\u00eancia, est\u00e3oLocalizados [&hellip;]","og_url":"https:\/\/jornalfatosenoticias.com.br\/index.php\/2024\/10\/03\/alma-viajora\/","og_site_name":"Jornal Fatos e Not\u00edcias","article_published_time":"2024-10-03T21:14:10+00:00","article_modified_time":"2024-10-03T21:14:11+00:00","og_image":[{"width":740,"height":493,"url":"https:\/\/jornalfatosenoticias.com.br\/wp-content\/uploads\/2024\/10\/ALMA-VIAJORA_FREEPIK.jpg","type":"image\/jpeg"}],"author":"M\u00e1rio Vieira","twitter_card":"summary_large_image","twitter_misc":{"Escrito por":"M\u00e1rio Vieira","Est. tempo de leitura":"1 minuto"},"schema":{"@context":"https:\/\/schema.org","@graph":[{"@type":"Article","@id":"https:\/\/jornalfatosenoticias.com.br\/index.php\/2024\/10\/03\/alma-viajora\/#article","isPartOf":{"@id":"https:\/\/jornalfatosenoticias.com.br\/index.php\/2024\/10\/03\/alma-viajora\/"},"author":{"name":"M\u00e1rio Vieira","@id":"https:\/\/jornalfatosenoticias.com.br\/#\/schema\/person\/30ad7100d3327eb592fff379e3c2a827"},"headline":"Alma viajora","datePublished":"2024-10-03T21:14:10+00:00","dateModified":"2024-10-03T21:14:11+00:00","mainEntityOfPage":{"@id":"https:\/\/jornalfatosenoticias.com.br\/index.php\/2024\/10\/03\/alma-viajora\/"},"wordCount":152,"commentCount":0,"publisher":{"@id":"https:\/\/jornalfatosenoticias.com.br\/#organization"},"image":{"@id":"https:\/\/jornalfatosenoticias.com.br\/index.php\/2024\/10\/03\/alma-viajora\/#primaryimage"},"thumbnailUrl":"https:\/\/jornalfatosenoticias.com.br\/wp-content\/uploads\/2024\/10\/ALMA-VIAJORA_FREEPIK.jpg","keywords":["alma imortal","cora\u00e7\u00e3o","fil\u00f3sofo","Gr\u00e9cia","intelecto","S\u00f3crates","viajante"],"articleSection":["Cultura"],"inLanguage":"pt-BR","potentialAction":[{"@type":"CommentAction","name":"Comment","target":["https:\/\/jornalfatosenoticias.com.br\/index.php\/2024\/10\/03\/alma-viajora\/#respond"]}]},{"@type":"WebPage","@id":"https:\/\/jornalfatosenoticias.com.br\/index.php\/2024\/10\/03\/alma-viajora\/","url":"https:\/\/jornalfatosenoticias.com.br\/index.php\/2024\/10\/03\/alma-viajora\/","name":"Alma viajora - Jornal Fatos e Not\u00edcias","isPartOf":{"@id":"https:\/\/jornalfatosenoticias.com.br\/#website"},"primaryImageOfPage":{"@id":"https:\/\/jornalfatosenoticias.com.br\/index.php\/2024\/10\/03\/alma-viajora\/#primaryimage"},"image":{"@id":"https:\/\/jornalfatosenoticias.com.br\/index.php\/2024\/10\/03\/alma-viajora\/#primaryimage"},"thumbnailUrl":"https:\/\/jornalfatosenoticias.com.br\/wp-content\/uploads\/2024\/10\/ALMA-VIAJORA_FREEPIK.jpg","datePublished":"2024-10-03T21:14:10+00:00","dateModified":"2024-10-03T21:14:11+00:00","breadcrumb":{"@id":"https:\/\/jornalfatosenoticias.com.br\/index.php\/2024\/10\/03\/alma-viajora\/#breadcrumb"},"inLanguage":"pt-BR","potentialAction":[{"@type":"ReadAction","target":["https:\/\/jornalfatosenoticias.com.br\/index.php\/2024\/10\/03\/alma-viajora\/"]}]},{"@type":"ImageObject","inLanguage":"pt-BR","@id":"https:\/\/jornalfatosenoticias.com.br\/index.php\/2024\/10\/03\/alma-viajora\/#primaryimage","url":"https:\/\/jornalfatosenoticias.com.br\/wp-content\/uploads\/2024\/10\/ALMA-VIAJORA_FREEPIK.jpg","contentUrl":"https:\/\/jornalfatosenoticias.com.br\/wp-content\/uploads\/2024\/10\/ALMA-VIAJORA_FREEPIK.jpg","width":740,"height":493},{"@type":"BreadcrumbList","@id":"https:\/\/jornalfatosenoticias.com.br\/index.php\/2024\/10\/03\/alma-viajora\/#breadcrumb","itemListElement":[{"@type":"ListItem","position":1,"name":"In\u00edcio","item":"https:\/\/jornalfatosenoticias.com.br\/"},{"@type":"ListItem","position":2,"name":"Alma viajora"}]},{"@type":"WebSite","@id":"https:\/\/jornalfatosenoticias.com.br\/#website","url":"https:\/\/jornalfatosenoticias.com.br\/","name":"Jornal Fatos e Not\u00edcias","description":"Not\u00edcias em geral","publisher":{"@id":"https:\/\/jornalfatosenoticias.com.br\/#organization"},"potentialAction":[{"@type":"SearchAction","target":{"@type":"EntryPoint","urlTemplate":"https:\/\/jornalfatosenoticias.com.br\/?s={search_term_string}"},"query-input":{"@type":"PropertyValueSpecification","valueRequired":true,"valueName":"search_term_string"}}],"inLanguage":"pt-BR"},{"@type":"Organization","@id":"https:\/\/jornalfatosenoticias.com.br\/#organization","name":"Jornal Fatos e Not\u00edcias","url":"https:\/\/jornalfatosenoticias.com.br\/","logo":{"@type":"ImageObject","inLanguage":"pt-BR","@id":"https:\/\/jornalfatosenoticias.com.br\/#\/schema\/logo\/image\/","url":"https:\/\/jornalfatosenoticias.com.br\/wp-content\/uploads\/2020\/02\/logo120.png","contentUrl":"https:\/\/jornalfatosenoticias.com.br\/wp-content\/uploads\/2020\/02\/logo120.png","width":1227,"height":120,"caption":"Jornal Fatos e Not\u00edcias"},"image":{"@id":"https:\/\/jornalfatosenoticias.com.br\/#\/schema\/logo\/image\/"}},{"@type":"Person","@id":"https:\/\/jornalfatosenoticias.com.br\/#\/schema\/person\/30ad7100d3327eb592fff379e3c2a827","name":"M\u00e1rio Vieira","image":{"@type":"ImageObject","inLanguage":"pt-BR","@id":"https:\/\/jornalfatosenoticias.com.br\/#\/schema\/person\/image\/","url":"https:\/\/jornalfatosenoticias.com.br\/wp-content\/uploads\/2023\/06\/MARIO-removebg-preview-150x150.png","contentUrl":"https:\/\/jornalfatosenoticias.com.br\/wp-content\/uploads\/2023\/06\/MARIO-removebg-preview-150x150.png","caption":"M\u00e1rio Vieira"},"description":"Capixaba, casado, autor e advogado","url":"https:\/\/jornalfatosenoticias.com.br\/index.php\/author\/mario\/"}]}},"cc_featured_image_caption":{"caption_text":"(Foto: Freepik) ","source_text":"","source_url":""},"jetpack_featured_media_url":"https:\/\/jornalfatosenoticias.com.br\/wp-content\/uploads\/2024\/10\/ALMA-VIAJORA_FREEPIK.jpg","_links":{"self":[{"href":"https:\/\/jornalfatosenoticias.com.br\/index.php\/wp-json\/wp\/v2\/posts\/54659","targetHints":{"allow":["GET"]}}],"collection":[{"href":"https:\/\/jornalfatosenoticias.com.br\/index.php\/wp-json\/wp\/v2\/posts"}],"about":[{"href":"https:\/\/jornalfatosenoticias.com.br\/index.php\/wp-json\/wp\/v2\/types\/post"}],"author":[{"embeddable":true,"href":"https:\/\/jornalfatosenoticias.com.br\/index.php\/wp-json\/wp\/v2\/users\/20"}],"replies":[{"embeddable":true,"href":"https:\/\/jornalfatosenoticias.com.br\/index.php\/wp-json\/wp\/v2\/comments?post=54659"}],"version-history":[{"count":0,"href":"https:\/\/jornalfatosenoticias.com.br\/index.php\/wp-json\/wp\/v2\/posts\/54659\/revisions"}],"wp:featuredmedia":[{"embeddable":true,"href":"https:\/\/jornalfatosenoticias.com.br\/index.php\/wp-json\/wp\/v2\/media\/54660"}],"wp:attachment":[{"href":"https:\/\/jornalfatosenoticias.com.br\/index.php\/wp-json\/wp\/v2\/media?parent=54659"}],"wp:term":[{"taxonomy":"category","embeddable":true,"href":"https:\/\/jornalfatosenoticias.com.br\/index.php\/wp-json\/wp\/v2\/categories?post=54659"},{"taxonomy":"post_tag","embeddable":true,"href":"https:\/\/jornalfatosenoticias.com.br\/index.php\/wp-json\/wp\/v2\/tags?post=54659"}],"curies":[{"name":"wp","href":"https:\/\/api.w.org\/{rel}","templated":true}]}}