{"id":54686,"date":"2024-10-03T19:39:43","date_gmt":"2024-10-03T22:39:43","guid":{"rendered":"https:\/\/jornalfatosenoticias.com.br\/?p=54686"},"modified":"2024-10-03T19:39:45","modified_gmt":"2024-10-03T22:39:45","slug":"direita-brasileira-chega-as-eleicoes-2024-com-candidatos-competitivos-em-importantes-capitais-do-pais","status":"publish","type":"post","link":"https:\/\/jornalfatosenoticias.com.br\/index.php\/2024\/10\/03\/direita-brasileira-chega-as-eleicoes-2024-com-candidatos-competitivos-em-importantes-capitais-do-pais\/","title":{"rendered":"Direita brasileira chega \u00e0s elei\u00e7\u00f5es 2024 com candidatos competitivos em importantes capitais do pa\u00eds"},"content":{"rendered":"\n<p><em><span class=\"has-inline-color has-black-color\">Primeiro turno das elei\u00e7\u00f5es 2024 ser\u00e1 realizado no pr\u00f3ximo domingo, dia 6 de outubro<\/span><\/em><\/p>\n\n\n\n<p><span class=\"has-inline-color has-black-color\">Por<strong> <a href=\"https:\/\/www.gazetadopovo.com.br\/autor\/vinicius-sales\/\">Vin\u00edcius Sales<\/a><\/strong><\/span><\/p>\n\n\n\n<div class=\"wp-block-image\"><figure class=\"aligncenter size-large\"><a href=\"https:\/\/mizu.com.br\/\"><img loading=\"lazy\" decoding=\"async\" width=\"729\" height=\"90\" src=\"https:\/\/jornalfatosenoticias.com.br\/wp-content\/uploads\/2020\/02\/Logo_Mizu.png\" alt=\"\" class=\"wp-image-1441\" srcset=\"https:\/\/jornalfatosenoticias.com.br\/wp-content\/uploads\/2020\/02\/Logo_Mizu.png 729w, https:\/\/jornalfatosenoticias.com.br\/wp-content\/uploads\/2020\/02\/Logo_Mizu-300x37.png 300w\" sizes=\"auto, (max-width: 729px) 100vw, 729px\" \/><\/a><\/figure><\/div>\n\n\n\n<p>Ap\u00f3s o baixo desempenho em 2020, a direita brasileira chega a 2024 com candidatos competitivos em importantes capitais do pa\u00eds, como o deputado federal Andr\u00e9 Fernandes (PL), em Fortaleza (CE); Jo\u00e3o Henrique Caldas (PL), em Macei\u00f3 (AL); Bruno Engler (PL), em Belo Horizonte (MG); e Ti\u00e3o Bocalom (PL), em Rio Branco (AC).<br>A estrutura\u00e7\u00e3o em torno de um partido, o PL, e o quase bilion\u00e1rio fundo partid\u00e1rio s\u00e3o vistos por analistas como fatores-chave para o desempenho eleitoral. No entanto, a avalia\u00e7\u00e3o \u00e9 que a direita brasileira precisou ajustar o discurso antissistema, adotado pelo ex-presidente Jair Bolsonaro (PL) em 2018, para alavancar um projeto pol\u00edtico.<\/p>\n\n\n\n<div class=\"wp-block-image\"><figure class=\"aligncenter size-large\"><a href=\"http:\/\/www.ferrarimaquinas.com.br\/\"><img loading=\"lazy\" decoding=\"async\" width=\"300\" height=\"250\" src=\"https:\/\/jornalfatosenoticias.com.br\/wp-content\/uploads\/2022\/02\/FERRARI_MAQUINAS-E-FERRAMENTAS2.jpg\" alt=\"\" class=\"wp-image-27860\"\/><\/a><\/figure><\/div>\n\n\n\n<p>Nas elei\u00e7\u00f5es municipais de 2020, Bolsonaro, ent\u00e3o sem partido, declarou apoio a 63 candidatos em todo o pa\u00eds, sendo 18 prefeitos, 44 vereadores e um candidato a senador na elei\u00e7\u00e3o suplementar de Mato Grosso. Apenas 11 candidatos a vereador e cinco a prefeito foram eleitos \u2014 desses, apenas um em capital: Ti\u00e3o Bocalom, que na \u00e9poca disputou pelo PP.<\/p>\n\n\n\n<div class=\"wp-block-image\"><figure class=\"aligncenter size-large is-resized\"><a href=\"https:\/\/www.instagram.com\/restaurantepegoretti\/\"><img loading=\"lazy\" decoding=\"async\" src=\"https:\/\/jornalfatosenoticias.com.br\/wp-content\/uploads\/2023\/12\/pegoretti-logo-pdf-1024x389.jpg\" alt=\"\" class=\"wp-image-47536\" width=\"382\" height=\"145\" srcset=\"https:\/\/jornalfatosenoticias.com.br\/wp-content\/uploads\/2023\/12\/pegoretti-logo-pdf-1024x389.jpg 1024w, https:\/\/jornalfatosenoticias.com.br\/wp-content\/uploads\/2023\/12\/pegoretti-logo-pdf-300x114.jpg 300w, https:\/\/jornalfatosenoticias.com.br\/wp-content\/uploads\/2023\/12\/pegoretti-logo-pdf-768x291.jpg 768w, https:\/\/jornalfatosenoticias.com.br\/wp-content\/uploads\/2023\/12\/pegoretti-logo-pdf.jpg 1120w\" sizes=\"auto, (max-width: 382px) 100vw, 382px\" \/><\/a><\/figure><\/div>\n\n\n\n<p>Na \u00e9poca, o desempenho foi visto como resultado da falta de um partido robusto que centralizasse as candidaturas e garantisse recursos. O ent\u00e3o presidente deixou o PSL ainda em 2019, ap\u00f3s atritos com o presidente da sigla, o deputado Luciano Bivar. A baixa inser\u00e7\u00e3o de Bolsonaro na pol\u00edtica municipal e o relacionamento conturbado do ent\u00e3o presidente com as principais siglas do centr\u00e3o nos primeiros dois anos de governo tamb\u00e9m foram vistos como elementos que dificultaram o crescimento eleitoral nos munic\u00edpios.<\/p>\n\n\n\n<div class=\"wp-block-image\"><figure class=\"aligncenter size-large is-resized\"><a href=\"https:\/\/www.controlsystems.com.br\/\"><img loading=\"lazy\" decoding=\"async\" src=\"https:\/\/jornalfatosenoticias.com.br\/wp-content\/uploads\/2020\/02\/CONTROL-CS.jpg\" alt=\"\" class=\"wp-image-44991\" width=\"310\" height=\"372\" srcset=\"https:\/\/jornalfatosenoticias.com.br\/wp-content\/uploads\/2020\/02\/CONTROL-CS.jpg 834w, https:\/\/jornalfatosenoticias.com.br\/wp-content\/uploads\/2020\/02\/CONTROL-CS-250x300.jpg 250w, https:\/\/jornalfatosenoticias.com.br\/wp-content\/uploads\/2020\/02\/CONTROL-CS-768x921.jpg 768w\" sizes=\"auto, (max-width: 310px) 100vw, 310px\" \/><\/a><\/figure><\/div>\n\n\n\n<p><strong><span class=\"has-inline-color has-vivid-cyan-blue-color\">Necessidade de articula\u00e7\u00e3o<br><\/span><\/strong>O apoio do governo \u00e0 primeira elei\u00e7\u00e3o de Arthur Lira (PP-AL) \u00e0 presid\u00eancia da Casa foi um importante gesto da direita aos partidos do centro. Na disputa, Lira enfrentou Baleia Rossi (MDB) com um apoio majorit\u00e1rio da ala bolsonarista.<br>Outro evento importante para a aproxima\u00e7\u00e3o foi a nomea\u00e7\u00e3o do senador Ciro Nogueira (PP) como ministro-chefe da Casa Civil, ocorrida em julho de 2021. Sendo um h\u00e1bil articulador dentro do Congresso Nacional, o senador funcionou como uma ponte entre o governo Bolsonaro e o bloco do baixo clero.<\/p>\n\n\n\n<div class=\"wp-block-image\"><figure class=\"aligncenter size-large is-resized\"><a href=\"https:\/\/hotelmarquetti.com.br\/\"><img loading=\"lazy\" decoding=\"async\" src=\"https:\/\/jornalfatosenoticias.com.br\/wp-content\/uploads\/2023\/03\/nova-logo-Marquetti.jpg\" alt=\"\" class=\"wp-image-40207\" width=\"319\" height=\"214\" srcset=\"https:\/\/jornalfatosenoticias.com.br\/wp-content\/uploads\/2023\/03\/nova-logo-Marquetti.jpg 643w, https:\/\/jornalfatosenoticias.com.br\/wp-content\/uploads\/2023\/03\/nova-logo-Marquetti-300x202.jpg 300w\" sizes=\"auto, (max-width: 319px) 100vw, 319px\" \/><\/a><\/figure><\/div>\n\n\n\n<p>A filia\u00e7\u00e3o de Bolsonaro ao Partido Liberal, comandado por Valdemar Costa Neto, em 2021, tamb\u00e9m foi analisada como um importante movimento de Bolsonaro em se adaptar ao sistema pol\u00edtico tradicional. Antes um partido do centr\u00e3o, o PL se tornou uma alternativa para as principais lideran\u00e7as da direita, em meio aos entraves na cria\u00e7\u00e3o do Alian\u00e7a Nacional. Al\u00e9m disso, a capacidade de articula\u00e7\u00e3o pol\u00edtica de Costa Neto foi tida como um importante ativo para o di\u00e1logo com demais partidos que passaram a integrar o governo. O resultado dessa conjuntura de movimentos desaguou em 2022, quando o PL elegeu 99 deputados federais: a maior bancada da C\u00e2mara. <\/p>\n\n\n\n<div class=\"wp-block-image\"><figure class=\"aligncenter size-large is-resized\"><img loading=\"lazy\" decoding=\"async\" src=\"https:\/\/jornalfatosenoticias.com.br\/wp-content\/uploads\/2022\/02\/Precisao-Contabilidade-1024x724.jpg\" alt=\"\" class=\"wp-image-28088\" width=\"350\" height=\"247\"\/><\/figure><\/div>\n\n\n\n<blockquote class=\"wp-block-quote is-layout-flow wp-block-quote-is-layout-flow\"><p><span style=\"color:#5b5e61\" class=\"has-inline-color\">Antes um partido do centr\u00e3o, o PL se tornou uma alternativa para as principais lideran\u00e7as da direita<\/span><\/p><\/blockquote>\n\n\n\n<div class=\"wp-block-image\"><figure class=\"aligncenter size-large is-resized\"><a href=\"https:\/\/www.instagram.com\/serra4x4cambioautomatico\/\"><img loading=\"lazy\" decoding=\"async\" src=\"https:\/\/jornalfatosenoticias.com.br\/wp-content\/uploads\/2024\/08\/Serra-4x4-1-886x1024.jpg\" alt=\"\" class=\"wp-image-53632\" width=\"302\" height=\"349\" srcset=\"https:\/\/jornalfatosenoticias.com.br\/wp-content\/uploads\/2024\/08\/Serra-4x4-1-886x1024.jpg 886w, https:\/\/jornalfatosenoticias.com.br\/wp-content\/uploads\/2024\/08\/Serra-4x4-1-260x300.jpg 260w, https:\/\/jornalfatosenoticias.com.br\/wp-content\/uploads\/2024\/08\/Serra-4x4-1-768x888.jpg 768w, https:\/\/jornalfatosenoticias.com.br\/wp-content\/uploads\/2024\/08\/Serra-4x4-1.jpg 1181w\" sizes=\"auto, (max-width: 302px) 100vw, 302px\" \/><\/a><\/figure><\/div>\n\n\n\n<p>O cientista pol\u00edtico Elton Gomes, professor da Universidade Federal do Piau\u00ed (UFPI), afirma que a direita brasileira passou por uma reconfigura\u00e7\u00e3o nas \u00faltimas d\u00e9cadas, marcada pela ascens\u00e3o de novos grupos pol\u00edticos e lideran\u00e7as. Esses movimentos foram impulsionados pela oposi\u00e7\u00e3o \u00e0 corrup\u00e7\u00e3o e pelo impeachment da ex-presidente Dilma Rousseff, que serviu como um marco para essa mudan\u00e7a.<\/p>\n\n\n\n<div class=\"wp-block-image\"><figure class=\"aligncenter size-large\"><a href=\"https:\/\/www.instagram.com\/esteiochurrascaria\/\"><img decoding=\"async\" src=\"https:\/\/jornalfatosenoticias.com.br\/wp-content\/uploads\/2020\/02\/logo_esteio.jpg\" alt=\"\" class=\"wp-image-1214\"\/><\/a><\/figure><\/div>\n\n\n\n<blockquote class=\"wp-block-quote is-layout-flow wp-block-quote-is-layout-flow\"><p><span class=\"has-inline-color has-luminous-vivid-orange-color\">Houve uma normaliza\u00e7\u00e3o da direita pol\u00edtica no Brasil, com a reprodu\u00e7\u00e3o do messianismo pol\u00edtico e de lideran\u00e7as carism\u00e1ticas, algo in\u00e9dito no espectro ideol\u00f3gico da direita at\u00e9 ent\u00e3o. O surgimento do bolsonarismo foi um exemplo claro desse fen\u00f4meno\u201d, avalia.<\/span><\/p><\/blockquote>\n\n\n\n<div class=\"wp-block-image\"><figure class=\"aligncenter size-large is-resized\"><a href=\"https:\/\/panper.com.br\/\"><img loading=\"lazy\" decoding=\"async\" src=\"https:\/\/jornalfatosenoticias.com.br\/wp-content\/uploads\/2023\/03\/logo-Panper_portal.jpg\" alt=\"\" class=\"wp-image-40208\" width=\"316\" height=\"219\" srcset=\"https:\/\/jornalfatosenoticias.com.br\/wp-content\/uploads\/2023\/03\/logo-Panper_portal.jpg 400w, https:\/\/jornalfatosenoticias.com.br\/wp-content\/uploads\/2023\/03\/logo-Panper_portal-300x208.jpg 300w\" sizes=\"auto, (max-width: 316px) 100vw, 316px\" \/><\/a><\/figure><\/div>\n\n\n\n<p>Gomes tamb\u00e9m destaca a crescente institucionaliza\u00e7\u00e3o desse campo, especialmente no Partido Liberal, que ganhou for\u00e7a pol\u00edtica e acesso a recursos. \u201cO PL, partido de Bolsonaro, passou a controlar comiss\u00f5es importantes e disputar prefeituras competitivamente, em parte devido ao acesso ao fundo partid\u00e1rio e ao fund\u00e3o, o que aumentou a competitividade nas elei\u00e7\u00f5es, mesmo que seus membros critiquem o financiamento p\u00fablico de campanha\u201d.<\/p>\n\n\n\n<div class=\"wp-block-image\"><figure class=\"aligncenter size-large\"><a href=\"https:\/\/cesconetto.com.br\/\"><img loading=\"lazy\" decoding=\"async\" width=\"300\" height=\"250\" src=\"https:\/\/jornalfatosenoticias.com.br\/wp-content\/uploads\/2022\/02\/Banner-2.png\" alt=\"\" class=\"wp-image-27877\"\/><\/a><\/figure><\/div>\n\n\n\n<p><strong><span class=\"has-inline-color has-vivid-cyan-blue-color\">PL precisou adotar o pragmatismo para avan\u00e7ar no campo eleitoral<br><\/span><\/strong>A cientista pol\u00edtica Priscila Lapa ressalta a fragilidade program\u00e1tica dos partidos no Brasil e o predom\u00ednio do pragmatismo pol\u00edtico. Ela destaca como as legendas, incluindo o PL, muitas vezes se moldam mais pela conveni\u00eancia do que por uma vis\u00e3o ideol\u00f3gica estruturada. <\/p>\n\n\n\n<div class=\"wp-block-image\"><figure class=\"aligncenter size-large is-resized\"><a href=\"https:\/\/www.legisjuris.com.br\/\"><img loading=\"lazy\" decoding=\"async\" src=\"https:\/\/jornalfatosenoticias.com.br\/wp-content\/uploads\/2024\/09\/Legis-Juris-Consultoria_logo.jpg\" alt=\"\" class=\"wp-image-53915\" width=\"368\" height=\"154\" srcset=\"https:\/\/jornalfatosenoticias.com.br\/wp-content\/uploads\/2024\/09\/Legis-Juris-Consultoria_logo.jpg 969w, https:\/\/jornalfatosenoticias.com.br\/wp-content\/uploads\/2024\/09\/Legis-Juris-Consultoria_logo-300x126.jpg 300w, https:\/\/jornalfatosenoticias.com.br\/wp-content\/uploads\/2024\/09\/Legis-Juris-Consultoria_logo-768x322.jpg 768w\" sizes=\"auto, (max-width: 368px) 100vw, 368px\" \/><\/a><\/figure><\/div>\n\n\n\n<p>\u201cOs partidos no Brasil funcionam muito mais como instrumentos eleitorais do que como organizadores de uma vis\u00e3o de mundo ou de um projeto de pa\u00eds. A pessoaliza\u00e7\u00e3o da pol\u00edtica, em parte impulsionada pelas redes sociais, fez com que os partidos perdessem seu papel de orquestrar as demandas da sociedade\u201d.<br>Al\u00e9m disso, Priscila observa que o crescimento de partidos como o PL se deu de forma pragm\u00e1tica e eleitoralmente conveniente, mas essa expans\u00e3o tem limites. <\/p>\n\n\n\n<div class=\"wp-block-image\"><figure class=\"aligncenter size-large is-resized\"><a href=\"https:\/\/www.instagram.com\/vmais.midias\/\"><img loading=\"lazy\" decoding=\"async\" src=\"https:\/\/jornalfatosenoticias.com.br\/wp-content\/uploads\/2020\/02\/DE-MAIS-DESTAQUE-VMAIS-800X700.png\" alt=\"\" class=\"wp-image-53112\" width=\"288\" height=\"251\" srcset=\"https:\/\/jornalfatosenoticias.com.br\/wp-content\/uploads\/2020\/02\/DE-MAIS-DESTAQUE-VMAIS-800X700.png 800w, https:\/\/jornalfatosenoticias.com.br\/wp-content\/uploads\/2020\/02\/DE-MAIS-DESTAQUE-VMAIS-800X700-300x263.png 300w, https:\/\/jornalfatosenoticias.com.br\/wp-content\/uploads\/2020\/02\/DE-MAIS-DESTAQUE-VMAIS-800X700-768x672.png 768w\" sizes=\"auto, (max-width: 288px) 100vw, 288px\" \/><\/a><\/figure><\/div>\n\n\n\n<blockquote class=\"wp-block-quote is-layout-flow wp-block-quote-is-layout-flow\"><p><span class=\"has-inline-color has-luminous-vivid-orange-color\">O PL se tornou atraente por sua capacidade de acessar recursos, como o fundo eleitoral e o tempo de TV, o que o tornou competitivo. Por\u00e9m, esse incha\u00e7o pode gerar conflitos internos no futuro, com a disputa por espa\u00e7os de poder entre lideran\u00e7as que querem controlar a legenda. Nenhum partido brasileiro escapa desse fen\u00f4meno de caciquismo\u201d.<\/span><\/p><\/blockquote>\n\n\n\n<div class=\"wp-block-image\"><figure class=\"aligncenter size-large is-resized\"><a href=\"https:\/\/www.ithbrasil.com.br\/\"><img loading=\"lazy\" decoding=\"async\" src=\"https:\/\/jornalfatosenoticias.com.br\/wp-content\/uploads\/2023\/08\/ITH.jpeg\" alt=\"\" class=\"wp-image-44638\" width=\"293\" height=\"238\" srcset=\"https:\/\/jornalfatosenoticias.com.br\/wp-content\/uploads\/2023\/08\/ITH.jpeg 800w, https:\/\/jornalfatosenoticias.com.br\/wp-content\/uploads\/2023\/08\/ITH-300x244.jpeg 300w, https:\/\/jornalfatosenoticias.com.br\/wp-content\/uploads\/2023\/08\/ITH-768x624.jpeg 768w\" sizes=\"auto, (max-width: 293px) 100vw, 293px\" \/><\/a><\/figure><\/div>\n\n\n\n<p>A avalia\u00e7\u00e3o de Priscila j\u00e1 pode ser observada no atual conflito entre integrantes do PL e o PSD, partido de Gilberto Kassab. A sigla, que atualmente comanda o Senado Federal, \u00e9 vista como o principal empecilho para o impeachment do ministro Alexandre de Moraes, do Supremo Tribunal Federal (STF). Os deputados Nikolas Ferreira (PL-MG) e Gustavo Gayer (PL-GO) chegaram a pedir o boicote a candidatos do PSD nas elei\u00e7\u00f5es municipais. Contudo, o pr\u00f3prio PL soma mais de 800 coliga\u00e7\u00f5es com o partido de Kassab no pleito municipal.<\/p>\n\n\n\n<div class=\"wp-block-image\"><figure class=\"aligncenter size-large is-resized\"><a href=\"https:\/\/www.instagram.com\/ligadossaborespizzaria\/\"><img loading=\"lazy\" decoding=\"async\" src=\"https:\/\/jornalfatosenoticias.com.br\/wp-content\/uploads\/2024\/09\/WhatsApp-Image-2024-09-14-at-22.46.10-819x1024.jpeg\" alt=\"\" class=\"wp-image-54180\" width=\"277\" height=\"346\" srcset=\"https:\/\/jornalfatosenoticias.com.br\/wp-content\/uploads\/2024\/09\/WhatsApp-Image-2024-09-14-at-22.46.10-819x1024.jpeg 819w, https:\/\/jornalfatosenoticias.com.br\/wp-content\/uploads\/2024\/09\/WhatsApp-Image-2024-09-14-at-22.46.10-240x300.jpeg 240w, https:\/\/jornalfatosenoticias.com.br\/wp-content\/uploads\/2024\/09\/WhatsApp-Image-2024-09-14-at-22.46.10-768x960.jpeg 768w, https:\/\/jornalfatosenoticias.com.br\/wp-content\/uploads\/2024\/09\/WhatsApp-Image-2024-09-14-at-22.46.10.jpeg 1024w\" sizes=\"auto, (max-width: 277px) 100vw, 277px\" \/><\/a><\/figure><\/div>\n\n\n\n<p><span class=\"has-inline-color has-vivid-cyan-blue-color\"><strong>Para conquistar espa\u00e7os, direita buscou moderar o discurso<br><\/strong><\/span>O cientista pol\u00edtico Adriano Cerqueira, professor do Ibmec de Belo Horizonte, avalia que a direita brasileira tem se tornado mais institucionalizada, ocupando espa\u00e7os pol\u00edticos e recuando do discurso antissistema que marcou o auge de sua ascens\u00e3o. \u201cAp\u00f3s a era petista e a indigna\u00e7\u00e3o gerada pela Lava Jato, Bolsonaro capitalizou essa insatisfa\u00e7\u00e3o popular, mas o cen\u00e1rio agora \u00e9 diferente. A direita, que antes tinha uma postura mais radical, hoje est\u00e1 preocupada em garantir os espa\u00e7os conquistados e expandir de forma mais segura\u201d.<\/p>\n\n\n\n<div class=\"wp-block-image\"><figure class=\"aligncenter size-large is-resized\"><a href=\"https:\/\/www.facebook.com\/postobkr\/?locale=pt_BR\"><img loading=\"lazy\" decoding=\"async\" src=\"https:\/\/jornalfatosenoticias.com.br\/wp-content\/uploads\/2023\/08\/BKR-1024x1021.jpg\" alt=\"\" class=\"wp-image-44494\" width=\"302\" height=\"301\" srcset=\"https:\/\/jornalfatosenoticias.com.br\/wp-content\/uploads\/2023\/08\/BKR-1024x1021.jpg 1024w, https:\/\/jornalfatosenoticias.com.br\/wp-content\/uploads\/2023\/08\/BKR-300x300.jpg 300w, https:\/\/jornalfatosenoticias.com.br\/wp-content\/uploads\/2023\/08\/BKR-150x150.jpg 150w, https:\/\/jornalfatosenoticias.com.br\/wp-content\/uploads\/2023\/08\/BKR-768x766.jpg 768w, https:\/\/jornalfatosenoticias.com.br\/wp-content\/uploads\/2023\/08\/BKR.jpg 1080w\" sizes=\"auto, (max-width: 302px) 100vw, 302px\" \/><\/a><\/figure><\/div>\n\n\n\n<p>Cerqueira tamb\u00e9m comenta como o apoio de Bolsonaro se tornou importante para os partidos de centro-direita nas elei\u00e7\u00f5es municipais de 2024, destacando o uso estrat\u00e9gico dos recursos partid\u00e1rios. \u201cA direita est\u00e1 mais integrada ao sistema, e o uso do fundo partid\u00e1rio por partidos como o PL, algo que antes gerava cr\u00edticas, agora \u00e9 uma pr\u00e1tica comum. Eles est\u00e3o menos antissistema porque j\u00e1 fazem parte do sistema e buscam se consolidar nele\u201d.<\/p>\n\n\n\n<div class=\"wp-block-image\"><figure class=\"aligncenter size-large is-resized\"><a href=\"https:\/\/www.facebook.com\/vetor.vix\/\"><img loading=\"lazy\" decoding=\"async\" src=\"https:\/\/jornalfatosenoticias.com.br\/wp-content\/uploads\/2023\/09\/vetorvix1024_1.jpg\" alt=\"\" class=\"wp-image-44868\" width=\"483\" height=\"128\" srcset=\"https:\/\/jornalfatosenoticias.com.br\/wp-content\/uploads\/2023\/09\/vetorvix1024_1.jpg 1024w, https:\/\/jornalfatosenoticias.com.br\/wp-content\/uploads\/2023\/09\/vetorvix1024_1-300x80.jpg 300w, https:\/\/jornalfatosenoticias.com.br\/wp-content\/uploads\/2023\/09\/vetorvix1024_1-768x205.jpg 768w\" sizes=\"auto, (max-width: 483px) 100vw, 483px\" \/><\/a><\/figure><\/div>\n\n\n\n<p><strong><em>Fonte: <a href=\"https:\/\/www.gazetadopovo.com.br\/eleicoes\/2024\/direita-antissistema-eleicoes-municipais\/\">Gazeta do Povo<\/a><\/em><\/strong><\/p>\n","protected":false},"excerpt":{"rendered":"<p>Primeiro turno das elei\u00e7\u00f5es 2024 ser\u00e1 realizado no pr\u00f3ximo domingo, dia 6 de outubro Por Vin\u00edcius Sales Ap\u00f3s o baixo desempenho em 2020, a direita brasileira chega a 2024 com candidatos competitivos em importantes capitais do pa\u00eds, como o deputado federal Andr\u00e9 Fernandes (PL), em Fortaleza (CE); Jo\u00e3o Henrique Caldas (PL), em Macei\u00f3 (AL); Bruno [&hellip;]<\/p>\n","protected":false},"author":3,"featured_media":54687,"comment_status":"open","ping_status":"open","sticky":false,"template":"","format":"standard","meta":{"footnotes":""},"categories":[10],"tags":[10543,20244,20537,10224,21964,22983,23020,1795,24923,18995,24924],"class_list":["post-54686","post","type-post","status-publish","format-standard","has-post-thumbnail","hentry","category-politica","tag-arthur-lira","tag-centrao","tag-ciro-nogueira","tag-congresso-nacional","tag-eleicoes-2024","tag-gilberto-kassab","tag-gustavo-gayer","tag-jair-bolsonaro","tag-luciano-bivar","tag-nikolas-ferreira","tag-valdemar-costa-neto"],"yoast_head":"<!-- This site is optimized with the Yoast SEO plugin v26.5 - https:\/\/yoast.com\/wordpress\/plugins\/seo\/ -->\n<title>Direita brasileira chega \u00e0s elei\u00e7\u00f5es 2024 com candidatos competitivos em importantes capitais do pa\u00eds - Jornal Fatos e Not\u00edcias<\/title>\n<meta name=\"robots\" content=\"index, follow, max-snippet:-1, max-image-preview:large, max-video-preview:-1\" \/>\n<link rel=\"canonical\" href=\"https:\/\/jornalfatosenoticias.com.br\/index.php\/2024\/10\/03\/direita-brasileira-chega-as-eleicoes-2024-com-candidatos-competitivos-em-importantes-capitais-do-pais\/\" \/>\n<meta property=\"og:locale\" content=\"pt_BR\" \/>\n<meta property=\"og:type\" content=\"article\" \/>\n<meta property=\"og:title\" content=\"Direita brasileira chega \u00e0s elei\u00e7\u00f5es 2024 com candidatos competitivos em importantes capitais do pa\u00eds - Jornal Fatos e Not\u00edcias\" \/>\n<meta property=\"og:description\" content=\"Primeiro turno das elei\u00e7\u00f5es 2024 ser\u00e1 realizado no pr\u00f3ximo domingo, dia 6 de outubro Por Vin\u00edcius Sales Ap\u00f3s o baixo desempenho em 2020, a direita brasileira chega a 2024 com candidatos competitivos em importantes capitais do pa\u00eds, como o deputado federal Andr\u00e9 Fernandes (PL), em Fortaleza (CE); Jo\u00e3o Henrique Caldas (PL), em Macei\u00f3 (AL); Bruno [&hellip;]\" \/>\n<meta property=\"og:url\" content=\"https:\/\/jornalfatosenoticias.com.br\/index.php\/2024\/10\/03\/direita-brasileira-chega-as-eleicoes-2024-com-candidatos-competitivos-em-importantes-capitais-do-pais\/\" \/>\n<meta property=\"og:site_name\" content=\"Jornal Fatos e Not\u00edcias\" \/>\n<meta property=\"article:published_time\" content=\"2024-10-03T22:39:43+00:00\" \/>\n<meta property=\"article:modified_time\" content=\"2024-10-03T22:39:45+00:00\" \/>\n<meta property=\"og:image\" content=\"https:\/\/jornalfatosenoticias.com.br\/wp-content\/uploads\/2024\/10\/urna-eletronica_istock.jpg\" \/>\n\t<meta property=\"og:image:width\" content=\"612\" \/>\n\t<meta property=\"og:image:height\" content=\"408\" \/>\n\t<meta property=\"og:image:type\" content=\"image\/jpeg\" \/>\n<meta name=\"author\" content=\"Haroldo Filho\" \/>\n<meta name=\"twitter:card\" content=\"summary_large_image\" \/>\n<meta name=\"twitter:label1\" content=\"Escrito por\" \/>\n\t<meta name=\"twitter:data1\" content=\"Haroldo Filho\" \/>\n\t<meta name=\"twitter:label2\" content=\"Est. tempo de leitura\" \/>\n\t<meta name=\"twitter:data2\" content=\"6 minutos\" \/>\n<script type=\"application\/ld+json\" class=\"yoast-schema-graph\">{\"@context\":\"https:\/\/schema.org\",\"@graph\":[{\"@type\":\"Article\",\"@id\":\"https:\/\/jornalfatosenoticias.com.br\/index.php\/2024\/10\/03\/direita-brasileira-chega-as-eleicoes-2024-com-candidatos-competitivos-em-importantes-capitais-do-pais\/#article\",\"isPartOf\":{\"@id\":\"https:\/\/jornalfatosenoticias.com.br\/index.php\/2024\/10\/03\/direita-brasileira-chega-as-eleicoes-2024-com-candidatos-competitivos-em-importantes-capitais-do-pais\/\"},\"author\":{\"name\":\"Haroldo Filho\",\"@id\":\"https:\/\/jornalfatosenoticias.com.br\/#\/schema\/person\/05c46cc25b42a5c27e004fb0fa6b4965\"},\"headline\":\"Direita brasileira chega \u00e0s elei\u00e7\u00f5es 2024 com candidatos competitivos em importantes capitais do pa\u00eds\",\"datePublished\":\"2024-10-03T22:39:43+00:00\",\"dateModified\":\"2024-10-03T22:39:45+00:00\",\"mainEntityOfPage\":{\"@id\":\"https:\/\/jornalfatosenoticias.com.br\/index.php\/2024\/10\/03\/direita-brasileira-chega-as-eleicoes-2024-com-candidatos-competitivos-em-importantes-capitais-do-pais\/\"},\"wordCount\":1167,\"commentCount\":0,\"publisher\":{\"@id\":\"https:\/\/jornalfatosenoticias.com.br\/#organization\"},\"image\":{\"@id\":\"https:\/\/jornalfatosenoticias.com.br\/index.php\/2024\/10\/03\/direita-brasileira-chega-as-eleicoes-2024-com-candidatos-competitivos-em-importantes-capitais-do-pais\/#primaryimage\"},\"thumbnailUrl\":\"https:\/\/jornalfatosenoticias.com.br\/wp-content\/uploads\/2024\/10\/urna-eletronica_istock.jpg\",\"keywords\":[\"Arthur Lira\",\"Centr\u00e3o\",\"Ciro Nogueira\",\"Congresso Nacional\",\"elei\u00e7\u00f5es 2024\",\"Gilberto Kassab\",\"Gustavo Gayer\",\"Jair Bolsonaro\",\"Luciano Bivar\",\"Nikolas Ferreira\",\"Valdemar Costa Neto\"],\"articleSection\":[\"Pol\u00edtica\"],\"inLanguage\":\"pt-BR\",\"potentialAction\":[{\"@type\":\"CommentAction\",\"name\":\"Comment\",\"target\":[\"https:\/\/jornalfatosenoticias.com.br\/index.php\/2024\/10\/03\/direita-brasileira-chega-as-eleicoes-2024-com-candidatos-competitivos-em-importantes-capitais-do-pais\/#respond\"]}]},{\"@type\":\"WebPage\",\"@id\":\"https:\/\/jornalfatosenoticias.com.br\/index.php\/2024\/10\/03\/direita-brasileira-chega-as-eleicoes-2024-com-candidatos-competitivos-em-importantes-capitais-do-pais\/\",\"url\":\"https:\/\/jornalfatosenoticias.com.br\/index.php\/2024\/10\/03\/direita-brasileira-chega-as-eleicoes-2024-com-candidatos-competitivos-em-importantes-capitais-do-pais\/\",\"name\":\"Direita brasileira chega \u00e0s elei\u00e7\u00f5es 2024 com candidatos competitivos em importantes capitais do pa\u00eds - Jornal Fatos e Not\u00edcias\",\"isPartOf\":{\"@id\":\"https:\/\/jornalfatosenoticias.com.br\/#website\"},\"primaryImageOfPage\":{\"@id\":\"https:\/\/jornalfatosenoticias.com.br\/index.php\/2024\/10\/03\/direita-brasileira-chega-as-eleicoes-2024-com-candidatos-competitivos-em-importantes-capitais-do-pais\/#primaryimage\"},\"image\":{\"@id\":\"https:\/\/jornalfatosenoticias.com.br\/index.php\/2024\/10\/03\/direita-brasileira-chega-as-eleicoes-2024-com-candidatos-competitivos-em-importantes-capitais-do-pais\/#primaryimage\"},\"thumbnailUrl\":\"https:\/\/jornalfatosenoticias.com.br\/wp-content\/uploads\/2024\/10\/urna-eletronica_istock.jpg\",\"datePublished\":\"2024-10-03T22:39:43+00:00\",\"dateModified\":\"2024-10-03T22:39:45+00:00\",\"breadcrumb\":{\"@id\":\"https:\/\/jornalfatosenoticias.com.br\/index.php\/2024\/10\/03\/direita-brasileira-chega-as-eleicoes-2024-com-candidatos-competitivos-em-importantes-capitais-do-pais\/#breadcrumb\"},\"inLanguage\":\"pt-BR\",\"potentialAction\":[{\"@type\":\"ReadAction\",\"target\":[\"https:\/\/jornalfatosenoticias.com.br\/index.php\/2024\/10\/03\/direita-brasileira-chega-as-eleicoes-2024-com-candidatos-competitivos-em-importantes-capitais-do-pais\/\"]}]},{\"@type\":\"ImageObject\",\"inLanguage\":\"pt-BR\",\"@id\":\"https:\/\/jornalfatosenoticias.com.br\/index.php\/2024\/10\/03\/direita-brasileira-chega-as-eleicoes-2024-com-candidatos-competitivos-em-importantes-capitais-do-pais\/#primaryimage\",\"url\":\"https:\/\/jornalfatosenoticias.com.br\/wp-content\/uploads\/2024\/10\/urna-eletronica_istock.jpg\",\"contentUrl\":\"https:\/\/jornalfatosenoticias.com.br\/wp-content\/uploads\/2024\/10\/urna-eletronica_istock.jpg\",\"width\":612,\"height\":408,\"caption\":\"In this photo illustration a woman simulates a vote in the electronic ballot box used in the elections of Brazil.\"},{\"@type\":\"BreadcrumbList\",\"@id\":\"https:\/\/jornalfatosenoticias.com.br\/index.php\/2024\/10\/03\/direita-brasileira-chega-as-eleicoes-2024-com-candidatos-competitivos-em-importantes-capitais-do-pais\/#breadcrumb\",\"itemListElement\":[{\"@type\":\"ListItem\",\"position\":1,\"name\":\"In\u00edcio\",\"item\":\"https:\/\/jornalfatosenoticias.com.br\/\"},{\"@type\":\"ListItem\",\"position\":2,\"name\":\"Direita brasileira chega \u00e0s elei\u00e7\u00f5es 2024 com candidatos competitivos em importantes capitais do pa\u00eds\"}]},{\"@type\":\"WebSite\",\"@id\":\"https:\/\/jornalfatosenoticias.com.br\/#website\",\"url\":\"https:\/\/jornalfatosenoticias.com.br\/\",\"name\":\"Jornal Fatos e Not\u00edcias\",\"description\":\"Not\u00edcias em geral\",\"publisher\":{\"@id\":\"https:\/\/jornalfatosenoticias.com.br\/#organization\"},\"potentialAction\":[{\"@type\":\"SearchAction\",\"target\":{\"@type\":\"EntryPoint\",\"urlTemplate\":\"https:\/\/jornalfatosenoticias.com.br\/?s={search_term_string}\"},\"query-input\":{\"@type\":\"PropertyValueSpecification\",\"valueRequired\":true,\"valueName\":\"search_term_string\"}}],\"inLanguage\":\"pt-BR\"},{\"@type\":\"Organization\",\"@id\":\"https:\/\/jornalfatosenoticias.com.br\/#organization\",\"name\":\"Jornal Fatos e Not\u00edcias\",\"url\":\"https:\/\/jornalfatosenoticias.com.br\/\",\"logo\":{\"@type\":\"ImageObject\",\"inLanguage\":\"pt-BR\",\"@id\":\"https:\/\/jornalfatosenoticias.com.br\/#\/schema\/logo\/image\/\",\"url\":\"https:\/\/jornalfatosenoticias.com.br\/wp-content\/uploads\/2020\/02\/logo120.png\",\"contentUrl\":\"https:\/\/jornalfatosenoticias.com.br\/wp-content\/uploads\/2020\/02\/logo120.png\",\"width\":1227,\"height\":120,\"caption\":\"Jornal Fatos e Not\u00edcias\"},\"image\":{\"@id\":\"https:\/\/jornalfatosenoticias.com.br\/#\/schema\/logo\/image\/\"}},{\"@type\":\"Person\",\"@id\":\"https:\/\/jornalfatosenoticias.com.br\/#\/schema\/person\/05c46cc25b42a5c27e004fb0fa6b4965\",\"name\":\"Haroldo Filho\",\"image\":{\"@type\":\"ImageObject\",\"inLanguage\":\"pt-BR\",\"@id\":\"https:\/\/jornalfatosenoticias.com.br\/#\/schema\/person\/image\/\",\"url\":\"https:\/\/jornalfatosenoticias.com.br\/wp-content\/uploads\/2025\/08\/WhatsApp-Image-2025-08-18-at-15.30.28-150x150.jpeg\",\"contentUrl\":\"https:\/\/jornalfatosenoticias.com.br\/wp-content\/uploads\/2025\/08\/WhatsApp-Image-2025-08-18-at-15.30.28-150x150.jpeg\",\"caption\":\"Haroldo Filho\"},\"description\":\"Jornalista \u2013 DRT: 0003818\/ES Coordenador-geral da ONG Educar para Crescer\",\"url\":\"https:\/\/jornalfatosenoticias.com.br\/index.php\/author\/haroldo\/\"}]}<\/script>\n<!-- \/ Yoast SEO plugin. -->","yoast_head_json":{"title":"Direita brasileira chega \u00e0s elei\u00e7\u00f5es 2024 com candidatos competitivos em importantes capitais do pa\u00eds - Jornal Fatos e Not\u00edcias","robots":{"index":"index","follow":"follow","max-snippet":"max-snippet:-1","max-image-preview":"max-image-preview:large","max-video-preview":"max-video-preview:-1"},"canonical":"https:\/\/jornalfatosenoticias.com.br\/index.php\/2024\/10\/03\/direita-brasileira-chega-as-eleicoes-2024-com-candidatos-competitivos-em-importantes-capitais-do-pais\/","og_locale":"pt_BR","og_type":"article","og_title":"Direita brasileira chega \u00e0s elei\u00e7\u00f5es 2024 com candidatos competitivos em importantes capitais do pa\u00eds - Jornal Fatos e Not\u00edcias","og_description":"Primeiro turno das elei\u00e7\u00f5es 2024 ser\u00e1 realizado no pr\u00f3ximo domingo, dia 6 de outubro Por Vin\u00edcius Sales Ap\u00f3s o baixo desempenho em 2020, a direita brasileira chega a 2024 com candidatos competitivos em importantes capitais do pa\u00eds, como o deputado federal Andr\u00e9 Fernandes (PL), em Fortaleza (CE); Jo\u00e3o Henrique Caldas (PL), em Macei\u00f3 (AL); Bruno [&hellip;]","og_url":"https:\/\/jornalfatosenoticias.com.br\/index.php\/2024\/10\/03\/direita-brasileira-chega-as-eleicoes-2024-com-candidatos-competitivos-em-importantes-capitais-do-pais\/","og_site_name":"Jornal Fatos e Not\u00edcias","article_published_time":"2024-10-03T22:39:43+00:00","article_modified_time":"2024-10-03T22:39:45+00:00","og_image":[{"width":612,"height":408,"url":"https:\/\/jornalfatosenoticias.com.br\/wp-content\/uploads\/2024\/10\/urna-eletronica_istock.jpg","type":"image\/jpeg"}],"author":"Haroldo Filho","twitter_card":"summary_large_image","twitter_misc":{"Escrito por":"Haroldo Filho","Est. tempo de leitura":"6 minutos"},"schema":{"@context":"https:\/\/schema.org","@graph":[{"@type":"Article","@id":"https:\/\/jornalfatosenoticias.com.br\/index.php\/2024\/10\/03\/direita-brasileira-chega-as-eleicoes-2024-com-candidatos-competitivos-em-importantes-capitais-do-pais\/#article","isPartOf":{"@id":"https:\/\/jornalfatosenoticias.com.br\/index.php\/2024\/10\/03\/direita-brasileira-chega-as-eleicoes-2024-com-candidatos-competitivos-em-importantes-capitais-do-pais\/"},"author":{"name":"Haroldo Filho","@id":"https:\/\/jornalfatosenoticias.com.br\/#\/schema\/person\/05c46cc25b42a5c27e004fb0fa6b4965"},"headline":"Direita brasileira chega \u00e0s elei\u00e7\u00f5es 2024 com candidatos competitivos em importantes capitais do pa\u00eds","datePublished":"2024-10-03T22:39:43+00:00","dateModified":"2024-10-03T22:39:45+00:00","mainEntityOfPage":{"@id":"https:\/\/jornalfatosenoticias.com.br\/index.php\/2024\/10\/03\/direita-brasileira-chega-as-eleicoes-2024-com-candidatos-competitivos-em-importantes-capitais-do-pais\/"},"wordCount":1167,"commentCount":0,"publisher":{"@id":"https:\/\/jornalfatosenoticias.com.br\/#organization"},"image":{"@id":"https:\/\/jornalfatosenoticias.com.br\/index.php\/2024\/10\/03\/direita-brasileira-chega-as-eleicoes-2024-com-candidatos-competitivos-em-importantes-capitais-do-pais\/#primaryimage"},"thumbnailUrl":"https:\/\/jornalfatosenoticias.com.br\/wp-content\/uploads\/2024\/10\/urna-eletronica_istock.jpg","keywords":["Arthur Lira","Centr\u00e3o","Ciro Nogueira","Congresso Nacional","elei\u00e7\u00f5es 2024","Gilberto Kassab","Gustavo Gayer","Jair Bolsonaro","Luciano Bivar","Nikolas Ferreira","Valdemar Costa Neto"],"articleSection":["Pol\u00edtica"],"inLanguage":"pt-BR","potentialAction":[{"@type":"CommentAction","name":"Comment","target":["https:\/\/jornalfatosenoticias.com.br\/index.php\/2024\/10\/03\/direita-brasileira-chega-as-eleicoes-2024-com-candidatos-competitivos-em-importantes-capitais-do-pais\/#respond"]}]},{"@type":"WebPage","@id":"https:\/\/jornalfatosenoticias.com.br\/index.php\/2024\/10\/03\/direita-brasileira-chega-as-eleicoes-2024-com-candidatos-competitivos-em-importantes-capitais-do-pais\/","url":"https:\/\/jornalfatosenoticias.com.br\/index.php\/2024\/10\/03\/direita-brasileira-chega-as-eleicoes-2024-com-candidatos-competitivos-em-importantes-capitais-do-pais\/","name":"Direita brasileira chega \u00e0s elei\u00e7\u00f5es 2024 com candidatos competitivos em importantes capitais do pa\u00eds - Jornal Fatos e Not\u00edcias","isPartOf":{"@id":"https:\/\/jornalfatosenoticias.com.br\/#website"},"primaryImageOfPage":{"@id":"https:\/\/jornalfatosenoticias.com.br\/index.php\/2024\/10\/03\/direita-brasileira-chega-as-eleicoes-2024-com-candidatos-competitivos-em-importantes-capitais-do-pais\/#primaryimage"},"image":{"@id":"https:\/\/jornalfatosenoticias.com.br\/index.php\/2024\/10\/03\/direita-brasileira-chega-as-eleicoes-2024-com-candidatos-competitivos-em-importantes-capitais-do-pais\/#primaryimage"},"thumbnailUrl":"https:\/\/jornalfatosenoticias.com.br\/wp-content\/uploads\/2024\/10\/urna-eletronica_istock.jpg","datePublished":"2024-10-03T22:39:43+00:00","dateModified":"2024-10-03T22:39:45+00:00","breadcrumb":{"@id":"https:\/\/jornalfatosenoticias.com.br\/index.php\/2024\/10\/03\/direita-brasileira-chega-as-eleicoes-2024-com-candidatos-competitivos-em-importantes-capitais-do-pais\/#breadcrumb"},"inLanguage":"pt-BR","potentialAction":[{"@type":"ReadAction","target":["https:\/\/jornalfatosenoticias.com.br\/index.php\/2024\/10\/03\/direita-brasileira-chega-as-eleicoes-2024-com-candidatos-competitivos-em-importantes-capitais-do-pais\/"]}]},{"@type":"ImageObject","inLanguage":"pt-BR","@id":"https:\/\/jornalfatosenoticias.com.br\/index.php\/2024\/10\/03\/direita-brasileira-chega-as-eleicoes-2024-com-candidatos-competitivos-em-importantes-capitais-do-pais\/#primaryimage","url":"https:\/\/jornalfatosenoticias.com.br\/wp-content\/uploads\/2024\/10\/urna-eletronica_istock.jpg","contentUrl":"https:\/\/jornalfatosenoticias.com.br\/wp-content\/uploads\/2024\/10\/urna-eletronica_istock.jpg","width":612,"height":408,"caption":"In this photo illustration a woman simulates a vote in the electronic ballot box used in the elections of Brazil."},{"@type":"BreadcrumbList","@id":"https:\/\/jornalfatosenoticias.com.br\/index.php\/2024\/10\/03\/direita-brasileira-chega-as-eleicoes-2024-com-candidatos-competitivos-em-importantes-capitais-do-pais\/#breadcrumb","itemListElement":[{"@type":"ListItem","position":1,"name":"In\u00edcio","item":"https:\/\/jornalfatosenoticias.com.br\/"},{"@type":"ListItem","position":2,"name":"Direita brasileira chega \u00e0s elei\u00e7\u00f5es 2024 com candidatos competitivos em importantes capitais do pa\u00eds"}]},{"@type":"WebSite","@id":"https:\/\/jornalfatosenoticias.com.br\/#website","url":"https:\/\/jornalfatosenoticias.com.br\/","name":"Jornal Fatos e Not\u00edcias","description":"Not\u00edcias em geral","publisher":{"@id":"https:\/\/jornalfatosenoticias.com.br\/#organization"},"potentialAction":[{"@type":"SearchAction","target":{"@type":"EntryPoint","urlTemplate":"https:\/\/jornalfatosenoticias.com.br\/?s={search_term_string}"},"query-input":{"@type":"PropertyValueSpecification","valueRequired":true,"valueName":"search_term_string"}}],"inLanguage":"pt-BR"},{"@type":"Organization","@id":"https:\/\/jornalfatosenoticias.com.br\/#organization","name":"Jornal Fatos e Not\u00edcias","url":"https:\/\/jornalfatosenoticias.com.br\/","logo":{"@type":"ImageObject","inLanguage":"pt-BR","@id":"https:\/\/jornalfatosenoticias.com.br\/#\/schema\/logo\/image\/","url":"https:\/\/jornalfatosenoticias.com.br\/wp-content\/uploads\/2020\/02\/logo120.png","contentUrl":"https:\/\/jornalfatosenoticias.com.br\/wp-content\/uploads\/2020\/02\/logo120.png","width":1227,"height":120,"caption":"Jornal Fatos e Not\u00edcias"},"image":{"@id":"https:\/\/jornalfatosenoticias.com.br\/#\/schema\/logo\/image\/"}},{"@type":"Person","@id":"https:\/\/jornalfatosenoticias.com.br\/#\/schema\/person\/05c46cc25b42a5c27e004fb0fa6b4965","name":"Haroldo Filho","image":{"@type":"ImageObject","inLanguage":"pt-BR","@id":"https:\/\/jornalfatosenoticias.com.br\/#\/schema\/person\/image\/","url":"https:\/\/jornalfatosenoticias.com.br\/wp-content\/uploads\/2025\/08\/WhatsApp-Image-2025-08-18-at-15.30.28-150x150.jpeg","contentUrl":"https:\/\/jornalfatosenoticias.com.br\/wp-content\/uploads\/2025\/08\/WhatsApp-Image-2025-08-18-at-15.30.28-150x150.jpeg","caption":"Haroldo Filho"},"description":"Jornalista \u2013 DRT: 0003818\/ES Coordenador-geral da ONG Educar para Crescer","url":"https:\/\/jornalfatosenoticias.com.br\/index.php\/author\/haroldo\/"}]}},"cc_featured_image_caption":{"caption_text":"(Foto: iStock)\r\n","source_text":"","source_url":""},"jetpack_featured_media_url":"https:\/\/jornalfatosenoticias.com.br\/wp-content\/uploads\/2024\/10\/urna-eletronica_istock.jpg","_links":{"self":[{"href":"https:\/\/jornalfatosenoticias.com.br\/index.php\/wp-json\/wp\/v2\/posts\/54686","targetHints":{"allow":["GET"]}}],"collection":[{"href":"https:\/\/jornalfatosenoticias.com.br\/index.php\/wp-json\/wp\/v2\/posts"}],"about":[{"href":"https:\/\/jornalfatosenoticias.com.br\/index.php\/wp-json\/wp\/v2\/types\/post"}],"author":[{"embeddable":true,"href":"https:\/\/jornalfatosenoticias.com.br\/index.php\/wp-json\/wp\/v2\/users\/3"}],"replies":[{"embeddable":true,"href":"https:\/\/jornalfatosenoticias.com.br\/index.php\/wp-json\/wp\/v2\/comments?post=54686"}],"version-history":[{"count":0,"href":"https:\/\/jornalfatosenoticias.com.br\/index.php\/wp-json\/wp\/v2\/posts\/54686\/revisions"}],"wp:featuredmedia":[{"embeddable":true,"href":"https:\/\/jornalfatosenoticias.com.br\/index.php\/wp-json\/wp\/v2\/media\/54687"}],"wp:attachment":[{"href":"https:\/\/jornalfatosenoticias.com.br\/index.php\/wp-json\/wp\/v2\/media?parent=54686"}],"wp:term":[{"taxonomy":"category","embeddable":true,"href":"https:\/\/jornalfatosenoticias.com.br\/index.php\/wp-json\/wp\/v2\/categories?post=54686"},{"taxonomy":"post_tag","embeddable":true,"href":"https:\/\/jornalfatosenoticias.com.br\/index.php\/wp-json\/wp\/v2\/tags?post=54686"}],"curies":[{"name":"wp","href":"https:\/\/api.w.org\/{rel}","templated":true}]}}