{"id":54703,"date":"2024-10-04T11:43:48","date_gmt":"2024-10-04T14:43:48","guid":{"rendered":"https:\/\/jornalfatosenoticias.com.br\/?p=54703"},"modified":"2024-10-04T11:43:50","modified_gmt":"2024-10-04T14:43:50","slug":"nova-especie-de-cacto-e-descoberta-no-ceara","status":"publish","type":"post","link":"https:\/\/jornalfatosenoticias.com.br\/index.php\/2024\/10\/04\/nova-especie-de-cacto-e-descoberta-no-ceara\/","title":{"rendered":"Nova esp\u00e9cie de cacto \u00e9 descoberta no Cear\u00e1"},"content":{"rendered":"\n<p><em><span class=\"has-inline-color has-black-color\">Nova esp\u00e9cie est\u00e1 presente apenas em quatro munic\u00edpios do Cear\u00e1; saiba o motivo da amea\u00e7a de extin\u00e7\u00e3o<\/span><\/em><\/p>\n\n\n\n<div class=\"wp-block-image\"><figure class=\"aligncenter size-large\"><a href=\"https:\/\/mizu.com.br\/\"><img loading=\"lazy\" decoding=\"async\" width=\"729\" height=\"90\" src=\"https:\/\/jornalfatosenoticias.com.br\/wp-content\/uploads\/2020\/02\/Logo_Mizu.png\" alt=\"\" class=\"wp-image-1441\" srcset=\"https:\/\/jornalfatosenoticias.com.br\/wp-content\/uploads\/2020\/02\/Logo_Mizu.png 729w, https:\/\/jornalfatosenoticias.com.br\/wp-content\/uploads\/2020\/02\/Logo_Mizu-300x37.png 300w\" sizes=\"auto, (max-width: 729px) 100vw, 729px\" \/><\/a><\/figure><\/div>\n\n\n\n<p>Um estudo recente mostrou que uma nova esp\u00e9cie de cacto, batizada de cacto cearense, foi identificada em solo brasileiro. A descoberta foi publicada no fim de julho de 2024 no peri\u00f3dico cient\u00edfico Rodrigu\u00e9sia, do Jardim Bot\u00e2nico do Rio de Janeiro (RJ).<br>Conforme a revista cient\u00edfica, por quest\u00f5es envolvendo a crise clim\u00e1tica e a m\u00e3o humana, apesar de rec\u00e9m-descoberta, a esp\u00e9cie de cacto tamb\u00e9m se encontra em perigo de extin\u00e7\u00e3o. Os pesquisadores bot\u00e2nicos foram a campo em dezembro de 2022. A inten\u00e7\u00e3o era percorrer o interior do Cear\u00e1 para levantar os locais que t\u00eam ocorr\u00eancia de cacto e quais s\u00e3o seus tipos. Durante a expedi\u00e7\u00e3o, foram encontradas oito tipos de popula\u00e7\u00f5es de cactos.<\/p>\n\n\n\n<div class=\"wp-block-image\"><figure class=\"aligncenter size-large is-resized\"><a href=\"https:\/\/www.facebook.com\/postobkr\/?locale=pt_BR\"><img loading=\"lazy\" decoding=\"async\" src=\"https:\/\/jornalfatosenoticias.com.br\/wp-content\/uploads\/2023\/08\/BKR-1024x1021.jpg\" alt=\"\" class=\"wp-image-44494\" width=\"293\" height=\"292\" srcset=\"https:\/\/jornalfatosenoticias.com.br\/wp-content\/uploads\/2023\/08\/BKR-1024x1021.jpg 1024w, https:\/\/jornalfatosenoticias.com.br\/wp-content\/uploads\/2023\/08\/BKR-300x300.jpg 300w, https:\/\/jornalfatosenoticias.com.br\/wp-content\/uploads\/2023\/08\/BKR-150x150.jpg 150w, https:\/\/jornalfatosenoticias.com.br\/wp-content\/uploads\/2023\/08\/BKR-768x766.jpg 768w, https:\/\/jornalfatosenoticias.com.br\/wp-content\/uploads\/2023\/08\/BKR.jpg 1080w\" sizes=\"auto, (max-width: 293px) 100vw, 293px\" \/><\/a><\/figure><\/div>\n\n\n\n<p>Em an\u00e1lise laboratorial, cientistas perceberam que o cacto cearense era confundido com outra esp\u00e9cie, a Tacinga-palmadora, popularmente conhecida como cacto-palmat\u00f3ria. Para confirmar que tratava-se de uma nova esp\u00e9cie, os cientistas fizeram teste morfol\u00f3gico e analisaram as principais diferen\u00e7as de tamanho, densidade de espinhos e os formatos das flores, al\u00e9m de estudar a gen\u00e9tica das <a href=\"https:\/\/www.terra.com.br\/planeta\/tacinga-mirim-conheca-cacto-cearense-recem-descoberto-que-ja-esta-ameacado-de-extincao,c72270eac3f50bd86015c75dfc612e5enphjfv4r.html#\">plantas<\/a> atrav\u00e9s dos cromossomos.<\/p>\n\n\n\n<div class=\"wp-block-image\"><figure class=\"aligncenter size-large is-resized\"><a href=\"https:\/\/www.controlsystems.com.br\/\"><img loading=\"lazy\" decoding=\"async\" src=\"https:\/\/jornalfatosenoticias.com.br\/wp-content\/uploads\/2020\/02\/CONTROL-CS.jpg\" alt=\"\" class=\"wp-image-44991\" width=\"274\" height=\"328\" srcset=\"https:\/\/jornalfatosenoticias.com.br\/wp-content\/uploads\/2020\/02\/CONTROL-CS.jpg 834w, https:\/\/jornalfatosenoticias.com.br\/wp-content\/uploads\/2020\/02\/CONTROL-CS-250x300.jpg 250w, https:\/\/jornalfatosenoticias.com.br\/wp-content\/uploads\/2020\/02\/CONTROL-CS-768x921.jpg 768w\" sizes=\"auto, (max-width: 274px) 100vw, 274px\" \/><\/a><\/figure><\/div>\n\n\n\n<p>Assim que conseguiram confirmar a hip\u00f3tese, resolveram, ent\u00e3o, batizar a nova esp\u00e9cie de Tacinga-mirim. O nome foi escolhido por seu tamanho e pela semelhan\u00e7a com a &#8216;s\u00f3sia&#8217;. A descoberta \u00e9 assinada pelos pesquisadores Marcelo Oliveira Teles de Menezes, do Instituto Federal de Educa\u00e7\u00e3o, Ci\u00eancia e Tecnologia do Cear\u00e1 (IFCE), e L\u00e2nia Isis Ferreira Alves, da Universidade Federal da Para\u00edba (UFPB).<\/p>\n\n\n\n<div class=\"wp-block-image\"><figure class=\"aligncenter size-large\"><a href=\"http:\/\/www.ferrarimaquinas.com.br\/\"><img loading=\"lazy\" decoding=\"async\" width=\"300\" height=\"250\" src=\"https:\/\/jornalfatosenoticias.com.br\/wp-content\/uploads\/2022\/02\/FERRARI_MAQUINAS-E-FERRAMENTAS2.jpg\" alt=\"\" class=\"wp-image-27860\"\/><\/a><\/figure><\/div>\n\n\n\n<p>O cacto cearense recebeu o nome cient\u00edfico de Tacinga-mirim, pois, diferente de seu &#8216;s\u00f3sia&#8217;, ele cresce apenas 50 cent\u00edmetros. A Tacinga-palmadora, por sua vez, pode chegar a quatro metros de altura. Seu local nativo \u00e9 outro fator que o separa de seu &#8216;primo&#8217;. Enquanto a Tacinga-palmadora tem distribui\u00e7\u00e3o que se estende pela Bahia at\u00e9 o Rio Grande do Norte, a Tacinga-mirim ocorre apenas no interior do Cear\u00e1: em Santa Quit\u00e9ria, em Canind\u00e9, em Sobral e na Catunda, sempre regi\u00f5es da Caatinga.<\/p>\n\n\n\n<div class=\"wp-block-image\"><figure class=\"aligncenter size-large is-resized\"><a href=\"https:\/\/www.instagram.com\/serra4x4cambioautomatico\/\"><img loading=\"lazy\" decoding=\"async\" src=\"https:\/\/jornalfatosenoticias.com.br\/wp-content\/uploads\/2024\/08\/Serra-4x4-1-886x1024.jpg\" alt=\"\" class=\"wp-image-53632\" width=\"275\" height=\"317\" srcset=\"https:\/\/jornalfatosenoticias.com.br\/wp-content\/uploads\/2024\/08\/Serra-4x4-1-886x1024.jpg 886w, https:\/\/jornalfatosenoticias.com.br\/wp-content\/uploads\/2024\/08\/Serra-4x4-1-260x300.jpg 260w, https:\/\/jornalfatosenoticias.com.br\/wp-content\/uploads\/2024\/08\/Serra-4x4-1-768x888.jpg 768w, https:\/\/jornalfatosenoticias.com.br\/wp-content\/uploads\/2024\/08\/Serra-4x4-1.jpg 1181w\" sizes=\"auto, (max-width: 275px) 100vw, 275px\" \/><\/a><\/figure><\/div>\n\n\n\n<p><strong><span class=\"has-inline-color has-vivid-green-cyan-color\">Por que corre risco de extin\u00e7\u00e3o?<br><\/span><\/strong>Pouco ap\u00f3s descoberta da nova esp\u00e9cie, pesquisadores notaram que a faixa territorial ocupada pelo cacto cearense soma apenas 36 km\u00b2, o que classifica a esp\u00e9cie como &#8220;em perigo de extin\u00e7\u00e3o&#8221;, conforme as regras e protocolos do Uni\u00e3o Internacional para Conserva\u00e7\u00e3o da Natureza (IUCN, na sigla em ingl\u00eas).<\/p>\n\n\n\n<div class=\"wp-block-image\"><figure class=\"aligncenter size-large is-resized\"><a href=\"https:\/\/www.instagram.com\/vmais.midias\/\"><img loading=\"lazy\" decoding=\"async\" src=\"https:\/\/jornalfatosenoticias.com.br\/wp-content\/uploads\/2020\/02\/DE-MAIS-DESTAQUE-VMAIS-800X700.png\" alt=\"\" class=\"wp-image-53112\" width=\"284\" height=\"248\" srcset=\"https:\/\/jornalfatosenoticias.com.br\/wp-content\/uploads\/2020\/02\/DE-MAIS-DESTAQUE-VMAIS-800X700.png 800w, https:\/\/jornalfatosenoticias.com.br\/wp-content\/uploads\/2020\/02\/DE-MAIS-DESTAQUE-VMAIS-800X700-300x263.png 300w, https:\/\/jornalfatosenoticias.com.br\/wp-content\/uploads\/2020\/02\/DE-MAIS-DESTAQUE-VMAIS-800X700-768x672.png 768w\" sizes=\"auto, (max-width: 284px) 100vw, 284px\" \/><\/a><\/figure><\/div>\n\n\n\n<p>Para piorar, de acordo com os dados do <em>MapBiomas,<\/em> entre 1985 e 2022, nos cinco munic\u00edpios em que a Tacinga-mirim se encontra, houve redu\u00e7\u00e3o natural da cobertura da vegeta\u00e7\u00e3o nativa de 4% para 16%. Um dos cen\u00e1rios mais preocupantes \u00e9 em Santa Quit\u00e9ria. Em 2020, o governo estadual sancionou um acordo de implementa\u00e7\u00e3o de um projeto de minera\u00e7\u00e3o voltado para a explora\u00e7\u00e3o de ur\u00e2nio e fosfato na regi\u00e3o, o que \u00e9 nocivo \u00e0 esp\u00e9cie.<\/p>\n\n\n\n<div class=\"wp-block-image\"><figure class=\"aligncenter size-large is-resized\"><a href=\"https:\/\/panper.com.br\/\"><img loading=\"lazy\" decoding=\"async\" src=\"https:\/\/jornalfatosenoticias.com.br\/wp-content\/uploads\/2023\/03\/logo-Panper_portal.jpg\" alt=\"\" class=\"wp-image-40208\" width=\"305\" height=\"211\" srcset=\"https:\/\/jornalfatosenoticias.com.br\/wp-content\/uploads\/2023\/03\/logo-Panper_portal.jpg 400w, https:\/\/jornalfatosenoticias.com.br\/wp-content\/uploads\/2023\/03\/logo-Panper_portal-300x208.jpg 300w\" sizes=\"auto, (max-width: 305px) 100vw, 305px\" \/><\/a><\/figure><\/div>\n\n\n\n<blockquote class=\"wp-block-quote is-layout-flow wp-block-quote-is-layout-flow\"><p><span class=\"has-inline-color has-luminous-vivid-orange-color\">Considerando a gravidade e extens\u00e3o dos impactos diretos e indiretos causados pela minera\u00e7\u00e3o, estas popula\u00e7\u00f5es poder\u00e3o sofrer impactos com a instala\u00e7\u00e3o do projeto. Estudos rigorosos s\u00e3o necess\u00e1rios na \u00e1rea proposta para confirmar a presen\u00e7a de T. mirim na regi\u00e3o e, se necess\u00e1rio, reavaliar os impactos ambientais&#8221;, disseram os pesquisadores, em trecho do artigo.<\/span><\/p><\/blockquote>\n\n\n\n<div class=\"wp-block-image\"><figure class=\"aligncenter size-large is-resized\"><a href=\"https:\/\/www.facebook.com\/vetor.vix\/\"><img loading=\"lazy\" decoding=\"async\" src=\"https:\/\/jornalfatosenoticias.com.br\/wp-content\/uploads\/2023\/09\/vetorvix1024_1.jpg\" alt=\"\" class=\"wp-image-44868\" width=\"494\" height=\"131\" srcset=\"https:\/\/jornalfatosenoticias.com.br\/wp-content\/uploads\/2023\/09\/vetorvix1024_1.jpg 1024w, https:\/\/jornalfatosenoticias.com.br\/wp-content\/uploads\/2023\/09\/vetorvix1024_1-300x80.jpg 300w, https:\/\/jornalfatosenoticias.com.br\/wp-content\/uploads\/2023\/09\/vetorvix1024_1-768x205.jpg 768w\" sizes=\"auto, (max-width: 494px) 100vw, 494px\" \/><\/a><\/figure><\/div>\n\n\n\n<p><strong><em>Fonte: <a href=\"https:\/\/www.terra.com.br\/planeta\/tacinga-mirim-conheca-cacto-cearense-recem-descoberto-que-ja-esta-ameacado-de-extincao,c72270eac3f50bd86015c75dfc612e5enphjfv4r.html\">Terra<\/a><\/em><\/strong><\/p>\n","protected":false},"excerpt":{"rendered":"<p>Nova esp\u00e9cie est\u00e1 presente apenas em quatro munic\u00edpios do Cear\u00e1; saiba o motivo da amea\u00e7a de extin\u00e7\u00e3o Um estudo recente mostrou que uma nova esp\u00e9cie de cacto, batizada de cacto cearense, foi identificada em solo brasileiro. A descoberta foi publicada no fim de julho de 2024 no peri\u00f3dico cient\u00edfico Rodrigu\u00e9sia, do Jardim Bot\u00e2nico do Rio [&hellip;]<\/p>\n","protected":false},"author":2,"featured_media":54704,"comment_status":"open","ping_status":"open","sticky":false,"template":"","format":"standard","meta":{"footnotes":""},"categories":[8],"tags":[256,14502,2276,337,219,64,10600],"class_list":["post-54703","post","type-post","status-publish","format-standard","has-post-thumbnail","hentry","category-meio-ambiente","tag-caatinga","tag-cacto","tag-ceara","tag-especie","tag-extincao","tag-flor","tag-mineracao"],"yoast_head":"<!-- This site is optimized with the Yoast SEO plugin v26.5 - https:\/\/yoast.com\/wordpress\/plugins\/seo\/ -->\n<title>Nova esp\u00e9cie de cacto \u00e9 descoberta no Cear\u00e1 - Jornal Fatos e Not\u00edcias<\/title>\n<meta name=\"robots\" content=\"index, follow, max-snippet:-1, max-image-preview:large, max-video-preview:-1\" \/>\n<link rel=\"canonical\" href=\"https:\/\/jornalfatosenoticias.com.br\/index.php\/2024\/10\/04\/nova-especie-de-cacto-e-descoberta-no-ceara\/\" \/>\n<meta property=\"og:locale\" content=\"pt_BR\" \/>\n<meta property=\"og:type\" content=\"article\" \/>\n<meta property=\"og:title\" content=\"Nova esp\u00e9cie de cacto \u00e9 descoberta no Cear\u00e1 - Jornal Fatos e Not\u00edcias\" \/>\n<meta property=\"og:description\" content=\"Nova esp\u00e9cie est\u00e1 presente apenas em quatro munic\u00edpios do Cear\u00e1; saiba o motivo da amea\u00e7a de extin\u00e7\u00e3o Um estudo recente mostrou que uma nova esp\u00e9cie de cacto, batizada de cacto cearense, foi identificada em solo brasileiro. A descoberta foi publicada no fim de julho de 2024 no peri\u00f3dico cient\u00edfico Rodrigu\u00e9sia, do Jardim Bot\u00e2nico do Rio [&hellip;]\" \/>\n<meta property=\"og:url\" content=\"https:\/\/jornalfatosenoticias.com.br\/index.php\/2024\/10\/04\/nova-especie-de-cacto-e-descoberta-no-ceara\/\" \/>\n<meta property=\"og:site_name\" content=\"Jornal Fatos e Not\u00edcias\" \/>\n<meta property=\"article:published_time\" content=\"2024-10-04T14:43:48+00:00\" \/>\n<meta property=\"article:modified_time\" content=\"2024-10-04T14:43:50+00:00\" \/>\n<meta property=\"og:image\" content=\"https:\/\/jornalfatosenoticias.com.br\/wp-content\/uploads\/2024\/10\/cacto-ceara.jpg\" \/>\n\t<meta property=\"og:image:width\" content=\"800\" \/>\n\t<meta property=\"og:image:height\" content=\"480\" \/>\n\t<meta property=\"og:image:type\" content=\"image\/jpeg\" \/>\n<meta name=\"author\" content=\"Luzimara Fernandes\" \/>\n<meta name=\"twitter:card\" content=\"summary_large_image\" \/>\n<meta name=\"twitter:label1\" content=\"Escrito por\" \/>\n\t<meta name=\"twitter:data1\" content=\"Luzimara Fernandes\" \/>\n\t<meta name=\"twitter:label2\" content=\"Est. tempo de leitura\" \/>\n\t<meta name=\"twitter:data2\" content=\"3 minutos\" \/>\n<script type=\"application\/ld+json\" class=\"yoast-schema-graph\">{\"@context\":\"https:\/\/schema.org\",\"@graph\":[{\"@type\":\"Article\",\"@id\":\"https:\/\/jornalfatosenoticias.com.br\/index.php\/2024\/10\/04\/nova-especie-de-cacto-e-descoberta-no-ceara\/#article\",\"isPartOf\":{\"@id\":\"https:\/\/jornalfatosenoticias.com.br\/index.php\/2024\/10\/04\/nova-especie-de-cacto-e-descoberta-no-ceara\/\"},\"author\":{\"name\":\"Luzimara Fernandes\",\"@id\":\"https:\/\/jornalfatosenoticias.com.br\/#\/schema\/person\/d63837fa13ac8666eb9e74e0985d6f81\"},\"headline\":\"Nova esp\u00e9cie de cacto \u00e9 descoberta no Cear\u00e1\",\"datePublished\":\"2024-10-04T14:43:48+00:00\",\"dateModified\":\"2024-10-04T14:43:50+00:00\",\"mainEntityOfPage\":{\"@id\":\"https:\/\/jornalfatosenoticias.com.br\/index.php\/2024\/10\/04\/nova-especie-de-cacto-e-descoberta-no-ceara\/\"},\"wordCount\":581,\"commentCount\":0,\"publisher\":{\"@id\":\"https:\/\/jornalfatosenoticias.com.br\/#organization\"},\"image\":{\"@id\":\"https:\/\/jornalfatosenoticias.com.br\/index.php\/2024\/10\/04\/nova-especie-de-cacto-e-descoberta-no-ceara\/#primaryimage\"},\"thumbnailUrl\":\"https:\/\/jornalfatosenoticias.com.br\/wp-content\/uploads\/2024\/10\/cacto-ceara.jpg\",\"keywords\":[\"caatinga\",\"cacto\",\"Cear\u00e1\",\"esp\u00e9cie\",\"extin\u00e7\u00e3o\",\"flor\",\"minera\u00e7\u00e3o\"],\"articleSection\":[\"Meio ambiente\"],\"inLanguage\":\"pt-BR\",\"potentialAction\":[{\"@type\":\"CommentAction\",\"name\":\"Comment\",\"target\":[\"https:\/\/jornalfatosenoticias.com.br\/index.php\/2024\/10\/04\/nova-especie-de-cacto-e-descoberta-no-ceara\/#respond\"]}]},{\"@type\":\"WebPage\",\"@id\":\"https:\/\/jornalfatosenoticias.com.br\/index.php\/2024\/10\/04\/nova-especie-de-cacto-e-descoberta-no-ceara\/\",\"url\":\"https:\/\/jornalfatosenoticias.com.br\/index.php\/2024\/10\/04\/nova-especie-de-cacto-e-descoberta-no-ceara\/\",\"name\":\"Nova esp\u00e9cie de cacto \u00e9 descoberta no Cear\u00e1 - Jornal Fatos e Not\u00edcias\",\"isPartOf\":{\"@id\":\"https:\/\/jornalfatosenoticias.com.br\/#website\"},\"primaryImageOfPage\":{\"@id\":\"https:\/\/jornalfatosenoticias.com.br\/index.php\/2024\/10\/04\/nova-especie-de-cacto-e-descoberta-no-ceara\/#primaryimage\"},\"image\":{\"@id\":\"https:\/\/jornalfatosenoticias.com.br\/index.php\/2024\/10\/04\/nova-especie-de-cacto-e-descoberta-no-ceara\/#primaryimage\"},\"thumbnailUrl\":\"https:\/\/jornalfatosenoticias.com.br\/wp-content\/uploads\/2024\/10\/cacto-ceara.jpg\",\"datePublished\":\"2024-10-04T14:43:48+00:00\",\"dateModified\":\"2024-10-04T14:43:50+00:00\",\"breadcrumb\":{\"@id\":\"https:\/\/jornalfatosenoticias.com.br\/index.php\/2024\/10\/04\/nova-especie-de-cacto-e-descoberta-no-ceara\/#breadcrumb\"},\"inLanguage\":\"pt-BR\",\"potentialAction\":[{\"@type\":\"ReadAction\",\"target\":[\"https:\/\/jornalfatosenoticias.com.br\/index.php\/2024\/10\/04\/nova-especie-de-cacto-e-descoberta-no-ceara\/\"]}]},{\"@type\":\"ImageObject\",\"inLanguage\":\"pt-BR\",\"@id\":\"https:\/\/jornalfatosenoticias.com.br\/index.php\/2024\/10\/04\/nova-especie-de-cacto-e-descoberta-no-ceara\/#primaryimage\",\"url\":\"https:\/\/jornalfatosenoticias.com.br\/wp-content\/uploads\/2024\/10\/cacto-ceara.jpg\",\"contentUrl\":\"https:\/\/jornalfatosenoticias.com.br\/wp-content\/uploads\/2024\/10\/cacto-ceara.jpg\",\"width\":800,\"height\":480},{\"@type\":\"BreadcrumbList\",\"@id\":\"https:\/\/jornalfatosenoticias.com.br\/index.php\/2024\/10\/04\/nova-especie-de-cacto-e-descoberta-no-ceara\/#breadcrumb\",\"itemListElement\":[{\"@type\":\"ListItem\",\"position\":1,\"name\":\"In\u00edcio\",\"item\":\"https:\/\/jornalfatosenoticias.com.br\/\"},{\"@type\":\"ListItem\",\"position\":2,\"name\":\"Nova esp\u00e9cie de cacto \u00e9 descoberta no Cear\u00e1\"}]},{\"@type\":\"WebSite\",\"@id\":\"https:\/\/jornalfatosenoticias.com.br\/#website\",\"url\":\"https:\/\/jornalfatosenoticias.com.br\/\",\"name\":\"Jornal Fatos e Not\u00edcias\",\"description\":\"Not\u00edcias em geral\",\"publisher\":{\"@id\":\"https:\/\/jornalfatosenoticias.com.br\/#organization\"},\"potentialAction\":[{\"@type\":\"SearchAction\",\"target\":{\"@type\":\"EntryPoint\",\"urlTemplate\":\"https:\/\/jornalfatosenoticias.com.br\/?s={search_term_string}\"},\"query-input\":{\"@type\":\"PropertyValueSpecification\",\"valueRequired\":true,\"valueName\":\"search_term_string\"}}],\"inLanguage\":\"pt-BR\"},{\"@type\":\"Organization\",\"@id\":\"https:\/\/jornalfatosenoticias.com.br\/#organization\",\"name\":\"Jornal Fatos e Not\u00edcias\",\"url\":\"https:\/\/jornalfatosenoticias.com.br\/\",\"logo\":{\"@type\":\"ImageObject\",\"inLanguage\":\"pt-BR\",\"@id\":\"https:\/\/jornalfatosenoticias.com.br\/#\/schema\/logo\/image\/\",\"url\":\"https:\/\/jornalfatosenoticias.com.br\/wp-content\/uploads\/2020\/02\/logo120.png\",\"contentUrl\":\"https:\/\/jornalfatosenoticias.com.br\/wp-content\/uploads\/2020\/02\/logo120.png\",\"width\":1227,\"height\":120,\"caption\":\"Jornal Fatos e Not\u00edcias\"},\"image\":{\"@id\":\"https:\/\/jornalfatosenoticias.com.br\/#\/schema\/logo\/image\/\"}},{\"@type\":\"Person\",\"@id\":\"https:\/\/jornalfatosenoticias.com.br\/#\/schema\/person\/d63837fa13ac8666eb9e74e0985d6f81\",\"name\":\"Luzimara Fernandes\",\"image\":{\"@type\":\"ImageObject\",\"inLanguage\":\"pt-BR\",\"@id\":\"https:\/\/jornalfatosenoticias.com.br\/#\/schema\/person\/image\/\",\"url\":\"https:\/\/jornalfatosenoticias.com.br\/wp-content\/uploads\/2025\/05\/EU_portal.jpg\",\"contentUrl\":\"https:\/\/jornalfatosenoticias.com.br\/wp-content\/uploads\/2025\/05\/EU_portal.jpg\",\"caption\":\"Luzimara Fernandes\"},\"description\":\"Jornalista MTB 2358-ES\",\"sameAs\":[\"https:\/\/jornalfatosenoticias.com.br\"],\"url\":\"https:\/\/jornalfatosenoticias.com.br\/index.php\/author\/luzimara\/\"}]}<\/script>\n<!-- \/ Yoast SEO plugin. -->","yoast_head_json":{"title":"Nova esp\u00e9cie de cacto \u00e9 descoberta no Cear\u00e1 - Jornal Fatos e Not\u00edcias","robots":{"index":"index","follow":"follow","max-snippet":"max-snippet:-1","max-image-preview":"max-image-preview:large","max-video-preview":"max-video-preview:-1"},"canonical":"https:\/\/jornalfatosenoticias.com.br\/index.php\/2024\/10\/04\/nova-especie-de-cacto-e-descoberta-no-ceara\/","og_locale":"pt_BR","og_type":"article","og_title":"Nova esp\u00e9cie de cacto \u00e9 descoberta no Cear\u00e1 - Jornal Fatos e Not\u00edcias","og_description":"Nova esp\u00e9cie est\u00e1 presente apenas em quatro munic\u00edpios do Cear\u00e1; saiba o motivo da amea\u00e7a de extin\u00e7\u00e3o Um estudo recente mostrou que uma nova esp\u00e9cie de cacto, batizada de cacto cearense, foi identificada em solo brasileiro. A descoberta foi publicada no fim de julho de 2024 no peri\u00f3dico cient\u00edfico Rodrigu\u00e9sia, do Jardim Bot\u00e2nico do Rio [&hellip;]","og_url":"https:\/\/jornalfatosenoticias.com.br\/index.php\/2024\/10\/04\/nova-especie-de-cacto-e-descoberta-no-ceara\/","og_site_name":"Jornal Fatos e Not\u00edcias","article_published_time":"2024-10-04T14:43:48+00:00","article_modified_time":"2024-10-04T14:43:50+00:00","og_image":[{"width":800,"height":480,"url":"https:\/\/jornalfatosenoticias.com.br\/wp-content\/uploads\/2024\/10\/cacto-ceara.jpg","type":"image\/jpeg"}],"author":"Luzimara Fernandes","twitter_card":"summary_large_image","twitter_misc":{"Escrito por":"Luzimara Fernandes","Est. tempo de leitura":"3 minutos"},"schema":{"@context":"https:\/\/schema.org","@graph":[{"@type":"Article","@id":"https:\/\/jornalfatosenoticias.com.br\/index.php\/2024\/10\/04\/nova-especie-de-cacto-e-descoberta-no-ceara\/#article","isPartOf":{"@id":"https:\/\/jornalfatosenoticias.com.br\/index.php\/2024\/10\/04\/nova-especie-de-cacto-e-descoberta-no-ceara\/"},"author":{"name":"Luzimara Fernandes","@id":"https:\/\/jornalfatosenoticias.com.br\/#\/schema\/person\/d63837fa13ac8666eb9e74e0985d6f81"},"headline":"Nova esp\u00e9cie de cacto \u00e9 descoberta no Cear\u00e1","datePublished":"2024-10-04T14:43:48+00:00","dateModified":"2024-10-04T14:43:50+00:00","mainEntityOfPage":{"@id":"https:\/\/jornalfatosenoticias.com.br\/index.php\/2024\/10\/04\/nova-especie-de-cacto-e-descoberta-no-ceara\/"},"wordCount":581,"commentCount":0,"publisher":{"@id":"https:\/\/jornalfatosenoticias.com.br\/#organization"},"image":{"@id":"https:\/\/jornalfatosenoticias.com.br\/index.php\/2024\/10\/04\/nova-especie-de-cacto-e-descoberta-no-ceara\/#primaryimage"},"thumbnailUrl":"https:\/\/jornalfatosenoticias.com.br\/wp-content\/uploads\/2024\/10\/cacto-ceara.jpg","keywords":["caatinga","cacto","Cear\u00e1","esp\u00e9cie","extin\u00e7\u00e3o","flor","minera\u00e7\u00e3o"],"articleSection":["Meio ambiente"],"inLanguage":"pt-BR","potentialAction":[{"@type":"CommentAction","name":"Comment","target":["https:\/\/jornalfatosenoticias.com.br\/index.php\/2024\/10\/04\/nova-especie-de-cacto-e-descoberta-no-ceara\/#respond"]}]},{"@type":"WebPage","@id":"https:\/\/jornalfatosenoticias.com.br\/index.php\/2024\/10\/04\/nova-especie-de-cacto-e-descoberta-no-ceara\/","url":"https:\/\/jornalfatosenoticias.com.br\/index.php\/2024\/10\/04\/nova-especie-de-cacto-e-descoberta-no-ceara\/","name":"Nova esp\u00e9cie de cacto \u00e9 descoberta no Cear\u00e1 - Jornal Fatos e Not\u00edcias","isPartOf":{"@id":"https:\/\/jornalfatosenoticias.com.br\/#website"},"primaryImageOfPage":{"@id":"https:\/\/jornalfatosenoticias.com.br\/index.php\/2024\/10\/04\/nova-especie-de-cacto-e-descoberta-no-ceara\/#primaryimage"},"image":{"@id":"https:\/\/jornalfatosenoticias.com.br\/index.php\/2024\/10\/04\/nova-especie-de-cacto-e-descoberta-no-ceara\/#primaryimage"},"thumbnailUrl":"https:\/\/jornalfatosenoticias.com.br\/wp-content\/uploads\/2024\/10\/cacto-ceara.jpg","datePublished":"2024-10-04T14:43:48+00:00","dateModified":"2024-10-04T14:43:50+00:00","breadcrumb":{"@id":"https:\/\/jornalfatosenoticias.com.br\/index.php\/2024\/10\/04\/nova-especie-de-cacto-e-descoberta-no-ceara\/#breadcrumb"},"inLanguage":"pt-BR","potentialAction":[{"@type":"ReadAction","target":["https:\/\/jornalfatosenoticias.com.br\/index.php\/2024\/10\/04\/nova-especie-de-cacto-e-descoberta-no-ceara\/"]}]},{"@type":"ImageObject","inLanguage":"pt-BR","@id":"https:\/\/jornalfatosenoticias.com.br\/index.php\/2024\/10\/04\/nova-especie-de-cacto-e-descoberta-no-ceara\/#primaryimage","url":"https:\/\/jornalfatosenoticias.com.br\/wp-content\/uploads\/2024\/10\/cacto-ceara.jpg","contentUrl":"https:\/\/jornalfatosenoticias.com.br\/wp-content\/uploads\/2024\/10\/cacto-ceara.jpg","width":800,"height":480},{"@type":"BreadcrumbList","@id":"https:\/\/jornalfatosenoticias.com.br\/index.php\/2024\/10\/04\/nova-especie-de-cacto-e-descoberta-no-ceara\/#breadcrumb","itemListElement":[{"@type":"ListItem","position":1,"name":"In\u00edcio","item":"https:\/\/jornalfatosenoticias.com.br\/"},{"@type":"ListItem","position":2,"name":"Nova esp\u00e9cie de cacto \u00e9 descoberta no Cear\u00e1"}]},{"@type":"WebSite","@id":"https:\/\/jornalfatosenoticias.com.br\/#website","url":"https:\/\/jornalfatosenoticias.com.br\/","name":"Jornal Fatos e Not\u00edcias","description":"Not\u00edcias em geral","publisher":{"@id":"https:\/\/jornalfatosenoticias.com.br\/#organization"},"potentialAction":[{"@type":"SearchAction","target":{"@type":"EntryPoint","urlTemplate":"https:\/\/jornalfatosenoticias.com.br\/?s={search_term_string}"},"query-input":{"@type":"PropertyValueSpecification","valueRequired":true,"valueName":"search_term_string"}}],"inLanguage":"pt-BR"},{"@type":"Organization","@id":"https:\/\/jornalfatosenoticias.com.br\/#organization","name":"Jornal Fatos e Not\u00edcias","url":"https:\/\/jornalfatosenoticias.com.br\/","logo":{"@type":"ImageObject","inLanguage":"pt-BR","@id":"https:\/\/jornalfatosenoticias.com.br\/#\/schema\/logo\/image\/","url":"https:\/\/jornalfatosenoticias.com.br\/wp-content\/uploads\/2020\/02\/logo120.png","contentUrl":"https:\/\/jornalfatosenoticias.com.br\/wp-content\/uploads\/2020\/02\/logo120.png","width":1227,"height":120,"caption":"Jornal Fatos e Not\u00edcias"},"image":{"@id":"https:\/\/jornalfatosenoticias.com.br\/#\/schema\/logo\/image\/"}},{"@type":"Person","@id":"https:\/\/jornalfatosenoticias.com.br\/#\/schema\/person\/d63837fa13ac8666eb9e74e0985d6f81","name":"Luzimara Fernandes","image":{"@type":"ImageObject","inLanguage":"pt-BR","@id":"https:\/\/jornalfatosenoticias.com.br\/#\/schema\/person\/image\/","url":"https:\/\/jornalfatosenoticias.com.br\/wp-content\/uploads\/2025\/05\/EU_portal.jpg","contentUrl":"https:\/\/jornalfatosenoticias.com.br\/wp-content\/uploads\/2025\/05\/EU_portal.jpg","caption":"Luzimara Fernandes"},"description":"Jornalista MTB 2358-ES","sameAs":["https:\/\/jornalfatosenoticias.com.br"],"url":"https:\/\/jornalfatosenoticias.com.br\/index.php\/author\/luzimara\/"}]}},"cc_featured_image_caption":{"caption_text":"(Foto: Marcelo Teles\/Reprodu\u00e7\u00e3o) ","source_text":"","source_url":""},"jetpack_featured_media_url":"https:\/\/jornalfatosenoticias.com.br\/wp-content\/uploads\/2024\/10\/cacto-ceara.jpg","_links":{"self":[{"href":"https:\/\/jornalfatosenoticias.com.br\/index.php\/wp-json\/wp\/v2\/posts\/54703","targetHints":{"allow":["GET"]}}],"collection":[{"href":"https:\/\/jornalfatosenoticias.com.br\/index.php\/wp-json\/wp\/v2\/posts"}],"about":[{"href":"https:\/\/jornalfatosenoticias.com.br\/index.php\/wp-json\/wp\/v2\/types\/post"}],"author":[{"embeddable":true,"href":"https:\/\/jornalfatosenoticias.com.br\/index.php\/wp-json\/wp\/v2\/users\/2"}],"replies":[{"embeddable":true,"href":"https:\/\/jornalfatosenoticias.com.br\/index.php\/wp-json\/wp\/v2\/comments?post=54703"}],"version-history":[{"count":0,"href":"https:\/\/jornalfatosenoticias.com.br\/index.php\/wp-json\/wp\/v2\/posts\/54703\/revisions"}],"wp:featuredmedia":[{"embeddable":true,"href":"https:\/\/jornalfatosenoticias.com.br\/index.php\/wp-json\/wp\/v2\/media\/54704"}],"wp:attachment":[{"href":"https:\/\/jornalfatosenoticias.com.br\/index.php\/wp-json\/wp\/v2\/media?parent=54703"}],"wp:term":[{"taxonomy":"category","embeddable":true,"href":"https:\/\/jornalfatosenoticias.com.br\/index.php\/wp-json\/wp\/v2\/categories?post=54703"},{"taxonomy":"post_tag","embeddable":true,"href":"https:\/\/jornalfatosenoticias.com.br\/index.php\/wp-json\/wp\/v2\/tags?post=54703"}],"curies":[{"name":"wp","href":"https:\/\/api.w.org\/{rel}","templated":true}]}}