{"id":54718,"date":"2024-10-07T10:12:19","date_gmt":"2024-10-07T13:12:19","guid":{"rendered":"https:\/\/jornalfatosenoticias.com.br\/?p=54718"},"modified":"2024-10-07T10:12:20","modified_gmt":"2024-10-07T13:12:20","slug":"carmen-lucia-defende-regulacao-das-redes-e-diz-que-plataformas-colaboraram","status":"publish","type":"post","link":"https:\/\/jornalfatosenoticias.com.br\/index.php\/2024\/10\/07\/carmen-lucia-defende-regulacao-das-redes-e-diz-que-plataformas-colaboraram\/","title":{"rendered":"C\u00e1rmen L\u00facia defende regula\u00e7\u00e3o das redes e diz que plataformas colaboraram"},"content":{"rendered":"\n<p><em><span class=\"has-inline-color has-black-color\">Presidente do TSE, C\u00e1rmen L\u00facia<\/span><\/em><\/p>\n\n\n\n<p><span class=\"has-inline-color has-black-color\">Por <strong><a href=\"https:\/\/www.gazetadopovo.com.br\/autor\/carinne-souza\/\" rel=\"nofollow\">Carinne Souza<\/a><\/strong><\/span><\/p>\n\n\n\n<div class=\"wp-block-image\"><figure class=\"aligncenter size-large is-resized\"><a href=\"https:\/\/www.legisjuris.com.br\/\"><img loading=\"lazy\" decoding=\"async\" src=\"https:\/\/jornalfatosenoticias.com.br\/wp-content\/uploads\/2024\/09\/Legis-Juris-Consultoria_logo.jpg\" alt=\"\" class=\"wp-image-53915\" width=\"403\" height=\"169\" srcset=\"https:\/\/jornalfatosenoticias.com.br\/wp-content\/uploads\/2024\/09\/Legis-Juris-Consultoria_logo.jpg 969w, https:\/\/jornalfatosenoticias.com.br\/wp-content\/uploads\/2024\/09\/Legis-Juris-Consultoria_logo-300x126.jpg 300w, https:\/\/jornalfatosenoticias.com.br\/wp-content\/uploads\/2024\/09\/Legis-Juris-Consultoria_logo-768x322.jpg 768w\" sizes=\"auto, (max-width: 403px) 100vw, 403px\" \/><\/a><\/figure><\/div>\n\n\n\n<p>Durante balan\u00e7o das elei\u00e7\u00f5es municipais deste domingo (6), a presidente do Tribunal Superior Eleitoral (TSE), ministra C\u00e1rmen L\u00facia, defendeu a regula\u00e7\u00e3o das redes sociais para barrar a divulga\u00e7\u00e3o do que ela considera &#8220;fake news&#8221; e afirmou que houve colabora\u00e7\u00e3o das plataformas no processo eleitoral. A ministra evitou ainda fazer coment\u00e1rios sobre a suspens\u00e3o do X e do caso do laudo divulgado por Pablo Mar\u00e7al (PRTB), candidato \u00e0 prefeitura de S\u00e3o Paulo.<br>&#8220;No caso do direito eleitoral, assim que houver regula\u00e7\u00e3o das plataformas, fake news e desinforma\u00e7\u00e3o de qualquer natureza, o direito eleitoral tamb\u00e9m precisa passar por altera\u00e7\u00e3o&#8221;, afirmou C\u00e1rmen L\u00facia, que \u00e9 ministra do Supremo Tribunal Federal (STF) e atualmente preside o TSE.<\/p>\n\n\n\n<div class=\"wp-block-image\"><figure class=\"aligncenter size-large\"><a href=\"https:\/\/cesconetto.com.br\/\"><img loading=\"lazy\" decoding=\"async\" width=\"300\" height=\"250\" src=\"https:\/\/jornalfatosenoticias.com.br\/wp-content\/uploads\/2022\/02\/Banner-2.png\" alt=\"\" class=\"wp-image-27877\"\/><\/a><\/figure><\/div>\n\n\n\n<p>C\u00e1rmen L\u00facia ainda classificou o processo como tranquilo e afirmou que n\u00e3o houve o &#8220;super uso&#8221; de Intelig\u00eancia Artificial como &#8220;era previsto&#8221; pela corte. \u201cFake news, e mentiras digitalizadas ou n\u00e3o, eram uma preocupa\u00e7\u00e3o enorme [para o TSE]. Entretanto, n\u00e3o aconteceu o que era, inicialmente previsto: de ter um super uso nem de intelig\u00eancia artificial, e nem nada disso\u201d, disse ela.<\/p>\n\n\n\n<div class=\"wp-block-image\"><figure class=\"aligncenter size-large is-resized\"><a href=\"https:\/\/www.instagram.com\/restaurantepegoretti\/\"><img loading=\"lazy\" decoding=\"async\" src=\"https:\/\/jornalfatosenoticias.com.br\/wp-content\/uploads\/2023\/12\/pegoretti-logo-pdf-1024x389.jpg\" alt=\"\" class=\"wp-image-47536\" width=\"443\" height=\"168\" srcset=\"https:\/\/jornalfatosenoticias.com.br\/wp-content\/uploads\/2023\/12\/pegoretti-logo-pdf-1024x389.jpg 1024w, https:\/\/jornalfatosenoticias.com.br\/wp-content\/uploads\/2023\/12\/pegoretti-logo-pdf-300x114.jpg 300w, https:\/\/jornalfatosenoticias.com.br\/wp-content\/uploads\/2023\/12\/pegoretti-logo-pdf-768x291.jpg 768w, https:\/\/jornalfatosenoticias.com.br\/wp-content\/uploads\/2023\/12\/pegoretti-logo-pdf.jpg 1120w\" sizes=\"auto, (max-width: 443px) 100vw, 443px\" \/><\/a><\/figure><\/div>\n\n\n\n<p>De acordo com a ministra, as resolu\u00e7\u00f5es impostas pelo TSE &#8220;na car\u00eancia de uma regula\u00e7\u00e3o&#8221;, ao longo da campanha eleitoral cumpriram o papel de barrar a divulga\u00e7\u00e3o de not\u00edcias falsas e &#8220;mentiras eleitorais&#8221; nas redes sociais. Ela se referia a uma s\u00e9rie de normas impostas pelo \u00f3rg\u00e3o para o per\u00edodo eleitoral que n\u00e3o constavam em leis aprovadas pelo Congresso.<\/p>\n\n\n\n<div class=\"wp-block-image\"><figure class=\"aligncenter size-large\"><a href=\"https:\/\/www.instagram.com\/esteiochurrascaria\/\"><img decoding=\"async\" src=\"https:\/\/jornalfatosenoticias.com.br\/wp-content\/uploads\/2020\/02\/logo_esteio.jpg\" alt=\"\" class=\"wp-image-1214\"\/><\/a><\/figure><\/div>\n\n\n\n<p>A presidente do TSE ainda afirmou que houve colabora\u00e7\u00e3o das redes sociais na preven\u00e7\u00e3o de fake news. &#8220;N\u00f3s tivemos enorme colabora\u00e7\u00e3o das plataformas, como j\u00e1 vem acontecendo desde as elei\u00e7\u00f5es de 2020. Mas desta vez, o compromisso claro. Eu acho que \u00e9 um dado normal que cada vez mais v\u00e1 se aperfei\u00e7oando tamb\u00e9m o comportamento dessas plataformas quando se est\u00e1 diante de um processo como esse&#8221;, disse a ministra.<\/p>\n\n\n\n<div class=\"wp-block-image\"><figure class=\"aligncenter size-large is-resized\"><a href=\"https:\/\/www.ithbrasil.com.br\/\"><img loading=\"lazy\" decoding=\"async\" src=\"https:\/\/jornalfatosenoticias.com.br\/wp-content\/uploads\/2023\/08\/ITH.jpeg\" alt=\"\" class=\"wp-image-44638\" width=\"315\" height=\"256\" srcset=\"https:\/\/jornalfatosenoticias.com.br\/wp-content\/uploads\/2023\/08\/ITH.jpeg 800w, https:\/\/jornalfatosenoticias.com.br\/wp-content\/uploads\/2023\/08\/ITH-300x244.jpeg 300w, https:\/\/jornalfatosenoticias.com.br\/wp-content\/uploads\/2023\/08\/ITH-768x624.jpeg 768w\" sizes=\"auto, (max-width: 315px) 100vw, 315px\" \/><\/a><\/figure><\/div>\n\n\n\n<p>C\u00e1rmen L\u00facia afirmou que as redes sociais honraram os compromissos com o processo eleitoral no Brasil e que, quando cientes de &#8220;conte\u00fados que n\u00e3o deveriam ser veiculados, ou conte\u00fados falsos, eles cuidaram de retirar do ar e nos comunicar de imediato\u201d.<\/p>\n\n\n\n<div class=\"wp-block-image\"><figure class=\"aligncenter size-large is-resized\"><img loading=\"lazy\" decoding=\"async\" src=\"https:\/\/jornalfatosenoticias.com.br\/wp-content\/uploads\/2022\/02\/Precisao-Contabilidade-1024x724.jpg\" alt=\"\" class=\"wp-image-28088\" width=\"332\" height=\"235\"\/><\/figure><\/div>\n\n\n\n<p><span class=\"has-inline-color has-black-color\"><strong>Ministra se recusa a comentar caso de Pablo Mar\u00e7al<br><\/strong><\/span>Questionada do caso do suposto laudo m\u00e9dico que Pablo Mar\u00e7al (PRTB), candidato \u00e0 prefeitura de S\u00e3o Paulo, divulgou associando Guilherme Boulos (Psol) ao uso de coca\u00edna, a ministra disse que n\u00e3o comentaria o caso e voltou a defender a regula\u00e7\u00e3o das redes sociais.<\/p>\n\n\n\n<div class=\"wp-block-image\"><figure class=\"aligncenter size-large is-resized\"><a href=\"https:\/\/www.instagram.com\/ligadossaborespizzaria\/\"><img loading=\"lazy\" decoding=\"async\" src=\"https:\/\/jornalfatosenoticias.com.br\/wp-content\/uploads\/2024\/09\/WhatsApp-Image-2024-09-14-at-22.46.10-819x1024.jpeg\" alt=\"\" class=\"wp-image-54180\" width=\"290\" height=\"362\" srcset=\"https:\/\/jornalfatosenoticias.com.br\/wp-content\/uploads\/2024\/09\/WhatsApp-Image-2024-09-14-at-22.46.10-819x1024.jpeg 819w, https:\/\/jornalfatosenoticias.com.br\/wp-content\/uploads\/2024\/09\/WhatsApp-Image-2024-09-14-at-22.46.10-240x300.jpeg 240w, https:\/\/jornalfatosenoticias.com.br\/wp-content\/uploads\/2024\/09\/WhatsApp-Image-2024-09-14-at-22.46.10-768x960.jpeg 768w, https:\/\/jornalfatosenoticias.com.br\/wp-content\/uploads\/2024\/09\/WhatsApp-Image-2024-09-14-at-22.46.10.jpeg 1024w\" sizes=\"auto, (max-width: 290px) 100vw, 290px\" \/><\/a><\/figure><\/div>\n\n\n\n<p>&#8220;N\u00e3o comento situa\u00e7\u00e3o espec\u00edfica de candidato algum porque estamos no meio de um processo eleitoral. Sempre se pode aprimorar a legisla\u00e7\u00e3o. N\u00e3o h\u00e1 espa\u00e7o em um estado democr\u00e1tico de direito para a aus\u00eancia de normas&#8221;, disse a presidente do TSE durante coletiva \u00e0 imprensa.<\/p>\n\n\n\n<div class=\"wp-block-image\"><figure class=\"aligncenter size-large is-resized\"><a href=\"https:\/\/panper.com.br\/\"><img loading=\"lazy\" decoding=\"async\" src=\"https:\/\/jornalfatosenoticias.com.br\/wp-content\/uploads\/2023\/03\/logo-Panper_portal.jpg\" alt=\"\" class=\"wp-image-40208\" width=\"303\" height=\"210\" srcset=\"https:\/\/jornalfatosenoticias.com.br\/wp-content\/uploads\/2023\/03\/logo-Panper_portal.jpg 400w, https:\/\/jornalfatosenoticias.com.br\/wp-content\/uploads\/2023\/03\/logo-Panper_portal-300x208.jpg 300w\" sizes=\"auto, (max-width: 303px) 100vw, 303px\" \/><\/a><\/figure><\/div>\n\n\n\n<p>O laudo ficou dispon\u00edvel no perfil de Mar\u00e7al por mais de uma hora e teve milh\u00f5es de acessos at\u00e9 a determina\u00e7\u00e3o de remo\u00e7\u00e3o do conte\u00fado da sua conta. A pedido do governador Tarc\u00edsio Freitas, t\u00e9cnicos trabalharam na conclus\u00e3o da per\u00edcia do laudo divulgado por Mar\u00e7al, conforme revelou o jornal O Globo. Ap\u00f3s an\u00e1lise, peritos da Pol\u00edcia Civil de S\u00e3o Paulo atestam a falsidade do documento.<\/p>\n\n\n\n<div class=\"wp-block-image\"><figure class=\"aligncenter size-large is-resized\"><a href=\"https:\/\/www.facebook.com\/postobkr\/?locale=pt_BR\"><img loading=\"lazy\" decoding=\"async\" src=\"https:\/\/jornalfatosenoticias.com.br\/wp-content\/uploads\/2023\/08\/BKR-1024x1021.jpg\" alt=\"\" class=\"wp-image-44494\" width=\"300\" height=\"299\" srcset=\"https:\/\/jornalfatosenoticias.com.br\/wp-content\/uploads\/2023\/08\/BKR-1024x1021.jpg 1024w, https:\/\/jornalfatosenoticias.com.br\/wp-content\/uploads\/2023\/08\/BKR-300x300.jpg 300w, https:\/\/jornalfatosenoticias.com.br\/wp-content\/uploads\/2023\/08\/BKR-150x150.jpg 150w, https:\/\/jornalfatosenoticias.com.br\/wp-content\/uploads\/2023\/08\/BKR-768x766.jpg 768w, https:\/\/jornalfatosenoticias.com.br\/wp-content\/uploads\/2023\/08\/BKR.jpg 1080w\" sizes=\"auto, (max-width: 300px) 100vw, 300px\" \/><\/a><\/figure><\/div>\n\n\n\n<p><strong><em>Fonte: <a href=\"https:\/\/www.gazetadopovo.com.br\/eleicoes\/2024\/carmen-lucia-defende-regulacao-das-redes-e-diz-que-plataformas-colaboraram\/\">Gazeta do Povo<\/a><\/em><\/strong><\/p>\n","protected":false},"excerpt":{"rendered":"<p>Presidente do TSE, C\u00e1rmen L\u00facia Por Carinne Souza Durante balan\u00e7o das elei\u00e7\u00f5es municipais deste domingo (6), a presidente do Tribunal Superior Eleitoral (TSE), ministra C\u00e1rmen L\u00facia, defendeu a regula\u00e7\u00e3o das redes sociais para barrar a divulga\u00e7\u00e3o do que ela considera &#8220;fake news&#8221; e afirmou que houve colabora\u00e7\u00e3o das plataformas no processo eleitoral. A ministra evitou [&hellip;]<\/p>\n","protected":false},"author":2,"featured_media":54719,"comment_status":"open","ping_status":"open","sticky":false,"template":"","format":"standard","meta":{"footnotes":""},"categories":[5],"tags":[18461,23844,1039,732,53,24393,13157,1563,294,1514],"class_list":["post-54718","post","type-post","status-publish","format-standard","has-post-thumbnail","hentry","category-geral","tag-carmen-lucia","tag-desinformacao","tag-eleicoes","tag-fake-news","tag-inteligencia-artificial","tag-pablo-marcal","tag-prefeitura-de-sao-paulo","tag-redes-sociais","tag-stf","tag-tse"],"yoast_head":"<!-- This site is optimized with the Yoast SEO plugin v26.5 - https:\/\/yoast.com\/wordpress\/plugins\/seo\/ -->\n<title>C\u00e1rmen L\u00facia defende regula\u00e7\u00e3o das redes e diz que plataformas colaboraram - Jornal Fatos e Not\u00edcias<\/title>\n<meta name=\"robots\" content=\"index, follow, max-snippet:-1, max-image-preview:large, max-video-preview:-1\" \/>\n<link rel=\"canonical\" href=\"https:\/\/jornalfatosenoticias.com.br\/index.php\/2024\/10\/07\/carmen-lucia-defende-regulacao-das-redes-e-diz-que-plataformas-colaboraram\/\" \/>\n<meta property=\"og:locale\" content=\"pt_BR\" \/>\n<meta property=\"og:type\" content=\"article\" \/>\n<meta property=\"og:title\" content=\"C\u00e1rmen L\u00facia defende regula\u00e7\u00e3o das redes e diz que plataformas colaboraram - Jornal Fatos e Not\u00edcias\" \/>\n<meta property=\"og:description\" content=\"Presidente do TSE, C\u00e1rmen L\u00facia Por Carinne Souza Durante balan\u00e7o das elei\u00e7\u00f5es municipais deste domingo (6), a presidente do Tribunal Superior Eleitoral (TSE), ministra C\u00e1rmen L\u00facia, defendeu a regula\u00e7\u00e3o das redes sociais para barrar a divulga\u00e7\u00e3o do que ela considera &#8220;fake news&#8221; e afirmou que houve colabora\u00e7\u00e3o das plataformas no processo eleitoral. A ministra evitou [&hellip;]\" \/>\n<meta property=\"og:url\" content=\"https:\/\/jornalfatosenoticias.com.br\/index.php\/2024\/10\/07\/carmen-lucia-defende-regulacao-das-redes-e-diz-que-plataformas-colaboraram\/\" \/>\n<meta property=\"og:site_name\" content=\"Jornal Fatos e Not\u00edcias\" \/>\n<meta property=\"article:published_time\" content=\"2024-10-07T13:12:19+00:00\" \/>\n<meta property=\"article:modified_time\" content=\"2024-10-07T13:12:20+00:00\" \/>\n<meta property=\"og:image\" content=\"https:\/\/jornalfatosenoticias.com.br\/wp-content\/uploads\/2024\/10\/v4mpir4-brasileira.jpg\" \/>\n\t<meta property=\"og:image:width\" content=\"960\" \/>\n\t<meta property=\"og:image:height\" content=\"540\" \/>\n\t<meta property=\"og:image:type\" content=\"image\/jpeg\" \/>\n<meta name=\"author\" content=\"Luzimara Fernandes\" \/>\n<meta name=\"twitter:card\" content=\"summary_large_image\" \/>\n<meta name=\"twitter:label1\" content=\"Escrito por\" \/>\n\t<meta name=\"twitter:data1\" content=\"Luzimara Fernandes\" \/>\n\t<meta name=\"twitter:label2\" content=\"Est. tempo de leitura\" \/>\n\t<meta name=\"twitter:data2\" content=\"3 minutos\" \/>\n<script type=\"application\/ld+json\" class=\"yoast-schema-graph\">{\"@context\":\"https:\/\/schema.org\",\"@graph\":[{\"@type\":\"Article\",\"@id\":\"https:\/\/jornalfatosenoticias.com.br\/index.php\/2024\/10\/07\/carmen-lucia-defende-regulacao-das-redes-e-diz-que-plataformas-colaboraram\/#article\",\"isPartOf\":{\"@id\":\"https:\/\/jornalfatosenoticias.com.br\/index.php\/2024\/10\/07\/carmen-lucia-defende-regulacao-das-redes-e-diz-que-plataformas-colaboraram\/\"},\"author\":{\"name\":\"Luzimara Fernandes\",\"@id\":\"https:\/\/jornalfatosenoticias.com.br\/#\/schema\/person\/d63837fa13ac8666eb9e74e0985d6f81\"},\"headline\":\"C\u00e1rmen L\u00facia defende regula\u00e7\u00e3o das redes e diz que plataformas colaboraram\",\"datePublished\":\"2024-10-07T13:12:19+00:00\",\"dateModified\":\"2024-10-07T13:12:20+00:00\",\"mainEntityOfPage\":{\"@id\":\"https:\/\/jornalfatosenoticias.com.br\/index.php\/2024\/10\/07\/carmen-lucia-defende-regulacao-das-redes-e-diz-que-plataformas-colaboraram\/\"},\"wordCount\":601,\"commentCount\":0,\"publisher\":{\"@id\":\"https:\/\/jornalfatosenoticias.com.br\/#organization\"},\"image\":{\"@id\":\"https:\/\/jornalfatosenoticias.com.br\/index.php\/2024\/10\/07\/carmen-lucia-defende-regulacao-das-redes-e-diz-que-plataformas-colaboraram\/#primaryimage\"},\"thumbnailUrl\":\"https:\/\/jornalfatosenoticias.com.br\/wp-content\/uploads\/2024\/10\/v4mpir4-brasileira.jpg\",\"keywords\":[\"C\u00e1rmen L\u00facia\",\"desinforma\u00e7\u00e3o\",\"elei\u00e7\u00f5es\",\"fake news\",\"intelig\u00eancia artificial\",\"Pablo Mar\u00e7al\",\"Prefeitura de S\u00e3o Paulo\",\"redes sociais\",\"STF\",\"TSE\"],\"articleSection\":[\"Geral\"],\"inLanguage\":\"pt-BR\",\"potentialAction\":[{\"@type\":\"CommentAction\",\"name\":\"Comment\",\"target\":[\"https:\/\/jornalfatosenoticias.com.br\/index.php\/2024\/10\/07\/carmen-lucia-defende-regulacao-das-redes-e-diz-que-plataformas-colaboraram\/#respond\"]}]},{\"@type\":\"WebPage\",\"@id\":\"https:\/\/jornalfatosenoticias.com.br\/index.php\/2024\/10\/07\/carmen-lucia-defende-regulacao-das-redes-e-diz-que-plataformas-colaboraram\/\",\"url\":\"https:\/\/jornalfatosenoticias.com.br\/index.php\/2024\/10\/07\/carmen-lucia-defende-regulacao-das-redes-e-diz-que-plataformas-colaboraram\/\",\"name\":\"C\u00e1rmen L\u00facia defende regula\u00e7\u00e3o das redes e diz que plataformas colaboraram - Jornal Fatos e Not\u00edcias\",\"isPartOf\":{\"@id\":\"https:\/\/jornalfatosenoticias.com.br\/#website\"},\"primaryImageOfPage\":{\"@id\":\"https:\/\/jornalfatosenoticias.com.br\/index.php\/2024\/10\/07\/carmen-lucia-defende-regulacao-das-redes-e-diz-que-plataformas-colaboraram\/#primaryimage\"},\"image\":{\"@id\":\"https:\/\/jornalfatosenoticias.com.br\/index.php\/2024\/10\/07\/carmen-lucia-defende-regulacao-das-redes-e-diz-que-plataformas-colaboraram\/#primaryimage\"},\"thumbnailUrl\":\"https:\/\/jornalfatosenoticias.com.br\/wp-content\/uploads\/2024\/10\/v4mpir4-brasileira.jpg\",\"datePublished\":\"2024-10-07T13:12:19+00:00\",\"dateModified\":\"2024-10-07T13:12:20+00:00\",\"breadcrumb\":{\"@id\":\"https:\/\/jornalfatosenoticias.com.br\/index.php\/2024\/10\/07\/carmen-lucia-defende-regulacao-das-redes-e-diz-que-plataformas-colaboraram\/#breadcrumb\"},\"inLanguage\":\"pt-BR\",\"potentialAction\":[{\"@type\":\"ReadAction\",\"target\":[\"https:\/\/jornalfatosenoticias.com.br\/index.php\/2024\/10\/07\/carmen-lucia-defende-regulacao-das-redes-e-diz-que-plataformas-colaboraram\/\"]}]},{\"@type\":\"ImageObject\",\"inLanguage\":\"pt-BR\",\"@id\":\"https:\/\/jornalfatosenoticias.com.br\/index.php\/2024\/10\/07\/carmen-lucia-defende-regulacao-das-redes-e-diz-que-plataformas-colaboraram\/#primaryimage\",\"url\":\"https:\/\/jornalfatosenoticias.com.br\/wp-content\/uploads\/2024\/10\/v4mpir4-brasileira.jpg\",\"contentUrl\":\"https:\/\/jornalfatosenoticias.com.br\/wp-content\/uploads\/2024\/10\/v4mpir4-brasileira.jpg\",\"width\":960,\"height\":540},{\"@type\":\"BreadcrumbList\",\"@id\":\"https:\/\/jornalfatosenoticias.com.br\/index.php\/2024\/10\/07\/carmen-lucia-defende-regulacao-das-redes-e-diz-que-plataformas-colaboraram\/#breadcrumb\",\"itemListElement\":[{\"@type\":\"ListItem\",\"position\":1,\"name\":\"In\u00edcio\",\"item\":\"https:\/\/jornalfatosenoticias.com.br\/\"},{\"@type\":\"ListItem\",\"position\":2,\"name\":\"C\u00e1rmen L\u00facia defende regula\u00e7\u00e3o das redes e diz que plataformas colaboraram\"}]},{\"@type\":\"WebSite\",\"@id\":\"https:\/\/jornalfatosenoticias.com.br\/#website\",\"url\":\"https:\/\/jornalfatosenoticias.com.br\/\",\"name\":\"Jornal Fatos e Not\u00edcias\",\"description\":\"Not\u00edcias em geral\",\"publisher\":{\"@id\":\"https:\/\/jornalfatosenoticias.com.br\/#organization\"},\"potentialAction\":[{\"@type\":\"SearchAction\",\"target\":{\"@type\":\"EntryPoint\",\"urlTemplate\":\"https:\/\/jornalfatosenoticias.com.br\/?s={search_term_string}\"},\"query-input\":{\"@type\":\"PropertyValueSpecification\",\"valueRequired\":true,\"valueName\":\"search_term_string\"}}],\"inLanguage\":\"pt-BR\"},{\"@type\":\"Organization\",\"@id\":\"https:\/\/jornalfatosenoticias.com.br\/#organization\",\"name\":\"Jornal Fatos e Not\u00edcias\",\"url\":\"https:\/\/jornalfatosenoticias.com.br\/\",\"logo\":{\"@type\":\"ImageObject\",\"inLanguage\":\"pt-BR\",\"@id\":\"https:\/\/jornalfatosenoticias.com.br\/#\/schema\/logo\/image\/\",\"url\":\"https:\/\/jornalfatosenoticias.com.br\/wp-content\/uploads\/2020\/02\/logo120.png\",\"contentUrl\":\"https:\/\/jornalfatosenoticias.com.br\/wp-content\/uploads\/2020\/02\/logo120.png\",\"width\":1227,\"height\":120,\"caption\":\"Jornal Fatos e Not\u00edcias\"},\"image\":{\"@id\":\"https:\/\/jornalfatosenoticias.com.br\/#\/schema\/logo\/image\/\"}},{\"@type\":\"Person\",\"@id\":\"https:\/\/jornalfatosenoticias.com.br\/#\/schema\/person\/d63837fa13ac8666eb9e74e0985d6f81\",\"name\":\"Luzimara Fernandes\",\"image\":{\"@type\":\"ImageObject\",\"inLanguage\":\"pt-BR\",\"@id\":\"https:\/\/jornalfatosenoticias.com.br\/#\/schema\/person\/image\/\",\"url\":\"https:\/\/jornalfatosenoticias.com.br\/wp-content\/uploads\/2025\/05\/EU_portal.jpg\",\"contentUrl\":\"https:\/\/jornalfatosenoticias.com.br\/wp-content\/uploads\/2025\/05\/EU_portal.jpg\",\"caption\":\"Luzimara Fernandes\"},\"description\":\"Jornalista MTB 2358-ES\",\"sameAs\":[\"https:\/\/jornalfatosenoticias.com.br\"],\"url\":\"https:\/\/jornalfatosenoticias.com.br\/index.php\/author\/luzimara\/\"}]}<\/script>\n<!-- \/ Yoast SEO plugin. -->","yoast_head_json":{"title":"C\u00e1rmen L\u00facia defende regula\u00e7\u00e3o das redes e diz que plataformas colaboraram - Jornal Fatos e Not\u00edcias","robots":{"index":"index","follow":"follow","max-snippet":"max-snippet:-1","max-image-preview":"max-image-preview:large","max-video-preview":"max-video-preview:-1"},"canonical":"https:\/\/jornalfatosenoticias.com.br\/index.php\/2024\/10\/07\/carmen-lucia-defende-regulacao-das-redes-e-diz-que-plataformas-colaboraram\/","og_locale":"pt_BR","og_type":"article","og_title":"C\u00e1rmen L\u00facia defende regula\u00e7\u00e3o das redes e diz que plataformas colaboraram - Jornal Fatos e Not\u00edcias","og_description":"Presidente do TSE, C\u00e1rmen L\u00facia Por Carinne Souza Durante balan\u00e7o das elei\u00e7\u00f5es municipais deste domingo (6), a presidente do Tribunal Superior Eleitoral (TSE), ministra C\u00e1rmen L\u00facia, defendeu a regula\u00e7\u00e3o das redes sociais para barrar a divulga\u00e7\u00e3o do que ela considera &#8220;fake news&#8221; e afirmou que houve colabora\u00e7\u00e3o das plataformas no processo eleitoral. A ministra evitou [&hellip;]","og_url":"https:\/\/jornalfatosenoticias.com.br\/index.php\/2024\/10\/07\/carmen-lucia-defende-regulacao-das-redes-e-diz-que-plataformas-colaboraram\/","og_site_name":"Jornal Fatos e Not\u00edcias","article_published_time":"2024-10-07T13:12:19+00:00","article_modified_time":"2024-10-07T13:12:20+00:00","og_image":[{"width":960,"height":540,"url":"https:\/\/jornalfatosenoticias.com.br\/wp-content\/uploads\/2024\/10\/v4mpir4-brasileira.jpg","type":"image\/jpeg"}],"author":"Luzimara Fernandes","twitter_card":"summary_large_image","twitter_misc":{"Escrito por":"Luzimara Fernandes","Est. tempo de leitura":"3 minutos"},"schema":{"@context":"https:\/\/schema.org","@graph":[{"@type":"Article","@id":"https:\/\/jornalfatosenoticias.com.br\/index.php\/2024\/10\/07\/carmen-lucia-defende-regulacao-das-redes-e-diz-que-plataformas-colaboraram\/#article","isPartOf":{"@id":"https:\/\/jornalfatosenoticias.com.br\/index.php\/2024\/10\/07\/carmen-lucia-defende-regulacao-das-redes-e-diz-que-plataformas-colaboraram\/"},"author":{"name":"Luzimara Fernandes","@id":"https:\/\/jornalfatosenoticias.com.br\/#\/schema\/person\/d63837fa13ac8666eb9e74e0985d6f81"},"headline":"C\u00e1rmen L\u00facia defende regula\u00e7\u00e3o das redes e diz que plataformas colaboraram","datePublished":"2024-10-07T13:12:19+00:00","dateModified":"2024-10-07T13:12:20+00:00","mainEntityOfPage":{"@id":"https:\/\/jornalfatosenoticias.com.br\/index.php\/2024\/10\/07\/carmen-lucia-defende-regulacao-das-redes-e-diz-que-plataformas-colaboraram\/"},"wordCount":601,"commentCount":0,"publisher":{"@id":"https:\/\/jornalfatosenoticias.com.br\/#organization"},"image":{"@id":"https:\/\/jornalfatosenoticias.com.br\/index.php\/2024\/10\/07\/carmen-lucia-defende-regulacao-das-redes-e-diz-que-plataformas-colaboraram\/#primaryimage"},"thumbnailUrl":"https:\/\/jornalfatosenoticias.com.br\/wp-content\/uploads\/2024\/10\/v4mpir4-brasileira.jpg","keywords":["C\u00e1rmen L\u00facia","desinforma\u00e7\u00e3o","elei\u00e7\u00f5es","fake news","intelig\u00eancia artificial","Pablo Mar\u00e7al","Prefeitura de S\u00e3o Paulo","redes sociais","STF","TSE"],"articleSection":["Geral"],"inLanguage":"pt-BR","potentialAction":[{"@type":"CommentAction","name":"Comment","target":["https:\/\/jornalfatosenoticias.com.br\/index.php\/2024\/10\/07\/carmen-lucia-defende-regulacao-das-redes-e-diz-que-plataformas-colaboraram\/#respond"]}]},{"@type":"WebPage","@id":"https:\/\/jornalfatosenoticias.com.br\/index.php\/2024\/10\/07\/carmen-lucia-defende-regulacao-das-redes-e-diz-que-plataformas-colaboraram\/","url":"https:\/\/jornalfatosenoticias.com.br\/index.php\/2024\/10\/07\/carmen-lucia-defende-regulacao-das-redes-e-diz-que-plataformas-colaboraram\/","name":"C\u00e1rmen L\u00facia defende regula\u00e7\u00e3o das redes e diz que plataformas colaboraram - Jornal Fatos e Not\u00edcias","isPartOf":{"@id":"https:\/\/jornalfatosenoticias.com.br\/#website"},"primaryImageOfPage":{"@id":"https:\/\/jornalfatosenoticias.com.br\/index.php\/2024\/10\/07\/carmen-lucia-defende-regulacao-das-redes-e-diz-que-plataformas-colaboraram\/#primaryimage"},"image":{"@id":"https:\/\/jornalfatosenoticias.com.br\/index.php\/2024\/10\/07\/carmen-lucia-defende-regulacao-das-redes-e-diz-que-plataformas-colaboraram\/#primaryimage"},"thumbnailUrl":"https:\/\/jornalfatosenoticias.com.br\/wp-content\/uploads\/2024\/10\/v4mpir4-brasileira.jpg","datePublished":"2024-10-07T13:12:19+00:00","dateModified":"2024-10-07T13:12:20+00:00","breadcrumb":{"@id":"https:\/\/jornalfatosenoticias.com.br\/index.php\/2024\/10\/07\/carmen-lucia-defende-regulacao-das-redes-e-diz-que-plataformas-colaboraram\/#breadcrumb"},"inLanguage":"pt-BR","potentialAction":[{"@type":"ReadAction","target":["https:\/\/jornalfatosenoticias.com.br\/index.php\/2024\/10\/07\/carmen-lucia-defende-regulacao-das-redes-e-diz-que-plataformas-colaboraram\/"]}]},{"@type":"ImageObject","inLanguage":"pt-BR","@id":"https:\/\/jornalfatosenoticias.com.br\/index.php\/2024\/10\/07\/carmen-lucia-defende-regulacao-das-redes-e-diz-que-plataformas-colaboraram\/#primaryimage","url":"https:\/\/jornalfatosenoticias.com.br\/wp-content\/uploads\/2024\/10\/v4mpir4-brasileira.jpg","contentUrl":"https:\/\/jornalfatosenoticias.com.br\/wp-content\/uploads\/2024\/10\/v4mpir4-brasileira.jpg","width":960,"height":540},{"@type":"BreadcrumbList","@id":"https:\/\/jornalfatosenoticias.com.br\/index.php\/2024\/10\/07\/carmen-lucia-defende-regulacao-das-redes-e-diz-que-plataformas-colaboraram\/#breadcrumb","itemListElement":[{"@type":"ListItem","position":1,"name":"In\u00edcio","item":"https:\/\/jornalfatosenoticias.com.br\/"},{"@type":"ListItem","position":2,"name":"C\u00e1rmen L\u00facia defende regula\u00e7\u00e3o das redes e diz que plataformas colaboraram"}]},{"@type":"WebSite","@id":"https:\/\/jornalfatosenoticias.com.br\/#website","url":"https:\/\/jornalfatosenoticias.com.br\/","name":"Jornal Fatos e Not\u00edcias","description":"Not\u00edcias em geral","publisher":{"@id":"https:\/\/jornalfatosenoticias.com.br\/#organization"},"potentialAction":[{"@type":"SearchAction","target":{"@type":"EntryPoint","urlTemplate":"https:\/\/jornalfatosenoticias.com.br\/?s={search_term_string}"},"query-input":{"@type":"PropertyValueSpecification","valueRequired":true,"valueName":"search_term_string"}}],"inLanguage":"pt-BR"},{"@type":"Organization","@id":"https:\/\/jornalfatosenoticias.com.br\/#organization","name":"Jornal Fatos e Not\u00edcias","url":"https:\/\/jornalfatosenoticias.com.br\/","logo":{"@type":"ImageObject","inLanguage":"pt-BR","@id":"https:\/\/jornalfatosenoticias.com.br\/#\/schema\/logo\/image\/","url":"https:\/\/jornalfatosenoticias.com.br\/wp-content\/uploads\/2020\/02\/logo120.png","contentUrl":"https:\/\/jornalfatosenoticias.com.br\/wp-content\/uploads\/2020\/02\/logo120.png","width":1227,"height":120,"caption":"Jornal Fatos e Not\u00edcias"},"image":{"@id":"https:\/\/jornalfatosenoticias.com.br\/#\/schema\/logo\/image\/"}},{"@type":"Person","@id":"https:\/\/jornalfatosenoticias.com.br\/#\/schema\/person\/d63837fa13ac8666eb9e74e0985d6f81","name":"Luzimara Fernandes","image":{"@type":"ImageObject","inLanguage":"pt-BR","@id":"https:\/\/jornalfatosenoticias.com.br\/#\/schema\/person\/image\/","url":"https:\/\/jornalfatosenoticias.com.br\/wp-content\/uploads\/2025\/05\/EU_portal.jpg","contentUrl":"https:\/\/jornalfatosenoticias.com.br\/wp-content\/uploads\/2025\/05\/EU_portal.jpg","caption":"Luzimara Fernandes"},"description":"Jornalista MTB 2358-ES","sameAs":["https:\/\/jornalfatosenoticias.com.br"],"url":"https:\/\/jornalfatosenoticias.com.br\/index.php\/author\/luzimara\/"}]}},"cc_featured_image_caption":{"caption_text":"(Foto: Marcelo Camargo\/Ag\u00eancia Brasil)","source_text":"","source_url":""},"jetpack_featured_media_url":"https:\/\/jornalfatosenoticias.com.br\/wp-content\/uploads\/2024\/10\/v4mpir4-brasileira.jpg","_links":{"self":[{"href":"https:\/\/jornalfatosenoticias.com.br\/index.php\/wp-json\/wp\/v2\/posts\/54718","targetHints":{"allow":["GET"]}}],"collection":[{"href":"https:\/\/jornalfatosenoticias.com.br\/index.php\/wp-json\/wp\/v2\/posts"}],"about":[{"href":"https:\/\/jornalfatosenoticias.com.br\/index.php\/wp-json\/wp\/v2\/types\/post"}],"author":[{"embeddable":true,"href":"https:\/\/jornalfatosenoticias.com.br\/index.php\/wp-json\/wp\/v2\/users\/2"}],"replies":[{"embeddable":true,"href":"https:\/\/jornalfatosenoticias.com.br\/index.php\/wp-json\/wp\/v2\/comments?post=54718"}],"version-history":[{"count":0,"href":"https:\/\/jornalfatosenoticias.com.br\/index.php\/wp-json\/wp\/v2\/posts\/54718\/revisions"}],"wp:featuredmedia":[{"embeddable":true,"href":"https:\/\/jornalfatosenoticias.com.br\/index.php\/wp-json\/wp\/v2\/media\/54719"}],"wp:attachment":[{"href":"https:\/\/jornalfatosenoticias.com.br\/index.php\/wp-json\/wp\/v2\/media?parent=54718"}],"wp:term":[{"taxonomy":"category","embeddable":true,"href":"https:\/\/jornalfatosenoticias.com.br\/index.php\/wp-json\/wp\/v2\/categories?post=54718"},{"taxonomy":"post_tag","embeddable":true,"href":"https:\/\/jornalfatosenoticias.com.br\/index.php\/wp-json\/wp\/v2\/tags?post=54718"}],"curies":[{"name":"wp","href":"https:\/\/api.w.org\/{rel}","templated":true}]}}