{"id":54721,"date":"2024-10-07T10:33:28","date_gmt":"2024-10-07T13:33:28","guid":{"rendered":"https:\/\/jornalfatosenoticias.com.br\/?p=54721"},"modified":"2024-10-07T10:33:29","modified_gmt":"2024-10-07T13:33:29","slug":"um-ano-apos-massacre-do-hamas-hezbollah-volta-a-defender-destruicao-de-israel","status":"publish","type":"post","link":"https:\/\/jornalfatosenoticias.com.br\/index.php\/2024\/10\/07\/um-ano-apos-massacre-do-hamas-hezbollah-volta-a-defender-destruicao-de-israel\/","title":{"rendered":"Um ano ap\u00f3s massacre do Hamas, Hezbollah volta a defender destrui\u00e7\u00e3o de Israel"},"content":{"rendered":"\n<p><em><span class=\"has-inline-color has-black-color\">Protesto em Teer\u00e3, capital do Ir\u00e3, ap\u00f3s morte do chefe do Hezbollah, Hassan Nasrallah<\/span><\/em><\/p>\n\n\n\n<p><span class=\"has-inline-color has-black-color\">Por <strong><a href=\"https:\/\/www.gazetadopovo.com.br\/autor\/isabella-de-paula\/\" rel=\"sponsored nofollow\">Isabella de Paula<\/a><\/strong><\/span><\/p>\n\n\n\n<div class=\"wp-block-image\"><figure class=\"aligncenter size-large\"><a href=\"https:\/\/mizu.com.br\/\"><img loading=\"lazy\" decoding=\"async\" width=\"729\" height=\"90\" src=\"https:\/\/jornalfatosenoticias.com.br\/wp-content\/uploads\/2020\/02\/Logo_Mizu.png\" alt=\"\" class=\"wp-image-1441\" srcset=\"https:\/\/jornalfatosenoticias.com.br\/wp-content\/uploads\/2020\/02\/Logo_Mizu.png 729w, https:\/\/jornalfatosenoticias.com.br\/wp-content\/uploads\/2020\/02\/Logo_Mizu-300x37.png 300w\" sizes=\"auto, (max-width: 729px) 100vw, 729px\" \/><\/a><\/figure><\/div>\n\n\n\n<p>O grupo terrorista liban\u00eas Hezbollah lembrou nesta segunda-feira (7) do massacre do Hamas em territ\u00f3rio israelense cometido em 7 de outubro do ano passado, declarando que &#8220;Israel \u00e9 um c\u00e2ncer que deve ser eliminado&#8221;, que &#8220;n\u00e3o tem lugar nem na regi\u00e3o&#8221; nem em seu &#8220;tecido social, cultural e humano&#8221;.<br>Alvo de intensos ataques israelenses nas \u00faltimas semanas, o Hezbollah disse, em comunicado divulgado pela ag\u00eancia de not\u00edcias oficial libanesa ANN, que considerou &#8220;heroica&#8221; a opera\u00e7\u00e3o que o Hamas desencadeou em Israel h\u00e1 um ano, que deixou mais de 1.200 pessoas mortas, a maioria civis, e 251 sequestrados, incluindo um beb\u00ea de 10 meses.<\/p>\n\n\n\n<div class=\"wp-block-image\"><figure class=\"aligncenter size-large is-resized\"><a href=\"https:\/\/www.controlsystems.com.br\/\"><img loading=\"lazy\" decoding=\"async\" src=\"https:\/\/jornalfatosenoticias.com.br\/wp-content\/uploads\/2020\/02\/CONTROL-CS.jpg\" alt=\"\" class=\"wp-image-44991\" width=\"295\" height=\"354\" srcset=\"https:\/\/jornalfatosenoticias.com.br\/wp-content\/uploads\/2020\/02\/CONTROL-CS.jpg 834w, https:\/\/jornalfatosenoticias.com.br\/wp-content\/uploads\/2020\/02\/CONTROL-CS-250x300.jpg 250w, https:\/\/jornalfatosenoticias.com.br\/wp-content\/uploads\/2020\/02\/CONTROL-CS-768x921.jpg 768w\" sizes=\"auto, (max-width: 295px) 100vw, 295px\" \/><\/a><\/figure><\/div>\n\n\n\n<p>De acordo com o grupo xiita, esse ataque foi &#8220;uma manifesta\u00e7\u00e3o da vontade palestina de confrontar a agress\u00e3o, a injusti\u00e7a e a ocupa\u00e7\u00e3o que pesa sobre seu povo desde 1948&#8221; e ter\u00e1 &#8220;efeitos hist\u00f3ricos e estrat\u00e9gicos em toda a regi\u00e3o at\u00e9 que a justi\u00e7a seja alcan\u00e7ada e os palestinos obtenham seus direitos leg\u00edtimos \u00e0 sua terra&#8221;.<\/p>\n\n\n\n<div class=\"wp-block-image\"><figure class=\"aligncenter size-large\"><a href=\"http:\/\/www.ferrarimaquinas.com.br\/\"><img loading=\"lazy\" decoding=\"async\" width=\"300\" height=\"250\" src=\"https:\/\/jornalfatosenoticias.com.br\/wp-content\/uploads\/2022\/02\/FERRARI_MAQUINAS-E-FERRAMENTAS2.jpg\" alt=\"\" class=\"wp-image-27860\"\/><\/a><\/figure><\/div>\n\n\n\n<blockquote class=\"wp-block-quote is-layout-flow wp-block-quote-is-layout-flow\"><p><span class=\"has-inline-color has-luminous-vivid-orange-color\">N\u00e3o h\u00e1 lugar para essa entidade sionista tempor\u00e1ria (Israel) em nossa regi\u00e3o, nem em nosso tecido social, cultural e humano. Ela foi e ser\u00e1 uma gl\u00e2ndula cancer\u00edgena mortal e agressiva que deve ser eliminada, n\u00e3o importa quanto tempo leve&#8221;, afirmou o grupo xiita em comunicado.<\/span><\/p><\/blockquote>\n\n\n\n<div class=\"wp-block-image\"><figure class=\"aligncenter size-large is-resized\"><a href=\"https:\/\/www.instagram.com\/serra4x4cambioautomatico\/\"><img loading=\"lazy\" decoding=\"async\" src=\"https:\/\/jornalfatosenoticias.com.br\/wp-content\/uploads\/2024\/08\/Serra-4x4-1-886x1024.jpg\" alt=\"\" class=\"wp-image-53632\" width=\"305\" height=\"353\" srcset=\"https:\/\/jornalfatosenoticias.com.br\/wp-content\/uploads\/2024\/08\/Serra-4x4-1-886x1024.jpg 886w, https:\/\/jornalfatosenoticias.com.br\/wp-content\/uploads\/2024\/08\/Serra-4x4-1-260x300.jpg 260w, https:\/\/jornalfatosenoticias.com.br\/wp-content\/uploads\/2024\/08\/Serra-4x4-1-768x888.jpg 768w, https:\/\/jornalfatosenoticias.com.br\/wp-content\/uploads\/2024\/08\/Serra-4x4-1.jpg 1181w\" sizes=\"auto, (max-width: 305px) 100vw, 305px\" \/><\/a><\/figure><\/div>\n\n\n\n<p>O grupo terrorista tamb\u00e9m acusou os EUA &#8220;e seus aliados e ferramentas&#8221; no mundo de serem parceiros &#8220;na agress\u00e3o e nos crimes contra os povos palestino e liban\u00eas&#8221;. &#8220;Eles t\u00eam total responsabilidade pela carnificina, injusti\u00e7a e trag\u00e9dias humanas devastadoras&#8221;, acrescenta a declara\u00e7\u00e3o.<\/p>\n\n\n\n<div class=\"wp-block-image\"><figure class=\"aligncenter size-large\"><a href=\"https:\/\/cesconetto.com.br\/\"><img loading=\"lazy\" decoding=\"async\" width=\"300\" height=\"250\" src=\"https:\/\/jornalfatosenoticias.com.br\/wp-content\/uploads\/2022\/02\/Banner-2.png\" alt=\"\" class=\"wp-image-27877\"\/><\/a><\/figure><\/div>\n\n\n\n<p>O Hezbollah tamb\u00e9m agradeceu o apoio do Eixo da Resist\u00eancia, rede de influ\u00eancia do Ir\u00e3 da qual a mil\u00edcia faz parte e \u00e9 uma pe\u00e7a fundamental na guerra contra Israel. O fogo cruzado entre Hezbollah e Israel, que tamb\u00e9m se desenvolveu ao longo do ano de conflito com o Hamas, intensificou-se nas \u00faltimas semanas com uma campanha de bombardeio israelense sem precedentes em d\u00e9cadas no L\u00edbano, que resultou na morte da lideran\u00e7a m\u00e1xima terrorista, Hassan Nasrallah.<\/p>\n\n\n\n<div class=\"wp-block-image\"><figure class=\"aligncenter size-large is-resized\"><a href=\"https:\/\/www.legisjuris.com.br\/\"><img loading=\"lazy\" decoding=\"async\" src=\"https:\/\/jornalfatosenoticias.com.br\/wp-content\/uploads\/2024\/09\/Legis-Juris-Consultoria_logo.jpg\" alt=\"\" class=\"wp-image-53915\" width=\"387\" height=\"162\" srcset=\"https:\/\/jornalfatosenoticias.com.br\/wp-content\/uploads\/2024\/09\/Legis-Juris-Consultoria_logo.jpg 969w, https:\/\/jornalfatosenoticias.com.br\/wp-content\/uploads\/2024\/09\/Legis-Juris-Consultoria_logo-300x126.jpg 300w, https:\/\/jornalfatosenoticias.com.br\/wp-content\/uploads\/2024\/09\/Legis-Juris-Consultoria_logo-768x322.jpg 768w\" sizes=\"auto, (max-width: 387px) 100vw, 387px\" \/><\/a><\/figure><\/div>\n\n\n\n<p>Neste dia 7 de outubro, moradores de Israel j\u00e1 realizaram protestos em solidariedade \u00e0s v\u00edtimas do massacre no ano passado, em frente \u00e0 resid\u00eancia do primeiro-ministro, Benjamin Netanyahu, em Jerusal\u00e9m. Tamb\u00e9m est\u00e1 prevista uma cerim\u00f4nia no kibutz Re&#8217;im, local do festival de m\u00fasica NOVA, onde uma sirene tocou \u00e0s 6h29 (hor\u00e1rio em que o ataque come\u00e7ou).<\/p>\n\n\n\n<div class=\"wp-block-image\"><figure class=\"aligncenter size-large is-resized\"><a href=\"https:\/\/www.ithbrasil.com.br\/\"><img loading=\"lazy\" decoding=\"async\" src=\"https:\/\/jornalfatosenoticias.com.br\/wp-content\/uploads\/2023\/08\/ITH.jpeg\" alt=\"\" class=\"wp-image-44638\" width=\"314\" height=\"255\" srcset=\"https:\/\/jornalfatosenoticias.com.br\/wp-content\/uploads\/2023\/08\/ITH.jpeg 800w, https:\/\/jornalfatosenoticias.com.br\/wp-content\/uploads\/2023\/08\/ITH-300x244.jpeg 300w, https:\/\/jornalfatosenoticias.com.br\/wp-content\/uploads\/2023\/08\/ITH-768x624.jpeg 768w\" sizes=\"auto, (max-width: 314px) 100vw, 314px\" \/><\/a><\/figure><\/div>\n\n\n\n<p>Entre outros eventos ao longo do dia, uma cerim\u00f4nia para as fam\u00edlias das v\u00edtimas de 7 de outubro ser\u00e1 realizada \u00e0s 19h locais (13h em Bras\u00edlia) no Parque Yarkon, em Tel Aviv, que est\u00e1 fechado ao p\u00fablico devido \u00e0s diretrizes de seguran\u00e7a impostas ao pa\u00eds ap\u00f3s a ofensiva no L\u00edbano.\u00a0<\/p>\n\n\n\n<div class=\"wp-block-image\"><figure class=\"aligncenter size-large is-resized\"><a href=\"https:\/\/hotelmarquetti.com.br\/\"><img loading=\"lazy\" decoding=\"async\" src=\"https:\/\/jornalfatosenoticias.com.br\/wp-content\/uploads\/2020\/02\/nova-logo-Marquetti.jpg\" alt=\"\" class=\"wp-image-22331\" width=\"322\" height=\"216\" srcset=\"https:\/\/jornalfatosenoticias.com.br\/wp-content\/uploads\/2020\/02\/nova-logo-Marquetti.jpg 643w, https:\/\/jornalfatosenoticias.com.br\/wp-content\/uploads\/2020\/02\/nova-logo-Marquetti-300x202.jpg 300w\" sizes=\"auto, (max-width: 322px) 100vw, 322px\" \/><\/a><\/figure><\/div>\n\n\n\n<p><strong><em>Fonte: <a href=\"https:\/\/www.gazetadopovo.com.br\/mundo\/um-ano-apos-massacre-do-hamas-hezbollah-volta-a-defender-destruicao-de-israel\/\">Gazeta do Povo<\/a><\/em><\/strong><\/p>\n","protected":false},"excerpt":{"rendered":"<p>Protesto em Teer\u00e3, capital do Ir\u00e3, ap\u00f3s morte do chefe do Hezbollah, Hassan Nasrallah Por Isabella de Paula O grupo terrorista liban\u00eas Hezbollah lembrou nesta segunda-feira (7) do massacre do Hamas em territ\u00f3rio israelense cometido em 7 de outubro do ano passado, declarando que &#8220;Israel \u00e9 um c\u00e2ncer que deve ser eliminado&#8221;, que &#8220;n\u00e3o tem [&hellip;]<\/p>\n","protected":false},"author":2,"featured_media":54722,"comment_status":"open","ping_status":"open","sticky":false,"template":"","format":"standard","meta":{"footnotes":""},"categories":[41],"tags":[24940,21582,21785,5107,162,4146],"class_list":["post-54721","post","type-post","status-publish","format-standard","has-post-thumbnail","hentry","category-internacional","tag-grupo-terrorista-libanes","tag-hamas","tag-hezbollah","tag-ira","tag-israel","tag-libano"],"yoast_head":"<!-- This site is optimized with the Yoast SEO plugin v26.5 - https:\/\/yoast.com\/wordpress\/plugins\/seo\/ -->\n<title>Um ano ap\u00f3s massacre do Hamas, Hezbollah volta a defender destrui\u00e7\u00e3o de Israel - Jornal Fatos e Not\u00edcias<\/title>\n<meta name=\"robots\" content=\"index, follow, max-snippet:-1, max-image-preview:large, max-video-preview:-1\" \/>\n<link rel=\"canonical\" href=\"https:\/\/jornalfatosenoticias.com.br\/index.php\/2024\/10\/07\/um-ano-apos-massacre-do-hamas-hezbollah-volta-a-defender-destruicao-de-israel\/\" \/>\n<meta property=\"og:locale\" content=\"pt_BR\" \/>\n<meta property=\"og:type\" content=\"article\" \/>\n<meta property=\"og:title\" content=\"Um ano ap\u00f3s massacre do Hamas, Hezbollah volta a defender destrui\u00e7\u00e3o de Israel - Jornal Fatos e Not\u00edcias\" \/>\n<meta property=\"og:description\" content=\"Protesto em Teer\u00e3, capital do Ir\u00e3, ap\u00f3s morte do chefe do Hezbollah, Hassan Nasrallah Por Isabella de Paula O grupo terrorista liban\u00eas Hezbollah lembrou nesta segunda-feira (7) do massacre do Hamas em territ\u00f3rio israelense cometido em 7 de outubro do ano passado, declarando que &#8220;Israel \u00e9 um c\u00e2ncer que deve ser eliminado&#8221;, que &#8220;n\u00e3o tem [&hellip;]\" \/>\n<meta property=\"og:url\" content=\"https:\/\/jornalfatosenoticias.com.br\/index.php\/2024\/10\/07\/um-ano-apos-massacre-do-hamas-hezbollah-volta-a-defender-destruicao-de-israel\/\" \/>\n<meta property=\"og:site_name\" content=\"Jornal Fatos e Not\u00edcias\" \/>\n<meta property=\"article:published_time\" content=\"2024-10-07T13:33:28+00:00\" \/>\n<meta property=\"article:modified_time\" content=\"2024-10-07T13:33:29+00:00\" \/>\n<meta property=\"og:image\" content=\"https:\/\/jornalfatosenoticias.com.br\/wp-content\/uploads\/2024\/10\/Hassan-Nasrallah-Hesbollah_gettyimages.jpg\" \/>\n\t<meta property=\"og:image:width\" content=\"612\" \/>\n\t<meta property=\"og:image:height\" content=\"408\" \/>\n\t<meta property=\"og:image:type\" content=\"image\/jpeg\" \/>\n<meta name=\"author\" content=\"Luzimara Fernandes\" \/>\n<meta name=\"twitter:card\" content=\"summary_large_image\" \/>\n<meta name=\"twitter:label1\" content=\"Escrito por\" \/>\n\t<meta name=\"twitter:data1\" content=\"Luzimara Fernandes\" \/>\n\t<meta name=\"twitter:label2\" content=\"Est. tempo de leitura\" \/>\n\t<meta name=\"twitter:data2\" content=\"2 minutos\" \/>\n<script type=\"application\/ld+json\" class=\"yoast-schema-graph\">{\"@context\":\"https:\/\/schema.org\",\"@graph\":[{\"@type\":\"Article\",\"@id\":\"https:\/\/jornalfatosenoticias.com.br\/index.php\/2024\/10\/07\/um-ano-apos-massacre-do-hamas-hezbollah-volta-a-defender-destruicao-de-israel\/#article\",\"isPartOf\":{\"@id\":\"https:\/\/jornalfatosenoticias.com.br\/index.php\/2024\/10\/07\/um-ano-apos-massacre-do-hamas-hezbollah-volta-a-defender-destruicao-de-israel\/\"},\"author\":{\"name\":\"Luzimara Fernandes\",\"@id\":\"https:\/\/jornalfatosenoticias.com.br\/#\/schema\/person\/d63837fa13ac8666eb9e74e0985d6f81\"},\"headline\":\"Um ano ap\u00f3s massacre do Hamas, Hezbollah volta a defender destrui\u00e7\u00e3o de Israel\",\"datePublished\":\"2024-10-07T13:33:28+00:00\",\"dateModified\":\"2024-10-07T13:33:29+00:00\",\"mainEntityOfPage\":{\"@id\":\"https:\/\/jornalfatosenoticias.com.br\/index.php\/2024\/10\/07\/um-ano-apos-massacre-do-hamas-hezbollah-volta-a-defender-destruicao-de-israel\/\"},\"wordCount\":512,\"commentCount\":0,\"publisher\":{\"@id\":\"https:\/\/jornalfatosenoticias.com.br\/#organization\"},\"image\":{\"@id\":\"https:\/\/jornalfatosenoticias.com.br\/index.php\/2024\/10\/07\/um-ano-apos-massacre-do-hamas-hezbollah-volta-a-defender-destruicao-de-israel\/#primaryimage\"},\"thumbnailUrl\":\"https:\/\/jornalfatosenoticias.com.br\/wp-content\/uploads\/2024\/10\/Hassan-Nasrallah-Hesbollah_gettyimages.jpg\",\"keywords\":[\"grupo terrorista liban\u00eas\",\"Hamas\",\"Hezbollah\",\"Ir\u00e3\",\"Israel\",\"L\u00edbano\"],\"articleSection\":[\"Internacional\"],\"inLanguage\":\"pt-BR\",\"potentialAction\":[{\"@type\":\"CommentAction\",\"name\":\"Comment\",\"target\":[\"https:\/\/jornalfatosenoticias.com.br\/index.php\/2024\/10\/07\/um-ano-apos-massacre-do-hamas-hezbollah-volta-a-defender-destruicao-de-israel\/#respond\"]}]},{\"@type\":\"WebPage\",\"@id\":\"https:\/\/jornalfatosenoticias.com.br\/index.php\/2024\/10\/07\/um-ano-apos-massacre-do-hamas-hezbollah-volta-a-defender-destruicao-de-israel\/\",\"url\":\"https:\/\/jornalfatosenoticias.com.br\/index.php\/2024\/10\/07\/um-ano-apos-massacre-do-hamas-hezbollah-volta-a-defender-destruicao-de-israel\/\",\"name\":\"Um ano ap\u00f3s massacre do Hamas, Hezbollah volta a defender destrui\u00e7\u00e3o de Israel - Jornal Fatos e Not\u00edcias\",\"isPartOf\":{\"@id\":\"https:\/\/jornalfatosenoticias.com.br\/#website\"},\"primaryImageOfPage\":{\"@id\":\"https:\/\/jornalfatosenoticias.com.br\/index.php\/2024\/10\/07\/um-ano-apos-massacre-do-hamas-hezbollah-volta-a-defender-destruicao-de-israel\/#primaryimage\"},\"image\":{\"@id\":\"https:\/\/jornalfatosenoticias.com.br\/index.php\/2024\/10\/07\/um-ano-apos-massacre-do-hamas-hezbollah-volta-a-defender-destruicao-de-israel\/#primaryimage\"},\"thumbnailUrl\":\"https:\/\/jornalfatosenoticias.com.br\/wp-content\/uploads\/2024\/10\/Hassan-Nasrallah-Hesbollah_gettyimages.jpg\",\"datePublished\":\"2024-10-07T13:33:28+00:00\",\"dateModified\":\"2024-10-07T13:33:29+00:00\",\"breadcrumb\":{\"@id\":\"https:\/\/jornalfatosenoticias.com.br\/index.php\/2024\/10\/07\/um-ano-apos-massacre-do-hamas-hezbollah-volta-a-defender-destruicao-de-israel\/#breadcrumb\"},\"inLanguage\":\"pt-BR\",\"potentialAction\":[{\"@type\":\"ReadAction\",\"target\":[\"https:\/\/jornalfatosenoticias.com.br\/index.php\/2024\/10\/07\/um-ano-apos-massacre-do-hamas-hezbollah-volta-a-defender-destruicao-de-israel\/\"]}]},{\"@type\":\"ImageObject\",\"inLanguage\":\"pt-BR\",\"@id\":\"https:\/\/jornalfatosenoticias.com.br\/index.php\/2024\/10\/07\/um-ano-apos-massacre-do-hamas-hezbollah-volta-a-defender-destruicao-de-israel\/#primaryimage\",\"url\":\"https:\/\/jornalfatosenoticias.com.br\/wp-content\/uploads\/2024\/10\/Hassan-Nasrallah-Hesbollah_gettyimages.jpg\",\"contentUrl\":\"https:\/\/jornalfatosenoticias.com.br\/wp-content\/uploads\/2024\/10\/Hassan-Nasrallah-Hesbollah_gettyimages.jpg\",\"width\":612,\"height\":408,\"caption\":\"TEHRAN, IRAN - OCTOBER 3: Iranian students take part in a demonstration to show their anger toward the death of Hezbollah Leader Hassan Nasrallah on October 3, 2024 in Tehran, Iran. Iran launched around 180 ballistic missiles toward Israel on Tuesday night, which came after Israel killed the leader of Hezbollah, the Iran-backed Lebanese militant and political group. (Photo by Majid Saeedi\/Getty Images)\"},{\"@type\":\"BreadcrumbList\",\"@id\":\"https:\/\/jornalfatosenoticias.com.br\/index.php\/2024\/10\/07\/um-ano-apos-massacre-do-hamas-hezbollah-volta-a-defender-destruicao-de-israel\/#breadcrumb\",\"itemListElement\":[{\"@type\":\"ListItem\",\"position\":1,\"name\":\"In\u00edcio\",\"item\":\"https:\/\/jornalfatosenoticias.com.br\/\"},{\"@type\":\"ListItem\",\"position\":2,\"name\":\"Um ano ap\u00f3s massacre do Hamas, Hezbollah volta a defender destrui\u00e7\u00e3o de Israel\"}]},{\"@type\":\"WebSite\",\"@id\":\"https:\/\/jornalfatosenoticias.com.br\/#website\",\"url\":\"https:\/\/jornalfatosenoticias.com.br\/\",\"name\":\"Jornal Fatos e Not\u00edcias\",\"description\":\"Not\u00edcias em geral\",\"publisher\":{\"@id\":\"https:\/\/jornalfatosenoticias.com.br\/#organization\"},\"potentialAction\":[{\"@type\":\"SearchAction\",\"target\":{\"@type\":\"EntryPoint\",\"urlTemplate\":\"https:\/\/jornalfatosenoticias.com.br\/?s={search_term_string}\"},\"query-input\":{\"@type\":\"PropertyValueSpecification\",\"valueRequired\":true,\"valueName\":\"search_term_string\"}}],\"inLanguage\":\"pt-BR\"},{\"@type\":\"Organization\",\"@id\":\"https:\/\/jornalfatosenoticias.com.br\/#organization\",\"name\":\"Jornal Fatos e Not\u00edcias\",\"url\":\"https:\/\/jornalfatosenoticias.com.br\/\",\"logo\":{\"@type\":\"ImageObject\",\"inLanguage\":\"pt-BR\",\"@id\":\"https:\/\/jornalfatosenoticias.com.br\/#\/schema\/logo\/image\/\",\"url\":\"https:\/\/jornalfatosenoticias.com.br\/wp-content\/uploads\/2020\/02\/logo120.png\",\"contentUrl\":\"https:\/\/jornalfatosenoticias.com.br\/wp-content\/uploads\/2020\/02\/logo120.png\",\"width\":1227,\"height\":120,\"caption\":\"Jornal Fatos e Not\u00edcias\"},\"image\":{\"@id\":\"https:\/\/jornalfatosenoticias.com.br\/#\/schema\/logo\/image\/\"}},{\"@type\":\"Person\",\"@id\":\"https:\/\/jornalfatosenoticias.com.br\/#\/schema\/person\/d63837fa13ac8666eb9e74e0985d6f81\",\"name\":\"Luzimara Fernandes\",\"image\":{\"@type\":\"ImageObject\",\"inLanguage\":\"pt-BR\",\"@id\":\"https:\/\/jornalfatosenoticias.com.br\/#\/schema\/person\/image\/\",\"url\":\"https:\/\/jornalfatosenoticias.com.br\/wp-content\/uploads\/2025\/05\/EU_portal.jpg\",\"contentUrl\":\"https:\/\/jornalfatosenoticias.com.br\/wp-content\/uploads\/2025\/05\/EU_portal.jpg\",\"caption\":\"Luzimara Fernandes\"},\"description\":\"Jornalista MTB 2358-ES\",\"sameAs\":[\"https:\/\/jornalfatosenoticias.com.br\"],\"url\":\"https:\/\/jornalfatosenoticias.com.br\/index.php\/author\/luzimara\/\"}]}<\/script>\n<!-- \/ Yoast SEO plugin. -->","yoast_head_json":{"title":"Um ano ap\u00f3s massacre do Hamas, Hezbollah volta a defender destrui\u00e7\u00e3o de Israel - Jornal Fatos e Not\u00edcias","robots":{"index":"index","follow":"follow","max-snippet":"max-snippet:-1","max-image-preview":"max-image-preview:large","max-video-preview":"max-video-preview:-1"},"canonical":"https:\/\/jornalfatosenoticias.com.br\/index.php\/2024\/10\/07\/um-ano-apos-massacre-do-hamas-hezbollah-volta-a-defender-destruicao-de-israel\/","og_locale":"pt_BR","og_type":"article","og_title":"Um ano ap\u00f3s massacre do Hamas, Hezbollah volta a defender destrui\u00e7\u00e3o de Israel - Jornal Fatos e Not\u00edcias","og_description":"Protesto em Teer\u00e3, capital do Ir\u00e3, ap\u00f3s morte do chefe do Hezbollah, Hassan Nasrallah Por Isabella de Paula O grupo terrorista liban\u00eas Hezbollah lembrou nesta segunda-feira (7) do massacre do Hamas em territ\u00f3rio israelense cometido em 7 de outubro do ano passado, declarando que &#8220;Israel \u00e9 um c\u00e2ncer que deve ser eliminado&#8221;, que &#8220;n\u00e3o tem [&hellip;]","og_url":"https:\/\/jornalfatosenoticias.com.br\/index.php\/2024\/10\/07\/um-ano-apos-massacre-do-hamas-hezbollah-volta-a-defender-destruicao-de-israel\/","og_site_name":"Jornal Fatos e Not\u00edcias","article_published_time":"2024-10-07T13:33:28+00:00","article_modified_time":"2024-10-07T13:33:29+00:00","og_image":[{"width":612,"height":408,"url":"https:\/\/jornalfatosenoticias.com.br\/wp-content\/uploads\/2024\/10\/Hassan-Nasrallah-Hesbollah_gettyimages.jpg","type":"image\/jpeg"}],"author":"Luzimara Fernandes","twitter_card":"summary_large_image","twitter_misc":{"Escrito por":"Luzimara Fernandes","Est. tempo de leitura":"2 minutos"},"schema":{"@context":"https:\/\/schema.org","@graph":[{"@type":"Article","@id":"https:\/\/jornalfatosenoticias.com.br\/index.php\/2024\/10\/07\/um-ano-apos-massacre-do-hamas-hezbollah-volta-a-defender-destruicao-de-israel\/#article","isPartOf":{"@id":"https:\/\/jornalfatosenoticias.com.br\/index.php\/2024\/10\/07\/um-ano-apos-massacre-do-hamas-hezbollah-volta-a-defender-destruicao-de-israel\/"},"author":{"name":"Luzimara Fernandes","@id":"https:\/\/jornalfatosenoticias.com.br\/#\/schema\/person\/d63837fa13ac8666eb9e74e0985d6f81"},"headline":"Um ano ap\u00f3s massacre do Hamas, Hezbollah volta a defender destrui\u00e7\u00e3o de Israel","datePublished":"2024-10-07T13:33:28+00:00","dateModified":"2024-10-07T13:33:29+00:00","mainEntityOfPage":{"@id":"https:\/\/jornalfatosenoticias.com.br\/index.php\/2024\/10\/07\/um-ano-apos-massacre-do-hamas-hezbollah-volta-a-defender-destruicao-de-israel\/"},"wordCount":512,"commentCount":0,"publisher":{"@id":"https:\/\/jornalfatosenoticias.com.br\/#organization"},"image":{"@id":"https:\/\/jornalfatosenoticias.com.br\/index.php\/2024\/10\/07\/um-ano-apos-massacre-do-hamas-hezbollah-volta-a-defender-destruicao-de-israel\/#primaryimage"},"thumbnailUrl":"https:\/\/jornalfatosenoticias.com.br\/wp-content\/uploads\/2024\/10\/Hassan-Nasrallah-Hesbollah_gettyimages.jpg","keywords":["grupo terrorista liban\u00eas","Hamas","Hezbollah","Ir\u00e3","Israel","L\u00edbano"],"articleSection":["Internacional"],"inLanguage":"pt-BR","potentialAction":[{"@type":"CommentAction","name":"Comment","target":["https:\/\/jornalfatosenoticias.com.br\/index.php\/2024\/10\/07\/um-ano-apos-massacre-do-hamas-hezbollah-volta-a-defender-destruicao-de-israel\/#respond"]}]},{"@type":"WebPage","@id":"https:\/\/jornalfatosenoticias.com.br\/index.php\/2024\/10\/07\/um-ano-apos-massacre-do-hamas-hezbollah-volta-a-defender-destruicao-de-israel\/","url":"https:\/\/jornalfatosenoticias.com.br\/index.php\/2024\/10\/07\/um-ano-apos-massacre-do-hamas-hezbollah-volta-a-defender-destruicao-de-israel\/","name":"Um ano ap\u00f3s massacre do Hamas, Hezbollah volta a defender destrui\u00e7\u00e3o de Israel - Jornal Fatos e Not\u00edcias","isPartOf":{"@id":"https:\/\/jornalfatosenoticias.com.br\/#website"},"primaryImageOfPage":{"@id":"https:\/\/jornalfatosenoticias.com.br\/index.php\/2024\/10\/07\/um-ano-apos-massacre-do-hamas-hezbollah-volta-a-defender-destruicao-de-israel\/#primaryimage"},"image":{"@id":"https:\/\/jornalfatosenoticias.com.br\/index.php\/2024\/10\/07\/um-ano-apos-massacre-do-hamas-hezbollah-volta-a-defender-destruicao-de-israel\/#primaryimage"},"thumbnailUrl":"https:\/\/jornalfatosenoticias.com.br\/wp-content\/uploads\/2024\/10\/Hassan-Nasrallah-Hesbollah_gettyimages.jpg","datePublished":"2024-10-07T13:33:28+00:00","dateModified":"2024-10-07T13:33:29+00:00","breadcrumb":{"@id":"https:\/\/jornalfatosenoticias.com.br\/index.php\/2024\/10\/07\/um-ano-apos-massacre-do-hamas-hezbollah-volta-a-defender-destruicao-de-israel\/#breadcrumb"},"inLanguage":"pt-BR","potentialAction":[{"@type":"ReadAction","target":["https:\/\/jornalfatosenoticias.com.br\/index.php\/2024\/10\/07\/um-ano-apos-massacre-do-hamas-hezbollah-volta-a-defender-destruicao-de-israel\/"]}]},{"@type":"ImageObject","inLanguage":"pt-BR","@id":"https:\/\/jornalfatosenoticias.com.br\/index.php\/2024\/10\/07\/um-ano-apos-massacre-do-hamas-hezbollah-volta-a-defender-destruicao-de-israel\/#primaryimage","url":"https:\/\/jornalfatosenoticias.com.br\/wp-content\/uploads\/2024\/10\/Hassan-Nasrallah-Hesbollah_gettyimages.jpg","contentUrl":"https:\/\/jornalfatosenoticias.com.br\/wp-content\/uploads\/2024\/10\/Hassan-Nasrallah-Hesbollah_gettyimages.jpg","width":612,"height":408,"caption":"TEHRAN, IRAN - OCTOBER 3: Iranian students take part in a demonstration to show their anger toward the death of Hezbollah Leader Hassan Nasrallah on October 3, 2024 in Tehran, Iran. Iran launched around 180 ballistic missiles toward Israel on Tuesday night, which came after Israel killed the leader of Hezbollah, the Iran-backed Lebanese militant and political group. (Photo by Majid Saeedi\/Getty Images)"},{"@type":"BreadcrumbList","@id":"https:\/\/jornalfatosenoticias.com.br\/index.php\/2024\/10\/07\/um-ano-apos-massacre-do-hamas-hezbollah-volta-a-defender-destruicao-de-israel\/#breadcrumb","itemListElement":[{"@type":"ListItem","position":1,"name":"In\u00edcio","item":"https:\/\/jornalfatosenoticias.com.br\/"},{"@type":"ListItem","position":2,"name":"Um ano ap\u00f3s massacre do Hamas, Hezbollah volta a defender destrui\u00e7\u00e3o de Israel"}]},{"@type":"WebSite","@id":"https:\/\/jornalfatosenoticias.com.br\/#website","url":"https:\/\/jornalfatosenoticias.com.br\/","name":"Jornal Fatos e Not\u00edcias","description":"Not\u00edcias em geral","publisher":{"@id":"https:\/\/jornalfatosenoticias.com.br\/#organization"},"potentialAction":[{"@type":"SearchAction","target":{"@type":"EntryPoint","urlTemplate":"https:\/\/jornalfatosenoticias.com.br\/?s={search_term_string}"},"query-input":{"@type":"PropertyValueSpecification","valueRequired":true,"valueName":"search_term_string"}}],"inLanguage":"pt-BR"},{"@type":"Organization","@id":"https:\/\/jornalfatosenoticias.com.br\/#organization","name":"Jornal Fatos e Not\u00edcias","url":"https:\/\/jornalfatosenoticias.com.br\/","logo":{"@type":"ImageObject","inLanguage":"pt-BR","@id":"https:\/\/jornalfatosenoticias.com.br\/#\/schema\/logo\/image\/","url":"https:\/\/jornalfatosenoticias.com.br\/wp-content\/uploads\/2020\/02\/logo120.png","contentUrl":"https:\/\/jornalfatosenoticias.com.br\/wp-content\/uploads\/2020\/02\/logo120.png","width":1227,"height":120,"caption":"Jornal Fatos e Not\u00edcias"},"image":{"@id":"https:\/\/jornalfatosenoticias.com.br\/#\/schema\/logo\/image\/"}},{"@type":"Person","@id":"https:\/\/jornalfatosenoticias.com.br\/#\/schema\/person\/d63837fa13ac8666eb9e74e0985d6f81","name":"Luzimara Fernandes","image":{"@type":"ImageObject","inLanguage":"pt-BR","@id":"https:\/\/jornalfatosenoticias.com.br\/#\/schema\/person\/image\/","url":"https:\/\/jornalfatosenoticias.com.br\/wp-content\/uploads\/2025\/05\/EU_portal.jpg","contentUrl":"https:\/\/jornalfatosenoticias.com.br\/wp-content\/uploads\/2025\/05\/EU_portal.jpg","caption":"Luzimara Fernandes"},"description":"Jornalista MTB 2358-ES","sameAs":["https:\/\/jornalfatosenoticias.com.br"],"url":"https:\/\/jornalfatosenoticias.com.br\/index.php\/author\/luzimara\/"}]}},"cc_featured_image_caption":{"caption_text":"(Foto: Getty Images) ","source_text":"","source_url":""},"jetpack_featured_media_url":"https:\/\/jornalfatosenoticias.com.br\/wp-content\/uploads\/2024\/10\/Hassan-Nasrallah-Hesbollah_gettyimages.jpg","_links":{"self":[{"href":"https:\/\/jornalfatosenoticias.com.br\/index.php\/wp-json\/wp\/v2\/posts\/54721","targetHints":{"allow":["GET"]}}],"collection":[{"href":"https:\/\/jornalfatosenoticias.com.br\/index.php\/wp-json\/wp\/v2\/posts"}],"about":[{"href":"https:\/\/jornalfatosenoticias.com.br\/index.php\/wp-json\/wp\/v2\/types\/post"}],"author":[{"embeddable":true,"href":"https:\/\/jornalfatosenoticias.com.br\/index.php\/wp-json\/wp\/v2\/users\/2"}],"replies":[{"embeddable":true,"href":"https:\/\/jornalfatosenoticias.com.br\/index.php\/wp-json\/wp\/v2\/comments?post=54721"}],"version-history":[{"count":0,"href":"https:\/\/jornalfatosenoticias.com.br\/index.php\/wp-json\/wp\/v2\/posts\/54721\/revisions"}],"wp:featuredmedia":[{"embeddable":true,"href":"https:\/\/jornalfatosenoticias.com.br\/index.php\/wp-json\/wp\/v2\/media\/54722"}],"wp:attachment":[{"href":"https:\/\/jornalfatosenoticias.com.br\/index.php\/wp-json\/wp\/v2\/media?parent=54721"}],"wp:term":[{"taxonomy":"category","embeddable":true,"href":"https:\/\/jornalfatosenoticias.com.br\/index.php\/wp-json\/wp\/v2\/categories?post=54721"},{"taxonomy":"post_tag","embeddable":true,"href":"https:\/\/jornalfatosenoticias.com.br\/index.php\/wp-json\/wp\/v2\/tags?post=54721"}],"curies":[{"name":"wp","href":"https:\/\/api.w.org\/{rel}","templated":true}]}}