{"id":54724,"date":"2024-10-07T10:45:57","date_gmt":"2024-10-07T13:45:57","guid":{"rendered":"https:\/\/jornalfatosenoticias.com.br\/?p=54724"},"modified":"2024-10-07T10:45:58","modified_gmt":"2024-10-07T13:45:58","slug":"governo-cria-imposto-sobre-lucro-de-multinacionais-em-acordo-com-o-clube-dos-ricos","status":"publish","type":"post","link":"https:\/\/jornalfatosenoticias.com.br\/index.php\/2024\/10\/07\/governo-cria-imposto-sobre-lucro-de-multinacionais-em-acordo-com-o-clube-dos-ricos\/","title":{"rendered":"Governo cria imposto sobre lucro de multinacionais em acordo com o \u201cclube dos ricos\u201d"},"content":{"rendered":"\n<p><em><span class=\"has-inline-color has-black-color\">Tributa\u00e7\u00e3o de 15% ser\u00e1 aplicada sobre o lucro de empresas com faturamento acima de 750 milh\u00f5es de Euros<\/span><\/em><\/p>\n\n\n\n<p><span class=\"has-inline-color has-black-color\">Por <strong><a href=\"https:\/\/www.gazetadopovo.com.br\/autor\/guilherme-grandi\/\" rel=\"sponsored nofollow\">Guilherme Grandi<\/a><\/strong><\/span><\/p>\n\n\n\n<div class=\"wp-block-image\"><figure class=\"aligncenter size-large\"><a href=\"https:\/\/www.instagram.com\/vmais.midias\/\"><img loading=\"lazy\" decoding=\"async\" width=\"1024\" height=\"110\" src=\"https:\/\/jornalfatosenoticias.com.br\/wp-content\/uploads\/2020\/02\/DE-MAIS-DESTAQUE-VMAIS-1120X120-1024x110.png\" alt=\"\" class=\"wp-image-53110\" srcset=\"https:\/\/jornalfatosenoticias.com.br\/wp-content\/uploads\/2020\/02\/DE-MAIS-DESTAQUE-VMAIS-1120X120-1024x110.png 1024w, https:\/\/jornalfatosenoticias.com.br\/wp-content\/uploads\/2020\/02\/DE-MAIS-DESTAQUE-VMAIS-1120X120-300x32.png 300w, https:\/\/jornalfatosenoticias.com.br\/wp-content\/uploads\/2020\/02\/DE-MAIS-DESTAQUE-VMAIS-1120X120-768x82.png 768w, https:\/\/jornalfatosenoticias.com.br\/wp-content\/uploads\/2020\/02\/DE-MAIS-DESTAQUE-VMAIS-1120X120.png 1120w\" sizes=\"auto, (max-width: 1024px) 100vw, 1024px\" \/><\/a><\/figure><\/div>\n\n\n\n<p>O governo de Luiz In\u00e1cio Lula da Silva (PT) editou uma medida provis\u00f3ria no final da noite de quinta (4) que cria um novo imposto voltado ao lucro das empresas multinacionais que operam no pa\u00eds. A taxa\u00e7\u00e3o foi acertada em acordo com a OCDE, a Organiza\u00e7\u00e3o para a Coopera\u00e7\u00e3o e Desenvolvimento Econ\u00f4mico \u2014 tamb\u00e9m conhecida como \u201cclube dos ricos\u201d \u2014 com o objetivo alegado de evitar uma esp\u00e9cie de guerra fiscal internacional.<br>O novo tributo, que imp\u00f5e uma taxa\u00e7\u00e3o adicional de 15% com o uso de incentivos na Contribui\u00e7\u00e3o Social sobre o Lucro L\u00edquido (CSLL), foi publicado em uma edi\u00e7\u00e3o extra do Di\u00e1rio Oficial da Uni\u00e3o (veja na \u00edntegra) e deve incrementar a arrecada\u00e7\u00e3o do governo. \u00c9 a segunda medida editada no mesmo dia, sendo a primeira voltada \u00e0 dedu\u00e7\u00e3o das perdas com opera\u00e7\u00f5es de cr\u00e9dito de clientes inadimplentes.<\/p>\n\n\n\n<div class=\"wp-block-image\"><figure class=\"aligncenter size-large is-resized\"><a href=\"https:\/\/www.instagram.com\/serra4x4cambioautomatico\/\"><img loading=\"lazy\" decoding=\"async\" src=\"https:\/\/jornalfatosenoticias.com.br\/wp-content\/uploads\/2024\/08\/Serra-4x4-1-886x1024.jpg\" alt=\"\" class=\"wp-image-53632\" width=\"327\" height=\"378\" srcset=\"https:\/\/jornalfatosenoticias.com.br\/wp-content\/uploads\/2024\/08\/Serra-4x4-1-886x1024.jpg 886w, https:\/\/jornalfatosenoticias.com.br\/wp-content\/uploads\/2024\/08\/Serra-4x4-1-260x300.jpg 260w, https:\/\/jornalfatosenoticias.com.br\/wp-content\/uploads\/2024\/08\/Serra-4x4-1-768x888.jpg 768w, https:\/\/jornalfatosenoticias.com.br\/wp-content\/uploads\/2024\/08\/Serra-4x4-1.jpg 1181w\" sizes=\"auto, (max-width: 327px) 100vw, 327px\" \/><\/a><\/figure><\/div>\n\n\n\n<p>Enquanto que a primeira medida editada no dia tenha potencial de arrecadar R$ 16 bilh\u00f5es quando entrar em vigor, esta segunda pode adicionar de R$ 8 bilh\u00f5es a R$ 10 bilh\u00f5es anuais segundo estimativas de mercado. A Receita Federal estima que cerca de tr\u00eas mil multinacionais atuam no Brasil, das quais 84 s\u00e3o de origem nacional, e todas estar\u00e3o sujeitas \u00e0s novas regras, conhecidas como \u201cPilar 2\u201d da OCDE.<\/p>\n\n\n\n<div class=\"wp-block-image\"><figure class=\"aligncenter size-large is-resized\"><a href=\"https:\/\/www.instagram.com\/restaurantepegoretti\/\"><img loading=\"lazy\" decoding=\"async\" src=\"https:\/\/jornalfatosenoticias.com.br\/wp-content\/uploads\/2023\/12\/pegoretti-logo-pdf-1024x389.jpg\" alt=\"\" class=\"wp-image-47536\" width=\"443\" height=\"168\" srcset=\"https:\/\/jornalfatosenoticias.com.br\/wp-content\/uploads\/2023\/12\/pegoretti-logo-pdf-1024x389.jpg 1024w, https:\/\/jornalfatosenoticias.com.br\/wp-content\/uploads\/2023\/12\/pegoretti-logo-pdf-300x114.jpg 300w, https:\/\/jornalfatosenoticias.com.br\/wp-content\/uploads\/2023\/12\/pegoretti-logo-pdf-768x291.jpg 768w, https:\/\/jornalfatosenoticias.com.br\/wp-content\/uploads\/2023\/12\/pegoretti-logo-pdf.jpg 1120w\" sizes=\"auto, (max-width: 443px) 100vw, 443px\" \/><\/a><\/figure><\/div>\n\n\n\n<p>De acordo com o texto, o adicional \u00e0 CSLL \u00e9 apresentado como uma \u201cadapta\u00e7\u00e3o da legisla\u00e7\u00e3o brasileira \u00e0s Regras Globais Contra a Eros\u00e3o da Base Tribut\u00e1ria\u201d, coordenadas pela OCDE e pelo G20. A medida provis\u00f3ria \u2014 que tem validade imediata, mas precisa passar pelo Congresso em at\u00e9 120 dias para virar lei e n\u00e3o perder a efetividade \u2014 define que o tributo ser\u00e1 aplicado a empresas que tiverem \u201creceitas anuais de 750 milh\u00f5es de Euros (R$ 4,5 bilh\u00f5es) ou mais nas demonstra\u00e7\u00f5es financeiras consolidadas em pelo menos dois dos quatro anos fiscais imediatos anteriores ao analisado\u201d.<\/p>\n\n\n\n<div class=\"wp-block-image\"><figure class=\"aligncenter size-large\"><a href=\"https:\/\/www.instagram.com\/esteiochurrascaria\/\"><img decoding=\"async\" src=\"https:\/\/jornalfatosenoticias.com.br\/wp-content\/uploads\/2020\/02\/logo_esteio.jpg\" alt=\"\" class=\"wp-image-1214\"\/><\/a><\/figure><\/div>\n\n\n\n<p>Atualmente, as empresas no Brasil enfrentam uma carga tribut\u00e1ria nominal de 34%, que inclui o Imposto de Renda e a Contribui\u00e7\u00e3o Social sobre o Lucro L\u00edquido (CSLL). No entanto, a carga efetiva, ap\u00f3s a aplica\u00e7\u00e3o de incentivos fiscais e estrat\u00e9gias de planejamento tribut\u00e1rio, pode cair abaixo de 15%. A medida provis\u00f3ria visa corrigir essa distor\u00e7\u00e3o, garantindo que o percentual m\u00ednimo de 15% seja efetivamente recolhido.<\/p>\n\n\n\n<div class=\"wp-block-image\"><figure class=\"aligncenter size-large is-resized\"><a href=\"https:\/\/www.facebook.com\/vetor.vix\/\"><img loading=\"lazy\" decoding=\"async\" src=\"https:\/\/jornalfatosenoticias.com.br\/wp-content\/uploads\/2023\/09\/vetorvix1024_1.jpg\" alt=\"\" class=\"wp-image-44868\" width=\"569\" height=\"151\" srcset=\"https:\/\/jornalfatosenoticias.com.br\/wp-content\/uploads\/2023\/09\/vetorvix1024_1.jpg 1024w, https:\/\/jornalfatosenoticias.com.br\/wp-content\/uploads\/2023\/09\/vetorvix1024_1-300x80.jpg 300w, https:\/\/jornalfatosenoticias.com.br\/wp-content\/uploads\/2023\/09\/vetorvix1024_1-768x205.jpg 768w\" sizes=\"auto, (max-width: 569px) 100vw, 569px\" \/><\/a><\/figure><\/div>\n\n\n\n<p>O objetivo \u00e9 assegurar que, mesmo com o uso de incentivos, o pa\u00eds n\u00e3o perca receita fiscal de grandes corpora\u00e7\u00f5es. O governo federal tamb\u00e9m exigir\u00e1 que as empresas multinacionais forne\u00e7am dados detalhados para o c\u00e1lculo desse adicional.<\/p>\n\n\n\n<div class=\"wp-block-image\"><figure class=\"aligncenter size-large is-resized\"><a href=\"https:\/\/www.controlsystems.com.br\/\"><img loading=\"lazy\" decoding=\"async\" src=\"https:\/\/jornalfatosenoticias.com.br\/wp-content\/uploads\/2020\/02\/CONTROL-CS.jpg\" alt=\"\" class=\"wp-image-44991\" width=\"325\" height=\"390\" srcset=\"https:\/\/jornalfatosenoticias.com.br\/wp-content\/uploads\/2020\/02\/CONTROL-CS.jpg 834w, https:\/\/jornalfatosenoticias.com.br\/wp-content\/uploads\/2020\/02\/CONTROL-CS-250x300.jpg 250w, https:\/\/jornalfatosenoticias.com.br\/wp-content\/uploads\/2020\/02\/CONTROL-CS-768x921.jpg 768w\" sizes=\"auto, (max-width: 325px) 100vw, 325px\" \/><\/a><\/figure><\/div>\n\n\n\n<p>O ministro Fernando Haddad, da Fazenda, ao comentar a medida durante o G20 em abril, destacou a import\u00e2ncia de avan\u00e7ar com as regras da OCDE e sugeriu que os pa\u00edses tamb\u00e9m considerem tributar os super-ricos em um futuro pr\u00f3ximo.<br>O acordo internacional foi desenhado para evitar que apenas os pa\u00edses de origem das multinacionais se beneficiem dos impostos sobre os lucros dessas empresas. Com as novas regras, parte dos lucros gerados no pa\u00eds anfitri\u00e3o ser\u00e1 tributada localmente.<\/p>\n\n\n\n<div class=\"wp-block-image\"><figure class=\"aligncenter size-large\"><a href=\"http:\/\/www.ferrarimaquinas.com.br\/\"><img loading=\"lazy\" decoding=\"async\" width=\"300\" height=\"250\" src=\"https:\/\/jornalfatosenoticias.com.br\/wp-content\/uploads\/2022\/02\/FERRARI_MAQUINAS-E-FERRAMENTAS2.jpg\" alt=\"\" class=\"wp-image-27860\"\/><\/a><\/figure><\/div>\n\n\n\n<p>A OCDE j\u00e1 possui outro pilar, o \u201cPilar 1\u201d, que trata da tributa\u00e7\u00e3o de servi\u00e7os digitais, como o fornecido por gigantes da tecnologia. No entanto, a nova medida provis\u00f3ria foca apenas no \u201cPilar 2\u201d e n\u00e3o aborda a tributa\u00e7\u00e3o dessas empresas digitais.<\/p>\n\n\n\n<p><strong><em>Fonte: <a href=\"https:\/\/www.gazetadopovo.com.br\/economia\/governo-imposto-multinacionais-acordo-clube-dos-ricos\/\">Gazeta do Povo<\/a><\/em><\/strong><\/p>\n","protected":false},"excerpt":{"rendered":"<p>Tributa\u00e7\u00e3o de 15% ser\u00e1 aplicada sobre o lucro de empresas com faturamento acima de 750 milh\u00f5es de Euros Por Guilherme Grandi O governo de Luiz In\u00e1cio Lula da Silva (PT) editou uma medida provis\u00f3ria no final da noite de quinta (4) que cria um novo imposto voltado ao lucro das empresas multinacionais que operam no [&hellip;]<\/p>\n","protected":false},"author":2,"featured_media":54725,"comment_status":"open","ping_status":"open","sticky":false,"template":"","format":"standard","meta":{"footnotes":""},"categories":[9],"tags":[19495,18155,860,8257,3412,413,1404,8611],"class_list":["post-54724","post","type-post","status-publish","format-standard","has-post-thumbnail","hentry","category-economia","tag-faturamento","tag-fernando-haddad","tag-governo-federal","tag-impostos","tag-lucro","tag-ocde","tag-receita-federal","tag-tributacao"],"yoast_head":"<!-- This site is optimized with the Yoast SEO plugin v26.5 - https:\/\/yoast.com\/wordpress\/plugins\/seo\/ -->\n<title>Governo cria imposto sobre lucro de multinacionais em acordo com o \u201cclube dos ricos\u201d - Jornal Fatos e Not\u00edcias<\/title>\n<meta name=\"robots\" content=\"index, follow, max-snippet:-1, max-image-preview:large, max-video-preview:-1\" \/>\n<link rel=\"canonical\" href=\"https:\/\/jornalfatosenoticias.com.br\/index.php\/2024\/10\/07\/governo-cria-imposto-sobre-lucro-de-multinacionais-em-acordo-com-o-clube-dos-ricos\/\" \/>\n<meta property=\"og:locale\" content=\"pt_BR\" \/>\n<meta property=\"og:type\" content=\"article\" \/>\n<meta property=\"og:title\" content=\"Governo cria imposto sobre lucro de multinacionais em acordo com o \u201cclube dos ricos\u201d - Jornal Fatos e Not\u00edcias\" \/>\n<meta property=\"og:description\" content=\"Tributa\u00e7\u00e3o de 15% ser\u00e1 aplicada sobre o lucro de empresas com faturamento acima de 750 milh\u00f5es de Euros Por Guilherme Grandi O governo de Luiz In\u00e1cio Lula da Silva (PT) editou uma medida provis\u00f3ria no final da noite de quinta (4) que cria um novo imposto voltado ao lucro das empresas multinacionais que operam no [&hellip;]\" \/>\n<meta property=\"og:url\" content=\"https:\/\/jornalfatosenoticias.com.br\/index.php\/2024\/10\/07\/governo-cria-imposto-sobre-lucro-de-multinacionais-em-acordo-com-o-clube-dos-ricos\/\" \/>\n<meta property=\"og:site_name\" content=\"Jornal Fatos e Not\u00edcias\" \/>\n<meta property=\"article:published_time\" content=\"2024-10-07T13:45:57+00:00\" \/>\n<meta property=\"article:modified_time\" content=\"2024-10-07T13:45:58+00:00\" \/>\n<meta property=\"og:image\" content=\"https:\/\/jornalfatosenoticias.com.br\/wp-content\/uploads\/2024\/10\/impostos_istock.jpg\" \/>\n\t<meta property=\"og:image:width\" content=\"612\" \/>\n\t<meta property=\"og:image:height\" content=\"408\" \/>\n\t<meta property=\"og:image:type\" content=\"image\/jpeg\" \/>\n<meta name=\"author\" content=\"Luzimara Fernandes\" \/>\n<meta name=\"twitter:card\" content=\"summary_large_image\" \/>\n<meta name=\"twitter:label1\" content=\"Escrito por\" \/>\n\t<meta name=\"twitter:data1\" content=\"Luzimara Fernandes\" \/>\n\t<meta name=\"twitter:label2\" content=\"Est. tempo de leitura\" \/>\n\t<meta name=\"twitter:data2\" content=\"3 minutos\" \/>\n<script type=\"application\/ld+json\" class=\"yoast-schema-graph\">{\"@context\":\"https:\/\/schema.org\",\"@graph\":[{\"@type\":\"Article\",\"@id\":\"https:\/\/jornalfatosenoticias.com.br\/index.php\/2024\/10\/07\/governo-cria-imposto-sobre-lucro-de-multinacionais-em-acordo-com-o-clube-dos-ricos\/#article\",\"isPartOf\":{\"@id\":\"https:\/\/jornalfatosenoticias.com.br\/index.php\/2024\/10\/07\/governo-cria-imposto-sobre-lucro-de-multinacionais-em-acordo-com-o-clube-dos-ricos\/\"},\"author\":{\"name\":\"Luzimara Fernandes\",\"@id\":\"https:\/\/jornalfatosenoticias.com.br\/#\/schema\/person\/d63837fa13ac8666eb9e74e0985d6f81\"},\"headline\":\"Governo cria imposto sobre lucro de multinacionais em acordo com o \u201cclube dos ricos\u201d\",\"datePublished\":\"2024-10-07T13:45:57+00:00\",\"dateModified\":\"2024-10-07T13:45:58+00:00\",\"mainEntityOfPage\":{\"@id\":\"https:\/\/jornalfatosenoticias.com.br\/index.php\/2024\/10\/07\/governo-cria-imposto-sobre-lucro-de-multinacionais-em-acordo-com-o-clube-dos-ricos\/\"},\"wordCount\":604,\"commentCount\":0,\"publisher\":{\"@id\":\"https:\/\/jornalfatosenoticias.com.br\/#organization\"},\"image\":{\"@id\":\"https:\/\/jornalfatosenoticias.com.br\/index.php\/2024\/10\/07\/governo-cria-imposto-sobre-lucro-de-multinacionais-em-acordo-com-o-clube-dos-ricos\/#primaryimage\"},\"thumbnailUrl\":\"https:\/\/jornalfatosenoticias.com.br\/wp-content\/uploads\/2024\/10\/impostos_istock.jpg\",\"keywords\":[\"faturamento\",\"Fernando Haddad\",\"governo federal\",\"impostos\",\"lucro\",\"OCDE\",\"Receita Federal\",\"tributa\u00e7\u00e3o\"],\"articleSection\":[\"Economia\"],\"inLanguage\":\"pt-BR\",\"potentialAction\":[{\"@type\":\"CommentAction\",\"name\":\"Comment\",\"target\":[\"https:\/\/jornalfatosenoticias.com.br\/index.php\/2024\/10\/07\/governo-cria-imposto-sobre-lucro-de-multinacionais-em-acordo-com-o-clube-dos-ricos\/#respond\"]}]},{\"@type\":\"WebPage\",\"@id\":\"https:\/\/jornalfatosenoticias.com.br\/index.php\/2024\/10\/07\/governo-cria-imposto-sobre-lucro-de-multinacionais-em-acordo-com-o-clube-dos-ricos\/\",\"url\":\"https:\/\/jornalfatosenoticias.com.br\/index.php\/2024\/10\/07\/governo-cria-imposto-sobre-lucro-de-multinacionais-em-acordo-com-o-clube-dos-ricos\/\",\"name\":\"Governo cria imposto sobre lucro de multinacionais em acordo com o \u201cclube dos ricos\u201d - Jornal Fatos e Not\u00edcias\",\"isPartOf\":{\"@id\":\"https:\/\/jornalfatosenoticias.com.br\/#website\"},\"primaryImageOfPage\":{\"@id\":\"https:\/\/jornalfatosenoticias.com.br\/index.php\/2024\/10\/07\/governo-cria-imposto-sobre-lucro-de-multinacionais-em-acordo-com-o-clube-dos-ricos\/#primaryimage\"},\"image\":{\"@id\":\"https:\/\/jornalfatosenoticias.com.br\/index.php\/2024\/10\/07\/governo-cria-imposto-sobre-lucro-de-multinacionais-em-acordo-com-o-clube-dos-ricos\/#primaryimage\"},\"thumbnailUrl\":\"https:\/\/jornalfatosenoticias.com.br\/wp-content\/uploads\/2024\/10\/impostos_istock.jpg\",\"datePublished\":\"2024-10-07T13:45:57+00:00\",\"dateModified\":\"2024-10-07T13:45:58+00:00\",\"breadcrumb\":{\"@id\":\"https:\/\/jornalfatosenoticias.com.br\/index.php\/2024\/10\/07\/governo-cria-imposto-sobre-lucro-de-multinacionais-em-acordo-com-o-clube-dos-ricos\/#breadcrumb\"},\"inLanguage\":\"pt-BR\",\"potentialAction\":[{\"@type\":\"ReadAction\",\"target\":[\"https:\/\/jornalfatosenoticias.com.br\/index.php\/2024\/10\/07\/governo-cria-imposto-sobre-lucro-de-multinacionais-em-acordo-com-o-clube-dos-ricos\/\"]}]},{\"@type\":\"ImageObject\",\"inLanguage\":\"pt-BR\",\"@id\":\"https:\/\/jornalfatosenoticias.com.br\/index.php\/2024\/10\/07\/governo-cria-imposto-sobre-lucro-de-multinacionais-em-acordo-com-o-clube-dos-ricos\/#primaryimage\",\"url\":\"https:\/\/jornalfatosenoticias.com.br\/wp-content\/uploads\/2024\/10\/impostos_istock.jpg\",\"contentUrl\":\"https:\/\/jornalfatosenoticias.com.br\/wp-content\/uploads\/2024\/10\/impostos_istock.jpg\",\"width\":612,\"height\":408,\"caption\":\"2024 year Brazil financial concept, Brazilian money, Hundreds of reais, market analysis, country economy, State of public finances, household budgets, business background\"},{\"@type\":\"BreadcrumbList\",\"@id\":\"https:\/\/jornalfatosenoticias.com.br\/index.php\/2024\/10\/07\/governo-cria-imposto-sobre-lucro-de-multinacionais-em-acordo-com-o-clube-dos-ricos\/#breadcrumb\",\"itemListElement\":[{\"@type\":\"ListItem\",\"position\":1,\"name\":\"In\u00edcio\",\"item\":\"https:\/\/jornalfatosenoticias.com.br\/\"},{\"@type\":\"ListItem\",\"position\":2,\"name\":\"Governo cria imposto sobre lucro de multinacionais em acordo com o \u201cclube dos ricos\u201d\"}]},{\"@type\":\"WebSite\",\"@id\":\"https:\/\/jornalfatosenoticias.com.br\/#website\",\"url\":\"https:\/\/jornalfatosenoticias.com.br\/\",\"name\":\"Jornal Fatos e Not\u00edcias\",\"description\":\"Not\u00edcias em geral\",\"publisher\":{\"@id\":\"https:\/\/jornalfatosenoticias.com.br\/#organization\"},\"potentialAction\":[{\"@type\":\"SearchAction\",\"target\":{\"@type\":\"EntryPoint\",\"urlTemplate\":\"https:\/\/jornalfatosenoticias.com.br\/?s={search_term_string}\"},\"query-input\":{\"@type\":\"PropertyValueSpecification\",\"valueRequired\":true,\"valueName\":\"search_term_string\"}}],\"inLanguage\":\"pt-BR\"},{\"@type\":\"Organization\",\"@id\":\"https:\/\/jornalfatosenoticias.com.br\/#organization\",\"name\":\"Jornal Fatos e Not\u00edcias\",\"url\":\"https:\/\/jornalfatosenoticias.com.br\/\",\"logo\":{\"@type\":\"ImageObject\",\"inLanguage\":\"pt-BR\",\"@id\":\"https:\/\/jornalfatosenoticias.com.br\/#\/schema\/logo\/image\/\",\"url\":\"https:\/\/jornalfatosenoticias.com.br\/wp-content\/uploads\/2020\/02\/logo120.png\",\"contentUrl\":\"https:\/\/jornalfatosenoticias.com.br\/wp-content\/uploads\/2020\/02\/logo120.png\",\"width\":1227,\"height\":120,\"caption\":\"Jornal Fatos e Not\u00edcias\"},\"image\":{\"@id\":\"https:\/\/jornalfatosenoticias.com.br\/#\/schema\/logo\/image\/\"}},{\"@type\":\"Person\",\"@id\":\"https:\/\/jornalfatosenoticias.com.br\/#\/schema\/person\/d63837fa13ac8666eb9e74e0985d6f81\",\"name\":\"Luzimara Fernandes\",\"image\":{\"@type\":\"ImageObject\",\"inLanguage\":\"pt-BR\",\"@id\":\"https:\/\/jornalfatosenoticias.com.br\/#\/schema\/person\/image\/\",\"url\":\"https:\/\/jornalfatosenoticias.com.br\/wp-content\/uploads\/2025\/05\/EU_portal.jpg\",\"contentUrl\":\"https:\/\/jornalfatosenoticias.com.br\/wp-content\/uploads\/2025\/05\/EU_portal.jpg\",\"caption\":\"Luzimara Fernandes\"},\"description\":\"Jornalista MTB 2358-ES\",\"sameAs\":[\"https:\/\/jornalfatosenoticias.com.br\"],\"url\":\"https:\/\/jornalfatosenoticias.com.br\/index.php\/author\/luzimara\/\"}]}<\/script>\n<!-- \/ Yoast SEO plugin. -->","yoast_head_json":{"title":"Governo cria imposto sobre lucro de multinacionais em acordo com o \u201cclube dos ricos\u201d - Jornal Fatos e Not\u00edcias","robots":{"index":"index","follow":"follow","max-snippet":"max-snippet:-1","max-image-preview":"max-image-preview:large","max-video-preview":"max-video-preview:-1"},"canonical":"https:\/\/jornalfatosenoticias.com.br\/index.php\/2024\/10\/07\/governo-cria-imposto-sobre-lucro-de-multinacionais-em-acordo-com-o-clube-dos-ricos\/","og_locale":"pt_BR","og_type":"article","og_title":"Governo cria imposto sobre lucro de multinacionais em acordo com o \u201cclube dos ricos\u201d - Jornal Fatos e Not\u00edcias","og_description":"Tributa\u00e7\u00e3o de 15% ser\u00e1 aplicada sobre o lucro de empresas com faturamento acima de 750 milh\u00f5es de Euros Por Guilherme Grandi O governo de Luiz In\u00e1cio Lula da Silva (PT) editou uma medida provis\u00f3ria no final da noite de quinta (4) que cria um novo imposto voltado ao lucro das empresas multinacionais que operam no [&hellip;]","og_url":"https:\/\/jornalfatosenoticias.com.br\/index.php\/2024\/10\/07\/governo-cria-imposto-sobre-lucro-de-multinacionais-em-acordo-com-o-clube-dos-ricos\/","og_site_name":"Jornal Fatos e Not\u00edcias","article_published_time":"2024-10-07T13:45:57+00:00","article_modified_time":"2024-10-07T13:45:58+00:00","og_image":[{"width":612,"height":408,"url":"https:\/\/jornalfatosenoticias.com.br\/wp-content\/uploads\/2024\/10\/impostos_istock.jpg","type":"image\/jpeg"}],"author":"Luzimara Fernandes","twitter_card":"summary_large_image","twitter_misc":{"Escrito por":"Luzimara Fernandes","Est. tempo de leitura":"3 minutos"},"schema":{"@context":"https:\/\/schema.org","@graph":[{"@type":"Article","@id":"https:\/\/jornalfatosenoticias.com.br\/index.php\/2024\/10\/07\/governo-cria-imposto-sobre-lucro-de-multinacionais-em-acordo-com-o-clube-dos-ricos\/#article","isPartOf":{"@id":"https:\/\/jornalfatosenoticias.com.br\/index.php\/2024\/10\/07\/governo-cria-imposto-sobre-lucro-de-multinacionais-em-acordo-com-o-clube-dos-ricos\/"},"author":{"name":"Luzimara Fernandes","@id":"https:\/\/jornalfatosenoticias.com.br\/#\/schema\/person\/d63837fa13ac8666eb9e74e0985d6f81"},"headline":"Governo cria imposto sobre lucro de multinacionais em acordo com o \u201cclube dos ricos\u201d","datePublished":"2024-10-07T13:45:57+00:00","dateModified":"2024-10-07T13:45:58+00:00","mainEntityOfPage":{"@id":"https:\/\/jornalfatosenoticias.com.br\/index.php\/2024\/10\/07\/governo-cria-imposto-sobre-lucro-de-multinacionais-em-acordo-com-o-clube-dos-ricos\/"},"wordCount":604,"commentCount":0,"publisher":{"@id":"https:\/\/jornalfatosenoticias.com.br\/#organization"},"image":{"@id":"https:\/\/jornalfatosenoticias.com.br\/index.php\/2024\/10\/07\/governo-cria-imposto-sobre-lucro-de-multinacionais-em-acordo-com-o-clube-dos-ricos\/#primaryimage"},"thumbnailUrl":"https:\/\/jornalfatosenoticias.com.br\/wp-content\/uploads\/2024\/10\/impostos_istock.jpg","keywords":["faturamento","Fernando Haddad","governo federal","impostos","lucro","OCDE","Receita Federal","tributa\u00e7\u00e3o"],"articleSection":["Economia"],"inLanguage":"pt-BR","potentialAction":[{"@type":"CommentAction","name":"Comment","target":["https:\/\/jornalfatosenoticias.com.br\/index.php\/2024\/10\/07\/governo-cria-imposto-sobre-lucro-de-multinacionais-em-acordo-com-o-clube-dos-ricos\/#respond"]}]},{"@type":"WebPage","@id":"https:\/\/jornalfatosenoticias.com.br\/index.php\/2024\/10\/07\/governo-cria-imposto-sobre-lucro-de-multinacionais-em-acordo-com-o-clube-dos-ricos\/","url":"https:\/\/jornalfatosenoticias.com.br\/index.php\/2024\/10\/07\/governo-cria-imposto-sobre-lucro-de-multinacionais-em-acordo-com-o-clube-dos-ricos\/","name":"Governo cria imposto sobre lucro de multinacionais em acordo com o \u201cclube dos ricos\u201d - Jornal Fatos e Not\u00edcias","isPartOf":{"@id":"https:\/\/jornalfatosenoticias.com.br\/#website"},"primaryImageOfPage":{"@id":"https:\/\/jornalfatosenoticias.com.br\/index.php\/2024\/10\/07\/governo-cria-imposto-sobre-lucro-de-multinacionais-em-acordo-com-o-clube-dos-ricos\/#primaryimage"},"image":{"@id":"https:\/\/jornalfatosenoticias.com.br\/index.php\/2024\/10\/07\/governo-cria-imposto-sobre-lucro-de-multinacionais-em-acordo-com-o-clube-dos-ricos\/#primaryimage"},"thumbnailUrl":"https:\/\/jornalfatosenoticias.com.br\/wp-content\/uploads\/2024\/10\/impostos_istock.jpg","datePublished":"2024-10-07T13:45:57+00:00","dateModified":"2024-10-07T13:45:58+00:00","breadcrumb":{"@id":"https:\/\/jornalfatosenoticias.com.br\/index.php\/2024\/10\/07\/governo-cria-imposto-sobre-lucro-de-multinacionais-em-acordo-com-o-clube-dos-ricos\/#breadcrumb"},"inLanguage":"pt-BR","potentialAction":[{"@type":"ReadAction","target":["https:\/\/jornalfatosenoticias.com.br\/index.php\/2024\/10\/07\/governo-cria-imposto-sobre-lucro-de-multinacionais-em-acordo-com-o-clube-dos-ricos\/"]}]},{"@type":"ImageObject","inLanguage":"pt-BR","@id":"https:\/\/jornalfatosenoticias.com.br\/index.php\/2024\/10\/07\/governo-cria-imposto-sobre-lucro-de-multinacionais-em-acordo-com-o-clube-dos-ricos\/#primaryimage","url":"https:\/\/jornalfatosenoticias.com.br\/wp-content\/uploads\/2024\/10\/impostos_istock.jpg","contentUrl":"https:\/\/jornalfatosenoticias.com.br\/wp-content\/uploads\/2024\/10\/impostos_istock.jpg","width":612,"height":408,"caption":"2024 year Brazil financial concept, Brazilian money, Hundreds of reais, market analysis, country economy, State of public finances, household budgets, business background"},{"@type":"BreadcrumbList","@id":"https:\/\/jornalfatosenoticias.com.br\/index.php\/2024\/10\/07\/governo-cria-imposto-sobre-lucro-de-multinacionais-em-acordo-com-o-clube-dos-ricos\/#breadcrumb","itemListElement":[{"@type":"ListItem","position":1,"name":"In\u00edcio","item":"https:\/\/jornalfatosenoticias.com.br\/"},{"@type":"ListItem","position":2,"name":"Governo cria imposto sobre lucro de multinacionais em acordo com o \u201cclube dos ricos\u201d"}]},{"@type":"WebSite","@id":"https:\/\/jornalfatosenoticias.com.br\/#website","url":"https:\/\/jornalfatosenoticias.com.br\/","name":"Jornal Fatos e Not\u00edcias","description":"Not\u00edcias em geral","publisher":{"@id":"https:\/\/jornalfatosenoticias.com.br\/#organization"},"potentialAction":[{"@type":"SearchAction","target":{"@type":"EntryPoint","urlTemplate":"https:\/\/jornalfatosenoticias.com.br\/?s={search_term_string}"},"query-input":{"@type":"PropertyValueSpecification","valueRequired":true,"valueName":"search_term_string"}}],"inLanguage":"pt-BR"},{"@type":"Organization","@id":"https:\/\/jornalfatosenoticias.com.br\/#organization","name":"Jornal Fatos e Not\u00edcias","url":"https:\/\/jornalfatosenoticias.com.br\/","logo":{"@type":"ImageObject","inLanguage":"pt-BR","@id":"https:\/\/jornalfatosenoticias.com.br\/#\/schema\/logo\/image\/","url":"https:\/\/jornalfatosenoticias.com.br\/wp-content\/uploads\/2020\/02\/logo120.png","contentUrl":"https:\/\/jornalfatosenoticias.com.br\/wp-content\/uploads\/2020\/02\/logo120.png","width":1227,"height":120,"caption":"Jornal Fatos e Not\u00edcias"},"image":{"@id":"https:\/\/jornalfatosenoticias.com.br\/#\/schema\/logo\/image\/"}},{"@type":"Person","@id":"https:\/\/jornalfatosenoticias.com.br\/#\/schema\/person\/d63837fa13ac8666eb9e74e0985d6f81","name":"Luzimara Fernandes","image":{"@type":"ImageObject","inLanguage":"pt-BR","@id":"https:\/\/jornalfatosenoticias.com.br\/#\/schema\/person\/image\/","url":"https:\/\/jornalfatosenoticias.com.br\/wp-content\/uploads\/2025\/05\/EU_portal.jpg","contentUrl":"https:\/\/jornalfatosenoticias.com.br\/wp-content\/uploads\/2025\/05\/EU_portal.jpg","caption":"Luzimara Fernandes"},"description":"Jornalista MTB 2358-ES","sameAs":["https:\/\/jornalfatosenoticias.com.br"],"url":"https:\/\/jornalfatosenoticias.com.br\/index.php\/author\/luzimara\/"}]}},"cc_featured_image_caption":{"caption_text":"(Foto: iStock) ","source_text":"","source_url":""},"jetpack_featured_media_url":"https:\/\/jornalfatosenoticias.com.br\/wp-content\/uploads\/2024\/10\/impostos_istock.jpg","_links":{"self":[{"href":"https:\/\/jornalfatosenoticias.com.br\/index.php\/wp-json\/wp\/v2\/posts\/54724","targetHints":{"allow":["GET"]}}],"collection":[{"href":"https:\/\/jornalfatosenoticias.com.br\/index.php\/wp-json\/wp\/v2\/posts"}],"about":[{"href":"https:\/\/jornalfatosenoticias.com.br\/index.php\/wp-json\/wp\/v2\/types\/post"}],"author":[{"embeddable":true,"href":"https:\/\/jornalfatosenoticias.com.br\/index.php\/wp-json\/wp\/v2\/users\/2"}],"replies":[{"embeddable":true,"href":"https:\/\/jornalfatosenoticias.com.br\/index.php\/wp-json\/wp\/v2\/comments?post=54724"}],"version-history":[{"count":0,"href":"https:\/\/jornalfatosenoticias.com.br\/index.php\/wp-json\/wp\/v2\/posts\/54724\/revisions"}],"wp:featuredmedia":[{"embeddable":true,"href":"https:\/\/jornalfatosenoticias.com.br\/index.php\/wp-json\/wp\/v2\/media\/54725"}],"wp:attachment":[{"href":"https:\/\/jornalfatosenoticias.com.br\/index.php\/wp-json\/wp\/v2\/media?parent=54724"}],"wp:term":[{"taxonomy":"category","embeddable":true,"href":"https:\/\/jornalfatosenoticias.com.br\/index.php\/wp-json\/wp\/v2\/categories?post=54724"},{"taxonomy":"post_tag","embeddable":true,"href":"https:\/\/jornalfatosenoticias.com.br\/index.php\/wp-json\/wp\/v2\/tags?post=54724"}],"curies":[{"name":"wp","href":"https:\/\/api.w.org\/{rel}","templated":true}]}}