{"id":54754,"date":"2024-10-08T09:15:42","date_gmt":"2024-10-08T12:15:42","guid":{"rendered":"https:\/\/jornalfatosenoticias.com.br\/?p=54754"},"modified":"2024-10-08T09:15:44","modified_gmt":"2024-10-08T12:15:44","slug":"encontrado-navio-fantasma-de-1946-desaparecido-no-oceano-pacifico","status":"publish","type":"post","link":"https:\/\/jornalfatosenoticias.com.br\/index.php\/2024\/10\/08\/encontrado-navio-fantasma-de-1946-desaparecido-no-oceano-pacifico\/","title":{"rendered":"Encontrado \u201cnavio fantasma\u201d de 1946 desaparecido no Oceano Pac\u00edfico"},"content":{"rendered":"\n<p><em><span class=\"has-inline-color has-black-color\">Ap\u00f3s 78 anos, empresa encontra navio de guerra preservado na Calif\u00f3rnia<\/span><\/em><\/p>\n\n\n\n<p><span class=\"has-inline-color has-black-color\">Por <strong><a href=\"https:\/\/gizmodo.uol.com.br\/author\/isabela-oliveira\/\">Isabela Oliveira<\/a><\/strong><\/span><\/p>\n\n\n\n<div class=\"wp-block-image\"><figure class=\"aligncenter size-large\"><a href=\"https:\/\/mizu.com.br\/\"><img loading=\"lazy\" decoding=\"async\" width=\"729\" height=\"90\" src=\"https:\/\/jornalfatosenoticias.com.br\/wp-content\/uploads\/2020\/02\/Logo_Mizu.png\" alt=\"\" class=\"wp-image-1441\" srcset=\"https:\/\/jornalfatosenoticias.com.br\/wp-content\/uploads\/2020\/02\/Logo_Mizu.png 729w, https:\/\/jornalfatosenoticias.com.br\/wp-content\/uploads\/2020\/02\/Logo_Mizu-300x37.png 300w\" sizes=\"auto, (max-width: 729px) 100vw, 729px\" \/><\/a><\/figure><\/div>\n\n\n\n<p>Ap\u00f3s 78 anos, investigadores do estado norte-americano da Calif\u00f3rnia encontraram destro\u00e7os do chamado \u201cNavio Fantasma do Pac\u00edfico\u201d, contratorpedeiro da <a href=\"https:\/\/gizmodo.uol.com.br\/marinha-dos-eua-acha-antena-da-starlink-escondida-em-navio-de-guerra\/\">Marinha dos Estados Unidos<\/a>. A pr\u00f3pria Marinha do pa\u00eds afundou o chamado USS Stewart durante um exerc\u00edcio militar, em maio de 1946.<br>A Air Sea Heritage Foundation e a Search Inc, envolvidas na investiga\u00e7\u00e3o, revelaram na \u00faltima ter\u00e7a-feira (1.\u00ba) que o navio estava a 1.036 metros abaixo da superf\u00edcie do oceano. Tr\u00eas AUVs (ve\u00edculos submarinos aut\u00f4nomos) fizeram a descoberta. A Ocean Infinity implantou os ve\u00edculos, que escanearam o fundo do <a href=\"https:\/\/gizmodo.uol.com.br\/reservas-submarinas-agua-doce\/\">oceano<\/a> no Santu\u00e1rio Marinho Nacional de Cordell Bank em 1.\u00ba de agosto.<\/p>\n\n\n\n<div class=\"wp-block-image\"><figure class=\"aligncenter size-large is-resized\"><a href=\"https:\/\/www.instagram.com\/restaurantepegoretti\/\"><img loading=\"lazy\" decoding=\"async\" src=\"https:\/\/jornalfatosenoticias.com.br\/wp-content\/uploads\/2023\/12\/pegoretti-logo-pdf-1024x389.jpg\" alt=\"\" class=\"wp-image-47536\" width=\"361\" height=\"137\" srcset=\"https:\/\/jornalfatosenoticias.com.br\/wp-content\/uploads\/2023\/12\/pegoretti-logo-pdf-1024x389.jpg 1024w, https:\/\/jornalfatosenoticias.com.br\/wp-content\/uploads\/2023\/12\/pegoretti-logo-pdf-300x114.jpg 300w, https:\/\/jornalfatosenoticias.com.br\/wp-content\/uploads\/2023\/12\/pegoretti-logo-pdf-768x291.jpg 768w, https:\/\/jornalfatosenoticias.com.br\/wp-content\/uploads\/2023\/12\/pegoretti-logo-pdf.jpg 1120w\" sizes=\"auto, (max-width: 361px) 100vw, 361px\" \/><\/a><\/figure><\/div>\n\n\n\n<p>De acordo com comunicado, o <a href=\"https:\/\/gizmodo.uol.com.br\/navio-5x-maior-do-que-o-titanic-se-prepara-para-viagem-inaugural\/\">navio<\/a> de 1920 \u00e9 \u201cpotencialmente um dos exemplos mais bem preservados de um contratorpedeiro \u2018fourstacker\u2019 da Marinha dos EUA\u201d. Isso porque seu n\u00edvel de preserva\u00e7\u00e3o \u201c\u00e9 excepcional para um navio de sua idade\u201d.<\/p>\n\n\n\n<div class=\"wp-block-image\"><figure class=\"aligncenter size-large is-resized\"><img loading=\"lazy\" decoding=\"async\" src=\"https:\/\/jornalfatosenoticias.com.br\/wp-content\/uploads\/2022\/02\/Precisao-Contabilidade-1024x724.jpg\" alt=\"\" class=\"wp-image-28088\" width=\"280\" height=\"198\"\/><\/figure><\/div>\n\n\n\n<blockquote class=\"wp-block-quote is-layout-flow wp-block-quote-is-layout-flow\"><p><span class=\"has-inline-color has-luminous-vivid-orange-color\">As varreduras preliminares do sonar revelaram que o Stewart est\u00e1 praticamente intacto e que seu casco \u2014 que continua elegante e imponente \u2014 repousa quase verticalmente no fundo do mar\u201d, disse o comunicado (via CNN).<\/span><\/p><\/blockquote>\n\n\n\n<div class=\"wp-block-image\"><figure class=\"aligncenter size-large is-resized\"><a href=\"https:\/\/panper.com.br\/\"><img loading=\"lazy\" decoding=\"async\" src=\"https:\/\/jornalfatosenoticias.com.br\/wp-content\/uploads\/2023\/03\/logo-Panper_portal.jpg\" alt=\"\" class=\"wp-image-40208\" width=\"287\" height=\"199\" srcset=\"https:\/\/jornalfatosenoticias.com.br\/wp-content\/uploads\/2023\/03\/logo-Panper_portal.jpg 400w, https:\/\/jornalfatosenoticias.com.br\/wp-content\/uploads\/2023\/03\/logo-Panper_portal-300x208.jpg 300w\" sizes=\"auto, (max-width: 287px) 100vw, 287px\" \/><\/a><\/figure><\/div>\n\n\n\n<p>Al\u00e9m de usar dados de sonar e ecobat\u00edmetro multifeixe, a equipe enviou um ve\u00edculo operado remotamente com uma c\u00e2mera a fim de realizar uma inspe\u00e7\u00e3o visual.<\/p>\n\n\n\n<div class=\"wp-block-image\"><figure class=\"aligncenter size-large\"><img loading=\"lazy\" decoding=\"async\" width=\"1000\" height=\"552\" src=\"https:\/\/jornalfatosenoticias.com.br\/wp-content\/uploads\/2024\/10\/destrocos-navio-fantasma.jpg\" alt=\"\" class=\"wp-image-54755\" srcset=\"https:\/\/jornalfatosenoticias.com.br\/wp-content\/uploads\/2024\/10\/destrocos-navio-fantasma.jpg 1000w, https:\/\/jornalfatosenoticias.com.br\/wp-content\/uploads\/2024\/10\/destrocos-navio-fantasma-300x166.jpg 300w, https:\/\/jornalfatosenoticias.com.br\/wp-content\/uploads\/2024\/10\/destrocos-navio-fantasma-768x424.jpg 768w\" sizes=\"auto, (max-width: 1000px) 100vw, 1000px\" \/><figcaption><em><span class=\"has-inline-color has-black-color\">Destro\u00e7os navio fantasma (Foto: Ocean Infinity)<\/span><\/em><\/figcaption><\/figure><\/div>\n\n\n\n<p><strong><span class=\"has-inline-color has-black-color\">Hist\u00f3ria do navio fantasma<br><\/span><\/strong>Durante combate, for\u00e7as japonesas danificaram o navio em 1942, durante a Segunda Guerra Mundial. Capturado pelo inimigo, se tornou o Barco Patrulha n\u00ba 102 da Marinha Imperial <a href=\"https:\/\/gizmodo.uol.com.br\/heranca-da-guerra-bomba-dos-eua-explode-no-japao-quase-80-anos-depois\/\">Japonesa<\/a>. Os relatos entre os pilotos aliados de um contratorpedeiro americano com as cores japonesas resultou no apelido de \u201cNavio Fantasma do Pac\u00edfico\u201d.<\/p>\n\n\n\n<div class=\"wp-block-image\"><figure class=\"aligncenter size-large\"><a href=\"https:\/\/www.instagram.com\/esteiochurrascaria\/\"><img decoding=\"async\" src=\"https:\/\/jornalfatosenoticias.com.br\/wp-content\/uploads\/2020\/02\/logo_esteio.jpg\" alt=\"\" class=\"wp-image-1214\"\/><\/a><\/figure><\/div>\n\n\n\n<blockquote class=\"wp-block-quote is-layout-flow wp-block-quote-is-layout-flow\"><p><span class=\"has-inline-color has-luminous-vivid-orange-color\">Logo, pilotos aliados de longo alcance come\u00e7aram a relatar a estranha vis\u00e3o de um velho contratorpedeiro americano operando bem atr\u00e1s das linhas inimigas\u201d, explica o comunicado. \u201cFoi somente quando o Stewart foi encontrado flutuando em Kure, no Jap\u00e3o, no final da guerra, que o mist\u00e9rio do <a href=\"https:\/\/gizmodo.uol.com.br\/colombia-mostra-o-tesouro-bilionario-do-navio-san-jose-naufragado-em-1708\/\">navio fantasma<\/a> do Pac\u00edfico foi finalmente resolvido\u201d.<\/span><\/p><\/blockquote>\n\n\n\n<div class=\"wp-block-image\"><figure class=\"aligncenter size-large\"><a href=\"http:\/\/www.ferrarimaquinas.com.br\/\"><img loading=\"lazy\" decoding=\"async\" width=\"300\" height=\"250\" src=\"https:\/\/jornalfatosenoticias.com.br\/wp-content\/uploads\/2022\/02\/FERRARI_MAQUINAS-E-FERRAMENTAS2.jpg\" alt=\"\" class=\"wp-image-27860\"\/><\/a><\/figure><\/div>\n\n\n\n<p>Posteriormente, os EUA rebocaram para S\u00e3o Francisco antes de se tornar um navio-alvo em um exerc\u00edcio naval. Assim, afundou ap\u00f3s absorver fogo por mais de duas horas.<\/p>\n\n\n\n<p><strong><em>Fonte: <a href=\"https:\/\/gizmodo.uol.com.br\/encontrado-navio-fantasma-de-1946-desaparecido-no-oceano-pacifico\/\">Giz Brasil<\/a><\/em><\/strong><\/p>\n","protected":false},"excerpt":{"rendered":"<p>Ap\u00f3s 78 anos, empresa encontra navio de guerra preservado na Calif\u00f3rnia Por Isabela Oliveira Ap\u00f3s 78 anos, investigadores do estado norte-americano da Calif\u00f3rnia encontraram destro\u00e7os do chamado \u201cNavio Fantasma do Pac\u00edfico\u201d, contratorpedeiro da Marinha dos Estados Unidos. A pr\u00f3pria Marinha do pa\u00eds afundou o chamado USS Stewart durante um exerc\u00edcio militar, em maio de 1946.A [&hellip;]<\/p>\n","protected":false},"author":2,"featured_media":54756,"comment_status":"open","ping_status":"open","sticky":false,"template":"","format":"standard","meta":{"footnotes":""},"categories":[41],"tags":[159,24953,24954,24952],"class_list":["post-54754","post","type-post","status-publish","format-standard","has-post-thumbnail","hentry","category-internacional","tag-eua","tag-navio-afundado","tag-navio-de-guerra","tag-navio-fantasma"],"yoast_head":"<!-- This site is optimized with the Yoast SEO plugin v26.5 - https:\/\/yoast.com\/wordpress\/plugins\/seo\/ -->\n<title>Encontrado \u201cnavio fantasma\u201d de 1946 desaparecido no Oceano Pac\u00edfico - Jornal Fatos e Not\u00edcias<\/title>\n<meta name=\"robots\" content=\"index, follow, max-snippet:-1, max-image-preview:large, max-video-preview:-1\" \/>\n<link rel=\"canonical\" href=\"https:\/\/jornalfatosenoticias.com.br\/index.php\/2024\/10\/08\/encontrado-navio-fantasma-de-1946-desaparecido-no-oceano-pacifico\/\" \/>\n<meta property=\"og:locale\" content=\"pt_BR\" \/>\n<meta property=\"og:type\" content=\"article\" \/>\n<meta property=\"og:title\" content=\"Encontrado \u201cnavio fantasma\u201d de 1946 desaparecido no Oceano Pac\u00edfico - Jornal Fatos e Not\u00edcias\" \/>\n<meta property=\"og:description\" content=\"Ap\u00f3s 78 anos, empresa encontra navio de guerra preservado na Calif\u00f3rnia Por Isabela Oliveira Ap\u00f3s 78 anos, investigadores do estado norte-americano da Calif\u00f3rnia encontraram destro\u00e7os do chamado \u201cNavio Fantasma do Pac\u00edfico\u201d, contratorpedeiro da Marinha dos Estados Unidos. A pr\u00f3pria Marinha do pa\u00eds afundou o chamado USS Stewart durante um exerc\u00edcio militar, em maio de 1946.A [&hellip;]\" \/>\n<meta property=\"og:url\" content=\"https:\/\/jornalfatosenoticias.com.br\/index.php\/2024\/10\/08\/encontrado-navio-fantasma-de-1946-desaparecido-no-oceano-pacifico\/\" \/>\n<meta property=\"og:site_name\" content=\"Jornal Fatos e Not\u00edcias\" \/>\n<meta property=\"article:published_time\" content=\"2024-10-08T12:15:42+00:00\" \/>\n<meta property=\"article:modified_time\" content=\"2024-10-08T12:15:44+00:00\" \/>\n<meta property=\"og:image\" content=\"https:\/\/jornalfatosenoticias.com.br\/wp-content\/uploads\/2024\/10\/navio-fantasma.jpg\" \/>\n\t<meta property=\"og:image:width\" content=\"1000\" \/>\n\t<meta property=\"og:image:height\" content=\"628\" \/>\n\t<meta property=\"og:image:type\" content=\"image\/jpeg\" \/>\n<meta name=\"author\" content=\"Luzimara Fernandes\" \/>\n<meta name=\"twitter:card\" content=\"summary_large_image\" \/>\n<meta name=\"twitter:label1\" content=\"Escrito por\" \/>\n\t<meta name=\"twitter:data1\" content=\"Luzimara Fernandes\" \/>\n\t<meta name=\"twitter:label2\" content=\"Est. tempo de leitura\" \/>\n\t<meta name=\"twitter:data2\" content=\"2 minutos\" \/>\n<script type=\"application\/ld+json\" class=\"yoast-schema-graph\">{\"@context\":\"https:\/\/schema.org\",\"@graph\":[{\"@type\":\"Article\",\"@id\":\"https:\/\/jornalfatosenoticias.com.br\/index.php\/2024\/10\/08\/encontrado-navio-fantasma-de-1946-desaparecido-no-oceano-pacifico\/#article\",\"isPartOf\":{\"@id\":\"https:\/\/jornalfatosenoticias.com.br\/index.php\/2024\/10\/08\/encontrado-navio-fantasma-de-1946-desaparecido-no-oceano-pacifico\/\"},\"author\":{\"name\":\"Luzimara Fernandes\",\"@id\":\"https:\/\/jornalfatosenoticias.com.br\/#\/schema\/person\/d63837fa13ac8666eb9e74e0985d6f81\"},\"headline\":\"Encontrado \u201cnavio fantasma\u201d de 1946 desaparecido no Oceano Pac\u00edfico\",\"datePublished\":\"2024-10-08T12:15:42+00:00\",\"dateModified\":\"2024-10-08T12:15:44+00:00\",\"mainEntityOfPage\":{\"@id\":\"https:\/\/jornalfatosenoticias.com.br\/index.php\/2024\/10\/08\/encontrado-navio-fantasma-de-1946-desaparecido-no-oceano-pacifico\/\"},\"wordCount\":390,\"commentCount\":0,\"publisher\":{\"@id\":\"https:\/\/jornalfatosenoticias.com.br\/#organization\"},\"image\":{\"@id\":\"https:\/\/jornalfatosenoticias.com.br\/index.php\/2024\/10\/08\/encontrado-navio-fantasma-de-1946-desaparecido-no-oceano-pacifico\/#primaryimage\"},\"thumbnailUrl\":\"https:\/\/jornalfatosenoticias.com.br\/wp-content\/uploads\/2024\/10\/navio-fantasma.jpg\",\"keywords\":[\"EUA\",\"navio afundado\",\"navio de guerra\",\"navio fantasma\"],\"articleSection\":[\"Internacional\"],\"inLanguage\":\"pt-BR\",\"potentialAction\":[{\"@type\":\"CommentAction\",\"name\":\"Comment\",\"target\":[\"https:\/\/jornalfatosenoticias.com.br\/index.php\/2024\/10\/08\/encontrado-navio-fantasma-de-1946-desaparecido-no-oceano-pacifico\/#respond\"]}]},{\"@type\":\"WebPage\",\"@id\":\"https:\/\/jornalfatosenoticias.com.br\/index.php\/2024\/10\/08\/encontrado-navio-fantasma-de-1946-desaparecido-no-oceano-pacifico\/\",\"url\":\"https:\/\/jornalfatosenoticias.com.br\/index.php\/2024\/10\/08\/encontrado-navio-fantasma-de-1946-desaparecido-no-oceano-pacifico\/\",\"name\":\"Encontrado \u201cnavio fantasma\u201d de 1946 desaparecido no Oceano Pac\u00edfico - Jornal Fatos e Not\u00edcias\",\"isPartOf\":{\"@id\":\"https:\/\/jornalfatosenoticias.com.br\/#website\"},\"primaryImageOfPage\":{\"@id\":\"https:\/\/jornalfatosenoticias.com.br\/index.php\/2024\/10\/08\/encontrado-navio-fantasma-de-1946-desaparecido-no-oceano-pacifico\/#primaryimage\"},\"image\":{\"@id\":\"https:\/\/jornalfatosenoticias.com.br\/index.php\/2024\/10\/08\/encontrado-navio-fantasma-de-1946-desaparecido-no-oceano-pacifico\/#primaryimage\"},\"thumbnailUrl\":\"https:\/\/jornalfatosenoticias.com.br\/wp-content\/uploads\/2024\/10\/navio-fantasma.jpg\",\"datePublished\":\"2024-10-08T12:15:42+00:00\",\"dateModified\":\"2024-10-08T12:15:44+00:00\",\"breadcrumb\":{\"@id\":\"https:\/\/jornalfatosenoticias.com.br\/index.php\/2024\/10\/08\/encontrado-navio-fantasma-de-1946-desaparecido-no-oceano-pacifico\/#breadcrumb\"},\"inLanguage\":\"pt-BR\",\"potentialAction\":[{\"@type\":\"ReadAction\",\"target\":[\"https:\/\/jornalfatosenoticias.com.br\/index.php\/2024\/10\/08\/encontrado-navio-fantasma-de-1946-desaparecido-no-oceano-pacifico\/\"]}]},{\"@type\":\"ImageObject\",\"inLanguage\":\"pt-BR\",\"@id\":\"https:\/\/jornalfatosenoticias.com.br\/index.php\/2024\/10\/08\/encontrado-navio-fantasma-de-1946-desaparecido-no-oceano-pacifico\/#primaryimage\",\"url\":\"https:\/\/jornalfatosenoticias.com.br\/wp-content\/uploads\/2024\/10\/navio-fantasma.jpg\",\"contentUrl\":\"https:\/\/jornalfatosenoticias.com.br\/wp-content\/uploads\/2024\/10\/navio-fantasma.jpg\",\"width\":1000,\"height\":628},{\"@type\":\"BreadcrumbList\",\"@id\":\"https:\/\/jornalfatosenoticias.com.br\/index.php\/2024\/10\/08\/encontrado-navio-fantasma-de-1946-desaparecido-no-oceano-pacifico\/#breadcrumb\",\"itemListElement\":[{\"@type\":\"ListItem\",\"position\":1,\"name\":\"In\u00edcio\",\"item\":\"https:\/\/jornalfatosenoticias.com.br\/\"},{\"@type\":\"ListItem\",\"position\":2,\"name\":\"Encontrado \u201cnavio fantasma\u201d de 1946 desaparecido no Oceano Pac\u00edfico\"}]},{\"@type\":\"WebSite\",\"@id\":\"https:\/\/jornalfatosenoticias.com.br\/#website\",\"url\":\"https:\/\/jornalfatosenoticias.com.br\/\",\"name\":\"Jornal Fatos e Not\u00edcias\",\"description\":\"Not\u00edcias em geral\",\"publisher\":{\"@id\":\"https:\/\/jornalfatosenoticias.com.br\/#organization\"},\"potentialAction\":[{\"@type\":\"SearchAction\",\"target\":{\"@type\":\"EntryPoint\",\"urlTemplate\":\"https:\/\/jornalfatosenoticias.com.br\/?s={search_term_string}\"},\"query-input\":{\"@type\":\"PropertyValueSpecification\",\"valueRequired\":true,\"valueName\":\"search_term_string\"}}],\"inLanguage\":\"pt-BR\"},{\"@type\":\"Organization\",\"@id\":\"https:\/\/jornalfatosenoticias.com.br\/#organization\",\"name\":\"Jornal Fatos e Not\u00edcias\",\"url\":\"https:\/\/jornalfatosenoticias.com.br\/\",\"logo\":{\"@type\":\"ImageObject\",\"inLanguage\":\"pt-BR\",\"@id\":\"https:\/\/jornalfatosenoticias.com.br\/#\/schema\/logo\/image\/\",\"url\":\"https:\/\/jornalfatosenoticias.com.br\/wp-content\/uploads\/2020\/02\/logo120.png\",\"contentUrl\":\"https:\/\/jornalfatosenoticias.com.br\/wp-content\/uploads\/2020\/02\/logo120.png\",\"width\":1227,\"height\":120,\"caption\":\"Jornal Fatos e Not\u00edcias\"},\"image\":{\"@id\":\"https:\/\/jornalfatosenoticias.com.br\/#\/schema\/logo\/image\/\"}},{\"@type\":\"Person\",\"@id\":\"https:\/\/jornalfatosenoticias.com.br\/#\/schema\/person\/d63837fa13ac8666eb9e74e0985d6f81\",\"name\":\"Luzimara Fernandes\",\"image\":{\"@type\":\"ImageObject\",\"inLanguage\":\"pt-BR\",\"@id\":\"https:\/\/jornalfatosenoticias.com.br\/#\/schema\/person\/image\/\",\"url\":\"https:\/\/jornalfatosenoticias.com.br\/wp-content\/uploads\/2025\/05\/EU_portal.jpg\",\"contentUrl\":\"https:\/\/jornalfatosenoticias.com.br\/wp-content\/uploads\/2025\/05\/EU_portal.jpg\",\"caption\":\"Luzimara Fernandes\"},\"description\":\"Jornalista MTB 2358-ES\",\"sameAs\":[\"https:\/\/jornalfatosenoticias.com.br\"],\"url\":\"https:\/\/jornalfatosenoticias.com.br\/index.php\/author\/luzimara\/\"}]}<\/script>\n<!-- \/ Yoast SEO plugin. -->","yoast_head_json":{"title":"Encontrado \u201cnavio fantasma\u201d de 1946 desaparecido no Oceano Pac\u00edfico - Jornal Fatos e Not\u00edcias","robots":{"index":"index","follow":"follow","max-snippet":"max-snippet:-1","max-image-preview":"max-image-preview:large","max-video-preview":"max-video-preview:-1"},"canonical":"https:\/\/jornalfatosenoticias.com.br\/index.php\/2024\/10\/08\/encontrado-navio-fantasma-de-1946-desaparecido-no-oceano-pacifico\/","og_locale":"pt_BR","og_type":"article","og_title":"Encontrado \u201cnavio fantasma\u201d de 1946 desaparecido no Oceano Pac\u00edfico - Jornal Fatos e Not\u00edcias","og_description":"Ap\u00f3s 78 anos, empresa encontra navio de guerra preservado na Calif\u00f3rnia Por Isabela Oliveira Ap\u00f3s 78 anos, investigadores do estado norte-americano da Calif\u00f3rnia encontraram destro\u00e7os do chamado \u201cNavio Fantasma do Pac\u00edfico\u201d, contratorpedeiro da Marinha dos Estados Unidos. A pr\u00f3pria Marinha do pa\u00eds afundou o chamado USS Stewart durante um exerc\u00edcio militar, em maio de 1946.A [&hellip;]","og_url":"https:\/\/jornalfatosenoticias.com.br\/index.php\/2024\/10\/08\/encontrado-navio-fantasma-de-1946-desaparecido-no-oceano-pacifico\/","og_site_name":"Jornal Fatos e Not\u00edcias","article_published_time":"2024-10-08T12:15:42+00:00","article_modified_time":"2024-10-08T12:15:44+00:00","og_image":[{"width":1000,"height":628,"url":"https:\/\/jornalfatosenoticias.com.br\/wp-content\/uploads\/2024\/10\/navio-fantasma.jpg","type":"image\/jpeg"}],"author":"Luzimara Fernandes","twitter_card":"summary_large_image","twitter_misc":{"Escrito por":"Luzimara Fernandes","Est. tempo de leitura":"2 minutos"},"schema":{"@context":"https:\/\/schema.org","@graph":[{"@type":"Article","@id":"https:\/\/jornalfatosenoticias.com.br\/index.php\/2024\/10\/08\/encontrado-navio-fantasma-de-1946-desaparecido-no-oceano-pacifico\/#article","isPartOf":{"@id":"https:\/\/jornalfatosenoticias.com.br\/index.php\/2024\/10\/08\/encontrado-navio-fantasma-de-1946-desaparecido-no-oceano-pacifico\/"},"author":{"name":"Luzimara Fernandes","@id":"https:\/\/jornalfatosenoticias.com.br\/#\/schema\/person\/d63837fa13ac8666eb9e74e0985d6f81"},"headline":"Encontrado \u201cnavio fantasma\u201d de 1946 desaparecido no Oceano Pac\u00edfico","datePublished":"2024-10-08T12:15:42+00:00","dateModified":"2024-10-08T12:15:44+00:00","mainEntityOfPage":{"@id":"https:\/\/jornalfatosenoticias.com.br\/index.php\/2024\/10\/08\/encontrado-navio-fantasma-de-1946-desaparecido-no-oceano-pacifico\/"},"wordCount":390,"commentCount":0,"publisher":{"@id":"https:\/\/jornalfatosenoticias.com.br\/#organization"},"image":{"@id":"https:\/\/jornalfatosenoticias.com.br\/index.php\/2024\/10\/08\/encontrado-navio-fantasma-de-1946-desaparecido-no-oceano-pacifico\/#primaryimage"},"thumbnailUrl":"https:\/\/jornalfatosenoticias.com.br\/wp-content\/uploads\/2024\/10\/navio-fantasma.jpg","keywords":["EUA","navio afundado","navio de guerra","navio fantasma"],"articleSection":["Internacional"],"inLanguage":"pt-BR","potentialAction":[{"@type":"CommentAction","name":"Comment","target":["https:\/\/jornalfatosenoticias.com.br\/index.php\/2024\/10\/08\/encontrado-navio-fantasma-de-1946-desaparecido-no-oceano-pacifico\/#respond"]}]},{"@type":"WebPage","@id":"https:\/\/jornalfatosenoticias.com.br\/index.php\/2024\/10\/08\/encontrado-navio-fantasma-de-1946-desaparecido-no-oceano-pacifico\/","url":"https:\/\/jornalfatosenoticias.com.br\/index.php\/2024\/10\/08\/encontrado-navio-fantasma-de-1946-desaparecido-no-oceano-pacifico\/","name":"Encontrado \u201cnavio fantasma\u201d de 1946 desaparecido no Oceano Pac\u00edfico - Jornal Fatos e Not\u00edcias","isPartOf":{"@id":"https:\/\/jornalfatosenoticias.com.br\/#website"},"primaryImageOfPage":{"@id":"https:\/\/jornalfatosenoticias.com.br\/index.php\/2024\/10\/08\/encontrado-navio-fantasma-de-1946-desaparecido-no-oceano-pacifico\/#primaryimage"},"image":{"@id":"https:\/\/jornalfatosenoticias.com.br\/index.php\/2024\/10\/08\/encontrado-navio-fantasma-de-1946-desaparecido-no-oceano-pacifico\/#primaryimage"},"thumbnailUrl":"https:\/\/jornalfatosenoticias.com.br\/wp-content\/uploads\/2024\/10\/navio-fantasma.jpg","datePublished":"2024-10-08T12:15:42+00:00","dateModified":"2024-10-08T12:15:44+00:00","breadcrumb":{"@id":"https:\/\/jornalfatosenoticias.com.br\/index.php\/2024\/10\/08\/encontrado-navio-fantasma-de-1946-desaparecido-no-oceano-pacifico\/#breadcrumb"},"inLanguage":"pt-BR","potentialAction":[{"@type":"ReadAction","target":["https:\/\/jornalfatosenoticias.com.br\/index.php\/2024\/10\/08\/encontrado-navio-fantasma-de-1946-desaparecido-no-oceano-pacifico\/"]}]},{"@type":"ImageObject","inLanguage":"pt-BR","@id":"https:\/\/jornalfatosenoticias.com.br\/index.php\/2024\/10\/08\/encontrado-navio-fantasma-de-1946-desaparecido-no-oceano-pacifico\/#primaryimage","url":"https:\/\/jornalfatosenoticias.com.br\/wp-content\/uploads\/2024\/10\/navio-fantasma.jpg","contentUrl":"https:\/\/jornalfatosenoticias.com.br\/wp-content\/uploads\/2024\/10\/navio-fantasma.jpg","width":1000,"height":628},{"@type":"BreadcrumbList","@id":"https:\/\/jornalfatosenoticias.com.br\/index.php\/2024\/10\/08\/encontrado-navio-fantasma-de-1946-desaparecido-no-oceano-pacifico\/#breadcrumb","itemListElement":[{"@type":"ListItem","position":1,"name":"In\u00edcio","item":"https:\/\/jornalfatosenoticias.com.br\/"},{"@type":"ListItem","position":2,"name":"Encontrado \u201cnavio fantasma\u201d de 1946 desaparecido no Oceano Pac\u00edfico"}]},{"@type":"WebSite","@id":"https:\/\/jornalfatosenoticias.com.br\/#website","url":"https:\/\/jornalfatosenoticias.com.br\/","name":"Jornal Fatos e Not\u00edcias","description":"Not\u00edcias em geral","publisher":{"@id":"https:\/\/jornalfatosenoticias.com.br\/#organization"},"potentialAction":[{"@type":"SearchAction","target":{"@type":"EntryPoint","urlTemplate":"https:\/\/jornalfatosenoticias.com.br\/?s={search_term_string}"},"query-input":{"@type":"PropertyValueSpecification","valueRequired":true,"valueName":"search_term_string"}}],"inLanguage":"pt-BR"},{"@type":"Organization","@id":"https:\/\/jornalfatosenoticias.com.br\/#organization","name":"Jornal Fatos e Not\u00edcias","url":"https:\/\/jornalfatosenoticias.com.br\/","logo":{"@type":"ImageObject","inLanguage":"pt-BR","@id":"https:\/\/jornalfatosenoticias.com.br\/#\/schema\/logo\/image\/","url":"https:\/\/jornalfatosenoticias.com.br\/wp-content\/uploads\/2020\/02\/logo120.png","contentUrl":"https:\/\/jornalfatosenoticias.com.br\/wp-content\/uploads\/2020\/02\/logo120.png","width":1227,"height":120,"caption":"Jornal Fatos e Not\u00edcias"},"image":{"@id":"https:\/\/jornalfatosenoticias.com.br\/#\/schema\/logo\/image\/"}},{"@type":"Person","@id":"https:\/\/jornalfatosenoticias.com.br\/#\/schema\/person\/d63837fa13ac8666eb9e74e0985d6f81","name":"Luzimara Fernandes","image":{"@type":"ImageObject","inLanguage":"pt-BR","@id":"https:\/\/jornalfatosenoticias.com.br\/#\/schema\/person\/image\/","url":"https:\/\/jornalfatosenoticias.com.br\/wp-content\/uploads\/2025\/05\/EU_portal.jpg","contentUrl":"https:\/\/jornalfatosenoticias.com.br\/wp-content\/uploads\/2025\/05\/EU_portal.jpg","caption":"Luzimara Fernandes"},"description":"Jornalista MTB 2358-ES","sameAs":["https:\/\/jornalfatosenoticias.com.br"],"url":"https:\/\/jornalfatosenoticias.com.br\/index.php\/author\/luzimara\/"}]}},"cc_featured_image_caption":{"caption_text":"(Foto: Wikimedia Commons\/Reprodu\u00e7\u00e3o) ","source_text":"","source_url":""},"jetpack_featured_media_url":"https:\/\/jornalfatosenoticias.com.br\/wp-content\/uploads\/2024\/10\/navio-fantasma.jpg","_links":{"self":[{"href":"https:\/\/jornalfatosenoticias.com.br\/index.php\/wp-json\/wp\/v2\/posts\/54754","targetHints":{"allow":["GET"]}}],"collection":[{"href":"https:\/\/jornalfatosenoticias.com.br\/index.php\/wp-json\/wp\/v2\/posts"}],"about":[{"href":"https:\/\/jornalfatosenoticias.com.br\/index.php\/wp-json\/wp\/v2\/types\/post"}],"author":[{"embeddable":true,"href":"https:\/\/jornalfatosenoticias.com.br\/index.php\/wp-json\/wp\/v2\/users\/2"}],"replies":[{"embeddable":true,"href":"https:\/\/jornalfatosenoticias.com.br\/index.php\/wp-json\/wp\/v2\/comments?post=54754"}],"version-history":[{"count":0,"href":"https:\/\/jornalfatosenoticias.com.br\/index.php\/wp-json\/wp\/v2\/posts\/54754\/revisions"}],"wp:featuredmedia":[{"embeddable":true,"href":"https:\/\/jornalfatosenoticias.com.br\/index.php\/wp-json\/wp\/v2\/media\/54756"}],"wp:attachment":[{"href":"https:\/\/jornalfatosenoticias.com.br\/index.php\/wp-json\/wp\/v2\/media?parent=54754"}],"wp:term":[{"taxonomy":"category","embeddable":true,"href":"https:\/\/jornalfatosenoticias.com.br\/index.php\/wp-json\/wp\/v2\/categories?post=54754"},{"taxonomy":"post_tag","embeddable":true,"href":"https:\/\/jornalfatosenoticias.com.br\/index.php\/wp-json\/wp\/v2\/tags?post=54754"}],"curies":[{"name":"wp","href":"https:\/\/api.w.org\/{rel}","templated":true}]}}