{"id":54761,"date":"2024-10-08T09:44:25","date_gmt":"2024-10-08T12:44:25","guid":{"rendered":"https:\/\/jornalfatosenoticias.com.br\/?p=54761"},"modified":"2024-10-08T09:44:26","modified_gmt":"2024-10-08T12:44:26","slug":"para-inclui-acai-e-cupuacu-na-merenda-escolar","status":"publish","type":"post","link":"https:\/\/jornalfatosenoticias.com.br\/index.php\/2024\/10\/08\/para-inclui-acai-e-cupuacu-na-merenda-escolar\/","title":{"rendered":"Par\u00e1 inclui a\u00e7a\u00ed e cupua\u00e7u na merenda escolar"},"content":{"rendered":"\n<p><em><span class=\"has-inline-color has-black-color\">Iniciativa promove sa\u00fade e valoriza a identidade cultural com sabores da Amaz\u00f4nia<\/span><\/em><\/p>\n\n\n\n<p><span class=\"has-inline-color has-black-color\">Por <strong><a href=\"https:\/\/ciclovivo.com.br\/author\/marcia-sousa\/\">Marcia Sousa<\/a>\u00a0<\/strong><\/span><\/p>\n\n\n\n<div class=\"wp-block-image\"><figure class=\"aligncenter size-large\"><a href=\"http:\/\/www.ferrarimaquinas.com.br\/\"><img loading=\"lazy\" decoding=\"async\" width=\"1024\" height=\"100\" src=\"https:\/\/jornalfatosenoticias.com.br\/wp-content\/uploads\/2020\/02\/banner_ferramentas-1024x100.jpg\" alt=\"\" class=\"wp-image-1258\" srcset=\"https:\/\/jornalfatosenoticias.com.br\/wp-content\/uploads\/2020\/02\/banner_ferramentas-1024x100.jpg 1024w, https:\/\/jornalfatosenoticias.com.br\/wp-content\/uploads\/2020\/02\/banner_ferramentas-300x29.jpg 300w, https:\/\/jornalfatosenoticias.com.br\/wp-content\/uploads\/2020\/02\/banner_ferramentas-768x75.jpg 768w, https:\/\/jornalfatosenoticias.com.br\/wp-content\/uploads\/2020\/02\/banner_ferramentas.jpg 1227w\" sizes=\"auto, (max-width: 1024px) 100vw, 1024px\" \/><\/a><\/figure><\/div>\n\n\n\n<p>A alimenta\u00e7\u00e3o escolar \u00e9 um componente essencial no processo de ensino-aprendizagem. Mas, para al\u00e9m de fornecer nutrientes, as refei\u00e7\u00f5es podem refletir a diversidade dos sabores brasileiros. Esse \u00e9 o caso da Secretaria de Estado de Educa\u00e7\u00e3o do Par\u00e1 que, neste segundo semestre de 2024, inseriu frutas da Amaz\u00f4nia na merenda dos alunos da rede p\u00fablica estadual: o a\u00e7a\u00ed e o cupua\u00e7u.<br>Importante na cultura alimentar das comunidades amaz\u00f4nicas, o a\u00e7a\u00ed e o cupua\u00e7u geram oportunidades de renda e emprego. O emprego das frutas nativas nos card\u00e1pios escolares podem ajudar a promover o desenvolvimento das cadeias produtivas locais. Al\u00e9m disso, h\u00e1 o aspecto cultural.<\/p>\n\n\n\n<div class=\"wp-block-image\"><figure class=\"aligncenter size-large\"><a href=\"https:\/\/cesconetto.com.br\/\"><img loading=\"lazy\" decoding=\"async\" width=\"300\" height=\"250\" src=\"https:\/\/jornalfatosenoticias.com.br\/wp-content\/uploads\/2020\/02\/Banner-2.png\" alt=\"\" class=\"wp-image-43787\"\/><\/a><\/figure><\/div>\n\n\n\n<blockquote class=\"wp-block-quote is-layout-flow wp-block-quote-is-layout-flow\"><p><em><span class=\"has-inline-color has-luminous-vivid-orange-color\">Cada vez mais a gente quer buscar fornecedores do pr\u00f3prio Par\u00e1, para que a gente traga mais a\u00e7a\u00ed para dentro das escolas\u201d, destacou o secret\u00e1rio de Estado de Educa\u00e7\u00e3o, <strong>Rossieli Soares<\/strong>. \u201cA gente v\u00ea que os estudantes est\u00e3o numa festa querendo comer o a\u00e7a\u00ed. Nas escolas t\u00eam sido uma recep\u00e7\u00e3o muito grande, e faz parte do dia a dia, da cultura alimentar paraense, e isso \u00e9 muito importante\u201d.<\/span><\/em><\/p><\/blockquote>\n\n\n\n<div class=\"wp-block-image\"><figure class=\"aligncenter size-large is-resized\"><a href=\"https:\/\/panper.com.br\/\"><img loading=\"lazy\" decoding=\"async\" src=\"https:\/\/jornalfatosenoticias.com.br\/wp-content\/uploads\/2023\/03\/logo-Panper_portal.jpg\" alt=\"\" class=\"wp-image-40208\" width=\"308\" height=\"213\" srcset=\"https:\/\/jornalfatosenoticias.com.br\/wp-content\/uploads\/2023\/03\/logo-Panper_portal.jpg 400w, https:\/\/jornalfatosenoticias.com.br\/wp-content\/uploads\/2023\/03\/logo-Panper_portal-300x208.jpg 300w\" sizes=\"auto, (max-width: 308px) 100vw, 308px\" \/><\/a><\/figure><\/div>\n\n\n\n<p>O estudante do 2.\u00ba ano do ensino m\u00e9dio, Lucas Abreu, n\u00e3o esconde a empolga\u00e7\u00e3o de ter o a\u00e7a\u00ed na merenda escolar. <\/p>\n\n\n\n<div class=\"wp-block-image\"><figure class=\"aligncenter size-large\"><img loading=\"lazy\" decoding=\"async\" width=\"1000\" height=\"666\" src=\"https:\/\/jornalfatosenoticias.com.br\/wp-content\/uploads\/2024\/10\/acai-cupuacu-merenda-estudante.jpg\" alt=\"\" class=\"wp-image-54762\" srcset=\"https:\/\/jornalfatosenoticias.com.br\/wp-content\/uploads\/2024\/10\/acai-cupuacu-merenda-estudante.jpg 1000w, https:\/\/jornalfatosenoticias.com.br\/wp-content\/uploads\/2024\/10\/acai-cupuacu-merenda-estudante-300x200.jpg 300w, https:\/\/jornalfatosenoticias.com.br\/wp-content\/uploads\/2024\/10\/acai-cupuacu-merenda-estudante-768x511.jpg 768w\" sizes=\"auto, (max-width: 1000px) 100vw, 1000px\" \/><figcaption><em><span class=\"has-inline-color has-black-color\">Lucas Abreu (Foto: Ascom Seduc\/Divulga\u00e7\u00e3o)<\/span><\/em><\/figcaption><\/figure><\/div>\n\n\n\n<blockquote class=\"wp-block-quote is-layout-flow wp-block-quote-is-layout-flow\"><p><span class=\"has-inline-color has-luminous-vivid-orange-color\">Eu acho que \u00e9 um incentivo, tanto para mim quanto para os outros alunos, at\u00e9 porque \u00e9 uma comida da culin\u00e1ria paraense, e quem \u00e9 paraense raiz come s\u00f3 com a\u00e7a\u00ed. Eu vejo como algo muito bom para a gente que vem para a escola. Aqui temos comida boa, de qualidade\u201d, contou.<\/span><\/p><\/blockquote>\n\n\n\n<div class=\"wp-block-image\"><figure class=\"aligncenter size-large\"><img loading=\"lazy\" decoding=\"async\" width=\"1000\" height=\"666\" src=\"https:\/\/jornalfatosenoticias.com.br\/wp-content\/uploads\/2024\/10\/acai-cupuacu-merenda-3.jpg\" alt=\"\" class=\"wp-image-54764\" srcset=\"https:\/\/jornalfatosenoticias.com.br\/wp-content\/uploads\/2024\/10\/acai-cupuacu-merenda-3.jpg 1000w, https:\/\/jornalfatosenoticias.com.br\/wp-content\/uploads\/2024\/10\/acai-cupuacu-merenda-3-300x200.jpg 300w, https:\/\/jornalfatosenoticias.com.br\/wp-content\/uploads\/2024\/10\/acai-cupuacu-merenda-3-768x511.jpg 768w\" sizes=\"auto, (max-width: 1000px) 100vw, 1000px\" \/><figcaption><em><span class=\"has-inline-color has-black-color\">(Foto: Ascom Seduc\/Divulga\u00e7\u00e3o)<\/span><\/em><\/figcaption><\/figure><\/div>\n\n\n\n<p><strong><span class=\"has-inline-color has-vivid-purple-color\">Alimenta\u00e7\u00e3o saud\u00e1vel<br><\/span><\/strong>O componente da sa\u00fade est\u00e1 ainda entre os v\u00e1rios aspectos ben\u00e9ficos do a\u00e7a\u00ed e cupua\u00e7u. O a\u00e7a\u00ed \u00e9 rico em antioxidantes, especialmente antocianinas, que ajudam a combater os radicais livres e podem reduzir o risco de doen\u00e7as cr\u00f4nicas. Tamb\u00e9m cont\u00e9m \u00e1cidos graxos saud\u00e1veis, fibras, vitaminas e minerais. J\u00e1 o cupua\u00e7u \u00e9 uma boa fonte de vitaminas (como a C e algumas do complexo B), minerais (como pot\u00e1ssio e c\u00e1lcio) e antioxidantes. \u00c9 conhecido por seu teor de gorduras saud\u00e1veis, especialmente \u00e1cidos graxos.<\/p>\n\n\n\n<div class=\"wp-block-image\"><figure class=\"aligncenter size-large is-resized\"><a href=\"https:\/\/www.ithbrasil.com.br\/\"><img loading=\"lazy\" decoding=\"async\" src=\"https:\/\/jornalfatosenoticias.com.br\/wp-content\/uploads\/2023\/08\/ITH.jpeg\" alt=\"\" class=\"wp-image-44638\" width=\"292\" height=\"237\" srcset=\"https:\/\/jornalfatosenoticias.com.br\/wp-content\/uploads\/2023\/08\/ITH.jpeg 800w, https:\/\/jornalfatosenoticias.com.br\/wp-content\/uploads\/2023\/08\/ITH-300x244.jpeg 300w, https:\/\/jornalfatosenoticias.com.br\/wp-content\/uploads\/2023\/08\/ITH-768x624.jpeg 768w\" sizes=\"auto, (max-width: 292px) 100vw, 292px\" \/><\/a><\/figure><\/div>\n\n\n\n<p>O governo do Par\u00e1 explica que, no caso do a\u00e7a\u00ed, para garantir a integridade, o produto \u00e9 entregue \u00e0s escolas pasteurizado, eliminando os riscos de contamina\u00e7\u00e3o. O a\u00e7a\u00ed \u00e9 congelado e transportado. Al\u00e9m do a\u00e7a\u00ed e cupua\u00e7u, o card\u00e1pio da merenda escolar paraense inclui polpas de frutas variadas, peixe, carne, frutas, achocolatado, leite, p\u00e3o, legumes, feij\u00e3o, arroz e macarr\u00e3o.<\/p>\n\n\n\n<div class=\"wp-block-image\"><figure class=\"aligncenter size-large is-resized\"><a href=\"https:\/\/www.instagram.com\/vmais.midias\/\"><img loading=\"lazy\" decoding=\"async\" src=\"https:\/\/jornalfatosenoticias.com.br\/wp-content\/uploads\/2020\/02\/DE-MAIS-DESTAQUE-VMAIS-800X700.png\" alt=\"\" class=\"wp-image-53112\" width=\"288\" height=\"251\" srcset=\"https:\/\/jornalfatosenoticias.com.br\/wp-content\/uploads\/2020\/02\/DE-MAIS-DESTAQUE-VMAIS-800X700.png 800w, https:\/\/jornalfatosenoticias.com.br\/wp-content\/uploads\/2020\/02\/DE-MAIS-DESTAQUE-VMAIS-800X700-300x263.png 300w, https:\/\/jornalfatosenoticias.com.br\/wp-content\/uploads\/2020\/02\/DE-MAIS-DESTAQUE-VMAIS-800X700-768x672.png 768w\" sizes=\"auto, (max-width: 288px) 100vw, 288px\" \/><\/a><\/figure><\/div>\n\n\n\n<p><strong><em>Fonte: <a href=\"https:\/\/ciclovivo.com.br\/vida-sustentavel\/alimentacao\/para-inclui-acai-e-cupuacu-na-merenda-escolar\/\">CicloVivo<\/a><\/em><\/strong><\/p>\n","protected":false},"excerpt":{"rendered":"<p>Iniciativa promove sa\u00fade e valoriza a identidade cultural com sabores da Amaz\u00f4nia Por Marcia Sousa\u00a0 A alimenta\u00e7\u00e3o escolar \u00e9 um componente essencial no processo de ensino-aprendizagem. Mas, para al\u00e9m de fornecer nutrientes, as refei\u00e7\u00f5es podem refletir a diversidade dos sabores brasileiros. Esse \u00e9 o caso da Secretaria de Estado de Educa\u00e7\u00e3o do Par\u00e1 que, neste [&hellip;]<\/p>\n","protected":false},"author":2,"featured_media":54763,"comment_status":"open","ping_status":"open","sticky":false,"template":"","format":"standard","meta":{"footnotes":""},"categories":[7],"tags":[4390,24955,1786,940],"class_list":["post-54761","post","type-post","status-publish","format-standard","has-post-thumbnail","hentry","category-educacao","tag-acai","tag-cupuacu","tag-merenda-escolar","tag-para"],"yoast_head":"<!-- This site is optimized with the Yoast SEO plugin v26.5 - https:\/\/yoast.com\/wordpress\/plugins\/seo\/ -->\n<title>Par\u00e1 inclui a\u00e7a\u00ed e cupua\u00e7u na merenda escolar - Jornal Fatos e Not\u00edcias<\/title>\n<meta name=\"robots\" content=\"index, follow, max-snippet:-1, max-image-preview:large, max-video-preview:-1\" \/>\n<link rel=\"canonical\" href=\"https:\/\/jornalfatosenoticias.com.br\/index.php\/2024\/10\/08\/para-inclui-acai-e-cupuacu-na-merenda-escolar\/\" \/>\n<meta property=\"og:locale\" content=\"pt_BR\" \/>\n<meta property=\"og:type\" content=\"article\" \/>\n<meta property=\"og:title\" content=\"Par\u00e1 inclui a\u00e7a\u00ed e cupua\u00e7u na merenda escolar - Jornal Fatos e Not\u00edcias\" \/>\n<meta property=\"og:description\" content=\"Iniciativa promove sa\u00fade e valoriza a identidade cultural com sabores da Amaz\u00f4nia Por Marcia Sousa\u00a0 A alimenta\u00e7\u00e3o escolar \u00e9 um componente essencial no processo de ensino-aprendizagem. Mas, para al\u00e9m de fornecer nutrientes, as refei\u00e7\u00f5es podem refletir a diversidade dos sabores brasileiros. Esse \u00e9 o caso da Secretaria de Estado de Educa\u00e7\u00e3o do Par\u00e1 que, neste [&hellip;]\" \/>\n<meta property=\"og:url\" content=\"https:\/\/jornalfatosenoticias.com.br\/index.php\/2024\/10\/08\/para-inclui-acai-e-cupuacu-na-merenda-escolar\/\" \/>\n<meta property=\"og:site_name\" content=\"Jornal Fatos e Not\u00edcias\" \/>\n<meta property=\"article:published_time\" content=\"2024-10-08T12:44:25+00:00\" \/>\n<meta property=\"article:modified_time\" content=\"2024-10-08T12:44:26+00:00\" \/>\n<meta property=\"og:image\" content=\"https:\/\/jornalfatosenoticias.com.br\/wp-content\/uploads\/2024\/10\/acai-cupuacu-merenda-PA.jpg\" \/>\n\t<meta property=\"og:image:width\" content=\"1000\" \/>\n\t<meta property=\"og:image:height\" content=\"666\" \/>\n\t<meta property=\"og:image:type\" content=\"image\/jpeg\" \/>\n<meta name=\"author\" content=\"Luzimara Fernandes\" \/>\n<meta name=\"twitter:card\" content=\"summary_large_image\" \/>\n<meta name=\"twitter:label1\" content=\"Escrito por\" \/>\n\t<meta name=\"twitter:data1\" content=\"Luzimara Fernandes\" \/>\n\t<meta name=\"twitter:label2\" content=\"Est. tempo de leitura\" \/>\n\t<meta name=\"twitter:data2\" content=\"2 minutos\" \/>\n<script type=\"application\/ld+json\" class=\"yoast-schema-graph\">{\"@context\":\"https:\/\/schema.org\",\"@graph\":[{\"@type\":\"Article\",\"@id\":\"https:\/\/jornalfatosenoticias.com.br\/index.php\/2024\/10\/08\/para-inclui-acai-e-cupuacu-na-merenda-escolar\/#article\",\"isPartOf\":{\"@id\":\"https:\/\/jornalfatosenoticias.com.br\/index.php\/2024\/10\/08\/para-inclui-acai-e-cupuacu-na-merenda-escolar\/\"},\"author\":{\"name\":\"Luzimara Fernandes\",\"@id\":\"https:\/\/jornalfatosenoticias.com.br\/#\/schema\/person\/d63837fa13ac8666eb9e74e0985d6f81\"},\"headline\":\"Par\u00e1 inclui a\u00e7a\u00ed e cupua\u00e7u na merenda escolar\",\"datePublished\":\"2024-10-08T12:44:25+00:00\",\"dateModified\":\"2024-10-08T12:44:26+00:00\",\"mainEntityOfPage\":{\"@id\":\"https:\/\/jornalfatosenoticias.com.br\/index.php\/2024\/10\/08\/para-inclui-acai-e-cupuacu-na-merenda-escolar\/\"},\"wordCount\":469,\"commentCount\":0,\"publisher\":{\"@id\":\"https:\/\/jornalfatosenoticias.com.br\/#organization\"},\"image\":{\"@id\":\"https:\/\/jornalfatosenoticias.com.br\/index.php\/2024\/10\/08\/para-inclui-acai-e-cupuacu-na-merenda-escolar\/#primaryimage\"},\"thumbnailUrl\":\"https:\/\/jornalfatosenoticias.com.br\/wp-content\/uploads\/2024\/10\/acai-cupuacu-merenda-PA.jpg\",\"keywords\":[\"a\u00e7a\u00ed\",\"cupua\u00e7u\",\"merenda escolar\",\"Par\u00e1\"],\"articleSection\":[\"Educa\u00e7\u00e3o\"],\"inLanguage\":\"pt-BR\",\"potentialAction\":[{\"@type\":\"CommentAction\",\"name\":\"Comment\",\"target\":[\"https:\/\/jornalfatosenoticias.com.br\/index.php\/2024\/10\/08\/para-inclui-acai-e-cupuacu-na-merenda-escolar\/#respond\"]}]},{\"@type\":\"WebPage\",\"@id\":\"https:\/\/jornalfatosenoticias.com.br\/index.php\/2024\/10\/08\/para-inclui-acai-e-cupuacu-na-merenda-escolar\/\",\"url\":\"https:\/\/jornalfatosenoticias.com.br\/index.php\/2024\/10\/08\/para-inclui-acai-e-cupuacu-na-merenda-escolar\/\",\"name\":\"Par\u00e1 inclui a\u00e7a\u00ed e cupua\u00e7u na merenda escolar - Jornal Fatos e Not\u00edcias\",\"isPartOf\":{\"@id\":\"https:\/\/jornalfatosenoticias.com.br\/#website\"},\"primaryImageOfPage\":{\"@id\":\"https:\/\/jornalfatosenoticias.com.br\/index.php\/2024\/10\/08\/para-inclui-acai-e-cupuacu-na-merenda-escolar\/#primaryimage\"},\"image\":{\"@id\":\"https:\/\/jornalfatosenoticias.com.br\/index.php\/2024\/10\/08\/para-inclui-acai-e-cupuacu-na-merenda-escolar\/#primaryimage\"},\"thumbnailUrl\":\"https:\/\/jornalfatosenoticias.com.br\/wp-content\/uploads\/2024\/10\/acai-cupuacu-merenda-PA.jpg\",\"datePublished\":\"2024-10-08T12:44:25+00:00\",\"dateModified\":\"2024-10-08T12:44:26+00:00\",\"breadcrumb\":{\"@id\":\"https:\/\/jornalfatosenoticias.com.br\/index.php\/2024\/10\/08\/para-inclui-acai-e-cupuacu-na-merenda-escolar\/#breadcrumb\"},\"inLanguage\":\"pt-BR\",\"potentialAction\":[{\"@type\":\"ReadAction\",\"target\":[\"https:\/\/jornalfatosenoticias.com.br\/index.php\/2024\/10\/08\/para-inclui-acai-e-cupuacu-na-merenda-escolar\/\"]}]},{\"@type\":\"ImageObject\",\"inLanguage\":\"pt-BR\",\"@id\":\"https:\/\/jornalfatosenoticias.com.br\/index.php\/2024\/10\/08\/para-inclui-acai-e-cupuacu-na-merenda-escolar\/#primaryimage\",\"url\":\"https:\/\/jornalfatosenoticias.com.br\/wp-content\/uploads\/2024\/10\/acai-cupuacu-merenda-PA.jpg\",\"contentUrl\":\"https:\/\/jornalfatosenoticias.com.br\/wp-content\/uploads\/2024\/10\/acai-cupuacu-merenda-PA.jpg\",\"width\":1000,\"height\":666},{\"@type\":\"BreadcrumbList\",\"@id\":\"https:\/\/jornalfatosenoticias.com.br\/index.php\/2024\/10\/08\/para-inclui-acai-e-cupuacu-na-merenda-escolar\/#breadcrumb\",\"itemListElement\":[{\"@type\":\"ListItem\",\"position\":1,\"name\":\"In\u00edcio\",\"item\":\"https:\/\/jornalfatosenoticias.com.br\/\"},{\"@type\":\"ListItem\",\"position\":2,\"name\":\"Par\u00e1 inclui a\u00e7a\u00ed e cupua\u00e7u na merenda escolar\"}]},{\"@type\":\"WebSite\",\"@id\":\"https:\/\/jornalfatosenoticias.com.br\/#website\",\"url\":\"https:\/\/jornalfatosenoticias.com.br\/\",\"name\":\"Jornal Fatos e Not\u00edcias\",\"description\":\"Not\u00edcias em geral\",\"publisher\":{\"@id\":\"https:\/\/jornalfatosenoticias.com.br\/#organization\"},\"potentialAction\":[{\"@type\":\"SearchAction\",\"target\":{\"@type\":\"EntryPoint\",\"urlTemplate\":\"https:\/\/jornalfatosenoticias.com.br\/?s={search_term_string}\"},\"query-input\":{\"@type\":\"PropertyValueSpecification\",\"valueRequired\":true,\"valueName\":\"search_term_string\"}}],\"inLanguage\":\"pt-BR\"},{\"@type\":\"Organization\",\"@id\":\"https:\/\/jornalfatosenoticias.com.br\/#organization\",\"name\":\"Jornal Fatos e Not\u00edcias\",\"url\":\"https:\/\/jornalfatosenoticias.com.br\/\",\"logo\":{\"@type\":\"ImageObject\",\"inLanguage\":\"pt-BR\",\"@id\":\"https:\/\/jornalfatosenoticias.com.br\/#\/schema\/logo\/image\/\",\"url\":\"https:\/\/jornalfatosenoticias.com.br\/wp-content\/uploads\/2020\/02\/logo120.png\",\"contentUrl\":\"https:\/\/jornalfatosenoticias.com.br\/wp-content\/uploads\/2020\/02\/logo120.png\",\"width\":1227,\"height\":120,\"caption\":\"Jornal Fatos e Not\u00edcias\"},\"image\":{\"@id\":\"https:\/\/jornalfatosenoticias.com.br\/#\/schema\/logo\/image\/\"}},{\"@type\":\"Person\",\"@id\":\"https:\/\/jornalfatosenoticias.com.br\/#\/schema\/person\/d63837fa13ac8666eb9e74e0985d6f81\",\"name\":\"Luzimara Fernandes\",\"image\":{\"@type\":\"ImageObject\",\"inLanguage\":\"pt-BR\",\"@id\":\"https:\/\/jornalfatosenoticias.com.br\/#\/schema\/person\/image\/\",\"url\":\"https:\/\/jornalfatosenoticias.com.br\/wp-content\/uploads\/2025\/05\/EU_portal.jpg\",\"contentUrl\":\"https:\/\/jornalfatosenoticias.com.br\/wp-content\/uploads\/2025\/05\/EU_portal.jpg\",\"caption\":\"Luzimara Fernandes\"},\"description\":\"Jornalista MTB 2358-ES\",\"sameAs\":[\"https:\/\/jornalfatosenoticias.com.br\"],\"url\":\"https:\/\/jornalfatosenoticias.com.br\/index.php\/author\/luzimara\/\"}]}<\/script>\n<!-- \/ Yoast SEO plugin. -->","yoast_head_json":{"title":"Par\u00e1 inclui a\u00e7a\u00ed e cupua\u00e7u na merenda escolar - Jornal Fatos e Not\u00edcias","robots":{"index":"index","follow":"follow","max-snippet":"max-snippet:-1","max-image-preview":"max-image-preview:large","max-video-preview":"max-video-preview:-1"},"canonical":"https:\/\/jornalfatosenoticias.com.br\/index.php\/2024\/10\/08\/para-inclui-acai-e-cupuacu-na-merenda-escolar\/","og_locale":"pt_BR","og_type":"article","og_title":"Par\u00e1 inclui a\u00e7a\u00ed e cupua\u00e7u na merenda escolar - Jornal Fatos e Not\u00edcias","og_description":"Iniciativa promove sa\u00fade e valoriza a identidade cultural com sabores da Amaz\u00f4nia Por Marcia Sousa\u00a0 A alimenta\u00e7\u00e3o escolar \u00e9 um componente essencial no processo de ensino-aprendizagem. Mas, para al\u00e9m de fornecer nutrientes, as refei\u00e7\u00f5es podem refletir a diversidade dos sabores brasileiros. Esse \u00e9 o caso da Secretaria de Estado de Educa\u00e7\u00e3o do Par\u00e1 que, neste [&hellip;]","og_url":"https:\/\/jornalfatosenoticias.com.br\/index.php\/2024\/10\/08\/para-inclui-acai-e-cupuacu-na-merenda-escolar\/","og_site_name":"Jornal Fatos e Not\u00edcias","article_published_time":"2024-10-08T12:44:25+00:00","article_modified_time":"2024-10-08T12:44:26+00:00","og_image":[{"width":1000,"height":666,"url":"https:\/\/jornalfatosenoticias.com.br\/wp-content\/uploads\/2024\/10\/acai-cupuacu-merenda-PA.jpg","type":"image\/jpeg"}],"author":"Luzimara Fernandes","twitter_card":"summary_large_image","twitter_misc":{"Escrito por":"Luzimara Fernandes","Est. tempo de leitura":"2 minutos"},"schema":{"@context":"https:\/\/schema.org","@graph":[{"@type":"Article","@id":"https:\/\/jornalfatosenoticias.com.br\/index.php\/2024\/10\/08\/para-inclui-acai-e-cupuacu-na-merenda-escolar\/#article","isPartOf":{"@id":"https:\/\/jornalfatosenoticias.com.br\/index.php\/2024\/10\/08\/para-inclui-acai-e-cupuacu-na-merenda-escolar\/"},"author":{"name":"Luzimara Fernandes","@id":"https:\/\/jornalfatosenoticias.com.br\/#\/schema\/person\/d63837fa13ac8666eb9e74e0985d6f81"},"headline":"Par\u00e1 inclui a\u00e7a\u00ed e cupua\u00e7u na merenda escolar","datePublished":"2024-10-08T12:44:25+00:00","dateModified":"2024-10-08T12:44:26+00:00","mainEntityOfPage":{"@id":"https:\/\/jornalfatosenoticias.com.br\/index.php\/2024\/10\/08\/para-inclui-acai-e-cupuacu-na-merenda-escolar\/"},"wordCount":469,"commentCount":0,"publisher":{"@id":"https:\/\/jornalfatosenoticias.com.br\/#organization"},"image":{"@id":"https:\/\/jornalfatosenoticias.com.br\/index.php\/2024\/10\/08\/para-inclui-acai-e-cupuacu-na-merenda-escolar\/#primaryimage"},"thumbnailUrl":"https:\/\/jornalfatosenoticias.com.br\/wp-content\/uploads\/2024\/10\/acai-cupuacu-merenda-PA.jpg","keywords":["a\u00e7a\u00ed","cupua\u00e7u","merenda escolar","Par\u00e1"],"articleSection":["Educa\u00e7\u00e3o"],"inLanguage":"pt-BR","potentialAction":[{"@type":"CommentAction","name":"Comment","target":["https:\/\/jornalfatosenoticias.com.br\/index.php\/2024\/10\/08\/para-inclui-acai-e-cupuacu-na-merenda-escolar\/#respond"]}]},{"@type":"WebPage","@id":"https:\/\/jornalfatosenoticias.com.br\/index.php\/2024\/10\/08\/para-inclui-acai-e-cupuacu-na-merenda-escolar\/","url":"https:\/\/jornalfatosenoticias.com.br\/index.php\/2024\/10\/08\/para-inclui-acai-e-cupuacu-na-merenda-escolar\/","name":"Par\u00e1 inclui a\u00e7a\u00ed e cupua\u00e7u na merenda escolar - Jornal Fatos e Not\u00edcias","isPartOf":{"@id":"https:\/\/jornalfatosenoticias.com.br\/#website"},"primaryImageOfPage":{"@id":"https:\/\/jornalfatosenoticias.com.br\/index.php\/2024\/10\/08\/para-inclui-acai-e-cupuacu-na-merenda-escolar\/#primaryimage"},"image":{"@id":"https:\/\/jornalfatosenoticias.com.br\/index.php\/2024\/10\/08\/para-inclui-acai-e-cupuacu-na-merenda-escolar\/#primaryimage"},"thumbnailUrl":"https:\/\/jornalfatosenoticias.com.br\/wp-content\/uploads\/2024\/10\/acai-cupuacu-merenda-PA.jpg","datePublished":"2024-10-08T12:44:25+00:00","dateModified":"2024-10-08T12:44:26+00:00","breadcrumb":{"@id":"https:\/\/jornalfatosenoticias.com.br\/index.php\/2024\/10\/08\/para-inclui-acai-e-cupuacu-na-merenda-escolar\/#breadcrumb"},"inLanguage":"pt-BR","potentialAction":[{"@type":"ReadAction","target":["https:\/\/jornalfatosenoticias.com.br\/index.php\/2024\/10\/08\/para-inclui-acai-e-cupuacu-na-merenda-escolar\/"]}]},{"@type":"ImageObject","inLanguage":"pt-BR","@id":"https:\/\/jornalfatosenoticias.com.br\/index.php\/2024\/10\/08\/para-inclui-acai-e-cupuacu-na-merenda-escolar\/#primaryimage","url":"https:\/\/jornalfatosenoticias.com.br\/wp-content\/uploads\/2024\/10\/acai-cupuacu-merenda-PA.jpg","contentUrl":"https:\/\/jornalfatosenoticias.com.br\/wp-content\/uploads\/2024\/10\/acai-cupuacu-merenda-PA.jpg","width":1000,"height":666},{"@type":"BreadcrumbList","@id":"https:\/\/jornalfatosenoticias.com.br\/index.php\/2024\/10\/08\/para-inclui-acai-e-cupuacu-na-merenda-escolar\/#breadcrumb","itemListElement":[{"@type":"ListItem","position":1,"name":"In\u00edcio","item":"https:\/\/jornalfatosenoticias.com.br\/"},{"@type":"ListItem","position":2,"name":"Par\u00e1 inclui a\u00e7a\u00ed e cupua\u00e7u na merenda escolar"}]},{"@type":"WebSite","@id":"https:\/\/jornalfatosenoticias.com.br\/#website","url":"https:\/\/jornalfatosenoticias.com.br\/","name":"Jornal Fatos e Not\u00edcias","description":"Not\u00edcias em geral","publisher":{"@id":"https:\/\/jornalfatosenoticias.com.br\/#organization"},"potentialAction":[{"@type":"SearchAction","target":{"@type":"EntryPoint","urlTemplate":"https:\/\/jornalfatosenoticias.com.br\/?s={search_term_string}"},"query-input":{"@type":"PropertyValueSpecification","valueRequired":true,"valueName":"search_term_string"}}],"inLanguage":"pt-BR"},{"@type":"Organization","@id":"https:\/\/jornalfatosenoticias.com.br\/#organization","name":"Jornal Fatos e Not\u00edcias","url":"https:\/\/jornalfatosenoticias.com.br\/","logo":{"@type":"ImageObject","inLanguage":"pt-BR","@id":"https:\/\/jornalfatosenoticias.com.br\/#\/schema\/logo\/image\/","url":"https:\/\/jornalfatosenoticias.com.br\/wp-content\/uploads\/2020\/02\/logo120.png","contentUrl":"https:\/\/jornalfatosenoticias.com.br\/wp-content\/uploads\/2020\/02\/logo120.png","width":1227,"height":120,"caption":"Jornal Fatos e Not\u00edcias"},"image":{"@id":"https:\/\/jornalfatosenoticias.com.br\/#\/schema\/logo\/image\/"}},{"@type":"Person","@id":"https:\/\/jornalfatosenoticias.com.br\/#\/schema\/person\/d63837fa13ac8666eb9e74e0985d6f81","name":"Luzimara Fernandes","image":{"@type":"ImageObject","inLanguage":"pt-BR","@id":"https:\/\/jornalfatosenoticias.com.br\/#\/schema\/person\/image\/","url":"https:\/\/jornalfatosenoticias.com.br\/wp-content\/uploads\/2025\/05\/EU_portal.jpg","contentUrl":"https:\/\/jornalfatosenoticias.com.br\/wp-content\/uploads\/2025\/05\/EU_portal.jpg","caption":"Luzimara Fernandes"},"description":"Jornalista MTB 2358-ES","sameAs":["https:\/\/jornalfatosenoticias.com.br"],"url":"https:\/\/jornalfatosenoticias.com.br\/index.php\/author\/luzimara\/"}]}},"cc_featured_image_caption":{"caption_text":"(Foto: Ascom Seduc\/Divulga\u00e7\u00e3o) ","source_text":"","source_url":""},"jetpack_featured_media_url":"https:\/\/jornalfatosenoticias.com.br\/wp-content\/uploads\/2024\/10\/acai-cupuacu-merenda-PA.jpg","_links":{"self":[{"href":"https:\/\/jornalfatosenoticias.com.br\/index.php\/wp-json\/wp\/v2\/posts\/54761","targetHints":{"allow":["GET"]}}],"collection":[{"href":"https:\/\/jornalfatosenoticias.com.br\/index.php\/wp-json\/wp\/v2\/posts"}],"about":[{"href":"https:\/\/jornalfatosenoticias.com.br\/index.php\/wp-json\/wp\/v2\/types\/post"}],"author":[{"embeddable":true,"href":"https:\/\/jornalfatosenoticias.com.br\/index.php\/wp-json\/wp\/v2\/users\/2"}],"replies":[{"embeddable":true,"href":"https:\/\/jornalfatosenoticias.com.br\/index.php\/wp-json\/wp\/v2\/comments?post=54761"}],"version-history":[{"count":0,"href":"https:\/\/jornalfatosenoticias.com.br\/index.php\/wp-json\/wp\/v2\/posts\/54761\/revisions"}],"wp:featuredmedia":[{"embeddable":true,"href":"https:\/\/jornalfatosenoticias.com.br\/index.php\/wp-json\/wp\/v2\/media\/54763"}],"wp:attachment":[{"href":"https:\/\/jornalfatosenoticias.com.br\/index.php\/wp-json\/wp\/v2\/media?parent=54761"}],"wp:term":[{"taxonomy":"category","embeddable":true,"href":"https:\/\/jornalfatosenoticias.com.br\/index.php\/wp-json\/wp\/v2\/categories?post=54761"},{"taxonomy":"post_tag","embeddable":true,"href":"https:\/\/jornalfatosenoticias.com.br\/index.php\/wp-json\/wp\/v2\/tags?post=54761"}],"curies":[{"name":"wp","href":"https:\/\/api.w.org\/{rel}","templated":true}]}}